{"id":10192,"date":"2019-11-18T18:30:07","date_gmt":"2019-11-18T20:30:07","guid":{"rendered":"https:\/\/11ponto11servidor.com.br\/blogsrsiape\/?p=10192"},"modified":"2020-01-29T20:07:16","modified_gmt":"2020-01-29T22:07:16","slug":"pec-da-reforma-e-adiada-novamente-e-recebe-criticas","status":"publish","type":"post","link":"https:\/\/11ponto11servidor.com.br\/blogsrsiape\/pec-da-reforma-e-adiada-novamente-e-recebe-criticas\/","title":{"rendered":"PEC da reforma \u00e9 adiada novamente e recebe cr\u00edticas."},"content":{"rendered":"<section class=\"l-section wpb_row height_auto\"><div class=\"l-section-h i-cf\"><div class=\"g-cols vc_row type_default valign_top\"><div class=\"vc_col-sm-12 wpb_column vc_column_container\"><div class=\"vc_column-inner\"><div class=\"wpb_wrapper\"><h4 class=\"w-text us_custom_fc4f69a9 italico has_text_color align_left\"><span class=\"w-text-h\"><span class=\"w-text-value\">PEC da reforma administrativa \u00e9 novamente adiada segundo Presidente.<\/span><\/span><\/h4><div class=\"w-image vc_hidden-sm vc_hidden-xs largura_850px align_none\"><a title=\"PEC da reforma \u00e9 adiada novamente e recebe cr\u00edticas.\" target=\"_blank\" href=\"https:\/\/seucreditonoclick.com.br\/\" rel=\"noopener\" aria-label=\"Link\" class=\"w-image-h\"><img loading=\"lazy\" decoding=\"async\" width=\"900\" height=\"100\" src=\"https:\/\/11ponto11servidor.com.br\/blogsrsiape\/wp-content\/uploads\/sites\/2\/2019\/11\/bannercartao.png\" class=\"attachment-full size-full\" alt=\"STF analisa forma para reajuste anual de servidores\" srcset=\"https:\/\/11ponto11servidor.com.br\/blogsrsiape\/wp-content\/uploads\/sites\/2\/2019\/11\/bannercartao.png 900w, https:\/\/11ponto11servidor.com.br\/blogsrsiape\/wp-content\/uploads\/sites\/2\/2019\/11\/bannercartao-300x33.png 300w\" sizes=\"(max-width: 900px) 100vw, 900px\" \/><\/a><\/div>[vc_raw_html]JTNDc3R5bGUlM0Uudy1pbWFnZS5tZXRhX21vZGVybiUyMC53LWltYWdlLW1ldGElMjAlN0Jjb2xvciUzQSUyM2NjYyUzQnRleHQtdHJhbnNmb3JtJTNBJTIwdXBwZXJjYXNlJTNCbGV0dGVyLXNwYWNpbmclM0ElMjAxcHglM0Jmb250LXNpemUlM0ElMjAxMHB4JTNCdG9wJTNBJTIwLTE4cHglM0JiYWNrZ3JvdW5kJTNBJTIwdHJhbnNwYXJlbnQlMjFpbXBvcnRhbnQlM0JwYWRkaW5nJTNBJTIwMCUyMWltcG9ydGFudCUzQmxlZnQlM0ElMjBpbmhlcml0JTIxaW1wb3J0YW50JTNCJTdEJTNDJTJGc3R5bGUlM0U=[\/vc_raw_html]<div class=\"w-image vc_hidden-md vc_hidden-lg align_none\"><a title=\"PEC da reforma \u00e9 adiada novamente e recebe cr\u00edticas.\" target=\"_blank\" href=\"https:\/\/seucreditonoclick.com.br\/\" rel=\"noopener\" aria-label=\"Link\" class=\"w-image-h\"><img loading=\"lazy\" decoding=\"async\" width=\"521\" height=\"535\" src=\"https:\/\/11ponto11servidor.com.br\/blogsrsiape\/wp-content\/uploads\/sites\/2\/2019\/11\/bannercartao3.png\" class=\"attachment-full size-full\" alt=\"STF analisa forma para reajuste anual de servidores\" srcset=\"https:\/\/11ponto11servidor.com.br\/blogsrsiape\/wp-content\/uploads\/sites\/2\/2019\/11\/bannercartao3.png 521w, https:\/\/11ponto11servidor.com.br\/blogsrsiape\/wp-content\/uploads\/sites\/2\/2019\/11\/bannercartao3-292x300.png 292w\" sizes=\"(max-width: 521px) 100vw, 521px\" \/><\/a><\/div><div class=\"w-message us_custom_da65c38a color_custom with_close\"><div class=\"w-message-body\"><h6>RESUMO DA NOT\u00cdCIA<\/h6>\n<ul>\n<li>Presidente anuncia mais um atraso na entrega da reforma administrativa<\/li>\n<li>Frente parlamentar comemora atraso em busca de barrar PEC<\/li>\n<li>Mudan\u00e7as s\u00e3o comparadas com governo FHC<\/li>\n<\/ul>\n<\/div><a class=\"w-message-close\" href=\"javascript:void(0)\" aria-label=\"Fechar\"><\/a><\/div><\/div><\/div><\/div><\/div><\/div><\/section><section class=\"l-section wpb_row height_auto\"><div class=\"l-section-h i-cf\"><div class=\"g-cols vc_row type_default valign_top\"><div class=\"vc_col-sm-12 wpb_column vc_column_container\"><div class=\"vc_column-inner\"><div class=\"wpb_wrapper\"><div class=\"wpb_text_column\" ><div class=\"wpb_wrapper\"><p>A Espera sobre o andamento da PEC da reforma administrativa no congresso \u00e9 grande. No entanto, a promessa de ser entregue no final de Outubro j\u00e1 est\u00e1 com mais de 15 dias de atraso.<\/p>\n<p>O presidente que teria confirmado a entrega na semana passada, apontou agora mais um atraso para que a proposta seja enviada.<\/p>\n<p>O mesmo revelou atrav\u00e9s de seu pronunciamento dizendo: \u201cVai aparecer, n\u00e3o sei quando. Mas vai demorar um pouquinho mais ainda\u201d.\u00a0 Sua fala fica controversa ao afirmado na segunda passada (11\/11).<\/p>\n<h3><strong>O que os parlamentares acham disto?<\/strong><\/h3>\n<p>O pronunciamento do presidente acabou animando alguns parlamentares e sindicalistas. Estes por sua vez est\u00e3o tentando barrar a PEC antes mesmo que chegue ao congresso atrav\u00e9s de uma frente parlamentar.<\/p>\n<\/div><\/div><\/div><\/div><\/div><\/div><\/div><\/section><section class=\"l-section wpb_row us_custom_da65c38a height_auto with_overlay\" id=\"leia_mais\"><div class=\"l-section-overlay\" style=\"background: #f5f5f5\"><\/div><div class=\"l-section-h i-cf\"><div class=\"g-cols vc_row type_default valign_middle\"><div class=\"vc_col-sm-12 wpb_column vc_column_container\"><div class=\"vc_column-inner\"><div class=\"wpb_wrapper\"><div class=\"g-cols wpb_row  type_default valign_middle vc_inner\"><div class=\"vc_col-sm-12 wpb_column vc_column_container\"><div class=\"vc_column-inner\"><div class=\"wpb_wrapper\"><div class=\"aio-icon-component  vc_custom_1572282620453   style_1\"><div id=\"Info-box-wrap-8523\" class=\"aio-icon-box default-icon\" style=\"\"  ><div class=\"aio-icon-default\"><div class=\"ult-just-icon-wrapper  \"><div class=\"align-icon\" style=\"text-align:center;\">\n<div class=\"aio-icon none \"  style=\"color:#888888;font-size:26px;display:inline-block;\">\n\t<i class=\"Defaults-sign-out\"><\/i>\n<\/div><\/div><\/div><\/div><div class=\"aio-icon-header\" ><h4 class=\"aio-icon-title ult-responsive\"  data-ultimate-target='#Info-box-wrap-8523 .aio-icon-title'  data-responsive-json-new='{\"font-size\":\"\",\"line-height\":\"\"}'  style=\"\">Leia tamb\u00e9m...<\/h4><\/div> <!-- header --><\/div> <!-- aio-icon-box --><\/div> <!-- aio-icon-component --><div class=\"w-grid type_grid layout_10018 ratio_16x9\" id=\"us_grid_1\"><style id=\"us_grid_1_css\">#us_grid_1 .w-grid-item:not(:last-child){margin-bottom:1.5rem}#us_grid_1 .g-loadmore{margin-top:1.5rem}#us_grid_1 .w-grid-item-h:before{padding-bottom:56.2500%}<\/style><style>.layout_10018 .w-grid-item-h:before{padding-bottom:56.2500%}@media (min-width:600px){.layout_10018 .w-grid-item.size_1x2 .w-grid-item-h:before{padding-bottom:calc(112.5% + 1.5rem + 1.5rem)}.layout_10018 .w-grid-item.size_2x1 .w-grid-item-h:before{padding-bottom:calc(28.125% - 1.5rem * 0.5625)}.layout_10018 .w-grid-item.size_2x2 .w-grid-item-h:before{padding-bottom:calc(56.25% - 1.5rem * -0.875)}}.layout_10018 .w-grid-item-h{}@media(max-width:99px){.layout_10018 .usg_post_title_1{display:none!important}}.layout_10018 .usg_hwrapper_1{width:100%!important;margin-top:0px!important;margin-bottom:0px!important;padding-top:0px!important;padding-bottom:0px!important;position:static!important}.layout_10018 .usg_post_image_1{margin-right:2%!important;border-radius:5px!important;border-left-width:1px!important;border-bottom-width:1px!important;border-right-width:1px!important;border-color:#e4e4e4!important;border-right-style:solid!important;border-bottom-style:solid!important;border-left-style:solid!important}.layout_10018 .usg_post_title_1{margin-bottom:0.3rem!important;font-family:'Roboto',sans-serif!important;font-size:1rem!important}<\/style><div class=\"w-grid-list\" ><article class=\"w-grid-item size_1x1 post-10175 post type-post status-publish format-standard has-post-thumbnail hentry category-geral\" data-id=\"10175\">\n\t<div class=\"w-grid-item-h\">\n\t\t\t\t<div class=\"w-hwrapper usg_hwrapper_1 align_left valign_middle altura_100px\"><div class=\"w-post-elm post_image usg_post_image_1 vc_hidden-xs\"><a href=\"https:\/\/11ponto11servidor.com.br\/blogsrsiape\/novidades-no-governo-servidores-podem-ser-promovidos\/\" aria-label=\"Novidades no governo: Servidores podem ser promovidos.\"><img loading=\"lazy\" decoding=\"async\" width=\"754\" height=\"268\" src=\"https:\/\/11ponto11servidor.com.br\/blogsrsiape\/wp-content\/uploads\/sites\/2\/2019\/11\/destaque-emergencial.jpg\" class=\"attachment-full size-full wp-post-image\" alt=\"Novidades no governo: Servidores podem ser promovidos.\" srcset=\"https:\/\/11ponto11servidor.com.br\/blogsrsiape\/wp-content\/uploads\/sites\/2\/2019\/11\/destaque-emergencial.jpg 754w, https:\/\/11ponto11servidor.com.br\/blogsrsiape\/wp-content\/uploads\/sites\/2\/2019\/11\/destaque-emergencial-300x107.jpg 300w\" sizes=\"(max-width: 754px) 100vw, 754px\" \/><\/a><\/div><h2 class=\"w-post-elm post_title usg_post_title_1 align_left entry-title color_link_inherit\"><a href=\"https:\/\/11ponto11servidor.com.br\/blogsrsiape\/novidades-no-governo-servidores-podem-ser-promovidos\/\">Novidades no governo: Servidores podem ser promovidos.<\/a><\/h2><\/div>\t<\/div>\n<\/article>\n<\/div><div class=\"w-grid-preloader\"><div class=\"g-preloader type_3\">\n\t<div><\/div>\n<\/div>\n<\/div>\t<div class=\"w-grid-json hidden\" onclick='return {&quot;action&quot;:&quot;us_ajax_grid&quot;,&quot;ajax_url&quot;:&quot;https:\\\/\\\/11ponto11servidor.com.br\\\/blogsrsiape\\\/wp-admin\\\/admin-ajax.php&quot;,&quot;infinite_scroll&quot;:0,&quot;max_num_pages&quot;:1,&quot;pagination&quot;:&quot;none&quot;,&quot;permalink_url&quot;:&quot;https:\\\/\\\/11ponto11servidor.com.br\\\/blogsrsiape\\\/wp-json\\\/wp\\\/v2\\\/posts\\\/10192&quot;,&quot;template_vars&quot;:{&quot;columns&quot;:&quot;1&quot;,&quot;exclude_items&quot;:&quot;none&quot;,&quot;img_size&quot;:&quot;full&quot;,&quot;ignore_items_size&quot;:false,&quot;items_layout&quot;:&quot;10018&quot;,&quot;items_offset&quot;:&quot;1&quot;,&quot;load_animation&quot;:&quot;none&quot;,&quot;overriding_link&quot;:&quot;none&quot;,&quot;post_id&quot;:10192,&quot;query_args&quot;:{&quot;ignore_sticky_posts&quot;:1,&quot;post_type&quot;:&quot;any&quot;,&quot;post__in&quot;:[&quot;10175&quot;],&quot;posts_per_page&quot;:&quot;1&quot;},&quot;orderby_query_args&quot;:{&quot;orderby&quot;:{&quot;post__in&quot;:&quot;ASC&quot;}},&quot;type&quot;:&quot;grid&quot;,&quot;us_grid_ajax_index&quot;:1,&quot;us_grid_filter_params&quot;:null,&quot;us_grid_index&quot;:1,&quot;_us_grid_post_type&quot;:&quot;ids&quot;}}'><\/div>\n\t<\/div>[vc_raw_html]JTNDc3R5bGUlM0UuZGVmYXVsdC1pY29uJTIwLmFpby1pY29uLWRlZmF1bHQlMjAuYWlvLWljb24lMjAlN0JtYXJnaW4tdG9wJTNBMTBweCU3RC53LWdyaWQlNUJjbGFzcyUyQSUzRCUyMnJhdGlvXyUyMiU1RCUyMC53LWdyaWQtaXRlbS1oJTNBJTNBYmVmb3JlJTIwJTdCY29udGVudCUzQSUyMGluaGVyaXQlMjAlMjFpbXBvcnRhbnQlM0IlN0QlM0MlMkZzdHlsZSUzRQ==[\/vc_raw_html]<\/div><\/div><\/div><\/div><\/div><\/div><\/div><\/div><\/div><\/section><section class=\"l-section wpb_row height_auto\"><div class=\"l-section-h i-cf\"><div class=\"g-cols vc_row type_default valign_top\"><div class=\"vc_col-sm-12 wpb_column vc_column_container\"><div class=\"vc_column-inner\"><div class=\"wpb_wrapper\"><div class=\"wpb_text_column us_custom_da65c38a\" ><div class=\"wpb_wrapper\"><p>Segundo o deputado Israel Batista, com o pronunciamento do presidente e os constantes atrasos da PEC, o governo n\u00e3o se mostra confiante sobre o assunto. Outro ponto \u00e9 que isto gera d\u00favidas e repercuss\u00f5es negativas.<\/p>\n<p>Batista afirmou que na semana passada foi surpreendido ao ser procurado por alguns parlamentares. O que ocasionou a surpresa \u00e9 o fato de serem de partidos como PSDB e Solidariedade, que normalmente s\u00e3o defensores de reformas.<\/p>\n<p>Israel diz estar disposto a \u201cbuscar as melhores alternativas para um servi\u00e7o p\u00fablico melhor, mas por uma linha diferente de base do que temos no momento\u201d.<\/p>\n<h3><strong>O que a PEC n\u00e3o deve conter segundo parlamentares?<\/strong><\/h3>\n<p>A frente que foi montada a fim de defender os direitos dos servidores federais SIAPE, vem dialogando com lideran\u00e7as de v\u00e1rios partidos para mostrarem sue ponto de vista. Sendo estes: redu\u00e7\u00e3o de jornada e sal\u00e1rio, estabilidade, dentre outros.<\/p>\n<p>O intuito da frente \u00e9 parar a PEC, mas caso isso n\u00e3o aconte\u00e7a, as lideran\u00e7as pretendem convocar os t\u00e9cnicos do Minist\u00e9rio da economia para audi\u00eancias e reuni\u00f5es juntamente com lideres do governo.<\/p>\n<\/div><\/div><\/div><\/div><\/div><\/div><\/div><\/section><section class=\"l-section wpb_row height_auto\"><div class=\"l-section-h i-cf\"><div class=\"g-cols vc_row type_default valign_top\"><div class=\"vc_col-sm-12 wpb_column vc_column_container\"><div class=\"vc_column-inner\"><div class=\"wpb_wrapper\"><div class=\"w-image vc_hidden-sm vc_hidden-xs largura_850px align_none\"><a title=\"PEC da reforma \u00e9 adiada novamente e recebe cr\u00edticas.\" target=\"_blank\" href=\"https:\/\/seucreditonoclick.com.br\/\" rel=\"noopener\" aria-label=\"Link\" class=\"w-image-h\"><img loading=\"lazy\" decoding=\"async\" width=\"900\" height=\"100\" src=\"https:\/\/11ponto11servidor.com.br\/blogsrsiape\/wp-content\/uploads\/sites\/2\/2019\/11\/bannercartao2.png\" class=\"attachment-full size-full\" alt=\"STF analisa forma para reajuste anual de servidores\" srcset=\"https:\/\/11ponto11servidor.com.br\/blogsrsiape\/wp-content\/uploads\/sites\/2\/2019\/11\/bannercartao2.png 900w, https:\/\/11ponto11servidor.com.br\/blogsrsiape\/wp-content\/uploads\/sites\/2\/2019\/11\/bannercartao2-300x33.png 300w\" sizes=\"(max-width: 900px) 100vw, 900px\" \/><\/a><\/div>[vc_raw_html]JTNDc3R5bGUlM0Uudy1pbWFnZS5tZXRhX21vZGVybiUyMC53LWltYWdlLW1ldGElMjAlN0Jjb2xvciUzQSUyM2NjYyUzQnRleHQtdHJhbnNmb3JtJTNBJTIwdXBwZXJjYXNlJTNCbGV0dGVyLXNwYWNpbmclM0ElMjAxcHglM0Jmb250LXNpemUlM0ElMjAxMHB4JTNCdG9wJTNBJTIwLTE4cHglM0JiYWNrZ3JvdW5kJTNBJTIwdHJhbnNwYXJlbnQlMjFpbXBvcnRhbnQlM0JwYWRkaW5nJTNBJTIwMCUyMWltcG9ydGFudCUzQmxlZnQlM0ElMjBpbmhlcml0JTIxaW1wb3J0YW50JTNCJTdEJTNDJTJGc3R5bGUlM0U=[\/vc_raw_html]<div class=\"w-image vc_hidden-md vc_hidden-lg align_none\"><a target=\"_blank\" href=\"https:\/\/seucreditonoclick.com.br\/\" rel=\"noopener\" aria-label=\"Link\" class=\"w-image-h\"><img loading=\"lazy\" decoding=\"async\" width=\"523\" height=\"535\" src=\"https:\/\/11ponto11servidor.com.br\/blogsrsiape\/wp-content\/uploads\/sites\/2\/2019\/11\/bannercartao4.png\" class=\"attachment-full size-full\" alt=\"\" srcset=\"https:\/\/11ponto11servidor.com.br\/blogsrsiape\/wp-content\/uploads\/sites\/2\/2019\/11\/bannercartao4.png 523w, https:\/\/11ponto11servidor.com.br\/blogsrsiape\/wp-content\/uploads\/sites\/2\/2019\/11\/bannercartao4-293x300.png 293w\" sizes=\"(max-width: 523px) 100vw, 523px\" \/><\/a><\/div><\/div><\/div><\/div><\/div><\/div><\/section><section class=\"l-section wpb_row height_auto\"><div class=\"l-section-h i-cf\"><div class=\"g-cols vc_row type_default valign_top\"><div class=\"vc_col-sm-12 wpb_column vc_column_container\"><div class=\"vc_column-inner\"><div class=\"wpb_wrapper\"><div class=\"wpb_text_column us_custom_da65c38a\" ><div class=\"wpb_wrapper\"><p>Os assuntos para pauta al\u00e9m dos j\u00e1 apresentados, s\u00e3o: <a href=\"https:\/\/seucreditonoclick.com.br\/saques-emergenciais\/\">sal\u00e1rio<\/a> inicial menor e maior tempo para progress\u00e3o de carreira.\u00a0 Mas o ponto mais pol\u00eamico neste momento \u00e9 a proibi\u00e7\u00e3o da filia\u00e7\u00e3o de servidores federais a partidos.<\/p>\n<h3><strong>Protestos podem surgir com a PEC<\/strong><\/h3>\n<p>Existem rumores que manifesta\u00e7\u00f5es est\u00e3o sendo programadas em defesa dos direitos do funcionalismo federal. Os respons\u00e1veis por este movimento s\u00e3o duas frentes parlamentares.<\/p>\n<p>Segundo S\u00e9rgio Ronaldo, secret\u00e1rio geral do Condsef, estas medidas propostas pelo governo geram um desmonte do funcionalismo p\u00fablico em rela\u00e7\u00e3o ao servi\u00e7os prestados.<\/p>\n<h3><strong>Aten\u00e7\u00e3o com a PEC da reforma.<\/strong><\/h3>\n<p>Ronaldo ainda afirma que a popula\u00e7\u00e3o deve ficar atenta, j\u00e1 que a afirma\u00e7\u00e3o de que todos os servidores possuem muitos beneficio \u00e9 err\u00f4nea. Existem servidores, por exemplo, que est\u00e3o a mais de dois anos sem reajuste salarial.<\/p>\n<\/div><\/div><\/div><\/div><\/div><\/div><\/div><\/section><section class=\"l-section wpb_row us_custom_da65c38a height_auto with_overlay\" id=\"leia_mais\"><div class=\"l-section-overlay\" style=\"background: #f5f5f5\"><\/div><div class=\"l-section-h i-cf\"><div class=\"g-cols vc_row type_default valign_middle\"><div class=\"vc_col-sm-12 wpb_column vc_column_container\"><div class=\"vc_column-inner\"><div class=\"wpb_wrapper\"><div class=\"g-cols wpb_row  type_default valign_middle vc_inner\"><div class=\"vc_col-sm-12 wpb_column vc_column_container\"><div class=\"vc_column-inner\"><div class=\"wpb_wrapper\"><div class=\"aio-icon-component  vc_custom_1572282620453   style_1\"><div id=\"Info-box-wrap-2947\" class=\"aio-icon-box default-icon\" style=\"\"  ><div class=\"aio-icon-default\"><div class=\"ult-just-icon-wrapper  \"><div class=\"align-icon\" style=\"text-align:center;\">\n<div class=\"aio-icon none \"  style=\"color:#888888;font-size:26px;display:inline-block;\">\n\t<i class=\"Defaults-sign-out\"><\/i>\n<\/div><\/div><\/div><\/div><div class=\"aio-icon-header\" ><h4 class=\"aio-icon-title ult-responsive\"  data-ultimate-target='#Info-box-wrap-2947 .aio-icon-title'  data-responsive-json-new='{\"font-size\":\"\",\"line-height\":\"\"}'  style=\"\">Leia tamb\u00e9m...<\/h4><\/div> <!-- header --><\/div> <!-- aio-icon-box --><\/div> <!-- aio-icon-component --><div class=\"w-grid type_grid layout_10018 ratio_16x9\" id=\"us_grid_2\"><style id=\"us_grid_2_css\">#us_grid_2 .w-grid-item:not(:last-child){margin-bottom:1.5rem}#us_grid_2 .g-loadmore{margin-top:1.5rem}#us_grid_2 .w-grid-item-h:before{padding-bottom:56.2500%}<\/style><div class=\"w-grid-list\" ><article class=\"w-grid-item size_1x1 post-10158 post type-post status-publish format-standard has-post-thumbnail hentry category-geral\" data-id=\"10158\">\n\t<div class=\"w-grid-item-h\">\n\t\t\t\t<div class=\"w-hwrapper usg_hwrapper_1 align_left valign_middle altura_100px\"><div class=\"w-post-elm post_image usg_post_image_1 vc_hidden-xs\"><a href=\"https:\/\/11ponto11servidor.com.br\/blogsrsiape\/reforma-administrativa-deve-ir-ao-congresso-esta-semana\/\" aria-label=\"Reforma administrativa deve ir ao congresso esta semana\"><img loading=\"lazy\" decoding=\"async\" width=\"754\" height=\"268\" src=\"https:\/\/11ponto11servidor.com.br\/blogsrsiape\/wp-content\/uploads\/sites\/2\/2019\/11\/destaque-reforma.jpg\" class=\"attachment-full size-full wp-post-image\" alt=\"Reforma administrativa deve ir ao congresso esta semana\" srcset=\"https:\/\/11ponto11servidor.com.br\/blogsrsiape\/wp-content\/uploads\/sites\/2\/2019\/11\/destaque-reforma.jpg 754w, https:\/\/11ponto11servidor.com.br\/blogsrsiape\/wp-content\/uploads\/sites\/2\/2019\/11\/destaque-reforma-300x107.jpg 300w\" sizes=\"(max-width: 754px) 100vw, 754px\" \/><\/a><\/div><h2 class=\"w-post-elm post_title usg_post_title_1 align_left entry-title color_link_inherit\"><a href=\"https:\/\/11ponto11servidor.com.br\/blogsrsiape\/reforma-administrativa-deve-ir-ao-congresso-esta-semana\/\">Reforma administrativa deve ir ao congresso esta semana<\/a><\/h2><\/div>\t<\/div>\n<\/article>\n<\/div><div class=\"w-grid-preloader\"><div class=\"g-preloader type_3\">\n\t<div><\/div>\n<\/div>\n<\/div>\t<div class=\"w-grid-json hidden\" onclick='return {&quot;action&quot;:&quot;us_ajax_grid&quot;,&quot;ajax_url&quot;:&quot;https:\\\/\\\/11ponto11servidor.com.br\\\/blogsrsiape\\\/wp-admin\\\/admin-ajax.php&quot;,&quot;infinite_scroll&quot;:0,&quot;max_num_pages&quot;:1,&quot;pagination&quot;:&quot;none&quot;,&quot;permalink_url&quot;:&quot;https:\\\/\\\/11ponto11servidor.com.br\\\/blogsrsiape\\\/wp-json\\\/wp\\\/v2\\\/posts\\\/10192&quot;,&quot;template_vars&quot;:{&quot;columns&quot;:&quot;1&quot;,&quot;exclude_items&quot;:&quot;none&quot;,&quot;img_size&quot;:&quot;full&quot;,&quot;ignore_items_size&quot;:false,&quot;items_layout&quot;:&quot;10018&quot;,&quot;items_offset&quot;:&quot;1&quot;,&quot;load_animation&quot;:&quot;none&quot;,&quot;overriding_link&quot;:&quot;none&quot;,&quot;post_id&quot;:10175,&quot;query_args&quot;:{&quot;ignore_sticky_posts&quot;:1,&quot;post_type&quot;:&quot;any&quot;,&quot;post__in&quot;:[&quot;10158&quot;],&quot;posts_per_page&quot;:&quot;1&quot;},&quot;orderby_query_args&quot;:{&quot;orderby&quot;:{&quot;post__in&quot;:&quot;ASC&quot;}},&quot;type&quot;:&quot;grid&quot;,&quot;us_grid_ajax_index&quot;:1,&quot;us_grid_filter_params&quot;:null,&quot;us_grid_index&quot;:2,&quot;_us_grid_post_type&quot;:&quot;ids&quot;}}'><\/div>\n\t<\/div>[vc_raw_html]JTNDc3R5bGUlM0UuZGVmYXVsdC1pY29uJTIwLmFpby1pY29uLWRlZmF1bHQlMjAuYWlvLWljb24lMjAlN0JtYXJnaW4tdG9wJTNBMTBweCU3RC53LWdyaWQlNUJjbGFzcyUyQSUzRCUyMnJhdGlvXyUyMiU1RCUyMC53LWdyaWQtaXRlbS1oJTNBJTNBYmVmb3JlJTIwJTdCY29udGVudCUzQSUyMGluaGVyaXQlMjAlMjFpbXBvcnRhbnQlM0IlN0QlM0MlMkZzdHlsZSUzRQ==[\/vc_raw_html]<\/div><\/div><\/div><\/div><\/div><\/div><\/div><\/div><\/div><\/section><section class=\"l-section wpb_row height_auto\"><div class=\"l-section-h i-cf\"><div class=\"g-cols vc_row type_default valign_top\"><div class=\"vc_col-sm-12 wpb_column vc_column_container\"><div class=\"vc_column-inner\"><div class=\"wpb_wrapper\"><div class=\"wpb_text_column us_custom_da65c38a\" ><div class=\"wpb_wrapper\"><p>Outro exemplo, segundo Ronaldo \u00e9 que a estabilidade \u00e9 interpretada de maneira equivocada como um privil\u00e9gio imut\u00e1vel, mas n\u00e3o \u00e9. Dados apontam que desde 2003 mais de 7,5 mil servidores p\u00fablicos j\u00e1 foram exonerados de seus cargos.<\/p>\n<h3><strong>O que voc\u00ea pensa sobre isto?<\/strong><\/h3>\n<p>No entanto, em sua opini\u00e3o a estabilidade serve como forma de prote\u00e7\u00e3o ao servidor para executar suas fun\u00e7\u00f5es sem sofrer persegui\u00e7\u00e3o de algu\u00e9m ou de um novo governo ou n\u00e3o?<\/p>\n<p>Contudo quando voltamos ao assunto PEC que visa reduzir sal\u00e1rios e jornadas, Ronaldo afirma ser uma continuidade do arrocho j\u00e1 imposto a anos no funcionalismo.<\/p>\n<p>O termo arrocho salarial, j\u00e1 n\u00e3o \u00e9 mais uma novidade aos servidores, pois durante 8 anos do governo de Fernando Henrique Cardoso isso foi evidente. As perdas salariais chegaram at\u00e9 200% segunda dados da \u00e9poca, j\u00e1 considerando a infla\u00e7\u00e3o.<\/p>\n<\/div><\/div><\/div><\/div><\/div><\/div><\/div><\/section>\n","protected":false},"excerpt":{"rendered":"<p>PEC da reforma administrativa tem sua entrega ao congresso adiada novamente e recebe criticas sobre a situa\u00e7\u00e3o por parte de parlamentares. <\/p>\n","protected":false},"author":1,"featured_media":10196,"comment_status":"open","ping_status":"open","sticky":false,"template":"","format":"standard","meta":{"footnotes":""},"categories":[1],"tags":[],"class_list":["post-10192","post","type-post","status-publish","format-standard","has-post-thumbnail","hentry","category-geral"],"yoast_head":"<!-- This site is optimized with the Yoast SEO plugin v23.6 - https:\/\/yoast.com\/wordpress\/plugins\/seo\/ -->\n<title>PEC da reforma \u00e9 adiada novamente e recebe cr\u00edticas. - Blog do Sr. SIAPE<\/title>\n<meta name=\"description\" content=\"PEC da reforma administrativa tem sua entrega ao congresso adiada novamente e recebe criticas sobre a situa\u00e7\u00e3o por parte de parlamentares.\" \/>\n<meta name=\"robots\" content=\"index, follow, max-snippet:-1, max-image-preview:large, max-video-preview:-1\" \/>\n<link rel=\"canonical\" href=\"https:\/\/blogdosrsiape.net\/pec-da-reforma-e-adiada-novamente-e-recebe-criticas\/\" \/>\n<meta property=\"og:locale\" content=\"pt_BR\" \/>\n<meta property=\"og:type\" content=\"article\" \/>\n<meta property=\"og:title\" content=\"PEC da reforma \u00e9 adiada novamente e recebe cr\u00edticas. - Blog do Sr. SIAPE\" \/>\n<meta property=\"og:description\" content=\"PEC da reforma administrativa tem sua entrega ao congresso adiada novamente e recebe criticas sobre a situa\u00e7\u00e3o por parte de parlamentares.\" \/>\n<meta property=\"og:url\" content=\"https:\/\/blogdosrsiape.net\/pec-da-reforma-e-adiada-novamente-e-recebe-criticas\/\" \/>\n<meta property=\"og:site_name\" content=\"Blog do Sr. SIAPE\" \/>\n<meta property=\"article:publisher\" content=\"https:\/\/www.facebook.com\/blogsrsiape\/?locale=pt_BR\" \/>\n<meta property=\"article:published_time\" content=\"2019-11-18T20:30:07+00:00\" \/>\n<meta property=\"article:modified_time\" content=\"2020-01-29T22:07:16+00:00\" \/>\n<meta property=\"og:image\" content=\"https:\/\/11ponto11servidor.com.br\/blogsrsiape\/wp-content\/uploads\/sites\/2\/2019\/11\/destaque-adiamento.jpg\" \/>\n\t<meta property=\"og:image:width\" content=\"754\" \/>\n\t<meta property=\"og:image:height\" content=\"268\" \/>\n\t<meta property=\"og:image:type\" content=\"image\/jpeg\" \/>\n<meta name=\"author\" content=\"websitemix\" \/>\n<meta name=\"twitter:card\" content=\"summary_large_image\" \/>\n<meta name=\"twitter:label1\" content=\"Escrito por\" \/>\n\t<meta name=\"twitter:data1\" content=\"websitemix\" \/>\n\t<meta name=\"twitter:label2\" content=\"Est. tempo de leitura\" \/>\n\t<meta name=\"twitter:data2\" content=\"6 minutos\" \/>\n<script type=\"application\/ld+json\" class=\"yoast-schema-graph\">{\"@context\":\"https:\/\/schema.org\",\"@graph\":[{\"@type\":\"Article\",\"@id\":\"https:\/\/blogdosrsiape.net\/pec-da-reforma-e-adiada-novamente-e-recebe-criticas\/#article\",\"isPartOf\":{\"@id\":\"https:\/\/blogdosrsiape.net\/pec-da-reforma-e-adiada-novamente-e-recebe-criticas\/\"},\"author\":{\"name\":\"websitemix\",\"@id\":\"https:\/\/blogdosrsiape.com\/#\/schema\/person\/641e1af8b22c69725a1d604fb8959bcf\"},\"headline\":\"PEC da reforma \u00e9 adiada novamente e recebe cr\u00edticas.\",\"datePublished\":\"2019-11-18T20:30:07+00:00\",\"dateModified\":\"2020-01-29T22:07:16+00:00\",\"mainEntityOfPage\":{\"@id\":\"https:\/\/blogdosrsiape.net\/pec-da-reforma-e-adiada-novamente-e-recebe-criticas\/\"},\"wordCount\":1294,\"commentCount\":2,\"publisher\":{\"@id\":\"https:\/\/blogdosrsiape.com\/#organization\"},\"image\":{\"@id\":\"https:\/\/blogdosrsiape.net\/pec-da-reforma-e-adiada-novamente-e-recebe-criticas\/#primaryimage\"},\"thumbnailUrl\":\"https:\/\/11ponto11servidor.com.br\/blogsrsiape\/wp-content\/uploads\/sites\/2\/2019\/11\/destaque-adiamento.jpg\",\"articleSection\":[\"Geral\"],\"inLanguage\":\"pt-BR\",\"potentialAction\":[{\"@type\":\"CommentAction\",\"name\":\"Comment\",\"target\":[\"https:\/\/blogdosrsiape.net\/pec-da-reforma-e-adiada-novamente-e-recebe-criticas\/#respond\"]}]},{\"@type\":\"WebPage\",\"@id\":\"https:\/\/blogdosrsiape.net\/pec-da-reforma-e-adiada-novamente-e-recebe-criticas\/\",\"url\":\"https:\/\/blogdosrsiape.net\/pec-da-reforma-e-adiada-novamente-e-recebe-criticas\/\",\"name\":\"PEC da reforma \u00e9 adiada novamente e recebe cr\u00edticas. - Blog do Sr. SIAPE\",\"isPartOf\":{\"@id\":\"https:\/\/blogdosrsiape.com\/#website\"},\"primaryImageOfPage\":{\"@id\":\"https:\/\/blogdosrsiape.net\/pec-da-reforma-e-adiada-novamente-e-recebe-criticas\/#primaryimage\"},\"image\":{\"@id\":\"https:\/\/blogdosrsiape.net\/pec-da-reforma-e-adiada-novamente-e-recebe-criticas\/#primaryimage\"},\"thumbnailUrl\":\"https:\/\/11ponto11servidor.com.br\/blogsrsiape\/wp-content\/uploads\/sites\/2\/2019\/11\/destaque-adiamento.jpg\",\"datePublished\":\"2019-11-18T20:30:07+00:00\",\"dateModified\":\"2020-01-29T22:07:16+00:00\",\"description\":\"PEC da reforma administrativa tem sua entrega ao congresso adiada novamente e recebe criticas sobre a situa\u00e7\u00e3o por parte de parlamentares.\",\"breadcrumb\":{\"@id\":\"https:\/\/blogdosrsiape.net\/pec-da-reforma-e-adiada-novamente-e-recebe-criticas\/#breadcrumb\"},\"inLanguage\":\"pt-BR\",\"potentialAction\":[{\"@type\":\"ReadAction\",\"target\":[\"https:\/\/blogdosrsiape.net\/pec-da-reforma-e-adiada-novamente-e-recebe-criticas\/\"]}]},{\"@type\":\"ImageObject\",\"inLanguage\":\"pt-BR\",\"@id\":\"https:\/\/blogdosrsiape.net\/pec-da-reforma-e-adiada-novamente-e-recebe-criticas\/#primaryimage\",\"url\":\"https:\/\/11ponto11servidor.com.br\/blogsrsiape\/wp-content\/uploads\/sites\/2\/2019\/11\/destaque-adiamento.jpg\",\"contentUrl\":\"https:\/\/11ponto11servidor.com.br\/blogsrsiape\/wp-content\/uploads\/sites\/2\/2019\/11\/destaque-adiamento.jpg\",\"width\":754,\"height\":268,\"caption\":\"PEC da reforma \u00e9 adiada novamente e recebe cr\u00edticas.\"},{\"@type\":\"BreadcrumbList\",\"@id\":\"https:\/\/blogdosrsiape.net\/pec-da-reforma-e-adiada-novamente-e-recebe-criticas\/#breadcrumb\",\"itemListElement\":[{\"@type\":\"ListItem\",\"position\":1,\"name\":\"In\u00edcio\",\"item\":\"https:\/\/blogdosrsiape.com\/\"},{\"@type\":\"ListItem\",\"position\":2,\"name\":\"PEC da reforma \u00e9 adiada novamente e recebe cr\u00edticas.\"}]},{\"@type\":\"WebSite\",\"@id\":\"https:\/\/blogdosrsiape.com\/#website\",\"url\":\"https:\/\/blogdosrsiape.com\/\",\"name\":\"Blog do sr. SIAPE\",\"description\":\"SIAPE Servidor Federal\",\"publisher\":{\"@id\":\"https:\/\/blogdosrsiape.com\/#organization\"},\"potentialAction\":[{\"@type\":\"SearchAction\",\"target\":{\"@type\":\"EntryPoint\",\"urlTemplate\":\"https:\/\/blogdosrsiape.com\/?s={search_term_string}\"},\"query-input\":{\"@type\":\"PropertyValueSpecification\",\"valueRequired\":true,\"valueName\":\"search_term_string\"}}],\"inLanguage\":\"pt-BR\"},{\"@type\":\"Organization\",\"@id\":\"https:\/\/blogdosrsiape.com\/#organization\",\"name\":\"Blog do sr. SIAPE\",\"url\":\"https:\/\/blogdosrsiape.com\/\",\"logo\":{\"@type\":\"ImageObject\",\"inLanguage\":\"pt-BR\",\"@id\":\"https:\/\/blogdosrsiape.com\/#\/schema\/logo\/image\/\",\"url\":\"https:\/\/11ponto11servidor.com.br\/blogsrsiape\/wp-content\/uploads\/sites\/2\/2024\/10\/logo-1.png\",\"contentUrl\":\"https:\/\/11ponto11servidor.com.br\/blogsrsiape\/wp-content\/uploads\/sites\/2\/2024\/10\/logo-1.png\",\"width\":287,\"height\":116,\"caption\":\"Blog do sr. SIAPE\"},\"image\":{\"@id\":\"https:\/\/blogdosrsiape.com\/#\/schema\/logo\/image\/\"},\"sameAs\":[\"https:\/\/www.facebook.com\/blogsrsiape\/?locale=pt_BR\",\"https:\/\/www.instagram.com\/srsiape\/\"]},{\"@type\":\"Person\",\"@id\":\"https:\/\/blogdosrsiape.com\/#\/schema\/person\/641e1af8b22c69725a1d604fb8959bcf\",\"name\":\"websitemix\",\"sameAs\":[\"https:\/\/11ponto11servidor.com.br\"],\"url\":\"https:\/\/11ponto11servidor.com.br\/blogsrsiape\/author\/websitemix\/\"}]}<\/script>\n<!-- \/ Yoast SEO plugin. -->","yoast_head_json":{"title":"PEC da reforma \u00e9 adiada novamente e recebe cr\u00edticas. - Blog do Sr. SIAPE","description":"PEC da reforma administrativa tem sua entrega ao congresso adiada novamente e recebe criticas sobre a situa\u00e7\u00e3o por parte de parlamentares.","robots":{"index":"index","follow":"follow","max-snippet":"max-snippet:-1","max-image-preview":"max-image-preview:large","max-video-preview":"max-video-preview:-1"},"canonical":"https:\/\/blogdosrsiape.net\/pec-da-reforma-e-adiada-novamente-e-recebe-criticas\/","og_locale":"pt_BR","og_type":"article","og_title":"PEC da reforma \u00e9 adiada novamente e recebe cr\u00edticas. - Blog do Sr. SIAPE","og_description":"PEC da reforma administrativa tem sua entrega ao congresso adiada novamente e recebe criticas sobre a situa\u00e7\u00e3o por parte de parlamentares.","og_url":"https:\/\/blogdosrsiape.net\/pec-da-reforma-e-adiada-novamente-e-recebe-criticas\/","og_site_name":"Blog do Sr. SIAPE","article_publisher":"https:\/\/www.facebook.com\/blogsrsiape\/?locale=pt_BR","article_published_time":"2019-11-18T20:30:07+00:00","article_modified_time":"2020-01-29T22:07:16+00:00","og_image":[{"width":754,"height":268,"url":"https:\/\/11ponto11servidor.com.br\/blogsrsiape\/wp-content\/uploads\/sites\/2\/2019\/11\/destaque-adiamento.jpg","type":"image\/jpeg"}],"author":"websitemix","twitter_card":"summary_large_image","twitter_misc":{"Escrito por":"websitemix","Est. tempo de leitura":"6 minutos"},"schema":{"@context":"https:\/\/schema.org","@graph":[{"@type":"Article","@id":"https:\/\/blogdosrsiape.net\/pec-da-reforma-e-adiada-novamente-e-recebe-criticas\/#article","isPartOf":{"@id":"https:\/\/blogdosrsiape.net\/pec-da-reforma-e-adiada-novamente-e-recebe-criticas\/"},"author":{"name":"websitemix","@id":"https:\/\/blogdosrsiape.com\/#\/schema\/person\/641e1af8b22c69725a1d604fb8959bcf"},"headline":"PEC da reforma \u00e9 adiada novamente e recebe cr\u00edticas.","datePublished":"2019-11-18T20:30:07+00:00","dateModified":"2020-01-29T22:07:16+00:00","mainEntityOfPage":{"@id":"https:\/\/blogdosrsiape.net\/pec-da-reforma-e-adiada-novamente-e-recebe-criticas\/"},"wordCount":1294,"commentCount":2,"publisher":{"@id":"https:\/\/blogdosrsiape.com\/#organization"},"image":{"@id":"https:\/\/blogdosrsiape.net\/pec-da-reforma-e-adiada-novamente-e-recebe-criticas\/#primaryimage"},"thumbnailUrl":"https:\/\/11ponto11servidor.com.br\/blogsrsiape\/wp-content\/uploads\/sites\/2\/2019\/11\/destaque-adiamento.jpg","articleSection":["Geral"],"inLanguage":"pt-BR","potentialAction":[{"@type":"CommentAction","name":"Comment","target":["https:\/\/blogdosrsiape.net\/pec-da-reforma-e-adiada-novamente-e-recebe-criticas\/#respond"]}]},{"@type":"WebPage","@id":"https:\/\/blogdosrsiape.net\/pec-da-reforma-e-adiada-novamente-e-recebe-criticas\/","url":"https:\/\/blogdosrsiape.net\/pec-da-reforma-e-adiada-novamente-e-recebe-criticas\/","name":"PEC da reforma \u00e9 adiada novamente e recebe cr\u00edticas. - Blog do Sr. SIAPE","isPartOf":{"@id":"https:\/\/blogdosrsiape.com\/#website"},"primaryImageOfPage":{"@id":"https:\/\/blogdosrsiape.net\/pec-da-reforma-e-adiada-novamente-e-recebe-criticas\/#primaryimage"},"image":{"@id":"https:\/\/blogdosrsiape.net\/pec-da-reforma-e-adiada-novamente-e-recebe-criticas\/#primaryimage"},"thumbnailUrl":"https:\/\/11ponto11servidor.com.br\/blogsrsiape\/wp-content\/uploads\/sites\/2\/2019\/11\/destaque-adiamento.jpg","datePublished":"2019-11-18T20:30:07+00:00","dateModified":"2020-01-29T22:07:16+00:00","description":"PEC da reforma administrativa tem sua entrega ao congresso adiada novamente e recebe criticas sobre a situa\u00e7\u00e3o por parte de parlamentares.","breadcrumb":{"@id":"https:\/\/blogdosrsiape.net\/pec-da-reforma-e-adiada-novamente-e-recebe-criticas\/#breadcrumb"},"inLanguage":"pt-BR","potentialAction":[{"@type":"ReadAction","target":["https:\/\/blogdosrsiape.net\/pec-da-reforma-e-adiada-novamente-e-recebe-criticas\/"]}]},{"@type":"ImageObject","inLanguage":"pt-BR","@id":"https:\/\/blogdosrsiape.net\/pec-da-reforma-e-adiada-novamente-e-recebe-criticas\/#primaryimage","url":"https:\/\/11ponto11servidor.com.br\/blogsrsiape\/wp-content\/uploads\/sites\/2\/2019\/11\/destaque-adiamento.jpg","contentUrl":"https:\/\/11ponto11servidor.com.br\/blogsrsiape\/wp-content\/uploads\/sites\/2\/2019\/11\/destaque-adiamento.jpg","width":754,"height":268,"caption":"PEC da reforma \u00e9 adiada novamente e recebe cr\u00edticas."},{"@type":"BreadcrumbList","@id":"https:\/\/blogdosrsiape.net\/pec-da-reforma-e-adiada-novamente-e-recebe-criticas\/#breadcrumb","itemListElement":[{"@type":"ListItem","position":1,"name":"In\u00edcio","item":"https:\/\/blogdosrsiape.com\/"},{"@type":"ListItem","position":2,"name":"PEC da reforma \u00e9 adiada novamente e recebe cr\u00edticas."}]},{"@type":"WebSite","@id":"https:\/\/blogdosrsiape.com\/#website","url":"https:\/\/blogdosrsiape.com\/","name":"Blog do sr. SIAPE","description":"SIAPE Servidor Federal","publisher":{"@id":"https:\/\/blogdosrsiape.com\/#organization"},"potentialAction":[{"@type":"SearchAction","target":{"@type":"EntryPoint","urlTemplate":"https:\/\/blogdosrsiape.com\/?s={search_term_string}"},"query-input":{"@type":"PropertyValueSpecification","valueRequired":true,"valueName":"search_term_string"}}],"inLanguage":"pt-BR"},{"@type":"Organization","@id":"https:\/\/blogdosrsiape.com\/#organization","name":"Blog do sr. SIAPE","url":"https:\/\/blogdosrsiape.com\/","logo":{"@type":"ImageObject","inLanguage":"pt-BR","@id":"https:\/\/blogdosrsiape.com\/#\/schema\/logo\/image\/","url":"https:\/\/11ponto11servidor.com.br\/blogsrsiape\/wp-content\/uploads\/sites\/2\/2024\/10\/logo-1.png","contentUrl":"https:\/\/11ponto11servidor.com.br\/blogsrsiape\/wp-content\/uploads\/sites\/2\/2024\/10\/logo-1.png","width":287,"height":116,"caption":"Blog do sr. SIAPE"},"image":{"@id":"https:\/\/blogdosrsiape.com\/#\/schema\/logo\/image\/"},"sameAs":["https:\/\/www.facebook.com\/blogsrsiape\/?locale=pt_BR","https:\/\/www.instagram.com\/srsiape\/"]},{"@type":"Person","@id":"https:\/\/blogdosrsiape.com\/#\/schema\/person\/641e1af8b22c69725a1d604fb8959bcf","name":"websitemix","sameAs":["https:\/\/11ponto11servidor.com.br"],"url":"https:\/\/11ponto11servidor.com.br\/blogsrsiape\/author\/websitemix\/"}]}},"_links":{"self":[{"href":"https:\/\/11ponto11servidor.com.br\/blogsrsiape\/wp-json\/wp\/v2\/posts\/10192"}],"collection":[{"href":"https:\/\/11ponto11servidor.com.br\/blogsrsiape\/wp-json\/wp\/v2\/posts"}],"about":[{"href":"https:\/\/11ponto11servidor.com.br\/blogsrsiape\/wp-json\/wp\/v2\/types\/post"}],"author":[{"embeddable":true,"href":"https:\/\/11ponto11servidor.com.br\/blogsrsiape\/wp-json\/wp\/v2\/users\/1"}],"replies":[{"embeddable":true,"href":"https:\/\/11ponto11servidor.com.br\/blogsrsiape\/wp-json\/wp\/v2\/comments?post=10192"}],"version-history":[{"count":0,"href":"https:\/\/11ponto11servidor.com.br\/blogsrsiape\/wp-json\/wp\/v2\/posts\/10192\/revisions"}],"wp:featuredmedia":[{"embeddable":true,"href":"https:\/\/11ponto11servidor.com.br\/blogsrsiape\/wp-json\/wp\/v2\/media\/10196"}],"wp:attachment":[{"href":"https:\/\/11ponto11servidor.com.br\/blogsrsiape\/wp-json\/wp\/v2\/media?parent=10192"}],"wp:term":[{"taxonomy":"category","embeddable":true,"href":"https:\/\/11ponto11servidor.com.br\/blogsrsiape\/wp-json\/wp\/v2\/categories?post=10192"},{"taxonomy":"post_tag","embeddable":true,"href":"https:\/\/11ponto11servidor.com.br\/blogsrsiape\/wp-json\/wp\/v2\/tags?post=10192"}],"curies":[{"name":"wp","href":"https:\/\/api.w.org\/{rel}","templated":true}]}}