{"id":10207,"date":"2019-11-20T17:00:23","date_gmt":"2019-11-20T19:00:23","guid":{"rendered":"https:\/\/11ponto11servidor.com.br\/blogsrsiape\/?p=10207"},"modified":"2020-01-29T20:07:19","modified_gmt":"2020-01-29T22:07:19","slug":"esta-nas-maos-do-stf-a-decisao-dos-servidores-optarem-pelo-regime-de-previdencia","status":"publish","type":"post","link":"https:\/\/11ponto11servidor.com.br\/blogsrsiape\/esta-nas-maos-do-stf-a-decisao-dos-servidores-optarem-pelo-regime-de-previdencia\/","title":{"rendered":"Esta nas m\u00e3os do STF a decis\u00e3o dos servidores optarem pelo regime de previd\u00eancia."},"content":{"rendered":"<section class=\"l-section wpb_row height_auto\"><div class=\"l-section-h i-cf\"><div class=\"g-cols vc_row type_default valign_top\"><div class=\"vc_col-sm-12 wpb_column vc_column_container\"><div class=\"vc_column-inner\"><div class=\"wpb_wrapper\"><h4 class=\"w-text us_custom_fc4f69a9 italico has_text_color align_left\"><span class=\"w-text-h\"><span class=\"w-text-value\">Servidores podem ter a op\u00e7\u00e3o de escolher o sistema previdenci\u00e1rio.<\/span><\/span><\/h4><div class=\"w-image vc_hidden-sm vc_hidden-xs largura_850px align_none meta_modern\"><a target=\"_blank\" href=\"https:\/\/seucreditonoclick.com.br\/\" rel=\"noopener\" aria-label=\"STF analisa forma para reajuste anual de servidores\" class=\"w-image-h\"><img loading=\"lazy\" decoding=\"async\" width=\"900\" height=\"100\" src=\"https:\/\/11ponto11servidor.com.br\/blogsrsiape\/wp-content\/uploads\/sites\/2\/2019\/11\/bannercartao.png\" class=\"attachment-full size-full\" alt=\"STF analisa forma para reajuste anual de servidores\" srcset=\"https:\/\/11ponto11servidor.com.br\/blogsrsiape\/wp-content\/uploads\/sites\/2\/2019\/11\/bannercartao.png 900w, https:\/\/11ponto11servidor.com.br\/blogsrsiape\/wp-content\/uploads\/sites\/2\/2019\/11\/bannercartao-300x33.png 300w\" sizes=\"(max-width: 900px) 100vw, 900px\" \/><\/a><div class=\"w-image-meta\"><div class=\"w-image-title\">STF analisa forma para reajuste anual de servidores<\/div><\/div><\/div>[vc_raw_html]JTNDc3R5bGUlM0Uudy1pbWFnZS5tZXRhX21vZGVybiUyMC53LWltYWdlLW1ldGElMjAlN0Jjb2xvciUzQSUyM2NjYyUzQnRleHQtdHJhbnNmb3JtJTNBJTIwdXBwZXJjYXNlJTNCbGV0dGVyLXNwYWNpbmclM0ElMjAxcHglM0Jmb250LXNpemUlM0ElMjAxMHB4JTNCdG9wJTNBJTIwLTE4cHglM0JiYWNrZ3JvdW5kJTNBJTIwdHJhbnNwYXJlbnQlMjFpbXBvcnRhbnQlM0JwYWRkaW5nJTNBJTIwMCUyMWltcG9ydGFudCUzQmxlZnQlM0ElMjBpbmhlcml0JTIxaW1wb3J0YW50JTNCJTdEJTNDJTJGc3R5bGUlM0U=[\/vc_raw_html]<div class=\"w-image vc_hidden-md vc_hidden-lg align_none meta_modern\"><a target=\"_blank\" href=\"https:\/\/seucreditonoclick.com.br\/\" rel=\"noopener\" aria-label=\"STF analisa forma para reajuste anual de servidores\" class=\"w-image-h\"><img loading=\"lazy\" decoding=\"async\" width=\"521\" height=\"535\" src=\"https:\/\/11ponto11servidor.com.br\/blogsrsiape\/wp-content\/uploads\/sites\/2\/2019\/11\/bannercartao3.png\" class=\"attachment-full size-full\" alt=\"STF analisa forma para reajuste anual de servidores\" srcset=\"https:\/\/11ponto11servidor.com.br\/blogsrsiape\/wp-content\/uploads\/sites\/2\/2019\/11\/bannercartao3.png 521w, https:\/\/11ponto11servidor.com.br\/blogsrsiape\/wp-content\/uploads\/sites\/2\/2019\/11\/bannercartao3-292x300.png 292w\" sizes=\"(max-width: 521px) 100vw, 521px\" \/><\/a><div class=\"w-image-meta\"><div class=\"w-image-title\">STF analisa forma para reajuste anual de servidores<\/div><\/div><\/div><div class=\"w-message us_custom_da65c38a color_custom with_close\"><div class=\"w-message-body\"><h6>RESUMO DA NOT\u00cdCIA<\/h6>\n<ul>\n<li>Processo pode mudar poder de escolha dos servidores<\/li>\n<li>SFT tem em m\u00e3os mudan\u00e7as decisiva<\/li>\n<li>A\u00e7\u00e3o pode ajudar muitos servidores de todas as esferas<\/li>\n<\/ul>\n<\/div><a class=\"w-message-close\" href=\"javascript:void(0)\" aria-label=\"Fechar\"><\/a><\/div><\/div><\/div><\/div><\/div><\/div><\/section><section class=\"l-section wpb_row height_auto\"><div class=\"l-section-h i-cf\"><div class=\"g-cols vc_row type_default valign_top\"><div class=\"vc_col-sm-12 wpb_column vc_column_container\"><div class=\"vc_column-inner\"><div class=\"wpb_wrapper\"><div class=\"wpb_text_column\" ><div class=\"wpb_wrapper\"><p>Neste momento est\u00e1 nas m\u00e3os do STF a decis\u00e3o de autorizar os servidores a se vincular ao regime pr\u00f3prio da previd\u00eancia.\u00a0 Neste caso sendo anteriores ao regime complementar.<\/p>\n<p>A decis\u00e3o consiste em: Servidores que ingressaram como servidores ap\u00f3s a cria\u00e7\u00e3o e implementa\u00e7\u00e3o do regime complementar previdenci\u00e1rio. No entanto, estes ocupavam cargo p\u00fablico, mas em outro ente federado.<\/p>\n<p>O assunto obteve repercuss\u00e3o ap\u00f3s uma delibera\u00e7\u00e3o atrav\u00e9s do plen\u00e1rio virtual do RE (1050597). Ainda n\u00e3o existe uma data definida, mas a decis\u00e3o final do STF tamb\u00e9m ter\u00e1 de ser aplicada aos servidores nos estados e munic\u00edpios.<\/p>\n<p>A justi\u00e7a federal do RS acabou por negar a solicita\u00e7\u00e3o de um servidor pelo direito de valer-se do sistema de previd\u00eancia anterior ao novo regime complementar.<\/p>\n<\/div><\/div><\/div><\/div><\/div><\/div><\/div><\/section><section class=\"l-section wpb_row us_custom_da65c38a height_auto with_overlay\" id=\"leia_mais\"><div class=\"l-section-overlay\" style=\"background: #f5f5f5\"><\/div><div class=\"l-section-h i-cf\"><div class=\"g-cols vc_row type_default valign_middle\"><div class=\"vc_col-sm-12 wpb_column vc_column_container\"><div class=\"vc_column-inner\"><div class=\"wpb_wrapper\"><div class=\"g-cols wpb_row  type_default valign_middle vc_inner\"><div class=\"vc_col-sm-12 wpb_column vc_column_container\"><div class=\"vc_column-inner\"><div class=\"wpb_wrapper\"><div class=\"aio-icon-component  vc_custom_1572282620453   style_1\"><div id=\"Info-box-wrap-1050\" class=\"aio-icon-box default-icon\" style=\"\"  ><div class=\"aio-icon-default\"><div class=\"ult-just-icon-wrapper  \"><div class=\"align-icon\" style=\"text-align:center;\">\n<div class=\"aio-icon none \"  style=\"color:#888888;font-size:26px;display:inline-block;\">\n\t<i class=\"Defaults-sign-out\"><\/i>\n<\/div><\/div><\/div><\/div><div class=\"aio-icon-header\" ><h4 class=\"aio-icon-title ult-responsive\"  data-ultimate-target='#Info-box-wrap-1050 .aio-icon-title'  data-responsive-json-new='{\"font-size\":\"\",\"line-height\":\"\"}'  style=\"\">Leia tamb\u00e9m...<\/h4><\/div> <!-- header --><\/div> <!-- aio-icon-box --><\/div> <!-- aio-icon-component --><div class=\"w-grid type_grid layout_10018 ratio_16x9\" id=\"us_grid_1\"><style id=\"us_grid_1_css\">#us_grid_1 .w-grid-item:not(:last-child){margin-bottom:1.5rem}#us_grid_1 .g-loadmore{margin-top:1.5rem}#us_grid_1 .w-grid-item-h:before{padding-bottom:56.2500%}<\/style><style>.layout_10018 .w-grid-item-h:before{padding-bottom:56.2500%}@media (min-width:600px){.layout_10018 .w-grid-item.size_1x2 .w-grid-item-h:before{padding-bottom:calc(112.5% + 1.5rem + 1.5rem)}.layout_10018 .w-grid-item.size_2x1 .w-grid-item-h:before{padding-bottom:calc(28.125% - 1.5rem * 0.5625)}.layout_10018 .w-grid-item.size_2x2 .w-grid-item-h:before{padding-bottom:calc(56.25% - 1.5rem * -0.875)}}.layout_10018 .w-grid-item-h{}@media(max-width:99px){.layout_10018 .usg_post_title_1{display:none!important}}.layout_10018 .usg_hwrapper_1{width:100%!important;margin-top:0px!important;margin-bottom:0px!important;padding-top:0px!important;padding-bottom:0px!important;position:static!important}.layout_10018 .usg_post_image_1{margin-right:2%!important;border-radius:5px!important;border-left-width:1px!important;border-bottom-width:1px!important;border-right-width:1px!important;border-color:#e4e4e4!important;border-right-style:solid!important;border-bottom-style:solid!important;border-left-style:solid!important}.layout_10018 .usg_post_title_1{margin-bottom:0.3rem!important;font-family:'Roboto',sans-serif!important;font-size:1rem!important}<\/style><div class=\"w-grid-list\" ><article class=\"w-grid-item size_1x1 post-10192 post type-post status-publish format-standard has-post-thumbnail hentry category-geral\" data-id=\"10192\">\n\t<div class=\"w-grid-item-h\">\n\t\t\t\t<div class=\"w-hwrapper usg_hwrapper_1 align_left valign_middle altura_100px\"><div class=\"w-post-elm post_image usg_post_image_1 vc_hidden-xs\"><a href=\"https:\/\/11ponto11servidor.com.br\/blogsrsiape\/pec-da-reforma-e-adiada-novamente-e-recebe-criticas\/\" aria-label=\"PEC da reforma \u00e9 adiada novamente e recebe cr\u00edticas.\"><img loading=\"lazy\" decoding=\"async\" width=\"754\" height=\"268\" src=\"https:\/\/11ponto11servidor.com.br\/blogsrsiape\/wp-content\/uploads\/sites\/2\/2019\/11\/destaque-adiamento.jpg\" class=\"attachment-full size-full wp-post-image\" alt=\"PEC da reforma \u00e9 adiada novamente e recebe cr\u00edticas.\" srcset=\"https:\/\/11ponto11servidor.com.br\/blogsrsiape\/wp-content\/uploads\/sites\/2\/2019\/11\/destaque-adiamento.jpg 754w, https:\/\/11ponto11servidor.com.br\/blogsrsiape\/wp-content\/uploads\/sites\/2\/2019\/11\/destaque-adiamento-300x107.jpg 300w\" sizes=\"(max-width: 754px) 100vw, 754px\" \/><\/a><\/div><h2 class=\"w-post-elm post_title usg_post_title_1 align_left entry-title color_link_inherit\"><a href=\"https:\/\/11ponto11servidor.com.br\/blogsrsiape\/pec-da-reforma-e-adiada-novamente-e-recebe-criticas\/\">PEC da reforma \u00e9 adiada novamente e recebe cr\u00edticas.<\/a><\/h2><\/div>\t<\/div>\n<\/article>\n<\/div><div class=\"w-grid-preloader\"><div class=\"g-preloader type_3\">\n\t<div><\/div>\n<\/div>\n<\/div>\t<div class=\"w-grid-json hidden\" onclick='return {&quot;action&quot;:&quot;us_ajax_grid&quot;,&quot;ajax_url&quot;:&quot;https:\\\/\\\/11ponto11servidor.com.br\\\/blogsrsiape\\\/wp-admin\\\/admin-ajax.php&quot;,&quot;infinite_scroll&quot;:0,&quot;max_num_pages&quot;:1,&quot;pagination&quot;:&quot;none&quot;,&quot;permalink_url&quot;:&quot;https:\\\/\\\/11ponto11servidor.com.br\\\/blogsrsiape\\\/wp-json\\\/wp\\\/v2\\\/posts\\\/10207&quot;,&quot;template_vars&quot;:{&quot;columns&quot;:&quot;1&quot;,&quot;exclude_items&quot;:&quot;none&quot;,&quot;img_size&quot;:&quot;full&quot;,&quot;ignore_items_size&quot;:false,&quot;items_layout&quot;:&quot;10018&quot;,&quot;items_offset&quot;:&quot;1&quot;,&quot;load_animation&quot;:&quot;none&quot;,&quot;overriding_link&quot;:&quot;none&quot;,&quot;post_id&quot;:10207,&quot;query_args&quot;:{&quot;ignore_sticky_posts&quot;:1,&quot;post_type&quot;:&quot;any&quot;,&quot;post__in&quot;:[&quot;10192&quot;],&quot;posts_per_page&quot;:&quot;1&quot;},&quot;orderby_query_args&quot;:{&quot;orderby&quot;:{&quot;post__in&quot;:&quot;ASC&quot;}},&quot;type&quot;:&quot;grid&quot;,&quot;us_grid_ajax_index&quot;:1,&quot;us_grid_filter_params&quot;:null,&quot;us_grid_index&quot;:1,&quot;_us_grid_post_type&quot;:&quot;ids&quot;}}'><\/div>\n\t<\/div>[vc_raw_html]JTNDc3R5bGUlM0UuZGVmYXVsdC1pY29uJTIwLmFpby1pY29uLWRlZmF1bHQlMjAuYWlvLWljb24lMjAlN0JtYXJnaW4tdG9wJTNBMTBweCU3RC53LWdyaWQlNUJjbGFzcyUyQSUzRCUyMnJhdGlvXyUyMiU1RCUyMC53LWdyaWQtaXRlbS1oJTNBJTNBYmVmb3JlJTIwJTdCY29udGVudCUzQSUyMGluaGVyaXQlMjAlMjFpbXBvcnRhbnQlM0IlN0QlM0MlMkZzdHlsZSUzRQ==[\/vc_raw_html]<\/div><\/div><\/div><\/div><\/div><\/div><\/div><\/div><\/div><\/section><section class=\"l-section wpb_row height_auto\"><div class=\"l-section-h i-cf\"><div class=\"g-cols vc_row type_default valign_top\"><div class=\"vc_col-sm-12 wpb_column vc_column_container\"><div class=\"vc_column-inner\"><div class=\"wpb_wrapper\"><div class=\"wpb_text_column\" ><div class=\"wpb_wrapper\"><p>No entanto, isto ocorreu devido ao servidor estar atuando no servi\u00e7o p\u00fablico municipal indo contra a decis\u00e3o da justi\u00e7a.<\/p>\n<p>A decis\u00e3o tem como base, que servidores que adentrar\u00e3o ap\u00f3s 4 de fevereiro de 2013. Neste caso, independentemente de ter pertencido \u00e0 esfera distrital, municipal ou estadual os servidores n\u00e3o tem direito ao regime anterior.<\/p>\n<p>Foi a partir desta data que come\u00e7ou a valer o plano da previd\u00eancia da FunprespExe, fazendo com que, quem j\u00e1 n\u00e3o tinha o direito adquirido, se enquadrasse na nova regras.<\/p>\n<p>A Turma Recursal obteve como linha de raciocino o seguinte pensamento: servidores que atuaram no mesmo ente federativo, sendo para mesma pessoa jur\u00eddica administrativa indireta poder\u00e3o ser contemplados com a regra da constitui\u00e7\u00e3o.<\/p>\n<\/div><\/div><\/div><\/div><\/div><\/div><\/div><\/section><section class=\"l-section wpb_row height_auto\"><div class=\"l-section-h i-cf\"><div class=\"g-cols vc_row type_default valign_top\"><div class=\"vc_col-sm-12 wpb_column vc_column_container\"><div class=\"vc_column-inner\"><div class=\"wpb_wrapper\"><div class=\"w-image vc_hidden-sm vc_hidden-xs largura_850px align_none meta_modern\"><a target=\"_blank\" href=\"https:\/\/seucreditonoclick.com.br\/\" rel=\"noopener\" aria-label=\"STF analisa forma para reajuste anual de servidores\" class=\"w-image-h\"><img loading=\"lazy\" decoding=\"async\" width=\"900\" height=\"100\" src=\"https:\/\/11ponto11servidor.com.br\/blogsrsiape\/wp-content\/uploads\/sites\/2\/2019\/11\/bannercartao2.png\" class=\"attachment-full size-full\" alt=\"STF analisa forma para reajuste anual de servidores\" srcset=\"https:\/\/11ponto11servidor.com.br\/blogsrsiape\/wp-content\/uploads\/sites\/2\/2019\/11\/bannercartao2.png 900w, https:\/\/11ponto11servidor.com.br\/blogsrsiape\/wp-content\/uploads\/sites\/2\/2019\/11\/bannercartao2-300x33.png 300w\" sizes=\"(max-width: 900px) 100vw, 900px\" \/><\/a><div class=\"w-image-meta\"><div class=\"w-image-title\">STF analisa forma para reajuste anual de servidores<\/div><\/div><\/div>[vc_raw_html]JTNDc3R5bGUlM0Uudy1pbWFnZS5tZXRhX21vZGVybiUyMC53LWltYWdlLW1ldGElMjAlN0Jjb2xvciUzQSUyM2NjYyUzQnRleHQtdHJhbnNmb3JtJTNBJTIwdXBwZXJjYXNlJTNCbGV0dGVyLXNwYWNpbmclM0ElMjAxcHglM0Jmb250LXNpemUlM0ElMjAxMHB4JTNCdG9wJTNBJTIwLTE4cHglM0JiYWNrZ3JvdW5kJTNBJTIwdHJhbnNwYXJlbnQlMjFpbXBvcnRhbnQlM0JwYWRkaW5nJTNBJTIwMCUyMWltcG9ydGFudCUzQmxlZnQlM0ElMjBpbmhlcml0JTIxaW1wb3J0YW50JTNCJTdEJTNDJTJGc3R5bGUlM0U=[\/vc_raw_html]<div class=\"w-image vc_hidden-md vc_hidden-lg align_none meta_modern\"><a target=\"_blank\" href=\"https:\/\/seucreditonoclick.com.br\/\" rel=\"noopener\" aria-label=\"bannercartao4\" class=\"w-image-h\"><img loading=\"lazy\" decoding=\"async\" width=\"523\" height=\"535\" src=\"https:\/\/11ponto11servidor.com.br\/blogsrsiape\/wp-content\/uploads\/sites\/2\/2019\/11\/bannercartao4.png\" class=\"attachment-full size-full\" alt=\"\" srcset=\"https:\/\/11ponto11servidor.com.br\/blogsrsiape\/wp-content\/uploads\/sites\/2\/2019\/11\/bannercartao4.png 523w, https:\/\/11ponto11servidor.com.br\/blogsrsiape\/wp-content\/uploads\/sites\/2\/2019\/11\/bannercartao4-293x300.png 293w\" sizes=\"(max-width: 523px) 100vw, 523px\" \/><\/a><div class=\"w-image-meta\"><div class=\"w-image-title\">bannercartao4<\/div><\/div><\/div><\/div><\/div><\/div><\/div><\/div><\/section><section class=\"l-section wpb_row height_auto\"><div class=\"l-section-h i-cf\"><div class=\"g-cols vc_row type_default valign_top\"><div class=\"vc_col-sm-12 wpb_column vc_column_container\"><div class=\"vc_column-inner\"><div class=\"wpb_wrapper\"><div class=\"wpb_text_column us_custom_da65c38a\" ><div class=\"wpb_wrapper\"><p>Entretanto, este dever expressamente ter adentrado no funcionalismo at\u00e9 a data de vigora\u00e7\u00e3o do novo regime da previd\u00eancia.<\/p>\n<p>Em busca de seus direitos, o servidor adjunto ao STF, alega que, por n\u00e3o ter ocorrido quebra de continuidade na presta\u00e7\u00e3o de servi\u00e7o, t\u00eam o direito de op\u00e7\u00e3o.<\/p>\n<p>Este por sua vez ainda apresenta como argumento o fato da constitui\u00e7\u00e3o n\u00e3o fazer diferencia\u00e7\u00e3o entre servidores municipais, estaduais e <a href=\"https:\/\/seucreditonoclick.com.br\/\">federais<\/a>. Onde o texto apenas utiliza-se do termo \u201cservidor p\u00fablico\u201d.<\/p>\n<p>Deste modo, o servidor utiliza-se da linha, onde \u201ctodos\u201d est\u00e3o amparados at\u00e9 a data definida, independente de autarquia e funda\u00e7\u00f5es no funcionalismo.<\/p>\n<\/div><\/div><\/div><\/div><\/div><\/div><\/div><\/section><section class=\"l-section wpb_row us_custom_da65c38a height_auto with_overlay\" id=\"leia_mais\"><div class=\"l-section-overlay\" style=\"background: #f5f5f5\"><\/div><div class=\"l-section-h i-cf\"><div class=\"g-cols vc_row type_default valign_middle\"><div class=\"vc_col-sm-12 wpb_column vc_column_container\"><div class=\"vc_column-inner\"><div class=\"wpb_wrapper\"><div class=\"g-cols wpb_row  type_default valign_middle vc_inner\"><div class=\"vc_col-sm-12 wpb_column vc_column_container\"><div class=\"vc_column-inner\"><div class=\"wpb_wrapper\"><div class=\"aio-icon-component  vc_custom_1572282620453   style_1\"><div id=\"Info-box-wrap-8254\" class=\"aio-icon-box default-icon\" style=\"\"  ><div class=\"aio-icon-default\"><div class=\"ult-just-icon-wrapper  \"><div class=\"align-icon\" style=\"text-align:center;\">\n<div class=\"aio-icon none \"  style=\"color:#888888;font-size:26px;display:inline-block;\">\n\t<i class=\"Defaults-sign-out\"><\/i>\n<\/div><\/div><\/div><\/div><div class=\"aio-icon-header\" ><h4 class=\"aio-icon-title ult-responsive\"  data-ultimate-target='#Info-box-wrap-8254 .aio-icon-title'  data-responsive-json-new='{\"font-size\":\"\",\"line-height\":\"\"}'  style=\"\">Leia tamb\u00e9m...<\/h4><\/div> <!-- header --><\/div> <!-- aio-icon-box --><\/div> <!-- aio-icon-component --><div class=\"w-grid type_grid layout_10018 ratio_16x9\" id=\"us_grid_2\"><style id=\"us_grid_2_css\">#us_grid_2 .w-grid-item:not(:last-child){margin-bottom:1.5rem}#us_grid_2 .g-loadmore{margin-top:1.5rem}#us_grid_2 .w-grid-item-h:before{padding-bottom:56.2500%}<\/style><div class=\"w-grid-list\" ><article class=\"w-grid-item size_1x1 post-10175 post type-post status-publish format-standard has-post-thumbnail hentry category-geral\" data-id=\"10175\">\n\t<div class=\"w-grid-item-h\">\n\t\t\t\t<div class=\"w-hwrapper usg_hwrapper_1 align_left valign_middle altura_100px\"><div class=\"w-post-elm post_image usg_post_image_1 vc_hidden-xs\"><a href=\"https:\/\/11ponto11servidor.com.br\/blogsrsiape\/novidades-no-governo-servidores-podem-ser-promovidos\/\" aria-label=\"Novidades no governo: Servidores podem ser promovidos.\"><img loading=\"lazy\" decoding=\"async\" width=\"754\" height=\"268\" src=\"https:\/\/11ponto11servidor.com.br\/blogsrsiape\/wp-content\/uploads\/sites\/2\/2019\/11\/destaque-emergencial.jpg\" class=\"attachment-full size-full wp-post-image\" alt=\"Novidades no governo: Servidores podem ser promovidos.\" srcset=\"https:\/\/11ponto11servidor.com.br\/blogsrsiape\/wp-content\/uploads\/sites\/2\/2019\/11\/destaque-emergencial.jpg 754w, https:\/\/11ponto11servidor.com.br\/blogsrsiape\/wp-content\/uploads\/sites\/2\/2019\/11\/destaque-emergencial-300x107.jpg 300w\" sizes=\"(max-width: 754px) 100vw, 754px\" \/><\/a><\/div><h2 class=\"w-post-elm post_title usg_post_title_1 align_left entry-title color_link_inherit\"><a href=\"https:\/\/11ponto11servidor.com.br\/blogsrsiape\/novidades-no-governo-servidores-podem-ser-promovidos\/\">Novidades no governo: Servidores podem ser promovidos.<\/a><\/h2><\/div>\t<\/div>\n<\/article>\n<\/div><div class=\"w-grid-preloader\"><div class=\"g-preloader type_3\">\n\t<div><\/div>\n<\/div>\n<\/div>\t<div class=\"w-grid-json hidden\" onclick='return {&quot;action&quot;:&quot;us_ajax_grid&quot;,&quot;ajax_url&quot;:&quot;https:\\\/\\\/11ponto11servidor.com.br\\\/blogsrsiape\\\/wp-admin\\\/admin-ajax.php&quot;,&quot;infinite_scroll&quot;:0,&quot;max_num_pages&quot;:1,&quot;pagination&quot;:&quot;none&quot;,&quot;permalink_url&quot;:&quot;https:\\\/\\\/11ponto11servidor.com.br\\\/blogsrsiape\\\/wp-json\\\/wp\\\/v2\\\/posts\\\/10207&quot;,&quot;template_vars&quot;:{&quot;columns&quot;:&quot;1&quot;,&quot;exclude_items&quot;:&quot;none&quot;,&quot;img_size&quot;:&quot;full&quot;,&quot;ignore_items_size&quot;:false,&quot;items_layout&quot;:&quot;10018&quot;,&quot;items_offset&quot;:&quot;1&quot;,&quot;load_animation&quot;:&quot;none&quot;,&quot;overriding_link&quot;:&quot;none&quot;,&quot;post_id&quot;:10192,&quot;query_args&quot;:{&quot;ignore_sticky_posts&quot;:1,&quot;post_type&quot;:&quot;any&quot;,&quot;post__in&quot;:[&quot;10175&quot;],&quot;posts_per_page&quot;:&quot;1&quot;},&quot;orderby_query_args&quot;:{&quot;orderby&quot;:{&quot;post__in&quot;:&quot;ASC&quot;}},&quot;type&quot;:&quot;grid&quot;,&quot;us_grid_ajax_index&quot;:1,&quot;us_grid_filter_params&quot;:null,&quot;us_grid_index&quot;:2,&quot;_us_grid_post_type&quot;:&quot;ids&quot;}}'><\/div>\n\t<\/div>[vc_raw_html]JTNDc3R5bGUlM0UuZGVmYXVsdC1pY29uJTIwLmFpby1pY29uLWRlZmF1bHQlMjAuYWlvLWljb24lMjAlN0JtYXJnaW4tdG9wJTNBMTBweCU3RC53LWdyaWQlNUJjbGFzcyUyQSUzRCUyMnJhdGlvXyUyMiU1RCUyMC53LWdyaWQtaXRlbS1oJTNBJTNBYmVmb3JlJTIwJTdCY29udGVudCUzQSUyMGluaGVyaXQlMjAlMjFpbXBvcnRhbnQlM0IlN0QlM0MlMkZzdHlsZSUzRQ==[\/vc_raw_html]<\/div><\/div><\/div><\/div><\/div><\/div><\/div><\/div><\/div><\/section><section class=\"l-section wpb_row height_auto\"><div class=\"l-section-h i-cf\"><div class=\"g-cols vc_row type_default valign_top\"><div class=\"vc_col-sm-12 wpb_column vc_column_container\"><div class=\"vc_column-inner\"><div class=\"wpb_wrapper\"><div class=\"wpb_text_column us_custom_da65c38a\" ><div class=\"wpb_wrapper\"><p>De acordo com o relator no supremo, ministro Edson Fachin, o conflito ocorre na express\u00e3o \u201cingressado no servi\u00e7o p\u00fablico\u201d e entender qual a sua abrang\u00eancia.<\/p>\n<p>O termo consta no artigo 40, localizado no paragrafo 16 da constitui\u00e7\u00e3o brasileira. Sendo este utilizado para desfechos em rela\u00e7\u00e3o a op\u00e7\u00e3o do regime previdenci\u00e1rio.<\/p>\n<p>O ministro afirmou que at\u00e9 o momento n\u00e3o existe nenhum precedente especifico por parte do STF sobre o assunto.<\/p>\n<p>Contudo, o mesmo afirma que em sess\u00e3o administrativa, o magistrado j\u00e1 chegou a reconhecer uma poss\u00edvel manuten\u00e7\u00e3o, sem haver interrup\u00e7\u00e3o do regime previdenci\u00e1rio de outros servidores do ente federativo.<\/p>\n<\/div><\/div><\/div><\/div><\/div><\/div><\/div><\/section>\n","protected":false},"excerpt":{"rendered":"<p>Esta nas m\u00e3os do STF o poder dos servidores SIAPE escolherem o sistema previdenci\u00e1rio com base em uma processo movido por um servidor. <\/p>\n","protected":false},"author":1,"featured_media":10210,"comment_status":"open","ping_status":"open","sticky":false,"template":"","format":"standard","meta":{"footnotes":""},"categories":[72],"tags":[],"class_list":["post-10207","post","type-post","status-publish","format-standard","has-post-thumbnail","hentry","category-servico-publico"],"yoast_head":"<!-- This site is optimized with the Yoast SEO plugin v23.6 - https:\/\/yoast.com\/wordpress\/plugins\/seo\/ -->\n<title>Esta nas m\u00e3os do STF a decis\u00e3o dos servidores optarem pelo regime de previd\u00eancia. - Blog do Sr. SIAPE<\/title>\n<meta name=\"description\" content=\"Esta nas m\u00e3os do STF o poder dos servidores SIAPE escolherem o sistema previdenci\u00e1rio com base em uma processo movido por um servidor.\" \/>\n<meta name=\"robots\" content=\"index, follow, max-snippet:-1, max-image-preview:large, max-video-preview:-1\" \/>\n<link rel=\"canonical\" href=\"https:\/\/blogdosrsiape.net\/esta-nas-maos-do-stf-a-decisao-dos-servidores-optarem-pelo-regime-de-previdencia\/\" \/>\n<meta property=\"og:locale\" content=\"pt_BR\" \/>\n<meta property=\"og:type\" content=\"article\" \/>\n<meta property=\"og:title\" content=\"Esta nas m\u00e3os do STF a decis\u00e3o dos servidores optarem pelo regime de previd\u00eancia. - Blog do Sr. SIAPE\" \/>\n<meta property=\"og:description\" content=\"Esta nas m\u00e3os do STF o poder dos servidores SIAPE escolherem o sistema previdenci\u00e1rio com base em uma processo movido por um servidor.\" \/>\n<meta property=\"og:url\" content=\"https:\/\/blogdosrsiape.net\/esta-nas-maos-do-stf-a-decisao-dos-servidores-optarem-pelo-regime-de-previdencia\/\" \/>\n<meta property=\"og:site_name\" content=\"Blog do Sr. SIAPE\" \/>\n<meta property=\"article:publisher\" content=\"https:\/\/www.facebook.com\/blogsrsiape\/?locale=pt_BR\" \/>\n<meta property=\"article:published_time\" content=\"2019-11-20T19:00:23+00:00\" \/>\n<meta property=\"article:modified_time\" content=\"2020-01-29T22:07:19+00:00\" \/>\n<meta property=\"og:image\" content=\"https:\/\/11ponto11servidor.com.br\/blogsrsiape\/wp-content\/uploads\/sites\/2\/2019\/11\/destaque-fachin.jpg\" \/>\n\t<meta property=\"og:image:width\" content=\"754\" \/>\n\t<meta property=\"og:image:height\" content=\"268\" \/>\n\t<meta property=\"og:image:type\" content=\"image\/jpeg\" \/>\n<meta name=\"author\" content=\"websitemix\" \/>\n<meta name=\"twitter:card\" content=\"summary_large_image\" \/>\n<meta name=\"twitter:label1\" content=\"Escrito por\" \/>\n\t<meta name=\"twitter:data1\" content=\"websitemix\" \/>\n\t<meta name=\"twitter:label2\" content=\"Est. tempo de leitura\" \/>\n\t<meta name=\"twitter:data2\" content=\"6 minutos\" \/>\n<script type=\"application\/ld+json\" class=\"yoast-schema-graph\">{\"@context\":\"https:\/\/schema.org\",\"@graph\":[{\"@type\":\"Article\",\"@id\":\"https:\/\/blogdosrsiape.net\/esta-nas-maos-do-stf-a-decisao-dos-servidores-optarem-pelo-regime-de-previdencia\/#article\",\"isPartOf\":{\"@id\":\"https:\/\/blogdosrsiape.net\/esta-nas-maos-do-stf-a-decisao-dos-servidores-optarem-pelo-regime-de-previdencia\/\"},\"author\":{\"name\":\"websitemix\",\"@id\":\"https:\/\/blogdosrsiape.com\/#\/schema\/person\/641e1af8b22c69725a1d604fb8959bcf\"},\"headline\":\"Esta nas m\u00e3os do STF a decis\u00e3o dos servidores optarem pelo regime de previd\u00eancia.\",\"datePublished\":\"2019-11-20T19:00:23+00:00\",\"dateModified\":\"2020-01-29T22:07:19+00:00\",\"mainEntityOfPage\":{\"@id\":\"https:\/\/blogdosrsiape.net\/esta-nas-maos-do-stf-a-decisao-dos-servidores-optarem-pelo-regime-de-previdencia\/\"},\"wordCount\":1162,\"commentCount\":0,\"publisher\":{\"@id\":\"https:\/\/blogdosrsiape.com\/#organization\"},\"image\":{\"@id\":\"https:\/\/blogdosrsiape.net\/esta-nas-maos-do-stf-a-decisao-dos-servidores-optarem-pelo-regime-de-previdencia\/#primaryimage\"},\"thumbnailUrl\":\"https:\/\/11ponto11servidor.com.br\/blogsrsiape\/wp-content\/uploads\/sites\/2\/2019\/11\/destaque-fachin.jpg\",\"articleSection\":[\"Servi\u00e7o P\u00fablico\"],\"inLanguage\":\"pt-BR\",\"potentialAction\":[{\"@type\":\"CommentAction\",\"name\":\"Comment\",\"target\":[\"https:\/\/blogdosrsiape.net\/esta-nas-maos-do-stf-a-decisao-dos-servidores-optarem-pelo-regime-de-previdencia\/#respond\"]}]},{\"@type\":\"WebPage\",\"@id\":\"https:\/\/blogdosrsiape.net\/esta-nas-maos-do-stf-a-decisao-dos-servidores-optarem-pelo-regime-de-previdencia\/\",\"url\":\"https:\/\/blogdosrsiape.net\/esta-nas-maos-do-stf-a-decisao-dos-servidores-optarem-pelo-regime-de-previdencia\/\",\"name\":\"Esta nas m\u00e3os do STF a decis\u00e3o dos servidores optarem pelo regime de previd\u00eancia. - Blog do Sr. SIAPE\",\"isPartOf\":{\"@id\":\"https:\/\/blogdosrsiape.com\/#website\"},\"primaryImageOfPage\":{\"@id\":\"https:\/\/blogdosrsiape.net\/esta-nas-maos-do-stf-a-decisao-dos-servidores-optarem-pelo-regime-de-previdencia\/#primaryimage\"},\"image\":{\"@id\":\"https:\/\/blogdosrsiape.net\/esta-nas-maos-do-stf-a-decisao-dos-servidores-optarem-pelo-regime-de-previdencia\/#primaryimage\"},\"thumbnailUrl\":\"https:\/\/11ponto11servidor.com.br\/blogsrsiape\/wp-content\/uploads\/sites\/2\/2019\/11\/destaque-fachin.jpg\",\"datePublished\":\"2019-11-20T19:00:23+00:00\",\"dateModified\":\"2020-01-29T22:07:19+00:00\",\"description\":\"Esta nas m\u00e3os do STF o poder dos servidores SIAPE escolherem o sistema previdenci\u00e1rio com base em uma processo movido por um servidor.\",\"breadcrumb\":{\"@id\":\"https:\/\/blogdosrsiape.net\/esta-nas-maos-do-stf-a-decisao-dos-servidores-optarem-pelo-regime-de-previdencia\/#breadcrumb\"},\"inLanguage\":\"pt-BR\",\"potentialAction\":[{\"@type\":\"ReadAction\",\"target\":[\"https:\/\/blogdosrsiape.net\/esta-nas-maos-do-stf-a-decisao-dos-servidores-optarem-pelo-regime-de-previdencia\/\"]}]},{\"@type\":\"ImageObject\",\"inLanguage\":\"pt-BR\",\"@id\":\"https:\/\/blogdosrsiape.net\/esta-nas-maos-do-stf-a-decisao-dos-servidores-optarem-pelo-regime-de-previdencia\/#primaryimage\",\"url\":\"https:\/\/11ponto11servidor.com.br\/blogsrsiape\/wp-content\/uploads\/sites\/2\/2019\/11\/destaque-fachin.jpg\",\"contentUrl\":\"https:\/\/11ponto11servidor.com.br\/blogsrsiape\/wp-content\/uploads\/sites\/2\/2019\/11\/destaque-fachin.jpg\",\"width\":754,\"height\":268,\"caption\":\"Esta nas m\u00e3os do STF a decis\u00e3o dos servidores optarem pelo regime de previd\u00eancia.\"},{\"@type\":\"BreadcrumbList\",\"@id\":\"https:\/\/blogdosrsiape.net\/esta-nas-maos-do-stf-a-decisao-dos-servidores-optarem-pelo-regime-de-previdencia\/#breadcrumb\",\"itemListElement\":[{\"@type\":\"ListItem\",\"position\":1,\"name\":\"In\u00edcio\",\"item\":\"https:\/\/blogdosrsiape.com\/\"},{\"@type\":\"ListItem\",\"position\":2,\"name\":\"Esta nas m\u00e3os do STF a decis\u00e3o dos servidores optarem pelo regime de previd\u00eancia.\"}]},{\"@type\":\"WebSite\",\"@id\":\"https:\/\/blogdosrsiape.com\/#website\",\"url\":\"https:\/\/blogdosrsiape.com\/\",\"name\":\"Blog do sr. SIAPE\",\"description\":\"SIAPE Servidor Federal\",\"publisher\":{\"@id\":\"https:\/\/blogdosrsiape.com\/#organization\"},\"potentialAction\":[{\"@type\":\"SearchAction\",\"target\":{\"@type\":\"EntryPoint\",\"urlTemplate\":\"https:\/\/blogdosrsiape.com\/?s={search_term_string}\"},\"query-input\":{\"@type\":\"PropertyValueSpecification\",\"valueRequired\":true,\"valueName\":\"search_term_string\"}}],\"inLanguage\":\"pt-BR\"},{\"@type\":\"Organization\",\"@id\":\"https:\/\/blogdosrsiape.com\/#organization\",\"name\":\"Blog do sr. SIAPE\",\"url\":\"https:\/\/blogdosrsiape.com\/\",\"logo\":{\"@type\":\"ImageObject\",\"inLanguage\":\"pt-BR\",\"@id\":\"https:\/\/blogdosrsiape.com\/#\/schema\/logo\/image\/\",\"url\":\"https:\/\/11ponto11servidor.com.br\/blogsrsiape\/wp-content\/uploads\/sites\/2\/2024\/10\/logo-1.png\",\"contentUrl\":\"https:\/\/11ponto11servidor.com.br\/blogsrsiape\/wp-content\/uploads\/sites\/2\/2024\/10\/logo-1.png\",\"width\":287,\"height\":116,\"caption\":\"Blog do sr. SIAPE\"},\"image\":{\"@id\":\"https:\/\/blogdosrsiape.com\/#\/schema\/logo\/image\/\"},\"sameAs\":[\"https:\/\/www.facebook.com\/blogsrsiape\/?locale=pt_BR\",\"https:\/\/www.instagram.com\/srsiape\/\"]},{\"@type\":\"Person\",\"@id\":\"https:\/\/blogdosrsiape.com\/#\/schema\/person\/641e1af8b22c69725a1d604fb8959bcf\",\"name\":\"websitemix\",\"sameAs\":[\"https:\/\/11ponto11servidor.com.br\"],\"url\":\"https:\/\/11ponto11servidor.com.br\/blogsrsiape\/author\/websitemix\/\"}]}<\/script>\n<!-- \/ Yoast SEO plugin. -->","yoast_head_json":{"title":"Esta nas m\u00e3os do STF a decis\u00e3o dos servidores optarem pelo regime de previd\u00eancia. - Blog do Sr. SIAPE","description":"Esta nas m\u00e3os do STF o poder dos servidores SIAPE escolherem o sistema previdenci\u00e1rio com base em uma processo movido por um servidor.","robots":{"index":"index","follow":"follow","max-snippet":"max-snippet:-1","max-image-preview":"max-image-preview:large","max-video-preview":"max-video-preview:-1"},"canonical":"https:\/\/blogdosrsiape.net\/esta-nas-maos-do-stf-a-decisao-dos-servidores-optarem-pelo-regime-de-previdencia\/","og_locale":"pt_BR","og_type":"article","og_title":"Esta nas m\u00e3os do STF a decis\u00e3o dos servidores optarem pelo regime de previd\u00eancia. - Blog do Sr. SIAPE","og_description":"Esta nas m\u00e3os do STF o poder dos servidores SIAPE escolherem o sistema previdenci\u00e1rio com base em uma processo movido por um servidor.","og_url":"https:\/\/blogdosrsiape.net\/esta-nas-maos-do-stf-a-decisao-dos-servidores-optarem-pelo-regime-de-previdencia\/","og_site_name":"Blog do Sr. SIAPE","article_publisher":"https:\/\/www.facebook.com\/blogsrsiape\/?locale=pt_BR","article_published_time":"2019-11-20T19:00:23+00:00","article_modified_time":"2020-01-29T22:07:19+00:00","og_image":[{"width":754,"height":268,"url":"https:\/\/11ponto11servidor.com.br\/blogsrsiape\/wp-content\/uploads\/sites\/2\/2019\/11\/destaque-fachin.jpg","type":"image\/jpeg"}],"author":"websitemix","twitter_card":"summary_large_image","twitter_misc":{"Escrito por":"websitemix","Est. tempo de leitura":"6 minutos"},"schema":{"@context":"https:\/\/schema.org","@graph":[{"@type":"Article","@id":"https:\/\/blogdosrsiape.net\/esta-nas-maos-do-stf-a-decisao-dos-servidores-optarem-pelo-regime-de-previdencia\/#article","isPartOf":{"@id":"https:\/\/blogdosrsiape.net\/esta-nas-maos-do-stf-a-decisao-dos-servidores-optarem-pelo-regime-de-previdencia\/"},"author":{"name":"websitemix","@id":"https:\/\/blogdosrsiape.com\/#\/schema\/person\/641e1af8b22c69725a1d604fb8959bcf"},"headline":"Esta nas m\u00e3os do STF a decis\u00e3o dos servidores optarem pelo regime de previd\u00eancia.","datePublished":"2019-11-20T19:00:23+00:00","dateModified":"2020-01-29T22:07:19+00:00","mainEntityOfPage":{"@id":"https:\/\/blogdosrsiape.net\/esta-nas-maos-do-stf-a-decisao-dos-servidores-optarem-pelo-regime-de-previdencia\/"},"wordCount":1162,"commentCount":0,"publisher":{"@id":"https:\/\/blogdosrsiape.com\/#organization"},"image":{"@id":"https:\/\/blogdosrsiape.net\/esta-nas-maos-do-stf-a-decisao-dos-servidores-optarem-pelo-regime-de-previdencia\/#primaryimage"},"thumbnailUrl":"https:\/\/11ponto11servidor.com.br\/blogsrsiape\/wp-content\/uploads\/sites\/2\/2019\/11\/destaque-fachin.jpg","articleSection":["Servi\u00e7o P\u00fablico"],"inLanguage":"pt-BR","potentialAction":[{"@type":"CommentAction","name":"Comment","target":["https:\/\/blogdosrsiape.net\/esta-nas-maos-do-stf-a-decisao-dos-servidores-optarem-pelo-regime-de-previdencia\/#respond"]}]},{"@type":"WebPage","@id":"https:\/\/blogdosrsiape.net\/esta-nas-maos-do-stf-a-decisao-dos-servidores-optarem-pelo-regime-de-previdencia\/","url":"https:\/\/blogdosrsiape.net\/esta-nas-maos-do-stf-a-decisao-dos-servidores-optarem-pelo-regime-de-previdencia\/","name":"Esta nas m\u00e3os do STF a decis\u00e3o dos servidores optarem pelo regime de previd\u00eancia. - Blog do Sr. SIAPE","isPartOf":{"@id":"https:\/\/blogdosrsiape.com\/#website"},"primaryImageOfPage":{"@id":"https:\/\/blogdosrsiape.net\/esta-nas-maos-do-stf-a-decisao-dos-servidores-optarem-pelo-regime-de-previdencia\/#primaryimage"},"image":{"@id":"https:\/\/blogdosrsiape.net\/esta-nas-maos-do-stf-a-decisao-dos-servidores-optarem-pelo-regime-de-previdencia\/#primaryimage"},"thumbnailUrl":"https:\/\/11ponto11servidor.com.br\/blogsrsiape\/wp-content\/uploads\/sites\/2\/2019\/11\/destaque-fachin.jpg","datePublished":"2019-11-20T19:00:23+00:00","dateModified":"2020-01-29T22:07:19+00:00","description":"Esta nas m\u00e3os do STF o poder dos servidores SIAPE escolherem o sistema previdenci\u00e1rio com base em uma processo movido por um servidor.","breadcrumb":{"@id":"https:\/\/blogdosrsiape.net\/esta-nas-maos-do-stf-a-decisao-dos-servidores-optarem-pelo-regime-de-previdencia\/#breadcrumb"},"inLanguage":"pt-BR","potentialAction":[{"@type":"ReadAction","target":["https:\/\/blogdosrsiape.net\/esta-nas-maos-do-stf-a-decisao-dos-servidores-optarem-pelo-regime-de-previdencia\/"]}]},{"@type":"ImageObject","inLanguage":"pt-BR","@id":"https:\/\/blogdosrsiape.net\/esta-nas-maos-do-stf-a-decisao-dos-servidores-optarem-pelo-regime-de-previdencia\/#primaryimage","url":"https:\/\/11ponto11servidor.com.br\/blogsrsiape\/wp-content\/uploads\/sites\/2\/2019\/11\/destaque-fachin.jpg","contentUrl":"https:\/\/11ponto11servidor.com.br\/blogsrsiape\/wp-content\/uploads\/sites\/2\/2019\/11\/destaque-fachin.jpg","width":754,"height":268,"caption":"Esta nas m\u00e3os do STF a decis\u00e3o dos servidores optarem pelo regime de previd\u00eancia."},{"@type":"BreadcrumbList","@id":"https:\/\/blogdosrsiape.net\/esta-nas-maos-do-stf-a-decisao-dos-servidores-optarem-pelo-regime-de-previdencia\/#breadcrumb","itemListElement":[{"@type":"ListItem","position":1,"name":"In\u00edcio","item":"https:\/\/blogdosrsiape.com\/"},{"@type":"ListItem","position":2,"name":"Esta nas m\u00e3os do STF a decis\u00e3o dos servidores optarem pelo regime de previd\u00eancia."}]},{"@type":"WebSite","@id":"https:\/\/blogdosrsiape.com\/#website","url":"https:\/\/blogdosrsiape.com\/","name":"Blog do sr. SIAPE","description":"SIAPE Servidor Federal","publisher":{"@id":"https:\/\/blogdosrsiape.com\/#organization"},"potentialAction":[{"@type":"SearchAction","target":{"@type":"EntryPoint","urlTemplate":"https:\/\/blogdosrsiape.com\/?s={search_term_string}"},"query-input":{"@type":"PropertyValueSpecification","valueRequired":true,"valueName":"search_term_string"}}],"inLanguage":"pt-BR"},{"@type":"Organization","@id":"https:\/\/blogdosrsiape.com\/#organization","name":"Blog do sr. SIAPE","url":"https:\/\/blogdosrsiape.com\/","logo":{"@type":"ImageObject","inLanguage":"pt-BR","@id":"https:\/\/blogdosrsiape.com\/#\/schema\/logo\/image\/","url":"https:\/\/11ponto11servidor.com.br\/blogsrsiape\/wp-content\/uploads\/sites\/2\/2024\/10\/logo-1.png","contentUrl":"https:\/\/11ponto11servidor.com.br\/blogsrsiape\/wp-content\/uploads\/sites\/2\/2024\/10\/logo-1.png","width":287,"height":116,"caption":"Blog do sr. SIAPE"},"image":{"@id":"https:\/\/blogdosrsiape.com\/#\/schema\/logo\/image\/"},"sameAs":["https:\/\/www.facebook.com\/blogsrsiape\/?locale=pt_BR","https:\/\/www.instagram.com\/srsiape\/"]},{"@type":"Person","@id":"https:\/\/blogdosrsiape.com\/#\/schema\/person\/641e1af8b22c69725a1d604fb8959bcf","name":"websitemix","sameAs":["https:\/\/11ponto11servidor.com.br"],"url":"https:\/\/11ponto11servidor.com.br\/blogsrsiape\/author\/websitemix\/"}]}},"_links":{"self":[{"href":"https:\/\/11ponto11servidor.com.br\/blogsrsiape\/wp-json\/wp\/v2\/posts\/10207"}],"collection":[{"href":"https:\/\/11ponto11servidor.com.br\/blogsrsiape\/wp-json\/wp\/v2\/posts"}],"about":[{"href":"https:\/\/11ponto11servidor.com.br\/blogsrsiape\/wp-json\/wp\/v2\/types\/post"}],"author":[{"embeddable":true,"href":"https:\/\/11ponto11servidor.com.br\/blogsrsiape\/wp-json\/wp\/v2\/users\/1"}],"replies":[{"embeddable":true,"href":"https:\/\/11ponto11servidor.com.br\/blogsrsiape\/wp-json\/wp\/v2\/comments?post=10207"}],"version-history":[{"count":0,"href":"https:\/\/11ponto11servidor.com.br\/blogsrsiape\/wp-json\/wp\/v2\/posts\/10207\/revisions"}],"wp:featuredmedia":[{"embeddable":true,"href":"https:\/\/11ponto11servidor.com.br\/blogsrsiape\/wp-json\/wp\/v2\/media\/10210"}],"wp:attachment":[{"href":"https:\/\/11ponto11servidor.com.br\/blogsrsiape\/wp-json\/wp\/v2\/media?parent=10207"}],"wp:term":[{"taxonomy":"category","embeddable":true,"href":"https:\/\/11ponto11servidor.com.br\/blogsrsiape\/wp-json\/wp\/v2\/categories?post=10207"},{"taxonomy":"post_tag","embeddable":true,"href":"https:\/\/11ponto11servidor.com.br\/blogsrsiape\/wp-json\/wp\/v2\/tags?post=10207"}],"curies":[{"name":"wp","href":"https:\/\/api.w.org\/{rel}","templated":true}]}}