{"id":10307,"date":"2019-12-11T16:47:52","date_gmt":"2019-12-11T18:47:52","guid":{"rendered":"https:\/\/11ponto11servidor.com.br\/blogsrsiape\/?p=10307"},"modified":"2020-01-29T20:07:40","modified_gmt":"2020-01-29T22:07:40","slug":"sindicatos-unidos-pelos-servidores-greve-futura","status":"publish","type":"post","link":"https:\/\/11ponto11servidor.com.br\/blogsrsiape\/sindicatos-unidos-pelos-servidores-greve-futura\/","title":{"rendered":"Sindicatos unidos pelos servidores &#8211; greve futura."},"content":{"rendered":"<section class=\"l-section wpb_row height_auto\"><div class=\"l-section-h i-cf\"><div class=\"g-cols vc_row type_default valign_top\"><div class=\"vc_col-sm-12 wpb_column vc_column_container\"><div class=\"vc_column-inner\"><div class=\"wpb_wrapper\"><h4 class=\"w-text us_custom_fc4f69a9 italico has_text_color align_left\"><span class=\"w-text-h\"><span class=\"w-text-value\">Situa\u00e7\u00e3o de servidores faz sindicatos se unirem em busca de melhorias.<\/span><\/span><\/h4><div class=\"w-image vc_hidden-sm vc_hidden-xs largura_850px align_none\"><a target=\"_blank\" href=\"https:\/\/seuseguronoclick.com.br\/\" rel=\"noopener\" aria-label=\"Link\" class=\"w-image-h\"><img loading=\"lazy\" decoding=\"async\" width=\"900\" height=\"200\" src=\"https:\/\/11ponto11servidor.com.br\/blogsrsiape\/wp-content\/uploads\/sites\/2\/2019\/12\/banner-seguros2.png\" class=\"attachment-full size-full\" alt=\"\" srcset=\"https:\/\/11ponto11servidor.com.br\/blogsrsiape\/wp-content\/uploads\/sites\/2\/2019\/12\/banner-seguros2.png 900w, https:\/\/11ponto11servidor.com.br\/blogsrsiape\/wp-content\/uploads\/sites\/2\/2019\/12\/banner-seguros2-300x67.png 300w\" sizes=\"(max-width: 900px) 100vw, 900px\" \/><\/a><\/div>[vc_raw_html]JTNDc3R5bGUlM0Uudy1pbWFnZS5tZXRhX21vZGVybiUyMC53LWltYWdlLW1ldGElMjAlN0Jjb2xvciUzQSUyM2NjYyUzQnRleHQtdHJhbnNmb3JtJTNBJTIwdXBwZXJjYXNlJTNCbGV0dGVyLXNwYWNpbmclM0ElMjAxcHglM0Jmb250LXNpemUlM0ElMjAxMHB4JTNCdG9wJTNBJTIwLTE4cHglM0JiYWNrZ3JvdW5kJTNBJTIwdHJhbnNwYXJlbnQlMjFpbXBvcnRhbnQlM0JwYWRkaW5nJTNBJTIwMCUyMWltcG9ydGFudCUzQmxlZnQlM0ElMjBpbmhlcml0JTIxaW1wb3J0YW50JTNCJTdEJTNDJTJGc3R5bGUlM0U=[\/vc_raw_html]<div class=\"w-image vc_hidden-md vc_hidden-lg align_none\"><a target=\"_blank\" href=\"https:\/\/seuseguronoclick.com.br\/\" rel=\"noopener\" aria-label=\"Link\" class=\"w-image-h\"><img loading=\"lazy\" decoding=\"async\" width=\"523\" height=\"535\" src=\"https:\/\/11ponto11servidor.com.br\/blogsrsiape\/wp-content\/uploads\/sites\/2\/2019\/12\/banner-seguros-4.png\" class=\"attachment-full size-full\" alt=\"Sindicatos unidos pelos servidores - greve futura\" srcset=\"https:\/\/11ponto11servidor.com.br\/blogsrsiape\/wp-content\/uploads\/sites\/2\/2019\/12\/banner-seguros-4.png 523w, https:\/\/11ponto11servidor.com.br\/blogsrsiape\/wp-content\/uploads\/sites\/2\/2019\/12\/banner-seguros-4-293x300.png 293w\" sizes=\"(max-width: 523px) 100vw, 523px\" \/><\/a><\/div><div class=\"w-message us_custom_da65c38a color_custom with_close\"><div class=\"w-message-body\"><h6>RESUMO DA NOT\u00cdCIA<\/h6>\n<ul>\n<li>Cerca de 450 sindicatos se unir\u00e3o em favor do servidor<\/li>\n<li>Congresso \u00e9 organizado para servidores<\/li>\n<li>Greve em 2020 ?<\/li>\n<\/ul>\n<\/div><a class=\"w-message-close\" href=\"javascript:void(0)\" aria-label=\"Fechar\"><\/a><\/div><\/div><\/div><\/div><\/div><\/div><\/section><section class=\"l-section wpb_row height_auto\"><div class=\"l-section-h i-cf\"><div class=\"g-cols vc_row type_default valign_top\"><div class=\"vc_col-sm-12 wpb_column vc_column_container\"><div class=\"vc_column-inner\"><div class=\"wpb_wrapper\"><div class=\"wpb_text_column\" ><div class=\"wpb_wrapper\"><p style=\"text-align: justify;\"><span style=\"font-family: 'Arial','sans-serif';\">Servidores obtiveram muitas surpresas durante 2019. No entanto, estes n\u00e3o est\u00e3o satisfeitos com tudo que est\u00e1 ocorrendo, j\u00e1 que os atinge diretamente. Deste modo, Servidores reuniram cerca de 450 lideran\u00e7as sindicais. Tudo isso em busca de gerar uma greve logo no inicio de 2020.<\/span><\/p>\n<p style=\"text-align: justify;\"><span style=\"font-family: 'Arial','sans-serif';\">Os pontos que est\u00e3o levando a movimenta\u00e7\u00e3o s\u00e3o: a reforma administrativa, privatiza\u00e7\u00f5es de estatais e redu\u00e7\u00e3o de jornada e proventos. Todas estas propostas fazem o funcionalismo se unir contra a equipe econ\u00f4mica do atual presidente.<\/span><\/p>\n<h3><strong>Congresso para servidores<\/strong><\/h3>\n<p style=\"text-align: justify;\"><span style=\"font-family: 'Arial','sans-serif';\">A Condsef est\u00e1 organizando um congresso que visa uma melhor articula\u00e7\u00e3o e planejamento da greve geral em 18 de mar\u00e7o de 2020.<\/span><\/p>\n<\/div><\/div><\/div><\/div><\/div><\/div><\/div><\/section><section class=\"l-section wpb_row us_custom_da65c38a height_auto with_overlay\" id=\"leia_mais\"><div class=\"l-section-overlay\" style=\"background: #f5f5f5\"><\/div><div class=\"l-section-h i-cf\"><div class=\"g-cols vc_row type_default valign_middle\"><div class=\"vc_col-sm-12 wpb_column vc_column_container\"><div class=\"vc_column-inner\"><div class=\"wpb_wrapper\"><div class=\"g-cols wpb_row  type_default valign_middle vc_inner\"><div class=\"vc_col-sm-12 wpb_column vc_column_container\"><div class=\"vc_column-inner\"><div class=\"wpb_wrapper\"><div class=\"aio-icon-component  vc_custom_1572282620453   style_1\"><div id=\"Info-box-wrap-4146\" class=\"aio-icon-box default-icon\" style=\"\"  ><div class=\"aio-icon-default\"><div class=\"ult-just-icon-wrapper  \"><div class=\"align-icon\" style=\"text-align:center;\">\n<div class=\"aio-icon none \"  style=\"color:#888888;font-size:26px;display:inline-block;\">\n\t<i class=\"Defaults-sign-out\"><\/i>\n<\/div><\/div><\/div><\/div><div class=\"aio-icon-header\" ><h4 class=\"aio-icon-title ult-responsive\"  data-ultimate-target='#Info-box-wrap-4146 .aio-icon-title'  data-responsive-json-new='{\"font-size\":\"\",\"line-height\":\"\"}'  style=\"\">Leia tamb\u00e9m...<\/h4><\/div> <!-- header --><\/div> <!-- aio-icon-box --><\/div> <!-- aio-icon-component --><div class=\"w-grid type_grid layout_10018 ratio_16x9\" id=\"us_grid_1\"><style id=\"us_grid_1_css\">#us_grid_1 .w-grid-item:not(:last-child){margin-bottom:1.5rem}#us_grid_1 .g-loadmore{margin-top:1.5rem}#us_grid_1 .w-grid-item-h:before{padding-bottom:56.2500%}<\/style><style>.layout_10018 .w-grid-item-h:before{padding-bottom:56.2500%}@media (min-width:600px){.layout_10018 .w-grid-item.size_1x2 .w-grid-item-h:before{padding-bottom:calc(112.5% + 1.5rem + 1.5rem)}.layout_10018 .w-grid-item.size_2x1 .w-grid-item-h:before{padding-bottom:calc(28.125% - 1.5rem * 0.5625)}.layout_10018 .w-grid-item.size_2x2 .w-grid-item-h:before{padding-bottom:calc(56.25% - 1.5rem * -0.875)}}.layout_10018 .w-grid-item-h{}@media(max-width:99px){.layout_10018 .usg_post_title_1{display:none!important}}.layout_10018 .usg_hwrapper_1{width:100%!important;margin-top:0px!important;margin-bottom:0px!important;padding-top:0px!important;padding-bottom:0px!important;position:static!important}.layout_10018 .usg_post_image_1{margin-right:2%!important;border-radius:5px!important;border-left-width:1px!important;border-bottom-width:1px!important;border-right-width:1px!important;border-color:#e4e4e4!important;border-right-style:solid!important;border-bottom-style:solid!important;border-left-style:solid!important}.layout_10018 .usg_post_title_1{margin-bottom:0.3rem!important;font-family:'Roboto',sans-serif!important;font-size:1rem!important}<\/style><div class=\"w-grid-list\" ><article class=\"w-grid-item size_1x1 post-10301 post type-post status-publish format-standard has-post-thumbnail hentry category-geral\" data-id=\"10301\">\n\t<div class=\"w-grid-item-h\">\n\t\t\t\t<div class=\"w-hwrapper usg_hwrapper_1 align_left valign_middle altura_100px\"><div class=\"w-post-elm post_image usg_post_image_1 vc_hidden-xs\"><a href=\"https:\/\/11ponto11servidor.com.br\/blogsrsiape\/stf-analisa-forma-para-reajuste-anual-de-servidores\/\" aria-label=\"STF analisa forma para reajuste anual de servidores\"><img loading=\"lazy\" decoding=\"async\" width=\"754\" height=\"268\" src=\"https:\/\/11ponto11servidor.com.br\/blogsrsiape\/wp-content\/uploads\/sites\/2\/2019\/12\/destaque-aumento.jpg\" class=\"attachment-full size-full wp-post-image\" alt=\"STF analisa forma para reajuste anual de servidores\" srcset=\"https:\/\/11ponto11servidor.com.br\/blogsrsiape\/wp-content\/uploads\/sites\/2\/2019\/12\/destaque-aumento.jpg 754w, https:\/\/11ponto11servidor.com.br\/blogsrsiape\/wp-content\/uploads\/sites\/2\/2019\/12\/destaque-aumento-300x107.jpg 300w\" sizes=\"(max-width: 754px) 100vw, 754px\" \/><\/a><\/div><h2 class=\"w-post-elm post_title usg_post_title_1 align_left entry-title color_link_inherit\"><a href=\"https:\/\/11ponto11servidor.com.br\/blogsrsiape\/stf-analisa-forma-para-reajuste-anual-de-servidores\/\">STF analisa forma para reajuste anual de servidores<\/a><\/h2><\/div>\t<\/div>\n<\/article>\n<\/div><div class=\"w-grid-preloader\"><div class=\"g-preloader type_3\">\n\t<div><\/div>\n<\/div>\n<\/div>\t<div class=\"w-grid-json hidden\" onclick='return {&quot;action&quot;:&quot;us_ajax_grid&quot;,&quot;ajax_url&quot;:&quot;https:\\\/\\\/11ponto11servidor.com.br\\\/blogsrsiape\\\/wp-admin\\\/admin-ajax.php&quot;,&quot;infinite_scroll&quot;:0,&quot;max_num_pages&quot;:1,&quot;pagination&quot;:&quot;none&quot;,&quot;permalink_url&quot;:&quot;https:\\\/\\\/11ponto11servidor.com.br\\\/blogsrsiape\\\/wp-json\\\/wp\\\/v2\\\/posts\\\/10307&quot;,&quot;template_vars&quot;:{&quot;columns&quot;:&quot;1&quot;,&quot;exclude_items&quot;:&quot;none&quot;,&quot;img_size&quot;:&quot;full&quot;,&quot;ignore_items_size&quot;:false,&quot;items_layout&quot;:&quot;10018&quot;,&quot;items_offset&quot;:&quot;1&quot;,&quot;load_animation&quot;:&quot;none&quot;,&quot;overriding_link&quot;:&quot;none&quot;,&quot;post_id&quot;:10307,&quot;query_args&quot;:{&quot;ignore_sticky_posts&quot;:1,&quot;post_type&quot;:&quot;any&quot;,&quot;post__in&quot;:[&quot;10301&quot;],&quot;posts_per_page&quot;:&quot;1&quot;},&quot;orderby_query_args&quot;:{&quot;orderby&quot;:{&quot;post__in&quot;:&quot;ASC&quot;}},&quot;type&quot;:&quot;grid&quot;,&quot;us_grid_ajax_index&quot;:1,&quot;us_grid_filter_params&quot;:null,&quot;us_grid_index&quot;:1,&quot;_us_grid_post_type&quot;:&quot;ids&quot;}}'><\/div>\n\t<\/div>[vc_raw_html]JTNDc3R5bGUlM0UuZGVmYXVsdC1pY29uJTIwLmFpby1pY29uLWRlZmF1bHQlMjAuYWlvLWljb24lMjAlN0JtYXJnaW4tdG9wJTNBMTBweCU3RC53LWdyaWQlNUJjbGFzcyUyQSUzRCUyMnJhdGlvXyUyMiU1RCUyMC53LWdyaWQtaXRlbS1oJTNBJTNBYmVmb3JlJTIwJTdCY29udGVudCUzQSUyMGluaGVyaXQlMjAlMjFpbXBvcnRhbnQlM0IlN0QlM0MlMkZzdHlsZSUzRQ==[\/vc_raw_html]<\/div><\/div><\/div><\/div><\/div><\/div><\/div><\/div><\/div><\/section><section class=\"l-section wpb_row height_auto\"><div class=\"l-section-h i-cf\"><div class=\"g-cols vc_row type_default valign_top\"><div class=\"vc_col-sm-12 wpb_column vc_column_container\"><div class=\"vc_column-inner\"><div class=\"wpb_wrapper\"><div class=\"wpb_text_column\" ><div class=\"wpb_wrapper\"><p>O evento est\u00e1 marcado para dar inicio nesta sexta 13\/12 se estendendo at\u00e9 domingo 15\/12. Al\u00e9m do congresso, uma manifesta\u00e7\u00e3o em frente ao minist\u00e9rio da economia tamb\u00e9m est\u00e1 sendo programada.<\/p>\n<p>Dentre as informa\u00e7\u00f5es que foram divulgadas at\u00e9 o momento, os principais participantes do movimento s\u00e3o:<\/p>\n<ul>\n<li>Central \u00danica dos Trabalhadores (CUT),<\/li>\n<li>Departamento Intersindical de Estat\u00edstica e Estudos Socioecon\u00f4micos (Dieese),<\/li>\n<li>Departamento Intersindical de Assessoria Parlamentar (Diap),<\/li>\n<li>Dentre outras entidades.<\/li>\n<\/ul>\n<\/div><\/div><\/div><\/div><\/div><\/div><\/div><\/section><section class=\"l-section wpb_row height_auto\"><div class=\"l-section-h i-cf\"><div class=\"g-cols vc_row type_default valign_top\"><div class=\"vc_col-sm-12 wpb_column vc_column_container\"><div class=\"vc_column-inner\"><div class=\"wpb_wrapper\"><div class=\"w-image vc_hidden-sm vc_hidden-xs largura_850px align_none\"><a target=\"_blank\" href=\"https:\/\/seuseguronoclick.com.br\/\" rel=\"noopener\" aria-label=\"Link\" class=\"w-image-h\"><img loading=\"lazy\" decoding=\"async\" width=\"900\" height=\"200\" src=\"https:\/\/11ponto11servidor.com.br\/blogsrsiape\/wp-content\/uploads\/sites\/2\/2019\/12\/banner-seguros-1.png\" class=\"attachment-full size-full\" alt=\"Sindicatos unidos pelos servidores - greve futura\" srcset=\"https:\/\/11ponto11servidor.com.br\/blogsrsiape\/wp-content\/uploads\/sites\/2\/2019\/12\/banner-seguros-1.png 900w, https:\/\/11ponto11servidor.com.br\/blogsrsiape\/wp-content\/uploads\/sites\/2\/2019\/12\/banner-seguros-1-300x67.png 300w\" sizes=\"(max-width: 900px) 100vw, 900px\" \/><\/a><\/div>[vc_raw_html]JTNDc3R5bGUlM0Uudy1pbWFnZS5tZXRhX21vZGVybiUyMC53LWltYWdlLW1ldGElMjAlN0Jjb2xvciUzQSUyM2NjYyUzQnRleHQtdHJhbnNmb3JtJTNBJTIwdXBwZXJjYXNlJTNCbGV0dGVyLXNwYWNpbmclM0ElMjAxcHglM0Jmb250LXNpemUlM0ElMjAxMHB4JTNCdG9wJTNBJTIwLTE4cHglM0JiYWNrZ3JvdW5kJTNBJTIwdHJhbnNwYXJlbnQlMjFpbXBvcnRhbnQlM0JwYWRkaW5nJTNBJTIwMCUyMWltcG9ydGFudCUzQmxlZnQlM0ElMjBpbmhlcml0JTIxaW1wb3J0YW50JTNCJTdEJTNDJTJGc3R5bGUlM0U=[\/vc_raw_html]<div class=\"w-image vc_hidden-md vc_hidden-lg align_none\"><a target=\"_blank\" href=\"https:\/\/seuseguronoclick.com.br\/\" rel=\"noopener\" aria-label=\"Link\" class=\"w-image-h\"><img loading=\"lazy\" decoding=\"async\" width=\"521\" height=\"535\" src=\"https:\/\/11ponto11servidor.com.br\/blogsrsiape\/wp-content\/uploads\/sites\/2\/2019\/12\/banner-seguros-3.png\" class=\"attachment-full size-full\" alt=\"\" srcset=\"https:\/\/11ponto11servidor.com.br\/blogsrsiape\/wp-content\/uploads\/sites\/2\/2019\/12\/banner-seguros-3.png 521w, https:\/\/11ponto11servidor.com.br\/blogsrsiape\/wp-content\/uploads\/sites\/2\/2019\/12\/banner-seguros-3-292x300.png 292w\" sizes=\"(max-width: 521px) 100vw, 521px\" \/><\/a><\/div><\/div><\/div><\/div><\/div><\/div><\/section><section class=\"l-section wpb_row height_auto\"><div class=\"l-section-h i-cf\"><div class=\"g-cols vc_row type_default valign_top\"><div class=\"vc_col-sm-12 wpb_column vc_column_container\"><div class=\"vc_column-inner\"><div class=\"wpb_wrapper\"><div class=\"wpb_text_column us_custom_da65c38a\" ><div class=\"wpb_wrapper\"><p>Segundo S\u00e9rgio Silva (secret\u00e1rio-geral Condsef), o objetivo \u00e9 conseguir unir todos os representantes das unidades da federa\u00e7\u00e3o. Assim, o debate sobre o assunto ter\u00e1 coro, ajudando em uma melhor estrat\u00e9gia para reivindica\u00e7\u00f5es.<\/p>\n<p>\u201c\u00c9 evidente que queremos reajuste salarial, principalmente por nossas remunera\u00e7\u00f5es j\u00e1 estarem congeladas h\u00e1 tr\u00eas anos. No entanto, o que tem tirado mais o nosso sono e nos enraivecido para a luta \u00e1rdua, \u00e9 a amea\u00e7a de desmonte completo do Estado\u201d, avalia.<\/p>\n<p>Os servidores querem primeiramente um di\u00e1logo sobre as mudan\u00e7as, mas caso n\u00e3o ocorra, estes prometem enfrentamento.<\/p>\n<\/div><\/div><\/div><\/div><\/div><\/div><\/div><\/section><section class=\"l-section wpb_row us_custom_da65c38a height_auto with_overlay\" id=\"leia_mais\"><div class=\"l-section-overlay\" style=\"background: #f5f5f5\"><\/div><div class=\"l-section-h i-cf\"><div class=\"g-cols vc_row type_default valign_middle\"><div class=\"vc_col-sm-12 wpb_column vc_column_container\"><div class=\"vc_column-inner\"><div class=\"wpb_wrapper\"><div class=\"g-cols wpb_row  type_default valign_middle vc_inner\"><div class=\"vc_col-sm-12 wpb_column vc_column_container\"><div class=\"vc_column-inner\"><div class=\"wpb_wrapper\"><div class=\"aio-icon-component  vc_custom_1572282620453   style_1\"><div id=\"Info-box-wrap-5853\" class=\"aio-icon-box default-icon\" style=\"\"  ><div class=\"aio-icon-default\"><div class=\"ult-just-icon-wrapper  \"><div class=\"align-icon\" style=\"text-align:center;\">\n<div class=\"aio-icon none \"  style=\"color:#888888;font-size:26px;display:inline-block;\">\n\t<i class=\"Defaults-sign-out\"><\/i>\n<\/div><\/div><\/div><\/div><div class=\"aio-icon-header\" ><h4 class=\"aio-icon-title ult-responsive\"  data-ultimate-target='#Info-box-wrap-5853 .aio-icon-title'  data-responsive-json-new='{\"font-size\":\"\",\"line-height\":\"\"}'  style=\"\">Leia tamb\u00e9m...<\/h4><\/div> <!-- header --><\/div> <!-- aio-icon-box --><\/div> <!-- aio-icon-component --><div class=\"w-grid type_grid layout_10018 ratio_16x9\" id=\"us_grid_2\"><style id=\"us_grid_2_css\">#us_grid_2 .w-grid-item:not(:last-child){margin-bottom:1.5rem}#us_grid_2 .g-loadmore{margin-top:1.5rem}#us_grid_2 .w-grid-item-h:before{padding-bottom:56.2500%}<\/style><div class=\"w-grid-list\" ><article class=\"w-grid-item size_1x1 post-10290 post type-post status-publish format-standard has-post-thumbnail hentry category-geral\" data-id=\"10290\">\n\t<div class=\"w-grid-item-h\">\n\t\t\t\t<div class=\"w-hwrapper usg_hwrapper_1 align_left valign_middle altura_100px\"><div class=\"w-post-elm post_image usg_post_image_1 vc_hidden-xs\"><a href=\"https:\/\/11ponto11servidor.com.br\/blogsrsiape\/resumo-da-semana-de-votacao-pec-a-suspensoes\/\" aria-label=\"Resumo da semana: Vota\u00e7\u00e3o PEC e suspens\u00f5es.\"><img loading=\"lazy\" decoding=\"async\" width=\"801\" height=\"264\" src=\"https:\/\/11ponto11servidor.com.br\/blogsrsiape\/wp-content\/uploads\/sites\/2\/2019\/11\/destque-semana.png\" class=\"attachment-full size-full wp-post-image\" alt=\"Servidores! Semana repleta de novidades\" srcset=\"https:\/\/11ponto11servidor.com.br\/blogsrsiape\/wp-content\/uploads\/sites\/2\/2019\/11\/destque-semana.png 801w, https:\/\/11ponto11servidor.com.br\/blogsrsiape\/wp-content\/uploads\/sites\/2\/2019\/11\/destque-semana-300x99.png 300w\" sizes=\"(max-width: 801px) 100vw, 801px\" \/><\/a><\/div><h2 class=\"w-post-elm post_title usg_post_title_1 align_left entry-title color_link_inherit\"><a href=\"https:\/\/11ponto11servidor.com.br\/blogsrsiape\/resumo-da-semana-de-votacao-pec-a-suspensoes\/\">Resumo da semana: Vota\u00e7\u00e3o PEC e suspens\u00f5es.<\/a><\/h2><\/div>\t<\/div>\n<\/article>\n<\/div><div class=\"w-grid-preloader\"><div class=\"g-preloader type_3\">\n\t<div><\/div>\n<\/div>\n<\/div>\t<div class=\"w-grid-json hidden\" onclick='return {&quot;action&quot;:&quot;us_ajax_grid&quot;,&quot;ajax_url&quot;:&quot;https:\\\/\\\/11ponto11servidor.com.br\\\/blogsrsiape\\\/wp-admin\\\/admin-ajax.php&quot;,&quot;infinite_scroll&quot;:0,&quot;max_num_pages&quot;:1,&quot;pagination&quot;:&quot;none&quot;,&quot;permalink_url&quot;:&quot;https:\\\/\\\/11ponto11servidor.com.br\\\/blogsrsiape\\\/wp-json\\\/wp\\\/v2\\\/posts\\\/10307&quot;,&quot;template_vars&quot;:{&quot;columns&quot;:&quot;1&quot;,&quot;exclude_items&quot;:&quot;none&quot;,&quot;img_size&quot;:&quot;full&quot;,&quot;ignore_items_size&quot;:false,&quot;items_layout&quot;:&quot;10018&quot;,&quot;items_offset&quot;:&quot;1&quot;,&quot;load_animation&quot;:&quot;none&quot;,&quot;overriding_link&quot;:&quot;none&quot;,&quot;post_id&quot;:10301,&quot;query_args&quot;:{&quot;ignore_sticky_posts&quot;:1,&quot;post_type&quot;:&quot;any&quot;,&quot;post__in&quot;:[&quot;10290&quot;],&quot;posts_per_page&quot;:&quot;1&quot;},&quot;orderby_query_args&quot;:{&quot;orderby&quot;:{&quot;post__in&quot;:&quot;ASC&quot;}},&quot;type&quot;:&quot;grid&quot;,&quot;us_grid_ajax_index&quot;:1,&quot;us_grid_filter_params&quot;:null,&quot;us_grid_index&quot;:2,&quot;_us_grid_post_type&quot;:&quot;ids&quot;}}'><\/div>\n\t<\/div>[vc_raw_html]JTNDc3R5bGUlM0UuZGVmYXVsdC1pY29uJTIwLmFpby1pY29uLWRlZmF1bHQlMjAuYWlvLWljb24lMjAlN0JtYXJnaW4tdG9wJTNBMTBweCU3RC53LWdyaWQlNUJjbGFzcyUyQSUzRCUyMnJhdGlvXyUyMiU1RCUyMC53LWdyaWQtaXRlbS1oJTNBJTNBYmVmb3JlJTIwJTdCY29udGVudCUzQSUyMGluaGVyaXQlMjAlMjFpbXBvcnRhbnQlM0IlN0QlM0MlMkZzdHlsZSUzRQ==[\/vc_raw_html]<\/div><\/div><\/div><\/div><\/div><\/div><\/div><\/div><\/div><\/section><section class=\"l-section wpb_row height_auto\"><div class=\"l-section-h i-cf\"><div class=\"g-cols vc_row type_default valign_top\"><div class=\"vc_col-sm-12 wpb_column vc_column_container\"><div class=\"vc_column-inner\"><div class=\"wpb_wrapper\"><div class=\"wpb_text_column us_custom_da65c38a\" ><div class=\"wpb_wrapper\"><p>De acordo com Silva, a orienta\u00e7\u00e3o transmitida aos participantes \u00e9 que: estes cheguem de forma antecipada ao protesto.<\/p>\n<h3><strong>Insatisfa\u00e7\u00e3o dos servidores<br \/>\n<\/strong><\/h3>\n<p>As jun\u00e7\u00f5es em favor do movimento se iniciaram em novembro, ap\u00f3s o corte de R$ 5,4 bilh\u00f5es pelo governo em rela\u00e7\u00e3o \u00e0s despesas com servidores.<\/p>\n<p>Neste per\u00edodo, um manifesto unificado foi aprovado, por parte da Plen\u00e1ria Nacional em Defesa dos Servi\u00e7os P\u00fablicos, das Empresas Estatais, do Brasil e dos Trabalhadores.<\/p>\n<p>A for\u00e7a da uni\u00e3o pelo servidor fez com que entidades sindicais de todas as esferas no funcionalismo assinassem o documento.\u00a0 Este por sua vez, visa mostrar ao governo a real import\u00e2ncia e magnitude do servi\u00e7o p\u00fablico para a nossa sociedade.<\/p>\n<\/div><\/div><\/div><\/div><\/div><\/div><\/div><\/section>\n","protected":false},"excerpt":{"rendered":"<p>Em defesa dos servidores, sindicatos em favor do funcionalismos de todas as esferas se unir\u00e3o em busca de melhorias. Com isto uma greve est\u00e1 prevista.<\/p>\n","protected":false},"author":1,"featured_media":10312,"comment_status":"open","ping_status":"open","sticky":false,"template":"","format":"standard","meta":{"footnotes":""},"categories":[1],"tags":[],"class_list":["post-10307","post","type-post","status-publish","format-standard","has-post-thumbnail","hentry","category-geral"],"yoast_head":"<!-- This site is optimized with the Yoast SEO plugin v23.6 - https:\/\/yoast.com\/wordpress\/plugins\/seo\/ -->\n<title>Sindicatos unidos pelos servidores - greve futura. - Blog do Sr. SIAPE<\/title>\n<meta name=\"description\" content=\"Em defesa dos servidores, sindicatos em favor do funcionalismos de todas as esferas se unir\u00e3o em busca de melhorias. Com isto uma greve est\u00e1 prevista.\" \/>\n<meta name=\"robots\" content=\"index, follow, max-snippet:-1, max-image-preview:large, max-video-preview:-1\" \/>\n<link rel=\"canonical\" href=\"https:\/\/blogdosrsiape.net\/sindicatos-unidos-pelos-servidores-greve-futura\/\" \/>\n<meta property=\"og:locale\" content=\"pt_BR\" \/>\n<meta property=\"og:type\" content=\"article\" \/>\n<meta property=\"og:title\" content=\"Sindicatos unidos pelos servidores - greve futura. - Blog do Sr. SIAPE\" \/>\n<meta property=\"og:description\" content=\"Em defesa dos servidores, sindicatos em favor do funcionalismos de todas as esferas se unir\u00e3o em busca de melhorias. Com isto uma greve est\u00e1 prevista.\" \/>\n<meta property=\"og:url\" content=\"https:\/\/blogdosrsiape.net\/sindicatos-unidos-pelos-servidores-greve-futura\/\" \/>\n<meta property=\"og:site_name\" content=\"Blog do Sr. SIAPE\" \/>\n<meta property=\"article:publisher\" content=\"https:\/\/www.facebook.com\/blogsrsiape\/?locale=pt_BR\" \/>\n<meta property=\"article:published_time\" content=\"2019-12-11T18:47:52+00:00\" \/>\n<meta property=\"article:modified_time\" content=\"2020-01-29T22:07:40+00:00\" \/>\n<meta property=\"og:image\" content=\"https:\/\/11ponto11servidor.com.br\/blogsrsiape\/wp-content\/uploads\/sites\/2\/2019\/12\/destaque-greve.jpg\" \/>\n\t<meta property=\"og:image:width\" content=\"754\" \/>\n\t<meta property=\"og:image:height\" content=\"268\" \/>\n\t<meta property=\"og:image:type\" content=\"image\/jpeg\" \/>\n<meta name=\"author\" content=\"websitemix\" \/>\n<meta name=\"twitter:card\" content=\"summary_large_image\" \/>\n<meta name=\"twitter:label1\" content=\"Escrito por\" \/>\n\t<meta name=\"twitter:data1\" content=\"websitemix\" \/>\n\t<meta name=\"twitter:label2\" content=\"Est. tempo de leitura\" \/>\n\t<meta name=\"twitter:data2\" content=\"5 minutos\" \/>\n<script type=\"application\/ld+json\" class=\"yoast-schema-graph\">{\"@context\":\"https:\/\/schema.org\",\"@graph\":[{\"@type\":\"Article\",\"@id\":\"https:\/\/blogdosrsiape.net\/sindicatos-unidos-pelos-servidores-greve-futura\/#article\",\"isPartOf\":{\"@id\":\"https:\/\/blogdosrsiape.net\/sindicatos-unidos-pelos-servidores-greve-futura\/\"},\"author\":{\"name\":\"websitemix\",\"@id\":\"https:\/\/blogdosrsiape.com\/#\/schema\/person\/641e1af8b22c69725a1d604fb8959bcf\"},\"headline\":\"Sindicatos unidos pelos servidores &#8211; greve futura.\",\"datePublished\":\"2019-12-11T18:47:52+00:00\",\"dateModified\":\"2020-01-29T22:07:40+00:00\",\"mainEntityOfPage\":{\"@id\":\"https:\/\/blogdosrsiape.net\/sindicatos-unidos-pelos-servidores-greve-futura\/\"},\"wordCount\":1041,\"commentCount\":0,\"publisher\":{\"@id\":\"https:\/\/blogdosrsiape.com\/#organization\"},\"image\":{\"@id\":\"https:\/\/blogdosrsiape.net\/sindicatos-unidos-pelos-servidores-greve-futura\/#primaryimage\"},\"thumbnailUrl\":\"https:\/\/11ponto11servidor.com.br\/blogsrsiape\/wp-content\/uploads\/sites\/2\/2019\/12\/destaque-greve.jpg\",\"articleSection\":[\"Geral\"],\"inLanguage\":\"pt-BR\",\"potentialAction\":[{\"@type\":\"CommentAction\",\"name\":\"Comment\",\"target\":[\"https:\/\/blogdosrsiape.net\/sindicatos-unidos-pelos-servidores-greve-futura\/#respond\"]}]},{\"@type\":\"WebPage\",\"@id\":\"https:\/\/blogdosrsiape.net\/sindicatos-unidos-pelos-servidores-greve-futura\/\",\"url\":\"https:\/\/blogdosrsiape.net\/sindicatos-unidos-pelos-servidores-greve-futura\/\",\"name\":\"Sindicatos unidos pelos servidores - greve futura. - Blog do Sr. SIAPE\",\"isPartOf\":{\"@id\":\"https:\/\/blogdosrsiape.com\/#website\"},\"primaryImageOfPage\":{\"@id\":\"https:\/\/blogdosrsiape.net\/sindicatos-unidos-pelos-servidores-greve-futura\/#primaryimage\"},\"image\":{\"@id\":\"https:\/\/blogdosrsiape.net\/sindicatos-unidos-pelos-servidores-greve-futura\/#primaryimage\"},\"thumbnailUrl\":\"https:\/\/11ponto11servidor.com.br\/blogsrsiape\/wp-content\/uploads\/sites\/2\/2019\/12\/destaque-greve.jpg\",\"datePublished\":\"2019-12-11T18:47:52+00:00\",\"dateModified\":\"2020-01-29T22:07:40+00:00\",\"description\":\"Em defesa dos servidores, sindicatos em favor do funcionalismos de todas as esferas se unir\u00e3o em busca de melhorias. Com isto uma greve est\u00e1 prevista.\",\"breadcrumb\":{\"@id\":\"https:\/\/blogdosrsiape.net\/sindicatos-unidos-pelos-servidores-greve-futura\/#breadcrumb\"},\"inLanguage\":\"pt-BR\",\"potentialAction\":[{\"@type\":\"ReadAction\",\"target\":[\"https:\/\/blogdosrsiape.net\/sindicatos-unidos-pelos-servidores-greve-futura\/\"]}]},{\"@type\":\"ImageObject\",\"inLanguage\":\"pt-BR\",\"@id\":\"https:\/\/blogdosrsiape.net\/sindicatos-unidos-pelos-servidores-greve-futura\/#primaryimage\",\"url\":\"https:\/\/11ponto11servidor.com.br\/blogsrsiape\/wp-content\/uploads\/sites\/2\/2019\/12\/destaque-greve.jpg\",\"contentUrl\":\"https:\/\/11ponto11servidor.com.br\/blogsrsiape\/wp-content\/uploads\/sites\/2\/2019\/12\/destaque-greve.jpg\",\"width\":754,\"height\":268,\"caption\":\"Sindicatos unidos pelos servidores - greve futura\"},{\"@type\":\"BreadcrumbList\",\"@id\":\"https:\/\/blogdosrsiape.net\/sindicatos-unidos-pelos-servidores-greve-futura\/#breadcrumb\",\"itemListElement\":[{\"@type\":\"ListItem\",\"position\":1,\"name\":\"In\u00edcio\",\"item\":\"https:\/\/blogdosrsiape.com\/\"},{\"@type\":\"ListItem\",\"position\":2,\"name\":\"Sindicatos unidos pelos servidores &#8211; greve futura.\"}]},{\"@type\":\"WebSite\",\"@id\":\"https:\/\/blogdosrsiape.com\/#website\",\"url\":\"https:\/\/blogdosrsiape.com\/\",\"name\":\"Blog do sr. SIAPE\",\"description\":\"SIAPE Servidor Federal\",\"publisher\":{\"@id\":\"https:\/\/blogdosrsiape.com\/#organization\"},\"potentialAction\":[{\"@type\":\"SearchAction\",\"target\":{\"@type\":\"EntryPoint\",\"urlTemplate\":\"https:\/\/blogdosrsiape.com\/?s={search_term_string}\"},\"query-input\":{\"@type\":\"PropertyValueSpecification\",\"valueRequired\":true,\"valueName\":\"search_term_string\"}}],\"inLanguage\":\"pt-BR\"},{\"@type\":\"Organization\",\"@id\":\"https:\/\/blogdosrsiape.com\/#organization\",\"name\":\"Blog do sr. SIAPE\",\"url\":\"https:\/\/blogdosrsiape.com\/\",\"logo\":{\"@type\":\"ImageObject\",\"inLanguage\":\"pt-BR\",\"@id\":\"https:\/\/blogdosrsiape.com\/#\/schema\/logo\/image\/\",\"url\":\"https:\/\/11ponto11servidor.com.br\/blogsrsiape\/wp-content\/uploads\/sites\/2\/2024\/10\/logo-1.png\",\"contentUrl\":\"https:\/\/11ponto11servidor.com.br\/blogsrsiape\/wp-content\/uploads\/sites\/2\/2024\/10\/logo-1.png\",\"width\":287,\"height\":116,\"caption\":\"Blog do sr. SIAPE\"},\"image\":{\"@id\":\"https:\/\/blogdosrsiape.com\/#\/schema\/logo\/image\/\"},\"sameAs\":[\"https:\/\/www.facebook.com\/blogsrsiape\/?locale=pt_BR\",\"https:\/\/www.instagram.com\/srsiape\/\"]},{\"@type\":\"Person\",\"@id\":\"https:\/\/blogdosrsiape.com\/#\/schema\/person\/641e1af8b22c69725a1d604fb8959bcf\",\"name\":\"websitemix\",\"sameAs\":[\"https:\/\/11ponto11servidor.com.br\"],\"url\":\"https:\/\/11ponto11servidor.com.br\/blogsrsiape\/author\/websitemix\/\"}]}<\/script>\n<!-- \/ Yoast SEO plugin. -->","yoast_head_json":{"title":"Sindicatos unidos pelos servidores - greve futura. - Blog do Sr. SIAPE","description":"Em defesa dos servidores, sindicatos em favor do funcionalismos de todas as esferas se unir\u00e3o em busca de melhorias. Com isto uma greve est\u00e1 prevista.","robots":{"index":"index","follow":"follow","max-snippet":"max-snippet:-1","max-image-preview":"max-image-preview:large","max-video-preview":"max-video-preview:-1"},"canonical":"https:\/\/blogdosrsiape.net\/sindicatos-unidos-pelos-servidores-greve-futura\/","og_locale":"pt_BR","og_type":"article","og_title":"Sindicatos unidos pelos servidores - greve futura. - Blog do Sr. SIAPE","og_description":"Em defesa dos servidores, sindicatos em favor do funcionalismos de todas as esferas se unir\u00e3o em busca de melhorias. Com isto uma greve est\u00e1 prevista.","og_url":"https:\/\/blogdosrsiape.net\/sindicatos-unidos-pelos-servidores-greve-futura\/","og_site_name":"Blog do Sr. SIAPE","article_publisher":"https:\/\/www.facebook.com\/blogsrsiape\/?locale=pt_BR","article_published_time":"2019-12-11T18:47:52+00:00","article_modified_time":"2020-01-29T22:07:40+00:00","og_image":[{"width":754,"height":268,"url":"https:\/\/11ponto11servidor.com.br\/blogsrsiape\/wp-content\/uploads\/sites\/2\/2019\/12\/destaque-greve.jpg","type":"image\/jpeg"}],"author":"websitemix","twitter_card":"summary_large_image","twitter_misc":{"Escrito por":"websitemix","Est. tempo de leitura":"5 minutos"},"schema":{"@context":"https:\/\/schema.org","@graph":[{"@type":"Article","@id":"https:\/\/blogdosrsiape.net\/sindicatos-unidos-pelos-servidores-greve-futura\/#article","isPartOf":{"@id":"https:\/\/blogdosrsiape.net\/sindicatos-unidos-pelos-servidores-greve-futura\/"},"author":{"name":"websitemix","@id":"https:\/\/blogdosrsiape.com\/#\/schema\/person\/641e1af8b22c69725a1d604fb8959bcf"},"headline":"Sindicatos unidos pelos servidores &#8211; greve futura.","datePublished":"2019-12-11T18:47:52+00:00","dateModified":"2020-01-29T22:07:40+00:00","mainEntityOfPage":{"@id":"https:\/\/blogdosrsiape.net\/sindicatos-unidos-pelos-servidores-greve-futura\/"},"wordCount":1041,"commentCount":0,"publisher":{"@id":"https:\/\/blogdosrsiape.com\/#organization"},"image":{"@id":"https:\/\/blogdosrsiape.net\/sindicatos-unidos-pelos-servidores-greve-futura\/#primaryimage"},"thumbnailUrl":"https:\/\/11ponto11servidor.com.br\/blogsrsiape\/wp-content\/uploads\/sites\/2\/2019\/12\/destaque-greve.jpg","articleSection":["Geral"],"inLanguage":"pt-BR","potentialAction":[{"@type":"CommentAction","name":"Comment","target":["https:\/\/blogdosrsiape.net\/sindicatos-unidos-pelos-servidores-greve-futura\/#respond"]}]},{"@type":"WebPage","@id":"https:\/\/blogdosrsiape.net\/sindicatos-unidos-pelos-servidores-greve-futura\/","url":"https:\/\/blogdosrsiape.net\/sindicatos-unidos-pelos-servidores-greve-futura\/","name":"Sindicatos unidos pelos servidores - greve futura. - Blog do Sr. SIAPE","isPartOf":{"@id":"https:\/\/blogdosrsiape.com\/#website"},"primaryImageOfPage":{"@id":"https:\/\/blogdosrsiape.net\/sindicatos-unidos-pelos-servidores-greve-futura\/#primaryimage"},"image":{"@id":"https:\/\/blogdosrsiape.net\/sindicatos-unidos-pelos-servidores-greve-futura\/#primaryimage"},"thumbnailUrl":"https:\/\/11ponto11servidor.com.br\/blogsrsiape\/wp-content\/uploads\/sites\/2\/2019\/12\/destaque-greve.jpg","datePublished":"2019-12-11T18:47:52+00:00","dateModified":"2020-01-29T22:07:40+00:00","description":"Em defesa dos servidores, sindicatos em favor do funcionalismos de todas as esferas se unir\u00e3o em busca de melhorias. Com isto uma greve est\u00e1 prevista.","breadcrumb":{"@id":"https:\/\/blogdosrsiape.net\/sindicatos-unidos-pelos-servidores-greve-futura\/#breadcrumb"},"inLanguage":"pt-BR","potentialAction":[{"@type":"ReadAction","target":["https:\/\/blogdosrsiape.net\/sindicatos-unidos-pelos-servidores-greve-futura\/"]}]},{"@type":"ImageObject","inLanguage":"pt-BR","@id":"https:\/\/blogdosrsiape.net\/sindicatos-unidos-pelos-servidores-greve-futura\/#primaryimage","url":"https:\/\/11ponto11servidor.com.br\/blogsrsiape\/wp-content\/uploads\/sites\/2\/2019\/12\/destaque-greve.jpg","contentUrl":"https:\/\/11ponto11servidor.com.br\/blogsrsiape\/wp-content\/uploads\/sites\/2\/2019\/12\/destaque-greve.jpg","width":754,"height":268,"caption":"Sindicatos unidos pelos servidores - greve futura"},{"@type":"BreadcrumbList","@id":"https:\/\/blogdosrsiape.net\/sindicatos-unidos-pelos-servidores-greve-futura\/#breadcrumb","itemListElement":[{"@type":"ListItem","position":1,"name":"In\u00edcio","item":"https:\/\/blogdosrsiape.com\/"},{"@type":"ListItem","position":2,"name":"Sindicatos unidos pelos servidores &#8211; greve futura."}]},{"@type":"WebSite","@id":"https:\/\/blogdosrsiape.com\/#website","url":"https:\/\/blogdosrsiape.com\/","name":"Blog do sr. SIAPE","description":"SIAPE Servidor Federal","publisher":{"@id":"https:\/\/blogdosrsiape.com\/#organization"},"potentialAction":[{"@type":"SearchAction","target":{"@type":"EntryPoint","urlTemplate":"https:\/\/blogdosrsiape.com\/?s={search_term_string}"},"query-input":{"@type":"PropertyValueSpecification","valueRequired":true,"valueName":"search_term_string"}}],"inLanguage":"pt-BR"},{"@type":"Organization","@id":"https:\/\/blogdosrsiape.com\/#organization","name":"Blog do sr. SIAPE","url":"https:\/\/blogdosrsiape.com\/","logo":{"@type":"ImageObject","inLanguage":"pt-BR","@id":"https:\/\/blogdosrsiape.com\/#\/schema\/logo\/image\/","url":"https:\/\/11ponto11servidor.com.br\/blogsrsiape\/wp-content\/uploads\/sites\/2\/2024\/10\/logo-1.png","contentUrl":"https:\/\/11ponto11servidor.com.br\/blogsrsiape\/wp-content\/uploads\/sites\/2\/2024\/10\/logo-1.png","width":287,"height":116,"caption":"Blog do sr. SIAPE"},"image":{"@id":"https:\/\/blogdosrsiape.com\/#\/schema\/logo\/image\/"},"sameAs":["https:\/\/www.facebook.com\/blogsrsiape\/?locale=pt_BR","https:\/\/www.instagram.com\/srsiape\/"]},{"@type":"Person","@id":"https:\/\/blogdosrsiape.com\/#\/schema\/person\/641e1af8b22c69725a1d604fb8959bcf","name":"websitemix","sameAs":["https:\/\/11ponto11servidor.com.br"],"url":"https:\/\/11ponto11servidor.com.br\/blogsrsiape\/author\/websitemix\/"}]}},"_links":{"self":[{"href":"https:\/\/11ponto11servidor.com.br\/blogsrsiape\/wp-json\/wp\/v2\/posts\/10307"}],"collection":[{"href":"https:\/\/11ponto11servidor.com.br\/blogsrsiape\/wp-json\/wp\/v2\/posts"}],"about":[{"href":"https:\/\/11ponto11servidor.com.br\/blogsrsiape\/wp-json\/wp\/v2\/types\/post"}],"author":[{"embeddable":true,"href":"https:\/\/11ponto11servidor.com.br\/blogsrsiape\/wp-json\/wp\/v2\/users\/1"}],"replies":[{"embeddable":true,"href":"https:\/\/11ponto11servidor.com.br\/blogsrsiape\/wp-json\/wp\/v2\/comments?post=10307"}],"version-history":[{"count":0,"href":"https:\/\/11ponto11servidor.com.br\/blogsrsiape\/wp-json\/wp\/v2\/posts\/10307\/revisions"}],"wp:featuredmedia":[{"embeddable":true,"href":"https:\/\/11ponto11servidor.com.br\/blogsrsiape\/wp-json\/wp\/v2\/media\/10312"}],"wp:attachment":[{"href":"https:\/\/11ponto11servidor.com.br\/blogsrsiape\/wp-json\/wp\/v2\/media?parent=10307"}],"wp:term":[{"taxonomy":"category","embeddable":true,"href":"https:\/\/11ponto11servidor.com.br\/blogsrsiape\/wp-json\/wp\/v2\/categories?post=10307"},{"taxonomy":"post_tag","embeddable":true,"href":"https:\/\/11ponto11servidor.com.br\/blogsrsiape\/wp-json\/wp\/v2\/tags?post=10307"}],"curies":[{"name":"wp","href":"https:\/\/api.w.org\/{rel}","templated":true}]}}