{"id":10931,"date":"2020-02-03T19:26:14","date_gmt":"2020-02-03T21:26:14","guid":{"rendered":"https:\/\/11ponto11servidor.com.br\/blogsrsiape\/?p=10931"},"modified":"2020-02-03T20:06:54","modified_gmt":"2020-02-03T22:06:54","slug":"pec-com-reducao-salarial-aprovada-servidores-vao-ao-stf","status":"publish","type":"post","link":"https:\/\/11ponto11servidor.com.br\/blogsrsiape\/pec-com-reducao-salarial-aprovada-servidores-vao-ao-stf\/","title":{"rendered":"PEC: Com redu\u00e7\u00e3o salarial aprovada servidores v\u00e3o ao STF."},"content":{"rendered":"<section class=\"l-section wpb_row height_auto\"><div class=\"l-section-h i-cf\"><div class=\"g-cols vc_row type_default valign_top\"><div class=\"vc_col-sm-12 wpb_column vc_column_container\"><div class=\"vc_column-inner\"><div class=\"wpb_wrapper\">[vc_raw_html el_class=&#8221;vc_hidden-sm vc_hidden-xs&#8221;]JTNDc2NyaXB0JTIwdHlwZSUzRCUyMnRleHQlMkZqYXZhc2NyaXB0JTIyJTNFdmFyJTIwYmFubmVyc25hY2tfZW1iZWQlMjAlM0QlMjAlN0IlMjJoYXNoJTIyJTNBJTIyYnZ1bWFubnh3JTIyJTJDJTIyd2lkdGglMjIlM0E5NzAlMkMlMjJoZWlnaHQlMjIlM0EyNTAlMkMlMjJ0JTIyJTNBMTU4MDc2NzA5MSUyQyUyMnVzZXJJZCUyMiUzQTM3ODkxMDAxJTJDJTIydHlwZSUyMiUzQSUyMmh0bWw1JTIyJTdEJTNCJTNDJTJGc2NyaXB0JTNFJTNDc2NyaXB0JTIwdHlwZSUzRCUyMnRleHQlMkZqYXZhc2NyaXB0JTIyJTIwc3JjJTNEJTIyJTJGJTJGY2RuLmJhbm5lcnNuYWNrLmNvbSUyRmlmcmFtZSUyRmVtYmVkLmpzJTIyJTNFJTNDJTJGc2NyaXB0JTNF[\/vc_raw_html][vc_custom_heading text=&#8221;PEC emergencial volta a ter destaque e servidores prometem ir ao STF se redu\u00e7\u00e3o de sal\u00e1rios for aprovada.&#8221; font_container=&#8221;tag:h4|text_align:left&#8221; use_theme_fonts=&#8221;yes&#8221; el_class=&#8221;italico&#8221;][vc_raw_html el_class=&#8221;vc_hidden-md vc_hidden-lg&#8221;]JTNDc2NyaXB0JTIwdHlwZSUzRCUyMnRleHQlMkZqYXZhc2NyaXB0JTIyJTNFdmFyJTIwYmFubmVyc25hY2tfZW1iZWQlMjAlM0QlMjAlN0IlMjJoYXNoJTIyJTNBJTIyYjdqaWVrcHoyJTIyJTJDJTIyd2lkdGglMjIlM0E1MDAlMkMlMjJoZWlnaHQlMjIlM0E1MDAlMkMlMjJ0JTIyJTNBMTU4MDc2NzE1NSUyQyUyMnVzZXJJZCUyMiUzQTM3ODkxMDAxJTJDJTIydHlwZSUyMiUzQSUyMmh0bWw1JTIyJTdEJTNCJTNDJTJGc2NyaXB0JTNFJTNDc2NyaXB0JTIwdHlwZSUzRCUyMnRleHQlMkZqYXZhc2NyaXB0JTIyJTIwc3JjJTNEJTIyJTJGJTJGY2RuLmJhbm5lcnNuYWNrLmNvbSUyRmlmcmFtZSUyRmVtYmVkLmpzJTIyJTNFJTNDJTJGc2NyaXB0JTNFJTBB[\/vc_raw_html]<div class=\"w-separator size_small\"><\/div><\/div><\/div><\/div><\/div><\/div><\/section><section class=\"l-section wpb_row height_auto\"><div class=\"l-section-h i-cf\"><div class=\"g-cols vc_row type_default valign_top\"><div class=\"vc_col-sm-12 wpb_column vc_column_container\"><div class=\"vc_column-inner\"><div class=\"wpb_wrapper\"><div class=\"wpb_text_column\" ><div class=\"wpb_wrapper\"><p>A PEC emergencial vem conquistando cada vez mais parlamentares, principalmente pelo apoio apresentado por Rodrigo Maia. O projeto de emenda faz parte do \u201cplano mais Brasil\u201d do governo que busca conter os gastos no pa\u00eds.<\/p>\n<p>A partir deste plano, espera-se uma economia de R$ 50 bi por cerca de 10 anos. Como j\u00e1 abordado em outros artigos, a PEC emergencial poder\u00e1 reduzir at\u00e9 25% da jornada e sal\u00e1rios dos servidores caso aprovada.<\/p>\n<p>&nbsp;<\/p>\n<h3><strong>Estado de aten\u00e7\u00e3o na PEC com a volta do congresso. <\/strong><\/h3>\n<p>&nbsp;<\/p>\n<p>O funcionalismo anda atento a todas as poss\u00edveis mudan\u00e7as e decis\u00f5es que possam vir a ocorrer. Contudo, os servidores v\u00eam tentando frear o prosseguimento do texto e prometem entrar na justi\u00e7a caso a PEC seja aprovada.<\/p>\n<p>Alguns representantes dos servidores afirmam que os sal\u00e1rios s\u00e3o algo irredut\u00edvel. E neste momento, mudar este entendimento ser\u00e1 o gatilho para entrar com uma a\u00e7\u00e3o no STF para analise de constitucionalidade.<\/p>\n<p>O texto base da PEC prev\u00ea muitas outras medidas para que haja uma conten\u00e7\u00e3o de gastos. No entanto Rudinei Marques (presidente do Fonacate), afirmou que cortar sal\u00e1rios \u00e9 algo \u201cindiscut\u00edvel\u201d.<\/p>\n<\/div><\/div><div class=\"w-separator size_small\"><\/div><\/div><\/div><\/div><\/div><\/div><\/section><section class=\"l-section wpb_row us_custom_a11d379a height_auto with_overlay\" id=\"leia_mais\"><div class=\"l-section-overlay\" style=\"background: #f5f5f5\"><\/div><div class=\"l-section-h i-cf\"><div class=\"g-cols vc_row type_default valign_middle\"><div class=\"vc_col-sm-12 wpb_column vc_column_container\"><div class=\"vc_column-inner\"><div class=\"wpb_wrapper\"><div class=\"g-cols wpb_row  type_default valign_middle vc_inner\"><div class=\"vc_col-sm-12 wpb_column vc_column_container\"><div class=\"vc_column-inner\"><div class=\"wpb_wrapper\"><div class=\"aio-icon-component  vc_custom_1572282620453   style_1\"><div id=\"Info-box-wrap-4743\" class=\"aio-icon-box default-icon\" style=\"\"  ><div class=\"aio-icon-default\"><div class=\"ult-just-icon-wrapper  \"><div class=\"align-icon\" style=\"text-align:center;\">\n<div class=\"aio-icon none \"  style=\"color:#888888;font-size:26px;display:inline-block;\">\n\t<i class=\"Defaults-sign-out\"><\/i>\n<\/div><\/div><\/div><\/div><div class=\"aio-icon-header\" ><h4 class=\"aio-icon-title ult-responsive\"  data-ultimate-target='#Info-box-wrap-4743 .aio-icon-title'  data-responsive-json-new='{\"font-size\":\"\",\"line-height\":\"\"}'  style=\"\">Leia tamb\u00e9m...<\/h4><\/div> <!-- header --><\/div> <!-- aio-icon-box --><\/div> <!-- aio-icon-component --><div class=\"w-grid type_grid layout_10018 ratio_16x9\" id=\"us_grid_1\"><style id=\"us_grid_1_css\">#us_grid_1 .w-grid-item:not(:last-child){margin-bottom:1.5rem}#us_grid_1 .g-loadmore{margin-top:1.5rem}#us_grid_1 .w-grid-item-h:before{padding-bottom:56.2500%}<\/style><style>.layout_10018 .w-grid-item-h:before{padding-bottom:56.2500%}@media (min-width:600px){.layout_10018 .w-grid-item.size_1x2 .w-grid-item-h:before{padding-bottom:calc(112.5% + 1.5rem + 1.5rem)}.layout_10018 .w-grid-item.size_2x1 .w-grid-item-h:before{padding-bottom:calc(28.125% - 1.5rem * 0.5625)}.layout_10018 .w-grid-item.size_2x2 .w-grid-item-h:before{padding-bottom:calc(56.25% - 1.5rem * -0.875)}}.layout_10018 .w-grid-item-h{}@media(max-width:99px){.layout_10018 .usg_post_title_1{display:none!important}}.layout_10018 .usg_hwrapper_1{width:100%!important;margin-top:0px!important;margin-bottom:0px!important;padding-top:0px!important;padding-bottom:0px!important;position:static!important}.layout_10018 .usg_post_image_1{margin-right:2%!important;border-radius:5px!important;border-left-width:1px!important;border-bottom-width:1px!important;border-right-width:1px!important;border-color:#e4e4e4!important;border-right-style:solid!important;border-bottom-style:solid!important;border-left-style:solid!important}.layout_10018 .usg_post_title_1{margin-bottom:0.3rem!important;font-family:'Roboto',sans-serif!important;font-size:1rem!important}<\/style><div class=\"w-grid-list\" ><article class=\"w-grid-item size_1x1 post-10916 post type-post status-publish format-standard has-post-thumbnail hentry category-resumo-da-semana\" data-id=\"10916\">\n\t<div class=\"w-grid-item-h\">\n\t\t\t\t<div class=\"w-hwrapper usg_hwrapper_1 align_left valign_middle altura_100px\"><div class=\"w-post-elm post_image usg_post_image_1 vc_hidden-xs\"><a href=\"https:\/\/11ponto11servidor.com.br\/blogsrsiape\/reforma-em-destaque-no-resumo-desta-semana\/\" aria-label=\"Reforma em destaque no resumo desta semana!\"><img loading=\"lazy\" decoding=\"async\" width=\"801\" height=\"264\" src=\"https:\/\/11ponto11servidor.com.br\/blogsrsiape\/wp-content\/uploads\/sites\/2\/2019\/11\/destque-semana.png\" class=\"attachment-full size-full wp-post-image\" alt=\"Servidores! Semana repleta de novidades\" srcset=\"https:\/\/11ponto11servidor.com.br\/blogsrsiape\/wp-content\/uploads\/sites\/2\/2019\/11\/destque-semana.png 801w, https:\/\/11ponto11servidor.com.br\/blogsrsiape\/wp-content\/uploads\/sites\/2\/2019\/11\/destque-semana-300x99.png 300w\" sizes=\"(max-width: 801px) 100vw, 801px\" \/><\/a><\/div><h2 class=\"w-post-elm post_title usg_post_title_1 align_left entry-title color_link_inherit\"><a href=\"https:\/\/11ponto11servidor.com.br\/blogsrsiape\/reforma-em-destaque-no-resumo-desta-semana\/\">Reforma em destaque no resumo desta semana!<\/a><\/h2><\/div>\t<\/div>\n<\/article>\n<\/div><div class=\"w-grid-preloader\"><div class=\"g-preloader type_3\">\n\t<div><\/div>\n<\/div>\n<\/div>\t<div class=\"w-grid-json hidden\" onclick='return {&quot;action&quot;:&quot;us_ajax_grid&quot;,&quot;ajax_url&quot;:&quot;https:\\\/\\\/11ponto11servidor.com.br\\\/blogsrsiape\\\/wp-admin\\\/admin-ajax.php&quot;,&quot;infinite_scroll&quot;:0,&quot;max_num_pages&quot;:1,&quot;pagination&quot;:&quot;none&quot;,&quot;permalink_url&quot;:&quot;https:\\\/\\\/11ponto11servidor.com.br\\\/blogsrsiape\\\/wp-json\\\/wp\\\/v2\\\/posts\\\/10931&quot;,&quot;template_vars&quot;:{&quot;columns&quot;:&quot;1&quot;,&quot;exclude_items&quot;:&quot;none&quot;,&quot;img_size&quot;:&quot;full&quot;,&quot;ignore_items_size&quot;:false,&quot;items_layout&quot;:&quot;10018&quot;,&quot;items_offset&quot;:&quot;1&quot;,&quot;load_animation&quot;:&quot;none&quot;,&quot;overriding_link&quot;:&quot;none&quot;,&quot;post_id&quot;:10931,&quot;query_args&quot;:{&quot;ignore_sticky_posts&quot;:1,&quot;post_type&quot;:&quot;any&quot;,&quot;post__in&quot;:[&quot;10916&quot;],&quot;posts_per_page&quot;:&quot;1&quot;},&quot;orderby_query_args&quot;:{&quot;orderby&quot;:{&quot;post__in&quot;:&quot;ASC&quot;}},&quot;type&quot;:&quot;grid&quot;,&quot;us_grid_ajax_index&quot;:1,&quot;us_grid_filter_params&quot;:null,&quot;us_grid_index&quot;:1,&quot;_us_grid_post_type&quot;:&quot;ids&quot;}}'><\/div>\n\t<\/div>[vc_raw_html]JTNDc3R5bGUlM0UuZGVmYXVsdC1pY29uJTIwLmFpby1pY29uLWRlZmF1bHQlMjAuYWlvLWljb24lMjAlN0JtYXJnaW4tdG9wJTNBMTBweCU3RC53LWdyaWQlNUJjbGFzcyUyQSUzRCUyMnJhdGlvXyUyMiU1RCUyMC53LWdyaWQtaXRlbS1oJTNBJTNBYmVmb3JlJTIwJTdCY29udGVudCUzQSUyMGluaGVyaXQlMjAlMjFpbXBvcnRhbnQlM0IlN0QlM0MlMkZzdHlsZSUzRQ==[\/vc_raw_html]<\/div><\/div><\/div><\/div><\/div><\/div><\/div><\/div><\/div><\/section><section class=\"l-section wpb_row height_auto\"><div class=\"l-section-h i-cf\"><div class=\"g-cols vc_row type_default valign_top\"><div class=\"vc_col-sm-12 wpb_column vc_column_container\"><div class=\"vc_column-inner\"><div class=\"wpb_wrapper\"><div class=\"wpb_text_column\" ><div class=\"wpb_wrapper\"><p>Marques continuou dizendo &#8220;No caso da redu\u00e7\u00e3o salarial, haver\u00e1 briga no Supremo, porque a irredutibilidade salarial entendemos ser cl\u00e1usula p\u00e9trea&#8221;.<\/p>\n<p>Como outras medidas paliativas para conten\u00e7\u00e3o de gastos est\u00e3o estabelecidas no texto: proibi\u00e7\u00e3o progress\u00f5es de carreira, aumentos salarias vetados, como tamb\u00e9m realizar concursos.<\/p>\n<p>&nbsp;<\/p>\n<h3><strong>Direitos sociais em cheque <\/strong><\/h3>\n<p>&nbsp;<\/p>\n<p>A expectativa dos servidores como de alguns juristas \u00e9 de que o texto base receba diversos questionamentos de \u00e2mbito jur\u00eddico, dificultando o prosseguimento do texto.<\/p>\n<p>De acordo com Manoel Peixinho, as cl\u00e1usulas p\u00e9treas citadas acima, est\u00e3o presentes no artigo 60 \u00a74\u00ba da constitui\u00e7\u00e3o federal.<\/p>\n<p>Peixinho afirmou ainda que &#8220;S\u00e3o a forma federativa de Estado; o voto direto, secreto, universal e peri\u00f3dico; a separa\u00e7\u00e3o dos Poderes; e os direitos e garantias individuais&#8221;.<\/p>\n<p>A irredutibilidade salarial \u00e9 um direito social no Brasil, onde este n\u00e3o tem rela\u00e7\u00e3o as cl\u00e1usulas p\u00e9treas, segundo Peixinho. Contudo, o jurista levantou um questionamento: pode haver uma interpreta\u00e7\u00e3o de que os direitos sociais integram o n\u00facleo dos direitos individuais.<\/p>\n<\/div><\/div><div class=\"w-separator size_small\"><\/div><\/div><\/div><\/div><\/div><\/div><\/section><section class=\"l-section wpb_row height_auto\"><div class=\"l-section-h i-cf\"><div class=\"g-cols vc_row type_default valign_top\"><div class=\"vc_col-sm-12 wpb_column vc_column_container\"><div class=\"vc_column-inner\"><div class=\"wpb_wrapper\">[vc_raw_html el_class=&#8221;vc_hidden-sm vc_hidden-xs&#8221;]JTNDc2NyaXB0JTIwdHlwZSUzRCUyMnRleHQlMkZqYXZhc2NyaXB0JTIyJTNFdmFyJTIwYmFubmVyc25hY2tfZW1iZWQlMjAlM0QlMjAlN0IlMjJoYXNoJTIyJTNBJTIyYnU5bDZtM3ViJTIyJTJDJTIyd2lkdGglMjIlM0E5NzAlMkMlMjJoZWlnaHQlMjIlM0EyNTAlMkMlMjJ0JTIyJTNBMTU4MDc2NzAzMiUyQyUyMnVzZXJJZCUyMiUzQTM3ODkxMDAxJTJDJTIydHlwZSUyMiUzQSUyMmh0bWw1JTIyJTdEJTNCJTNDJTJGc2NyaXB0JTNFJTNDc2NyaXB0JTIwdHlwZSUzRCUyMnRleHQlMkZqYXZhc2NyaXB0JTIyJTIwc3JjJTNEJTIyJTJGJTJGY2RuLmJhbm5lcnNuYWNrLmNvbSUyRmlmcmFtZSUyRmVtYmVkLmpzJTIyJTNFJTNDJTJGc2NyaXB0JTNF[\/vc_raw_html][vc_raw_html el_class=&#8221;vc_hidden-md vc_hidden-lg&#8221;]JTNDc2NyaXB0JTIwdHlwZSUzRCUyMnRleHQlMkZqYXZhc2NyaXB0JTIyJTNFdmFyJTIwYmFubmVyc25hY2tfZW1iZWQlMjAlM0QlMjAlN0IlMjJoYXNoJTIyJTNBJTIyYnZ1aXlwbnh3JTIyJTJDJTIyd2lkdGglMjIlM0E1MDAlMkMlMjJoZWlnaHQlMjIlM0E1MDAlMkMlMjJ0JTIyJTNBMTU4MDc2Njk2NyUyQyUyMnVzZXJJZCUyMiUzQTM3ODkxMDAxJTJDJTIydHlwZSUyMiUzQSUyMmh0bWw1JTIyJTdEJTNCJTNDJTJGc2NyaXB0JTNFJTNDc2NyaXB0JTIwdHlwZSUzRCUyMnRleHQlMkZqYXZhc2NyaXB0JTIyJTIwc3JjJTNEJTIyJTJGJTJGY2RuLmJhbm5lcnNuYWNrLmNvbSUyRmlmcmFtZSUyRmVtYmVkLmpzJTIyJTNFJTNDJTJGc2NyaXB0JTNF[\/vc_raw_html]<div class=\"w-separator size_small\"><\/div><\/div><\/div><\/div><\/div><\/div><\/section><section class=\"l-section wpb_row height_auto\"><div class=\"l-section-h i-cf\"><div class=\"g-cols vc_row type_default valign_top\"><div class=\"vc_col-sm-12 wpb_column vc_column_container\"><div class=\"vc_column-inner\"><div class=\"wpb_wrapper\"><div class=\"wpb_text_column\" ><div class=\"wpb_wrapper\"><p>Peixinho destacou que &#8220;E, assim, poder\u00e3o ser considerados cl\u00e1usulas p\u00e9treas. Mas essa compreens\u00e3o pode ser objeto de debate no Judici\u00e1rio, principalmente no STF&#8221;.<\/p>\n<p>&#8220;A interpreta\u00e7\u00e3o mais garantista \u00e9 de que os direitos sociais integram o n\u00facleo dos direitos individuais, que est\u00e3o protegidos na Constitui\u00e7\u00e3o como cl\u00e1usulas p\u00e9treas. Mas se a Justi\u00e7a (o entendimento) for liberal, dir\u00e1 que n\u00e3o. Caber\u00e1 em \u00faltima inst\u00e2ncia ao Supremo dizer&#8221;, finalizou Peixinho.<\/p>\n<p>Para concluir sua argumenta\u00e7\u00e3o, Peixinho concluiu dizendo: &#8220;A redu\u00e7\u00e3o de sal\u00e1rios poder\u00e1 surtir um efeito colateral, diminuindo o poder de compra da classe trabalhadora. Assim, poder\u00e1 haver desaquecimento da economia&#8221;.<\/p>\n<\/div><\/div><div class=\"w-separator size_small\"><\/div><\/div><\/div><\/div><\/div><\/div><\/section><section class=\"l-section wpb_row height_auto\"><div class=\"l-section-h i-cf\"><div class=\"g-cols vc_row type_default valign_top\"><div class=\"vc_col-sm-12 wpb_column vc_column_container\"><div class=\"vc_column-inner\"><div class=\"wpb_wrapper\">[vc_raw_html el_class=&#8221;vc_hidden-sm vc_hidden-xs&#8221;]JTNDc2NyaXB0JTIwdHlwZSUzRCUyMnRleHQlMkZqYXZhc2NyaXB0JTIyJTNFdmFyJTIwYmFubmVyc25hY2tfZW1iZWQlMjAlM0QlMjAlN0IlMjJoYXNoJTIyJTNBJTIyYmRwbDZtM3ViJTIyJTJDJTIyd2lkdGglMjIlM0E5NzAlMkMlMjJoZWlnaHQlMjIlM0EyNTAlMkMlMjJ0JTIyJTNBMTU4MDc2Njg2OSUyQyUyMnVzZXJJZCUyMiUzQTM3ODkxMDAxJTJDJTIydHlwZSUyMiUzQSUyMmh0bWw1JTIyJTdEJTNCJTNDJTJGc2NyaXB0JTNFJTNDc2NyaXB0JTIwdHlwZSUzRCUyMnRleHQlMkZqYXZhc2NyaXB0JTIyJTIwc3JjJTNEJTIyJTJGJTJGY2RuLmJhbm5lcnNuYWNrLmNvbSUyRmlmcmFtZSUyRmVtYmVkLmpzJTIyJTNFJTNDJTJGc2NyaXB0JTNF[\/vc_raw_html][vc_raw_html el_class=&#8221;vc_hidden-md vc_hidden-lg&#8221;]JTNDc2NyaXB0JTIwdHlwZSUzRCUyMnRleHQlMkZqYXZhc2NyaXB0JTIyJTNFdmFyJTIwYmFubmVyc25hY2tfZW1iZWQlMjAlM0QlMjAlN0IlMjJoYXNoJTIyJTNBJTIyYnQzMjdzYW14JTIyJTJDJTIyd2lkdGglMjIlM0E1MDAlMkMlMjJoZWlnaHQlMjIlM0E1MDAlMkMlMjJ0JTIyJTNBMTU4MDc2NjgwMCUyQyUyMnVzZXJJZCUyMiUzQTM3ODkxMDAxJTJDJTIydHlwZSUyMiUzQSUyMmh0bWw1JTIyJTdEJTNCJTNDJTJGc2NyaXB0JTNFJTNDc2NyaXB0JTIwdHlwZSUzRCUyMnRleHQlMkZqYXZhc2NyaXB0JTIyJTIwc3JjJTNEJTIyJTJGJTJGY2RuLmJhbm5lcnNuYWNrLmNvbSUyRmlmcmFtZSUyRmVtYmVkLmpzJTIyJTNFJTNDJTJGc2NyaXB0JTNF[\/vc_raw_html]<div class=\"w-separator size_small\"><\/div><\/div><\/div><\/div><\/div><\/div><\/section><section class=\"l-section wpb_row height_auto\"><div class=\"l-section-h i-cf\"><div class=\"g-cols vc_row type_default valign_top\"><div class=\"vc_col-sm-12 wpb_column vc_column_container\"><div class=\"vc_column-inner\"><div class=\"wpb_wrapper\"><div class=\"wpb_text_column\" ><div class=\"wpb_wrapper\"><h3><strong>Com PEC o pa\u00eds vai parar <\/strong><\/h3>\n<p>Rog\u00e9rio Expedito (coordenador do Fonasefe), recordou que em 2019 o tema j\u00e1 havia sido julgado no STF, e que a decis\u00e3o da maioria foi impedir a redu\u00e7\u00e3o salarial.<\/p>\n<p>Expedito ainda afirmou que &#8220;J\u00e1 existe decis\u00e3o do Supremo sobre isso, e iremos acionar a Justi\u00e7a novamente se a PEC passar&#8221;.<\/p>\n<p>De acordo com Expedito, se todas as medidas da PEC forem colocadas em pratica o pa\u00eds vai parar. &#8220;Haver\u00e1 greve. Os servidores est\u00e3o com o <a href=\"https:\/\/seucreditonoclick.com.br\/siape\/limites-consignado-siape\/\">sal\u00e1rio<\/a> corro\u00eddo e n\u00e3o v\u00e3o aguentar\u201d.<\/p>\n<p>Com a volta do congresso a PEC emergencial volta a discuss\u00e3o. No entanto, qual sua opini\u00e3o sobre o assunto? Deixe seu coment\u00e1rio no campo pr\u00f3ximo do rodap\u00e9 do nosso blog.<\/p>\n<\/div><\/div><div class=\"w-separator size_small\"><\/div><\/div><\/div><\/div><\/div><\/div><\/section>\n","protected":false},"excerpt":{"rendered":"<p>Com a volta do congresso a PEC emergencial tamb\u00e9m volta ter destaque. Contudo os servidores SIAPE, prometem ai ao STF caso ocorra a aprova\u00e7\u00e3o da emenda.<\/p>\n","protected":false},"author":1,"featured_media":10946,"comment_status":"open","ping_status":"open","sticky":false,"template":"","format":"standard","meta":{"footnotes":""},"categories":[1],"tags":[],"class_list":["post-10931","post","type-post","status-publish","format-standard","has-post-thumbnail","hentry","category-geral"],"yoast_head":"<!-- This site is optimized with the Yoast SEO plugin v23.6 - https:\/\/yoast.com\/wordpress\/plugins\/seo\/ -->\n<title>PEC: Com redu\u00e7\u00e3o salarial aprovada servidores v\u00e3o ao STF. - Blog do Sr. SIAPE<\/title>\n<meta name=\"description\" content=\"Com a volta do congresso a PEC emergencial tamb\u00e9m volta ter destaque. Contudo os servidores SIAPE, prometem ai ao STF caso ocorra a aprova\u00e7\u00e3o da emenda.\" \/>\n<meta name=\"robots\" content=\"index, follow, max-snippet:-1, max-image-preview:large, max-video-preview:-1\" \/>\n<link rel=\"canonical\" href=\"https:\/\/blogdosrsiape.net\/pec-com-reducao-salarial-aprovada-servidores-vao-ao-stf\/\" \/>\n<meta property=\"og:locale\" content=\"pt_BR\" \/>\n<meta property=\"og:type\" content=\"article\" \/>\n<meta property=\"og:title\" content=\"PEC: Com redu\u00e7\u00e3o salarial aprovada servidores v\u00e3o ao STF. - Blog do Sr. SIAPE\" \/>\n<meta property=\"og:description\" content=\"Com a volta do congresso a PEC emergencial tamb\u00e9m volta ter destaque. Contudo os servidores SIAPE, prometem ai ao STF caso ocorra a aprova\u00e7\u00e3o da emenda.\" \/>\n<meta property=\"og:url\" content=\"https:\/\/blogdosrsiape.net\/pec-com-reducao-salarial-aprovada-servidores-vao-ao-stf\/\" \/>\n<meta property=\"og:site_name\" content=\"Blog do Sr. SIAPE\" \/>\n<meta property=\"article:publisher\" content=\"https:\/\/www.facebook.com\/blogsrsiape\/?locale=pt_BR\" \/>\n<meta property=\"article:published_time\" content=\"2020-02-03T21:26:14+00:00\" \/>\n<meta property=\"article:modified_time\" content=\"2020-02-03T22:06:54+00:00\" \/>\n<meta property=\"og:image\" content=\"https:\/\/11ponto11servidor.com.br\/blogsrsiape\/wp-content\/uploads\/sites\/2\/2020\/02\/destaque-pec-emergencial.jpg\" \/>\n\t<meta property=\"og:image:width\" content=\"854\" \/>\n\t<meta property=\"og:image:height\" content=\"268\" \/>\n\t<meta property=\"og:image:type\" content=\"image\/jpeg\" \/>\n<meta name=\"author\" content=\"websitemix\" \/>\n<meta name=\"twitter:card\" content=\"summary_large_image\" \/>\n<meta name=\"twitter:label1\" content=\"Escrito por\" \/>\n\t<meta name=\"twitter:data1\" content=\"websitemix\" \/>\n\t<meta name=\"twitter:label2\" content=\"Est. tempo de leitura\" \/>\n\t<meta name=\"twitter:data2\" content=\"6 minutos\" \/>\n<script type=\"application\/ld+json\" class=\"yoast-schema-graph\">{\"@context\":\"https:\/\/schema.org\",\"@graph\":[{\"@type\":\"Article\",\"@id\":\"https:\/\/blogdosrsiape.net\/pec-com-reducao-salarial-aprovada-servidores-vao-ao-stf\/#article\",\"isPartOf\":{\"@id\":\"https:\/\/blogdosrsiape.net\/pec-com-reducao-salarial-aprovada-servidores-vao-ao-stf\/\"},\"author\":{\"name\":\"websitemix\",\"@id\":\"https:\/\/blogdosrsiape.com\/#\/schema\/person\/641e1af8b22c69725a1d604fb8959bcf\"},\"headline\":\"PEC: Com redu\u00e7\u00e3o salarial aprovada servidores v\u00e3o ao STF.\",\"datePublished\":\"2020-02-03T21:26:14+00:00\",\"dateModified\":\"2020-02-03T22:06:54+00:00\",\"mainEntityOfPage\":{\"@id\":\"https:\/\/blogdosrsiape.net\/pec-com-reducao-salarial-aprovada-servidores-vao-ao-stf\/\"},\"wordCount\":1208,\"commentCount\":0,\"publisher\":{\"@id\":\"https:\/\/blogdosrsiape.com\/#organization\"},\"image\":{\"@id\":\"https:\/\/blogdosrsiape.net\/pec-com-reducao-salarial-aprovada-servidores-vao-ao-stf\/#primaryimage\"},\"thumbnailUrl\":\"https:\/\/11ponto11servidor.com.br\/blogsrsiape\/wp-content\/uploads\/sites\/2\/2020\/02\/destaque-pec-emergencial.jpg\",\"articleSection\":[\"Geral\"],\"inLanguage\":\"pt-BR\",\"potentialAction\":[{\"@type\":\"CommentAction\",\"name\":\"Comment\",\"target\":[\"https:\/\/blogdosrsiape.net\/pec-com-reducao-salarial-aprovada-servidores-vao-ao-stf\/#respond\"]}]},{\"@type\":\"WebPage\",\"@id\":\"https:\/\/blogdosrsiape.net\/pec-com-reducao-salarial-aprovada-servidores-vao-ao-stf\/\",\"url\":\"https:\/\/blogdosrsiape.net\/pec-com-reducao-salarial-aprovada-servidores-vao-ao-stf\/\",\"name\":\"PEC: Com redu\u00e7\u00e3o salarial aprovada servidores v\u00e3o ao STF. - Blog do Sr. SIAPE\",\"isPartOf\":{\"@id\":\"https:\/\/blogdosrsiape.com\/#website\"},\"primaryImageOfPage\":{\"@id\":\"https:\/\/blogdosrsiape.net\/pec-com-reducao-salarial-aprovada-servidores-vao-ao-stf\/#primaryimage\"},\"image\":{\"@id\":\"https:\/\/blogdosrsiape.net\/pec-com-reducao-salarial-aprovada-servidores-vao-ao-stf\/#primaryimage\"},\"thumbnailUrl\":\"https:\/\/11ponto11servidor.com.br\/blogsrsiape\/wp-content\/uploads\/sites\/2\/2020\/02\/destaque-pec-emergencial.jpg\",\"datePublished\":\"2020-02-03T21:26:14+00:00\",\"dateModified\":\"2020-02-03T22:06:54+00:00\",\"description\":\"Com a volta do congresso a PEC emergencial tamb\u00e9m volta ter destaque. Contudo os servidores SIAPE, prometem ai ao STF caso ocorra a aprova\u00e7\u00e3o da emenda.\",\"breadcrumb\":{\"@id\":\"https:\/\/blogdosrsiape.net\/pec-com-reducao-salarial-aprovada-servidores-vao-ao-stf\/#breadcrumb\"},\"inLanguage\":\"pt-BR\",\"potentialAction\":[{\"@type\":\"ReadAction\",\"target\":[\"https:\/\/blogdosrsiape.net\/pec-com-reducao-salarial-aprovada-servidores-vao-ao-stf\/\"]}]},{\"@type\":\"ImageObject\",\"inLanguage\":\"pt-BR\",\"@id\":\"https:\/\/blogdosrsiape.net\/pec-com-reducao-salarial-aprovada-servidores-vao-ao-stf\/#primaryimage\",\"url\":\"https:\/\/11ponto11servidor.com.br\/blogsrsiape\/wp-content\/uploads\/sites\/2\/2020\/02\/destaque-pec-emergencial.jpg\",\"contentUrl\":\"https:\/\/11ponto11servidor.com.br\/blogsrsiape\/wp-content\/uploads\/sites\/2\/2020\/02\/destaque-pec-emergencial.jpg\",\"width\":854,\"height\":268,\"caption\":\"PEC: Com redu\u00e7\u00e3o salarial aprovada servidores v\u00e3o ao STF.\"},{\"@type\":\"BreadcrumbList\",\"@id\":\"https:\/\/blogdosrsiape.net\/pec-com-reducao-salarial-aprovada-servidores-vao-ao-stf\/#breadcrumb\",\"itemListElement\":[{\"@type\":\"ListItem\",\"position\":1,\"name\":\"In\u00edcio\",\"item\":\"https:\/\/blogdosrsiape.com\/\"},{\"@type\":\"ListItem\",\"position\":2,\"name\":\"PEC: Com redu\u00e7\u00e3o salarial aprovada servidores v\u00e3o ao STF.\"}]},{\"@type\":\"WebSite\",\"@id\":\"https:\/\/blogdosrsiape.com\/#website\",\"url\":\"https:\/\/blogdosrsiape.com\/\",\"name\":\"Blog do sr. SIAPE\",\"description\":\"SIAPE Servidor Federal\",\"publisher\":{\"@id\":\"https:\/\/blogdosrsiape.com\/#organization\"},\"potentialAction\":[{\"@type\":\"SearchAction\",\"target\":{\"@type\":\"EntryPoint\",\"urlTemplate\":\"https:\/\/blogdosrsiape.com\/?s={search_term_string}\"},\"query-input\":{\"@type\":\"PropertyValueSpecification\",\"valueRequired\":true,\"valueName\":\"search_term_string\"}}],\"inLanguage\":\"pt-BR\"},{\"@type\":\"Organization\",\"@id\":\"https:\/\/blogdosrsiape.com\/#organization\",\"name\":\"Blog do sr. SIAPE\",\"url\":\"https:\/\/blogdosrsiape.com\/\",\"logo\":{\"@type\":\"ImageObject\",\"inLanguage\":\"pt-BR\",\"@id\":\"https:\/\/blogdosrsiape.com\/#\/schema\/logo\/image\/\",\"url\":\"https:\/\/11ponto11servidor.com.br\/blogsrsiape\/wp-content\/uploads\/sites\/2\/2024\/10\/logo-1.png\",\"contentUrl\":\"https:\/\/11ponto11servidor.com.br\/blogsrsiape\/wp-content\/uploads\/sites\/2\/2024\/10\/logo-1.png\",\"width\":287,\"height\":116,\"caption\":\"Blog do sr. SIAPE\"},\"image\":{\"@id\":\"https:\/\/blogdosrsiape.com\/#\/schema\/logo\/image\/\"},\"sameAs\":[\"https:\/\/www.facebook.com\/blogsrsiape\/?locale=pt_BR\",\"https:\/\/www.instagram.com\/srsiape\/\"]},{\"@type\":\"Person\",\"@id\":\"https:\/\/blogdosrsiape.com\/#\/schema\/person\/641e1af8b22c69725a1d604fb8959bcf\",\"name\":\"websitemix\",\"sameAs\":[\"https:\/\/11ponto11servidor.com.br\"],\"url\":\"https:\/\/11ponto11servidor.com.br\/blogsrsiape\/author\/websitemix\/\"}]}<\/script>\n<!-- \/ Yoast SEO plugin. -->","yoast_head_json":{"title":"PEC: Com redu\u00e7\u00e3o salarial aprovada servidores v\u00e3o ao STF. - Blog do Sr. SIAPE","description":"Com a volta do congresso a PEC emergencial tamb\u00e9m volta ter destaque. Contudo os servidores SIAPE, prometem ai ao STF caso ocorra a aprova\u00e7\u00e3o da emenda.","robots":{"index":"index","follow":"follow","max-snippet":"max-snippet:-1","max-image-preview":"max-image-preview:large","max-video-preview":"max-video-preview:-1"},"canonical":"https:\/\/blogdosrsiape.net\/pec-com-reducao-salarial-aprovada-servidores-vao-ao-stf\/","og_locale":"pt_BR","og_type":"article","og_title":"PEC: Com redu\u00e7\u00e3o salarial aprovada servidores v\u00e3o ao STF. - Blog do Sr. SIAPE","og_description":"Com a volta do congresso a PEC emergencial tamb\u00e9m volta ter destaque. Contudo os servidores SIAPE, prometem ai ao STF caso ocorra a aprova\u00e7\u00e3o da emenda.","og_url":"https:\/\/blogdosrsiape.net\/pec-com-reducao-salarial-aprovada-servidores-vao-ao-stf\/","og_site_name":"Blog do Sr. SIAPE","article_publisher":"https:\/\/www.facebook.com\/blogsrsiape\/?locale=pt_BR","article_published_time":"2020-02-03T21:26:14+00:00","article_modified_time":"2020-02-03T22:06:54+00:00","og_image":[{"width":854,"height":268,"url":"https:\/\/11ponto11servidor.com.br\/blogsrsiape\/wp-content\/uploads\/sites\/2\/2020\/02\/destaque-pec-emergencial.jpg","type":"image\/jpeg"}],"author":"websitemix","twitter_card":"summary_large_image","twitter_misc":{"Escrito por":"websitemix","Est. tempo de leitura":"6 minutos"},"schema":{"@context":"https:\/\/schema.org","@graph":[{"@type":"Article","@id":"https:\/\/blogdosrsiape.net\/pec-com-reducao-salarial-aprovada-servidores-vao-ao-stf\/#article","isPartOf":{"@id":"https:\/\/blogdosrsiape.net\/pec-com-reducao-salarial-aprovada-servidores-vao-ao-stf\/"},"author":{"name":"websitemix","@id":"https:\/\/blogdosrsiape.com\/#\/schema\/person\/641e1af8b22c69725a1d604fb8959bcf"},"headline":"PEC: Com redu\u00e7\u00e3o salarial aprovada servidores v\u00e3o ao STF.","datePublished":"2020-02-03T21:26:14+00:00","dateModified":"2020-02-03T22:06:54+00:00","mainEntityOfPage":{"@id":"https:\/\/blogdosrsiape.net\/pec-com-reducao-salarial-aprovada-servidores-vao-ao-stf\/"},"wordCount":1208,"commentCount":0,"publisher":{"@id":"https:\/\/blogdosrsiape.com\/#organization"},"image":{"@id":"https:\/\/blogdosrsiape.net\/pec-com-reducao-salarial-aprovada-servidores-vao-ao-stf\/#primaryimage"},"thumbnailUrl":"https:\/\/11ponto11servidor.com.br\/blogsrsiape\/wp-content\/uploads\/sites\/2\/2020\/02\/destaque-pec-emergencial.jpg","articleSection":["Geral"],"inLanguage":"pt-BR","potentialAction":[{"@type":"CommentAction","name":"Comment","target":["https:\/\/blogdosrsiape.net\/pec-com-reducao-salarial-aprovada-servidores-vao-ao-stf\/#respond"]}]},{"@type":"WebPage","@id":"https:\/\/blogdosrsiape.net\/pec-com-reducao-salarial-aprovada-servidores-vao-ao-stf\/","url":"https:\/\/blogdosrsiape.net\/pec-com-reducao-salarial-aprovada-servidores-vao-ao-stf\/","name":"PEC: Com redu\u00e7\u00e3o salarial aprovada servidores v\u00e3o ao STF. - Blog do Sr. SIAPE","isPartOf":{"@id":"https:\/\/blogdosrsiape.com\/#website"},"primaryImageOfPage":{"@id":"https:\/\/blogdosrsiape.net\/pec-com-reducao-salarial-aprovada-servidores-vao-ao-stf\/#primaryimage"},"image":{"@id":"https:\/\/blogdosrsiape.net\/pec-com-reducao-salarial-aprovada-servidores-vao-ao-stf\/#primaryimage"},"thumbnailUrl":"https:\/\/11ponto11servidor.com.br\/blogsrsiape\/wp-content\/uploads\/sites\/2\/2020\/02\/destaque-pec-emergencial.jpg","datePublished":"2020-02-03T21:26:14+00:00","dateModified":"2020-02-03T22:06:54+00:00","description":"Com a volta do congresso a PEC emergencial tamb\u00e9m volta ter destaque. Contudo os servidores SIAPE, prometem ai ao STF caso ocorra a aprova\u00e7\u00e3o da emenda.","breadcrumb":{"@id":"https:\/\/blogdosrsiape.net\/pec-com-reducao-salarial-aprovada-servidores-vao-ao-stf\/#breadcrumb"},"inLanguage":"pt-BR","potentialAction":[{"@type":"ReadAction","target":["https:\/\/blogdosrsiape.net\/pec-com-reducao-salarial-aprovada-servidores-vao-ao-stf\/"]}]},{"@type":"ImageObject","inLanguage":"pt-BR","@id":"https:\/\/blogdosrsiape.net\/pec-com-reducao-salarial-aprovada-servidores-vao-ao-stf\/#primaryimage","url":"https:\/\/11ponto11servidor.com.br\/blogsrsiape\/wp-content\/uploads\/sites\/2\/2020\/02\/destaque-pec-emergencial.jpg","contentUrl":"https:\/\/11ponto11servidor.com.br\/blogsrsiape\/wp-content\/uploads\/sites\/2\/2020\/02\/destaque-pec-emergencial.jpg","width":854,"height":268,"caption":"PEC: Com redu\u00e7\u00e3o salarial aprovada servidores v\u00e3o ao STF."},{"@type":"BreadcrumbList","@id":"https:\/\/blogdosrsiape.net\/pec-com-reducao-salarial-aprovada-servidores-vao-ao-stf\/#breadcrumb","itemListElement":[{"@type":"ListItem","position":1,"name":"In\u00edcio","item":"https:\/\/blogdosrsiape.com\/"},{"@type":"ListItem","position":2,"name":"PEC: Com redu\u00e7\u00e3o salarial aprovada servidores v\u00e3o ao STF."}]},{"@type":"WebSite","@id":"https:\/\/blogdosrsiape.com\/#website","url":"https:\/\/blogdosrsiape.com\/","name":"Blog do sr. SIAPE","description":"SIAPE Servidor Federal","publisher":{"@id":"https:\/\/blogdosrsiape.com\/#organization"},"potentialAction":[{"@type":"SearchAction","target":{"@type":"EntryPoint","urlTemplate":"https:\/\/blogdosrsiape.com\/?s={search_term_string}"},"query-input":{"@type":"PropertyValueSpecification","valueRequired":true,"valueName":"search_term_string"}}],"inLanguage":"pt-BR"},{"@type":"Organization","@id":"https:\/\/blogdosrsiape.com\/#organization","name":"Blog do sr. SIAPE","url":"https:\/\/blogdosrsiape.com\/","logo":{"@type":"ImageObject","inLanguage":"pt-BR","@id":"https:\/\/blogdosrsiape.com\/#\/schema\/logo\/image\/","url":"https:\/\/11ponto11servidor.com.br\/blogsrsiape\/wp-content\/uploads\/sites\/2\/2024\/10\/logo-1.png","contentUrl":"https:\/\/11ponto11servidor.com.br\/blogsrsiape\/wp-content\/uploads\/sites\/2\/2024\/10\/logo-1.png","width":287,"height":116,"caption":"Blog do sr. SIAPE"},"image":{"@id":"https:\/\/blogdosrsiape.com\/#\/schema\/logo\/image\/"},"sameAs":["https:\/\/www.facebook.com\/blogsrsiape\/?locale=pt_BR","https:\/\/www.instagram.com\/srsiape\/"]},{"@type":"Person","@id":"https:\/\/blogdosrsiape.com\/#\/schema\/person\/641e1af8b22c69725a1d604fb8959bcf","name":"websitemix","sameAs":["https:\/\/11ponto11servidor.com.br"],"url":"https:\/\/11ponto11servidor.com.br\/blogsrsiape\/author\/websitemix\/"}]}},"_links":{"self":[{"href":"https:\/\/11ponto11servidor.com.br\/blogsrsiape\/wp-json\/wp\/v2\/posts\/10931"}],"collection":[{"href":"https:\/\/11ponto11servidor.com.br\/blogsrsiape\/wp-json\/wp\/v2\/posts"}],"about":[{"href":"https:\/\/11ponto11servidor.com.br\/blogsrsiape\/wp-json\/wp\/v2\/types\/post"}],"author":[{"embeddable":true,"href":"https:\/\/11ponto11servidor.com.br\/blogsrsiape\/wp-json\/wp\/v2\/users\/1"}],"replies":[{"embeddable":true,"href":"https:\/\/11ponto11servidor.com.br\/blogsrsiape\/wp-json\/wp\/v2\/comments?post=10931"}],"version-history":[{"count":0,"href":"https:\/\/11ponto11servidor.com.br\/blogsrsiape\/wp-json\/wp\/v2\/posts\/10931\/revisions"}],"wp:featuredmedia":[{"embeddable":true,"href":"https:\/\/11ponto11servidor.com.br\/blogsrsiape\/wp-json\/wp\/v2\/media\/10946"}],"wp:attachment":[{"href":"https:\/\/11ponto11servidor.com.br\/blogsrsiape\/wp-json\/wp\/v2\/media?parent=10931"}],"wp:term":[{"taxonomy":"category","embeddable":true,"href":"https:\/\/11ponto11servidor.com.br\/blogsrsiape\/wp-json\/wp\/v2\/categories?post=10931"},{"taxonomy":"post_tag","embeddable":true,"href":"https:\/\/11ponto11servidor.com.br\/blogsrsiape\/wp-json\/wp\/v2\/tags?post=10931"}],"curies":[{"name":"wp","href":"https:\/\/api.w.org\/{rel}","templated":true}]}}