{"id":1123,"date":"2015-08-17T21:26:56","date_gmt":"2015-08-17T21:26:56","guid":{"rendered":"http:\/\/www.blogdosrsiape.net\/?p=1123"},"modified":"2015-08-17T21:26:56","modified_gmt":"2015-08-17T21:26:56","slug":"aposentados-nao-podem-acumular-cargo-comissionado-com-gratificacao","status":"publish","type":"post","link":"https:\/\/11ponto11servidor.com.br\/blogsrsiape\/aposentados-nao-podem-acumular-cargo-comissionado-com-gratificacao\/","title":{"rendered":"Aposentados n\u00e3o podem acumular Cargo Comissionado com gratifica\u00e7\u00e3o"},"content":{"rendered":"<p><a ref=\"magnificPopup\" href=\"http:\/\/www.blogdosrsiape.net\/wp-content\/uploads\/2015\/07\/shutterstock_194553656.jpg\"><img loading=\"lazy\" decoding=\"async\" class=\"alignnone size-medium wp-image-786\" src=\"http:\/\/www.blogdosrsiape.net\/wp-content\/uploads\/2015\/07\/shutterstock_194553656-300x233.jpg\" alt=\"shutterstock_194553656\" width=\"300\" height=\"233\" srcset=\"https:\/\/11ponto11servidor.com.br\/blogsrsiape\/wp-content\/uploads\/sites\/2\/2015\/07\/shutterstock_194553656-300x233.jpg 300w, https:\/\/11ponto11servidor.com.br\/blogsrsiape\/wp-content\/uploads\/sites\/2\/2015\/07\/shutterstock_194553656-768x598.jpg 768w, https:\/\/11ponto11servidor.com.br\/blogsrsiape\/wp-content\/uploads\/sites\/2\/2015\/07\/shutterstock_194553656.jpg 1000w\" sizes=\"(max-width: 300px) 100vw, 300px\" \/><\/a><\/p>\n<p>Os <strong>Servidores P\u00fablicos Federais<\/strong>\u00a0Aposentados da <strong>Justi\u00e7a Federal<\/strong> n\u00e3o podem acumular Cargo em Comiss\u00e3o ou Fun\u00e7\u00e3o Comissionada com <strong>Gratifica\u00e7\u00e3o de Atividade Externa<\/strong>. O entendimento foi reafirmado pelo <strong>Conselho da Justi\u00e7a Federal<\/strong> ao reconhecer a legitimidade de ato do Tribunal Regional Federal da 2\u00aa Regi\u00e3o. Norma interna da corte obrigou Servidores Federais Inativos a optar pelo recebimento de uma dessas verbas.<\/p>\n<p>A a\u00e7\u00e3o foi movida pela <strong>Associa\u00e7\u00e3o dos Oficiais de Justi\u00e7a Avaliadores Federais do Rio de Janeiro<\/strong>. Para a entidade, n\u00e3o haveria impedimento jur\u00eddico para que os Servidores Federais Aposentados (amparados pela paridade com os da ativa) fossem contemplados com a Gratifica\u00e7\u00e3o, mesmo que tivessem incorporado valores de Fun\u00e7\u00e3o ou Cargo Comissionado.<\/p>\n<p>A Associa\u00e7\u00e3o alegou que a gratifica\u00e7\u00e3o \u00e9 verba de car\u00e1ter geral, e como tal estaria abrangida pelas regras de paridade dispostas na <strong>Constitui\u00e7\u00e3o<\/strong>, segundo as quais, sempre que se modificar a remunera\u00e7\u00e3o dos Servidores Federais em atividade, instituindo-se benef\u00edcios ou vantagens, os inativos e pensionistas far\u00e3o jus \u00e0 sua extens\u00e3o.<\/p>\n<p>Em seu pedido, a Associa\u00e7\u00e3o tamb\u00e9m sustentou que o <strong>par\u00e1grafo 2\u00ba do artigo 16 da Lei 11.416\/2006<\/strong> n\u00e3o pode ser obst\u00e1culo aos inativos que incorporaram gratifica\u00e7\u00f5es de fun\u00e7\u00e3o. O dispositivo, de acordo com a entidade, trata apenas de Servidores Federais, que est\u00e3o na ativa, o que n\u00e3o prejudica a paridade constitucional.<\/p>\n<p>Contudo, o relator do caso no <strong>CJF<\/strong>, <strong>Ministro Og Fernandes<\/strong>, afirmou que o entendimento do \u00d3rg\u00e3o sobre a mat\u00e9ria permanece atual e n\u00e3o necessita ser reformulado. Ainda segundo o relator, antes, apenas os Servidores Federais Ativos n\u00e3o podiam acumular a Gratifica\u00e7\u00e3o com valores de Cargos em Comiss\u00e3o ou Fun\u00e7\u00e3o Comissionada. Recentemente, o impedimento foi estendido aos Aposentados.<\/p>\n<p>\u201cTal compreens\u00e3o permanece em vigor e, a meu ver, deve ser mantida, por ser a que melhor se coaduna com a interpreta\u00e7\u00e3o das normas referidas, sustentando-se no pr\u00f3prio princ\u00edpio da paridade\u201d, votou o ministro. O colegiado, por unanimidade, declarou n\u00e3o haver irregularidade no ato do \u00a0 TRF-2.<\/p>\n<p>Processo CJF-PPP-2015\/00006<\/p>\n<p>&nbsp;<\/p>\n<p><strong>Fontes: <span style=\"color: #0000ff;\">Portal do Servidor P\u00fablico Federal \/ Com informa\u00e7\u00f5es da Assessoria de Imprensa do CJF<\/span><\/strong><\/p>\n<p>&nbsp;<\/p>\n<p><a ref=\"magnificPopup\" href=\"http:\/\/www.blogdosrsiape.net\/wp-content\/uploads\/2015\/06\/shutterstock_167248031.jpg\"><img loading=\"lazy\" decoding=\"async\" class=\"alignnone size-medium wp-image-699\" src=\"http:\/\/www.blogdosrsiape.net\/wp-content\/uploads\/2015\/06\/shutterstock_167248031-210x300.jpg\" alt=\"shutterstock_167248031\" width=\"210\" height=\"300\" \/><\/a><\/p>\n","protected":false},"excerpt":{"rendered":"<p>Os Servidores P\u00fablicos Federais\u00a0Aposentados da Justi\u00e7a Federal n\u00e3o podem acumular Cargo em Comiss\u00e3o ou Fun\u00e7\u00e3o Comissionada com Gratifica\u00e7\u00e3o de Atividade Externa. O entendimento foi reafirmado pelo Conselho da Justi\u00e7a Federal ao reconhecer a legitimidade de ato do Tribunal Regional Federal da 2\u00aa Regi\u00e3o. Norma interna da corte obrigou Servidores Federais Inativos a optar pelo recebimento&#8230;<\/p>\n","protected":false},"author":1,"featured_media":1125,"comment_status":"open","ping_status":"open","sticky":false,"template":"","format":"standard","meta":{"footnotes":""},"categories":[5],"tags":[220,255,264,442,536,615,626,1050,1115,1212,1317,1541,1681,1866,2135],"class_list":["post-1123","post","type-post","status-publish","format-standard","has-post-thumbnail","hentry","category-aposentadoria","tag-aposentados","tag-associacao-dos-oficiais-de-justica-avaliadores-federais-do-rio-de-janeiro","tag-ativos","tag-cargo-em-comissao","tag-cjf","tag-conselho-da-justica-federal","tag-constituicao","tag-funcao-comissionada","tag-gratificacao-de-atividade-externa","tag-inativos","tag-justica-federal","tag-ministro-og-fernandes","tag-paragrafo-2o-do-artigo-16-da-lei-11-4162006","tag-processo-cjf-ppp-201500006","tag-servidores-publicos-federais"],"yoast_head":"<!-- This site is optimized with the Yoast SEO plugin v23.6 - https:\/\/yoast.com\/wordpress\/plugins\/seo\/ -->\n<title>Aposentados n\u00e3o podem acumular Cargo Comissionado com gratifica\u00e7\u00e3o - Blog do Sr. SIAPE<\/title>\n<meta name=\"robots\" content=\"index, follow, max-snippet:-1, max-image-preview:large, max-video-preview:-1\" \/>\n<link rel=\"canonical\" href=\"https:\/\/blogdosrsiape.net\/aposentados-nao-podem-acumular-cargo-comissionado-com-gratificacao\/\" \/>\n<meta property=\"og:locale\" content=\"pt_BR\" \/>\n<meta property=\"og:type\" content=\"article\" \/>\n<meta property=\"og:title\" content=\"Aposentados n\u00e3o podem acumular Cargo Comissionado com gratifica\u00e7\u00e3o - Blog do Sr. SIAPE\" \/>\n<meta property=\"og:description\" content=\"Os Servidores P\u00fablicos Federais\u00a0Aposentados da Justi\u00e7a Federal n\u00e3o podem acumular Cargo em Comiss\u00e3o ou Fun\u00e7\u00e3o Comissionada com Gratifica\u00e7\u00e3o de Atividade Externa. O entendimento foi reafirmado pelo Conselho da Justi\u00e7a Federal ao reconhecer a legitimidade de ato do Tribunal Regional Federal da 2\u00aa Regi\u00e3o. Norma interna da corte obrigou Servidores Federais Inativos a optar pelo recebimento...\" \/>\n<meta property=\"og:url\" content=\"https:\/\/blogdosrsiape.net\/aposentados-nao-podem-acumular-cargo-comissionado-com-gratificacao\/\" \/>\n<meta property=\"og:site_name\" content=\"Blog do Sr. SIAPE\" \/>\n<meta property=\"article:publisher\" content=\"https:\/\/www.facebook.com\/blogsrsiape\/?locale=pt_BR\" \/>\n<meta property=\"article:published_time\" content=\"2015-08-17T21:26:56+00:00\" \/>\n<meta property=\"og:image\" content=\"https:\/\/11ponto11servidor.com.br\/blogsrsiape\/wp-content\/uploads\/sites\/2\/2015\/08\/Aposentados-II.jpg\" \/>\n\t<meta property=\"og:image:width\" content=\"727\" \/>\n\t<meta property=\"og:image:height\" content=\"609\" \/>\n\t<meta property=\"og:image:type\" content=\"image\/jpeg\" \/>\n<meta name=\"author\" content=\"websitemix\" \/>\n<meta name=\"twitter:card\" content=\"summary_large_image\" \/>\n<meta name=\"twitter:label1\" content=\"Escrito por\" \/>\n\t<meta name=\"twitter:data1\" content=\"websitemix\" \/>\n\t<meta name=\"twitter:label2\" content=\"Est. tempo de leitura\" \/>\n\t<meta name=\"twitter:data2\" content=\"2 minutos\" \/>\n<script type=\"application\/ld+json\" class=\"yoast-schema-graph\">{\"@context\":\"https:\/\/schema.org\",\"@graph\":[{\"@type\":\"Article\",\"@id\":\"https:\/\/blogdosrsiape.net\/aposentados-nao-podem-acumular-cargo-comissionado-com-gratificacao\/#article\",\"isPartOf\":{\"@id\":\"https:\/\/blogdosrsiape.net\/aposentados-nao-podem-acumular-cargo-comissionado-com-gratificacao\/\"},\"author\":{\"name\":\"websitemix\",\"@id\":\"https:\/\/blogdosrsiape.com\/#\/schema\/person\/641e1af8b22c69725a1d604fb8959bcf\"},\"headline\":\"Aposentados n\u00e3o podem acumular Cargo Comissionado com gratifica\u00e7\u00e3o\",\"datePublished\":\"2015-08-17T21:26:56+00:00\",\"dateModified\":\"2015-08-17T21:26:56+00:00\",\"mainEntityOfPage\":{\"@id\":\"https:\/\/blogdosrsiape.net\/aposentados-nao-podem-acumular-cargo-comissionado-com-gratificacao\/\"},\"wordCount\":383,\"commentCount\":0,\"publisher\":{\"@id\":\"https:\/\/blogdosrsiape.com\/#organization\"},\"image\":{\"@id\":\"https:\/\/blogdosrsiape.net\/aposentados-nao-podem-acumular-cargo-comissionado-com-gratificacao\/#primaryimage\"},\"thumbnailUrl\":\"https:\/\/11ponto11servidor.com.br\/blogsrsiape\/wp-content\/uploads\/sites\/2\/2015\/08\/Aposentados-II.jpg\",\"keywords\":[\"aposentados\",\"Associa\u00e7\u00e3o dos Oficiais de Justi\u00e7a Avaliadores Federais do Rio de Janeiro\",\"Ativos\",\"cargo em comiss\u00e3o\",\"CJF\",\"Conselho da Justi\u00e7a Federal\",\"Constitui\u00e7\u00e3o\",\"fun\u00e7\u00e3o comissionada\",\"Gratifica\u00e7\u00e3o de Atividade Externa\",\"inativos\",\"Justi\u00e7a Federal\",\"Ministro Og Fernandes\",\"par\u00e1grafo 2\u00ba do artigo 16 da Lei 11.416\/2006\",\"Processo CJF-PPP-2015\/00006\",\"SERVIDORES P\u00daBLICOS FEDERAIS\"],\"articleSection\":[\"Aposentadoria\"],\"inLanguage\":\"pt-BR\",\"potentialAction\":[{\"@type\":\"CommentAction\",\"name\":\"Comment\",\"target\":[\"https:\/\/blogdosrsiape.net\/aposentados-nao-podem-acumular-cargo-comissionado-com-gratificacao\/#respond\"]}]},{\"@type\":\"WebPage\",\"@id\":\"https:\/\/blogdosrsiape.net\/aposentados-nao-podem-acumular-cargo-comissionado-com-gratificacao\/\",\"url\":\"https:\/\/blogdosrsiape.net\/aposentados-nao-podem-acumular-cargo-comissionado-com-gratificacao\/\",\"name\":\"Aposentados n\u00e3o podem acumular Cargo Comissionado com gratifica\u00e7\u00e3o - Blog do Sr. SIAPE\",\"isPartOf\":{\"@id\":\"https:\/\/blogdosrsiape.com\/#website\"},\"primaryImageOfPage\":{\"@id\":\"https:\/\/blogdosrsiape.net\/aposentados-nao-podem-acumular-cargo-comissionado-com-gratificacao\/#primaryimage\"},\"image\":{\"@id\":\"https:\/\/blogdosrsiape.net\/aposentados-nao-podem-acumular-cargo-comissionado-com-gratificacao\/#primaryimage\"},\"thumbnailUrl\":\"https:\/\/11ponto11servidor.com.br\/blogsrsiape\/wp-content\/uploads\/sites\/2\/2015\/08\/Aposentados-II.jpg\",\"datePublished\":\"2015-08-17T21:26:56+00:00\",\"dateModified\":\"2015-08-17T21:26:56+00:00\",\"breadcrumb\":{\"@id\":\"https:\/\/blogdosrsiape.net\/aposentados-nao-podem-acumular-cargo-comissionado-com-gratificacao\/#breadcrumb\"},\"inLanguage\":\"pt-BR\",\"potentialAction\":[{\"@type\":\"ReadAction\",\"target\":[\"https:\/\/blogdosrsiape.net\/aposentados-nao-podem-acumular-cargo-comissionado-com-gratificacao\/\"]}]},{\"@type\":\"ImageObject\",\"inLanguage\":\"pt-BR\",\"@id\":\"https:\/\/blogdosrsiape.net\/aposentados-nao-podem-acumular-cargo-comissionado-com-gratificacao\/#primaryimage\",\"url\":\"https:\/\/11ponto11servidor.com.br\/blogsrsiape\/wp-content\/uploads\/sites\/2\/2015\/08\/Aposentados-II.jpg\",\"contentUrl\":\"https:\/\/11ponto11servidor.com.br\/blogsrsiape\/wp-content\/uploads\/sites\/2\/2015\/08\/Aposentados-II.jpg\",\"width\":727,\"height\":609,\"caption\":\"Aposentar\"},{\"@type\":\"BreadcrumbList\",\"@id\":\"https:\/\/blogdosrsiape.net\/aposentados-nao-podem-acumular-cargo-comissionado-com-gratificacao\/#breadcrumb\",\"itemListElement\":[{\"@type\":\"ListItem\",\"position\":1,\"name\":\"In\u00edcio\",\"item\":\"https:\/\/blogdosrsiape.com\/\"},{\"@type\":\"ListItem\",\"position\":2,\"name\":\"Aposentados n\u00e3o podem acumular Cargo Comissionado com gratifica\u00e7\u00e3o\"}]},{\"@type\":\"WebSite\",\"@id\":\"https:\/\/blogdosrsiape.com\/#website\",\"url\":\"https:\/\/blogdosrsiape.com\/\",\"name\":\"Blog do sr. SIAPE\",\"description\":\"SIAPE Servidor Federal\",\"publisher\":{\"@id\":\"https:\/\/blogdosrsiape.com\/#organization\"},\"potentialAction\":[{\"@type\":\"SearchAction\",\"target\":{\"@type\":\"EntryPoint\",\"urlTemplate\":\"https:\/\/blogdosrsiape.com\/?s={search_term_string}\"},\"query-input\":{\"@type\":\"PropertyValueSpecification\",\"valueRequired\":true,\"valueName\":\"search_term_string\"}}],\"inLanguage\":\"pt-BR\"},{\"@type\":\"Organization\",\"@id\":\"https:\/\/blogdosrsiape.com\/#organization\",\"name\":\"Blog do sr. SIAPE\",\"url\":\"https:\/\/blogdosrsiape.com\/\",\"logo\":{\"@type\":\"ImageObject\",\"inLanguage\":\"pt-BR\",\"@id\":\"https:\/\/blogdosrsiape.com\/#\/schema\/logo\/image\/\",\"url\":\"https:\/\/11ponto11servidor.com.br\/blogsrsiape\/wp-content\/uploads\/sites\/2\/2024\/10\/logo-1.png\",\"contentUrl\":\"https:\/\/11ponto11servidor.com.br\/blogsrsiape\/wp-content\/uploads\/sites\/2\/2024\/10\/logo-1.png\",\"width\":287,\"height\":116,\"caption\":\"Blog do sr. SIAPE\"},\"image\":{\"@id\":\"https:\/\/blogdosrsiape.com\/#\/schema\/logo\/image\/\"},\"sameAs\":[\"https:\/\/www.facebook.com\/blogsrsiape\/?locale=pt_BR\",\"https:\/\/www.instagram.com\/srsiape\/\"]},{\"@type\":\"Person\",\"@id\":\"https:\/\/blogdosrsiape.com\/#\/schema\/person\/641e1af8b22c69725a1d604fb8959bcf\",\"name\":\"websitemix\",\"sameAs\":[\"https:\/\/11ponto11servidor.com.br\"],\"url\":\"https:\/\/11ponto11servidor.com.br\/blogsrsiape\/author\/websitemix\/\"}]}<\/script>\n<!-- \/ Yoast SEO plugin. -->","yoast_head_json":{"title":"Aposentados n\u00e3o podem acumular Cargo Comissionado com gratifica\u00e7\u00e3o - Blog do Sr. SIAPE","robots":{"index":"index","follow":"follow","max-snippet":"max-snippet:-1","max-image-preview":"max-image-preview:large","max-video-preview":"max-video-preview:-1"},"canonical":"https:\/\/blogdosrsiape.net\/aposentados-nao-podem-acumular-cargo-comissionado-com-gratificacao\/","og_locale":"pt_BR","og_type":"article","og_title":"Aposentados n\u00e3o podem acumular Cargo Comissionado com gratifica\u00e7\u00e3o - Blog do Sr. SIAPE","og_description":"Os Servidores P\u00fablicos Federais\u00a0Aposentados da Justi\u00e7a Federal n\u00e3o podem acumular Cargo em Comiss\u00e3o ou Fun\u00e7\u00e3o Comissionada com Gratifica\u00e7\u00e3o de Atividade Externa. O entendimento foi reafirmado pelo Conselho da Justi\u00e7a Federal ao reconhecer a legitimidade de ato do Tribunal Regional Federal da 2\u00aa Regi\u00e3o. Norma interna da corte obrigou Servidores Federais Inativos a optar pelo recebimento...","og_url":"https:\/\/blogdosrsiape.net\/aposentados-nao-podem-acumular-cargo-comissionado-com-gratificacao\/","og_site_name":"Blog do Sr. SIAPE","article_publisher":"https:\/\/www.facebook.com\/blogsrsiape\/?locale=pt_BR","article_published_time":"2015-08-17T21:26:56+00:00","og_image":[{"width":727,"height":609,"url":"https:\/\/11ponto11servidor.com.br\/blogsrsiape\/wp-content\/uploads\/sites\/2\/2015\/08\/Aposentados-II.jpg","type":"image\/jpeg"}],"author":"websitemix","twitter_card":"summary_large_image","twitter_misc":{"Escrito por":"websitemix","Est. tempo de leitura":"2 minutos"},"schema":{"@context":"https:\/\/schema.org","@graph":[{"@type":"Article","@id":"https:\/\/blogdosrsiape.net\/aposentados-nao-podem-acumular-cargo-comissionado-com-gratificacao\/#article","isPartOf":{"@id":"https:\/\/blogdosrsiape.net\/aposentados-nao-podem-acumular-cargo-comissionado-com-gratificacao\/"},"author":{"name":"websitemix","@id":"https:\/\/blogdosrsiape.com\/#\/schema\/person\/641e1af8b22c69725a1d604fb8959bcf"},"headline":"Aposentados n\u00e3o podem acumular Cargo Comissionado com gratifica\u00e7\u00e3o","datePublished":"2015-08-17T21:26:56+00:00","dateModified":"2015-08-17T21:26:56+00:00","mainEntityOfPage":{"@id":"https:\/\/blogdosrsiape.net\/aposentados-nao-podem-acumular-cargo-comissionado-com-gratificacao\/"},"wordCount":383,"commentCount":0,"publisher":{"@id":"https:\/\/blogdosrsiape.com\/#organization"},"image":{"@id":"https:\/\/blogdosrsiape.net\/aposentados-nao-podem-acumular-cargo-comissionado-com-gratificacao\/#primaryimage"},"thumbnailUrl":"https:\/\/11ponto11servidor.com.br\/blogsrsiape\/wp-content\/uploads\/sites\/2\/2015\/08\/Aposentados-II.jpg","keywords":["aposentados","Associa\u00e7\u00e3o dos Oficiais de Justi\u00e7a Avaliadores Federais do Rio de Janeiro","Ativos","cargo em comiss\u00e3o","CJF","Conselho da Justi\u00e7a Federal","Constitui\u00e7\u00e3o","fun\u00e7\u00e3o comissionada","Gratifica\u00e7\u00e3o de Atividade Externa","inativos","Justi\u00e7a Federal","Ministro Og Fernandes","par\u00e1grafo 2\u00ba do artigo 16 da Lei 11.416\/2006","Processo CJF-PPP-2015\/00006","SERVIDORES P\u00daBLICOS FEDERAIS"],"articleSection":["Aposentadoria"],"inLanguage":"pt-BR","potentialAction":[{"@type":"CommentAction","name":"Comment","target":["https:\/\/blogdosrsiape.net\/aposentados-nao-podem-acumular-cargo-comissionado-com-gratificacao\/#respond"]}]},{"@type":"WebPage","@id":"https:\/\/blogdosrsiape.net\/aposentados-nao-podem-acumular-cargo-comissionado-com-gratificacao\/","url":"https:\/\/blogdosrsiape.net\/aposentados-nao-podem-acumular-cargo-comissionado-com-gratificacao\/","name":"Aposentados n\u00e3o podem acumular Cargo Comissionado com gratifica\u00e7\u00e3o - Blog do Sr. SIAPE","isPartOf":{"@id":"https:\/\/blogdosrsiape.com\/#website"},"primaryImageOfPage":{"@id":"https:\/\/blogdosrsiape.net\/aposentados-nao-podem-acumular-cargo-comissionado-com-gratificacao\/#primaryimage"},"image":{"@id":"https:\/\/blogdosrsiape.net\/aposentados-nao-podem-acumular-cargo-comissionado-com-gratificacao\/#primaryimage"},"thumbnailUrl":"https:\/\/11ponto11servidor.com.br\/blogsrsiape\/wp-content\/uploads\/sites\/2\/2015\/08\/Aposentados-II.jpg","datePublished":"2015-08-17T21:26:56+00:00","dateModified":"2015-08-17T21:26:56+00:00","breadcrumb":{"@id":"https:\/\/blogdosrsiape.net\/aposentados-nao-podem-acumular-cargo-comissionado-com-gratificacao\/#breadcrumb"},"inLanguage":"pt-BR","potentialAction":[{"@type":"ReadAction","target":["https:\/\/blogdosrsiape.net\/aposentados-nao-podem-acumular-cargo-comissionado-com-gratificacao\/"]}]},{"@type":"ImageObject","inLanguage":"pt-BR","@id":"https:\/\/blogdosrsiape.net\/aposentados-nao-podem-acumular-cargo-comissionado-com-gratificacao\/#primaryimage","url":"https:\/\/11ponto11servidor.com.br\/blogsrsiape\/wp-content\/uploads\/sites\/2\/2015\/08\/Aposentados-II.jpg","contentUrl":"https:\/\/11ponto11servidor.com.br\/blogsrsiape\/wp-content\/uploads\/sites\/2\/2015\/08\/Aposentados-II.jpg","width":727,"height":609,"caption":"Aposentar"},{"@type":"BreadcrumbList","@id":"https:\/\/blogdosrsiape.net\/aposentados-nao-podem-acumular-cargo-comissionado-com-gratificacao\/#breadcrumb","itemListElement":[{"@type":"ListItem","position":1,"name":"In\u00edcio","item":"https:\/\/blogdosrsiape.com\/"},{"@type":"ListItem","position":2,"name":"Aposentados n\u00e3o podem acumular Cargo Comissionado com gratifica\u00e7\u00e3o"}]},{"@type":"WebSite","@id":"https:\/\/blogdosrsiape.com\/#website","url":"https:\/\/blogdosrsiape.com\/","name":"Blog do sr. SIAPE","description":"SIAPE Servidor Federal","publisher":{"@id":"https:\/\/blogdosrsiape.com\/#organization"},"potentialAction":[{"@type":"SearchAction","target":{"@type":"EntryPoint","urlTemplate":"https:\/\/blogdosrsiape.com\/?s={search_term_string}"},"query-input":{"@type":"PropertyValueSpecification","valueRequired":true,"valueName":"search_term_string"}}],"inLanguage":"pt-BR"},{"@type":"Organization","@id":"https:\/\/blogdosrsiape.com\/#organization","name":"Blog do sr. SIAPE","url":"https:\/\/blogdosrsiape.com\/","logo":{"@type":"ImageObject","inLanguage":"pt-BR","@id":"https:\/\/blogdosrsiape.com\/#\/schema\/logo\/image\/","url":"https:\/\/11ponto11servidor.com.br\/blogsrsiape\/wp-content\/uploads\/sites\/2\/2024\/10\/logo-1.png","contentUrl":"https:\/\/11ponto11servidor.com.br\/blogsrsiape\/wp-content\/uploads\/sites\/2\/2024\/10\/logo-1.png","width":287,"height":116,"caption":"Blog do sr. SIAPE"},"image":{"@id":"https:\/\/blogdosrsiape.com\/#\/schema\/logo\/image\/"},"sameAs":["https:\/\/www.facebook.com\/blogsrsiape\/?locale=pt_BR","https:\/\/www.instagram.com\/srsiape\/"]},{"@type":"Person","@id":"https:\/\/blogdosrsiape.com\/#\/schema\/person\/641e1af8b22c69725a1d604fb8959bcf","name":"websitemix","sameAs":["https:\/\/11ponto11servidor.com.br"],"url":"https:\/\/11ponto11servidor.com.br\/blogsrsiape\/author\/websitemix\/"}]}},"_links":{"self":[{"href":"https:\/\/11ponto11servidor.com.br\/blogsrsiape\/wp-json\/wp\/v2\/posts\/1123"}],"collection":[{"href":"https:\/\/11ponto11servidor.com.br\/blogsrsiape\/wp-json\/wp\/v2\/posts"}],"about":[{"href":"https:\/\/11ponto11servidor.com.br\/blogsrsiape\/wp-json\/wp\/v2\/types\/post"}],"author":[{"embeddable":true,"href":"https:\/\/11ponto11servidor.com.br\/blogsrsiape\/wp-json\/wp\/v2\/users\/1"}],"replies":[{"embeddable":true,"href":"https:\/\/11ponto11servidor.com.br\/blogsrsiape\/wp-json\/wp\/v2\/comments?post=1123"}],"version-history":[{"count":0,"href":"https:\/\/11ponto11servidor.com.br\/blogsrsiape\/wp-json\/wp\/v2\/posts\/1123\/revisions"}],"wp:featuredmedia":[{"embeddable":true,"href":"https:\/\/11ponto11servidor.com.br\/blogsrsiape\/wp-json\/wp\/v2\/media\/1125"}],"wp:attachment":[{"href":"https:\/\/11ponto11servidor.com.br\/blogsrsiape\/wp-json\/wp\/v2\/media?parent=1123"}],"wp:term":[{"taxonomy":"category","embeddable":true,"href":"https:\/\/11ponto11servidor.com.br\/blogsrsiape\/wp-json\/wp\/v2\/categories?post=1123"},{"taxonomy":"post_tag","embeddable":true,"href":"https:\/\/11ponto11servidor.com.br\/blogsrsiape\/wp-json\/wp\/v2\/tags?post=1123"}],"curies":[{"name":"wp","href":"https:\/\/api.w.org\/{rel}","templated":true}]}}