{"id":11864,"date":"2020-09-02T18:37:26","date_gmt":"2020-09-02T21:37:26","guid":{"rendered":"https:\/\/11ponto11servidor.com.br\/blogsrsiape\/?p=11864"},"modified":"2020-09-02T18:40:36","modified_gmt":"2020-09-02T21:40:36","slug":"reforma-administrativa-nao-servira-para-servidores-ja-em-exercicio","status":"publish","type":"post","link":"https:\/\/11ponto11servidor.com.br\/blogsrsiape\/reforma-administrativa-nao-servira-para-servidores-ja-em-exercicio\/","title":{"rendered":"Reforma administrativa n\u00e3o servir\u00e1 para Servidores atuais"},"content":{"rendered":"<section class=\"l-section wpb_row height_auto\"><div class=\"l-section-h i-cf\"><div class=\"g-cols vc_row type_default valign_top\"><div class=\"vc_col-sm-12 wpb_column vc_column_container\"><div class=\"vc_column-inner\"><div class=\"wpb_wrapper\"><div class=\"w-separator size_small\"><\/div><\/div><\/div><\/div><\/div><\/div><\/section><section class=\"l-section wpb_row height_auto\"><div class=\"l-section-h i-cf\"><div class=\"g-cols vc_row type_default valign_top\"><div class=\"vc_col-sm-12 wpb_column vc_column_container\"><div class=\"vc_column-inner\"><div class=\"wpb_wrapper\"><div class=\"w-image vc_hidden-sm vc_hidden-xs align_none\"><a target=\"_blank\" href=\"https:\/\/app.creditas.com\/auto-refi\/solicitacao\/informacoes-pessoais?utm_source=AF003&amp;utm_medium=parcerias&amp;utm_expid=.9hh6elqoQ5uBoqQ9HavH0g.0&amp;utm_referrer=\" rel=\"noopener\" aria-label=\"Link\" class=\"w-image-h\"><img loading=\"lazy\" decoding=\"async\" width=\"900\" height=\"200\" src=\"https:\/\/11ponto11servidor.com.br\/blogsrsiape\/wp-content\/uploads\/sites\/2\/2020\/08\/banner-2.png\" class=\"attachment-full size-full\" alt=\"\" srcset=\"https:\/\/11ponto11servidor.com.br\/blogsrsiape\/wp-content\/uploads\/sites\/2\/2020\/08\/banner-2.png 900w, https:\/\/11ponto11servidor.com.br\/blogsrsiape\/wp-content\/uploads\/sites\/2\/2020\/08\/banner-2-300x67.png 300w\" sizes=\"(max-width: 900px) 100vw, 900px\" \/><\/a><\/div><div class=\"w-image vc_hidden-md vc_hidden-lg align_none\"><a target=\"_blank\" href=\"https:\/\/seuseguronoclick.com.br\/seguros\/seguro-auto-novo\/?&amp;utm_medium=seguros_auto_banner&amp;utm_source=BannerBlog&amp;utm_campaign=blog_do_sr_siape&amp;utm_content=500x500_blog_seguro_auto\" rel=\"noopener\" aria-label=\"Link\" class=\"w-image-h\"><img loading=\"lazy\" decoding=\"async\" width=\"300\" height=\"300\" src=\"https:\/\/11ponto11servidor.com.br\/blogsrsiape\/wp-content\/uploads\/sites\/2\/2020\/08\/banner-3-300x300.png\" class=\"attachment-medium size-medium\" alt=\"\" srcset=\"https:\/\/11ponto11servidor.com.br\/blogsrsiape\/wp-content\/uploads\/sites\/2\/2020\/08\/banner-3-300x300.png 300w, https:\/\/11ponto11servidor.com.br\/blogsrsiape\/wp-content\/uploads\/sites\/2\/2020\/08\/banner-3-150x150.png 150w, https:\/\/11ponto11servidor.com.br\/blogsrsiape\/wp-content\/uploads\/sites\/2\/2020\/08\/banner-3.png 500w\" sizes=\"(max-width: 300px) 100vw, 300px\" \/><\/a><\/div><div class=\"w-separator size_small\"><\/div><\/div><\/div><\/div><\/div><\/div><\/section><section class=\"l-section wpb_row height_auto\"><div class=\"l-section-h i-cf\"><div class=\"g-cols vc_row type_default valign_top\"><div class=\"vc_col-sm-12 wpb_column vc_column_container\"><div class=\"vc_column-inner\"><div class=\"wpb_wrapper\"><div class=\"wpb_text_column\" ><div class=\"wpb_wrapper\"><p>O atual presidente da rep\u00fablica, Jair Bolsonaro, informou que ser\u00e1 \u00a0enviado a reforma administrativa ao Congresso amanh\u00e3 (02). Bolsonaro exigiu que os 9,77 milh\u00f5es de funcion\u00e1rios que est\u00e3o na ativa na Uni\u00e3o e nos Estados e munic\u00edpios (21% dos trabalhadores formais do Pa\u00eds) sejam poupados das mudan\u00e7as da reforma.<\/p>\n<p>O envio da reforma tem como objetivo pela \u00e1rea econ\u00f4mica, conter o bombardeio contra o teto de gastos, que limita o avan\u00e7o das despesas \u00e0 infla\u00e7\u00e3o.<\/p>\n<p>A proposta de reforma entregue pelo ministro da Economia, Paulo Guedes, j\u00e1 era direcionada \u00a0principalmente aos novos servidores, mas possu\u00eda alguns pontos que inclu\u00eda os servidores que est\u00e3o trabalhando, como a revis\u00e3o do sistema de licen\u00e7as e gratifica\u00e7\u00f5es, que estimula, na vis\u00e3o do minist\u00e9rio, uma percep\u00e7\u00e3o negativa da sociedade em rela\u00e7\u00e3o aos servidores por terem privil\u00e9gios em rela\u00e7\u00e3o aos trabalhadores da iniciativa privada.<\/p>\n<p>Alguns benef\u00edcios tamb\u00e9m passariam por revis\u00f5es, como as licen\u00e7as-pr\u00eamio e anu\u00eanios.<\/p>\n<\/div><\/div><\/div><\/div><\/div><\/div><\/div><\/section><section class=\"l-section wpb_row height_auto\"><div class=\"l-section-h i-cf\"><div class=\"g-cols vc_row type_default valign_top\"><div class=\"vc_col-sm-12 wpb_column vc_column_container\"><div class=\"vc_column-inner\"><div class=\"wpb_wrapper\"><div class=\"w-image vc_hidden-sm vc_hidden-xs align_none\"><a target=\"_blank\" href=\"https:\/\/seucreditonoclick.com.br\/siape\/calculadora\/?&amp;utm_medium=emprestimo_banner&amp;utm_source=BannerBlog&amp;utm_campaign=blog_do_sr_siape&amp;utm_content=900x200_blog_emprestimo\" rel=\"noopener\" aria-label=\"Link\" class=\"w-image-h\"><img loading=\"lazy\" decoding=\"async\" width=\"900\" height=\"200\" src=\"https:\/\/11ponto11servidor.com.br\/blogsrsiape\/wp-content\/uploads\/sites\/2\/2020\/06\/Banner-credito-consignado.jpg\" class=\"attachment-full size-full\" alt=\"\" srcset=\"https:\/\/11ponto11servidor.com.br\/blogsrsiape\/wp-content\/uploads\/sites\/2\/2020\/06\/Banner-credito-consignado.jpg 900w, https:\/\/11ponto11servidor.com.br\/blogsrsiape\/wp-content\/uploads\/sites\/2\/2020\/06\/Banner-credito-consignado-300x67.jpg 300w\" sizes=\"(max-width: 900px) 100vw, 900px\" \/><\/a><\/div><div class=\"w-image vc_hidden-md vc_hidden-lg align_none\"><a target=\"_blank\" href=\"https:\/\/seucreditonoclick.com.br\/siape\/calculadora\/?&amp;utm_medium=emprestimo_banner&amp;utm_source=BannerBlog&amp;utm_campaign=blog_do_sr_siape&amp;utm_content=500x500_blog_emprestimo\" rel=\"noopener\" aria-label=\"Link\" class=\"w-image-h\"><img loading=\"lazy\" decoding=\"async\" width=\"300\" height=\"300\" src=\"https:\/\/11ponto11servidor.com.br\/blogsrsiape\/wp-content\/uploads\/sites\/2\/2020\/05\/Banner-credito-consignado-quadrado-300x300.jpg\" class=\"attachment-medium size-medium\" alt=\"\" srcset=\"https:\/\/11ponto11servidor.com.br\/blogsrsiape\/wp-content\/uploads\/sites\/2\/2020\/05\/Banner-credito-consignado-quadrado-300x300.jpg 300w, https:\/\/11ponto11servidor.com.br\/blogsrsiape\/wp-content\/uploads\/sites\/2\/2020\/05\/Banner-credito-consignado-quadrado-150x150.jpg 150w, https:\/\/11ponto11servidor.com.br\/blogsrsiape\/wp-content\/uploads\/sites\/2\/2020\/05\/Banner-credito-consignado-quadrado.jpg 500w\" sizes=\"(max-width: 300px) 100vw, 300px\" \/><\/a><\/div><div class=\"w-separator size_small\"><\/div><div class=\"w-separator size_small\"><\/div><\/div><\/div><\/div><\/div><\/div><\/section><section class=\"l-section wpb_row height_auto\"><div class=\"l-section-h i-cf\"><div class=\"g-cols vc_row type_default valign_top\"><div class=\"vc_col-sm-12 wpb_column vc_column_container\"><div class=\"vc_column-inner\"><div class=\"wpb_wrapper\"><div class=\"wpb_text_column\" ><div class=\"wpb_wrapper\"><p>Desde que a reforma foi novamente retomada, os t\u00e9cnicos do governo iniciaram um pente-fino conforme determina\u00e7\u00e3o do presidente para que os servidores que est\u00e3o na ativa fossem exclu\u00eddos.<\/p>\n<p>\u201cImportante, sinalizando para o futuro, a retomada das reformas. A reforma administrativa \u00e9 importante. Como o presidente deixou claro, desde o in\u00edcio, n\u00e3o atinge os direitos dos servidores p\u00fablicos atuais, mas redefine toda a trajet\u00f3ria do servi\u00e7o p\u00fablico para o futuro, servi\u00e7o de qualidade, com meritocracia\u201d, disse ontem Guedes, ao lado do presidente.<\/p>\n<p>Lideran\u00e7as do Congresso afirmam que o texto pode ser aprovado mais rapidamente do que a reforma tribut\u00e1ria, que prev\u00ea simplifica\u00e7\u00e3o de impostos. A aprova\u00e7\u00e3o de uma emenda \u00e0 Constitui\u00e7\u00e3o \u2013 como requer mudan\u00e7as nas regras do funcionalismo \u2013 exige apoio de tr\u00eas quintos da C\u00e2mara (no m\u00ednimo 308 votos de 513 deputados) e no Senado (49 de 81 senadores).<br \/>\nA retomada da reforma administrativa foi feita ap\u00f3s um \u201crealinhamento pol\u00edtico\u201d da agenda P\u00f3s-pandemia, ap\u00f3s o adiamento do envio da proposta e o pr\u00f3prio pedido de demiss\u00e3o do secret\u00e1rio de Desburocratiza\u00e7\u00e3o, Gest\u00e3o e Governo Digital do Minist\u00e9rio da Economia, Paulo Uebel, ter m\u00e1 repercuss\u00e3o entre investidores.<br \/>\nLideran\u00e7as que participaram do caf\u00e9 da manh\u00e3 com Bolsonaro e Guedes tamb\u00e9m enxergam uma forma de atender \u00e0 press\u00e3o do mercado por um ataque mais incisivo \u00e0 trajet\u00f3ria explosiva de gastos. A despesa com pessoal \u00e9 a segunda maior do Or\u00e7amento, atr\u00e1s apenas da Previd\u00eancia, que j\u00e1 foi alvo de reforma aprovada no ano passado.<\/p>\n<\/div><\/div><\/div><\/div><\/div><\/div><\/div><\/section>\n","protected":false},"excerpt":{"rendered":"O atual presidente da rep\u00fablica, Jair Bolsonaro, informou que ser\u00e1 \u00a0enviado a reforma administrativa ao Congresso amanh\u00e3 (02). Bolsonaro exigiu que os 9,77 milh\u00f5es de funcion\u00e1rios que est\u00e3o na ativa na Uni\u00e3o e nos Estados e munic\u00edpios (21% dos trabalhadores formais do Pa\u00eds) sejam poupados das mudan\u00e7as da reforma. O envio da reforma tem como...","protected":false},"author":1,"featured_media":11865,"comment_status":"open","ping_status":"open","sticky":false,"template":"","format":"standard","meta":{"footnotes":""},"categories":[1],"tags":[],"class_list":["post-11864","post","type-post","status-publish","format-standard","has-post-thumbnail","hentry","category-geral"],"yoast_head":"<!-- This site is optimized with the Yoast SEO plugin v23.6 - https:\/\/yoast.com\/wordpress\/plugins\/seo\/ -->\n<title>Reforma administrativa n\u00e3o servir\u00e1 para Servidores atuais - Blog do Sr. SIAPE<\/title>\n<meta name=\"robots\" content=\"index, follow, max-snippet:-1, max-image-preview:large, max-video-preview:-1\" \/>\n<link rel=\"canonical\" href=\"https:\/\/blogdosrsiape.com\/reforma-administrativa-nao-servira-para-servidores-ja-em-exercicio\/\" \/>\n<meta property=\"og:locale\" content=\"pt_BR\" \/>\n<meta property=\"og:type\" content=\"article\" \/>\n<meta property=\"og:title\" content=\"Reforma administrativa n\u00e3o servir\u00e1 para Servidores atuais - Blog do Sr. SIAPE\" \/>\n<meta property=\"og:url\" content=\"https:\/\/blogdosrsiape.com\/reforma-administrativa-nao-servira-para-servidores-ja-em-exercicio\/\" \/>\n<meta property=\"og:site_name\" content=\"Blog do Sr. SIAPE\" \/>\n<meta property=\"article:publisher\" content=\"https:\/\/www.facebook.com\/blogsrsiape\/?locale=pt_BR\" \/>\n<meta property=\"article:published_time\" content=\"2020-09-02T21:37:26+00:00\" \/>\n<meta property=\"article:modified_time\" content=\"2020-09-02T21:40:36+00:00\" \/>\n<meta property=\"og:image\" content=\"https:\/\/11ponto11servidor.com.br\/blogsrsiape\/wp-content\/uploads\/sites\/2\/2020\/09\/ok.jpg\" \/>\n\t<meta property=\"og:image:width\" content=\"850\" \/>\n\t<meta property=\"og:image:height\" content=\"268\" \/>\n\t<meta property=\"og:image:type\" content=\"image\/jpeg\" \/>\n<meta name=\"author\" content=\"websitemix\" \/>\n<meta name=\"twitter:card\" content=\"summary_large_image\" \/>\n<meta name=\"twitter:label1\" content=\"Escrito por\" \/>\n\t<meta name=\"twitter:data1\" content=\"websitemix\" \/>\n\t<meta name=\"twitter:label2\" content=\"Est. tempo de leitura\" \/>\n\t<meta name=\"twitter:data2\" content=\"4 minutos\" \/>\n<script type=\"application\/ld+json\" class=\"yoast-schema-graph\">{\"@context\":\"https:\/\/schema.org\",\"@graph\":[{\"@type\":\"Article\",\"@id\":\"https:\/\/blogdosrsiape.com\/reforma-administrativa-nao-servira-para-servidores-ja-em-exercicio\/#article\",\"isPartOf\":{\"@id\":\"https:\/\/blogdosrsiape.com\/reforma-administrativa-nao-servira-para-servidores-ja-em-exercicio\/\"},\"author\":{\"name\":\"websitemix\",\"@id\":\"https:\/\/blogdosrsiape.com\/#\/schema\/person\/641e1af8b22c69725a1d604fb8959bcf\"},\"headline\":\"Reforma administrativa n\u00e3o servir\u00e1 para Servidores atuais\",\"datePublished\":\"2020-09-02T21:37:26+00:00\",\"dateModified\":\"2020-09-02T21:40:36+00:00\",\"mainEntityOfPage\":{\"@id\":\"https:\/\/blogdosrsiape.com\/reforma-administrativa-nao-servira-para-servidores-ja-em-exercicio\/\"},\"wordCount\":719,\"commentCount\":0,\"publisher\":{\"@id\":\"https:\/\/blogdosrsiape.com\/#organization\"},\"image\":{\"@id\":\"https:\/\/blogdosrsiape.com\/reforma-administrativa-nao-servira-para-servidores-ja-em-exercicio\/#primaryimage\"},\"thumbnailUrl\":\"https:\/\/11ponto11servidor.com.br\/blogsrsiape\/wp-content\/uploads\/sites\/2\/2020\/09\/ok.jpg\",\"articleSection\":[\"Geral\"],\"inLanguage\":\"pt-BR\",\"potentialAction\":[{\"@type\":\"CommentAction\",\"name\":\"Comment\",\"target\":[\"https:\/\/blogdosrsiape.com\/reforma-administrativa-nao-servira-para-servidores-ja-em-exercicio\/#respond\"]}]},{\"@type\":\"WebPage\",\"@id\":\"https:\/\/blogdosrsiape.com\/reforma-administrativa-nao-servira-para-servidores-ja-em-exercicio\/\",\"url\":\"https:\/\/blogdosrsiape.com\/reforma-administrativa-nao-servira-para-servidores-ja-em-exercicio\/\",\"name\":\"Reforma administrativa n\u00e3o servir\u00e1 para Servidores atuais - Blog do Sr. SIAPE\",\"isPartOf\":{\"@id\":\"https:\/\/blogdosrsiape.com\/#website\"},\"primaryImageOfPage\":{\"@id\":\"https:\/\/blogdosrsiape.com\/reforma-administrativa-nao-servira-para-servidores-ja-em-exercicio\/#primaryimage\"},\"image\":{\"@id\":\"https:\/\/blogdosrsiape.com\/reforma-administrativa-nao-servira-para-servidores-ja-em-exercicio\/#primaryimage\"},\"thumbnailUrl\":\"https:\/\/11ponto11servidor.com.br\/blogsrsiape\/wp-content\/uploads\/sites\/2\/2020\/09\/ok.jpg\",\"datePublished\":\"2020-09-02T21:37:26+00:00\",\"dateModified\":\"2020-09-02T21:40:36+00:00\",\"breadcrumb\":{\"@id\":\"https:\/\/blogdosrsiape.com\/reforma-administrativa-nao-servira-para-servidores-ja-em-exercicio\/#breadcrumb\"},\"inLanguage\":\"pt-BR\",\"potentialAction\":[{\"@type\":\"ReadAction\",\"target\":[\"https:\/\/blogdosrsiape.com\/reforma-administrativa-nao-servira-para-servidores-ja-em-exercicio\/\"]}]},{\"@type\":\"ImageObject\",\"inLanguage\":\"pt-BR\",\"@id\":\"https:\/\/blogdosrsiape.com\/reforma-administrativa-nao-servira-para-servidores-ja-em-exercicio\/#primaryimage\",\"url\":\"https:\/\/11ponto11servidor.com.br\/blogsrsiape\/wp-content\/uploads\/sites\/2\/2020\/09\/ok.jpg\",\"contentUrl\":\"https:\/\/11ponto11servidor.com.br\/blogsrsiape\/wp-content\/uploads\/sites\/2\/2020\/09\/ok.jpg\",\"width\":850,\"height\":268},{\"@type\":\"BreadcrumbList\",\"@id\":\"https:\/\/blogdosrsiape.com\/reforma-administrativa-nao-servira-para-servidores-ja-em-exercicio\/#breadcrumb\",\"itemListElement\":[{\"@type\":\"ListItem\",\"position\":1,\"name\":\"In\u00edcio\",\"item\":\"https:\/\/blogdosrsiape.com\/\"},{\"@type\":\"ListItem\",\"position\":2,\"name\":\"Reforma administrativa n\u00e3o servir\u00e1 para Servidores atuais\"}]},{\"@type\":\"WebSite\",\"@id\":\"https:\/\/blogdosrsiape.com\/#website\",\"url\":\"https:\/\/blogdosrsiape.com\/\",\"name\":\"Blog do sr. SIAPE\",\"description\":\"SIAPE Servidor Federal\",\"publisher\":{\"@id\":\"https:\/\/blogdosrsiape.com\/#organization\"},\"potentialAction\":[{\"@type\":\"SearchAction\",\"target\":{\"@type\":\"EntryPoint\",\"urlTemplate\":\"https:\/\/blogdosrsiape.com\/?s={search_term_string}\"},\"query-input\":{\"@type\":\"PropertyValueSpecification\",\"valueRequired\":true,\"valueName\":\"search_term_string\"}}],\"inLanguage\":\"pt-BR\"},{\"@type\":\"Organization\",\"@id\":\"https:\/\/blogdosrsiape.com\/#organization\",\"name\":\"Blog do sr. SIAPE\",\"url\":\"https:\/\/blogdosrsiape.com\/\",\"logo\":{\"@type\":\"ImageObject\",\"inLanguage\":\"pt-BR\",\"@id\":\"https:\/\/blogdosrsiape.com\/#\/schema\/logo\/image\/\",\"url\":\"https:\/\/11ponto11servidor.com.br\/blogsrsiape\/wp-content\/uploads\/sites\/2\/2024\/10\/logo-1.png\",\"contentUrl\":\"https:\/\/11ponto11servidor.com.br\/blogsrsiape\/wp-content\/uploads\/sites\/2\/2024\/10\/logo-1.png\",\"width\":287,\"height\":116,\"caption\":\"Blog do sr. SIAPE\"},\"image\":{\"@id\":\"https:\/\/blogdosrsiape.com\/#\/schema\/logo\/image\/\"},\"sameAs\":[\"https:\/\/www.facebook.com\/blogsrsiape\/?locale=pt_BR\",\"https:\/\/www.instagram.com\/srsiape\/\"]},{\"@type\":\"Person\",\"@id\":\"https:\/\/blogdosrsiape.com\/#\/schema\/person\/641e1af8b22c69725a1d604fb8959bcf\",\"name\":\"websitemix\",\"sameAs\":[\"https:\/\/11ponto11servidor.com.br\"],\"url\":\"https:\/\/11ponto11servidor.com.br\/blogsrsiape\/author\/websitemix\/\"}]}<\/script>\n<!-- \/ Yoast SEO plugin. -->","yoast_head_json":{"title":"Reforma administrativa n\u00e3o servir\u00e1 para Servidores atuais - Blog do Sr. SIAPE","robots":{"index":"index","follow":"follow","max-snippet":"max-snippet:-1","max-image-preview":"max-image-preview:large","max-video-preview":"max-video-preview:-1"},"canonical":"https:\/\/blogdosrsiape.com\/reforma-administrativa-nao-servira-para-servidores-ja-em-exercicio\/","og_locale":"pt_BR","og_type":"article","og_title":"Reforma administrativa n\u00e3o servir\u00e1 para Servidores atuais - Blog do Sr. SIAPE","og_url":"https:\/\/blogdosrsiape.com\/reforma-administrativa-nao-servira-para-servidores-ja-em-exercicio\/","og_site_name":"Blog do Sr. SIAPE","article_publisher":"https:\/\/www.facebook.com\/blogsrsiape\/?locale=pt_BR","article_published_time":"2020-09-02T21:37:26+00:00","article_modified_time":"2020-09-02T21:40:36+00:00","og_image":[{"width":850,"height":268,"url":"https:\/\/11ponto11servidor.com.br\/blogsrsiape\/wp-content\/uploads\/sites\/2\/2020\/09\/ok.jpg","type":"image\/jpeg"}],"author":"websitemix","twitter_card":"summary_large_image","twitter_misc":{"Escrito por":"websitemix","Est. tempo de leitura":"4 minutos"},"schema":{"@context":"https:\/\/schema.org","@graph":[{"@type":"Article","@id":"https:\/\/blogdosrsiape.com\/reforma-administrativa-nao-servira-para-servidores-ja-em-exercicio\/#article","isPartOf":{"@id":"https:\/\/blogdosrsiape.com\/reforma-administrativa-nao-servira-para-servidores-ja-em-exercicio\/"},"author":{"name":"websitemix","@id":"https:\/\/blogdosrsiape.com\/#\/schema\/person\/641e1af8b22c69725a1d604fb8959bcf"},"headline":"Reforma administrativa n\u00e3o servir\u00e1 para Servidores atuais","datePublished":"2020-09-02T21:37:26+00:00","dateModified":"2020-09-02T21:40:36+00:00","mainEntityOfPage":{"@id":"https:\/\/blogdosrsiape.com\/reforma-administrativa-nao-servira-para-servidores-ja-em-exercicio\/"},"wordCount":719,"commentCount":0,"publisher":{"@id":"https:\/\/blogdosrsiape.com\/#organization"},"image":{"@id":"https:\/\/blogdosrsiape.com\/reforma-administrativa-nao-servira-para-servidores-ja-em-exercicio\/#primaryimage"},"thumbnailUrl":"https:\/\/11ponto11servidor.com.br\/blogsrsiape\/wp-content\/uploads\/sites\/2\/2020\/09\/ok.jpg","articleSection":["Geral"],"inLanguage":"pt-BR","potentialAction":[{"@type":"CommentAction","name":"Comment","target":["https:\/\/blogdosrsiape.com\/reforma-administrativa-nao-servira-para-servidores-ja-em-exercicio\/#respond"]}]},{"@type":"WebPage","@id":"https:\/\/blogdosrsiape.com\/reforma-administrativa-nao-servira-para-servidores-ja-em-exercicio\/","url":"https:\/\/blogdosrsiape.com\/reforma-administrativa-nao-servira-para-servidores-ja-em-exercicio\/","name":"Reforma administrativa n\u00e3o servir\u00e1 para Servidores atuais - Blog do Sr. SIAPE","isPartOf":{"@id":"https:\/\/blogdosrsiape.com\/#website"},"primaryImageOfPage":{"@id":"https:\/\/blogdosrsiape.com\/reforma-administrativa-nao-servira-para-servidores-ja-em-exercicio\/#primaryimage"},"image":{"@id":"https:\/\/blogdosrsiape.com\/reforma-administrativa-nao-servira-para-servidores-ja-em-exercicio\/#primaryimage"},"thumbnailUrl":"https:\/\/11ponto11servidor.com.br\/blogsrsiape\/wp-content\/uploads\/sites\/2\/2020\/09\/ok.jpg","datePublished":"2020-09-02T21:37:26+00:00","dateModified":"2020-09-02T21:40:36+00:00","breadcrumb":{"@id":"https:\/\/blogdosrsiape.com\/reforma-administrativa-nao-servira-para-servidores-ja-em-exercicio\/#breadcrumb"},"inLanguage":"pt-BR","potentialAction":[{"@type":"ReadAction","target":["https:\/\/blogdosrsiape.com\/reforma-administrativa-nao-servira-para-servidores-ja-em-exercicio\/"]}]},{"@type":"ImageObject","inLanguage":"pt-BR","@id":"https:\/\/blogdosrsiape.com\/reforma-administrativa-nao-servira-para-servidores-ja-em-exercicio\/#primaryimage","url":"https:\/\/11ponto11servidor.com.br\/blogsrsiape\/wp-content\/uploads\/sites\/2\/2020\/09\/ok.jpg","contentUrl":"https:\/\/11ponto11servidor.com.br\/blogsrsiape\/wp-content\/uploads\/sites\/2\/2020\/09\/ok.jpg","width":850,"height":268},{"@type":"BreadcrumbList","@id":"https:\/\/blogdosrsiape.com\/reforma-administrativa-nao-servira-para-servidores-ja-em-exercicio\/#breadcrumb","itemListElement":[{"@type":"ListItem","position":1,"name":"In\u00edcio","item":"https:\/\/blogdosrsiape.com\/"},{"@type":"ListItem","position":2,"name":"Reforma administrativa n\u00e3o servir\u00e1 para Servidores atuais"}]},{"@type":"WebSite","@id":"https:\/\/blogdosrsiape.com\/#website","url":"https:\/\/blogdosrsiape.com\/","name":"Blog do sr. SIAPE","description":"SIAPE Servidor Federal","publisher":{"@id":"https:\/\/blogdosrsiape.com\/#organization"},"potentialAction":[{"@type":"SearchAction","target":{"@type":"EntryPoint","urlTemplate":"https:\/\/blogdosrsiape.com\/?s={search_term_string}"},"query-input":{"@type":"PropertyValueSpecification","valueRequired":true,"valueName":"search_term_string"}}],"inLanguage":"pt-BR"},{"@type":"Organization","@id":"https:\/\/blogdosrsiape.com\/#organization","name":"Blog do sr. SIAPE","url":"https:\/\/blogdosrsiape.com\/","logo":{"@type":"ImageObject","inLanguage":"pt-BR","@id":"https:\/\/blogdosrsiape.com\/#\/schema\/logo\/image\/","url":"https:\/\/11ponto11servidor.com.br\/blogsrsiape\/wp-content\/uploads\/sites\/2\/2024\/10\/logo-1.png","contentUrl":"https:\/\/11ponto11servidor.com.br\/blogsrsiape\/wp-content\/uploads\/sites\/2\/2024\/10\/logo-1.png","width":287,"height":116,"caption":"Blog do sr. SIAPE"},"image":{"@id":"https:\/\/blogdosrsiape.com\/#\/schema\/logo\/image\/"},"sameAs":["https:\/\/www.facebook.com\/blogsrsiape\/?locale=pt_BR","https:\/\/www.instagram.com\/srsiape\/"]},{"@type":"Person","@id":"https:\/\/blogdosrsiape.com\/#\/schema\/person\/641e1af8b22c69725a1d604fb8959bcf","name":"websitemix","sameAs":["https:\/\/11ponto11servidor.com.br"],"url":"https:\/\/11ponto11servidor.com.br\/blogsrsiape\/author\/websitemix\/"}]}},"_links":{"self":[{"href":"https:\/\/11ponto11servidor.com.br\/blogsrsiape\/wp-json\/wp\/v2\/posts\/11864"}],"collection":[{"href":"https:\/\/11ponto11servidor.com.br\/blogsrsiape\/wp-json\/wp\/v2\/posts"}],"about":[{"href":"https:\/\/11ponto11servidor.com.br\/blogsrsiape\/wp-json\/wp\/v2\/types\/post"}],"author":[{"embeddable":true,"href":"https:\/\/11ponto11servidor.com.br\/blogsrsiape\/wp-json\/wp\/v2\/users\/1"}],"replies":[{"embeddable":true,"href":"https:\/\/11ponto11servidor.com.br\/blogsrsiape\/wp-json\/wp\/v2\/comments?post=11864"}],"version-history":[{"count":0,"href":"https:\/\/11ponto11servidor.com.br\/blogsrsiape\/wp-json\/wp\/v2\/posts\/11864\/revisions"}],"wp:featuredmedia":[{"embeddable":true,"href":"https:\/\/11ponto11servidor.com.br\/blogsrsiape\/wp-json\/wp\/v2\/media\/11865"}],"wp:attachment":[{"href":"https:\/\/11ponto11servidor.com.br\/blogsrsiape\/wp-json\/wp\/v2\/media?parent=11864"}],"wp:term":[{"taxonomy":"category","embeddable":true,"href":"https:\/\/11ponto11servidor.com.br\/blogsrsiape\/wp-json\/wp\/v2\/categories?post=11864"},{"taxonomy":"post_tag","embeddable":true,"href":"https:\/\/11ponto11servidor.com.br\/blogsrsiape\/wp-json\/wp\/v2\/tags?post=11864"}],"curies":[{"name":"wp","href":"https:\/\/api.w.org\/{rel}","templated":true}]}}