{"id":11868,"date":"2020-09-04T18:10:16","date_gmt":"2020-09-04T21:10:16","guid":{"rendered":"https:\/\/11ponto11servidor.com.br\/blogsrsiape\/?p=11868"},"modified":"2020-09-08T16:34:23","modified_gmt":"2020-09-08T19:34:23","slug":"resumo-da-semana-tempo-de-quarentena-e-reforma-administrativa","status":"publish","type":"post","link":"https:\/\/11ponto11servidor.com.br\/blogsrsiape\/resumo-da-semana-tempo-de-quarentena-e-reforma-administrativa\/","title":{"rendered":"Resumo da semana: Tempo de quarentena e reforma administrativa"},"content":{"rendered":"<section class=\"l-section wpb_row height_auto\"><div class=\"l-section-h i-cf\"><div class=\"g-cols vc_row type_default valign_top\"><\/div><\/div><\/section><section class=\"l-section wpb_row height_auto\"><div class=\"l-section-h i-cf\"><div class=\"g-cols vc_row type_default valign_top\"><div class=\"vc_col-sm-12 wpb_column vc_column_container\"><div class=\"vc_column-inner\"><div class=\"wpb_wrapper\"><div class=\"w-image vc_hidden-sm vc_hidden-xs align_none\"><a target=\"_blank\" href=\"https:\/\/seuseguronoclick.com.br\/seguros\/odonto\/?&amp;utm_medium=seguro_amil_banner&amp;utm_source=BannerBlog&amp;utm_campaign=blog_do_sr_siape&amp;utm_content=900x200_blog_seguro_amil\" rel=\"noopener\" aria-label=\"Link\" class=\"w-image-h\"><img loading=\"lazy\" decoding=\"async\" width=\"900\" height=\"200\" src=\"https:\/\/11ponto11servidor.com.br\/blogsrsiape\/wp-content\/uploads\/sites\/2\/2020\/09\/Amil-retangulo.png\" class=\"attachment-full size-full\" alt=\"\" srcset=\"https:\/\/11ponto11servidor.com.br\/blogsrsiape\/wp-content\/uploads\/sites\/2\/2020\/09\/Amil-retangulo.png 900w, https:\/\/11ponto11servidor.com.br\/blogsrsiape\/wp-content\/uploads\/sites\/2\/2020\/09\/Amil-retangulo-300x67.png 300w\" sizes=\"(max-width: 900px) 100vw, 900px\" \/><\/a><\/div><div class=\"w-image vc_hidden-md vc_hidden-lg align_none\"><a target=\"_blank\" href=\"https:\/\/seuseguronoclick.com.br\/seguros\/odonto\/?&amp;utm_medium=seguro_amil_banner&amp;utm_source=BannerBlog&amp;utm_campaign=blog_do_sr_siape&amp;utm_content=900x200_blog_seguro_amil\" rel=\"noopener\" aria-label=\"Link\" class=\"w-image-h\"><img loading=\"lazy\" decoding=\"async\" width=\"300\" height=\"300\" src=\"https:\/\/11ponto11servidor.com.br\/blogsrsiape\/wp-content\/uploads\/sites\/2\/2020\/09\/ami-quadrado-1-300x300.png\" class=\"attachment-medium size-medium\" alt=\"\" srcset=\"https:\/\/11ponto11servidor.com.br\/blogsrsiape\/wp-content\/uploads\/sites\/2\/2020\/09\/ami-quadrado-1-300x300.png 300w, https:\/\/11ponto11servidor.com.br\/blogsrsiape\/wp-content\/uploads\/sites\/2\/2020\/09\/ami-quadrado-1-150x150.png 150w, https:\/\/11ponto11servidor.com.br\/blogsrsiape\/wp-content\/uploads\/sites\/2\/2020\/09\/ami-quadrado-1.png 500w\" sizes=\"(max-width: 300px) 100vw, 300px\" \/><\/a><\/div><div class=\"w-separator size_small\"><\/div><\/div><\/div><\/div><\/div><\/div><\/section><section class=\"l-section wpb_row height_auto\"><div class=\"l-section-h i-cf\"><div class=\"g-cols vc_row type_default valign_top\"><div class=\"vc_col-sm-12 wpb_column vc_column_container\"><div class=\"vc_column-inner\"><div class=\"wpb_wrapper\"><div class=\"wpb_text_column\" ><div class=\"wpb_wrapper\"><h2>Proposta dobra o tempo de quarentena para ex-servidores federais<\/h2>\n<p>Quarentena para os que deixarem de exercer cargos p\u00fablicos relacionados \u00e0 fiscaliza\u00e7\u00e3o, ao incentivo e ao planejamento da atividade econ\u00f4mica seria de um ano.<\/p>\n<p>O Projeto de Lei 4204\/20 amplia o prazo&#8230;..<br \/>\nContinue a leitura completa <a href=\"https:\/\/11ponto11servidor.com.br\/blogsrsiape\/proposta-dobra-o-tempo-de-quarentena-para-ex-servidores-federais\/\">AQUI<\/a>. <\/p>\n<h2>Reforma administrativa n\u00e3o servir\u00e1 para Servidores atuais<\/h2>\n<p>O atual presidente da rep\u00fablica, Jair Bolsonaro, informou que ser\u00e1  enviado a reforma administrativa ao Congresso amanh\u00e3 (02). Bolsonaro exigiu que os 9,77 milh\u00f5es de funcion\u00e1rios que est\u00e3o na ativa na Uni\u00e3o e nos Estados e munic\u00edpios (21% dos trabalhadores formais do Pa\u00eds) sejam poupados das mudan\u00e7as da reforma.<\/p>\n<p>O envio da reforma tem como objetivo pela \u00e1rea econ\u00f4mica, conter o bombardeio contra o teto de gastos, que limita o avan\u00e7o das despesas \u00e0 infla\u00e7\u00e3o. <\/p>\n<p>Continue a leitura completa <a href=\"https:\/\/11ponto11servidor.com.br\/blogsrsiape\/reforma-administrativa-nao-servira-para-servidores-ja-em-exercicio\/\">AQUI<\/a>.<\/p>\n<\/div><\/div><\/div><\/div><\/div><\/div><\/div><\/section><section class=\"l-section wpb_row height_auto\"><div class=\"l-section-h i-cf\"><div class=\"g-cols vc_row type_default valign_top\"><div class=\"vc_col-sm-12 wpb_column vc_column_container\"><div class=\"vc_column-inner\"><div class=\"wpb_wrapper\"><div class=\"w-image vc_hidden-sm vc_hidden-xs align_none\"><a target=\"_blank\" href=\"https:\/\/seucreditonoclick.com.br\/siape\/calculadora\/?&amp;utm_medium=emprestimo_banner&amp;utm_source=BannerBlog&amp;utm_campaign=blog_do_sr_siape&amp;utm_content=900x200_blog_emprestimo\" rel=\"noopener\" aria-label=\"Link\" class=\"w-image-h\"><img loading=\"lazy\" decoding=\"async\" width=\"900\" height=\"200\" src=\"https:\/\/11ponto11servidor.com.br\/blogsrsiape\/wp-content\/uploads\/sites\/2\/2020\/06\/Banner-credito-consignado.jpg\" class=\"attachment-full size-full\" alt=\"\" srcset=\"https:\/\/11ponto11servidor.com.br\/blogsrsiape\/wp-content\/uploads\/sites\/2\/2020\/06\/Banner-credito-consignado.jpg 900w, https:\/\/11ponto11servidor.com.br\/blogsrsiape\/wp-content\/uploads\/sites\/2\/2020\/06\/Banner-credito-consignado-300x67.jpg 300w\" sizes=\"(max-width: 900px) 100vw, 900px\" \/><\/a><\/div><div class=\"w-image vc_hidden-md vc_hidden-lg align_none\"><a target=\"_blank\" href=\"https:\/\/seucreditonoclick.com.br\/siape\/calculadora\/?&amp;utm_medium=emprestimo_banner&amp;utm_source=BannerBlog&amp;utm_campaign=blog_do_sr_siape&amp;utm_content=500x500_blog_emprestimo\" rel=\"noopener\" aria-label=\"Link\" class=\"w-image-h\"><img loading=\"lazy\" decoding=\"async\" width=\"300\" height=\"300\" src=\"https:\/\/11ponto11servidor.com.br\/blogsrsiape\/wp-content\/uploads\/sites\/2\/2020\/05\/Banner-credito-consignado-quadrado-300x300.jpg\" class=\"attachment-medium size-medium\" alt=\"\" srcset=\"https:\/\/11ponto11servidor.com.br\/blogsrsiape\/wp-content\/uploads\/sites\/2\/2020\/05\/Banner-credito-consignado-quadrado-300x300.jpg 300w, https:\/\/11ponto11servidor.com.br\/blogsrsiape\/wp-content\/uploads\/sites\/2\/2020\/05\/Banner-credito-consignado-quadrado-150x150.jpg 150w, https:\/\/11ponto11servidor.com.br\/blogsrsiape\/wp-content\/uploads\/sites\/2\/2020\/05\/Banner-credito-consignado-quadrado.jpg 500w\" sizes=\"(max-width: 300px) 100vw, 300px\" \/><\/a><\/div><div class=\"w-separator size_small\"><\/div><div class=\"w-separator size_small\"><\/div><\/div><\/div><\/div><\/div><\/div><\/section><section class=\"l-section wpb_row height_auto\"><div class=\"l-section-h i-cf\"><div class=\"g-cols vc_row type_default valign_top\"><div class=\"vc_col-sm-12 wpb_column vc_column_container\"><div class=\"vc_column-inner\"><div class=\"wpb_wrapper\"><div class=\"wpb_text_column\" ><div class=\"wpb_wrapper\"><h2>Confira Alguns pontos da nova proposta de Reforma Administrativa<\/h2>\n<p>A reforma administrativa apresentada hoje (3) pelo governo federal prev\u00ea a cria\u00e7\u00e3o de novos tipos de v\u00ednculos e maior tempo para efetiva\u00e7\u00e3o no cargo. Secret\u00e1rios do Minist\u00e9rio da Economia concedem neste momento entrevista coletiva sobre a Proposta de Emenda Constitucional (PEC) da Nova Administra\u00e7\u00e3o P\u00fablica.<\/p>\n<p>A mat\u00e9ria prev\u00ea a cria\u00e7\u00e3o de novos v\u00ednculos. O regime jur\u00eddico \u00fanico dar\u00e1 lugar a v\u00ednculos distintos. No ingresso por concurso p\u00fablico, haver\u00e1 estabilidade ap\u00f3s tr\u00eas anos para cargo t\u00edpico de estado e o cargo por prazo indeterminado. <\/p>\n<p>No ingresso por sele\u00e7\u00e3o simplificada, haver\u00e1 v\u00ednculo por prazo determinado, que substituir\u00e1 a contrata\u00e7\u00e3o tempor\u00e1ria, e ainda cargos de lideran\u00e7a e assessoramento, em substitui\u00e7\u00e3o a cargos comissionados e fun\u00e7\u00f5es gratificadas.<\/p>\n<h2>Est\u00e1gio probat\u00f3rio<\/h2>\n<p>Segundo o minist\u00e9rio, o est\u00e1gio probat\u00f3rio atual  \u00e9 uma \u201cmera formalidade\u201d. No Executivo Federal, s\u00e3o desligados no per\u00edodo de est\u00e1gio probat\u00f3rio (dado de 2016 at\u00e9 junho de 2019) apenas 0,4% dos servidores.<\/p>\n<p>Na proposta, o est\u00e1gio probat\u00f3rio cede lugar ao v\u00ednculo de experi\u00eancia, que durar\u00e1 pelo menos dois anos. Essa etapa passa a fazer parte do concurso p\u00fablico em que n\u00e3o h\u00e1 direito autom\u00e1tico ao cargo e os mais bem avaliados ao final do v\u00ednculo de experi\u00eancia ser\u00e3o efetivados. Ap\u00f3s o v\u00ednculo de experi\u00eancia, haver\u00e1 ainda um ano de experi\u00eancia antes de o servidor passar a ter estabilidade.<\/p>\n<h2>Desligamento de servidor<\/h2>\n<p>O desligamento de servidor atualmente ocorre por senten\u00e7a judicial transitada em julgado. H\u00e1 ainda a possibilidade de desligamento por infra\u00e7\u00e3o disciplinar, que n\u00e3o tem regulamenta\u00e7\u00e3o. Segundo o Minist\u00e9rio da Economia, no governo federal, em 2018, foram desligados 388 servidores (0,07% da for\u00e7a de trabalho).<\/p>\n<p>Para o minist\u00e9rio, o modelo atual \u00e9 engessado, com \u201cmanuten\u00e7\u00e3o de servidores em atividades em que n\u00e3o h\u00e1 mais demanda e incapacidade de adapta\u00e7\u00f5es e ajustes\u201d.<\/p>\n<p>A proposta \u00e9 que n\u00e3o ser\u00e1 mais necess\u00e1rio aguardar tr\u00e2nsito em julgado para a demiss\u00e3o. Valer\u00e1 tamb\u00e9m decis\u00e3o judicial proferida por \u00f3rg\u00e3o colegiado. Ser\u00e1 mantida a demiss\u00e3o por insufici\u00eancia de desempenho, que dever\u00e1 ser regulamentada por lei ordin\u00e1ria e n\u00e3o mais por lei complementar. <\/p>\n<p>Outras hip\u00f3teses de demiss\u00e3o, para os cargos com prazo indeterminado, ser\u00e3o definidas em lei. De acordo com o minist\u00e9rio, n\u00e3o ser\u00e1 permitida demiss\u00e3o arbitr\u00e1ria, por quest\u00f5es pol\u00edtico-partid\u00e1rias.<\/p>\n<h2>Elimina\u00e7\u00e3o de benef\u00edcios<\/h2>\n<p>A proposta prev\u00ea a elimina\u00e7\u00e3o dos seguintes benef\u00edcios: licen\u00e7a pr\u00eamio (a cada cinco anos, tr\u00eas meses de licen\u00e7a &#8211; n\u00e3o existe no governo federal desde 1999); aumentos retroativos; f\u00e9rias superiores a 30 dias por ano; adicional por tempo de servi\u00e7o (aumento autom\u00e1tico do sal\u00e1rio em 1% a cada ano); aposentadoria compuls\u00f3ria como puni\u00e7\u00e3o; parcelas indenizat\u00f3rias sem previs\u00e3o legal; adicional ou indeniza\u00e7\u00e3o por substitui\u00e7\u00e3o n\u00e3o efetiva (casos de sobreaviso, sem ocupa\u00e7\u00e3o efetiva); redu\u00e7\u00e3o de jornada sem redu\u00e7\u00e3o de remunera\u00e7\u00e3o, salvo por sa\u00fade; progress\u00e3o ou promo\u00e7\u00e3o baseada exclusivamente em tempo de servi\u00e7o; e incorpora\u00e7\u00e3o ao sal\u00e1rio de valores referentes ao exerc\u00edcio de cargos e fun\u00e7\u00f5es.<\/p>\n<p>De acordo com o secret\u00e1rio especial adjunto da Secretaria Especial de Desburocratiza\u00e7\u00e3o, Gest\u00e3o e Governo Digital do Minist\u00e9rio da Economia, Gleisson Rubin, o envio desses projetos de lei pelo governo ao Congresso vai depender do ritmo de tramita\u00e7\u00e3o da PEC no Congresso Nacional. \u201cTratam-se de quest\u00f5es novas que a PEC est\u00e1 trazendo\u201d.<\/p>\n<h2>Servidores atuais<\/h2>\n<p>A estabilidade dos servidores que j\u00e1 ingressaram no servi\u00e7o p\u00fablico continua nos mesmos termos da Constitui\u00e7\u00e3o atual. E os vencimentos dos servidores atuais n\u00e3o ser\u00e3o reduzidos.<\/p>\n<\/div><\/div><\/div><\/div><\/div><\/div><\/div><\/section>\n","protected":false},"excerpt":{"rendered":"Proposta dobra o tempo de quarentena para ex-servidores federais Quarentena para os que deixarem de exercer cargos p\u00fablicos relacionados \u00e0 fiscaliza\u00e7\u00e3o, ao incentivo e ao planejamento da atividade econ\u00f4mica seria de um ano. O Projeto de Lei 4204\/20 amplia o prazo&#8230;.. Continue a leitura completa AQUI. Reforma administrativa n\u00e3o servir\u00e1 para Servidores atuais O atual...","protected":false},"author":1,"featured_media":11503,"comment_status":"open","ping_status":"open","sticky":false,"template":"","format":"standard","meta":{"footnotes":""},"categories":[1],"tags":[],"class_list":["post-11868","post","type-post","status-publish","format-standard","has-post-thumbnail","hentry","category-geral"],"yoast_head":"<!-- This site is optimized with the Yoast SEO plugin v23.6 - https:\/\/yoast.com\/wordpress\/plugins\/seo\/ -->\n<title>Resumo da semana: Tempo de quarentena e reforma administrativa - Blog do Sr. SIAPE<\/title>\n<meta name=\"robots\" content=\"index, follow, max-snippet:-1, max-image-preview:large, max-video-preview:-1\" \/>\n<link rel=\"canonical\" href=\"https:\/\/blogdosrsiape.com\/resumo-da-semana-tempo-de-quarentena-e-reforma-administrativa\/\" \/>\n<meta property=\"og:locale\" content=\"pt_BR\" \/>\n<meta property=\"og:type\" content=\"article\" \/>\n<meta property=\"og:title\" content=\"Resumo da semana: Tempo de quarentena e reforma administrativa - Blog do Sr. SIAPE\" \/>\n<meta property=\"og:url\" content=\"https:\/\/blogdosrsiape.com\/resumo-da-semana-tempo-de-quarentena-e-reforma-administrativa\/\" \/>\n<meta property=\"og:site_name\" content=\"Blog do Sr. SIAPE\" \/>\n<meta property=\"article:publisher\" content=\"https:\/\/www.facebook.com\/blogsrsiape\/?locale=pt_BR\" \/>\n<meta property=\"article:published_time\" content=\"2020-09-04T21:10:16+00:00\" \/>\n<meta property=\"article:modified_time\" content=\"2020-09-08T19:34:23+00:00\" \/>\n<meta property=\"og:image\" content=\"https:\/\/11ponto11servidor.com.br\/blogsrsiape\/wp-content\/uploads\/sites\/2\/2020\/04\/resumo-da-semana-novo.gif\" \/>\n\t<meta property=\"og:image:width\" content=\"850\" \/>\n\t<meta property=\"og:image:height\" content=\"268\" \/>\n\t<meta property=\"og:image:type\" content=\"image\/gif\" \/>\n<meta name=\"author\" content=\"websitemix\" \/>\n<meta name=\"twitter:card\" content=\"summary_large_image\" \/>\n<meta name=\"twitter:label1\" content=\"Escrito por\" \/>\n\t<meta name=\"twitter:data1\" content=\"websitemix\" \/>\n\t<meta name=\"twitter:label2\" content=\"Est. tempo de leitura\" \/>\n\t<meta name=\"twitter:data2\" content=\"5 minutos\" \/>\n<script type=\"application\/ld+json\" class=\"yoast-schema-graph\">{\"@context\":\"https:\/\/schema.org\",\"@graph\":[{\"@type\":\"Article\",\"@id\":\"https:\/\/blogdosrsiape.com\/resumo-da-semana-tempo-de-quarentena-e-reforma-administrativa\/#article\",\"isPartOf\":{\"@id\":\"https:\/\/blogdosrsiape.com\/resumo-da-semana-tempo-de-quarentena-e-reforma-administrativa\/\"},\"author\":{\"name\":\"websitemix\",\"@id\":\"https:\/\/blogdosrsiape.com\/#\/schema\/person\/641e1af8b22c69725a1d604fb8959bcf\"},\"headline\":\"Resumo da semana: Tempo de quarentena e reforma administrativa\",\"datePublished\":\"2020-09-04T21:10:16+00:00\",\"dateModified\":\"2020-09-08T19:34:23+00:00\",\"mainEntityOfPage\":{\"@id\":\"https:\/\/blogdosrsiape.com\/resumo-da-semana-tempo-de-quarentena-e-reforma-administrativa\/\"},\"wordCount\":1070,\"commentCount\":0,\"publisher\":{\"@id\":\"https:\/\/blogdosrsiape.com\/#organization\"},\"image\":{\"@id\":\"https:\/\/blogdosrsiape.com\/resumo-da-semana-tempo-de-quarentena-e-reforma-administrativa\/#primaryimage\"},\"thumbnailUrl\":\"https:\/\/11ponto11servidor.com.br\/blogsrsiape\/wp-content\/uploads\/sites\/2\/2020\/04\/resumo-da-semana-novo.gif\",\"articleSection\":[\"Geral\"],\"inLanguage\":\"pt-BR\",\"potentialAction\":[{\"@type\":\"CommentAction\",\"name\":\"Comment\",\"target\":[\"https:\/\/blogdosrsiape.com\/resumo-da-semana-tempo-de-quarentena-e-reforma-administrativa\/#respond\"]}]},{\"@type\":\"WebPage\",\"@id\":\"https:\/\/blogdosrsiape.com\/resumo-da-semana-tempo-de-quarentena-e-reforma-administrativa\/\",\"url\":\"https:\/\/blogdosrsiape.com\/resumo-da-semana-tempo-de-quarentena-e-reforma-administrativa\/\",\"name\":\"Resumo da semana: Tempo de quarentena e reforma administrativa - Blog do Sr. SIAPE\",\"isPartOf\":{\"@id\":\"https:\/\/blogdosrsiape.com\/#website\"},\"primaryImageOfPage\":{\"@id\":\"https:\/\/blogdosrsiape.com\/resumo-da-semana-tempo-de-quarentena-e-reforma-administrativa\/#primaryimage\"},\"image\":{\"@id\":\"https:\/\/blogdosrsiape.com\/resumo-da-semana-tempo-de-quarentena-e-reforma-administrativa\/#primaryimage\"},\"thumbnailUrl\":\"https:\/\/11ponto11servidor.com.br\/blogsrsiape\/wp-content\/uploads\/sites\/2\/2020\/04\/resumo-da-semana-novo.gif\",\"datePublished\":\"2020-09-04T21:10:16+00:00\",\"dateModified\":\"2020-09-08T19:34:23+00:00\",\"breadcrumb\":{\"@id\":\"https:\/\/blogdosrsiape.com\/resumo-da-semana-tempo-de-quarentena-e-reforma-administrativa\/#breadcrumb\"},\"inLanguage\":\"pt-BR\",\"potentialAction\":[{\"@type\":\"ReadAction\",\"target\":[\"https:\/\/blogdosrsiape.com\/resumo-da-semana-tempo-de-quarentena-e-reforma-administrativa\/\"]}]},{\"@type\":\"ImageObject\",\"inLanguage\":\"pt-BR\",\"@id\":\"https:\/\/blogdosrsiape.com\/resumo-da-semana-tempo-de-quarentena-e-reforma-administrativa\/#primaryimage\",\"url\":\"https:\/\/11ponto11servidor.com.br\/blogsrsiape\/wp-content\/uploads\/sites\/2\/2020\/04\/resumo-da-semana-novo.gif\",\"contentUrl\":\"https:\/\/11ponto11servidor.com.br\/blogsrsiape\/wp-content\/uploads\/sites\/2\/2020\/04\/resumo-da-semana-novo.gif\",\"width\":850,\"height\":268,\"caption\":\"resumo da semana\"},{\"@type\":\"BreadcrumbList\",\"@id\":\"https:\/\/blogdosrsiape.com\/resumo-da-semana-tempo-de-quarentena-e-reforma-administrativa\/#breadcrumb\",\"itemListElement\":[{\"@type\":\"ListItem\",\"position\":1,\"name\":\"In\u00edcio\",\"item\":\"https:\/\/blogdosrsiape.com\/\"},{\"@type\":\"ListItem\",\"position\":2,\"name\":\"Resumo da semana: Tempo de quarentena e reforma administrativa\"}]},{\"@type\":\"WebSite\",\"@id\":\"https:\/\/blogdosrsiape.com\/#website\",\"url\":\"https:\/\/blogdosrsiape.com\/\",\"name\":\"Blog do sr. SIAPE\",\"description\":\"SIAPE Servidor Federal\",\"publisher\":{\"@id\":\"https:\/\/blogdosrsiape.com\/#organization\"},\"potentialAction\":[{\"@type\":\"SearchAction\",\"target\":{\"@type\":\"EntryPoint\",\"urlTemplate\":\"https:\/\/blogdosrsiape.com\/?s={search_term_string}\"},\"query-input\":{\"@type\":\"PropertyValueSpecification\",\"valueRequired\":true,\"valueName\":\"search_term_string\"}}],\"inLanguage\":\"pt-BR\"},{\"@type\":\"Organization\",\"@id\":\"https:\/\/blogdosrsiape.com\/#organization\",\"name\":\"Blog do sr. SIAPE\",\"url\":\"https:\/\/blogdosrsiape.com\/\",\"logo\":{\"@type\":\"ImageObject\",\"inLanguage\":\"pt-BR\",\"@id\":\"https:\/\/blogdosrsiape.com\/#\/schema\/logo\/image\/\",\"url\":\"https:\/\/11ponto11servidor.com.br\/blogsrsiape\/wp-content\/uploads\/sites\/2\/2024\/10\/logo-1.png\",\"contentUrl\":\"https:\/\/11ponto11servidor.com.br\/blogsrsiape\/wp-content\/uploads\/sites\/2\/2024\/10\/logo-1.png\",\"width\":287,\"height\":116,\"caption\":\"Blog do sr. SIAPE\"},\"image\":{\"@id\":\"https:\/\/blogdosrsiape.com\/#\/schema\/logo\/image\/\"},\"sameAs\":[\"https:\/\/www.facebook.com\/blogsrsiape\/?locale=pt_BR\",\"https:\/\/www.instagram.com\/srsiape\/\"]},{\"@type\":\"Person\",\"@id\":\"https:\/\/blogdosrsiape.com\/#\/schema\/person\/641e1af8b22c69725a1d604fb8959bcf\",\"name\":\"websitemix\",\"sameAs\":[\"https:\/\/11ponto11servidor.com.br\"],\"url\":\"https:\/\/11ponto11servidor.com.br\/blogsrsiape\/author\/websitemix\/\"}]}<\/script>\n<!-- \/ Yoast SEO plugin. -->","yoast_head_json":{"title":"Resumo da semana: Tempo de quarentena e reforma administrativa - Blog do Sr. SIAPE","robots":{"index":"index","follow":"follow","max-snippet":"max-snippet:-1","max-image-preview":"max-image-preview:large","max-video-preview":"max-video-preview:-1"},"canonical":"https:\/\/blogdosrsiape.com\/resumo-da-semana-tempo-de-quarentena-e-reforma-administrativa\/","og_locale":"pt_BR","og_type":"article","og_title":"Resumo da semana: Tempo de quarentena e reforma administrativa - Blog do Sr. SIAPE","og_url":"https:\/\/blogdosrsiape.com\/resumo-da-semana-tempo-de-quarentena-e-reforma-administrativa\/","og_site_name":"Blog do Sr. SIAPE","article_publisher":"https:\/\/www.facebook.com\/blogsrsiape\/?locale=pt_BR","article_published_time":"2020-09-04T21:10:16+00:00","article_modified_time":"2020-09-08T19:34:23+00:00","og_image":[{"width":850,"height":268,"url":"https:\/\/11ponto11servidor.com.br\/blogsrsiape\/wp-content\/uploads\/sites\/2\/2020\/04\/resumo-da-semana-novo.gif","type":"image\/gif"}],"author":"websitemix","twitter_card":"summary_large_image","twitter_misc":{"Escrito por":"websitemix","Est. tempo de leitura":"5 minutos"},"schema":{"@context":"https:\/\/schema.org","@graph":[{"@type":"Article","@id":"https:\/\/blogdosrsiape.com\/resumo-da-semana-tempo-de-quarentena-e-reforma-administrativa\/#article","isPartOf":{"@id":"https:\/\/blogdosrsiape.com\/resumo-da-semana-tempo-de-quarentena-e-reforma-administrativa\/"},"author":{"name":"websitemix","@id":"https:\/\/blogdosrsiape.com\/#\/schema\/person\/641e1af8b22c69725a1d604fb8959bcf"},"headline":"Resumo da semana: Tempo de quarentena e reforma administrativa","datePublished":"2020-09-04T21:10:16+00:00","dateModified":"2020-09-08T19:34:23+00:00","mainEntityOfPage":{"@id":"https:\/\/blogdosrsiape.com\/resumo-da-semana-tempo-de-quarentena-e-reforma-administrativa\/"},"wordCount":1070,"commentCount":0,"publisher":{"@id":"https:\/\/blogdosrsiape.com\/#organization"},"image":{"@id":"https:\/\/blogdosrsiape.com\/resumo-da-semana-tempo-de-quarentena-e-reforma-administrativa\/#primaryimage"},"thumbnailUrl":"https:\/\/11ponto11servidor.com.br\/blogsrsiape\/wp-content\/uploads\/sites\/2\/2020\/04\/resumo-da-semana-novo.gif","articleSection":["Geral"],"inLanguage":"pt-BR","potentialAction":[{"@type":"CommentAction","name":"Comment","target":["https:\/\/blogdosrsiape.com\/resumo-da-semana-tempo-de-quarentena-e-reforma-administrativa\/#respond"]}]},{"@type":"WebPage","@id":"https:\/\/blogdosrsiape.com\/resumo-da-semana-tempo-de-quarentena-e-reforma-administrativa\/","url":"https:\/\/blogdosrsiape.com\/resumo-da-semana-tempo-de-quarentena-e-reforma-administrativa\/","name":"Resumo da semana: Tempo de quarentena e reforma administrativa - Blog do Sr. SIAPE","isPartOf":{"@id":"https:\/\/blogdosrsiape.com\/#website"},"primaryImageOfPage":{"@id":"https:\/\/blogdosrsiape.com\/resumo-da-semana-tempo-de-quarentena-e-reforma-administrativa\/#primaryimage"},"image":{"@id":"https:\/\/blogdosrsiape.com\/resumo-da-semana-tempo-de-quarentena-e-reforma-administrativa\/#primaryimage"},"thumbnailUrl":"https:\/\/11ponto11servidor.com.br\/blogsrsiape\/wp-content\/uploads\/sites\/2\/2020\/04\/resumo-da-semana-novo.gif","datePublished":"2020-09-04T21:10:16+00:00","dateModified":"2020-09-08T19:34:23+00:00","breadcrumb":{"@id":"https:\/\/blogdosrsiape.com\/resumo-da-semana-tempo-de-quarentena-e-reforma-administrativa\/#breadcrumb"},"inLanguage":"pt-BR","potentialAction":[{"@type":"ReadAction","target":["https:\/\/blogdosrsiape.com\/resumo-da-semana-tempo-de-quarentena-e-reforma-administrativa\/"]}]},{"@type":"ImageObject","inLanguage":"pt-BR","@id":"https:\/\/blogdosrsiape.com\/resumo-da-semana-tempo-de-quarentena-e-reforma-administrativa\/#primaryimage","url":"https:\/\/11ponto11servidor.com.br\/blogsrsiape\/wp-content\/uploads\/sites\/2\/2020\/04\/resumo-da-semana-novo.gif","contentUrl":"https:\/\/11ponto11servidor.com.br\/blogsrsiape\/wp-content\/uploads\/sites\/2\/2020\/04\/resumo-da-semana-novo.gif","width":850,"height":268,"caption":"resumo da semana"},{"@type":"BreadcrumbList","@id":"https:\/\/blogdosrsiape.com\/resumo-da-semana-tempo-de-quarentena-e-reforma-administrativa\/#breadcrumb","itemListElement":[{"@type":"ListItem","position":1,"name":"In\u00edcio","item":"https:\/\/blogdosrsiape.com\/"},{"@type":"ListItem","position":2,"name":"Resumo da semana: Tempo de quarentena e reforma administrativa"}]},{"@type":"WebSite","@id":"https:\/\/blogdosrsiape.com\/#website","url":"https:\/\/blogdosrsiape.com\/","name":"Blog do sr. SIAPE","description":"SIAPE Servidor Federal","publisher":{"@id":"https:\/\/blogdosrsiape.com\/#organization"},"potentialAction":[{"@type":"SearchAction","target":{"@type":"EntryPoint","urlTemplate":"https:\/\/blogdosrsiape.com\/?s={search_term_string}"},"query-input":{"@type":"PropertyValueSpecification","valueRequired":true,"valueName":"search_term_string"}}],"inLanguage":"pt-BR"},{"@type":"Organization","@id":"https:\/\/blogdosrsiape.com\/#organization","name":"Blog do sr. SIAPE","url":"https:\/\/blogdosrsiape.com\/","logo":{"@type":"ImageObject","inLanguage":"pt-BR","@id":"https:\/\/blogdosrsiape.com\/#\/schema\/logo\/image\/","url":"https:\/\/11ponto11servidor.com.br\/blogsrsiape\/wp-content\/uploads\/sites\/2\/2024\/10\/logo-1.png","contentUrl":"https:\/\/11ponto11servidor.com.br\/blogsrsiape\/wp-content\/uploads\/sites\/2\/2024\/10\/logo-1.png","width":287,"height":116,"caption":"Blog do sr. SIAPE"},"image":{"@id":"https:\/\/blogdosrsiape.com\/#\/schema\/logo\/image\/"},"sameAs":["https:\/\/www.facebook.com\/blogsrsiape\/?locale=pt_BR","https:\/\/www.instagram.com\/srsiape\/"]},{"@type":"Person","@id":"https:\/\/blogdosrsiape.com\/#\/schema\/person\/641e1af8b22c69725a1d604fb8959bcf","name":"websitemix","sameAs":["https:\/\/11ponto11servidor.com.br"],"url":"https:\/\/11ponto11servidor.com.br\/blogsrsiape\/author\/websitemix\/"}]}},"_links":{"self":[{"href":"https:\/\/11ponto11servidor.com.br\/blogsrsiape\/wp-json\/wp\/v2\/posts\/11868"}],"collection":[{"href":"https:\/\/11ponto11servidor.com.br\/blogsrsiape\/wp-json\/wp\/v2\/posts"}],"about":[{"href":"https:\/\/11ponto11servidor.com.br\/blogsrsiape\/wp-json\/wp\/v2\/types\/post"}],"author":[{"embeddable":true,"href":"https:\/\/11ponto11servidor.com.br\/blogsrsiape\/wp-json\/wp\/v2\/users\/1"}],"replies":[{"embeddable":true,"href":"https:\/\/11ponto11servidor.com.br\/blogsrsiape\/wp-json\/wp\/v2\/comments?post=11868"}],"version-history":[{"count":0,"href":"https:\/\/11ponto11servidor.com.br\/blogsrsiape\/wp-json\/wp\/v2\/posts\/11868\/revisions"}],"wp:featuredmedia":[{"embeddable":true,"href":"https:\/\/11ponto11servidor.com.br\/blogsrsiape\/wp-json\/wp\/v2\/media\/11503"}],"wp:attachment":[{"href":"https:\/\/11ponto11servidor.com.br\/blogsrsiape\/wp-json\/wp\/v2\/media?parent=11868"}],"wp:term":[{"taxonomy":"category","embeddable":true,"href":"https:\/\/11ponto11servidor.com.br\/blogsrsiape\/wp-json\/wp\/v2\/categories?post=11868"},{"taxonomy":"post_tag","embeddable":true,"href":"https:\/\/11ponto11servidor.com.br\/blogsrsiape\/wp-json\/wp\/v2\/tags?post=11868"}],"curies":[{"name":"wp","href":"https:\/\/api.w.org\/{rel}","templated":true}]}}