{"id":12277,"date":"2021-03-09T09:51:44","date_gmt":"2021-03-09T12:51:44","guid":{"rendered":"https:\/\/blogdosrsiape.com\/?p=12277"},"modified":"2021-03-09T09:56:13","modified_gmt":"2021-03-09T12:56:13","slug":"entenda-a-pec-aprovada-pelo-senado-e-o-que-altera-para-servidores-federais","status":"publish","type":"post","link":"https:\/\/11ponto11servidor.com.br\/blogsrsiape\/entenda-a-pec-aprovada-pelo-senado-e-o-que-altera-para-servidores-federais\/","title":{"rendered":"Entenda a PEC aprovada pelo Senado e o que altera para Servidores federais"},"content":{"rendered":"<section class=\"l-section wpb_row height_auto\"><div class=\"l-section-h i-cf\"><div class=\"g-cols vc_row type_default valign_top\"><div class=\"vc_col-sm-12 wpb_column vc_column_container\"><div class=\"vc_column-inner\"><div class=\"wpb_wrapper\"><div class=\"w-separator size_small\"><\/div><\/div><\/div><\/div><\/div><\/div><\/section><section class=\"l-section wpb_row height_auto\"><div class=\"l-section-h i-cf\"><div class=\"g-cols vc_row type_default valign_top\"><div class=\"vc_col-sm-12 wpb_column vc_column_container\"><div class=\"vc_column-inner\"><div class=\"wpb_wrapper\"><div class=\"w-image vc_hidden-sm vc_hidden-xs align_none\"><a target=\"_blank\" href=\"https:\/\/seucreditonoclick.com.br\/siape\/limites-consignado-siape\/?&amp;utm_medium=credito_consignado_banner&amp;utm_source=BannerBlog&amp;utm_campaign=blog_do_sr_siape&amp;utm_content=900x200_blog_credito_consignado\" rel=\"noopener\" aria-label=\"Link\" class=\"w-image-h\"><img loading=\"lazy\" decoding=\"async\" width=\"900\" height=\"200\" src=\"https:\/\/11ponto11servidor.com.br\/blogsrsiape\/wp-content\/uploads\/sites\/2\/2021\/02\/banner-longo-consignado.png\" class=\"attachment-full size-full\" alt=\"\" srcset=\"https:\/\/11ponto11servidor.com.br\/blogsrsiape\/wp-content\/uploads\/sites\/2\/2021\/02\/banner-longo-consignado.png 900w, https:\/\/11ponto11servidor.com.br\/blogsrsiape\/wp-content\/uploads\/sites\/2\/2021\/02\/banner-longo-consignado-300x67.png 300w\" sizes=\"(max-width: 900px) 100vw, 900px\" \/><\/a><\/div><div class=\"w-image vc_hidden-md vc_hidden-lg align_none\"><a target=\"_blank\" href=\"https:\/\/seucreditonoclick.com.br\/siape\/limites-consignado-siape\/?&amp;utm_medium=credito_consignado_banner&amp;utm_source=BannerBlog&amp;utm_campaign=blog_do_sr_siape&amp;utm_content=900x200_blog_credito_consignado\" rel=\"noopener\" aria-label=\"Link\" class=\"w-image-h\"><img loading=\"lazy\" decoding=\"async\" width=\"300\" height=\"300\" src=\"https:\/\/11ponto11servidor.com.br\/blogsrsiape\/wp-content\/uploads\/sites\/2\/2021\/03\/consignado-curto-2-300x300.png\" class=\"attachment-medium size-medium\" alt=\"\" srcset=\"https:\/\/11ponto11servidor.com.br\/blogsrsiape\/wp-content\/uploads\/sites\/2\/2021\/03\/consignado-curto-2-300x300.png 300w, https:\/\/11ponto11servidor.com.br\/blogsrsiape\/wp-content\/uploads\/sites\/2\/2021\/03\/consignado-curto-2-150x150.png 150w, https:\/\/11ponto11servidor.com.br\/blogsrsiape\/wp-content\/uploads\/sites\/2\/2021\/03\/consignado-curto-2.png 500w\" sizes=\"(max-width: 300px) 100vw, 300px\" \/><\/a><\/div><div class=\"w-separator size_small\"><\/div><div class=\"w-separator size_small\"><\/div><\/div><\/div><\/div><\/div><\/div><\/section><section class=\"l-section wpb_row height_auto\"><div class=\"l-section-h i-cf\"><div class=\"g-cols vc_row type_default valign_top\"><div class=\"vc_col-sm-12 wpb_column vc_column_container\"><div class=\"vc_column-inner\"><div class=\"wpb_wrapper\"><div class=\"wpb_text_column\" ><div class=\"wpb_wrapper\"><p>A Proposta de Emenda \u00e0 Constitui\u00e7\u00e3o (PEC) Emergencial, que foi aprovada pelo Senado Federal e seguiu para a C\u00e2mara dos Deputados, estabelece medidas de ajustes fiscais em contrapartida para a cria\u00e7\u00e3o de um segundo aux\u00edlio emergencial. Mas os cortes fiscais impactam diretamente os servidores federais e podem ter implica\u00e7\u00f5es em outras esferas federativas.<\/p>\n<p>&nbsp;<\/p>\n<p>Chegaram a ser discutidos, mas ficaram de fora da PEC, o fim dos repasses de 28% da arrecada\u00e7\u00e3o do Programa de Integra\u00e7\u00e3o Social (PIS) e do Programa de Forma\u00e7\u00e3o do Patrim\u00f4nio do Servidor P\u00fablico (Pasep) ao Banco Nacional de Desenvolvimento Econ\u00f4mico e Social (BNDES), assim como a redu\u00e7\u00e3o de at\u00e9 25% dos sal\u00e1rios dos servidores com a redu\u00e7\u00e3o proporcional de jornada. Mas outros pontos de interesse do funcionalismo federal est\u00e3o na proposta.<\/p>\n<p>&nbsp;<\/p>\n<p><strong>Mudan\u00e7as que afetam os servidores<\/strong><\/p>\n<p>A PEC Emergencial traz alguns &#8220;gatilhos&#8221; que passam a ser permanentes, e n\u00e3o restritos \u00e0 pandemia de Covid-19. Na esfera federal, todas as vezes em que a rela\u00e7\u00e3o entre as despesas obrigat\u00f3rias sujeitas ao teto de gastos e \u00e0s despesas totais superar 95%, os poderes Executivo, Legislativo e Judici\u00e1rio e o Minist\u00e9rio P\u00fablico dever\u00e3o vedar:<\/p>\n<p>&nbsp;<\/p>\n<ul>\n<li>Aumento de sal\u00e1rio para o funcionalismo<\/li>\n<\/ul>\n<p>&nbsp;<\/p>\n<ul>\n<li>Realiza\u00e7\u00e3o de concursos p\u00fablicos<\/li>\n<\/ul>\n<p>&nbsp;<\/p>\n<ul>\n<li>Cria\u00e7\u00e3o de cargos e despesas obrigat\u00f3rias<\/li>\n<\/ul>\n<p>&nbsp;<\/p>\n<ul>\n<li>Concess\u00e3o de benef\u00edcios e incentivos tribut\u00e1rios<\/li>\n<\/ul>\n<p>&nbsp;<\/p>\n<ul>\n<li>Lan\u00e7amento de linhas de financiamento<\/li>\n<\/ul>\n<p>&nbsp;<\/p>\n<ul>\n<li>Renegocia\u00e7\u00e3o de d\u00edvidas<\/li>\n<\/ul>\n<p>&nbsp;<\/p>\n<p>Ou seja, caso a d\u00edvida da Uni\u00e3o ultrapasse 95% das receitas, o governo federal dever\u00e1 congelar os sal\u00e1rios de servidores; paralisar a concess\u00e3o de benef\u00edcios e gratifica\u00e7\u00f5es e progress\u00e3o ou promo\u00e7\u00e3o funcional; apenas contratar servidores para reposi\u00e7\u00e3o, n\u00e3o criar cargos, e n\u00e3o criar cargos ou fun\u00e7\u00f5es que impliquem aumento de despesas, n\u00e3o sendo poss\u00edvel realizar concursos p\u00fablicos.<\/p>\n<p>Os estados e os munic\u00edpios est\u00e3o sujeitos \u00e0 mesma regra dos 95%, por\u00e9m esta apenas de forma facultativa. No caso desses entes da federa\u00e7\u00e3o, tamb\u00e9m ser\u00e1 poss\u00edvel acionar as medidas de conten\u00e7\u00e3o de gastos quando a rela\u00e7\u00e3o entre as despesas correntes e as receitas correntes (impostos e contribui\u00e7\u00f5es) atingir 85%. Nesse caso, a implementa\u00e7\u00e3o depender\u00e1 apenas de atos do Executivo, com vig\u00eancia imediata.<\/p>\n<\/div><\/div><\/div><\/div><\/div><\/div><\/div><\/section><section class=\"l-section wpb_row height_auto\"><div class=\"l-section-h i-cf\"><div class=\"g-cols vc_row type_default valign_top\"><div class=\"vc_col-sm-12 wpb_column vc_column_container\"><div class=\"vc_column-inner\"><div class=\"wpb_wrapper\"><div class=\"w-image vc_hidden-sm vc_hidden-xs align_none\"><a target=\"_blank\" href=\"https:\/\/seuseguronoclick.com.br\/seguros\/seguro-auto-novo\/?&amp;utm_medium=seguros_auto_banner&amp;utm_source=BannerBlog&amp;utm_campaign=blog_do_sr_siape&amp;utm_content=900x200_blog_seguro_auto\" rel=\"noopener\" aria-label=\"Link\" class=\"w-image-h\"><img loading=\"lazy\" decoding=\"async\" width=\"900\" height=\"200\" src=\"https:\/\/11ponto11servidor.com.br\/blogsrsiape\/wp-content\/uploads\/sites\/2\/2021\/03\/auto-2-longo.png\" class=\"attachment-full size-full\" alt=\"\" srcset=\"https:\/\/11ponto11servidor.com.br\/blogsrsiape\/wp-content\/uploads\/sites\/2\/2021\/03\/auto-2-longo.png 900w, https:\/\/11ponto11servidor.com.br\/blogsrsiape\/wp-content\/uploads\/sites\/2\/2021\/03\/auto-2-longo-300x67.png 300w\" sizes=\"(max-width: 900px) 100vw, 900px\" \/><\/a><\/div><div class=\"w-image vc_hidden-md vc_hidden-lg align_none\"><a target=\"_blank\" href=\"https:\/\/seuseguronoclick.com.br\/seguros\/seguro-auto-novo\/?&amp;utm_medium=seguros_auto_banner&amp;utm_source=BannerBlog&amp;utm_campaign=blog_do_sr_siape&amp;utm_content=900x200_blog_seguro_auto\" rel=\"noopener\" aria-label=\"Link\" class=\"w-image-h\"><img loading=\"lazy\" decoding=\"async\" width=\"300\" height=\"300\" src=\"https:\/\/11ponto11servidor.com.br\/blogsrsiape\/wp-content\/uploads\/sites\/2\/2021\/03\/auto-quadrao-2-300x300.png\" class=\"attachment-medium size-medium\" alt=\"\" srcset=\"https:\/\/11ponto11servidor.com.br\/blogsrsiape\/wp-content\/uploads\/sites\/2\/2021\/03\/auto-quadrao-2-300x300.png 300w, https:\/\/11ponto11servidor.com.br\/blogsrsiape\/wp-content\/uploads\/sites\/2\/2021\/03\/auto-quadrao-2-150x150.png 150w, https:\/\/11ponto11servidor.com.br\/blogsrsiape\/wp-content\/uploads\/sites\/2\/2021\/03\/auto-quadrao-2.png 500w\" sizes=\"(max-width: 300px) 100vw, 300px\" \/><\/a><\/div><div class=\"w-separator size_small\"><\/div><\/div><\/div><\/div><\/div><\/div><\/section><section class=\"l-section wpb_row height_auto\"><div class=\"l-section-h i-cf\"><div class=\"g-cols vc_row type_default valign_top\"><div class=\"vc_col-sm-12 wpb_column vc_column_container\"><div class=\"vc_column-inner\"><div class=\"wpb_wrapper\"><div class=\"wpb_text_column\" ><div class=\"wpb_wrapper\"><p><strong>Inativos e pensionistas<\/strong><\/p>\n<p>A PEC tamb\u00e9m prev\u00ea mudan\u00e7as para os aposentados. Gastos com inativos e pensionistas ser\u00e3o inclu\u00eddos no teto de gastos dos Legislativos municipais. Hoje, o teto s\u00f3 inclui os sal\u00e1rios dos vereadores.<\/p>\n<p>Al\u00e9m disso, gastos com pensionistas n\u00e3o poder\u00e3o ultrapassar limites estabelecidos em lei complementar. Atualmente, a Constitui\u00e7\u00e3o estabelece um teto apenas para despesa com pessoal ativo e inativo da Uni\u00e3o, dos estados, do Distrito Federal e dos munic\u00edpios, sem citar os pensionistas.<\/p>\n<p>&nbsp;<\/p>\n<p>* Com informa\u00e7\u00f5es da Ag\u00eancia Brasil e do Senado Federal<\/p>\n<p>&nbsp;<\/p>\n<p><strong>O que dizem os servidores<\/strong><\/p>\n<p>Diversas associa\u00e7\u00f5es e sindicatos de servidores federais est\u00e3o repudiando a aprova\u00e7\u00e3o da PEC e prometem fazer press\u00e3o no Congresso Nacional para reverter o preju\u00edzo. A Frente Servir Brasil est\u00e1 mobilizando parlamentares na C\u00e2mara dos Deputados para modificar pontos prejudiciais aos servidores, como as medidas de congelamento de sal\u00e1rios, progress\u00f5es e promo\u00e7\u00f5es, e a suspens\u00e3o de concursos p\u00fablicos em estados e munic\u00edpios em situa\u00e7\u00e3o fiscal cr\u00edtica.<\/p>\n<p>&nbsp;<\/p>\n<p>\u2014 O Aux\u00edlio Emergencial \u00e9 urgente e imprescind\u00edvel, mas n\u00e3o pode vir \u00e0s custas do funcionalismo p\u00fablico. H\u00e1 outros caminho \u2014 afirma o presidente da Frente, deputado federal Professor Israel Batista (PV-DF).<\/p>\n<p>&nbsp;<\/p>\n<p>Para Cristiana Gerardo, diretora do Sindsprev\/RJ (Sindicato dos Trabalhadores Federais em Sa\u00fade e Previd\u00eancia no Estado do Rio), o governo est\u00e1 fazendo chantagem com a sociedade.<\/p>\n<p>&nbsp;<\/p>\n<p>\u2014 Isso \u00e9 uma chantagem institucional. O governo d\u00e1 uma migalha para a popula\u00e7\u00e3o e tira direitos imprescind\u00edveis de outra parcela da popula\u00e7\u00e3o. \u00c9 uma pol\u00edtica sem sentido, que empobrece o servidor, empobrecendo a na\u00e7\u00e3o. \u00c9 preciso mobilizar os parlamentares, que precisam compreender que isso n\u00e3o vai resolver o problema do pa\u00eds, se utiliza a fome de um para tirar de outro que tamb\u00e9m est\u00e1 com dificuldades.<\/p>\n<p>&nbsp;<\/p>\n<p>A Confedera\u00e7\u00e3o dos Trabalhadores no Servi\u00e7o P\u00fablico Federal (Condsef) afirmou que vai pressionar os deputados a reverem os dispositivos que prejudicam os servidores, lembrando que muitos s\u00e3o profissionais de sa\u00fade, atuando na linha de frente, ou atuando em outras \u00e1reas essenciais.<\/p>\n<p>&nbsp;<\/p>\n<p>\u2014 N\u00f3s achamos lament\u00e1vel que essa pec tenha sido aprovada no senado. E \u00e9 engra\u00e7ado que o governo diz que vai economizar R$150 bilh\u00f5es com os servidores, mas o aux\u00edlio vai custar R$ 42 bi. Ent\u00e3o, o resto do dinheiro vai para onde? E falam sobre um pequeno sacrif\u00edcio a se fazer, os servidores federias j\u00e1 est\u00e3o com o sal\u00e1rio congelado desde 2017. O governo faz sempre campanha contra o funcion\u00e1rio p\u00fablico \u2014 afirma S\u00e9rgio Ronaldo da Silva, secret\u00e1rio geral da Condsef.<\/p>\n<p>&nbsp;<\/p>\n<p>A PEC Emergencial atingiu especificamente os servidores ligados a Receita Federal. A Constitui\u00e7\u00e3o garantia a destina\u00e7\u00e3o de recursos espec\u00edficos para um fundo da Receita, e agora, a PEC desvincula o fundo da Receita Federal.<\/p>\n<p>&nbsp;<\/p>\n<p>\u2014 O impacto \u00e9 grave. Esse \u00e9 um fundo que a receita utiliza para gerir o \u00f3rg\u00e3o e essa desvincula\u00e7\u00e3o fragiliza a receita no or\u00e7amento. Agora a receita vai ter que disputar or\u00e7amento com todo mundo. E a receita n\u00e3o pode ficar \u00e0 merc\u00ea dessas conting\u00eancias. A Constitui\u00e7\u00e3o protegia a \u00e1rea exatamente porque ela \u00e9 considerada essencial. No momento de crise fiscal fragilizar o \u00f3rg\u00e3o que arrecada \u00e9 temer\u00e1rio, pode piorar a pr\u00f3pria arrecada\u00e7\u00e3o. Para 2021, a Receita est\u00e1 com or\u00e7amento j\u00e1 enxugado em mais de 1 bilh\u00e3o de reais \u2014 afirma o presidente doSindicato dos Analistas da Receita Federal do Brasil Sindireceita, Geraldo Seixas.<\/p>\n<p>&nbsp;<\/p>\n<p>Em nota, Sindifisco alerta que relator da PEC 186 coloca em jogo a sobreviv\u00eancia da Receita Federal: &#8221; Se mantido como est\u00e1, o texto da PEC 186 estrangula a administra\u00e7\u00e3o tribut\u00e1ria e abre uma espiral que, com o decorrer do tempo, ir\u00e1 minar gradualmente as possibilidades de equil\u00edbrio fiscal, para a Uni\u00e3o, estados e munic\u00edpios. Mesmo ap\u00f3s sucessivos alertas, o relator manteve a reda\u00e7\u00e3o que aniquila a permiss\u00e3o constitucional para destina\u00e7\u00e3o de recursos para as atividades da administra\u00e7\u00e3o tribut\u00e1ria, o que compromete os fundos espec\u00edficos para financiamento dos fiscos, apontando, inevitavelmente, para um desmantelamento das estruturas de arrecada\u00e7\u00e3o e fiscaliza\u00e7\u00e3o tribut\u00e1ria no pa\u00eds&#8221;.<\/p>\n<p>&nbsp;<\/p>\n<p>O presidente do Sindicato Nacional dos Funcion\u00e1rios do Banco Central (Sinal), Paulo Lino, tamb\u00e9m se manifestou contra a PEC Emergencial em nota.<\/p>\n<p>&nbsp;<\/p>\n<p>&#8221; \u00c9 inaceit\u00e1vel que, sob uma demanda justa e extremamente emergencial, sejam impostas mudan\u00e7as t\u00e3o profundas ao texto constitucional, com impactos significativos sobre os servidores, o servi\u00e7o p\u00fablico e a sociedade, principalmente em seu segmento mais vulner\u00e1vel financeiramente.<\/p>\n<p>&nbsp;<\/p>\n<p>Urgente e fundamental, verdadeiramente, \u00e9 a execu\u00e7\u00e3o de um plano de desenvolvimento econ\u00f4mico. \u00c9 preciso, urgentemente, retomar os investimentos e centrar os esfor\u00e7os em aumentar a arrecada\u00e7\u00e3o do governo, com o incentivo \u00e0 industrializa\u00e7\u00e3o e a consequente gera\u00e7\u00e3o de empregos. O desespero em somente cortar despesas prim\u00e1rias, focando principalmente nos investimentos em servidores e servi\u00e7os p\u00fablicos, demonstra claramente a vis\u00e3o m\u00edope de um governo que n\u00e3o conseguiu, desde seu in\u00edcio, antes mesmo da pandemia da Covid-19, o avan\u00e7o econ\u00f4mico do pa\u00eds, direcionando quase todos os seus recursos para as despesas que financiam a rolagem da d\u00edvida p\u00fablica.&#8221;<\/p>\n<p>&nbsp;<\/p>\n<p>Fonte: O Extra<\/p>\n<\/div><\/div><\/div><\/div><\/div><\/div><\/div><\/section>\n","protected":false},"excerpt":{"rendered":"A Proposta de Emenda \u00e0 Constitui\u00e7\u00e3o (PEC) Emergencial, que foi aprovada pelo Senado Federal e seguiu para a C\u00e2mara dos Deputados, estabelece medidas de ajustes fiscais em contrapartida para a cria\u00e7\u00e3o de um segundo aux\u00edlio emergencial. Mas os cortes fiscais impactam diretamente os servidores federais e podem ter implica\u00e7\u00f5es em outras esferas federativas. &nbsp; Chegaram...","protected":false},"author":1,"featured_media":12283,"comment_status":"open","ping_status":"open","sticky":false,"template":"","format":"standard","meta":{"footnotes":""},"categories":[1],"tags":[],"class_list":["post-12277","post","type-post","status-publish","format-standard","has-post-thumbnail","hentry","category-geral"],"yoast_head":"<!-- This site is optimized with the Yoast SEO plugin v23.6 - https:\/\/yoast.com\/wordpress\/plugins\/seo\/ -->\n<title>Entenda a PEC aprovada pelo Senado e o que altera para Servidores federais - Blog do Sr. SIAPE<\/title>\n<meta name=\"description\" content=\"Nova PEC Senado Federal possui medidas de ajustes fiscais que podem impactar servidores federais. Confira mais em nossa mat\u00e9ria.\" \/>\n<meta name=\"robots\" content=\"index, follow, max-snippet:-1, max-image-preview:large, max-video-preview:-1\" \/>\n<link rel=\"canonical\" href=\"https:\/\/blogdosrsiape.com\/entenda-a-pec-aprovada-pelo-senado-e-o-que-altera-para-servidores-federais\/\" \/>\n<meta property=\"og:locale\" content=\"pt_BR\" \/>\n<meta property=\"og:type\" content=\"article\" \/>\n<meta property=\"og:title\" content=\"Entenda a PEC aprovada pelo Senado e o que altera para Servidores federais - Blog do Sr. SIAPE\" \/>\n<meta property=\"og:description\" content=\"Nova PEC Senado Federal possui medidas de ajustes fiscais que podem impactar servidores federais. Confira mais em nossa mat\u00e9ria.\" \/>\n<meta property=\"og:url\" content=\"https:\/\/blogdosrsiape.com\/entenda-a-pec-aprovada-pelo-senado-e-o-que-altera-para-servidores-federais\/\" \/>\n<meta property=\"og:site_name\" content=\"Blog do Sr. SIAPE\" \/>\n<meta property=\"article:publisher\" content=\"https:\/\/www.facebook.com\/blogsrsiape\/?locale=pt_BR\" \/>\n<meta property=\"article:published_time\" content=\"2021-03-09T12:51:44+00:00\" \/>\n<meta property=\"article:modified_time\" content=\"2021-03-09T12:56:13+00:00\" \/>\n<meta property=\"og:image\" content=\"https:\/\/11ponto11servidor.com.br\/blogsrsiape\/wp-content\/uploads\/sites\/2\/2021\/03\/265.jpg\" \/>\n\t<meta property=\"og:image:width\" content=\"848\" \/>\n\t<meta property=\"og:image:height\" content=\"370\" \/>\n\t<meta property=\"og:image:type\" content=\"image\/jpeg\" \/>\n<meta name=\"author\" content=\"websitemix\" \/>\n<meta name=\"twitter:card\" content=\"summary_large_image\" \/>\n<meta name=\"twitter:label1\" content=\"Escrito por\" \/>\n\t<meta name=\"twitter:data1\" content=\"websitemix\" \/>\n\t<meta name=\"twitter:label2\" content=\"Est. tempo de leitura\" \/>\n\t<meta name=\"twitter:data2\" content=\"6 minutos\" \/>\n<script type=\"application\/ld+json\" class=\"yoast-schema-graph\">{\"@context\":\"https:\/\/schema.org\",\"@graph\":[{\"@type\":\"Article\",\"@id\":\"https:\/\/blogdosrsiape.com\/entenda-a-pec-aprovada-pelo-senado-e-o-que-altera-para-servidores-federais\/#article\",\"isPartOf\":{\"@id\":\"https:\/\/blogdosrsiape.com\/entenda-a-pec-aprovada-pelo-senado-e-o-que-altera-para-servidores-federais\/\"},\"author\":{\"name\":\"websitemix\",\"@id\":\"https:\/\/blogdosrsiape.com\/#\/schema\/person\/641e1af8b22c69725a1d604fb8959bcf\"},\"headline\":\"Entenda a PEC aprovada pelo Senado e o que altera para Servidores federais\",\"datePublished\":\"2021-03-09T12:51:44+00:00\",\"dateModified\":\"2021-03-09T12:56:13+00:00\",\"mainEntityOfPage\":{\"@id\":\"https:\/\/blogdosrsiape.com\/entenda-a-pec-aprovada-pelo-senado-e-o-que-altera-para-servidores-federais\/\"},\"wordCount\":1594,\"commentCount\":0,\"publisher\":{\"@id\":\"https:\/\/blogdosrsiape.com\/#organization\"},\"image\":{\"@id\":\"https:\/\/blogdosrsiape.com\/entenda-a-pec-aprovada-pelo-senado-e-o-que-altera-para-servidores-federais\/#primaryimage\"},\"thumbnailUrl\":\"https:\/\/11ponto11servidor.com.br\/blogsrsiape\/wp-content\/uploads\/sites\/2\/2021\/03\/265.jpg\",\"articleSection\":[\"Geral\"],\"inLanguage\":\"pt-BR\",\"potentialAction\":[{\"@type\":\"CommentAction\",\"name\":\"Comment\",\"target\":[\"https:\/\/blogdosrsiape.com\/entenda-a-pec-aprovada-pelo-senado-e-o-que-altera-para-servidores-federais\/#respond\"]}]},{\"@type\":\"WebPage\",\"@id\":\"https:\/\/blogdosrsiape.com\/entenda-a-pec-aprovada-pelo-senado-e-o-que-altera-para-servidores-federais\/\",\"url\":\"https:\/\/blogdosrsiape.com\/entenda-a-pec-aprovada-pelo-senado-e-o-que-altera-para-servidores-federais\/\",\"name\":\"Entenda a PEC aprovada pelo Senado e o que altera para Servidores federais - Blog do Sr. SIAPE\",\"isPartOf\":{\"@id\":\"https:\/\/blogdosrsiape.com\/#website\"},\"primaryImageOfPage\":{\"@id\":\"https:\/\/blogdosrsiape.com\/entenda-a-pec-aprovada-pelo-senado-e-o-que-altera-para-servidores-federais\/#primaryimage\"},\"image\":{\"@id\":\"https:\/\/blogdosrsiape.com\/entenda-a-pec-aprovada-pelo-senado-e-o-que-altera-para-servidores-federais\/#primaryimage\"},\"thumbnailUrl\":\"https:\/\/11ponto11servidor.com.br\/blogsrsiape\/wp-content\/uploads\/sites\/2\/2021\/03\/265.jpg\",\"datePublished\":\"2021-03-09T12:51:44+00:00\",\"dateModified\":\"2021-03-09T12:56:13+00:00\",\"description\":\"Nova PEC Senado Federal possui medidas de ajustes fiscais que podem impactar servidores federais. Confira mais em nossa mat\u00e9ria.\",\"breadcrumb\":{\"@id\":\"https:\/\/blogdosrsiape.com\/entenda-a-pec-aprovada-pelo-senado-e-o-que-altera-para-servidores-federais\/#breadcrumb\"},\"inLanguage\":\"pt-BR\",\"potentialAction\":[{\"@type\":\"ReadAction\",\"target\":[\"https:\/\/blogdosrsiape.com\/entenda-a-pec-aprovada-pelo-senado-e-o-que-altera-para-servidores-federais\/\"]}]},{\"@type\":\"ImageObject\",\"inLanguage\":\"pt-BR\",\"@id\":\"https:\/\/blogdosrsiape.com\/entenda-a-pec-aprovada-pelo-senado-e-o-que-altera-para-servidores-federais\/#primaryimage\",\"url\":\"https:\/\/11ponto11servidor.com.br\/blogsrsiape\/wp-content\/uploads\/sites\/2\/2021\/03\/265.jpg\",\"contentUrl\":\"https:\/\/11ponto11servidor.com.br\/blogsrsiape\/wp-content\/uploads\/sites\/2\/2021\/03\/265.jpg\",\"width\":848,\"height\":370},{\"@type\":\"BreadcrumbList\",\"@id\":\"https:\/\/blogdosrsiape.com\/entenda-a-pec-aprovada-pelo-senado-e-o-que-altera-para-servidores-federais\/#breadcrumb\",\"itemListElement\":[{\"@type\":\"ListItem\",\"position\":1,\"name\":\"In\u00edcio\",\"item\":\"https:\/\/blogdosrsiape.com\/\"},{\"@type\":\"ListItem\",\"position\":2,\"name\":\"Entenda a PEC aprovada pelo Senado e o que altera para Servidores federais\"}]},{\"@type\":\"WebSite\",\"@id\":\"https:\/\/blogdosrsiape.com\/#website\",\"url\":\"https:\/\/blogdosrsiape.com\/\",\"name\":\"Blog do sr. SIAPE\",\"description\":\"SIAPE Servidor Federal\",\"publisher\":{\"@id\":\"https:\/\/blogdosrsiape.com\/#organization\"},\"potentialAction\":[{\"@type\":\"SearchAction\",\"target\":{\"@type\":\"EntryPoint\",\"urlTemplate\":\"https:\/\/blogdosrsiape.com\/?s={search_term_string}\"},\"query-input\":{\"@type\":\"PropertyValueSpecification\",\"valueRequired\":true,\"valueName\":\"search_term_string\"}}],\"inLanguage\":\"pt-BR\"},{\"@type\":\"Organization\",\"@id\":\"https:\/\/blogdosrsiape.com\/#organization\",\"name\":\"Blog do sr. SIAPE\",\"url\":\"https:\/\/blogdosrsiape.com\/\",\"logo\":{\"@type\":\"ImageObject\",\"inLanguage\":\"pt-BR\",\"@id\":\"https:\/\/blogdosrsiape.com\/#\/schema\/logo\/image\/\",\"url\":\"https:\/\/11ponto11servidor.com.br\/blogsrsiape\/wp-content\/uploads\/sites\/2\/2024\/10\/logo-1.png\",\"contentUrl\":\"https:\/\/11ponto11servidor.com.br\/blogsrsiape\/wp-content\/uploads\/sites\/2\/2024\/10\/logo-1.png\",\"width\":287,\"height\":116,\"caption\":\"Blog do sr. SIAPE\"},\"image\":{\"@id\":\"https:\/\/blogdosrsiape.com\/#\/schema\/logo\/image\/\"},\"sameAs\":[\"https:\/\/www.facebook.com\/blogsrsiape\/?locale=pt_BR\",\"https:\/\/www.instagram.com\/srsiape\/\"]},{\"@type\":\"Person\",\"@id\":\"https:\/\/blogdosrsiape.com\/#\/schema\/person\/641e1af8b22c69725a1d604fb8959bcf\",\"name\":\"websitemix\",\"sameAs\":[\"https:\/\/11ponto11servidor.com.br\"],\"url\":\"https:\/\/11ponto11servidor.com.br\/blogsrsiape\/author\/websitemix\/\"}]}<\/script>\n<!-- \/ Yoast SEO plugin. -->","yoast_head_json":{"title":"Entenda a PEC aprovada pelo Senado e o que altera para Servidores federais - Blog do Sr. SIAPE","description":"Nova PEC Senado Federal possui medidas de ajustes fiscais que podem impactar servidores federais. Confira mais em nossa mat\u00e9ria.","robots":{"index":"index","follow":"follow","max-snippet":"max-snippet:-1","max-image-preview":"max-image-preview:large","max-video-preview":"max-video-preview:-1"},"canonical":"https:\/\/blogdosrsiape.com\/entenda-a-pec-aprovada-pelo-senado-e-o-que-altera-para-servidores-federais\/","og_locale":"pt_BR","og_type":"article","og_title":"Entenda a PEC aprovada pelo Senado e o que altera para Servidores federais - Blog do Sr. SIAPE","og_description":"Nova PEC Senado Federal possui medidas de ajustes fiscais que podem impactar servidores federais. Confira mais em nossa mat\u00e9ria.","og_url":"https:\/\/blogdosrsiape.com\/entenda-a-pec-aprovada-pelo-senado-e-o-que-altera-para-servidores-federais\/","og_site_name":"Blog do Sr. SIAPE","article_publisher":"https:\/\/www.facebook.com\/blogsrsiape\/?locale=pt_BR","article_published_time":"2021-03-09T12:51:44+00:00","article_modified_time":"2021-03-09T12:56:13+00:00","og_image":[{"width":848,"height":370,"url":"https:\/\/11ponto11servidor.com.br\/blogsrsiape\/wp-content\/uploads\/sites\/2\/2021\/03\/265.jpg","type":"image\/jpeg"}],"author":"websitemix","twitter_card":"summary_large_image","twitter_misc":{"Escrito por":"websitemix","Est. tempo de leitura":"6 minutos"},"schema":{"@context":"https:\/\/schema.org","@graph":[{"@type":"Article","@id":"https:\/\/blogdosrsiape.com\/entenda-a-pec-aprovada-pelo-senado-e-o-que-altera-para-servidores-federais\/#article","isPartOf":{"@id":"https:\/\/blogdosrsiape.com\/entenda-a-pec-aprovada-pelo-senado-e-o-que-altera-para-servidores-federais\/"},"author":{"name":"websitemix","@id":"https:\/\/blogdosrsiape.com\/#\/schema\/person\/641e1af8b22c69725a1d604fb8959bcf"},"headline":"Entenda a PEC aprovada pelo Senado e o que altera para Servidores federais","datePublished":"2021-03-09T12:51:44+00:00","dateModified":"2021-03-09T12:56:13+00:00","mainEntityOfPage":{"@id":"https:\/\/blogdosrsiape.com\/entenda-a-pec-aprovada-pelo-senado-e-o-que-altera-para-servidores-federais\/"},"wordCount":1594,"commentCount":0,"publisher":{"@id":"https:\/\/blogdosrsiape.com\/#organization"},"image":{"@id":"https:\/\/blogdosrsiape.com\/entenda-a-pec-aprovada-pelo-senado-e-o-que-altera-para-servidores-federais\/#primaryimage"},"thumbnailUrl":"https:\/\/11ponto11servidor.com.br\/blogsrsiape\/wp-content\/uploads\/sites\/2\/2021\/03\/265.jpg","articleSection":["Geral"],"inLanguage":"pt-BR","potentialAction":[{"@type":"CommentAction","name":"Comment","target":["https:\/\/blogdosrsiape.com\/entenda-a-pec-aprovada-pelo-senado-e-o-que-altera-para-servidores-federais\/#respond"]}]},{"@type":"WebPage","@id":"https:\/\/blogdosrsiape.com\/entenda-a-pec-aprovada-pelo-senado-e-o-que-altera-para-servidores-federais\/","url":"https:\/\/blogdosrsiape.com\/entenda-a-pec-aprovada-pelo-senado-e-o-que-altera-para-servidores-federais\/","name":"Entenda a PEC aprovada pelo Senado e o que altera para Servidores federais - Blog do Sr. SIAPE","isPartOf":{"@id":"https:\/\/blogdosrsiape.com\/#website"},"primaryImageOfPage":{"@id":"https:\/\/blogdosrsiape.com\/entenda-a-pec-aprovada-pelo-senado-e-o-que-altera-para-servidores-federais\/#primaryimage"},"image":{"@id":"https:\/\/blogdosrsiape.com\/entenda-a-pec-aprovada-pelo-senado-e-o-que-altera-para-servidores-federais\/#primaryimage"},"thumbnailUrl":"https:\/\/11ponto11servidor.com.br\/blogsrsiape\/wp-content\/uploads\/sites\/2\/2021\/03\/265.jpg","datePublished":"2021-03-09T12:51:44+00:00","dateModified":"2021-03-09T12:56:13+00:00","description":"Nova PEC Senado Federal possui medidas de ajustes fiscais que podem impactar servidores federais. Confira mais em nossa mat\u00e9ria.","breadcrumb":{"@id":"https:\/\/blogdosrsiape.com\/entenda-a-pec-aprovada-pelo-senado-e-o-que-altera-para-servidores-federais\/#breadcrumb"},"inLanguage":"pt-BR","potentialAction":[{"@type":"ReadAction","target":["https:\/\/blogdosrsiape.com\/entenda-a-pec-aprovada-pelo-senado-e-o-que-altera-para-servidores-federais\/"]}]},{"@type":"ImageObject","inLanguage":"pt-BR","@id":"https:\/\/blogdosrsiape.com\/entenda-a-pec-aprovada-pelo-senado-e-o-que-altera-para-servidores-federais\/#primaryimage","url":"https:\/\/11ponto11servidor.com.br\/blogsrsiape\/wp-content\/uploads\/sites\/2\/2021\/03\/265.jpg","contentUrl":"https:\/\/11ponto11servidor.com.br\/blogsrsiape\/wp-content\/uploads\/sites\/2\/2021\/03\/265.jpg","width":848,"height":370},{"@type":"BreadcrumbList","@id":"https:\/\/blogdosrsiape.com\/entenda-a-pec-aprovada-pelo-senado-e-o-que-altera-para-servidores-federais\/#breadcrumb","itemListElement":[{"@type":"ListItem","position":1,"name":"In\u00edcio","item":"https:\/\/blogdosrsiape.com\/"},{"@type":"ListItem","position":2,"name":"Entenda a PEC aprovada pelo Senado e o que altera para Servidores federais"}]},{"@type":"WebSite","@id":"https:\/\/blogdosrsiape.com\/#website","url":"https:\/\/blogdosrsiape.com\/","name":"Blog do sr. SIAPE","description":"SIAPE Servidor Federal","publisher":{"@id":"https:\/\/blogdosrsiape.com\/#organization"},"potentialAction":[{"@type":"SearchAction","target":{"@type":"EntryPoint","urlTemplate":"https:\/\/blogdosrsiape.com\/?s={search_term_string}"},"query-input":{"@type":"PropertyValueSpecification","valueRequired":true,"valueName":"search_term_string"}}],"inLanguage":"pt-BR"},{"@type":"Organization","@id":"https:\/\/blogdosrsiape.com\/#organization","name":"Blog do sr. SIAPE","url":"https:\/\/blogdosrsiape.com\/","logo":{"@type":"ImageObject","inLanguage":"pt-BR","@id":"https:\/\/blogdosrsiape.com\/#\/schema\/logo\/image\/","url":"https:\/\/11ponto11servidor.com.br\/blogsrsiape\/wp-content\/uploads\/sites\/2\/2024\/10\/logo-1.png","contentUrl":"https:\/\/11ponto11servidor.com.br\/blogsrsiape\/wp-content\/uploads\/sites\/2\/2024\/10\/logo-1.png","width":287,"height":116,"caption":"Blog do sr. SIAPE"},"image":{"@id":"https:\/\/blogdosrsiape.com\/#\/schema\/logo\/image\/"},"sameAs":["https:\/\/www.facebook.com\/blogsrsiape\/?locale=pt_BR","https:\/\/www.instagram.com\/srsiape\/"]},{"@type":"Person","@id":"https:\/\/blogdosrsiape.com\/#\/schema\/person\/641e1af8b22c69725a1d604fb8959bcf","name":"websitemix","sameAs":["https:\/\/11ponto11servidor.com.br"],"url":"https:\/\/11ponto11servidor.com.br\/blogsrsiape\/author\/websitemix\/"}]}},"_links":{"self":[{"href":"https:\/\/11ponto11servidor.com.br\/blogsrsiape\/wp-json\/wp\/v2\/posts\/12277"}],"collection":[{"href":"https:\/\/11ponto11servidor.com.br\/blogsrsiape\/wp-json\/wp\/v2\/posts"}],"about":[{"href":"https:\/\/11ponto11servidor.com.br\/blogsrsiape\/wp-json\/wp\/v2\/types\/post"}],"author":[{"embeddable":true,"href":"https:\/\/11ponto11servidor.com.br\/blogsrsiape\/wp-json\/wp\/v2\/users\/1"}],"replies":[{"embeddable":true,"href":"https:\/\/11ponto11servidor.com.br\/blogsrsiape\/wp-json\/wp\/v2\/comments?post=12277"}],"version-history":[{"count":0,"href":"https:\/\/11ponto11servidor.com.br\/blogsrsiape\/wp-json\/wp\/v2\/posts\/12277\/revisions"}],"wp:featuredmedia":[{"embeddable":true,"href":"https:\/\/11ponto11servidor.com.br\/blogsrsiape\/wp-json\/wp\/v2\/media\/12283"}],"wp:attachment":[{"href":"https:\/\/11ponto11servidor.com.br\/blogsrsiape\/wp-json\/wp\/v2\/media?parent=12277"}],"wp:term":[{"taxonomy":"category","embeddable":true,"href":"https:\/\/11ponto11servidor.com.br\/blogsrsiape\/wp-json\/wp\/v2\/categories?post=12277"},{"taxonomy":"post_tag","embeddable":true,"href":"https:\/\/11ponto11servidor.com.br\/blogsrsiape\/wp-json\/wp\/v2\/tags?post=12277"}],"curies":[{"name":"wp","href":"https:\/\/api.w.org\/{rel}","templated":true}]}}