{"id":1244,"date":"2015-09-02T14:09:49","date_gmt":"2015-09-02T14:09:49","guid":{"rendered":"http:\/\/www.blogdosrsiape.net\/?p=1244"},"modified":"2017-09-18T18:00:05","modified_gmt":"2017-09-18T15:00:05","slug":"serpro-ira-assumir-gestao-de-credito-consignado-para-servidores-federais","status":"publish","type":"post","link":"https:\/\/11ponto11servidor.com.br\/blogsrsiape\/serpro-ira-assumir-gestao-de-credito-consignado-para-servidores-federais\/","title":{"rendered":"Serpro ir\u00e1 assumir gest\u00e3o de Cr\u00e9dito Consignado para Servidores Federais"},"content":{"rendered":"[sem_destaque]310[\/sem_destaque]\n<h2>In\u00edcio da opera\u00e7\u00e3o do novo sistema est\u00e1 marcada para o dia 14.<br \/>\nMudan\u00e7a ocorre ap\u00f3s empresa de software ser alvo da Lava Jato.<\/h2>\n<p>O Minist\u00e9rio do Planejamento anunciou nesta ter\u00e7a-feira (1) que, a partir de 14 de setembro, o <span style=\"color: #0000ff;\"><strong>Serpro<\/strong><\/span> (<span style=\"color: #0000ff;\"><strong>Servi\u00e7o Federal de Processamento de Dados<\/strong><\/span>) ser\u00e1 o novo operador do servi\u00e7o de gest\u00e3o na oferta de <span style=\"color: #0000ff;\"><strong>Cr\u00e9dito Consignado a Servidores Federais<\/strong><\/span>. O Serpro \u00e9 uma empresa p\u00fablica vinculada ao <span style=\"color: #0000ff;\"><strong>Minist\u00e9rio da Fazenda<\/strong><\/span>.<\/p>\n<p><a ref=\"magnificPopup\" href=\"http:\/\/www.blogdosrsiape.net\/wp-content\/uploads\/2015\/09\/logo_serpro.png\"><img loading=\"lazy\" decoding=\"async\" class=\"alignnone size-medium wp-image-1245\" src=\"http:\/\/www.blogdosrsiape.net\/wp-content\/uploads\/2015\/09\/logo_serpro-300x112.png\" alt=\"logo_serpro\" width=\"300\" height=\"112\" srcset=\"https:\/\/11ponto11servidor.com.br\/blogsrsiape\/wp-content\/uploads\/sites\/2\/2015\/09\/logo_serpro-300x112.png 300w, https:\/\/11ponto11servidor.com.br\/blogsrsiape\/wp-content\/uploads\/sites\/2\/2015\/09\/logo_serpro-768x286.png 768w, https:\/\/11ponto11servidor.com.br\/blogsrsiape\/wp-content\/uploads\/sites\/2\/2015\/09\/logo_serpro-1024x381.png 1024w, https:\/\/11ponto11servidor.com.br\/blogsrsiape\/wp-content\/uploads\/sites\/2\/2015\/09\/logo_serpro.png 1544w\" sizes=\"(max-width: 300px) 100vw, 300px\" \/><\/a><\/p>\n<div class=\"saibamais componente_materia\"><strong>saiba mais<\/strong><\/p>\n<ul>\n<li><a href=\"http:\/\/g1.globo.com\/economia\/noticia\/2015\/08\/bancos-suspendem-credito-consignado-servidores-federais.html\">Bancos privados suspendem cr\u00e9dito consignado a servidores federais<\/a><\/li>\n<li><a href=\"http:\/\/g1.globo.com\/politica\/operacao-lava-jato\/noticia\/2015\/08\/ministerio-diz-que-vai-rescindir-acordo-alvo-da-18-fase-da-lava-jato.html\">Minist\u00e9rio diz que vai rescindir acordo alvo da 18\u00aa fase da Lava Jato<\/a><\/li>\n<\/ul>\n<\/div>\n<p>A mudan\u00e7a acontece ap\u00f3s a <a href=\"http:\/\/g1.globo.com\/economia\/noticia\/2015\/08\/bancos-suspendem-credito-consignado-servidores-federais.html\">empresa de software Consist ter virado alvo da Opera\u00e7\u00e3o Lava-Jato<\/a>.<\/p>\n<p>&#8220;A parceria entre o <span style=\"color: #0000ff;\"><strong>Minist\u00e9rio do Planejamento, Or\u00e7amento e Gest\u00e3o (MPOG)<\/strong><\/span> e o Serpro vai garantir a prote\u00e7\u00e3o das informa\u00e7\u00f5es para as institui\u00e7\u00f5es que emprestam dinheiro de forma consignada e ao Servidor ou Pensionista que precisar de cr\u00e9dito, contando com o arcabou\u00e7o tecnol\u00f3gico da empresa&#8221;, informou a pasta, em nota. &#8220;A mudan\u00e7a, al\u00e9m de assegurar a continuidade dos neg\u00f3cios, trar\u00e1 mais simplicidade e seguran\u00e7a ao modelo de opera\u00e7\u00e3o&#8221;, acrescentou o Minist\u00e9rio.<\/p>\n<p>Ap\u00f3s as den\u00fancias, o Governo decidiu rescindir o acordo de coopera\u00e7\u00e3o t\u00e9cnica envolvendo o consignado e a <span style=\"color: #0000ff;\"><strong>Associa\u00e7\u00e3o Brasileira de Bancos (ABBC)<\/strong> <\/span>rescindiu o contrato com a <span style=\"color: #0000ff;\"><strong>Consist<\/strong><\/span>, levando <a href=\"http:\/\/g1.globo.com\/economia\/noticia\/2015\/08\/bancos-suspendem-credito-consignado-servidores-federais.html\">bancos privados a suspender as opera\u00e7\u00f5es de cr\u00e9dito consignado <\/a>para <span style=\"color: #0000ff;\"><strong>Servidores P\u00fablicos Federais.<\/strong><\/span><\/p>\n<p>Procurada pelo <strong>G1<\/strong>, a <span style=\"color: #0000ff;\"><strong>Febraban<\/strong><\/span> informou que os bancos &#8220;seguem comprometidos em colaborar com o Minist\u00e9rio do Planejamento, visando o aperfei\u00e7oamento do processamento das folhas de pagamento dos Servi\u00e7os Federais para garantir maior seguran\u00e7a e rapidez \u00e0s opera\u00e7\u00f5es de Cr\u00e9dito Consignado&#8221;.<\/p>\n<p>&nbsp;<\/p>\n<p><strong><span style=\"text-decoration: underline;\">Fonte:<\/span> <span style=\"color: #0000ff;\">G1, em S\u00e3o Paulo<\/span><\/strong><\/p>\n<p>&nbsp;<\/p>\n<p><a href=\"http:\/\/www.seucreditonoclick.com.br\/\" target=\"_blank\"><img loading=\"lazy\" decoding=\"async\" class=\"alignnone size-full wp-image-1148\" src=\"http:\/\/www.blogdosrsiape.net\/wp-content\/uploads\/2015\/08\/bt-saiba-mais.png\" alt=\"bt-saiba-mais\" width=\"207\" height=\"61\" \/><\/a><\/p>\n<p>&nbsp;<\/p>\n<p>Mais detalhes, por favor clique na imagem do nosso <strong><span style=\"color: #993300;\"><a style=\"color: #993300;\" href=\"http:\/\/www.seucreditonoclick.com.br\/\" target=\"_blank\">Patrocinador<\/a><\/span><\/strong>.<\/p>\n<p>&nbsp;<\/p>\n<p>&nbsp;<\/p>\n<p><a ref=\"magnificPopup\" href=\"http:\/\/www.blogdosrsiape.net\/wp-content\/uploads\/2015\/07\/patrocinador-siape-2.png\"><img loading=\"lazy\" decoding=\"async\" class=\"alignnone size-medium wp-image-887\" src=\"http:\/\/www.blogdosrsiape.net\/wp-content\/uploads\/2015\/07\/patrocinador-siape-2-253x300.png\" alt=\"patrocinador-siape (2)\" width=\"253\" height=\"300\" srcset=\"https:\/\/11ponto11servidor.com.br\/blogsrsiape\/wp-content\/uploads\/sites\/2\/2015\/07\/patrocinador-siape-2-253x300.png 253w, https:\/\/11ponto11servidor.com.br\/blogsrsiape\/wp-content\/uploads\/sites\/2\/2015\/07\/patrocinador-siape-2-768x910.png 768w, https:\/\/11ponto11servidor.com.br\/blogsrsiape\/wp-content\/uploads\/sites\/2\/2015\/07\/patrocinador-siape-2.png 844w\" sizes=\"(max-width: 253px) 100vw, 253px\" \/><\/a>\u00a0 \u00a0 \u00a0 \u00a0 \u00a0\u00a0<a href=\"http:\/\/www.seucreditonoclick.com.br\/\" target=\"_blank\"><img loading=\"lazy\" decoding=\"async\" class=\"alignnone size-full wp-image-895\" src=\"http:\/\/www.blogdosrsiape.net\/wp-content\/uploads\/2015\/07\/logo-cr\u00e9dito.png\" alt=\"logo cr\u00e9dito\" width=\"180\" height=\"218\" \/><\/a><\/p>\n<p>&nbsp;<\/p>\n","protected":false},"excerpt":{"rendered":"<p>[sem_destaque]310[\/sem_destaque] In\u00edcio da opera\u00e7\u00e3o do novo sistema est\u00e1 marcada para o dia 14. Mudan\u00e7a ocorre ap\u00f3s empresa de software ser alvo da Lava Jato. O Minist\u00e9rio do Planejamento anunciou nesta ter\u00e7a-feira (1) que, a partir de 14 de setembro, o Serpro (Servi\u00e7o Federal de Processamento de Dados) ser\u00e1 o novo operador do servi\u00e7o de gest\u00e3o&#8230;<\/p>\n","protected":false},"author":1,"featured_media":2442,"comment_status":"open","ping_status":"open","sticky":false,"template":"","format":"standard","meta":{"footnotes":""},"categories":[22],"tags":[89,624,682,958,1109,1506,1514,1647,1736,2115,2131],"class_list":["post-1244","post","type-post","status-publish","format-standard","has-post-thumbnail","hentry","category-credito-consignado","tag-abbc","tag-consist","tag-credito-consignado","tag-febraban","tag-governo","tag-ministerio-da-fazenda","tag-ministerio-do-planejamento","tag-orcamento-e-gestao-mpog","tag-pensionista","tag-serpro","tag-servidores-federais"],"yoast_head":"<!-- This site is optimized with the Yoast SEO plugin v23.6 - https:\/\/yoast.com\/wordpress\/plugins\/seo\/ -->\n<title>Serpro ir\u00e1 assumir gest\u00e3o de Cr\u00e9dito Consignado para Servidores Federais - Blog do Sr. SIAPE<\/title>\n<meta name=\"robots\" content=\"index, follow, max-snippet:-1, max-image-preview:large, max-video-preview:-1\" \/>\n<link rel=\"canonical\" href=\"https:\/\/blogdosrsiape.net\/serpro-ira-assumir-gestao-de-credito-consignado-para-servidores-federais\/\" \/>\n<meta property=\"og:locale\" content=\"pt_BR\" \/>\n<meta property=\"og:type\" content=\"article\" \/>\n<meta property=\"og:title\" content=\"Serpro ir\u00e1 assumir gest\u00e3o de Cr\u00e9dito Consignado para Servidores Federais - Blog do Sr. SIAPE\" \/>\n<meta property=\"og:description\" content=\"[sem_destaque]310[\/sem_destaque] In\u00edcio da opera\u00e7\u00e3o do novo sistema est\u00e1 marcada para o dia 14. Mudan\u00e7a ocorre ap\u00f3s empresa de software ser alvo da Lava Jato. O Minist\u00e9rio do Planejamento anunciou nesta ter\u00e7a-feira (1) que, a partir de 14 de setembro, o Serpro (Servi\u00e7o Federal de Processamento de Dados) ser\u00e1 o novo operador do servi\u00e7o de gest\u00e3o...\" \/>\n<meta property=\"og:url\" content=\"https:\/\/blogdosrsiape.net\/serpro-ira-assumir-gestao-de-credito-consignado-para-servidores-federais\/\" \/>\n<meta property=\"og:site_name\" content=\"Blog do Sr. SIAPE\" \/>\n<meta property=\"article:publisher\" content=\"https:\/\/www.facebook.com\/blogsrsiape\/?locale=pt_BR\" \/>\n<meta property=\"article:published_time\" content=\"2015-09-02T14:09:49+00:00\" \/>\n<meta property=\"article:modified_time\" content=\"2017-09-18T15:00:05+00:00\" \/>\n<meta property=\"og:image\" content=\"https:\/\/11ponto11servidor.com.br\/blogsrsiape\/wp-content\/uploads\/sites\/2\/2015\/09\/serpro_consignado.jpg\" \/>\n\t<meta property=\"og:image:width\" content=\"848\" \/>\n\t<meta property=\"og:image:height\" content=\"370\" \/>\n\t<meta property=\"og:image:type\" content=\"image\/jpeg\" \/>\n<meta name=\"author\" content=\"websitemix\" \/>\n<meta name=\"twitter:card\" content=\"summary_large_image\" \/>\n<meta name=\"twitter:label1\" content=\"Escrito por\" \/>\n\t<meta name=\"twitter:data1\" content=\"websitemix\" \/>\n\t<meta name=\"twitter:label2\" content=\"Est. tempo de leitura\" \/>\n\t<meta name=\"twitter:data2\" content=\"2 minutos\" \/>\n<script type=\"application\/ld+json\" class=\"yoast-schema-graph\">{\"@context\":\"https:\/\/schema.org\",\"@graph\":[{\"@type\":\"Article\",\"@id\":\"https:\/\/blogdosrsiape.net\/serpro-ira-assumir-gestao-de-credito-consignado-para-servidores-federais\/#article\",\"isPartOf\":{\"@id\":\"https:\/\/blogdosrsiape.net\/serpro-ira-assumir-gestao-de-credito-consignado-para-servidores-federais\/\"},\"author\":{\"name\":\"websitemix\",\"@id\":\"https:\/\/blogdosrsiape.com\/#\/schema\/person\/641e1af8b22c69725a1d604fb8959bcf\"},\"headline\":\"Serpro ir\u00e1 assumir gest\u00e3o de Cr\u00e9dito Consignado para Servidores Federais\",\"datePublished\":\"2015-09-02T14:09:49+00:00\",\"dateModified\":\"2017-09-18T15:00:05+00:00\",\"mainEntityOfPage\":{\"@id\":\"https:\/\/blogdosrsiape.net\/serpro-ira-assumir-gestao-de-credito-consignado-para-servidores-federais\/\"},\"wordCount\":344,\"commentCount\":0,\"publisher\":{\"@id\":\"https:\/\/blogdosrsiape.com\/#organization\"},\"image\":{\"@id\":\"https:\/\/blogdosrsiape.net\/serpro-ira-assumir-gestao-de-credito-consignado-para-servidores-federais\/#primaryimage\"},\"thumbnailUrl\":\"https:\/\/11ponto11servidor.com.br\/blogsrsiape\/wp-content\/uploads\/sites\/2\/2015\/09\/serpro_consignado.jpg\",\"keywords\":[\"ABBC\",\"Consist\",\"CR\u00c9DITO CONSIGNADO\",\"Febraban\",\"Governo\",\"Minist\u00e9rio da Fazenda\",\"Minist\u00e9rio do Planejamento\",\"Or\u00e7amento e Gest\u00e3o (MPOG)\",\"Pensionista\",\"Serpro\",\"Servidores Federais\"],\"articleSection\":[\"CR\u00c9DITO CONSIGNADO\"],\"inLanguage\":\"pt-BR\",\"potentialAction\":[{\"@type\":\"CommentAction\",\"name\":\"Comment\",\"target\":[\"https:\/\/blogdosrsiape.net\/serpro-ira-assumir-gestao-de-credito-consignado-para-servidores-federais\/#respond\"]}]},{\"@type\":\"WebPage\",\"@id\":\"https:\/\/blogdosrsiape.net\/serpro-ira-assumir-gestao-de-credito-consignado-para-servidores-federais\/\",\"url\":\"https:\/\/blogdosrsiape.net\/serpro-ira-assumir-gestao-de-credito-consignado-para-servidores-federais\/\",\"name\":\"Serpro ir\u00e1 assumir gest\u00e3o de Cr\u00e9dito Consignado para Servidores Federais - Blog do Sr. SIAPE\",\"isPartOf\":{\"@id\":\"https:\/\/blogdosrsiape.com\/#website\"},\"primaryImageOfPage\":{\"@id\":\"https:\/\/blogdosrsiape.net\/serpro-ira-assumir-gestao-de-credito-consignado-para-servidores-federais\/#primaryimage\"},\"image\":{\"@id\":\"https:\/\/blogdosrsiape.net\/serpro-ira-assumir-gestao-de-credito-consignado-para-servidores-federais\/#primaryimage\"},\"thumbnailUrl\":\"https:\/\/11ponto11servidor.com.br\/blogsrsiape\/wp-content\/uploads\/sites\/2\/2015\/09\/serpro_consignado.jpg\",\"datePublished\":\"2015-09-02T14:09:49+00:00\",\"dateModified\":\"2017-09-18T15:00:05+00:00\",\"breadcrumb\":{\"@id\":\"https:\/\/blogdosrsiape.net\/serpro-ira-assumir-gestao-de-credito-consignado-para-servidores-federais\/#breadcrumb\"},\"inLanguage\":\"pt-BR\",\"potentialAction\":[{\"@type\":\"ReadAction\",\"target\":[\"https:\/\/blogdosrsiape.net\/serpro-ira-assumir-gestao-de-credito-consignado-para-servidores-federais\/\"]}]},{\"@type\":\"ImageObject\",\"inLanguage\":\"pt-BR\",\"@id\":\"https:\/\/blogdosrsiape.net\/serpro-ira-assumir-gestao-de-credito-consignado-para-servidores-federais\/#primaryimage\",\"url\":\"https:\/\/11ponto11servidor.com.br\/blogsrsiape\/wp-content\/uploads\/sites\/2\/2015\/09\/serpro_consignado.jpg\",\"contentUrl\":\"https:\/\/11ponto11servidor.com.br\/blogsrsiape\/wp-content\/uploads\/sites\/2\/2015\/09\/serpro_consignado.jpg\",\"width\":848,\"height\":370},{\"@type\":\"BreadcrumbList\",\"@id\":\"https:\/\/blogdosrsiape.net\/serpro-ira-assumir-gestao-de-credito-consignado-para-servidores-federais\/#breadcrumb\",\"itemListElement\":[{\"@type\":\"ListItem\",\"position\":1,\"name\":\"In\u00edcio\",\"item\":\"https:\/\/blogdosrsiape.com\/\"},{\"@type\":\"ListItem\",\"position\":2,\"name\":\"Serpro ir\u00e1 assumir gest\u00e3o de Cr\u00e9dito Consignado para Servidores Federais\"}]},{\"@type\":\"WebSite\",\"@id\":\"https:\/\/blogdosrsiape.com\/#website\",\"url\":\"https:\/\/blogdosrsiape.com\/\",\"name\":\"Blog do sr. SIAPE\",\"description\":\"SIAPE Servidor Federal\",\"publisher\":{\"@id\":\"https:\/\/blogdosrsiape.com\/#organization\"},\"potentialAction\":[{\"@type\":\"SearchAction\",\"target\":{\"@type\":\"EntryPoint\",\"urlTemplate\":\"https:\/\/blogdosrsiape.com\/?s={search_term_string}\"},\"query-input\":{\"@type\":\"PropertyValueSpecification\",\"valueRequired\":true,\"valueName\":\"search_term_string\"}}],\"inLanguage\":\"pt-BR\"},{\"@type\":\"Organization\",\"@id\":\"https:\/\/blogdosrsiape.com\/#organization\",\"name\":\"Blog do sr. SIAPE\",\"url\":\"https:\/\/blogdosrsiape.com\/\",\"logo\":{\"@type\":\"ImageObject\",\"inLanguage\":\"pt-BR\",\"@id\":\"https:\/\/blogdosrsiape.com\/#\/schema\/logo\/image\/\",\"url\":\"https:\/\/11ponto11servidor.com.br\/blogsrsiape\/wp-content\/uploads\/sites\/2\/2024\/10\/logo-1.png\",\"contentUrl\":\"https:\/\/11ponto11servidor.com.br\/blogsrsiape\/wp-content\/uploads\/sites\/2\/2024\/10\/logo-1.png\",\"width\":287,\"height\":116,\"caption\":\"Blog do sr. SIAPE\"},\"image\":{\"@id\":\"https:\/\/blogdosrsiape.com\/#\/schema\/logo\/image\/\"},\"sameAs\":[\"https:\/\/www.facebook.com\/blogsrsiape\/?locale=pt_BR\",\"https:\/\/www.instagram.com\/srsiape\/\"]},{\"@type\":\"Person\",\"@id\":\"https:\/\/blogdosrsiape.com\/#\/schema\/person\/641e1af8b22c69725a1d604fb8959bcf\",\"name\":\"websitemix\",\"sameAs\":[\"https:\/\/11ponto11servidor.com.br\"],\"url\":\"https:\/\/11ponto11servidor.com.br\/blogsrsiape\/author\/websitemix\/\"}]}<\/script>\n<!-- \/ Yoast SEO plugin. -->","yoast_head_json":{"title":"Serpro ir\u00e1 assumir gest\u00e3o de Cr\u00e9dito Consignado para Servidores Federais - Blog do Sr. SIAPE","robots":{"index":"index","follow":"follow","max-snippet":"max-snippet:-1","max-image-preview":"max-image-preview:large","max-video-preview":"max-video-preview:-1"},"canonical":"https:\/\/blogdosrsiape.net\/serpro-ira-assumir-gestao-de-credito-consignado-para-servidores-federais\/","og_locale":"pt_BR","og_type":"article","og_title":"Serpro ir\u00e1 assumir gest\u00e3o de Cr\u00e9dito Consignado para Servidores Federais - Blog do Sr. SIAPE","og_description":"[sem_destaque]310[\/sem_destaque] In\u00edcio da opera\u00e7\u00e3o do novo sistema est\u00e1 marcada para o dia 14. Mudan\u00e7a ocorre ap\u00f3s empresa de software ser alvo da Lava Jato. O Minist\u00e9rio do Planejamento anunciou nesta ter\u00e7a-feira (1) que, a partir de 14 de setembro, o Serpro (Servi\u00e7o Federal de Processamento de Dados) ser\u00e1 o novo operador do servi\u00e7o de gest\u00e3o...","og_url":"https:\/\/blogdosrsiape.net\/serpro-ira-assumir-gestao-de-credito-consignado-para-servidores-federais\/","og_site_name":"Blog do Sr. SIAPE","article_publisher":"https:\/\/www.facebook.com\/blogsrsiape\/?locale=pt_BR","article_published_time":"2015-09-02T14:09:49+00:00","article_modified_time":"2017-09-18T15:00:05+00:00","og_image":[{"width":848,"height":370,"url":"https:\/\/11ponto11servidor.com.br\/blogsrsiape\/wp-content\/uploads\/sites\/2\/2015\/09\/serpro_consignado.jpg","type":"image\/jpeg"}],"author":"websitemix","twitter_card":"summary_large_image","twitter_misc":{"Escrito por":"websitemix","Est. tempo de leitura":"2 minutos"},"schema":{"@context":"https:\/\/schema.org","@graph":[{"@type":"Article","@id":"https:\/\/blogdosrsiape.net\/serpro-ira-assumir-gestao-de-credito-consignado-para-servidores-federais\/#article","isPartOf":{"@id":"https:\/\/blogdosrsiape.net\/serpro-ira-assumir-gestao-de-credito-consignado-para-servidores-federais\/"},"author":{"name":"websitemix","@id":"https:\/\/blogdosrsiape.com\/#\/schema\/person\/641e1af8b22c69725a1d604fb8959bcf"},"headline":"Serpro ir\u00e1 assumir gest\u00e3o de Cr\u00e9dito Consignado para Servidores Federais","datePublished":"2015-09-02T14:09:49+00:00","dateModified":"2017-09-18T15:00:05+00:00","mainEntityOfPage":{"@id":"https:\/\/blogdosrsiape.net\/serpro-ira-assumir-gestao-de-credito-consignado-para-servidores-federais\/"},"wordCount":344,"commentCount":0,"publisher":{"@id":"https:\/\/blogdosrsiape.com\/#organization"},"image":{"@id":"https:\/\/blogdosrsiape.net\/serpro-ira-assumir-gestao-de-credito-consignado-para-servidores-federais\/#primaryimage"},"thumbnailUrl":"https:\/\/11ponto11servidor.com.br\/blogsrsiape\/wp-content\/uploads\/sites\/2\/2015\/09\/serpro_consignado.jpg","keywords":["ABBC","Consist","CR\u00c9DITO CONSIGNADO","Febraban","Governo","Minist\u00e9rio da Fazenda","Minist\u00e9rio do Planejamento","Or\u00e7amento e Gest\u00e3o (MPOG)","Pensionista","Serpro","Servidores Federais"],"articleSection":["CR\u00c9DITO CONSIGNADO"],"inLanguage":"pt-BR","potentialAction":[{"@type":"CommentAction","name":"Comment","target":["https:\/\/blogdosrsiape.net\/serpro-ira-assumir-gestao-de-credito-consignado-para-servidores-federais\/#respond"]}]},{"@type":"WebPage","@id":"https:\/\/blogdosrsiape.net\/serpro-ira-assumir-gestao-de-credito-consignado-para-servidores-federais\/","url":"https:\/\/blogdosrsiape.net\/serpro-ira-assumir-gestao-de-credito-consignado-para-servidores-federais\/","name":"Serpro ir\u00e1 assumir gest\u00e3o de Cr\u00e9dito Consignado para Servidores Federais - Blog do Sr. SIAPE","isPartOf":{"@id":"https:\/\/blogdosrsiape.com\/#website"},"primaryImageOfPage":{"@id":"https:\/\/blogdosrsiape.net\/serpro-ira-assumir-gestao-de-credito-consignado-para-servidores-federais\/#primaryimage"},"image":{"@id":"https:\/\/blogdosrsiape.net\/serpro-ira-assumir-gestao-de-credito-consignado-para-servidores-federais\/#primaryimage"},"thumbnailUrl":"https:\/\/11ponto11servidor.com.br\/blogsrsiape\/wp-content\/uploads\/sites\/2\/2015\/09\/serpro_consignado.jpg","datePublished":"2015-09-02T14:09:49+00:00","dateModified":"2017-09-18T15:00:05+00:00","breadcrumb":{"@id":"https:\/\/blogdosrsiape.net\/serpro-ira-assumir-gestao-de-credito-consignado-para-servidores-federais\/#breadcrumb"},"inLanguage":"pt-BR","potentialAction":[{"@type":"ReadAction","target":["https:\/\/blogdosrsiape.net\/serpro-ira-assumir-gestao-de-credito-consignado-para-servidores-federais\/"]}]},{"@type":"ImageObject","inLanguage":"pt-BR","@id":"https:\/\/blogdosrsiape.net\/serpro-ira-assumir-gestao-de-credito-consignado-para-servidores-federais\/#primaryimage","url":"https:\/\/11ponto11servidor.com.br\/blogsrsiape\/wp-content\/uploads\/sites\/2\/2015\/09\/serpro_consignado.jpg","contentUrl":"https:\/\/11ponto11servidor.com.br\/blogsrsiape\/wp-content\/uploads\/sites\/2\/2015\/09\/serpro_consignado.jpg","width":848,"height":370},{"@type":"BreadcrumbList","@id":"https:\/\/blogdosrsiape.net\/serpro-ira-assumir-gestao-de-credito-consignado-para-servidores-federais\/#breadcrumb","itemListElement":[{"@type":"ListItem","position":1,"name":"In\u00edcio","item":"https:\/\/blogdosrsiape.com\/"},{"@type":"ListItem","position":2,"name":"Serpro ir\u00e1 assumir gest\u00e3o de Cr\u00e9dito Consignado para Servidores Federais"}]},{"@type":"WebSite","@id":"https:\/\/blogdosrsiape.com\/#website","url":"https:\/\/blogdosrsiape.com\/","name":"Blog do sr. SIAPE","description":"SIAPE Servidor Federal","publisher":{"@id":"https:\/\/blogdosrsiape.com\/#organization"},"potentialAction":[{"@type":"SearchAction","target":{"@type":"EntryPoint","urlTemplate":"https:\/\/blogdosrsiape.com\/?s={search_term_string}"},"query-input":{"@type":"PropertyValueSpecification","valueRequired":true,"valueName":"search_term_string"}}],"inLanguage":"pt-BR"},{"@type":"Organization","@id":"https:\/\/blogdosrsiape.com\/#organization","name":"Blog do sr. SIAPE","url":"https:\/\/blogdosrsiape.com\/","logo":{"@type":"ImageObject","inLanguage":"pt-BR","@id":"https:\/\/blogdosrsiape.com\/#\/schema\/logo\/image\/","url":"https:\/\/11ponto11servidor.com.br\/blogsrsiape\/wp-content\/uploads\/sites\/2\/2024\/10\/logo-1.png","contentUrl":"https:\/\/11ponto11servidor.com.br\/blogsrsiape\/wp-content\/uploads\/sites\/2\/2024\/10\/logo-1.png","width":287,"height":116,"caption":"Blog do sr. SIAPE"},"image":{"@id":"https:\/\/blogdosrsiape.com\/#\/schema\/logo\/image\/"},"sameAs":["https:\/\/www.facebook.com\/blogsrsiape\/?locale=pt_BR","https:\/\/www.instagram.com\/srsiape\/"]},{"@type":"Person","@id":"https:\/\/blogdosrsiape.com\/#\/schema\/person\/641e1af8b22c69725a1d604fb8959bcf","name":"websitemix","sameAs":["https:\/\/11ponto11servidor.com.br"],"url":"https:\/\/11ponto11servidor.com.br\/blogsrsiape\/author\/websitemix\/"}]}},"_links":{"self":[{"href":"https:\/\/11ponto11servidor.com.br\/blogsrsiape\/wp-json\/wp\/v2\/posts\/1244"}],"collection":[{"href":"https:\/\/11ponto11servidor.com.br\/blogsrsiape\/wp-json\/wp\/v2\/posts"}],"about":[{"href":"https:\/\/11ponto11servidor.com.br\/blogsrsiape\/wp-json\/wp\/v2\/types\/post"}],"author":[{"embeddable":true,"href":"https:\/\/11ponto11servidor.com.br\/blogsrsiape\/wp-json\/wp\/v2\/users\/1"}],"replies":[{"embeddable":true,"href":"https:\/\/11ponto11servidor.com.br\/blogsrsiape\/wp-json\/wp\/v2\/comments?post=1244"}],"version-history":[{"count":0,"href":"https:\/\/11ponto11servidor.com.br\/blogsrsiape\/wp-json\/wp\/v2\/posts\/1244\/revisions"}],"wp:featuredmedia":[{"embeddable":true,"href":"https:\/\/11ponto11servidor.com.br\/blogsrsiape\/wp-json\/wp\/v2\/media\/2442"}],"wp:attachment":[{"href":"https:\/\/11ponto11servidor.com.br\/blogsrsiape\/wp-json\/wp\/v2\/media?parent=1244"}],"wp:term":[{"taxonomy":"category","embeddable":true,"href":"https:\/\/11ponto11servidor.com.br\/blogsrsiape\/wp-json\/wp\/v2\/categories?post=1244"},{"taxonomy":"post_tag","embeddable":true,"href":"https:\/\/11ponto11servidor.com.br\/blogsrsiape\/wp-json\/wp\/v2\/tags?post=1244"}],"curies":[{"name":"wp","href":"https:\/\/api.w.org\/{rel}","templated":true}]}}