{"id":12818,"date":"2021-12-16T09:52:21","date_gmt":"2021-12-16T12:52:21","guid":{"rendered":"https:\/\/blogdosrsiape.com\/?p=12818"},"modified":"2021-12-16T09:52:21","modified_gmt":"2021-12-16T12:52:21","slug":"entenda-as-proposta-da-reforma-administrativa-e-o-que-esta-pendente-de-votacao","status":"publish","type":"post","link":"https:\/\/11ponto11servidor.com.br\/blogsrsiape\/entenda-as-proposta-da-reforma-administrativa-e-o-que-esta-pendente-de-votacao\/","title":{"rendered":"Entenda as proposta da reforma administrativa e o que esta pendente de vota\u00e7\u00e3o"},"content":{"rendered":"<p>[vc_row height=&#8221;auto&#8221;][vc_column][us_separator size=&#8221;small&#8221;][\/vc_column][\/vc_row][vc_row height=&#8221;auto&#8221;][vc_column][us_image image=&#8221;12301&#8243; size=&#8221;full&#8221; onclick=&#8221;custom_link&#8221; link=&#8221;url:https%3A%2F%2Fseucreditonoclick.com.br%2Fcartao-credito-consignado-pan-siape%2F%3F%26utm_medium%3Dcartao_consignado_banner%26utm_source%3DBannerBlog%26utm_campaign%3DRegi%25C3%25A3o%26utm_content%3Dblog_cartao_consignado|target:_blank&#8221; el_class=&#8221;vc_hidden-sm vc_hidden-xs&#8221;][us_image image=&#8221;12084&#8243; size=&#8221;medium&#8221; onclick=&#8221;custom_link&#8221; link=&#8221;url:https%3A%2F%2Fseucreditonoclick.com.br%2Fcartao-credito-consignado-pan-siape%2F%3F%26utm_medium%3Dcartao_consignado_banner%26utm_source%3DBannerBlog%26utm_campaign%3DRegi%25C3%25A3o%26utm_content%3Dblog_cartao_consignado|target:_blank&#8221; el_class=&#8221;vc_hidden-md vc_hidden-lg&#8221;][us_separator size=&#8221;small&#8221;][us_separator size=&#8221;small&#8221;][\/vc_column][\/vc_row][vc_row height=&#8221;auto&#8221;][vc_column][vc_column_text css_animation=&#8221;&#8221;]A chamada reforma administrativa \u00e9 uma das principais propostas econ\u00f4micas do governo federal, mas sua tramita\u00e7\u00e3o est\u00e1 parada desde setembro deste ano.<\/p>\n<p>A principal medida ligada \u00e0 reforma \u00e9 a Proposta de Emenda \u00e0 Constitui\u00e7\u00e3o 32, de 2020, a PEC 32\/20, que criaria um novo regime de v\u00ednculos empregat\u00edcios, mudaria a organiza\u00e7\u00e3o da administra\u00e7\u00e3o p\u00fablica e encerraria alguns benef\u00edcios que o setor possui.<\/p>\n<p>Por ser uma PEC, o processo de aprova\u00e7\u00e3o envolve a obten\u00e7\u00e3o de 3\/5 dos votos dos deputados, na C\u00e2mara, e 60% dos senadores, no Senado, com vota\u00e7\u00f5es em dois turnos. Uma vez aprovada, a PEC n\u00e3o precisa passar por san\u00e7\u00e3o presidencial, devendo ser promulgada pelo pr\u00f3prio Congresso.<\/p>\n<p>&nbsp;<\/p>\n<p>As propostas t\u00eam encontrado resist\u00eancia entre as entidades que representam os servidores p\u00fablicos, e a proximidade com o ano eleitoral tornam a aprova\u00e7\u00e3o do projeto mais dif\u00edcil. Com isso, a vota\u00e7\u00e3o da reforma pode ficar para 2023.<\/p>\n<p>&nbsp;<\/p>\n<p><strong>Propostas<\/strong><\/p>\n<p>A proposta original do governo passou por altera\u00e7\u00f5es quando foi avaliada na comiss\u00e3o especial da C\u00e2mara dedicada ao tema. Ela ainda pode sofrer mudan\u00e7as quando, e se, for avaliada pela Casa, assim como no Senado.<\/p>\n<p>Atualmente, as mudan\u00e7as propostas valer\u00e3o apenas para futuras contrata\u00e7\u00f5es, mantendo os direitos dos servidores j\u00e1 contratados. A reforma prev\u00ea a manuten\u00e7\u00e3o da estabilidade de categorias consideradas \u201ct\u00edpicas de Estado\u201d.<\/p>\n<p>&nbsp;<\/p>\n<p>Entre elas, est\u00e3o \u201catividades final\u00edsticas da seguran\u00e7a p\u00fablica, manuten\u00e7\u00e3o da ordem tribut\u00e1ria e financeira, regula\u00e7\u00e3o, fiscaliza\u00e7\u00e3o, gest\u00e3o governamental, elabora\u00e7\u00e3o or\u00e7ament\u00e1ria, controle, intelig\u00eancia de Estado, servi\u00e7o exterior brasileiro, advocacia p\u00fablica, defensoria p\u00fablica e atua\u00e7\u00e3o institucional do Poder Legislativo, do Poder Judici\u00e1rio, inclu\u00eddas as exercidas pelos oficiais de justi\u00e7a, e do Minist\u00e9rio P\u00fablico\u201d.<\/p>\n<p>&nbsp;<\/p>\n<p>Esses servidores n\u00e3o poder\u00e3o ter conv\u00eanios com a iniciativa privada. Al\u00e9m disso, os que ocupam cargos considerados obsoletos poder\u00e3o ser desligados. Nesse sentido, ser\u00e1 considerado a m\u00e9dia do resultado das tr\u00eas \u00faltimas avalia\u00e7\u00f5es de desempenho do servidor.<\/p>\n<p>&nbsp;<\/p>\n<p>O relator do texto na Comiss\u00e3o Especial, deputado Arthur Maia (DEM-BA) afirmou que a ideia \u00e9 que a pr\u00f3pria popula\u00e7\u00e3o fa\u00e7a as avalia\u00e7\u00f5es, por meio do site gov.br.<\/p>\n<p>A PEC tamb\u00e9m permite a realiza\u00e7\u00e3o de contratos tempor\u00e1rios, com prezo determinado, mas com limite de 10 anos. A contrata\u00e7\u00e3o seria via processo simplificado.<\/p>\n<p>&nbsp;<\/p>\n<p>Em caso de urg\u00eancia extrema, como calamidade p\u00fablica, a contrata\u00e7\u00e3o poderia ser feita sem esse processo, mas duraria apenas dois anos. Mesmo com o regime tempor\u00e1rio, os direitos trabalhistas ficam garantidos.<\/p>\n<p>O servidor tamb\u00e9m poder\u00e1 ser desligado caso receba duas avalia\u00e7\u00f5es insatisfat\u00f3rias no chamado per\u00edodo de est\u00e1gio probat\u00f3rio, que envolve ciclos semestrais.<\/p>\n<p>&nbsp;<\/p>\n<p>Outra proposta envolve a redu\u00e7\u00e3o da jornada de trabalho e da remunera\u00e7\u00e3o dos servidores p\u00fablicos. Na comiss\u00e3o, essa redu\u00e7\u00e3o foi limitada a 25%, e somente em per\u00edodos de crise fiscal.<\/p>\n<p>Apesar de ter ocorrido uma movimenta\u00e7\u00e3o para incluir o Judici\u00e1rio na reforma, os servidores desse setor acabaram ficando de fora das propostas.<\/p>\n<p>&nbsp;<\/p>\n<p>Para aposentadorias, a PEC p\u00f3s-comiss\u00e3o especial prev\u00ea a proibi\u00e7\u00e3o da cassa\u00e7\u00e3o de aposentadoria como san\u00e7\u00e3o administrativa, com a garantia da totalidade de remunera\u00e7\u00e3o para policiais em cargo efetivo, com revis\u00e3o em caso de aumento salarial da atividade. Dependentes tamb\u00e9m tiveram a amplia\u00e7\u00e3o da possibilidade de receber pens\u00e3o por mortes de policiais.[\/vc_column_text][us_separator size=&#8221;small&#8221;][\/vc_column][\/vc_row][vc_row height=&#8221;auto&#8221;][vc_column][us_image image=&#8221;12136&#8243; size=&#8221;full&#8221; onclick=&#8221;custom_link&#8221; link=&#8221;url:https%3A%2F%2Fseuseguronoclick.com.br%2Fseguro-odonto-sem-burocracia%2F%3F%26utm_medium%3Dseguro_amil_banner%26utm_source%3DBannerBlog%26utm_campaign%3DRegi%25C3%25A3o%26utm_content%3Dblog_seguro_amil|target:_blank&#8221; el_class=&#8221;vc_hidden-sm vc_hidden-xs&#8221;][us_image image=&#8221;12127&#8243; size=&#8221;medium&#8221; onclick=&#8221;custom_link&#8221; link=&#8221;url:https%3A%2F%2Fseuseguronoclick.com.br%2Fseguro-odonto-sem-burocracia%2F%3F%26utm_medium%3Dseguro_amil_banner%26utm_source%3DBannerBlog%26utm_campaign%3DRegi%25C3%25A3o%26utm_content%3Dblog_seguro_amil|target:_blank&#8221; el_class=&#8221;vc_hidden-md vc_hidden-lg&#8221;][us_separator size=&#8221;small&#8221;][\/vc_column][\/vc_row][vc_row height=&#8221;auto&#8221;][vc_column][vc_column_text css_animation=&#8221;&#8221;]J\u00e1 em rela\u00e7\u00e3o ao que ficou de fora ap\u00f3s a vota\u00e7\u00e3o na comiss\u00e3o, a PEC n\u00e3o inclui mais os \u201cnovos princ\u00edpios\u201d da administra\u00e7\u00e3o p\u00fablica \u2013 como imparcialidade, inova\u00e7\u00e3o e boa governan\u00e7a p\u00fablica -. Tamb\u00e9m foi exclu\u00edda a autoriza\u00e7\u00e3o de ac\u00famulo de cargos.<\/p>\n<p>A principal mudan\u00e7a na comiss\u00e3o foi a volta da possibilidade de coopera\u00e7\u00e3o do setor privado nas contrata\u00e7\u00f5es de servidores p\u00fablicos. O trecho foi muito criticado pela oposi\u00e7\u00e3o, que o batizou de \u201cprivatiza\u00e7\u00e3o do funcionalismo p\u00fablico\u201d.<\/p>\n<p>&nbsp;<\/p>\n<p><strong>Tramita\u00e7\u00e3o<\/strong><\/p>\n<p>Proposta pelo governo em setembro de 2020, a PEC passou primeira pela Comiss\u00e3o de Constitui\u00e7\u00e3o e Justi\u00e7a (CCJ) da C\u00e2mara, que avalia a constitucionalidade das propostas. Ela foi aprovada em 25 de maio. Com isso, foi determinada a cria\u00e7\u00e3o de uma comiss\u00e3o especial, destinada a avaliar as propostas em si, com an\u00e1lise de altera\u00e7\u00f5es.<\/p>\n<p>&nbsp;<\/p>\n<p>As discuss\u00f5es come\u00e7aram no dia 9 de junho, com a realiza\u00e7\u00e3o de audi\u00eancias p\u00fablicas e sess\u00f5es de discuss\u00e3o sobre o texto. O relat\u00f3rio final sobre a PEC, de autoria de Arthur Maia, foi aprovado em 23 de setembro, por 28 votos a 18. O pr\u00f3ximo passo seria, ent\u00e3o, a aprecia\u00e7\u00e3o no plen\u00e1rio da C\u00e2mara, que desde ent\u00e3o n\u00e3o ocorreu.<\/p>\n<p>&nbsp;<\/p>\n<p>Em entrevista \u00e0 CNN nesta quarta-feira (15), o deputado Arthur Maia afirmou que n\u00e3o espera uma aprova\u00e7\u00e3o da PEC em 2022, devido \u00e0 dificuldade em analisar esse tipo de proposta em anos eleitorais. Com isso, a vota\u00e7\u00e3o passaria para 2023. O processo, segundo ele, seria semelhante ao da Reforma da Previd\u00eancia, que travou no \u00faltimo ano de mandato do ex-presidente Michel Temer mas foi aprovada no ano seguinte, em 2019, j\u00e1 no governo Bolsonaro.<\/p>\n<p>&nbsp;<\/p>\n<p>Gil Castello Branco, secret\u00e1rio-geral da entidade Contas Abertas, afirma que tamb\u00e9m n\u00e3o espera que a reforma administrativa seja analisada em 2022, j\u00e1 que ela \u201cenvolve uma das maiores e mais organizadas categorias profissionais no pa\u00eds \u2013 a dos servidores p\u00fablicos \u2013 que t\u00eam se oposto \u00e0 reforma\u201d.<\/p>\n<p>&nbsp;<\/p>\n<p>Apesar disso, o ministro da Economia, Paulo Guedes, segue afirmando que a PEC ser\u00e1 analisada pelo Congresso em 2022. Segundo a analista de pol\u00edtica da CNN, Bas\u00edlia Rodrigues, o ministro tem tentado angariar o apoio de empres\u00e1rios para acelerar a tramita\u00e7\u00e3o, mas a pr\u00f3pria falta de articula\u00e7\u00e3o do Planalto travou o processo.<\/p>\n<p>Mesmo que ela fosse aprovada na C\u00e2mara, a PEC ainda passaria pela CCJ do Senado e pelo plen\u00e1rio da Casa. Em caso de altera\u00e7\u00e3o, ela retornaria para a C\u00e2mara para ser avaliada e votada novamente.<\/p>\n<p>&nbsp;<\/p>\n<p>Fonte: CNN[\/vc_column_text][\/vc_column][\/vc_row]<\/p>\n<div class=\"blogd-banner-apos-a-materia blogd-entity-placement\" id=\"blogd-214153483\"><div id=\"blogd-1132101998\"><a data-bid=\"2\" data-no-instant=\"1\" href=\"https:\/\/11ponto11servidor.com.br\/blogsrsiape\/linkout\/14695\" rel=\"noopener\" class=\"notrack\" target=\"_blank\" aria-label=\"As-contas-nao-param-de-chegar-1.jpg\"><img loading=\"lazy\" decoding=\"async\" src=\"https:\/\/11ponto11servidor.com.br\/blogsrsiape\/wp-content\/uploads\/sites\/2\/2026\/07\/As-contas-nao-param-de-chegar-1.jpg\" alt=\"\"  srcset=\"https:\/\/11ponto11servidor.com.br\/blogsrsiape\/wp-content\/uploads\/sites\/2\/2026\/07\/As-contas-nao-param-de-chegar-1.jpg 1600w, https:\/\/11ponto11servidor.com.br\/blogsrsiape\/wp-content\/uploads\/sites\/2\/2026\/07\/As-contas-nao-param-de-chegar-1-300x88.jpg 300w, https:\/\/11ponto11servidor.com.br\/blogsrsiape\/wp-content\/uploads\/sites\/2\/2026\/07\/As-contas-nao-param-de-chegar-1-1024x299.jpg 1024w, https:\/\/11ponto11servidor.com.br\/blogsrsiape\/wp-content\/uploads\/sites\/2\/2026\/07\/As-contas-nao-param-de-chegar-1-768x224.jpg 768w, https:\/\/11ponto11servidor.com.br\/blogsrsiape\/wp-content\/uploads\/sites\/2\/2026\/07\/As-contas-nao-param-de-chegar-1-1536x448.jpg 1536w\" sizes=\"(max-width: 1600px) 100vw, 1600px\" width=\"1600\" height=\"467\"   \/><\/a><\/div><\/div>","protected":false},"excerpt":{"rendered":"<p>[vc_row height=&#8221;auto&#8221;][vc_column][us_separator size=&#8221;small&#8221;][\/vc_column][\/vc_row][vc_row height=&#8221;auto&#8221;][vc_column][us_image image=&#8221;12301&#8243; size=&#8221;full&#8221; onclick=&#8221;custom_link&#8221; link=&#8221;url:https%3A%2F%2Fseucreditonoclick.com.br%2Fcartao-credito-consignado-pan-siape%2F%3F%26utm_medium%3Dcartao_consignado_banner%26utm_source%3DBannerBlog%26utm_campaign%3DRegi%25C3%25A3o%26utm_content%3Dblog_cartao_consignado|target:_blank&#8221; el_class=&#8221;vc_hidden-sm vc_hidden-xs&#8221;][us_image image=&#8221;12084&#8243; size=&#8221;medium&#8221; onclick=&#8221;custom_link&#8221; link=&#8221;url:https%3A%2F%2Fseucreditonoclick.com.br%2Fcartao-credito-consignado-pan-siape%2F%3F%26utm_medium%3Dcartao_consignado_banner%26utm_source%3DBannerBlog%26utm_campaign%3DRegi%25C3%25A3o%26utm_content%3Dblog_cartao_consignado|target:_blank&#8221; el_class=&#8221;vc_hidden-md vc_hidden-lg&#8221;][us_separator size=&#8221;small&#8221;][us_separator size=&#8221;small&#8221;][\/vc_column][\/vc_row][vc_row height=&#8221;auto&#8221;][vc_column][vc_column_text css_animation=&#8221;&#8221;]A chamada reforma administrativa \u00e9 uma das principais propostas econ\u00f4micas do governo federal, mas sua tramita\u00e7\u00e3o est\u00e1 parada desde setembro deste ano. A principal medida ligada \u00e0 reforma \u00e9 a Proposta de Emenda \u00e0 Constitui\u00e7\u00e3o 32,<\/p>\n","protected":false},"author":1,"featured_media":12820,"comment_status":"open","ping_status":"open","sticky":false,"template":"","format":"standard","meta":{"_acf_changed":false,"footnotes":""},"categories":[1],"tags":[],"class_list":["post-12818","post","type-post","status-publish","format-standard","has-post-thumbnail","hentry","category-geral"],"acf":[],"yoast_head":"<!-- This site is optimized with the Yoast SEO plugin v23.6 - https:\/\/yoast.com\/wordpress\/plugins\/seo\/ -->\n<title>Entenda as proposta da reforma administrativa e o que esta pendente de vota\u00e7\u00e3o - Blog do Sr. SIAPE<\/title>\n<meta name=\"robots\" content=\"index, follow, max-snippet:-1, max-image-preview:large, max-video-preview:-1\" \/>\n<link rel=\"canonical\" href=\"https:\/\/blogdosrsiape.net\/entenda-as-proposta-da-reforma-administrativa-e-o-que-esta-pendente-de-votacao\/\" \/>\n<meta property=\"og:locale\" content=\"pt_BR\" \/>\n<meta property=\"og:type\" content=\"article\" \/>\n<meta property=\"og:title\" content=\"Entenda as proposta da reforma administrativa e o que esta pendente de vota\u00e7\u00e3o - Blog do Sr. SIAPE\" \/>\n<meta property=\"og:description\" content=\"[vc_row height=&#8221;auto&#8221;][vc_column][us_separator size=&#8221;small&#8221;][\/vc_column][\/vc_row][vc_row height=&#8221;auto&#8221;][vc_column][us_image image=&#8221;12301&#8243; size=&#8221;full&#8221; onclick=&#8221;custom_link&#8221; link=&#8221;url:https%3A%2F%2Fseucreditonoclick.com.br%2Fcartao-credito-consignado-pan-siape%2F%3F%26utm_medium%3Dcartao_consignado_banner%26utm_source%3DBannerBlog%26utm_campaign%3DRegi%25C3%25A3o%26utm_content%3Dblog_cartao_consignado|target:_blank&#8221; el_class=&#8221;vc_hidden-sm vc_hidden-xs&#8221;][us_image image=&#8221;12084&#8243; size=&#8221;medium&#8221; onclick=&#8221;custom_link&#8221; link=&#8221;url:https%3A%2F%2Fseucreditonoclick.com.br%2Fcartao-credito-consignado-pan-siape%2F%3F%26utm_medium%3Dcartao_consignado_banner%26utm_source%3DBannerBlog%26utm_campaign%3DRegi%25C3%25A3o%26utm_content%3Dblog_cartao_consignado|target:_blank&#8221; el_class=&#8221;vc_hidden-md vc_hidden-lg&#8221;][us_separator size=&#8221;small&#8221;][us_separator size=&#8221;small&#8221;][\/vc_column][\/vc_row][vc_row height=&#8221;auto&#8221;][vc_column][vc_column_text css_animation=&#8221;&#8221;]A chamada reforma administrativa \u00e9 uma das principais propostas econ\u00f4micas do governo federal, mas sua tramita\u00e7\u00e3o est\u00e1 parada desde setembro deste ano. A principal medida ligada \u00e0 reforma \u00e9 a Proposta de Emenda \u00e0 Constitui\u00e7\u00e3o 32,\" \/>\n<meta property=\"og:url\" content=\"https:\/\/blogdosrsiape.net\/entenda-as-proposta-da-reforma-administrativa-e-o-que-esta-pendente-de-votacao\/\" \/>\n<meta property=\"og:site_name\" content=\"Blog do Sr. SIAPE\" \/>\n<meta property=\"article:publisher\" content=\"https:\/\/www.facebook.com\/blogsrsiape\/?locale=pt_BR\" \/>\n<meta property=\"article:published_time\" content=\"2021-12-16T12:52:21+00:00\" \/>\n<meta property=\"og:image\" content=\"https:\/\/11ponto11servidor.com.br\/blogsrsiape\/wp-content\/uploads\/sites\/2\/2021\/12\/asrytyujio.png\" \/>\n\t<meta property=\"og:image:width\" content=\"848\" \/>\n\t<meta property=\"og:image:height\" content=\"370\" \/>\n\t<meta property=\"og:image:type\" content=\"image\/png\" \/>\n<meta name=\"author\" content=\"Blog Sr.Siape\" \/>\n<meta name=\"twitter:card\" content=\"summary_large_image\" \/>\n<meta name=\"twitter:label1\" content=\"Escrito por\" \/>\n\t<meta name=\"twitter:data1\" content=\"Blog Sr.Siape\" \/>\n\t<meta name=\"twitter:label2\" content=\"Est. tempo de leitura\" \/>\n\t<meta name=\"twitter:data2\" content=\"5 minutos\" \/>\n<script type=\"application\/ld+json\" class=\"yoast-schema-graph\">{\"@context\":\"https:\/\/schema.org\",\"@graph\":[{\"@type\":\"Article\",\"@id\":\"https:\/\/blogdosrsiape.net\/entenda-as-proposta-da-reforma-administrativa-e-o-que-esta-pendente-de-votacao\/#article\",\"isPartOf\":{\"@id\":\"https:\/\/blogdosrsiape.net\/entenda-as-proposta-da-reforma-administrativa-e-o-que-esta-pendente-de-votacao\/\"},\"author\":{\"name\":\"Blog Sr.Siape\",\"@id\":\"https:\/\/blogdosrsiape.com\/#\/schema\/person\/641e1af8b22c69725a1d604fb8959bcf\"},\"headline\":\"Entenda as proposta da reforma administrativa e o que esta pendente de vota\u00e7\u00e3o\",\"datePublished\":\"2021-12-16T12:52:21+00:00\",\"dateModified\":\"2021-12-16T12:52:21+00:00\",\"mainEntityOfPage\":{\"@id\":\"https:\/\/blogdosrsiape.net\/entenda-as-proposta-da-reforma-administrativa-e-o-que-esta-pendente-de-votacao\/\"},\"wordCount\":1341,\"commentCount\":0,\"publisher\":{\"@id\":\"https:\/\/blogdosrsiape.com\/#organization\"},\"image\":{\"@id\":\"https:\/\/blogdosrsiape.net\/entenda-as-proposta-da-reforma-administrativa-e-o-que-esta-pendente-de-votacao\/#primaryimage\"},\"thumbnailUrl\":\"https:\/\/11ponto11servidor.com.br\/blogsrsiape\/wp-content\/uploads\/sites\/2\/2021\/12\/asrytyujio.png\",\"articleSection\":[\"Todas as Not\u00edcias\"],\"inLanguage\":\"pt-BR\"},{\"@type\":\"WebPage\",\"@id\":\"https:\/\/blogdosrsiape.net\/entenda-as-proposta-da-reforma-administrativa-e-o-que-esta-pendente-de-votacao\/\",\"url\":\"https:\/\/blogdosrsiape.net\/entenda-as-proposta-da-reforma-administrativa-e-o-que-esta-pendente-de-votacao\/\",\"name\":\"Entenda as proposta da reforma administrativa e o que esta pendente de vota\u00e7\u00e3o - Blog do Sr. SIAPE\",\"isPartOf\":{\"@id\":\"https:\/\/blogdosrsiape.com\/#website\"},\"primaryImageOfPage\":{\"@id\":\"https:\/\/blogdosrsiape.net\/entenda-as-proposta-da-reforma-administrativa-e-o-que-esta-pendente-de-votacao\/#primaryimage\"},\"image\":{\"@id\":\"https:\/\/blogdosrsiape.net\/entenda-as-proposta-da-reforma-administrativa-e-o-que-esta-pendente-de-votacao\/#primaryimage\"},\"thumbnailUrl\":\"https:\/\/11ponto11servidor.com.br\/blogsrsiape\/wp-content\/uploads\/sites\/2\/2021\/12\/asrytyujio.png\",\"datePublished\":\"2021-12-16T12:52:21+00:00\",\"dateModified\":\"2021-12-16T12:52:21+00:00\",\"breadcrumb\":{\"@id\":\"https:\/\/blogdosrsiape.net\/entenda-as-proposta-da-reforma-administrativa-e-o-que-esta-pendente-de-votacao\/#breadcrumb\"},\"inLanguage\":\"pt-BR\",\"potentialAction\":[{\"@type\":\"ReadAction\",\"target\":[\"https:\/\/blogdosrsiape.net\/entenda-as-proposta-da-reforma-administrativa-e-o-que-esta-pendente-de-votacao\/\"]}]},{\"@type\":\"ImageObject\",\"inLanguage\":\"pt-BR\",\"@id\":\"https:\/\/blogdosrsiape.net\/entenda-as-proposta-da-reforma-administrativa-e-o-que-esta-pendente-de-votacao\/#primaryimage\",\"url\":\"https:\/\/11ponto11servidor.com.br\/blogsrsiape\/wp-content\/uploads\/sites\/2\/2021\/12\/asrytyujio.png\",\"contentUrl\":\"https:\/\/11ponto11servidor.com.br\/blogsrsiape\/wp-content\/uploads\/sites\/2\/2021\/12\/asrytyujio.png\",\"width\":848,\"height\":370},{\"@type\":\"BreadcrumbList\",\"@id\":\"https:\/\/blogdosrsiape.net\/entenda-as-proposta-da-reforma-administrativa-e-o-que-esta-pendente-de-votacao\/#breadcrumb\",\"itemListElement\":[{\"@type\":\"ListItem\",\"position\":1,\"name\":\"In\u00edcio\",\"item\":\"https:\/\/blogdosrsiape.com\/\"},{\"@type\":\"ListItem\",\"position\":2,\"name\":\"Entenda as proposta da reforma administrativa e o que esta pendente de vota\u00e7\u00e3o\"}]},{\"@type\":\"WebSite\",\"@id\":\"https:\/\/blogdosrsiape.com\/#website\",\"url\":\"https:\/\/blogdosrsiape.com\/\",\"name\":\"Blog do sr. SIAPE\",\"description\":\"Blog de not\u00edcias para Servidores Federais e Pensionistas\",\"publisher\":{\"@id\":\"https:\/\/blogdosrsiape.com\/#organization\"},\"potentialAction\":[{\"@type\":\"SearchAction\",\"target\":{\"@type\":\"EntryPoint\",\"urlTemplate\":\"https:\/\/blogdosrsiape.com\/?s={search_term_string}\"},\"query-input\":{\"@type\":\"PropertyValueSpecification\",\"valueRequired\":true,\"valueName\":\"search_term_string\"}}],\"inLanguage\":\"pt-BR\"},{\"@type\":\"Organization\",\"@id\":\"https:\/\/blogdosrsiape.com\/#organization\",\"name\":\"Blog do sr. SIAPE\",\"url\":\"https:\/\/blogdosrsiape.com\/\",\"logo\":{\"@type\":\"ImageObject\",\"inLanguage\":\"pt-BR\",\"@id\":\"https:\/\/blogdosrsiape.com\/#\/schema\/logo\/image\/\",\"url\":\"https:\/\/11ponto11servidor.com.br\/blogsrsiape\/wp-content\/uploads\/sites\/2\/2024\/10\/logo-1.png\",\"contentUrl\":\"https:\/\/11ponto11servidor.com.br\/blogsrsiape\/wp-content\/uploads\/sites\/2\/2024\/10\/logo-1.png\",\"width\":287,\"height\":116,\"caption\":\"Blog do sr. SIAPE\"},\"image\":{\"@id\":\"https:\/\/blogdosrsiape.com\/#\/schema\/logo\/image\/\"},\"sameAs\":[\"https:\/\/www.facebook.com\/blogsrsiape\/?locale=pt_BR\",\"https:\/\/www.instagram.com\/srsiape\/\"]},{\"@type\":\"Person\",\"@id\":\"https:\/\/blogdosrsiape.com\/#\/schema\/person\/641e1af8b22c69725a1d604fb8959bcf\",\"name\":\"Blog Sr.Siape\",\"sameAs\":[\"https:\/\/11ponto11servidor.com.br\"],\"url\":\"https:\/\/11ponto11servidor.com.br\/blogsrsiape\/author\/websitemix\/\"}]}<\/script>\n<!-- \/ Yoast SEO plugin. -->","yoast_head_json":{"title":"Entenda as proposta da reforma administrativa e o que esta pendente de vota\u00e7\u00e3o - Blog do Sr. SIAPE","robots":{"index":"index","follow":"follow","max-snippet":"max-snippet:-1","max-image-preview":"max-image-preview:large","max-video-preview":"max-video-preview:-1"},"canonical":"https:\/\/blogdosrsiape.net\/entenda-as-proposta-da-reforma-administrativa-e-o-que-esta-pendente-de-votacao\/","og_locale":"pt_BR","og_type":"article","og_title":"Entenda as proposta da reforma administrativa e o que esta pendente de vota\u00e7\u00e3o - Blog do Sr. SIAPE","og_description":"[vc_row height=&#8221;auto&#8221;][vc_column][us_separator size=&#8221;small&#8221;][\/vc_column][\/vc_row][vc_row height=&#8221;auto&#8221;][vc_column][us_image image=&#8221;12301&#8243; size=&#8221;full&#8221; onclick=&#8221;custom_link&#8221; link=&#8221;url:https%3A%2F%2Fseucreditonoclick.com.br%2Fcartao-credito-consignado-pan-siape%2F%3F%26utm_medium%3Dcartao_consignado_banner%26utm_source%3DBannerBlog%26utm_campaign%3DRegi%25C3%25A3o%26utm_content%3Dblog_cartao_consignado|target:_blank&#8221; el_class=&#8221;vc_hidden-sm vc_hidden-xs&#8221;][us_image image=&#8221;12084&#8243; size=&#8221;medium&#8221; onclick=&#8221;custom_link&#8221; link=&#8221;url:https%3A%2F%2Fseucreditonoclick.com.br%2Fcartao-credito-consignado-pan-siape%2F%3F%26utm_medium%3Dcartao_consignado_banner%26utm_source%3DBannerBlog%26utm_campaign%3DRegi%25C3%25A3o%26utm_content%3Dblog_cartao_consignado|target:_blank&#8221; el_class=&#8221;vc_hidden-md vc_hidden-lg&#8221;][us_separator size=&#8221;small&#8221;][us_separator size=&#8221;small&#8221;][\/vc_column][\/vc_row][vc_row height=&#8221;auto&#8221;][vc_column][vc_column_text css_animation=&#8221;&#8221;]A chamada reforma administrativa \u00e9 uma das principais propostas econ\u00f4micas do governo federal, mas sua tramita\u00e7\u00e3o est\u00e1 parada desde setembro deste ano. A principal medida ligada \u00e0 reforma \u00e9 a Proposta de Emenda \u00e0 Constitui\u00e7\u00e3o 32,","og_url":"https:\/\/blogdosrsiape.net\/entenda-as-proposta-da-reforma-administrativa-e-o-que-esta-pendente-de-votacao\/","og_site_name":"Blog do Sr. SIAPE","article_publisher":"https:\/\/www.facebook.com\/blogsrsiape\/?locale=pt_BR","article_published_time":"2021-12-16T12:52:21+00:00","og_image":[{"width":848,"height":370,"url":"https:\/\/11ponto11servidor.com.br\/blogsrsiape\/wp-content\/uploads\/sites\/2\/2021\/12\/asrytyujio.png","type":"image\/png"}],"author":"Blog Sr.Siape","twitter_card":"summary_large_image","twitter_misc":{"Escrito por":"Blog Sr.Siape","Est. tempo de leitura":"5 minutos"},"schema":{"@context":"https:\/\/schema.org","@graph":[{"@type":"Article","@id":"https:\/\/blogdosrsiape.net\/entenda-as-proposta-da-reforma-administrativa-e-o-que-esta-pendente-de-votacao\/#article","isPartOf":{"@id":"https:\/\/blogdosrsiape.net\/entenda-as-proposta-da-reforma-administrativa-e-o-que-esta-pendente-de-votacao\/"},"author":{"name":"Blog Sr.Siape","@id":"https:\/\/blogdosrsiape.com\/#\/schema\/person\/641e1af8b22c69725a1d604fb8959bcf"},"headline":"Entenda as proposta da reforma administrativa e o que esta pendente de vota\u00e7\u00e3o","datePublished":"2021-12-16T12:52:21+00:00","dateModified":"2021-12-16T12:52:21+00:00","mainEntityOfPage":{"@id":"https:\/\/blogdosrsiape.net\/entenda-as-proposta-da-reforma-administrativa-e-o-que-esta-pendente-de-votacao\/"},"wordCount":1341,"commentCount":0,"publisher":{"@id":"https:\/\/blogdosrsiape.com\/#organization"},"image":{"@id":"https:\/\/blogdosrsiape.net\/entenda-as-proposta-da-reforma-administrativa-e-o-que-esta-pendente-de-votacao\/#primaryimage"},"thumbnailUrl":"https:\/\/11ponto11servidor.com.br\/blogsrsiape\/wp-content\/uploads\/sites\/2\/2021\/12\/asrytyujio.png","articleSection":["Todas as Not\u00edcias"],"inLanguage":"pt-BR"},{"@type":"WebPage","@id":"https:\/\/blogdosrsiape.net\/entenda-as-proposta-da-reforma-administrativa-e-o-que-esta-pendente-de-votacao\/","url":"https:\/\/blogdosrsiape.net\/entenda-as-proposta-da-reforma-administrativa-e-o-que-esta-pendente-de-votacao\/","name":"Entenda as proposta da reforma administrativa e o que esta pendente de vota\u00e7\u00e3o - Blog do Sr. SIAPE","isPartOf":{"@id":"https:\/\/blogdosrsiape.com\/#website"},"primaryImageOfPage":{"@id":"https:\/\/blogdosrsiape.net\/entenda-as-proposta-da-reforma-administrativa-e-o-que-esta-pendente-de-votacao\/#primaryimage"},"image":{"@id":"https:\/\/blogdosrsiape.net\/entenda-as-proposta-da-reforma-administrativa-e-o-que-esta-pendente-de-votacao\/#primaryimage"},"thumbnailUrl":"https:\/\/11ponto11servidor.com.br\/blogsrsiape\/wp-content\/uploads\/sites\/2\/2021\/12\/asrytyujio.png","datePublished":"2021-12-16T12:52:21+00:00","dateModified":"2021-12-16T12:52:21+00:00","breadcrumb":{"@id":"https:\/\/blogdosrsiape.net\/entenda-as-proposta-da-reforma-administrativa-e-o-que-esta-pendente-de-votacao\/#breadcrumb"},"inLanguage":"pt-BR","potentialAction":[{"@type":"ReadAction","target":["https:\/\/blogdosrsiape.net\/entenda-as-proposta-da-reforma-administrativa-e-o-que-esta-pendente-de-votacao\/"]}]},{"@type":"ImageObject","inLanguage":"pt-BR","@id":"https:\/\/blogdosrsiape.net\/entenda-as-proposta-da-reforma-administrativa-e-o-que-esta-pendente-de-votacao\/#primaryimage","url":"https:\/\/11ponto11servidor.com.br\/blogsrsiape\/wp-content\/uploads\/sites\/2\/2021\/12\/asrytyujio.png","contentUrl":"https:\/\/11ponto11servidor.com.br\/blogsrsiape\/wp-content\/uploads\/sites\/2\/2021\/12\/asrytyujio.png","width":848,"height":370},{"@type":"BreadcrumbList","@id":"https:\/\/blogdosrsiape.net\/entenda-as-proposta-da-reforma-administrativa-e-o-que-esta-pendente-de-votacao\/#breadcrumb","itemListElement":[{"@type":"ListItem","position":1,"name":"In\u00edcio","item":"https:\/\/blogdosrsiape.com\/"},{"@type":"ListItem","position":2,"name":"Entenda as proposta da reforma administrativa e o que esta pendente de vota\u00e7\u00e3o"}]},{"@type":"WebSite","@id":"https:\/\/blogdosrsiape.com\/#website","url":"https:\/\/blogdosrsiape.com\/","name":"Blog do sr. SIAPE","description":"Blog de not\u00edcias para Servidores Federais e Pensionistas","publisher":{"@id":"https:\/\/blogdosrsiape.com\/#organization"},"potentialAction":[{"@type":"SearchAction","target":{"@type":"EntryPoint","urlTemplate":"https:\/\/blogdosrsiape.com\/?s={search_term_string}"},"query-input":{"@type":"PropertyValueSpecification","valueRequired":true,"valueName":"search_term_string"}}],"inLanguage":"pt-BR"},{"@type":"Organization","@id":"https:\/\/blogdosrsiape.com\/#organization","name":"Blog do sr. SIAPE","url":"https:\/\/blogdosrsiape.com\/","logo":{"@type":"ImageObject","inLanguage":"pt-BR","@id":"https:\/\/blogdosrsiape.com\/#\/schema\/logo\/image\/","url":"https:\/\/11ponto11servidor.com.br\/blogsrsiape\/wp-content\/uploads\/sites\/2\/2024\/10\/logo-1.png","contentUrl":"https:\/\/11ponto11servidor.com.br\/blogsrsiape\/wp-content\/uploads\/sites\/2\/2024\/10\/logo-1.png","width":287,"height":116,"caption":"Blog do sr. SIAPE"},"image":{"@id":"https:\/\/blogdosrsiape.com\/#\/schema\/logo\/image\/"},"sameAs":["https:\/\/www.facebook.com\/blogsrsiape\/?locale=pt_BR","https:\/\/www.instagram.com\/srsiape\/"]},{"@type":"Person","@id":"https:\/\/blogdosrsiape.com\/#\/schema\/person\/641e1af8b22c69725a1d604fb8959bcf","name":"Blog Sr.Siape","sameAs":["https:\/\/11ponto11servidor.com.br"],"url":"https:\/\/11ponto11servidor.com.br\/blogsrsiape\/author\/websitemix\/"}]}},"_links":{"self":[{"href":"https:\/\/11ponto11servidor.com.br\/blogsrsiape\/wp-json\/wp\/v2\/posts\/12818"}],"collection":[{"href":"https:\/\/11ponto11servidor.com.br\/blogsrsiape\/wp-json\/wp\/v2\/posts"}],"about":[{"href":"https:\/\/11ponto11servidor.com.br\/blogsrsiape\/wp-json\/wp\/v2\/types\/post"}],"author":[{"embeddable":true,"href":"https:\/\/11ponto11servidor.com.br\/blogsrsiape\/wp-json\/wp\/v2\/users\/1"}],"replies":[{"embeddable":true,"href":"https:\/\/11ponto11servidor.com.br\/blogsrsiape\/wp-json\/wp\/v2\/comments?post=12818"}],"version-history":[{"count":1,"href":"https:\/\/11ponto11servidor.com.br\/blogsrsiape\/wp-json\/wp\/v2\/posts\/12818\/revisions"}],"predecessor-version":[{"id":12821,"href":"https:\/\/11ponto11servidor.com.br\/blogsrsiape\/wp-json\/wp\/v2\/posts\/12818\/revisions\/12821"}],"wp:featuredmedia":[{"embeddable":true,"href":"https:\/\/11ponto11servidor.com.br\/blogsrsiape\/wp-json\/wp\/v2\/media\/12820"}],"wp:attachment":[{"href":"https:\/\/11ponto11servidor.com.br\/blogsrsiape\/wp-json\/wp\/v2\/media?parent=12818"}],"wp:term":[{"taxonomy":"category","embeddable":true,"href":"https:\/\/11ponto11servidor.com.br\/blogsrsiape\/wp-json\/wp\/v2\/categories?post=12818"},{"taxonomy":"post_tag","embeddable":true,"href":"https:\/\/11ponto11servidor.com.br\/blogsrsiape\/wp-json\/wp\/v2\/tags?post=12818"}],"curies":[{"name":"wp","href":"https:\/\/api.w.org\/{rel}","templated":true}]}}