{"id":1308,"date":"2015-09-10T13:54:15","date_gmt":"2015-09-10T13:54:15","guid":{"rendered":"http:\/\/www.blogdosrsiape.net\/?p=1308"},"modified":"2015-09-10T13:54:15","modified_gmt":"2015-09-10T13:54:15","slug":"imprensa-internacional-repercute-rebaixamento-da-nota-do-brasil","status":"publish","type":"post","link":"https:\/\/11ponto11servidor.com.br\/blogsrsiape\/imprensa-internacional-repercute-rebaixamento-da-nota-do-brasil\/","title":{"rendered":"Imprensa internacional repercute rebaixamento da nota do Brasil"},"content":{"rendered":"<div class=\"materia-titulo\">\n<h2>Brasil perdeu grau de investimento; nota foi rebaixada de &#8216;BBB-&#8216; para &#8216;BB+&#8217;.<br \/>\nAvalia\u00e7\u00e3o foi da ag\u00eancia de classifica\u00e7\u00e3o de risco Standard and Poor&#8217;s.<\/h2>\n<\/div>\n<div class=\"materia-assinatura-linha\"><\/div>\n<div class=\"compartilhamento-materia\">\n<div class=\"share-bar share-bar-container share-theme-natural\" data-title=\"Imprensa internacional repercute rebaixamento da nota do Brasil\" data-url=\"http:\/\/g1.globo.com\/economia\/noticia\/2015\/09\/imprensa-internacional-repercute-rebaixamento-da-nota-do-brasil.html\" data-image-url=\"http:\/\/s2.glbimg.com\/_TRJDnlyScQ3FHzKtV0Vrq2228U=\/1200x630\/s.glbimg.com\/jo\/g1\/f\/original\/2015\/09\/10\/wsj.jpg\" data-hashtags=\"#G1\">\n<div class=\"share-button share-googleplus share-small\">A imprensa internacional repercutiu a<a href=\"http:\/\/g1.globo.com\/economia\/noticia\/2015\/09\/standard-and-poors-tira-grau-de-investimento-do-brasil.html\"> decis\u00e3o da ag\u00eancia de avalia\u00e7\u00e3o de risco<\/a> <span style=\"color: #0000ff;\"><strong>Standard and Poor&#8217;s (S&amp;P<\/strong><\/span>) de retirar o grau de investimento na classifica\u00e7\u00e3o de cr\u00e9dito do Brasil.<\/div>\n<\/div>\n<\/div>\n<div id=\"materia-letra\" class=\"materia-conteudo entry-content\">\n<p>Na noite deste quarta-feira (9), a nota do pa\u00eds foi <span style=\"text-decoration: underline; color: #ff0000;\"><strong>rebaixada de &#8220;BBB-&#8221; para &#8220;BB+&#8221;,<\/strong><\/span> com perspectiva negativa. O rebaixamento do rating do Brasil para a categoria &#8220;especulativa&#8221; acontece menos de 50 dias ap\u00f3s a ag\u00eancia ter mudado a perspectiva para negativa.<\/p>\n<p><span style=\"text-decoration: underline; color: #0000ff;\"><strong>Veja o que as principais publica\u00e7\u00f5es disseram:<\/strong><\/span><\/p>\n<div class=\"foto componente_materia midia-largura-300\"><img loading=\"lazy\" decoding=\"async\" title=\"Reportagem do 'Wall Street Journal' (Foto: Reprodu\u00e7\u00e3o\/WSJ)\" src=\"http:\/\/s2.glbimg.com\/Or-q2FLAkzo94y6lq69aIsMBeTo=\/300x225\/s.glbimg.com\/jo\/g1\/f\/original\/2015\/09\/10\/wsj.jpg\" alt=\"Reportagem do 'Wall Street Journal' (Foto: Reprodu\u00e7\u00e3o\/WSJ)\" width=\"300\" height=\"225\" \/><\/div>\n<div class=\"foto componente_materia midia-largura-300\"><strong>Reportagem do &#8216;Wall Street Journal&#8217; (Foto:<br \/>\nReprodu\u00e7\u00e3o\/WSJ)<\/strong><\/div>\n<p><span style=\"text-decoration: underline; color: #0000ff;\"><strong>The Wall Street Journal<\/strong><\/span><br \/>\nO rebaixamento da nota brasileira \u00e9 destaque na se\u00e7\u00e3o sobre Am\u00e9rica Latina do jornal norte-americano &#8220;The Wall Street Journal&#8221; (<a href=\"http:\/\/www.wsj.com\/articles\/s-p-drops-brazil-debt-rating-one-notch-to-junk-1441838102\" target=\"_blank\">Leia aqui<\/a>).<\/p>\n<p>A reportagem afirma que o downgrade &#8220;representa um rev\u00e9s significativo para a Presidente <span style=\"color: #0000ff;\"><strong>Dilma Rousseff<\/strong><\/span>. Desde que ganhou a reelei\u00e7\u00e3o no ano passado, o n\u00facleo esquerdista de apoio de Dilma tem decepcionado seus apoiadores, aumentando impostos e cortando gastos discricion\u00e1rios durante a crise&#8221;.<\/p>\n<div class=\"foto componente_materia midia-largura-300\"><img loading=\"lazy\" decoding=\"async\" title=\"Financial Times ressalta que os t\u00edtulos brasileiros viraram &amp;#39;lixo&amp;#39; (Foto: Reprodu\u00e7\u00e3o\/Financial Times)\" src=\"http:\/\/s2.glbimg.com\/XSTnJeQ063kSHDkF2LvTGosnT4g=\/300x225\/s.glbimg.com\/jo\/g1\/f\/original\/2015\/09\/10\/ft-sp.jpg\" alt=\"Financial Times ressalta que os t\u00edtulos brasileiros viraram &amp;#39;lixo&amp;#39; (Foto: Reprodu\u00e7\u00e3o\/Financial Times)\" width=\"300\" height=\"225\" \/><\/div>\n<div class=\"foto componente_materia midia-largura-300\"><strong>Financial Times ressalta que os t\u00edtulos brasileiros<br \/>\nviraram &#8216;lixo&#8217;; (Foto: Reprodu\u00e7\u00e3o\/Financial Times)<\/strong><\/div>\n<p><span style=\"text-decoration: underline; color: #0000ff;\"><strong>Financial Times<\/strong><\/span><br \/>\nO jornal brit\u00e2nico \u201cFinancial Times\u201d noticiou a redu\u00e7\u00e3o da nota de cr\u00e9dito brasileira destacando que o rating se tornou \u201clixo\u201d, e que a decis\u00e3o \u00e9 um grande golpe para o governo da Presidente <span style=\"color: #0000ff;\"><strong>Dilma Rousseff<\/strong><\/span>. (<a href=\"http:\/\/www.ft.com\/cms\/s\/0\/08043806-5745-11e5-97e9-7f0bf5e7177b.html\" target=\"_blank\">Leia aqui<\/a>).<\/p>\n<p>A redu\u00e7\u00e3o foi \u201cagressiva\u201d, segundo o economista do<span style=\"color: #0000ff;\"><strong> Barclay\u2019s<\/strong><\/span> em Nova York ouvido pela publica\u00e7\u00e3o. O jornal diz que a decis\u00e3o surpreendeu os analistas, \u201cque n\u00e3o esperavam esse rebaixamento pelo menos at\u00e9 o pr\u00f3ximo ano\u201d.<\/p>\n<p>No blog \u201c<span style=\"color: #0000ff;\"><strong>beyondbrics<\/strong><\/span>\u201d, a publica\u00e7\u00e3o ressalta que a deteriora\u00e7\u00e3o da economia brasileira nos \u00faltimos meses foi \u201cimpressionante\u201d. \u201cCom a perda do grau de investimento, as perspectivas de crescimento do Brasil podem ficar ainda piores\u201d, diz o texto, de autoria de tr\u00eas especialistas da <span style=\"color: #0000ff;\"><strong>PUC<\/strong><\/span> do Rio. \u201cO cen\u00e1rio brasileiro \u00e9 muito ruim e vai ficar assim por v\u00e1rios trimestres\u201d. (<a href=\"http:\/\/blogs.ft.com\/beyond-brics\/2015\/08\/14\/brazils-dire-economy-slides-toward-junk-status\/\" target=\"_blank\">Leia aqui<\/a>).<\/p>\n<div class=\"foto componente_materia midia-largura-300\"><img loading=\"lazy\" decoding=\"async\" title=\"The Economist repercutiu o rebaixamento do Brasil (Foto: Reprodu\u00e7\u00e3o\/The Economist)\" src=\"http:\/\/s2.glbimg.com\/w6wMhF-27ygaIelygQRJCM2OFYE=\/300x225\/s.glbimg.com\/jo\/g1\/f\/original\/2015\/09\/10\/economist-sp.jpg\" alt=\"The Economist repercutiu o rebaixamento do Brasil (Foto: Reprodu\u00e7\u00e3o\/The Economist)\" width=\"300\" height=\"225\" \/><\/div>\n<div class=\"foto componente_materia midia-largura-300\"><strong>The Economist repercutiu o rebaixamento do Brasil<br \/>\n(Foto: Reprodu\u00e7\u00e3o\/The Economist)<\/strong><\/div>\n<p><span style=\"text-decoration: underline; color: #0000ff;\"><strong>The Economist<\/strong><\/span><br \/>\nPara a revista brit\u00e2nica \u201cThe Economist\u201d, o rebaixamento veio tarde. \u201cO mist\u00e9rio \u00e9 por que isso n\u00e3o aconteceu antes\u201d, diz a publica\u00e7\u00e3o. Segundo a revista, muitos se desesperaram quando o governo apresentou, na semana passada, o or\u00e7amento para 2016 prevendo um d\u00e9ficit de 0,5% do Produto Interno Bruto (<span style=\"color: #0000ff;\"><strong>PIB<\/strong><\/span>), e os mais preocupados apontaram que o rebaixamento era apenas uma quest\u00e3o de tempo. \u201cMas poucos esperavam que os analistas de risco reagissem t\u00e3o rapidamente\u201d, diz o texto. (<a href=\"http:\/\/www.economist.com\/news\/americas\/21664084-mystery-why-it-didnt-happen-sooner-brazil-junked\">Leia aqui<\/a>)<\/p>\n<p>A revista diz ainda que o pa\u00eds deve sofrer consequ\u00eancias econ\u00f4micas por conta do corte da nota, o que \u201cn\u00e3o deve ajudar o Brasil a se livrar da recess\u00e3o em que entrou no \u00faltimo trimestre\u201d. A publica\u00e7\u00e3o ainda aponta que a redu\u00e7\u00e3o da nota \u00e9 um \u201ctapa na cara\u201d do Ministro da Fazenda, <span style=\"color: #0000ff;\"><strong>Joaquim Levy<\/strong><\/span>, mas coloca na conta do <span style=\"color: #0000ff;\"><strong>Congresso<\/strong><\/span> a responsabilidade por \u201cdestravar\u201d o Or\u00e7amento e permitir mais cortes de gastos, que levem as contas p\u00fablicas a uma posi\u00e7\u00e3o mais sustent\u00e1vel.<\/p>\n<div class=\"foto componente_materia midia-largura-300\"><img loading=\"lazy\" decoding=\"async\" title=\"Portal da rede BBC destaca rebaixamento da nota brasileira (Foto: Reprodu\u00e7\u00e3o\/BBC)\" src=\"http:\/\/s2.glbimg.com\/jzmCEDmY5KYxmETzWwOeCxt3OI4=\/300x225\/s.glbimg.com\/jo\/g1\/f\/original\/2015\/09\/10\/bbc.jpg\" alt=\"Portal da rede BBC destaca rebaixamento da nota brasileira (Foto: Reprodu\u00e7\u00e3o\/BBC)\" width=\"300\" height=\"225\" \/><\/div>\n<div class=\"foto componente_materia midia-largura-300\"><strong>Portal da rede BBC destaca rebaixamento da nota<br \/>\nbrasileira (Foto: Reprodu\u00e7\u00e3o\/BBC)<\/strong><\/div>\n<p><span style=\"text-decoration: underline; color: #0000ff;\"><strong>BBC<\/strong><\/span><br \/>\nO portal de not\u00edcias da rede brit\u00e2nica <span style=\"color: #0000ff;\"><strong>BBC<\/strong><\/span> traz uma reportagem e uma an\u00e1lise feita pelo seu correspondente de neg\u00f3cios da Am\u00e9rica Latina. O texto destaca que a decis\u00e3o da ag\u00eancia de classifica\u00e7\u00e3o de risco foi, de certa forma, surpreendente, j\u00e1 que o rebaixamento n\u00e3o era esperado para este ano e que agora todos os olhos est\u00e3o voltados para as outras ag\u00eancias. (<a href=\"http:\/\/www.bbc.com\/news\/business-34205558\" target=\"_blank\">Leia aqui<\/a>)<\/p>\n<p>De acordo com um analista brasileiro citado pela reportagem, se outra ag\u00eancia tamb\u00e9m rebaixar a nota brasileira, ent\u00e3o, muito provavelmente &#8220;n\u00f3s iremos ver investidores institucionais obrigados a retirar seu dinheiro do pa\u00eds&#8221;.<\/p>\n<div class=\"foto componente_materia midia-largura-300\"><img loading=\"lazy\" decoding=\"async\" title=\"Bloomberg destaca o corte na nota de cr\u00e9dito do Brasil (Foto: Reprodu\u00e7\u00e3o\/Bloomberg)\" src=\"http:\/\/s2.glbimg.com\/BEnI-qx7U8S7QHqniLPx5Ck-Bms=\/300x225\/s.glbimg.com\/jo\/g1\/f\/original\/2015\/09\/10\/bloomberg-sp.jpg\" alt=\"Bloomberg destaca o corte na nota de cr\u00e9dito do Brasil (Foto: Reprodu\u00e7\u00e3o\/Bloomberg)\" width=\"300\" height=\"225\" \/><\/div>\n<div class=\"foto componente_materia midia-largura-300\"><strong>Bloomberg destaca o corte na nota de cr\u00e9dito do<br \/>\nBrasil (Foto: Reprodu\u00e7\u00e3o\/Bloomberg)<\/strong><\/div>\n<p><span style=\"text-decoration: underline; color: #0000ff;\"><strong>Bloomberg<\/strong><\/span><br \/>\nO rebaixamento da nota brasileira pela S&amp;P, diz a \u201cBloomberg\u201d, coloca press\u00e3o sobre a equipe de Levy para conseguir aprovar medidas que possam melhorar a situa\u00e7\u00e3o fiscal do pa\u00eds, cortando gastos ou aumentando impostos. (<a href=\"http:\/\/www.bloomberg.com\/news\/articles\/2015-09-09\/brazil-credit-rating-cut-to-junk-by-s-p-amid-budget-strain\" target=\"_blank\">Leia aqui<\/a>)<\/p>\n<p>\u201cRousseff n\u00e3o foi capaz de conseguir apoio para suas iniciativas em meio a uma investiga\u00e7\u00e3o de <span style=\"color: #0000ff;\"><strong>corrup\u00e7\u00e3o<\/strong><\/span> que teria acontecido na petroleira de cujo conselho era presidente, levando sua popularidade a um recorde de baixa e a pedidos de impeachment\u201d. \u201cO embate pol\u00edtico n\u00e3o poderia acontecer num momento pior\u201d, diz o texto.<\/p>\n<p>Como consequ\u00eancia do rebaixamento, a Bloomberg diz que o real pode estender as perdas que j\u00e1 fizeram da moeda a de pior desempenho entre os pa\u00edses emergentes este ano.<\/p>\n<\/div>\n<p><strong><span style=\"text-decoration: underline;\">Fonte:<\/span> \u00a0<span style=\"color: #0000ff;\">G1 em S\u00e3o Paulo<\/span><\/strong><\/p>\n<p>&nbsp;<\/p>\n<p><a ref=\"magnificPopup\" href=\"http:\/\/www.blogdosrsiape.net\/wp-content\/uploads\/2015\/06\/shutterstock_167248031.jpg\"><img loading=\"lazy\" decoding=\"async\" class=\"alignnone size-medium wp-image-699\" src=\"http:\/\/www.blogdosrsiape.net\/wp-content\/uploads\/2015\/06\/shutterstock_167248031-210x300.jpg\" alt=\"shutterstock_167248031\" width=\"210\" height=\"300\" \/><\/a><\/p>\n","protected":false},"excerpt":{"rendered":"<p>Brasil perdeu grau de investimento; nota foi rebaixada de &#8216;BBB-&#8216; para &#8216;BB+&#8217;. Avalia\u00e7\u00e3o foi da ag\u00eancia de classifica\u00e7\u00e3o de risco Standard and Poor&#8217;s. A imprensa internacional repercutiu a decis\u00e3o da ag\u00eancia de avalia\u00e7\u00e3o de risco Standard and Poor&#8217;s (S&amp;P) de retirar o grau de investimento na classifica\u00e7\u00e3o de cr\u00e9dito do Brasil. Na noite deste quarta-feira&#8230;<\/p>\n","protected":false},"author":1,"featured_media":1309,"comment_status":"open","ping_status":"open","sticky":false,"template":"","format":"standard","meta":{"footnotes":""},"categories":[11],"tags":[318,326,341,356,608,671,785,835,998,1298,1754,1908,2239,2320,2321],"class_list":["post-1308","post","type-post","status-publish","format-standard","has-post-thumbnail","hentry","category-brasil","tag-barclays","tag-bbc","tag-beyondbrics","tag-bloomberg","tag-congresso","tag-corrupcao","tag-dilma-rousseff","tag-economia","tag-financial-times","tag-joaquim-levy","tag-pib","tag-puc","tag-standad-and-poors-sp","tag-the-economist","tag-the-wall-street-journal"],"yoast_head":"<!-- This site is optimized with the Yoast SEO plugin v23.6 - https:\/\/yoast.com\/wordpress\/plugins\/seo\/ -->\n<title>Imprensa internacional repercute rebaixamento da nota do Brasil - Blog do Sr. SIAPE<\/title>\n<meta name=\"robots\" content=\"index, follow, max-snippet:-1, max-image-preview:large, max-video-preview:-1\" \/>\n<link rel=\"canonical\" href=\"https:\/\/11ponto11servidor.com.br\/blogsrsiape\/imprensa-internacional-repercute-rebaixamento-da-nota-do-brasil\/\" \/>\n<meta property=\"og:locale\" content=\"pt_BR\" \/>\n<meta property=\"og:type\" content=\"article\" \/>\n<meta property=\"og:title\" content=\"Imprensa internacional repercute rebaixamento da nota do Brasil - Blog do Sr. SIAPE\" \/>\n<meta property=\"og:description\" content=\"Brasil perdeu grau de investimento; nota foi rebaixada de &#8216;BBB-&#8216; para &#8216;BB+&#8217;. Avalia\u00e7\u00e3o foi da ag\u00eancia de classifica\u00e7\u00e3o de risco Standard and Poor&#8217;s. A imprensa internacional repercutiu a decis\u00e3o da ag\u00eancia de avalia\u00e7\u00e3o de risco Standard and Poor&#8217;s (S&amp;P) de retirar o grau de investimento na classifica\u00e7\u00e3o de cr\u00e9dito do Brasil. Na noite deste quarta-feira...\" \/>\n<meta property=\"og:url\" content=\"https:\/\/11ponto11servidor.com.br\/blogsrsiape\/imprensa-internacional-repercute-rebaixamento-da-nota-do-brasil\/\" \/>\n<meta property=\"og:site_name\" content=\"Blog do Sr. SIAPE\" \/>\n<meta property=\"article:publisher\" content=\"https:\/\/www.facebook.com\/blogsrsiape\/?locale=pt_BR\" \/>\n<meta property=\"article:published_time\" content=\"2015-09-10T13:54:15+00:00\" \/>\n<meta property=\"og:image\" content=\"https:\/\/11ponto11servidor.com.br\/blogsrsiape\/wp-content\/uploads\/sites\/2\/2015\/09\/logo-da-agencia-de-classificacao-de-risco-standard-poors-sp-1424890579051_956x500.jpg\" \/>\n\t<meta property=\"og:image:width\" content=\"956\" \/>\n\t<meta property=\"og:image:height\" content=\"500\" \/>\n\t<meta property=\"og:image:type\" content=\"image\/jpeg\" \/>\n<meta name=\"author\" content=\"websitemix\" \/>\n<meta name=\"twitter:card\" content=\"summary_large_image\" \/>\n<meta name=\"twitter:label1\" content=\"Escrito por\" \/>\n\t<meta name=\"twitter:data1\" content=\"websitemix\" \/>\n\t<meta name=\"twitter:label2\" content=\"Est. tempo de leitura\" \/>\n\t<meta name=\"twitter:data2\" content=\"4 minutos\" \/>\n<script type=\"application\/ld+json\" class=\"yoast-schema-graph\">{\"@context\":\"https:\/\/schema.org\",\"@graph\":[{\"@type\":\"Article\",\"@id\":\"https:\/\/11ponto11servidor.com.br\/blogsrsiape\/imprensa-internacional-repercute-rebaixamento-da-nota-do-brasil\/#article\",\"isPartOf\":{\"@id\":\"https:\/\/11ponto11servidor.com.br\/blogsrsiape\/imprensa-internacional-repercute-rebaixamento-da-nota-do-brasil\/\"},\"author\":{\"name\":\"websitemix\",\"@id\":\"https:\/\/blogdosrsiape.com\/#\/schema\/person\/641e1af8b22c69725a1d604fb8959bcf\"},\"headline\":\"Imprensa internacional repercute rebaixamento da nota do Brasil\",\"datePublished\":\"2015-09-10T13:54:15+00:00\",\"dateModified\":\"2015-09-10T13:54:15+00:00\",\"mainEntityOfPage\":{\"@id\":\"https:\/\/11ponto11servidor.com.br\/blogsrsiape\/imprensa-internacional-repercute-rebaixamento-da-nota-do-brasil\/\"},\"wordCount\":835,\"commentCount\":0,\"publisher\":{\"@id\":\"https:\/\/blogdosrsiape.com\/#organization\"},\"image\":{\"@id\":\"https:\/\/11ponto11servidor.com.br\/blogsrsiape\/imprensa-internacional-repercute-rebaixamento-da-nota-do-brasil\/#primaryimage\"},\"thumbnailUrl\":\"https:\/\/11ponto11servidor.com.br\/blogsrsiape\/wp-content\/uploads\/sites\/2\/2015\/09\/logo-da-agencia-de-classificacao-de-risco-standard-poors-sp-1424890579051_956x500.jpg\",\"keywords\":[\"Barclay\u2019s\",\"BBC\",\"beyondbrics\",\"Bloomberg\",\"Congresso\",\"corrup\u00e7\u00e3o\",\"Dilma Rousseff\",\"economia\",\"Financial Times\",\"Joaquim Levy\",\"PIB\",\"PUC\",\"Standad and Poor's (S&amp;P)\",\"The Economist\",\"The Wall Street Journal\"],\"articleSection\":[\"Brasil\"],\"inLanguage\":\"pt-BR\",\"potentialAction\":[{\"@type\":\"CommentAction\",\"name\":\"Comment\",\"target\":[\"https:\/\/11ponto11servidor.com.br\/blogsrsiape\/imprensa-internacional-repercute-rebaixamento-da-nota-do-brasil\/#respond\"]}]},{\"@type\":\"WebPage\",\"@id\":\"https:\/\/11ponto11servidor.com.br\/blogsrsiape\/imprensa-internacional-repercute-rebaixamento-da-nota-do-brasil\/\",\"url\":\"https:\/\/11ponto11servidor.com.br\/blogsrsiape\/imprensa-internacional-repercute-rebaixamento-da-nota-do-brasil\/\",\"name\":\"Imprensa internacional repercute rebaixamento da nota do Brasil - Blog do Sr. SIAPE\",\"isPartOf\":{\"@id\":\"https:\/\/blogdosrsiape.com\/#website\"},\"primaryImageOfPage\":{\"@id\":\"https:\/\/11ponto11servidor.com.br\/blogsrsiape\/imprensa-internacional-repercute-rebaixamento-da-nota-do-brasil\/#primaryimage\"},\"image\":{\"@id\":\"https:\/\/11ponto11servidor.com.br\/blogsrsiape\/imprensa-internacional-repercute-rebaixamento-da-nota-do-brasil\/#primaryimage\"},\"thumbnailUrl\":\"https:\/\/11ponto11servidor.com.br\/blogsrsiape\/wp-content\/uploads\/sites\/2\/2015\/09\/logo-da-agencia-de-classificacao-de-risco-standard-poors-sp-1424890579051_956x500.jpg\",\"datePublished\":\"2015-09-10T13:54:15+00:00\",\"dateModified\":\"2015-09-10T13:54:15+00:00\",\"breadcrumb\":{\"@id\":\"https:\/\/11ponto11servidor.com.br\/blogsrsiape\/imprensa-internacional-repercute-rebaixamento-da-nota-do-brasil\/#breadcrumb\"},\"inLanguage\":\"pt-BR\",\"potentialAction\":[{\"@type\":\"ReadAction\",\"target\":[\"https:\/\/11ponto11servidor.com.br\/blogsrsiape\/imprensa-internacional-repercute-rebaixamento-da-nota-do-brasil\/\"]}]},{\"@type\":\"ImageObject\",\"inLanguage\":\"pt-BR\",\"@id\":\"https:\/\/11ponto11servidor.com.br\/blogsrsiape\/imprensa-internacional-repercute-rebaixamento-da-nota-do-brasil\/#primaryimage\",\"url\":\"https:\/\/11ponto11servidor.com.br\/blogsrsiape\/wp-content\/uploads\/sites\/2\/2015\/09\/logo-da-agencia-de-classificacao-de-risco-standard-poors-sp-1424890579051_956x500.jpg\",\"contentUrl\":\"https:\/\/11ponto11servidor.com.br\/blogsrsiape\/wp-content\/uploads\/sites\/2\/2015\/09\/logo-da-agencia-de-classificacao-de-risco-standard-poors-sp-1424890579051_956x500.jpg\",\"width\":956,\"height\":500},{\"@type\":\"BreadcrumbList\",\"@id\":\"https:\/\/11ponto11servidor.com.br\/blogsrsiape\/imprensa-internacional-repercute-rebaixamento-da-nota-do-brasil\/#breadcrumb\",\"itemListElement\":[{\"@type\":\"ListItem\",\"position\":1,\"name\":\"In\u00edcio\",\"item\":\"https:\/\/blogdosrsiape.com\/\"},{\"@type\":\"ListItem\",\"position\":2,\"name\":\"Imprensa internacional repercute rebaixamento da nota do Brasil\"}]},{\"@type\":\"WebSite\",\"@id\":\"https:\/\/blogdosrsiape.com\/#website\",\"url\":\"https:\/\/blogdosrsiape.com\/\",\"name\":\"Blog do sr. SIAPE\",\"description\":\"SIAPE Servidor Federal\",\"publisher\":{\"@id\":\"https:\/\/blogdosrsiape.com\/#organization\"},\"potentialAction\":[{\"@type\":\"SearchAction\",\"target\":{\"@type\":\"EntryPoint\",\"urlTemplate\":\"https:\/\/blogdosrsiape.com\/?s={search_term_string}\"},\"query-input\":{\"@type\":\"PropertyValueSpecification\",\"valueRequired\":true,\"valueName\":\"search_term_string\"}}],\"inLanguage\":\"pt-BR\"},{\"@type\":\"Organization\",\"@id\":\"https:\/\/blogdosrsiape.com\/#organization\",\"name\":\"Blog do sr. SIAPE\",\"url\":\"https:\/\/blogdosrsiape.com\/\",\"logo\":{\"@type\":\"ImageObject\",\"inLanguage\":\"pt-BR\",\"@id\":\"https:\/\/blogdosrsiape.com\/#\/schema\/logo\/image\/\",\"url\":\"https:\/\/11ponto11servidor.com.br\/blogsrsiape\/wp-content\/uploads\/sites\/2\/2024\/10\/logo-1.png\",\"contentUrl\":\"https:\/\/11ponto11servidor.com.br\/blogsrsiape\/wp-content\/uploads\/sites\/2\/2024\/10\/logo-1.png\",\"width\":287,\"height\":116,\"caption\":\"Blog do sr. SIAPE\"},\"image\":{\"@id\":\"https:\/\/blogdosrsiape.com\/#\/schema\/logo\/image\/\"},\"sameAs\":[\"https:\/\/www.facebook.com\/blogsrsiape\/?locale=pt_BR\",\"https:\/\/www.instagram.com\/srsiape\/\"]},{\"@type\":\"Person\",\"@id\":\"https:\/\/blogdosrsiape.com\/#\/schema\/person\/641e1af8b22c69725a1d604fb8959bcf\",\"name\":\"websitemix\",\"sameAs\":[\"https:\/\/11ponto11servidor.com.br\"],\"url\":\"https:\/\/11ponto11servidor.com.br\/blogsrsiape\/author\/websitemix\/\"}]}<\/script>\n<!-- \/ Yoast SEO plugin. -->","yoast_head_json":{"title":"Imprensa internacional repercute rebaixamento da nota do Brasil - Blog do Sr. SIAPE","robots":{"index":"index","follow":"follow","max-snippet":"max-snippet:-1","max-image-preview":"max-image-preview:large","max-video-preview":"max-video-preview:-1"},"canonical":"https:\/\/11ponto11servidor.com.br\/blogsrsiape\/imprensa-internacional-repercute-rebaixamento-da-nota-do-brasil\/","og_locale":"pt_BR","og_type":"article","og_title":"Imprensa internacional repercute rebaixamento da nota do Brasil - Blog do Sr. SIAPE","og_description":"Brasil perdeu grau de investimento; nota foi rebaixada de &#8216;BBB-&#8216; para &#8216;BB+&#8217;. Avalia\u00e7\u00e3o foi da ag\u00eancia de classifica\u00e7\u00e3o de risco Standard and Poor&#8217;s. A imprensa internacional repercutiu a decis\u00e3o da ag\u00eancia de avalia\u00e7\u00e3o de risco Standard and Poor&#8217;s (S&amp;P) de retirar o grau de investimento na classifica\u00e7\u00e3o de cr\u00e9dito do Brasil. Na noite deste quarta-feira...","og_url":"https:\/\/11ponto11servidor.com.br\/blogsrsiape\/imprensa-internacional-repercute-rebaixamento-da-nota-do-brasil\/","og_site_name":"Blog do Sr. SIAPE","article_publisher":"https:\/\/www.facebook.com\/blogsrsiape\/?locale=pt_BR","article_published_time":"2015-09-10T13:54:15+00:00","og_image":[{"width":956,"height":500,"url":"https:\/\/11ponto11servidor.com.br\/blogsrsiape\/wp-content\/uploads\/sites\/2\/2015\/09\/logo-da-agencia-de-classificacao-de-risco-standard-poors-sp-1424890579051_956x500.jpg","type":"image\/jpeg"}],"author":"websitemix","twitter_card":"summary_large_image","twitter_misc":{"Escrito por":"websitemix","Est. tempo de leitura":"4 minutos"},"schema":{"@context":"https:\/\/schema.org","@graph":[{"@type":"Article","@id":"https:\/\/11ponto11servidor.com.br\/blogsrsiape\/imprensa-internacional-repercute-rebaixamento-da-nota-do-brasil\/#article","isPartOf":{"@id":"https:\/\/11ponto11servidor.com.br\/blogsrsiape\/imprensa-internacional-repercute-rebaixamento-da-nota-do-brasil\/"},"author":{"name":"websitemix","@id":"https:\/\/blogdosrsiape.com\/#\/schema\/person\/641e1af8b22c69725a1d604fb8959bcf"},"headline":"Imprensa internacional repercute rebaixamento da nota do Brasil","datePublished":"2015-09-10T13:54:15+00:00","dateModified":"2015-09-10T13:54:15+00:00","mainEntityOfPage":{"@id":"https:\/\/11ponto11servidor.com.br\/blogsrsiape\/imprensa-internacional-repercute-rebaixamento-da-nota-do-brasil\/"},"wordCount":835,"commentCount":0,"publisher":{"@id":"https:\/\/blogdosrsiape.com\/#organization"},"image":{"@id":"https:\/\/11ponto11servidor.com.br\/blogsrsiape\/imprensa-internacional-repercute-rebaixamento-da-nota-do-brasil\/#primaryimage"},"thumbnailUrl":"https:\/\/11ponto11servidor.com.br\/blogsrsiape\/wp-content\/uploads\/sites\/2\/2015\/09\/logo-da-agencia-de-classificacao-de-risco-standard-poors-sp-1424890579051_956x500.jpg","keywords":["Barclay\u2019s","BBC","beyondbrics","Bloomberg","Congresso","corrup\u00e7\u00e3o","Dilma Rousseff","economia","Financial Times","Joaquim Levy","PIB","PUC","Standad and Poor's (S&amp;P)","The Economist","The Wall Street Journal"],"articleSection":["Brasil"],"inLanguage":"pt-BR","potentialAction":[{"@type":"CommentAction","name":"Comment","target":["https:\/\/11ponto11servidor.com.br\/blogsrsiape\/imprensa-internacional-repercute-rebaixamento-da-nota-do-brasil\/#respond"]}]},{"@type":"WebPage","@id":"https:\/\/11ponto11servidor.com.br\/blogsrsiape\/imprensa-internacional-repercute-rebaixamento-da-nota-do-brasil\/","url":"https:\/\/11ponto11servidor.com.br\/blogsrsiape\/imprensa-internacional-repercute-rebaixamento-da-nota-do-brasil\/","name":"Imprensa internacional repercute rebaixamento da nota do Brasil - Blog do Sr. SIAPE","isPartOf":{"@id":"https:\/\/blogdosrsiape.com\/#website"},"primaryImageOfPage":{"@id":"https:\/\/11ponto11servidor.com.br\/blogsrsiape\/imprensa-internacional-repercute-rebaixamento-da-nota-do-brasil\/#primaryimage"},"image":{"@id":"https:\/\/11ponto11servidor.com.br\/blogsrsiape\/imprensa-internacional-repercute-rebaixamento-da-nota-do-brasil\/#primaryimage"},"thumbnailUrl":"https:\/\/11ponto11servidor.com.br\/blogsrsiape\/wp-content\/uploads\/sites\/2\/2015\/09\/logo-da-agencia-de-classificacao-de-risco-standard-poors-sp-1424890579051_956x500.jpg","datePublished":"2015-09-10T13:54:15+00:00","dateModified":"2015-09-10T13:54:15+00:00","breadcrumb":{"@id":"https:\/\/11ponto11servidor.com.br\/blogsrsiape\/imprensa-internacional-repercute-rebaixamento-da-nota-do-brasil\/#breadcrumb"},"inLanguage":"pt-BR","potentialAction":[{"@type":"ReadAction","target":["https:\/\/11ponto11servidor.com.br\/blogsrsiape\/imprensa-internacional-repercute-rebaixamento-da-nota-do-brasil\/"]}]},{"@type":"ImageObject","inLanguage":"pt-BR","@id":"https:\/\/11ponto11servidor.com.br\/blogsrsiape\/imprensa-internacional-repercute-rebaixamento-da-nota-do-brasil\/#primaryimage","url":"https:\/\/11ponto11servidor.com.br\/blogsrsiape\/wp-content\/uploads\/sites\/2\/2015\/09\/logo-da-agencia-de-classificacao-de-risco-standard-poors-sp-1424890579051_956x500.jpg","contentUrl":"https:\/\/11ponto11servidor.com.br\/blogsrsiape\/wp-content\/uploads\/sites\/2\/2015\/09\/logo-da-agencia-de-classificacao-de-risco-standard-poors-sp-1424890579051_956x500.jpg","width":956,"height":500},{"@type":"BreadcrumbList","@id":"https:\/\/11ponto11servidor.com.br\/blogsrsiape\/imprensa-internacional-repercute-rebaixamento-da-nota-do-brasil\/#breadcrumb","itemListElement":[{"@type":"ListItem","position":1,"name":"In\u00edcio","item":"https:\/\/blogdosrsiape.com\/"},{"@type":"ListItem","position":2,"name":"Imprensa internacional repercute rebaixamento da nota do Brasil"}]},{"@type":"WebSite","@id":"https:\/\/blogdosrsiape.com\/#website","url":"https:\/\/blogdosrsiape.com\/","name":"Blog do sr. SIAPE","description":"SIAPE Servidor Federal","publisher":{"@id":"https:\/\/blogdosrsiape.com\/#organization"},"potentialAction":[{"@type":"SearchAction","target":{"@type":"EntryPoint","urlTemplate":"https:\/\/blogdosrsiape.com\/?s={search_term_string}"},"query-input":{"@type":"PropertyValueSpecification","valueRequired":true,"valueName":"search_term_string"}}],"inLanguage":"pt-BR"},{"@type":"Organization","@id":"https:\/\/blogdosrsiape.com\/#organization","name":"Blog do sr. SIAPE","url":"https:\/\/blogdosrsiape.com\/","logo":{"@type":"ImageObject","inLanguage":"pt-BR","@id":"https:\/\/blogdosrsiape.com\/#\/schema\/logo\/image\/","url":"https:\/\/11ponto11servidor.com.br\/blogsrsiape\/wp-content\/uploads\/sites\/2\/2024\/10\/logo-1.png","contentUrl":"https:\/\/11ponto11servidor.com.br\/blogsrsiape\/wp-content\/uploads\/sites\/2\/2024\/10\/logo-1.png","width":287,"height":116,"caption":"Blog do sr. SIAPE"},"image":{"@id":"https:\/\/blogdosrsiape.com\/#\/schema\/logo\/image\/"},"sameAs":["https:\/\/www.facebook.com\/blogsrsiape\/?locale=pt_BR","https:\/\/www.instagram.com\/srsiape\/"]},{"@type":"Person","@id":"https:\/\/blogdosrsiape.com\/#\/schema\/person\/641e1af8b22c69725a1d604fb8959bcf","name":"websitemix","sameAs":["https:\/\/11ponto11servidor.com.br"],"url":"https:\/\/11ponto11servidor.com.br\/blogsrsiape\/author\/websitemix\/"}]}},"_links":{"self":[{"href":"https:\/\/11ponto11servidor.com.br\/blogsrsiape\/wp-json\/wp\/v2\/posts\/1308"}],"collection":[{"href":"https:\/\/11ponto11servidor.com.br\/blogsrsiape\/wp-json\/wp\/v2\/posts"}],"about":[{"href":"https:\/\/11ponto11servidor.com.br\/blogsrsiape\/wp-json\/wp\/v2\/types\/post"}],"author":[{"embeddable":true,"href":"https:\/\/11ponto11servidor.com.br\/blogsrsiape\/wp-json\/wp\/v2\/users\/1"}],"replies":[{"embeddable":true,"href":"https:\/\/11ponto11servidor.com.br\/blogsrsiape\/wp-json\/wp\/v2\/comments?post=1308"}],"version-history":[{"count":0,"href":"https:\/\/11ponto11servidor.com.br\/blogsrsiape\/wp-json\/wp\/v2\/posts\/1308\/revisions"}],"wp:featuredmedia":[{"embeddable":true,"href":"https:\/\/11ponto11servidor.com.br\/blogsrsiape\/wp-json\/wp\/v2\/media\/1309"}],"wp:attachment":[{"href":"https:\/\/11ponto11servidor.com.br\/blogsrsiape\/wp-json\/wp\/v2\/media?parent=1308"}],"wp:term":[{"taxonomy":"category","embeddable":true,"href":"https:\/\/11ponto11servidor.com.br\/blogsrsiape\/wp-json\/wp\/v2\/categories?post=1308"},{"taxonomy":"post_tag","embeddable":true,"href":"https:\/\/11ponto11servidor.com.br\/blogsrsiape\/wp-json\/wp\/v2\/tags?post=1308"}],"curies":[{"name":"wp","href":"https:\/\/api.w.org\/{rel}","templated":true}]}}