{"id":13865,"date":"2023-09-19T09:26:03","date_gmt":"2023-09-19T12:26:03","guid":{"rendered":"https:\/\/blogdosrsiape.com\/?p=13865"},"modified":"2023-09-19T09:53:54","modified_gmt":"2023-09-19T12:53:54","slug":"aprovado-reajuste-de-9-para-servidores-e-empregados-do-poder-executivo","status":"publish","type":"post","link":"https:\/\/11ponto11servidor.com.br\/blogsrsiape\/aprovado-reajuste-de-9-para-servidores-e-empregados-do-poder-executivo\/","title":{"rendered":"Aprovado reajuste de 9% para Servidores e Empregados do poder executivo"},"content":{"rendered":"<div class=\"wrapped-line\" style=\"text-align: left;\"><span class=\"sw\">O<\/span> <span class=\"sw\">presidente<\/span> <span class=\"sw\">da<\/span> <span class=\"sw\">Rep\u00fablica,<\/span> <span class=\"sw\">Luiz<\/span> <span class=\"sw\">In\u00e1cio<\/span> <span class=\"sw\">Lula<\/span> <span class=\"sw\">da<\/span> <span class=\"sw\">Silva,<\/span> <span class=\"sw\">aprovou<\/span> <span class=\"sw\">a<\/span> <span class=\"sw\">Lei<\/span> <span class=\"sw\">1<\/span>673 <span class=\"sw\">de<\/span> <span class=\"sw\">2023,<\/span> <span class=\"sw\">concedendo<\/span> <span class=\"sw\">reajuste<\/span> <span class=\"sw\">de<\/span> <span class=\"sw\">9%<\/span> <span class=\"sw\">a<\/span> <span class=\"sw\">todos<\/span> <span class=\"sw\">os<\/span> <span class=\"sw\">servidores<\/span> <span class=\"sw\">civis<\/span> <span class=\"sw\">federais<\/span> <span class=\"sw\">do<\/span> <span class=\"sw\">poder<\/span> <span class=\"sw\">executivo,<\/span> <span class=\"sw\">\u00f3rg\u00e3os<\/span> <span class=\"sw\">e<\/span> <span class=\"sw\">institui\u00e7\u00f5es<\/span> <span class=\"sw\">autorit\u00e1rias,<\/span> <span class=\"sw\">inclusive<\/span> <span class=\"sw\">incluindo<\/span> <span class=\"sw\">aposentados<\/span> <span class=\"sw\">e<\/span> <span class=\"sw\">pensionistas<\/span> <span class=\"sw\">com<\/span> <span class=\"sw\">igualdade<\/span> <span class=\"sw\">de<\/span> <span class=\"sw\">direitos.<\/span><\/div>\n<div class=\"wrapped-line\" style=\"text-align: left;\"><span class=\"sw\">Essa<\/span> <span class=\"sw\">regulamenta\u00e7\u00e3o<\/span> <span class=\"sw\">foi<\/span> <span class=\"sw\">publicada<\/span> <span class=\"sw\">no<\/span> <span class=\"sw\">Di\u00e1rio<\/span> <span class=\"sw\">Oficial<\/span> <span class=\"sw\">da<\/span> <span class=\"sw\">Uni\u00e3o<\/span> <span class=\"sw\">nesta<\/span> <span class=\"sw\">sexta-feira<\/span> <span class=\"sw\">(15).<\/span><\/div>\n<div class=\"wrapped-line\" style=\"text-align: left;\"><\/div>\n<div class=\"wrapped-line\" style=\"text-align: left;\"><\/div>\n<div class=\"wrapped-line\" style=\"text-align: left;\"><span class=\"sw\">Essa<\/span> <span class=\"sw\">lei<\/span> <span class=\"sw\">\u00e9<\/span> <span class=\"sw\">fruto<\/span> <span class=\"sw\">da<\/span> <span class=\"sw\">Medida<\/span> <span class=\"sw\">Provis\u00f3ria<\/span> <span class=\"sw\">(MP)<\/span> <span class=\"sw\">1.<\/span>170\/2023, <span class=\"sw\">aprovada<\/span> <span class=\"sw\">pelo <\/span>Congresso <span class=\"sw\">Nacional<\/span> <span class=\"sw\">com<\/span> <span class=\"sw\">modifica\u00e7\u00f5es.<\/span><\/div>\n<div class=\"wrapped-line\" style=\"text-align: left;\"><span class=\"sw\">Esse<\/span> <span class=\"sw\">aumento<\/span> <span class=\"sw\">entra<\/span> <span class=\"sw\">em<\/span> <span class=\"sw\">vigor<\/span> <span class=\"sw\">em<\/span> <span class=\"sw\">1\u00ba<\/span> <span class=\"sw\">de<\/span> <span class=\"sw\">maio<\/span> <span class=\"sw\">de<\/span> <span class=\"sw\">2023,<\/span> <span class=\"sw\">e<\/span> <span class=\"sw\">o<\/span> <span class=\"sw\">sal\u00e1rio<\/span> <span class=\"sw\">reajustado<\/span> <span class=\"sw\">come\u00e7a<\/span> <span class=\"sw\">a<\/span> <span class=\"sw\">ser<\/span> <span class=\"sw\">pago<\/span> <span class=\"sw\">em<\/span> <span class=\"sw\">junho.<\/span><\/div>\n<div class=\"wrapped-line\" style=\"text-align: left;\"><\/div>\n<div class=\"wrapped-line\" style=\"text-align: left;\"><\/div>\n<div class=\"wrapped-line\" style=\"text-align: left;\"><span class=\"sw\">O<\/span> <span class=\"sw\">ajuste<\/span> <span class=\"sw\">\u00e9<\/span> <span class=\"sw\">linear<\/span> <span class=\"sw\">para<\/span> <span class=\"sw\">todos<\/span> <span class=\"sw\">os<\/span> <span class=\"sw\">hosts,<\/span> <span class=\"sw\">com<\/span> <span class=\"sw\">uma<\/span> <span class=\"sw\">perda<\/span> <span class=\"sw\">cumulativa<\/span> <span class=\"sw\">estimada<\/span> <span class=\"sw\">de<\/span> <span class=\"sw\">aproximadamente<\/span> <span class=\"sw\">34%<\/span> <span class=\"sw\">nos<\/span> <span class=\"sw\">\u00faltimos<\/span> <span class=\"sw\">4<\/span> <span class=\"sw\">anos.<\/span><\/div>\n<div class=\"wrapped-line\" style=\"text-align: left;\"><span class=\"sw\">Este<\/span> <span class=\"sw\">aumento<\/span> <span class=\"sw\">\u00e9<\/span> <span class=\"sw\">resultado<\/span> <span class=\"sw\">de<\/span> <span class=\"sw\">um<\/span> <span class=\"sw\">acordo<\/span> <span class=\"sw\">entre<\/span> <span class=\"sw\">o<\/span> <span class=\"sw\">governo<\/span> <span class=\"sw\">e<\/span> <span class=\"sw\">mais<\/span> <span class=\"sw\">de<\/span> <span class=\"sw\">100 entidades<\/span><span style=\"color: #37ac8e;\">\u00a0<\/span><span class=\"sw\">representativas<\/span> <span class=\"sw\">dos<\/span> <span class=\"sw\">funcion\u00e1rios<\/span> <span class=\"sw\">p\u00fablicos<\/span> <span class=\"sw\">na<\/span> <span class=\"sw\">mesa<\/span> <span class=\"sw\">permanente<\/span> <span class=\"sw\">de<\/span> <span class=\"sw\">negocia\u00e7\u00f5es,<\/span> <span class=\"sw\">suspenso<\/span> <span class=\"sw\">desde<\/span> <span class=\"sw\">2016<\/span> <span class=\"sw\">e<\/span> <span class=\"sw\">retomado<\/span> <span class=\"sw\">no<\/span> <span class=\"sw\">atual<\/span> <span class=\"sw\">governo.<\/span><\/div>\n<div class=\"wrapped-line\" style=\"text-align: left;\"><span class=\"sw\">A<\/span> <span class=\"sw\">ajuda<\/span> <span class=\"sw\">alimentar<\/span> <span class=\"sw\">tamb\u00e9m<\/span> <span class=\"sw\">aumentou<\/span> <span class=\"sw\">43%,<\/span> <span class=\"sw\">passando<\/span> <span class=\"sw\">de<\/span> <span class=\"sw\">R$<\/span> <span class=\"sw\">458<\/span> <span class=\"sw\">para<\/span> <span class=\"sw\">R$<\/span> <span class=\"sw\">658<\/span> <span class=\"sw\">por<\/span> <span class=\"sw\">m\u00eas.<\/span><\/div>\n<div class=\"wrapped-line\" style=\"text-align: left;\"><\/div>\n<div class=\"wrapped-line\" style=\"text-align: left;\"><\/div>\n<div class=\"wrapped-line\" style=\"text-align: left;\"><span class=\"sw\">Segundo<\/span> <span class=\"sw\">o<\/span> <span class=\"sw\">\u00f3rg\u00e3o<\/span> <span class=\"sw\">executivo,<\/span> <span class=\"sw\">o<\/span> <span class=\"sw\">reajuste<\/span> <span class=\"sw\">atinge<\/span> <span class=\"sw\">mais<\/span> <span class=\"sw\">de<\/span> <span class=\"sw\">1,1<\/span> <span class=\"sw\">milh\u00e3o<\/span> <span class=\"sw\">de<\/span> <span class=\"sw\">pessoas,<\/span> <span class=\"sw\">incluindo<\/span> <span class=\"sw\">520<\/span> <span class=\"sw\">mil<\/span> <span class=\"sw\">servidores<\/span> <span class=\"sw\">ativos,<\/span> <span class=\"sw\">13,6<\/span> <span class=\"sw\">mil<\/span> <span class=\"sw\">servidores,<\/span> <span class=\"sw\">450<\/span> <span class=\"sw\">mil<\/span> <span class=\"sw\">aposentados<\/span> <span class=\"sw\">e<\/span> <span class=\"sw\">167<\/span> <span class=\"sw\">mil<\/span> <span class=\"sw\">aposentados.<\/span><\/div>\n<div class=\"wrapped-line\" style=\"text-align: left;\"><span class=\"sw\">Os<\/span> <span class=\"sw\">custos<\/span> <span class=\"sw\">ser\u00e3o<\/span> <span class=\"sw\">de<\/span> <span class=\"sw\">R$<\/span> <span class=\"sw\">9,62<\/span> <span class=\"sw\">bilh\u00f5es<\/span> <span class=\"sw\">para<\/span> <span class=\"sw\">o<\/span> <span class=\"sw\">ano<\/span> <span class=\"sw\">or\u00e7ament\u00e1rio<\/span> <span class=\"sw\">de<\/span> <span class=\"sw\">2023<\/span> <span class=\"sw\">e<\/span> <span class=\"sw\">de<\/span> <span class=\"sw\">R$<\/span> <span class=\"sw\">13,82<\/span> <span class=\"sw\">bilh\u00f5es<\/span> <span class=\"sw\">anualmente<\/span> <span class=\"sw\">a<\/span> <span class=\"sw\">partir<\/span> <span class=\"sw\">do<\/span> <span class=\"sw\">pr\u00f3ximo<\/span> <span class=\"sw\">ano.<\/span><\/div>\n","protected":false},"excerpt":{"rendered":"<p>O presidente da Rep\u00fablica, Luiz In\u00e1cio Lula da Silva, aprovou a Lei 1673 de 2023, concedendo reajuste de 9% a todos os servidores civis federais do poder executivo, \u00f3rg\u00e3os e institui\u00e7\u00f5es autorit\u00e1rias, inclusive incluindo aposentados e pensionistas com igualdade de direitos. Essa regulamenta\u00e7\u00e3o foi publicada no Di\u00e1rio Oficial da Uni\u00e3o nesta sexta-feira (15). Essa lei&#8230;<\/p>\n","protected":false},"author":1,"featured_media":13867,"comment_status":"open","ping_status":"open","sticky":false,"template":"","format":"standard","meta":{"footnotes":""},"categories":[1,64],"tags":[],"class_list":["post-13865","post","type-post","status-publish","format-standard","has-post-thumbnail","hentry","category-geral","category-reajuste"],"yoast_head":"<!-- This site is optimized with the Yoast SEO plugin v23.6 - https:\/\/yoast.com\/wordpress\/plugins\/seo\/ -->\n<title>Aprovado reajuste de 9% para Servidores e Empregados do poder executivo - Blog do Sr. SIAPE<\/title>\n<meta name=\"robots\" content=\"index, follow, max-snippet:-1, max-image-preview:large, max-video-preview:-1\" \/>\n<link rel=\"canonical\" href=\"https:\/\/blogdosrsiape.net\/aprovado-reajuste-de-9-para-servidores-e-empregados-do-poder-executivo\/\" \/>\n<meta property=\"og:locale\" content=\"pt_BR\" \/>\n<meta property=\"og:type\" content=\"article\" \/>\n<meta property=\"og:title\" content=\"Aprovado reajuste de 9% para Servidores e Empregados do poder executivo - Blog do Sr. SIAPE\" \/>\n<meta property=\"og:description\" content=\"O presidente da Rep\u00fablica, Luiz In\u00e1cio Lula da Silva, aprovou a Lei 1673 de 2023, concedendo reajuste de 9% a todos os servidores civis federais do poder executivo, \u00f3rg\u00e3os e institui\u00e7\u00f5es autorit\u00e1rias, inclusive incluindo aposentados e pensionistas com igualdade de direitos. Essa regulamenta\u00e7\u00e3o foi publicada no Di\u00e1rio Oficial da Uni\u00e3o nesta sexta-feira (15). Essa lei...\" \/>\n<meta property=\"og:url\" content=\"https:\/\/blogdosrsiape.net\/aprovado-reajuste-de-9-para-servidores-e-empregados-do-poder-executivo\/\" \/>\n<meta property=\"og:site_name\" content=\"Blog do Sr. SIAPE\" \/>\n<meta property=\"article:publisher\" content=\"https:\/\/www.facebook.com\/blogsrsiape\/?locale=pt_BR\" \/>\n<meta property=\"article:published_time\" content=\"2023-09-19T12:26:03+00:00\" \/>\n<meta property=\"article:modified_time\" content=\"2023-09-19T12:53:54+00:00\" \/>\n<meta property=\"og:image\" content=\"https:\/\/11ponto11servidor.com.br\/blogsrsiape\/wp-content\/uploads\/sites\/2\/2023\/09\/congresso.jpg\" \/>\n\t<meta property=\"og:image:width\" content=\"848\" \/>\n\t<meta property=\"og:image:height\" content=\"477\" \/>\n\t<meta property=\"og:image:type\" content=\"image\/jpeg\" \/>\n<meta name=\"author\" content=\"websitemix\" \/>\n<meta name=\"twitter:card\" content=\"summary_large_image\" \/>\n<meta name=\"twitter:label1\" content=\"Escrito por\" \/>\n\t<meta name=\"twitter:data1\" content=\"websitemix\" \/>\n\t<meta name=\"twitter:label2\" content=\"Est. tempo de leitura\" \/>\n\t<meta name=\"twitter:data2\" content=\"1 minuto\" \/>\n<script type=\"application\/ld+json\" class=\"yoast-schema-graph\">{\"@context\":\"https:\/\/schema.org\",\"@graph\":[{\"@type\":\"Article\",\"@id\":\"https:\/\/blogdosrsiape.net\/aprovado-reajuste-de-9-para-servidores-e-empregados-do-poder-executivo\/#article\",\"isPartOf\":{\"@id\":\"https:\/\/blogdosrsiape.net\/aprovado-reajuste-de-9-para-servidores-e-empregados-do-poder-executivo\/\"},\"author\":{\"name\":\"websitemix\",\"@id\":\"https:\/\/blogdosrsiape.com\/#\/schema\/person\/641e1af8b22c69725a1d604fb8959bcf\"},\"headline\":\"Aprovado reajuste de 9% para Servidores e Empregados do poder executivo\",\"datePublished\":\"2023-09-19T12:26:03+00:00\",\"dateModified\":\"2023-09-19T12:53:54+00:00\",\"mainEntityOfPage\":{\"@id\":\"https:\/\/blogdosrsiape.net\/aprovado-reajuste-de-9-para-servidores-e-empregados-do-poder-executivo\/\"},\"wordCount\":218,\"commentCount\":0,\"publisher\":{\"@id\":\"https:\/\/blogdosrsiape.com\/#organization\"},\"image\":{\"@id\":\"https:\/\/blogdosrsiape.net\/aprovado-reajuste-de-9-para-servidores-e-empregados-do-poder-executivo\/#primaryimage\"},\"thumbnailUrl\":\"https:\/\/11ponto11servidor.com.br\/blogsrsiape\/wp-content\/uploads\/sites\/2\/2023\/09\/congresso.jpg\",\"articleSection\":[\"Geral\",\"Reajuste\"],\"inLanguage\":\"pt-BR\",\"potentialAction\":[{\"@type\":\"CommentAction\",\"name\":\"Comment\",\"target\":[\"https:\/\/blogdosrsiape.net\/aprovado-reajuste-de-9-para-servidores-e-empregados-do-poder-executivo\/#respond\"]}]},{\"@type\":\"WebPage\",\"@id\":\"https:\/\/blogdosrsiape.net\/aprovado-reajuste-de-9-para-servidores-e-empregados-do-poder-executivo\/\",\"url\":\"https:\/\/blogdosrsiape.net\/aprovado-reajuste-de-9-para-servidores-e-empregados-do-poder-executivo\/\",\"name\":\"Aprovado reajuste de 9% para Servidores e Empregados do poder executivo - Blog do Sr. SIAPE\",\"isPartOf\":{\"@id\":\"https:\/\/blogdosrsiape.com\/#website\"},\"primaryImageOfPage\":{\"@id\":\"https:\/\/blogdosrsiape.net\/aprovado-reajuste-de-9-para-servidores-e-empregados-do-poder-executivo\/#primaryimage\"},\"image\":{\"@id\":\"https:\/\/blogdosrsiape.net\/aprovado-reajuste-de-9-para-servidores-e-empregados-do-poder-executivo\/#primaryimage\"},\"thumbnailUrl\":\"https:\/\/11ponto11servidor.com.br\/blogsrsiape\/wp-content\/uploads\/sites\/2\/2023\/09\/congresso.jpg\",\"datePublished\":\"2023-09-19T12:26:03+00:00\",\"dateModified\":\"2023-09-19T12:53:54+00:00\",\"breadcrumb\":{\"@id\":\"https:\/\/blogdosrsiape.net\/aprovado-reajuste-de-9-para-servidores-e-empregados-do-poder-executivo\/#breadcrumb\"},\"inLanguage\":\"pt-BR\",\"potentialAction\":[{\"@type\":\"ReadAction\",\"target\":[\"https:\/\/blogdosrsiape.net\/aprovado-reajuste-de-9-para-servidores-e-empregados-do-poder-executivo\/\"]}]},{\"@type\":\"ImageObject\",\"inLanguage\":\"pt-BR\",\"@id\":\"https:\/\/blogdosrsiape.net\/aprovado-reajuste-de-9-para-servidores-e-empregados-do-poder-executivo\/#primaryimage\",\"url\":\"https:\/\/11ponto11servidor.com.br\/blogsrsiape\/wp-content\/uploads\/sites\/2\/2023\/09\/congresso.jpg\",\"contentUrl\":\"https:\/\/11ponto11servidor.com.br\/blogsrsiape\/wp-content\/uploads\/sites\/2\/2023\/09\/congresso.jpg\",\"width\":848,\"height\":477,\"caption\":\"A C\u00e2mara dos Deputados retomou vota\u00e7\u00e3o da PEC das bondades, depois que o presidente da Casa Arthur Lira (PP-AL) fez um novo ato da Mesa da C\u00e2mara liberando a vota\u00e7\u00e3o 100% remota. A vota\u00e7\u00e3o em 2\u00b0 turno foi suspensa na noite de 3\u00aa feira (12.jul) depois de uma falha no sistema de contagem de votos. | S\u00e9rgio Lima\/Poder360 13.jul.2022\"},{\"@type\":\"BreadcrumbList\",\"@id\":\"https:\/\/blogdosrsiape.net\/aprovado-reajuste-de-9-para-servidores-e-empregados-do-poder-executivo\/#breadcrumb\",\"itemListElement\":[{\"@type\":\"ListItem\",\"position\":1,\"name\":\"In\u00edcio\",\"item\":\"https:\/\/blogdosrsiape.com\/\"},{\"@type\":\"ListItem\",\"position\":2,\"name\":\"Aprovado reajuste de 9% para Servidores e Empregados do poder executivo\"}]},{\"@type\":\"WebSite\",\"@id\":\"https:\/\/blogdosrsiape.com\/#website\",\"url\":\"https:\/\/blogdosrsiape.com\/\",\"name\":\"Blog do sr. SIAPE\",\"description\":\"SIAPE Servidor Federal\",\"publisher\":{\"@id\":\"https:\/\/blogdosrsiape.com\/#organization\"},\"potentialAction\":[{\"@type\":\"SearchAction\",\"target\":{\"@type\":\"EntryPoint\",\"urlTemplate\":\"https:\/\/blogdosrsiape.com\/?s={search_term_string}\"},\"query-input\":{\"@type\":\"PropertyValueSpecification\",\"valueRequired\":true,\"valueName\":\"search_term_string\"}}],\"inLanguage\":\"pt-BR\"},{\"@type\":\"Organization\",\"@id\":\"https:\/\/blogdosrsiape.com\/#organization\",\"name\":\"Blog do sr. SIAPE\",\"url\":\"https:\/\/blogdosrsiape.com\/\",\"logo\":{\"@type\":\"ImageObject\",\"inLanguage\":\"pt-BR\",\"@id\":\"https:\/\/blogdosrsiape.com\/#\/schema\/logo\/image\/\",\"url\":\"https:\/\/11ponto11servidor.com.br\/blogsrsiape\/wp-content\/uploads\/sites\/2\/2024\/10\/logo-1.png\",\"contentUrl\":\"https:\/\/11ponto11servidor.com.br\/blogsrsiape\/wp-content\/uploads\/sites\/2\/2024\/10\/logo-1.png\",\"width\":287,\"height\":116,\"caption\":\"Blog do sr. SIAPE\"},\"image\":{\"@id\":\"https:\/\/blogdosrsiape.com\/#\/schema\/logo\/image\/\"},\"sameAs\":[\"https:\/\/www.facebook.com\/blogsrsiape\/?locale=pt_BR\",\"https:\/\/www.instagram.com\/srsiape\/\"]},{\"@type\":\"Person\",\"@id\":\"https:\/\/blogdosrsiape.com\/#\/schema\/person\/641e1af8b22c69725a1d604fb8959bcf\",\"name\":\"websitemix\",\"sameAs\":[\"https:\/\/11ponto11servidor.com.br\"],\"url\":\"https:\/\/11ponto11servidor.com.br\/blogsrsiape\/author\/websitemix\/\"}]}<\/script>\n<!-- \/ Yoast SEO plugin. -->","yoast_head_json":{"title":"Aprovado reajuste de 9% para Servidores e Empregados do poder executivo - Blog do Sr. SIAPE","robots":{"index":"index","follow":"follow","max-snippet":"max-snippet:-1","max-image-preview":"max-image-preview:large","max-video-preview":"max-video-preview:-1"},"canonical":"https:\/\/blogdosrsiape.net\/aprovado-reajuste-de-9-para-servidores-e-empregados-do-poder-executivo\/","og_locale":"pt_BR","og_type":"article","og_title":"Aprovado reajuste de 9% para Servidores e Empregados do poder executivo - Blog do Sr. SIAPE","og_description":"O presidente da Rep\u00fablica, Luiz In\u00e1cio Lula da Silva, aprovou a Lei 1673 de 2023, concedendo reajuste de 9% a todos os servidores civis federais do poder executivo, \u00f3rg\u00e3os e institui\u00e7\u00f5es autorit\u00e1rias, inclusive incluindo aposentados e pensionistas com igualdade de direitos. Essa regulamenta\u00e7\u00e3o foi publicada no Di\u00e1rio Oficial da Uni\u00e3o nesta sexta-feira (15). Essa lei...","og_url":"https:\/\/blogdosrsiape.net\/aprovado-reajuste-de-9-para-servidores-e-empregados-do-poder-executivo\/","og_site_name":"Blog do Sr. SIAPE","article_publisher":"https:\/\/www.facebook.com\/blogsrsiape\/?locale=pt_BR","article_published_time":"2023-09-19T12:26:03+00:00","article_modified_time":"2023-09-19T12:53:54+00:00","og_image":[{"width":848,"height":477,"url":"https:\/\/11ponto11servidor.com.br\/blogsrsiape\/wp-content\/uploads\/sites\/2\/2023\/09\/congresso.jpg","type":"image\/jpeg"}],"author":"websitemix","twitter_card":"summary_large_image","twitter_misc":{"Escrito por":"websitemix","Est. tempo de leitura":"1 minuto"},"schema":{"@context":"https:\/\/schema.org","@graph":[{"@type":"Article","@id":"https:\/\/blogdosrsiape.net\/aprovado-reajuste-de-9-para-servidores-e-empregados-do-poder-executivo\/#article","isPartOf":{"@id":"https:\/\/blogdosrsiape.net\/aprovado-reajuste-de-9-para-servidores-e-empregados-do-poder-executivo\/"},"author":{"name":"websitemix","@id":"https:\/\/blogdosrsiape.com\/#\/schema\/person\/641e1af8b22c69725a1d604fb8959bcf"},"headline":"Aprovado reajuste de 9% para Servidores e Empregados do poder executivo","datePublished":"2023-09-19T12:26:03+00:00","dateModified":"2023-09-19T12:53:54+00:00","mainEntityOfPage":{"@id":"https:\/\/blogdosrsiape.net\/aprovado-reajuste-de-9-para-servidores-e-empregados-do-poder-executivo\/"},"wordCount":218,"commentCount":0,"publisher":{"@id":"https:\/\/blogdosrsiape.com\/#organization"},"image":{"@id":"https:\/\/blogdosrsiape.net\/aprovado-reajuste-de-9-para-servidores-e-empregados-do-poder-executivo\/#primaryimage"},"thumbnailUrl":"https:\/\/11ponto11servidor.com.br\/blogsrsiape\/wp-content\/uploads\/sites\/2\/2023\/09\/congresso.jpg","articleSection":["Geral","Reajuste"],"inLanguage":"pt-BR","potentialAction":[{"@type":"CommentAction","name":"Comment","target":["https:\/\/blogdosrsiape.net\/aprovado-reajuste-de-9-para-servidores-e-empregados-do-poder-executivo\/#respond"]}]},{"@type":"WebPage","@id":"https:\/\/blogdosrsiape.net\/aprovado-reajuste-de-9-para-servidores-e-empregados-do-poder-executivo\/","url":"https:\/\/blogdosrsiape.net\/aprovado-reajuste-de-9-para-servidores-e-empregados-do-poder-executivo\/","name":"Aprovado reajuste de 9% para Servidores e Empregados do poder executivo - Blog do Sr. SIAPE","isPartOf":{"@id":"https:\/\/blogdosrsiape.com\/#website"},"primaryImageOfPage":{"@id":"https:\/\/blogdosrsiape.net\/aprovado-reajuste-de-9-para-servidores-e-empregados-do-poder-executivo\/#primaryimage"},"image":{"@id":"https:\/\/blogdosrsiape.net\/aprovado-reajuste-de-9-para-servidores-e-empregados-do-poder-executivo\/#primaryimage"},"thumbnailUrl":"https:\/\/11ponto11servidor.com.br\/blogsrsiape\/wp-content\/uploads\/sites\/2\/2023\/09\/congresso.jpg","datePublished":"2023-09-19T12:26:03+00:00","dateModified":"2023-09-19T12:53:54+00:00","breadcrumb":{"@id":"https:\/\/blogdosrsiape.net\/aprovado-reajuste-de-9-para-servidores-e-empregados-do-poder-executivo\/#breadcrumb"},"inLanguage":"pt-BR","potentialAction":[{"@type":"ReadAction","target":["https:\/\/blogdosrsiape.net\/aprovado-reajuste-de-9-para-servidores-e-empregados-do-poder-executivo\/"]}]},{"@type":"ImageObject","inLanguage":"pt-BR","@id":"https:\/\/blogdosrsiape.net\/aprovado-reajuste-de-9-para-servidores-e-empregados-do-poder-executivo\/#primaryimage","url":"https:\/\/11ponto11servidor.com.br\/blogsrsiape\/wp-content\/uploads\/sites\/2\/2023\/09\/congresso.jpg","contentUrl":"https:\/\/11ponto11servidor.com.br\/blogsrsiape\/wp-content\/uploads\/sites\/2\/2023\/09\/congresso.jpg","width":848,"height":477,"caption":"A C\u00e2mara dos Deputados retomou vota\u00e7\u00e3o da PEC das bondades, depois que o presidente da Casa Arthur Lira (PP-AL) fez um novo ato da Mesa da C\u00e2mara liberando a vota\u00e7\u00e3o 100% remota. A vota\u00e7\u00e3o em 2\u00b0 turno foi suspensa na noite de 3\u00aa feira (12.jul) depois de uma falha no sistema de contagem de votos. | S\u00e9rgio Lima\/Poder360 13.jul.2022"},{"@type":"BreadcrumbList","@id":"https:\/\/blogdosrsiape.net\/aprovado-reajuste-de-9-para-servidores-e-empregados-do-poder-executivo\/#breadcrumb","itemListElement":[{"@type":"ListItem","position":1,"name":"In\u00edcio","item":"https:\/\/blogdosrsiape.com\/"},{"@type":"ListItem","position":2,"name":"Aprovado reajuste de 9% para Servidores e Empregados do poder executivo"}]},{"@type":"WebSite","@id":"https:\/\/blogdosrsiape.com\/#website","url":"https:\/\/blogdosrsiape.com\/","name":"Blog do sr. SIAPE","description":"SIAPE Servidor Federal","publisher":{"@id":"https:\/\/blogdosrsiape.com\/#organization"},"potentialAction":[{"@type":"SearchAction","target":{"@type":"EntryPoint","urlTemplate":"https:\/\/blogdosrsiape.com\/?s={search_term_string}"},"query-input":{"@type":"PropertyValueSpecification","valueRequired":true,"valueName":"search_term_string"}}],"inLanguage":"pt-BR"},{"@type":"Organization","@id":"https:\/\/blogdosrsiape.com\/#organization","name":"Blog do sr. SIAPE","url":"https:\/\/blogdosrsiape.com\/","logo":{"@type":"ImageObject","inLanguage":"pt-BR","@id":"https:\/\/blogdosrsiape.com\/#\/schema\/logo\/image\/","url":"https:\/\/11ponto11servidor.com.br\/blogsrsiape\/wp-content\/uploads\/sites\/2\/2024\/10\/logo-1.png","contentUrl":"https:\/\/11ponto11servidor.com.br\/blogsrsiape\/wp-content\/uploads\/sites\/2\/2024\/10\/logo-1.png","width":287,"height":116,"caption":"Blog do sr. SIAPE"},"image":{"@id":"https:\/\/blogdosrsiape.com\/#\/schema\/logo\/image\/"},"sameAs":["https:\/\/www.facebook.com\/blogsrsiape\/?locale=pt_BR","https:\/\/www.instagram.com\/srsiape\/"]},{"@type":"Person","@id":"https:\/\/blogdosrsiape.com\/#\/schema\/person\/641e1af8b22c69725a1d604fb8959bcf","name":"websitemix","sameAs":["https:\/\/11ponto11servidor.com.br"],"url":"https:\/\/11ponto11servidor.com.br\/blogsrsiape\/author\/websitemix\/"}]}},"_links":{"self":[{"href":"https:\/\/11ponto11servidor.com.br\/blogsrsiape\/wp-json\/wp\/v2\/posts\/13865"}],"collection":[{"href":"https:\/\/11ponto11servidor.com.br\/blogsrsiape\/wp-json\/wp\/v2\/posts"}],"about":[{"href":"https:\/\/11ponto11servidor.com.br\/blogsrsiape\/wp-json\/wp\/v2\/types\/post"}],"author":[{"embeddable":true,"href":"https:\/\/11ponto11servidor.com.br\/blogsrsiape\/wp-json\/wp\/v2\/users\/1"}],"replies":[{"embeddable":true,"href":"https:\/\/11ponto11servidor.com.br\/blogsrsiape\/wp-json\/wp\/v2\/comments?post=13865"}],"version-history":[{"count":3,"href":"https:\/\/11ponto11servidor.com.br\/blogsrsiape\/wp-json\/wp\/v2\/posts\/13865\/revisions"}],"predecessor-version":[{"id":13871,"href":"https:\/\/11ponto11servidor.com.br\/blogsrsiape\/wp-json\/wp\/v2\/posts\/13865\/revisions\/13871"}],"wp:featuredmedia":[{"embeddable":true,"href":"https:\/\/11ponto11servidor.com.br\/blogsrsiape\/wp-json\/wp\/v2\/media\/13867"}],"wp:attachment":[{"href":"https:\/\/11ponto11servidor.com.br\/blogsrsiape\/wp-json\/wp\/v2\/media?parent=13865"}],"wp:term":[{"taxonomy":"category","embeddable":true,"href":"https:\/\/11ponto11servidor.com.br\/blogsrsiape\/wp-json\/wp\/v2\/categories?post=13865"},{"taxonomy":"post_tag","embeddable":true,"href":"https:\/\/11ponto11servidor.com.br\/blogsrsiape\/wp-json\/wp\/v2\/tags?post=13865"}],"curies":[{"name":"wp","href":"https:\/\/api.w.org\/{rel}","templated":true}]}}