{"id":1392,"date":"2015-10-20T21:51:08","date_gmt":"2015-10-20T21:51:08","guid":{"rendered":"http:\/\/www.blogdosrsiape.net\/?p=1392"},"modified":"2022-04-26T17:19:51","modified_gmt":"2022-04-26T20:19:51","slug":"ans-decide-intervir-na-geap-mas-nao-age","status":"publish","type":"post","link":"https:\/\/11ponto11servidor.com.br\/blogsrsiape\/ans-decide-intervir-na-geap-mas-nao-age\/","title":{"rendered":"ANS decide intervir na Geap, mas n\u00e3o age"},"content":{"rendered":"<p>Suspeita \u00e9 de que delibera\u00e7\u00e3o de instaurar novo regime especial de dire\u00e7\u00e3o fiscal no conv\u00eanio <span style=\"color: #ff0000;\">n\u00e3o<\/span> tenha sido publicada no <strong><span style=\"color: #0000ff;\">Di\u00e1rio Oficial da Uni\u00e3o<\/span><\/strong>\u00a0por inger\u00eancia do governo. Inten\u00e7\u00e3o de transformar o \u00f3rg\u00e3o no plano de sa\u00fade de todos os servidores foi frustrada pelo STF<\/p>\n<p><a ref=\"magnificPopup\" href=\"http:\/\/www.blogdosrsiape.net\/wp-content\/uploads\/2015\/10\/ANS-suspende-mais-150-planos-de-sa\u00fade.jpg\"><img loading=\"lazy\" decoding=\"async\" class=\"alignnone size-medium wp-image-1393\" src=\"http:\/\/www.blogdosrsiape.net\/wp-content\/uploads\/2015\/10\/ANS-suspende-mais-150-planos-de-sa\u00fade-300x200.jpg\" alt=\"ANS-suspende-mais-150-planos-de-sa\u00fade\" width=\"300\" height=\"200\" \/><\/a><\/p>\n<p>A diretoria colegiada da <strong><span style=\"color: #0000ff;\">Ag\u00eancia Nacional de Sa\u00fade Suplementar (ANS)<\/span> <\/strong>decidiu, por unanimidade, <span style=\"text-decoration: underline; color: #ff0000;\"><strong>instaurar um regime especial de dire\u00e7\u00e3o fiscal na Geap, a operadora de planos de sa\u00fade dos Servidores P\u00fablicos Federais.<\/strong><\/span> Esse processo ocorre quando uma empresa tem problemas financeiros e a reguladora nomeia um diretor para executar os trabalhos de saneamento de um poss\u00edvel deficit.\u00a0 Entretanto, a delibera\u00e7\u00e3o, registrada na ata da 427\u00aa reuni\u00e3o do colegiado, realizada em 18 de agosto de 2015, sequer foi publicada no Di\u00e1rio Oficial da Uni\u00e3o (<strong><span style=\"color: #0000ff;\">D.O.U<\/span><\/strong>.).<\/p>\n<p>Na pr\u00e1tica, ap\u00f3s dois meses e dois dias, a decis\u00e3o da reguladora n\u00e3o teve qualquer efeito. Isso porque o diretor-presidente da ANS, <span style=\"color: #0000ff;\"><strong>Jos\u00e9 Carlos de Souza Abrah\u00e3o<\/strong><\/span>, precisa publicar a resolu\u00e7\u00e3o operacional no DOU. A delibera\u00e7\u00e3o foi tomada, por unanimidade, pela diretoria colegiada. Suspeita-se que tenha havido interfer\u00eancia do governo para que a\u00a0 decis\u00e3o n\u00e3o viesse a p\u00fablico.<\/p>\n<p>Na ata dispon\u00edvel no site da reguladora, consta o nome do diretor fiscal escolhido para o trabalho na Geap: <strong><span style=\"color: #0000ff;\">Jaime de Carvalho Leite<\/span><\/strong>. Essa ser\u00e1 a segunda dire\u00e7\u00e3o fiscal instaurada na Geap em menos de dois anos. Entretanto, a reguladora n\u00e3o esclareceu quando publicar\u00e1 a resolu\u00e7\u00e3o. Em 18 de outubro de 2013, a reguladora autorizou o fim de um processo semelhante, iniciado em mar\u00e7o daquele ano, para cobrir um rombo de quase R$ 300 milh\u00f5es nos cofres da operadora.<\/p>\n<p>O processo que levou a ANS a decidir pela instaura\u00e7\u00e3o de novo processo de dire\u00e7\u00e3o fiscal \u00e9 o n\u00b0 33902.789287\/2013-21. Antes de decretar interven\u00e7\u00e3o na Geap, consta na ata da 423\u00aa reuni\u00e3o do colegiado, de 24 de junho de 2015, que a reguladora deu um prazo de 30 dias para a operadora regularizar definitivamente &#8220;todas as anormalidades ainda existentes&#8221;.<\/p>\n<p>Segundo a ANS, Geap n\u00e3o cumpriu o programa de saneamento pactuado no \u00faltimo regime de dire\u00e7\u00e3o fiscal. Entretanto, eles n\u00e3o detalharam se h\u00e1 rombo nas contas da operadora. A reguladora detalhou que a dire\u00e7\u00e3o fiscal \u00e9 instaurada para que o conv\u00eanio recupere a condi\u00e7\u00e3o de equil\u00edbrio econ\u00f4mico-financeiro, por meio da constitui\u00e7\u00e3o de garantias financeiras (<strong><span style=\"color: #0000ff;\">provis\u00f5es t\u00e9cnicas, ativos garantidores e recursos pr\u00f3prios m\u00ednimos<\/span><\/strong>). Eles ainda afirmaram que &#8220;penalidade&#8221; pelo n\u00e3o cumprimento do programa \u00e9 nova instaura\u00e7\u00e3o de regime especial de dire\u00e7\u00e3o fiscal. O rito est\u00e1 descrito na <span style=\"color: #0000ff;\"><strong>Resolu\u00e7\u00e3o Normativa n\u00ba 316, de 30 de novembro 2012<\/strong><\/span>.<\/p>\n<p>Apesar da ANS n\u00e3o detalhar quais foram os problemas identificados na Geap, o balan\u00e7o da operadora mostra que a empresa iniciou 2014 com R$ 21 milh\u00f5es em caixa e terminou dezembro com apenas R$ 62 mil. A varia\u00e7\u00e3o do <span style=\"text-decoration: underline; color: #ff0000;\">fluxo de caixa foi negativa em mais de R$ 20 milh\u00f5es<\/span>. No ano passado, a entidade administrou um or\u00e7amento de R$ 2,7 bilh\u00f5es.<\/p>\n<p>Em 2015, a Geap sofreu um duro golpe ap\u00f3s o Supremo Tribunal Federal (STF) decidir tornar sem efeito o decreto que autoriza todos os \u00f3rg\u00e3os da administra\u00e7\u00e3o p\u00fablica federal a celebrar conv\u00eanios com a operadora. Delibera\u00e7\u00e3o semelhante foi tomada pelo Tribunal de Contas da Uni\u00e3o (TCU). Na pr\u00e1tica, somente servidores oriundos dos patrocinadores originais podem aderir ao plano de sa\u00fade e os dependentes daqueles que j\u00e1 s\u00e3o conveniados. (Veja mat\u00e9ria ao lado)<\/p>\n<p>Procurada, a Geap afirmou que n\u00e3o est\u00e1 sob processo de dire\u00e7\u00e3o fiscal e n\u00e3o foi notificada a respeito de qualquer decis\u00e3o da ANS neste sentido. A operadora ainda detalhou que nos \u00faltimos dois anos passou por mudan\u00e7as estruturais, administrativas e de gest\u00e3o que repercutiram diretamente na recupera\u00e7\u00e3o do equil\u00edbrio econ\u00f4mico-financeiro da operadora, na amplia\u00e7\u00e3o da rede credenciada e na melhoria dos indicadores de aten\u00e7\u00e3o \u00e0 sa\u00fade dos benefici\u00e1rios. Eles afirmaram que o balan\u00e7o de 2014 foi avalizado sem ressalvas por uma auditoria externa e aprovado nos Conselhos de Administra\u00e7\u00e3o e Fiscal da operadora.<\/p>\n<p><span style=\"text-decoration: underline;\"><span style=\"color: #0000ff;\"><strong>Inger\u00eancia<\/strong><\/span><\/span><\/p>\n<p>O crescimento da Geap, sem se submeter a licita\u00e7\u00f5es p\u00fablicas, foi orquestrado pelo ent\u00e3o ministro da Casa Civil <strong><span style=\"color: #0000ff;\">Jos\u00e9 Dirceu<\/span><\/strong>, no in\u00edcio de 2004. Ele instituiu um grupo de trabalho em 16 de janeiro daquele ano, para propor a separa\u00e7\u00e3o das opera\u00e7\u00f5es da Geap, que administrava tamb\u00e9m pec\u00falio de aposentados, e criar uma funda\u00e7\u00e3o para gerir exclusivamente os planos de sa\u00fade dos servidores federais do Executivo.<\/p>\n<p>Em 4 de fevereiro, o ent\u00e3o presidente <strong><span style=\"color: #0000ff;\">Luiz In\u00e1cio Lula da Silva<\/span><\/strong> <span style=\"text-decoration: underline; color: #ff0000;\"><em>editou um decreto prevendo o monop\u00f3lio da Geap na administra\u00e7\u00e3o dos conv\u00eanios m\u00e9dicos da categoria<\/em><\/span>. Ap\u00f3s ser bombardeado, <span style=\"text-decoration: underline; color: #0000ff;\">modificou o decreto e incluiu a possibilidade de contratos com outras operadoras<\/span>. Com isso, a Geap se limitou a angariar os chamados servidores que ganham menos, que est\u00e3o na \u00e1rea meio e de atendimento ao p\u00fablico, como os agentes administrativos.<\/p>\n<p>A elite do Executivo, como auditores, agentes e delegados da Pol\u00edcia Federal e advogados p\u00fablicos, preferem ter planos com outras operadoras. A Geap tem uma gest\u00e3o compartilhada entre Servidores e Governo. Cada um indica tr\u00eas dos seis conselheiros deliberativos. O problema \u00e9 que o Executivo tem o voto de minerva.<\/p>\n<p><span style=\"text-decoration: underline;\"><span style=\"color: #0000ff;\"><strong>Politicagem<\/strong><\/span><\/span><\/p>\n<p>O processo de indica\u00e7\u00f5es pol\u00edticas para ocupar as diretorias t\u00e9cnicas na Geap sempre existiu. Entre 2008 e 2012, o conv\u00eanio ficou nas m\u00e3os do secret\u00e1rio Nacional Previd\u00eancia do Minist\u00e9rio do Trabalho e Previd\u00eancia Social,<strong><span style=\"color: #0000ff;\"> Carlos Eduardo Gabas<\/span><\/strong>, que \u00e9 muito pr\u00f3ximo da presidente <strong><span style=\"color: #0000ff;\">Dilma Rousseff.<\/span><\/strong> Gabas ainda exercia influ\u00eancia sobre os presidentes do Conselho Deliberativo da Geap, que eram servidores do <strong><span style=\"color: #0000ff;\">INSS<\/span><\/strong> ou da <strong><span style=\"color: #0000ff;\">Dataprev<\/span><\/strong> e indicados por ele.<br \/>\n<span style=\"text-decoration: underline;\"><span style=\"color: #0000ff;\"><strong>Ades\u00f5es proibidas<\/strong><\/span><\/span><\/p>\n<p>Parcela significativa dos Servidores Federais se encontra em um dilema. N\u00e3o consegue se filiar \u00e0 Geap, principal operadora do plano de sa\u00fade do funcionalismo \u2014 com mensalidades entre R$ 102,25 e R$ 587,68 \u2014 nem aderir a planos particulares com desembolsos mensais mais altos. Por decis\u00e3o do Supremo Tribunal Federal (<span style=\"color: #0000ff;\"><strong>STF<\/strong><\/span>), o conv\u00eanio est\u00e1 proibido de aceitar novas ades\u00f5es.<\/p>\n<p>A pol\u00eamica em torno da Geap come\u00e7ou em 2013. O governo criou um superplano para servidores, por meio do Conv\u00eanio \u00danico entre a Geap Autogest\u00e3o em Sa\u00fade e o Minist\u00e9rio do Planejamento (<strong><span style=\"color: #0000ff;\">MPOG<\/span><\/strong>), sem licita\u00e7\u00e3o, dando ao Executivo o poder de administrar or\u00e7amento de R$ 2,4 bilh\u00f5es (2014), sem prestar contas ao Tribunal de Contas da Uni\u00e3o (<span style=\"color: #0000ff;\"><strong>TCU<\/strong><\/span>).<\/p>\n<p>Ap\u00f3s uma guerra na Justi\u00e7a, o STF concluiu que Geap deveria manter a estrutura original e atender os servidores de renda mais baixa, de quatro \u00f3rg\u00e3os federais: <strong>Minist\u00e9rios da Previd\u00eancia e Sa\u00fade, INSS e Dataprev.<\/strong> O governo ainda tentou argumentar que a Geap n\u00e3o tem fins lucrativos e que o contrato tem especificidades que permitem dispensar licita\u00e7\u00e3o. Mas n\u00e3o houve jeito. O acordo firmado com a Uni\u00e3o, em 2013, est\u00e1 suspenso para entrada de novos titulares.<\/p>\n<p>\u201cO Conv\u00eanio \u00danico permitia que todos os \u00f3rg\u00e3os da administra\u00e7\u00e3o p\u00fablica federal direta, autarquias e funda\u00e7\u00f5es firmassem conv\u00eanios com a Geap para oferecer assist\u00eancia \u00e0 sa\u00fade dos Servidores P\u00fablicos Federais\u201d, informou a Geap. De acordo com o Minist\u00e9rio do Planejamento, como as decis\u00f5es n\u00e3o s\u00e3o conclusivas, as novas ades\u00f5es est\u00e3o suspensas, n\u00e3o est\u00e3o canceladas. \u201cExiste a op\u00e7\u00e3o de ades\u00e3o a planos de sa\u00fade coletivos, por meio de associa\u00e7\u00f5es ou sindicatos de classe. O servidor tamb\u00e9m pode aderir a um plano de sa\u00fade particular e solicitar ressarcimento parcial das mensalidades, no \u00f3rg\u00e3o de lota\u00e7\u00e3o\u201d, informou.<\/p>\n<p>Para o vice-presidente executivo da Associa\u00e7\u00e3o Nacional dos Servidores da Previd\u00eancia e da Seguridade Social (<span style=\"color: #0000ff;\"><strong>Anasps<\/strong><\/span>), <span style=\"color: #0000ff;\"><strong>Paulo C\u00e9sar Regis de Souza<\/strong><\/span>, o problema da Geap \u00e9 a m\u00e1 gest\u00e3o e n\u00e3o falta de recursos. As despesas administrativas s\u00e3o muito altas: de 10,05%, em 2010; 11,08%, em 2011; 9,68%, em 2012, e 9,81%, em 2013, denunciou. De acordo com a Geap, o percentual est\u00e1 abaixo do observado no mercado, \u201cem que o gasto administrativo representa em torno 15% das receitas\u201d.<\/p>\n<p>Para a advogada Maria In\u00eas Dolci, coordenadora Institucional da Proteste, \u201cgoverno, Geap e STF precisam rever a situa\u00e7\u00e3o. N\u00e3o \u00e9 poss\u00edvel deixar idosos completamente descobertos\u201d. Ela adverte que o n\u00famero alto de pessoas desprotegidas, que precisa de acompanhamento, vai aumentar as despesas do Sistema \u00danico de Sa\u00fade (SUS). Economia de um lado, preju\u00edzo do outro.\u201d<\/p>\n<p>&nbsp;<\/p>\n<p><strong><span style=\"text-decoration: underline;\">Fontes:<\/span> \u00a0<span style=\"color: #0000ff;\">Geap \/ Correio Braziliense \/ Terra<\/span><\/strong><\/p>\n<p>&nbsp;<\/p>\n<p><a ref=\"magnificPopup\" href=\"http:\/\/www.blogdosrsiape.net\/wp-content\/uploads\/2015\/06\/shutterstock_167248031.jpg\"><img loading=\"lazy\" decoding=\"async\" class=\"alignnone size-medium wp-image-699\" src=\"http:\/\/www.blogdosrsiape.net\/wp-content\/uploads\/2015\/06\/shutterstock_167248031-210x300.jpg\" alt=\"shutterstock_167248031\" width=\"210\" height=\"300\" \/><\/a><\/p>\n<p>&nbsp;<\/p>\n","protected":false},"excerpt":{"rendered":"<p>Suspeita \u00e9 de que delibera\u00e7\u00e3o de instaurar novo regime especial de dire\u00e7\u00e3o fiscal no conv\u00eanio n\u00e3o tenha sido publicada no Di\u00e1rio Oficial da Uni\u00e3o\u00a0por inger\u00eancia do governo. Inten\u00e7\u00e3o de transformar o \u00f3rg\u00e3o no plano de sa\u00fade de todos os servidores foi frustrada pelo STF A diretoria colegiada da Ag\u00eancia Nacional de Sa\u00fade Suplementar (ANS) decidiu,&#8230;<\/p>\n","protected":false},"author":1,"featured_media":1394,"comment_status":"open","ping_status":"open","sticky":false,"template":"","format":"standard","meta":{"footnotes":""},"categories":[67],"tags":[115,141,188,265,445,711,730,777,785,1089,1230,1243,1292,1304,1305,1385,1570,1717,1811,1904,1931,2135,2245,2296],"class_list":["post-1392","post","type-post","status-publish","format-standard","has-post-thumbnail","hentry","category-saude","tag-adesoes-proibidas","tag-agencia-nacional-de-saude-suplementar-ans","tag-anasps","tag-ativos-garantidores","tag-carlos-eduardo-gabas","tag-d-o-u","tag-dataprev","tag-diario-oficial-da-uniao","tag-dilma-rousseff","tag-geap","tag-ingerencia","tag-inss","tag-jaime-de-carvalho-leite","tag-jose-carlos-de-souza-abrahao","tag-jose-dirceu","tag-luiz-inacio-lula-da-silva","tag-mpog","tag-paulo-cesar-regis-de-souza","tag-politicagem","tag-provisoes-tecnicas","tag-recursos-proprios-minimos","tag-servidores-publicos-federais","tag-stf","tag-tcu"],"yoast_head":"<!-- This site is optimized with the Yoast SEO plugin v23.6 - https:\/\/yoast.com\/wordpress\/plugins\/seo\/ -->\n<title>ANS decide intervir na Geap, mas n\u00e3o age - Blog do Sr. SIAPE<\/title>\n<meta name=\"robots\" content=\"index, follow, max-snippet:-1, max-image-preview:large, max-video-preview:-1\" \/>\n<link rel=\"canonical\" href=\"https:\/\/11ponto11servidor.com.br\/blogsrsiape\/ans-decide-intervir-na-geap-mas-nao-age\/\" \/>\n<meta property=\"og:locale\" content=\"pt_BR\" \/>\n<meta property=\"og:type\" content=\"article\" \/>\n<meta property=\"og:title\" content=\"ANS decide intervir na Geap, mas n\u00e3o age - Blog do Sr. SIAPE\" \/>\n<meta property=\"og:description\" content=\"Suspeita \u00e9 de que delibera\u00e7\u00e3o de instaurar novo regime especial de dire\u00e7\u00e3o fiscal no conv\u00eanio n\u00e3o tenha sido publicada no Di\u00e1rio Oficial da Uni\u00e3o\u00a0por inger\u00eancia do governo. Inten\u00e7\u00e3o de transformar o \u00f3rg\u00e3o no plano de sa\u00fade de todos os servidores foi frustrada pelo STF A diretoria colegiada da Ag\u00eancia Nacional de Sa\u00fade Suplementar (ANS) decidiu,...\" \/>\n<meta property=\"og:url\" content=\"https:\/\/11ponto11servidor.com.br\/blogsrsiape\/ans-decide-intervir-na-geap-mas-nao-age\/\" \/>\n<meta property=\"og:site_name\" content=\"Blog do Sr. SIAPE\" \/>\n<meta property=\"article:publisher\" content=\"https:\/\/www.facebook.com\/blogsrsiape\/?locale=pt_BR\" \/>\n<meta property=\"article:published_time\" content=\"2015-10-20T21:51:08+00:00\" \/>\n<meta property=\"article:modified_time\" content=\"2022-04-26T20:19:51+00:00\" \/>\n<meta property=\"og:image\" content=\"https:\/\/11ponto11servidor.com.br\/blogsrsiape\/wp-content\/uploads\/sites\/2\/2015\/10\/geap-encontre-seu-medico-2.jpg\" \/>\n\t<meta property=\"og:image:width\" content=\"300\" \/>\n\t<meta property=\"og:image:height\" content=\"225\" \/>\n\t<meta property=\"og:image:type\" content=\"image\/jpeg\" \/>\n<meta name=\"author\" content=\"websitemix\" \/>\n<meta name=\"twitter:card\" content=\"summary_large_image\" \/>\n<meta name=\"twitter:label1\" content=\"Escrito por\" \/>\n\t<meta name=\"twitter:data1\" content=\"websitemix\" \/>\n\t<meta name=\"twitter:label2\" content=\"Est. tempo de leitura\" \/>\n\t<meta name=\"twitter:data2\" content=\"7 minutos\" \/>\n<script type=\"application\/ld+json\" class=\"yoast-schema-graph\">{\"@context\":\"https:\/\/schema.org\",\"@graph\":[{\"@type\":\"Article\",\"@id\":\"https:\/\/11ponto11servidor.com.br\/blogsrsiape\/ans-decide-intervir-na-geap-mas-nao-age\/#article\",\"isPartOf\":{\"@id\":\"https:\/\/11ponto11servidor.com.br\/blogsrsiape\/ans-decide-intervir-na-geap-mas-nao-age\/\"},\"author\":{\"name\":\"websitemix\",\"@id\":\"https:\/\/blogdosrsiape.com\/#\/schema\/person\/641e1af8b22c69725a1d604fb8959bcf\"},\"headline\":\"ANS decide intervir na Geap, mas n\u00e3o age\",\"datePublished\":\"2015-10-20T21:51:08+00:00\",\"dateModified\":\"2022-04-26T20:19:51+00:00\",\"mainEntityOfPage\":{\"@id\":\"https:\/\/11ponto11servidor.com.br\/blogsrsiape\/ans-decide-intervir-na-geap-mas-nao-age\/\"},\"wordCount\":1483,\"commentCount\":0,\"publisher\":{\"@id\":\"https:\/\/blogdosrsiape.com\/#organization\"},\"image\":{\"@id\":\"https:\/\/11ponto11servidor.com.br\/blogsrsiape\/ans-decide-intervir-na-geap-mas-nao-age\/#primaryimage\"},\"thumbnailUrl\":\"https:\/\/11ponto11servidor.com.br\/blogsrsiape\/wp-content\/uploads\/sites\/2\/2015\/10\/geap-encontre-seu-medico-2.jpg\",\"keywords\":[\"Ades\u00f5es proibidas\",\"Ag\u00eancia Nacional de Sa\u00fade Suplementar (ANS)\",\"Anasps\",\"ativos garantidores\",\"Carlos Eduardo Gabas\",\"D.O.U.\",\"Dataprev\",\"Di\u00e1rio Oficial da Uni\u00e3o\",\"Dilma Rousseff\",\"GEAP\",\"Inger\u00eancia\",\"INSS\",\"Jaime de Carvalho Leite\",\"Jos\u00e9 Carlos de Souza Abrah\u00e3o\",\"Jos\u00e9 Dirceu\",\"Luiz In\u00e1cio Lula da Silva\",\"MPOG\",\"Paulo C\u00e9sar Regis de Souza\",\"Politicagem\",\"provis\u00f5es t\u00e9cnicas\",\"recursos pr\u00f3prios m\u00ednimos\",\"SERVIDORES P\u00daBLICOS FEDERAIS\",\"STF\",\"TCU\"],\"articleSection\":[\"Sa\u00fade\"],\"inLanguage\":\"pt-BR\",\"potentialAction\":[{\"@type\":\"CommentAction\",\"name\":\"Comment\",\"target\":[\"https:\/\/11ponto11servidor.com.br\/blogsrsiape\/ans-decide-intervir-na-geap-mas-nao-age\/#respond\"]}]},{\"@type\":\"WebPage\",\"@id\":\"https:\/\/11ponto11servidor.com.br\/blogsrsiape\/ans-decide-intervir-na-geap-mas-nao-age\/\",\"url\":\"https:\/\/11ponto11servidor.com.br\/blogsrsiape\/ans-decide-intervir-na-geap-mas-nao-age\/\",\"name\":\"ANS decide intervir na Geap, mas n\u00e3o age - Blog do Sr. SIAPE\",\"isPartOf\":{\"@id\":\"https:\/\/blogdosrsiape.com\/#website\"},\"primaryImageOfPage\":{\"@id\":\"https:\/\/11ponto11servidor.com.br\/blogsrsiape\/ans-decide-intervir-na-geap-mas-nao-age\/#primaryimage\"},\"image\":{\"@id\":\"https:\/\/11ponto11servidor.com.br\/blogsrsiape\/ans-decide-intervir-na-geap-mas-nao-age\/#primaryimage\"},\"thumbnailUrl\":\"https:\/\/11ponto11servidor.com.br\/blogsrsiape\/wp-content\/uploads\/sites\/2\/2015\/10\/geap-encontre-seu-medico-2.jpg\",\"datePublished\":\"2015-10-20T21:51:08+00:00\",\"dateModified\":\"2022-04-26T20:19:51+00:00\",\"breadcrumb\":{\"@id\":\"https:\/\/11ponto11servidor.com.br\/blogsrsiape\/ans-decide-intervir-na-geap-mas-nao-age\/#breadcrumb\"},\"inLanguage\":\"pt-BR\",\"potentialAction\":[{\"@type\":\"ReadAction\",\"target\":[\"https:\/\/11ponto11servidor.com.br\/blogsrsiape\/ans-decide-intervir-na-geap-mas-nao-age\/\"]}]},{\"@type\":\"ImageObject\",\"inLanguage\":\"pt-BR\",\"@id\":\"https:\/\/11ponto11servidor.com.br\/blogsrsiape\/ans-decide-intervir-na-geap-mas-nao-age\/#primaryimage\",\"url\":\"https:\/\/11ponto11servidor.com.br\/blogsrsiape\/wp-content\/uploads\/sites\/2\/2015\/10\/geap-encontre-seu-medico-2.jpg\",\"contentUrl\":\"https:\/\/11ponto11servidor.com.br\/blogsrsiape\/wp-content\/uploads\/sites\/2\/2015\/10\/geap-encontre-seu-medico-2.jpg\",\"width\":300,\"height\":225,\"caption\":\"Bomba\"},{\"@type\":\"BreadcrumbList\",\"@id\":\"https:\/\/11ponto11servidor.com.br\/blogsrsiape\/ans-decide-intervir-na-geap-mas-nao-age\/#breadcrumb\",\"itemListElement\":[{\"@type\":\"ListItem\",\"position\":1,\"name\":\"In\u00edcio\",\"item\":\"https:\/\/blogdosrsiape.com\/\"},{\"@type\":\"ListItem\",\"position\":2,\"name\":\"ANS decide intervir na Geap, mas n\u00e3o age\"}]},{\"@type\":\"WebSite\",\"@id\":\"https:\/\/blogdosrsiape.com\/#website\",\"url\":\"https:\/\/blogdosrsiape.com\/\",\"name\":\"Blog do sr. SIAPE\",\"description\":\"SIAPE Servidor Federal\",\"publisher\":{\"@id\":\"https:\/\/blogdosrsiape.com\/#organization\"},\"potentialAction\":[{\"@type\":\"SearchAction\",\"target\":{\"@type\":\"EntryPoint\",\"urlTemplate\":\"https:\/\/blogdosrsiape.com\/?s={search_term_string}\"},\"query-input\":{\"@type\":\"PropertyValueSpecification\",\"valueRequired\":true,\"valueName\":\"search_term_string\"}}],\"inLanguage\":\"pt-BR\"},{\"@type\":\"Organization\",\"@id\":\"https:\/\/blogdosrsiape.com\/#organization\",\"name\":\"Blog do sr. SIAPE\",\"url\":\"https:\/\/blogdosrsiape.com\/\",\"logo\":{\"@type\":\"ImageObject\",\"inLanguage\":\"pt-BR\",\"@id\":\"https:\/\/blogdosrsiape.com\/#\/schema\/logo\/image\/\",\"url\":\"https:\/\/11ponto11servidor.com.br\/blogsrsiape\/wp-content\/uploads\/sites\/2\/2024\/10\/logo-1.png\",\"contentUrl\":\"https:\/\/11ponto11servidor.com.br\/blogsrsiape\/wp-content\/uploads\/sites\/2\/2024\/10\/logo-1.png\",\"width\":287,\"height\":116,\"caption\":\"Blog do sr. SIAPE\"},\"image\":{\"@id\":\"https:\/\/blogdosrsiape.com\/#\/schema\/logo\/image\/\"},\"sameAs\":[\"https:\/\/www.facebook.com\/blogsrsiape\/?locale=pt_BR\",\"https:\/\/www.instagram.com\/srsiape\/\"]},{\"@type\":\"Person\",\"@id\":\"https:\/\/blogdosrsiape.com\/#\/schema\/person\/641e1af8b22c69725a1d604fb8959bcf\",\"name\":\"websitemix\",\"sameAs\":[\"https:\/\/11ponto11servidor.com.br\"],\"url\":\"https:\/\/11ponto11servidor.com.br\/blogsrsiape\/author\/websitemix\/\"}]}<\/script>\n<!-- \/ Yoast SEO plugin. -->","yoast_head_json":{"title":"ANS decide intervir na Geap, mas n\u00e3o age - Blog do Sr. SIAPE","robots":{"index":"index","follow":"follow","max-snippet":"max-snippet:-1","max-image-preview":"max-image-preview:large","max-video-preview":"max-video-preview:-1"},"canonical":"https:\/\/11ponto11servidor.com.br\/blogsrsiape\/ans-decide-intervir-na-geap-mas-nao-age\/","og_locale":"pt_BR","og_type":"article","og_title":"ANS decide intervir na Geap, mas n\u00e3o age - Blog do Sr. SIAPE","og_description":"Suspeita \u00e9 de que delibera\u00e7\u00e3o de instaurar novo regime especial de dire\u00e7\u00e3o fiscal no conv\u00eanio n\u00e3o tenha sido publicada no Di\u00e1rio Oficial da Uni\u00e3o\u00a0por inger\u00eancia do governo. Inten\u00e7\u00e3o de transformar o \u00f3rg\u00e3o no plano de sa\u00fade de todos os servidores foi frustrada pelo STF A diretoria colegiada da Ag\u00eancia Nacional de Sa\u00fade Suplementar (ANS) decidiu,...","og_url":"https:\/\/11ponto11servidor.com.br\/blogsrsiape\/ans-decide-intervir-na-geap-mas-nao-age\/","og_site_name":"Blog do Sr. SIAPE","article_publisher":"https:\/\/www.facebook.com\/blogsrsiape\/?locale=pt_BR","article_published_time":"2015-10-20T21:51:08+00:00","article_modified_time":"2022-04-26T20:19:51+00:00","og_image":[{"width":300,"height":225,"url":"https:\/\/11ponto11servidor.com.br\/blogsrsiape\/wp-content\/uploads\/sites\/2\/2015\/10\/geap-encontre-seu-medico-2.jpg","type":"image\/jpeg"}],"author":"websitemix","twitter_card":"summary_large_image","twitter_misc":{"Escrito por":"websitemix","Est. tempo de leitura":"7 minutos"},"schema":{"@context":"https:\/\/schema.org","@graph":[{"@type":"Article","@id":"https:\/\/11ponto11servidor.com.br\/blogsrsiape\/ans-decide-intervir-na-geap-mas-nao-age\/#article","isPartOf":{"@id":"https:\/\/11ponto11servidor.com.br\/blogsrsiape\/ans-decide-intervir-na-geap-mas-nao-age\/"},"author":{"name":"websitemix","@id":"https:\/\/blogdosrsiape.com\/#\/schema\/person\/641e1af8b22c69725a1d604fb8959bcf"},"headline":"ANS decide intervir na Geap, mas n\u00e3o age","datePublished":"2015-10-20T21:51:08+00:00","dateModified":"2022-04-26T20:19:51+00:00","mainEntityOfPage":{"@id":"https:\/\/11ponto11servidor.com.br\/blogsrsiape\/ans-decide-intervir-na-geap-mas-nao-age\/"},"wordCount":1483,"commentCount":0,"publisher":{"@id":"https:\/\/blogdosrsiape.com\/#organization"},"image":{"@id":"https:\/\/11ponto11servidor.com.br\/blogsrsiape\/ans-decide-intervir-na-geap-mas-nao-age\/#primaryimage"},"thumbnailUrl":"https:\/\/11ponto11servidor.com.br\/blogsrsiape\/wp-content\/uploads\/sites\/2\/2015\/10\/geap-encontre-seu-medico-2.jpg","keywords":["Ades\u00f5es proibidas","Ag\u00eancia Nacional de Sa\u00fade Suplementar (ANS)","Anasps","ativos garantidores","Carlos Eduardo Gabas","D.O.U.","Dataprev","Di\u00e1rio Oficial da Uni\u00e3o","Dilma Rousseff","GEAP","Inger\u00eancia","INSS","Jaime de Carvalho Leite","Jos\u00e9 Carlos de Souza Abrah\u00e3o","Jos\u00e9 Dirceu","Luiz In\u00e1cio Lula da Silva","MPOG","Paulo C\u00e9sar Regis de Souza","Politicagem","provis\u00f5es t\u00e9cnicas","recursos pr\u00f3prios m\u00ednimos","SERVIDORES P\u00daBLICOS FEDERAIS","STF","TCU"],"articleSection":["Sa\u00fade"],"inLanguage":"pt-BR","potentialAction":[{"@type":"CommentAction","name":"Comment","target":["https:\/\/11ponto11servidor.com.br\/blogsrsiape\/ans-decide-intervir-na-geap-mas-nao-age\/#respond"]}]},{"@type":"WebPage","@id":"https:\/\/11ponto11servidor.com.br\/blogsrsiape\/ans-decide-intervir-na-geap-mas-nao-age\/","url":"https:\/\/11ponto11servidor.com.br\/blogsrsiape\/ans-decide-intervir-na-geap-mas-nao-age\/","name":"ANS decide intervir na Geap, mas n\u00e3o age - Blog do Sr. SIAPE","isPartOf":{"@id":"https:\/\/blogdosrsiape.com\/#website"},"primaryImageOfPage":{"@id":"https:\/\/11ponto11servidor.com.br\/blogsrsiape\/ans-decide-intervir-na-geap-mas-nao-age\/#primaryimage"},"image":{"@id":"https:\/\/11ponto11servidor.com.br\/blogsrsiape\/ans-decide-intervir-na-geap-mas-nao-age\/#primaryimage"},"thumbnailUrl":"https:\/\/11ponto11servidor.com.br\/blogsrsiape\/wp-content\/uploads\/sites\/2\/2015\/10\/geap-encontre-seu-medico-2.jpg","datePublished":"2015-10-20T21:51:08+00:00","dateModified":"2022-04-26T20:19:51+00:00","breadcrumb":{"@id":"https:\/\/11ponto11servidor.com.br\/blogsrsiape\/ans-decide-intervir-na-geap-mas-nao-age\/#breadcrumb"},"inLanguage":"pt-BR","potentialAction":[{"@type":"ReadAction","target":["https:\/\/11ponto11servidor.com.br\/blogsrsiape\/ans-decide-intervir-na-geap-mas-nao-age\/"]}]},{"@type":"ImageObject","inLanguage":"pt-BR","@id":"https:\/\/11ponto11servidor.com.br\/blogsrsiape\/ans-decide-intervir-na-geap-mas-nao-age\/#primaryimage","url":"https:\/\/11ponto11servidor.com.br\/blogsrsiape\/wp-content\/uploads\/sites\/2\/2015\/10\/geap-encontre-seu-medico-2.jpg","contentUrl":"https:\/\/11ponto11servidor.com.br\/blogsrsiape\/wp-content\/uploads\/sites\/2\/2015\/10\/geap-encontre-seu-medico-2.jpg","width":300,"height":225,"caption":"Bomba"},{"@type":"BreadcrumbList","@id":"https:\/\/11ponto11servidor.com.br\/blogsrsiape\/ans-decide-intervir-na-geap-mas-nao-age\/#breadcrumb","itemListElement":[{"@type":"ListItem","position":1,"name":"In\u00edcio","item":"https:\/\/blogdosrsiape.com\/"},{"@type":"ListItem","position":2,"name":"ANS decide intervir na Geap, mas n\u00e3o age"}]},{"@type":"WebSite","@id":"https:\/\/blogdosrsiape.com\/#website","url":"https:\/\/blogdosrsiape.com\/","name":"Blog do sr. SIAPE","description":"SIAPE Servidor Federal","publisher":{"@id":"https:\/\/blogdosrsiape.com\/#organization"},"potentialAction":[{"@type":"SearchAction","target":{"@type":"EntryPoint","urlTemplate":"https:\/\/blogdosrsiape.com\/?s={search_term_string}"},"query-input":{"@type":"PropertyValueSpecification","valueRequired":true,"valueName":"search_term_string"}}],"inLanguage":"pt-BR"},{"@type":"Organization","@id":"https:\/\/blogdosrsiape.com\/#organization","name":"Blog do sr. SIAPE","url":"https:\/\/blogdosrsiape.com\/","logo":{"@type":"ImageObject","inLanguage":"pt-BR","@id":"https:\/\/blogdosrsiape.com\/#\/schema\/logo\/image\/","url":"https:\/\/11ponto11servidor.com.br\/blogsrsiape\/wp-content\/uploads\/sites\/2\/2024\/10\/logo-1.png","contentUrl":"https:\/\/11ponto11servidor.com.br\/blogsrsiape\/wp-content\/uploads\/sites\/2\/2024\/10\/logo-1.png","width":287,"height":116,"caption":"Blog do sr. SIAPE"},"image":{"@id":"https:\/\/blogdosrsiape.com\/#\/schema\/logo\/image\/"},"sameAs":["https:\/\/www.facebook.com\/blogsrsiape\/?locale=pt_BR","https:\/\/www.instagram.com\/srsiape\/"]},{"@type":"Person","@id":"https:\/\/blogdosrsiape.com\/#\/schema\/person\/641e1af8b22c69725a1d604fb8959bcf","name":"websitemix","sameAs":["https:\/\/11ponto11servidor.com.br"],"url":"https:\/\/11ponto11servidor.com.br\/blogsrsiape\/author\/websitemix\/"}]}},"_links":{"self":[{"href":"https:\/\/11ponto11servidor.com.br\/blogsrsiape\/wp-json\/wp\/v2\/posts\/1392"}],"collection":[{"href":"https:\/\/11ponto11servidor.com.br\/blogsrsiape\/wp-json\/wp\/v2\/posts"}],"about":[{"href":"https:\/\/11ponto11servidor.com.br\/blogsrsiape\/wp-json\/wp\/v2\/types\/post"}],"author":[{"embeddable":true,"href":"https:\/\/11ponto11servidor.com.br\/blogsrsiape\/wp-json\/wp\/v2\/users\/1"}],"replies":[{"embeddable":true,"href":"https:\/\/11ponto11servidor.com.br\/blogsrsiape\/wp-json\/wp\/v2\/comments?post=1392"}],"version-history":[{"count":1,"href":"https:\/\/11ponto11servidor.com.br\/blogsrsiape\/wp-json\/wp\/v2\/posts\/1392\/revisions"}],"predecessor-version":[{"id":13039,"href":"https:\/\/11ponto11servidor.com.br\/blogsrsiape\/wp-json\/wp\/v2\/posts\/1392\/revisions\/13039"}],"wp:featuredmedia":[{"embeddable":true,"href":"https:\/\/11ponto11servidor.com.br\/blogsrsiape\/wp-json\/wp\/v2\/media\/1394"}],"wp:attachment":[{"href":"https:\/\/11ponto11servidor.com.br\/blogsrsiape\/wp-json\/wp\/v2\/media?parent=1392"}],"wp:term":[{"taxonomy":"category","embeddable":true,"href":"https:\/\/11ponto11servidor.com.br\/blogsrsiape\/wp-json\/wp\/v2\/categories?post=1392"},{"taxonomy":"post_tag","embeddable":true,"href":"https:\/\/11ponto11servidor.com.br\/blogsrsiape\/wp-json\/wp\/v2\/tags?post=1392"}],"curies":[{"name":"wp","href":"https:\/\/api.w.org\/{rel}","templated":true}]}}