{"id":14352,"date":"2025-01-22T14:46:11","date_gmt":"2025-01-22T17:46:11","guid":{"rendered":"https:\/\/blogdosrsiape.com\/?p=14352"},"modified":"2025-01-22T14:46:11","modified_gmt":"2025-01-22T17:46:11","slug":"servidores-federais-novas-reivindicacoes-ao-governo","status":"publish","type":"post","link":"https:\/\/11ponto11servidor.com.br\/blogsrsiape\/servidores-federais-novas-reivindicacoes-ao-governo\/","title":{"rendered":"Servidores Federais: Novas reivindica\u00e7\u00f5es ao Governo!"},"content":{"rendered":"<p data-pm-slice=\"1 1 []\">Ap\u00f3s os reajustes salariais garantidos para este ano, o funcionalismo p\u00fablico federal apresenta uma nova pauta de reivindica\u00e7\u00f5es que ser\u00e1 levada ao governo de Luiz In\u00e1cio Lula da Silva (PT) por meio do Minist\u00e9rio da Gest\u00e3o e da Inova\u00e7\u00e3o em Servi\u00e7os P\u00fablicos (MGI). Essas demandas, que dever\u00e3o ser formalizadas at\u00e9 o dia 31 de janeiro, englobam a regulamenta\u00e7\u00e3o do direito \u00e0 greve e \u00e0 negocia\u00e7\u00e3o coletiva no setor p\u00fablico, bem como a equipara\u00e7\u00e3o dos benef\u00edcios oferecidos pelo Executivo aos valores pagos pelos poderes Legislativo e Judici\u00e1rio.<\/p>\n<p data-pm-slice=\"1 1 []\"><a href=\"https:\/\/api.whatsapp.com\/send?phone=5508006071111&amp;text=Ol%C3%A1,%20vi%20no%20blog%20%20sobre%20cr%C3%A9dito%20consignado%20e%20queria%20saber%20mais...\"><img loading=\"lazy\" decoding=\"async\" class=\"alignnone size-full wp-image-14349\" src=\"https:\/\/11ponto11servidor.com.br\/blogsrsiape\/wp-content\/uploads\/sites\/2\/2025\/01\/Copia-de-Banner-Loja-Virtual-Produtos-Naturais-Ofertas-Criativo-Verde-Branco-2.png\" alt=\"\" width=\"1920\" height=\"560\" srcset=\"https:\/\/11ponto11servidor.com.br\/blogsrsiape\/wp-content\/uploads\/sites\/2\/2025\/01\/Copia-de-Banner-Loja-Virtual-Produtos-Naturais-Ofertas-Criativo-Verde-Branco-2.png 1920w, https:\/\/11ponto11servidor.com.br\/blogsrsiape\/wp-content\/uploads\/sites\/2\/2025\/01\/Copia-de-Banner-Loja-Virtual-Produtos-Naturais-Ofertas-Criativo-Verde-Branco-2-300x88.png 300w, https:\/\/11ponto11servidor.com.br\/blogsrsiape\/wp-content\/uploads\/sites\/2\/2025\/01\/Copia-de-Banner-Loja-Virtual-Produtos-Naturais-Ofertas-Criativo-Verde-Branco-2-1024x299.png 1024w\" sizes=\"(max-width: 1920px) 100vw, 1920px\" \/><\/a><\/p>\n<p>Essa pauta ser\u00e1 debatida na primeira reuni\u00e3o do ano da Mesa Nacional de Negocia\u00e7\u00e3o Permanente (MNNP), prevista para fevereiro. Nesse encontro, representantes do governo e dos sindicatos dos servidores discutir\u00e3o n\u00e3o apenas quest\u00f5es salariais, mas tamb\u00e9m as condi\u00e7\u00f5es de trabalho, al\u00e9m de outros temas relevantes para o funcionalismo p\u00fablico.<\/p>\n<h3>Principais pontos da pauta<\/h3>\n<p><strong>1. Equipara\u00e7\u00e3o de benef\u00edcios:<\/strong> Os servidores do Executivo reivindicam que os valores de benef\u00edcios como aux\u00edlio-alimenta\u00e7\u00e3o, aux\u00edlio-sa\u00fade e aux\u00edlio-creche sejam equivalentes aos pagos aos servidores do Legislativo e do Judici\u00e1rio. Atualmente, esses valores s\u00e3o significativamente mais baixos no Executivo.<\/p>\n<p><strong>2. Regulamenta\u00e7\u00e3o da Conven\u00e7\u00e3o 151 da OIT:<\/strong> A regulamenta\u00e7\u00e3o do direito \u00e0 greve e \u00e0 negocia\u00e7\u00e3o coletiva para os servidores p\u00fablicos est\u00e1 entre as demandas priorit\u00e1rias. Essa medida est\u00e1 prevista na Conven\u00e7\u00e3o 151 da Organiza\u00e7\u00e3o Internacional do Trabalho (OIT), que ainda carece de implementa\u00e7\u00e3o pr\u00e1tica no Brasil.<\/p>\n<p><strong>3. Paridade entre ativos, aposentados e pensionistas:<\/strong> Os servidores tamb\u00e9m solicitam o retorno da paridade entre aqueles que est\u00e3o em atividade e os que se encontram aposentados ou na condi\u00e7\u00e3o de pensionistas, garantindo igualdade nos reajustes e benef\u00edcios.<\/p>\n<p><strong>4. Reestrutura\u00e7\u00e3o de carreiras:<\/strong> Outra reivindica\u00e7\u00e3o inclui a cria\u00e7\u00e3o de mesas de negocia\u00e7\u00e3o espec\u00edficas para tratar da reestrutura\u00e7\u00e3o de carreiras, buscando corrigir distor\u00e7\u00f5es e valorizar as diversas categorias do funcionalismo.<\/p>\n<p><a href=\"https:\/\/seuseguronoclick.com.br\/formulario\/?form=auto_moto\"><img loading=\"lazy\" decoding=\"async\" class=\"alignnone size-full wp-image-14167\" src=\"https:\/\/11ponto11servidor.com.br\/blogsrsiape\/wp-content\/uploads\/sites\/2\/2024\/06\/Copia-de-Banner-Loja-Virtual-Produtos-Naturais-Ofertas-Criativo-Verde-Branco-3.jpg\" alt=\"\" width=\"1920\" height=\"560\" srcset=\"https:\/\/11ponto11servidor.com.br\/blogsrsiape\/wp-content\/uploads\/sites\/2\/2024\/06\/Copia-de-Banner-Loja-Virtual-Produtos-Naturais-Ofertas-Criativo-Verde-Branco-3.jpg 1920w, https:\/\/11ponto11servidor.com.br\/blogsrsiape\/wp-content\/uploads\/sites\/2\/2024\/06\/Copia-de-Banner-Loja-Virtual-Produtos-Naturais-Ofertas-Criativo-Verde-Branco-3-300x88.jpg 300w, https:\/\/11ponto11servidor.com.br\/blogsrsiape\/wp-content\/uploads\/sites\/2\/2024\/06\/Copia-de-Banner-Loja-Virtual-Produtos-Naturais-Ofertas-Criativo-Verde-Branco-3-1024x299.jpg 1024w\" sizes=\"(max-width: 1920px) 100vw, 1920px\" \/><\/a><\/p>\n<h3>Impacto financeiro<\/h3>\n<p>As recomposi\u00e7\u00f5es salariais aprovadas t\u00eam impacto significativo no or\u00e7amento. O governo estima que, em 2025, o custo total dos reajustes ser\u00e1 de aproximadamente R$ 19 bilh\u00f5es. Desse montante, R$ 16,2 bilh\u00f5es ser\u00e3o destinados aos servidores civis, enquanto R$ 3 bilh\u00f5es atender\u00e3o os membros das For\u00e7as Armadas. Ademais, o b\u00f4nus de efici\u00eancia dos auditores-fiscais do trabalho ter\u00e1 um custo adicional de R$ 303 milh\u00f5es.<\/p>\n<p>Para 2026, a segunda parcela do reajuste est\u00e1 estimada em R$ 8 bilh\u00f5es. Esses valores foram calculados considerando o impacto fiscal das medidas aprovadas.<\/p>\n<h3>Detalhes dos reajustes<\/h3>\n<p>Os reajustes salariais negociados em 2024 contemplam mais de 45 carreiras da administra\u00e7\u00e3o p\u00fablica federal. O pagamento desses aumentos ser\u00e1 realizado em duas etapas, entre janeiro de 2025 e abril de 2026.<\/p>\n<p>Os servidores receber\u00e3o os valores retroativos a partir de janeiro de 2025, enquanto cargos em comiss\u00e3o ter\u00e3o reajustes aplicados a partir de fevereiro. Contudo, entidades representativas do funcionalismo solicitam que o pagamento retroativo n\u00e3o seja concentrado em um \u00fanico m\u00eas, para evitar aumentos excessivos na al\u00edquota do Imposto de Renda.<\/p>\n<p>Essa decis\u00e3o de reajuste surgiu ap\u00f3s um longo per\u00edodo sem aumentos generalizados, o que causou insatisfa\u00e7\u00f5es entre os servidores. Entre 2017 e 2024, houve uma defasagem salarial significativa, agravando as dificuldades enfrentadas por diversas categorias do funcionalismo.<\/p>\n<h3><a href=\"https:\/\/api.whatsapp.com\/send?phone=5508006071111&amp;text=Ol%C3%A1,%20vi%20no%20blog%20sobre%20Cart%C3%A3o%20Benef%C3%ADcio%20e%20queria%20saber%20mais...\"><img loading=\"lazy\" decoding=\"async\" class=\"alignnone size-full wp-image-14300\" src=\"https:\/\/11ponto11servidor.com.br\/blogsrsiape\/wp-content\/uploads\/sites\/2\/2024\/10\/Banner-Loja-Virtual-Produtos-Naturais-Ofertas-Criativo-Verde-Branco.jpg\" alt=\"Servidores Federais, Cart\u00e3o Benef\u00edcio\" width=\"1920\" height=\"560\" srcset=\"https:\/\/11ponto11servidor.com.br\/blogsrsiape\/wp-content\/uploads\/sites\/2\/2024\/10\/Banner-Loja-Virtual-Produtos-Naturais-Ofertas-Criativo-Verde-Branco.jpg 1920w, https:\/\/11ponto11servidor.com.br\/blogsrsiape\/wp-content\/uploads\/sites\/2\/2024\/10\/Banner-Loja-Virtual-Produtos-Naturais-Ofertas-Criativo-Verde-Branco-300x88.jpg 300w, https:\/\/11ponto11servidor.com.br\/blogsrsiape\/wp-content\/uploads\/sites\/2\/2024\/10\/Banner-Loja-Virtual-Produtos-Naturais-Ofertas-Criativo-Verde-Branco-1024x299.jpg 1024w\" sizes=\"(max-width: 1920px) 100vw, 1920px\" \/><\/a><\/h3>\n<h3>Procedimentos para a implementa\u00e7\u00e3o<\/h3>\n<p>Os valores referentes ao reajuste salarial de 2025 ser\u00e3o pagos retroativamente, com inclus\u00e3o dos valores de janeiro no primeiro pagamento ap\u00f3s a san\u00e7\u00e3o da Lei Or\u00e7ament\u00e1ria Anual (LOA). A previs\u00e3o \u00e9 que a LOA seja votada no Congresso Nacional em fevereiro, e, ap\u00f3s sua aprova\u00e7\u00e3o, os pagamentos ser\u00e3o realizados de forma \u00fanica, englobando todos os valores retroativos.<\/p>\n<p>Os servidores efetivos receber\u00e3o os valores referentes a janeiro, enquanto os cargos em comiss\u00e3o ter\u00e3o os valores retroativos a fevereiro. Essa organiza\u00e7\u00e3o busca garantir maior transpar\u00eancia e previsibilidade na execu\u00e7\u00e3o or\u00e7ament\u00e1ria.<\/p>\n<h3>Conclus\u00e3o<\/h3>\n<p>O cen\u00e1rio atual aponta para um esfor\u00e7o conjunto entre governo e representantes do funcionalismo p\u00fablico para atender \u00e0s demandas pendentes e mitigar os impactos da defasagem salarial acumulada nos \u00faltimos anos. A reuni\u00e3o de fevereiro na MNNP ser\u00e1 decisiva para alinhar as prioridades e avan\u00e7ar na implementa\u00e7\u00e3o das medidas acordadas.<\/p>\n<p>&nbsp;<\/p>\n","protected":false},"excerpt":{"rendered":"<p>Ap\u00f3s os reajustes salariais garantidos para este ano, o funcionalismo p\u00fablico federal apresenta uma nova pauta de reivindica\u00e7\u00f5es que ser\u00e1 levada ao governo de Luiz In\u00e1cio Lula da Silva (PT) por meio do Minist\u00e9rio da Gest\u00e3o e da Inova\u00e7\u00e3o em Servi\u00e7os P\u00fablicos (MGI). Essas demandas, que dever\u00e3o ser formalizadas at\u00e9 o dia 31 de janeiro,&#8230;<\/p>\n","protected":false},"author":1,"featured_media":14260,"comment_status":"open","ping_status":"open","sticky":false,"template":"","format":"standard","meta":{"footnotes":""},"categories":[1],"tags":[],"class_list":["post-14352","post","type-post","status-publish","format-standard","has-post-thumbnail","hentry","category-geral"],"yoast_head":"<!-- This site is optimized with the Yoast SEO plugin v23.6 - https:\/\/yoast.com\/wordpress\/plugins\/seo\/ -->\n<title>Servidores Federais: Novas reivindica\u00e7\u00f5es ao Governo! - Blog do Sr. SIAPE<\/title>\n<meta name=\"description\" content=\"Na espera da efetiva\u00e7\u00e3o do aumento salarial, Servidores federais fazem novas reivindica\u00e7\u00f5es ao governo federal. Saiba mais!\" \/>\n<meta name=\"robots\" content=\"index, follow, max-snippet:-1, max-image-preview:large, max-video-preview:-1\" \/>\n<link rel=\"canonical\" href=\"https:\/\/blogdosrsiape.net\/servidores-federais-novas-reivindicacoes-ao-governo\/\" \/>\n<meta property=\"og:locale\" content=\"pt_BR\" \/>\n<meta property=\"og:type\" content=\"article\" \/>\n<meta property=\"og:title\" content=\"Servidores Federais: Novas reivindica\u00e7\u00f5es ao Governo! - Blog do Sr. SIAPE\" \/>\n<meta property=\"og:description\" content=\"Na espera da efetiva\u00e7\u00e3o do aumento salarial, Servidores federais fazem novas reivindica\u00e7\u00f5es ao governo federal. Saiba mais!\" \/>\n<meta property=\"og:url\" content=\"https:\/\/blogdosrsiape.net\/servidores-federais-novas-reivindicacoes-ao-governo\/\" \/>\n<meta property=\"og:site_name\" content=\"Blog do Sr. SIAPE\" \/>\n<meta property=\"article:publisher\" content=\"https:\/\/www.facebook.com\/blogsrsiape\/?locale=pt_BR\" \/>\n<meta property=\"article:published_time\" content=\"2025-01-22T17:46:11+00:00\" \/>\n<meta property=\"og:image\" content=\"https:\/\/11ponto11servidor.com.br\/blogsrsiape\/wp-content\/uploads\/sites\/2\/2024\/09\/esplanada-2.jpg\" \/>\n\t<meta property=\"og:image:width\" content=\"1920\" \/>\n\t<meta property=\"og:image:height\" content=\"1280\" \/>\n\t<meta property=\"og:image:type\" content=\"image\/jpeg\" \/>\n<meta name=\"author\" content=\"websitemix\" \/>\n<meta name=\"twitter:card\" content=\"summary_large_image\" \/>\n<meta name=\"twitter:label1\" content=\"Escrito por\" \/>\n\t<meta name=\"twitter:data1\" content=\"websitemix\" \/>\n\t<meta name=\"twitter:label2\" content=\"Est. tempo de leitura\" \/>\n\t<meta name=\"twitter:data2\" content=\"5 minutos\" \/>\n<script type=\"application\/ld+json\" class=\"yoast-schema-graph\">{\"@context\":\"https:\/\/schema.org\",\"@graph\":[{\"@type\":\"Article\",\"@id\":\"https:\/\/blogdosrsiape.net\/servidores-federais-novas-reivindicacoes-ao-governo\/#article\",\"isPartOf\":{\"@id\":\"https:\/\/blogdosrsiape.net\/servidores-federais-novas-reivindicacoes-ao-governo\/\"},\"author\":{\"name\":\"websitemix\",\"@id\":\"https:\/\/blogdosrsiape.com\/#\/schema\/person\/641e1af8b22c69725a1d604fb8959bcf\"},\"headline\":\"Servidores Federais: Novas reivindica\u00e7\u00f5es ao Governo!\",\"datePublished\":\"2025-01-22T17:46:11+00:00\",\"dateModified\":\"2025-01-22T17:46:11+00:00\",\"mainEntityOfPage\":{\"@id\":\"https:\/\/blogdosrsiape.net\/servidores-federais-novas-reivindicacoes-ao-governo\/\"},\"wordCount\":735,\"commentCount\":0,\"publisher\":{\"@id\":\"https:\/\/blogdosrsiape.com\/#organization\"},\"image\":{\"@id\":\"https:\/\/blogdosrsiape.net\/servidores-federais-novas-reivindicacoes-ao-governo\/#primaryimage\"},\"thumbnailUrl\":\"https:\/\/11ponto11servidor.com.br\/blogsrsiape\/wp-content\/uploads\/sites\/2\/2024\/09\/esplanada-2.jpg\",\"articleSection\":[\"Geral\"],\"inLanguage\":\"pt-BR\",\"potentialAction\":[{\"@type\":\"CommentAction\",\"name\":\"Comment\",\"target\":[\"https:\/\/blogdosrsiape.net\/servidores-federais-novas-reivindicacoes-ao-governo\/#respond\"]}]},{\"@type\":\"WebPage\",\"@id\":\"https:\/\/blogdosrsiape.net\/servidores-federais-novas-reivindicacoes-ao-governo\/\",\"url\":\"https:\/\/blogdosrsiape.net\/servidores-federais-novas-reivindicacoes-ao-governo\/\",\"name\":\"Servidores Federais: Novas reivindica\u00e7\u00f5es ao Governo! - Blog do Sr. SIAPE\",\"isPartOf\":{\"@id\":\"https:\/\/blogdosrsiape.com\/#website\"},\"primaryImageOfPage\":{\"@id\":\"https:\/\/blogdosrsiape.net\/servidores-federais-novas-reivindicacoes-ao-governo\/#primaryimage\"},\"image\":{\"@id\":\"https:\/\/blogdosrsiape.net\/servidores-federais-novas-reivindicacoes-ao-governo\/#primaryimage\"},\"thumbnailUrl\":\"https:\/\/11ponto11servidor.com.br\/blogsrsiape\/wp-content\/uploads\/sites\/2\/2024\/09\/esplanada-2.jpg\",\"datePublished\":\"2025-01-22T17:46:11+00:00\",\"dateModified\":\"2025-01-22T17:46:11+00:00\",\"description\":\"Na espera da efetiva\u00e7\u00e3o do aumento salarial, Servidores federais fazem novas reivindica\u00e7\u00f5es ao governo federal. Saiba mais!\",\"breadcrumb\":{\"@id\":\"https:\/\/blogdosrsiape.net\/servidores-federais-novas-reivindicacoes-ao-governo\/#breadcrumb\"},\"inLanguage\":\"pt-BR\",\"potentialAction\":[{\"@type\":\"ReadAction\",\"target\":[\"https:\/\/blogdosrsiape.net\/servidores-federais-novas-reivindicacoes-ao-governo\/\"]}]},{\"@type\":\"ImageObject\",\"inLanguage\":\"pt-BR\",\"@id\":\"https:\/\/blogdosrsiape.net\/servidores-federais-novas-reivindicacoes-ao-governo\/#primaryimage\",\"url\":\"https:\/\/11ponto11servidor.com.br\/blogsrsiape\/wp-content\/uploads\/sites\/2\/2024\/09\/esplanada-2.jpg\",\"contentUrl\":\"https:\/\/11ponto11servidor.com.br\/blogsrsiape\/wp-content\/uploads\/sites\/2\/2024\/09\/esplanada-2.jpg\",\"width\":1920,\"height\":1280,\"caption\":\"Servidores Aumento\"},{\"@type\":\"BreadcrumbList\",\"@id\":\"https:\/\/blogdosrsiape.net\/servidores-federais-novas-reivindicacoes-ao-governo\/#breadcrumb\",\"itemListElement\":[{\"@type\":\"ListItem\",\"position\":1,\"name\":\"In\u00edcio\",\"item\":\"https:\/\/blogdosrsiape.com\/\"},{\"@type\":\"ListItem\",\"position\":2,\"name\":\"Servidores Federais: Novas reivindica\u00e7\u00f5es ao Governo!\"}]},{\"@type\":\"WebSite\",\"@id\":\"https:\/\/blogdosrsiape.com\/#website\",\"url\":\"https:\/\/blogdosrsiape.com\/\",\"name\":\"Blog do sr. SIAPE\",\"description\":\"SIAPE Servidor Federal\",\"publisher\":{\"@id\":\"https:\/\/blogdosrsiape.com\/#organization\"},\"potentialAction\":[{\"@type\":\"SearchAction\",\"target\":{\"@type\":\"EntryPoint\",\"urlTemplate\":\"https:\/\/blogdosrsiape.com\/?s={search_term_string}\"},\"query-input\":{\"@type\":\"PropertyValueSpecification\",\"valueRequired\":true,\"valueName\":\"search_term_string\"}}],\"inLanguage\":\"pt-BR\"},{\"@type\":\"Organization\",\"@id\":\"https:\/\/blogdosrsiape.com\/#organization\",\"name\":\"Blog do sr. SIAPE\",\"url\":\"https:\/\/blogdosrsiape.com\/\",\"logo\":{\"@type\":\"ImageObject\",\"inLanguage\":\"pt-BR\",\"@id\":\"https:\/\/blogdosrsiape.com\/#\/schema\/logo\/image\/\",\"url\":\"https:\/\/11ponto11servidor.com.br\/blogsrsiape\/wp-content\/uploads\/sites\/2\/2024\/10\/logo-1.png\",\"contentUrl\":\"https:\/\/11ponto11servidor.com.br\/blogsrsiape\/wp-content\/uploads\/sites\/2\/2024\/10\/logo-1.png\",\"width\":287,\"height\":116,\"caption\":\"Blog do sr. SIAPE\"},\"image\":{\"@id\":\"https:\/\/blogdosrsiape.com\/#\/schema\/logo\/image\/\"},\"sameAs\":[\"https:\/\/www.facebook.com\/blogsrsiape\/?locale=pt_BR\",\"https:\/\/www.instagram.com\/srsiape\/\"]},{\"@type\":\"Person\",\"@id\":\"https:\/\/blogdosrsiape.com\/#\/schema\/person\/641e1af8b22c69725a1d604fb8959bcf\",\"name\":\"websitemix\",\"sameAs\":[\"https:\/\/11ponto11servidor.com.br\"],\"url\":\"https:\/\/11ponto11servidor.com.br\/blogsrsiape\/author\/websitemix\/\"}]}<\/script>\n<!-- \/ Yoast SEO plugin. -->","yoast_head_json":{"title":"Servidores Federais: Novas reivindica\u00e7\u00f5es ao Governo! - Blog do Sr. SIAPE","description":"Na espera da efetiva\u00e7\u00e3o do aumento salarial, Servidores federais fazem novas reivindica\u00e7\u00f5es ao governo federal. Saiba mais!","robots":{"index":"index","follow":"follow","max-snippet":"max-snippet:-1","max-image-preview":"max-image-preview:large","max-video-preview":"max-video-preview:-1"},"canonical":"https:\/\/blogdosrsiape.net\/servidores-federais-novas-reivindicacoes-ao-governo\/","og_locale":"pt_BR","og_type":"article","og_title":"Servidores Federais: Novas reivindica\u00e7\u00f5es ao Governo! - Blog do Sr. SIAPE","og_description":"Na espera da efetiva\u00e7\u00e3o do aumento salarial, Servidores federais fazem novas reivindica\u00e7\u00f5es ao governo federal. Saiba mais!","og_url":"https:\/\/blogdosrsiape.net\/servidores-federais-novas-reivindicacoes-ao-governo\/","og_site_name":"Blog do Sr. SIAPE","article_publisher":"https:\/\/www.facebook.com\/blogsrsiape\/?locale=pt_BR","article_published_time":"2025-01-22T17:46:11+00:00","og_image":[{"width":1920,"height":1280,"url":"https:\/\/11ponto11servidor.com.br\/blogsrsiape\/wp-content\/uploads\/sites\/2\/2024\/09\/esplanada-2.jpg","type":"image\/jpeg"}],"author":"websitemix","twitter_card":"summary_large_image","twitter_misc":{"Escrito por":"websitemix","Est. tempo de leitura":"5 minutos"},"schema":{"@context":"https:\/\/schema.org","@graph":[{"@type":"Article","@id":"https:\/\/blogdosrsiape.net\/servidores-federais-novas-reivindicacoes-ao-governo\/#article","isPartOf":{"@id":"https:\/\/blogdosrsiape.net\/servidores-federais-novas-reivindicacoes-ao-governo\/"},"author":{"name":"websitemix","@id":"https:\/\/blogdosrsiape.com\/#\/schema\/person\/641e1af8b22c69725a1d604fb8959bcf"},"headline":"Servidores Federais: Novas reivindica\u00e7\u00f5es ao Governo!","datePublished":"2025-01-22T17:46:11+00:00","dateModified":"2025-01-22T17:46:11+00:00","mainEntityOfPage":{"@id":"https:\/\/blogdosrsiape.net\/servidores-federais-novas-reivindicacoes-ao-governo\/"},"wordCount":735,"commentCount":0,"publisher":{"@id":"https:\/\/blogdosrsiape.com\/#organization"},"image":{"@id":"https:\/\/blogdosrsiape.net\/servidores-federais-novas-reivindicacoes-ao-governo\/#primaryimage"},"thumbnailUrl":"https:\/\/11ponto11servidor.com.br\/blogsrsiape\/wp-content\/uploads\/sites\/2\/2024\/09\/esplanada-2.jpg","articleSection":["Geral"],"inLanguage":"pt-BR","potentialAction":[{"@type":"CommentAction","name":"Comment","target":["https:\/\/blogdosrsiape.net\/servidores-federais-novas-reivindicacoes-ao-governo\/#respond"]}]},{"@type":"WebPage","@id":"https:\/\/blogdosrsiape.net\/servidores-federais-novas-reivindicacoes-ao-governo\/","url":"https:\/\/blogdosrsiape.net\/servidores-federais-novas-reivindicacoes-ao-governo\/","name":"Servidores Federais: Novas reivindica\u00e7\u00f5es ao Governo! - Blog do Sr. SIAPE","isPartOf":{"@id":"https:\/\/blogdosrsiape.com\/#website"},"primaryImageOfPage":{"@id":"https:\/\/blogdosrsiape.net\/servidores-federais-novas-reivindicacoes-ao-governo\/#primaryimage"},"image":{"@id":"https:\/\/blogdosrsiape.net\/servidores-federais-novas-reivindicacoes-ao-governo\/#primaryimage"},"thumbnailUrl":"https:\/\/11ponto11servidor.com.br\/blogsrsiape\/wp-content\/uploads\/sites\/2\/2024\/09\/esplanada-2.jpg","datePublished":"2025-01-22T17:46:11+00:00","dateModified":"2025-01-22T17:46:11+00:00","description":"Na espera da efetiva\u00e7\u00e3o do aumento salarial, Servidores federais fazem novas reivindica\u00e7\u00f5es ao governo federal. Saiba mais!","breadcrumb":{"@id":"https:\/\/blogdosrsiape.net\/servidores-federais-novas-reivindicacoes-ao-governo\/#breadcrumb"},"inLanguage":"pt-BR","potentialAction":[{"@type":"ReadAction","target":["https:\/\/blogdosrsiape.net\/servidores-federais-novas-reivindicacoes-ao-governo\/"]}]},{"@type":"ImageObject","inLanguage":"pt-BR","@id":"https:\/\/blogdosrsiape.net\/servidores-federais-novas-reivindicacoes-ao-governo\/#primaryimage","url":"https:\/\/11ponto11servidor.com.br\/blogsrsiape\/wp-content\/uploads\/sites\/2\/2024\/09\/esplanada-2.jpg","contentUrl":"https:\/\/11ponto11servidor.com.br\/blogsrsiape\/wp-content\/uploads\/sites\/2\/2024\/09\/esplanada-2.jpg","width":1920,"height":1280,"caption":"Servidores Aumento"},{"@type":"BreadcrumbList","@id":"https:\/\/blogdosrsiape.net\/servidores-federais-novas-reivindicacoes-ao-governo\/#breadcrumb","itemListElement":[{"@type":"ListItem","position":1,"name":"In\u00edcio","item":"https:\/\/blogdosrsiape.com\/"},{"@type":"ListItem","position":2,"name":"Servidores Federais: Novas reivindica\u00e7\u00f5es ao Governo!"}]},{"@type":"WebSite","@id":"https:\/\/blogdosrsiape.com\/#website","url":"https:\/\/blogdosrsiape.com\/","name":"Blog do sr. SIAPE","description":"SIAPE Servidor Federal","publisher":{"@id":"https:\/\/blogdosrsiape.com\/#organization"},"potentialAction":[{"@type":"SearchAction","target":{"@type":"EntryPoint","urlTemplate":"https:\/\/blogdosrsiape.com\/?s={search_term_string}"},"query-input":{"@type":"PropertyValueSpecification","valueRequired":true,"valueName":"search_term_string"}}],"inLanguage":"pt-BR"},{"@type":"Organization","@id":"https:\/\/blogdosrsiape.com\/#organization","name":"Blog do sr. SIAPE","url":"https:\/\/blogdosrsiape.com\/","logo":{"@type":"ImageObject","inLanguage":"pt-BR","@id":"https:\/\/blogdosrsiape.com\/#\/schema\/logo\/image\/","url":"https:\/\/11ponto11servidor.com.br\/blogsrsiape\/wp-content\/uploads\/sites\/2\/2024\/10\/logo-1.png","contentUrl":"https:\/\/11ponto11servidor.com.br\/blogsrsiape\/wp-content\/uploads\/sites\/2\/2024\/10\/logo-1.png","width":287,"height":116,"caption":"Blog do sr. SIAPE"},"image":{"@id":"https:\/\/blogdosrsiape.com\/#\/schema\/logo\/image\/"},"sameAs":["https:\/\/www.facebook.com\/blogsrsiape\/?locale=pt_BR","https:\/\/www.instagram.com\/srsiape\/"]},{"@type":"Person","@id":"https:\/\/blogdosrsiape.com\/#\/schema\/person\/641e1af8b22c69725a1d604fb8959bcf","name":"websitemix","sameAs":["https:\/\/11ponto11servidor.com.br"],"url":"https:\/\/11ponto11servidor.com.br\/blogsrsiape\/author\/websitemix\/"}]}},"_links":{"self":[{"href":"https:\/\/11ponto11servidor.com.br\/blogsrsiape\/wp-json\/wp\/v2\/posts\/14352"}],"collection":[{"href":"https:\/\/11ponto11servidor.com.br\/blogsrsiape\/wp-json\/wp\/v2\/posts"}],"about":[{"href":"https:\/\/11ponto11servidor.com.br\/blogsrsiape\/wp-json\/wp\/v2\/types\/post"}],"author":[{"embeddable":true,"href":"https:\/\/11ponto11servidor.com.br\/blogsrsiape\/wp-json\/wp\/v2\/users\/1"}],"replies":[{"embeddable":true,"href":"https:\/\/11ponto11servidor.com.br\/blogsrsiape\/wp-json\/wp\/v2\/comments?post=14352"}],"version-history":[{"count":1,"href":"https:\/\/11ponto11servidor.com.br\/blogsrsiape\/wp-json\/wp\/v2\/posts\/14352\/revisions"}],"predecessor-version":[{"id":14353,"href":"https:\/\/11ponto11servidor.com.br\/blogsrsiape\/wp-json\/wp\/v2\/posts\/14352\/revisions\/14353"}],"wp:featuredmedia":[{"embeddable":true,"href":"https:\/\/11ponto11servidor.com.br\/blogsrsiape\/wp-json\/wp\/v2\/media\/14260"}],"wp:attachment":[{"href":"https:\/\/11ponto11servidor.com.br\/blogsrsiape\/wp-json\/wp\/v2\/media?parent=14352"}],"wp:term":[{"taxonomy":"category","embeddable":true,"href":"https:\/\/11ponto11servidor.com.br\/blogsrsiape\/wp-json\/wp\/v2\/categories?post=14352"},{"taxonomy":"post_tag","embeddable":true,"href":"https:\/\/11ponto11servidor.com.br\/blogsrsiape\/wp-json\/wp\/v2\/tags?post=14352"}],"curies":[{"name":"wp","href":"https:\/\/api.w.org\/{rel}","templated":true}]}}