{"id":14497,"date":"2026-03-10T12:25:42","date_gmt":"2026-03-10T15:25:42","guid":{"rendered":"https:\/\/blogdosrsiape.com\/?p=14497"},"modified":"2026-03-10T12:25:42","modified_gmt":"2026-03-10T15:25:42","slug":"reajuste-de-5-para-servidores-federais-comeca-em-abril-de-2026-veja-quem-tera-aumento","status":"publish","type":"post","link":"https:\/\/11ponto11servidor.com.br\/blogsrsiape\/reajuste-de-5-para-servidores-federais-comeca-em-abril-de-2026-veja-quem-tera-aumento\/","title":{"rendered":"Reajuste de 5% para servidores federais come\u00e7a em abril de 2026; veja quem ter\u00e1 aumento"},"content":{"rendered":"<p data-start=\"254\" data-end=\"540\">A maioria dos servidores p\u00fablicos do Poder Executivo Federal ter\u00e1 <strong data-start=\"320\" data-end=\"373\">reajuste salarial de 5% a partir de abril de 2026<\/strong>.. O aumento faz parte de acordos firmados em 2024 entre o governo federal e entidades representativas do funcionalismo p\u00fablico.Esse reajuste corresponde \u00e0 <strong data-start=\"570\" data-end=\"624\">segunda parcela da recomposi\u00e7\u00e3o salarial negociada<\/strong>, que tamb\u00e9m incluiu <strong data-start=\"645\" data-end=\"690\">9% de aumento aplicado em janeiro de 2025<\/strong>.<\/p>\n<p data-start=\"254\" data-end=\"540\"><a href=\"https:\/\/seucreditonoclick.com.br\/\"><img loading=\"lazy\" decoding=\"async\" class=\"alignnone wp-image-14478 size-full\" src=\"https:\/\/11ponto11servidor.com.br\/blogsrsiape\/wp-content\/uploads\/sites\/2\/2026\/01\/As-contas-nao-param-de-chegar-1.jpg\" alt=\"\" width=\"1660\" height=\"484\" srcset=\"https:\/\/11ponto11servidor.com.br\/blogsrsiape\/wp-content\/uploads\/sites\/2\/2026\/01\/As-contas-nao-param-de-chegar-1.jpg 1660w, https:\/\/11ponto11servidor.com.br\/blogsrsiape\/wp-content\/uploads\/sites\/2\/2026\/01\/As-contas-nao-param-de-chegar-1-300x87.jpg 300w, https:\/\/11ponto11servidor.com.br\/blogsrsiape\/wp-content\/uploads\/sites\/2\/2026\/01\/As-contas-nao-param-de-chegar-1-1024x299.jpg 1024w\" sizes=\"(max-width: 1660px) 100vw, 1660px\" \/><\/a><\/p>\n<p data-start=\"733\" data-end=\"932\">Os percentuais incidem sobre a <strong data-start=\"764\" data-end=\"810\">remunera\u00e7\u00e3o total, incluindo gratifica\u00e7\u00f5es<\/strong>, e valem para servidores de todos os n\u00edveis \u2014 auxiliar, intermedi\u00e1rio e superior.<\/p>\n<p data-start=\"934\" data-end=\"1182\">Segundo estimativas das entidades sindicais, o conjunto dos reajustes negociados entre 2023 e 2026 deve representar <strong data-start=\"1050\" data-end=\"1108\">ganho real de cerca de 5% acima da infla\u00e7\u00e3o no per\u00edodo<\/strong>, considerando a varia\u00e7\u00e3o do IPCA.<\/p>\n<h1 data-section-id=\"1soehq9\" data-start=\"1189\" data-end=\"1228\">Quais servidores receber\u00e3o o reajuste<\/h1>\n<p data-start=\"1230\" data-end=\"1366\">O reajuste de <strong data-start=\"1244\" data-end=\"1267\">5% em abril de 2026<\/strong> atinge principalmente servidores vinculados aos seguintes planos e carreiras do Executivo Federal:<\/p>\n<h3 data-section-id=\"9opf4z\" data-start=\"1368\" data-end=\"1419\">Plano Geral de Cargos do Poder Executivo (PGPE)<\/h3>\n<p data-start=\"1421\" data-end=\"1561\">Esse \u00e9 o maior grupo de servidores do Executivo e inclui diversas carreiras administrativas espalhadas por v\u00e1rios \u00f3rg\u00e3os do governo federal.<\/p>\n<h3 data-section-id=\"lijy86\" data-start=\"1563\" data-end=\"1622\">CPST \u2013 Carreiras da \u00e1rea de Ci\u00eancia, Tecnologia e Sa\u00fade<\/h3>\n<p data-start=\"1624\" data-end=\"1734\">Engloba servidores que atuam em institui\u00e7\u00f5es e \u00f3rg\u00e3os ligados \u00e0 pesquisa, tecnologia e \u00e1reas de sa\u00fade p\u00fablica.<\/p>\n<p data-start=\"1624\" data-end=\"1734\"><a href=\"https:\/\/seuseguronoclick.com.br\/\"><img loading=\"lazy\" decoding=\"async\" class=\"alignnone size-full wp-image-14486\" src=\"https:\/\/11ponto11servidor.com.br\/blogsrsiape\/wp-content\/uploads\/sites\/2\/2026\/02\/Ja-esta-na-hora-de-saber-que-Servidor-3.png\" alt=\"servidores federais desconto\" width=\"1875\" height=\"625\" srcset=\"https:\/\/11ponto11servidor.com.br\/blogsrsiape\/wp-content\/uploads\/sites\/2\/2026\/02\/Ja-esta-na-hora-de-saber-que-Servidor-3.png 1875w, https:\/\/11ponto11servidor.com.br\/blogsrsiape\/wp-content\/uploads\/sites\/2\/2026\/02\/Ja-esta-na-hora-de-saber-que-Servidor-3-300x100.png 300w, https:\/\/11ponto11servidor.com.br\/blogsrsiape\/wp-content\/uploads\/sites\/2\/2026\/02\/Ja-esta-na-hora-de-saber-que-Servidor-3-1024x341.png 1024w\" sizes=\"(max-width: 1875px) 100vw, 1875px\" \/><\/a><\/p>\n<h3 data-section-id=\"eui99q\" data-start=\"1736\" data-end=\"1769\">Planos e carreiras correlatos<\/h3>\n<p data-start=\"1771\" data-end=\"1843\">Tamb\u00e9m est\u00e3o inclu\u00eddos servidores de diversos quadros espec\u00edficos, como:<\/p>\n<ul data-start=\"1845\" data-end=\"2008\">\n<li data-section-id=\"esxlia\" data-start=\"1845\" data-end=\"1861\">\n<p data-start=\"1847\" data-end=\"1861\"><strong data-start=\"1847\" data-end=\"1859\">Embratur<\/strong><\/p>\n<\/li>\n<li data-section-id=\"1sr19x7\" data-start=\"1862\" data-end=\"1877\">\n<p data-start=\"1864\" data-end=\"1877\"><strong data-start=\"1864\" data-end=\"1875\">Fazenda<\/strong><\/p>\n<\/li>\n<li data-section-id=\"1i756dr\" data-start=\"1878\" data-end=\"1924\">\n<p data-start=\"1880\" data-end=\"1924\"><strong data-start=\"1880\" data-end=\"1922\">PCC (Plano de Classifica\u00e7\u00e3o de Cargos)<\/strong><\/p>\n<\/li>\n<li data-section-id=\"or9vj4\" data-start=\"1925\" data-end=\"1947\">\n<p data-start=\"1927\" data-end=\"1947\"><strong data-start=\"1927\" data-end=\"1945\">Ex-Territ\u00f3rios<\/strong><\/p>\n<\/li>\n<li data-section-id=\"1se6wam\" data-start=\"1948\" data-end=\"1973\">\n<p data-start=\"1950\" data-end=\"1973\"><strong data-start=\"1950\" data-end=\"1971\">Imprensa Nacional<\/strong><\/p>\n<\/li>\n<li data-section-id=\"jm7a0n\" data-start=\"1974\" data-end=\"1989\">\n<p data-start=\"1976\" data-end=\"1989\"><strong data-start=\"1976\" data-end=\"1987\">Suframa<\/strong><\/p>\n<\/li>\n<li data-section-id=\"14qzr2x\" data-start=\"1990\" data-end=\"2008\">\n<p data-start=\"1992\" data-end=\"2008\"><strong data-start=\"1992\" data-end=\"2006\">Anistiados<\/strong><\/p>\n<\/li>\n<\/ul>\n<p data-start=\"2010\" data-end=\"2142\">Esses planos somam cerca de <strong data-start=\"2038\" data-end=\"2101\">345 mil servidores entre ativos, aposentados e pensionistas<\/strong>.<\/p>\n<p data-start=\"2010\" data-end=\"2142\"><a href=\"https:\/\/api.whatsapp.com\/send\/?phone=5511987978689&amp;text=Ol%C3%A1,%20quero%20falar%20com%20o%20especialista%20em%20consorcio\"><img loading=\"lazy\" decoding=\"async\" class=\"alignnone wp-image-14494 size-full\" src=\"https:\/\/11ponto11servidor.com.br\/blogsrsiape\/wp-content\/uploads\/sites\/2\/2026\/03\/63cce56f-7773-46b8-89d4-0b683bc69a69-1.png\" alt=\"\" width=\"1536\" height=\"1024\" srcset=\"https:\/\/11ponto11servidor.com.br\/blogsrsiape\/wp-content\/uploads\/sites\/2\/2026\/03\/63cce56f-7773-46b8-89d4-0b683bc69a69-1.png 1536w, https:\/\/11ponto11servidor.com.br\/blogsrsiape\/wp-content\/uploads\/sites\/2\/2026\/03\/63cce56f-7773-46b8-89d4-0b683bc69a69-1-300x200.png 300w, https:\/\/11ponto11servidor.com.br\/blogsrsiape\/wp-content\/uploads\/sites\/2\/2026\/03\/63cce56f-7773-46b8-89d4-0b683bc69a69-1-1024x683.png 1024w\" sizes=\"(max-width: 1536px) 100vw, 1536px\" \/><\/a><\/p>\n<h1 data-section-id=\"jpqo8b\" data-start=\"2149\" data-end=\"2203\">Reajuste faz parte de acordos firmados com o governo<\/h1>\n<p data-start=\"2205\" data-end=\"2470\">Os aumentos previstos fazem parte das negocia\u00e7\u00f5es realizadas entre o governo federal e representantes dos servidores na <strong data-start=\"2325\" data-end=\"2367\">Mesa Nacional de Negocia\u00e7\u00e3o Permanente<\/strong>, retomada nos \u00faltimos anos ap\u00f3s um per\u00edodo sem di\u00e1logo formal.<\/p>\n<p data-start=\"2472\" data-end=\"2646\">A recomposi\u00e7\u00e3o salarial foi estruturada em parcelas justamente para permitir <a href=\"https:\/\/blogdosrsiape.com\/servidor-ganho-real-em-2026\/\"><strong data-start=\"2549\" data-end=\"2581\">impacto or\u00e7ament\u00e1rio gradual<\/strong><\/a>, mantendo o compromisso de valoriza\u00e7\u00e3o do funcionalismo p\u00fablico.<\/p>\n<h1 data-section-id=\"1m8das5\" data-start=\"2653\" data-end=\"2713\">Impacto para servidores ativos, aposentados e pensionistas<\/h1>\n<p data-start=\"2715\" data-end=\"2915\">Um ponto importante \u00e9 que os percentuais acordados <strong data-start=\"2766\" data-end=\"2813\">incidem sobre a remunera\u00e7\u00e3o e gratifica\u00e7\u00f5es<\/strong>, garantindo reflexos tamb\u00e9m para <strong data-start=\"2847\" data-end=\"2914\">aposentados e pensionistas vinculados \u00e0s carreiras contempladas<\/strong>.<\/p>\n<p data-start=\"2917\" data-end=\"3072\">Com a aplica\u00e7\u00e3o da nova parcela em abril de 2026, os servidores dessas carreiras ter\u00e3o consolidado o reajuste previsto nos acordos firmados para o per\u00edodo.<\/p>\n<p data-start=\"3079\" data-end=\"3095\">\u2714\ufe0f <strong data-start=\"3082\" data-end=\"3093\">Resumo:<\/strong><\/p>\n<ul data-start=\"3096\" data-end=\"3281\">\n<li data-section-id=\"cv1c4p\" data-start=\"3096\" data-end=\"3116\">\n<p data-start=\"3098\" data-end=\"3116\">Reajuste: <strong data-start=\"3108\" data-end=\"3114\">5%<\/strong><\/p>\n<\/li>\n<li data-section-id=\"1vvseoz\" data-start=\"3117\" data-end=\"3153\">\n<p data-start=\"3119\" data-end=\"3153\">Quando come\u00e7a: <strong data-start=\"3134\" data-end=\"3151\">abril de 2026<\/strong><\/p>\n<\/li>\n<li data-section-id=\"hh9tu3\" data-start=\"3154\" data-end=\"3219\">\n<p data-start=\"3156\" data-end=\"3219\">Quem recebe: servidores do <strong data-start=\"3183\" data-end=\"3217\">PGPE, CPST e planos correlatos<\/strong><\/p>\n<\/li>\n<li data-section-id=\"1whjjqm\" data-start=\"3220\" data-end=\"3281\">\n<p data-start=\"3222\" data-end=\"3281\">Total alcan\u00e7ado: cerca de <strong data-start=\"3248\" data-end=\"3279\">345 mil servidores federais<\/strong><\/p>\n<\/li>\n<\/ul>\n","protected":false},"excerpt":{"rendered":"<p>A maioria dos servidores p\u00fablicos do Poder Executivo Federal ter\u00e1 reajuste salarial de 5% a partir de abril de 2026.. O aumento faz parte de acordos firmados em 2024 entre o governo federal e entidades representativas do funcionalismo p\u00fablico.Esse reajuste corresponde \u00e0 segunda parcela da recomposi\u00e7\u00e3o salarial negociada, que tamb\u00e9m incluiu 9% de aumento aplicado&#8230;<\/p>\n","protected":false},"author":1,"featured_media":14498,"comment_status":"open","ping_status":"open","sticky":false,"template":"","format":"standard","meta":{"footnotes":""},"categories":[1],"tags":[],"class_list":["post-14497","post","type-post","status-publish","format-standard","has-post-thumbnail","hentry","category-geral"],"yoast_head":"<!-- This site is optimized with the Yoast SEO plugin v23.6 - https:\/\/yoast.com\/wordpress\/plugins\/seo\/ -->\n<title>Reajuste de 5% para servidores federais come\u00e7a em abril de 2026; veja quem ter\u00e1 aumento - Blog do Sr. SIAPE<\/title>\n<meta name=\"description\" content=\"Servidores do Executivo Federal ter\u00e3o reajuste de 5% a partir de abril de 2026. Veja quais carreiras ser\u00e3o contempladas e como o aumento....\" \/>\n<meta name=\"robots\" content=\"index, follow, max-snippet:-1, max-image-preview:large, max-video-preview:-1\" \/>\n<link rel=\"canonical\" href=\"https:\/\/blogdosrsiape.com\/reajuste-de-5-para-servidores-federais-comeca-em-abril-de-2026-veja-quem-tera-aumento\/\" \/>\n<meta property=\"og:locale\" content=\"pt_BR\" \/>\n<meta property=\"og:type\" content=\"article\" \/>\n<meta property=\"og:title\" content=\"Reajuste de 5% para servidores federais come\u00e7a em abril de 2026; veja quem ter\u00e1 aumento - Blog do Sr. SIAPE\" \/>\n<meta property=\"og:description\" content=\"Servidores do Executivo Federal ter\u00e3o reajuste de 5% a partir de abril de 2026. Veja quais carreiras ser\u00e3o contempladas e como o aumento....\" \/>\n<meta property=\"og:url\" content=\"https:\/\/blogdosrsiape.com\/reajuste-de-5-para-servidores-federais-comeca-em-abril-de-2026-veja-quem-tera-aumento\/\" \/>\n<meta property=\"og:site_name\" content=\"Blog do Sr. SIAPE\" \/>\n<meta property=\"article:publisher\" content=\"https:\/\/www.facebook.com\/blogsrsiape\/?locale=pt_BR\" \/>\n<meta property=\"article:published_time\" content=\"2026-03-10T15:25:42+00:00\" \/>\n<meta property=\"og:image\" content=\"https:\/\/11ponto11servidor.com.br\/blogsrsiape\/wp-content\/uploads\/sites\/2\/2026\/03\/ChatGPT-Image-10-de-mar.-de-2026-12_17_23-1.png\" \/>\n\t<meta property=\"og:image:width\" content=\"1536\" \/>\n\t<meta property=\"og:image:height\" content=\"1024\" \/>\n\t<meta property=\"og:image:type\" content=\"image\/png\" \/>\n<meta name=\"author\" content=\"websitemix\" \/>\n<meta name=\"twitter:card\" content=\"summary_large_image\" \/>\n<meta name=\"twitter:label1\" content=\"Escrito por\" \/>\n\t<meta name=\"twitter:data1\" content=\"websitemix\" \/>\n\t<meta name=\"twitter:label2\" content=\"Est. tempo de leitura\" \/>\n\t<meta name=\"twitter:data2\" content=\"3 minutos\" \/>\n<script type=\"application\/ld+json\" class=\"yoast-schema-graph\">{\"@context\":\"https:\/\/schema.org\",\"@graph\":[{\"@type\":\"Article\",\"@id\":\"https:\/\/blogdosrsiape.com\/reajuste-de-5-para-servidores-federais-comeca-em-abril-de-2026-veja-quem-tera-aumento\/#article\",\"isPartOf\":{\"@id\":\"https:\/\/blogdosrsiape.com\/reajuste-de-5-para-servidores-federais-comeca-em-abril-de-2026-veja-quem-tera-aumento\/\"},\"author\":{\"name\":\"websitemix\",\"@id\":\"https:\/\/blogdosrsiape.com\/#\/schema\/person\/641e1af8b22c69725a1d604fb8959bcf\"},\"headline\":\"Reajuste de 5% para servidores federais come\u00e7a em abril de 2026; veja quem ter\u00e1 aumento\",\"datePublished\":\"2026-03-10T15:25:42+00:00\",\"dateModified\":\"2026-03-10T15:25:42+00:00\",\"mainEntityOfPage\":{\"@id\":\"https:\/\/blogdosrsiape.com\/reajuste-de-5-para-servidores-federais-comeca-em-abril-de-2026-veja-quem-tera-aumento\/\"},\"wordCount\":415,\"commentCount\":0,\"publisher\":{\"@id\":\"https:\/\/blogdosrsiape.com\/#organization\"},\"image\":{\"@id\":\"https:\/\/blogdosrsiape.com\/reajuste-de-5-para-servidores-federais-comeca-em-abril-de-2026-veja-quem-tera-aumento\/#primaryimage\"},\"thumbnailUrl\":\"https:\/\/11ponto11servidor.com.br\/blogsrsiape\/wp-content\/uploads\/sites\/2\/2026\/03\/ChatGPT-Image-10-de-mar.-de-2026-12_17_23-1.png\",\"articleSection\":[\"Geral\"],\"inLanguage\":\"pt-BR\",\"potentialAction\":[{\"@type\":\"CommentAction\",\"name\":\"Comment\",\"target\":[\"https:\/\/blogdosrsiape.com\/reajuste-de-5-para-servidores-federais-comeca-em-abril-de-2026-veja-quem-tera-aumento\/#respond\"]}]},{\"@type\":\"WebPage\",\"@id\":\"https:\/\/blogdosrsiape.com\/reajuste-de-5-para-servidores-federais-comeca-em-abril-de-2026-veja-quem-tera-aumento\/\",\"url\":\"https:\/\/blogdosrsiape.com\/reajuste-de-5-para-servidores-federais-comeca-em-abril-de-2026-veja-quem-tera-aumento\/\",\"name\":\"Reajuste de 5% para servidores federais come\u00e7a em abril de 2026; veja quem ter\u00e1 aumento - Blog do Sr. SIAPE\",\"isPartOf\":{\"@id\":\"https:\/\/blogdosrsiape.com\/#website\"},\"primaryImageOfPage\":{\"@id\":\"https:\/\/blogdosrsiape.com\/reajuste-de-5-para-servidores-federais-comeca-em-abril-de-2026-veja-quem-tera-aumento\/#primaryimage\"},\"image\":{\"@id\":\"https:\/\/blogdosrsiape.com\/reajuste-de-5-para-servidores-federais-comeca-em-abril-de-2026-veja-quem-tera-aumento\/#primaryimage\"},\"thumbnailUrl\":\"https:\/\/11ponto11servidor.com.br\/blogsrsiape\/wp-content\/uploads\/sites\/2\/2026\/03\/ChatGPT-Image-10-de-mar.-de-2026-12_17_23-1.png\",\"datePublished\":\"2026-03-10T15:25:42+00:00\",\"dateModified\":\"2026-03-10T15:25:42+00:00\",\"description\":\"Servidores do Executivo Federal ter\u00e3o reajuste de 5% a partir de abril de 2026. Veja quais carreiras ser\u00e3o contempladas e como o aumento....\",\"breadcrumb\":{\"@id\":\"https:\/\/blogdosrsiape.com\/reajuste-de-5-para-servidores-federais-comeca-em-abril-de-2026-veja-quem-tera-aumento\/#breadcrumb\"},\"inLanguage\":\"pt-BR\",\"potentialAction\":[{\"@type\":\"ReadAction\",\"target\":[\"https:\/\/blogdosrsiape.com\/reajuste-de-5-para-servidores-federais-comeca-em-abril-de-2026-veja-quem-tera-aumento\/\"]}]},{\"@type\":\"ImageObject\",\"inLanguage\":\"pt-BR\",\"@id\":\"https:\/\/blogdosrsiape.com\/reajuste-de-5-para-servidores-federais-comeca-em-abril-de-2026-veja-quem-tera-aumento\/#primaryimage\",\"url\":\"https:\/\/11ponto11servidor.com.br\/blogsrsiape\/wp-content\/uploads\/sites\/2\/2026\/03\/ChatGPT-Image-10-de-mar.-de-2026-12_17_23-1.png\",\"contentUrl\":\"https:\/\/11ponto11servidor.com.br\/blogsrsiape\/wp-content\/uploads\/sites\/2\/2026\/03\/ChatGPT-Image-10-de-mar.-de-2026-12_17_23-1.png\",\"width\":1536,\"height\":1024,\"caption\":\"reajuste servidores\"},{\"@type\":\"BreadcrumbList\",\"@id\":\"https:\/\/blogdosrsiape.com\/reajuste-de-5-para-servidores-federais-comeca-em-abril-de-2026-veja-quem-tera-aumento\/#breadcrumb\",\"itemListElement\":[{\"@type\":\"ListItem\",\"position\":1,\"name\":\"In\u00edcio\",\"item\":\"https:\/\/blogdosrsiape.com\/\"},{\"@type\":\"ListItem\",\"position\":2,\"name\":\"Reajuste de 5% para servidores federais come\u00e7a em abril de 2026; veja quem ter\u00e1 aumento\"}]},{\"@type\":\"WebSite\",\"@id\":\"https:\/\/blogdosrsiape.com\/#website\",\"url\":\"https:\/\/blogdosrsiape.com\/\",\"name\":\"Blog do sr. SIAPE\",\"description\":\"SIAPE Servidor Federal\",\"publisher\":{\"@id\":\"https:\/\/blogdosrsiape.com\/#organization\"},\"potentialAction\":[{\"@type\":\"SearchAction\",\"target\":{\"@type\":\"EntryPoint\",\"urlTemplate\":\"https:\/\/blogdosrsiape.com\/?s={search_term_string}\"},\"query-input\":{\"@type\":\"PropertyValueSpecification\",\"valueRequired\":true,\"valueName\":\"search_term_string\"}}],\"inLanguage\":\"pt-BR\"},{\"@type\":\"Organization\",\"@id\":\"https:\/\/blogdosrsiape.com\/#organization\",\"name\":\"Blog do sr. SIAPE\",\"url\":\"https:\/\/blogdosrsiape.com\/\",\"logo\":{\"@type\":\"ImageObject\",\"inLanguage\":\"pt-BR\",\"@id\":\"https:\/\/blogdosrsiape.com\/#\/schema\/logo\/image\/\",\"url\":\"https:\/\/11ponto11servidor.com.br\/blogsrsiape\/wp-content\/uploads\/sites\/2\/2024\/10\/logo-1.png\",\"contentUrl\":\"https:\/\/11ponto11servidor.com.br\/blogsrsiape\/wp-content\/uploads\/sites\/2\/2024\/10\/logo-1.png\",\"width\":287,\"height\":116,\"caption\":\"Blog do sr. SIAPE\"},\"image\":{\"@id\":\"https:\/\/blogdosrsiape.com\/#\/schema\/logo\/image\/\"},\"sameAs\":[\"https:\/\/www.facebook.com\/blogsrsiape\/?locale=pt_BR\",\"https:\/\/www.instagram.com\/srsiape\/\"]},{\"@type\":\"Person\",\"@id\":\"https:\/\/blogdosrsiape.com\/#\/schema\/person\/641e1af8b22c69725a1d604fb8959bcf\",\"name\":\"websitemix\",\"sameAs\":[\"https:\/\/11ponto11servidor.com.br\"],\"url\":\"https:\/\/11ponto11servidor.com.br\/blogsrsiape\/author\/websitemix\/\"}]}<\/script>\n<!-- \/ Yoast SEO plugin. -->","yoast_head_json":{"title":"Reajuste de 5% para servidores federais come\u00e7a em abril de 2026; veja quem ter\u00e1 aumento - Blog do Sr. SIAPE","description":"Servidores do Executivo Federal ter\u00e3o reajuste de 5% a partir de abril de 2026. Veja quais carreiras ser\u00e3o contempladas e como o aumento....","robots":{"index":"index","follow":"follow","max-snippet":"max-snippet:-1","max-image-preview":"max-image-preview:large","max-video-preview":"max-video-preview:-1"},"canonical":"https:\/\/blogdosrsiape.com\/reajuste-de-5-para-servidores-federais-comeca-em-abril-de-2026-veja-quem-tera-aumento\/","og_locale":"pt_BR","og_type":"article","og_title":"Reajuste de 5% para servidores federais come\u00e7a em abril de 2026; veja quem ter\u00e1 aumento - Blog do Sr. SIAPE","og_description":"Servidores do Executivo Federal ter\u00e3o reajuste de 5% a partir de abril de 2026. Veja quais carreiras ser\u00e3o contempladas e como o aumento....","og_url":"https:\/\/blogdosrsiape.com\/reajuste-de-5-para-servidores-federais-comeca-em-abril-de-2026-veja-quem-tera-aumento\/","og_site_name":"Blog do Sr. SIAPE","article_publisher":"https:\/\/www.facebook.com\/blogsrsiape\/?locale=pt_BR","article_published_time":"2026-03-10T15:25:42+00:00","og_image":[{"width":1536,"height":1024,"url":"https:\/\/11ponto11servidor.com.br\/blogsrsiape\/wp-content\/uploads\/sites\/2\/2026\/03\/ChatGPT-Image-10-de-mar.-de-2026-12_17_23-1.png","type":"image\/png"}],"author":"websitemix","twitter_card":"summary_large_image","twitter_misc":{"Escrito por":"websitemix","Est. tempo de leitura":"3 minutos"},"schema":{"@context":"https:\/\/schema.org","@graph":[{"@type":"Article","@id":"https:\/\/blogdosrsiape.com\/reajuste-de-5-para-servidores-federais-comeca-em-abril-de-2026-veja-quem-tera-aumento\/#article","isPartOf":{"@id":"https:\/\/blogdosrsiape.com\/reajuste-de-5-para-servidores-federais-comeca-em-abril-de-2026-veja-quem-tera-aumento\/"},"author":{"name":"websitemix","@id":"https:\/\/blogdosrsiape.com\/#\/schema\/person\/641e1af8b22c69725a1d604fb8959bcf"},"headline":"Reajuste de 5% para servidores federais come\u00e7a em abril de 2026; veja quem ter\u00e1 aumento","datePublished":"2026-03-10T15:25:42+00:00","dateModified":"2026-03-10T15:25:42+00:00","mainEntityOfPage":{"@id":"https:\/\/blogdosrsiape.com\/reajuste-de-5-para-servidores-federais-comeca-em-abril-de-2026-veja-quem-tera-aumento\/"},"wordCount":415,"commentCount":0,"publisher":{"@id":"https:\/\/blogdosrsiape.com\/#organization"},"image":{"@id":"https:\/\/blogdosrsiape.com\/reajuste-de-5-para-servidores-federais-comeca-em-abril-de-2026-veja-quem-tera-aumento\/#primaryimage"},"thumbnailUrl":"https:\/\/11ponto11servidor.com.br\/blogsrsiape\/wp-content\/uploads\/sites\/2\/2026\/03\/ChatGPT-Image-10-de-mar.-de-2026-12_17_23-1.png","articleSection":["Geral"],"inLanguage":"pt-BR","potentialAction":[{"@type":"CommentAction","name":"Comment","target":["https:\/\/blogdosrsiape.com\/reajuste-de-5-para-servidores-federais-comeca-em-abril-de-2026-veja-quem-tera-aumento\/#respond"]}]},{"@type":"WebPage","@id":"https:\/\/blogdosrsiape.com\/reajuste-de-5-para-servidores-federais-comeca-em-abril-de-2026-veja-quem-tera-aumento\/","url":"https:\/\/blogdosrsiape.com\/reajuste-de-5-para-servidores-federais-comeca-em-abril-de-2026-veja-quem-tera-aumento\/","name":"Reajuste de 5% para servidores federais come\u00e7a em abril de 2026; veja quem ter\u00e1 aumento - Blog do Sr. SIAPE","isPartOf":{"@id":"https:\/\/blogdosrsiape.com\/#website"},"primaryImageOfPage":{"@id":"https:\/\/blogdosrsiape.com\/reajuste-de-5-para-servidores-federais-comeca-em-abril-de-2026-veja-quem-tera-aumento\/#primaryimage"},"image":{"@id":"https:\/\/blogdosrsiape.com\/reajuste-de-5-para-servidores-federais-comeca-em-abril-de-2026-veja-quem-tera-aumento\/#primaryimage"},"thumbnailUrl":"https:\/\/11ponto11servidor.com.br\/blogsrsiape\/wp-content\/uploads\/sites\/2\/2026\/03\/ChatGPT-Image-10-de-mar.-de-2026-12_17_23-1.png","datePublished":"2026-03-10T15:25:42+00:00","dateModified":"2026-03-10T15:25:42+00:00","description":"Servidores do Executivo Federal ter\u00e3o reajuste de 5% a partir de abril de 2026. Veja quais carreiras ser\u00e3o contempladas e como o aumento....","breadcrumb":{"@id":"https:\/\/blogdosrsiape.com\/reajuste-de-5-para-servidores-federais-comeca-em-abril-de-2026-veja-quem-tera-aumento\/#breadcrumb"},"inLanguage":"pt-BR","potentialAction":[{"@type":"ReadAction","target":["https:\/\/blogdosrsiape.com\/reajuste-de-5-para-servidores-federais-comeca-em-abril-de-2026-veja-quem-tera-aumento\/"]}]},{"@type":"ImageObject","inLanguage":"pt-BR","@id":"https:\/\/blogdosrsiape.com\/reajuste-de-5-para-servidores-federais-comeca-em-abril-de-2026-veja-quem-tera-aumento\/#primaryimage","url":"https:\/\/11ponto11servidor.com.br\/blogsrsiape\/wp-content\/uploads\/sites\/2\/2026\/03\/ChatGPT-Image-10-de-mar.-de-2026-12_17_23-1.png","contentUrl":"https:\/\/11ponto11servidor.com.br\/blogsrsiape\/wp-content\/uploads\/sites\/2\/2026\/03\/ChatGPT-Image-10-de-mar.-de-2026-12_17_23-1.png","width":1536,"height":1024,"caption":"reajuste servidores"},{"@type":"BreadcrumbList","@id":"https:\/\/blogdosrsiape.com\/reajuste-de-5-para-servidores-federais-comeca-em-abril-de-2026-veja-quem-tera-aumento\/#breadcrumb","itemListElement":[{"@type":"ListItem","position":1,"name":"In\u00edcio","item":"https:\/\/blogdosrsiape.com\/"},{"@type":"ListItem","position":2,"name":"Reajuste de 5% para servidores federais come\u00e7a em abril de 2026; veja quem ter\u00e1 aumento"}]},{"@type":"WebSite","@id":"https:\/\/blogdosrsiape.com\/#website","url":"https:\/\/blogdosrsiape.com\/","name":"Blog do sr. SIAPE","description":"SIAPE Servidor Federal","publisher":{"@id":"https:\/\/blogdosrsiape.com\/#organization"},"potentialAction":[{"@type":"SearchAction","target":{"@type":"EntryPoint","urlTemplate":"https:\/\/blogdosrsiape.com\/?s={search_term_string}"},"query-input":{"@type":"PropertyValueSpecification","valueRequired":true,"valueName":"search_term_string"}}],"inLanguage":"pt-BR"},{"@type":"Organization","@id":"https:\/\/blogdosrsiape.com\/#organization","name":"Blog do sr. SIAPE","url":"https:\/\/blogdosrsiape.com\/","logo":{"@type":"ImageObject","inLanguage":"pt-BR","@id":"https:\/\/blogdosrsiape.com\/#\/schema\/logo\/image\/","url":"https:\/\/11ponto11servidor.com.br\/blogsrsiape\/wp-content\/uploads\/sites\/2\/2024\/10\/logo-1.png","contentUrl":"https:\/\/11ponto11servidor.com.br\/blogsrsiape\/wp-content\/uploads\/sites\/2\/2024\/10\/logo-1.png","width":287,"height":116,"caption":"Blog do sr. SIAPE"},"image":{"@id":"https:\/\/blogdosrsiape.com\/#\/schema\/logo\/image\/"},"sameAs":["https:\/\/www.facebook.com\/blogsrsiape\/?locale=pt_BR","https:\/\/www.instagram.com\/srsiape\/"]},{"@type":"Person","@id":"https:\/\/blogdosrsiape.com\/#\/schema\/person\/641e1af8b22c69725a1d604fb8959bcf","name":"websitemix","sameAs":["https:\/\/11ponto11servidor.com.br"],"url":"https:\/\/11ponto11servidor.com.br\/blogsrsiape\/author\/websitemix\/"}]}},"_links":{"self":[{"href":"https:\/\/11ponto11servidor.com.br\/blogsrsiape\/wp-json\/wp\/v2\/posts\/14497"}],"collection":[{"href":"https:\/\/11ponto11servidor.com.br\/blogsrsiape\/wp-json\/wp\/v2\/posts"}],"about":[{"href":"https:\/\/11ponto11servidor.com.br\/blogsrsiape\/wp-json\/wp\/v2\/types\/post"}],"author":[{"embeddable":true,"href":"https:\/\/11ponto11servidor.com.br\/blogsrsiape\/wp-json\/wp\/v2\/users\/1"}],"replies":[{"embeddable":true,"href":"https:\/\/11ponto11servidor.com.br\/blogsrsiape\/wp-json\/wp\/v2\/comments?post=14497"}],"version-history":[{"count":1,"href":"https:\/\/11ponto11servidor.com.br\/blogsrsiape\/wp-json\/wp\/v2\/posts\/14497\/revisions"}],"predecessor-version":[{"id":14499,"href":"https:\/\/11ponto11servidor.com.br\/blogsrsiape\/wp-json\/wp\/v2\/posts\/14497\/revisions\/14499"}],"wp:featuredmedia":[{"embeddable":true,"href":"https:\/\/11ponto11servidor.com.br\/blogsrsiape\/wp-json\/wp\/v2\/media\/14498"}],"wp:attachment":[{"href":"https:\/\/11ponto11servidor.com.br\/blogsrsiape\/wp-json\/wp\/v2\/media?parent=14497"}],"wp:term":[{"taxonomy":"category","embeddable":true,"href":"https:\/\/11ponto11servidor.com.br\/blogsrsiape\/wp-json\/wp\/v2\/categories?post=14497"},{"taxonomy":"post_tag","embeddable":true,"href":"https:\/\/11ponto11servidor.com.br\/blogsrsiape\/wp-json\/wp\/v2\/tags?post=14497"}],"curies":[{"name":"wp","href":"https:\/\/api.w.org\/{rel}","templated":true}]}}