{"id":14500,"date":"2026-03-12T13:23:22","date_gmt":"2026-03-12T16:23:22","guid":{"rendered":"https:\/\/blogdosrsiape.com\/?p=14500"},"modified":"2026-03-12T13:23:22","modified_gmt":"2026-03-12T16:23:22","slug":"senado-aprova-projeto-que-reorganiza-carreiras-e-concede-reajustes-a-servidores-federais","status":"publish","type":"post","link":"https:\/\/11ponto11servidor.com.br\/blogsrsiape\/senado-aprova-projeto-que-reorganiza-carreiras-e-concede-reajustes-a-servidores-federais\/","title":{"rendered":"Senado aprova projeto que reorganiza carreiras e concede reajustes a servidores federais"},"content":{"rendered":"<p data-start=\"265\" data-end=\"531\">O Senado Federal aprovou um projeto de lei que reorganiza diversas carreiras dos Servidores Federais e prev\u00ea reajustes salariais para categorias do Executivo. O texto j\u00e1 havia passado pela C\u00e2mara dos Deputados e agora segue para san\u00e7\u00e3o do presidente da Rep\u00fablica.<\/p>\n<p data-start=\"265\" data-end=\"531\"><a href=\"https:\/\/seucreditonoclick.com.br\/\"><img loading=\"lazy\" decoding=\"async\" class=\"alignnone wp-image-14478 size-full\" src=\"https:\/\/11ponto11servidor.com.br\/blogsrsiape\/wp-content\/uploads\/sites\/2\/2026\/01\/As-contas-nao-param-de-chegar-1.jpg\" alt=\"\" width=\"1660\" height=\"484\" srcset=\"https:\/\/11ponto11servidor.com.br\/blogsrsiape\/wp-content\/uploads\/sites\/2\/2026\/01\/As-contas-nao-param-de-chegar-1.jpg 1660w, https:\/\/11ponto11servidor.com.br\/blogsrsiape\/wp-content\/uploads\/sites\/2\/2026\/01\/As-contas-nao-param-de-chegar-1-300x87.jpg 300w, https:\/\/11ponto11servidor.com.br\/blogsrsiape\/wp-content\/uploads\/sites\/2\/2026\/01\/As-contas-nao-param-de-chegar-1-1024x299.jpg 1024w\" sizes=\"(max-width: 1660px) 100vw, 1660px\" \/><\/a><\/p>\n<p data-start=\"533\" data-end=\"780\">A proposta faz parte de um conjunto de medidas negociadas entre o governo e entidades representativas do funcionalismo ao longo de 2023 e 2024, com o objetivo de atualizar estruturas de carreira e tabelas salariais que estavam sem revis\u00e3o h\u00e1 anos.<\/p>\n<p data-start=\"782\" data-end=\"1004\">Segundo estimativas do governo, <strong data-start=\"814\" data-end=\"923\">centenas de milhares de servidores federais poder\u00e3o ser impactados direta ou indiretamente pelas mudan\u00e7as<\/strong>, que incluem novos cargos, reestrutura\u00e7\u00e3o de carreiras e ajustes na remunera\u00e7\u00e3o.<\/p>\n<h2 data-section-id=\"1dixhdc\" data-start=\"1006\" data-end=\"1048\">Reorganiza\u00e7\u00e3o de carreiras do Executivo<\/h2>\n<p data-start=\"1050\" data-end=\"1205\">O projeto promove mudan\u00e7as em diferentes carreiras da administra\u00e7\u00e3o p\u00fablica federal, alterando estruturas de progress\u00e3o, gratifica\u00e7\u00f5es e tabelas salariais.<\/p>\n<p data-start=\"1207\" data-end=\"1251\">Entre as principais medidas previstas est\u00e3o:<\/p>\n<ul data-start=\"1253\" data-end=\"1460\">\n<li data-section-id=\"1tid00\" data-start=\"1253\" data-end=\"1305\">\n<p data-start=\"1255\" data-end=\"1305\">Reestrutura\u00e7\u00e3o de carreiras do Executivo federal<\/p>\n<\/li>\n<li data-section-id=\"15w4vlv\" data-start=\"1306\" data-end=\"1376\">\n<p data-start=\"1308\" data-end=\"1376\">Atualiza\u00e7\u00e3o de tabelas de remunera\u00e7\u00e3o para determinadas categorias<\/p>\n<\/li>\n<li data-section-id=\"yf10e5\" data-start=\"1377\" data-end=\"1423\">\n<p data-start=\"1379\" data-end=\"1423\">Mudan\u00e7as em regras de progress\u00e3o funcional<\/p>\n<\/li>\n<li data-section-id=\"fy0l61\" data-start=\"1424\" data-end=\"1460\">\n<p data-start=\"1426\" data-end=\"1460\">Cria\u00e7\u00e3o de novos cargos p\u00fablicos<\/p>\n<\/li>\n<\/ul>\n<p><a href=\"https:\/\/seuseguronoclick.com.br\/\"><img loading=\"lazy\" decoding=\"async\" class=\"alignnone size-full wp-image-14486\" src=\"https:\/\/11ponto11servidor.com.br\/blogsrsiape\/wp-content\/uploads\/sites\/2\/2026\/02\/Ja-esta-na-hora-de-saber-que-Servidor-3.png\" alt=\"servidores federais desconto\" width=\"1875\" height=\"625\" srcset=\"https:\/\/11ponto11servidor.com.br\/blogsrsiape\/wp-content\/uploads\/sites\/2\/2026\/02\/Ja-esta-na-hora-de-saber-que-Servidor-3.png 1875w, https:\/\/11ponto11servidor.com.br\/blogsrsiape\/wp-content\/uploads\/sites\/2\/2026\/02\/Ja-esta-na-hora-de-saber-que-Servidor-3-300x100.png 300w, https:\/\/11ponto11servidor.com.br\/blogsrsiape\/wp-content\/uploads\/sites\/2\/2026\/02\/Ja-esta-na-hora-de-saber-que-Servidor-3-1024x341.png 1024w\" sizes=\"(max-width: 1875px) 100vw, 1875px\" \/><\/a><\/p>\n<p data-start=\"1462\" data-end=\"1673\">Tamb\u00e9m est\u00e1 prevista a cria\u00e7\u00e3o da <strong data-start=\"1496\" data-end=\"1555\">carreira de Analista T\u00e9cnico do Poder Executivo Federal<\/strong>, destinada a profissionais de n\u00edvel superior que atuar\u00e3o em atividades t\u00e9cnicas e administrativas em \u00f3rg\u00e3os federais.<\/p>\n<p data-start=\"1675\" data-end=\"1786\">A expectativa \u00e9 que essa nova carreira contribua para fortalecer a capacidade t\u00e9cnica da administra\u00e7\u00e3o p\u00fablica.<\/p>\n<h2 data-section-id=\"d5mi27\" data-start=\"1788\" data-end=\"1824\">Categorias com mudan\u00e7as salariais<\/h2>\n<p data-start=\"1826\" data-end=\"1973\">Algumas carreiras que participaram das negocia\u00e7\u00f5es salariais com o governo federal est\u00e3o entre as que ter\u00e3o ajustes em suas tabelas de remunera\u00e7\u00e3o.<\/p>\n<p data-start=\"1975\" data-end=\"1992\">Entre elas est\u00e3o:<\/p>\n<ul data-start=\"1994\" data-end=\"2154\">\n<li data-section-id=\"1cgw10y\" data-start=\"1994\" data-end=\"2048\">\n<p data-start=\"1996\" data-end=\"2048\">Carreira Tribut\u00e1ria e Aduaneira da Receita Federal<\/p>\n<\/li>\n<li data-section-id=\"gk1f6z\" data-start=\"2049\" data-end=\"2081\">\n<p data-start=\"2051\" data-end=\"2081\">Auditoria-Fiscal do Trabalho<\/p>\n<\/li>\n<li data-section-id=\"1qndqbz\" data-start=\"2082\" data-end=\"2154\">\n<p data-start=\"2084\" data-end=\"2154\">M\u00e9dicos e m\u00e9dicos veterin\u00e1rios vinculados ao servi\u00e7o p\u00fablico federal<\/p>\n<\/li>\n<\/ul>\n<p data-start=\"2156\" data-end=\"2308\">Para parte dessas categorias, os novos valores salariais devem come\u00e7ar a valer <strong data-start=\"2235\" data-end=\"2264\">a partir de abril de 2026<\/strong>, conforme o cronograma previsto no projeto.<\/p>\n<h2 data-section-id=\"hx813m\" data-start=\"2310\" data-end=\"2348\">Cria\u00e7\u00e3o de milhares de novos cargos<\/h2>\n<p data-start=\"2350\" data-end=\"2510\">Outro ponto importante do projeto \u00e9 a autoriza\u00e7\u00e3o para cria\u00e7\u00e3o de <strong data-start=\"2416\" data-end=\"2474\">mais de 24 mil novos cargos no servi\u00e7o p\u00fablico federal<\/strong>, especialmente na \u00e1rea da educa\u00e7\u00e3o.<\/p>\n<p data-start=\"2512\" data-end=\"2544\">Entre os cargos previstos est\u00e3o:<\/p>\n<ul data-start=\"2546\" data-end=\"2726\">\n<li data-section-id=\"b8y1ui\" data-start=\"2546\" data-end=\"2589\">\n<p data-start=\"2548\" data-end=\"2589\">Professores para universidades federais<\/p>\n<\/li>\n<li data-section-id=\"49r7p4\" data-start=\"2590\" data-end=\"2642\">\n<p data-start=\"2592\" data-end=\"2642\">Professores para institutos federais de educa\u00e7\u00e3o<\/p>\n<\/li>\n<li data-section-id=\"eq8su6\" data-start=\"2643\" data-end=\"2683\">\n<p data-start=\"2645\" data-end=\"2683\">T\u00e9cnicos administrativos em educa\u00e7\u00e3o<\/p>\n<\/li>\n<li data-section-id=\"1a8jtc6\" data-start=\"2684\" data-end=\"2726\">\n<p data-start=\"2686\" data-end=\"2726\">Analistas para atividades educacionais<\/p>\n<\/li>\n<\/ul>\n<p data-start=\"2728\" data-end=\"2884\">Segundo o governo, a medida busca refor\u00e7ar a estrutura de universidades e institutos federais, al\u00e9m de ampliar a capacidade de atendimento das institui\u00e7\u00f5es.<\/p>\n<p data-start=\"2728\" data-end=\"2884\"><a href=\"https:\/\/api.whatsapp.com\/send\/?phone=5511987978689&amp;text=Ol%C3%A1,%20quero%20falar%20com%20o%20especialista%20em%20consorcio\"><img loading=\"lazy\" decoding=\"async\" class=\"alignnone wp-image-14494 size-full\" src=\"https:\/\/11ponto11servidor.com.br\/blogsrsiape\/wp-content\/uploads\/sites\/2\/2026\/03\/63cce56f-7773-46b8-89d4-0b683bc69a69-1.png\" alt=\"\" width=\"1536\" height=\"1024\" srcset=\"https:\/\/11ponto11servidor.com.br\/blogsrsiape\/wp-content\/uploads\/sites\/2\/2026\/03\/63cce56f-7773-46b8-89d4-0b683bc69a69-1.png 1536w, https:\/\/11ponto11servidor.com.br\/blogsrsiape\/wp-content\/uploads\/sites\/2\/2026\/03\/63cce56f-7773-46b8-89d4-0b683bc69a69-1-300x200.png 300w, https:\/\/11ponto11servidor.com.br\/blogsrsiape\/wp-content\/uploads\/sites\/2\/2026\/03\/63cce56f-7773-46b8-89d4-0b683bc69a69-1-1024x683.png 1024w\" sizes=\"(max-width: 1536px) 100vw, 1536px\" \/><\/a><\/p>\n<h2 data-section-id=\"1exii8p\" data-start=\"2886\" data-end=\"2904\">Pr\u00f3ximos passos<\/h2>\n<p data-start=\"2906\" data-end=\"2984\">Com a aprova\u00e7\u00e3o no Senado, o projeto agora segue para <strong data-start=\"2960\" data-end=\"2983\">san\u00e7\u00e3o presidencial<\/strong>.<\/p>\n<p data-start=\"2986\" data-end=\"3124\">Caso seja sancionado sem vetos, as mudan\u00e7as poder\u00e3o come\u00e7ar a ser implementadas ainda em 2026, conforme o cronograma definido na proposta.<\/p>\n<p data-start=\"3126\" data-end=\"3357\">Para servidores federais ativos, aposentados e pensionistas, o tema \u00e9 acompanhado com aten\u00e7\u00e3o, j\u00e1 que a reorganiza\u00e7\u00e3o das carreiras pode impactar diretamente a estrutura salarial e o futuro das negocia\u00e7\u00f5es no funcionalismo p\u00fablico.<\/p>\n","protected":false},"excerpt":{"rendered":"<p>O Senado Federal aprovou um projeto de lei que reorganiza diversas carreiras dos Servidores Federais e prev\u00ea reajustes salariais para categorias do Executivo. O texto j\u00e1 havia passado pela C\u00e2mara dos Deputados e agora segue para san\u00e7\u00e3o do presidente da Rep\u00fablica. A proposta faz parte de um conjunto de medidas negociadas entre o governo e&#8230;<\/p>\n","protected":false},"author":1,"featured_media":14501,"comment_status":"open","ping_status":"open","sticky":false,"template":"","format":"standard","meta":{"footnotes":""},"categories":[1],"tags":[],"class_list":["post-14500","post","type-post","status-publish","format-standard","has-post-thumbnail","hentry","category-geral"],"yoast_head":"<!-- This site is optimized with the Yoast SEO plugin v23.6 - https:\/\/yoast.com\/wordpress\/plugins\/seo\/ -->\n<title>Senado aprova projeto que reorganiza carreiras e concede reajustes a servidores federais - Blog do Sr. SIAPE<\/title>\n<meta name=\"description\" content=\"Senado aprova projeto que reorganiza carreiras do Executivo e prev\u00ea reajustes salariais para servidores federais. Veja quem \u00e9 afetado\" \/>\n<meta name=\"robots\" content=\"index, follow, max-snippet:-1, max-image-preview:large, max-video-preview:-1\" \/>\n<link rel=\"canonical\" href=\"https:\/\/blogdosrsiape.com\/senado-aprova-projeto-que-reorganiza-carreiras-e-concede-reajustes-a-servidores-federais\/\" \/>\n<meta property=\"og:locale\" content=\"pt_BR\" \/>\n<meta property=\"og:type\" content=\"article\" \/>\n<meta property=\"og:title\" content=\"Senado aprova projeto que reorganiza carreiras e concede reajustes a servidores federais - Blog do Sr. SIAPE\" \/>\n<meta property=\"og:description\" content=\"Senado aprova projeto que reorganiza carreiras do Executivo e prev\u00ea reajustes salariais para servidores federais. Veja quem \u00e9 afetado\" \/>\n<meta property=\"og:url\" content=\"https:\/\/blogdosrsiape.com\/senado-aprova-projeto-que-reorganiza-carreiras-e-concede-reajustes-a-servidores-federais\/\" \/>\n<meta property=\"og:site_name\" content=\"Blog do Sr. SIAPE\" \/>\n<meta property=\"article:publisher\" content=\"https:\/\/www.facebook.com\/blogsrsiape\/?locale=pt_BR\" \/>\n<meta property=\"article:published_time\" content=\"2026-03-12T16:23:22+00:00\" \/>\n<meta property=\"og:image\" content=\"https:\/\/11ponto11servidor.com.br\/blogsrsiape\/wp-content\/uploads\/sites\/2\/2026\/03\/ChatGPT-Image-12-de-mar-compressed.jpg\" \/>\n\t<meta property=\"og:image:width\" content=\"1536\" \/>\n\t<meta property=\"og:image:height\" content=\"1024\" \/>\n\t<meta property=\"og:image:type\" content=\"image\/jpeg\" \/>\n<meta name=\"author\" content=\"websitemix\" \/>\n<meta name=\"twitter:card\" content=\"summary_large_image\" \/>\n<meta name=\"twitter:label1\" content=\"Escrito por\" \/>\n\t<meta name=\"twitter:data1\" content=\"websitemix\" \/>\n\t<meta name=\"twitter:label2\" content=\"Est. tempo de leitura\" \/>\n\t<meta name=\"twitter:data2\" content=\"4 minutos\" \/>\n<script type=\"application\/ld+json\" class=\"yoast-schema-graph\">{\"@context\":\"https:\/\/schema.org\",\"@graph\":[{\"@type\":\"Article\",\"@id\":\"https:\/\/blogdosrsiape.com\/senado-aprova-projeto-que-reorganiza-carreiras-e-concede-reajustes-a-servidores-federais\/#article\",\"isPartOf\":{\"@id\":\"https:\/\/blogdosrsiape.com\/senado-aprova-projeto-que-reorganiza-carreiras-e-concede-reajustes-a-servidores-federais\/\"},\"author\":{\"name\":\"websitemix\",\"@id\":\"https:\/\/blogdosrsiape.com\/#\/schema\/person\/641e1af8b22c69725a1d604fb8959bcf\"},\"headline\":\"Senado aprova projeto que reorganiza carreiras e concede reajustes a servidores federais\",\"datePublished\":\"2026-03-12T16:23:22+00:00\",\"dateModified\":\"2026-03-12T16:23:22+00:00\",\"mainEntityOfPage\":{\"@id\":\"https:\/\/blogdosrsiape.com\/senado-aprova-projeto-que-reorganiza-carreiras-e-concede-reajustes-a-servidores-federais\/\"},\"wordCount\":502,\"commentCount\":0,\"publisher\":{\"@id\":\"https:\/\/blogdosrsiape.com\/#organization\"},\"image\":{\"@id\":\"https:\/\/blogdosrsiape.com\/senado-aprova-projeto-que-reorganiza-carreiras-e-concede-reajustes-a-servidores-federais\/#primaryimage\"},\"thumbnailUrl\":\"https:\/\/11ponto11servidor.com.br\/blogsrsiape\/wp-content\/uploads\/sites\/2\/2026\/03\/ChatGPT-Image-12-de-mar-compressed.jpg\",\"articleSection\":[\"Geral\"],\"inLanguage\":\"pt-BR\",\"potentialAction\":[{\"@type\":\"CommentAction\",\"name\":\"Comment\",\"target\":[\"https:\/\/blogdosrsiape.com\/senado-aprova-projeto-que-reorganiza-carreiras-e-concede-reajustes-a-servidores-federais\/#respond\"]}]},{\"@type\":\"WebPage\",\"@id\":\"https:\/\/blogdosrsiape.com\/senado-aprova-projeto-que-reorganiza-carreiras-e-concede-reajustes-a-servidores-federais\/\",\"url\":\"https:\/\/blogdosrsiape.com\/senado-aprova-projeto-que-reorganiza-carreiras-e-concede-reajustes-a-servidores-federais\/\",\"name\":\"Senado aprova projeto que reorganiza carreiras e concede reajustes a servidores federais - Blog do Sr. SIAPE\",\"isPartOf\":{\"@id\":\"https:\/\/blogdosrsiape.com\/#website\"},\"primaryImageOfPage\":{\"@id\":\"https:\/\/blogdosrsiape.com\/senado-aprova-projeto-que-reorganiza-carreiras-e-concede-reajustes-a-servidores-federais\/#primaryimage\"},\"image\":{\"@id\":\"https:\/\/blogdosrsiape.com\/senado-aprova-projeto-que-reorganiza-carreiras-e-concede-reajustes-a-servidores-federais\/#primaryimage\"},\"thumbnailUrl\":\"https:\/\/11ponto11servidor.com.br\/blogsrsiape\/wp-content\/uploads\/sites\/2\/2026\/03\/ChatGPT-Image-12-de-mar-compressed.jpg\",\"datePublished\":\"2026-03-12T16:23:22+00:00\",\"dateModified\":\"2026-03-12T16:23:22+00:00\",\"description\":\"Senado aprova projeto que reorganiza carreiras do Executivo e prev\u00ea reajustes salariais para servidores federais. Veja quem \u00e9 afetado\",\"breadcrumb\":{\"@id\":\"https:\/\/blogdosrsiape.com\/senado-aprova-projeto-que-reorganiza-carreiras-e-concede-reajustes-a-servidores-federais\/#breadcrumb\"},\"inLanguage\":\"pt-BR\",\"potentialAction\":[{\"@type\":\"ReadAction\",\"target\":[\"https:\/\/blogdosrsiape.com\/senado-aprova-projeto-que-reorganiza-carreiras-e-concede-reajustes-a-servidores-federais\/\"]}]},{\"@type\":\"ImageObject\",\"inLanguage\":\"pt-BR\",\"@id\":\"https:\/\/blogdosrsiape.com\/senado-aprova-projeto-que-reorganiza-carreiras-e-concede-reajustes-a-servidores-federais\/#primaryimage\",\"url\":\"https:\/\/11ponto11servidor.com.br\/blogsrsiape\/wp-content\/uploads\/sites\/2\/2026\/03\/ChatGPT-Image-12-de-mar-compressed.jpg\",\"contentUrl\":\"https:\/\/11ponto11servidor.com.br\/blogsrsiape\/wp-content\/uploads\/sites\/2\/2026\/03\/ChatGPT-Image-12-de-mar-compressed.jpg\",\"width\":1536,\"height\":1024,\"caption\":\"servidores carreiras\"},{\"@type\":\"BreadcrumbList\",\"@id\":\"https:\/\/blogdosrsiape.com\/senado-aprova-projeto-que-reorganiza-carreiras-e-concede-reajustes-a-servidores-federais\/#breadcrumb\",\"itemListElement\":[{\"@type\":\"ListItem\",\"position\":1,\"name\":\"In\u00edcio\",\"item\":\"https:\/\/blogdosrsiape.com\/\"},{\"@type\":\"ListItem\",\"position\":2,\"name\":\"Senado aprova projeto que reorganiza carreiras e concede reajustes a servidores federais\"}]},{\"@type\":\"WebSite\",\"@id\":\"https:\/\/blogdosrsiape.com\/#website\",\"url\":\"https:\/\/blogdosrsiape.com\/\",\"name\":\"Blog do sr. SIAPE\",\"description\":\"SIAPE Servidor Federal\",\"publisher\":{\"@id\":\"https:\/\/blogdosrsiape.com\/#organization\"},\"potentialAction\":[{\"@type\":\"SearchAction\",\"target\":{\"@type\":\"EntryPoint\",\"urlTemplate\":\"https:\/\/blogdosrsiape.com\/?s={search_term_string}\"},\"query-input\":{\"@type\":\"PropertyValueSpecification\",\"valueRequired\":true,\"valueName\":\"search_term_string\"}}],\"inLanguage\":\"pt-BR\"},{\"@type\":\"Organization\",\"@id\":\"https:\/\/blogdosrsiape.com\/#organization\",\"name\":\"Blog do sr. SIAPE\",\"url\":\"https:\/\/blogdosrsiape.com\/\",\"logo\":{\"@type\":\"ImageObject\",\"inLanguage\":\"pt-BR\",\"@id\":\"https:\/\/blogdosrsiape.com\/#\/schema\/logo\/image\/\",\"url\":\"https:\/\/11ponto11servidor.com.br\/blogsrsiape\/wp-content\/uploads\/sites\/2\/2024\/10\/logo-1.png\",\"contentUrl\":\"https:\/\/11ponto11servidor.com.br\/blogsrsiape\/wp-content\/uploads\/sites\/2\/2024\/10\/logo-1.png\",\"width\":287,\"height\":116,\"caption\":\"Blog do sr. SIAPE\"},\"image\":{\"@id\":\"https:\/\/blogdosrsiape.com\/#\/schema\/logo\/image\/\"},\"sameAs\":[\"https:\/\/www.facebook.com\/blogsrsiape\/?locale=pt_BR\",\"https:\/\/www.instagram.com\/srsiape\/\"]},{\"@type\":\"Person\",\"@id\":\"https:\/\/blogdosrsiape.com\/#\/schema\/person\/641e1af8b22c69725a1d604fb8959bcf\",\"name\":\"websitemix\",\"sameAs\":[\"https:\/\/11ponto11servidor.com.br\"],\"url\":\"https:\/\/11ponto11servidor.com.br\/blogsrsiape\/author\/websitemix\/\"}]}<\/script>\n<!-- \/ Yoast SEO plugin. -->","yoast_head_json":{"title":"Senado aprova projeto que reorganiza carreiras e concede reajustes a servidores federais - Blog do Sr. SIAPE","description":"Senado aprova projeto que reorganiza carreiras do Executivo e prev\u00ea reajustes salariais para servidores federais. Veja quem \u00e9 afetado","robots":{"index":"index","follow":"follow","max-snippet":"max-snippet:-1","max-image-preview":"max-image-preview:large","max-video-preview":"max-video-preview:-1"},"canonical":"https:\/\/blogdosrsiape.com\/senado-aprova-projeto-que-reorganiza-carreiras-e-concede-reajustes-a-servidores-federais\/","og_locale":"pt_BR","og_type":"article","og_title":"Senado aprova projeto que reorganiza carreiras e concede reajustes a servidores federais - Blog do Sr. SIAPE","og_description":"Senado aprova projeto que reorganiza carreiras do Executivo e prev\u00ea reajustes salariais para servidores federais. Veja quem \u00e9 afetado","og_url":"https:\/\/blogdosrsiape.com\/senado-aprova-projeto-que-reorganiza-carreiras-e-concede-reajustes-a-servidores-federais\/","og_site_name":"Blog do Sr. SIAPE","article_publisher":"https:\/\/www.facebook.com\/blogsrsiape\/?locale=pt_BR","article_published_time":"2026-03-12T16:23:22+00:00","og_image":[{"width":1536,"height":1024,"url":"https:\/\/11ponto11servidor.com.br\/blogsrsiape\/wp-content\/uploads\/sites\/2\/2026\/03\/ChatGPT-Image-12-de-mar-compressed.jpg","type":"image\/jpeg"}],"author":"websitemix","twitter_card":"summary_large_image","twitter_misc":{"Escrito por":"websitemix","Est. tempo de leitura":"4 minutos"},"schema":{"@context":"https:\/\/schema.org","@graph":[{"@type":"Article","@id":"https:\/\/blogdosrsiape.com\/senado-aprova-projeto-que-reorganiza-carreiras-e-concede-reajustes-a-servidores-federais\/#article","isPartOf":{"@id":"https:\/\/blogdosrsiape.com\/senado-aprova-projeto-que-reorganiza-carreiras-e-concede-reajustes-a-servidores-federais\/"},"author":{"name":"websitemix","@id":"https:\/\/blogdosrsiape.com\/#\/schema\/person\/641e1af8b22c69725a1d604fb8959bcf"},"headline":"Senado aprova projeto que reorganiza carreiras e concede reajustes a servidores federais","datePublished":"2026-03-12T16:23:22+00:00","dateModified":"2026-03-12T16:23:22+00:00","mainEntityOfPage":{"@id":"https:\/\/blogdosrsiape.com\/senado-aprova-projeto-que-reorganiza-carreiras-e-concede-reajustes-a-servidores-federais\/"},"wordCount":502,"commentCount":0,"publisher":{"@id":"https:\/\/blogdosrsiape.com\/#organization"},"image":{"@id":"https:\/\/blogdosrsiape.com\/senado-aprova-projeto-que-reorganiza-carreiras-e-concede-reajustes-a-servidores-federais\/#primaryimage"},"thumbnailUrl":"https:\/\/11ponto11servidor.com.br\/blogsrsiape\/wp-content\/uploads\/sites\/2\/2026\/03\/ChatGPT-Image-12-de-mar-compressed.jpg","articleSection":["Geral"],"inLanguage":"pt-BR","potentialAction":[{"@type":"CommentAction","name":"Comment","target":["https:\/\/blogdosrsiape.com\/senado-aprova-projeto-que-reorganiza-carreiras-e-concede-reajustes-a-servidores-federais\/#respond"]}]},{"@type":"WebPage","@id":"https:\/\/blogdosrsiape.com\/senado-aprova-projeto-que-reorganiza-carreiras-e-concede-reajustes-a-servidores-federais\/","url":"https:\/\/blogdosrsiape.com\/senado-aprova-projeto-que-reorganiza-carreiras-e-concede-reajustes-a-servidores-federais\/","name":"Senado aprova projeto que reorganiza carreiras e concede reajustes a servidores federais - Blog do Sr. SIAPE","isPartOf":{"@id":"https:\/\/blogdosrsiape.com\/#website"},"primaryImageOfPage":{"@id":"https:\/\/blogdosrsiape.com\/senado-aprova-projeto-que-reorganiza-carreiras-e-concede-reajustes-a-servidores-federais\/#primaryimage"},"image":{"@id":"https:\/\/blogdosrsiape.com\/senado-aprova-projeto-que-reorganiza-carreiras-e-concede-reajustes-a-servidores-federais\/#primaryimage"},"thumbnailUrl":"https:\/\/11ponto11servidor.com.br\/blogsrsiape\/wp-content\/uploads\/sites\/2\/2026\/03\/ChatGPT-Image-12-de-mar-compressed.jpg","datePublished":"2026-03-12T16:23:22+00:00","dateModified":"2026-03-12T16:23:22+00:00","description":"Senado aprova projeto que reorganiza carreiras do Executivo e prev\u00ea reajustes salariais para servidores federais. Veja quem \u00e9 afetado","breadcrumb":{"@id":"https:\/\/blogdosrsiape.com\/senado-aprova-projeto-que-reorganiza-carreiras-e-concede-reajustes-a-servidores-federais\/#breadcrumb"},"inLanguage":"pt-BR","potentialAction":[{"@type":"ReadAction","target":["https:\/\/blogdosrsiape.com\/senado-aprova-projeto-que-reorganiza-carreiras-e-concede-reajustes-a-servidores-federais\/"]}]},{"@type":"ImageObject","inLanguage":"pt-BR","@id":"https:\/\/blogdosrsiape.com\/senado-aprova-projeto-que-reorganiza-carreiras-e-concede-reajustes-a-servidores-federais\/#primaryimage","url":"https:\/\/11ponto11servidor.com.br\/blogsrsiape\/wp-content\/uploads\/sites\/2\/2026\/03\/ChatGPT-Image-12-de-mar-compressed.jpg","contentUrl":"https:\/\/11ponto11servidor.com.br\/blogsrsiape\/wp-content\/uploads\/sites\/2\/2026\/03\/ChatGPT-Image-12-de-mar-compressed.jpg","width":1536,"height":1024,"caption":"servidores carreiras"},{"@type":"BreadcrumbList","@id":"https:\/\/blogdosrsiape.com\/senado-aprova-projeto-que-reorganiza-carreiras-e-concede-reajustes-a-servidores-federais\/#breadcrumb","itemListElement":[{"@type":"ListItem","position":1,"name":"In\u00edcio","item":"https:\/\/blogdosrsiape.com\/"},{"@type":"ListItem","position":2,"name":"Senado aprova projeto que reorganiza carreiras e concede reajustes a servidores federais"}]},{"@type":"WebSite","@id":"https:\/\/blogdosrsiape.com\/#website","url":"https:\/\/blogdosrsiape.com\/","name":"Blog do sr. SIAPE","description":"SIAPE Servidor Federal","publisher":{"@id":"https:\/\/blogdosrsiape.com\/#organization"},"potentialAction":[{"@type":"SearchAction","target":{"@type":"EntryPoint","urlTemplate":"https:\/\/blogdosrsiape.com\/?s={search_term_string}"},"query-input":{"@type":"PropertyValueSpecification","valueRequired":true,"valueName":"search_term_string"}}],"inLanguage":"pt-BR"},{"@type":"Organization","@id":"https:\/\/blogdosrsiape.com\/#organization","name":"Blog do sr. SIAPE","url":"https:\/\/blogdosrsiape.com\/","logo":{"@type":"ImageObject","inLanguage":"pt-BR","@id":"https:\/\/blogdosrsiape.com\/#\/schema\/logo\/image\/","url":"https:\/\/11ponto11servidor.com.br\/blogsrsiape\/wp-content\/uploads\/sites\/2\/2024\/10\/logo-1.png","contentUrl":"https:\/\/11ponto11servidor.com.br\/blogsrsiape\/wp-content\/uploads\/sites\/2\/2024\/10\/logo-1.png","width":287,"height":116,"caption":"Blog do sr. SIAPE"},"image":{"@id":"https:\/\/blogdosrsiape.com\/#\/schema\/logo\/image\/"},"sameAs":["https:\/\/www.facebook.com\/blogsrsiape\/?locale=pt_BR","https:\/\/www.instagram.com\/srsiape\/"]},{"@type":"Person","@id":"https:\/\/blogdosrsiape.com\/#\/schema\/person\/641e1af8b22c69725a1d604fb8959bcf","name":"websitemix","sameAs":["https:\/\/11ponto11servidor.com.br"],"url":"https:\/\/11ponto11servidor.com.br\/blogsrsiape\/author\/websitemix\/"}]}},"_links":{"self":[{"href":"https:\/\/11ponto11servidor.com.br\/blogsrsiape\/wp-json\/wp\/v2\/posts\/14500"}],"collection":[{"href":"https:\/\/11ponto11servidor.com.br\/blogsrsiape\/wp-json\/wp\/v2\/posts"}],"about":[{"href":"https:\/\/11ponto11servidor.com.br\/blogsrsiape\/wp-json\/wp\/v2\/types\/post"}],"author":[{"embeddable":true,"href":"https:\/\/11ponto11servidor.com.br\/blogsrsiape\/wp-json\/wp\/v2\/users\/1"}],"replies":[{"embeddable":true,"href":"https:\/\/11ponto11servidor.com.br\/blogsrsiape\/wp-json\/wp\/v2\/comments?post=14500"}],"version-history":[{"count":1,"href":"https:\/\/11ponto11servidor.com.br\/blogsrsiape\/wp-json\/wp\/v2\/posts\/14500\/revisions"}],"predecessor-version":[{"id":14502,"href":"https:\/\/11ponto11servidor.com.br\/blogsrsiape\/wp-json\/wp\/v2\/posts\/14500\/revisions\/14502"}],"wp:featuredmedia":[{"embeddable":true,"href":"https:\/\/11ponto11servidor.com.br\/blogsrsiape\/wp-json\/wp\/v2\/media\/14501"}],"wp:attachment":[{"href":"https:\/\/11ponto11servidor.com.br\/blogsrsiape\/wp-json\/wp\/v2\/media?parent=14500"}],"wp:term":[{"taxonomy":"category","embeddable":true,"href":"https:\/\/11ponto11servidor.com.br\/blogsrsiape\/wp-json\/wp\/v2\/categories?post=14500"},{"taxonomy":"post_tag","embeddable":true,"href":"https:\/\/11ponto11servidor.com.br\/blogsrsiape\/wp-json\/wp\/v2\/tags?post=14500"}],"curies":[{"name":"wp","href":"https:\/\/api.w.org\/{rel}","templated":true}]}}