{"id":14839,"date":"2026-09-01T15:54:10","date_gmt":"2026-09-01T18:54:10","guid":{"rendered":"https:\/\/blogdosrsiape.com\/?p=14839"},"modified":"2026-09-01T15:59:42","modified_gmt":"2026-09-01T18:59:42","slug":"reajuste-dos-servidores-em-2027-pode-ser-limitado-pela-regra-fiscal","status":"publish","type":"post","link":"https:\/\/11ponto11servidor.com.br\/blogsrsiape\/reajuste-dos-servidores-em-2027-pode-ser-limitado-pela-regra-fiscal\/","title":{"rendered":"Reajuste dos servidores em 2027 pode ser limitado pela regra fiscal"},"content":{"rendered":"<div class=\"_markdown_1ng8u_19\">\n<h2><div id=\"blogd-1000338319\" style=\"margin-top: 10px;margin-bottom: 10px;margin-left: auto;margin-right: auto;text-align: center;\"><a data-bid=\"2\" data-no-instant=\"1\" href=\"https:\/\/11ponto11servidor.com.br\/blogsrsiape\/linkout\/14708\" rel=\"noopener\" class=\"notrack\" target=\"_blank\" aria-label=\"As contas n\u00e3o param de chegar (4)\"><img loading=\"lazy\" decoding=\"async\" src=\"https:\/\/11ponto11servidor.com.br\/blogsrsiape\/wp-content\/uploads\/sites\/2\/2024\/04\/As-contas-nao-param-de-chegar-4.gif\" alt=\"\"  width=\"970\" height=\"250\"  style=\"display: inline-block;\" \/><\/a><\/div><\/h2>\n<h2 id=\"reajustedosservidoresem2027podeserlimitadopelaregrafiscal\"><span style=\"font-size: 16px;\">O reajuste dos servidores em 2027 poder\u00e1 ficar limitado \u00e0 reposi\u00e7\u00e3o da infla\u00e7\u00e3o, sem aumento real, caso sejam aplicadas as restri\u00e7\u00f5es previstas no chamado gatilho fiscal.<\/span><\/h2>\n<\/div>\n<div class=\"_markdown_1ng8u_19\">\n<p>A informa\u00e7\u00e3o consta da proposta de Or\u00e7amento de 2027 enviada pelo governo federal ao Congresso Nacional em 31 de agosto de 2026. Segundo a not\u00edcia divulgada pelo G1, a regra est\u00e1 relacionada ao resultado negativo das contas p\u00fablicas e estabelece limites para o crescimento das despesas com pessoal.<\/p>\n<\/div>\n<div class=\"_markdown_1ng8u_19\">\n<p>A proposta ainda ser\u00e1 analisada por deputados e senadores. Portanto,\u00a0<strong>n\u00e3o \u00e9 correto afirmar que todos os servidores j\u00e1 perderam o direito a reajuste ou que haver\u00e1 congelamento geral dos sal\u00e1rios<\/strong>.<\/p>\n<\/div>\n<div class=\"_markdown_1ng8u_19\">\n<p>O ponto confirmado neste momento \u00e9 que o texto or\u00e7ament\u00e1rio foi encaminhado ao Legislativo com uma limita\u00e7\u00e3o para novas despesas com pessoal, em um cen\u00e1rio de d\u00e9ficit prim\u00e1rio.<\/p>\n<\/div>\n<div class=\"_markdown_1ng8u_19\">\n<h2 id=\"oqueaconteceucomooramentode2027\">O que aconteceu com o Or\u00e7amento de 2027?<\/h2>\n<\/div>\n<div class=\"_markdown_1ng8u_19\">\n<p>O governo federal encaminhou ao Congresso Nacional o Projeto de Lei Or\u00e7ament\u00e1ria Anual de 2027, conhecido como PLOA 2027.<\/p>\n<\/div>\n<div class=\"_markdown_1ng8u_19\">\n<p>A proposta serve de base para definir as receitas e despesas da Uni\u00e3o no pr\u00f3ximo ano. Ela precisa ser analisada, modificada eventualmente pelos parlamentares e aprovada antes de se transformar na Lei Or\u00e7ament\u00e1ria Anual.<\/p>\n<\/div>\n<div class=\"_markdown_1ng8u_19\">\n<p>A discuss\u00e3o sobre os sal\u00e1rios dos servidores aparece em um contexto de maior controle das despesas p\u00fablicas. O governo considera que o resultado negativo das contas p\u00fablicas ativa mecanismos previstos no regime fiscal sustent\u00e1vel.<\/p>\n<\/div>\n<div class=\"_markdown_1ng8u_19\">\n<p>A Lei Complementar n\u00ba 200\/2023 instituiu o regime fiscal sustent\u00e1vel e estabeleceu regras para controlar o crescimento das despesas p\u00fablicas. O texto legal pode ser consultado no\u00a0<a href=\"https:\/\/www.planalto.gov.br\/ccivil_03\/leis\/lcp\/lcp200.htm\" target=\"_blank\" rel=\"noopener noreferrer\">Planalto<\/a>.<\/p>\n<\/div>\n<div class=\"_markdown_1ng8u_19\">\n<h2 id=\"oqueogatilhofiscal\">O que \u00e9 o gatilho fiscal?<\/h2>\n<\/div>\n<div class=\"_markdown_1ng8u_19\">\n<p>O gatilho fiscal \u00e9 um mecanismo que imp\u00f5e restri\u00e7\u00f5es adicionais quando determinadas metas fiscais n\u00e3o s\u00e3o cumpridas, especialmente em situa\u00e7\u00f5es de d\u00e9ficit prim\u00e1rio.<\/p>\n<\/div>\n<div class=\"_markdown_1ng8u_19\">\n<p>O d\u00e9ficit prim\u00e1rio ocorre quando as despesas do governo, sem contar os juros da d\u00edvida p\u00fablica, superam as receitas. Quando h\u00e1 resultado negativo, algumas despesas podem ficar sujeitas a limites mais r\u00edgidos no per\u00edodo seguinte.<\/p>\n<\/div>\n<div class=\"_markdown_1ng8u_19\">\n<p>De acordo com a not\u00edcia-base, o d\u00e9ficit registrado em 2025 e a previs\u00e3o de novo resultado negativo em 2026 contribuem para a aplica\u00e7\u00e3o das restri\u00e7\u00f5es em 2027.<\/p>\n<\/div>\n<div class=\"_markdown_1ng8u_19\">\n<p>A regra pode ser suspensa quando houver recupera\u00e7\u00e3o do resultado fiscal, com a volta do super\u00e1vit prim\u00e1rio, conforme os par\u00e2metros apresentados na cobertura do tema.<\/p>\n<\/div>\n<div id=\"blogd-902064224\" style=\"margin-top: 10px;margin-bottom: 9px;\"><a data-bid=\"2\" data-no-instant=\"1\" href=\"https:\/\/11ponto11servidor.com.br\/blogsrsiape\/linkout\/14687\" rel=\"noopener\" class=\"notrack\" target=\"_blank\" aria-label=\"Ja-esta-na-hora-de-saber-que-Servidor-3.png\"><img loading=\"lazy\" decoding=\"async\" src=\"https:\/\/11ponto11servidor.com.br\/blogsrsiape\/wp-content\/uploads\/sites\/2\/2026\/07\/Ja-esta-na-hora-de-saber-que-Servidor-3-1.png\" alt=\"\"  srcset=\"https:\/\/11ponto11servidor.com.br\/blogsrsiape\/wp-content\/uploads\/sites\/2\/2026\/07\/Ja-esta-na-hora-de-saber-que-Servidor-3-1.png 1600w, https:\/\/11ponto11servidor.com.br\/blogsrsiape\/wp-content\/uploads\/sites\/2\/2026\/07\/Ja-esta-na-hora-de-saber-que-Servidor-3-1-300x100.png 300w, https:\/\/11ponto11servidor.com.br\/blogsrsiape\/wp-content\/uploads\/sites\/2\/2026\/07\/Ja-esta-na-hora-de-saber-que-Servidor-3-1-1024x341.png 1024w, https:\/\/11ponto11servidor.com.br\/blogsrsiape\/wp-content\/uploads\/sites\/2\/2026\/07\/Ja-esta-na-hora-de-saber-que-Servidor-3-1-768x256.png 768w, https:\/\/11ponto11servidor.com.br\/blogsrsiape\/wp-content\/uploads\/sites\/2\/2026\/07\/Ja-esta-na-hora-de-saber-que-Servidor-3-1-1536x512.png 1536w\" sizes=\"(max-width: 1600px) 100vw, 1600px\" width=\"970\" height=\"250\"   \/><\/a><\/div>\n<p>&nbsp;<\/p>\n<div class=\"_markdown_1ng8u_19\">\n<h2 id=\"qualolimiteprevistoparaasdespesascomservidores\">Qual \u00e9 o limite previsto para as despesas com servidores?<\/h2>\n<\/div>\n<div class=\"_markdown_1ng8u_19\">\n<p>A proposta considera que, at\u00e9 2030, as despesas com servidores n\u00e3o poder\u00e3o crescer acima do limite permitido pelo arcabou\u00e7o fiscal quando as contas p\u00fablicas permanecerem no vermelho.<\/p>\n<\/div>\n<div class=\"_markdown_1ng8u_19\">\n<p>O par\u00e2metro citado \u00e9 de\u00a0<strong>0,6% ao ano acima da infla\u00e7\u00e3o<\/strong>\u00a0para o crescimento real das despesas.<\/p>\n<\/div>\n<div class=\"_markdown_1ng8u_19\">\n<p>Isso n\u00e3o deve ser interpretado como autoriza\u00e7\u00e3o autom\u00e1tica para que cada servidor receba reajuste de 0,6% acima da infla\u00e7\u00e3o. O percentual se refere ao crescimento das despesas p\u00fablicas com pessoal e n\u00e3o necessariamente corresponde ao \u00edndice individual de aumento de cada carreira.<\/p>\n<\/div>\n<div class=\"_markdown_1ng8u_19\">\n<p>Na pr\u00e1tica, o espa\u00e7o or\u00e7ament\u00e1rio precisa considerar diversos fatores, como:<\/p>\n<ul>\n<li>reajustes j\u00e1 aprovados;<\/li>\n<li>reestrutura\u00e7\u00f5es de carreiras;<\/li>\n<li>novas nomea\u00e7\u00f5es;<\/li>\n<li>progress\u00f5es e promo\u00e7\u00f5es;<\/li>\n<li>cria\u00e7\u00e3o ou altera\u00e7\u00e3o de gratifica\u00e7\u00f5es;<\/li>\n<li>aposentadorias e pens\u00f5es;<\/li>\n<li>encargos sociais;<\/li>\n<li>decis\u00f5es judiciais;<\/li>\n<li>crescimento vegetativo da folha;<\/li>\n<li>contrata\u00e7\u00e3o de novos servidores.<\/li>\n<\/ul>\n<p>Por isso, o limite de crescimento da despesa total pode reduzir a margem para novos acordos com ganho real, mas n\u00e3o permite concluir que todos os servidores receber\u00e3o exatamente o mesmo \u00edndice.<\/p>\n<\/div>\n<div class=\"_markdown_1ng8u_19\">\n<h2 id=\"ogovernoconfirmouquenohaverganhorealem2027\">O governo confirmou que n\u00e3o haver\u00e1 ganho real em 2027?<\/h2>\n<\/div>\n<div class=\"_markdown_1ng8u_19\">\n<p>O ministro da Fazenda, Dario Durigan, afirmou, segundo a not\u00edcia divulgada pelo G1, que n\u00e3o dever\u00e1 haver ganho real para os servidores p\u00fablicos em 2027 em raz\u00e3o da limita\u00e7\u00e3o fiscal.<\/p>\n<\/div>\n<div class=\"_markdown_1ng8u_19\">\n<p>A declara\u00e7\u00e3o indica a posi\u00e7\u00e3o do governo na elabora\u00e7\u00e3o da proposta or\u00e7ament\u00e1ria. No entanto, ela n\u00e3o substitui:<\/p>\n<ul>\n<li>a aprova\u00e7\u00e3o do PLOA pelo Congresso;<\/li>\n<li>a san\u00e7\u00e3o presidencial;<\/li>\n<li>a an\u00e1lise de leis espec\u00edficas;<\/li>\n<li>os acordos firmados com categorias;<\/li>\n<li>as regras pr\u00f3prias de cada carreira.<\/li>\n<\/ul>\n<p>Assim, o cen\u00e1rio indicado \u00e9 de\u00a0<strong>restri\u00e7\u00e3o a novos reajustes acima da infla\u00e7\u00e3o<\/strong>, e n\u00e3o necessariamente de cancelamento de aumentos j\u00e1 previstos em normas ou acordos anteriores.<\/p>\n<\/div>\n<div class=\"_markdown_1ng8u_19\">\n<h2 id=\"osreajustesjacordadospara2025e2026serocancelados\">Os reajustes j\u00e1 acordados para 2025 e 2026 ser\u00e3o cancelados?<\/h2>\n<\/div>\n<div class=\"_markdown_1ng8u_19\">\n<p>N\u00e3o h\u00e1, nas informa\u00e7\u00f5es consultadas, confirma\u00e7\u00e3o de que os reajustes j\u00e1 previstos para 2025 e 2026 ser\u00e3o cancelados.<\/p>\n<\/div>\n<div class=\"_markdown_1ng8u_19\">\n<p>O governo fechou acordos com diversas categorias do Executivo federal ao longo de 2024. Segundo a not\u00edcia-base, esses acordos alcan\u00e7aram aproximadamente 98,2% dos servidores do Executivo e previram reajustes ou reestrutura\u00e7\u00f5es com efeitos em 2025 e 2026.<\/p>\n<\/div>\n<div class=\"_markdown_1ng8u_19\">\n<p>Esses compromissos devem ser analisados conforme:<\/p>\n<ul>\n<li>a categoria envolvida;<\/li>\n<li>a lei que incorporou o acordo;<\/li>\n<li>o cronograma de pagamento;<\/li>\n<li>a exist\u00eancia de parcelas futuras;<\/li>\n<li>a disponibilidade or\u00e7ament\u00e1ria;<\/li>\n<li>eventuais altera\u00e7\u00f5es legislativas.<\/li>\n<\/ul>\n<p>O fato de o Or\u00e7amento de 2027 limitar novas despesas n\u00e3o significa, por si s\u00f3, que uma parcela j\u00e1 prevista em lei deixou de existir.<\/p>\n<\/div>\n<div id=\"blogd-1819518859\"><a data-bid=\"2\" data-no-instant=\"1\" href=\"https:\/\/11ponto11servidor.com.br\/blogsrsiape\/linkout\/14698\" rel=\"noopener\" class=\"notrack\" target=\"_blank\" aria-label=\"Copia-de-Banner-Loja-Virtual-Produtos-Naturais-Ofertas-Criativo-Verde-Branco-2.png\"><img loading=\"lazy\" decoding=\"async\" src=\"https:\/\/11ponto11servidor.com.br\/blogsrsiape\/wp-content\/uploads\/sites\/2\/2026\/07\/Copia-de-Banner-Loja-Virtual-Produtos-Naturais-Ofertas-Criativo-Verde-Branco-2.png\" alt=\"\"  srcset=\"https:\/\/11ponto11servidor.com.br\/blogsrsiape\/wp-content\/uploads\/sites\/2\/2026\/07\/Copia-de-Banner-Loja-Virtual-Produtos-Naturais-Ofertas-Criativo-Verde-Branco-2.png 1600w, https:\/\/11ponto11servidor.com.br\/blogsrsiape\/wp-content\/uploads\/sites\/2\/2026\/07\/Copia-de-Banner-Loja-Virtual-Produtos-Naturais-Ofertas-Criativo-Verde-Branco-2-300x88.png 300w, https:\/\/11ponto11servidor.com.br\/blogsrsiape\/wp-content\/uploads\/sites\/2\/2026\/07\/Copia-de-Banner-Loja-Virtual-Produtos-Naturais-Ofertas-Criativo-Verde-Branco-2-1024x299.png 1024w, https:\/\/11ponto11servidor.com.br\/blogsrsiape\/wp-content\/uploads\/sites\/2\/2026\/07\/Copia-de-Banner-Loja-Virtual-Produtos-Naturais-Ofertas-Criativo-Verde-Branco-2-768x224.png 768w, https:\/\/11ponto11servidor.com.br\/blogsrsiape\/wp-content\/uploads\/sites\/2\/2026\/07\/Copia-de-Banner-Loja-Virtual-Produtos-Naturais-Ofertas-Criativo-Verde-Branco-2-1536x448.png 1536w\" sizes=\"(max-width: 1600px) 100vw, 1600px\" width=\"970\" height=\"250\"   \/><\/a><\/div>\n<div class=\"_markdown_1ng8u_19\">\n<h2 id=\"quempodeserafetado\">Quem pode ser afetado?<\/h2>\n<\/div>\n<div class=\"_markdown_1ng8u_19\">\n<p>A regra pode afetar o espa\u00e7o dispon\u00edvel para despesas com:<\/p>\n<table>\n<thead>\n<tr>\n<th>Grupo<\/th>\n<th>Poss\u00edvel impacto<\/th>\n<\/tr>\n<\/thead>\n<tbody>\n<tr>\n<td>Servidores ativos do Executivo federal<\/td>\n<td>Menor margem para novos reajustes, reestrutura\u00e7\u00f5es e cria\u00e7\u00e3o de vantagens em 2027<\/td>\n<\/tr>\n<tr>\n<td>Servidores aposentados<\/td>\n<td>Impacto conforme a regra de reajuste do benef\u00edcio e a vincula\u00e7\u00e3o com a carreira<\/td>\n<\/tr>\n<tr>\n<td>Pensionistas<\/td>\n<td>Aplica\u00e7\u00e3o conforme a legisla\u00e7\u00e3o da pens\u00e3o e a forma de reajuste prevista<\/td>\n<\/tr>\n<tr>\n<td>Servidores do Legislativo e Judici\u00e1rio<\/td>\n<td>Depend\u00eancia das regras or\u00e7ament\u00e1rias e da autonomia de cada Poder<\/td>\n<\/tr>\n<tr>\n<td>Empregados p\u00fablicos<\/td>\n<td>Regime jur\u00eddico e negocia\u00e7\u00e3o podem ser diferentes dos servidores estatut\u00e1rios<\/td>\n<\/tr>\n<tr>\n<td>Servidores estaduais e municipais<\/td>\n<td>A proposta federal n\u00e3o determina automaticamente seus reajustes<\/td>\n<\/tr>\n<\/tbody>\n<\/table>\n<h2 id=\"aposentadosepensionistastambmestoincludos\">Aposentados e pensionistas tamb\u00e9m est\u00e3o inclu\u00eddos?<\/h2>\n<\/div>\n<div class=\"_markdown_1ng8u_19\">\n<p>As despesas com pessoal consideradas no controle fiscal podem incluir servidores ativos, aposentados e pensionistas.<\/p>\n<\/div>\n<div class=\"_markdown_1ng8u_19\">\n<p>Isso n\u00e3o significa, por\u00e9m, que o efeito seja igual para todos.<\/p>\n<\/div>\n<div class=\"_markdown_1ng8u_19\">\n<h3 id=\"servidoresaposentados\">Servidores aposentados<\/h3>\n<\/div>\n<div class=\"_markdown_1ng8u_19\">\n<p>O impacto depender\u00e1 do tipo de aposentadoria e da regra de reajuste aplic\u00e1vel. Alguns benef\u00edcios podem ter paridade com os servidores da ativa, enquanto outros seguem crit\u00e9rios pr\u00f3prios de atualiza\u00e7\u00e3o.<\/p>\n<\/div>\n<div class=\"_markdown_1ng8u_19\">\n<p>Quando h\u00e1 paridade, uma mudan\u00e7a na remunera\u00e7\u00e3o da carreira pode produzir reflexos espec\u00edficos na aposentadoria. Sem paridade, o benef\u00edcio pode obedecer a outra regra.<\/p>\n<\/div>\n<div class=\"_markdown_1ng8u_19\">\n<h3 id=\"pensionistas\">Pensionistas<\/h3>\n<\/div>\n<div class=\"_markdown_1ng8u_19\">\n<p>As pens\u00f5es tamb\u00e9m n\u00e3o formam um grupo uniforme. O c\u00e1lculo e o reajuste dependem da legisla\u00e7\u00e3o vigente, da data do \u00f3bito, da situa\u00e7\u00e3o funcional do instituidor e das regras aplic\u00e1veis ao benef\u00edcio.<\/p>\n<\/div>\n<div class=\"_markdown_1ng8u_19\">\n<p>Por isso, n\u00e3o \u00e9 poss\u00edvel afirmar que todo pensionista receber\u00e1 ou deixar\u00e1 de receber determinado percentual com base apenas na proposta do Or\u00e7amento.<\/p>\n<\/div>\n<div class=\"_markdown_1ng8u_19\">\n<h3 id=\"ateno\">Aten\u00e7\u00e3o<\/h3>\n<\/div>\n<div class=\"_markdown_1ng8u_19\">\n<p>A inclus\u00e3o das despesas de inativos e pensionistas no controle fiscal n\u00e3o significa necessariamente uma redu\u00e7\u00e3o nominal dos benef\u00edcios. O principal efeito discutido \u00e9 a limita\u00e7\u00e3o do crescimento das despesas p\u00fablicas e da concess\u00e3o de novos aumentos acima da infla\u00e7\u00e3o.<\/p>\n<\/div>\n<div class=\"_markdown_1ng8u_19\">\n<h2 id=\"apropostajestvalendo\">A proposta j\u00e1 est\u00e1 valendo?<\/h2>\n<\/div>\n<div class=\"_markdown_1ng8u_19\">\n<p><strong>N\u00e3o como lei or\u00e7ament\u00e1ria definitiva.<\/strong><\/p>\n<\/div>\n<div class=\"_markdown_1ng8u_19\">\n<p>O governo enviou a proposta ao Congresso, mas ainda h\u00e1 etapas a cumprir:<\/p>\n<ol>\n<li>an\u00e1lise pela Comiss\u00e3o Mista de Or\u00e7amento;<\/li>\n<li>apresenta\u00e7\u00e3o e vota\u00e7\u00e3o de emendas;<\/li>\n<li>vota\u00e7\u00e3o pelo Congresso Nacional;<\/li>\n<li>eventual aprova\u00e7\u00e3o de mudan\u00e7as no texto;<\/li>\n<li>san\u00e7\u00e3o presidencial;<\/li>\n<li>execu\u00e7\u00e3o do or\u00e7amento aprovado ao longo de 2027.<\/li>\n<\/ol>\n<p>Al\u00e9m disso, a Lei de Diretrizes Or\u00e7ament\u00e1rias tamb\u00e9m exerce papel importante na defini\u00e7\u00e3o dos par\u00e2metros da LOA. O Senado informou que a LDO de 2027 e a Lei Or\u00e7ament\u00e1ria seriam analisadas em um contexto de tramita\u00e7\u00e3o conjunta e com calend\u00e1rio influenciado pelo ano eleitoral. Veja a cobertura do\u00a0<a href=\"https:\/\/www12.senado.leg.br\/noticias\/materias\/2026\/07\/31\/com-o-fim-do-recesso-ldo-de-2027-sera-analisada-junto-com-lei-orcamentaria\" target=\"_blank\" rel=\"noopener noreferrer\">Senado Not\u00edcias<\/a>.<\/p>\n<\/div>\n<div class=\"_markdown_1ng8u_19\">\n<h2 id=\"oservidorprecisatomaralgumaprovidncia\">O servidor precisa tomar alguma provid\u00eancia?<\/h2>\n<\/div>\n<div class=\"_markdown_1ng8u_19\">\n<p>Neste momento, n\u00e3o h\u00e1 indica\u00e7\u00e3o de que o servidor precise fazer um pedido ou procedimento individual para preservar eventual reajuste.<\/p>\n<\/div>\n<div class=\"_markdown_1ng8u_19\">\n<p>A recomenda\u00e7\u00e3o \u00e9 acompanhar:<\/p>\n<ul>\n<li>os comunicados do \u00f3rg\u00e3o de origem;<\/li>\n<li>o Portal do Servidor;<\/li>\n<li>os atos publicados no Di\u00e1rio Oficial da Uni\u00e3o;<\/li>\n<li>a tramita\u00e7\u00e3o do PLOA e da LDO;<\/li>\n<li>as informa\u00e7\u00f5es da entidade representativa da categoria;<\/li>\n<li>os textos das leis que regulamentam o reajuste espec\u00edfico.<\/li>\n<\/ul>\n<p>O servidor tamb\u00e9m deve evitar compartilhar mensagens que afirmem que o sal\u00e1rio ser\u00e1 congelado, reduzido ou reajustado automaticamente sem indicar a fonte oficial.<\/p>\n<\/div>\n<div class=\"_markdown_1ng8u_19\">\n<h2 id=\"qualadiferenaentreinflaoeganhoreal\">Qual \u00e9 a diferen\u00e7a entre infla\u00e7\u00e3o e ganho real?<\/h2>\n<\/div>\n<div class=\"_markdown_1ng8u_19\">\n<p>A reposi\u00e7\u00e3o da infla\u00e7\u00e3o busca preservar o poder de compra do sal\u00e1rio. Se os pre\u00e7os subiram 4% e o sal\u00e1rio tamb\u00e9m aumentou 4%, houve corre\u00e7\u00e3o nominal, mas n\u00e3o necessariamente aumento real.<\/p>\n<\/div>\n<div class=\"_markdown_1ng8u_19\">\n<p>J\u00e1 o ganho real ocorre quando o reajuste supera a infla\u00e7\u00e3o.<\/p>\n<\/div>\n<div class=\"_markdown_1ng8u_19\">\n<h3 id=\"exemplosimples\">Exemplo simples<\/h3>\n<\/div>\n<div class=\"_markdown_1ng8u_19\">\n<p>Imagine um servidor com remunera\u00e7\u00e3o de R$ 8.000:<\/p>\n<table>\n<thead>\n<tr>\n<th>Situa\u00e7\u00e3o<\/th>\n<th>Reajuste nominal<\/th>\n<th>Resultado aproximado<\/th>\n<\/tr>\n<\/thead>\n<tbody>\n<tr>\n<td>Infla\u00e7\u00e3o de 4% e reajuste de 4%<\/td>\n<td>4%<\/td>\n<td>Reposi\u00e7\u00e3o aproximada da infla\u00e7\u00e3o<\/td>\n<\/tr>\n<tr>\n<td>Infla\u00e7\u00e3o de 4% e reajuste de 5%<\/td>\n<td>5%<\/td>\n<td>Ganho real aproximado de 1%<\/td>\n<\/tr>\n<tr>\n<td>Infla\u00e7\u00e3o de 4% e reajuste de 2%<\/td>\n<td>2%<\/td>\n<td>Perda real aproximada de 2%<\/td>\n<\/tr>\n<\/tbody>\n<\/table>\n<p>Os valores acima s\u00e3o apenas exemplos did\u00e1ticos. O \u00edndice oficial de infla\u00e7\u00e3o e o reajuste de cada carreira ainda precisam ser definidos conforme as regras aplic\u00e1veis.<\/p>\n<\/div>\n<div class=\"_markdown_1ng8u_19\">\n<h2 id=\"oqueaindapodemudarduranteatramitao\">O que ainda pode mudar durante a tramita\u00e7\u00e3o?<\/h2>\n<\/div>\n<div class=\"_markdown_1ng8u_19\">\n<p>O Congresso pode alterar a proposta por meio de emendas e negocia\u00e7\u00f5es or\u00e7ament\u00e1rias. Tamb\u00e9m podem surgir novas medidas para:<\/p>\n<ul>\n<li>preservar acordos j\u00e1 assinados;<\/li>\n<li>ajustar a previs\u00e3o de receitas;<\/li>\n<li>mudar limites de despesas;<\/li>\n<li>incluir recursos para determinadas carreiras;<\/li>\n<li>reorganizar programas e despesas;<\/li>\n<li>modificar metas fiscais.<\/li>\n<\/ul>\n<p>Al\u00e9m disso, o resultado efetivo das contas p\u00fablicas pode ser diferente das proje\u00e7\u00f5es apresentadas no momento do envio da proposta.<\/p>\n<\/div>\n<div class=\"_markdown_1ng8u_19\">\n<p>A tramita\u00e7\u00e3o, portanto, deve ser acompanhada antes de qualquer conclus\u00e3o definitiva sobre os sal\u00e1rios dos servidores em 2027.<\/p>\n<\/div>\n<div class=\"_markdown_1ng8u_19\">\n<h2 id=\"pontosdeateno\">Pontos de aten\u00e7\u00e3o<\/h2>\n<ul>\n<li><strong>PLOA n\u00e3o \u00e9 LOA:<\/strong>\u00a0a proposta enviada pelo governo ainda precisa ser aprovada.<\/li>\n<li><strong>Limite global n\u00e3o \u00e9 \u00edndice individual:<\/strong>\u00a0o teto de crescimento da despesa com pessoal n\u00e3o significa que cada servidor receber\u00e1 0,6% acima da infla\u00e7\u00e3o.<\/li>\n<li><strong>Acordos anteriores devem ser analisados:<\/strong>\u00a0parcelas j\u00e1 previstas em lei n\u00e3o devem ser confundidas com novos reajustes.<\/li>\n<li><strong>Aposentados e pensionistas t\u00eam regras diferentes:<\/strong>\u00a0paridade, data do benef\u00edcio e legisla\u00e7\u00e3o espec\u00edfica podem alterar o resultado.<\/li>\n<li><strong>Estados e munic\u00edpios n\u00e3o s\u00e3o automaticamente abrangidos:<\/strong>\u00a0o texto trata do or\u00e7amento federal.<\/li>\n<li><strong>N\u00e3o h\u00e1 confirma\u00e7\u00e3o de congelamento geral:<\/strong>\u00a0at\u00e9 o momento, a informa\u00e7\u00e3o indica restri\u00e7\u00e3o ao ganho real, n\u00e3o redu\u00e7\u00e3o autom\u00e1tica de sal\u00e1rios.<\/li>\n<li><strong>A infla\u00e7\u00e3o ainda ser\u00e1 conhecida com precis\u00e3o posteriormente:<\/strong>\u00a0o percentual de reposi\u00e7\u00e3o depender\u00e1 do \u00edndice aplic\u00e1vel e da legisla\u00e7\u00e3o de cada grupo.<\/li>\n<\/ul>\n<h2 id=\"concluso\">Conclus\u00e3o<\/h2>\n<\/div>\n<div class=\"_markdown_1ng8u_19\">\n<p>A proposta do Or\u00e7amento de 2027 indica um cen\u00e1rio mais restritivo para novos reajustes dos servidores p\u00fablicos, especialmente aumentos acima da infla\u00e7\u00e3o.<\/p>\n<\/div>\n<div class=\"_markdown_1ng8u_19\">\n<p>Se o gatilho fiscal for aplicado, o governo ter\u00e1 menos espa\u00e7o para conceder ganho real \u00e0s categorias em 2027. No entanto, a proposta ainda ser\u00e1 analisada pelo Congresso e n\u00e3o representa, sozinha, uma decis\u00e3o definitiva sobre todos os sal\u00e1rios, aposentadorias e pens\u00f5es.<\/p>\n<\/div>\n<div class=\"_markdown_1ng8u_19\">\n<p>Servidores ativos, aposentados e pensionistas devem acompanhar a tramita\u00e7\u00e3o da LDO e da LOA, al\u00e9m dos atos espec\u00edficos de suas carreiras ou benef\u00edcios. O ponto mais importante \u00e9 n\u00e3o confundir uma limita\u00e7\u00e3o or\u00e7ament\u00e1ria proposta com um congelamento autom\u00e1tico ou com a perda de reajustes j\u00e1 garantidos por lei.<\/p>\n<div id=\"blogd-3776709251\"><a data-bid=\"2\" data-no-instant=\"1\" href=\"https:\/\/11ponto11servidor.com.br\/blogsrsiape\/linkout\/14695\" rel=\"noopener\" class=\"notrack\" target=\"_blank\" aria-label=\"As-contas-nao-param-de-chegar-1.jpg\"><img loading=\"lazy\" decoding=\"async\" src=\"https:\/\/11ponto11servidor.com.br\/blogsrsiape\/wp-content\/uploads\/sites\/2\/2026\/07\/As-contas-nao-param-de-chegar-1.jpg\" alt=\"\"  srcset=\"https:\/\/11ponto11servidor.com.br\/blogsrsiape\/wp-content\/uploads\/sites\/2\/2026\/07\/As-contas-nao-param-de-chegar-1.jpg 1600w, https:\/\/11ponto11servidor.com.br\/blogsrsiape\/wp-content\/uploads\/sites\/2\/2026\/07\/As-contas-nao-param-de-chegar-1-300x88.jpg 300w, https:\/\/11ponto11servidor.com.br\/blogsrsiape\/wp-content\/uploads\/sites\/2\/2026\/07\/As-contas-nao-param-de-chegar-1-1024x299.jpg 1024w, https:\/\/11ponto11servidor.com.br\/blogsrsiape\/wp-content\/uploads\/sites\/2\/2026\/07\/As-contas-nao-param-de-chegar-1-768x224.jpg 768w, https:\/\/11ponto11servidor.com.br\/blogsrsiape\/wp-content\/uploads\/sites\/2\/2026\/07\/As-contas-nao-param-de-chegar-1-1536x448.jpg 1536w\" sizes=\"(max-width: 1600px) 100vw, 1600px\" width=\"1600\" height=\"467\"   \/><\/a><\/div>\n<\/div>\n<div class=\"_markdown_1ng8u_19\">\n<h1 id=\"12faq\">12. FAQ<\/h1>\n<\/div>\n<div class=\"_markdown_1ng8u_19\">\n<h3 id=\"1haverreajustedosservidoresem2027\">1. Haver\u00e1 reajuste dos servidores em 2027?<\/h3>\n<\/div>\n<div class=\"_markdown_1ng8u_19\">\n<p>A proposta indica restri\u00e7\u00e3o a reajustes acima da infla\u00e7\u00e3o, mas o \u00edndice final depender\u00e1 da tramita\u00e7\u00e3o do Or\u00e7amento, das leis espec\u00edficas e das negocia\u00e7\u00f5es com cada categoria.<\/p>\n<\/div>\n<div class=\"_markdown_1ng8u_19\">\n<h3 id=\"2osalriodosservidoressercongelado\">2. O sal\u00e1rio dos servidores ser\u00e1 congelado?<\/h3>\n<\/div>\n<div class=\"_markdown_1ng8u_19\">\n<p>N\u00e3o h\u00e1 confirma\u00e7\u00e3o de congelamento geral. O cen\u00e1rio apresentado \u00e9 de limita\u00e7\u00e3o ao ganho real, e n\u00e3o necessariamente de aus\u00eancia total de reajuste.<\/p>\n<\/div>\n<div class=\"_markdown_1ng8u_19\">\n<h3 id=\"3oqueogatilhofiscal\">3. O que \u00e9 o gatilho fiscal?<\/h3>\n<\/div>\n<div class=\"_markdown_1ng8u_19\">\n<p>\u00c9 um mecanismo que imp\u00f5e restri\u00e7\u00f5es adicionais ao crescimento de despesas quando as contas p\u00fablicas apresentam determinadas condi\u00e7\u00f5es negativas, como d\u00e9ficit prim\u00e1rio.<\/p>\n<\/div>\n<div class=\"_markdown_1ng8u_19\">\n<h3 id=\"4olimitede06valeparacadaservidor\">4. O limite de 0,6% vale para cada servidor?<\/h3>\n<\/div>\n<div class=\"_markdown_1ng8u_19\">\n<p>N\u00e3o. O percentual mencionado se refere ao crescimento das despesas p\u00fablicas dentro do regime fiscal. N\u00e3o \u00e9 um \u00edndice autom\u00e1tico de reajuste individual.<\/p>\n<\/div>\n<div class=\"_markdown_1ng8u_19\">\n<h3 id=\"5aregravaleparaaposentadosepensionistas\">5. A regra vale para aposentados e pensionistas?<\/h3>\n<\/div>\n<div class=\"_markdown_1ng8u_19\">\n<p>As despesas com inativos e pensionistas podem ser consideradas no controle das despesas com pessoal. Por\u00e9m, o impacto concreto depende da regra de reajuste de cada benef\u00edcio.<\/p>\n<\/div>\n<div class=\"_markdown_1ng8u_19\">\n<h3 id=\"6osreajustesde2025e2026serocancelados\">6. Os reajustes de 2025 e 2026 ser\u00e3o cancelados?<\/h3>\n<\/div>\n<div class=\"_markdown_1ng8u_19\">\n<p>N\u00e3o h\u00e1 confirma\u00e7\u00e3o de cancelamento. Eventuais parcelas j\u00e1 previstas em lei ou acordos devem ser analisadas separadamente.<\/p>\n<\/div>\n<div class=\"_markdown_1ng8u_19\">\n<h3 id=\"7servidoresestaduaisemunicipaisseroatingidos\">7. Servidores estaduais e municipais ser\u00e3o atingidos?<\/h3>\n<\/div>\n<div class=\"_markdown_1ng8u_19\">\n<p>N\u00e3o automaticamente. A proposta trata do Or\u00e7amento federal. Estados e munic\u00edpios possuem regras, or\u00e7amentos e limites pr\u00f3prios.<\/p>\n<\/div>\n<div class=\"_markdown_1ng8u_19\">\n<h3 id=\"8quandooreajustede2027serdefinido\">8. Quando o reajuste de 2027 ser\u00e1 definido?<\/h3>\n<\/div>\n<div class=\"_markdown_1ng8u_19\">\n<p>O cen\u00e1rio dever\u00e1 ficar mais claro durante a tramita\u00e7\u00e3o da LDO e da LOA, al\u00e9m da aprova\u00e7\u00e3o das leis espec\u00edficas relacionadas \u00e0s carreiras.<\/p>\n<\/div>\n<div class=\"_markdown_1ng8u_19\">\n<h3 id=\"9oservidorprecisafazeralgumpedidoagora\">9. O servidor precisa fazer algum pedido agora?<\/h3>\n<\/div>\n<div class=\"_markdown_1ng8u_19\">\n<p>N\u00e3o h\u00e1 indica\u00e7\u00e3o de provid\u00eancia individual neste momento. O mais importante \u00e9 acompanhar fontes oficiais e os atos do \u00f3rg\u00e3o de origem.<\/p>\n<\/div>\n<div class=\"_markdown_1ng8u_19\">\n<h3 id=\"10ondeacompanharatramitao\">10. Onde acompanhar a tramita\u00e7\u00e3o?<\/h3>\n<\/div>\n<div class=\"_markdown_1ng8u_19\">\n<p>A tramita\u00e7\u00e3o pode ser acompanhada nos portais da\u00a0<a href=\"https:\/\/www.camara.leg.br\/\" target=\"_blank\" rel=\"noopener noreferrer\">C\u00e2mara dos Deputados<\/a>, do\u00a0<a href=\"https:\/\/www12.senado.leg.br\/\" target=\"_blank\" rel=\"noopener noreferrer\">Senado Federal<\/a>, no\u00a0<a href=\"https:\/\/www.planalto.gov.br\/\" target=\"_blank\" rel=\"noopener noreferrer\">Planalto<\/a>\u00a0e nos canais oficiais do governo.<\/p>\n<\/div>\n<div class=\"_markdown_1ng8u_19\"><\/div>\n<div class=\"_markdown_1ng8u_19\">\n<h1 id=\"14fontes\">Fontes:<\/h1>\n<ol>\n<li><strong>G1 \u2014 Reajuste de servidores em 2027: gatilho fiscal limita novos aumentos<\/strong><br \/>\nPublicado em 31 de agosto de 2026.<br \/>\n<a href=\"https:\/\/g1.globo.com\/economia\/noticia\/2026\/08\/31\/orcamento-2027-proposta-do-governo-limita-reajustes-de-servidores-publicos-seguindo-gatilho-da-regra-fiscal.ghtml\" target=\"_blank\" rel=\"noopener noreferrer\">Acessar not\u00edcia-base<\/a><\/li>\n<li><strong>Senado Not\u00edcias \u2014 Com o fim do recesso, LDO de 2027 ser\u00e1 analisada junto com a Lei Or\u00e7ament\u00e1ria<\/strong><br \/>\nPublicado em agosto de 2026.<br \/>\n<a href=\"https:\/\/www12.senado.leg.br\/noticias\/materias\/2026\/07\/31\/com-o-fim-do-recesso-ldo-de-2027-sera-analisada-junto-com-lei-orcamentaria\" target=\"_blank\" rel=\"noopener noreferrer\">Acessar informa\u00e7\u00e3o<\/a><\/li>\n<li><strong>Senado Federal \u2014 Nota t\u00e9cnica conjunta sobre o PLDO 2027<\/strong><br \/>\nDocumento t\u00e9cnico sobre as diretrizes or\u00e7ament\u00e1rias e os par\u00e2metros fiscais.<br \/>\n<a href=\"https:\/\/www12.senado.leg.br\/orcamento\/documentos\/estudos\/tipos-de-estudos\/notas-tecnicas-e-informativos\/pldo-2027_notatecnicaconjunta_.pdf\" target=\"_blank\" rel=\"noopener noreferrer\">Consultar documento<\/a><\/li>\n<li><strong>Planalto \u2014 Lei Complementar n\u00ba 200\/2023<\/strong><br \/>\nInstitui o regime fiscal sustent\u00e1vel.<br \/>\n<a href=\"https:\/\/www.planalto.gov.br\/ccivil_03\/leis\/lcp\/lcp200.htm\" target=\"_blank\" rel=\"noopener noreferrer\">Consultar a legisla\u00e7\u00e3o<\/a><\/li>\n<li><strong>C\u00e2mara dos Deputados \u2014 Projeto do governo prev\u00ea sal\u00e1rio m\u00ednimo de R$ 1.717 em 2027 e define metas fiscais<\/strong><br \/>\nInforma\u00e7\u00e3o sobre o PLDO 2027 e par\u00e2metros do or\u00e7amento.<br \/>\n<a href=\"https:\/\/www.camara.leg.br\/noticias\/1263876-projeto-do-governo-preve-salario-minimo-de-r-1-717-em-2027-e-define-metas-fiscais\" target=\"_blank\" rel=\"noopener noreferrer\">Acessar mat\u00e9ria<\/a><\/li>\n<\/ol>\n<p><strong>Observa\u00e7\u00e3o editorial:<\/strong>\u00a0a proposta or\u00e7ament\u00e1ria pode sofrer altera\u00e7\u00f5es durante a tramita\u00e7\u00e3o. Os valores e regras definitivos devem ser conferidos ap\u00f3s a aprova\u00e7\u00e3o da LDO, da LOA e das normas espec\u00edficas de cada carreira.<\/p>\n<\/div>\n<div class=\"blogd-banner-apos-a-materia blogd-entity-placement\" id=\"blogd-844795628\"><div id=\"blogd-1830191837\"><a data-bid=\"2\" data-no-instant=\"1\" href=\"https:\/\/11ponto11servidor.com.br\/blogsrsiape\/linkout\/14698\" rel=\"noopener\" class=\"notrack\" target=\"_blank\" aria-label=\"Copia-de-Banner-Loja-Virtual-Produtos-Naturais-Ofertas-Criativo-Verde-Branco-2.png\"><img loading=\"lazy\" decoding=\"async\" src=\"https:\/\/11ponto11servidor.com.br\/blogsrsiape\/wp-content\/uploads\/sites\/2\/2026\/07\/Copia-de-Banner-Loja-Virtual-Produtos-Naturais-Ofertas-Criativo-Verde-Branco-2.png\" alt=\"\"  srcset=\"https:\/\/11ponto11servidor.com.br\/blogsrsiape\/wp-content\/uploads\/sites\/2\/2026\/07\/Copia-de-Banner-Loja-Virtual-Produtos-Naturais-Ofertas-Criativo-Verde-Branco-2.png 1600w, https:\/\/11ponto11servidor.com.br\/blogsrsiape\/wp-content\/uploads\/sites\/2\/2026\/07\/Copia-de-Banner-Loja-Virtual-Produtos-Naturais-Ofertas-Criativo-Verde-Branco-2-300x88.png 300w, https:\/\/11ponto11servidor.com.br\/blogsrsiape\/wp-content\/uploads\/sites\/2\/2026\/07\/Copia-de-Banner-Loja-Virtual-Produtos-Naturais-Ofertas-Criativo-Verde-Branco-2-1024x299.png 1024w, https:\/\/11ponto11servidor.com.br\/blogsrsiape\/wp-content\/uploads\/sites\/2\/2026\/07\/Copia-de-Banner-Loja-Virtual-Produtos-Naturais-Ofertas-Criativo-Verde-Branco-2-768x224.png 768w, https:\/\/11ponto11servidor.com.br\/blogsrsiape\/wp-content\/uploads\/sites\/2\/2026\/07\/Copia-de-Banner-Loja-Virtual-Produtos-Naturais-Ofertas-Criativo-Verde-Branco-2-1536x448.png 1536w\" sizes=\"(max-width: 1600px) 100vw, 1600px\" width=\"970\" height=\"250\"   \/><\/a><\/div><\/div>","protected":false},"excerpt":{"rendered":"<p>O reajuste dos servidores em 2027 poder\u00e1 ficar limitado \u00e0 reposi\u00e7\u00e3o da infla\u00e7\u00e3o, sem aumento real, caso sejam aplicadas as restri\u00e7\u00f5es previstas no chamado gatilho fiscal. A informa\u00e7\u00e3o consta da proposta de Or\u00e7amento de 2027 enviada pelo governo federal ao Congresso Nacional em 31 de agosto de 2026. Segundo a not\u00edcia divulgada pelo G1, a<\/p>\n","protected":false},"author":1,"featured_media":14842,"comment_status":"closed","ping_status":"closed","sticky":false,"template":"","format":"standard","meta":{"_acf_changed":false,"footnotes":""},"categories":[1],"tags":[],"class_list":["post-14839","post","type-post","status-publish","format-standard","has-post-thumbnail","hentry","category-geral"],"acf":[],"yoast_head":"<!-- This site is optimized with the Yoast SEO plugin v23.6 - https:\/\/yoast.com\/wordpress\/plugins\/seo\/ -->\n<title>Reajuste dos servidores em 2027 pode ser limitado pela regra fiscal - Blog do Sr. SIAPE<\/title>\n<meta name=\"description\" content=\"O que pode acontecer com o reajuste dos servidores em 2027? Proposta ainda ser\u00e1 analisada pelo Congresso e pode afetar novas negocia\u00e7\u00f5es.\" \/>\n<meta name=\"robots\" content=\"index, follow, max-snippet:-1, max-image-preview:large, max-video-preview:-1\" \/>\n<link rel=\"canonical\" href=\"https:\/\/blogdosrsiape.com\/reajuste-dos-servidores-em-2027-pode-ser-limitado-pela-regra-fiscal\/\" \/>\n<meta property=\"og:locale\" content=\"pt_BR\" \/>\n<meta property=\"og:type\" content=\"article\" \/>\n<meta property=\"og:title\" content=\"Reajuste dos servidores em 2027 pode ser limitado pela regra fiscal - Blog do Sr. SIAPE\" \/>\n<meta property=\"og:description\" content=\"O que pode acontecer com o reajuste dos servidores em 2027? Proposta ainda ser\u00e1 analisada pelo Congresso e pode afetar novas negocia\u00e7\u00f5es.\" \/>\n<meta property=\"og:url\" content=\"https:\/\/blogdosrsiape.com\/reajuste-dos-servidores-em-2027-pode-ser-limitado-pela-regra-fiscal\/\" \/>\n<meta property=\"og:site_name\" content=\"Blog do Sr. SIAPE\" \/>\n<meta property=\"article:publisher\" content=\"https:\/\/www.facebook.com\/blogsrsiape\/?locale=pt_BR\" \/>\n<meta property=\"article:published_time\" content=\"2026-09-01T18:54:10+00:00\" \/>\n<meta property=\"article:modified_time\" content=\"2026-09-01T18:59:42+00:00\" \/>\n<meta property=\"og:image\" content=\"https:\/\/11ponto11servidor.com.br\/blogsrsiape\/wp-content\/uploads\/sites\/2\/2026\/09\/e8b4f5b4-e4f1-49b7-9cff-7559ba4783ab.png\" \/>\n\t<meta property=\"og:image:width\" content=\"1200\" \/>\n\t<meta property=\"og:image:height\" content=\"880\" \/>\n\t<meta property=\"og:image:type\" content=\"image\/png\" \/>\n<meta name=\"author\" content=\"Blog Sr.Siape\" \/>\n<meta name=\"twitter:card\" content=\"summary_large_image\" \/>\n<meta name=\"twitter:label1\" content=\"Escrito por\" \/>\n\t<meta name=\"twitter:data1\" content=\"Blog Sr.Siape\" \/>\n\t<meta name=\"twitter:label2\" content=\"Est. tempo de leitura\" \/>\n\t<meta name=\"twitter:data2\" content=\"13 minutos\" \/>\n<script type=\"application\/ld+json\" class=\"yoast-schema-graph\">{\"@context\":\"https:\/\/schema.org\",\"@graph\":[{\"@type\":\"Article\",\"@id\":\"https:\/\/blogdosrsiape.com\/reajuste-dos-servidores-em-2027-pode-ser-limitado-pela-regra-fiscal\/#article\",\"isPartOf\":{\"@id\":\"https:\/\/blogdosrsiape.com\/reajuste-dos-servidores-em-2027-pode-ser-limitado-pela-regra-fiscal\/\"},\"author\":{\"name\":\"Blog Sr.Siape\",\"@id\":\"https:\/\/blogdosrsiape.com\/#\/schema\/person\/641e1af8b22c69725a1d604fb8959bcf\"},\"headline\":\"Reajuste dos servidores em 2027 pode ser limitado pela regra fiscal\",\"datePublished\":\"2026-09-01T18:54:10+00:00\",\"dateModified\":\"2026-09-01T18:59:42+00:00\",\"mainEntityOfPage\":{\"@id\":\"https:\/\/blogdosrsiape.com\/reajuste-dos-servidores-em-2027-pode-ser-limitado-pela-regra-fiscal\/\"},\"wordCount\":2451,\"publisher\":{\"@id\":\"https:\/\/blogdosrsiape.com\/#organization\"},\"image\":{\"@id\":\"https:\/\/blogdosrsiape.com\/reajuste-dos-servidores-em-2027-pode-ser-limitado-pela-regra-fiscal\/#primaryimage\"},\"thumbnailUrl\":\"https:\/\/11ponto11servidor.com.br\/blogsrsiape\/wp-content\/uploads\/sites\/2\/2026\/09\/e8b4f5b4-e4f1-49b7-9cff-7559ba4783ab.png\",\"articleSection\":[\"Todas as Not\u00edcias\"],\"inLanguage\":\"pt-BR\"},{\"@type\":\"WebPage\",\"@id\":\"https:\/\/blogdosrsiape.com\/reajuste-dos-servidores-em-2027-pode-ser-limitado-pela-regra-fiscal\/\",\"url\":\"https:\/\/blogdosrsiape.com\/reajuste-dos-servidores-em-2027-pode-ser-limitado-pela-regra-fiscal\/\",\"name\":\"Reajuste dos servidores em 2027 pode ser limitado pela regra fiscal - Blog do Sr. SIAPE\",\"isPartOf\":{\"@id\":\"https:\/\/blogdosrsiape.com\/#website\"},\"primaryImageOfPage\":{\"@id\":\"https:\/\/blogdosrsiape.com\/reajuste-dos-servidores-em-2027-pode-ser-limitado-pela-regra-fiscal\/#primaryimage\"},\"image\":{\"@id\":\"https:\/\/blogdosrsiape.com\/reajuste-dos-servidores-em-2027-pode-ser-limitado-pela-regra-fiscal\/#primaryimage\"},\"thumbnailUrl\":\"https:\/\/11ponto11servidor.com.br\/blogsrsiape\/wp-content\/uploads\/sites\/2\/2026\/09\/e8b4f5b4-e4f1-49b7-9cff-7559ba4783ab.png\",\"datePublished\":\"2026-09-01T18:54:10+00:00\",\"dateModified\":\"2026-09-01T18:59:42+00:00\",\"description\":\"O que pode acontecer com o reajuste dos servidores em 2027? Proposta ainda ser\u00e1 analisada pelo Congresso e pode afetar novas negocia\u00e7\u00f5es.\",\"breadcrumb\":{\"@id\":\"https:\/\/blogdosrsiape.com\/reajuste-dos-servidores-em-2027-pode-ser-limitado-pela-regra-fiscal\/#breadcrumb\"},\"inLanguage\":\"pt-BR\",\"potentialAction\":[{\"@type\":\"ReadAction\",\"target\":[\"https:\/\/blogdosrsiape.com\/reajuste-dos-servidores-em-2027-pode-ser-limitado-pela-regra-fiscal\/\"]}]},{\"@type\":\"ImageObject\",\"inLanguage\":\"pt-BR\",\"@id\":\"https:\/\/blogdosrsiape.com\/reajuste-dos-servidores-em-2027-pode-ser-limitado-pela-regra-fiscal\/#primaryimage\",\"url\":\"https:\/\/11ponto11servidor.com.br\/blogsrsiape\/wp-content\/uploads\/sites\/2\/2026\/09\/e8b4f5b4-e4f1-49b7-9cff-7559ba4783ab.png\",\"contentUrl\":\"https:\/\/11ponto11servidor.com.br\/blogsrsiape\/wp-content\/uploads\/sites\/2\/2026\/09\/e8b4f5b4-e4f1-49b7-9cff-7559ba4783ab.png\",\"width\":1200,\"height\":880,\"caption\":\"servidores aumento\"},{\"@type\":\"BreadcrumbList\",\"@id\":\"https:\/\/blogdosrsiape.com\/reajuste-dos-servidores-em-2027-pode-ser-limitado-pela-regra-fiscal\/#breadcrumb\",\"itemListElement\":[{\"@type\":\"ListItem\",\"position\":1,\"name\":\"In\u00edcio\",\"item\":\"https:\/\/blogdosrsiape.com\/\"},{\"@type\":\"ListItem\",\"position\":2,\"name\":\"Reajuste dos servidores em 2027 pode ser limitado pela regra fiscal\"}]},{\"@type\":\"WebSite\",\"@id\":\"https:\/\/blogdosrsiape.com\/#website\",\"url\":\"https:\/\/blogdosrsiape.com\/\",\"name\":\"Blog do sr. SIAPE\",\"description\":\"Blog de not\u00edcias para Servidores Federais e Pensionistas\",\"publisher\":{\"@id\":\"https:\/\/blogdosrsiape.com\/#organization\"},\"potentialAction\":[{\"@type\":\"SearchAction\",\"target\":{\"@type\":\"EntryPoint\",\"urlTemplate\":\"https:\/\/blogdosrsiape.com\/?s={search_term_string}\"},\"query-input\":{\"@type\":\"PropertyValueSpecification\",\"valueRequired\":true,\"valueName\":\"search_term_string\"}}],\"inLanguage\":\"pt-BR\"},{\"@type\":\"Organization\",\"@id\":\"https:\/\/blogdosrsiape.com\/#organization\",\"name\":\"Blog do sr. SIAPE\",\"url\":\"https:\/\/blogdosrsiape.com\/\",\"logo\":{\"@type\":\"ImageObject\",\"inLanguage\":\"pt-BR\",\"@id\":\"https:\/\/blogdosrsiape.com\/#\/schema\/logo\/image\/\",\"url\":\"https:\/\/11ponto11servidor.com.br\/blogsrsiape\/wp-content\/uploads\/sites\/2\/2024\/10\/logo-1.png\",\"contentUrl\":\"https:\/\/11ponto11servidor.com.br\/blogsrsiape\/wp-content\/uploads\/sites\/2\/2024\/10\/logo-1.png\",\"width\":287,\"height\":116,\"caption\":\"Blog do sr. SIAPE\"},\"image\":{\"@id\":\"https:\/\/blogdosrsiape.com\/#\/schema\/logo\/image\/\"},\"sameAs\":[\"https:\/\/www.facebook.com\/blogsrsiape\/?locale=pt_BR\",\"https:\/\/www.instagram.com\/srsiape\/\"]},{\"@type\":\"Person\",\"@id\":\"https:\/\/blogdosrsiape.com\/#\/schema\/person\/641e1af8b22c69725a1d604fb8959bcf\",\"name\":\"Blog Sr.Siape\",\"sameAs\":[\"https:\/\/11ponto11servidor.com.br\"],\"url\":\"https:\/\/11ponto11servidor.com.br\/blogsrsiape\/author\/websitemix\/\"}]}<\/script>\n<!-- \/ Yoast SEO plugin. -->","yoast_head_json":{"title":"Reajuste dos servidores em 2027 pode ser limitado pela regra fiscal - Blog do Sr. SIAPE","description":"O que pode acontecer com o reajuste dos servidores em 2027? Proposta ainda ser\u00e1 analisada pelo Congresso e pode afetar novas negocia\u00e7\u00f5es.","robots":{"index":"index","follow":"follow","max-snippet":"max-snippet:-1","max-image-preview":"max-image-preview:large","max-video-preview":"max-video-preview:-1"},"canonical":"https:\/\/blogdosrsiape.com\/reajuste-dos-servidores-em-2027-pode-ser-limitado-pela-regra-fiscal\/","og_locale":"pt_BR","og_type":"article","og_title":"Reajuste dos servidores em 2027 pode ser limitado pela regra fiscal - Blog do Sr. SIAPE","og_description":"O que pode acontecer com o reajuste dos servidores em 2027? Proposta ainda ser\u00e1 analisada pelo Congresso e pode afetar novas negocia\u00e7\u00f5es.","og_url":"https:\/\/blogdosrsiape.com\/reajuste-dos-servidores-em-2027-pode-ser-limitado-pela-regra-fiscal\/","og_site_name":"Blog do Sr. SIAPE","article_publisher":"https:\/\/www.facebook.com\/blogsrsiape\/?locale=pt_BR","article_published_time":"2026-09-01T18:54:10+00:00","article_modified_time":"2026-09-01T18:59:42+00:00","og_image":[{"width":1200,"height":880,"url":"https:\/\/11ponto11servidor.com.br\/blogsrsiape\/wp-content\/uploads\/sites\/2\/2026\/09\/e8b4f5b4-e4f1-49b7-9cff-7559ba4783ab.png","type":"image\/png"}],"author":"Blog Sr.Siape","twitter_card":"summary_large_image","twitter_misc":{"Escrito por":"Blog Sr.Siape","Est. tempo de leitura":"13 minutos"},"schema":{"@context":"https:\/\/schema.org","@graph":[{"@type":"Article","@id":"https:\/\/blogdosrsiape.com\/reajuste-dos-servidores-em-2027-pode-ser-limitado-pela-regra-fiscal\/#article","isPartOf":{"@id":"https:\/\/blogdosrsiape.com\/reajuste-dos-servidores-em-2027-pode-ser-limitado-pela-regra-fiscal\/"},"author":{"name":"Blog Sr.Siape","@id":"https:\/\/blogdosrsiape.com\/#\/schema\/person\/641e1af8b22c69725a1d604fb8959bcf"},"headline":"Reajuste dos servidores em 2027 pode ser limitado pela regra fiscal","datePublished":"2026-09-01T18:54:10+00:00","dateModified":"2026-09-01T18:59:42+00:00","mainEntityOfPage":{"@id":"https:\/\/blogdosrsiape.com\/reajuste-dos-servidores-em-2027-pode-ser-limitado-pela-regra-fiscal\/"},"wordCount":2451,"publisher":{"@id":"https:\/\/blogdosrsiape.com\/#organization"},"image":{"@id":"https:\/\/blogdosrsiape.com\/reajuste-dos-servidores-em-2027-pode-ser-limitado-pela-regra-fiscal\/#primaryimage"},"thumbnailUrl":"https:\/\/11ponto11servidor.com.br\/blogsrsiape\/wp-content\/uploads\/sites\/2\/2026\/09\/e8b4f5b4-e4f1-49b7-9cff-7559ba4783ab.png","articleSection":["Todas as Not\u00edcias"],"inLanguage":"pt-BR"},{"@type":"WebPage","@id":"https:\/\/blogdosrsiape.com\/reajuste-dos-servidores-em-2027-pode-ser-limitado-pela-regra-fiscal\/","url":"https:\/\/blogdosrsiape.com\/reajuste-dos-servidores-em-2027-pode-ser-limitado-pela-regra-fiscal\/","name":"Reajuste dos servidores em 2027 pode ser limitado pela regra fiscal - Blog do Sr. SIAPE","isPartOf":{"@id":"https:\/\/blogdosrsiape.com\/#website"},"primaryImageOfPage":{"@id":"https:\/\/blogdosrsiape.com\/reajuste-dos-servidores-em-2027-pode-ser-limitado-pela-regra-fiscal\/#primaryimage"},"image":{"@id":"https:\/\/blogdosrsiape.com\/reajuste-dos-servidores-em-2027-pode-ser-limitado-pela-regra-fiscal\/#primaryimage"},"thumbnailUrl":"https:\/\/11ponto11servidor.com.br\/blogsrsiape\/wp-content\/uploads\/sites\/2\/2026\/09\/e8b4f5b4-e4f1-49b7-9cff-7559ba4783ab.png","datePublished":"2026-09-01T18:54:10+00:00","dateModified":"2026-09-01T18:59:42+00:00","description":"O que pode acontecer com o reajuste dos servidores em 2027? Proposta ainda ser\u00e1 analisada pelo Congresso e pode afetar novas negocia\u00e7\u00f5es.","breadcrumb":{"@id":"https:\/\/blogdosrsiape.com\/reajuste-dos-servidores-em-2027-pode-ser-limitado-pela-regra-fiscal\/#breadcrumb"},"inLanguage":"pt-BR","potentialAction":[{"@type":"ReadAction","target":["https:\/\/blogdosrsiape.com\/reajuste-dos-servidores-em-2027-pode-ser-limitado-pela-regra-fiscal\/"]}]},{"@type":"ImageObject","inLanguage":"pt-BR","@id":"https:\/\/blogdosrsiape.com\/reajuste-dos-servidores-em-2027-pode-ser-limitado-pela-regra-fiscal\/#primaryimage","url":"https:\/\/11ponto11servidor.com.br\/blogsrsiape\/wp-content\/uploads\/sites\/2\/2026\/09\/e8b4f5b4-e4f1-49b7-9cff-7559ba4783ab.png","contentUrl":"https:\/\/11ponto11servidor.com.br\/blogsrsiape\/wp-content\/uploads\/sites\/2\/2026\/09\/e8b4f5b4-e4f1-49b7-9cff-7559ba4783ab.png","width":1200,"height":880,"caption":"servidores aumento"},{"@type":"BreadcrumbList","@id":"https:\/\/blogdosrsiape.com\/reajuste-dos-servidores-em-2027-pode-ser-limitado-pela-regra-fiscal\/#breadcrumb","itemListElement":[{"@type":"ListItem","position":1,"name":"In\u00edcio","item":"https:\/\/blogdosrsiape.com\/"},{"@type":"ListItem","position":2,"name":"Reajuste dos servidores em 2027 pode ser limitado pela regra fiscal"}]},{"@type":"WebSite","@id":"https:\/\/blogdosrsiape.com\/#website","url":"https:\/\/blogdosrsiape.com\/","name":"Blog do sr. SIAPE","description":"Blog de not\u00edcias para Servidores Federais e Pensionistas","publisher":{"@id":"https:\/\/blogdosrsiape.com\/#organization"},"potentialAction":[{"@type":"SearchAction","target":{"@type":"EntryPoint","urlTemplate":"https:\/\/blogdosrsiape.com\/?s={search_term_string}"},"query-input":{"@type":"PropertyValueSpecification","valueRequired":true,"valueName":"search_term_string"}}],"inLanguage":"pt-BR"},{"@type":"Organization","@id":"https:\/\/blogdosrsiape.com\/#organization","name":"Blog do sr. SIAPE","url":"https:\/\/blogdosrsiape.com\/","logo":{"@type":"ImageObject","inLanguage":"pt-BR","@id":"https:\/\/blogdosrsiape.com\/#\/schema\/logo\/image\/","url":"https:\/\/11ponto11servidor.com.br\/blogsrsiape\/wp-content\/uploads\/sites\/2\/2024\/10\/logo-1.png","contentUrl":"https:\/\/11ponto11servidor.com.br\/blogsrsiape\/wp-content\/uploads\/sites\/2\/2024\/10\/logo-1.png","width":287,"height":116,"caption":"Blog do sr. SIAPE"},"image":{"@id":"https:\/\/blogdosrsiape.com\/#\/schema\/logo\/image\/"},"sameAs":["https:\/\/www.facebook.com\/blogsrsiape\/?locale=pt_BR","https:\/\/www.instagram.com\/srsiape\/"]},{"@type":"Person","@id":"https:\/\/blogdosrsiape.com\/#\/schema\/person\/641e1af8b22c69725a1d604fb8959bcf","name":"Blog Sr.Siape","sameAs":["https:\/\/11ponto11servidor.com.br"],"url":"https:\/\/11ponto11servidor.com.br\/blogsrsiape\/author\/websitemix\/"}]}},"_links":{"self":[{"href":"https:\/\/11ponto11servidor.com.br\/blogsrsiape\/wp-json\/wp\/v2\/posts\/14839"}],"collection":[{"href":"https:\/\/11ponto11servidor.com.br\/blogsrsiape\/wp-json\/wp\/v2\/posts"}],"about":[{"href":"https:\/\/11ponto11servidor.com.br\/blogsrsiape\/wp-json\/wp\/v2\/types\/post"}],"author":[{"embeddable":true,"href":"https:\/\/11ponto11servidor.com.br\/blogsrsiape\/wp-json\/wp\/v2\/users\/1"}],"replies":[{"embeddable":true,"href":"https:\/\/11ponto11servidor.com.br\/blogsrsiape\/wp-json\/wp\/v2\/comments?post=14839"}],"version-history":[{"count":1,"href":"https:\/\/11ponto11servidor.com.br\/blogsrsiape\/wp-json\/wp\/v2\/posts\/14839\/revisions"}],"predecessor-version":[{"id":14841,"href":"https:\/\/11ponto11servidor.com.br\/blogsrsiape\/wp-json\/wp\/v2\/posts\/14839\/revisions\/14841"}],"wp:featuredmedia":[{"embeddable":true,"href":"https:\/\/11ponto11servidor.com.br\/blogsrsiape\/wp-json\/wp\/v2\/media\/14842"}],"wp:attachment":[{"href":"https:\/\/11ponto11servidor.com.br\/blogsrsiape\/wp-json\/wp\/v2\/media?parent=14839"}],"wp:term":[{"taxonomy":"category","embeddable":true,"href":"https:\/\/11ponto11servidor.com.br\/blogsrsiape\/wp-json\/wp\/v2\/categories?post=14839"},{"taxonomy":"post_tag","embeddable":true,"href":"https:\/\/11ponto11servidor.com.br\/blogsrsiape\/wp-json\/wp\/v2\/tags?post=14839"}],"curies":[{"name":"wp","href":"https:\/\/api.w.org\/{rel}","templated":true}]}}