{"id":1532,"date":"2015-12-14T11:23:30","date_gmt":"2015-12-14T11:23:30","guid":{"rendered":"http:\/\/www.blogdosrsiape.net\/?p=1532"},"modified":"2015-12-14T11:23:30","modified_gmt":"2015-12-14T11:23:30","slug":"greve-dos-peritos-do-inss-pode-se-estender-ate-o-proximo-ano","status":"publish","type":"post","link":"https:\/\/11ponto11servidor.com.br\/blogsrsiape\/greve-dos-peritos-do-inss-pode-se-estender-ate-o-proximo-ano\/","title":{"rendered":"Greve dos peritos do INSS pode se estender at\u00e9 o pr\u00f3ximo ano"},"content":{"rendered":"<div>\n<p class=\"bodytext\">A Greve dos peritos do INSS pode se estender at\u00e9 o pr\u00f3ximo ano, ap\u00f3s chegar em quase 100 dias. Os n\u00fameros da paralisa\u00e7\u00e3o s\u00e3o alarmantes e prejudicam milhares de segurados que dependem do dinheiro de benef\u00edcios como, por exemplo, o aux\u00edlio-doen\u00e7a para a sobreviv\u00eancia da fam\u00edlia.<\/p>\n<\/div>\n<div>\u00a0O presidente da Associa\u00e7\u00e3o Nacional dos M\u00e9dicos Peritos (ANMP), Francisco Eduardo Cardoso Alves, afirma que a greve poder\u00e1 atravessar o ano. \u201cA nova proposta do Governo Federal ser\u00e1 votada nesta segunda-feira (amanh\u00e3) pela categoria e, provavelmente, n\u00e3o ser\u00e1 aceita, pois n\u00e3o contempla principais pontos da pauta de greve, como as 30 horas, fim da terceiriza\u00e7\u00e3o e a reestrutura\u00e7\u00e3o dos n\u00edveis salariais. Assim, o movimento deve continuar at\u00e9 janeiro de 2016\u201d.<\/div>\n<div>\u00a0De acordo com o levantamento da ANMP realizado na \u00faltima semana, j\u00e1 s\u00e3o mais de 1,6 milh\u00e3o de per\u00edcias que n\u00e3o foram realizadas durante a greve dos peritos do INSS. \u201cTemos informa\u00e7\u00f5es de que os segurados s\u00f3 est\u00e3o conseguindo agendar a per\u00edcia no INSS para depois do Carnaval. E nas principais capitais brasileiras o agendamento da per\u00edcia est\u00e1 sendo realizado para o m\u00eas de junho\u201d, revela o presidente da associa\u00e7\u00e3o.<\/div>\n<div>\u00a0O INSS estima, por\u00e9m, que aproximadamente 1 milh\u00e3o de per\u00edcias n\u00e3o tenham sido realizadas desde o in\u00edcio da paralisa\u00e7\u00e3o em 4 de setembro. O \u00f3rg\u00e3o tamb\u00e9m esclarece que o tempo m\u00e9dio de espera para o agendamento da per\u00edcia m\u00e9dica passou de 20 dias, antes do in\u00edcio das greves, para os atuais 61 dias, na m\u00e9dia nacional.<\/div>\n<div>\u00a0De acordo com o INSS, o quadro de m\u00e9dicos peritos \u00e9 de 4.378 servidores, com sal\u00e1rio inicial, para uma jornada de 40 horas, de R$ 11.383,54, chegando a R$ 16.222,88 no final da carreira.<\/div>\n<div><\/div>\n<div>\n<p class=\"bodytext\"><strong>Proposta insuficiente<\/strong><\/p>\n<\/div>\n<div>O presidente da ANMP sustenta que a proposta do governo n\u00e3o \u00e9 suficiente, pois se limita a propor o aumento geral dado ao funcionalismo e a cria\u00e7\u00e3o de um comit\u00ea, em lei, para definir um novo modelo para a carreira dos peritos. \u201cAl\u00e9m disso, n\u00e3o prev\u00ea a efetiva\u00e7\u00e3o da jornada de 30 horas e fim da discuss\u00e3o da terceiriza\u00e7\u00e3o das per\u00edcias\u201d.<\/div>\n<div>Alves diz que a quest\u00e3o da jornada de trabalho \u00e9 um ponto de disc\u00f3rdia. O Minist\u00e9rio do Planejamento afirma que os profissionais querem reduzir a carga hor\u00e1ria de 40 horas para 30, sem corte na remunera\u00e7\u00e3o. Segundo o presidente da associa\u00e7\u00e3o, 30 horas \u00e9 a jornada praticada atualmente. \u201cJ\u00e1 trabalhamos 30 horas, amparados por portarias internas do INSS. O que queremos \u00e9 que isso seja reconhecido em lei\u201d.<\/div>\n<div>Ele pontua que outra reivindica\u00e7\u00e3o priorit\u00e1ria \u00e9 a reposi\u00e7\u00e3o salarial de 27% divididos em dois anos. \u201cEstamos abertos \u00e0 negocia\u00e7\u00e3o, mas n\u00e3o pretendemos aceitar esta proposta gen\u00e9rica do governo\u201d.<\/div>\n<div>\n<p class=\"bodytext\"><strong>Popula\u00e7\u00e3o prejudicada<\/strong><\/p>\n<\/div>\n<div>Esta longa greve dos peritos do INSS tem como principal problema a demora na concess\u00e3o e na an\u00e1lise de benef\u00edcios por incapacidade como, por exemplo, aux\u00edlio-doen\u00e7a, e aposentadoria por invalidez. \u201c\u00c9 um dos segmentos mais procurados pela popula\u00e7\u00e3o, al\u00e9m de ser de car\u00e1ter mais sens\u00edvel e urgente\u201d, afirma Marco Aur\u00e9lio Serau Jr., professor e autor de obras em Direito Previdenci\u00e1rio.<\/div>\n<div>\n<p class=\"bodytext\">A advogada Anna Toledo, especialista em Direito Previdenci\u00e1rio da Advocacia Marcatto, avalia que os segurados mais atingidos foram os incapacitados. \u201cPrincipalmente os segurados em gozo de aux\u00edlio-doen\u00e7a, que n\u00e3o conseguiam reagendar suas per\u00edcias e prorroga\u00e7\u00f5es, tendo em vista a sistem\u00e1tica do INSS conhecida como alta programada.<\/p>\n<\/div>\n<div>\u00a0Neste caso, o perito, ao examinar o segurado, calcula o tempo estimado de perman\u00eancia em gozo do benef\u00edcio feito por um programa de computador da autarquia, que pode suspender automaticamente o benef\u00edcio. \u201cTrata-se de uma verdadeira afronta aos direitos humanos e sociais, pois somente por meio de per\u00edcia m\u00e9dica \u00e9 que se pode aferir se um segurado encontra-se ou n\u00e3o incapacitado para o trabalho\u201d, observa.<\/div>\n<div>O professor de Direito Previdenci\u00e1rio Rodrigo Sodero diz que a greve atinge a concess\u00e3o da aposentadoria por invalidez, aux\u00edlio-acidente, benef\u00edcio assistencial de presta\u00e7\u00e3o continuada (Loas) por defici\u00eancia, aposentadoria especial e pens\u00e3o por morte e aux\u00edlio-reclus\u00e3o (nos dois \u00faltimos benef\u00edcios, se inv\u00e1lido ou deficiente).<\/div>\n<div>\n<p class=\"bodytext\"><strong>Segurados podem procurar a Justi\u00e7a\u00a0<\/strong><\/p>\n<\/div>\n<div><\/div>\n<div>\n<p class=\"bodytext\">Os especialistas ressaltam que os segurados do INSS que tiverem qualquer direito prejudicado e sofram preju\u00edzo financeiro ou material, decorrentes da greve dos m\u00e9dicos peritos, devem ingressar no Poder Judici\u00e1rio.<\/p>\n<\/div>\n<div>\u00a0\u201cQualquer direito dos segurados que seja lesado ou amea\u00e7ado de les\u00e3o permite que recorram ao Poder Judici\u00e1rio, inclusive buscando medidas emergenciais, como liminares em mandados de seguran\u00e7a e antecipa\u00e7\u00f5es de tutela\u201d, diz o professor de Direito Previdenci\u00e1rio, Marco Aur\u00e9lio Serau Jr.<\/div>\n<div>\u00a0A advogada Anna Toledo explica que os casos mais urgentes, como os de natureza alimentar, podem ser resolvidos na Justi\u00e7a.<\/div>\n<div>\u00a0\u201cHavendo documenta\u00e7\u00e3o m\u00e9dica atestando a incapacidade e o afastamento do trabalho, ser\u00e1 poss\u00edvel garantir o direito \u00e0 manuten\u00e7\u00e3o do benef\u00edcio que j\u00e1 recebe ou mesmo a concess\u00e3o de novo benef\u00edcio, cuja natureza \u00e9 puramente alimentar\u201d, diz.<\/div>\n<div>\u00a0Anna Toledo ressalta que os segurados podem procurar a Justi\u00e7a para garantir o pagamento de sal\u00e1rios de benef\u00edcio, devidos pela incapacidade, e que n\u00e3o estejam sendo pagos pela autarquia, em decorr\u00eancia de n\u00e3o terem conseguido agendar suas per\u00edcias junto \u00e0s ag\u00eancias da Previd\u00eancia pela paralisa\u00e7\u00e3o. \u201cIsso vale tanto per\u00edcias novas, quanto para os pedidos de prorroga\u00e7\u00e3o\u201d.<\/div>\n<div>\u00a0A advogada afirma que o Juizado Especial Federal \u00e9 o \u00f3rg\u00e3o aparelhado para resolver estas demandas. \u201cO segurado n\u00e3o precisa estar representado por advogado no Juizado Especial Federal. Basta ele comparecer munido de todos os documentos (laudos m\u00e9dicos e receitas) e a documenta\u00e7\u00e3o relativa ao INSS\u201d.<\/div>\n<div>\u00a0Segundo ela, Defensoria P\u00fablica tamb\u00e9m realiza estes atendimentos ingressando com as medidas judiciais cab\u00edveis por seus assistidos. Mais informa\u00e7\u00f5es em\u00a0<a title=\"external-link-new-window\" href=\"http:\/\/redacao.atribuna.com.br\/http:\/\/\" target=\"www.previdenciatotal.com.br\">www.previdenciatotal.com.br<\/a>.<\/div>\n","protected":false},"excerpt":{"rendered":"<p>A Greve dos peritos do INSS pode se estender at\u00e9 o pr\u00f3ximo ano, ap\u00f3s chegar em quase 100 dias. Os n\u00fameros da paralisa\u00e7\u00e3o s\u00e3o alarmantes e prejudicam milhares de segurados que dependem do dinheiro de benef\u00edcios como, por exemplo, o aux\u00edlio-doen\u00e7a para a sobreviv\u00eancia da fam\u00edlia. \u00a0O presidente da Associa\u00e7\u00e3o Nacional dos M\u00e9dicos Peritos (ANMP),&#8230;<\/p>\n","protected":false},"author":1,"featured_media":1446,"comment_status":"open","ping_status":"open","sticky":false,"template":"","format":"standard","meta":{"footnotes":""},"categories":[37],"tags":[1119,1243,2071,2158],"class_list":["post-1532","post","type-post","status-publish","format-standard","has-post-thumbnail","hentry","category-greve","tag-greve","tag-inss","tag-segep","tag-sigepe"],"yoast_head":"<!-- This site is optimized with the Yoast SEO plugin v23.6 - https:\/\/yoast.com\/wordpress\/plugins\/seo\/ -->\n<title>Greve dos peritos do INSS pode se estender at\u00e9 o pr\u00f3ximo ano - Blog do Sr. SIAPE<\/title>\n<meta name=\"description\" content=\"Risco de extens\u00e3o da greve dos peritos do INSS que j\u00e1 chega a quase 100 dias assusta benefici\u00e1rios que enfrentam dificuldades com suas pericias\" \/>\n<meta name=\"robots\" content=\"index, follow, max-snippet:-1, max-image-preview:large, max-video-preview:-1\" \/>\n<link rel=\"canonical\" href=\"https:\/\/blogdosrsiape.com\/greve-dos-peritos-do-inss-pode-se-estender-ate-o-proximo-ano\/\" \/>\n<meta property=\"og:locale\" content=\"pt_BR\" \/>\n<meta property=\"og:type\" content=\"article\" \/>\n<meta property=\"og:title\" content=\"Greve dos peritos do INSS pode se estender at\u00e9 o pr\u00f3ximo ano - Blog do Sr. SIAPE\" \/>\n<meta property=\"og:description\" content=\"Risco de extens\u00e3o da greve dos peritos do INSS que j\u00e1 chega a quase 100 dias assusta benefici\u00e1rios que enfrentam dificuldades com suas pericias\" \/>\n<meta property=\"og:url\" content=\"https:\/\/blogdosrsiape.com\/greve-dos-peritos-do-inss-pode-se-estender-ate-o-proximo-ano\/\" \/>\n<meta property=\"og:site_name\" content=\"Blog do Sr. SIAPE\" \/>\n<meta property=\"article:publisher\" content=\"https:\/\/www.facebook.com\/blogsrsiape\/?locale=pt_BR\" \/>\n<meta property=\"article:published_time\" content=\"2015-12-14T11:23:30+00:00\" \/>\n<meta property=\"og:image\" content=\"https:\/\/11ponto11servidor.com.br\/blogsrsiape\/wp-content\/uploads\/sites\/2\/2015\/11\/293.jpg\" \/>\n\t<meta property=\"og:image:width\" content=\"450\" \/>\n\t<meta property=\"og:image:height\" content=\"293\" \/>\n\t<meta property=\"og:image:type\" content=\"image\/jpeg\" \/>\n<meta name=\"author\" content=\"websitemix\" \/>\n<meta name=\"twitter:card\" content=\"summary_large_image\" \/>\n<meta name=\"twitter:label1\" content=\"Escrito por\" \/>\n\t<meta name=\"twitter:data1\" content=\"websitemix\" \/>\n\t<meta name=\"twitter:label2\" content=\"Est. tempo de leitura\" \/>\n\t<meta name=\"twitter:data2\" content=\"5 minutos\" \/>\n<script type=\"application\/ld+json\" class=\"yoast-schema-graph\">{\"@context\":\"https:\/\/schema.org\",\"@graph\":[{\"@type\":\"Article\",\"@id\":\"https:\/\/blogdosrsiape.com\/greve-dos-peritos-do-inss-pode-se-estender-ate-o-proximo-ano\/#article\",\"isPartOf\":{\"@id\":\"https:\/\/blogdosrsiape.com\/greve-dos-peritos-do-inss-pode-se-estender-ate-o-proximo-ano\/\"},\"author\":{\"name\":\"websitemix\",\"@id\":\"https:\/\/blogdosrsiape.com\/#\/schema\/person\/641e1af8b22c69725a1d604fb8959bcf\"},\"headline\":\"Greve dos peritos do INSS pode se estender at\u00e9 o pr\u00f3ximo ano\",\"datePublished\":\"2015-12-14T11:23:30+00:00\",\"dateModified\":\"2015-12-14T11:23:30+00:00\",\"mainEntityOfPage\":{\"@id\":\"https:\/\/blogdosrsiape.com\/greve-dos-peritos-do-inss-pode-se-estender-ate-o-proximo-ano\/\"},\"wordCount\":1030,\"commentCount\":0,\"publisher\":{\"@id\":\"https:\/\/blogdosrsiape.com\/#organization\"},\"image\":{\"@id\":\"https:\/\/blogdosrsiape.com\/greve-dos-peritos-do-inss-pode-se-estender-ate-o-proximo-ano\/#primaryimage\"},\"thumbnailUrl\":\"https:\/\/11ponto11servidor.com.br\/blogsrsiape\/wp-content\/uploads\/sites\/2\/2015\/11\/293.jpg\",\"keywords\":[\"greve\",\"INSS\",\"SEGEP\",\"SIGEPE\"],\"articleSection\":[\"Greve\"],\"inLanguage\":\"pt-BR\",\"potentialAction\":[{\"@type\":\"CommentAction\",\"name\":\"Comment\",\"target\":[\"https:\/\/blogdosrsiape.com\/greve-dos-peritos-do-inss-pode-se-estender-ate-o-proximo-ano\/#respond\"]}]},{\"@type\":\"WebPage\",\"@id\":\"https:\/\/blogdosrsiape.com\/greve-dos-peritos-do-inss-pode-se-estender-ate-o-proximo-ano\/\",\"url\":\"https:\/\/blogdosrsiape.com\/greve-dos-peritos-do-inss-pode-se-estender-ate-o-proximo-ano\/\",\"name\":\"Greve dos peritos do INSS pode se estender at\u00e9 o pr\u00f3ximo ano - Blog do Sr. SIAPE\",\"isPartOf\":{\"@id\":\"https:\/\/blogdosrsiape.com\/#website\"},\"primaryImageOfPage\":{\"@id\":\"https:\/\/blogdosrsiape.com\/greve-dos-peritos-do-inss-pode-se-estender-ate-o-proximo-ano\/#primaryimage\"},\"image\":{\"@id\":\"https:\/\/blogdosrsiape.com\/greve-dos-peritos-do-inss-pode-se-estender-ate-o-proximo-ano\/#primaryimage\"},\"thumbnailUrl\":\"https:\/\/11ponto11servidor.com.br\/blogsrsiape\/wp-content\/uploads\/sites\/2\/2015\/11\/293.jpg\",\"datePublished\":\"2015-12-14T11:23:30+00:00\",\"dateModified\":\"2015-12-14T11:23:30+00:00\",\"description\":\"Risco de extens\u00e3o da greve dos peritos do INSS que j\u00e1 chega a quase 100 dias assusta benefici\u00e1rios que enfrentam dificuldades com suas pericias\",\"breadcrumb\":{\"@id\":\"https:\/\/blogdosrsiape.com\/greve-dos-peritos-do-inss-pode-se-estender-ate-o-proximo-ano\/#breadcrumb\"},\"inLanguage\":\"pt-BR\",\"potentialAction\":[{\"@type\":\"ReadAction\",\"target\":[\"https:\/\/blogdosrsiape.com\/greve-dos-peritos-do-inss-pode-se-estender-ate-o-proximo-ano\/\"]}]},{\"@type\":\"ImageObject\",\"inLanguage\":\"pt-BR\",\"@id\":\"https:\/\/blogdosrsiape.com\/greve-dos-peritos-do-inss-pode-se-estender-ate-o-proximo-ano\/#primaryimage\",\"url\":\"https:\/\/11ponto11servidor.com.br\/blogsrsiape\/wp-content\/uploads\/sites\/2\/2015\/11\/293.jpg\",\"contentUrl\":\"https:\/\/11ponto11servidor.com.br\/blogsrsiape\/wp-content\/uploads\/sites\/2\/2015\/11\/293.jpg\",\"width\":450,\"height\":293,\"caption\":\"Aposentadoria\"},{\"@type\":\"BreadcrumbList\",\"@id\":\"https:\/\/blogdosrsiape.com\/greve-dos-peritos-do-inss-pode-se-estender-ate-o-proximo-ano\/#breadcrumb\",\"itemListElement\":[{\"@type\":\"ListItem\",\"position\":1,\"name\":\"In\u00edcio\",\"item\":\"https:\/\/blogdosrsiape.com\/\"},{\"@type\":\"ListItem\",\"position\":2,\"name\":\"Greve dos peritos do INSS pode se estender at\u00e9 o pr\u00f3ximo ano\"}]},{\"@type\":\"WebSite\",\"@id\":\"https:\/\/blogdosrsiape.com\/#website\",\"url\":\"https:\/\/blogdosrsiape.com\/\",\"name\":\"Blog do sr. SIAPE\",\"description\":\"SIAPE Servidor Federal\",\"publisher\":{\"@id\":\"https:\/\/blogdosrsiape.com\/#organization\"},\"potentialAction\":[{\"@type\":\"SearchAction\",\"target\":{\"@type\":\"EntryPoint\",\"urlTemplate\":\"https:\/\/blogdosrsiape.com\/?s={search_term_string}\"},\"query-input\":{\"@type\":\"PropertyValueSpecification\",\"valueRequired\":true,\"valueName\":\"search_term_string\"}}],\"inLanguage\":\"pt-BR\"},{\"@type\":\"Organization\",\"@id\":\"https:\/\/blogdosrsiape.com\/#organization\",\"name\":\"Blog do sr. SIAPE\",\"url\":\"https:\/\/blogdosrsiape.com\/\",\"logo\":{\"@type\":\"ImageObject\",\"inLanguage\":\"pt-BR\",\"@id\":\"https:\/\/blogdosrsiape.com\/#\/schema\/logo\/image\/\",\"url\":\"https:\/\/11ponto11servidor.com.br\/blogsrsiape\/wp-content\/uploads\/sites\/2\/2024\/10\/logo-1.png\",\"contentUrl\":\"https:\/\/11ponto11servidor.com.br\/blogsrsiape\/wp-content\/uploads\/sites\/2\/2024\/10\/logo-1.png\",\"width\":287,\"height\":116,\"caption\":\"Blog do sr. SIAPE\"},\"image\":{\"@id\":\"https:\/\/blogdosrsiape.com\/#\/schema\/logo\/image\/\"},\"sameAs\":[\"https:\/\/www.facebook.com\/blogsrsiape\/?locale=pt_BR\",\"https:\/\/www.instagram.com\/srsiape\/\"]},{\"@type\":\"Person\",\"@id\":\"https:\/\/blogdosrsiape.com\/#\/schema\/person\/641e1af8b22c69725a1d604fb8959bcf\",\"name\":\"websitemix\",\"sameAs\":[\"https:\/\/11ponto11servidor.com.br\"],\"url\":\"https:\/\/11ponto11servidor.com.br\/blogsrsiape\/author\/websitemix\/\"}]}<\/script>\n<!-- \/ Yoast SEO plugin. -->","yoast_head_json":{"title":"Greve dos peritos do INSS pode se estender at\u00e9 o pr\u00f3ximo ano - Blog do Sr. SIAPE","description":"Risco de extens\u00e3o da greve dos peritos do INSS que j\u00e1 chega a quase 100 dias assusta benefici\u00e1rios que enfrentam dificuldades com suas pericias","robots":{"index":"index","follow":"follow","max-snippet":"max-snippet:-1","max-image-preview":"max-image-preview:large","max-video-preview":"max-video-preview:-1"},"canonical":"https:\/\/blogdosrsiape.com\/greve-dos-peritos-do-inss-pode-se-estender-ate-o-proximo-ano\/","og_locale":"pt_BR","og_type":"article","og_title":"Greve dos peritos do INSS pode se estender at\u00e9 o pr\u00f3ximo ano - Blog do Sr. SIAPE","og_description":"Risco de extens\u00e3o da greve dos peritos do INSS que j\u00e1 chega a quase 100 dias assusta benefici\u00e1rios que enfrentam dificuldades com suas pericias","og_url":"https:\/\/blogdosrsiape.com\/greve-dos-peritos-do-inss-pode-se-estender-ate-o-proximo-ano\/","og_site_name":"Blog do Sr. SIAPE","article_publisher":"https:\/\/www.facebook.com\/blogsrsiape\/?locale=pt_BR","article_published_time":"2015-12-14T11:23:30+00:00","og_image":[{"width":450,"height":293,"url":"https:\/\/11ponto11servidor.com.br\/blogsrsiape\/wp-content\/uploads\/sites\/2\/2015\/11\/293.jpg","type":"image\/jpeg"}],"author":"websitemix","twitter_card":"summary_large_image","twitter_misc":{"Escrito por":"websitemix","Est. tempo de leitura":"5 minutos"},"schema":{"@context":"https:\/\/schema.org","@graph":[{"@type":"Article","@id":"https:\/\/blogdosrsiape.com\/greve-dos-peritos-do-inss-pode-se-estender-ate-o-proximo-ano\/#article","isPartOf":{"@id":"https:\/\/blogdosrsiape.com\/greve-dos-peritos-do-inss-pode-se-estender-ate-o-proximo-ano\/"},"author":{"name":"websitemix","@id":"https:\/\/blogdosrsiape.com\/#\/schema\/person\/641e1af8b22c69725a1d604fb8959bcf"},"headline":"Greve dos peritos do INSS pode se estender at\u00e9 o pr\u00f3ximo ano","datePublished":"2015-12-14T11:23:30+00:00","dateModified":"2015-12-14T11:23:30+00:00","mainEntityOfPage":{"@id":"https:\/\/blogdosrsiape.com\/greve-dos-peritos-do-inss-pode-se-estender-ate-o-proximo-ano\/"},"wordCount":1030,"commentCount":0,"publisher":{"@id":"https:\/\/blogdosrsiape.com\/#organization"},"image":{"@id":"https:\/\/blogdosrsiape.com\/greve-dos-peritos-do-inss-pode-se-estender-ate-o-proximo-ano\/#primaryimage"},"thumbnailUrl":"https:\/\/11ponto11servidor.com.br\/blogsrsiape\/wp-content\/uploads\/sites\/2\/2015\/11\/293.jpg","keywords":["greve","INSS","SEGEP","SIGEPE"],"articleSection":["Greve"],"inLanguage":"pt-BR","potentialAction":[{"@type":"CommentAction","name":"Comment","target":["https:\/\/blogdosrsiape.com\/greve-dos-peritos-do-inss-pode-se-estender-ate-o-proximo-ano\/#respond"]}]},{"@type":"WebPage","@id":"https:\/\/blogdosrsiape.com\/greve-dos-peritos-do-inss-pode-se-estender-ate-o-proximo-ano\/","url":"https:\/\/blogdosrsiape.com\/greve-dos-peritos-do-inss-pode-se-estender-ate-o-proximo-ano\/","name":"Greve dos peritos do INSS pode se estender at\u00e9 o pr\u00f3ximo ano - Blog do Sr. SIAPE","isPartOf":{"@id":"https:\/\/blogdosrsiape.com\/#website"},"primaryImageOfPage":{"@id":"https:\/\/blogdosrsiape.com\/greve-dos-peritos-do-inss-pode-se-estender-ate-o-proximo-ano\/#primaryimage"},"image":{"@id":"https:\/\/blogdosrsiape.com\/greve-dos-peritos-do-inss-pode-se-estender-ate-o-proximo-ano\/#primaryimage"},"thumbnailUrl":"https:\/\/11ponto11servidor.com.br\/blogsrsiape\/wp-content\/uploads\/sites\/2\/2015\/11\/293.jpg","datePublished":"2015-12-14T11:23:30+00:00","dateModified":"2015-12-14T11:23:30+00:00","description":"Risco de extens\u00e3o da greve dos peritos do INSS que j\u00e1 chega a quase 100 dias assusta benefici\u00e1rios que enfrentam dificuldades com suas pericias","breadcrumb":{"@id":"https:\/\/blogdosrsiape.com\/greve-dos-peritos-do-inss-pode-se-estender-ate-o-proximo-ano\/#breadcrumb"},"inLanguage":"pt-BR","potentialAction":[{"@type":"ReadAction","target":["https:\/\/blogdosrsiape.com\/greve-dos-peritos-do-inss-pode-se-estender-ate-o-proximo-ano\/"]}]},{"@type":"ImageObject","inLanguage":"pt-BR","@id":"https:\/\/blogdosrsiape.com\/greve-dos-peritos-do-inss-pode-se-estender-ate-o-proximo-ano\/#primaryimage","url":"https:\/\/11ponto11servidor.com.br\/blogsrsiape\/wp-content\/uploads\/sites\/2\/2015\/11\/293.jpg","contentUrl":"https:\/\/11ponto11servidor.com.br\/blogsrsiape\/wp-content\/uploads\/sites\/2\/2015\/11\/293.jpg","width":450,"height":293,"caption":"Aposentadoria"},{"@type":"BreadcrumbList","@id":"https:\/\/blogdosrsiape.com\/greve-dos-peritos-do-inss-pode-se-estender-ate-o-proximo-ano\/#breadcrumb","itemListElement":[{"@type":"ListItem","position":1,"name":"In\u00edcio","item":"https:\/\/blogdosrsiape.com\/"},{"@type":"ListItem","position":2,"name":"Greve dos peritos do INSS pode se estender at\u00e9 o pr\u00f3ximo ano"}]},{"@type":"WebSite","@id":"https:\/\/blogdosrsiape.com\/#website","url":"https:\/\/blogdosrsiape.com\/","name":"Blog do sr. SIAPE","description":"SIAPE Servidor Federal","publisher":{"@id":"https:\/\/blogdosrsiape.com\/#organization"},"potentialAction":[{"@type":"SearchAction","target":{"@type":"EntryPoint","urlTemplate":"https:\/\/blogdosrsiape.com\/?s={search_term_string}"},"query-input":{"@type":"PropertyValueSpecification","valueRequired":true,"valueName":"search_term_string"}}],"inLanguage":"pt-BR"},{"@type":"Organization","@id":"https:\/\/blogdosrsiape.com\/#organization","name":"Blog do sr. SIAPE","url":"https:\/\/blogdosrsiape.com\/","logo":{"@type":"ImageObject","inLanguage":"pt-BR","@id":"https:\/\/blogdosrsiape.com\/#\/schema\/logo\/image\/","url":"https:\/\/11ponto11servidor.com.br\/blogsrsiape\/wp-content\/uploads\/sites\/2\/2024\/10\/logo-1.png","contentUrl":"https:\/\/11ponto11servidor.com.br\/blogsrsiape\/wp-content\/uploads\/sites\/2\/2024\/10\/logo-1.png","width":287,"height":116,"caption":"Blog do sr. SIAPE"},"image":{"@id":"https:\/\/blogdosrsiape.com\/#\/schema\/logo\/image\/"},"sameAs":["https:\/\/www.facebook.com\/blogsrsiape\/?locale=pt_BR","https:\/\/www.instagram.com\/srsiape\/"]},{"@type":"Person","@id":"https:\/\/blogdosrsiape.com\/#\/schema\/person\/641e1af8b22c69725a1d604fb8959bcf","name":"websitemix","sameAs":["https:\/\/11ponto11servidor.com.br"],"url":"https:\/\/11ponto11servidor.com.br\/blogsrsiape\/author\/websitemix\/"}]}},"_links":{"self":[{"href":"https:\/\/11ponto11servidor.com.br\/blogsrsiape\/wp-json\/wp\/v2\/posts\/1532"}],"collection":[{"href":"https:\/\/11ponto11servidor.com.br\/blogsrsiape\/wp-json\/wp\/v2\/posts"}],"about":[{"href":"https:\/\/11ponto11servidor.com.br\/blogsrsiape\/wp-json\/wp\/v2\/types\/post"}],"author":[{"embeddable":true,"href":"https:\/\/11ponto11servidor.com.br\/blogsrsiape\/wp-json\/wp\/v2\/users\/1"}],"replies":[{"embeddable":true,"href":"https:\/\/11ponto11servidor.com.br\/blogsrsiape\/wp-json\/wp\/v2\/comments?post=1532"}],"version-history":[{"count":0,"href":"https:\/\/11ponto11servidor.com.br\/blogsrsiape\/wp-json\/wp\/v2\/posts\/1532\/revisions"}],"wp:featuredmedia":[{"embeddable":true,"href":"https:\/\/11ponto11servidor.com.br\/blogsrsiape\/wp-json\/wp\/v2\/media\/1446"}],"wp:attachment":[{"href":"https:\/\/11ponto11servidor.com.br\/blogsrsiape\/wp-json\/wp\/v2\/media?parent=1532"}],"wp:term":[{"taxonomy":"category","embeddable":true,"href":"https:\/\/11ponto11servidor.com.br\/blogsrsiape\/wp-json\/wp\/v2\/categories?post=1532"},{"taxonomy":"post_tag","embeddable":true,"href":"https:\/\/11ponto11servidor.com.br\/blogsrsiape\/wp-json\/wp\/v2\/tags?post=1532"}],"curies":[{"name":"wp","href":"https:\/\/api.w.org\/{rel}","templated":true}]}}