{"id":1704,"date":"2016-05-02T17:15:10","date_gmt":"2016-05-02T14:15:10","guid":{"rendered":"https:\/\/11ponto11servidor.com.br\/blogsrsiape\/?p=1704"},"modified":"2016-05-02T17:15:10","modified_gmt":"2016-05-02T14:15:10","slug":"o-funcionalismo-caro","status":"publish","type":"post","link":"https:\/\/11ponto11servidor.com.br\/blogsrsiape\/o-funcionalismo-caro\/","title":{"rendered":"O Funcionalismo Caro"},"content":{"rendered":"<p>O Funcionalismo Caro &#8211; O governo Dilma Rousseff bateu mais um recorde. Em 2015, o peso das despesas com o pagamento dos servidores p\u00fablicos federais foi o maior em 17 anos. Segundo dados do Minist\u00e9rio do Planejamento, o governo gastou 39,2% de suas receitas com a folha de pagamento do funcionalismo federal. Ainda que o porcentual n\u00e3o ultrapasse os limites legais \u2013 desde o ano 2000, a Lei de Responsabilidade Fiscal determina que o governo s\u00f3 possa gastar at\u00e9 50% de suas receitas correntes l\u00edquidas com a folha de pagamento \u2013, trata-se de mais um dado a confirmar a triste situa\u00e7\u00e3o das finan\u00e7as p\u00fablicas do governo federal.<\/p>\n<p>Na s\u00e9rie hist\u00f3rica sobre a rela\u00e7\u00e3o entre despesas com pessoal e receitas, o maior porcentual foi verificado em 1995, quando 54,5% das receitas eram usadas com gastos de pessoal. Depois, o menor n\u00edvel ocorreu em 2005, quando 27,3% das receitas foram usadas para pagar funcion\u00e1rios p\u00fablicos.<\/p>\n<p>De acordo com o Minist\u00e9rio do Planejamento, at\u00e9 novembro de 2015 o governo federal tinha nos Tr\u00eas Poderes 2,19 milh\u00f5es de pessoas em sua folha. Desse total, 55,3% est\u00e3o na ativa, 26% s\u00e3o aposentados e 18,7%, pensionistas. O total da folha de pagamento em 2015 foi de R$ 255,3 bilh\u00f5es, dos quais R$ 151,7 bilh\u00f5es foram destinados ao pagamento de sal\u00e1rios, R$ 66,2 bilh\u00f5es a aposentadorias e R$ 37,3 bilh\u00f5es a pens\u00f5es.<\/p>\n<p>O aumento do peso econ\u00f4mico do funcionalismo para o Pa\u00eds pode tamb\u00e9m ser observado na propor\u00e7\u00e3o entre despesas com a folha e o Produto Interno Bruto (PIB). Em 2015, o gasto com o funcionalismo representou 5,3% do PIB. Trata-se do pior resultado desde 1995.<\/p>\n<p>Em 2002, \u00faltimo ano do governo Fernando Henrique Cardoso, as despesas com o funcionalismo representaram 5% do PIB. Em 2010, \u00faltimo ano do governo Luiz In\u00e1cio Lula da Silva, o porcentual ficou em 4,7%. No primeiro ano de governo Dilma Rousseff, o porcentual caiu para 4,5%. Depois, durante os tr\u00eas anos seguintes, ficou em 4,3%.<\/p>\n<p>A curto e m\u00e9dio prazos o problema tende a agravar-se, seja pela recess\u00e3o econ\u00f4mica \u2013 que diminui a arrecada\u00e7\u00e3o do governo \u2013, seja pelos acordos firmados em 2015. No ano passado, cerca de 90% dos servidores do Executivo chegaram a um acordo com o governo de reajuste salarial. A maioria assinou acordos com vig\u00eancia de dois anos e reajuste de 10,8% em duas parcelas. J\u00e1 as carreiras de Estado optaram por acordos de quatro anos, com reajuste de 27,9%. Segundo o Minist\u00e9rio do Planejamento, os acordos firmados em 2015 ter\u00e3o um impacto de R$ 4,23 bilh\u00f5es neste ano, R$ 19,23 bilh\u00f5es em 2017, R$ 17,91 bilh\u00f5es em 2018 e R$ 23,48 bilh\u00f5es em 2019.<\/p>\n<p>Ao inv\u00e9s de aproveitar a crise para diminuir os gastos com o funcionalismo, o setor p\u00fablico continua contratando. Segundo o Minist\u00e9rio do Trabalho, em mar\u00e7o, por exemplo, foram abertas 4.335 vagas formais na administra\u00e7\u00e3o p\u00fablica. O total de contrata\u00e7\u00f5es no setor p\u00fablico no primeiro trimestre \u00e9 de 13.489. Se o arrocho do setor privado \u00e9 forte \u2013 nos primeiros tr\u00eas meses de 2016 foram 319 mil vagas a menos \u2013, a \u00e1rea p\u00fablica parece esquecer a forte crise fiscal pela qual atravessa o Pa\u00eds.<\/p>\n<p>Essa atitude \u00e9 bem diferente da que se observou na Europa ap\u00f3s a crise econ\u00f4mica de 2008. Segundo a Organiza\u00e7\u00e3o para Coopera\u00e7\u00e3o e Desenvolvimento Econ\u00f4mico (OCDE), todos os pa\u00edses da Uni\u00e3o Europeia reduziram o tamanho do funcionalismo p\u00fablico entre 2008 e 2013, exceto a Su\u00e9cia. Outro estudo, da entidade Initiative for Policy Dialogue, com sede na Universidade de Columbia (EUA), revelou que, desde 2010, quase cem governos reduziram o valor gasto com o funcionalismo.<\/p>\n<p>Diante da gravidade da atual crise econ\u00f4mica \u2013 segundo o IBGE, o Brasil tem hoje 11 milh\u00f5es de desempregados \u2013 o setor p\u00fablico n\u00e3o pode fechar os olhos \u00e0 realidade. Al\u00e9m das nefastas consequ\u00eancias para o equil\u00edbrio fiscal, novas contrata\u00e7\u00f5es no setor p\u00fablico representam uma situa\u00e7\u00e3o de privil\u00e9gio, como se o Estado fosse um mundo \u00e0 parte.<\/p>\n<p>&nbsp;<\/p>\n<p>Publicador por <strong><a href=\"http:\/\/www.estadao.com.br\/noticias\/geral,funcionalismo-inchado-e-caro,10000048311\" target=\"_blank\">Estad\u00e3o<\/a><\/strong><\/p>\n","protected":false},"excerpt":{"rendered":"<p>O Funcionalismo Caro &#8211; O governo Dilma Rousseff bateu mais um recorde. Em 2015, o peso das despesas com o pagamento dos servidores p\u00fablicos federais foi o maior em 17 anos. Segundo dados do Minist\u00e9rio do Planejamento, o governo gastou 39,2% de suas receitas com a folha de pagamento do funcionalismo federal. Ainda que o&#8230;<\/p>\n","protected":false},"author":1,"featured_media":786,"comment_status":"open","ping_status":"open","sticky":false,"template":"","format":"standard","meta":{"footnotes":""},"categories":[74],"tags":[2510],"class_list":["post-1704","post","type-post","status-publish","format-standard","has-post-thumbnail","hentry","category-servidores-publicos-federais","tag-funcionalismo-caro"],"yoast_head":"<!-- This site is optimized with the Yoast SEO plugin v23.6 - https:\/\/yoast.com\/wordpress\/plugins\/seo\/ -->\n<title>O Funcionalismo Caro - Blog do Sr. SIAPE<\/title>\n<meta name=\"description\" content=\"O Atual Governo de Dilma Rousseff ir\u00e1 levar consigo mais uma marca hist\u00f3rica negativa, a de ter a estrutura de Funcionalismo P\u00fablico mais cara dos \u00faltimos\" \/>\n<meta name=\"robots\" content=\"index, follow, max-snippet:-1, max-image-preview:large, max-video-preview:-1\" \/>\n<link rel=\"canonical\" href=\"https:\/\/blogdosrsiape.net\/o-funcionalismo-caro\/\" \/>\n<meta property=\"og:locale\" content=\"pt_BR\" \/>\n<meta property=\"og:type\" content=\"article\" \/>\n<meta property=\"og:title\" content=\"O Funcionalismo Caro - Blog do Sr. SIAPE\" \/>\n<meta property=\"og:description\" content=\"O Atual Governo de Dilma Rousseff ir\u00e1 levar consigo mais uma marca hist\u00f3rica negativa, a de ter a estrutura de Funcionalismo P\u00fablico mais cara dos \u00faltimos\" \/>\n<meta property=\"og:url\" content=\"https:\/\/blogdosrsiape.net\/o-funcionalismo-caro\/\" \/>\n<meta property=\"og:site_name\" content=\"Blog do Sr. SIAPE\" \/>\n<meta property=\"article:publisher\" content=\"https:\/\/www.facebook.com\/blogsrsiape\/?locale=pt_BR\" \/>\n<meta property=\"article:published_time\" content=\"2016-05-02T14:15:10+00:00\" \/>\n<meta property=\"og:image\" content=\"https:\/\/11ponto11servidor.com.br\/blogsrsiape\/wp-content\/uploads\/sites\/2\/2015\/07\/shutterstock_194553656.jpg\" \/>\n\t<meta property=\"og:image:width\" content=\"1000\" \/>\n\t<meta property=\"og:image:height\" content=\"778\" \/>\n\t<meta property=\"og:image:type\" content=\"image\/jpeg\" \/>\n<meta name=\"author\" content=\"websitemix\" \/>\n<meta name=\"twitter:card\" content=\"summary_large_image\" \/>\n<meta name=\"twitter:label1\" content=\"Escrito por\" \/>\n\t<meta name=\"twitter:data1\" content=\"websitemix\" \/>\n\t<meta name=\"twitter:label2\" content=\"Est. tempo de leitura\" \/>\n\t<meta name=\"twitter:data2\" content=\"3 minutos\" \/>\n<script type=\"application\/ld+json\" class=\"yoast-schema-graph\">{\"@context\":\"https:\/\/schema.org\",\"@graph\":[{\"@type\":\"Article\",\"@id\":\"https:\/\/blogdosrsiape.net\/o-funcionalismo-caro\/#article\",\"isPartOf\":{\"@id\":\"https:\/\/blogdosrsiape.net\/o-funcionalismo-caro\/\"},\"author\":{\"name\":\"websitemix\",\"@id\":\"https:\/\/blogdosrsiape.com\/#\/schema\/person\/641e1af8b22c69725a1d604fb8959bcf\"},\"headline\":\"O Funcionalismo Caro\",\"datePublished\":\"2016-05-02T14:15:10+00:00\",\"dateModified\":\"2016-05-02T14:15:10+00:00\",\"mainEntityOfPage\":{\"@id\":\"https:\/\/blogdosrsiape.net\/o-funcionalismo-caro\/\"},\"wordCount\":671,\"commentCount\":0,\"publisher\":{\"@id\":\"https:\/\/blogdosrsiape.com\/#organization\"},\"image\":{\"@id\":\"https:\/\/blogdosrsiape.net\/o-funcionalismo-caro\/#primaryimage\"},\"thumbnailUrl\":\"https:\/\/11ponto11servidor.com.br\/blogsrsiape\/wp-content\/uploads\/sites\/2\/2015\/07\/shutterstock_194553656.jpg\",\"keywords\":[\"Funcionalismo Caro\"],\"articleSection\":[\"Servidores P\u00fablicos Federais\"],\"inLanguage\":\"pt-BR\",\"potentialAction\":[{\"@type\":\"CommentAction\",\"name\":\"Comment\",\"target\":[\"https:\/\/blogdosrsiape.net\/o-funcionalismo-caro\/#respond\"]}]},{\"@type\":\"WebPage\",\"@id\":\"https:\/\/blogdosrsiape.net\/o-funcionalismo-caro\/\",\"url\":\"https:\/\/blogdosrsiape.net\/o-funcionalismo-caro\/\",\"name\":\"O Funcionalismo Caro - Blog do Sr. SIAPE\",\"isPartOf\":{\"@id\":\"https:\/\/blogdosrsiape.com\/#website\"},\"primaryImageOfPage\":{\"@id\":\"https:\/\/blogdosrsiape.net\/o-funcionalismo-caro\/#primaryimage\"},\"image\":{\"@id\":\"https:\/\/blogdosrsiape.net\/o-funcionalismo-caro\/#primaryimage\"},\"thumbnailUrl\":\"https:\/\/11ponto11servidor.com.br\/blogsrsiape\/wp-content\/uploads\/sites\/2\/2015\/07\/shutterstock_194553656.jpg\",\"datePublished\":\"2016-05-02T14:15:10+00:00\",\"dateModified\":\"2016-05-02T14:15:10+00:00\",\"description\":\"O Atual Governo de Dilma Rousseff ir\u00e1 levar consigo mais uma marca hist\u00f3rica negativa, a de ter a estrutura de Funcionalismo P\u00fablico mais cara dos \u00faltimos\",\"breadcrumb\":{\"@id\":\"https:\/\/blogdosrsiape.net\/o-funcionalismo-caro\/#breadcrumb\"},\"inLanguage\":\"pt-BR\",\"potentialAction\":[{\"@type\":\"ReadAction\",\"target\":[\"https:\/\/blogdosrsiape.net\/o-funcionalismo-caro\/\"]}]},{\"@type\":\"ImageObject\",\"inLanguage\":\"pt-BR\",\"@id\":\"https:\/\/blogdosrsiape.net\/o-funcionalismo-caro\/#primaryimage\",\"url\":\"https:\/\/11ponto11servidor.com.br\/blogsrsiape\/wp-content\/uploads\/sites\/2\/2015\/07\/shutterstock_194553656.jpg\",\"contentUrl\":\"https:\/\/11ponto11servidor.com.br\/blogsrsiape\/wp-content\/uploads\/sites\/2\/2015\/07\/shutterstock_194553656.jpg\",\"width\":1000,\"height\":778,\"caption\":\"SIAPE\"},{\"@type\":\"BreadcrumbList\",\"@id\":\"https:\/\/blogdosrsiape.net\/o-funcionalismo-caro\/#breadcrumb\",\"itemListElement\":[{\"@type\":\"ListItem\",\"position\":1,\"name\":\"In\u00edcio\",\"item\":\"https:\/\/blogdosrsiape.com\/\"},{\"@type\":\"ListItem\",\"position\":2,\"name\":\"O Funcionalismo Caro\"}]},{\"@type\":\"WebSite\",\"@id\":\"https:\/\/blogdosrsiape.com\/#website\",\"url\":\"https:\/\/blogdosrsiape.com\/\",\"name\":\"Blog do sr. SIAPE\",\"description\":\"SIAPE Servidor Federal\",\"publisher\":{\"@id\":\"https:\/\/blogdosrsiape.com\/#organization\"},\"potentialAction\":[{\"@type\":\"SearchAction\",\"target\":{\"@type\":\"EntryPoint\",\"urlTemplate\":\"https:\/\/blogdosrsiape.com\/?s={search_term_string}\"},\"query-input\":{\"@type\":\"PropertyValueSpecification\",\"valueRequired\":true,\"valueName\":\"search_term_string\"}}],\"inLanguage\":\"pt-BR\"},{\"@type\":\"Organization\",\"@id\":\"https:\/\/blogdosrsiape.com\/#organization\",\"name\":\"Blog do sr. SIAPE\",\"url\":\"https:\/\/blogdosrsiape.com\/\",\"logo\":{\"@type\":\"ImageObject\",\"inLanguage\":\"pt-BR\",\"@id\":\"https:\/\/blogdosrsiape.com\/#\/schema\/logo\/image\/\",\"url\":\"https:\/\/11ponto11servidor.com.br\/blogsrsiape\/wp-content\/uploads\/sites\/2\/2024\/10\/logo-1.png\",\"contentUrl\":\"https:\/\/11ponto11servidor.com.br\/blogsrsiape\/wp-content\/uploads\/sites\/2\/2024\/10\/logo-1.png\",\"width\":287,\"height\":116,\"caption\":\"Blog do sr. SIAPE\"},\"image\":{\"@id\":\"https:\/\/blogdosrsiape.com\/#\/schema\/logo\/image\/\"},\"sameAs\":[\"https:\/\/www.facebook.com\/blogsrsiape\/?locale=pt_BR\",\"https:\/\/www.instagram.com\/srsiape\/\"]},{\"@type\":\"Person\",\"@id\":\"https:\/\/blogdosrsiape.com\/#\/schema\/person\/641e1af8b22c69725a1d604fb8959bcf\",\"name\":\"websitemix\",\"sameAs\":[\"https:\/\/11ponto11servidor.com.br\"],\"url\":\"https:\/\/11ponto11servidor.com.br\/blogsrsiape\/author\/websitemix\/\"}]}<\/script>\n<!-- \/ Yoast SEO plugin. -->","yoast_head_json":{"title":"O Funcionalismo Caro - Blog do Sr. SIAPE","description":"O Atual Governo de Dilma Rousseff ir\u00e1 levar consigo mais uma marca hist\u00f3rica negativa, a de ter a estrutura de Funcionalismo P\u00fablico mais cara dos \u00faltimos","robots":{"index":"index","follow":"follow","max-snippet":"max-snippet:-1","max-image-preview":"max-image-preview:large","max-video-preview":"max-video-preview:-1"},"canonical":"https:\/\/blogdosrsiape.net\/o-funcionalismo-caro\/","og_locale":"pt_BR","og_type":"article","og_title":"O Funcionalismo Caro - Blog do Sr. SIAPE","og_description":"O Atual Governo de Dilma Rousseff ir\u00e1 levar consigo mais uma marca hist\u00f3rica negativa, a de ter a estrutura de Funcionalismo P\u00fablico mais cara dos \u00faltimos","og_url":"https:\/\/blogdosrsiape.net\/o-funcionalismo-caro\/","og_site_name":"Blog do Sr. SIAPE","article_publisher":"https:\/\/www.facebook.com\/blogsrsiape\/?locale=pt_BR","article_published_time":"2016-05-02T14:15:10+00:00","og_image":[{"width":1000,"height":778,"url":"https:\/\/11ponto11servidor.com.br\/blogsrsiape\/wp-content\/uploads\/sites\/2\/2015\/07\/shutterstock_194553656.jpg","type":"image\/jpeg"}],"author":"websitemix","twitter_card":"summary_large_image","twitter_misc":{"Escrito por":"websitemix","Est. tempo de leitura":"3 minutos"},"schema":{"@context":"https:\/\/schema.org","@graph":[{"@type":"Article","@id":"https:\/\/blogdosrsiape.net\/o-funcionalismo-caro\/#article","isPartOf":{"@id":"https:\/\/blogdosrsiape.net\/o-funcionalismo-caro\/"},"author":{"name":"websitemix","@id":"https:\/\/blogdosrsiape.com\/#\/schema\/person\/641e1af8b22c69725a1d604fb8959bcf"},"headline":"O Funcionalismo Caro","datePublished":"2016-05-02T14:15:10+00:00","dateModified":"2016-05-02T14:15:10+00:00","mainEntityOfPage":{"@id":"https:\/\/blogdosrsiape.net\/o-funcionalismo-caro\/"},"wordCount":671,"commentCount":0,"publisher":{"@id":"https:\/\/blogdosrsiape.com\/#organization"},"image":{"@id":"https:\/\/blogdosrsiape.net\/o-funcionalismo-caro\/#primaryimage"},"thumbnailUrl":"https:\/\/11ponto11servidor.com.br\/blogsrsiape\/wp-content\/uploads\/sites\/2\/2015\/07\/shutterstock_194553656.jpg","keywords":["Funcionalismo Caro"],"articleSection":["Servidores P\u00fablicos Federais"],"inLanguage":"pt-BR","potentialAction":[{"@type":"CommentAction","name":"Comment","target":["https:\/\/blogdosrsiape.net\/o-funcionalismo-caro\/#respond"]}]},{"@type":"WebPage","@id":"https:\/\/blogdosrsiape.net\/o-funcionalismo-caro\/","url":"https:\/\/blogdosrsiape.net\/o-funcionalismo-caro\/","name":"O Funcionalismo Caro - Blog do Sr. SIAPE","isPartOf":{"@id":"https:\/\/blogdosrsiape.com\/#website"},"primaryImageOfPage":{"@id":"https:\/\/blogdosrsiape.net\/o-funcionalismo-caro\/#primaryimage"},"image":{"@id":"https:\/\/blogdosrsiape.net\/o-funcionalismo-caro\/#primaryimage"},"thumbnailUrl":"https:\/\/11ponto11servidor.com.br\/blogsrsiape\/wp-content\/uploads\/sites\/2\/2015\/07\/shutterstock_194553656.jpg","datePublished":"2016-05-02T14:15:10+00:00","dateModified":"2016-05-02T14:15:10+00:00","description":"O Atual Governo de Dilma Rousseff ir\u00e1 levar consigo mais uma marca hist\u00f3rica negativa, a de ter a estrutura de Funcionalismo P\u00fablico mais cara dos \u00faltimos","breadcrumb":{"@id":"https:\/\/blogdosrsiape.net\/o-funcionalismo-caro\/#breadcrumb"},"inLanguage":"pt-BR","potentialAction":[{"@type":"ReadAction","target":["https:\/\/blogdosrsiape.net\/o-funcionalismo-caro\/"]}]},{"@type":"ImageObject","inLanguage":"pt-BR","@id":"https:\/\/blogdosrsiape.net\/o-funcionalismo-caro\/#primaryimage","url":"https:\/\/11ponto11servidor.com.br\/blogsrsiape\/wp-content\/uploads\/sites\/2\/2015\/07\/shutterstock_194553656.jpg","contentUrl":"https:\/\/11ponto11servidor.com.br\/blogsrsiape\/wp-content\/uploads\/sites\/2\/2015\/07\/shutterstock_194553656.jpg","width":1000,"height":778,"caption":"SIAPE"},{"@type":"BreadcrumbList","@id":"https:\/\/blogdosrsiape.net\/o-funcionalismo-caro\/#breadcrumb","itemListElement":[{"@type":"ListItem","position":1,"name":"In\u00edcio","item":"https:\/\/blogdosrsiape.com\/"},{"@type":"ListItem","position":2,"name":"O Funcionalismo Caro"}]},{"@type":"WebSite","@id":"https:\/\/blogdosrsiape.com\/#website","url":"https:\/\/blogdosrsiape.com\/","name":"Blog do sr. SIAPE","description":"SIAPE Servidor Federal","publisher":{"@id":"https:\/\/blogdosrsiape.com\/#organization"},"potentialAction":[{"@type":"SearchAction","target":{"@type":"EntryPoint","urlTemplate":"https:\/\/blogdosrsiape.com\/?s={search_term_string}"},"query-input":{"@type":"PropertyValueSpecification","valueRequired":true,"valueName":"search_term_string"}}],"inLanguage":"pt-BR"},{"@type":"Organization","@id":"https:\/\/blogdosrsiape.com\/#organization","name":"Blog do sr. SIAPE","url":"https:\/\/blogdosrsiape.com\/","logo":{"@type":"ImageObject","inLanguage":"pt-BR","@id":"https:\/\/blogdosrsiape.com\/#\/schema\/logo\/image\/","url":"https:\/\/11ponto11servidor.com.br\/blogsrsiape\/wp-content\/uploads\/sites\/2\/2024\/10\/logo-1.png","contentUrl":"https:\/\/11ponto11servidor.com.br\/blogsrsiape\/wp-content\/uploads\/sites\/2\/2024\/10\/logo-1.png","width":287,"height":116,"caption":"Blog do sr. SIAPE"},"image":{"@id":"https:\/\/blogdosrsiape.com\/#\/schema\/logo\/image\/"},"sameAs":["https:\/\/www.facebook.com\/blogsrsiape\/?locale=pt_BR","https:\/\/www.instagram.com\/srsiape\/"]},{"@type":"Person","@id":"https:\/\/blogdosrsiape.com\/#\/schema\/person\/641e1af8b22c69725a1d604fb8959bcf","name":"websitemix","sameAs":["https:\/\/11ponto11servidor.com.br"],"url":"https:\/\/11ponto11servidor.com.br\/blogsrsiape\/author\/websitemix\/"}]}},"_links":{"self":[{"href":"https:\/\/11ponto11servidor.com.br\/blogsrsiape\/wp-json\/wp\/v2\/posts\/1704"}],"collection":[{"href":"https:\/\/11ponto11servidor.com.br\/blogsrsiape\/wp-json\/wp\/v2\/posts"}],"about":[{"href":"https:\/\/11ponto11servidor.com.br\/blogsrsiape\/wp-json\/wp\/v2\/types\/post"}],"author":[{"embeddable":true,"href":"https:\/\/11ponto11servidor.com.br\/blogsrsiape\/wp-json\/wp\/v2\/users\/1"}],"replies":[{"embeddable":true,"href":"https:\/\/11ponto11servidor.com.br\/blogsrsiape\/wp-json\/wp\/v2\/comments?post=1704"}],"version-history":[{"count":0,"href":"https:\/\/11ponto11servidor.com.br\/blogsrsiape\/wp-json\/wp\/v2\/posts\/1704\/revisions"}],"wp:featuredmedia":[{"embeddable":true,"href":"https:\/\/11ponto11servidor.com.br\/blogsrsiape\/wp-json\/wp\/v2\/media\/786"}],"wp:attachment":[{"href":"https:\/\/11ponto11servidor.com.br\/blogsrsiape\/wp-json\/wp\/v2\/media?parent=1704"}],"wp:term":[{"taxonomy":"category","embeddable":true,"href":"https:\/\/11ponto11servidor.com.br\/blogsrsiape\/wp-json\/wp\/v2\/categories?post=1704"},{"taxonomy":"post_tag","embeddable":true,"href":"https:\/\/11ponto11servidor.com.br\/blogsrsiape\/wp-json\/wp\/v2\/tags?post=1704"}],"curies":[{"name":"wp","href":"https:\/\/api.w.org\/{rel}","templated":true}]}}