{"id":1749,"date":"2016-06-08T16:55:06","date_gmt":"2016-06-08T13:55:06","guid":{"rendered":"https:\/\/11ponto11servidor.com.br\/blogsrsiape\/?p=1749"},"modified":"2016-06-08T16:55:06","modified_gmt":"2016-06-08T13:55:06","slug":"reajustes-provocam-primeiro-atrito-no-governo-temer","status":"publish","type":"post","link":"https:\/\/11ponto11servidor.com.br\/blogsrsiape\/reajustes-provocam-primeiro-atrito-no-governo-temer\/","title":{"rendered":"Reajustes provocam primeiro atrito no governo Temer"},"content":{"rendered":"<p>Reajustes provocam primeiro atrito no governo Temer &#8211; A decis\u00e3o do presidente em exerc\u00edcio, Michel Temer, de autorizar, na semana passada, os reajustes salariais para diferentes categorias de servidores p\u00fablicos abriu a primeira diverg\u00eancia entre a equipe econ\u00f4mica e os articuladores pol\u00edticos do PMDB. No <a href=\"http:\/\/www.fazenda.gov.br\/\" target=\"_blank\">Minist\u00e9rio da Fazenda<\/a>, o entendimento \u00e9 que n\u00e3o pode haver eleva\u00e7\u00e3o de gastos, mesmo que seja para evitar desgastes ou pacificar rela\u00e7\u00f5es, como defendem caciques pol\u00edticos do PMDB.<\/p>\n<p>Para a equipe econ\u00f4mica, que tem a miss\u00e3o de imprimir o corte mais duro e socialmente penoso da hist\u00f3ria nas contas p\u00fablico do Brasil, \u00e9 &#8220;incompreens\u00edvel&#8221; que o governo em exerc\u00edcio fa\u00e7a a op\u00e7\u00e3o pol\u00edtica de abrir concess\u00f5es, aumentando os gastos em bilh\u00f5es de reais, para beneficiar o funcionalismo p\u00fablico, parcela privilegiada de trabalhadores. A sinaliza\u00e7\u00e3o \u00e9 contradit\u00f3ria. Indica que o sacrif\u00edcio inerente ao ajuste fiscal n\u00e3o ser\u00e1 para todos.<\/p>\n<p>Causou mais descontentamento ainda o fato de esse apoio n\u00e3o avaliar a conjuntura no mercado de trabalho: o incentivo do governo ao reajuste dos servidores, que t\u00eam estabilidade no emprego, ocorreu na mesma semana em Instituto Brasileiro de Geografia e Estat\u00edstica (IBGE) divulgou que h\u00e1 11,4 milh\u00f5es de brasileiros desempregados na iniciativa privada, um n\u00famero recorde.<\/p>\n<p>Segundo o jornal &#8220;O Estado de S. Paulo&#8221; apurou, a Fazenda nem sequer foi envolvida em discuss\u00f5es oficiais sobre o tema. A decis\u00e3o veio do Planalto. Um procedimento bem diferente ao adotado no trato de outras quest\u00f5es, igualmente sens\u00edveis aos cofres p\u00fablicos, como a negocia\u00e7\u00e3o da d\u00edvida dos Estados e munic\u00edpios e a fixa\u00e7\u00e3o do deficit de R$ 170,5 bilh\u00f5es, cujas reuni\u00f5es sempre inclu\u00edram representantes da Fazenda e do Planejamento.<\/p>\n<p>Internamente, na Fazenda, o sentimento \u00e9 que decis\u00f5es pol\u00edticas unilaterais, do pr\u00f3prio governo, podem atropelar e dificultar o ajuste fiscal, que, por si s\u00f3, j\u00e1 \u00e9 complexo e tende a sofrer resist\u00eancia do Congresso e da popula\u00e7\u00e3o em geral.<\/p>\n<p>Parte da equipe econ\u00f4mica, inclusive, rebate os argumentos de que o governo deu em favor do reajuste. Diz ser fato que o reajuste j\u00e1 estava acertado, que ficou abaixo da infla\u00e7\u00e3o e que j\u00e1 estava contabilizado no deficit projetado pelo governo anterior, de R$ 96 bilh\u00f5es. Tamb\u00e9m alega ser fato que a despesa extra, de quase R$ 60 bilh\u00f5es, ser\u00e1 dilu\u00edda no tempo e n\u00e3o aplicada de uma vez s\u00f3, neste ano. Mas nenhum dos argumentos considera o essencial: \u00e9 hora de cortar, n\u00e3o de elevar despesas, ainda mais quando elas incentivam novas despesas.<\/p>\n<p>O reajuste para servidores da Uni\u00e3o tem efeito cascata nos Estados e munic\u00edpios, onde os benef\u00edcios s\u00e3o atrelados a ganhos federais. Os aumentos precisam ser aprovados pelos Legislativos, mas \u00e9 quase certo que, se passar no Congresso, vai chegar ao funcionalismo estadual e municipal no pior dos momentos &#8211; quando n\u00e3o suportam pagar sal\u00e1rios e aposentadorias.<\/p>\n<p>H\u00e1 um complicador adicional. O reajuste tamb\u00e9m beneficiar\u00e1 inativos do servi\u00e7o p\u00fablico. Ficar\u00e1 mais complicado explicar a necessidade da reforma da Previd\u00eancia, cujos impactos recaem principalmente sobre os trabalhadores da iniciativa privada.<\/p>\n<h3><b>Fragilidade<\/b><\/h3>\n<p>Economistas que vinham dando voto de confian\u00e7a ao novo ministro da Fazenda, Henrique Meirelles, ficaram preocupados com a postura do governo. Para Jos\u00e9 M\u00e1rcio Camargo, economista-chefe da Opus Investimentos, foi um sinal de fraqueza da equipe econ\u00f4mica: &#8220;Ou uma ou duas. Ou Meirelles foi consultado e aceitou o argumento pol\u00edtico em favor do reajuste ou ele foi atropelado: de um jeito ou de outro, \u00e9 p\u00e9ssimo para o ajuste&#8221;.<\/p>\n<p>Marcos Lisboa, presidente do Insper e ex-secret\u00e1rio de Pol\u00edtica Econ\u00f4mica do Minist\u00e9rio da Fazenda, considerou o sinal muito ruim. &#8220;A situa\u00e7\u00e3o das contas p\u00fablicas \u00e9 grav\u00edssima e o governo parece n\u00e3o ter entendido o tamanho do problema quando cede para este ou aquele grupo de press\u00e3o. Hoje \u00e9 para os ju\u00edzes, para os militares. E amanh\u00e3? Vai ser para quem?&#8221;, perguntou.<\/p>\n<p>&nbsp;<\/p>\n<p>Publicado por\u00a0&#8220;O Estado de S. Paulo&#8221;.<\/p>\n<p><span style=\"color: #ffffff;\">Atrito, atrito, atrito, atrito, atrito, atrito<\/span><\/p>\n","protected":false},"excerpt":{"rendered":"<p>Reajustes provocam primeiro atrito no governo Temer &#8211; A decis\u00e3o do presidente em exerc\u00edcio, Michel Temer, de autorizar, na semana passada, os reajustes salariais para diferentes categorias de servidores p\u00fablicos abriu a primeira diverg\u00eancia entre a equipe econ\u00f4mica e os articuladores pol\u00edticos do PMDB. No Minist\u00e9rio da Fazenda, o entendimento \u00e9 que n\u00e3o pode haver&#8230;<\/p>\n","protected":false},"author":1,"featured_media":1710,"comment_status":"open","ping_status":"open","sticky":false,"template":"","format":"standard","meta":{"footnotes":""},"categories":[66],"tags":[2517],"class_list":["post-1749","post","type-post","status-publish","format-standard","has-post-thumbnail","hentry","category-salarios","tag-reajustes"],"yoast_head":"<!-- This site is optimized with the Yoast SEO plugin v23.6 - https:\/\/yoast.com\/wordpress\/plugins\/seo\/ -->\n<title>Reajustes provocam primeiro atrito no governo Temer - Blog do Sr. SIAPE<\/title>\n<meta name=\"description\" content=\"A polemica aprova\u00e7\u00e3o dos reajustes aos servidores p\u00fablicos gerou ao Governo de Michel Temer o primeiro atrito em sua equipe econ\u00f4mica, que estuda formas de\" \/>\n<meta name=\"robots\" content=\"index, follow, max-snippet:-1, max-image-preview:large, max-video-preview:-1\" \/>\n<link rel=\"canonical\" href=\"https:\/\/blogdosrsiape.net\/reajustes-provocam-primeiro-atrito-no-governo-temer\/\" \/>\n<meta property=\"og:locale\" content=\"pt_BR\" \/>\n<meta property=\"og:type\" content=\"article\" \/>\n<meta property=\"og:title\" content=\"Reajustes provocam primeiro atrito no governo Temer - Blog do Sr. SIAPE\" \/>\n<meta property=\"og:description\" content=\"A polemica aprova\u00e7\u00e3o dos reajustes aos servidores p\u00fablicos gerou ao Governo de Michel Temer o primeiro atrito em sua equipe econ\u00f4mica, que estuda formas de\" \/>\n<meta property=\"og:url\" content=\"https:\/\/blogdosrsiape.net\/reajustes-provocam-primeiro-atrito-no-governo-temer\/\" \/>\n<meta property=\"og:site_name\" content=\"Blog do Sr. SIAPE\" \/>\n<meta property=\"article:publisher\" content=\"https:\/\/www.facebook.com\/blogsrsiape\/?locale=pt_BR\" \/>\n<meta property=\"article:published_time\" content=\"2016-06-08T13:55:06+00:00\" \/>\n<meta property=\"og:image\" content=\"https:\/\/11ponto11servidor.com.br\/blogsrsiape\/wp-content\/uploads\/sites\/2\/2016\/05\/117709.198107-Michel-Temer.jpg\" \/>\n\t<meta property=\"og:image:width\" content=\"400\" \/>\n\t<meta property=\"og:image:height\" content=\"300\" \/>\n\t<meta property=\"og:image:type\" content=\"image\/jpeg\" \/>\n<meta name=\"author\" content=\"websitemix\" \/>\n<meta name=\"twitter:card\" content=\"summary_large_image\" \/>\n<meta name=\"twitter:label1\" content=\"Escrito por\" \/>\n\t<meta name=\"twitter:data1\" content=\"websitemix\" \/>\n\t<meta name=\"twitter:label2\" content=\"Est. tempo de leitura\" \/>\n\t<meta name=\"twitter:data2\" content=\"4 minutos\" \/>\n<script type=\"application\/ld+json\" class=\"yoast-schema-graph\">{\"@context\":\"https:\/\/schema.org\",\"@graph\":[{\"@type\":\"Article\",\"@id\":\"https:\/\/blogdosrsiape.net\/reajustes-provocam-primeiro-atrito-no-governo-temer\/#article\",\"isPartOf\":{\"@id\":\"https:\/\/blogdosrsiape.net\/reajustes-provocam-primeiro-atrito-no-governo-temer\/\"},\"author\":{\"name\":\"websitemix\",\"@id\":\"https:\/\/blogdosrsiape.com\/#\/schema\/person\/641e1af8b22c69725a1d604fb8959bcf\"},\"headline\":\"Reajustes provocam primeiro atrito no governo Temer\",\"datePublished\":\"2016-06-08T13:55:06+00:00\",\"dateModified\":\"2016-06-08T13:55:06+00:00\",\"mainEntityOfPage\":{\"@id\":\"https:\/\/blogdosrsiape.net\/reajustes-provocam-primeiro-atrito-no-governo-temer\/\"},\"wordCount\":710,\"commentCount\":0,\"publisher\":{\"@id\":\"https:\/\/blogdosrsiape.com\/#organization\"},\"image\":{\"@id\":\"https:\/\/blogdosrsiape.net\/reajustes-provocam-primeiro-atrito-no-governo-temer\/#primaryimage\"},\"thumbnailUrl\":\"https:\/\/11ponto11servidor.com.br\/blogsrsiape\/wp-content\/uploads\/sites\/2\/2016\/05\/117709.198107-Michel-Temer.jpg\",\"keywords\":[\"Reajustes\"],\"articleSection\":[\"Sal\u00e1rios\"],\"inLanguage\":\"pt-BR\",\"potentialAction\":[{\"@type\":\"CommentAction\",\"name\":\"Comment\",\"target\":[\"https:\/\/blogdosrsiape.net\/reajustes-provocam-primeiro-atrito-no-governo-temer\/#respond\"]}]},{\"@type\":\"WebPage\",\"@id\":\"https:\/\/blogdosrsiape.net\/reajustes-provocam-primeiro-atrito-no-governo-temer\/\",\"url\":\"https:\/\/blogdosrsiape.net\/reajustes-provocam-primeiro-atrito-no-governo-temer\/\",\"name\":\"Reajustes provocam primeiro atrito no governo Temer - Blog do Sr. SIAPE\",\"isPartOf\":{\"@id\":\"https:\/\/blogdosrsiape.com\/#website\"},\"primaryImageOfPage\":{\"@id\":\"https:\/\/blogdosrsiape.net\/reajustes-provocam-primeiro-atrito-no-governo-temer\/#primaryimage\"},\"image\":{\"@id\":\"https:\/\/blogdosrsiape.net\/reajustes-provocam-primeiro-atrito-no-governo-temer\/#primaryimage\"},\"thumbnailUrl\":\"https:\/\/11ponto11servidor.com.br\/blogsrsiape\/wp-content\/uploads\/sites\/2\/2016\/05\/117709.198107-Michel-Temer.jpg\",\"datePublished\":\"2016-06-08T13:55:06+00:00\",\"dateModified\":\"2016-06-08T13:55:06+00:00\",\"description\":\"A polemica aprova\u00e7\u00e3o dos reajustes aos servidores p\u00fablicos gerou ao Governo de Michel Temer o primeiro atrito em sua equipe econ\u00f4mica, que estuda formas de\",\"breadcrumb\":{\"@id\":\"https:\/\/blogdosrsiape.net\/reajustes-provocam-primeiro-atrito-no-governo-temer\/#breadcrumb\"},\"inLanguage\":\"pt-BR\",\"potentialAction\":[{\"@type\":\"ReadAction\",\"target\":[\"https:\/\/blogdosrsiape.net\/reajustes-provocam-primeiro-atrito-no-governo-temer\/\"]}]},{\"@type\":\"ImageObject\",\"inLanguage\":\"pt-BR\",\"@id\":\"https:\/\/blogdosrsiape.net\/reajustes-provocam-primeiro-atrito-no-governo-temer\/#primaryimage\",\"url\":\"https:\/\/11ponto11servidor.com.br\/blogsrsiape\/wp-content\/uploads\/sites\/2\/2016\/05\/117709.198107-Michel-Temer.jpg\",\"contentUrl\":\"https:\/\/11ponto11servidor.com.br\/blogsrsiape\/wp-content\/uploads\/sites\/2\/2016\/05\/117709.198107-Michel-Temer.jpg\",\"width\":400,\"height\":300,\"caption\":\"exonera\u00e7\u00f5es\"},{\"@type\":\"BreadcrumbList\",\"@id\":\"https:\/\/blogdosrsiape.net\/reajustes-provocam-primeiro-atrito-no-governo-temer\/#breadcrumb\",\"itemListElement\":[{\"@type\":\"ListItem\",\"position\":1,\"name\":\"In\u00edcio\",\"item\":\"https:\/\/blogdosrsiape.com\/\"},{\"@type\":\"ListItem\",\"position\":2,\"name\":\"Reajustes provocam primeiro atrito no governo Temer\"}]},{\"@type\":\"WebSite\",\"@id\":\"https:\/\/blogdosrsiape.com\/#website\",\"url\":\"https:\/\/blogdosrsiape.com\/\",\"name\":\"Blog do sr. SIAPE\",\"description\":\"SIAPE Servidor Federal\",\"publisher\":{\"@id\":\"https:\/\/blogdosrsiape.com\/#organization\"},\"potentialAction\":[{\"@type\":\"SearchAction\",\"target\":{\"@type\":\"EntryPoint\",\"urlTemplate\":\"https:\/\/blogdosrsiape.com\/?s={search_term_string}\"},\"query-input\":{\"@type\":\"PropertyValueSpecification\",\"valueRequired\":true,\"valueName\":\"search_term_string\"}}],\"inLanguage\":\"pt-BR\"},{\"@type\":\"Organization\",\"@id\":\"https:\/\/blogdosrsiape.com\/#organization\",\"name\":\"Blog do sr. SIAPE\",\"url\":\"https:\/\/blogdosrsiape.com\/\",\"logo\":{\"@type\":\"ImageObject\",\"inLanguage\":\"pt-BR\",\"@id\":\"https:\/\/blogdosrsiape.com\/#\/schema\/logo\/image\/\",\"url\":\"https:\/\/11ponto11servidor.com.br\/blogsrsiape\/wp-content\/uploads\/sites\/2\/2024\/10\/logo-1.png\",\"contentUrl\":\"https:\/\/11ponto11servidor.com.br\/blogsrsiape\/wp-content\/uploads\/sites\/2\/2024\/10\/logo-1.png\",\"width\":287,\"height\":116,\"caption\":\"Blog do sr. SIAPE\"},\"image\":{\"@id\":\"https:\/\/blogdosrsiape.com\/#\/schema\/logo\/image\/\"},\"sameAs\":[\"https:\/\/www.facebook.com\/blogsrsiape\/?locale=pt_BR\",\"https:\/\/www.instagram.com\/srsiape\/\"]},{\"@type\":\"Person\",\"@id\":\"https:\/\/blogdosrsiape.com\/#\/schema\/person\/641e1af8b22c69725a1d604fb8959bcf\",\"name\":\"websitemix\",\"sameAs\":[\"https:\/\/11ponto11servidor.com.br\"],\"url\":\"https:\/\/11ponto11servidor.com.br\/blogsrsiape\/author\/websitemix\/\"}]}<\/script>\n<!-- \/ Yoast SEO plugin. -->","yoast_head_json":{"title":"Reajustes provocam primeiro atrito no governo Temer - Blog do Sr. SIAPE","description":"A polemica aprova\u00e7\u00e3o dos reajustes aos servidores p\u00fablicos gerou ao Governo de Michel Temer o primeiro atrito em sua equipe econ\u00f4mica, que estuda formas de","robots":{"index":"index","follow":"follow","max-snippet":"max-snippet:-1","max-image-preview":"max-image-preview:large","max-video-preview":"max-video-preview:-1"},"canonical":"https:\/\/blogdosrsiape.net\/reajustes-provocam-primeiro-atrito-no-governo-temer\/","og_locale":"pt_BR","og_type":"article","og_title":"Reajustes provocam primeiro atrito no governo Temer - Blog do Sr. SIAPE","og_description":"A polemica aprova\u00e7\u00e3o dos reajustes aos servidores p\u00fablicos gerou ao Governo de Michel Temer o primeiro atrito em sua equipe econ\u00f4mica, que estuda formas de","og_url":"https:\/\/blogdosrsiape.net\/reajustes-provocam-primeiro-atrito-no-governo-temer\/","og_site_name":"Blog do Sr. SIAPE","article_publisher":"https:\/\/www.facebook.com\/blogsrsiape\/?locale=pt_BR","article_published_time":"2016-06-08T13:55:06+00:00","og_image":[{"width":400,"height":300,"url":"https:\/\/11ponto11servidor.com.br\/blogsrsiape\/wp-content\/uploads\/sites\/2\/2016\/05\/117709.198107-Michel-Temer.jpg","type":"image\/jpeg"}],"author":"websitemix","twitter_card":"summary_large_image","twitter_misc":{"Escrito por":"websitemix","Est. tempo de leitura":"4 minutos"},"schema":{"@context":"https:\/\/schema.org","@graph":[{"@type":"Article","@id":"https:\/\/blogdosrsiape.net\/reajustes-provocam-primeiro-atrito-no-governo-temer\/#article","isPartOf":{"@id":"https:\/\/blogdosrsiape.net\/reajustes-provocam-primeiro-atrito-no-governo-temer\/"},"author":{"name":"websitemix","@id":"https:\/\/blogdosrsiape.com\/#\/schema\/person\/641e1af8b22c69725a1d604fb8959bcf"},"headline":"Reajustes provocam primeiro atrito no governo Temer","datePublished":"2016-06-08T13:55:06+00:00","dateModified":"2016-06-08T13:55:06+00:00","mainEntityOfPage":{"@id":"https:\/\/blogdosrsiape.net\/reajustes-provocam-primeiro-atrito-no-governo-temer\/"},"wordCount":710,"commentCount":0,"publisher":{"@id":"https:\/\/blogdosrsiape.com\/#organization"},"image":{"@id":"https:\/\/blogdosrsiape.net\/reajustes-provocam-primeiro-atrito-no-governo-temer\/#primaryimage"},"thumbnailUrl":"https:\/\/11ponto11servidor.com.br\/blogsrsiape\/wp-content\/uploads\/sites\/2\/2016\/05\/117709.198107-Michel-Temer.jpg","keywords":["Reajustes"],"articleSection":["Sal\u00e1rios"],"inLanguage":"pt-BR","potentialAction":[{"@type":"CommentAction","name":"Comment","target":["https:\/\/blogdosrsiape.net\/reajustes-provocam-primeiro-atrito-no-governo-temer\/#respond"]}]},{"@type":"WebPage","@id":"https:\/\/blogdosrsiape.net\/reajustes-provocam-primeiro-atrito-no-governo-temer\/","url":"https:\/\/blogdosrsiape.net\/reajustes-provocam-primeiro-atrito-no-governo-temer\/","name":"Reajustes provocam primeiro atrito no governo Temer - Blog do Sr. SIAPE","isPartOf":{"@id":"https:\/\/blogdosrsiape.com\/#website"},"primaryImageOfPage":{"@id":"https:\/\/blogdosrsiape.net\/reajustes-provocam-primeiro-atrito-no-governo-temer\/#primaryimage"},"image":{"@id":"https:\/\/blogdosrsiape.net\/reajustes-provocam-primeiro-atrito-no-governo-temer\/#primaryimage"},"thumbnailUrl":"https:\/\/11ponto11servidor.com.br\/blogsrsiape\/wp-content\/uploads\/sites\/2\/2016\/05\/117709.198107-Michel-Temer.jpg","datePublished":"2016-06-08T13:55:06+00:00","dateModified":"2016-06-08T13:55:06+00:00","description":"A polemica aprova\u00e7\u00e3o dos reajustes aos servidores p\u00fablicos gerou ao Governo de Michel Temer o primeiro atrito em sua equipe econ\u00f4mica, que estuda formas de","breadcrumb":{"@id":"https:\/\/blogdosrsiape.net\/reajustes-provocam-primeiro-atrito-no-governo-temer\/#breadcrumb"},"inLanguage":"pt-BR","potentialAction":[{"@type":"ReadAction","target":["https:\/\/blogdosrsiape.net\/reajustes-provocam-primeiro-atrito-no-governo-temer\/"]}]},{"@type":"ImageObject","inLanguage":"pt-BR","@id":"https:\/\/blogdosrsiape.net\/reajustes-provocam-primeiro-atrito-no-governo-temer\/#primaryimage","url":"https:\/\/11ponto11servidor.com.br\/blogsrsiape\/wp-content\/uploads\/sites\/2\/2016\/05\/117709.198107-Michel-Temer.jpg","contentUrl":"https:\/\/11ponto11servidor.com.br\/blogsrsiape\/wp-content\/uploads\/sites\/2\/2016\/05\/117709.198107-Michel-Temer.jpg","width":400,"height":300,"caption":"exonera\u00e7\u00f5es"},{"@type":"BreadcrumbList","@id":"https:\/\/blogdosrsiape.net\/reajustes-provocam-primeiro-atrito-no-governo-temer\/#breadcrumb","itemListElement":[{"@type":"ListItem","position":1,"name":"In\u00edcio","item":"https:\/\/blogdosrsiape.com\/"},{"@type":"ListItem","position":2,"name":"Reajustes provocam primeiro atrito no governo Temer"}]},{"@type":"WebSite","@id":"https:\/\/blogdosrsiape.com\/#website","url":"https:\/\/blogdosrsiape.com\/","name":"Blog do sr. SIAPE","description":"SIAPE Servidor Federal","publisher":{"@id":"https:\/\/blogdosrsiape.com\/#organization"},"potentialAction":[{"@type":"SearchAction","target":{"@type":"EntryPoint","urlTemplate":"https:\/\/blogdosrsiape.com\/?s={search_term_string}"},"query-input":{"@type":"PropertyValueSpecification","valueRequired":true,"valueName":"search_term_string"}}],"inLanguage":"pt-BR"},{"@type":"Organization","@id":"https:\/\/blogdosrsiape.com\/#organization","name":"Blog do sr. SIAPE","url":"https:\/\/blogdosrsiape.com\/","logo":{"@type":"ImageObject","inLanguage":"pt-BR","@id":"https:\/\/blogdosrsiape.com\/#\/schema\/logo\/image\/","url":"https:\/\/11ponto11servidor.com.br\/blogsrsiape\/wp-content\/uploads\/sites\/2\/2024\/10\/logo-1.png","contentUrl":"https:\/\/11ponto11servidor.com.br\/blogsrsiape\/wp-content\/uploads\/sites\/2\/2024\/10\/logo-1.png","width":287,"height":116,"caption":"Blog do sr. SIAPE"},"image":{"@id":"https:\/\/blogdosrsiape.com\/#\/schema\/logo\/image\/"},"sameAs":["https:\/\/www.facebook.com\/blogsrsiape\/?locale=pt_BR","https:\/\/www.instagram.com\/srsiape\/"]},{"@type":"Person","@id":"https:\/\/blogdosrsiape.com\/#\/schema\/person\/641e1af8b22c69725a1d604fb8959bcf","name":"websitemix","sameAs":["https:\/\/11ponto11servidor.com.br"],"url":"https:\/\/11ponto11servidor.com.br\/blogsrsiape\/author\/websitemix\/"}]}},"_links":{"self":[{"href":"https:\/\/11ponto11servidor.com.br\/blogsrsiape\/wp-json\/wp\/v2\/posts\/1749"}],"collection":[{"href":"https:\/\/11ponto11servidor.com.br\/blogsrsiape\/wp-json\/wp\/v2\/posts"}],"about":[{"href":"https:\/\/11ponto11servidor.com.br\/blogsrsiape\/wp-json\/wp\/v2\/types\/post"}],"author":[{"embeddable":true,"href":"https:\/\/11ponto11servidor.com.br\/blogsrsiape\/wp-json\/wp\/v2\/users\/1"}],"replies":[{"embeddable":true,"href":"https:\/\/11ponto11servidor.com.br\/blogsrsiape\/wp-json\/wp\/v2\/comments?post=1749"}],"version-history":[{"count":0,"href":"https:\/\/11ponto11servidor.com.br\/blogsrsiape\/wp-json\/wp\/v2\/posts\/1749\/revisions"}],"wp:featuredmedia":[{"embeddable":true,"href":"https:\/\/11ponto11servidor.com.br\/blogsrsiape\/wp-json\/wp\/v2\/media\/1710"}],"wp:attachment":[{"href":"https:\/\/11ponto11servidor.com.br\/blogsrsiape\/wp-json\/wp\/v2\/media?parent=1749"}],"wp:term":[{"taxonomy":"category","embeddable":true,"href":"https:\/\/11ponto11servidor.com.br\/blogsrsiape\/wp-json\/wp\/v2\/categories?post=1749"},{"taxonomy":"post_tag","embeddable":true,"href":"https:\/\/11ponto11servidor.com.br\/blogsrsiape\/wp-json\/wp\/v2\/tags?post=1749"}],"curies":[{"name":"wp","href":"https:\/\/api.w.org\/{rel}","templated":true}]}}