{"id":1909,"date":"2016-10-06T14:49:28","date_gmt":"2016-10-06T11:49:28","guid":{"rendered":"https:\/\/11ponto11servidor.com.br\/blogsrsiape\/?p=1909"},"modified":"2016-10-06T14:49:28","modified_gmt":"2016-10-06T11:49:28","slug":"reducao-de-salarios-no-funcionalismo-publico","status":"publish","type":"post","link":"https:\/\/11ponto11servidor.com.br\/blogsrsiape\/reducao-de-salarios-no-funcionalismo-publico\/","title":{"rendered":"Redu\u00e7\u00e3o de Sal\u00e1rios no Funcionalismo P\u00fablico"},"content":{"rendered":"<p>Redu\u00e7\u00e3o de Sal\u00e1rios no Funcionalismo P\u00fablico &#8211; BRAS\u00cdLIA &#8211;\u00a0Sob press\u00e3o para reduzir os gastos com a folha de pessoal, o <a href=\"http:\/\/www.brasil.gov.br\/\" target=\"_blank\">governo federal <\/a>estuda rever o sal\u00e1rio inicial das principais categorias de servidores. A ideia \u00e9 reduzir valores dos sal\u00e1rios de ingresso no servi\u00e7o p\u00fablico, considerados altos, e ampliar a dist\u00e2ncia em rela\u00e7\u00e3o \u00e0 remunera\u00e7\u00e3o recebida pelo funcion\u00e1rio no final da carreira.<\/p>\n<p>Hoje, os servidores rec\u00e9m-aprovados em concursos p\u00fablicos recebem sal\u00e1rios muito elevados \u2013 bem acima dos registrados na iniciativa privada \u2013 e, em alguns casos, bastante pr\u00f3ximos daqueles que est\u00e3o no topo da tabela do plano de carreira.<\/p>\n<p>No funcionalismo p\u00fablico federal, h\u00e1 sal\u00e1rios iniciais que chegam perto de R$ 30 mil. \u00c9 o caso do consultor legislativo do Senado, que ganha no in\u00edcio de carreira R$ 29,1 mil e, no final, R$ 30,54 mil.<\/p>\n<p>Publicado por Estad\u00e3o<\/p>\n<p><span style=\"color: #ffffff;\">Funcionalismo,\u00a0<\/span><\/p>\n","protected":false},"excerpt":{"rendered":"<p>Redu\u00e7\u00e3o de Sal\u00e1rios no Funcionalismo P\u00fablico &#8211; BRAS\u00cdLIA &#8211;\u00a0Sob press\u00e3o para reduzir os gastos com a folha de pessoal, o governo federal estuda rever o sal\u00e1rio inicial das principais categorias de servidores. A ideia \u00e9 reduzir valores dos sal\u00e1rios de ingresso no servi\u00e7o p\u00fablico, considerados altos, e ampliar a dist\u00e2ncia em rela\u00e7\u00e3o \u00e0 remunera\u00e7\u00e3o recebida&#8230;<\/p>\n","protected":false},"author":1,"featured_media":786,"comment_status":"open","ping_status":"open","sticky":false,"template":"","format":"standard","meta":{"footnotes":""},"categories":[66],"tags":[2031],"class_list":["post-1909","post","type-post","status-publish","format-standard","has-post-thumbnail","hentry","category-salarios","tag-salario"],"yoast_head":"<!-- This site is optimized with the Yoast SEO plugin v23.6 - https:\/\/yoast.com\/wordpress\/plugins\/seo\/ -->\n<title>Redu\u00e7\u00e3o de Sal\u00e1rios no Funcionalismo P\u00fablico - Blog do Sr. SIAPE<\/title>\n<meta name=\"description\" content=\"Como medida de ajuste e conten\u00e7\u00e3o fiscal, o Governo de Michel Temer aponta mais uma vez para o Funcionalismo P\u00fablico, visando reduzir sal\u00e1rios iniciais\" \/>\n<meta name=\"robots\" content=\"index, follow, max-snippet:-1, max-image-preview:large, max-video-preview:-1\" \/>\n<link rel=\"canonical\" href=\"https:\/\/blogdosrsiape.com\/reducao-de-salarios-no-funcionalismo-publico\/\" \/>\n<meta property=\"og:locale\" content=\"pt_BR\" \/>\n<meta property=\"og:type\" content=\"article\" \/>\n<meta property=\"og:title\" content=\"Redu\u00e7\u00e3o de Sal\u00e1rios no Funcionalismo P\u00fablico - Blog do Sr. SIAPE\" \/>\n<meta property=\"og:description\" content=\"Como medida de ajuste e conten\u00e7\u00e3o fiscal, o Governo de Michel Temer aponta mais uma vez para o Funcionalismo P\u00fablico, visando reduzir sal\u00e1rios iniciais\" \/>\n<meta property=\"og:url\" content=\"https:\/\/blogdosrsiape.com\/reducao-de-salarios-no-funcionalismo-publico\/\" \/>\n<meta property=\"og:site_name\" content=\"Blog do Sr. SIAPE\" \/>\n<meta property=\"article:publisher\" content=\"https:\/\/www.facebook.com\/blogsrsiape\/?locale=pt_BR\" \/>\n<meta property=\"article:published_time\" content=\"2016-10-06T11:49:28+00:00\" \/>\n<meta property=\"og:image\" content=\"https:\/\/11ponto11servidor.com.br\/blogsrsiape\/wp-content\/uploads\/sites\/2\/2015\/07\/shutterstock_194553656.jpg\" \/>\n\t<meta property=\"og:image:width\" content=\"1000\" \/>\n\t<meta property=\"og:image:height\" content=\"778\" \/>\n\t<meta property=\"og:image:type\" content=\"image\/jpeg\" \/>\n<meta name=\"author\" content=\"websitemix\" \/>\n<meta name=\"twitter:card\" content=\"summary_large_image\" \/>\n<meta name=\"twitter:label1\" content=\"Escrito por\" \/>\n\t<meta name=\"twitter:data1\" content=\"websitemix\" \/>\n\t<meta name=\"twitter:label2\" content=\"Est. tempo de leitura\" \/>\n\t<meta name=\"twitter:data2\" content=\"1 minuto\" \/>\n<script type=\"application\/ld+json\" class=\"yoast-schema-graph\">{\"@context\":\"https:\/\/schema.org\",\"@graph\":[{\"@type\":\"Article\",\"@id\":\"https:\/\/blogdosrsiape.com\/reducao-de-salarios-no-funcionalismo-publico\/#article\",\"isPartOf\":{\"@id\":\"https:\/\/blogdosrsiape.com\/reducao-de-salarios-no-funcionalismo-publico\/\"},\"author\":{\"name\":\"websitemix\",\"@id\":\"https:\/\/blogdosrsiape.com\/#\/schema\/person\/641e1af8b22c69725a1d604fb8959bcf\"},\"headline\":\"Redu\u00e7\u00e3o de Sal\u00e1rios no Funcionalismo P\u00fablico\",\"datePublished\":\"2016-10-06T11:49:28+00:00\",\"dateModified\":\"2016-10-06T11:49:28+00:00\",\"mainEntityOfPage\":{\"@id\":\"https:\/\/blogdosrsiape.com\/reducao-de-salarios-no-funcionalismo-publico\/\"},\"wordCount\":163,\"commentCount\":0,\"publisher\":{\"@id\":\"https:\/\/blogdosrsiape.com\/#organization\"},\"image\":{\"@id\":\"https:\/\/blogdosrsiape.com\/reducao-de-salarios-no-funcionalismo-publico\/#primaryimage\"},\"thumbnailUrl\":\"https:\/\/11ponto11servidor.com.br\/blogsrsiape\/wp-content\/uploads\/sites\/2\/2015\/07\/shutterstock_194553656.jpg\",\"keywords\":[\"Sal\u00e1rio\"],\"articleSection\":[\"Sal\u00e1rios\"],\"inLanguage\":\"pt-BR\",\"potentialAction\":[{\"@type\":\"CommentAction\",\"name\":\"Comment\",\"target\":[\"https:\/\/blogdosrsiape.com\/reducao-de-salarios-no-funcionalismo-publico\/#respond\"]}]},{\"@type\":\"WebPage\",\"@id\":\"https:\/\/blogdosrsiape.com\/reducao-de-salarios-no-funcionalismo-publico\/\",\"url\":\"https:\/\/blogdosrsiape.com\/reducao-de-salarios-no-funcionalismo-publico\/\",\"name\":\"Redu\u00e7\u00e3o de Sal\u00e1rios no Funcionalismo P\u00fablico - Blog do Sr. SIAPE\",\"isPartOf\":{\"@id\":\"https:\/\/blogdosrsiape.com\/#website\"},\"primaryImageOfPage\":{\"@id\":\"https:\/\/blogdosrsiape.com\/reducao-de-salarios-no-funcionalismo-publico\/#primaryimage\"},\"image\":{\"@id\":\"https:\/\/blogdosrsiape.com\/reducao-de-salarios-no-funcionalismo-publico\/#primaryimage\"},\"thumbnailUrl\":\"https:\/\/11ponto11servidor.com.br\/blogsrsiape\/wp-content\/uploads\/sites\/2\/2015\/07\/shutterstock_194553656.jpg\",\"datePublished\":\"2016-10-06T11:49:28+00:00\",\"dateModified\":\"2016-10-06T11:49:28+00:00\",\"description\":\"Como medida de ajuste e conten\u00e7\u00e3o fiscal, o Governo de Michel Temer aponta mais uma vez para o Funcionalismo P\u00fablico, visando reduzir sal\u00e1rios iniciais\",\"breadcrumb\":{\"@id\":\"https:\/\/blogdosrsiape.com\/reducao-de-salarios-no-funcionalismo-publico\/#breadcrumb\"},\"inLanguage\":\"pt-BR\",\"potentialAction\":[{\"@type\":\"ReadAction\",\"target\":[\"https:\/\/blogdosrsiape.com\/reducao-de-salarios-no-funcionalismo-publico\/\"]}]},{\"@type\":\"ImageObject\",\"inLanguage\":\"pt-BR\",\"@id\":\"https:\/\/blogdosrsiape.com\/reducao-de-salarios-no-funcionalismo-publico\/#primaryimage\",\"url\":\"https:\/\/11ponto11servidor.com.br\/blogsrsiape\/wp-content\/uploads\/sites\/2\/2015\/07\/shutterstock_194553656.jpg\",\"contentUrl\":\"https:\/\/11ponto11servidor.com.br\/blogsrsiape\/wp-content\/uploads\/sites\/2\/2015\/07\/shutterstock_194553656.jpg\",\"width\":1000,\"height\":778,\"caption\":\"SIAPE\"},{\"@type\":\"BreadcrumbList\",\"@id\":\"https:\/\/blogdosrsiape.com\/reducao-de-salarios-no-funcionalismo-publico\/#breadcrumb\",\"itemListElement\":[{\"@type\":\"ListItem\",\"position\":1,\"name\":\"In\u00edcio\",\"item\":\"https:\/\/blogdosrsiape.com\/\"},{\"@type\":\"ListItem\",\"position\":2,\"name\":\"Redu\u00e7\u00e3o de Sal\u00e1rios no Funcionalismo P\u00fablico\"}]},{\"@type\":\"WebSite\",\"@id\":\"https:\/\/blogdosrsiape.com\/#website\",\"url\":\"https:\/\/blogdosrsiape.com\/\",\"name\":\"Blog do sr. SIAPE\",\"description\":\"SIAPE Servidor Federal\",\"publisher\":{\"@id\":\"https:\/\/blogdosrsiape.com\/#organization\"},\"potentialAction\":[{\"@type\":\"SearchAction\",\"target\":{\"@type\":\"EntryPoint\",\"urlTemplate\":\"https:\/\/blogdosrsiape.com\/?s={search_term_string}\"},\"query-input\":{\"@type\":\"PropertyValueSpecification\",\"valueRequired\":true,\"valueName\":\"search_term_string\"}}],\"inLanguage\":\"pt-BR\"},{\"@type\":\"Organization\",\"@id\":\"https:\/\/blogdosrsiape.com\/#organization\",\"name\":\"Blog do sr. SIAPE\",\"url\":\"https:\/\/blogdosrsiape.com\/\",\"logo\":{\"@type\":\"ImageObject\",\"inLanguage\":\"pt-BR\",\"@id\":\"https:\/\/blogdosrsiape.com\/#\/schema\/logo\/image\/\",\"url\":\"https:\/\/11ponto11servidor.com.br\/blogsrsiape\/wp-content\/uploads\/sites\/2\/2024\/10\/logo-1.png\",\"contentUrl\":\"https:\/\/11ponto11servidor.com.br\/blogsrsiape\/wp-content\/uploads\/sites\/2\/2024\/10\/logo-1.png\",\"width\":287,\"height\":116,\"caption\":\"Blog do sr. SIAPE\"},\"image\":{\"@id\":\"https:\/\/blogdosrsiape.com\/#\/schema\/logo\/image\/\"},\"sameAs\":[\"https:\/\/www.facebook.com\/blogsrsiape\/?locale=pt_BR\",\"https:\/\/www.instagram.com\/srsiape\/\"]},{\"@type\":\"Person\",\"@id\":\"https:\/\/blogdosrsiape.com\/#\/schema\/person\/641e1af8b22c69725a1d604fb8959bcf\",\"name\":\"websitemix\",\"sameAs\":[\"https:\/\/11ponto11servidor.com.br\"],\"url\":\"https:\/\/11ponto11servidor.com.br\/blogsrsiape\/author\/websitemix\/\"}]}<\/script>\n<!-- \/ Yoast SEO plugin. -->","yoast_head_json":{"title":"Redu\u00e7\u00e3o de Sal\u00e1rios no Funcionalismo P\u00fablico - Blog do Sr. SIAPE","description":"Como medida de ajuste e conten\u00e7\u00e3o fiscal, o Governo de Michel Temer aponta mais uma vez para o Funcionalismo P\u00fablico, visando reduzir sal\u00e1rios iniciais","robots":{"index":"index","follow":"follow","max-snippet":"max-snippet:-1","max-image-preview":"max-image-preview:large","max-video-preview":"max-video-preview:-1"},"canonical":"https:\/\/blogdosrsiape.com\/reducao-de-salarios-no-funcionalismo-publico\/","og_locale":"pt_BR","og_type":"article","og_title":"Redu\u00e7\u00e3o de Sal\u00e1rios no Funcionalismo P\u00fablico - Blog do Sr. SIAPE","og_description":"Como medida de ajuste e conten\u00e7\u00e3o fiscal, o Governo de Michel Temer aponta mais uma vez para o Funcionalismo P\u00fablico, visando reduzir sal\u00e1rios iniciais","og_url":"https:\/\/blogdosrsiape.com\/reducao-de-salarios-no-funcionalismo-publico\/","og_site_name":"Blog do Sr. SIAPE","article_publisher":"https:\/\/www.facebook.com\/blogsrsiape\/?locale=pt_BR","article_published_time":"2016-10-06T11:49:28+00:00","og_image":[{"width":1000,"height":778,"url":"https:\/\/11ponto11servidor.com.br\/blogsrsiape\/wp-content\/uploads\/sites\/2\/2015\/07\/shutterstock_194553656.jpg","type":"image\/jpeg"}],"author":"websitemix","twitter_card":"summary_large_image","twitter_misc":{"Escrito por":"websitemix","Est. tempo de leitura":"1 minuto"},"schema":{"@context":"https:\/\/schema.org","@graph":[{"@type":"Article","@id":"https:\/\/blogdosrsiape.com\/reducao-de-salarios-no-funcionalismo-publico\/#article","isPartOf":{"@id":"https:\/\/blogdosrsiape.com\/reducao-de-salarios-no-funcionalismo-publico\/"},"author":{"name":"websitemix","@id":"https:\/\/blogdosrsiape.com\/#\/schema\/person\/641e1af8b22c69725a1d604fb8959bcf"},"headline":"Redu\u00e7\u00e3o de Sal\u00e1rios no Funcionalismo P\u00fablico","datePublished":"2016-10-06T11:49:28+00:00","dateModified":"2016-10-06T11:49:28+00:00","mainEntityOfPage":{"@id":"https:\/\/blogdosrsiape.com\/reducao-de-salarios-no-funcionalismo-publico\/"},"wordCount":163,"commentCount":0,"publisher":{"@id":"https:\/\/blogdosrsiape.com\/#organization"},"image":{"@id":"https:\/\/blogdosrsiape.com\/reducao-de-salarios-no-funcionalismo-publico\/#primaryimage"},"thumbnailUrl":"https:\/\/11ponto11servidor.com.br\/blogsrsiape\/wp-content\/uploads\/sites\/2\/2015\/07\/shutterstock_194553656.jpg","keywords":["Sal\u00e1rio"],"articleSection":["Sal\u00e1rios"],"inLanguage":"pt-BR","potentialAction":[{"@type":"CommentAction","name":"Comment","target":["https:\/\/blogdosrsiape.com\/reducao-de-salarios-no-funcionalismo-publico\/#respond"]}]},{"@type":"WebPage","@id":"https:\/\/blogdosrsiape.com\/reducao-de-salarios-no-funcionalismo-publico\/","url":"https:\/\/blogdosrsiape.com\/reducao-de-salarios-no-funcionalismo-publico\/","name":"Redu\u00e7\u00e3o de Sal\u00e1rios no Funcionalismo P\u00fablico - Blog do Sr. SIAPE","isPartOf":{"@id":"https:\/\/blogdosrsiape.com\/#website"},"primaryImageOfPage":{"@id":"https:\/\/blogdosrsiape.com\/reducao-de-salarios-no-funcionalismo-publico\/#primaryimage"},"image":{"@id":"https:\/\/blogdosrsiape.com\/reducao-de-salarios-no-funcionalismo-publico\/#primaryimage"},"thumbnailUrl":"https:\/\/11ponto11servidor.com.br\/blogsrsiape\/wp-content\/uploads\/sites\/2\/2015\/07\/shutterstock_194553656.jpg","datePublished":"2016-10-06T11:49:28+00:00","dateModified":"2016-10-06T11:49:28+00:00","description":"Como medida de ajuste e conten\u00e7\u00e3o fiscal, o Governo de Michel Temer aponta mais uma vez para o Funcionalismo P\u00fablico, visando reduzir sal\u00e1rios iniciais","breadcrumb":{"@id":"https:\/\/blogdosrsiape.com\/reducao-de-salarios-no-funcionalismo-publico\/#breadcrumb"},"inLanguage":"pt-BR","potentialAction":[{"@type":"ReadAction","target":["https:\/\/blogdosrsiape.com\/reducao-de-salarios-no-funcionalismo-publico\/"]}]},{"@type":"ImageObject","inLanguage":"pt-BR","@id":"https:\/\/blogdosrsiape.com\/reducao-de-salarios-no-funcionalismo-publico\/#primaryimage","url":"https:\/\/11ponto11servidor.com.br\/blogsrsiape\/wp-content\/uploads\/sites\/2\/2015\/07\/shutterstock_194553656.jpg","contentUrl":"https:\/\/11ponto11servidor.com.br\/blogsrsiape\/wp-content\/uploads\/sites\/2\/2015\/07\/shutterstock_194553656.jpg","width":1000,"height":778,"caption":"SIAPE"},{"@type":"BreadcrumbList","@id":"https:\/\/blogdosrsiape.com\/reducao-de-salarios-no-funcionalismo-publico\/#breadcrumb","itemListElement":[{"@type":"ListItem","position":1,"name":"In\u00edcio","item":"https:\/\/blogdosrsiape.com\/"},{"@type":"ListItem","position":2,"name":"Redu\u00e7\u00e3o de Sal\u00e1rios no Funcionalismo P\u00fablico"}]},{"@type":"WebSite","@id":"https:\/\/blogdosrsiape.com\/#website","url":"https:\/\/blogdosrsiape.com\/","name":"Blog do sr. SIAPE","description":"SIAPE Servidor Federal","publisher":{"@id":"https:\/\/blogdosrsiape.com\/#organization"},"potentialAction":[{"@type":"SearchAction","target":{"@type":"EntryPoint","urlTemplate":"https:\/\/blogdosrsiape.com\/?s={search_term_string}"},"query-input":{"@type":"PropertyValueSpecification","valueRequired":true,"valueName":"search_term_string"}}],"inLanguage":"pt-BR"},{"@type":"Organization","@id":"https:\/\/blogdosrsiape.com\/#organization","name":"Blog do sr. SIAPE","url":"https:\/\/blogdosrsiape.com\/","logo":{"@type":"ImageObject","inLanguage":"pt-BR","@id":"https:\/\/blogdosrsiape.com\/#\/schema\/logo\/image\/","url":"https:\/\/11ponto11servidor.com.br\/blogsrsiape\/wp-content\/uploads\/sites\/2\/2024\/10\/logo-1.png","contentUrl":"https:\/\/11ponto11servidor.com.br\/blogsrsiape\/wp-content\/uploads\/sites\/2\/2024\/10\/logo-1.png","width":287,"height":116,"caption":"Blog do sr. SIAPE"},"image":{"@id":"https:\/\/blogdosrsiape.com\/#\/schema\/logo\/image\/"},"sameAs":["https:\/\/www.facebook.com\/blogsrsiape\/?locale=pt_BR","https:\/\/www.instagram.com\/srsiape\/"]},{"@type":"Person","@id":"https:\/\/blogdosrsiape.com\/#\/schema\/person\/641e1af8b22c69725a1d604fb8959bcf","name":"websitemix","sameAs":["https:\/\/11ponto11servidor.com.br"],"url":"https:\/\/11ponto11servidor.com.br\/blogsrsiape\/author\/websitemix\/"}]}},"_links":{"self":[{"href":"https:\/\/11ponto11servidor.com.br\/blogsrsiape\/wp-json\/wp\/v2\/posts\/1909"}],"collection":[{"href":"https:\/\/11ponto11servidor.com.br\/blogsrsiape\/wp-json\/wp\/v2\/posts"}],"about":[{"href":"https:\/\/11ponto11servidor.com.br\/blogsrsiape\/wp-json\/wp\/v2\/types\/post"}],"author":[{"embeddable":true,"href":"https:\/\/11ponto11servidor.com.br\/blogsrsiape\/wp-json\/wp\/v2\/users\/1"}],"replies":[{"embeddable":true,"href":"https:\/\/11ponto11servidor.com.br\/blogsrsiape\/wp-json\/wp\/v2\/comments?post=1909"}],"version-history":[{"count":0,"href":"https:\/\/11ponto11servidor.com.br\/blogsrsiape\/wp-json\/wp\/v2\/posts\/1909\/revisions"}],"wp:featuredmedia":[{"embeddable":true,"href":"https:\/\/11ponto11servidor.com.br\/blogsrsiape\/wp-json\/wp\/v2\/media\/786"}],"wp:attachment":[{"href":"https:\/\/11ponto11servidor.com.br\/blogsrsiape\/wp-json\/wp\/v2\/media?parent=1909"}],"wp:term":[{"taxonomy":"category","embeddable":true,"href":"https:\/\/11ponto11servidor.com.br\/blogsrsiape\/wp-json\/wp\/v2\/categories?post=1909"},{"taxonomy":"post_tag","embeddable":true,"href":"https:\/\/11ponto11servidor.com.br\/blogsrsiape\/wp-json\/wp\/v2\/tags?post=1909"}],"curies":[{"name":"wp","href":"https:\/\/api.w.org\/{rel}","templated":true}]}}