{"id":1919,"date":"2016-10-20T14:21:50","date_gmt":"2016-10-20T11:21:50","guid":{"rendered":"https:\/\/11ponto11servidor.com.br\/blogsrsiape\/?p=1919"},"modified":"2016-10-20T14:21:50","modified_gmt":"2016-10-20T11:21:50","slug":"aumento-9-carreiras-do-servico-publico","status":"publish","type":"post","link":"https:\/\/11ponto11servidor.com.br\/blogsrsiape\/aumento-9-carreiras-do-servico-publico\/","title":{"rendered":"Aumento a 9 carreiras do Servi\u00e7o P\u00fablico"},"content":{"rendered":"<p><em>Aumento a 9 carreiras do Servi\u00e7o P\u00fablico &#8211; Caso seja aprovado no Congresso, reajuste de nove carreiras de Estado v\u00e3o onerar mais a folha do funcionalismo, em 2017, do que os aumentos concedidos a 90% dos servidores federais, que ser\u00e1 de R$ 265 milh\u00f5es. Comiss\u00e3o Especial da C\u00e2mara analisa projetos de corre\u00e7\u00e3o para Receita e Pol\u00edcia Federal e das Pol\u00edcias Federal e Rodovi\u00e1ria Federal<\/em><\/p>\n<p>A pol\u00eamica que envolve o reajuste dos servidores p\u00fablicos federais se arrasta h\u00e1 meses. Desde que assumiu o governo depois do impeachment de Dilma Rousseff, Michel Temer e a equipe econ\u00f4mica batem na mesma tecla: corte de gastos para reequil\u00edbrio das contas p\u00fablicas e retomada do crescimento. A press\u00e3o do funcionalismo por aumentos, no entanto, n\u00e3o cessaram. Pelas contas de analistas de mercado, o rombo deste ano, previsto em R$ 170,5 bilh\u00f5es, poderia ser menor em R$ 5,626 bilh\u00f5es, caso o reajuste de 90% dos servidores federais n\u00e3o tivessem sido concedidos.<\/p>\n<p>O crescimento dos gastos com a categoria, entretanto, est\u00e1 longe do fim. Ainda existem nove carreiras de Estado esperando aprova\u00e7\u00e3o de aumentos pelo Congresso Nacional. S\u00e3o servidores da Pol\u00edcia Federal e da Receita, entre outros, que representam 10% do funcionalismo federal (86.225), mas cujos reajustes elevariam a folha, s\u00f3 em 2017, em R$ 5,152 bilh\u00f5es. O impacto financeiro total seria de R$ 11,686 bilh\u00f5es, em 2019. O aumento do gasto federal com o reajuste j\u00e1 concedido a 1.140.775 servidores, no ano que vem \u00e9 de apenas R$ 265 milh\u00f5es.<\/p>\n<p>Atualmente, dois projetos de lei, os PLs n\u00ba 5.864\/2016 e n\u00ba 5.865\/2016, s\u00e3o defendidos com unhas e dentes pelos que est\u00e3o inseridos neles. No primeiro, s\u00e3o contempladas as carreiras do Fisco (auditor fiscal e analista tribut\u00e1rio. E no segundo, as da Pol\u00edcia Federal (delegado; perito criminal; agente, escriv\u00e3o e papiloscopista), da Pol\u00edcia Rodovi\u00e1rio Federal, al\u00e9m de perito federal agr\u00e1rio, perito de desenvolvimento de pol\u00edticas sociais e o pessoal do plano especial de cargos do Departamento Nacional de Infraestrutura de Transporte (Dnit).<\/p>\n<p>\u201cComo apenas nove carreiras t\u00eam tanto espa\u00e7o no or\u00e7amento? Como conseguiram tamanha proeza de causar um suposto constrangimento entre (Michel) Temer e (Henrique) Meirelles \u2014 o presidente e o ministro da Fazenda teriam se desentendido sobre a concess\u00e3o de reajuste a essas categorias \u2014 logo de in\u00edcio? Porque t\u00eam mais poder de press\u00e3o e se aproveitam disso. \u00c9 lament\u00e1vel\u201d, explicou o economista Gil Castello Branco, secret\u00e1rio-geral da Associa\u00e7\u00e3o Contas Abertas.<\/p>\n<p>Ele lembrou que um estudo do Instituto de Pesquisa Econ\u00f4mica Aplicada (Ipea) apontou que h\u00e1 no pa\u00eds cerca de 9,4 milh\u00f5es de servidores p\u00fablicos pagos pelos governos federal, estaduais e municipais. As despesas com pessoal nas tr\u00eas esferas representam 14% do Produto Interno Bruto (PIB, soma das riquezas produzidas no pa\u00eds). \u201cSe n\u00e3o houver controle, ser\u00e1 um caos\u201d, refor\u00e7ou Castello Branco.<\/p>\n<p>Ontem, deveria ter sido votado pela Comiss\u00e3o Especial da C\u00e2mara, o texto dos policiais. Eles lotaram as galerias e fizeram muito barulho. Mas a vota\u00e7\u00e3o do relat\u00f3rio foi transferido para hoje, \u00e0s 14h. Isso porque, o relator deputado Laerte Bessa (PR-DF) aceitou o pedido para que os reajustes dos policiais civis da Capital aconte\u00e7a na mesma data dos colegas da PF. O remendo desagradou as categorias beneficiadas pelo projeto, porque tentam evitar que o enxerto de \u201cpenduricalhos\u201d no PL, atrase ainda mais a tramita\u00e7\u00e3o da mat\u00e9ria. \u201cO problema \u00e9 que as emendas, caso sejam rejeitadas no Senado, obrigam o projeto a retornar para a C\u00e2mara, e atrasam a aprova\u00e7\u00e3o\u201d, explicou marcos Firme, diretor parlamentar da Federa\u00e7\u00e3o Nacional dos Policiais Federais (<a href=\"http:\/\/www.fenapef.org.br\/\" target=\"_blank\">Fenapef<\/a>).<\/p>\n<p>O PL que trata da corre\u00e7\u00e3o salarial da Receita tamb\u00e9m ser\u00e1 discutido hoje e promete ser um barril de p\u00f3lvora. Porque h\u00e1 uma briga hist\u00f3rica interna por poder entre as duas principais carreiras do Fisco e entre ativos e aposentados. Auditores e analistas ficam parados por tr\u00eas dias \u2014 o protesto come\u00e7ou ontem \u2014 para um trabalho de convencimento dos parlamentares no Congresso. \u201cVamos mostrar que a Receita caminha para uma ingovernabilidade total\u201d, assinalou Claudio Damasceno, presidente do Sindicato Nacional dos Auditores (Sindifisco).<\/p>\n<p>Segundo Damasceno, at\u00e9 os integrantes da segunda sess\u00e3o do Conselho Administrativo de Recursos Fiscais (Carf) aderiram. \u201cEstamos aguardando o resultado da comiss\u00e3o. Se o PL continuar desfigurado \u2014 o texto trata analistas tamb\u00e9m com autoridades \u2014, entraremos em greve geral por tempo indeterminado\u201d, complementou. Uma paralisa\u00e7\u00e3o nessas propor\u00e7\u00f5es, para o <em>economista<\/em> Roberto <em>Piscitelli, pode significar \u201cum tiro no p\u00e9\u201d. \u201cGuerra fratricida n\u00e3o leva a nada. A arrecada\u00e7\u00e3o est\u00e1 caindo e vai piorar. Com menos dinheiro<\/em> <em>em caixa, n\u00e3o restar\u00e1 outra op\u00e7\u00e3o ao governo, sen\u00e3o anular todos os reajustes e controlar a infla\u00e7\u00e3o e os juros\u201d, ironizou.<\/em><\/p>\n<p><em>No m\u00eas passado, a arrecada\u00e7\u00e3o federal somou R$ 91,8 bilh\u00f5es, queda real (descontada a infla\u00e7\u00e3o) de 10,12% frente ao mesmo m\u00eas de 2015. Foi o pior agosto desde 2009. Em rela\u00e7\u00e3o a 2014, a queda foi de 18,2%. Para Piscitelli, embora outros fatores tenham contribu\u00eddo para o resultado, como a fraca atividade econ\u00f4mica, \u201cn\u00e3o \u00e9 vantagem alguma, nesse momento de recess\u00e3o, dizer que, ap\u00f3s mais de um ano em movimentos pontuais de protesto e mantendo apenas 30% do efetivo trabalhando, os servidores tiveram participa\u00e7\u00e3o nessa queda\u201d, destacou.<\/em><\/p>\n<p>Publicado por Correio Braziliense<\/p>\n<div class=\"blogd-banner-apos-a-materia blogd-entity-placement\" id=\"blogd-2931159585\"><div id=\"blogd-597349070\"><a data-bid=\"2\" data-no-instant=\"1\" href=\"https:\/\/11ponto11servidor.com.br\/blogsrsiape\/linkout\/14698\" rel=\"noopener\" class=\"notrack\" target=\"_blank\" aria-label=\"Copia-de-Banner-Loja-Virtual-Produtos-Naturais-Ofertas-Criativo-Verde-Branco-2.png\"><img loading=\"lazy\" decoding=\"async\" src=\"https:\/\/11ponto11servidor.com.br\/blogsrsiape\/wp-content\/uploads\/sites\/2\/2026\/07\/Copia-de-Banner-Loja-Virtual-Produtos-Naturais-Ofertas-Criativo-Verde-Branco-2.png\" alt=\"\"  srcset=\"https:\/\/11ponto11servidor.com.br\/blogsrsiape\/wp-content\/uploads\/sites\/2\/2026\/07\/Copia-de-Banner-Loja-Virtual-Produtos-Naturais-Ofertas-Criativo-Verde-Branco-2.png 1600w, https:\/\/11ponto11servidor.com.br\/blogsrsiape\/wp-content\/uploads\/sites\/2\/2026\/07\/Copia-de-Banner-Loja-Virtual-Produtos-Naturais-Ofertas-Criativo-Verde-Branco-2-300x88.png 300w, https:\/\/11ponto11servidor.com.br\/blogsrsiape\/wp-content\/uploads\/sites\/2\/2026\/07\/Copia-de-Banner-Loja-Virtual-Produtos-Naturais-Ofertas-Criativo-Verde-Branco-2-1024x299.png 1024w, https:\/\/11ponto11servidor.com.br\/blogsrsiape\/wp-content\/uploads\/sites\/2\/2026\/07\/Copia-de-Banner-Loja-Virtual-Produtos-Naturais-Ofertas-Criativo-Verde-Branco-2-768x224.png 768w, https:\/\/11ponto11servidor.com.br\/blogsrsiape\/wp-content\/uploads\/sites\/2\/2026\/07\/Copia-de-Banner-Loja-Virtual-Produtos-Naturais-Ofertas-Criativo-Verde-Branco-2-1536x448.png 1536w\" sizes=\"(max-width: 1600px) 100vw, 1600px\" width=\"970\" height=\"250\"   \/><\/a><\/div><\/div>","protected":false},"excerpt":{"rendered":"<p>Aumento a 9 carreiras do Servi\u00e7o P\u00fablico &#8211; Caso seja aprovado no Congresso, reajuste de nove carreiras de Estado v\u00e3o onerar mais a folha do funcionalismo, em 2017, do que os aumentos concedidos a 90% dos servidores federais, que ser\u00e1 de R$ 265 milh\u00f5es. Comiss\u00e3o Especial da C\u00e2mara analisa projetos de corre\u00e7\u00e3o para Receita e<\/p>\n","protected":false},"author":1,"featured_media":836,"comment_status":"open","ping_status":"open","sticky":false,"template":"","format":"standard","meta":{"_acf_changed":false,"footnotes":""},"categories":[66],"tags":[275],"class_list":["post-1919","post","type-post","status-publish","format-standard","has-post-thumbnail","hentry","category-salarios","tag-aumento-salarial"],"acf":[],"yoast_head":"<!-- This site is optimized with the Yoast SEO plugin v23.6 - https:\/\/yoast.com\/wordpress\/plugins\/seo\/ -->\n<title>Aumento a 9 carreiras do Servi\u00e7o P\u00fablico - Blog do Sr. SIAPE<\/title>\n<meta name=\"description\" content=\"O Esperado aumento salarial discutido desde o ano passado, ainda no Governo Dilma, parece sair para mais 9 carreiras do Servi\u00e7o Publico\" \/>\n<meta name=\"robots\" content=\"index, follow, max-snippet:-1, max-image-preview:large, max-video-preview:-1\" \/>\n<link rel=\"canonical\" href=\"https:\/\/blogdosrsiape.com\/aumento-9-carreiras-do-servico-publico\/\" \/>\n<meta property=\"og:locale\" content=\"pt_BR\" \/>\n<meta property=\"og:type\" content=\"article\" \/>\n<meta property=\"og:title\" content=\"Aumento a 9 carreiras do Servi\u00e7o P\u00fablico - Blog do Sr. SIAPE\" \/>\n<meta property=\"og:description\" content=\"O Esperado aumento salarial discutido desde o ano passado, ainda no Governo Dilma, parece sair para mais 9 carreiras do Servi\u00e7o Publico\" \/>\n<meta property=\"og:url\" content=\"https:\/\/blogdosrsiape.com\/aumento-9-carreiras-do-servico-publico\/\" \/>\n<meta property=\"og:site_name\" content=\"Blog do Sr. SIAPE\" \/>\n<meta property=\"article:publisher\" content=\"https:\/\/www.facebook.com\/blogsrsiape\/?locale=pt_BR\" \/>\n<meta property=\"article:published_time\" content=\"2016-10-20T11:21:50+00:00\" \/>\n<meta property=\"og:image\" content=\"https:\/\/11ponto11servidor.com.br\/blogsrsiape\/wp-content\/uploads\/sites\/2\/2015\/07\/shutterstock_185972447.jpg\" \/>\n\t<meta property=\"og:image:width\" content=\"864\" \/>\n\t<meta property=\"og:image:height\" content=\"1000\" \/>\n\t<meta property=\"og:image:type\" content=\"image\/jpeg\" \/>\n<meta name=\"author\" content=\"Blog Sr.Siape\" \/>\n<meta name=\"twitter:card\" content=\"summary_large_image\" \/>\n<meta name=\"twitter:label1\" content=\"Escrito por\" \/>\n\t<meta name=\"twitter:data1\" content=\"Blog Sr.Siape\" \/>\n\t<meta name=\"twitter:label2\" content=\"Est. tempo de leitura\" \/>\n\t<meta name=\"twitter:data2\" content=\"5 minutos\" \/>\n<script type=\"application\/ld+json\" class=\"yoast-schema-graph\">{\"@context\":\"https:\/\/schema.org\",\"@graph\":[{\"@type\":\"Article\",\"@id\":\"https:\/\/blogdosrsiape.com\/aumento-9-carreiras-do-servico-publico\/#article\",\"isPartOf\":{\"@id\":\"https:\/\/blogdosrsiape.com\/aumento-9-carreiras-do-servico-publico\/\"},\"author\":{\"name\":\"Blog Sr.Siape\",\"@id\":\"https:\/\/11ponto11servidor.com.br\/blogsrsiape\/#\/schema\/person\/641e1af8b22c69725a1d604fb8959bcf\"},\"headline\":\"Aumento a 9 carreiras do Servi\u00e7o P\u00fablico\",\"datePublished\":\"2016-10-20T11:21:50+00:00\",\"dateModified\":\"2016-10-20T11:21:50+00:00\",\"mainEntityOfPage\":{\"@id\":\"https:\/\/blogdosrsiape.com\/aumento-9-carreiras-do-servico-publico\/\"},\"wordCount\":913,\"commentCount\":0,\"publisher\":{\"@id\":\"https:\/\/11ponto11servidor.com.br\/blogsrsiape\/#organization\"},\"image\":{\"@id\":\"https:\/\/blogdosrsiape.com\/aumento-9-carreiras-do-servico-publico\/#primaryimage\"},\"thumbnailUrl\":\"https:\/\/11ponto11servidor.com.br\/blogsrsiape\/wp-content\/uploads\/sites\/2\/2015\/07\/shutterstock_185972447.jpg\",\"keywords\":[\"aumento salarial\"],\"articleSection\":[\"Sal\u00e1rios\"],\"inLanguage\":\"pt-BR\"},{\"@type\":\"WebPage\",\"@id\":\"https:\/\/blogdosrsiape.com\/aumento-9-carreiras-do-servico-publico\/\",\"url\":\"https:\/\/blogdosrsiape.com\/aumento-9-carreiras-do-servico-publico\/\",\"name\":\"Aumento a 9 carreiras do Servi\u00e7o P\u00fablico - Blog do Sr. SIAPE\",\"isPartOf\":{\"@id\":\"https:\/\/11ponto11servidor.com.br\/blogsrsiape\/#website\"},\"primaryImageOfPage\":{\"@id\":\"https:\/\/blogdosrsiape.com\/aumento-9-carreiras-do-servico-publico\/#primaryimage\"},\"image\":{\"@id\":\"https:\/\/blogdosrsiape.com\/aumento-9-carreiras-do-servico-publico\/#primaryimage\"},\"thumbnailUrl\":\"https:\/\/11ponto11servidor.com.br\/blogsrsiape\/wp-content\/uploads\/sites\/2\/2015\/07\/shutterstock_185972447.jpg\",\"datePublished\":\"2016-10-20T11:21:50+00:00\",\"dateModified\":\"2016-10-20T11:21:50+00:00\",\"description\":\"O Esperado aumento salarial discutido desde o ano passado, ainda no Governo Dilma, parece sair para mais 9 carreiras do Servi\u00e7o Publico\",\"breadcrumb\":{\"@id\":\"https:\/\/blogdosrsiape.com\/aumento-9-carreiras-do-servico-publico\/#breadcrumb\"},\"inLanguage\":\"pt-BR\",\"potentialAction\":[{\"@type\":\"ReadAction\",\"target\":[\"https:\/\/blogdosrsiape.com\/aumento-9-carreiras-do-servico-publico\/\"]}]},{\"@type\":\"ImageObject\",\"inLanguage\":\"pt-BR\",\"@id\":\"https:\/\/blogdosrsiape.com\/aumento-9-carreiras-do-servico-publico\/#primaryimage\",\"url\":\"https:\/\/11ponto11servidor.com.br\/blogsrsiape\/wp-content\/uploads\/sites\/2\/2015\/07\/shutterstock_185972447.jpg\",\"contentUrl\":\"https:\/\/11ponto11servidor.com.br\/blogsrsiape\/wp-content\/uploads\/sites\/2\/2015\/07\/shutterstock_185972447.jpg\",\"width\":864,\"height\":1000,\"caption\":\"Reforma\"},{\"@type\":\"BreadcrumbList\",\"@id\":\"https:\/\/blogdosrsiape.com\/aumento-9-carreiras-do-servico-publico\/#breadcrumb\",\"itemListElement\":[{\"@type\":\"ListItem\",\"position\":1,\"name\":\"In\u00edcio\",\"item\":\"https:\/\/11ponto11servidor.com.br\/blogsrsiape\/\"},{\"@type\":\"ListItem\",\"position\":2,\"name\":\"Aumento a 9 carreiras do Servi\u00e7o P\u00fablico\"}]},{\"@type\":\"WebSite\",\"@id\":\"https:\/\/11ponto11servidor.com.br\/blogsrsiape\/#website\",\"url\":\"https:\/\/11ponto11servidor.com.br\/blogsrsiape\/\",\"name\":\"Blog do sr. SIAPE\",\"description\":\"Blog de not\u00edcias para Servidores Federais e Pensionistas\",\"publisher\":{\"@id\":\"https:\/\/11ponto11servidor.com.br\/blogsrsiape\/#organization\"},\"potentialAction\":[{\"@type\":\"SearchAction\",\"target\":{\"@type\":\"EntryPoint\",\"urlTemplate\":\"https:\/\/11ponto11servidor.com.br\/blogsrsiape\/?s={search_term_string}\"},\"query-input\":{\"@type\":\"PropertyValueSpecification\",\"valueRequired\":true,\"valueName\":\"search_term_string\"}}],\"inLanguage\":\"pt-BR\"},{\"@type\":\"Organization\",\"@id\":\"https:\/\/11ponto11servidor.com.br\/blogsrsiape\/#organization\",\"name\":\"Blog do sr. SIAPE\",\"url\":\"https:\/\/11ponto11servidor.com.br\/blogsrsiape\/\",\"logo\":{\"@type\":\"ImageObject\",\"inLanguage\":\"pt-BR\",\"@id\":\"https:\/\/11ponto11servidor.com.br\/blogsrsiape\/#\/schema\/logo\/image\/\",\"url\":\"https:\/\/11ponto11servidor.com.br\/blogsrsiape\/wp-content\/uploads\/sites\/2\/2024\/10\/logo-1.png\",\"contentUrl\":\"https:\/\/11ponto11servidor.com.br\/blogsrsiape\/wp-content\/uploads\/sites\/2\/2024\/10\/logo-1.png\",\"width\":287,\"height\":116,\"caption\":\"Blog do sr. SIAPE\"},\"image\":{\"@id\":\"https:\/\/11ponto11servidor.com.br\/blogsrsiape\/#\/schema\/logo\/image\/\"},\"sameAs\":[\"https:\/\/www.facebook.com\/blogsrsiape\/?locale=pt_BR\",\"https:\/\/www.instagram.com\/srsiape\/\"]},{\"@type\":\"Person\",\"@id\":\"https:\/\/11ponto11servidor.com.br\/blogsrsiape\/#\/schema\/person\/641e1af8b22c69725a1d604fb8959bcf\",\"name\":\"Blog Sr.Siape\",\"sameAs\":[\"https:\/\/11ponto11servidor.com.br\"],\"url\":\"https:\/\/11ponto11servidor.com.br\/blogsrsiape\/author\/websitemix\/\"}]}<\/script>\n<!-- \/ Yoast SEO plugin. -->","yoast_head_json":{"title":"Aumento a 9 carreiras do Servi\u00e7o P\u00fablico - Blog do Sr. SIAPE","description":"O Esperado aumento salarial discutido desde o ano passado, ainda no Governo Dilma, parece sair para mais 9 carreiras do Servi\u00e7o Publico","robots":{"index":"index","follow":"follow","max-snippet":"max-snippet:-1","max-image-preview":"max-image-preview:large","max-video-preview":"max-video-preview:-1"},"canonical":"https:\/\/blogdosrsiape.com\/aumento-9-carreiras-do-servico-publico\/","og_locale":"pt_BR","og_type":"article","og_title":"Aumento a 9 carreiras do Servi\u00e7o P\u00fablico - Blog do Sr. SIAPE","og_description":"O Esperado aumento salarial discutido desde o ano passado, ainda no Governo Dilma, parece sair para mais 9 carreiras do Servi\u00e7o Publico","og_url":"https:\/\/blogdosrsiape.com\/aumento-9-carreiras-do-servico-publico\/","og_site_name":"Blog do Sr. SIAPE","article_publisher":"https:\/\/www.facebook.com\/blogsrsiape\/?locale=pt_BR","article_published_time":"2016-10-20T11:21:50+00:00","og_image":[{"width":864,"height":1000,"url":"https:\/\/11ponto11servidor.com.br\/blogsrsiape\/wp-content\/uploads\/sites\/2\/2015\/07\/shutterstock_185972447.jpg","type":"image\/jpeg"}],"author":"Blog Sr.Siape","twitter_card":"summary_large_image","twitter_misc":{"Escrito por":"Blog Sr.Siape","Est. tempo de leitura":"5 minutos"},"schema":{"@context":"https:\/\/schema.org","@graph":[{"@type":"Article","@id":"https:\/\/blogdosrsiape.com\/aumento-9-carreiras-do-servico-publico\/#article","isPartOf":{"@id":"https:\/\/blogdosrsiape.com\/aumento-9-carreiras-do-servico-publico\/"},"author":{"name":"Blog Sr.Siape","@id":"https:\/\/11ponto11servidor.com.br\/blogsrsiape\/#\/schema\/person\/641e1af8b22c69725a1d604fb8959bcf"},"headline":"Aumento a 9 carreiras do Servi\u00e7o P\u00fablico","datePublished":"2016-10-20T11:21:50+00:00","dateModified":"2016-10-20T11:21:50+00:00","mainEntityOfPage":{"@id":"https:\/\/blogdosrsiape.com\/aumento-9-carreiras-do-servico-publico\/"},"wordCount":913,"commentCount":0,"publisher":{"@id":"https:\/\/11ponto11servidor.com.br\/blogsrsiape\/#organization"},"image":{"@id":"https:\/\/blogdosrsiape.com\/aumento-9-carreiras-do-servico-publico\/#primaryimage"},"thumbnailUrl":"https:\/\/11ponto11servidor.com.br\/blogsrsiape\/wp-content\/uploads\/sites\/2\/2015\/07\/shutterstock_185972447.jpg","keywords":["aumento salarial"],"articleSection":["Sal\u00e1rios"],"inLanguage":"pt-BR"},{"@type":"WebPage","@id":"https:\/\/blogdosrsiape.com\/aumento-9-carreiras-do-servico-publico\/","url":"https:\/\/blogdosrsiape.com\/aumento-9-carreiras-do-servico-publico\/","name":"Aumento a 9 carreiras do Servi\u00e7o P\u00fablico - Blog do Sr. SIAPE","isPartOf":{"@id":"https:\/\/11ponto11servidor.com.br\/blogsrsiape\/#website"},"primaryImageOfPage":{"@id":"https:\/\/blogdosrsiape.com\/aumento-9-carreiras-do-servico-publico\/#primaryimage"},"image":{"@id":"https:\/\/blogdosrsiape.com\/aumento-9-carreiras-do-servico-publico\/#primaryimage"},"thumbnailUrl":"https:\/\/11ponto11servidor.com.br\/blogsrsiape\/wp-content\/uploads\/sites\/2\/2015\/07\/shutterstock_185972447.jpg","datePublished":"2016-10-20T11:21:50+00:00","dateModified":"2016-10-20T11:21:50+00:00","description":"O Esperado aumento salarial discutido desde o ano passado, ainda no Governo Dilma, parece sair para mais 9 carreiras do Servi\u00e7o Publico","breadcrumb":{"@id":"https:\/\/blogdosrsiape.com\/aumento-9-carreiras-do-servico-publico\/#breadcrumb"},"inLanguage":"pt-BR","potentialAction":[{"@type":"ReadAction","target":["https:\/\/blogdosrsiape.com\/aumento-9-carreiras-do-servico-publico\/"]}]},{"@type":"ImageObject","inLanguage":"pt-BR","@id":"https:\/\/blogdosrsiape.com\/aumento-9-carreiras-do-servico-publico\/#primaryimage","url":"https:\/\/11ponto11servidor.com.br\/blogsrsiape\/wp-content\/uploads\/sites\/2\/2015\/07\/shutterstock_185972447.jpg","contentUrl":"https:\/\/11ponto11servidor.com.br\/blogsrsiape\/wp-content\/uploads\/sites\/2\/2015\/07\/shutterstock_185972447.jpg","width":864,"height":1000,"caption":"Reforma"},{"@type":"BreadcrumbList","@id":"https:\/\/blogdosrsiape.com\/aumento-9-carreiras-do-servico-publico\/#breadcrumb","itemListElement":[{"@type":"ListItem","position":1,"name":"In\u00edcio","item":"https:\/\/11ponto11servidor.com.br\/blogsrsiape\/"},{"@type":"ListItem","position":2,"name":"Aumento a 9 carreiras do Servi\u00e7o P\u00fablico"}]},{"@type":"WebSite","@id":"https:\/\/11ponto11servidor.com.br\/blogsrsiape\/#website","url":"https:\/\/11ponto11servidor.com.br\/blogsrsiape\/","name":"Blog do sr. SIAPE","description":"Blog de not\u00edcias para Servidores Federais e Pensionistas","publisher":{"@id":"https:\/\/11ponto11servidor.com.br\/blogsrsiape\/#organization"},"potentialAction":[{"@type":"SearchAction","target":{"@type":"EntryPoint","urlTemplate":"https:\/\/11ponto11servidor.com.br\/blogsrsiape\/?s={search_term_string}"},"query-input":{"@type":"PropertyValueSpecification","valueRequired":true,"valueName":"search_term_string"}}],"inLanguage":"pt-BR"},{"@type":"Organization","@id":"https:\/\/11ponto11servidor.com.br\/blogsrsiape\/#organization","name":"Blog do sr. SIAPE","url":"https:\/\/11ponto11servidor.com.br\/blogsrsiape\/","logo":{"@type":"ImageObject","inLanguage":"pt-BR","@id":"https:\/\/11ponto11servidor.com.br\/blogsrsiape\/#\/schema\/logo\/image\/","url":"https:\/\/11ponto11servidor.com.br\/blogsrsiape\/wp-content\/uploads\/sites\/2\/2024\/10\/logo-1.png","contentUrl":"https:\/\/11ponto11servidor.com.br\/blogsrsiape\/wp-content\/uploads\/sites\/2\/2024\/10\/logo-1.png","width":287,"height":116,"caption":"Blog do sr. SIAPE"},"image":{"@id":"https:\/\/11ponto11servidor.com.br\/blogsrsiape\/#\/schema\/logo\/image\/"},"sameAs":["https:\/\/www.facebook.com\/blogsrsiape\/?locale=pt_BR","https:\/\/www.instagram.com\/srsiape\/"]},{"@type":"Person","@id":"https:\/\/11ponto11servidor.com.br\/blogsrsiape\/#\/schema\/person\/641e1af8b22c69725a1d604fb8959bcf","name":"Blog Sr.Siape","sameAs":["https:\/\/11ponto11servidor.com.br"],"url":"https:\/\/11ponto11servidor.com.br\/blogsrsiape\/author\/websitemix\/"}]}},"_links":{"self":[{"href":"https:\/\/11ponto11servidor.com.br\/blogsrsiape\/wp-json\/wp\/v2\/posts\/1919"}],"collection":[{"href":"https:\/\/11ponto11servidor.com.br\/blogsrsiape\/wp-json\/wp\/v2\/posts"}],"about":[{"href":"https:\/\/11ponto11servidor.com.br\/blogsrsiape\/wp-json\/wp\/v2\/types\/post"}],"author":[{"embeddable":true,"href":"https:\/\/11ponto11servidor.com.br\/blogsrsiape\/wp-json\/wp\/v2\/users\/1"}],"replies":[{"embeddable":true,"href":"https:\/\/11ponto11servidor.com.br\/blogsrsiape\/wp-json\/wp\/v2\/comments?post=1919"}],"version-history":[{"count":0,"href":"https:\/\/11ponto11servidor.com.br\/blogsrsiape\/wp-json\/wp\/v2\/posts\/1919\/revisions"}],"wp:featuredmedia":[{"embeddable":true,"href":"https:\/\/11ponto11servidor.com.br\/blogsrsiape\/wp-json\/wp\/v2\/media\/836"}],"wp:attachment":[{"href":"https:\/\/11ponto11servidor.com.br\/blogsrsiape\/wp-json\/wp\/v2\/media?parent=1919"}],"wp:term":[{"taxonomy":"category","embeddable":true,"href":"https:\/\/11ponto11servidor.com.br\/blogsrsiape\/wp-json\/wp\/v2\/categories?post=1919"},{"taxonomy":"post_tag","embeddable":true,"href":"https:\/\/11ponto11servidor.com.br\/blogsrsiape\/wp-json\/wp\/v2\/tags?post=1919"}],"curies":[{"name":"wp","href":"https:\/\/api.w.org\/{rel}","templated":true}]}}