{"id":2000,"date":"2017-01-12T14:29:30","date_gmt":"2017-01-12T11:29:30","guid":{"rendered":"https:\/\/11ponto11servidor.com.br\/blogsrsiape\/?p=2000"},"modified":"2017-01-12T14:31:58","modified_gmt":"2017-01-12T11:31:58","slug":"2000","status":"publish","type":"post","link":"https:\/\/11ponto11servidor.com.br\/blogsrsiape\/2000\/","title":{"rendered":"Coaliz\u00e3o para impedir reforma Previdenci\u00e1ria"},"content":{"rendered":"<p><em>Coaliz\u00e3o para impedir reforma Previdenci\u00e1ria &#8211; O Sindicato informou que est\u00e1 coordenando um grande movimento aliado a uma forte campanha na m\u00eddia para combater a PEC da Reforma. A primeira reuni\u00e3o ser\u00e1 na Comiss\u00e3o de Legisla\u00e7\u00e3o Participativa da C\u00e2mara dos Deputados (CLP), a convite do seu presidente, deputado Chico Lopes (PCdoB\/CE), nesta quarta-feira (11), no Plen\u00e1rio 3, \u00e0s\u00a014h30.\u00a0<\/em><\/p>\n<p>Como o slogan \u201cA previd\u00eancia \u00e9 nossa. Uni\u00e3o contra a Reforma!\u201d, o <a href=\"http:\/\/sindilegis.org.br\/\" target=\"_blank\">Sindilegis<\/a> inicia o movimento de mobiliza\u00e7\u00e3o contra a atual proposta do governo de mudar as regras de aposentadoria dos trabalhadores e servidores p\u00fablicos (PEC 287\/2016). \u201cAl\u00e9m do Sindicato, outras 50 entidades do F\u00f3rum Nacional das Carreiras T\u00edpicas de Estado (Fonacate), confedera\u00e7\u00f5es, federa\u00e7\u00f5es, a P\u00fablica-Central do Servidor e outras centrais sindicais unem for\u00e7as para derrubar a PEC e mostrar para a sociedade a fal\u00e1cia do rombo da Previd\u00eancia\u201d, destacou a nota.<\/p>\n<p>No in\u00edcio do ano, os dirigentes sindicais formaram uma comiss\u00e3o e t\u00eam realizado diversas reuni\u00f5es internas, para tra\u00e7ar estrat\u00e9gias de comunica\u00e7\u00e3o e atua\u00e7\u00e3o. \u201cA participa\u00e7\u00e3o de todos nessa corrente \u00e9 fundamental para o sucesso do movimento contra a Reforma\u201d, afirma presidente do Sindilegis, Nilton Paix\u00e3o.<\/p>\n<p>O presidente eleito para o pr\u00f3ximo mandato, Petrus Elesb\u00e3o, tamb\u00e9m refor\u00e7ou a import\u00e2ncia da coaliz\u00e3o, \u201cestamos diante de uma crise sem precedentes e s\u00f3 com a uni\u00e3o de todos os setores da sociedade civil seremos vitoriosos\u201d.<\/p>\n<p><strong>Outras a\u00e7\u00f5es<\/strong> \u2013 Al\u00e9m da reuni\u00e3o com o presidente da Comiss\u00e3o, deputado Chico Lopes, outras atividades e atos p\u00fablicos est\u00e3o sendo definidos para reunir o m\u00e1ximo de pessoas contra da Reforma da Previd\u00eancia. Em breve outras a\u00e7\u00f5es ser\u00e3o divulgadas.<\/p>\n<div class=\"sharedaddy sd-sharing-enabled\">\n<div class=\"robots-nocontent sd-block sd-social sd-social-icon sd-sharing\">\n<p class=\"sd-title\">Publicado por Correio Braziliense<\/p>\n<p class=\"sd-title\"><span style=\"color: #ffffff;\">Coaliz\u00e3o, Coaliz\u00e3o, Coaliz\u00e3o<\/span><\/p>\n<\/div>\n<\/div>\n","protected":false},"excerpt":{"rendered":"<p>Coaliz\u00e3o para impedir reforma Previdenci\u00e1ria &#8211; O Sindicato informou que est\u00e1 coordenando um grande movimento aliado a uma forte campanha na m\u00eddia para combater a PEC da Reforma. A primeira reuni\u00e3o ser\u00e1 na Comiss\u00e3o de Legisla\u00e7\u00e3o Participativa da C\u00e2mara dos Deputados (CLP), a convite do seu presidente, deputado Chico Lopes (PCdoB\/CE), nesta quarta-feira (11), no&#8230;<\/p>\n","protected":false},"author":1,"featured_media":1553,"comment_status":"open","ping_status":"open","sticky":false,"template":"","format":"standard","meta":{"footnotes":""},"categories":[1],"tags":[2526],"class_list":["post-2000","post","type-post","status-publish","format-standard","has-post-thumbnail","hentry","category-geral","tag-reforma-pre"],"yoast_head":"<!-- This site is optimized with the Yoast SEO plugin v23.6 - https:\/\/yoast.com\/wordpress\/plugins\/seo\/ -->\n<title>Coaliz\u00e3o para impedir reforma Previdenci\u00e1ria - Blog do Sr. SIAPE<\/title>\n<meta name=\"description\" content=\"Centrais forma coaliz\u00e3o para impedir o avan\u00e7o da reforma previdenci\u00e1ria proposta por Michel Temer, que afetar\u00e1 o regime previdenci\u00e1rio atual dos Servidores\" \/>\n<meta name=\"robots\" content=\"index, follow, max-snippet:-1, max-image-preview:large, max-video-preview:-1\" \/>\n<link rel=\"canonical\" href=\"https:\/\/blogdosrsiape.net\/2000\/\" \/>\n<meta property=\"og:locale\" content=\"pt_BR\" \/>\n<meta property=\"og:type\" content=\"article\" \/>\n<meta property=\"og:title\" content=\"Coaliz\u00e3o para impedir reforma Previdenci\u00e1ria - Blog do Sr. SIAPE\" \/>\n<meta property=\"og:description\" content=\"Centrais forma coaliz\u00e3o para impedir o avan\u00e7o da reforma previdenci\u00e1ria proposta por Michel Temer, que afetar\u00e1 o regime previdenci\u00e1rio atual dos Servidores\" \/>\n<meta property=\"og:url\" content=\"https:\/\/blogdosrsiape.net\/2000\/\" \/>\n<meta property=\"og:site_name\" content=\"Blog do Sr. SIAPE\" \/>\n<meta property=\"article:publisher\" content=\"https:\/\/www.facebook.com\/blogsrsiape\/?locale=pt_BR\" \/>\n<meta property=\"article:published_time\" content=\"2017-01-12T11:29:30+00:00\" \/>\n<meta property=\"article:modified_time\" content=\"2017-01-12T11:31:58+00:00\" \/>\n<meta property=\"og:image\" content=\"https:\/\/11ponto11servidor.com.br\/blogsrsiape\/wp-content\/uploads\/sites\/2\/2015\/12\/admin-ajax.php_.jpe\" \/>\n\t<meta property=\"og:image:width\" content=\"400\" \/>\n\t<meta property=\"og:image:height\" content=\"400\" \/>\n\t<meta property=\"og:image:type\" content=\"image\/jpeg\" \/>\n<meta name=\"author\" content=\"websitemix\" \/>\n<meta name=\"twitter:card\" content=\"summary_large_image\" \/>\n<meta name=\"twitter:label1\" content=\"Escrito por\" \/>\n\t<meta name=\"twitter:data1\" content=\"websitemix\" \/>\n\t<meta name=\"twitter:label2\" content=\"Est. tempo de leitura\" \/>\n\t<meta name=\"twitter:data2\" content=\"2 minutos\" \/>\n<script type=\"application\/ld+json\" class=\"yoast-schema-graph\">{\"@context\":\"https:\/\/schema.org\",\"@graph\":[{\"@type\":\"Article\",\"@id\":\"https:\/\/blogdosrsiape.net\/2000\/#article\",\"isPartOf\":{\"@id\":\"https:\/\/blogdosrsiape.net\/2000\/\"},\"author\":{\"name\":\"websitemix\",\"@id\":\"https:\/\/blogdosrsiape.com\/#\/schema\/person\/641e1af8b22c69725a1d604fb8959bcf\"},\"headline\":\"Coaliz\u00e3o para impedir reforma Previdenci\u00e1ria\",\"datePublished\":\"2017-01-12T11:29:30+00:00\",\"dateModified\":\"2017-01-12T11:31:58+00:00\",\"mainEntityOfPage\":{\"@id\":\"https:\/\/blogdosrsiape.net\/2000\/\"},\"wordCount\":320,\"commentCount\":0,\"publisher\":{\"@id\":\"https:\/\/blogdosrsiape.com\/#organization\"},\"image\":{\"@id\":\"https:\/\/blogdosrsiape.net\/2000\/#primaryimage\"},\"thumbnailUrl\":\"https:\/\/11ponto11servidor.com.br\/blogsrsiape\/wp-content\/uploads\/sites\/2\/2015\/12\/admin-ajax.php_.jpe\",\"keywords\":[\"Reforma Pre\"],\"articleSection\":[\"Geral\"],\"inLanguage\":\"pt-BR\",\"potentialAction\":[{\"@type\":\"CommentAction\",\"name\":\"Comment\",\"target\":[\"https:\/\/blogdosrsiape.net\/2000\/#respond\"]}]},{\"@type\":\"WebPage\",\"@id\":\"https:\/\/blogdosrsiape.net\/2000\/\",\"url\":\"https:\/\/blogdosrsiape.net\/2000\/\",\"name\":\"Coaliz\u00e3o para impedir reforma Previdenci\u00e1ria - Blog do Sr. SIAPE\",\"isPartOf\":{\"@id\":\"https:\/\/blogdosrsiape.com\/#website\"},\"primaryImageOfPage\":{\"@id\":\"https:\/\/blogdosrsiape.net\/2000\/#primaryimage\"},\"image\":{\"@id\":\"https:\/\/blogdosrsiape.net\/2000\/#primaryimage\"},\"thumbnailUrl\":\"https:\/\/11ponto11servidor.com.br\/blogsrsiape\/wp-content\/uploads\/sites\/2\/2015\/12\/admin-ajax.php_.jpe\",\"datePublished\":\"2017-01-12T11:29:30+00:00\",\"dateModified\":\"2017-01-12T11:31:58+00:00\",\"description\":\"Centrais forma coaliz\u00e3o para impedir o avan\u00e7o da reforma previdenci\u00e1ria proposta por Michel Temer, que afetar\u00e1 o regime previdenci\u00e1rio atual dos Servidores\",\"breadcrumb\":{\"@id\":\"https:\/\/blogdosrsiape.net\/2000\/#breadcrumb\"},\"inLanguage\":\"pt-BR\",\"potentialAction\":[{\"@type\":\"ReadAction\",\"target\":[\"https:\/\/blogdosrsiape.net\/2000\/\"]}]},{\"@type\":\"ImageObject\",\"inLanguage\":\"pt-BR\",\"@id\":\"https:\/\/blogdosrsiape.net\/2000\/#primaryimage\",\"url\":\"https:\/\/11ponto11servidor.com.br\/blogsrsiape\/wp-content\/uploads\/sites\/2\/2015\/12\/admin-ajax.php_.jpe\",\"contentUrl\":\"https:\/\/11ponto11servidor.com.br\/blogsrsiape\/wp-content\/uploads\/sites\/2\/2015\/12\/admin-ajax.php_.jpe\",\"width\":400,\"height\":400,\"caption\":\"Campanha\"},{\"@type\":\"BreadcrumbList\",\"@id\":\"https:\/\/blogdosrsiape.net\/2000\/#breadcrumb\",\"itemListElement\":[{\"@type\":\"ListItem\",\"position\":1,\"name\":\"In\u00edcio\",\"item\":\"https:\/\/blogdosrsiape.com\/\"},{\"@type\":\"ListItem\",\"position\":2,\"name\":\"Coaliz\u00e3o para impedir reforma Previdenci\u00e1ria\"}]},{\"@type\":\"WebSite\",\"@id\":\"https:\/\/blogdosrsiape.com\/#website\",\"url\":\"https:\/\/blogdosrsiape.com\/\",\"name\":\"Blog do sr. SIAPE\",\"description\":\"SIAPE Servidor Federal\",\"publisher\":{\"@id\":\"https:\/\/blogdosrsiape.com\/#organization\"},\"potentialAction\":[{\"@type\":\"SearchAction\",\"target\":{\"@type\":\"EntryPoint\",\"urlTemplate\":\"https:\/\/blogdosrsiape.com\/?s={search_term_string}\"},\"query-input\":{\"@type\":\"PropertyValueSpecification\",\"valueRequired\":true,\"valueName\":\"search_term_string\"}}],\"inLanguage\":\"pt-BR\"},{\"@type\":\"Organization\",\"@id\":\"https:\/\/blogdosrsiape.com\/#organization\",\"name\":\"Blog do sr. SIAPE\",\"url\":\"https:\/\/blogdosrsiape.com\/\",\"logo\":{\"@type\":\"ImageObject\",\"inLanguage\":\"pt-BR\",\"@id\":\"https:\/\/blogdosrsiape.com\/#\/schema\/logo\/image\/\",\"url\":\"https:\/\/11ponto11servidor.com.br\/blogsrsiape\/wp-content\/uploads\/sites\/2\/2024\/10\/logo-1.png\",\"contentUrl\":\"https:\/\/11ponto11servidor.com.br\/blogsrsiape\/wp-content\/uploads\/sites\/2\/2024\/10\/logo-1.png\",\"width\":287,\"height\":116,\"caption\":\"Blog do sr. SIAPE\"},\"image\":{\"@id\":\"https:\/\/blogdosrsiape.com\/#\/schema\/logo\/image\/\"},\"sameAs\":[\"https:\/\/www.facebook.com\/blogsrsiape\/?locale=pt_BR\",\"https:\/\/www.instagram.com\/srsiape\/\"]},{\"@type\":\"Person\",\"@id\":\"https:\/\/blogdosrsiape.com\/#\/schema\/person\/641e1af8b22c69725a1d604fb8959bcf\",\"name\":\"websitemix\",\"sameAs\":[\"https:\/\/11ponto11servidor.com.br\"],\"url\":\"https:\/\/11ponto11servidor.com.br\/blogsrsiape\/author\/websitemix\/\"}]}<\/script>\n<!-- \/ Yoast SEO plugin. -->","yoast_head_json":{"title":"Coaliz\u00e3o para impedir reforma Previdenci\u00e1ria - Blog do Sr. SIAPE","description":"Centrais forma coaliz\u00e3o para impedir o avan\u00e7o da reforma previdenci\u00e1ria proposta por Michel Temer, que afetar\u00e1 o regime previdenci\u00e1rio atual dos Servidores","robots":{"index":"index","follow":"follow","max-snippet":"max-snippet:-1","max-image-preview":"max-image-preview:large","max-video-preview":"max-video-preview:-1"},"canonical":"https:\/\/blogdosrsiape.net\/2000\/","og_locale":"pt_BR","og_type":"article","og_title":"Coaliz\u00e3o para impedir reforma Previdenci\u00e1ria - Blog do Sr. SIAPE","og_description":"Centrais forma coaliz\u00e3o para impedir o avan\u00e7o da reforma previdenci\u00e1ria proposta por Michel Temer, que afetar\u00e1 o regime previdenci\u00e1rio atual dos Servidores","og_url":"https:\/\/blogdosrsiape.net\/2000\/","og_site_name":"Blog do Sr. SIAPE","article_publisher":"https:\/\/www.facebook.com\/blogsrsiape\/?locale=pt_BR","article_published_time":"2017-01-12T11:29:30+00:00","article_modified_time":"2017-01-12T11:31:58+00:00","og_image":[{"width":400,"height":400,"url":"https:\/\/11ponto11servidor.com.br\/blogsrsiape\/wp-content\/uploads\/sites\/2\/2015\/12\/admin-ajax.php_.jpe","type":"image\/jpeg"}],"author":"websitemix","twitter_card":"summary_large_image","twitter_misc":{"Escrito por":"websitemix","Est. tempo de leitura":"2 minutos"},"schema":{"@context":"https:\/\/schema.org","@graph":[{"@type":"Article","@id":"https:\/\/blogdosrsiape.net\/2000\/#article","isPartOf":{"@id":"https:\/\/blogdosrsiape.net\/2000\/"},"author":{"name":"websitemix","@id":"https:\/\/blogdosrsiape.com\/#\/schema\/person\/641e1af8b22c69725a1d604fb8959bcf"},"headline":"Coaliz\u00e3o para impedir reforma Previdenci\u00e1ria","datePublished":"2017-01-12T11:29:30+00:00","dateModified":"2017-01-12T11:31:58+00:00","mainEntityOfPage":{"@id":"https:\/\/blogdosrsiape.net\/2000\/"},"wordCount":320,"commentCount":0,"publisher":{"@id":"https:\/\/blogdosrsiape.com\/#organization"},"image":{"@id":"https:\/\/blogdosrsiape.net\/2000\/#primaryimage"},"thumbnailUrl":"https:\/\/11ponto11servidor.com.br\/blogsrsiape\/wp-content\/uploads\/sites\/2\/2015\/12\/admin-ajax.php_.jpe","keywords":["Reforma Pre"],"articleSection":["Geral"],"inLanguage":"pt-BR","potentialAction":[{"@type":"CommentAction","name":"Comment","target":["https:\/\/blogdosrsiape.net\/2000\/#respond"]}]},{"@type":"WebPage","@id":"https:\/\/blogdosrsiape.net\/2000\/","url":"https:\/\/blogdosrsiape.net\/2000\/","name":"Coaliz\u00e3o para impedir reforma Previdenci\u00e1ria - Blog do Sr. SIAPE","isPartOf":{"@id":"https:\/\/blogdosrsiape.com\/#website"},"primaryImageOfPage":{"@id":"https:\/\/blogdosrsiape.net\/2000\/#primaryimage"},"image":{"@id":"https:\/\/blogdosrsiape.net\/2000\/#primaryimage"},"thumbnailUrl":"https:\/\/11ponto11servidor.com.br\/blogsrsiape\/wp-content\/uploads\/sites\/2\/2015\/12\/admin-ajax.php_.jpe","datePublished":"2017-01-12T11:29:30+00:00","dateModified":"2017-01-12T11:31:58+00:00","description":"Centrais forma coaliz\u00e3o para impedir o avan\u00e7o da reforma previdenci\u00e1ria proposta por Michel Temer, que afetar\u00e1 o regime previdenci\u00e1rio atual dos Servidores","breadcrumb":{"@id":"https:\/\/blogdosrsiape.net\/2000\/#breadcrumb"},"inLanguage":"pt-BR","potentialAction":[{"@type":"ReadAction","target":["https:\/\/blogdosrsiape.net\/2000\/"]}]},{"@type":"ImageObject","inLanguage":"pt-BR","@id":"https:\/\/blogdosrsiape.net\/2000\/#primaryimage","url":"https:\/\/11ponto11servidor.com.br\/blogsrsiape\/wp-content\/uploads\/sites\/2\/2015\/12\/admin-ajax.php_.jpe","contentUrl":"https:\/\/11ponto11servidor.com.br\/blogsrsiape\/wp-content\/uploads\/sites\/2\/2015\/12\/admin-ajax.php_.jpe","width":400,"height":400,"caption":"Campanha"},{"@type":"BreadcrumbList","@id":"https:\/\/blogdosrsiape.net\/2000\/#breadcrumb","itemListElement":[{"@type":"ListItem","position":1,"name":"In\u00edcio","item":"https:\/\/blogdosrsiape.com\/"},{"@type":"ListItem","position":2,"name":"Coaliz\u00e3o para impedir reforma Previdenci\u00e1ria"}]},{"@type":"WebSite","@id":"https:\/\/blogdosrsiape.com\/#website","url":"https:\/\/blogdosrsiape.com\/","name":"Blog do sr. SIAPE","description":"SIAPE Servidor Federal","publisher":{"@id":"https:\/\/blogdosrsiape.com\/#organization"},"potentialAction":[{"@type":"SearchAction","target":{"@type":"EntryPoint","urlTemplate":"https:\/\/blogdosrsiape.com\/?s={search_term_string}"},"query-input":{"@type":"PropertyValueSpecification","valueRequired":true,"valueName":"search_term_string"}}],"inLanguage":"pt-BR"},{"@type":"Organization","@id":"https:\/\/blogdosrsiape.com\/#organization","name":"Blog do sr. SIAPE","url":"https:\/\/blogdosrsiape.com\/","logo":{"@type":"ImageObject","inLanguage":"pt-BR","@id":"https:\/\/blogdosrsiape.com\/#\/schema\/logo\/image\/","url":"https:\/\/11ponto11servidor.com.br\/blogsrsiape\/wp-content\/uploads\/sites\/2\/2024\/10\/logo-1.png","contentUrl":"https:\/\/11ponto11servidor.com.br\/blogsrsiape\/wp-content\/uploads\/sites\/2\/2024\/10\/logo-1.png","width":287,"height":116,"caption":"Blog do sr. SIAPE"},"image":{"@id":"https:\/\/blogdosrsiape.com\/#\/schema\/logo\/image\/"},"sameAs":["https:\/\/www.facebook.com\/blogsrsiape\/?locale=pt_BR","https:\/\/www.instagram.com\/srsiape\/"]},{"@type":"Person","@id":"https:\/\/blogdosrsiape.com\/#\/schema\/person\/641e1af8b22c69725a1d604fb8959bcf","name":"websitemix","sameAs":["https:\/\/11ponto11servidor.com.br"],"url":"https:\/\/11ponto11servidor.com.br\/blogsrsiape\/author\/websitemix\/"}]}},"_links":{"self":[{"href":"https:\/\/11ponto11servidor.com.br\/blogsrsiape\/wp-json\/wp\/v2\/posts\/2000"}],"collection":[{"href":"https:\/\/11ponto11servidor.com.br\/blogsrsiape\/wp-json\/wp\/v2\/posts"}],"about":[{"href":"https:\/\/11ponto11servidor.com.br\/blogsrsiape\/wp-json\/wp\/v2\/types\/post"}],"author":[{"embeddable":true,"href":"https:\/\/11ponto11servidor.com.br\/blogsrsiape\/wp-json\/wp\/v2\/users\/1"}],"replies":[{"embeddable":true,"href":"https:\/\/11ponto11servidor.com.br\/blogsrsiape\/wp-json\/wp\/v2\/comments?post=2000"}],"version-history":[{"count":0,"href":"https:\/\/11ponto11servidor.com.br\/blogsrsiape\/wp-json\/wp\/v2\/posts\/2000\/revisions"}],"wp:featuredmedia":[{"embeddable":true,"href":"https:\/\/11ponto11servidor.com.br\/blogsrsiape\/wp-json\/wp\/v2\/media\/1553"}],"wp:attachment":[{"href":"https:\/\/11ponto11servidor.com.br\/blogsrsiape\/wp-json\/wp\/v2\/media?parent=2000"}],"wp:term":[{"taxonomy":"category","embeddable":true,"href":"https:\/\/11ponto11servidor.com.br\/blogsrsiape\/wp-json\/wp\/v2\/categories?post=2000"},{"taxonomy":"post_tag","embeddable":true,"href":"https:\/\/11ponto11servidor.com.br\/blogsrsiape\/wp-json\/wp\/v2\/tags?post=2000"}],"curies":[{"name":"wp","href":"https:\/\/api.w.org\/{rel}","templated":true}]}}