{"id":2284,"date":"2017-08-01T14:32:31","date_gmt":"2017-08-01T11:32:31","guid":{"rendered":"https:\/\/11ponto11servidor.com.br\/blogsrsiape\/?p=2284"},"modified":"2017-08-01T14:32:31","modified_gmt":"2017-08-01T11:32:31","slug":"concursos-publicos-e-o-pdv-executivo-federal","status":"publish","type":"post","link":"https:\/\/11ponto11servidor.com.br\/blogsrsiape\/concursos-publicos-e-o-pdv-executivo-federal\/","title":{"rendered":"Concursos p\u00fablicos e o PDV do executivo federal"},"content":{"rendered":"<p>Concursos p\u00fablicos e o PDV do executivo federal &#8211; Faz menos de uma semana que foi assinada a\u00a0<a class=\"gui-color-primary-link\" href=\"http:\/\/g1.globo.com\/politica\/noticia\/temer-assina-medida-que-institui-pdv-para-servidores-informa-planalto.ghtml\" target=\"_blank\" rel=\"noopener\">medida provis\u00f3ria n\u00ba 792<\/a>\u00a0&#8211; o PDV do executivo federal. A esse respeito, tenho poucos pontos a comentar. Segundo a an\u00e1lise dos economistas, mesmo que houvesse a ades\u00e3o esperada, a economia gerada n\u00e3o seria significativa em rela\u00e7\u00e3o \u00e0 desorganiza\u00e7\u00e3o das contas p\u00fablicas. H\u00e1 outras medidas importantes que deveriam ser institu\u00eddas h\u00e1 tempos, como por exemplo, o imposto sobre grandes fortunas e a revis\u00e3o de determinados benef\u00edcios fiscais.<\/p>\n<p>No que diz respeito ao servi\u00e7o p\u00fablico, temo o desaparelhamento dos \u00f3rg\u00e3os \u2013 alguns j\u00e1 em condi\u00e7\u00f5es insustent\u00e1veis -, com duas poss\u00edveis consequ\u00eancias: a precariza\u00e7\u00e3o\/inviabiliza\u00e7\u00e3o dos servi\u00e7os prestados e o risco da aloca\u00e7\u00e3o de empregados terceirizados em vagas que deveriam ser de concursados. N\u00e3o \u00e9 dif\u00edcil compreender o que aconteceria se a cada troca de comando pol\u00edtico houvesse a possibilidade de substituir os servidores. Basta observar o \u201ctoma l\u00e1, d\u00e1 c\u00e1\u201d que rege os cargos preenchidos por indica\u00e7\u00e3o, com pessoas tecnicamente despreparadas. A necess\u00e1ria continuidade e isen\u00e7\u00e3o do servi\u00e7o p\u00fablico \u00e9 minimamente protegida pelo quadro de servidores de carreira, que mant\u00e9m o conhecimento dentro da institui\u00e7\u00e3o e atuam de forma desvinculada dos interesses privado\/partid\u00e1rios.<\/p>\n<p>No Rio de Janeiro j\u00e1 \u00e9 poss\u00edvel perceber, como resultado da falta de concursos para a Pol\u00edcia Rodovi\u00e1ria Federal, o aumento exponencial do roubo de cargas, al\u00e9m de outros danos. A demora em realizar concurso para a Receita Federal tamb\u00e9m acarreta graves preju\u00edzos. Seria como diminuir o n\u00famero de empregados numa f\u00e1brica, com o objetivo de reduzir despesas. Isso, sem falar de quest\u00f5es sociais, como a car\u00eancia de auditores fiscais do trabalho, comprometendo a fiscaliza\u00e7\u00e3o e puni\u00e7\u00e3o dos abusos praticados nas rela\u00e7\u00f5es trabalhistas.<\/p>\n<p>Com todas essas amea\u00e7as, fica a pergunta: ainda vale a pena fazer concurso? Ou ainda: como manter a disposi\u00e7\u00e3o para estudar at\u00e9 ser aprovado num concurso p\u00fablico, e se sacrificar por um tempo indefinido (mas, certamente, longo) a fim de conquistar algo que est\u00e1 l\u00e1 na frente?<\/p>\n<p>Os principais problemas est\u00e3o no executivo federal e em algumas unidades da federa\u00e7\u00e3o, mas o nosso pa\u00eds \u00e9 enorme. Assim, apesar das limita\u00e7\u00f5es, os concursos continuam acontecendo. Alguns muito bons. Veja:<\/p>\n<p>&#8211;\u00a0<a class=\"gui-color-primary-link\" href=\"http:\/\/g1.globo.com\/economia\/concursos-e-emprego\/noticia\/tst-fara-concurso-e-escolhe-fcc-como-organizadora.ghtml\" target=\"_blank\" rel=\"noopener\">Tribunal Superior do Trabalho (TST)<\/a>: para t\u00e9cnico e analista; FCC ser\u00e1 a organizadora<\/p>\n<p>&#8211;\u00a0<a class=\"gui-color-primary-link\" href=\"http:\/\/g1.globo.com\/economia\/concursos-e-emprego\/noticia\/ministerio-do-planejamento-autoriza-concurso-para-300-vagas-na-abin.ghtml\" target=\"_blank\" rel=\"noopener\">Ag\u00eancia Brasileira de Intelig\u00eancia (Abin)<\/a>: 300 vagas autorizadas; autorizado pela portaria n\u00ba227\/2017<\/p>\n<p>&#8211;\u00a0<a class=\"gui-color-primary-link\" href=\"http:\/\/g1.globo.com\/pernambuco\/noticia\/tribunal-de-justica-de-pe-divulga-edital-de-concurso-publico-com-109-vagas.ghtml\" target=\"_blank\" rel=\"noopener\">Tribunal de Justi\u00e7a de Pernambuco (TJ-PE)<\/a>: 109 vagas; edital publicado<\/p>\n<p>&#8211; Tribunal de Contas de S\u00e3o Paulo (TCE-SP): Vunesp ser\u00e1 a organizadora<\/p>\n<p>&#8211; Secretaria de Finan\u00e7as de Roraima: 62 vagas; FGV ser\u00e1 a organizadora<\/p>\n<p>&#8211; Tribunal Regional Eleitoral do Rio de Janeiro (TRE-RJ): Consulplan ser\u00e1 a organizadora<\/p>\n<p>&nbsp;<\/p>\n<p>Antecipando-me a cr\u00edticas de quem alega que os servidores p\u00fablicos s\u00e3o acomodados e ineficientes, sugiro atualizar as informa\u00e7\u00f5es. Esta \u00e9 uma imagem provavelmente fundamentada em \u00e9pocas passadas, quando os servidores eram indicados por amigos influentes e, realmente, pouco queriam trabalhar, em sua maioria. Infelizmente, ainda h\u00e1 \u00f3rg\u00e3os que n\u00e3o t\u00eam hist\u00f3rico de realizar concursos com frequ\u00eancia, que permanecem com um quadro de servidores muito antigos (alguns n\u00e3o entraram por meio de concurso; foram indicados e posteriormente efetivados, a partir das regras da Constitui\u00e7\u00e3o de 1988).<\/p>\n<p>Atualmente, conquistar uma vaga na administra\u00e7\u00e3o p\u00fablica requer muito esfor\u00e7o e dedica\u00e7\u00e3o. Quem busca essa alternativa est\u00e1 disposto a estudar muito, investir tempo, dinheiro e enfrentar frustra\u00e7\u00f5es, \u00e0s vezes durante alguns anos. Quem segue at\u00e9 a aprova\u00e7\u00e3o chega transformado pela trajet\u00f3ria e muito bem preparado. Conhe\u00e7o alguns defensores p\u00fablicos, por exemplo, que estudaram por anos at\u00e9 serem aprovados, porque tinham o desejo de fazer a diferen\u00e7a. Hoje, t\u00eam orgulho de seu trabalho, que realizam com total comprometimento. Essa \u00e9 a hist\u00f3ria de uma nova gera\u00e7\u00e3o de servidores, que come\u00e7ou a ser constru\u00edda e aprimorada desde que os concursos se tornaram obrigat\u00f3rios e foram sendo gradativamente aperfei\u00e7oados em todos os quesitos.<\/p>\n<p>Por outro lado, se a gente observar com alguma isen\u00e7\u00e3o, fica claro que o mundo mudou bastante e, atualmente, para se conquistar uma boa posi\u00e7\u00e3o em qualquer carreira, \u00e9 necess\u00e1rio bastante empenho, compet\u00eancia e capacidade de aprimoramento constante.<\/p>\n<p>Quando a gente inicia uma faculdade, est\u00e1 disposto a estudar durante anos para iniciar uma profiss\u00e3o. Na verdade, desde o in\u00edcio da nossa vida escolar, estamos nos preparando para escolher uma carreira no futuro, seja ela qual for.<\/p>\n<p>Se voc\u00ea optar por ser empregado no mercado privado, o mais prov\u00e1vel \u00e9 que continue investindo na carreira, fazendo cursos, buscando melhorar sempre, a fim de garantir sua empregabilidade, no m\u00ednimo, ou subir de patamar na profiss\u00e3o.<\/p>\n<p>Se voc\u00ea decidir ser empres\u00e1rio, para conseguir se colocar e se manter no mercado tamb\u00e9m precisar\u00e1 ter uma atitude incans\u00e1vel de buscar a excel\u00eancia, a inova\u00e7\u00e3o, a fim de manter a clientela satisfeita, porque o mercado \u00e9 cruel e facilmente substitui um prestador de servi\u00e7os ou fornecedor de produtos por outro que apresente vantagens.<\/p>\n<p>Na administra\u00e7\u00e3o p\u00fablica, a excel\u00eancia precisa ser atestada antes, e n\u00e3o depende de avalia\u00e7\u00f5es subjetivas ou de favores pessoais. Ou voc\u00ea prova que \u00e9 bom ou n\u00e3o entra. Simples assim. Para isso, s\u00e3o necess\u00e1rios anos de dedica\u00e7\u00e3o. Depois, j\u00e1 como servidor, caber\u00e1 tamb\u00e9m a voc\u00ea lutar pela qualidade das condi\u00e7\u00f5es de trabalho e zelar pelo adequado atendimento \u00e0 popula\u00e7\u00e3o \u2013 \u00e9 para isso que voc\u00ea est\u00e1 estudando tanto.<\/p>\n<p>Ent\u00e3o, a minha resposta para quem considera muito dif\u00edcil passar um longo per\u00edodo de estudo e provas at\u00e9 conseguir \u00e9: pense se o que voc\u00ea deseja conquistar \u00e9 realmente importante. Estamos falando da sua vida, e do quanto voc\u00ea acha que vale se dedicar a construir o que deseja, seja como empregado, como empres\u00e1rio ou como servidor p\u00fablico. Porque sorte tem muito pouco a ver com sucesso profissional. Pode at\u00e9 abrir algumas portas, mas o que mant\u00e9m voc\u00ea em algum lugar \u00e9 o quanto voc\u00ea cuida dele.<\/p>\n<p>Lia Salgado<\/p>\n<p>Publicado por G1 em 01\/08<\/p>\n","protected":false},"excerpt":{"rendered":"<p>Concursos p\u00fablicos e o PDV do executivo federal &#8211; Faz menos de uma semana que foi assinada a\u00a0medida provis\u00f3ria n\u00ba 792\u00a0&#8211; o PDV do executivo federal. A esse respeito, tenho poucos pontos a comentar. Segundo a an\u00e1lise dos economistas, mesmo que houvesse a ades\u00e3o esperada, a economia gerada n\u00e3o seria significativa em rela\u00e7\u00e3o \u00e0 desorganiza\u00e7\u00e3o&#8230;<\/p>\n","protected":false},"author":1,"featured_media":2210,"comment_status":"open","ping_status":"open","sticky":false,"template":"","format":"standard","meta":{"footnotes":""},"categories":[17],"tags":[596],"class_list":["post-2284","post","type-post","status-publish","format-standard","has-post-thumbnail","hentry","category-concursos-publicos","tag-concursos"],"yoast_head":"<!-- This site is optimized with the Yoast SEO plugin v23.6 - https:\/\/yoast.com\/wordpress\/plugins\/seo\/ -->\n<title>Concursos p\u00fablicos e o PDV do executivo federal - Blog do Sr. SIAPE<\/title>\n<meta name=\"description\" content=\"A incoer\u00eancia do Executivo Federal com a implementa\u00e7\u00e3o de PDV aos Servidores Federais enquanto \u00f3rg\u00e3os do executivo apresentam defasagem, e abrem concursos.\" \/>\n<meta name=\"robots\" content=\"index, follow, max-snippet:-1, max-image-preview:large, max-video-preview:-1\" \/>\n<link rel=\"canonical\" href=\"https:\/\/blogdosrsiape.com\/concursos-publicos-e-o-pdv-executivo-federal\/\" \/>\n<meta property=\"og:locale\" content=\"pt_BR\" \/>\n<meta property=\"og:type\" content=\"article\" \/>\n<meta property=\"og:title\" content=\"Concursos p\u00fablicos e o PDV do executivo federal - Blog do Sr. SIAPE\" \/>\n<meta property=\"og:description\" content=\"A incoer\u00eancia do Executivo Federal com a implementa\u00e7\u00e3o de PDV aos Servidores Federais enquanto \u00f3rg\u00e3os do executivo apresentam defasagem, e abrem concursos.\" \/>\n<meta property=\"og:url\" content=\"https:\/\/blogdosrsiape.com\/concursos-publicos-e-o-pdv-executivo-federal\/\" \/>\n<meta property=\"og:site_name\" content=\"Blog do Sr. SIAPE\" \/>\n<meta property=\"article:publisher\" content=\"https:\/\/www.facebook.com\/blogsrsiape\/?locale=pt_BR\" \/>\n<meta property=\"article:published_time\" content=\"2017-08-01T11:32:31+00:00\" \/>\n<meta property=\"og:image\" content=\"https:\/\/11ponto11servidor.com.br\/blogsrsiape\/wp-content\/uploads\/sites\/2\/2017\/06\/imagem-blog-12-e1498740376167.png\" \/>\n\t<meta property=\"og:image:width\" content=\"600\" \/>\n\t<meta property=\"og:image:height\" content=\"262\" \/>\n\t<meta property=\"og:image:type\" content=\"image\/png\" \/>\n<meta name=\"author\" content=\"websitemix\" \/>\n<meta name=\"twitter:card\" content=\"summary_large_image\" \/>\n<meta name=\"twitter:label1\" content=\"Escrito por\" \/>\n\t<meta name=\"twitter:data1\" content=\"websitemix\" \/>\n\t<meta name=\"twitter:label2\" content=\"Est. tempo de leitura\" \/>\n\t<meta name=\"twitter:data2\" content=\"5 minutos\" \/>\n<script type=\"application\/ld+json\" class=\"yoast-schema-graph\">{\"@context\":\"https:\/\/schema.org\",\"@graph\":[{\"@type\":\"Article\",\"@id\":\"https:\/\/blogdosrsiape.com\/concursos-publicos-e-o-pdv-executivo-federal\/#article\",\"isPartOf\":{\"@id\":\"https:\/\/blogdosrsiape.com\/concursos-publicos-e-o-pdv-executivo-federal\/\"},\"author\":{\"name\":\"websitemix\",\"@id\":\"https:\/\/blogdosrsiape.com\/#\/schema\/person\/641e1af8b22c69725a1d604fb8959bcf\"},\"headline\":\"Concursos p\u00fablicos e o PDV do executivo federal\",\"datePublished\":\"2017-08-01T11:32:31+00:00\",\"dateModified\":\"2017-08-01T11:32:31+00:00\",\"mainEntityOfPage\":{\"@id\":\"https:\/\/blogdosrsiape.com\/concursos-publicos-e-o-pdv-executivo-federal\/\"},\"wordCount\":1067,\"commentCount\":0,\"publisher\":{\"@id\":\"https:\/\/blogdosrsiape.com\/#organization\"},\"image\":{\"@id\":\"https:\/\/blogdosrsiape.com\/concursos-publicos-e-o-pdv-executivo-federal\/#primaryimage\"},\"thumbnailUrl\":\"https:\/\/11ponto11servidor.com.br\/blogsrsiape\/wp-content\/uploads\/sites\/2\/2017\/06\/imagem-blog-12-e1498740376167.png\",\"keywords\":[\"Concursos\"],\"articleSection\":[\"Concursos P\u00fablicos\"],\"inLanguage\":\"pt-BR\",\"potentialAction\":[{\"@type\":\"CommentAction\",\"name\":\"Comment\",\"target\":[\"https:\/\/blogdosrsiape.com\/concursos-publicos-e-o-pdv-executivo-federal\/#respond\"]}]},{\"@type\":\"WebPage\",\"@id\":\"https:\/\/blogdosrsiape.com\/concursos-publicos-e-o-pdv-executivo-federal\/\",\"url\":\"https:\/\/blogdosrsiape.com\/concursos-publicos-e-o-pdv-executivo-federal\/\",\"name\":\"Concursos p\u00fablicos e o PDV do executivo federal - Blog do Sr. SIAPE\",\"isPartOf\":{\"@id\":\"https:\/\/blogdosrsiape.com\/#website\"},\"primaryImageOfPage\":{\"@id\":\"https:\/\/blogdosrsiape.com\/concursos-publicos-e-o-pdv-executivo-federal\/#primaryimage\"},\"image\":{\"@id\":\"https:\/\/blogdosrsiape.com\/concursos-publicos-e-o-pdv-executivo-federal\/#primaryimage\"},\"thumbnailUrl\":\"https:\/\/11ponto11servidor.com.br\/blogsrsiape\/wp-content\/uploads\/sites\/2\/2017\/06\/imagem-blog-12-e1498740376167.png\",\"datePublished\":\"2017-08-01T11:32:31+00:00\",\"dateModified\":\"2017-08-01T11:32:31+00:00\",\"description\":\"A incoer\u00eancia do Executivo Federal com a implementa\u00e7\u00e3o de PDV aos Servidores Federais enquanto \u00f3rg\u00e3os do executivo apresentam defasagem, e abrem concursos.\",\"breadcrumb\":{\"@id\":\"https:\/\/blogdosrsiape.com\/concursos-publicos-e-o-pdv-executivo-federal\/#breadcrumb\"},\"inLanguage\":\"pt-BR\",\"potentialAction\":[{\"@type\":\"ReadAction\",\"target\":[\"https:\/\/blogdosrsiape.com\/concursos-publicos-e-o-pdv-executivo-federal\/\"]}]},{\"@type\":\"ImageObject\",\"inLanguage\":\"pt-BR\",\"@id\":\"https:\/\/blogdosrsiape.com\/concursos-publicos-e-o-pdv-executivo-federal\/#primaryimage\",\"url\":\"https:\/\/11ponto11servidor.com.br\/blogsrsiape\/wp-content\/uploads\/sites\/2\/2017\/06\/imagem-blog-12-e1498740376167.png\",\"contentUrl\":\"https:\/\/11ponto11servidor.com.br\/blogsrsiape\/wp-content\/uploads\/sites\/2\/2017\/06\/imagem-blog-12-e1498740376167.png\",\"width\":600,\"height\":262,\"caption\":\"mobiliza\u00e7\u00e3o\"},{\"@type\":\"BreadcrumbList\",\"@id\":\"https:\/\/blogdosrsiape.com\/concursos-publicos-e-o-pdv-executivo-federal\/#breadcrumb\",\"itemListElement\":[{\"@type\":\"ListItem\",\"position\":1,\"name\":\"In\u00edcio\",\"item\":\"https:\/\/blogdosrsiape.com\/\"},{\"@type\":\"ListItem\",\"position\":2,\"name\":\"Concursos p\u00fablicos e o PDV do executivo federal\"}]},{\"@type\":\"WebSite\",\"@id\":\"https:\/\/blogdosrsiape.com\/#website\",\"url\":\"https:\/\/blogdosrsiape.com\/\",\"name\":\"Blog do sr. SIAPE\",\"description\":\"SIAPE Servidor Federal\",\"publisher\":{\"@id\":\"https:\/\/blogdosrsiape.com\/#organization\"},\"potentialAction\":[{\"@type\":\"SearchAction\",\"target\":{\"@type\":\"EntryPoint\",\"urlTemplate\":\"https:\/\/blogdosrsiape.com\/?s={search_term_string}\"},\"query-input\":{\"@type\":\"PropertyValueSpecification\",\"valueRequired\":true,\"valueName\":\"search_term_string\"}}],\"inLanguage\":\"pt-BR\"},{\"@type\":\"Organization\",\"@id\":\"https:\/\/blogdosrsiape.com\/#organization\",\"name\":\"Blog do sr. SIAPE\",\"url\":\"https:\/\/blogdosrsiape.com\/\",\"logo\":{\"@type\":\"ImageObject\",\"inLanguage\":\"pt-BR\",\"@id\":\"https:\/\/blogdosrsiape.com\/#\/schema\/logo\/image\/\",\"url\":\"https:\/\/11ponto11servidor.com.br\/blogsrsiape\/wp-content\/uploads\/sites\/2\/2024\/10\/logo-1.png\",\"contentUrl\":\"https:\/\/11ponto11servidor.com.br\/blogsrsiape\/wp-content\/uploads\/sites\/2\/2024\/10\/logo-1.png\",\"width\":287,\"height\":116,\"caption\":\"Blog do sr. SIAPE\"},\"image\":{\"@id\":\"https:\/\/blogdosrsiape.com\/#\/schema\/logo\/image\/\"},\"sameAs\":[\"https:\/\/www.facebook.com\/blogsrsiape\/?locale=pt_BR\",\"https:\/\/www.instagram.com\/srsiape\/\"]},{\"@type\":\"Person\",\"@id\":\"https:\/\/blogdosrsiape.com\/#\/schema\/person\/641e1af8b22c69725a1d604fb8959bcf\",\"name\":\"websitemix\",\"sameAs\":[\"https:\/\/11ponto11servidor.com.br\"],\"url\":\"https:\/\/11ponto11servidor.com.br\/blogsrsiape\/author\/websitemix\/\"}]}<\/script>\n<!-- \/ Yoast SEO plugin. -->","yoast_head_json":{"title":"Concursos p\u00fablicos e o PDV do executivo federal - Blog do Sr. SIAPE","description":"A incoer\u00eancia do Executivo Federal com a implementa\u00e7\u00e3o de PDV aos Servidores Federais enquanto \u00f3rg\u00e3os do executivo apresentam defasagem, e abrem concursos.","robots":{"index":"index","follow":"follow","max-snippet":"max-snippet:-1","max-image-preview":"max-image-preview:large","max-video-preview":"max-video-preview:-1"},"canonical":"https:\/\/blogdosrsiape.com\/concursos-publicos-e-o-pdv-executivo-federal\/","og_locale":"pt_BR","og_type":"article","og_title":"Concursos p\u00fablicos e o PDV do executivo federal - Blog do Sr. SIAPE","og_description":"A incoer\u00eancia do Executivo Federal com a implementa\u00e7\u00e3o de PDV aos Servidores Federais enquanto \u00f3rg\u00e3os do executivo apresentam defasagem, e abrem concursos.","og_url":"https:\/\/blogdosrsiape.com\/concursos-publicos-e-o-pdv-executivo-federal\/","og_site_name":"Blog do Sr. SIAPE","article_publisher":"https:\/\/www.facebook.com\/blogsrsiape\/?locale=pt_BR","article_published_time":"2017-08-01T11:32:31+00:00","og_image":[{"width":600,"height":262,"url":"https:\/\/11ponto11servidor.com.br\/blogsrsiape\/wp-content\/uploads\/sites\/2\/2017\/06\/imagem-blog-12-e1498740376167.png","type":"image\/png"}],"author":"websitemix","twitter_card":"summary_large_image","twitter_misc":{"Escrito por":"websitemix","Est. tempo de leitura":"5 minutos"},"schema":{"@context":"https:\/\/schema.org","@graph":[{"@type":"Article","@id":"https:\/\/blogdosrsiape.com\/concursos-publicos-e-o-pdv-executivo-federal\/#article","isPartOf":{"@id":"https:\/\/blogdosrsiape.com\/concursos-publicos-e-o-pdv-executivo-federal\/"},"author":{"name":"websitemix","@id":"https:\/\/blogdosrsiape.com\/#\/schema\/person\/641e1af8b22c69725a1d604fb8959bcf"},"headline":"Concursos p\u00fablicos e o PDV do executivo federal","datePublished":"2017-08-01T11:32:31+00:00","dateModified":"2017-08-01T11:32:31+00:00","mainEntityOfPage":{"@id":"https:\/\/blogdosrsiape.com\/concursos-publicos-e-o-pdv-executivo-federal\/"},"wordCount":1067,"commentCount":0,"publisher":{"@id":"https:\/\/blogdosrsiape.com\/#organization"},"image":{"@id":"https:\/\/blogdosrsiape.com\/concursos-publicos-e-o-pdv-executivo-federal\/#primaryimage"},"thumbnailUrl":"https:\/\/11ponto11servidor.com.br\/blogsrsiape\/wp-content\/uploads\/sites\/2\/2017\/06\/imagem-blog-12-e1498740376167.png","keywords":["Concursos"],"articleSection":["Concursos P\u00fablicos"],"inLanguage":"pt-BR","potentialAction":[{"@type":"CommentAction","name":"Comment","target":["https:\/\/blogdosrsiape.com\/concursos-publicos-e-o-pdv-executivo-federal\/#respond"]}]},{"@type":"WebPage","@id":"https:\/\/blogdosrsiape.com\/concursos-publicos-e-o-pdv-executivo-federal\/","url":"https:\/\/blogdosrsiape.com\/concursos-publicos-e-o-pdv-executivo-federal\/","name":"Concursos p\u00fablicos e o PDV do executivo federal - Blog do Sr. SIAPE","isPartOf":{"@id":"https:\/\/blogdosrsiape.com\/#website"},"primaryImageOfPage":{"@id":"https:\/\/blogdosrsiape.com\/concursos-publicos-e-o-pdv-executivo-federal\/#primaryimage"},"image":{"@id":"https:\/\/blogdosrsiape.com\/concursos-publicos-e-o-pdv-executivo-federal\/#primaryimage"},"thumbnailUrl":"https:\/\/11ponto11servidor.com.br\/blogsrsiape\/wp-content\/uploads\/sites\/2\/2017\/06\/imagem-blog-12-e1498740376167.png","datePublished":"2017-08-01T11:32:31+00:00","dateModified":"2017-08-01T11:32:31+00:00","description":"A incoer\u00eancia do Executivo Federal com a implementa\u00e7\u00e3o de PDV aos Servidores Federais enquanto \u00f3rg\u00e3os do executivo apresentam defasagem, e abrem concursos.","breadcrumb":{"@id":"https:\/\/blogdosrsiape.com\/concursos-publicos-e-o-pdv-executivo-federal\/#breadcrumb"},"inLanguage":"pt-BR","potentialAction":[{"@type":"ReadAction","target":["https:\/\/blogdosrsiape.com\/concursos-publicos-e-o-pdv-executivo-federal\/"]}]},{"@type":"ImageObject","inLanguage":"pt-BR","@id":"https:\/\/blogdosrsiape.com\/concursos-publicos-e-o-pdv-executivo-federal\/#primaryimage","url":"https:\/\/11ponto11servidor.com.br\/blogsrsiape\/wp-content\/uploads\/sites\/2\/2017\/06\/imagem-blog-12-e1498740376167.png","contentUrl":"https:\/\/11ponto11servidor.com.br\/blogsrsiape\/wp-content\/uploads\/sites\/2\/2017\/06\/imagem-blog-12-e1498740376167.png","width":600,"height":262,"caption":"mobiliza\u00e7\u00e3o"},{"@type":"BreadcrumbList","@id":"https:\/\/blogdosrsiape.com\/concursos-publicos-e-o-pdv-executivo-federal\/#breadcrumb","itemListElement":[{"@type":"ListItem","position":1,"name":"In\u00edcio","item":"https:\/\/blogdosrsiape.com\/"},{"@type":"ListItem","position":2,"name":"Concursos p\u00fablicos e o PDV do executivo federal"}]},{"@type":"WebSite","@id":"https:\/\/blogdosrsiape.com\/#website","url":"https:\/\/blogdosrsiape.com\/","name":"Blog do sr. SIAPE","description":"SIAPE Servidor Federal","publisher":{"@id":"https:\/\/blogdosrsiape.com\/#organization"},"potentialAction":[{"@type":"SearchAction","target":{"@type":"EntryPoint","urlTemplate":"https:\/\/blogdosrsiape.com\/?s={search_term_string}"},"query-input":{"@type":"PropertyValueSpecification","valueRequired":true,"valueName":"search_term_string"}}],"inLanguage":"pt-BR"},{"@type":"Organization","@id":"https:\/\/blogdosrsiape.com\/#organization","name":"Blog do sr. SIAPE","url":"https:\/\/blogdosrsiape.com\/","logo":{"@type":"ImageObject","inLanguage":"pt-BR","@id":"https:\/\/blogdosrsiape.com\/#\/schema\/logo\/image\/","url":"https:\/\/11ponto11servidor.com.br\/blogsrsiape\/wp-content\/uploads\/sites\/2\/2024\/10\/logo-1.png","contentUrl":"https:\/\/11ponto11servidor.com.br\/blogsrsiape\/wp-content\/uploads\/sites\/2\/2024\/10\/logo-1.png","width":287,"height":116,"caption":"Blog do sr. SIAPE"},"image":{"@id":"https:\/\/blogdosrsiape.com\/#\/schema\/logo\/image\/"},"sameAs":["https:\/\/www.facebook.com\/blogsrsiape\/?locale=pt_BR","https:\/\/www.instagram.com\/srsiape\/"]},{"@type":"Person","@id":"https:\/\/blogdosrsiape.com\/#\/schema\/person\/641e1af8b22c69725a1d604fb8959bcf","name":"websitemix","sameAs":["https:\/\/11ponto11servidor.com.br"],"url":"https:\/\/11ponto11servidor.com.br\/blogsrsiape\/author\/websitemix\/"}]}},"_links":{"self":[{"href":"https:\/\/11ponto11servidor.com.br\/blogsrsiape\/wp-json\/wp\/v2\/posts\/2284"}],"collection":[{"href":"https:\/\/11ponto11servidor.com.br\/blogsrsiape\/wp-json\/wp\/v2\/posts"}],"about":[{"href":"https:\/\/11ponto11servidor.com.br\/blogsrsiape\/wp-json\/wp\/v2\/types\/post"}],"author":[{"embeddable":true,"href":"https:\/\/11ponto11servidor.com.br\/blogsrsiape\/wp-json\/wp\/v2\/users\/1"}],"replies":[{"embeddable":true,"href":"https:\/\/11ponto11servidor.com.br\/blogsrsiape\/wp-json\/wp\/v2\/comments?post=2284"}],"version-history":[{"count":0,"href":"https:\/\/11ponto11servidor.com.br\/blogsrsiape\/wp-json\/wp\/v2\/posts\/2284\/revisions"}],"wp:featuredmedia":[{"embeddable":true,"href":"https:\/\/11ponto11servidor.com.br\/blogsrsiape\/wp-json\/wp\/v2\/media\/2210"}],"wp:attachment":[{"href":"https:\/\/11ponto11servidor.com.br\/blogsrsiape\/wp-json\/wp\/v2\/media?parent=2284"}],"wp:term":[{"taxonomy":"category","embeddable":true,"href":"https:\/\/11ponto11servidor.com.br\/blogsrsiape\/wp-json\/wp\/v2\/categories?post=2284"},{"taxonomy":"post_tag","embeddable":true,"href":"https:\/\/11ponto11servidor.com.br\/blogsrsiape\/wp-json\/wp\/v2\/tags?post=2284"}],"curies":[{"name":"wp","href":"https:\/\/api.w.org\/{rel}","templated":true}]}}