{"id":2330,"date":"2017-08-29T16:00:00","date_gmt":"2017-08-29T13:00:00","guid":{"rendered":"https:\/\/11ponto11servidor.com.br\/blogsrsiape\/?p=2330"},"modified":"2017-09-20T17:13:32","modified_gmt":"2017-09-20T14:13:32","slug":"servidores-param-na-quarta-contra-mudancas-pacote-fiscal","status":"publish","type":"post","link":"https:\/\/11ponto11servidor.com.br\/blogsrsiape\/servidores-param-na-quarta-contra-mudancas-pacote-fiscal\/","title":{"rendered":"Servidores param na quarta contra mudan\u00e7as do pacote fiscal"},"content":{"rendered":"<p>Servidores param na quarta contra mudan\u00e7as do pacote fiscal<strong> \u00a0&#8211; Servidores p\u00fablicos<\/strong>\u00a0v\u00e3o\u00a0<strong>paralisar\u00a0<\/strong>suas atividades na quarta-feira contra as mudan\u00e7as na carreira p\u00fablica anunciadas pelo governo h\u00e1 duas semanas. Entre as mudan\u00e7as est\u00e3o o achatamento dos sal\u00e1rios iniciais, aumento na contribui\u00e7\u00e3o previdenci\u00e1ria e adiamento do reajuste salarial. Haver\u00e1 tamb\u00e9m protesto de funcion\u00e1rios p\u00fablicos em frente ao<a href=\"http:\/\/www.planejamento.gov.br\/\"> Minist\u00e9rio do Planejamento<\/a>, em Bras\u00edlia, a partir das 9h.<\/p>\n<p>As mudan\u00e7as na carreira do funcionalismo p\u00fablico foram anunciadas pelo governo junto com a revis\u00e3o das metas de d\u00e9ficit fiscal de 2017 e 2018, que foram elevadas para 159 bilh\u00f5es de reais. As metas anteriores eram de um rombo de 139 bilh\u00f5es de reais em 2017 e de R$ 129 bilh\u00f5es de reais em 2018.<\/p>\n<p>Dentre as paralisa\u00e7\u00f5es de atividades previstas, est\u00e3o a dos auditores federais agropecu\u00e1rios e funcion\u00e1rios do Banco Central em S\u00e3o Paulo e Bras\u00edlia. Representantes destas e de outras categorias de servidores p\u00fablicos e se reunir\u00e3o com o Planejamento no mesmo dia.<\/p>\n<p>Os auditores v\u00e3o estender para quarta-feira a interrup\u00e7\u00e3o na emiss\u00e3o de documentos destinados \u00e0 exporta\u00e7\u00e3o de g\u00eaneros agropecu\u00e1rios. Desde a metade julho, os servidores j\u00e1 n\u00e3o realizam opera\u00e7\u00f5es do tipo \u00e0s segundas e ter\u00e7as-feiras, em protesto pela reposi\u00e7\u00e3o de funcion\u00e1rios aposentados e contra a contrata\u00e7\u00e3o de tempor\u00e1rios, dentre outras reivindica\u00e7\u00f5es.<\/p>\n<p>De acordo com o Sindicato Nacional dos Auditores Fiscais Federais Agropecu\u00e1rios (Anffa Sindical), as fiscaliza\u00e7\u00f5es ocorrer\u00e3o normalmente at\u00e9 quarta-feira, mas os trabalhos que necessitarem de acesso ao sistema por parte dos auditores estar\u00e3o suspensos.<\/p>\n<p>As a\u00e7\u00f5es dos funcion\u00e1rios do Banco Central ser\u00e3o decididas pelas organiza\u00e7\u00f5es regionais dos funcion\u00e1rios. Os servidores de S\u00e3o Paulo e Bras\u00edlia far\u00e3o assembleia durante \u00e0 tarde, no mesmo hor\u00e1rio em que representantes da categoria estiverem em reuni\u00e3o com o minist\u00e9rio do Planejamento, segundo o Sindicato Nacional dos Funcion\u00e1rios do Banco Central (Sinal).<\/p>\n<p>O dia de protestos foi convocado pelo\u00a0F\u00f3rum das Carreiras de Estado (Fonacate) na \u00faltima semana, e as a\u00e7\u00f5es espec\u00edficas ser\u00e3o definidas por cada uma das 27 categorias associadas \u00e0 institui\u00e7\u00e3o.<\/p>\n<p>Publicado por Veja.com em 28\/08\/2017<\/p>\n","protected":false},"excerpt":{"rendered":"<p>Servidores param na quarta contra mudan\u00e7as do pacote fiscal \u00a0&#8211; Servidores p\u00fablicos\u00a0v\u00e3o\u00a0paralisar\u00a0suas atividades na quarta-feira contra as mudan\u00e7as na carreira p\u00fablica anunciadas pelo governo h\u00e1 duas semanas. Entre as mudan\u00e7as est\u00e3o o achatamento dos sal\u00e1rios iniciais, aumento na contribui\u00e7\u00e3o previdenci\u00e1ria e adiamento do reajuste salarial. Haver\u00e1 tamb\u00e9m protesto de funcion\u00e1rios p\u00fablicos em frente ao Minist\u00e9rio&#8230;<\/p>\n","protected":false},"author":1,"featured_media":2519,"comment_status":"open","ping_status":"open","sticky":false,"template":"","format":"standard","meta":{"footnotes":""},"categories":[37],"tags":[1119],"class_list":["post-2330","post","type-post","status-publish","format-standard","has-post-thumbnail","hentry","category-greve","tag-greve"],"yoast_head":"<!-- This site is optimized with the Yoast SEO plugin v23.6 - https:\/\/yoast.com\/wordpress\/plugins\/seo\/ -->\n<title>Servidores param na quarta contra mudan\u00e7as do pacote fiscal - Blog do Sr. SIAPE<\/title>\n<meta name=\"description\" content=\"Greve prevista para pr\u00f3xima quarta-feira (29\/08), paralisar\u00e1 boa parte do servi\u00e7o p\u00fablico federal. A paralisa\u00e7\u00e3o se deve as mudan\u00e7as do pacote fiscal\" \/>\n<meta name=\"robots\" content=\"index, follow, max-snippet:-1, max-image-preview:large, max-video-preview:-1\" \/>\n<link rel=\"canonical\" href=\"https:\/\/11ponto11servidor.com.br\/blogsrsiape\/servidores-param-na-quarta-contra-mudancas-pacote-fiscal\/\" \/>\n<meta property=\"og:locale\" content=\"pt_BR\" \/>\n<meta property=\"og:type\" content=\"article\" \/>\n<meta property=\"og:title\" content=\"Servidores param na quarta contra mudan\u00e7as do pacote fiscal - Blog do Sr. SIAPE\" \/>\n<meta property=\"og:description\" content=\"Greve prevista para pr\u00f3xima quarta-feira (29\/08), paralisar\u00e1 boa parte do servi\u00e7o p\u00fablico federal. A paralisa\u00e7\u00e3o se deve as mudan\u00e7as do pacote fiscal\" \/>\n<meta property=\"og:url\" content=\"https:\/\/11ponto11servidor.com.br\/blogsrsiape\/servidores-param-na-quarta-contra-mudancas-pacote-fiscal\/\" \/>\n<meta property=\"og:site_name\" content=\"Blog do Sr. SIAPE\" \/>\n<meta property=\"article:publisher\" content=\"https:\/\/www.facebook.com\/blogsrsiape\/?locale=pt_BR\" \/>\n<meta property=\"article:published_time\" content=\"2017-08-29T13:00:00+00:00\" \/>\n<meta property=\"article:modified_time\" content=\"2017-09-20T14:13:32+00:00\" \/>\n<meta property=\"og:image\" content=\"https:\/\/11ponto11servidor.com.br\/blogsrsiape\/wp-content\/uploads\/sites\/2\/2017\/09\/blog-imagens-4.png\" \/>\n\t<meta property=\"og:image:width\" content=\"848\" \/>\n\t<meta property=\"og:image:height\" content=\"370\" \/>\n\t<meta property=\"og:image:type\" content=\"image\/png\" \/>\n<meta name=\"author\" content=\"websitemix\" \/>\n<meta name=\"twitter:card\" content=\"summary_large_image\" \/>\n<meta name=\"twitter:label1\" content=\"Escrito por\" \/>\n\t<meta name=\"twitter:data1\" content=\"websitemix\" \/>\n\t<meta name=\"twitter:label2\" content=\"Est. tempo de leitura\" \/>\n\t<meta name=\"twitter:data2\" content=\"2 minutos\" \/>\n<script type=\"application\/ld+json\" class=\"yoast-schema-graph\">{\"@context\":\"https:\/\/schema.org\",\"@graph\":[{\"@type\":\"Article\",\"@id\":\"https:\/\/11ponto11servidor.com.br\/blogsrsiape\/servidores-param-na-quarta-contra-mudancas-pacote-fiscal\/#article\",\"isPartOf\":{\"@id\":\"https:\/\/11ponto11servidor.com.br\/blogsrsiape\/servidores-param-na-quarta-contra-mudancas-pacote-fiscal\/\"},\"author\":{\"name\":\"websitemix\",\"@id\":\"https:\/\/blogdosrsiape.com\/#\/schema\/person\/641e1af8b22c69725a1d604fb8959bcf\"},\"headline\":\"Servidores param na quarta contra mudan\u00e7as do pacote fiscal\",\"datePublished\":\"2017-08-29T13:00:00+00:00\",\"dateModified\":\"2017-09-20T14:13:32+00:00\",\"mainEntityOfPage\":{\"@id\":\"https:\/\/11ponto11servidor.com.br\/blogsrsiape\/servidores-param-na-quarta-contra-mudancas-pacote-fiscal\/\"},\"wordCount\":397,\"commentCount\":0,\"publisher\":{\"@id\":\"https:\/\/blogdosrsiape.com\/#organization\"},\"image\":{\"@id\":\"https:\/\/11ponto11servidor.com.br\/blogsrsiape\/servidores-param-na-quarta-contra-mudancas-pacote-fiscal\/#primaryimage\"},\"thumbnailUrl\":\"https:\/\/11ponto11servidor.com.br\/blogsrsiape\/wp-content\/uploads\/sites\/2\/2017\/09\/blog-imagens-4.png\",\"keywords\":[\"greve\"],\"articleSection\":[\"Greve\"],\"inLanguage\":\"pt-BR\",\"potentialAction\":[{\"@type\":\"CommentAction\",\"name\":\"Comment\",\"target\":[\"https:\/\/11ponto11servidor.com.br\/blogsrsiape\/servidores-param-na-quarta-contra-mudancas-pacote-fiscal\/#respond\"]}]},{\"@type\":\"WebPage\",\"@id\":\"https:\/\/11ponto11servidor.com.br\/blogsrsiape\/servidores-param-na-quarta-contra-mudancas-pacote-fiscal\/\",\"url\":\"https:\/\/11ponto11servidor.com.br\/blogsrsiape\/servidores-param-na-quarta-contra-mudancas-pacote-fiscal\/\",\"name\":\"Servidores param na quarta contra mudan\u00e7as do pacote fiscal - Blog do Sr. SIAPE\",\"isPartOf\":{\"@id\":\"https:\/\/blogdosrsiape.com\/#website\"},\"primaryImageOfPage\":{\"@id\":\"https:\/\/11ponto11servidor.com.br\/blogsrsiape\/servidores-param-na-quarta-contra-mudancas-pacote-fiscal\/#primaryimage\"},\"image\":{\"@id\":\"https:\/\/11ponto11servidor.com.br\/blogsrsiape\/servidores-param-na-quarta-contra-mudancas-pacote-fiscal\/#primaryimage\"},\"thumbnailUrl\":\"https:\/\/11ponto11servidor.com.br\/blogsrsiape\/wp-content\/uploads\/sites\/2\/2017\/09\/blog-imagens-4.png\",\"datePublished\":\"2017-08-29T13:00:00+00:00\",\"dateModified\":\"2017-09-20T14:13:32+00:00\",\"description\":\"Greve prevista para pr\u00f3xima quarta-feira (29\/08), paralisar\u00e1 boa parte do servi\u00e7o p\u00fablico federal. A paralisa\u00e7\u00e3o se deve as mudan\u00e7as do pacote fiscal\",\"breadcrumb\":{\"@id\":\"https:\/\/11ponto11servidor.com.br\/blogsrsiape\/servidores-param-na-quarta-contra-mudancas-pacote-fiscal\/#breadcrumb\"},\"inLanguage\":\"pt-BR\",\"potentialAction\":[{\"@type\":\"ReadAction\",\"target\":[\"https:\/\/11ponto11servidor.com.br\/blogsrsiape\/servidores-param-na-quarta-contra-mudancas-pacote-fiscal\/\"]}]},{\"@type\":\"ImageObject\",\"inLanguage\":\"pt-BR\",\"@id\":\"https:\/\/11ponto11servidor.com.br\/blogsrsiape\/servidores-param-na-quarta-contra-mudancas-pacote-fiscal\/#primaryimage\",\"url\":\"https:\/\/11ponto11servidor.com.br\/blogsrsiape\/wp-content\/uploads\/sites\/2\/2017\/09\/blog-imagens-4.png\",\"contentUrl\":\"https:\/\/11ponto11servidor.com.br\/blogsrsiape\/wp-content\/uploads\/sites\/2\/2017\/09\/blog-imagens-4.png\",\"width\":848,\"height\":370,\"caption\":\"Contribui\u00e7\u00e3o\"},{\"@type\":\"BreadcrumbList\",\"@id\":\"https:\/\/11ponto11servidor.com.br\/blogsrsiape\/servidores-param-na-quarta-contra-mudancas-pacote-fiscal\/#breadcrumb\",\"itemListElement\":[{\"@type\":\"ListItem\",\"position\":1,\"name\":\"In\u00edcio\",\"item\":\"https:\/\/blogdosrsiape.com\/\"},{\"@type\":\"ListItem\",\"position\":2,\"name\":\"Servidores param na quarta contra mudan\u00e7as do pacote fiscal\"}]},{\"@type\":\"WebSite\",\"@id\":\"https:\/\/blogdosrsiape.com\/#website\",\"url\":\"https:\/\/blogdosrsiape.com\/\",\"name\":\"Blog do sr. SIAPE\",\"description\":\"SIAPE Servidor Federal\",\"publisher\":{\"@id\":\"https:\/\/blogdosrsiape.com\/#organization\"},\"potentialAction\":[{\"@type\":\"SearchAction\",\"target\":{\"@type\":\"EntryPoint\",\"urlTemplate\":\"https:\/\/blogdosrsiape.com\/?s={search_term_string}\"},\"query-input\":{\"@type\":\"PropertyValueSpecification\",\"valueRequired\":true,\"valueName\":\"search_term_string\"}}],\"inLanguage\":\"pt-BR\"},{\"@type\":\"Organization\",\"@id\":\"https:\/\/blogdosrsiape.com\/#organization\",\"name\":\"Blog do sr. SIAPE\",\"url\":\"https:\/\/blogdosrsiape.com\/\",\"logo\":{\"@type\":\"ImageObject\",\"inLanguage\":\"pt-BR\",\"@id\":\"https:\/\/blogdosrsiape.com\/#\/schema\/logo\/image\/\",\"url\":\"https:\/\/11ponto11servidor.com.br\/blogsrsiape\/wp-content\/uploads\/sites\/2\/2024\/10\/logo-1.png\",\"contentUrl\":\"https:\/\/11ponto11servidor.com.br\/blogsrsiape\/wp-content\/uploads\/sites\/2\/2024\/10\/logo-1.png\",\"width\":287,\"height\":116,\"caption\":\"Blog do sr. SIAPE\"},\"image\":{\"@id\":\"https:\/\/blogdosrsiape.com\/#\/schema\/logo\/image\/\"},\"sameAs\":[\"https:\/\/www.facebook.com\/blogsrsiape\/?locale=pt_BR\",\"https:\/\/www.instagram.com\/srsiape\/\"]},{\"@type\":\"Person\",\"@id\":\"https:\/\/blogdosrsiape.com\/#\/schema\/person\/641e1af8b22c69725a1d604fb8959bcf\",\"name\":\"websitemix\",\"sameAs\":[\"https:\/\/11ponto11servidor.com.br\"],\"url\":\"https:\/\/11ponto11servidor.com.br\/blogsrsiape\/author\/websitemix\/\"}]}<\/script>\n<!-- \/ Yoast SEO plugin. -->","yoast_head_json":{"title":"Servidores param na quarta contra mudan\u00e7as do pacote fiscal - Blog do Sr. SIAPE","description":"Greve prevista para pr\u00f3xima quarta-feira (29\/08), paralisar\u00e1 boa parte do servi\u00e7o p\u00fablico federal. A paralisa\u00e7\u00e3o se deve as mudan\u00e7as do pacote fiscal","robots":{"index":"index","follow":"follow","max-snippet":"max-snippet:-1","max-image-preview":"max-image-preview:large","max-video-preview":"max-video-preview:-1"},"canonical":"https:\/\/11ponto11servidor.com.br\/blogsrsiape\/servidores-param-na-quarta-contra-mudancas-pacote-fiscal\/","og_locale":"pt_BR","og_type":"article","og_title":"Servidores param na quarta contra mudan\u00e7as do pacote fiscal - Blog do Sr. SIAPE","og_description":"Greve prevista para pr\u00f3xima quarta-feira (29\/08), paralisar\u00e1 boa parte do servi\u00e7o p\u00fablico federal. A paralisa\u00e7\u00e3o se deve as mudan\u00e7as do pacote fiscal","og_url":"https:\/\/11ponto11servidor.com.br\/blogsrsiape\/servidores-param-na-quarta-contra-mudancas-pacote-fiscal\/","og_site_name":"Blog do Sr. SIAPE","article_publisher":"https:\/\/www.facebook.com\/blogsrsiape\/?locale=pt_BR","article_published_time":"2017-08-29T13:00:00+00:00","article_modified_time":"2017-09-20T14:13:32+00:00","og_image":[{"width":848,"height":370,"url":"https:\/\/11ponto11servidor.com.br\/blogsrsiape\/wp-content\/uploads\/sites\/2\/2017\/09\/blog-imagens-4.png","type":"image\/png"}],"author":"websitemix","twitter_card":"summary_large_image","twitter_misc":{"Escrito por":"websitemix","Est. tempo de leitura":"2 minutos"},"schema":{"@context":"https:\/\/schema.org","@graph":[{"@type":"Article","@id":"https:\/\/11ponto11servidor.com.br\/blogsrsiape\/servidores-param-na-quarta-contra-mudancas-pacote-fiscal\/#article","isPartOf":{"@id":"https:\/\/11ponto11servidor.com.br\/blogsrsiape\/servidores-param-na-quarta-contra-mudancas-pacote-fiscal\/"},"author":{"name":"websitemix","@id":"https:\/\/blogdosrsiape.com\/#\/schema\/person\/641e1af8b22c69725a1d604fb8959bcf"},"headline":"Servidores param na quarta contra mudan\u00e7as do pacote fiscal","datePublished":"2017-08-29T13:00:00+00:00","dateModified":"2017-09-20T14:13:32+00:00","mainEntityOfPage":{"@id":"https:\/\/11ponto11servidor.com.br\/blogsrsiape\/servidores-param-na-quarta-contra-mudancas-pacote-fiscal\/"},"wordCount":397,"commentCount":0,"publisher":{"@id":"https:\/\/blogdosrsiape.com\/#organization"},"image":{"@id":"https:\/\/11ponto11servidor.com.br\/blogsrsiape\/servidores-param-na-quarta-contra-mudancas-pacote-fiscal\/#primaryimage"},"thumbnailUrl":"https:\/\/11ponto11servidor.com.br\/blogsrsiape\/wp-content\/uploads\/sites\/2\/2017\/09\/blog-imagens-4.png","keywords":["greve"],"articleSection":["Greve"],"inLanguage":"pt-BR","potentialAction":[{"@type":"CommentAction","name":"Comment","target":["https:\/\/11ponto11servidor.com.br\/blogsrsiape\/servidores-param-na-quarta-contra-mudancas-pacote-fiscal\/#respond"]}]},{"@type":"WebPage","@id":"https:\/\/11ponto11servidor.com.br\/blogsrsiape\/servidores-param-na-quarta-contra-mudancas-pacote-fiscal\/","url":"https:\/\/11ponto11servidor.com.br\/blogsrsiape\/servidores-param-na-quarta-contra-mudancas-pacote-fiscal\/","name":"Servidores param na quarta contra mudan\u00e7as do pacote fiscal - Blog do Sr. SIAPE","isPartOf":{"@id":"https:\/\/blogdosrsiape.com\/#website"},"primaryImageOfPage":{"@id":"https:\/\/11ponto11servidor.com.br\/blogsrsiape\/servidores-param-na-quarta-contra-mudancas-pacote-fiscal\/#primaryimage"},"image":{"@id":"https:\/\/11ponto11servidor.com.br\/blogsrsiape\/servidores-param-na-quarta-contra-mudancas-pacote-fiscal\/#primaryimage"},"thumbnailUrl":"https:\/\/11ponto11servidor.com.br\/blogsrsiape\/wp-content\/uploads\/sites\/2\/2017\/09\/blog-imagens-4.png","datePublished":"2017-08-29T13:00:00+00:00","dateModified":"2017-09-20T14:13:32+00:00","description":"Greve prevista para pr\u00f3xima quarta-feira (29\/08), paralisar\u00e1 boa parte do servi\u00e7o p\u00fablico federal. A paralisa\u00e7\u00e3o se deve as mudan\u00e7as do pacote fiscal","breadcrumb":{"@id":"https:\/\/11ponto11servidor.com.br\/blogsrsiape\/servidores-param-na-quarta-contra-mudancas-pacote-fiscal\/#breadcrumb"},"inLanguage":"pt-BR","potentialAction":[{"@type":"ReadAction","target":["https:\/\/11ponto11servidor.com.br\/blogsrsiape\/servidores-param-na-quarta-contra-mudancas-pacote-fiscal\/"]}]},{"@type":"ImageObject","inLanguage":"pt-BR","@id":"https:\/\/11ponto11servidor.com.br\/blogsrsiape\/servidores-param-na-quarta-contra-mudancas-pacote-fiscal\/#primaryimage","url":"https:\/\/11ponto11servidor.com.br\/blogsrsiape\/wp-content\/uploads\/sites\/2\/2017\/09\/blog-imagens-4.png","contentUrl":"https:\/\/11ponto11servidor.com.br\/blogsrsiape\/wp-content\/uploads\/sites\/2\/2017\/09\/blog-imagens-4.png","width":848,"height":370,"caption":"Contribui\u00e7\u00e3o"},{"@type":"BreadcrumbList","@id":"https:\/\/11ponto11servidor.com.br\/blogsrsiape\/servidores-param-na-quarta-contra-mudancas-pacote-fiscal\/#breadcrumb","itemListElement":[{"@type":"ListItem","position":1,"name":"In\u00edcio","item":"https:\/\/blogdosrsiape.com\/"},{"@type":"ListItem","position":2,"name":"Servidores param na quarta contra mudan\u00e7as do pacote fiscal"}]},{"@type":"WebSite","@id":"https:\/\/blogdosrsiape.com\/#website","url":"https:\/\/blogdosrsiape.com\/","name":"Blog do sr. SIAPE","description":"SIAPE Servidor Federal","publisher":{"@id":"https:\/\/blogdosrsiape.com\/#organization"},"potentialAction":[{"@type":"SearchAction","target":{"@type":"EntryPoint","urlTemplate":"https:\/\/blogdosrsiape.com\/?s={search_term_string}"},"query-input":{"@type":"PropertyValueSpecification","valueRequired":true,"valueName":"search_term_string"}}],"inLanguage":"pt-BR"},{"@type":"Organization","@id":"https:\/\/blogdosrsiape.com\/#organization","name":"Blog do sr. SIAPE","url":"https:\/\/blogdosrsiape.com\/","logo":{"@type":"ImageObject","inLanguage":"pt-BR","@id":"https:\/\/blogdosrsiape.com\/#\/schema\/logo\/image\/","url":"https:\/\/11ponto11servidor.com.br\/blogsrsiape\/wp-content\/uploads\/sites\/2\/2024\/10\/logo-1.png","contentUrl":"https:\/\/11ponto11servidor.com.br\/blogsrsiape\/wp-content\/uploads\/sites\/2\/2024\/10\/logo-1.png","width":287,"height":116,"caption":"Blog do sr. SIAPE"},"image":{"@id":"https:\/\/blogdosrsiape.com\/#\/schema\/logo\/image\/"},"sameAs":["https:\/\/www.facebook.com\/blogsrsiape\/?locale=pt_BR","https:\/\/www.instagram.com\/srsiape\/"]},{"@type":"Person","@id":"https:\/\/blogdosrsiape.com\/#\/schema\/person\/641e1af8b22c69725a1d604fb8959bcf","name":"websitemix","sameAs":["https:\/\/11ponto11servidor.com.br"],"url":"https:\/\/11ponto11servidor.com.br\/blogsrsiape\/author\/websitemix\/"}]}},"_links":{"self":[{"href":"https:\/\/11ponto11servidor.com.br\/blogsrsiape\/wp-json\/wp\/v2\/posts\/2330"}],"collection":[{"href":"https:\/\/11ponto11servidor.com.br\/blogsrsiape\/wp-json\/wp\/v2\/posts"}],"about":[{"href":"https:\/\/11ponto11servidor.com.br\/blogsrsiape\/wp-json\/wp\/v2\/types\/post"}],"author":[{"embeddable":true,"href":"https:\/\/11ponto11servidor.com.br\/blogsrsiape\/wp-json\/wp\/v2\/users\/1"}],"replies":[{"embeddable":true,"href":"https:\/\/11ponto11servidor.com.br\/blogsrsiape\/wp-json\/wp\/v2\/comments?post=2330"}],"version-history":[{"count":0,"href":"https:\/\/11ponto11servidor.com.br\/blogsrsiape\/wp-json\/wp\/v2\/posts\/2330\/revisions"}],"wp:featuredmedia":[{"embeddable":true,"href":"https:\/\/11ponto11servidor.com.br\/blogsrsiape\/wp-json\/wp\/v2\/media\/2519"}],"wp:attachment":[{"href":"https:\/\/11ponto11servidor.com.br\/blogsrsiape\/wp-json\/wp\/v2\/media?parent=2330"}],"wp:term":[{"taxonomy":"category","embeddable":true,"href":"https:\/\/11ponto11servidor.com.br\/blogsrsiape\/wp-json\/wp\/v2\/categories?post=2330"},{"taxonomy":"post_tag","embeddable":true,"href":"https:\/\/11ponto11servidor.com.br\/blogsrsiape\/wp-json\/wp\/v2\/tags?post=2330"}],"curies":[{"name":"wp","href":"https:\/\/api.w.org\/{rel}","templated":true}]}}