{"id":3093,"date":"2017-11-28T10:33:20","date_gmt":"2017-11-28T07:33:20","guid":{"rendered":"https:\/\/11ponto11servidor.com.br\/blogsrsiape\/?p=3093"},"modified":"2017-12-11T17:22:16","modified_gmt":"2017-12-11T14:22:16","slug":"3093","status":"publish","type":"post","link":"https:\/\/11ponto11servidor.com.br\/blogsrsiape\/3093\/","title":{"rendered":"Depois da Previd\u00eancia vir\u00e1 a reforma salarial"},"content":{"rendered":"<p>Depois da Previd\u00eancia vir\u00e1 a reforma salarial &#8211; O governo envia ao Congresso ainda este ano um projeto de lei com a nova pol\u00edtica de pessoal do setor p\u00fablico federal, que reduzir\u00e1 o sal\u00e1rio de ingresso do servidor para os padr\u00f5es do setor privado. Isso significa que o <a href=\"https:\/\/11ponto11servidor.com.br\/blogsrsiape\/salarios\/2953\/\">sal\u00e1rio<\/a> de ingresso para n\u00edvel superior da carreira de gestor (uma das 250 carreiras do Executivo), que abarca Banco Central e Tesouro Nacional, por exemplo, cair\u00e1 dos atuais R$ 16.933,00 para R$ 5 mil, que \u00e9 o sal\u00e1rio inicial de um professor universit\u00e1rio (para quem nada muda). Nos concursos de n\u00edvel m\u00e9dio o sal\u00e1rio ser\u00e1 de no m\u00e1ximo R$ 2.800,00. A medida, quando aprovada, se aplicar\u00e1 aos novos funcion\u00e1rios.<\/p>\n<p>A proposta \u00e9 de &#8220;moderniza\u00e7\u00e3o da gest\u00e3o de pessoas&#8221; e est\u00e1 sendo preparada pelo <a href=\"http:\/\/www.planejamento.gov.br\/\">Minist\u00e9rio do Planejamento<\/a> com v\u00e1rios objetivos: reduzir o ritmo de crescimento da folha de sal\u00e1rios da Uni\u00e3o em cerca de R$ 69,8 bilh\u00f5es em 10 anos e em R$ 294 bilh\u00f5es em 20 anos, como parte relevante do ajuste fiscal; reduzir a desigualdade gritante entre os vencimentos do setor p\u00fablico e o seu equivalente no setor privado; ampliar os n\u00edveis de progress\u00e3o dos funcion\u00e1rios federais e introduzir mecanismos de avalia\u00e7\u00e3o de desempenho, dentre outros.<\/p>\n<p>Hoje o servidor que entra na administra\u00e7\u00e3o p\u00fablica federal com sal\u00e1rio de quase R$ 17 mil por m\u00eas chegar\u00e1 ao topo da carreira em 13 anos, ganhar\u00e1 R$ 24.148,00 e n\u00e3o ter\u00e1 mais est\u00edmulo para melhorar o seu desempenho. Com a redu\u00e7\u00e3o do sal\u00e1rio de entrada, ser\u00e3o 30 os n\u00edveis de progress\u00e3o e a promo\u00e7\u00e3o ocorrer\u00e1 por m\u00e9rito.<\/p>\n<p><strong>Governo vai cortar os sal\u00e1rios iniciais e ampliar a progress\u00e3o<\/strong><\/p>\n<p>A folha de pagamento da Uni\u00e3o \u00e9 a segunda maior despesa obrigat\u00f3ria do or\u00e7amento, respons\u00e1vel por 12,6% do gasto total.<br \/>\nA primeira \u00e9 a previd\u00eancia social, que responde por 57,1% da despesa. Os gastos com pessoal ser\u00e1, portanto, tamb\u00e9m a segunda iniciativa a ser enfrentada para viabilizar o cumprimento do testo do gasto. A expectativa da \u00e1rea econ\u00f4mica \u00e9 de que t\u00e3o logo seja votada a PEC da Previd\u00eancia Social, o governo encaminhe esse projeto de lei ao Congresso.<\/p>\n<p>Entre 2010 e 2015 a folha da Uni\u00e3o teve crescimento real de 7,4%. Nos Estados a expans\u00e3o real foi de 20,2% e nos munic\u00edpios, de 27,3% em igual per\u00edodo.<\/p>\n<p>O projeto pretende mudar a pol\u00edtica de pessoal apenas do poder Executivo Federal. Espera-se, contudo, que o Legislativo e o Judici\u00e1rio, poderes independentes onde os vencimentos s\u00e3o bem mais elevados, tenham iniciativas semelhantes, assim como os governos estaduais.<\/p>\n<p>Para o assessor especial do Planejamento, Arnaldo Lima, que est\u00e1 envolvido diretamente nesse trabalho, a carreira p\u00fablica continuar\u00e1 sendo atrativa mesmo com a redu\u00e7\u00e3o do sal\u00e1rio inicial. Isso porque na estrutura da renda no Brasil os trabalhadores que ganham R$ 4,9 mil por m\u00eas est\u00e3o entre os 10% mais ricos. No governo, eles ter\u00e3o ainda estabilidade no emprego e jornada de 40 horas semanais, com quatro horas a menos de trabalho semanal do que no setor privado.<\/p>\n<p>Recebem, al\u00e9m disso, uma s\u00e9rie de benef\u00edcios que representaram gastos de R$ 16,6 bilh\u00f5es no ano passado, com o pagamento de seis tipos de aux\u00edlios &#8211; alimenta\u00e7\u00e3o, creche, transportes, funeral, moradia, natalidade &#8211; al\u00e9m de um regime pr\u00f3prio de previd\u00eancia, assist\u00eancia m\u00e9dica e odontol\u00f3gica, di\u00e1rias e ajuda de custos. Desses, R$ 12,9 bilh\u00f5es foram para os funcion\u00e1rios federais e os R$ 3,7 bilh\u00f5es restantes distribu\u00eddos entre o Legislativo, Judici\u00e1rio e Minist\u00e9rio P\u00fablico da Uni\u00e3o.<\/p>\n<p>Nos pr\u00f3ximos dez anos cerca de 39% da for\u00e7a de trabalho do setor p\u00fablico federal se aposenta. Os servidores que ingressarem pelo novo regime v\u00e3o custar aos cofres da Uni\u00e3o at\u00e9 70% menos do que os atuais. Os dados comparativos entre setor publico e privado n\u00e3o capturam os b\u00f4nus eventualmente recebidos por trabalhadores da iniciativa privada nem os planos de previd\u00eancia e outros benef\u00edcios pagos ao funcionalismo p\u00fablico.<\/p>\n<p>As medidas propostas no projeto de lei parecem severas. Estudo feito pelo Banco Mundial, a pedido do ex-ministro da Fazenda, Joaquim Levy, e divulgado na quarta feira, mostra, no entanto, que h\u00e1 um pr\u00eamio salarial de 67% no setor publico federal e de 31% nos Estados, em rela\u00e7\u00e3o aos sal\u00e1rios pagos no setor privado, considerando o nivel de escolaridade.<br \/>\nNos munic\u00edpios n\u00e3o h\u00e1 pr\u00eamios. Essa \u00e9 uma diferen\u00e7a recorde se comparada com 53 pa\u00edses da amostra da institui\u00e7\u00e3o onde esse pr\u00eamio existe e \u00e9, em m\u00e9dia, de 16%.<\/p>\n<p>O estudo cita casos que d\u00e3o a dimens\u00e3o da diferen\u00e7a entre os trabalhadores do setor privado e p\u00fablico. Exemplo: um advogado rec\u00e9m formado recebe sal\u00e1rio de R$ 3.100,00 no setor privado. O mesmo rec\u00e9m formado entrar\u00e1 na Procuradoria Geral da Fazenda com sal\u00e1rio inicial de R$ 18.283,00. Se conseguir emprego no Legislativo ou no Judici\u00e1rio, come\u00e7ar\u00e1 a vida profissional ganhando cerca de R$ 30 mil. O teto da remunera\u00e7\u00e3o no governo federal, nem sempre respeitado, \u00e9 de R$ 33.763,00, que \u00e9 o sal\u00e1rio pago ao ministro do Supremo Tribunal Federal.<\/p>\n<p>Dados da PNAD de 2015 indicam que 77% dos funcion\u00e1rios p\u00fablicos federais est\u00e3o entre os 40% mais ricos do pa\u00eds e 54% desses servidores s\u00e3o parte do quintil superior da distribui\u00e7\u00e3o da renda.<\/p>\n<p>&#8220;Os altos sal\u00e1rios do servidor p\u00fablico constituem uma forma de redistribui\u00e7\u00e3o de renda dos mais pobres e da classe m\u00e9dia em favor dos mas ricos&#8221;, diz o texto do Banco Mundial. Afinal, salienta a institui\u00e7\u00e3o, os servidores s\u00e3o pagos com o dinheiro dos impostos cobrados da sociedade que, por sua vez, tamb\u00e9m s\u00e3o regressivos. Ou seja, penalizam os mais pobres com excessiva tributa\u00e7\u00e3o indireta.<\/p>\n<p>Sem restri\u00e7\u00f5es pol\u00edticas ou pol\u00edtico-eleitorais para fazer sugest\u00f5es, os t\u00e9cnicos do Banco Mundial estimaram que o congelamento dos sal\u00e1rios nominais dos servidores reduziria o pr\u00eamio de 67% hoje para 16% em 2024. A corre\u00e7\u00e3o dos sal\u00e1rios pela infla\u00e7\u00e3o faria essa redu\u00e7\u00e3o de forma bem mais lenta, chegando a 39% em 2029.<\/p>\n<p>O documento sugere, ainda, que a redu\u00e7\u00e3o dos sal\u00e1rios iniciais dos servidores p\u00fablicos &#8211; tal como o governo havia anunciado que faria &#8211; deve ser acompanhada de flexibilidades para poder pagar ao funcion\u00e1rio com base no desempenho de suas fun\u00e7\u00f5es ao longo da carreira e na experi\u00eancia acumulada.<\/p>\n<p>Publicado por Valor Econ\u00f4mico (Claudia Safatle) em 24\/11\/2017<\/p>\n<p>Reforma, reforma, reforma, reforma<\/p>\n<p>&nbsp;<\/p>\n<p>&nbsp;<\/p>\n","protected":false},"excerpt":{"rendered":"<p>Depois da Previd\u00eancia vir\u00e1 a reforma salarial &#8211; O governo envia ao Congresso ainda este ano um projeto de lei com a nova pol\u00edtica de pessoal do setor p\u00fablico federal, que reduzir\u00e1 o sal\u00e1rio de ingresso do servidor para os padr\u00f5es do setor privado. Isso significa que o sal\u00e1rio de ingresso para n\u00edvel superior da&#8230;<\/p>\n","protected":false},"author":1,"featured_media":2529,"comment_status":"open","ping_status":"open","sticky":false,"template":"","format":"standard","meta":{"footnotes":""},"categories":[63,66],"tags":[2562,2565],"class_list":["post-3093","post","type-post","status-publish","format-standard","has-post-thumbnail","hentry","category-previdencia-social","category-salarios","tag-reforma-da-previdencia","tag-reformas"],"yoast_head":"<!-- This site is optimized with the Yoast SEO plugin v23.6 - https:\/\/yoast.com\/wordpress\/plugins\/seo\/ -->\n<title>Depois da Previd\u00eancia vir\u00e1 a reforma salarial - Blog do Sr. SIAPE<\/title>\n<meta name=\"description\" content=\"Governo prepara reforma salarial para pr\u00f3ximo passo, ap\u00f3s aprova\u00e7\u00e3o da reforma Previdenci\u00e1ria, que sofreu ajustes no texto.\" \/>\n<meta name=\"robots\" content=\"index, follow, max-snippet:-1, max-image-preview:large, max-video-preview:-1\" \/>\n<link rel=\"canonical\" href=\"https:\/\/blogdosrsiape.net\/3093\/\" \/>\n<meta property=\"og:locale\" content=\"pt_BR\" \/>\n<meta property=\"og:type\" content=\"article\" \/>\n<meta property=\"og:title\" content=\"Depois da Previd\u00eancia vir\u00e1 a reforma salarial - Blog do Sr. SIAPE\" \/>\n<meta property=\"og:description\" content=\"Governo prepara reforma salarial para pr\u00f3ximo passo, ap\u00f3s aprova\u00e7\u00e3o da reforma Previdenci\u00e1ria, que sofreu ajustes no texto.\" \/>\n<meta property=\"og:url\" content=\"https:\/\/blogdosrsiape.net\/3093\/\" \/>\n<meta property=\"og:site_name\" content=\"Blog do Sr. SIAPE\" \/>\n<meta property=\"article:publisher\" content=\"https:\/\/www.facebook.com\/blogsrsiape\/?locale=pt_BR\" \/>\n<meta property=\"article:published_time\" content=\"2017-11-28T07:33:20+00:00\" \/>\n<meta property=\"article:modified_time\" content=\"2017-12-11T14:22:16+00:00\" \/>\n<meta property=\"og:image\" content=\"https:\/\/11ponto11servidor.com.br\/blogsrsiape\/wp-content\/uploads\/sites\/2\/2017\/09\/blog-imagens-13.png\" \/>\n\t<meta property=\"og:image:width\" content=\"848\" \/>\n\t<meta property=\"og:image:height\" content=\"370\" \/>\n\t<meta property=\"og:image:type\" content=\"image\/png\" \/>\n<meta name=\"author\" content=\"websitemix\" \/>\n<meta name=\"twitter:card\" content=\"summary_large_image\" \/>\n<meta name=\"twitter:label1\" content=\"Escrito por\" \/>\n\t<meta name=\"twitter:data1\" content=\"websitemix\" \/>\n\t<meta name=\"twitter:label2\" content=\"Est. tempo de leitura\" \/>\n\t<meta name=\"twitter:data2\" content=\"6 minutos\" \/>\n<script type=\"application\/ld+json\" class=\"yoast-schema-graph\">{\"@context\":\"https:\/\/schema.org\",\"@graph\":[{\"@type\":\"Article\",\"@id\":\"https:\/\/blogdosrsiape.net\/3093\/#article\",\"isPartOf\":{\"@id\":\"https:\/\/blogdosrsiape.net\/3093\/\"},\"author\":{\"name\":\"websitemix\",\"@id\":\"https:\/\/blogdosrsiape.com\/#\/schema\/person\/641e1af8b22c69725a1d604fb8959bcf\"},\"headline\":\"Depois da Previd\u00eancia vir\u00e1 a reforma salarial\",\"datePublished\":\"2017-11-28T07:33:20+00:00\",\"dateModified\":\"2017-12-11T14:22:16+00:00\",\"mainEntityOfPage\":{\"@id\":\"https:\/\/blogdosrsiape.net\/3093\/\"},\"wordCount\":1131,\"commentCount\":0,\"publisher\":{\"@id\":\"https:\/\/blogdosrsiape.com\/#organization\"},\"image\":{\"@id\":\"https:\/\/blogdosrsiape.net\/3093\/#primaryimage\"},\"thumbnailUrl\":\"https:\/\/11ponto11servidor.com.br\/blogsrsiape\/wp-content\/uploads\/sites\/2\/2017\/09\/blog-imagens-13.png\",\"keywords\":[\"Reforma da Previd\u00eancia\",\"reformas\"],\"articleSection\":[\"Previd\u00eancia Social\",\"Sal\u00e1rios\"],\"inLanguage\":\"pt-BR\",\"potentialAction\":[{\"@type\":\"CommentAction\",\"name\":\"Comment\",\"target\":[\"https:\/\/blogdosrsiape.net\/3093\/#respond\"]}]},{\"@type\":\"WebPage\",\"@id\":\"https:\/\/blogdosrsiape.net\/3093\/\",\"url\":\"https:\/\/blogdosrsiape.net\/3093\/\",\"name\":\"Depois da Previd\u00eancia vir\u00e1 a reforma salarial - Blog do Sr. SIAPE\",\"isPartOf\":{\"@id\":\"https:\/\/blogdosrsiape.com\/#website\"},\"primaryImageOfPage\":{\"@id\":\"https:\/\/blogdosrsiape.net\/3093\/#primaryimage\"},\"image\":{\"@id\":\"https:\/\/blogdosrsiape.net\/3093\/#primaryimage\"},\"thumbnailUrl\":\"https:\/\/11ponto11servidor.com.br\/blogsrsiape\/wp-content\/uploads\/sites\/2\/2017\/09\/blog-imagens-13.png\",\"datePublished\":\"2017-11-28T07:33:20+00:00\",\"dateModified\":\"2017-12-11T14:22:16+00:00\",\"description\":\"Governo prepara reforma salarial para pr\u00f3ximo passo, ap\u00f3s aprova\u00e7\u00e3o da reforma Previdenci\u00e1ria, que sofreu ajustes no texto.\",\"breadcrumb\":{\"@id\":\"https:\/\/blogdosrsiape.net\/3093\/#breadcrumb\"},\"inLanguage\":\"pt-BR\",\"potentialAction\":[{\"@type\":\"ReadAction\",\"target\":[\"https:\/\/blogdosrsiape.net\/3093\/\"]}]},{\"@type\":\"ImageObject\",\"inLanguage\":\"pt-BR\",\"@id\":\"https:\/\/blogdosrsiape.net\/3093\/#primaryimage\",\"url\":\"https:\/\/11ponto11servidor.com.br\/blogsrsiape\/wp-content\/uploads\/sites\/2\/2017\/09\/blog-imagens-13.png\",\"contentUrl\":\"https:\/\/11ponto11servidor.com.br\/blogsrsiape\/wp-content\/uploads\/sites\/2\/2017\/09\/blog-imagens-13.png\",\"width\":848,\"height\":370,\"caption\":\"uniao\"},{\"@type\":\"BreadcrumbList\",\"@id\":\"https:\/\/blogdosrsiape.net\/3093\/#breadcrumb\",\"itemListElement\":[{\"@type\":\"ListItem\",\"position\":1,\"name\":\"In\u00edcio\",\"item\":\"https:\/\/blogdosrsiape.com\/\"},{\"@type\":\"ListItem\",\"position\":2,\"name\":\"Depois da Previd\u00eancia vir\u00e1 a reforma salarial\"}]},{\"@type\":\"WebSite\",\"@id\":\"https:\/\/blogdosrsiape.com\/#website\",\"url\":\"https:\/\/blogdosrsiape.com\/\",\"name\":\"Blog do sr. SIAPE\",\"description\":\"SIAPE Servidor Federal\",\"publisher\":{\"@id\":\"https:\/\/blogdosrsiape.com\/#organization\"},\"potentialAction\":[{\"@type\":\"SearchAction\",\"target\":{\"@type\":\"EntryPoint\",\"urlTemplate\":\"https:\/\/blogdosrsiape.com\/?s={search_term_string}\"},\"query-input\":{\"@type\":\"PropertyValueSpecification\",\"valueRequired\":true,\"valueName\":\"search_term_string\"}}],\"inLanguage\":\"pt-BR\"},{\"@type\":\"Organization\",\"@id\":\"https:\/\/blogdosrsiape.com\/#organization\",\"name\":\"Blog do sr. SIAPE\",\"url\":\"https:\/\/blogdosrsiape.com\/\",\"logo\":{\"@type\":\"ImageObject\",\"inLanguage\":\"pt-BR\",\"@id\":\"https:\/\/blogdosrsiape.com\/#\/schema\/logo\/image\/\",\"url\":\"https:\/\/11ponto11servidor.com.br\/blogsrsiape\/wp-content\/uploads\/sites\/2\/2024\/10\/logo-1.png\",\"contentUrl\":\"https:\/\/11ponto11servidor.com.br\/blogsrsiape\/wp-content\/uploads\/sites\/2\/2024\/10\/logo-1.png\",\"width\":287,\"height\":116,\"caption\":\"Blog do sr. SIAPE\"},\"image\":{\"@id\":\"https:\/\/blogdosrsiape.com\/#\/schema\/logo\/image\/\"},\"sameAs\":[\"https:\/\/www.facebook.com\/blogsrsiape\/?locale=pt_BR\",\"https:\/\/www.instagram.com\/srsiape\/\"]},{\"@type\":\"Person\",\"@id\":\"https:\/\/blogdosrsiape.com\/#\/schema\/person\/641e1af8b22c69725a1d604fb8959bcf\",\"name\":\"websitemix\",\"sameAs\":[\"https:\/\/11ponto11servidor.com.br\"],\"url\":\"https:\/\/11ponto11servidor.com.br\/blogsrsiape\/author\/websitemix\/\"}]}<\/script>\n<!-- \/ Yoast SEO plugin. -->","yoast_head_json":{"title":"Depois da Previd\u00eancia vir\u00e1 a reforma salarial - Blog do Sr. SIAPE","description":"Governo prepara reforma salarial para pr\u00f3ximo passo, ap\u00f3s aprova\u00e7\u00e3o da reforma Previdenci\u00e1ria, que sofreu ajustes no texto.","robots":{"index":"index","follow":"follow","max-snippet":"max-snippet:-1","max-image-preview":"max-image-preview:large","max-video-preview":"max-video-preview:-1"},"canonical":"https:\/\/blogdosrsiape.net\/3093\/","og_locale":"pt_BR","og_type":"article","og_title":"Depois da Previd\u00eancia vir\u00e1 a reforma salarial - Blog do Sr. SIAPE","og_description":"Governo prepara reforma salarial para pr\u00f3ximo passo, ap\u00f3s aprova\u00e7\u00e3o da reforma Previdenci\u00e1ria, que sofreu ajustes no texto.","og_url":"https:\/\/blogdosrsiape.net\/3093\/","og_site_name":"Blog do Sr. SIAPE","article_publisher":"https:\/\/www.facebook.com\/blogsrsiape\/?locale=pt_BR","article_published_time":"2017-11-28T07:33:20+00:00","article_modified_time":"2017-12-11T14:22:16+00:00","og_image":[{"width":848,"height":370,"url":"https:\/\/11ponto11servidor.com.br\/blogsrsiape\/wp-content\/uploads\/sites\/2\/2017\/09\/blog-imagens-13.png","type":"image\/png"}],"author":"websitemix","twitter_card":"summary_large_image","twitter_misc":{"Escrito por":"websitemix","Est. tempo de leitura":"6 minutos"},"schema":{"@context":"https:\/\/schema.org","@graph":[{"@type":"Article","@id":"https:\/\/blogdosrsiape.net\/3093\/#article","isPartOf":{"@id":"https:\/\/blogdosrsiape.net\/3093\/"},"author":{"name":"websitemix","@id":"https:\/\/blogdosrsiape.com\/#\/schema\/person\/641e1af8b22c69725a1d604fb8959bcf"},"headline":"Depois da Previd\u00eancia vir\u00e1 a reforma salarial","datePublished":"2017-11-28T07:33:20+00:00","dateModified":"2017-12-11T14:22:16+00:00","mainEntityOfPage":{"@id":"https:\/\/blogdosrsiape.net\/3093\/"},"wordCount":1131,"commentCount":0,"publisher":{"@id":"https:\/\/blogdosrsiape.com\/#organization"},"image":{"@id":"https:\/\/blogdosrsiape.net\/3093\/#primaryimage"},"thumbnailUrl":"https:\/\/11ponto11servidor.com.br\/blogsrsiape\/wp-content\/uploads\/sites\/2\/2017\/09\/blog-imagens-13.png","keywords":["Reforma da Previd\u00eancia","reformas"],"articleSection":["Previd\u00eancia Social","Sal\u00e1rios"],"inLanguage":"pt-BR","potentialAction":[{"@type":"CommentAction","name":"Comment","target":["https:\/\/blogdosrsiape.net\/3093\/#respond"]}]},{"@type":"WebPage","@id":"https:\/\/blogdosrsiape.net\/3093\/","url":"https:\/\/blogdosrsiape.net\/3093\/","name":"Depois da Previd\u00eancia vir\u00e1 a reforma salarial - Blog do Sr. SIAPE","isPartOf":{"@id":"https:\/\/blogdosrsiape.com\/#website"},"primaryImageOfPage":{"@id":"https:\/\/blogdosrsiape.net\/3093\/#primaryimage"},"image":{"@id":"https:\/\/blogdosrsiape.net\/3093\/#primaryimage"},"thumbnailUrl":"https:\/\/11ponto11servidor.com.br\/blogsrsiape\/wp-content\/uploads\/sites\/2\/2017\/09\/blog-imagens-13.png","datePublished":"2017-11-28T07:33:20+00:00","dateModified":"2017-12-11T14:22:16+00:00","description":"Governo prepara reforma salarial para pr\u00f3ximo passo, ap\u00f3s aprova\u00e7\u00e3o da reforma Previdenci\u00e1ria, que sofreu ajustes no texto.","breadcrumb":{"@id":"https:\/\/blogdosrsiape.net\/3093\/#breadcrumb"},"inLanguage":"pt-BR","potentialAction":[{"@type":"ReadAction","target":["https:\/\/blogdosrsiape.net\/3093\/"]}]},{"@type":"ImageObject","inLanguage":"pt-BR","@id":"https:\/\/blogdosrsiape.net\/3093\/#primaryimage","url":"https:\/\/11ponto11servidor.com.br\/blogsrsiape\/wp-content\/uploads\/sites\/2\/2017\/09\/blog-imagens-13.png","contentUrl":"https:\/\/11ponto11servidor.com.br\/blogsrsiape\/wp-content\/uploads\/sites\/2\/2017\/09\/blog-imagens-13.png","width":848,"height":370,"caption":"uniao"},{"@type":"BreadcrumbList","@id":"https:\/\/blogdosrsiape.net\/3093\/#breadcrumb","itemListElement":[{"@type":"ListItem","position":1,"name":"In\u00edcio","item":"https:\/\/blogdosrsiape.com\/"},{"@type":"ListItem","position":2,"name":"Depois da Previd\u00eancia vir\u00e1 a reforma salarial"}]},{"@type":"WebSite","@id":"https:\/\/blogdosrsiape.com\/#website","url":"https:\/\/blogdosrsiape.com\/","name":"Blog do sr. SIAPE","description":"SIAPE Servidor Federal","publisher":{"@id":"https:\/\/blogdosrsiape.com\/#organization"},"potentialAction":[{"@type":"SearchAction","target":{"@type":"EntryPoint","urlTemplate":"https:\/\/blogdosrsiape.com\/?s={search_term_string}"},"query-input":{"@type":"PropertyValueSpecification","valueRequired":true,"valueName":"search_term_string"}}],"inLanguage":"pt-BR"},{"@type":"Organization","@id":"https:\/\/blogdosrsiape.com\/#organization","name":"Blog do sr. SIAPE","url":"https:\/\/blogdosrsiape.com\/","logo":{"@type":"ImageObject","inLanguage":"pt-BR","@id":"https:\/\/blogdosrsiape.com\/#\/schema\/logo\/image\/","url":"https:\/\/11ponto11servidor.com.br\/blogsrsiape\/wp-content\/uploads\/sites\/2\/2024\/10\/logo-1.png","contentUrl":"https:\/\/11ponto11servidor.com.br\/blogsrsiape\/wp-content\/uploads\/sites\/2\/2024\/10\/logo-1.png","width":287,"height":116,"caption":"Blog do sr. SIAPE"},"image":{"@id":"https:\/\/blogdosrsiape.com\/#\/schema\/logo\/image\/"},"sameAs":["https:\/\/www.facebook.com\/blogsrsiape\/?locale=pt_BR","https:\/\/www.instagram.com\/srsiape\/"]},{"@type":"Person","@id":"https:\/\/blogdosrsiape.com\/#\/schema\/person\/641e1af8b22c69725a1d604fb8959bcf","name":"websitemix","sameAs":["https:\/\/11ponto11servidor.com.br"],"url":"https:\/\/11ponto11servidor.com.br\/blogsrsiape\/author\/websitemix\/"}]}},"_links":{"self":[{"href":"https:\/\/11ponto11servidor.com.br\/blogsrsiape\/wp-json\/wp\/v2\/posts\/3093"}],"collection":[{"href":"https:\/\/11ponto11servidor.com.br\/blogsrsiape\/wp-json\/wp\/v2\/posts"}],"about":[{"href":"https:\/\/11ponto11servidor.com.br\/blogsrsiape\/wp-json\/wp\/v2\/types\/post"}],"author":[{"embeddable":true,"href":"https:\/\/11ponto11servidor.com.br\/blogsrsiape\/wp-json\/wp\/v2\/users\/1"}],"replies":[{"embeddable":true,"href":"https:\/\/11ponto11servidor.com.br\/blogsrsiape\/wp-json\/wp\/v2\/comments?post=3093"}],"version-history":[{"count":0,"href":"https:\/\/11ponto11servidor.com.br\/blogsrsiape\/wp-json\/wp\/v2\/posts\/3093\/revisions"}],"wp:featuredmedia":[{"embeddable":true,"href":"https:\/\/11ponto11servidor.com.br\/blogsrsiape\/wp-json\/wp\/v2\/media\/2529"}],"wp:attachment":[{"href":"https:\/\/11ponto11servidor.com.br\/blogsrsiape\/wp-json\/wp\/v2\/media?parent=3093"}],"wp:term":[{"taxonomy":"category","embeddable":true,"href":"https:\/\/11ponto11servidor.com.br\/blogsrsiape\/wp-json\/wp\/v2\/categories?post=3093"},{"taxonomy":"post_tag","embeddable":true,"href":"https:\/\/11ponto11servidor.com.br\/blogsrsiape\/wp-json\/wp\/v2\/tags?post=3093"}],"curies":[{"name":"wp","href":"https:\/\/api.w.org\/{rel}","templated":true}]}}