{"id":323,"date":"2015-04-10T12:52:24","date_gmt":"2015-04-10T15:52:24","guid":{"rendered":"https:\/\/11ponto11servidor.com.br\/blogsrsiape\/?p=323"},"modified":"2015-04-10T12:52:24","modified_gmt":"2015-04-10T15:52:24","slug":"inflacao-brasileira-em-marco2015-foi-a-maior-da-america-do-sul","status":"publish","type":"post","link":"https:\/\/11ponto11servidor.com.br\/blogsrsiape\/inflacao-brasileira-em-marco2015-foi-a-maior-da-america-do-sul\/","title":{"rendered":"Infla\u00e7\u00e3o Brasileira em Mar\u00e7o\/2015  foi a maior da Am\u00e9rica do Sul"},"content":{"rendered":"<p><a ref=\"magnificPopup\" href=\"https:\/\/blogdosrsiape.files.wordpress.com\/2015\/03\/money.png\"><img loading=\"lazy\" decoding=\"async\" class=\"alignnone size-medium wp-image-218\" src=\"https:\/\/blogdosrsiape.files.wordpress.com\/2015\/03\/money.png?w=300\" alt=\"money\" width=\"300\" height=\"137\" \/><\/a><\/p>\n<div class=\"excerpt\">\n<p>Equador teve a menor infla\u00e7\u00e3o do continente em mar\u00e7o: 0,41%, mas \u00e9 a Bol\u00edvia que registrou a menor taxa no ano; Argentina e Venezuela tamb\u00e9m est\u00e3o com pre\u00e7os inflacionados<\/p>\n<\/div>\n<p class=\"byline vcard\"><span class=\"author\"><strong>Vin\u00edcius Mendes \/ RB BANDEIRANTES<\/strong><\/span><\/p>\n<p class=\"byline vcard\">\n<p>O Brasil registrou, em mar\u00e7o, a infla\u00e7\u00e3o mais alta comparada com a taxa dos\u00a0pa\u00edses da Am\u00e9rica do Sul, exce\u00e7\u00e3o feita a Argentina, que n\u00e3o divulgou os dados do m\u00eas passado at\u00e9 esta quinta-feira (9), e da Venezuela, que s\u00f3 informou as estat\u00edsticas do ano passado. Em mar\u00e7o, a infla\u00e7\u00e3o brasileira subiu 1,32%, segundo tabela <a href=\"http:\/\/brasileiros.com.br\/2015\/04\/inflacao-brasil-ficou-em-132-em-marco-segundo-ibge\/\" target=\"_blank\"><strong>publicada<\/strong><\/a> nesta quarta-feira (8) pelo IBGE. No acumulado do ano, o Brasil s\u00f3 fica atr\u00e1s do Uruguai em taxa inflacion\u00e1ria \u2013 o vizinho registra 4,06% frente ao 3,83% do Pa\u00eds. No acumulado dos \u00faltimos doze meses, o Brasil tamb\u00e9m fica na segunda posi\u00e7\u00e3o, atr\u00e1s apenas da Argentina, que registrou 18% entre os meses de fevereiro de 2014 e fevereiro de 2015.<\/p>\n<p>O Equador teve a menor infla\u00e7\u00e3o da Am\u00e9rica do Sul em mar\u00e7o: 0,41%, seguido da Bol\u00edvia, que registrou taxa de 0,49% no m\u00eas passado. No acumulado do ano, por\u00e9m, os bolivianos det\u00eam a menor taxa: 0,81%.\u00a0<a ref=\"magnificPopup\" href=\"https:\/\/blogdosrsiape.files.wordpress.com\/2015\/03\/shutterstock_199360112.jpg\"><img loading=\"lazy\" decoding=\"async\" class=\"alignnone size-medium wp-image-145\" src=\"https:\/\/blogdosrsiape.files.wordpress.com\/2015\/03\/shutterstock_199360112.jpg?w=229\" alt=\"shutterstock_199360112\" width=\"229\" height=\"300\" \/><\/a><\/p>\n<p>Em mar\u00e7o, o FMI divulgou que a expectativa de crescimento da Am\u00e9rica Latina (incluindo os pa\u00edses da Am\u00e9rica Central e do Caribe) \u00e9 de\u00a0de 1,3% para\u00a02015, quase igual a 2014. O diretor do organismo para a regi\u00e3o, Alejandro Werner, disse\u00a0recentemente ao jornal espanhol <em>El Pa\u00eds<\/em>, que a queda do pre\u00e7o das <em>commodities<\/em> foi\u00a0determinante para o momento econ\u00f4mico negativo da regi\u00e3o. \u201cUm crescimento de 1,3% \u00e9 bastante baixo. V\u00ednhamos de n\u00edveis de 4%. \u00c9 o reflexo do ajuste na Am\u00e9rica do Sul \u00e0 queda do pre\u00e7o das <em>commodities<\/em> \u2013 min\u00e9rios e produtos agropecu\u00e1rios \u2013 ap\u00f3s um per\u00edodo de crescimento sustentado; ao efeito negativo da queda do petr\u00f3leo; e ao fim do impulso reformista dos anos noventa. Esse impulso n\u00e3o se manteve, e seu efeito se esgota\u201d, disse.<\/p>\n<p><strong>Motiva\u00e7\u00f5es<\/strong><\/p>\n<p>A\u00a0taxa de infla\u00e7\u00e3o do Brasil divulgada na quarta-feira tamb\u00e9m \u00e9 a maior desde fevereiro de 2003, quando o IBGE registrou infla\u00e7\u00e3o de 1,57% no Pa\u00eds.<\/p>\n<p>De acordo com o instututo, mais da metade do \u00edndice de mar\u00e7o \u00e9 resultado dos reajustes na \u00e1rea de energia el\u00e9trica, cujo aumento m\u00e9dio de 22,08% gerou 0,71 ponto percentual de impacto na infla\u00e7\u00e3o do m\u00eas. \u201cCom a entrada em vigor, a partir de 2 de mar\u00e7o, da revis\u00e3o das tarifas aprovada pela Ag\u00eancia Nacional de Energia El\u00e9trica (ANEEL) ocorreram aumentos extras, fora do reajuste anual, para cobrir custos das concession\u00e1rias com a compra de energia\u201d, diz um trecho do relat\u00f3rio da institui\u00e7\u00e3o.<\/p>\n<p>Ainda segundo o IBGE, a alta da gasolina tamb\u00e9m fortaleceu a taxa de infla\u00e7\u00e3o brasileira no m\u00eas: o aumento no combust\u00edvel foi de 1,26%, ainda refletindo uma parte do reajuste nas al\u00edquotas do PIS\/COFINS que entrou em vigor em primeiro de fevereiro. Com isto, o litro do combust\u00edvel totaliza 9,80% de aumento m\u00e9dio neste ano.<\/p>\n<p><a ref=\"magnificPopup\" href=\"https:\/\/blogdosrsiape.files.wordpress.com\/2015\/04\/shutterstock_174713024.jpg\"><img loading=\"lazy\" decoding=\"async\" class=\"alignnone size-medium wp-image-324\" src=\"https:\/\/blogdosrsiape.files.wordpress.com\/2015\/04\/shutterstock_174713024.jpg?w=300\" alt=\"shutterstock_174713024\" width=\"300\" height=\"263\" \/><\/a><\/p>\n<p><strong><em>Veja a taxa de infla\u00e7\u00e3o dos pa\u00edses da Am\u00e9rica do Sul:<br \/>\n<\/em><\/strong><strong><a ref=\"magnificPopup\" href=\"http:\/\/brasileiros.com.br\/wp-content\/uploads\/2015\/04\/Bandeira-Argentina-2000px-e1428608074120.png\"><br \/>\n<\/a><a ref=\"magnificPopup\" href=\"http:\/\/brasileiros.com.br\/wp-content\/uploads\/2015\/04\/Bandeira-Argentina-2000px-e1428608074120.png\"><img loading=\"lazy\" decoding=\"async\" class=\"alignleft size-full wp-image-128112\" src=\"http:\/\/brasileiros.com.br\/wp-content\/uploads\/2015\/04\/Bandeira-Argentina-2000px-e1428608074120.png\" alt=\"Bandeira-Argentina-2000px\" width=\"60\" height=\"38\" \/><\/a><\/p>\n<p>Argentina\u00a0<a href=\"http:\/\/www.ine.gub.uy\/\" target=\"_blank\">(Datos Macro)<\/a><\/strong><\/p>\n<p><em>M\u00eas de fevereiro*<\/em>:\u00a00,9%<br \/>\n<em>Acumulado do ano<\/em>: 2,01%<br \/>\n<em>Acumulado dos \u00faltimos doze meses<\/em>: 18%<\/p>\n<p><strong><a ref=\"magnificPopup\" href=\"http:\/\/brasileiros.com.br\/wp-content\/uploads\/2015\/04\/download-e1428608163658.png\"><img loading=\"lazy\" decoding=\"async\" class=\"alignleft size-full wp-image-128114\" src=\"http:\/\/brasileiros.com.br\/wp-content\/uploads\/2015\/04\/download-e1428608163658.png\" alt=\"download\" width=\"60\" height=\"40\" \/><\/a><\/strong><\/p>\n<p><strong>\u00a0Uruguai\u00a0<a href=\"http:\/\/www.ine.gub.uy\/preciosysalarios\/ipc2008.asp?Indicador=ipc\" target=\"_blank\">(Instituto Nacional de Estadistica \u2013 Uruguai)<\/a><\/strong><\/p>\n<p><em>M\u00eas de mar\u00e7o<\/em>:\u00a00,7%<br \/>\n<em>Acumulado do ano<\/em>: 4,06%<br \/>\n<em>Acumulado dos \u00faltimos doze meses<\/em>: 7,55%<\/p>\n<p><strong><a ref=\"magnificPopup\" href=\"http:\/\/brasileiros.com.br\/wp-content\/uploads\/2015\/04\/bandeira-do-brasil-e1428608223538.gif\"><img loading=\"lazy\" decoding=\"async\" class=\"alignleft size-full wp-image-128115\" src=\"http:\/\/brasileiros.com.br\/wp-content\/uploads\/2015\/04\/bandeira-do-brasil-e1428608223538.gif\" alt=\"bandeira-do-brasil\" width=\"60\" height=\"42\" \/><\/a><\/strong><\/p>\n<p><strong>\u00a0Brasil\u00a0<a href=\"http:\/\/saladeimprensa.ibge.gov.br\/noticias?view=noticia&amp;id=1&amp;busca=1&amp;idnoticia=2865\" target=\"_blank\">(Instituto Brasileiro de Geografia e Estat\u00edstica)<\/a><\/strong><\/p>\n<p><em>M\u00eas de mar\u00e7o<\/em>:\u00a01,32%<br \/>\n<em>Acumulado do ano<\/em>: 3,83%<br \/>\n<em>Acumulado dos \u00faltimos doze meses<\/em>:\u00a08,12%<\/p>\n<p><strong><a ref=\"magnificPopup\" href=\"http:\/\/brasileiros.com.br\/wp-content\/uploads\/2015\/04\/download-1-e1428608318308.png\"><img loading=\"lazy\" decoding=\"async\" class=\"alignleft size-full wp-image-128116\" src=\"http:\/\/brasileiros.com.br\/wp-content\/uploads\/2015\/04\/download-1-e1428608318308.png\" alt=\"download (1)\" width=\"60\" height=\"40\" \/><\/a><\/strong><\/p>\n<p><strong>\u00a0Chile\u00a0<a href=\"http:\/\/www.ine.cl\/canales\/sala_prensa\/noticias\/noticia.php?opc=news&amp;id=695&amp;lang=esp\" target=\"_blank\">(Instituto Nacional de Estadistica \u2013 Chile)<\/a><\/strong><\/p>\n<p><em>M\u00eas de mar\u00e7o<\/em>:\u00a00,6%<br \/>\n<em>Acumulado do ano<\/em>:\u00a01,01%<br \/>\n<em>Acumulado dos \u00faltimos doze meses<\/em>: 4,20%<\/p>\n<p><strong><a ref=\"magnificPopup\" href=\"http:\/\/brasileiros.com.br\/wp-content\/uploads\/2015\/04\/download2-e1428608369872.jpg\"><img loading=\"lazy\" decoding=\"async\" class=\"alignleft size-full wp-image-128117\" src=\"http:\/\/brasileiros.com.br\/wp-content\/uploads\/2015\/04\/download2-e1428608369872.jpg\" alt=\"download\" width=\"60\" height=\"41\" \/><\/a><\/strong><\/p>\n<p><strong>\u00a0Bol\u00edvia\u00a0<a href=\"http:\/\/www.ine.gob.bo\/\" target=\"_blank\">(Instituto Nacional de Estadistica \u2013 Bol\u00edvia)<\/a><\/strong><\/p>\n<p><em>M\u00eas de mar\u00e7o<\/em>:\u00a00,49%<br \/>\n<em>Acumulado do ano<\/em>: 0,81%<br \/>\n<em>Acumulado dos \u00faltimos doze meses<\/em>: 4,75%<\/p>\n<p><strong><a ref=\"magnificPopup\" href=\"http:\/\/brasileiros.com.br\/wp-content\/uploads\/2015\/04\/bandeira-do-peru-1-e1428608454789.jpg\"><img loading=\"lazy\" decoding=\"async\" class=\"alignleft size-full wp-image-128119\" src=\"http:\/\/brasileiros.com.br\/wp-content\/uploads\/2015\/04\/bandeira-do-peru-1-e1428608454789.jpg\" alt=\"bandeira-do-peru-1\" width=\"60\" height=\"40\" \/><\/a><\/strong><\/p>\n<p><strong>\u00a0Peru\u00a0<a href=\"http:\/\/www.bcrp.gob.pe\/publicaciones\/reporte-de-inflacion.html\" target=\"_blank\">(Banco Central Reserva de Peru)<\/a><\/strong><\/p>\n<p><em>M\u00eas de mar\u00e7o<\/em>:\u00a00,76%<br \/>\n<em>Acumulado do ano<\/em>: 1,24%<br \/>\n<em>Acumulado dos \u00faltimos doze meses<\/em>: 3,02%<\/p>\n<p><strong><a ref=\"magnificPopup\" href=\"http:\/\/brasileiros.com.br\/wp-content\/uploads\/2015\/04\/maxresdefault-e1428608472635.jpg\"><img loading=\"lazy\" decoding=\"async\" class=\"alignleft size-full wp-image-128121\" src=\"http:\/\/brasileiros.com.br\/wp-content\/uploads\/2015\/04\/maxresdefault-e1428608472635.jpg\" alt=\"maxresdefault\" width=\"60\" height=\"34\" \/><\/a><\/strong><\/p>\n<p><strong>\u00a0Equador\u00a0<a href=\"http:\/\/www.ecuadorencifras.gob.ec\/ecuador-registro-una-inflacion-de-041-en-marzo\/\" target=\"_blank\">(Instituto Nacional de Estad\u00edstica y Censos)<\/a><\/strong><\/p>\n<p><em>M\u00eas de mar\u00e7o<\/em>: 0,41%<br \/>\n<em>Acumulado do ano<\/em>:\u00a01,63%<br \/>\n<em>Acumulado dos \u00faltimos doze meses<\/em>:\u00a03,76%<\/p>\n<p><strong><a ref=\"magnificPopup\" href=\"http:\/\/brasileiros.com.br\/wp-content\/uploads\/2015\/04\/bandeira-da-colombia-e1428608493472.png\"><img loading=\"lazy\" decoding=\"async\" class=\"alignleft size-full wp-image-128118\" src=\"http:\/\/brasileiros.com.br\/wp-content\/uploads\/2015\/04\/bandeira-da-colombia-e1428608493472.png\" alt=\"bandeira-da-colombia\" width=\"60\" height=\"40\" \/><\/a><\/strong><\/p>\n<p><strong>\u00a0Col\u00f4mbia <a href=\"http:\/\/www.dane.gov.co\/\" target=\"_blank\">(Dane)<\/a><\/strong><\/p>\n<p><em>M\u00eas de mar\u00e7o<\/em>: 0,59%<br \/>\n<em>Acumulado do ano<\/em>: 2,40%<br \/>\n<em>Acumulado dos \u00faltimos doze meses<\/em>: 4,56%<\/p>\n<p><strong><a ref=\"magnificPopup\" href=\"http:\/\/brasileiros.com.br\/wp-content\/uploads\/2015\/04\/download-1-e1428608563409.jpg\"><img loading=\"lazy\" decoding=\"async\" class=\"alignleft size-full wp-image-128120\" src=\"http:\/\/brasileiros.com.br\/wp-content\/uploads\/2015\/04\/download-1-e1428608563409.jpg\" alt=\"download (1)\" width=\"60\" height=\"40\" \/><\/a><\/strong><\/p>\n<p><strong>\u00a0Venezuela\u00a0<a href=\"www.bcv.org.ve\/excel\/4_5_7.xls?id=410%20banco%20central%20de%20venezuela%20ipc%202014\" target=\"_blank\">(Banco Central de Venezuela)<\/a><\/strong><\/p>\n<p><em>M\u00eas de dezembro**<\/em>: 5,3%<br \/>\n<em>Acumulado de 2014<\/em>:\u00a068,5%<\/p>\n<p><em>*A Argentina n\u00e3o divulgou a infla\u00e7\u00e3o de mar\u00e7o at\u00e9 est\u00e1 quinta-feira (9)<\/em><br \/>\n<em>** A Venezuela informou, em fevereiro, o \u00faltimo dado de infla\u00e7\u00e3o, do ano passado<\/em><\/p>\n<p><a ref=\"magnificPopup\" href=\"https:\/\/blogdosrsiape.files.wordpress.com\/2015\/03\/o-sr-siape.png\"><img loading=\"lazy\" decoding=\"async\" class=\"alignnone size-medium wp-image-125\" src=\"https:\/\/blogdosrsiape.files.wordpress.com\/2015\/03\/o-sr-siape.png?w=300\" alt=\"o sr siape\" width=\"300\" height=\"172\" \/><\/a><\/p>\n","protected":false},"excerpt":{"rendered":"<p>Equador teve a menor infla\u00e7\u00e3o do continente em mar\u00e7o: 0,41%, mas \u00e9 a Bol\u00edvia que registrou a menor taxa no ano; Argentina e Venezuela tamb\u00e9m est\u00e3o com pre\u00e7os inflacionados Vin\u00edcius Mendes \/ RB BANDEIRANTES O Brasil registrou, em mar\u00e7o, a infla\u00e7\u00e3o mais alta comparada com a taxa dos\u00a0pa\u00edses da Am\u00e9rica do Sul, exce\u00e7\u00e3o feita a&#8230;<\/p>\n","protected":false},"author":1,"featured_media":0,"comment_status":"open","ping_status":"open","sticky":false,"template":"","format":"standard","meta":{"footnotes":""},"categories":[1],"tags":[],"class_list":["post-323","post","type-post","status-publish","format-standard","hentry","category-geral"],"yoast_head":"<!-- This site is optimized with the Yoast SEO plugin v23.6 - https:\/\/yoast.com\/wordpress\/plugins\/seo\/ -->\n<title>Infla\u00e7\u00e3o Brasileira em Mar\u00e7o\/2015 foi a maior da Am\u00e9rica do Sul - Blog do Sr. SIAPE<\/title>\n<meta name=\"robots\" content=\"index, follow, max-snippet:-1, max-image-preview:large, max-video-preview:-1\" \/>\n<link rel=\"canonical\" href=\"https:\/\/blogdosrsiape.net\/inflacao-brasileira-em-marco2015-foi-a-maior-da-america-do-sul\/\" \/>\n<meta property=\"og:locale\" content=\"pt_BR\" \/>\n<meta property=\"og:type\" content=\"article\" \/>\n<meta property=\"og:title\" content=\"Infla\u00e7\u00e3o Brasileira em Mar\u00e7o\/2015 foi a maior da Am\u00e9rica do Sul - Blog do Sr. SIAPE\" \/>\n<meta property=\"og:description\" content=\"Equador teve a menor infla\u00e7\u00e3o do continente em mar\u00e7o: 0,41%, mas \u00e9 a Bol\u00edvia que registrou a menor taxa no ano; Argentina e Venezuela tamb\u00e9m est\u00e3o com pre\u00e7os inflacionados Vin\u00edcius Mendes \/ RB BANDEIRANTES O Brasil registrou, em mar\u00e7o, a infla\u00e7\u00e3o mais alta comparada com a taxa dos\u00a0pa\u00edses da Am\u00e9rica do Sul, exce\u00e7\u00e3o feita a...\" \/>\n<meta property=\"og:url\" content=\"https:\/\/blogdosrsiape.net\/inflacao-brasileira-em-marco2015-foi-a-maior-da-america-do-sul\/\" \/>\n<meta property=\"og:site_name\" content=\"Blog do Sr. SIAPE\" \/>\n<meta property=\"article:publisher\" content=\"https:\/\/www.facebook.com\/blogsrsiape\/?locale=pt_BR\" \/>\n<meta property=\"article:published_time\" content=\"2015-04-10T15:52:24+00:00\" \/>\n<meta property=\"og:image\" content=\"https:\/\/blogdosrsiape.files.wordpress.com\/2015\/03\/money.png?w=300\" \/>\n<meta name=\"author\" content=\"websitemix\" \/>\n<meta name=\"twitter:card\" content=\"summary_large_image\" \/>\n<meta name=\"twitter:label1\" content=\"Escrito por\" \/>\n\t<meta name=\"twitter:data1\" content=\"websitemix\" \/>\n\t<meta name=\"twitter:label2\" content=\"Est. tempo de leitura\" \/>\n\t<meta name=\"twitter:data2\" content=\"4 minutos\" \/>\n<script type=\"application\/ld+json\" class=\"yoast-schema-graph\">{\"@context\":\"https:\/\/schema.org\",\"@graph\":[{\"@type\":\"Article\",\"@id\":\"https:\/\/blogdosrsiape.net\/inflacao-brasileira-em-marco2015-foi-a-maior-da-america-do-sul\/#article\",\"isPartOf\":{\"@id\":\"https:\/\/blogdosrsiape.net\/inflacao-brasileira-em-marco2015-foi-a-maior-da-america-do-sul\/\"},\"author\":{\"name\":\"websitemix\",\"@id\":\"https:\/\/blogdosrsiape.com\/#\/schema\/person\/641e1af8b22c69725a1d604fb8959bcf\"},\"headline\":\"Infla\u00e7\u00e3o Brasileira em Mar\u00e7o\/2015 foi a maior da Am\u00e9rica do Sul\",\"datePublished\":\"2015-04-10T15:52:24+00:00\",\"dateModified\":\"2015-04-10T15:52:24+00:00\",\"mainEntityOfPage\":{\"@id\":\"https:\/\/blogdosrsiape.net\/inflacao-brasileira-em-marco2015-foi-a-maior-da-america-do-sul\/\"},\"wordCount\":738,\"commentCount\":0,\"publisher\":{\"@id\":\"https:\/\/blogdosrsiape.com\/#organization\"},\"image\":{\"@id\":\"https:\/\/blogdosrsiape.net\/inflacao-brasileira-em-marco2015-foi-a-maior-da-america-do-sul\/#primaryimage\"},\"thumbnailUrl\":\"https:\/\/blogdosrsiape.files.wordpress.com\/2015\/03\/money.png?w=300\",\"articleSection\":[\"Geral\"],\"inLanguage\":\"pt-BR\",\"potentialAction\":[{\"@type\":\"CommentAction\",\"name\":\"Comment\",\"target\":[\"https:\/\/blogdosrsiape.net\/inflacao-brasileira-em-marco2015-foi-a-maior-da-america-do-sul\/#respond\"]}]},{\"@type\":\"WebPage\",\"@id\":\"https:\/\/blogdosrsiape.net\/inflacao-brasileira-em-marco2015-foi-a-maior-da-america-do-sul\/\",\"url\":\"https:\/\/blogdosrsiape.net\/inflacao-brasileira-em-marco2015-foi-a-maior-da-america-do-sul\/\",\"name\":\"Infla\u00e7\u00e3o Brasileira em Mar\u00e7o\/2015 foi a maior da Am\u00e9rica do Sul - Blog do Sr. SIAPE\",\"isPartOf\":{\"@id\":\"https:\/\/blogdosrsiape.com\/#website\"},\"primaryImageOfPage\":{\"@id\":\"https:\/\/blogdosrsiape.net\/inflacao-brasileira-em-marco2015-foi-a-maior-da-america-do-sul\/#primaryimage\"},\"image\":{\"@id\":\"https:\/\/blogdosrsiape.net\/inflacao-brasileira-em-marco2015-foi-a-maior-da-america-do-sul\/#primaryimage\"},\"thumbnailUrl\":\"https:\/\/blogdosrsiape.files.wordpress.com\/2015\/03\/money.png?w=300\",\"datePublished\":\"2015-04-10T15:52:24+00:00\",\"dateModified\":\"2015-04-10T15:52:24+00:00\",\"breadcrumb\":{\"@id\":\"https:\/\/blogdosrsiape.net\/inflacao-brasileira-em-marco2015-foi-a-maior-da-america-do-sul\/#breadcrumb\"},\"inLanguage\":\"pt-BR\",\"potentialAction\":[{\"@type\":\"ReadAction\",\"target\":[\"https:\/\/blogdosrsiape.net\/inflacao-brasileira-em-marco2015-foi-a-maior-da-america-do-sul\/\"]}]},{\"@type\":\"ImageObject\",\"inLanguage\":\"pt-BR\",\"@id\":\"https:\/\/blogdosrsiape.net\/inflacao-brasileira-em-marco2015-foi-a-maior-da-america-do-sul\/#primaryimage\",\"url\":\"https:\/\/blogdosrsiape.files.wordpress.com\/2015\/03\/money.png?w=300\",\"contentUrl\":\"https:\/\/blogdosrsiape.files.wordpress.com\/2015\/03\/money.png?w=300\"},{\"@type\":\"BreadcrumbList\",\"@id\":\"https:\/\/blogdosrsiape.net\/inflacao-brasileira-em-marco2015-foi-a-maior-da-america-do-sul\/#breadcrumb\",\"itemListElement\":[{\"@type\":\"ListItem\",\"position\":1,\"name\":\"In\u00edcio\",\"item\":\"https:\/\/blogdosrsiape.com\/\"},{\"@type\":\"ListItem\",\"position\":2,\"name\":\"Infla\u00e7\u00e3o Brasileira em Mar\u00e7o\/2015 foi a maior da Am\u00e9rica do Sul\"}]},{\"@type\":\"WebSite\",\"@id\":\"https:\/\/blogdosrsiape.com\/#website\",\"url\":\"https:\/\/blogdosrsiape.com\/\",\"name\":\"Blog do sr. SIAPE\",\"description\":\"SIAPE Servidor Federal\",\"publisher\":{\"@id\":\"https:\/\/blogdosrsiape.com\/#organization\"},\"potentialAction\":[{\"@type\":\"SearchAction\",\"target\":{\"@type\":\"EntryPoint\",\"urlTemplate\":\"https:\/\/blogdosrsiape.com\/?s={search_term_string}\"},\"query-input\":{\"@type\":\"PropertyValueSpecification\",\"valueRequired\":true,\"valueName\":\"search_term_string\"}}],\"inLanguage\":\"pt-BR\"},{\"@type\":\"Organization\",\"@id\":\"https:\/\/blogdosrsiape.com\/#organization\",\"name\":\"Blog do sr. SIAPE\",\"url\":\"https:\/\/blogdosrsiape.com\/\",\"logo\":{\"@type\":\"ImageObject\",\"inLanguage\":\"pt-BR\",\"@id\":\"https:\/\/blogdosrsiape.com\/#\/schema\/logo\/image\/\",\"url\":\"https:\/\/11ponto11servidor.com.br\/blogsrsiape\/wp-content\/uploads\/sites\/2\/2024\/10\/logo-1.png\",\"contentUrl\":\"https:\/\/11ponto11servidor.com.br\/blogsrsiape\/wp-content\/uploads\/sites\/2\/2024\/10\/logo-1.png\",\"width\":287,\"height\":116,\"caption\":\"Blog do sr. SIAPE\"},\"image\":{\"@id\":\"https:\/\/blogdosrsiape.com\/#\/schema\/logo\/image\/\"},\"sameAs\":[\"https:\/\/www.facebook.com\/blogsrsiape\/?locale=pt_BR\",\"https:\/\/www.instagram.com\/srsiape\/\"]},{\"@type\":\"Person\",\"@id\":\"https:\/\/blogdosrsiape.com\/#\/schema\/person\/641e1af8b22c69725a1d604fb8959bcf\",\"name\":\"websitemix\",\"sameAs\":[\"https:\/\/11ponto11servidor.com.br\"],\"url\":\"https:\/\/11ponto11servidor.com.br\/blogsrsiape\/author\/websitemix\/\"}]}<\/script>\n<!-- \/ Yoast SEO plugin. -->","yoast_head_json":{"title":"Infla\u00e7\u00e3o Brasileira em Mar\u00e7o\/2015 foi a maior da Am\u00e9rica do Sul - Blog do Sr. SIAPE","robots":{"index":"index","follow":"follow","max-snippet":"max-snippet:-1","max-image-preview":"max-image-preview:large","max-video-preview":"max-video-preview:-1"},"canonical":"https:\/\/blogdosrsiape.net\/inflacao-brasileira-em-marco2015-foi-a-maior-da-america-do-sul\/","og_locale":"pt_BR","og_type":"article","og_title":"Infla\u00e7\u00e3o Brasileira em Mar\u00e7o\/2015 foi a maior da Am\u00e9rica do Sul - Blog do Sr. SIAPE","og_description":"Equador teve a menor infla\u00e7\u00e3o do continente em mar\u00e7o: 0,41%, mas \u00e9 a Bol\u00edvia que registrou a menor taxa no ano; Argentina e Venezuela tamb\u00e9m est\u00e3o com pre\u00e7os inflacionados Vin\u00edcius Mendes \/ RB BANDEIRANTES O Brasil registrou, em mar\u00e7o, a infla\u00e7\u00e3o mais alta comparada com a taxa dos\u00a0pa\u00edses da Am\u00e9rica do Sul, exce\u00e7\u00e3o feita a...","og_url":"https:\/\/blogdosrsiape.net\/inflacao-brasileira-em-marco2015-foi-a-maior-da-america-do-sul\/","og_site_name":"Blog do Sr. SIAPE","article_publisher":"https:\/\/www.facebook.com\/blogsrsiape\/?locale=pt_BR","article_published_time":"2015-04-10T15:52:24+00:00","og_image":[{"url":"https:\/\/blogdosrsiape.files.wordpress.com\/2015\/03\/money.png?w=300"}],"author":"websitemix","twitter_card":"summary_large_image","twitter_misc":{"Escrito por":"websitemix","Est. tempo de leitura":"4 minutos"},"schema":{"@context":"https:\/\/schema.org","@graph":[{"@type":"Article","@id":"https:\/\/blogdosrsiape.net\/inflacao-brasileira-em-marco2015-foi-a-maior-da-america-do-sul\/#article","isPartOf":{"@id":"https:\/\/blogdosrsiape.net\/inflacao-brasileira-em-marco2015-foi-a-maior-da-america-do-sul\/"},"author":{"name":"websitemix","@id":"https:\/\/blogdosrsiape.com\/#\/schema\/person\/641e1af8b22c69725a1d604fb8959bcf"},"headline":"Infla\u00e7\u00e3o Brasileira em Mar\u00e7o\/2015 foi a maior da Am\u00e9rica do Sul","datePublished":"2015-04-10T15:52:24+00:00","dateModified":"2015-04-10T15:52:24+00:00","mainEntityOfPage":{"@id":"https:\/\/blogdosrsiape.net\/inflacao-brasileira-em-marco2015-foi-a-maior-da-america-do-sul\/"},"wordCount":738,"commentCount":0,"publisher":{"@id":"https:\/\/blogdosrsiape.com\/#organization"},"image":{"@id":"https:\/\/blogdosrsiape.net\/inflacao-brasileira-em-marco2015-foi-a-maior-da-america-do-sul\/#primaryimage"},"thumbnailUrl":"https:\/\/blogdosrsiape.files.wordpress.com\/2015\/03\/money.png?w=300","articleSection":["Geral"],"inLanguage":"pt-BR","potentialAction":[{"@type":"CommentAction","name":"Comment","target":["https:\/\/blogdosrsiape.net\/inflacao-brasileira-em-marco2015-foi-a-maior-da-america-do-sul\/#respond"]}]},{"@type":"WebPage","@id":"https:\/\/blogdosrsiape.net\/inflacao-brasileira-em-marco2015-foi-a-maior-da-america-do-sul\/","url":"https:\/\/blogdosrsiape.net\/inflacao-brasileira-em-marco2015-foi-a-maior-da-america-do-sul\/","name":"Infla\u00e7\u00e3o Brasileira em Mar\u00e7o\/2015 foi a maior da Am\u00e9rica do Sul - Blog do Sr. SIAPE","isPartOf":{"@id":"https:\/\/blogdosrsiape.com\/#website"},"primaryImageOfPage":{"@id":"https:\/\/blogdosrsiape.net\/inflacao-brasileira-em-marco2015-foi-a-maior-da-america-do-sul\/#primaryimage"},"image":{"@id":"https:\/\/blogdosrsiape.net\/inflacao-brasileira-em-marco2015-foi-a-maior-da-america-do-sul\/#primaryimage"},"thumbnailUrl":"https:\/\/blogdosrsiape.files.wordpress.com\/2015\/03\/money.png?w=300","datePublished":"2015-04-10T15:52:24+00:00","dateModified":"2015-04-10T15:52:24+00:00","breadcrumb":{"@id":"https:\/\/blogdosrsiape.net\/inflacao-brasileira-em-marco2015-foi-a-maior-da-america-do-sul\/#breadcrumb"},"inLanguage":"pt-BR","potentialAction":[{"@type":"ReadAction","target":["https:\/\/blogdosrsiape.net\/inflacao-brasileira-em-marco2015-foi-a-maior-da-america-do-sul\/"]}]},{"@type":"ImageObject","inLanguage":"pt-BR","@id":"https:\/\/blogdosrsiape.net\/inflacao-brasileira-em-marco2015-foi-a-maior-da-america-do-sul\/#primaryimage","url":"https:\/\/blogdosrsiape.files.wordpress.com\/2015\/03\/money.png?w=300","contentUrl":"https:\/\/blogdosrsiape.files.wordpress.com\/2015\/03\/money.png?w=300"},{"@type":"BreadcrumbList","@id":"https:\/\/blogdosrsiape.net\/inflacao-brasileira-em-marco2015-foi-a-maior-da-america-do-sul\/#breadcrumb","itemListElement":[{"@type":"ListItem","position":1,"name":"In\u00edcio","item":"https:\/\/blogdosrsiape.com\/"},{"@type":"ListItem","position":2,"name":"Infla\u00e7\u00e3o Brasileira em Mar\u00e7o\/2015 foi a maior da Am\u00e9rica do Sul"}]},{"@type":"WebSite","@id":"https:\/\/blogdosrsiape.com\/#website","url":"https:\/\/blogdosrsiape.com\/","name":"Blog do sr. SIAPE","description":"SIAPE Servidor Federal","publisher":{"@id":"https:\/\/blogdosrsiape.com\/#organization"},"potentialAction":[{"@type":"SearchAction","target":{"@type":"EntryPoint","urlTemplate":"https:\/\/blogdosrsiape.com\/?s={search_term_string}"},"query-input":{"@type":"PropertyValueSpecification","valueRequired":true,"valueName":"search_term_string"}}],"inLanguage":"pt-BR"},{"@type":"Organization","@id":"https:\/\/blogdosrsiape.com\/#organization","name":"Blog do sr. SIAPE","url":"https:\/\/blogdosrsiape.com\/","logo":{"@type":"ImageObject","inLanguage":"pt-BR","@id":"https:\/\/blogdosrsiape.com\/#\/schema\/logo\/image\/","url":"https:\/\/11ponto11servidor.com.br\/blogsrsiape\/wp-content\/uploads\/sites\/2\/2024\/10\/logo-1.png","contentUrl":"https:\/\/11ponto11servidor.com.br\/blogsrsiape\/wp-content\/uploads\/sites\/2\/2024\/10\/logo-1.png","width":287,"height":116,"caption":"Blog do sr. SIAPE"},"image":{"@id":"https:\/\/blogdosrsiape.com\/#\/schema\/logo\/image\/"},"sameAs":["https:\/\/www.facebook.com\/blogsrsiape\/?locale=pt_BR","https:\/\/www.instagram.com\/srsiape\/"]},{"@type":"Person","@id":"https:\/\/blogdosrsiape.com\/#\/schema\/person\/641e1af8b22c69725a1d604fb8959bcf","name":"websitemix","sameAs":["https:\/\/11ponto11servidor.com.br"],"url":"https:\/\/11ponto11servidor.com.br\/blogsrsiape\/author\/websitemix\/"}]}},"_links":{"self":[{"href":"https:\/\/11ponto11servidor.com.br\/blogsrsiape\/wp-json\/wp\/v2\/posts\/323"}],"collection":[{"href":"https:\/\/11ponto11servidor.com.br\/blogsrsiape\/wp-json\/wp\/v2\/posts"}],"about":[{"href":"https:\/\/11ponto11servidor.com.br\/blogsrsiape\/wp-json\/wp\/v2\/types\/post"}],"author":[{"embeddable":true,"href":"https:\/\/11ponto11servidor.com.br\/blogsrsiape\/wp-json\/wp\/v2\/users\/1"}],"replies":[{"embeddable":true,"href":"https:\/\/11ponto11servidor.com.br\/blogsrsiape\/wp-json\/wp\/v2\/comments?post=323"}],"version-history":[{"count":0,"href":"https:\/\/11ponto11servidor.com.br\/blogsrsiape\/wp-json\/wp\/v2\/posts\/323\/revisions"}],"wp:attachment":[{"href":"https:\/\/11ponto11servidor.com.br\/blogsrsiape\/wp-json\/wp\/v2\/media?parent=323"}],"wp:term":[{"taxonomy":"category","embeddable":true,"href":"https:\/\/11ponto11servidor.com.br\/blogsrsiape\/wp-json\/wp\/v2\/categories?post=323"},{"taxonomy":"post_tag","embeddable":true,"href":"https:\/\/11ponto11servidor.com.br\/blogsrsiape\/wp-json\/wp\/v2\/tags?post=323"}],"curies":[{"name":"wp","href":"https:\/\/api.w.org\/{rel}","templated":true}]}}