{"id":3983,"date":"2018-01-04T14:42:39","date_gmt":"2018-01-04T11:42:39","guid":{"rendered":"https:\/\/11ponto11servidor.com.br\/blogsrsiape\/?p=3983"},"modified":"2018-01-04T14:51:37","modified_gmt":"2018-01-04T11:51:37","slug":"governo-demissao-voluntaria","status":"publish","type":"post","link":"https:\/\/11ponto11servidor.com.br\/blogsrsiape\/governo-demissao-voluntaria\/","title":{"rendered":"GOVERNO INSISTIR\u00c1 EM PROGRAMA DE DEMISS\u00c3O"},"content":{"rendered":"<h3>Governo insistir\u00e1 em programa de demiss\u00e3o &#8211;<\/h3>\n<p>Depois de uma fraca ades\u00e3o ao Programa de Desligamento Volunt\u00e1rio (<strong><a href=\"https:\/\/11ponto11servidor.com.br\/blogsrsiape\/ministerio-do-planejamento\/temer-assina-medida-que-institui-pdv-para-servidores-federais\/\" target=\"_blank\" rel=\"noopener\">PDV<\/a><\/strong>) em 2017, o governo insiste na aposta e se prepara para reeditar uma nova Medida Provis\u00f3ria (MP) em janeiro de 2018, ap\u00f3s a anterior caducar no Congresso.<\/p>\n<p>Na primeira rodada do <a href=\"https:\/\/11ponto11servidor.com.br\/blogsrsiape\/ministerio-do-planejamento\/temer-assina-medida-que-institui-pdv-para-servidores-federais\/\" target=\"_blank\" rel=\"noopener\"><strong>PDV<\/strong><\/a>, conclu\u00edda em novembro, 240 pessoas aderiram ao programa de demiss\u00e3o volunt\u00e1ria &#8211; 76 ao chamado<strong> <a href=\"https:\/\/11ponto11servidor.com.br\/blogsrsiape\/ministerio-do-planejamento\/temer-assina-medida-que-institui-pdv-para-servidores-federais\/\" target=\"_blank\" rel=\"noopener\">PDV<\/a> <\/strong><em>stricto sensu<\/em>, , e 164 a outras modalidades, como redu\u00e7\u00e3o de jornada e licen\u00e7a incentivada pelo governo.<\/p>\n<p>Quando lan\u00e7ou a iniciativa, o governo apresentou como par\u00e2metro a ades\u00e3o ao <a href=\"https:\/\/11ponto11servidor.com.br\/blogsrsiape\/ministerio-do-planejamento\/temer-assina-medida-que-institui-pdv-para-servidores-federais\/\" target=\"_blank\" rel=\"noopener\"><strong>PDV<\/strong><\/a> lan\u00e7ado no governo de Fernando Henrique Cardoso em 1999, que foi de 5 mil servidores. Caso tal participa\u00e7\u00e3o se repetisse, a economia estimada seria de R$ 1 bilh\u00e3o. Mas o valor atingido em 2017 representa apenas 4,8% do conquistado em 1999.<\/p>\n<p>Ainda assim, em nota, o ministro do Planejamento, Dyogo Oliveira, defendeu o <strong><a href=\"https:\/\/11ponto11servidor.com.br\/blogsrsiape\/ministerio-do-planejamento\/temer-assina-medida-que-institui-pdv-para-servidores-federais\/\" target=\"_blank\" rel=\"noopener\">PDV<\/a><\/strong> e sua aplica\u00e7\u00e3o atual &#8211; classificando-o como um &#8220;instrumento moderno&#8221; e &#8220;ajustado \u00e0s condi\u00e7\u00f5es fiscais atuais&#8221;.<\/p>\n<p>&#8220;O n\u00famero de ades\u00f5es est\u00e1 em linha com as expectativas do governo, com destaque para a ades\u00e3o \u00e0 redu\u00e7\u00e3o de jornada, que \u00e9 o primeiro passo do referido caminho. Sabe-se tamb\u00e9m que, ao longo da tramita\u00e7\u00e3o da Medida Provis\u00f3ria pelo Congresso, as condi\u00e7\u00f5es originalmente propostas podem ser melhoradas&#8221;, diz Oliveira.<\/p>\n<p>O or\u00e7amento federal prev\u00ea que os gastos com pessoal cheguem a R$ 324,6 bilh\u00f5es este ano, valor que inclui despesas com inativos, pensionistas e contribui\u00e7\u00e3o patronal com o regime dos servidores &#8211; e que representa quase 10% dos R$ 3,5 trilh\u00f5es de receita previstos para 2018. O montante representa uma alta de 5,8% em rela\u00e7\u00e3o ao previsto para o ano passado, R$ 306,8 bilh\u00f5es.<\/p>\n<h3><strong>Prorroga\u00e7\u00f5es no Congresso<\/strong><\/h3>\n<p>As MPs, textos enviados pelo Poder Executivo, devem ser aprovadas em 60 dias na C\u00e2mara e no Senado &#8211; prorrog\u00e1veis por igual per\u00edodo &#8211; para terem sua vig\u00eancia mantida.<\/p>\n<p>Mas n\u00e3o foi o que aconteceu com a MP do desligamento volunt\u00e1rio: ela chegou a ser aprovada em uma comiss\u00e3o mista, mas n\u00e3o foi votada a tempo no plen\u00e1rio das Casas.<\/p>\n<p>O governo afirmou que ir\u00e1 reenviar ao Congresso uma nova Medida Provis\u00f3ria com as mesmas regras. A ideia \u00e9 que o Minist\u00e9rio do Planejamento estabele\u00e7a anualmente per\u00edodos e crit\u00e9rios de abertura de novas rodadas do programa.<\/p>\n<p>Na modalidade principal, a da demiss\u00e3o volunt\u00e1ria, a MP que caducou previa o pagamento de indeniza\u00e7\u00e3o de 1,25 sal\u00e1rio por ano trabalhado para aqueles que decidissem deixar o servi\u00e7o p\u00fablico.<\/p>\n<p>A prefer\u00eancia para ades\u00e3o ao programa era de servidores com maior tempo de exerc\u00edcio da fun\u00e7\u00e3o e pessoas em licen\u00e7a para tratar de assuntos particulares. Por outro lado, algumas condi\u00e7\u00f5es impediam a participa\u00e7\u00e3o, como o cumprimento de todos os requisitos legais para aposentadoria.<\/p>\n<p>J\u00e1 a redu\u00e7\u00e3o da jornada, que teve ades\u00e3o de 153 servidores, previu diminui\u00e7\u00e3o da carga semana de 40 horas para 30 ou 20 horas semanais, com o benef\u00edcio do pagamento adicional de meia hora di\u00e1ria. Neste caso, foram priorizados servidores com filhos de at\u00e9 seis anos ou a cargo de cuidados de pessoas idosas ou com defici\u00eancia.<\/p>\n<p>Por fim, a licen\u00e7a incentivada, escolhida por 11 funcion\u00e1rios p\u00fablicos federais, permite o afastamento por tr\u00eas anos consecutivos, prorrog\u00e1veis por igual per\u00edodo, do servi\u00e7o p\u00fablico. Como incentivo, o programa prev\u00ea o pagamento de tr\u00eas remunera\u00e7\u00f5es em cada per\u00edodo.<\/p>\n<p>Segundo o Minist\u00e9rio do Planejamento, com a perda de validade da MP, alguns requerimentos de ades\u00e3o ao programa que tinham pend\u00eancias acabaram suspensos &#8211; mas as 240 ades\u00f5es divulgadas pela pasta est\u00e3o asseguradas.<\/p>\n<h3><strong>&#8216;Trauma&#8217; com experi\u00eancias anteriores<\/strong><\/h3>\n<p>Por sua vez, S\u00e9rgio Ronaldo, secret\u00e1rio-geral da Confedera\u00e7\u00e3o dos Trabalhadores do Servi\u00e7o P\u00fablico Federal (Condsef), comemora a baixa ades\u00e3o ao <strong><a href=\"https:\/\/11ponto11servidor.com.br\/blogsrsiape\/ministerio-do-planejamento\/temer-assina-medida-que-institui-pdv-para-servidores-federais\/\" target=\"_blank\" rel=\"noopener\">PDV<\/a><\/strong>.<\/p>\n<p>&#8220;Orientamos nossos filiados a n\u00e3o aderirem a este barco furado. A experi\u00eancia com o governo FHC deve servir de li\u00e7\u00e3o. Muitos continuam desempregados e esperam na Justi\u00e7a para receber seus direitos&#8221;, diz.<\/p>\n<p>O <a href=\"https:\/\/11ponto11servidor.com.br\/blogsrsiape\/ministerio-do-planejamento\/temer-assina-medida-que-institui-pdv-para-servidores-federais\/\" target=\"_blank\" rel=\"noopener\"><strong>PDV<\/strong><\/a> de ent\u00e3o previa, al\u00e9m de modalidades diferentes de desligamento como no programa do governo de Michel Temer, est\u00edmulos para o empreendedorismo, como linhas de cr\u00e9dito e cursos de capacita\u00e7\u00e3o. Mas muitos servidores afirmam que o prometido n\u00e3o foi cumprido.<\/p>\n<p>Diante disso, alguns projetos em tramita\u00e7\u00e3o no Congresso v\u00eam at\u00e9 mesmo tentando reintegrar o servidores que aderiram ao <strong><a href=\"https:\/\/11ponto11servidor.com.br\/blogsrsiape\/ministerio-do-planejamento\/temer-assina-medida-que-institui-pdv-para-servidores-federais\/\" target=\"_blank\" rel=\"noopener\">PDV<\/a> <\/strong>na d\u00e9cada de 90. Um dos mais antigos deles, de 2008, foi apresentado pelo deputado Leonardo Picciani (PMDB-RJ), hoje ministro do Esporte do governo Temer.<\/p>\n<p>&#8220;\u00c9 fato not\u00f3rio que um significativo contingente de ex-servidores federais que se desligaram do servi\u00e7o p\u00fablico mediante ades\u00e3o a programas de desligamento volunt\u00e1rio (&#8230;) encontram-se em situa\u00e7\u00e3o de pen\u00faria. (&#8230;) Infelizmente, o apoio do Estado, nos termos estabelecidos pelas normas legais pertinentes, n\u00e3o se verificou na medida necess\u00e1ria&#8221;, diz um trecho da justificativa do projeto de Picciani.<\/p>\n<p>Para S\u00e9rgio Ronaldo, al\u00e9m da experi\u00eancia traum\u00e1tica do passado, a ades\u00e3o &#8220;p\u00edfia&#8221; ao <strong><a href=\"https:\/\/11ponto11servidor.com.br\/blogsrsiape\/ministerio-do-planejamento\/temer-assina-medida-que-institui-pdv-para-servidores-federais\/\" target=\"_blank\" rel=\"noopener\">PDV<\/a><\/strong> atual &#8211; que classifica de uma &#8220;c\u00f3pia piorada&#8221; do programa de FHC &#8211; pode ser explicada tamb\u00e9m pelo contexto econ\u00f4mico desfavor\u00e1vel.<\/p>\n<p>&#8220;Qual \u00e9 a vantagem de se juntar a 13 milh\u00f5es de brasileiros desempregados? Estamos em plena recess\u00e3o, com um campo de trabalho limitado e pais de fam\u00edlias sem perspectivas&#8221;, aponta o representante da Condsef.<\/p>\n<p>&nbsp;<\/p>\n<p><a href=\"http:\/\/www.bbc.com\/portuguese\/brasil-42498764\" target=\"_blank\" rel=\"noopener\">Publicado por BBC Brasil em 03\/01\/2018<\/a><\/p>\n","protected":false},"excerpt":{"rendered":"<p>Governo insistir\u00e1 em programa de demiss\u00e3o &#8211; Depois de uma fraca ades\u00e3o ao Programa de Desligamento Volunt\u00e1rio (PDV) em 2017, o governo insiste na aposta e se prepara para reeditar uma nova Medida Provis\u00f3ria (MP) em janeiro de 2018, ap\u00f3s a anterior caducar no Congresso<\/p>\n","protected":false},"author":1,"featured_media":2552,"comment_status":"open","ping_status":"open","sticky":false,"template":"","format":"standard","meta":{"footnotes":""},"categories":[1],"tags":[608,609,745,2662,1109,1561,2569,2665,2124,2125,2337,2664,2663],"class_list":["post-3983","post","type-post","status-publish","format-standard","has-post-thumbnail","hentry","category-geral","tag-congresso","tag-congresso-nacional","tag-demissao","tag-federal","tag-governo","tag-mp","tag-pdv","tag-publico","tag-servidor","tag-servidor-federal","tag-trabalhadores","tag-trabalho","tag-voluntaria"],"yoast_head":"<!-- This site is optimized with the Yoast SEO plugin v23.6 - https:\/\/yoast.com\/wordpress\/plugins\/seo\/ -->\n<title>Governo insistir\u00e1 em programa de demiss\u00e3o para Servidores Federais<\/title>\n<meta name=\"description\" content=\"Depois de uma fraca ades\u00e3o ao PDV em 2017, o governo insiste na aposta e se prepara para uma nova Medida em 2018 para demiss\u00e3o volunt\u00e1ria de Servidores\" \/>\n<meta name=\"robots\" content=\"index, follow, max-snippet:-1, max-image-preview:large, max-video-preview:-1\" \/>\n<link rel=\"canonical\" href=\"https:\/\/blogdosrsiape.net\/governo-demissao-voluntaria\/\" \/>\n<meta property=\"og:locale\" content=\"pt_BR\" \/>\n<meta property=\"og:type\" content=\"article\" \/>\n<meta property=\"og:title\" content=\"Governo insistir\u00e1 em programa de demiss\u00e3o para Servidores Federais\" \/>\n<meta property=\"og:description\" content=\"Depois de uma fraca ades\u00e3o ao PDV em 2017, o governo insiste na aposta e se prepara para uma nova Medida em 2018 para demiss\u00e3o volunt\u00e1ria de Servidores\" \/>\n<meta property=\"og:url\" content=\"https:\/\/blogdosrsiape.net\/governo-demissao-voluntaria\/\" \/>\n<meta property=\"og:site_name\" content=\"Blog do Sr. SIAPE\" \/>\n<meta property=\"article:publisher\" content=\"https:\/\/www.facebook.com\/blogsrsiape\/?locale=pt_BR\" \/>\n<meta property=\"article:published_time\" content=\"2018-01-04T11:42:39+00:00\" \/>\n<meta property=\"article:modified_time\" content=\"2018-01-04T11:51:37+00:00\" \/>\n<meta property=\"og:image\" content=\"https:\/\/11ponto11servidor.com.br\/blogsrsiape\/wp-content\/uploads\/sites\/2\/2017\/09\/blog-imagens-36.png\" \/>\n\t<meta property=\"og:image:width\" content=\"848\" \/>\n\t<meta property=\"og:image:height\" content=\"370\" \/>\n\t<meta property=\"og:image:type\" content=\"image\/png\" \/>\n<meta name=\"author\" content=\"websitemix\" \/>\n<meta name=\"twitter:card\" content=\"summary_large_image\" \/>\n<meta name=\"twitter:label1\" content=\"Escrito por\" \/>\n\t<meta name=\"twitter:data1\" content=\"websitemix\" \/>\n\t<meta name=\"twitter:label2\" content=\"Est. tempo de leitura\" \/>\n\t<meta name=\"twitter:data2\" content=\"5 minutos\" \/>\n<script type=\"application\/ld+json\" class=\"yoast-schema-graph\">{\"@context\":\"https:\/\/schema.org\",\"@graph\":[{\"@type\":\"Article\",\"@id\":\"https:\/\/blogdosrsiape.net\/governo-demissao-voluntaria\/#article\",\"isPartOf\":{\"@id\":\"https:\/\/blogdosrsiape.net\/governo-demissao-voluntaria\/\"},\"author\":{\"name\":\"websitemix\",\"@id\":\"https:\/\/blogdosrsiape.com\/#\/schema\/person\/641e1af8b22c69725a1d604fb8959bcf\"},\"headline\":\"GOVERNO INSISTIR\u00c1 EM PROGRAMA DE DEMISS\u00c3O\",\"datePublished\":\"2018-01-04T11:42:39+00:00\",\"dateModified\":\"2018-01-04T11:51:37+00:00\",\"mainEntityOfPage\":{\"@id\":\"https:\/\/blogdosrsiape.net\/governo-demissao-voluntaria\/\"},\"wordCount\":949,\"commentCount\":0,\"publisher\":{\"@id\":\"https:\/\/blogdosrsiape.com\/#organization\"},\"image\":{\"@id\":\"https:\/\/blogdosrsiape.net\/governo-demissao-voluntaria\/#primaryimage\"},\"thumbnailUrl\":\"https:\/\/11ponto11servidor.com.br\/blogsrsiape\/wp-content\/uploads\/sites\/2\/2017\/09\/blog-imagens-36.png\",\"keywords\":[\"Congresso\",\"Congresso Nacional\",\"Demiss\u00e3o\",\"Federal\",\"Governo\",\"MP\",\"PDV\",\"p\u00fablico\",\"Servidor\",\"Servidor Federal\",\"trabalhadores\",\"trabalho\",\"volunt\u00e1ria\"],\"articleSection\":[\"Geral\"],\"inLanguage\":\"pt-BR\",\"potentialAction\":[{\"@type\":\"CommentAction\",\"name\":\"Comment\",\"target\":[\"https:\/\/blogdosrsiape.net\/governo-demissao-voluntaria\/#respond\"]}]},{\"@type\":\"WebPage\",\"@id\":\"https:\/\/blogdosrsiape.net\/governo-demissao-voluntaria\/\",\"url\":\"https:\/\/blogdosrsiape.net\/governo-demissao-voluntaria\/\",\"name\":\"Governo insistir\u00e1 em programa de demiss\u00e3o para Servidores Federais\",\"isPartOf\":{\"@id\":\"https:\/\/blogdosrsiape.com\/#website\"},\"primaryImageOfPage\":{\"@id\":\"https:\/\/blogdosrsiape.net\/governo-demissao-voluntaria\/#primaryimage\"},\"image\":{\"@id\":\"https:\/\/blogdosrsiape.net\/governo-demissao-voluntaria\/#primaryimage\"},\"thumbnailUrl\":\"https:\/\/11ponto11servidor.com.br\/blogsrsiape\/wp-content\/uploads\/sites\/2\/2017\/09\/blog-imagens-36.png\",\"datePublished\":\"2018-01-04T11:42:39+00:00\",\"dateModified\":\"2018-01-04T11:51:37+00:00\",\"description\":\"Depois de uma fraca ades\u00e3o ao PDV em 2017, o governo insiste na aposta e se prepara para uma nova Medida em 2018 para demiss\u00e3o volunt\u00e1ria de Servidores\",\"breadcrumb\":{\"@id\":\"https:\/\/blogdosrsiape.net\/governo-demissao-voluntaria\/#breadcrumb\"},\"inLanguage\":\"pt-BR\",\"potentialAction\":[{\"@type\":\"ReadAction\",\"target\":[\"https:\/\/blogdosrsiape.net\/governo-demissao-voluntaria\/\"]}]},{\"@type\":\"ImageObject\",\"inLanguage\":\"pt-BR\",\"@id\":\"https:\/\/blogdosrsiape.net\/governo-demissao-voluntaria\/#primaryimage\",\"url\":\"https:\/\/11ponto11servidor.com.br\/blogsrsiape\/wp-content\/uploads\/sites\/2\/2017\/09\/blog-imagens-36.png\",\"contentUrl\":\"https:\/\/11ponto11servidor.com.br\/blogsrsiape\/wp-content\/uploads\/sites\/2\/2017\/09\/blog-imagens-36.png\",\"width\":848,\"height\":370,\"caption\":\"previdencia\"},{\"@type\":\"BreadcrumbList\",\"@id\":\"https:\/\/blogdosrsiape.net\/governo-demissao-voluntaria\/#breadcrumb\",\"itemListElement\":[{\"@type\":\"ListItem\",\"position\":1,\"name\":\"In\u00edcio\",\"item\":\"https:\/\/blogdosrsiape.com\/\"},{\"@type\":\"ListItem\",\"position\":2,\"name\":\"GOVERNO INSISTIR\u00c1 EM PROGRAMA DE DEMISS\u00c3O\"}]},{\"@type\":\"WebSite\",\"@id\":\"https:\/\/blogdosrsiape.com\/#website\",\"url\":\"https:\/\/blogdosrsiape.com\/\",\"name\":\"Blog do sr. SIAPE\",\"description\":\"SIAPE Servidor Federal\",\"publisher\":{\"@id\":\"https:\/\/blogdosrsiape.com\/#organization\"},\"potentialAction\":[{\"@type\":\"SearchAction\",\"target\":{\"@type\":\"EntryPoint\",\"urlTemplate\":\"https:\/\/blogdosrsiape.com\/?s={search_term_string}\"},\"query-input\":{\"@type\":\"PropertyValueSpecification\",\"valueRequired\":true,\"valueName\":\"search_term_string\"}}],\"inLanguage\":\"pt-BR\"},{\"@type\":\"Organization\",\"@id\":\"https:\/\/blogdosrsiape.com\/#organization\",\"name\":\"Blog do sr. SIAPE\",\"url\":\"https:\/\/blogdosrsiape.com\/\",\"logo\":{\"@type\":\"ImageObject\",\"inLanguage\":\"pt-BR\",\"@id\":\"https:\/\/blogdosrsiape.com\/#\/schema\/logo\/image\/\",\"url\":\"https:\/\/11ponto11servidor.com.br\/blogsrsiape\/wp-content\/uploads\/sites\/2\/2024\/10\/logo-1.png\",\"contentUrl\":\"https:\/\/11ponto11servidor.com.br\/blogsrsiape\/wp-content\/uploads\/sites\/2\/2024\/10\/logo-1.png\",\"width\":287,\"height\":116,\"caption\":\"Blog do sr. SIAPE\"},\"image\":{\"@id\":\"https:\/\/blogdosrsiape.com\/#\/schema\/logo\/image\/\"},\"sameAs\":[\"https:\/\/www.facebook.com\/blogsrsiape\/?locale=pt_BR\",\"https:\/\/www.instagram.com\/srsiape\/\"]},{\"@type\":\"Person\",\"@id\":\"https:\/\/blogdosrsiape.com\/#\/schema\/person\/641e1af8b22c69725a1d604fb8959bcf\",\"name\":\"websitemix\",\"sameAs\":[\"https:\/\/11ponto11servidor.com.br\"],\"url\":\"https:\/\/11ponto11servidor.com.br\/blogsrsiape\/author\/websitemix\/\"}]}<\/script>\n<!-- \/ Yoast SEO plugin. -->","yoast_head_json":{"title":"Governo insistir\u00e1 em programa de demiss\u00e3o para Servidores Federais","description":"Depois de uma fraca ades\u00e3o ao PDV em 2017, o governo insiste na aposta e se prepara para uma nova Medida em 2018 para demiss\u00e3o volunt\u00e1ria de Servidores","robots":{"index":"index","follow":"follow","max-snippet":"max-snippet:-1","max-image-preview":"max-image-preview:large","max-video-preview":"max-video-preview:-1"},"canonical":"https:\/\/blogdosrsiape.net\/governo-demissao-voluntaria\/","og_locale":"pt_BR","og_type":"article","og_title":"Governo insistir\u00e1 em programa de demiss\u00e3o para Servidores Federais","og_description":"Depois de uma fraca ades\u00e3o ao PDV em 2017, o governo insiste na aposta e se prepara para uma nova Medida em 2018 para demiss\u00e3o volunt\u00e1ria de Servidores","og_url":"https:\/\/blogdosrsiape.net\/governo-demissao-voluntaria\/","og_site_name":"Blog do Sr. SIAPE","article_publisher":"https:\/\/www.facebook.com\/blogsrsiape\/?locale=pt_BR","article_published_time":"2018-01-04T11:42:39+00:00","article_modified_time":"2018-01-04T11:51:37+00:00","og_image":[{"width":848,"height":370,"url":"https:\/\/11ponto11servidor.com.br\/blogsrsiape\/wp-content\/uploads\/sites\/2\/2017\/09\/blog-imagens-36.png","type":"image\/png"}],"author":"websitemix","twitter_card":"summary_large_image","twitter_misc":{"Escrito por":"websitemix","Est. tempo de leitura":"5 minutos"},"schema":{"@context":"https:\/\/schema.org","@graph":[{"@type":"Article","@id":"https:\/\/blogdosrsiape.net\/governo-demissao-voluntaria\/#article","isPartOf":{"@id":"https:\/\/blogdosrsiape.net\/governo-demissao-voluntaria\/"},"author":{"name":"websitemix","@id":"https:\/\/blogdosrsiape.com\/#\/schema\/person\/641e1af8b22c69725a1d604fb8959bcf"},"headline":"GOVERNO INSISTIR\u00c1 EM PROGRAMA DE DEMISS\u00c3O","datePublished":"2018-01-04T11:42:39+00:00","dateModified":"2018-01-04T11:51:37+00:00","mainEntityOfPage":{"@id":"https:\/\/blogdosrsiape.net\/governo-demissao-voluntaria\/"},"wordCount":949,"commentCount":0,"publisher":{"@id":"https:\/\/blogdosrsiape.com\/#organization"},"image":{"@id":"https:\/\/blogdosrsiape.net\/governo-demissao-voluntaria\/#primaryimage"},"thumbnailUrl":"https:\/\/11ponto11servidor.com.br\/blogsrsiape\/wp-content\/uploads\/sites\/2\/2017\/09\/blog-imagens-36.png","keywords":["Congresso","Congresso Nacional","Demiss\u00e3o","Federal","Governo","MP","PDV","p\u00fablico","Servidor","Servidor Federal","trabalhadores","trabalho","volunt\u00e1ria"],"articleSection":["Geral"],"inLanguage":"pt-BR","potentialAction":[{"@type":"CommentAction","name":"Comment","target":["https:\/\/blogdosrsiape.net\/governo-demissao-voluntaria\/#respond"]}]},{"@type":"WebPage","@id":"https:\/\/blogdosrsiape.net\/governo-demissao-voluntaria\/","url":"https:\/\/blogdosrsiape.net\/governo-demissao-voluntaria\/","name":"Governo insistir\u00e1 em programa de demiss\u00e3o para Servidores Federais","isPartOf":{"@id":"https:\/\/blogdosrsiape.com\/#website"},"primaryImageOfPage":{"@id":"https:\/\/blogdosrsiape.net\/governo-demissao-voluntaria\/#primaryimage"},"image":{"@id":"https:\/\/blogdosrsiape.net\/governo-demissao-voluntaria\/#primaryimage"},"thumbnailUrl":"https:\/\/11ponto11servidor.com.br\/blogsrsiape\/wp-content\/uploads\/sites\/2\/2017\/09\/blog-imagens-36.png","datePublished":"2018-01-04T11:42:39+00:00","dateModified":"2018-01-04T11:51:37+00:00","description":"Depois de uma fraca ades\u00e3o ao PDV em 2017, o governo insiste na aposta e se prepara para uma nova Medida em 2018 para demiss\u00e3o volunt\u00e1ria de Servidores","breadcrumb":{"@id":"https:\/\/blogdosrsiape.net\/governo-demissao-voluntaria\/#breadcrumb"},"inLanguage":"pt-BR","potentialAction":[{"@type":"ReadAction","target":["https:\/\/blogdosrsiape.net\/governo-demissao-voluntaria\/"]}]},{"@type":"ImageObject","inLanguage":"pt-BR","@id":"https:\/\/blogdosrsiape.net\/governo-demissao-voluntaria\/#primaryimage","url":"https:\/\/11ponto11servidor.com.br\/blogsrsiape\/wp-content\/uploads\/sites\/2\/2017\/09\/blog-imagens-36.png","contentUrl":"https:\/\/11ponto11servidor.com.br\/blogsrsiape\/wp-content\/uploads\/sites\/2\/2017\/09\/blog-imagens-36.png","width":848,"height":370,"caption":"previdencia"},{"@type":"BreadcrumbList","@id":"https:\/\/blogdosrsiape.net\/governo-demissao-voluntaria\/#breadcrumb","itemListElement":[{"@type":"ListItem","position":1,"name":"In\u00edcio","item":"https:\/\/blogdosrsiape.com\/"},{"@type":"ListItem","position":2,"name":"GOVERNO INSISTIR\u00c1 EM PROGRAMA DE DEMISS\u00c3O"}]},{"@type":"WebSite","@id":"https:\/\/blogdosrsiape.com\/#website","url":"https:\/\/blogdosrsiape.com\/","name":"Blog do sr. SIAPE","description":"SIAPE Servidor Federal","publisher":{"@id":"https:\/\/blogdosrsiape.com\/#organization"},"potentialAction":[{"@type":"SearchAction","target":{"@type":"EntryPoint","urlTemplate":"https:\/\/blogdosrsiape.com\/?s={search_term_string}"},"query-input":{"@type":"PropertyValueSpecification","valueRequired":true,"valueName":"search_term_string"}}],"inLanguage":"pt-BR"},{"@type":"Organization","@id":"https:\/\/blogdosrsiape.com\/#organization","name":"Blog do sr. SIAPE","url":"https:\/\/blogdosrsiape.com\/","logo":{"@type":"ImageObject","inLanguage":"pt-BR","@id":"https:\/\/blogdosrsiape.com\/#\/schema\/logo\/image\/","url":"https:\/\/11ponto11servidor.com.br\/blogsrsiape\/wp-content\/uploads\/sites\/2\/2024\/10\/logo-1.png","contentUrl":"https:\/\/11ponto11servidor.com.br\/blogsrsiape\/wp-content\/uploads\/sites\/2\/2024\/10\/logo-1.png","width":287,"height":116,"caption":"Blog do sr. SIAPE"},"image":{"@id":"https:\/\/blogdosrsiape.com\/#\/schema\/logo\/image\/"},"sameAs":["https:\/\/www.facebook.com\/blogsrsiape\/?locale=pt_BR","https:\/\/www.instagram.com\/srsiape\/"]},{"@type":"Person","@id":"https:\/\/blogdosrsiape.com\/#\/schema\/person\/641e1af8b22c69725a1d604fb8959bcf","name":"websitemix","sameAs":["https:\/\/11ponto11servidor.com.br"],"url":"https:\/\/11ponto11servidor.com.br\/blogsrsiape\/author\/websitemix\/"}]}},"_links":{"self":[{"href":"https:\/\/11ponto11servidor.com.br\/blogsrsiape\/wp-json\/wp\/v2\/posts\/3983"}],"collection":[{"href":"https:\/\/11ponto11servidor.com.br\/blogsrsiape\/wp-json\/wp\/v2\/posts"}],"about":[{"href":"https:\/\/11ponto11servidor.com.br\/blogsrsiape\/wp-json\/wp\/v2\/types\/post"}],"author":[{"embeddable":true,"href":"https:\/\/11ponto11servidor.com.br\/blogsrsiape\/wp-json\/wp\/v2\/users\/1"}],"replies":[{"embeddable":true,"href":"https:\/\/11ponto11servidor.com.br\/blogsrsiape\/wp-json\/wp\/v2\/comments?post=3983"}],"version-history":[{"count":0,"href":"https:\/\/11ponto11servidor.com.br\/blogsrsiape\/wp-json\/wp\/v2\/posts\/3983\/revisions"}],"wp:featuredmedia":[{"embeddable":true,"href":"https:\/\/11ponto11servidor.com.br\/blogsrsiape\/wp-json\/wp\/v2\/media\/2552"}],"wp:attachment":[{"href":"https:\/\/11ponto11servidor.com.br\/blogsrsiape\/wp-json\/wp\/v2\/media?parent=3983"}],"wp:term":[{"taxonomy":"category","embeddable":true,"href":"https:\/\/11ponto11servidor.com.br\/blogsrsiape\/wp-json\/wp\/v2\/categories?post=3983"},{"taxonomy":"post_tag","embeddable":true,"href":"https:\/\/11ponto11servidor.com.br\/blogsrsiape\/wp-json\/wp\/v2\/tags?post=3983"}],"curies":[{"name":"wp","href":"https:\/\/api.w.org\/{rel}","templated":true}]}}