{"id":404,"date":"2015-04-27T18:44:21","date_gmt":"2015-04-27T21:44:21","guid":{"rendered":"https:\/\/11ponto11servidor.com.br\/blogsrsiape\/?p=404"},"modified":"2015-04-27T18:44:21","modified_gmt":"2015-04-27T21:44:21","slug":"instituto-de-educacao-de-surdos-realiza-ciclo-de-palestras","status":"publish","type":"post","link":"https:\/\/11ponto11servidor.com.br\/blogsrsiape\/instituto-de-educacao-de-surdos-realiza-ciclo-de-palestras\/","title":{"rendered":"Instituto de Educa\u00e7\u00e3o de Surdos realiza ciclo de palestras"},"content":{"rendered":"<p>O Instituto Nacional de Educa\u00e7\u00e3o de Surdos (Ines) em parceria com a Universidade Federal do Estado do Rio de Janeiro (Unirio) realizou um ciclo de palestras e mesas redondas:\u201cIntegrando Saberes no Ines\u201d.O evento voltado para servidores do instituto contou com a presen\u00e7a do professor Carlos Skliar, da Faculdade Latino-Americana de Ci\u00eancias Sociais (FLACSO), refer\u00eancia no estudo da educa\u00e7\u00e3o e surdez.No total, cerca de 300 pessoas compareceram ao encontro\u00a0entre 25 e 26 de mar\u00e7o. As atividades tiveram in\u00edcio na tarde de quarta-feira (25), com a apresenta\u00e7\u00e3o da comiss\u00e3o de Est\u00edmulo \u00e0 Forma\u00e7\u00e3o Continuada e Difus\u00e3o de Pesquisas e A\u00e7\u00f5es dos Educadores do Ines. Em seguida, o evento contou com a palestra \u201cDesobedecer a linguagem na educa\u00e7\u00e3o de surdos\u201d, ministrada pelo professor Carlos Skliar. Na ocasi\u00e3o, o docente apresentou informa\u00e7\u00f5es presentes no seu livro \u201cDesobedecer a Linguagem\u201d, lan\u00e7ado no ano passado.O escritor tamb\u00e9m destacou a import\u00e2ncia do di\u00e1logo na educa\u00e7\u00e3o, lembrando que atualmente a publicidade e o consumo ef\u00eameros liquidam as rela\u00e7\u00f5es sociais. \u201cSe eu n\u00e3o converso, eu n\u00e3o educo\u201d, afirmou.<\/p>\n<p>Programa\u00e7\u00e3o: Na quinta-feira (26), o tema da palestra foi \u201cEducar como Travessia\u201d, baseado no livro \u201cO Ensinar enquanto Travessia\u201d, tamb\u00e9m de 2014. Skliar comparou o ato de educar a uma viagem, al\u00e9m disso defendeu a educa\u00e7\u00e3o na rede p\u00fablica.<\/p>\n<p>\u201cHoje h\u00e1 ataques contra a escola p\u00fablica e, principalmente, contra o p\u00fablico da escola. Mas a escola \u00e9 um lugar p\u00fablico, onde acontece o que n\u00e3o \u00e9 segredo, o que se mostra, o que \u00e9 comum a todo mundo e independe das diferen\u00e7as individuais\u201d, observou.<br \/>\n\u00a0Ciclo de palestras: A Comiss\u00e3o de Est\u00edmulo \u00e0 Forma\u00e7\u00e3o Continuada e Difus\u00e3o de Pesquisas e A\u00e7\u00f5es dos Educadores do Ines j\u00e1 est\u00e1 definindo o calend\u00e1rio de eventos, com datas at\u00e9 o fim do ano.<\/p>\n<p>\u201cVamos promover palestras e mesas redondas uma vez por m\u00eas, sempre \u00e0s quintas-feiras, com profissionais das diversas \u00e1reas do conhecimento que desenvolvem pesquisas no campo da surdez\u201d, contou a diretora do Debasi, Amanda Ribeiro. O pr\u00f3ximo encontro do \u201cIntegrando Saberes no Ines\u201d ser\u00e1 no dia 30 de abril e abordar\u00e1 o tema \u201cEduca\u00e7\u00e3o e tecnologia\u201d.<\/p>\n<p>Fonte: Instituto Nacional de Educa\u00e7\u00e3o de Surdos\u00a0\/\u00a0Inclus\u00e3o<\/p>\n<p><a ref=\"magnificPopup\" href=\"https:\/\/blogdosrsiape.files.wordpress.com\/2015\/03\/o-sr-siape.png\"><img loading=\"lazy\" decoding=\"async\" src=\"https:\/\/blogdosrsiape.files.wordpress.com\/2015\/03\/o-sr-siape.png?w=300\" alt=\"o sr siape\" width=\"300\" height=\"172\" class=\"alignnone size-medium wp-image-125\" \/><\/a><\/p>\n","protected":false},"excerpt":{"rendered":"<p>O Instituto Nacional de Educa\u00e7\u00e3o de Surdos (Ines) em parceria com a Universidade Federal do Estado do Rio de Janeiro (Unirio) realizou um ciclo de palestras e mesas redondas:\u201cIntegrando Saberes no Ines\u201d.O evento voltado para servidores do instituto contou com a presen\u00e7a do professor Carlos Skliar, da Faculdade Latino-Americana de Ci\u00eancias Sociais (FLACSO), refer\u00eancia no&#8230;<\/p>\n","protected":false},"author":1,"featured_media":0,"comment_status":"open","ping_status":"open","sticky":false,"template":"","format":"standard","meta":{"footnotes":""},"categories":[1],"tags":[],"class_list":["post-404","post","type-post","status-publish","format-standard","hentry","category-geral"],"yoast_head":"<!-- This site is optimized with the Yoast SEO plugin v23.6 - https:\/\/yoast.com\/wordpress\/plugins\/seo\/ -->\n<title>Instituto de Educa\u00e7\u00e3o de Surdos realiza ciclo de palestras - Blog do Sr. SIAPE<\/title>\n<meta name=\"robots\" content=\"index, follow, max-snippet:-1, max-image-preview:large, max-video-preview:-1\" \/>\n<link rel=\"canonical\" href=\"https:\/\/11ponto11servidor.com.br\/blogsrsiape\/instituto-de-educacao-de-surdos-realiza-ciclo-de-palestras\/\" \/>\n<meta property=\"og:locale\" content=\"pt_BR\" \/>\n<meta property=\"og:type\" content=\"article\" \/>\n<meta property=\"og:title\" content=\"Instituto de Educa\u00e7\u00e3o de Surdos realiza ciclo de palestras - Blog do Sr. SIAPE\" \/>\n<meta property=\"og:description\" content=\"O Instituto Nacional de Educa\u00e7\u00e3o de Surdos (Ines) em parceria com a Universidade Federal do Estado do Rio de Janeiro (Unirio) realizou um ciclo de palestras e mesas redondas:\u201cIntegrando Saberes no Ines\u201d.O evento voltado para servidores do instituto contou com a presen\u00e7a do professor Carlos Skliar, da Faculdade Latino-Americana de Ci\u00eancias Sociais (FLACSO), refer\u00eancia no...\" \/>\n<meta property=\"og:url\" content=\"https:\/\/11ponto11servidor.com.br\/blogsrsiape\/instituto-de-educacao-de-surdos-realiza-ciclo-de-palestras\/\" \/>\n<meta property=\"og:site_name\" content=\"Blog do Sr. SIAPE\" \/>\n<meta property=\"article:publisher\" content=\"https:\/\/www.facebook.com\/blogsrsiape\/?locale=pt_BR\" \/>\n<meta property=\"article:published_time\" content=\"2015-04-27T21:44:21+00:00\" \/>\n<meta property=\"og:image\" content=\"https:\/\/blogdosrsiape.files.wordpress.com\/2015\/03\/o-sr-siape.png?w=300\" \/>\n<meta name=\"author\" content=\"websitemix\" \/>\n<meta name=\"twitter:card\" content=\"summary_large_image\" \/>\n<meta name=\"twitter:label1\" content=\"Escrito por\" \/>\n\t<meta name=\"twitter:data1\" content=\"websitemix\" \/>\n\t<meta name=\"twitter:label2\" content=\"Est. tempo de leitura\" \/>\n\t<meta name=\"twitter:data2\" content=\"2 minutos\" \/>\n<script type=\"application\/ld+json\" class=\"yoast-schema-graph\">{\"@context\":\"https:\/\/schema.org\",\"@graph\":[{\"@type\":\"Article\",\"@id\":\"https:\/\/11ponto11servidor.com.br\/blogsrsiape\/instituto-de-educacao-de-surdos-realiza-ciclo-de-palestras\/#article\",\"isPartOf\":{\"@id\":\"https:\/\/11ponto11servidor.com.br\/blogsrsiape\/instituto-de-educacao-de-surdos-realiza-ciclo-de-palestras\/\"},\"author\":{\"name\":\"websitemix\",\"@id\":\"https:\/\/blogdosrsiape.com\/#\/schema\/person\/641e1af8b22c69725a1d604fb8959bcf\"},\"headline\":\"Instituto de Educa\u00e7\u00e3o de Surdos realiza ciclo de palestras\",\"datePublished\":\"2015-04-27T21:44:21+00:00\",\"dateModified\":\"2015-04-27T21:44:21+00:00\",\"mainEntityOfPage\":{\"@id\":\"https:\/\/11ponto11servidor.com.br\/blogsrsiape\/instituto-de-educacao-de-surdos-realiza-ciclo-de-palestras\/\"},\"wordCount\":399,\"commentCount\":0,\"publisher\":{\"@id\":\"https:\/\/blogdosrsiape.com\/#organization\"},\"image\":{\"@id\":\"https:\/\/11ponto11servidor.com.br\/blogsrsiape\/instituto-de-educacao-de-surdos-realiza-ciclo-de-palestras\/#primaryimage\"},\"thumbnailUrl\":\"https:\/\/blogdosrsiape.files.wordpress.com\/2015\/03\/o-sr-siape.png?w=300\",\"articleSection\":[\"Geral\"],\"inLanguage\":\"pt-BR\",\"potentialAction\":[{\"@type\":\"CommentAction\",\"name\":\"Comment\",\"target\":[\"https:\/\/11ponto11servidor.com.br\/blogsrsiape\/instituto-de-educacao-de-surdos-realiza-ciclo-de-palestras\/#respond\"]}]},{\"@type\":\"WebPage\",\"@id\":\"https:\/\/11ponto11servidor.com.br\/blogsrsiape\/instituto-de-educacao-de-surdos-realiza-ciclo-de-palestras\/\",\"url\":\"https:\/\/11ponto11servidor.com.br\/blogsrsiape\/instituto-de-educacao-de-surdos-realiza-ciclo-de-palestras\/\",\"name\":\"Instituto de Educa\u00e7\u00e3o de Surdos realiza ciclo de palestras - Blog do Sr. SIAPE\",\"isPartOf\":{\"@id\":\"https:\/\/blogdosrsiape.com\/#website\"},\"primaryImageOfPage\":{\"@id\":\"https:\/\/11ponto11servidor.com.br\/blogsrsiape\/instituto-de-educacao-de-surdos-realiza-ciclo-de-palestras\/#primaryimage\"},\"image\":{\"@id\":\"https:\/\/11ponto11servidor.com.br\/blogsrsiape\/instituto-de-educacao-de-surdos-realiza-ciclo-de-palestras\/#primaryimage\"},\"thumbnailUrl\":\"https:\/\/blogdosrsiape.files.wordpress.com\/2015\/03\/o-sr-siape.png?w=300\",\"datePublished\":\"2015-04-27T21:44:21+00:00\",\"dateModified\":\"2015-04-27T21:44:21+00:00\",\"breadcrumb\":{\"@id\":\"https:\/\/11ponto11servidor.com.br\/blogsrsiape\/instituto-de-educacao-de-surdos-realiza-ciclo-de-palestras\/#breadcrumb\"},\"inLanguage\":\"pt-BR\",\"potentialAction\":[{\"@type\":\"ReadAction\",\"target\":[\"https:\/\/11ponto11servidor.com.br\/blogsrsiape\/instituto-de-educacao-de-surdos-realiza-ciclo-de-palestras\/\"]}]},{\"@type\":\"ImageObject\",\"inLanguage\":\"pt-BR\",\"@id\":\"https:\/\/11ponto11servidor.com.br\/blogsrsiape\/instituto-de-educacao-de-surdos-realiza-ciclo-de-palestras\/#primaryimage\",\"url\":\"https:\/\/blogdosrsiape.files.wordpress.com\/2015\/03\/o-sr-siape.png?w=300\",\"contentUrl\":\"https:\/\/blogdosrsiape.files.wordpress.com\/2015\/03\/o-sr-siape.png?w=300\"},{\"@type\":\"BreadcrumbList\",\"@id\":\"https:\/\/11ponto11servidor.com.br\/blogsrsiape\/instituto-de-educacao-de-surdos-realiza-ciclo-de-palestras\/#breadcrumb\",\"itemListElement\":[{\"@type\":\"ListItem\",\"position\":1,\"name\":\"In\u00edcio\",\"item\":\"https:\/\/blogdosrsiape.com\/\"},{\"@type\":\"ListItem\",\"position\":2,\"name\":\"Instituto de Educa\u00e7\u00e3o de Surdos realiza ciclo de palestras\"}]},{\"@type\":\"WebSite\",\"@id\":\"https:\/\/blogdosrsiape.com\/#website\",\"url\":\"https:\/\/blogdosrsiape.com\/\",\"name\":\"Blog do sr. SIAPE\",\"description\":\"SIAPE Servidor Federal\",\"publisher\":{\"@id\":\"https:\/\/blogdosrsiape.com\/#organization\"},\"potentialAction\":[{\"@type\":\"SearchAction\",\"target\":{\"@type\":\"EntryPoint\",\"urlTemplate\":\"https:\/\/blogdosrsiape.com\/?s={search_term_string}\"},\"query-input\":{\"@type\":\"PropertyValueSpecification\",\"valueRequired\":true,\"valueName\":\"search_term_string\"}}],\"inLanguage\":\"pt-BR\"},{\"@type\":\"Organization\",\"@id\":\"https:\/\/blogdosrsiape.com\/#organization\",\"name\":\"Blog do sr. SIAPE\",\"url\":\"https:\/\/blogdosrsiape.com\/\",\"logo\":{\"@type\":\"ImageObject\",\"inLanguage\":\"pt-BR\",\"@id\":\"https:\/\/blogdosrsiape.com\/#\/schema\/logo\/image\/\",\"url\":\"https:\/\/11ponto11servidor.com.br\/blogsrsiape\/wp-content\/uploads\/sites\/2\/2024\/10\/logo-1.png\",\"contentUrl\":\"https:\/\/11ponto11servidor.com.br\/blogsrsiape\/wp-content\/uploads\/sites\/2\/2024\/10\/logo-1.png\",\"width\":287,\"height\":116,\"caption\":\"Blog do sr. SIAPE\"},\"image\":{\"@id\":\"https:\/\/blogdosrsiape.com\/#\/schema\/logo\/image\/\"},\"sameAs\":[\"https:\/\/www.facebook.com\/blogsrsiape\/?locale=pt_BR\",\"https:\/\/www.instagram.com\/srsiape\/\"]},{\"@type\":\"Person\",\"@id\":\"https:\/\/blogdosrsiape.com\/#\/schema\/person\/641e1af8b22c69725a1d604fb8959bcf\",\"name\":\"websitemix\",\"sameAs\":[\"https:\/\/11ponto11servidor.com.br\"],\"url\":\"https:\/\/11ponto11servidor.com.br\/blogsrsiape\/author\/websitemix\/\"}]}<\/script>\n<!-- \/ Yoast SEO plugin. -->","yoast_head_json":{"title":"Instituto de Educa\u00e7\u00e3o de Surdos realiza ciclo de palestras - Blog do Sr. SIAPE","robots":{"index":"index","follow":"follow","max-snippet":"max-snippet:-1","max-image-preview":"max-image-preview:large","max-video-preview":"max-video-preview:-1"},"canonical":"https:\/\/11ponto11servidor.com.br\/blogsrsiape\/instituto-de-educacao-de-surdos-realiza-ciclo-de-palestras\/","og_locale":"pt_BR","og_type":"article","og_title":"Instituto de Educa\u00e7\u00e3o de Surdos realiza ciclo de palestras - Blog do Sr. SIAPE","og_description":"O Instituto Nacional de Educa\u00e7\u00e3o de Surdos (Ines) em parceria com a Universidade Federal do Estado do Rio de Janeiro (Unirio) realizou um ciclo de palestras e mesas redondas:\u201cIntegrando Saberes no Ines\u201d.O evento voltado para servidores do instituto contou com a presen\u00e7a do professor Carlos Skliar, da Faculdade Latino-Americana de Ci\u00eancias Sociais (FLACSO), refer\u00eancia no...","og_url":"https:\/\/11ponto11servidor.com.br\/blogsrsiape\/instituto-de-educacao-de-surdos-realiza-ciclo-de-palestras\/","og_site_name":"Blog do Sr. SIAPE","article_publisher":"https:\/\/www.facebook.com\/blogsrsiape\/?locale=pt_BR","article_published_time":"2015-04-27T21:44:21+00:00","og_image":[{"url":"https:\/\/blogdosrsiape.files.wordpress.com\/2015\/03\/o-sr-siape.png?w=300"}],"author":"websitemix","twitter_card":"summary_large_image","twitter_misc":{"Escrito por":"websitemix","Est. tempo de leitura":"2 minutos"},"schema":{"@context":"https:\/\/schema.org","@graph":[{"@type":"Article","@id":"https:\/\/11ponto11servidor.com.br\/blogsrsiape\/instituto-de-educacao-de-surdos-realiza-ciclo-de-palestras\/#article","isPartOf":{"@id":"https:\/\/11ponto11servidor.com.br\/blogsrsiape\/instituto-de-educacao-de-surdos-realiza-ciclo-de-palestras\/"},"author":{"name":"websitemix","@id":"https:\/\/blogdosrsiape.com\/#\/schema\/person\/641e1af8b22c69725a1d604fb8959bcf"},"headline":"Instituto de Educa\u00e7\u00e3o de Surdos realiza ciclo de palestras","datePublished":"2015-04-27T21:44:21+00:00","dateModified":"2015-04-27T21:44:21+00:00","mainEntityOfPage":{"@id":"https:\/\/11ponto11servidor.com.br\/blogsrsiape\/instituto-de-educacao-de-surdos-realiza-ciclo-de-palestras\/"},"wordCount":399,"commentCount":0,"publisher":{"@id":"https:\/\/blogdosrsiape.com\/#organization"},"image":{"@id":"https:\/\/11ponto11servidor.com.br\/blogsrsiape\/instituto-de-educacao-de-surdos-realiza-ciclo-de-palestras\/#primaryimage"},"thumbnailUrl":"https:\/\/blogdosrsiape.files.wordpress.com\/2015\/03\/o-sr-siape.png?w=300","articleSection":["Geral"],"inLanguage":"pt-BR","potentialAction":[{"@type":"CommentAction","name":"Comment","target":["https:\/\/11ponto11servidor.com.br\/blogsrsiape\/instituto-de-educacao-de-surdos-realiza-ciclo-de-palestras\/#respond"]}]},{"@type":"WebPage","@id":"https:\/\/11ponto11servidor.com.br\/blogsrsiape\/instituto-de-educacao-de-surdos-realiza-ciclo-de-palestras\/","url":"https:\/\/11ponto11servidor.com.br\/blogsrsiape\/instituto-de-educacao-de-surdos-realiza-ciclo-de-palestras\/","name":"Instituto de Educa\u00e7\u00e3o de Surdos realiza ciclo de palestras - Blog do Sr. SIAPE","isPartOf":{"@id":"https:\/\/blogdosrsiape.com\/#website"},"primaryImageOfPage":{"@id":"https:\/\/11ponto11servidor.com.br\/blogsrsiape\/instituto-de-educacao-de-surdos-realiza-ciclo-de-palestras\/#primaryimage"},"image":{"@id":"https:\/\/11ponto11servidor.com.br\/blogsrsiape\/instituto-de-educacao-de-surdos-realiza-ciclo-de-palestras\/#primaryimage"},"thumbnailUrl":"https:\/\/blogdosrsiape.files.wordpress.com\/2015\/03\/o-sr-siape.png?w=300","datePublished":"2015-04-27T21:44:21+00:00","dateModified":"2015-04-27T21:44:21+00:00","breadcrumb":{"@id":"https:\/\/11ponto11servidor.com.br\/blogsrsiape\/instituto-de-educacao-de-surdos-realiza-ciclo-de-palestras\/#breadcrumb"},"inLanguage":"pt-BR","potentialAction":[{"@type":"ReadAction","target":["https:\/\/11ponto11servidor.com.br\/blogsrsiape\/instituto-de-educacao-de-surdos-realiza-ciclo-de-palestras\/"]}]},{"@type":"ImageObject","inLanguage":"pt-BR","@id":"https:\/\/11ponto11servidor.com.br\/blogsrsiape\/instituto-de-educacao-de-surdos-realiza-ciclo-de-palestras\/#primaryimage","url":"https:\/\/blogdosrsiape.files.wordpress.com\/2015\/03\/o-sr-siape.png?w=300","contentUrl":"https:\/\/blogdosrsiape.files.wordpress.com\/2015\/03\/o-sr-siape.png?w=300"},{"@type":"BreadcrumbList","@id":"https:\/\/11ponto11servidor.com.br\/blogsrsiape\/instituto-de-educacao-de-surdos-realiza-ciclo-de-palestras\/#breadcrumb","itemListElement":[{"@type":"ListItem","position":1,"name":"In\u00edcio","item":"https:\/\/blogdosrsiape.com\/"},{"@type":"ListItem","position":2,"name":"Instituto de Educa\u00e7\u00e3o de Surdos realiza ciclo de palestras"}]},{"@type":"WebSite","@id":"https:\/\/blogdosrsiape.com\/#website","url":"https:\/\/blogdosrsiape.com\/","name":"Blog do sr. SIAPE","description":"SIAPE Servidor Federal","publisher":{"@id":"https:\/\/blogdosrsiape.com\/#organization"},"potentialAction":[{"@type":"SearchAction","target":{"@type":"EntryPoint","urlTemplate":"https:\/\/blogdosrsiape.com\/?s={search_term_string}"},"query-input":{"@type":"PropertyValueSpecification","valueRequired":true,"valueName":"search_term_string"}}],"inLanguage":"pt-BR"},{"@type":"Organization","@id":"https:\/\/blogdosrsiape.com\/#organization","name":"Blog do sr. SIAPE","url":"https:\/\/blogdosrsiape.com\/","logo":{"@type":"ImageObject","inLanguage":"pt-BR","@id":"https:\/\/blogdosrsiape.com\/#\/schema\/logo\/image\/","url":"https:\/\/11ponto11servidor.com.br\/blogsrsiape\/wp-content\/uploads\/sites\/2\/2024\/10\/logo-1.png","contentUrl":"https:\/\/11ponto11servidor.com.br\/blogsrsiape\/wp-content\/uploads\/sites\/2\/2024\/10\/logo-1.png","width":287,"height":116,"caption":"Blog do sr. SIAPE"},"image":{"@id":"https:\/\/blogdosrsiape.com\/#\/schema\/logo\/image\/"},"sameAs":["https:\/\/www.facebook.com\/blogsrsiape\/?locale=pt_BR","https:\/\/www.instagram.com\/srsiape\/"]},{"@type":"Person","@id":"https:\/\/blogdosrsiape.com\/#\/schema\/person\/641e1af8b22c69725a1d604fb8959bcf","name":"websitemix","sameAs":["https:\/\/11ponto11servidor.com.br"],"url":"https:\/\/11ponto11servidor.com.br\/blogsrsiape\/author\/websitemix\/"}]}},"_links":{"self":[{"href":"https:\/\/11ponto11servidor.com.br\/blogsrsiape\/wp-json\/wp\/v2\/posts\/404"}],"collection":[{"href":"https:\/\/11ponto11servidor.com.br\/blogsrsiape\/wp-json\/wp\/v2\/posts"}],"about":[{"href":"https:\/\/11ponto11servidor.com.br\/blogsrsiape\/wp-json\/wp\/v2\/types\/post"}],"author":[{"embeddable":true,"href":"https:\/\/11ponto11servidor.com.br\/blogsrsiape\/wp-json\/wp\/v2\/users\/1"}],"replies":[{"embeddable":true,"href":"https:\/\/11ponto11servidor.com.br\/blogsrsiape\/wp-json\/wp\/v2\/comments?post=404"}],"version-history":[{"count":0,"href":"https:\/\/11ponto11servidor.com.br\/blogsrsiape\/wp-json\/wp\/v2\/posts\/404\/revisions"}],"wp:attachment":[{"href":"https:\/\/11ponto11servidor.com.br\/blogsrsiape\/wp-json\/wp\/v2\/media?parent=404"}],"wp:term":[{"taxonomy":"category","embeddable":true,"href":"https:\/\/11ponto11servidor.com.br\/blogsrsiape\/wp-json\/wp\/v2\/categories?post=404"},{"taxonomy":"post_tag","embeddable":true,"href":"https:\/\/11ponto11servidor.com.br\/blogsrsiape\/wp-json\/wp\/v2\/tags?post=404"}],"curies":[{"name":"wp","href":"https:\/\/api.w.org\/{rel}","templated":true}]}}