{"id":4054,"date":"2018-01-06T10:00:25","date_gmt":"2018-01-06T07:00:25","guid":{"rendered":"https:\/\/11ponto11servidor.com.br\/blogsrsiape\/?p=4054"},"modified":"2018-01-05T16:37:32","modified_gmt":"2018-01-05T13:37:32","slug":"viagem-carnaval-danca-brasil-2018","status":"publish","type":"post","link":"https:\/\/11ponto11servidor.com.br\/blogsrsiape\/viagem-carnaval-danca-brasil-2018\/","title":{"rendered":"Especial de carnaval &#8211; Tudo sobre a dan\u00e7a Frevo"},"content":{"rendered":"<section class=\"l-section wpb_row height_large\"><div class=\"l-section-h i-cf\"><div class=\"g-cols vc_row type_default valign_top\"><div class=\"vc_col-sm-12 wpb_column vc_column_container\"><div class=\"vc_column-inner\"><div class=\"wpb_wrapper\"><div class=\"wpb_text_column\" ><div class=\"wpb_wrapper\"><p>O frevo \u00e9 uma <em>dan\u00e7a<\/em> folcl\u00f3rica t\u00edpica do carnaval de rua. \u00c9 uma das principais dan\u00e7as tradicionais brasileiras e uma das manifesta\u00e7\u00f5es culturais mais conhecidas na regi\u00e3o nordeste do Brasil. Merece destaque o carnaval pernambucano sobretudo, das cidades de Olinda e Recife.<\/p>\n<p>Essa <em>dan\u00e7a<\/em> popular foi reconhecida como Patrim\u00f4nio Cultural Imaterial da Humanidade pelo Instituto do Patrim\u00f4nio Hist\u00f3rico e Art\u00edstico Nacional (IPHAN) em 2007.<\/p>\n<\/div><\/div><\/div><\/div><\/div><\/div><\/div><\/section><section class=\"l-section wpb_row height_large\"><div class=\"l-section-h i-cf\"><div class=\"g-cols vc_row type_default valign_top\"><div class=\"vc_col-sm-12 wpb_column vc_column_container\"><div class=\"vc_column-inner\"><div class=\"wpb_wrapper\"><div class=\" ubtn-ctn-left \"><a class=\"ubtn-link ult-adjust-bottom-margin ubtn-left ubtn-large \" href=\"https:\/\/www.e-agencias.com.br\/ag68060\/flights\/search\/RoundTrip\/SAO\/REC\/2018-02-10\/2018-02-14\/1\/0\/0\/NA\/NA\/NA\/NA\" title=\"Passagens para Recife\" target=\"_blank\" rel=\"noopener\" ><button type=\"button\" id=\"ubtn-2405\"  class=\"ubtn ult-adjust-bottom-margin ult-responsive ubtn-large ubtn-no-hover-bg  ulta-sink  ubtn-sep-icon ubtn-sep-icon-bottom-push  ubtn-shd  ubtn-left  shd-bottom tooltip-69f2a7f2e483c\"  data-hover=\"#ffffff\" data-border-color=\"\" data-bg=\"#a02d24\" data-hover-bg=\"#ffffff\" data-border-hover=\"\" data-shadow-hover=\"0 3px #661313;\" data-shadow-click=\"\" data-shadow=\"0 2px #661313;\" data-shd-shadow=\"2\"  data-ultimate-target='#ubtn-2405'  data-responsive-json-new='{\"font-size\":\"\",\"line-height\":\"\"}'  style=\"font-weight:bold;border:none;box-shadow: 0 2px #661313;background: #a02d24;color: #ffffff;\"><span class=\"ubtn-data ubtn-icon\"><i class=\"Defaults-suitcase\" style=\"font-size:32px;color:#a02d24;\"><\/i><\/span><span class=\"ubtn-hover\" style=\"background-color:#ffffff\"><\/span><span class=\"ubtn-data ubtn-text \" >Passagens para Recife<\/span><\/button><\/a><\/div><\/div><\/div><\/div><\/div><\/div><\/section>\n<p>Em 2012, o frevo foi inclu\u00eddo na Lista Representativa do Patrim\u00f4nio Cultural Imaterial da Humanidade pela Organiza\u00e7\u00e3o das Na\u00e7\u00f5es Unidas (Unesco).<\/p>\n<p>&nbsp;<\/p>\n<h2><a href=\"https:\/\/www.suaviagemnoclick.com.br\">Origem e Hist\u00f3ria<\/a><\/h2>\n<p>O frevo tem origem no s\u00e9culo XIX em Recife, Pernambuco, onde surgiu da rivalidade entre as bandas militares e os escravos que tinham se tornado livres.<\/p>\n<p>A palavra frevo surge como uma corruptela do verbo ferver (\u201cfrever\u201d). Isso porque o frevo \u00e9 uma <em>dan\u00e7a<\/em> fren\u00e9tica, de ritmo muito acelerado cuja origem decorreu num momento igualmente fren\u00e9tico em termos pol\u00edticos e sociais. Vivia-se o p\u00f3s-abolicionismo, quando surgia uma nova classe oper\u00e1ria.<\/p>\n<p>Por possuir um grande valor cultural, dia 09 de fevereiro \u00e9 comemorado o Dia do Frevo.<\/p>\n<section class=\"l-section wpb_row height_large\"><div class=\"l-section-h i-cf\"><div class=\"g-cols vc_row type_default valign_top\"><div class=\"vc_col-sm-12 wpb_column vc_column_container\"><div class=\"vc_column-inner\"><div class=\"wpb_wrapper\"><div class=\" ubtn-ctn-left \"><a class=\"ubtn-link ult-adjust-bottom-margin ubtn-left ubtn-large \" href=\"https:\/\/www.e-agencias.com.br\/ag68060\/flights\/search\/RoundTrip\/SAO\/REC\/2018-02-10\/2018-02-14\/1\/0\/0\/NA\/NA\/NA\/NA\" title=\"Passagens para Recife\" target=\"_blank\" rel=\"noopener\" ><button type=\"button\" id=\"ubtn-1393\"  class=\"ubtn ult-adjust-bottom-margin ult-responsive ubtn-large ubtn-no-hover-bg  ulta-sink  ubtn-sep-icon ubtn-sep-icon-bottom-push  ubtn-shd  ubtn-left  shd-bottom tooltip-69f2a7f2e4a30\"  data-hover=\"#ffffff\" data-border-color=\"\" data-bg=\"#a02d24\" data-hover-bg=\"#ffffff\" data-border-hover=\"\" data-shadow-hover=\"0 3px #661313;\" data-shadow-click=\"\" data-shadow=\"0 2px #661313;\" data-shd-shadow=\"2\"  data-ultimate-target='#ubtn-1393'  data-responsive-json-new='{\"font-size\":\"\",\"line-height\":\"\"}'  style=\"font-weight:bold;border:none;box-shadow: 0 2px #661313;background: #a02d24;color: #ffffff;\"><span class=\"ubtn-data ubtn-icon\"><i class=\"Defaults-suitcase\" style=\"font-size:32px;color:#a02d24;\"><\/i><\/span><span class=\"ubtn-hover\" style=\"background-color:#ffffff\"><\/span><span class=\"ubtn-data ubtn-text \" >Passagens para Recife<\/span><\/button><\/a><\/div><\/div><\/div><\/div><\/div><\/div><\/section>\n<p>&nbsp;<\/p>\n<h2><a href=\"https:\/\/www.suaviagemnoclick.com.br\">Pa\u00e7o do frevo<\/a><\/h2>\n<p>Em 2014 foi inaugurado o Pa\u00e7o do Frevo, no Recife.<\/p>\n<p>Trata-se de um local que re\u00fane a hist\u00f3ria dessa express\u00e3o cultural, bem como oferece forma\u00e7\u00e3o referente ao frevo.<\/p>\n<p>O objetivo \u00e9 valorizar e divulgar a arte que compreende as \u00e1reas da <em>dan\u00e7a<\/em> e da m\u00fasica que faz parte do folclore brasileiro.<\/p>\n<p><a href=\"https:\/\/www.suaviagemnoclick.com.br\"><img loading=\"lazy\" decoding=\"async\" class=\"alignnone wp-image-4056 size-full\" src=\"https:\/\/11ponto11servidor.com.br\/blogsrsiape\/wp-content\/uploads\/sites\/2\/2018\/01\/frevo_3_blog.png\" alt=\"dan\u00e7a\" width=\"840\" height=\"380\" srcset=\"https:\/\/11ponto11servidor.com.br\/blogsrsiape\/wp-content\/uploads\/sites\/2\/2018\/01\/frevo_3_blog.png 840w, https:\/\/11ponto11servidor.com.br\/blogsrsiape\/wp-content\/uploads\/sites\/2\/2018\/01\/frevo_3_blog-300x136.png 300w, https:\/\/11ponto11servidor.com.br\/blogsrsiape\/wp-content\/uploads\/sites\/2\/2018\/01\/frevo_3_blog-768x347.png 768w\" sizes=\"(max-width: 840px) 100vw, 840px\" \/><\/a><\/p>\n<h2>Caracter\u00edsticas da dan\u00e7a<\/h2>\n<p>O frevo caracteriza-se por ser uma marchinha acelerada ao som de uma banda que segue o estilo dos blocos de carnaval. Ele incorpora elementos de outras dan\u00e7as, tais como maxixe, polca e, inclusive, a capoeira. A orquestra do frevo recebe o nome de Fanfarra. A m\u00fasica executada no decorrer da <em>dan\u00e7a<\/em>, por sua vez, tamb\u00e9m \u00e9 chamada de frevo.<\/p>\n<p>N\u00e3o h\u00e1 apenas um tipo de frevo. O mais comum n\u00e3o \u00e9 cantado, mas apenas executado por instrumentos de sopro e de percuss\u00e3o. Os instrumentos musicais mais utilizados s\u00e3o o trombone, o trompete, o saxofone e a tuba.<\/p>\n<p>Uma das caracter\u00edsticas mais marcantes \u00e9 a utiliza\u00e7\u00e3o de sombrinhas coloridas, objeto que assume um papel importante na <em>dan\u00e7a<\/em>. Elas auxiliam na coreografia ajudando os dan\u00e7arinos a obter equil\u00edbrio ao executar passos acrob\u00e1ticos. Al\u00e9m disso, trazem um colorido especial \u00e0 <em>dan\u00e7a<\/em>.<\/p>\n<p>Os passistas, como s\u00e3o chamados os dan\u00e7arinos do frevo, usam roupas bastante coloridas tamb\u00e9m. S\u00e3o tr\u00eas os tipos de frevo, sendo que o mais tradicional \u00e9 o frevo de rua.<\/p>\n<section class=\"l-section wpb_row height_large\"><div class=\"l-section-h i-cf\"><div class=\"g-cols vc_row type_default valign_top\"><div class=\"vc_col-sm-12 wpb_column vc_column_container\"><div class=\"vc_column-inner\"><div class=\"wpb_wrapper\"><div class=\" ubtn-ctn-left \"><a class=\"ubtn-link ult-adjust-bottom-margin ubtn-left ubtn-large \" href=\"https:\/\/www.e-agencias.com.br\/ag68060\/flights\/search\/RoundTrip\/SAO\/REC\/2018-02-10\/2018-02-14\/1\/0\/0\/NA\/NA\/NA\/NA\" title=\"Passagens para Recife\" target=\"_blank\" rel=\"noopener\" ><button type=\"button\" id=\"ubtn-5472\"  class=\"ubtn ult-adjust-bottom-margin ult-responsive ubtn-large ubtn-no-hover-bg  ulta-sink  ubtn-sep-icon ubtn-sep-icon-bottom-push  ubtn-shd  ubtn-left  shd-bottom tooltip-69f2a7f2e4ba2\"  data-hover=\"#ffffff\" data-border-color=\"\" data-bg=\"#a02d24\" data-hover-bg=\"#ffffff\" data-border-hover=\"\" data-shadow-hover=\"0 3px #661313;\" data-shadow-click=\"\" data-shadow=\"0 2px #661313;\" data-shd-shadow=\"2\"  data-ultimate-target='#ubtn-5472'  data-responsive-json-new='{\"font-size\":\"\",\"line-height\":\"\"}'  style=\"font-weight:bold;border:none;box-shadow: 0 2px #661313;background: #a02d24;color: #ffffff;\"><span class=\"ubtn-data ubtn-icon\"><i class=\"Defaults-suitcase\" style=\"font-size:32px;color:#a02d24;\"><\/i><\/span><span class=\"ubtn-hover\" style=\"background-color:#ffffff\"><\/span><span class=\"ubtn-data ubtn-text \" >Passagens para Recife<\/span><\/button><\/a><\/div><\/div><\/div><\/div><\/div><\/div><\/section>\n<p>&nbsp;<\/p>\n<h2><a href=\"https:\/\/www.suaviagemnoclick.com.br\">Tipos de frevo<\/a><\/h2>\n<ul>\n<li>Frevo de rua. N\u00e3o \u00e9 cantado, mas executado ao ritmo dos instrumentos musicais. \u00c9 o frevo da <em>dan\u00e7a<\/em>.<\/li>\n<li>Frevo-can\u00e7\u00e3o. Esse \u00e9 o frevo orquestrado, o qual apresenta um ritmo mais lento.<\/li>\n<li>Frevo de bloco. \u00c9 cantado, assemelhando-se a uma marchinha de carnaval.<\/li>\n<\/ul>\n<p>Demais! O Frevo \u00e9 apenas uma de tantas dan\u00e7as caracter\u00edsticas e exclusivas do nosso pa\u00eds! Viaje e divirta-se no carnaval!<\/p>\n<p>Agradecemos sempre por acessar nosso <a href=\"https:\/\/11ponto11servidor.com.br\/blogsrsiape\/category\/turismo-viagens\/\">Blog<\/a> e desejamos um final de semana incr\u00edvel \u00e0 todos!<\/p>\n<p>&nbsp;<\/p>\n<p>Fonte: Toda Mat\u00e9ria<\/p>\n","protected":false},"excerpt":{"rendered":"<p>O frevo \u00e9 uma dan\u00e7a folcl\u00f3rica t\u00edpica do carnaval de rua, atra\u00ed milhares de pessoas por sua originalidade. Confira aqui tudo sobre esse ritmo brasileiro&#8230;<\/p>\n","protected":false},"author":1,"featured_media":4055,"comment_status":"open","ping_status":"open","sticky":false,"template":"","format":"standard","meta":{"footnotes":""},"categories":[80],"tags":[2575,381,383,2637,721,2667,2625,1604,2661,1704,2609,2668,2583,2624,2375,2470],"class_list":["post-4054","post","type-post","status-publish","format-standard","has-post-thumbnail","hentry","category-turismo-viagens","tag-2575","tag-brasil","tag-brasileiros","tag-carnaval","tag-danca","tag-folclore","tag-hoteis","tag-nordeste","tag-pacote-de-viagem","tag-passagem-aerea","tag-sua-viagem-no-click","tag-tradicao","tag-travel","tag-traveller","tag-turismo","tag-viagem"],"yoast_head":"<!-- This site is optimized with the Yoast SEO plugin v23.6 - https:\/\/yoast.com\/wordpress\/plugins\/seo\/ -->\n<title>Especial de carnaval - Tudo sobre a dan\u00e7a Frevo - Blog do Sr. SIAPE<\/title>\n<meta name=\"description\" content=\"O frevo \u00e9 uma dan\u00e7a folcl\u00f3rica t\u00edpica do carnaval de rua, atra\u00ed milhares de pessoas por sua originalidade. Confira aqui tudo sobre esse ritmo brasileiro...\" \/>\n<meta name=\"robots\" content=\"index, follow, max-snippet:-1, max-image-preview:large, max-video-preview:-1\" \/>\n<link rel=\"canonical\" href=\"https:\/\/blogdosrsiape.net\/viagem-carnaval-danca-brasil-2018\/\" \/>\n<meta property=\"og:locale\" content=\"pt_BR\" \/>\n<meta property=\"og:type\" content=\"article\" \/>\n<meta property=\"og:title\" content=\"Especial de carnaval - Tudo sobre a dan\u00e7a Frevo - Blog do Sr. SIAPE\" \/>\n<meta property=\"og:description\" content=\"O frevo \u00e9 uma dan\u00e7a folcl\u00f3rica t\u00edpica do carnaval de rua, atra\u00ed milhares de pessoas por sua originalidade. Confira aqui tudo sobre esse ritmo brasileiro...\" \/>\n<meta property=\"og:url\" content=\"https:\/\/blogdosrsiape.net\/viagem-carnaval-danca-brasil-2018\/\" \/>\n<meta property=\"og:site_name\" content=\"Blog do Sr. SIAPE\" \/>\n<meta property=\"article:publisher\" content=\"https:\/\/www.facebook.com\/blogsrsiape\/?locale=pt_BR\" \/>\n<meta property=\"article:published_time\" content=\"2018-01-06T07:00:25+00:00\" \/>\n<meta property=\"article:modified_time\" content=\"2018-01-05T13:37:32+00:00\" \/>\n<meta property=\"og:image\" content=\"https:\/\/11ponto11servidor.com.br\/blogsrsiape\/wp-content\/uploads\/sites\/2\/2018\/01\/frevo_blog.png\" \/>\n\t<meta property=\"og:image:width\" content=\"840\" \/>\n\t<meta property=\"og:image:height\" content=\"380\" \/>\n\t<meta property=\"og:image:type\" content=\"image\/png\" \/>\n<meta name=\"author\" content=\"websitemix\" \/>\n<meta name=\"twitter:card\" content=\"summary_large_image\" \/>\n<meta name=\"twitter:label1\" content=\"Escrito por\" \/>\n\t<meta name=\"twitter:data1\" content=\"websitemix\" \/>\n\t<meta name=\"twitter:label2\" content=\"Est. tempo de leitura\" \/>\n\t<meta name=\"twitter:data2\" content=\"4 minutos\" \/>\n<script type=\"application\/ld+json\" class=\"yoast-schema-graph\">{\"@context\":\"https:\/\/schema.org\",\"@graph\":[{\"@type\":\"Article\",\"@id\":\"https:\/\/blogdosrsiape.net\/viagem-carnaval-danca-brasil-2018\/#article\",\"isPartOf\":{\"@id\":\"https:\/\/blogdosrsiape.net\/viagem-carnaval-danca-brasil-2018\/\"},\"author\":{\"name\":\"websitemix\",\"@id\":\"https:\/\/blogdosrsiape.com\/#\/schema\/person\/641e1af8b22c69725a1d604fb8959bcf\"},\"headline\":\"Especial de carnaval &#8211; Tudo sobre a dan\u00e7a Frevo\",\"datePublished\":\"2018-01-06T07:00:25+00:00\",\"dateModified\":\"2018-01-05T13:37:32+00:00\",\"mainEntityOfPage\":{\"@id\":\"https:\/\/blogdosrsiape.net\/viagem-carnaval-danca-brasil-2018\/\"},\"wordCount\":882,\"commentCount\":0,\"publisher\":{\"@id\":\"https:\/\/blogdosrsiape.com\/#organization\"},\"image\":{\"@id\":\"https:\/\/blogdosrsiape.net\/viagem-carnaval-danca-brasil-2018\/#primaryimage\"},\"thumbnailUrl\":\"https:\/\/11ponto11servidor.com.br\/blogsrsiape\/wp-content\/uploads\/sites\/2\/2018\/01\/frevo_blog.png\",\"keywords\":[\"2018\",\"Brasil\",\"Brasileiros\",\"carnaval\",\"dan\u00e7a\",\"Folclore\",\"Hot\u00e9is\",\"Nordeste\",\"Pacote de viagem\",\"Passagem a\u00e9rea\",\"Sua viagem no click\",\"Tradi\u00e7\u00e3o\",\"Travel\",\"Traveller\",\"Turismo\",\"Viagem\"],\"articleSection\":[\"Turismo \/ Viagens\"],\"inLanguage\":\"pt-BR\",\"potentialAction\":[{\"@type\":\"CommentAction\",\"name\":\"Comment\",\"target\":[\"https:\/\/blogdosrsiape.net\/viagem-carnaval-danca-brasil-2018\/#respond\"]}]},{\"@type\":\"WebPage\",\"@id\":\"https:\/\/blogdosrsiape.net\/viagem-carnaval-danca-brasil-2018\/\",\"url\":\"https:\/\/blogdosrsiape.net\/viagem-carnaval-danca-brasil-2018\/\",\"name\":\"Especial de carnaval - Tudo sobre a dan\u00e7a Frevo - Blog do Sr. SIAPE\",\"isPartOf\":{\"@id\":\"https:\/\/blogdosrsiape.com\/#website\"},\"primaryImageOfPage\":{\"@id\":\"https:\/\/blogdosrsiape.net\/viagem-carnaval-danca-brasil-2018\/#primaryimage\"},\"image\":{\"@id\":\"https:\/\/blogdosrsiape.net\/viagem-carnaval-danca-brasil-2018\/#primaryimage\"},\"thumbnailUrl\":\"https:\/\/11ponto11servidor.com.br\/blogsrsiape\/wp-content\/uploads\/sites\/2\/2018\/01\/frevo_blog.png\",\"datePublished\":\"2018-01-06T07:00:25+00:00\",\"dateModified\":\"2018-01-05T13:37:32+00:00\",\"description\":\"O frevo \u00e9 uma dan\u00e7a folcl\u00f3rica t\u00edpica do carnaval de rua, atra\u00ed milhares de pessoas por sua originalidade. Confira aqui tudo sobre esse ritmo brasileiro...\",\"breadcrumb\":{\"@id\":\"https:\/\/blogdosrsiape.net\/viagem-carnaval-danca-brasil-2018\/#breadcrumb\"},\"inLanguage\":\"pt-BR\",\"potentialAction\":[{\"@type\":\"ReadAction\",\"target\":[\"https:\/\/blogdosrsiape.net\/viagem-carnaval-danca-brasil-2018\/\"]}]},{\"@type\":\"ImageObject\",\"inLanguage\":\"pt-BR\",\"@id\":\"https:\/\/blogdosrsiape.net\/viagem-carnaval-danca-brasil-2018\/#primaryimage\",\"url\":\"https:\/\/11ponto11servidor.com.br\/blogsrsiape\/wp-content\/uploads\/sites\/2\/2018\/01\/frevo_blog.png\",\"contentUrl\":\"https:\/\/11ponto11servidor.com.br\/blogsrsiape\/wp-content\/uploads\/sites\/2\/2018\/01\/frevo_blog.png\",\"width\":840,\"height\":380,\"caption\":\"dan\u00e7a\"},{\"@type\":\"BreadcrumbList\",\"@id\":\"https:\/\/blogdosrsiape.net\/viagem-carnaval-danca-brasil-2018\/#breadcrumb\",\"itemListElement\":[{\"@type\":\"ListItem\",\"position\":1,\"name\":\"In\u00edcio\",\"item\":\"https:\/\/blogdosrsiape.com\/\"},{\"@type\":\"ListItem\",\"position\":2,\"name\":\"Especial de carnaval &#8211; Tudo sobre a dan\u00e7a Frevo\"}]},{\"@type\":\"WebSite\",\"@id\":\"https:\/\/blogdosrsiape.com\/#website\",\"url\":\"https:\/\/blogdosrsiape.com\/\",\"name\":\"Blog do sr. SIAPE\",\"description\":\"SIAPE Servidor Federal\",\"publisher\":{\"@id\":\"https:\/\/blogdosrsiape.com\/#organization\"},\"potentialAction\":[{\"@type\":\"SearchAction\",\"target\":{\"@type\":\"EntryPoint\",\"urlTemplate\":\"https:\/\/blogdosrsiape.com\/?s={search_term_string}\"},\"query-input\":{\"@type\":\"PropertyValueSpecification\",\"valueRequired\":true,\"valueName\":\"search_term_string\"}}],\"inLanguage\":\"pt-BR\"},{\"@type\":\"Organization\",\"@id\":\"https:\/\/blogdosrsiape.com\/#organization\",\"name\":\"Blog do sr. SIAPE\",\"url\":\"https:\/\/blogdosrsiape.com\/\",\"logo\":{\"@type\":\"ImageObject\",\"inLanguage\":\"pt-BR\",\"@id\":\"https:\/\/blogdosrsiape.com\/#\/schema\/logo\/image\/\",\"url\":\"https:\/\/11ponto11servidor.com.br\/blogsrsiape\/wp-content\/uploads\/sites\/2\/2024\/10\/logo-1.png\",\"contentUrl\":\"https:\/\/11ponto11servidor.com.br\/blogsrsiape\/wp-content\/uploads\/sites\/2\/2024\/10\/logo-1.png\",\"width\":287,\"height\":116,\"caption\":\"Blog do sr. SIAPE\"},\"image\":{\"@id\":\"https:\/\/blogdosrsiape.com\/#\/schema\/logo\/image\/\"},\"sameAs\":[\"https:\/\/www.facebook.com\/blogsrsiape\/?locale=pt_BR\",\"https:\/\/www.instagram.com\/srsiape\/\"]},{\"@type\":\"Person\",\"@id\":\"https:\/\/blogdosrsiape.com\/#\/schema\/person\/641e1af8b22c69725a1d604fb8959bcf\",\"name\":\"websitemix\",\"sameAs\":[\"https:\/\/11ponto11servidor.com.br\"],\"url\":\"https:\/\/11ponto11servidor.com.br\/blogsrsiape\/author\/websitemix\/\"}]}<\/script>\n<!-- \/ Yoast SEO plugin. -->","yoast_head_json":{"title":"Especial de carnaval - Tudo sobre a dan\u00e7a Frevo - Blog do Sr. SIAPE","description":"O frevo \u00e9 uma dan\u00e7a folcl\u00f3rica t\u00edpica do carnaval de rua, atra\u00ed milhares de pessoas por sua originalidade. Confira aqui tudo sobre esse ritmo brasileiro...","robots":{"index":"index","follow":"follow","max-snippet":"max-snippet:-1","max-image-preview":"max-image-preview:large","max-video-preview":"max-video-preview:-1"},"canonical":"https:\/\/blogdosrsiape.net\/viagem-carnaval-danca-brasil-2018\/","og_locale":"pt_BR","og_type":"article","og_title":"Especial de carnaval - Tudo sobre a dan\u00e7a Frevo - Blog do Sr. SIAPE","og_description":"O frevo \u00e9 uma dan\u00e7a folcl\u00f3rica t\u00edpica do carnaval de rua, atra\u00ed milhares de pessoas por sua originalidade. Confira aqui tudo sobre esse ritmo brasileiro...","og_url":"https:\/\/blogdosrsiape.net\/viagem-carnaval-danca-brasil-2018\/","og_site_name":"Blog do Sr. SIAPE","article_publisher":"https:\/\/www.facebook.com\/blogsrsiape\/?locale=pt_BR","article_published_time":"2018-01-06T07:00:25+00:00","article_modified_time":"2018-01-05T13:37:32+00:00","og_image":[{"width":840,"height":380,"url":"https:\/\/11ponto11servidor.com.br\/blogsrsiape\/wp-content\/uploads\/sites\/2\/2018\/01\/frevo_blog.png","type":"image\/png"}],"author":"websitemix","twitter_card":"summary_large_image","twitter_misc":{"Escrito por":"websitemix","Est. tempo de leitura":"4 minutos"},"schema":{"@context":"https:\/\/schema.org","@graph":[{"@type":"Article","@id":"https:\/\/blogdosrsiape.net\/viagem-carnaval-danca-brasil-2018\/#article","isPartOf":{"@id":"https:\/\/blogdosrsiape.net\/viagem-carnaval-danca-brasil-2018\/"},"author":{"name":"websitemix","@id":"https:\/\/blogdosrsiape.com\/#\/schema\/person\/641e1af8b22c69725a1d604fb8959bcf"},"headline":"Especial de carnaval &#8211; Tudo sobre a dan\u00e7a Frevo","datePublished":"2018-01-06T07:00:25+00:00","dateModified":"2018-01-05T13:37:32+00:00","mainEntityOfPage":{"@id":"https:\/\/blogdosrsiape.net\/viagem-carnaval-danca-brasil-2018\/"},"wordCount":882,"commentCount":0,"publisher":{"@id":"https:\/\/blogdosrsiape.com\/#organization"},"image":{"@id":"https:\/\/blogdosrsiape.net\/viagem-carnaval-danca-brasil-2018\/#primaryimage"},"thumbnailUrl":"https:\/\/11ponto11servidor.com.br\/blogsrsiape\/wp-content\/uploads\/sites\/2\/2018\/01\/frevo_blog.png","keywords":["2018","Brasil","Brasileiros","carnaval","dan\u00e7a","Folclore","Hot\u00e9is","Nordeste","Pacote de viagem","Passagem a\u00e9rea","Sua viagem no click","Tradi\u00e7\u00e3o","Travel","Traveller","Turismo","Viagem"],"articleSection":["Turismo \/ Viagens"],"inLanguage":"pt-BR","potentialAction":[{"@type":"CommentAction","name":"Comment","target":["https:\/\/blogdosrsiape.net\/viagem-carnaval-danca-brasil-2018\/#respond"]}]},{"@type":"WebPage","@id":"https:\/\/blogdosrsiape.net\/viagem-carnaval-danca-brasil-2018\/","url":"https:\/\/blogdosrsiape.net\/viagem-carnaval-danca-brasil-2018\/","name":"Especial de carnaval - Tudo sobre a dan\u00e7a Frevo - Blog do Sr. SIAPE","isPartOf":{"@id":"https:\/\/blogdosrsiape.com\/#website"},"primaryImageOfPage":{"@id":"https:\/\/blogdosrsiape.net\/viagem-carnaval-danca-brasil-2018\/#primaryimage"},"image":{"@id":"https:\/\/blogdosrsiape.net\/viagem-carnaval-danca-brasil-2018\/#primaryimage"},"thumbnailUrl":"https:\/\/11ponto11servidor.com.br\/blogsrsiape\/wp-content\/uploads\/sites\/2\/2018\/01\/frevo_blog.png","datePublished":"2018-01-06T07:00:25+00:00","dateModified":"2018-01-05T13:37:32+00:00","description":"O frevo \u00e9 uma dan\u00e7a folcl\u00f3rica t\u00edpica do carnaval de rua, atra\u00ed milhares de pessoas por sua originalidade. Confira aqui tudo sobre esse ritmo brasileiro...","breadcrumb":{"@id":"https:\/\/blogdosrsiape.net\/viagem-carnaval-danca-brasil-2018\/#breadcrumb"},"inLanguage":"pt-BR","potentialAction":[{"@type":"ReadAction","target":["https:\/\/blogdosrsiape.net\/viagem-carnaval-danca-brasil-2018\/"]}]},{"@type":"ImageObject","inLanguage":"pt-BR","@id":"https:\/\/blogdosrsiape.net\/viagem-carnaval-danca-brasil-2018\/#primaryimage","url":"https:\/\/11ponto11servidor.com.br\/blogsrsiape\/wp-content\/uploads\/sites\/2\/2018\/01\/frevo_blog.png","contentUrl":"https:\/\/11ponto11servidor.com.br\/blogsrsiape\/wp-content\/uploads\/sites\/2\/2018\/01\/frevo_blog.png","width":840,"height":380,"caption":"dan\u00e7a"},{"@type":"BreadcrumbList","@id":"https:\/\/blogdosrsiape.net\/viagem-carnaval-danca-brasil-2018\/#breadcrumb","itemListElement":[{"@type":"ListItem","position":1,"name":"In\u00edcio","item":"https:\/\/blogdosrsiape.com\/"},{"@type":"ListItem","position":2,"name":"Especial de carnaval &#8211; Tudo sobre a dan\u00e7a Frevo"}]},{"@type":"WebSite","@id":"https:\/\/blogdosrsiape.com\/#website","url":"https:\/\/blogdosrsiape.com\/","name":"Blog do sr. SIAPE","description":"SIAPE Servidor Federal","publisher":{"@id":"https:\/\/blogdosrsiape.com\/#organization"},"potentialAction":[{"@type":"SearchAction","target":{"@type":"EntryPoint","urlTemplate":"https:\/\/blogdosrsiape.com\/?s={search_term_string}"},"query-input":{"@type":"PropertyValueSpecification","valueRequired":true,"valueName":"search_term_string"}}],"inLanguage":"pt-BR"},{"@type":"Organization","@id":"https:\/\/blogdosrsiape.com\/#organization","name":"Blog do sr. SIAPE","url":"https:\/\/blogdosrsiape.com\/","logo":{"@type":"ImageObject","inLanguage":"pt-BR","@id":"https:\/\/blogdosrsiape.com\/#\/schema\/logo\/image\/","url":"https:\/\/11ponto11servidor.com.br\/blogsrsiape\/wp-content\/uploads\/sites\/2\/2024\/10\/logo-1.png","contentUrl":"https:\/\/11ponto11servidor.com.br\/blogsrsiape\/wp-content\/uploads\/sites\/2\/2024\/10\/logo-1.png","width":287,"height":116,"caption":"Blog do sr. SIAPE"},"image":{"@id":"https:\/\/blogdosrsiape.com\/#\/schema\/logo\/image\/"},"sameAs":["https:\/\/www.facebook.com\/blogsrsiape\/?locale=pt_BR","https:\/\/www.instagram.com\/srsiape\/"]},{"@type":"Person","@id":"https:\/\/blogdosrsiape.com\/#\/schema\/person\/641e1af8b22c69725a1d604fb8959bcf","name":"websitemix","sameAs":["https:\/\/11ponto11servidor.com.br"],"url":"https:\/\/11ponto11servidor.com.br\/blogsrsiape\/author\/websitemix\/"}]}},"_links":{"self":[{"href":"https:\/\/11ponto11servidor.com.br\/blogsrsiape\/wp-json\/wp\/v2\/posts\/4054"}],"collection":[{"href":"https:\/\/11ponto11servidor.com.br\/blogsrsiape\/wp-json\/wp\/v2\/posts"}],"about":[{"href":"https:\/\/11ponto11servidor.com.br\/blogsrsiape\/wp-json\/wp\/v2\/types\/post"}],"author":[{"embeddable":true,"href":"https:\/\/11ponto11servidor.com.br\/blogsrsiape\/wp-json\/wp\/v2\/users\/1"}],"replies":[{"embeddable":true,"href":"https:\/\/11ponto11servidor.com.br\/blogsrsiape\/wp-json\/wp\/v2\/comments?post=4054"}],"version-history":[{"count":0,"href":"https:\/\/11ponto11servidor.com.br\/blogsrsiape\/wp-json\/wp\/v2\/posts\/4054\/revisions"}],"wp:featuredmedia":[{"embeddable":true,"href":"https:\/\/11ponto11servidor.com.br\/blogsrsiape\/wp-json\/wp\/v2\/media\/4055"}],"wp:attachment":[{"href":"https:\/\/11ponto11servidor.com.br\/blogsrsiape\/wp-json\/wp\/v2\/media?parent=4054"}],"wp:term":[{"taxonomy":"category","embeddable":true,"href":"https:\/\/11ponto11servidor.com.br\/blogsrsiape\/wp-json\/wp\/v2\/categories?post=4054"},{"taxonomy":"post_tag","embeddable":true,"href":"https:\/\/11ponto11servidor.com.br\/blogsrsiape\/wp-json\/wp\/v2\/tags?post=4054"}],"curies":[{"name":"wp","href":"https:\/\/api.w.org\/{rel}","templated":true}]}}