{"id":4403,"date":"2018-01-18T14:20:06","date_gmt":"2018-01-18T11:20:06","guid":{"rendered":"https:\/\/11ponto11servidor.com.br\/blogsrsiape\/?p=4403"},"modified":"2018-01-18T14:20:06","modified_gmt":"2018-01-18T11:20:06","slug":"nova-medida-para-demissao","status":"publish","type":"post","link":"https:\/\/11ponto11servidor.com.br\/blogsrsiape\/nova-medida-para-demissao\/","title":{"rendered":"Nova medida para Demiss\u00e3o Volunt\u00e1ria de Servidores Federais"},"content":{"rendered":"<h3>Conhe\u00e7a a nova medida provis\u00f3ria do governo para dar continuidade ao Programa de Demiss\u00e3o Volunt\u00e1ria, o PDV, dos Servidores Federais.<\/h3>\n<p>Ainda n\u00e3o foi finalizada a nova MP (medida provis\u00f3ria) da Uni\u00e3o para dar continuidade do <a href=\"https:\/\/11ponto11servidor.com.br\/blogsrsiape\/geral\/governo-demissao-voluntaria\/\" target=\"_blank\" rel=\"noopener\">PDV<\/a> (Programa de Demiss\u00e3o Volunt\u00e1ria) dos servidores federais. Os \u00faltimos ajustes, de cunho jur\u00eddico, est\u00e3o sendo feitos, e, de acordo com integrantes do Executivo, o texto dever\u00e1 sair no fim deste m\u00eas.<\/p>\n<p>Como apenas 240 pessoas aderiram ao programa lan\u00e7ado no ano passado ao contr\u00e1rio da expectativa de 5 mil, o governo de Michel Temer pretende, agora, alcan\u00e7ar mais funcion\u00e1rios. O objetivo era gerar economia de R$ 1 bilh\u00e3o ao ano.<\/p>\n<h3>Se a nova MP passar pelo Parlamento ter\u00e1 altera\u00e7\u00f5es<\/h3>\n<p>A ideia \u00e9 formular uma proposta mais atrativa que a anterior, e que receba aval do Congresso Nacional para ter car\u00e1ter permanente. Isso porque representantes do governo federal acreditam que se a nova MP passar pelo Parlamento ter\u00e1 altera\u00e7\u00f5es, e que o funcionalismo prefere aguardar o texto final para aderir ao programa.<\/p>\n<p>A medida provis\u00f3ria 792, de 26 de julho de 2017, que lan\u00e7ou o <a href=\"https:\/\/11ponto11servidor.com.br\/blogsrsiape\/geral\/governo-demissao-voluntaria\/\" target=\"_blank\" rel=\"noopener\">PDV<\/a>, perdeu a validade em 28 de novembro do ano passado. E programa n\u00e3o era limitado apenas \u00e0s demiss\u00f5es, mas prop\u00f4s a licen\u00e7a incentivada sem remunera\u00e7\u00e3o, e a jornada de trabalho reduzida. Do total de 240 servidores que se inscreveram, 153 se interessaram pela redu\u00e7\u00e3o de jornada, 76 pela sa\u00edda do setor p\u00fablico, e 11 pela licen\u00e7a incentivada.<\/p>\n<p>Para a demiss\u00e3o volunt\u00e1ria, o governo prometeu 1,25 (um quarto) do sal\u00e1rio por ano trabalhado. De acordo com o Minist\u00e9rio do Planejamento, essas condi\u00e7\u00f5es ficam mantidas no novo PDV. Ser\u00e3o definidos os \u00f3rg\u00e3os e cidades de lota\u00e7\u00e3o dos servidores, e carreiras abrangidos. Como na outra MP, continuar\u00e1 impedido de aderir ao plano, por exemplo, quem esteja em est\u00e1gio probat\u00f3rio, e que tenha cumprido os requisitos legais para aposentadoria.<\/p>\n<h3>Redu\u00e7\u00e3o de jornada<\/h3>\n<p>Em rela\u00e7\u00e3o \u00e0 jornada reduzida, o Planejamento anunciou que ser\u00e1 proposta ao servidor a op\u00e7\u00e3o de alter\u00e1-la de oito horas di\u00e1rias para seis ou quatro horas. Com isso, ser\u00e1 garantido o pagamento adicional de meia hora di\u00e1ria. Sobre a licen\u00e7a incentivada sem remunera\u00e7\u00e3o, a previs\u00e3o da Uni\u00e3o \u00e9 de pagar tr\u00eas sal\u00e1rios a quem aderir \u00e0 medida e ficar afastado por tr\u00eas anos consecutivos.<\/p>\n<p>Em 2018 e 2019, a estimativa \u00e9 de que esse gasto p\u00fablico cres\u00e7a R$ 22 bilh\u00f5es em cada um dos anos, segundo a Conorf (Consultoria de Or\u00e7amento e Fiscaliza\u00e7\u00e3o Financeira) da C\u00e2mara dos Deputados.<\/p>\n<p>O <a href=\"https:\/\/11ponto11servidor.com.br\/blogsrsiape\/geral\/governo-demissao-voluntaria\/\" target=\"_blank\" rel=\"noopener\">PDV<\/a> tem sido um instrumento muito utilizado em empresas estatais para diminuir o quadro de funcion\u00e1rios e, consequentemente, reduzir o tamanho da conta de pessoal. Nos \u00faltimos anos, o governo federal desligou 50.364 funcion\u00e1rios das estatais com os <a href=\"https:\/\/11ponto11servidor.com.br\/blogsrsiape\/geral\/governo-demissao-voluntaria\/\" target=\"_blank\" rel=\"noopener\">PDVs<\/a> e as aposentadorias incentivadas. O n\u00famero representa 77% do p\u00fablico-alvo dos programas autorizados pela Planejamento.<\/p>\n<p><a href=\"http:\/\/www.osul.com.br\/nova-medida-provisoria-da-uniao-para-dar-continuidade-ao-programa-de-demissao-voluntaria-o-pdv-dos-servidores-federais-533716.html\" target=\"_blank\" rel=\"noopener\"><em>Mat\u00e9ria p\u00fablicada por O Sul em 17\/01\/2018<\/em><\/a><\/p>\n","protected":false},"excerpt":{"rendered":"<p>Conhe\u00e7a a nova medida provis\u00f3ria do governo para dar continuidade ao Programa de Demiss\u00e3o Volunt\u00e1ria, o PDV, dos Servidores Federais. Ainda n\u00e3o foi finalizada a nova MP (medida provis\u00f3ria) da Uni\u00e3o para dar continuidade do PDV (Programa de Demiss\u00e3o Volunt\u00e1ria) dos servidores federais. Os \u00faltimos ajustes, de cunho jur\u00eddico, est\u00e3o sendo feitos, e, de acordo&#8230;<\/p>\n","protected":false},"author":1,"featured_media":2305,"comment_status":"open","ping_status":"open","sticky":false,"template":"","format":"standard","meta":{"footnotes":""},"categories":[1,51,74],"tags":[608,745,964,2662,1561,1689,2569,2665,2124,2128,2131,2134,2135,2428,2695],"class_list":["post-4403","post","type-post","status-publish","format-standard","has-post-thumbnail","hentry","category-geral","category-ministerio-do-planejamento","category-servidores-publicos-federais","tag-congresso","tag-demissao","tag-federais","tag-federal","tag-mp","tag-parlamento","tag-pdv","tag-publico","tag-servidor","tag-servidores","tag-servidores-federais","tag-servidores-publicos","tag-servidores-publicos-federais","tag-uniao","tag-voluntario"],"yoast_head":"<!-- This site is optimized with the Yoast SEO plugin v23.6 - https:\/\/yoast.com\/wordpress\/plugins\/seo\/ -->\n<title>Nova medida para o Programa de Demiss\u00e3o de Servidores Federais<\/title>\n<meta name=\"description\" content=\"Conhe\u00e7a a nova medida provis\u00f3ria do governo para dar continuidade ao Programa de Demiss\u00e3o Volunt\u00e1ria, o PDV, dos Servidores Federais.\" \/>\n<meta name=\"robots\" content=\"index, follow, max-snippet:-1, max-image-preview:large, max-video-preview:-1\" \/>\n<link rel=\"canonical\" href=\"https:\/\/blogdosrsiape.net\/nova-medida-para-demissao\/\" \/>\n<meta property=\"og:locale\" content=\"pt_BR\" \/>\n<meta property=\"og:type\" content=\"article\" \/>\n<meta property=\"og:title\" content=\"Nova medida para o Programa de Demiss\u00e3o de Servidores Federais\" \/>\n<meta property=\"og:description\" content=\"Conhe\u00e7a a nova medida provis\u00f3ria do governo para dar continuidade ao Programa de Demiss\u00e3o Volunt\u00e1ria, o PDV, dos Servidores Federais.\" \/>\n<meta property=\"og:url\" content=\"https:\/\/blogdosrsiape.net\/nova-medida-para-demissao\/\" \/>\n<meta property=\"og:site_name\" content=\"Blog do Sr. SIAPE\" \/>\n<meta property=\"article:publisher\" content=\"https:\/\/www.facebook.com\/blogsrsiape\/?locale=pt_BR\" \/>\n<meta property=\"article:published_time\" content=\"2018-01-18T11:20:06+00:00\" \/>\n<meta property=\"og:image\" content=\"https:\/\/11ponto11servidor.com.br\/blogsrsiape\/wp-content\/uploads\/sites\/2\/2017\/08\/imagem-blog-25.png\" \/>\n\t<meta property=\"og:image:width\" content=\"848\" \/>\n\t<meta property=\"og:image:height\" content=\"370\" \/>\n\t<meta property=\"og:image:type\" content=\"image\/png\" \/>\n<meta name=\"author\" content=\"websitemix\" \/>\n<meta name=\"twitter:card\" content=\"summary_large_image\" \/>\n<meta name=\"twitter:label1\" content=\"Escrito por\" \/>\n\t<meta name=\"twitter:data1\" content=\"websitemix\" \/>\n\t<meta name=\"twitter:label2\" content=\"Est. tempo de leitura\" \/>\n\t<meta name=\"twitter:data2\" content=\"3 minutos\" \/>\n<script type=\"application\/ld+json\" class=\"yoast-schema-graph\">{\"@context\":\"https:\/\/schema.org\",\"@graph\":[{\"@type\":\"Article\",\"@id\":\"https:\/\/blogdosrsiape.net\/nova-medida-para-demissao\/#article\",\"isPartOf\":{\"@id\":\"https:\/\/blogdosrsiape.net\/nova-medida-para-demissao\/\"},\"author\":{\"name\":\"websitemix\",\"@id\":\"https:\/\/blogdosrsiape.com\/#\/schema\/person\/641e1af8b22c69725a1d604fb8959bcf\"},\"headline\":\"Nova medida para Demiss\u00e3o Volunt\u00e1ria de Servidores Federais\",\"datePublished\":\"2018-01-18T11:20:06+00:00\",\"dateModified\":\"2018-01-18T11:20:06+00:00\",\"mainEntityOfPage\":{\"@id\":\"https:\/\/blogdosrsiape.net\/nova-medida-para-demissao\/\"},\"wordCount\":522,\"commentCount\":0,\"publisher\":{\"@id\":\"https:\/\/blogdosrsiape.com\/#organization\"},\"image\":{\"@id\":\"https:\/\/blogdosrsiape.net\/nova-medida-para-demissao\/#primaryimage\"},\"thumbnailUrl\":\"https:\/\/11ponto11servidor.com.br\/blogsrsiape\/wp-content\/uploads\/sites\/2\/2017\/08\/imagem-blog-25.png\",\"keywords\":[\"Congresso\",\"Demiss\u00e3o\",\"Federais\",\"Federal\",\"MP\",\"Parlamento\",\"PDV\",\"p\u00fablico\",\"Servidor\",\"Servidores\",\"Servidores Federais\",\"Servidores P\u00fablicos\",\"SERVIDORES P\u00daBLICOS FEDERAIS\",\"Uni\u00e3o\",\"volunt\u00e1rio\"],\"articleSection\":[\"Geral\",\"Minist\u00e9rio do Planejamento\",\"Servidores P\u00fablicos Federais\"],\"inLanguage\":\"pt-BR\",\"potentialAction\":[{\"@type\":\"CommentAction\",\"name\":\"Comment\",\"target\":[\"https:\/\/blogdosrsiape.net\/nova-medida-para-demissao\/#respond\"]}]},{\"@type\":\"WebPage\",\"@id\":\"https:\/\/blogdosrsiape.net\/nova-medida-para-demissao\/\",\"url\":\"https:\/\/blogdosrsiape.net\/nova-medida-para-demissao\/\",\"name\":\"Nova medida para o Programa de Demiss\u00e3o de Servidores Federais\",\"isPartOf\":{\"@id\":\"https:\/\/blogdosrsiape.com\/#website\"},\"primaryImageOfPage\":{\"@id\":\"https:\/\/blogdosrsiape.net\/nova-medida-para-demissao\/#primaryimage\"},\"image\":{\"@id\":\"https:\/\/blogdosrsiape.net\/nova-medida-para-demissao\/#primaryimage\"},\"thumbnailUrl\":\"https:\/\/11ponto11servidor.com.br\/blogsrsiape\/wp-content\/uploads\/sites\/2\/2017\/08\/imagem-blog-25.png\",\"datePublished\":\"2018-01-18T11:20:06+00:00\",\"dateModified\":\"2018-01-18T11:20:06+00:00\",\"description\":\"Conhe\u00e7a a nova medida provis\u00f3ria do governo para dar continuidade ao Programa de Demiss\u00e3o Volunt\u00e1ria, o PDV, dos Servidores Federais.\",\"breadcrumb\":{\"@id\":\"https:\/\/blogdosrsiape.net\/nova-medida-para-demissao\/#breadcrumb\"},\"inLanguage\":\"pt-BR\",\"potentialAction\":[{\"@type\":\"ReadAction\",\"target\":[\"https:\/\/blogdosrsiape.net\/nova-medida-para-demissao\/\"]}]},{\"@type\":\"ImageObject\",\"inLanguage\":\"pt-BR\",\"@id\":\"https:\/\/blogdosrsiape.net\/nova-medida-para-demissao\/#primaryimage\",\"url\":\"https:\/\/11ponto11servidor.com.br\/blogsrsiape\/wp-content\/uploads\/sites\/2\/2017\/08\/imagem-blog-25.png\",\"contentUrl\":\"https:\/\/11ponto11servidor.com.br\/blogsrsiape\/wp-content\/uploads\/sites\/2\/2017\/08\/imagem-blog-25.png\",\"width\":848,\"height\":370,\"caption\":\"demissao\"},{\"@type\":\"BreadcrumbList\",\"@id\":\"https:\/\/blogdosrsiape.net\/nova-medida-para-demissao\/#breadcrumb\",\"itemListElement\":[{\"@type\":\"ListItem\",\"position\":1,\"name\":\"In\u00edcio\",\"item\":\"https:\/\/blogdosrsiape.com\/\"},{\"@type\":\"ListItem\",\"position\":2,\"name\":\"Nova medida para Demiss\u00e3o Volunt\u00e1ria de Servidores Federais\"}]},{\"@type\":\"WebSite\",\"@id\":\"https:\/\/blogdosrsiape.com\/#website\",\"url\":\"https:\/\/blogdosrsiape.com\/\",\"name\":\"Blog do sr. SIAPE\",\"description\":\"SIAPE Servidor Federal\",\"publisher\":{\"@id\":\"https:\/\/blogdosrsiape.com\/#organization\"},\"potentialAction\":[{\"@type\":\"SearchAction\",\"target\":{\"@type\":\"EntryPoint\",\"urlTemplate\":\"https:\/\/blogdosrsiape.com\/?s={search_term_string}\"},\"query-input\":{\"@type\":\"PropertyValueSpecification\",\"valueRequired\":true,\"valueName\":\"search_term_string\"}}],\"inLanguage\":\"pt-BR\"},{\"@type\":\"Organization\",\"@id\":\"https:\/\/blogdosrsiape.com\/#organization\",\"name\":\"Blog do sr. SIAPE\",\"url\":\"https:\/\/blogdosrsiape.com\/\",\"logo\":{\"@type\":\"ImageObject\",\"inLanguage\":\"pt-BR\",\"@id\":\"https:\/\/blogdosrsiape.com\/#\/schema\/logo\/image\/\",\"url\":\"https:\/\/11ponto11servidor.com.br\/blogsrsiape\/wp-content\/uploads\/sites\/2\/2024\/10\/logo-1.png\",\"contentUrl\":\"https:\/\/11ponto11servidor.com.br\/blogsrsiape\/wp-content\/uploads\/sites\/2\/2024\/10\/logo-1.png\",\"width\":287,\"height\":116,\"caption\":\"Blog do sr. SIAPE\"},\"image\":{\"@id\":\"https:\/\/blogdosrsiape.com\/#\/schema\/logo\/image\/\"},\"sameAs\":[\"https:\/\/www.facebook.com\/blogsrsiape\/?locale=pt_BR\",\"https:\/\/www.instagram.com\/srsiape\/\"]},{\"@type\":\"Person\",\"@id\":\"https:\/\/blogdosrsiape.com\/#\/schema\/person\/641e1af8b22c69725a1d604fb8959bcf\",\"name\":\"websitemix\",\"sameAs\":[\"https:\/\/11ponto11servidor.com.br\"],\"url\":\"https:\/\/11ponto11servidor.com.br\/blogsrsiape\/author\/websitemix\/\"}]}<\/script>\n<!-- \/ Yoast SEO plugin. -->","yoast_head_json":{"title":"Nova medida para o Programa de Demiss\u00e3o de Servidores Federais","description":"Conhe\u00e7a a nova medida provis\u00f3ria do governo para dar continuidade ao Programa de Demiss\u00e3o Volunt\u00e1ria, o PDV, dos Servidores Federais.","robots":{"index":"index","follow":"follow","max-snippet":"max-snippet:-1","max-image-preview":"max-image-preview:large","max-video-preview":"max-video-preview:-1"},"canonical":"https:\/\/blogdosrsiape.net\/nova-medida-para-demissao\/","og_locale":"pt_BR","og_type":"article","og_title":"Nova medida para o Programa de Demiss\u00e3o de Servidores Federais","og_description":"Conhe\u00e7a a nova medida provis\u00f3ria do governo para dar continuidade ao Programa de Demiss\u00e3o Volunt\u00e1ria, o PDV, dos Servidores Federais.","og_url":"https:\/\/blogdosrsiape.net\/nova-medida-para-demissao\/","og_site_name":"Blog do Sr. SIAPE","article_publisher":"https:\/\/www.facebook.com\/blogsrsiape\/?locale=pt_BR","article_published_time":"2018-01-18T11:20:06+00:00","og_image":[{"width":848,"height":370,"url":"https:\/\/11ponto11servidor.com.br\/blogsrsiape\/wp-content\/uploads\/sites\/2\/2017\/08\/imagem-blog-25.png","type":"image\/png"}],"author":"websitemix","twitter_card":"summary_large_image","twitter_misc":{"Escrito por":"websitemix","Est. tempo de leitura":"3 minutos"},"schema":{"@context":"https:\/\/schema.org","@graph":[{"@type":"Article","@id":"https:\/\/blogdosrsiape.net\/nova-medida-para-demissao\/#article","isPartOf":{"@id":"https:\/\/blogdosrsiape.net\/nova-medida-para-demissao\/"},"author":{"name":"websitemix","@id":"https:\/\/blogdosrsiape.com\/#\/schema\/person\/641e1af8b22c69725a1d604fb8959bcf"},"headline":"Nova medida para Demiss\u00e3o Volunt\u00e1ria de Servidores Federais","datePublished":"2018-01-18T11:20:06+00:00","dateModified":"2018-01-18T11:20:06+00:00","mainEntityOfPage":{"@id":"https:\/\/blogdosrsiape.net\/nova-medida-para-demissao\/"},"wordCount":522,"commentCount":0,"publisher":{"@id":"https:\/\/blogdosrsiape.com\/#organization"},"image":{"@id":"https:\/\/blogdosrsiape.net\/nova-medida-para-demissao\/#primaryimage"},"thumbnailUrl":"https:\/\/11ponto11servidor.com.br\/blogsrsiape\/wp-content\/uploads\/sites\/2\/2017\/08\/imagem-blog-25.png","keywords":["Congresso","Demiss\u00e3o","Federais","Federal","MP","Parlamento","PDV","p\u00fablico","Servidor","Servidores","Servidores Federais","Servidores P\u00fablicos","SERVIDORES P\u00daBLICOS FEDERAIS","Uni\u00e3o","volunt\u00e1rio"],"articleSection":["Geral","Minist\u00e9rio do Planejamento","Servidores P\u00fablicos Federais"],"inLanguage":"pt-BR","potentialAction":[{"@type":"CommentAction","name":"Comment","target":["https:\/\/blogdosrsiape.net\/nova-medida-para-demissao\/#respond"]}]},{"@type":"WebPage","@id":"https:\/\/blogdosrsiape.net\/nova-medida-para-demissao\/","url":"https:\/\/blogdosrsiape.net\/nova-medida-para-demissao\/","name":"Nova medida para o Programa de Demiss\u00e3o de Servidores Federais","isPartOf":{"@id":"https:\/\/blogdosrsiape.com\/#website"},"primaryImageOfPage":{"@id":"https:\/\/blogdosrsiape.net\/nova-medida-para-demissao\/#primaryimage"},"image":{"@id":"https:\/\/blogdosrsiape.net\/nova-medida-para-demissao\/#primaryimage"},"thumbnailUrl":"https:\/\/11ponto11servidor.com.br\/blogsrsiape\/wp-content\/uploads\/sites\/2\/2017\/08\/imagem-blog-25.png","datePublished":"2018-01-18T11:20:06+00:00","dateModified":"2018-01-18T11:20:06+00:00","description":"Conhe\u00e7a a nova medida provis\u00f3ria do governo para dar continuidade ao Programa de Demiss\u00e3o Volunt\u00e1ria, o PDV, dos Servidores Federais.","breadcrumb":{"@id":"https:\/\/blogdosrsiape.net\/nova-medida-para-demissao\/#breadcrumb"},"inLanguage":"pt-BR","potentialAction":[{"@type":"ReadAction","target":["https:\/\/blogdosrsiape.net\/nova-medida-para-demissao\/"]}]},{"@type":"ImageObject","inLanguage":"pt-BR","@id":"https:\/\/blogdosrsiape.net\/nova-medida-para-demissao\/#primaryimage","url":"https:\/\/11ponto11servidor.com.br\/blogsrsiape\/wp-content\/uploads\/sites\/2\/2017\/08\/imagem-blog-25.png","contentUrl":"https:\/\/11ponto11servidor.com.br\/blogsrsiape\/wp-content\/uploads\/sites\/2\/2017\/08\/imagem-blog-25.png","width":848,"height":370,"caption":"demissao"},{"@type":"BreadcrumbList","@id":"https:\/\/blogdosrsiape.net\/nova-medida-para-demissao\/#breadcrumb","itemListElement":[{"@type":"ListItem","position":1,"name":"In\u00edcio","item":"https:\/\/blogdosrsiape.com\/"},{"@type":"ListItem","position":2,"name":"Nova medida para Demiss\u00e3o Volunt\u00e1ria de Servidores Federais"}]},{"@type":"WebSite","@id":"https:\/\/blogdosrsiape.com\/#website","url":"https:\/\/blogdosrsiape.com\/","name":"Blog do sr. SIAPE","description":"SIAPE Servidor Federal","publisher":{"@id":"https:\/\/blogdosrsiape.com\/#organization"},"potentialAction":[{"@type":"SearchAction","target":{"@type":"EntryPoint","urlTemplate":"https:\/\/blogdosrsiape.com\/?s={search_term_string}"},"query-input":{"@type":"PropertyValueSpecification","valueRequired":true,"valueName":"search_term_string"}}],"inLanguage":"pt-BR"},{"@type":"Organization","@id":"https:\/\/blogdosrsiape.com\/#organization","name":"Blog do sr. SIAPE","url":"https:\/\/blogdosrsiape.com\/","logo":{"@type":"ImageObject","inLanguage":"pt-BR","@id":"https:\/\/blogdosrsiape.com\/#\/schema\/logo\/image\/","url":"https:\/\/11ponto11servidor.com.br\/blogsrsiape\/wp-content\/uploads\/sites\/2\/2024\/10\/logo-1.png","contentUrl":"https:\/\/11ponto11servidor.com.br\/blogsrsiape\/wp-content\/uploads\/sites\/2\/2024\/10\/logo-1.png","width":287,"height":116,"caption":"Blog do sr. SIAPE"},"image":{"@id":"https:\/\/blogdosrsiape.com\/#\/schema\/logo\/image\/"},"sameAs":["https:\/\/www.facebook.com\/blogsrsiape\/?locale=pt_BR","https:\/\/www.instagram.com\/srsiape\/"]},{"@type":"Person","@id":"https:\/\/blogdosrsiape.com\/#\/schema\/person\/641e1af8b22c69725a1d604fb8959bcf","name":"websitemix","sameAs":["https:\/\/11ponto11servidor.com.br"],"url":"https:\/\/11ponto11servidor.com.br\/blogsrsiape\/author\/websitemix\/"}]}},"_links":{"self":[{"href":"https:\/\/11ponto11servidor.com.br\/blogsrsiape\/wp-json\/wp\/v2\/posts\/4403"}],"collection":[{"href":"https:\/\/11ponto11servidor.com.br\/blogsrsiape\/wp-json\/wp\/v2\/posts"}],"about":[{"href":"https:\/\/11ponto11servidor.com.br\/blogsrsiape\/wp-json\/wp\/v2\/types\/post"}],"author":[{"embeddable":true,"href":"https:\/\/11ponto11servidor.com.br\/blogsrsiape\/wp-json\/wp\/v2\/users\/1"}],"replies":[{"embeddable":true,"href":"https:\/\/11ponto11servidor.com.br\/blogsrsiape\/wp-json\/wp\/v2\/comments?post=4403"}],"version-history":[{"count":0,"href":"https:\/\/11ponto11servidor.com.br\/blogsrsiape\/wp-json\/wp\/v2\/posts\/4403\/revisions"}],"wp:featuredmedia":[{"embeddable":true,"href":"https:\/\/11ponto11servidor.com.br\/blogsrsiape\/wp-json\/wp\/v2\/media\/2305"}],"wp:attachment":[{"href":"https:\/\/11ponto11servidor.com.br\/blogsrsiape\/wp-json\/wp\/v2\/media?parent=4403"}],"wp:term":[{"taxonomy":"category","embeddable":true,"href":"https:\/\/11ponto11servidor.com.br\/blogsrsiape\/wp-json\/wp\/v2\/categories?post=4403"},{"taxonomy":"post_tag","embeddable":true,"href":"https:\/\/11ponto11servidor.com.br\/blogsrsiape\/wp-json\/wp\/v2\/tags?post=4403"}],"curies":[{"name":"wp","href":"https:\/\/api.w.org\/{rel}","templated":true}]}}