{"id":457,"date":"2015-05-14T11:38:09","date_gmt":"2015-05-14T14:38:09","guid":{"rendered":"https:\/\/11ponto11servidor.com.br\/blogsrsiape\/?p=457"},"modified":"2015-05-14T11:38:09","modified_gmt":"2015-05-14T14:38:09","slug":"senado-promove-exposicao-sobre-povos-indigenas","status":"publish","type":"post","link":"https:\/\/11ponto11servidor.com.br\/blogsrsiape\/senado-promove-exposicao-sobre-povos-indigenas\/","title":{"rendered":"Senado promove exposi\u00e7\u00e3o sobre povos ind\u00edgenas"},"content":{"rendered":"<div id=\"textoMateria\">\n<p>Trinta anos de luta dos povos ind\u00edgenas brasileiros est\u00e3o retratados em Mostra Fotogr\u00e1fica inaugurada no Sal\u00e3o Branco do Congresso Nacional.\u00a0O senador <a href=\"https:\/\/twitter.com\/joaocapi\">Jo\u00e3o Capiberibe<\/a> (PSB\/PA) autor da iniciativa da exposi\u00e7\u00e3o, em parceria com a Embaixada da Noruega, fala de sua experi\u00eancia pessoal ao descobrir, quando adolescente, que no Brasil havia ind\u00edgenas. Segundo o senador, a fronteira agr\u00edcola avan\u00e7a de forma criminosa sobre as terras ind\u00edgenas, destruindo florestas e culturas dos povos silv\u00edcolas. Em entrevista ao programa Conex\u00e3o Senado, da <a href=\"http:\/\/www.senado.gov.br\/radio\">R\u00e1dio Senado<\/a>, Capiberibe fala, tamb\u00e9m, do <a href=\"http:\/\/www.senado.leg.br\/atividade\/materia\/detalhes.asp?p_cod_mate=120928\">projeto de Terceiriza\u00e7\u00e3o <\/a>e destaca que, no pa\u00eds, ainda existe situa\u00e7\u00f5es trabalhistas an\u00e1logas \u00e0 escravid\u00e3o. Cita condi\u00e7\u00f5es prec\u00e1rias atuais dos terceirizados e diz que a proposta em an\u00e1lise ir\u00e1 piorar essa situa\u00e7\u00e3o. O senador \u00a0se diz a favor da rejei\u00e7\u00e3o do projeto na forma que veio da C\u00e2mara e afirma que, se aprovado, aumentar\u00e1 a \u2018precariza\u00e7\u00e3o\u2019 do trabalho no pa\u00eds.<\/p>\n<\/div>\n<div class=\"\">\n<div id=\"audiojs_wrapper0\" class=\"audiojs \">\n<div class=\"play-pause\"><\/div>\n<div class=\"scrubber\"><\/div>\n<div class=\"time\"><em class=\"played\">00:00<\/em><strong class=\"duration\">11:08<\/strong><\/div>\n<\/div>\n<\/div>\n<div id=\"downloadAudio\">\n<p>Op\u00e7\u00f5es: <a href=\"http:\/\/www12.senado.gov.br\/noticias\/audios\/2015\/05\/senado-promove-exposicao-sobre-povos-indigenas\/@@download\/file\">Download<\/a><\/p>\n<\/div>\n<p><a ref=\"magnificPopup\" href=\"https:\/\/blogdosrsiape.files.wordpress.com\/2015\/03\/o-sr-siape.png\"><img loading=\"lazy\" decoding=\"async\" class=\"alignnone size-medium wp-image-125\" src=\"https:\/\/blogdosrsiape.files.wordpress.com\/2015\/03\/o-sr-siape.png?w=300\" alt=\"o sr siape\" width=\"300\" height=\"172\" \/><\/a><\/p>\n<p><strong><span style=\"text-decoration:underline;\">Fonte:<\/span> \u00a0TV SENADO\u00a0<\/strong><\/p>\n","protected":false},"excerpt":{"rendered":"<p>Trinta anos de luta dos povos ind\u00edgenas brasileiros est\u00e3o retratados em Mostra Fotogr\u00e1fica inaugurada no Sal\u00e3o Branco do Congresso Nacional.\u00a0O senador Jo\u00e3o Capiberibe (PSB\/PA) autor da iniciativa da exposi\u00e7\u00e3o, em parceria com a Embaixada da Noruega, fala de sua experi\u00eancia pessoal ao descobrir, quando adolescente, que no Brasil havia ind\u00edgenas. Segundo o senador, a fronteira&#8230;<\/p>\n","protected":false},"author":1,"featured_media":0,"comment_status":"open","ping_status":"open","sticky":false,"template":"","format":"standard","meta":{"footnotes":""},"categories":[1],"tags":[],"class_list":["post-457","post","type-post","status-publish","format-standard","hentry","category-geral"],"yoast_head":"<!-- This site is optimized with the Yoast SEO plugin v23.6 - https:\/\/yoast.com\/wordpress\/plugins\/seo\/ -->\n<title>Senado promove exposi\u00e7\u00e3o sobre povos ind\u00edgenas - Blog do Sr. SIAPE<\/title>\n<meta name=\"robots\" content=\"index, follow, max-snippet:-1, max-image-preview:large, max-video-preview:-1\" \/>\n<link rel=\"canonical\" href=\"https:\/\/blogdosrsiape.net\/senado-promove-exposicao-sobre-povos-indigenas\/\" \/>\n<meta property=\"og:locale\" content=\"pt_BR\" \/>\n<meta property=\"og:type\" content=\"article\" \/>\n<meta property=\"og:title\" content=\"Senado promove exposi\u00e7\u00e3o sobre povos ind\u00edgenas - Blog do Sr. SIAPE\" \/>\n<meta property=\"og:description\" content=\"Trinta anos de luta dos povos ind\u00edgenas brasileiros est\u00e3o retratados em Mostra Fotogr\u00e1fica inaugurada no Sal\u00e3o Branco do Congresso Nacional.\u00a0O senador Jo\u00e3o Capiberibe (PSB\/PA) autor da iniciativa da exposi\u00e7\u00e3o, em parceria com a Embaixada da Noruega, fala de sua experi\u00eancia pessoal ao descobrir, quando adolescente, que no Brasil havia ind\u00edgenas. Segundo o senador, a fronteira...\" \/>\n<meta property=\"og:url\" content=\"https:\/\/blogdosrsiape.net\/senado-promove-exposicao-sobre-povos-indigenas\/\" \/>\n<meta property=\"og:site_name\" content=\"Blog do Sr. SIAPE\" \/>\n<meta property=\"article:publisher\" content=\"https:\/\/www.facebook.com\/blogsrsiape\/?locale=pt_BR\" \/>\n<meta property=\"article:published_time\" content=\"2015-05-14T14:38:09+00:00\" \/>\n<meta property=\"og:image\" content=\"https:\/\/blogdosrsiape.files.wordpress.com\/2015\/03\/o-sr-siape.png?w=300\" \/>\n<meta name=\"author\" content=\"websitemix\" \/>\n<meta name=\"twitter:card\" content=\"summary_large_image\" \/>\n<meta name=\"twitter:label1\" content=\"Escrito por\" \/>\n\t<meta name=\"twitter:data1\" content=\"websitemix\" \/>\n\t<meta name=\"twitter:label2\" content=\"Est. tempo de leitura\" \/>\n\t<meta name=\"twitter:data2\" content=\"1 minuto\" \/>\n<script type=\"application\/ld+json\" class=\"yoast-schema-graph\">{\"@context\":\"https:\/\/schema.org\",\"@graph\":[{\"@type\":\"Article\",\"@id\":\"https:\/\/blogdosrsiape.net\/senado-promove-exposicao-sobre-povos-indigenas\/#article\",\"isPartOf\":{\"@id\":\"https:\/\/blogdosrsiape.net\/senado-promove-exposicao-sobre-povos-indigenas\/\"},\"author\":{\"name\":\"websitemix\",\"@id\":\"https:\/\/blogdosrsiape.com\/#\/schema\/person\/641e1af8b22c69725a1d604fb8959bcf\"},\"headline\":\"Senado promove exposi\u00e7\u00e3o sobre povos ind\u00edgenas\",\"datePublished\":\"2015-05-14T14:38:09+00:00\",\"dateModified\":\"2015-05-14T14:38:09+00:00\",\"mainEntityOfPage\":{\"@id\":\"https:\/\/blogdosrsiape.net\/senado-promove-exposicao-sobre-povos-indigenas\/\"},\"wordCount\":187,\"commentCount\":0,\"publisher\":{\"@id\":\"https:\/\/blogdosrsiape.com\/#organization\"},\"image\":{\"@id\":\"https:\/\/blogdosrsiape.net\/senado-promove-exposicao-sobre-povos-indigenas\/#primaryimage\"},\"thumbnailUrl\":\"https:\/\/blogdosrsiape.files.wordpress.com\/2015\/03\/o-sr-siape.png?w=300\",\"articleSection\":[\"Geral\"],\"inLanguage\":\"pt-BR\",\"potentialAction\":[{\"@type\":\"CommentAction\",\"name\":\"Comment\",\"target\":[\"https:\/\/blogdosrsiape.net\/senado-promove-exposicao-sobre-povos-indigenas\/#respond\"]}]},{\"@type\":\"WebPage\",\"@id\":\"https:\/\/blogdosrsiape.net\/senado-promove-exposicao-sobre-povos-indigenas\/\",\"url\":\"https:\/\/blogdosrsiape.net\/senado-promove-exposicao-sobre-povos-indigenas\/\",\"name\":\"Senado promove exposi\u00e7\u00e3o sobre povos ind\u00edgenas - Blog do Sr. SIAPE\",\"isPartOf\":{\"@id\":\"https:\/\/blogdosrsiape.com\/#website\"},\"primaryImageOfPage\":{\"@id\":\"https:\/\/blogdosrsiape.net\/senado-promove-exposicao-sobre-povos-indigenas\/#primaryimage\"},\"image\":{\"@id\":\"https:\/\/blogdosrsiape.net\/senado-promove-exposicao-sobre-povos-indigenas\/#primaryimage\"},\"thumbnailUrl\":\"https:\/\/blogdosrsiape.files.wordpress.com\/2015\/03\/o-sr-siape.png?w=300\",\"datePublished\":\"2015-05-14T14:38:09+00:00\",\"dateModified\":\"2015-05-14T14:38:09+00:00\",\"breadcrumb\":{\"@id\":\"https:\/\/blogdosrsiape.net\/senado-promove-exposicao-sobre-povos-indigenas\/#breadcrumb\"},\"inLanguage\":\"pt-BR\",\"potentialAction\":[{\"@type\":\"ReadAction\",\"target\":[\"https:\/\/blogdosrsiape.net\/senado-promove-exposicao-sobre-povos-indigenas\/\"]}]},{\"@type\":\"ImageObject\",\"inLanguage\":\"pt-BR\",\"@id\":\"https:\/\/blogdosrsiape.net\/senado-promove-exposicao-sobre-povos-indigenas\/#primaryimage\",\"url\":\"https:\/\/blogdosrsiape.files.wordpress.com\/2015\/03\/o-sr-siape.png?w=300\",\"contentUrl\":\"https:\/\/blogdosrsiape.files.wordpress.com\/2015\/03\/o-sr-siape.png?w=300\"},{\"@type\":\"BreadcrumbList\",\"@id\":\"https:\/\/blogdosrsiape.net\/senado-promove-exposicao-sobre-povos-indigenas\/#breadcrumb\",\"itemListElement\":[{\"@type\":\"ListItem\",\"position\":1,\"name\":\"In\u00edcio\",\"item\":\"https:\/\/blogdosrsiape.com\/\"},{\"@type\":\"ListItem\",\"position\":2,\"name\":\"Senado promove exposi\u00e7\u00e3o sobre povos ind\u00edgenas\"}]},{\"@type\":\"WebSite\",\"@id\":\"https:\/\/blogdosrsiape.com\/#website\",\"url\":\"https:\/\/blogdosrsiape.com\/\",\"name\":\"Blog do sr. SIAPE\",\"description\":\"SIAPE Servidor Federal\",\"publisher\":{\"@id\":\"https:\/\/blogdosrsiape.com\/#organization\"},\"potentialAction\":[{\"@type\":\"SearchAction\",\"target\":{\"@type\":\"EntryPoint\",\"urlTemplate\":\"https:\/\/blogdosrsiape.com\/?s={search_term_string}\"},\"query-input\":{\"@type\":\"PropertyValueSpecification\",\"valueRequired\":true,\"valueName\":\"search_term_string\"}}],\"inLanguage\":\"pt-BR\"},{\"@type\":\"Organization\",\"@id\":\"https:\/\/blogdosrsiape.com\/#organization\",\"name\":\"Blog do sr. SIAPE\",\"url\":\"https:\/\/blogdosrsiape.com\/\",\"logo\":{\"@type\":\"ImageObject\",\"inLanguage\":\"pt-BR\",\"@id\":\"https:\/\/blogdosrsiape.com\/#\/schema\/logo\/image\/\",\"url\":\"https:\/\/11ponto11servidor.com.br\/blogsrsiape\/wp-content\/uploads\/sites\/2\/2024\/10\/logo-1.png\",\"contentUrl\":\"https:\/\/11ponto11servidor.com.br\/blogsrsiape\/wp-content\/uploads\/sites\/2\/2024\/10\/logo-1.png\",\"width\":287,\"height\":116,\"caption\":\"Blog do sr. SIAPE\"},\"image\":{\"@id\":\"https:\/\/blogdosrsiape.com\/#\/schema\/logo\/image\/\"},\"sameAs\":[\"https:\/\/www.facebook.com\/blogsrsiape\/?locale=pt_BR\",\"https:\/\/www.instagram.com\/srsiape\/\"]},{\"@type\":\"Person\",\"@id\":\"https:\/\/blogdosrsiape.com\/#\/schema\/person\/641e1af8b22c69725a1d604fb8959bcf\",\"name\":\"websitemix\",\"sameAs\":[\"https:\/\/11ponto11servidor.com.br\"],\"url\":\"https:\/\/11ponto11servidor.com.br\/blogsrsiape\/author\/websitemix\/\"}]}<\/script>\n<!-- \/ Yoast SEO plugin. -->","yoast_head_json":{"title":"Senado promove exposi\u00e7\u00e3o sobre povos ind\u00edgenas - Blog do Sr. SIAPE","robots":{"index":"index","follow":"follow","max-snippet":"max-snippet:-1","max-image-preview":"max-image-preview:large","max-video-preview":"max-video-preview:-1"},"canonical":"https:\/\/blogdosrsiape.net\/senado-promove-exposicao-sobre-povos-indigenas\/","og_locale":"pt_BR","og_type":"article","og_title":"Senado promove exposi\u00e7\u00e3o sobre povos ind\u00edgenas - Blog do Sr. SIAPE","og_description":"Trinta anos de luta dos povos ind\u00edgenas brasileiros est\u00e3o retratados em Mostra Fotogr\u00e1fica inaugurada no Sal\u00e3o Branco do Congresso Nacional.\u00a0O senador Jo\u00e3o Capiberibe (PSB\/PA) autor da iniciativa da exposi\u00e7\u00e3o, em parceria com a Embaixada da Noruega, fala de sua experi\u00eancia pessoal ao descobrir, quando adolescente, que no Brasil havia ind\u00edgenas. Segundo o senador, a fronteira...","og_url":"https:\/\/blogdosrsiape.net\/senado-promove-exposicao-sobre-povos-indigenas\/","og_site_name":"Blog do Sr. SIAPE","article_publisher":"https:\/\/www.facebook.com\/blogsrsiape\/?locale=pt_BR","article_published_time":"2015-05-14T14:38:09+00:00","og_image":[{"url":"https:\/\/blogdosrsiape.files.wordpress.com\/2015\/03\/o-sr-siape.png?w=300"}],"author":"websitemix","twitter_card":"summary_large_image","twitter_misc":{"Escrito por":"websitemix","Est. tempo de leitura":"1 minuto"},"schema":{"@context":"https:\/\/schema.org","@graph":[{"@type":"Article","@id":"https:\/\/blogdosrsiape.net\/senado-promove-exposicao-sobre-povos-indigenas\/#article","isPartOf":{"@id":"https:\/\/blogdosrsiape.net\/senado-promove-exposicao-sobre-povos-indigenas\/"},"author":{"name":"websitemix","@id":"https:\/\/blogdosrsiape.com\/#\/schema\/person\/641e1af8b22c69725a1d604fb8959bcf"},"headline":"Senado promove exposi\u00e7\u00e3o sobre povos ind\u00edgenas","datePublished":"2015-05-14T14:38:09+00:00","dateModified":"2015-05-14T14:38:09+00:00","mainEntityOfPage":{"@id":"https:\/\/blogdosrsiape.net\/senado-promove-exposicao-sobre-povos-indigenas\/"},"wordCount":187,"commentCount":0,"publisher":{"@id":"https:\/\/blogdosrsiape.com\/#organization"},"image":{"@id":"https:\/\/blogdosrsiape.net\/senado-promove-exposicao-sobre-povos-indigenas\/#primaryimage"},"thumbnailUrl":"https:\/\/blogdosrsiape.files.wordpress.com\/2015\/03\/o-sr-siape.png?w=300","articleSection":["Geral"],"inLanguage":"pt-BR","potentialAction":[{"@type":"CommentAction","name":"Comment","target":["https:\/\/blogdosrsiape.net\/senado-promove-exposicao-sobre-povos-indigenas\/#respond"]}]},{"@type":"WebPage","@id":"https:\/\/blogdosrsiape.net\/senado-promove-exposicao-sobre-povos-indigenas\/","url":"https:\/\/blogdosrsiape.net\/senado-promove-exposicao-sobre-povos-indigenas\/","name":"Senado promove exposi\u00e7\u00e3o sobre povos ind\u00edgenas - Blog do Sr. SIAPE","isPartOf":{"@id":"https:\/\/blogdosrsiape.com\/#website"},"primaryImageOfPage":{"@id":"https:\/\/blogdosrsiape.net\/senado-promove-exposicao-sobre-povos-indigenas\/#primaryimage"},"image":{"@id":"https:\/\/blogdosrsiape.net\/senado-promove-exposicao-sobre-povos-indigenas\/#primaryimage"},"thumbnailUrl":"https:\/\/blogdosrsiape.files.wordpress.com\/2015\/03\/o-sr-siape.png?w=300","datePublished":"2015-05-14T14:38:09+00:00","dateModified":"2015-05-14T14:38:09+00:00","breadcrumb":{"@id":"https:\/\/blogdosrsiape.net\/senado-promove-exposicao-sobre-povos-indigenas\/#breadcrumb"},"inLanguage":"pt-BR","potentialAction":[{"@type":"ReadAction","target":["https:\/\/blogdosrsiape.net\/senado-promove-exposicao-sobre-povos-indigenas\/"]}]},{"@type":"ImageObject","inLanguage":"pt-BR","@id":"https:\/\/blogdosrsiape.net\/senado-promove-exposicao-sobre-povos-indigenas\/#primaryimage","url":"https:\/\/blogdosrsiape.files.wordpress.com\/2015\/03\/o-sr-siape.png?w=300","contentUrl":"https:\/\/blogdosrsiape.files.wordpress.com\/2015\/03\/o-sr-siape.png?w=300"},{"@type":"BreadcrumbList","@id":"https:\/\/blogdosrsiape.net\/senado-promove-exposicao-sobre-povos-indigenas\/#breadcrumb","itemListElement":[{"@type":"ListItem","position":1,"name":"In\u00edcio","item":"https:\/\/blogdosrsiape.com\/"},{"@type":"ListItem","position":2,"name":"Senado promove exposi\u00e7\u00e3o sobre povos ind\u00edgenas"}]},{"@type":"WebSite","@id":"https:\/\/blogdosrsiape.com\/#website","url":"https:\/\/blogdosrsiape.com\/","name":"Blog do sr. SIAPE","description":"SIAPE Servidor Federal","publisher":{"@id":"https:\/\/blogdosrsiape.com\/#organization"},"potentialAction":[{"@type":"SearchAction","target":{"@type":"EntryPoint","urlTemplate":"https:\/\/blogdosrsiape.com\/?s={search_term_string}"},"query-input":{"@type":"PropertyValueSpecification","valueRequired":true,"valueName":"search_term_string"}}],"inLanguage":"pt-BR"},{"@type":"Organization","@id":"https:\/\/blogdosrsiape.com\/#organization","name":"Blog do sr. SIAPE","url":"https:\/\/blogdosrsiape.com\/","logo":{"@type":"ImageObject","inLanguage":"pt-BR","@id":"https:\/\/blogdosrsiape.com\/#\/schema\/logo\/image\/","url":"https:\/\/11ponto11servidor.com.br\/blogsrsiape\/wp-content\/uploads\/sites\/2\/2024\/10\/logo-1.png","contentUrl":"https:\/\/11ponto11servidor.com.br\/blogsrsiape\/wp-content\/uploads\/sites\/2\/2024\/10\/logo-1.png","width":287,"height":116,"caption":"Blog do sr. SIAPE"},"image":{"@id":"https:\/\/blogdosrsiape.com\/#\/schema\/logo\/image\/"},"sameAs":["https:\/\/www.facebook.com\/blogsrsiape\/?locale=pt_BR","https:\/\/www.instagram.com\/srsiape\/"]},{"@type":"Person","@id":"https:\/\/blogdosrsiape.com\/#\/schema\/person\/641e1af8b22c69725a1d604fb8959bcf","name":"websitemix","sameAs":["https:\/\/11ponto11servidor.com.br"],"url":"https:\/\/11ponto11servidor.com.br\/blogsrsiape\/author\/websitemix\/"}]}},"_links":{"self":[{"href":"https:\/\/11ponto11servidor.com.br\/blogsrsiape\/wp-json\/wp\/v2\/posts\/457"}],"collection":[{"href":"https:\/\/11ponto11servidor.com.br\/blogsrsiape\/wp-json\/wp\/v2\/posts"}],"about":[{"href":"https:\/\/11ponto11servidor.com.br\/blogsrsiape\/wp-json\/wp\/v2\/types\/post"}],"author":[{"embeddable":true,"href":"https:\/\/11ponto11servidor.com.br\/blogsrsiape\/wp-json\/wp\/v2\/users\/1"}],"replies":[{"embeddable":true,"href":"https:\/\/11ponto11servidor.com.br\/blogsrsiape\/wp-json\/wp\/v2\/comments?post=457"}],"version-history":[{"count":0,"href":"https:\/\/11ponto11servidor.com.br\/blogsrsiape\/wp-json\/wp\/v2\/posts\/457\/revisions"}],"wp:attachment":[{"href":"https:\/\/11ponto11servidor.com.br\/blogsrsiape\/wp-json\/wp\/v2\/media?parent=457"}],"wp:term":[{"taxonomy":"category","embeddable":true,"href":"https:\/\/11ponto11servidor.com.br\/blogsrsiape\/wp-json\/wp\/v2\/categories?post=457"},{"taxonomy":"post_tag","embeddable":true,"href":"https:\/\/11ponto11servidor.com.br\/blogsrsiape\/wp-json\/wp\/v2\/tags?post=457"}],"curies":[{"name":"wp","href":"https:\/\/api.w.org\/{rel}","templated":true}]}}