{"id":489,"date":"2015-05-19T19:47:30","date_gmt":"2015-05-19T22:47:30","guid":{"rendered":"https:\/\/11ponto11servidor.com.br\/blogsrsiape\/?p=489"},"modified":"2015-05-19T19:47:30","modified_gmt":"2015-05-19T22:47:30","slug":"os-gestores-do-futuro","status":"publish","type":"post","link":"https:\/\/11ponto11servidor.com.br\/blogsrsiape\/os-gestores-do-futuro\/","title":{"rendered":"OS GESTORES DO FUTURO"},"content":{"rendered":"<p><img decoding=\"async\" class=\" alignleft\" src=\"https:\/\/claritybr.files.wordpress.com\/2014\/10\/gestor_competencias1.jpg?w=449&amp;h=298\" alt=\"\" \/>Um curso de P\u00f3s-Gradua\u00e7\u00e3o prepara profissionais ligados \u00e0 Administra\u00e7\u00e3o P\u00fablica para serem Executivos capazes de liderar reformas e aumentar a produtividade do Governo.<\/p>\n<p>O historiador franc\u00eas Fernand Braudel, integrante da primeira gera\u00e7\u00e3o de professores da Universidade de S\u00e3o Paulo (<strong>USP<\/strong>), nos anos 30, mais tarde reconhecido como um dos mais influentes intelectuais do p\u00f3s II-Guerra, paradoxal a &#8220;dificuldade anormal&#8221; no desenvolvimento dos pa\u00edses pobre. Em <em><strong>A Din\u00e2mica do Capitalismo<\/strong><\/em>, livro editado a partir de tr\u00eas(3) palestras proferidas nos Estados Unidos em 1977, manifestou sua surpresa diante do atraso de algumas economias quando &#8220;a revolu\u00e7\u00e3o j\u00e1 n\u00e3o precisa ser inventada, quando os modelos est\u00e3o \u00e0 disposi\u00e7\u00e3o de todo o mundo&#8221; e &#8220;tudo deveria ser f\u00e1cil, mas nada funciona facilmente&#8221;. Nas \u00faltimas quatro(4) d\u00e9cadas, v\u00e1rios pa\u00edses, principalmente na \u00c1sia, conseguiram superar o paradoxo exposto por Braudel e emergiram da pobreza.<\/p>\n<p>Na Am\u00e9rica Latina, entretanto, nada ainda funciona facilmente. O desenvolvimento ocorre em espasmos. A regi\u00e3o (e o Brasil em particular), evoluiu em rela\u00e7\u00e3o ao seu passado. A velocidade, contudo, empalidece diante da transforma\u00e7\u00e3o ocorrida na Coreia do Sul, em Singapura e em Taiwan, pa\u00edses pobres at\u00e9 os anos 70 mas hoje pr\u00f3speros e desenvolvidos.<\/p>\n<p>Depois de ter passado por f\u00f3rmulas alternativas e fracassadas na tentativa de acelerar o desenvolvimento, o Brasil busca, lentamente, aproximar-se dos exemplos internacionais bem sucedidos. A escolha de reformas e projetos priorit\u00e1rios \u00e9 apenas o primeiro passo. Essencial \u00e9 torn\u00e1-los de fato efetivos, e esse papel cabe ao Governo. A produ\u00e7\u00e3o da riqueza d\u00e1-se na iniciativa privada, mas \u00e9 o Setor P\u00fablico que arbitra os mercados, direciona os investimentos, aplica a Justi\u00e7a e distribui os recursos recolhidos pela Tributa\u00e7\u00e3o. Por anos, os gastos crescentes da m\u00e1quina estatal foram financiados com o aumento da carga de impostos. O setor privado ficou com ar. Para o pa\u00eds sair do marasmo econ\u00f4mico e manter a melhoria dos indicadores sociais, o Governo em sus tr\u00eas(3) esferas (Uni\u00e3o, Estados e Munic\u00edpios), ter\u00e1 de usar os recursos de maneira mais eficiente.<\/p>\n<p>Superar a &#8220;dificuldade anormal&#8221; para acelerar o desenvolvimento requer um Governo mais produtivo. Para uma nova gera\u00e7\u00e3o de <strong>Gestores P\u00fablicos<\/strong>, muitos deles com experi\u00eancia em empresas privadas, isso ficou evidente. As boas iniciativas, entretanto, esbarram em obst\u00e1culos como os v\u00edcios do corporativismo burocr\u00e1tico e o abandono do projeto por causa da sucess\u00e3o eleitoral. Essas s\u00e3o algumas das principais preocupa\u00e7\u00f5es dos integrantes da primeira turma da P\u00f3s-Gradua\u00e7\u00e3o em Administra\u00e7\u00e3o P\u00fablica do Centro de Lideran\u00e7a P\u00fablica (<strong>CLP<\/strong>).<\/p>\n<p><img decoding=\"async\" class=\" alignleft\" src=\"http:\/\/www.abrhrs.com.br\/congregarh\/diversos\/auditorioCongregarh2013.jpg\" alt=\"\" \/><strong>TEORIA E PR\u00c1TICA<\/strong><\/p>\n<p><em>Alunos do Centro de Lideran\u00e7a P\u00fablica durante aula em Harvard: Pol\u00edticas para uma gest\u00e3o mais eficiente<\/em><\/p>\n<p>No fim de fevereiro, o grupo de 35 alunos, em sua maioria Gestores de altos cargos na Administra\u00e7\u00e3o de \u00d3rg\u00e3os, Estados e Prefeituras, entre eles oito(8) Secret\u00e1rios, passou uma semana na <strong>Kennedy School<\/strong>, na <strong>Universidade de Harvard<\/strong>, onde discutiu estrat\u00e9gias para desenvolver reformas capazes de atrair investimentos e aprimorar a qualidade dos servi\u00e7os prestados por sua Administra\u00e7\u00e3o. Fazem parte do programa profissionais de \u00e1reas como: Educa\u00e7\u00e3o, Finan\u00e7as, Ambiente e Sa\u00fade, de capitais como: S\u00e3o Paulo, Rio de Janeiro e Teresina.<\/p>\n<p>O <strong>CLP\u00a0<\/strong>est\u00e1 em fase de sele\u00e7\u00e3o dos interessados em fazer parte da segunda turma do curso. &#8220;Os Governos podem e devem ser mais produtivos, e bons Gestores P\u00fablicos s\u00e3o essenciais para que isso aconte\u00e7a&#8221;, diz Luiz Felipe D&#8217;Avila, Diretor-Presidente do <strong>CLP<\/strong> e tamb\u00e9m ex-aluno da Kennedy School, o modelo que o inspirou a criar uma escola similar no Brasil. Pode-se pensar o curso como um <strong>MBA<\/strong> (Master of Business Administration), adaptado \u00e0s particularidades da Administra\u00e7\u00e3o P\u00fablica. Um Plano como o Real, por exemplo, teria vida curta sem todo o trabalho de articula\u00e7\u00e3o pol\u00edtica e comunica\u00e7\u00e3o social feito simultaneamente \u00e0 execu\u00e7\u00e3o t\u00e9cnica. Deixado nas m\u00e3os de tecnocratas, seria um fracasso. &#8220;Sem gest\u00e3o, passamos todo o tempo apagando inc\u00eandios, perdemos a capacidade de planejar a longo prazo&#8221;. Silvio Roberto Bernardin, Secret\u00e1rio de Administra\u00e7\u00e3o de Campinas, ressalta a import\u00e2ncia do fato, destacado por Matt Andrews, em Harvard, de que o Gestor deve estar sempre atento ao processo de implementa\u00e7\u00e3o (quem assumir\u00e1 as responsabilidades, quais as autoridades a ser envolvidas, quais os interesses da comunidade e dos empres\u00e1rios, de onde vir\u00e3o os recursos e como eles ser\u00e3o gastos), e n\u00e3o focar exclusivamente os resultados. Dar ordens, afinal, n\u00e3o significa que elas ser\u00e3o cumpridas. &#8220;Nos Servi\u00e7os P\u00fablicos, os resultados muitas vezes n\u00e3o aparecem a curto prazo&#8221;, diz Bernardin. &#8220;\u00c9 preciso vencer a resist\u00eancia do corporativismo. Mas \u00e9 poss\u00edvel pensar a Gest\u00e3o de maneira mais eficiente&#8221;.<\/p>\n<p><a ref=\"magnificPopup\" href=\"https:\/\/blogdosrsiape.files.wordpress.com\/2015\/05\/shutterstock_180729680.jpg\"><img loading=\"lazy\" decoding=\"async\" class=\"alignnone size-full wp-image-490\" src=\"https:\/\/blogdosrsiape.files.wordpress.com\/2015\/05\/shutterstock_180729680.jpg\" alt=\"shutterstock_180729680\" width=\"660\" height=\"660\" \/><\/a><\/p>\n<p>O Psiquiatra Felipe S. N. Machado, do Programa de Aten\u00e7\u00e3o \u00e0 Psicose na Inf\u00e2ncia e Adolesc\u00eancia, da <strong>Unifesp<\/strong>, decidiu fazer a P\u00f3s-Gradua\u00e7\u00e3o porque pensa em dedicar-se, no futuro, mais diretamente \u00e0 Gest\u00e3o de Servi\u00e7os de Sa\u00fade, possivelmente estreitando parcerias da Universidade com o Governo. &#8220;Ainda h\u00e1 muita resist\u00eancia da Academia contra envolver-se mais diretamente com atividades pr\u00e1ticas&#8221;, diz Machado. &#8220;Precisamos ampliar a a\u00e7\u00e3o da Medicina&#8221;.<\/p>\n<p>Em seu trabalho de conclus\u00e3o do curso, Elizabeth Juc\u00e1, com outros colegas de curso, trabalha em um projeto para transformar Juiz de Fora em um polo de desenvolvimento para a Zona da Mata mineira, com a cria\u00e7\u00e3o de um parque tecnol\u00f3gico. Silvio Bernardin e seu grupo pensam em um modelo de transi\u00e7\u00e3o de Governo para evitar, entre outros contratempos, o esvaziamento de pol\u00edticas bem sucedidas. Felipe Machado, ao lado de um colega, est\u00e1 desenvolvendo um aplicativo de internet que permitir\u00e1 fazer a compara\u00e7\u00e3o, em tempo real, da qualidade de Hospitais, Cl\u00ednicas e Universidades de atendimento de todo o pa\u00eds, com a an\u00e1lise, feita pelos usu\u00e1rios, de diversos aspectos do servi\u00e7o. S\u00e3o exemplos de boas ideias que, no futuro, poder\u00e3o dar nova vida \u00e0 Gest\u00e3o P\u00fablica, hoje frequentemente associada a servi\u00e7os ruins e corrup\u00e7\u00e3o.<\/p>\n<p><strong><span style=\"text-decoration:underline;\">Por:<\/span> Giuliano Guandalini, de CAMBRIDGE (EUA) \u00a0\/\u00a0Revista VEJA &#8211;\u00a0<\/strong><\/p>\n<p><a ref=\"magnificPopup\" href=\"https:\/\/blogdosrsiape.files.wordpress.com\/2015\/03\/o-sr-siape.png\"><img loading=\"lazy\" decoding=\"async\" class=\"alignnone size-full wp-image-125\" src=\"https:\/\/blogdosrsiape.files.wordpress.com\/2015\/03\/o-sr-siape.png\" alt=\"o sr siape\" width=\"660\" height=\"378\" \/><\/a><\/p>\n","protected":false},"excerpt":{"rendered":"<p>Um curso de P\u00f3s-Gradua\u00e7\u00e3o prepara profissionais ligados \u00e0 Administra\u00e7\u00e3o P\u00fablica para serem Executivos capazes de liderar reformas e aumentar a produtividade do Governo. O historiador franc\u00eas Fernand Braudel, integrante da primeira gera\u00e7\u00e3o de professores da Universidade de S\u00e3o Paulo (USP), nos anos 30, mais tarde reconhecido como um dos mais influentes intelectuais do p\u00f3s II-Guerra,&#8230;<\/p>\n","protected":false},"author":1,"featured_media":0,"comment_status":"open","ping_status":"open","sticky":false,"template":"","format":"standard","meta":{"footnotes":""},"categories":[1],"tags":[120,381,660,786,914,1096,1109,1315,1322,1443,1576,2144,2194,2279,2359,2428,2433,2439,2451],"class_list":["post-489","post","type-post","status-publish","format-standard","hentry","category-geral","tag-administracao-publica","tag-brasil","tag-coreia-do-sul","tag-dinamica-do-capitalismo","tag-estados","tag-gestores","tag-governo","tag-justica","tag-kennedy-school","tag-mba","tag-municipios","tag-setor-publico","tag-singapura","tag-taiwan","tag-tributacao","tag-uniao","tag-unifesp","tag-universidade-de-harvard","tag-usp"],"yoast_head":"<!-- This site is optimized with the Yoast SEO plugin v23.6 - https:\/\/yoast.com\/wordpress\/plugins\/seo\/ -->\n<title>OS GESTORES DO FUTURO - Blog do Sr. SIAPE<\/title>\n<meta name=\"robots\" content=\"index, follow, max-snippet:-1, max-image-preview:large, max-video-preview:-1\" \/>\n<link rel=\"canonical\" href=\"https:\/\/blogdosrsiape.net\/os-gestores-do-futuro\/\" \/>\n<meta property=\"og:locale\" content=\"pt_BR\" \/>\n<meta property=\"og:type\" content=\"article\" \/>\n<meta property=\"og:title\" content=\"OS GESTORES DO FUTURO - Blog do Sr. SIAPE\" \/>\n<meta property=\"og:description\" content=\"Um curso de P\u00f3s-Gradua\u00e7\u00e3o prepara profissionais ligados \u00e0 Administra\u00e7\u00e3o P\u00fablica para serem Executivos capazes de liderar reformas e aumentar a produtividade do Governo. O historiador franc\u00eas Fernand Braudel, integrante da primeira gera\u00e7\u00e3o de professores da Universidade de S\u00e3o Paulo (USP), nos anos 30, mais tarde reconhecido como um dos mais influentes intelectuais do p\u00f3s II-Guerra,...\" \/>\n<meta property=\"og:url\" content=\"https:\/\/blogdosrsiape.net\/os-gestores-do-futuro\/\" \/>\n<meta property=\"og:site_name\" content=\"Blog do Sr. SIAPE\" \/>\n<meta property=\"article:publisher\" content=\"https:\/\/www.facebook.com\/blogsrsiape\/?locale=pt_BR\" \/>\n<meta property=\"article:published_time\" content=\"2015-05-19T22:47:30+00:00\" \/>\n<meta property=\"og:image\" content=\"https:\/\/claritybr.files.wordpress.com\/2014\/10\/gestor_competencias1.jpg?w=449&amp;h=298\" \/>\n<meta name=\"author\" content=\"websitemix\" \/>\n<meta name=\"twitter:card\" content=\"summary_large_image\" \/>\n<meta name=\"twitter:label1\" content=\"Escrito por\" \/>\n\t<meta name=\"twitter:data1\" content=\"websitemix\" \/>\n\t<meta name=\"twitter:label2\" content=\"Est. tempo de leitura\" \/>\n\t<meta name=\"twitter:data2\" content=\"5 minutos\" \/>\n<script type=\"application\/ld+json\" class=\"yoast-schema-graph\">{\"@context\":\"https:\/\/schema.org\",\"@graph\":[{\"@type\":\"Article\",\"@id\":\"https:\/\/blogdosrsiape.net\/os-gestores-do-futuro\/#article\",\"isPartOf\":{\"@id\":\"https:\/\/blogdosrsiape.net\/os-gestores-do-futuro\/\"},\"author\":{\"name\":\"websitemix\",\"@id\":\"https:\/\/blogdosrsiape.com\/#\/schema\/person\/641e1af8b22c69725a1d604fb8959bcf\"},\"headline\":\"OS GESTORES DO FUTURO\",\"datePublished\":\"2015-05-19T22:47:30+00:00\",\"dateModified\":\"2015-05-19T22:47:30+00:00\",\"mainEntityOfPage\":{\"@id\":\"https:\/\/blogdosrsiape.net\/os-gestores-do-futuro\/\"},\"wordCount\":1056,\"commentCount\":0,\"publisher\":{\"@id\":\"https:\/\/blogdosrsiape.com\/#organization\"},\"image\":{\"@id\":\"https:\/\/blogdosrsiape.net\/os-gestores-do-futuro\/#primaryimage\"},\"thumbnailUrl\":\"https:\/\/claritybr.files.wordpress.com\/2014\/10\/gestor_competencias1.jpg?w=449&amp;h=298\",\"keywords\":[\"Administra\u00e7\u00e3o P\u00fablica\",\"Brasil\",\"Coreia do Sul\",\"Din\u00e2mica do Capitalismo\",\"Estados\",\"Gestores\",\"Governo\",\"Justi\u00e7a\",\"Kennedy School\",\"MBA\",\"Munic\u00edpios\",\"Setor P\u00fablico\",\"Singapura\",\"Taiwan\",\"Tributa\u00e7\u00e3o\",\"Uni\u00e3o\",\"Unifesp\",\"Universidade de Harvard\",\"USP\"],\"articleSection\":[\"Geral\"],\"inLanguage\":\"pt-BR\",\"potentialAction\":[{\"@type\":\"CommentAction\",\"name\":\"Comment\",\"target\":[\"https:\/\/blogdosrsiape.net\/os-gestores-do-futuro\/#respond\"]}]},{\"@type\":\"WebPage\",\"@id\":\"https:\/\/blogdosrsiape.net\/os-gestores-do-futuro\/\",\"url\":\"https:\/\/blogdosrsiape.net\/os-gestores-do-futuro\/\",\"name\":\"OS GESTORES DO FUTURO - Blog do Sr. SIAPE\",\"isPartOf\":{\"@id\":\"https:\/\/blogdosrsiape.com\/#website\"},\"primaryImageOfPage\":{\"@id\":\"https:\/\/blogdosrsiape.net\/os-gestores-do-futuro\/#primaryimage\"},\"image\":{\"@id\":\"https:\/\/blogdosrsiape.net\/os-gestores-do-futuro\/#primaryimage\"},\"thumbnailUrl\":\"https:\/\/claritybr.files.wordpress.com\/2014\/10\/gestor_competencias1.jpg?w=449&amp;h=298\",\"datePublished\":\"2015-05-19T22:47:30+00:00\",\"dateModified\":\"2015-05-19T22:47:30+00:00\",\"breadcrumb\":{\"@id\":\"https:\/\/blogdosrsiape.net\/os-gestores-do-futuro\/#breadcrumb\"},\"inLanguage\":\"pt-BR\",\"potentialAction\":[{\"@type\":\"ReadAction\",\"target\":[\"https:\/\/blogdosrsiape.net\/os-gestores-do-futuro\/\"]}]},{\"@type\":\"ImageObject\",\"inLanguage\":\"pt-BR\",\"@id\":\"https:\/\/blogdosrsiape.net\/os-gestores-do-futuro\/#primaryimage\",\"url\":\"https:\/\/claritybr.files.wordpress.com\/2014\/10\/gestor_competencias1.jpg?w=449&amp;h=298\",\"contentUrl\":\"https:\/\/claritybr.files.wordpress.com\/2014\/10\/gestor_competencias1.jpg?w=449&amp;h=298\"},{\"@type\":\"BreadcrumbList\",\"@id\":\"https:\/\/blogdosrsiape.net\/os-gestores-do-futuro\/#breadcrumb\",\"itemListElement\":[{\"@type\":\"ListItem\",\"position\":1,\"name\":\"In\u00edcio\",\"item\":\"https:\/\/blogdosrsiape.com\/\"},{\"@type\":\"ListItem\",\"position\":2,\"name\":\"OS GESTORES DO FUTURO\"}]},{\"@type\":\"WebSite\",\"@id\":\"https:\/\/blogdosrsiape.com\/#website\",\"url\":\"https:\/\/blogdosrsiape.com\/\",\"name\":\"Blog do sr. SIAPE\",\"description\":\"SIAPE Servidor Federal\",\"publisher\":{\"@id\":\"https:\/\/blogdosrsiape.com\/#organization\"},\"potentialAction\":[{\"@type\":\"SearchAction\",\"target\":{\"@type\":\"EntryPoint\",\"urlTemplate\":\"https:\/\/blogdosrsiape.com\/?s={search_term_string}\"},\"query-input\":{\"@type\":\"PropertyValueSpecification\",\"valueRequired\":true,\"valueName\":\"search_term_string\"}}],\"inLanguage\":\"pt-BR\"},{\"@type\":\"Organization\",\"@id\":\"https:\/\/blogdosrsiape.com\/#organization\",\"name\":\"Blog do sr. SIAPE\",\"url\":\"https:\/\/blogdosrsiape.com\/\",\"logo\":{\"@type\":\"ImageObject\",\"inLanguage\":\"pt-BR\",\"@id\":\"https:\/\/blogdosrsiape.com\/#\/schema\/logo\/image\/\",\"url\":\"https:\/\/11ponto11servidor.com.br\/blogsrsiape\/wp-content\/uploads\/sites\/2\/2024\/10\/logo-1.png\",\"contentUrl\":\"https:\/\/11ponto11servidor.com.br\/blogsrsiape\/wp-content\/uploads\/sites\/2\/2024\/10\/logo-1.png\",\"width\":287,\"height\":116,\"caption\":\"Blog do sr. SIAPE\"},\"image\":{\"@id\":\"https:\/\/blogdosrsiape.com\/#\/schema\/logo\/image\/\"},\"sameAs\":[\"https:\/\/www.facebook.com\/blogsrsiape\/?locale=pt_BR\",\"https:\/\/www.instagram.com\/srsiape\/\"]},{\"@type\":\"Person\",\"@id\":\"https:\/\/blogdosrsiape.com\/#\/schema\/person\/641e1af8b22c69725a1d604fb8959bcf\",\"name\":\"websitemix\",\"sameAs\":[\"https:\/\/11ponto11servidor.com.br\"],\"url\":\"https:\/\/11ponto11servidor.com.br\/blogsrsiape\/author\/websitemix\/\"}]}<\/script>\n<!-- \/ Yoast SEO plugin. -->","yoast_head_json":{"title":"OS GESTORES DO FUTURO - Blog do Sr. SIAPE","robots":{"index":"index","follow":"follow","max-snippet":"max-snippet:-1","max-image-preview":"max-image-preview:large","max-video-preview":"max-video-preview:-1"},"canonical":"https:\/\/blogdosrsiape.net\/os-gestores-do-futuro\/","og_locale":"pt_BR","og_type":"article","og_title":"OS GESTORES DO FUTURO - Blog do Sr. SIAPE","og_description":"Um curso de P\u00f3s-Gradua\u00e7\u00e3o prepara profissionais ligados \u00e0 Administra\u00e7\u00e3o P\u00fablica para serem Executivos capazes de liderar reformas e aumentar a produtividade do Governo. O historiador franc\u00eas Fernand Braudel, integrante da primeira gera\u00e7\u00e3o de professores da Universidade de S\u00e3o Paulo (USP), nos anos 30, mais tarde reconhecido como um dos mais influentes intelectuais do p\u00f3s II-Guerra,...","og_url":"https:\/\/blogdosrsiape.net\/os-gestores-do-futuro\/","og_site_name":"Blog do Sr. SIAPE","article_publisher":"https:\/\/www.facebook.com\/blogsrsiape\/?locale=pt_BR","article_published_time":"2015-05-19T22:47:30+00:00","og_image":[{"url":"https:\/\/claritybr.files.wordpress.com\/2014\/10\/gestor_competencias1.jpg?w=449&amp;h=298"}],"author":"websitemix","twitter_card":"summary_large_image","twitter_misc":{"Escrito por":"websitemix","Est. tempo de leitura":"5 minutos"},"schema":{"@context":"https:\/\/schema.org","@graph":[{"@type":"Article","@id":"https:\/\/blogdosrsiape.net\/os-gestores-do-futuro\/#article","isPartOf":{"@id":"https:\/\/blogdosrsiape.net\/os-gestores-do-futuro\/"},"author":{"name":"websitemix","@id":"https:\/\/blogdosrsiape.com\/#\/schema\/person\/641e1af8b22c69725a1d604fb8959bcf"},"headline":"OS GESTORES DO FUTURO","datePublished":"2015-05-19T22:47:30+00:00","dateModified":"2015-05-19T22:47:30+00:00","mainEntityOfPage":{"@id":"https:\/\/blogdosrsiape.net\/os-gestores-do-futuro\/"},"wordCount":1056,"commentCount":0,"publisher":{"@id":"https:\/\/blogdosrsiape.com\/#organization"},"image":{"@id":"https:\/\/blogdosrsiape.net\/os-gestores-do-futuro\/#primaryimage"},"thumbnailUrl":"https:\/\/claritybr.files.wordpress.com\/2014\/10\/gestor_competencias1.jpg?w=449&amp;h=298","keywords":["Administra\u00e7\u00e3o P\u00fablica","Brasil","Coreia do Sul","Din\u00e2mica do Capitalismo","Estados","Gestores","Governo","Justi\u00e7a","Kennedy School","MBA","Munic\u00edpios","Setor P\u00fablico","Singapura","Taiwan","Tributa\u00e7\u00e3o","Uni\u00e3o","Unifesp","Universidade de Harvard","USP"],"articleSection":["Geral"],"inLanguage":"pt-BR","potentialAction":[{"@type":"CommentAction","name":"Comment","target":["https:\/\/blogdosrsiape.net\/os-gestores-do-futuro\/#respond"]}]},{"@type":"WebPage","@id":"https:\/\/blogdosrsiape.net\/os-gestores-do-futuro\/","url":"https:\/\/blogdosrsiape.net\/os-gestores-do-futuro\/","name":"OS GESTORES DO FUTURO - Blog do Sr. SIAPE","isPartOf":{"@id":"https:\/\/blogdosrsiape.com\/#website"},"primaryImageOfPage":{"@id":"https:\/\/blogdosrsiape.net\/os-gestores-do-futuro\/#primaryimage"},"image":{"@id":"https:\/\/blogdosrsiape.net\/os-gestores-do-futuro\/#primaryimage"},"thumbnailUrl":"https:\/\/claritybr.files.wordpress.com\/2014\/10\/gestor_competencias1.jpg?w=449&amp;h=298","datePublished":"2015-05-19T22:47:30+00:00","dateModified":"2015-05-19T22:47:30+00:00","breadcrumb":{"@id":"https:\/\/blogdosrsiape.net\/os-gestores-do-futuro\/#breadcrumb"},"inLanguage":"pt-BR","potentialAction":[{"@type":"ReadAction","target":["https:\/\/blogdosrsiape.net\/os-gestores-do-futuro\/"]}]},{"@type":"ImageObject","inLanguage":"pt-BR","@id":"https:\/\/blogdosrsiape.net\/os-gestores-do-futuro\/#primaryimage","url":"https:\/\/claritybr.files.wordpress.com\/2014\/10\/gestor_competencias1.jpg?w=449&amp;h=298","contentUrl":"https:\/\/claritybr.files.wordpress.com\/2014\/10\/gestor_competencias1.jpg?w=449&amp;h=298"},{"@type":"BreadcrumbList","@id":"https:\/\/blogdosrsiape.net\/os-gestores-do-futuro\/#breadcrumb","itemListElement":[{"@type":"ListItem","position":1,"name":"In\u00edcio","item":"https:\/\/blogdosrsiape.com\/"},{"@type":"ListItem","position":2,"name":"OS GESTORES DO FUTURO"}]},{"@type":"WebSite","@id":"https:\/\/blogdosrsiape.com\/#website","url":"https:\/\/blogdosrsiape.com\/","name":"Blog do sr. SIAPE","description":"SIAPE Servidor Federal","publisher":{"@id":"https:\/\/blogdosrsiape.com\/#organization"},"potentialAction":[{"@type":"SearchAction","target":{"@type":"EntryPoint","urlTemplate":"https:\/\/blogdosrsiape.com\/?s={search_term_string}"},"query-input":{"@type":"PropertyValueSpecification","valueRequired":true,"valueName":"search_term_string"}}],"inLanguage":"pt-BR"},{"@type":"Organization","@id":"https:\/\/blogdosrsiape.com\/#organization","name":"Blog do sr. SIAPE","url":"https:\/\/blogdosrsiape.com\/","logo":{"@type":"ImageObject","inLanguage":"pt-BR","@id":"https:\/\/blogdosrsiape.com\/#\/schema\/logo\/image\/","url":"https:\/\/11ponto11servidor.com.br\/blogsrsiape\/wp-content\/uploads\/sites\/2\/2024\/10\/logo-1.png","contentUrl":"https:\/\/11ponto11servidor.com.br\/blogsrsiape\/wp-content\/uploads\/sites\/2\/2024\/10\/logo-1.png","width":287,"height":116,"caption":"Blog do sr. SIAPE"},"image":{"@id":"https:\/\/blogdosrsiape.com\/#\/schema\/logo\/image\/"},"sameAs":["https:\/\/www.facebook.com\/blogsrsiape\/?locale=pt_BR","https:\/\/www.instagram.com\/srsiape\/"]},{"@type":"Person","@id":"https:\/\/blogdosrsiape.com\/#\/schema\/person\/641e1af8b22c69725a1d604fb8959bcf","name":"websitemix","sameAs":["https:\/\/11ponto11servidor.com.br"],"url":"https:\/\/11ponto11servidor.com.br\/blogsrsiape\/author\/websitemix\/"}]}},"_links":{"self":[{"href":"https:\/\/11ponto11servidor.com.br\/blogsrsiape\/wp-json\/wp\/v2\/posts\/489"}],"collection":[{"href":"https:\/\/11ponto11servidor.com.br\/blogsrsiape\/wp-json\/wp\/v2\/posts"}],"about":[{"href":"https:\/\/11ponto11servidor.com.br\/blogsrsiape\/wp-json\/wp\/v2\/types\/post"}],"author":[{"embeddable":true,"href":"https:\/\/11ponto11servidor.com.br\/blogsrsiape\/wp-json\/wp\/v2\/users\/1"}],"replies":[{"embeddable":true,"href":"https:\/\/11ponto11servidor.com.br\/blogsrsiape\/wp-json\/wp\/v2\/comments?post=489"}],"version-history":[{"count":0,"href":"https:\/\/11ponto11servidor.com.br\/blogsrsiape\/wp-json\/wp\/v2\/posts\/489\/revisions"}],"wp:attachment":[{"href":"https:\/\/11ponto11servidor.com.br\/blogsrsiape\/wp-json\/wp\/v2\/media?parent=489"}],"wp:term":[{"taxonomy":"category","embeddable":true,"href":"https:\/\/11ponto11servidor.com.br\/blogsrsiape\/wp-json\/wp\/v2\/categories?post=489"},{"taxonomy":"post_tag","embeddable":true,"href":"https:\/\/11ponto11servidor.com.br\/blogsrsiape\/wp-json\/wp\/v2\/tags?post=489"}],"curies":[{"name":"wp","href":"https:\/\/api.w.org\/{rel}","templated":true}]}}