{"id":492,"date":"2015-05-20T14:42:18","date_gmt":"2015-05-20T17:42:18","guid":{"rendered":"https:\/\/11ponto11servidor.com.br\/blogsrsiape\/?p=492"},"modified":"2015-05-20T14:42:18","modified_gmt":"2015-05-20T17:42:18","slug":"pf-prende-funcionarios-publicos-federais-da-anvisa-e-policiais-federais-do-porto-do-rio","status":"publish","type":"post","link":"https:\/\/11ponto11servidor.com.br\/blogsrsiape\/pf-prende-funcionarios-publicos-federais-da-anvisa-e-policiais-federais-do-porto-do-rio\/","title":{"rendered":"PF prende Funcion\u00e1rios P\u00fablicos Federais da Anvisa e Policiais Federais do Porto do Rio"},"content":{"rendered":"<p><a ref=\"magnificPopup\" href=\"https:\/\/blogdosrsiape.files.wordpress.com\/2015\/04\/shutterstock_184583972.jpg\"><img loading=\"lazy\" decoding=\"async\" class=\" size-full wp-image-382 alignleft\" src=\"https:\/\/blogdosrsiape.files.wordpress.com\/2015\/04\/shutterstock_184583972.jpg\" alt=\"shutterstock_184583972\" width=\"660\" height=\"928\" \/><\/a><\/p>\n<h2>Opera\u00e7\u00e3o Arcanus desarticulou esquema que facilitava na fiscaliza\u00e7\u00e3o.<br \/>\nPoliciais cumprem oito mandados de pris\u00e3o tempor\u00e1ria.<\/h2>\n<div class=\"materia-assinatura-letra\">\n<div class=\"materia-assinatura\">\n<p class=\"vcard author\"><span style=\"text-decoration:underline;\"><strong><span class=\"adr\"><span class=\"locality\">Do G1 no Rio<\/span><\/span><\/strong><\/span><\/p>\n<\/div>\n<\/div>\n<div class=\"compartilhamento-materia\">\n<div class=\"share-bar share-bar-container share-theme-natural\">\n<div class=\"share-button share-facebook share-full\">\n<div class=\"svg-size\"><\/div>\n<\/div>\n<\/div>\n<\/div>\n<div id=\"materia-letra\" class=\"materia-conteudo entry-content\">\n<div class=\"foto componente_materia midia-largura-620\"><img loading=\"lazy\" decoding=\"async\" class=\" alignleft\" title=\"Coletiva Opera\u00e7\u00e3o da PF (Foto: Matheus Rodrigues\/G1 Rio)\" src=\"http:\/\/s2.glbimg.com\/nfQPMKHUUSUnUChlSXgSA4d5c1M=\/620x465\/s.glbimg.com\/jo\/g1\/f\/original\/2015\/05\/20\/2pfoperacao.jpg\" alt=\"Coletiva Opera\u00e7\u00e3o da PF (Foto: Matheus Rodrigues\/G1 Rio)\" width=\"620\" height=\"465\" \/><strong>Renato Madsen, \u00e0 esquerda, explica opera\u00e7\u00e3o da PF. No centro, Mario Semprini, Superintendente Regional da PF (Foto: Matheus Rodrigues\/G1 Rio)<\/strong><\/div>\n<p>A Pol\u00edcia Federal (<strong>PF<\/strong>) deflagrou na manh\u00e3 desta quarta-feira (20) a <strong>Opera\u00e7\u00e3o Arcanus<\/strong>, que teve como objetivo desarticular um esquema que facilitava, de forma irregular, a imigra\u00e7\u00e3o de passageiros \u2013 alguns entravam com visto de turista, menos burocr\u00e1tico, quando teriam que entrar com visto de trabalho \u2013 e os procedimentos de tr\u00e1fego mar\u00edtimo de embarca\u00e7\u00f5es no Porto do <a class=\"premium-tip\" href=\"http:\/\/g1.globo.com\/rj\/rio-de-janeiro\/cidade\/rio-de-janeiro.html\">Rio de Janeiro<\/a>, que n\u00e3o era inspecionadas.<\/p>\n<p>O esquema, de acordo com a PF, contava com a participa\u00e7\u00e3o de Agentes P\u00fablicos Federais.<\/p>\n<p>Trezentos Policiais Federais, com apoio da Marinha do Brasil, cumprem oito mandados de pris\u00e3o tempor\u00e1ria, 33 de condu\u00e7\u00e3o coercitiva \u2013 quando a pessoa \u00e9 levada para depor \u2013 e 37 de busca e apreens\u00e3o no Rio, Niter\u00f3i, S\u00e3o Gon\u00e7alo e S\u00e3o Jo\u00e3o de Meriti, no estado do Rio de Janeiro, e em Parana\u00edba, no Piau\u00ed.<\/p>\n<p>A assessoria da <strong>PF<\/strong>, at\u00e9 publica\u00e7\u00e3o desta reportagem, n\u00e3o informou o n\u00famero de pessoas presas, porque a opera\u00e7\u00e3o ainda estava em curso. Um balan\u00e7o da opera\u00e7\u00e3o dever\u00e1 ser divulgado na tarde desta quarta-feira.<\/p>\n<p><span style=\"text-decoration:underline;\"><strong>Servidores da Anvisa<\/strong><\/span><br \/>\nAs oito ordens de pris\u00e3o s\u00e3o contra cinco Servidores Federais da Anvisa e tr\u00eas da Pol\u00edcia Federal. Uma das condu\u00e7\u00f5es coercitivas \u00e9 contra um Pra\u00e7a da Marinha. De acordo com informa\u00e7\u00f5es da PF, os funcion\u00e1rios da Anvisa emitiam o Certificado de Controle Sanit\u00e1rio de Bordo das embarca\u00e7\u00f5es sem inspecion\u00e1-las.<\/p>\n<p>Durante coletiva com a imprensa, o Delegado Renato Madsen, que conduziu as investiga\u00e7\u00f5es, informou que descobriu que os Servidores P\u00fablicos Federais mantinham uma rela\u00e7\u00e3o il\u00edcita com empresas que atuam na regi\u00e3o portu\u00e1ria. Ele afirmou que 38 a\u00e7\u00f5es irregulares foram identificadas, e outras pessoas podem estar envolvidas no esquema.<\/p>\n<div class=\"frase-materia componente_materia expandido\">\n<div class=\"frase\"><span style=\"color:#0000ff;\"><em><span style=\"text-decoration:underline;\"><strong>Dentro da pol\u00edcia de imigra\u00e7\u00e3o, foram vendidas facilidades para entrar [no pa\u00eds]. <\/strong><\/span><\/em><\/span><\/div>\n<div class=\"frase\"><span style=\"color:#0000ff;\"><em><span style=\"text-decoration:underline;\"><strong>Na parte da Anvisa tamb\u00e9m teve facilidade,\u00a0<\/strong><\/span><\/em><\/span><span style=\"color:#0000ff;\"><em><span style=\"text-decoration:underline;\"><strong>eles dispensavam certificados importantes&#8221;<\/strong><\/span><\/em><\/span><\/div>\n<div class=\"autor\"><span style=\"color:#0000ff;\"><em><span style=\"text-decoration:underline;\"><strong>Renato Madsen, Delegado da PF<\/strong><\/span><\/em><\/span><\/div>\n<\/div>\n<p>&#8220;As apreens\u00f5es identificaram 38 eventos criminosos e estamos procurando provas para corroborar com a investiga\u00e7\u00e3o. A a\u00e7\u00e3o era praticada em conjunto com empresas de grand\u00edssimo porte e empres\u00e1rios do porto do Rio. Dentro da Pol\u00edcia de Imigra\u00e7\u00e3o, foram vendidas facilidades para entrar [no pa\u00eds]. Na parte da <strong>Anvisa<\/strong> tamb\u00e9m teve facilidade, eles dispensavam certificados importantes&#8221;, afirmou.<\/p>\n<p>Em nota, a Pol\u00edcia Federal informou ainda que os Policiais Federais deixavam de adotar o procedimento imigrat\u00f3rio regular.<\/p>\n<p>O nome da opera\u00e7\u00e3o, <strong>Arcanus<\/strong> (<span style=\"text-decoration:underline;\"><em>termo em latim que significa oculto, escondido<\/em><\/span>), refere-se ao modo oculto e reservado atrav\u00e9s do qual os crimes foram praticados em \u00e1reas de controle e acesso restrito do porto.<\/p>\n<p><span style=\"text-decoration:underline;\"><strong>Investiga\u00e7\u00e3o<\/strong><\/span><br \/>\nO Superintendente Regional da Pol\u00edcia Federal, Mario Semprini, afirmou que t\u00e9cnicas sofisticadas foram adotadas na investiga\u00e7\u00e3o. &#8220;Foram adotadas t\u00e9cnicas sofisticadas de intelig\u00eancia policial por causa de uma \u00e1rea de acesso restrito do porto.&#8221;<\/p>\n<p>As investiga\u00e7\u00f5es aconteciam h\u00e1 um ano e meio e foram apreendidos mais de R$ 50 mil em esp\u00e9cie. Os policiais presos j\u00e1 foram afastados de suas fun\u00e7\u00f5es.<\/p>\n<div class=\"foto componente_materia midia-largura-620\"><img loading=\"lazy\" decoding=\"async\" title=\"PF prende funcion\u00e1rios da Anvisa e policiais federais do Porto do Rio (Foto: Matheus Rodrigues\/G1)\" src=\"http:\/\/s2.glbimg.com\/J2hZmz8GNmE5U95N15dKp1XOODc=\/620x465\/s.glbimg.com\/jo\/g1\/f\/original\/2015\/05\/20\/carro_pf_vale.jpg\" alt=\"PF prende funcion\u00e1rios da Anvisa e policiais federais do Porto do Rio (Foto: Matheus Rodrigues\/G1)\" width=\"620\" height=\"465\" \/><strong>A PF prendeu Funcion\u00e1rios da Anvisa e Policiais Federais do Porto do Rio (Foto: Matheus Rodrigues\/G1)<\/strong><\/div>\n<p>&#8220;Mais de R$ 50 mil foram apreendidos em esp\u00e9cie, US$ 5 mil, celulares, computadores e muitos documentos. O valor apreendido confirma nossas investiga\u00e7\u00f5es&#8221;, afirmou Madsen. O Delegado explicou que os suspeitos se aproximaram de empresas do Servi\u00e7o Portu\u00e1rio e muitas vezes n\u00e3o cumpriam com o que a Lei pede.<\/p>\n<p>&#8220;Dispensavam certificados e em alguns casos, alguns imigrantes que deveriam ter visto de trabalho, conseguiam visto de turista, que \u00e9 menos burocr\u00e1tico. Os policiais j\u00e1 foram presos, ser\u00e3o ouvidos e encaminhados para o sistema prisional . Eles j\u00e1 v\u00e3o ser afastados de imediato de suas fun\u00e7\u00f5es&#8221;, afirmou o delegado da PF.<\/p>\n<p>Os presos foram indiciados, na medida de suas participa\u00e7\u00f5es, por corrup\u00e7\u00e3o ativa, corrup\u00e7\u00e3o passiva, concuss\u00e3o (quando Servidor P\u00fablico exige dinheiro ou vantagem em raz\u00e3o da fun\u00e7\u00e3o que ocupa), inser\u00e7\u00e3o de dados falsos em sistemas, organiza\u00e7\u00e3o criminosa, falsidade ideol\u00f3gica, uso de documento falso, dentre outros.<\/p>\n<\/div>\n<p><a ref=\"magnificPopup\" href=\"https:\/\/blogdosrsiape.files.wordpress.com\/2015\/03\/o-sr-siape.png\"><img loading=\"lazy\" decoding=\"async\" class=\"alignnone size-full wp-image-125\" src=\"https:\/\/blogdosrsiape.files.wordpress.com\/2015\/03\/o-sr-siape.png\" alt=\"o sr siape\" width=\"660\" height=\"378\" \/><\/a><\/p>\n","protected":false},"excerpt":{"rendered":"<p>Opera\u00e7\u00e3o Arcanus desarticulou esquema que facilitava na fiscaliza\u00e7\u00e3o. Policiais cumprem oito mandados de pris\u00e3o tempor\u00e1ria. Do G1 no Rio Renato Madsen, \u00e0 esquerda, explica opera\u00e7\u00e3o da PF. No centro, Mario Semprini, Superintendente Regional da PF (Foto: Matheus Rodrigues\/G1 Rio) A Pol\u00edcia Federal (PF) deflagrou na manh\u00e3 desta quarta-feira (20) a Opera\u00e7\u00e3o Arcanus, que teve como&#8230;<\/p>\n","protected":false},"author":1,"featured_media":0,"comment_status":"open","ping_status":"open","sticky":false,"template":"","format":"standard","meta":{"footnotes":""},"categories":[1],"tags":[210,230,1430,1798,2118],"class_list":["post-492","post","type-post","status-publish","format-standard","hentry","category-geral","tag-anvisa","tag-arcanus","tag-marinha","tag-policia-federal","tag-servico-portuario"],"yoast_head":"<!-- This site is optimized with the Yoast SEO plugin v23.6 - https:\/\/yoast.com\/wordpress\/plugins\/seo\/ -->\n<title>PF prende Funcion\u00e1rios P\u00fablicos Federais da Anvisa e Policiais Federais do Porto do Rio - Blog do Sr. SIAPE<\/title>\n<meta name=\"robots\" content=\"index, follow, max-snippet:-1, max-image-preview:large, max-video-preview:-1\" \/>\n<link rel=\"canonical\" href=\"https:\/\/blogdosrsiape.net\/pf-prende-funcionarios-publicos-federais-da-anvisa-e-policiais-federais-do-porto-do-rio\/\" \/>\n<meta property=\"og:locale\" content=\"pt_BR\" \/>\n<meta property=\"og:type\" content=\"article\" \/>\n<meta property=\"og:title\" content=\"PF prende Funcion\u00e1rios P\u00fablicos Federais da Anvisa e Policiais Federais do Porto do Rio - Blog do Sr. SIAPE\" \/>\n<meta property=\"og:description\" content=\"Opera\u00e7\u00e3o Arcanus desarticulou esquema que facilitava na fiscaliza\u00e7\u00e3o. Policiais cumprem oito mandados de pris\u00e3o tempor\u00e1ria. Do G1 no Rio Renato Madsen, \u00e0 esquerda, explica opera\u00e7\u00e3o da PF. No centro, Mario Semprini, Superintendente Regional da PF (Foto: Matheus Rodrigues\/G1 Rio) A Pol\u00edcia Federal (PF) deflagrou na manh\u00e3 desta quarta-feira (20) a Opera\u00e7\u00e3o Arcanus, que teve como...\" \/>\n<meta property=\"og:url\" content=\"https:\/\/blogdosrsiape.net\/pf-prende-funcionarios-publicos-federais-da-anvisa-e-policiais-federais-do-porto-do-rio\/\" \/>\n<meta property=\"og:site_name\" content=\"Blog do Sr. SIAPE\" \/>\n<meta property=\"article:publisher\" content=\"https:\/\/www.facebook.com\/blogsrsiape\/?locale=pt_BR\" \/>\n<meta property=\"article:published_time\" content=\"2015-05-20T17:42:18+00:00\" \/>\n<meta property=\"og:image\" content=\"https:\/\/blogdosrsiape.files.wordpress.com\/2015\/04\/shutterstock_184583972.jpg\" \/>\n<meta name=\"author\" content=\"websitemix\" \/>\n<meta name=\"twitter:card\" content=\"summary_large_image\" \/>\n<meta name=\"twitter:label1\" content=\"Escrito por\" \/>\n\t<meta name=\"twitter:data1\" content=\"websitemix\" \/>\n\t<meta name=\"twitter:label2\" content=\"Est. tempo de leitura\" \/>\n\t<meta name=\"twitter:data2\" content=\"4 minutos\" \/>\n<script type=\"application\/ld+json\" class=\"yoast-schema-graph\">{\"@context\":\"https:\/\/schema.org\",\"@graph\":[{\"@type\":\"Article\",\"@id\":\"https:\/\/blogdosrsiape.net\/pf-prende-funcionarios-publicos-federais-da-anvisa-e-policiais-federais-do-porto-do-rio\/#article\",\"isPartOf\":{\"@id\":\"https:\/\/blogdosrsiape.net\/pf-prende-funcionarios-publicos-federais-da-anvisa-e-policiais-federais-do-porto-do-rio\/\"},\"author\":{\"name\":\"websitemix\",\"@id\":\"https:\/\/blogdosrsiape.com\/#\/schema\/person\/641e1af8b22c69725a1d604fb8959bcf\"},\"headline\":\"PF prende Funcion\u00e1rios P\u00fablicos Federais da Anvisa e Policiais Federais do Porto do Rio\",\"datePublished\":\"2015-05-20T17:42:18+00:00\",\"dateModified\":\"2015-05-20T17:42:18+00:00\",\"mainEntityOfPage\":{\"@id\":\"https:\/\/blogdosrsiape.net\/pf-prende-funcionarios-publicos-federais-da-anvisa-e-policiais-federais-do-porto-do-rio\/\"},\"wordCount\":760,\"commentCount\":0,\"publisher\":{\"@id\":\"https:\/\/blogdosrsiape.com\/#organization\"},\"image\":{\"@id\":\"https:\/\/blogdosrsiape.net\/pf-prende-funcionarios-publicos-federais-da-anvisa-e-policiais-federais-do-porto-do-rio\/#primaryimage\"},\"thumbnailUrl\":\"https:\/\/blogdosrsiape.files.wordpress.com\/2015\/04\/shutterstock_184583972.jpg\",\"keywords\":[\"ANVISA\",\"Arcanus\",\"Marinha\",\"Pol\u00edcia Federal\",\"Servi\u00e7o Portu\u00e1rio\"],\"articleSection\":[\"Geral\"],\"inLanguage\":\"pt-BR\",\"potentialAction\":[{\"@type\":\"CommentAction\",\"name\":\"Comment\",\"target\":[\"https:\/\/blogdosrsiape.net\/pf-prende-funcionarios-publicos-federais-da-anvisa-e-policiais-federais-do-porto-do-rio\/#respond\"]}]},{\"@type\":\"WebPage\",\"@id\":\"https:\/\/blogdosrsiape.net\/pf-prende-funcionarios-publicos-federais-da-anvisa-e-policiais-federais-do-porto-do-rio\/\",\"url\":\"https:\/\/blogdosrsiape.net\/pf-prende-funcionarios-publicos-federais-da-anvisa-e-policiais-federais-do-porto-do-rio\/\",\"name\":\"PF prende Funcion\u00e1rios P\u00fablicos Federais da Anvisa e Policiais Federais do Porto do Rio - Blog do Sr. SIAPE\",\"isPartOf\":{\"@id\":\"https:\/\/blogdosrsiape.com\/#website\"},\"primaryImageOfPage\":{\"@id\":\"https:\/\/blogdosrsiape.net\/pf-prende-funcionarios-publicos-federais-da-anvisa-e-policiais-federais-do-porto-do-rio\/#primaryimage\"},\"image\":{\"@id\":\"https:\/\/blogdosrsiape.net\/pf-prende-funcionarios-publicos-federais-da-anvisa-e-policiais-federais-do-porto-do-rio\/#primaryimage\"},\"thumbnailUrl\":\"https:\/\/blogdosrsiape.files.wordpress.com\/2015\/04\/shutterstock_184583972.jpg\",\"datePublished\":\"2015-05-20T17:42:18+00:00\",\"dateModified\":\"2015-05-20T17:42:18+00:00\",\"breadcrumb\":{\"@id\":\"https:\/\/blogdosrsiape.net\/pf-prende-funcionarios-publicos-federais-da-anvisa-e-policiais-federais-do-porto-do-rio\/#breadcrumb\"},\"inLanguage\":\"pt-BR\",\"potentialAction\":[{\"@type\":\"ReadAction\",\"target\":[\"https:\/\/blogdosrsiape.net\/pf-prende-funcionarios-publicos-federais-da-anvisa-e-policiais-federais-do-porto-do-rio\/\"]}]},{\"@type\":\"ImageObject\",\"inLanguage\":\"pt-BR\",\"@id\":\"https:\/\/blogdosrsiape.net\/pf-prende-funcionarios-publicos-federais-da-anvisa-e-policiais-federais-do-porto-do-rio\/#primaryimage\",\"url\":\"https:\/\/blogdosrsiape.files.wordpress.com\/2015\/04\/shutterstock_184583972.jpg\",\"contentUrl\":\"https:\/\/blogdosrsiape.files.wordpress.com\/2015\/04\/shutterstock_184583972.jpg\"},{\"@type\":\"BreadcrumbList\",\"@id\":\"https:\/\/blogdosrsiape.net\/pf-prende-funcionarios-publicos-federais-da-anvisa-e-policiais-federais-do-porto-do-rio\/#breadcrumb\",\"itemListElement\":[{\"@type\":\"ListItem\",\"position\":1,\"name\":\"In\u00edcio\",\"item\":\"https:\/\/blogdosrsiape.com\/\"},{\"@type\":\"ListItem\",\"position\":2,\"name\":\"PF prende Funcion\u00e1rios P\u00fablicos Federais da Anvisa e Policiais Federais do Porto do Rio\"}]},{\"@type\":\"WebSite\",\"@id\":\"https:\/\/blogdosrsiape.com\/#website\",\"url\":\"https:\/\/blogdosrsiape.com\/\",\"name\":\"Blog do sr. SIAPE\",\"description\":\"SIAPE Servidor Federal\",\"publisher\":{\"@id\":\"https:\/\/blogdosrsiape.com\/#organization\"},\"potentialAction\":[{\"@type\":\"SearchAction\",\"target\":{\"@type\":\"EntryPoint\",\"urlTemplate\":\"https:\/\/blogdosrsiape.com\/?s={search_term_string}\"},\"query-input\":{\"@type\":\"PropertyValueSpecification\",\"valueRequired\":true,\"valueName\":\"search_term_string\"}}],\"inLanguage\":\"pt-BR\"},{\"@type\":\"Organization\",\"@id\":\"https:\/\/blogdosrsiape.com\/#organization\",\"name\":\"Blog do sr. SIAPE\",\"url\":\"https:\/\/blogdosrsiape.com\/\",\"logo\":{\"@type\":\"ImageObject\",\"inLanguage\":\"pt-BR\",\"@id\":\"https:\/\/blogdosrsiape.com\/#\/schema\/logo\/image\/\",\"url\":\"https:\/\/11ponto11servidor.com.br\/blogsrsiape\/wp-content\/uploads\/sites\/2\/2024\/10\/logo-1.png\",\"contentUrl\":\"https:\/\/11ponto11servidor.com.br\/blogsrsiape\/wp-content\/uploads\/sites\/2\/2024\/10\/logo-1.png\",\"width\":287,\"height\":116,\"caption\":\"Blog do sr. SIAPE\"},\"image\":{\"@id\":\"https:\/\/blogdosrsiape.com\/#\/schema\/logo\/image\/\"},\"sameAs\":[\"https:\/\/www.facebook.com\/blogsrsiape\/?locale=pt_BR\",\"https:\/\/www.instagram.com\/srsiape\/\"]},{\"@type\":\"Person\",\"@id\":\"https:\/\/blogdosrsiape.com\/#\/schema\/person\/641e1af8b22c69725a1d604fb8959bcf\",\"name\":\"websitemix\",\"sameAs\":[\"https:\/\/11ponto11servidor.com.br\"],\"url\":\"https:\/\/11ponto11servidor.com.br\/blogsrsiape\/author\/websitemix\/\"}]}<\/script>\n<!-- \/ Yoast SEO plugin. -->","yoast_head_json":{"title":"PF prende Funcion\u00e1rios P\u00fablicos Federais da Anvisa e Policiais Federais do Porto do Rio - Blog do Sr. SIAPE","robots":{"index":"index","follow":"follow","max-snippet":"max-snippet:-1","max-image-preview":"max-image-preview:large","max-video-preview":"max-video-preview:-1"},"canonical":"https:\/\/blogdosrsiape.net\/pf-prende-funcionarios-publicos-federais-da-anvisa-e-policiais-federais-do-porto-do-rio\/","og_locale":"pt_BR","og_type":"article","og_title":"PF prende Funcion\u00e1rios P\u00fablicos Federais da Anvisa e Policiais Federais do Porto do Rio - Blog do Sr. SIAPE","og_description":"Opera\u00e7\u00e3o Arcanus desarticulou esquema que facilitava na fiscaliza\u00e7\u00e3o. Policiais cumprem oito mandados de pris\u00e3o tempor\u00e1ria. Do G1 no Rio Renato Madsen, \u00e0 esquerda, explica opera\u00e7\u00e3o da PF. No centro, Mario Semprini, Superintendente Regional da PF (Foto: Matheus Rodrigues\/G1 Rio) A Pol\u00edcia Federal (PF) deflagrou na manh\u00e3 desta quarta-feira (20) a Opera\u00e7\u00e3o Arcanus, que teve como...","og_url":"https:\/\/blogdosrsiape.net\/pf-prende-funcionarios-publicos-federais-da-anvisa-e-policiais-federais-do-porto-do-rio\/","og_site_name":"Blog do Sr. SIAPE","article_publisher":"https:\/\/www.facebook.com\/blogsrsiape\/?locale=pt_BR","article_published_time":"2015-05-20T17:42:18+00:00","og_image":[{"url":"https:\/\/blogdosrsiape.files.wordpress.com\/2015\/04\/shutterstock_184583972.jpg"}],"author":"websitemix","twitter_card":"summary_large_image","twitter_misc":{"Escrito por":"websitemix","Est. tempo de leitura":"4 minutos"},"schema":{"@context":"https:\/\/schema.org","@graph":[{"@type":"Article","@id":"https:\/\/blogdosrsiape.net\/pf-prende-funcionarios-publicos-federais-da-anvisa-e-policiais-federais-do-porto-do-rio\/#article","isPartOf":{"@id":"https:\/\/blogdosrsiape.net\/pf-prende-funcionarios-publicos-federais-da-anvisa-e-policiais-federais-do-porto-do-rio\/"},"author":{"name":"websitemix","@id":"https:\/\/blogdosrsiape.com\/#\/schema\/person\/641e1af8b22c69725a1d604fb8959bcf"},"headline":"PF prende Funcion\u00e1rios P\u00fablicos Federais da Anvisa e Policiais Federais do Porto do Rio","datePublished":"2015-05-20T17:42:18+00:00","dateModified":"2015-05-20T17:42:18+00:00","mainEntityOfPage":{"@id":"https:\/\/blogdosrsiape.net\/pf-prende-funcionarios-publicos-federais-da-anvisa-e-policiais-federais-do-porto-do-rio\/"},"wordCount":760,"commentCount":0,"publisher":{"@id":"https:\/\/blogdosrsiape.com\/#organization"},"image":{"@id":"https:\/\/blogdosrsiape.net\/pf-prende-funcionarios-publicos-federais-da-anvisa-e-policiais-federais-do-porto-do-rio\/#primaryimage"},"thumbnailUrl":"https:\/\/blogdosrsiape.files.wordpress.com\/2015\/04\/shutterstock_184583972.jpg","keywords":["ANVISA","Arcanus","Marinha","Pol\u00edcia Federal","Servi\u00e7o Portu\u00e1rio"],"articleSection":["Geral"],"inLanguage":"pt-BR","potentialAction":[{"@type":"CommentAction","name":"Comment","target":["https:\/\/blogdosrsiape.net\/pf-prende-funcionarios-publicos-federais-da-anvisa-e-policiais-federais-do-porto-do-rio\/#respond"]}]},{"@type":"WebPage","@id":"https:\/\/blogdosrsiape.net\/pf-prende-funcionarios-publicos-federais-da-anvisa-e-policiais-federais-do-porto-do-rio\/","url":"https:\/\/blogdosrsiape.net\/pf-prende-funcionarios-publicos-federais-da-anvisa-e-policiais-federais-do-porto-do-rio\/","name":"PF prende Funcion\u00e1rios P\u00fablicos Federais da Anvisa e Policiais Federais do Porto do Rio - Blog do Sr. SIAPE","isPartOf":{"@id":"https:\/\/blogdosrsiape.com\/#website"},"primaryImageOfPage":{"@id":"https:\/\/blogdosrsiape.net\/pf-prende-funcionarios-publicos-federais-da-anvisa-e-policiais-federais-do-porto-do-rio\/#primaryimage"},"image":{"@id":"https:\/\/blogdosrsiape.net\/pf-prende-funcionarios-publicos-federais-da-anvisa-e-policiais-federais-do-porto-do-rio\/#primaryimage"},"thumbnailUrl":"https:\/\/blogdosrsiape.files.wordpress.com\/2015\/04\/shutterstock_184583972.jpg","datePublished":"2015-05-20T17:42:18+00:00","dateModified":"2015-05-20T17:42:18+00:00","breadcrumb":{"@id":"https:\/\/blogdosrsiape.net\/pf-prende-funcionarios-publicos-federais-da-anvisa-e-policiais-federais-do-porto-do-rio\/#breadcrumb"},"inLanguage":"pt-BR","potentialAction":[{"@type":"ReadAction","target":["https:\/\/blogdosrsiape.net\/pf-prende-funcionarios-publicos-federais-da-anvisa-e-policiais-federais-do-porto-do-rio\/"]}]},{"@type":"ImageObject","inLanguage":"pt-BR","@id":"https:\/\/blogdosrsiape.net\/pf-prende-funcionarios-publicos-federais-da-anvisa-e-policiais-federais-do-porto-do-rio\/#primaryimage","url":"https:\/\/blogdosrsiape.files.wordpress.com\/2015\/04\/shutterstock_184583972.jpg","contentUrl":"https:\/\/blogdosrsiape.files.wordpress.com\/2015\/04\/shutterstock_184583972.jpg"},{"@type":"BreadcrumbList","@id":"https:\/\/blogdosrsiape.net\/pf-prende-funcionarios-publicos-federais-da-anvisa-e-policiais-federais-do-porto-do-rio\/#breadcrumb","itemListElement":[{"@type":"ListItem","position":1,"name":"In\u00edcio","item":"https:\/\/blogdosrsiape.com\/"},{"@type":"ListItem","position":2,"name":"PF prende Funcion\u00e1rios P\u00fablicos Federais da Anvisa e Policiais Federais do Porto do Rio"}]},{"@type":"WebSite","@id":"https:\/\/blogdosrsiape.com\/#website","url":"https:\/\/blogdosrsiape.com\/","name":"Blog do sr. SIAPE","description":"SIAPE Servidor Federal","publisher":{"@id":"https:\/\/blogdosrsiape.com\/#organization"},"potentialAction":[{"@type":"SearchAction","target":{"@type":"EntryPoint","urlTemplate":"https:\/\/blogdosrsiape.com\/?s={search_term_string}"},"query-input":{"@type":"PropertyValueSpecification","valueRequired":true,"valueName":"search_term_string"}}],"inLanguage":"pt-BR"},{"@type":"Organization","@id":"https:\/\/blogdosrsiape.com\/#organization","name":"Blog do sr. SIAPE","url":"https:\/\/blogdosrsiape.com\/","logo":{"@type":"ImageObject","inLanguage":"pt-BR","@id":"https:\/\/blogdosrsiape.com\/#\/schema\/logo\/image\/","url":"https:\/\/11ponto11servidor.com.br\/blogsrsiape\/wp-content\/uploads\/sites\/2\/2024\/10\/logo-1.png","contentUrl":"https:\/\/11ponto11servidor.com.br\/blogsrsiape\/wp-content\/uploads\/sites\/2\/2024\/10\/logo-1.png","width":287,"height":116,"caption":"Blog do sr. SIAPE"},"image":{"@id":"https:\/\/blogdosrsiape.com\/#\/schema\/logo\/image\/"},"sameAs":["https:\/\/www.facebook.com\/blogsrsiape\/?locale=pt_BR","https:\/\/www.instagram.com\/srsiape\/"]},{"@type":"Person","@id":"https:\/\/blogdosrsiape.com\/#\/schema\/person\/641e1af8b22c69725a1d604fb8959bcf","name":"websitemix","sameAs":["https:\/\/11ponto11servidor.com.br"],"url":"https:\/\/11ponto11servidor.com.br\/blogsrsiape\/author\/websitemix\/"}]}},"_links":{"self":[{"href":"https:\/\/11ponto11servidor.com.br\/blogsrsiape\/wp-json\/wp\/v2\/posts\/492"}],"collection":[{"href":"https:\/\/11ponto11servidor.com.br\/blogsrsiape\/wp-json\/wp\/v2\/posts"}],"about":[{"href":"https:\/\/11ponto11servidor.com.br\/blogsrsiape\/wp-json\/wp\/v2\/types\/post"}],"author":[{"embeddable":true,"href":"https:\/\/11ponto11servidor.com.br\/blogsrsiape\/wp-json\/wp\/v2\/users\/1"}],"replies":[{"embeddable":true,"href":"https:\/\/11ponto11servidor.com.br\/blogsrsiape\/wp-json\/wp\/v2\/comments?post=492"}],"version-history":[{"count":0,"href":"https:\/\/11ponto11servidor.com.br\/blogsrsiape\/wp-json\/wp\/v2\/posts\/492\/revisions"}],"wp:attachment":[{"href":"https:\/\/11ponto11servidor.com.br\/blogsrsiape\/wp-json\/wp\/v2\/media?parent=492"}],"wp:term":[{"taxonomy":"category","embeddable":true,"href":"https:\/\/11ponto11servidor.com.br\/blogsrsiape\/wp-json\/wp\/v2\/categories?post=492"},{"taxonomy":"post_tag","embeddable":true,"href":"https:\/\/11ponto11servidor.com.br\/blogsrsiape\/wp-json\/wp\/v2\/tags?post=492"}],"curies":[{"name":"wp","href":"https:\/\/api.w.org\/{rel}","templated":true}]}}