{"id":494,"date":"2015-05-21T09:03:31","date_gmt":"2015-05-21T12:03:31","guid":{"rendered":"https:\/\/11ponto11servidor.com.br\/blogsrsiape\/?p=494"},"modified":"2015-05-21T09:03:31","modified_gmt":"2015-05-21T12:03:31","slug":"apos-acordo-senado-adia-votacao-da-mp-do-seguro-desemprego","status":"publish","type":"post","link":"https:\/\/11ponto11servidor.com.br\/blogsrsiape\/apos-acordo-senado-adia-votacao-da-mp-do-seguro-desemprego\/","title":{"rendered":"Ap\u00f3s acordo, Senado adia vota\u00e7\u00e3o da MP do Seguro-Desemprego"},"content":{"rendered":"<div class=\"materia-titulo\">\n<h2><img loading=\"lazy\" decoding=\"async\" class=\" wp-image-114 size-medium alignleft\" src=\"https:\/\/blogdosrsiape.files.wordpress.com\/2015\/03\/rotac3a7c3a3o.png?w=300\" alt=\"rota\u00e7\u00e3o\" width=\"300\" height=\"169\" \/>Medida provis\u00f3ria faz parte do esfor\u00e7o do Governo pelo ajuste fiscal.<br \/>\nAcordo foi feito ap\u00f3s mais de tr\u00eas horas de discuss\u00e3o do texto.<\/h2>\n<\/div>\n<div class=\"materia-assinatura-linha\"><span style=\"text-decoration:underline;\">\u00a0<strong class=\"fn\">Lucas Salom\u00e3o<\/strong> <span class=\"adr\"> <span class=\"locality\">Do G1, em Bras\u00edlia<\/span><\/span><\/span><\/div>\n<div class=\"materia-assinatura-linha\"><\/div>\n<div class=\"materia-assinatura-linha\">\n<div id=\"4195846\" class=\"video componente_materia\">\n<div class=\"wm-poster-wrapper\">\n<div class=\"wm-poster-inner-wrapper\"><img decoding=\"async\" class=\"wm-poster-image\" src=\"http:\/\/s03.video.glbimg.com\/x360\/4195846.jpg\" alt=\"\" \/><\/div>\n<\/div>\n<\/div>\n<p>Ap\u00f3s mais de tr\u00eas horas de discuss\u00e3o, os Senadores resolveram nesta quarta-feira (20) adiar a vota\u00e7\u00e3o da Medida Provis\u00f3ria 665, que muda os crit\u00e9rios para o acesso ao <strong>Seguro-Desemprego<\/strong>, ao <strong>Abono Salarial<\/strong> e ao <strong>Seguro-Defeso<\/strong>. O acordo foi feito entre os l\u00edderes partid\u00e1rios na Casa e prev\u00ea que o texto seja votado apenas na pr\u00f3xima ter\u00e7a-feira (26).<\/p>\n<p>Considerada pelo Governo como necess\u00e1ria para o ajuste fiscal que visa reequilibrar as contas p\u00fablicas, a <strong>MP 665<\/strong> foi editada em dezembro de 2014 pela presidente Dilma Rousseff juntamente com a <strong>MP 664<\/strong>, que restringe o <strong>Acesso \u00e0 Pens\u00e3o por Morte.<\/strong> A segunda medida estava prevista para ser votada no Senado na pr\u00f3xima semana mas, como a primeira ainda n\u00e3o foi votada, pode ter a vota\u00e7\u00e3o adiada.<\/p>\n<p>O acordo para adiar a vota\u00e7\u00e3o foi proposto pelo l\u00edder do governo no Senado, Delc\u00eddio Amaral (MS), ap\u00f3s senadores criticarem a tentativa do parlamentar, ao lado do l\u00edder do governo no Congresso, Jos\u00e9 Pimentel (PB), de encerrar a discuss\u00e3o e iniciar a vota\u00e7\u00e3o do texto. Os governistas temiam que a redu\u00e7\u00e3o do qu\u00f3rum no plen\u00e1rio dificultasse a aprova\u00e7\u00e3o da medida.<\/p>\n<p>Delc\u00eddio acabou propondo que todos os Senadores j\u00e1 inscritos falassem na Tribuna ainda na sess\u00e3o desta quarta, mas que a vota\u00e7\u00e3o fosse deixada para a pr\u00f3xima a pr\u00f3xima semana.<\/p>\n<p>A discuss\u00e3o da <strong>MP 665<\/strong> teve in\u00edcio no plen\u00e1rio por volta das 18h. O primeiro Senador a fazer uso da palavra foi o Relator da Mat\u00e9ria, Senador Paulo Rocha (PT-PA). O petista defendeu que o texto seja aprovado na Casa conforme a C\u00e2mara votou, sem novas altera\u00e7\u00f5es.<\/p>\n<p>Em seu relat\u00f3rio, Rocha manteve os trechos em que a C\u00e2mara amenizou as mudan\u00e7as feitas pelo Governo no acesso a benef\u00edcios trabalhistas. &#8220;Eu me dispus a ser Relator porque acho que o Governo errou em mandar a Medida Provis\u00f3ria como mandou, sem discutir com as centrais sindicais e os trabalhadores&#8221;, disse.<\/p>\n<p>Ap\u00f3s a fala do Relator, o Senador Aloysio Nunes subiu \u00e0 Tribuna do Senado para criticar a Medida e o Governo da presidente Dilma Rousseff. &#8220;Essa Medida \u00e9 t\u00e3o absurda e inadequada com a situa\u00e7\u00e3o do Brasil que n\u00e3o chega a ser um erro [&#8230;]. Exatamente no momento que o desemprego aumenta no pa\u00eds, a presidente Dilma quer, com apoio do Senado, restringir o acesso ao Seguro Desemprego e ao Abono Salarial&#8221;, declarou.<\/p>\n<div id=\"4195328\" class=\"video componente_materia\">\n<div class=\"wm-poster-wrapper\">\n<div class=\"wm-poster-inner-wrapper\"><img decoding=\"async\" class=\"wm-poster-image\" src=\"http:\/\/s01.video.glbimg.com\/x240\/4195328.jpg\" alt=\"\" \/><\/div>\n<\/div>\n<\/div>\n<p><span style=\"text-decoration:underline;\"><strong>Tumulto<\/strong><\/span><br \/>\nHouve tumulto na sess\u00e3o ocorreu durante a fala do l\u00edder do PT, Humberto Costa (PE). Enquanto o Senador falava, integrantes da For\u00e7a Sindical come\u00e7aram a vaiar o petista. Costa criticou a oposi\u00e7\u00e3o e disse que, se estivessem governando o pa\u00eds, &#8220;hoje estariam defendendo boa parte dessas pol\u00edticas&#8221;.<\/p>\n<p>&#8220;N\u00e3o tenho medo de vaias&#8221;, repetiu o petista. &#8220;N\u00e3o tenho medo de vaia, nem o Governo tem medo de vaia, nem o PT tem medo de vaia.&#8221;<\/p>\n<p>Logo ap\u00f3s as primeiras vaias, Renan Calheiros pediu sil\u00eancio aos manifestantes para que os trabalhos n\u00e3o fossem prejudicados. Depois de Costa concluir seu discurso, os sindicalistas voltaram a vaiar e jogaram as notas falsas no plen\u00e1rio.<\/p>\n<p>Os pap\u00e9is trazem imagens da presidente Dilma Rousseff, do ex-presidente Luiz In\u00e1cio Lula da Silva e do tesoureiro do PT, Jo\u00e3o Vaccari Neto, preso na Opera\u00e7\u00e3o Lava Jato, da Pol\u00edcia Federal. Em cada c\u00e9dula, h\u00e1 a foto de um dos tr\u00eas pol\u00edticos, com a express\u00e3o \u201cPetro D\u00f3lar\u201d.<br \/>\n&#8220;Eu pe\u00e7o para a Secretaria-Geral da Mesa para esvaziar as galerias&#8221;, gritou Renan Calheiros.<\/p>\n<p><span style=\"text-decoration:underline;\"><strong>Senadores dissidentes<\/strong><\/span><br \/>\nAntes mesmo da sess\u00e3o come\u00e7ar, <a href=\"http:\/\/g1.globo.com\/politica\/noticia\/2015\/05\/dois-senadores-do-pt-declaram-voto-contra-mp-do-seguro-desemprego.html\">dois Senadores do PT<\/a> &#8211; Paulo Paim (RS) e Lindbergh Farias (RJ) -, anunciaram que votariam contra a Medida Provis\u00f3ria. Tamb\u00e9m anunciaram voto contr\u00e1rio \u00e0 <strong>MP<\/strong>, por meio de um Manifesto, os Senadores Roberto Requi\u00e3o (PMDB-PR), Jo\u00e3o Capiberibe (PSB-AP), Randolfe Rodrigues (PSOL-AP), Cristovam Buarque (PDT-DF), L\u00eddice da Mata (PSB-BA), Ant\u00f4nio Carlos Valadares (PSB-SE), Roberto Rocha (PSB-MA), H\u00e9lio Jos\u00e9 (PSD-DF) e Marcelo Crivella (PRB-RJ). O Senador Jos\u00e9 Ant\u00f4nio Reguffe (PDT-DF) tamb\u00e9m discursou em plen\u00e1rio contra a Medida.<\/p>\n<p>&#8220;N\u00f3s vamos votar contra o ajuste para dizer que existe uma parte da sociedade, dos movimentos sociais, dos partidos de esquerda, que querem que esse Governo d\u00ea certo, mas para isso tem que mudar o rumo&#8221;, afirmou Lindbergh Farias.<\/p>\n<p><a ref=\"magnificPopup\" href=\"https:\/\/blogdosrsiape.files.wordpress.com\/2015\/03\/o-sr-siape-e1432209864547.png\"><img loading=\"lazy\" decoding=\"async\" class=\"alignnone size-full wp-image-125\" src=\"https:\/\/blogdosrsiape.files.wordpress.com\/2015\/03\/o-sr-siape-e1432209864547.png\" alt=\"o sr siape\" width=\"250\" height=\"143\" \/><\/a><\/p>\n<\/div>\n","protected":false},"excerpt":{"rendered":"<p>Medida provis\u00f3ria faz parte do esfor\u00e7o do Governo pelo ajuste fiscal. Acordo foi feito ap\u00f3s mais de tr\u00eas horas de discuss\u00e3o do texto. \u00a0Lucas Salom\u00e3o Do G1, em Bras\u00edlia Ap\u00f3s mais de tr\u00eas horas de discuss\u00e3o, os Senadores resolveram nesta quarta-feira (20) adiar a vota\u00e7\u00e3o da Medida Provis\u00f3ria 665, que muda os crit\u00e9rios para o&#8230;<\/p>\n","protected":false},"author":1,"featured_media":0,"comment_status":"open","ping_status":"open","sticky":false,"template":"","format":"standard","meta":{"footnotes":""},"categories":[1],"tags":[96,337,1454,1561,1563,1566,1735,1798,1854,2086,2087,2103],"class_list":["post-494","post","type-post","status-publish","format-standard","hentry","category-geral","tag-abono-salarial","tag-beneficios-trabalhistas","tag-medida-provisoria","tag-mp","tag-mp-665","tag-mp664","tag-pensao-por-morte","tag-policia-federal","tag-presidente","tag-seguro-defeso","tag-seguro-desemprego","tag-senado"],"yoast_head":"<!-- This site is optimized with the Yoast SEO plugin v23.6 - https:\/\/yoast.com\/wordpress\/plugins\/seo\/ -->\n<title>Ap\u00f3s acordo, Senado adia vota\u00e7\u00e3o da MP do Seguro-Desemprego - Blog do Sr. SIAPE<\/title>\n<meta name=\"robots\" content=\"index, follow, max-snippet:-1, max-image-preview:large, max-video-preview:-1\" \/>\n<link rel=\"canonical\" href=\"https:\/\/blogdosrsiape.net\/apos-acordo-senado-adia-votacao-da-mp-do-seguro-desemprego\/\" \/>\n<meta property=\"og:locale\" content=\"pt_BR\" \/>\n<meta property=\"og:type\" content=\"article\" \/>\n<meta property=\"og:title\" content=\"Ap\u00f3s acordo, Senado adia vota\u00e7\u00e3o da MP do Seguro-Desemprego - Blog do Sr. SIAPE\" \/>\n<meta property=\"og:description\" content=\"Medida provis\u00f3ria faz parte do esfor\u00e7o do Governo pelo ajuste fiscal. Acordo foi feito ap\u00f3s mais de tr\u00eas horas de discuss\u00e3o do texto. \u00a0Lucas Salom\u00e3o Do G1, em Bras\u00edlia Ap\u00f3s mais de tr\u00eas horas de discuss\u00e3o, os Senadores resolveram nesta quarta-feira (20) adiar a vota\u00e7\u00e3o da Medida Provis\u00f3ria 665, que muda os crit\u00e9rios para o...\" \/>\n<meta property=\"og:url\" content=\"https:\/\/blogdosrsiape.net\/apos-acordo-senado-adia-votacao-da-mp-do-seguro-desemprego\/\" \/>\n<meta property=\"og:site_name\" content=\"Blog do Sr. SIAPE\" \/>\n<meta property=\"article:publisher\" content=\"https:\/\/www.facebook.com\/blogsrsiape\/?locale=pt_BR\" \/>\n<meta property=\"article:published_time\" content=\"2015-05-21T12:03:31+00:00\" \/>\n<meta property=\"og:image\" content=\"https:\/\/blogdosrsiape.files.wordpress.com\/2015\/03\/rotac3a7c3a3o.png?w=300\" \/>\n<meta name=\"author\" content=\"websitemix\" \/>\n<meta name=\"twitter:card\" content=\"summary_large_image\" \/>\n<meta name=\"twitter:label1\" content=\"Escrito por\" \/>\n\t<meta name=\"twitter:data1\" content=\"websitemix\" \/>\n\t<meta name=\"twitter:label2\" content=\"Est. tempo de leitura\" \/>\n\t<meta name=\"twitter:data2\" content=\"4 minutos\" \/>\n<script type=\"application\/ld+json\" class=\"yoast-schema-graph\">{\"@context\":\"https:\/\/schema.org\",\"@graph\":[{\"@type\":\"Article\",\"@id\":\"https:\/\/blogdosrsiape.net\/apos-acordo-senado-adia-votacao-da-mp-do-seguro-desemprego\/#article\",\"isPartOf\":{\"@id\":\"https:\/\/blogdosrsiape.net\/apos-acordo-senado-adia-votacao-da-mp-do-seguro-desemprego\/\"},\"author\":{\"name\":\"websitemix\",\"@id\":\"https:\/\/blogdosrsiape.com\/#\/schema\/person\/641e1af8b22c69725a1d604fb8959bcf\"},\"headline\":\"Ap\u00f3s acordo, Senado adia vota\u00e7\u00e3o da MP do Seguro-Desemprego\",\"datePublished\":\"2015-05-21T12:03:31+00:00\",\"dateModified\":\"2015-05-21T12:03:31+00:00\",\"mainEntityOfPage\":{\"@id\":\"https:\/\/blogdosrsiape.net\/apos-acordo-senado-adia-votacao-da-mp-do-seguro-desemprego\/\"},\"wordCount\":799,\"commentCount\":0,\"publisher\":{\"@id\":\"https:\/\/blogdosrsiape.com\/#organization\"},\"image\":{\"@id\":\"https:\/\/blogdosrsiape.net\/apos-acordo-senado-adia-votacao-da-mp-do-seguro-desemprego\/#primaryimage\"},\"thumbnailUrl\":\"https:\/\/blogdosrsiape.files.wordpress.com\/2015\/03\/rotac3a7c3a3o.png?w=300\",\"keywords\":[\"Abono Salarial\",\"benef\u00edcios trabalhistas\",\"Medida Provis\u00f3ria\",\"MP\",\"MP 665\",\"MP664\",\"Pens\u00e3o por Morte\",\"Pol\u00edcia Federal\",\"presidente\",\"Seguro Defeso\",\"Seguro Desemprego\",\"Senado\"],\"articleSection\":[\"Geral\"],\"inLanguage\":\"pt-BR\",\"potentialAction\":[{\"@type\":\"CommentAction\",\"name\":\"Comment\",\"target\":[\"https:\/\/blogdosrsiape.net\/apos-acordo-senado-adia-votacao-da-mp-do-seguro-desemprego\/#respond\"]}]},{\"@type\":\"WebPage\",\"@id\":\"https:\/\/blogdosrsiape.net\/apos-acordo-senado-adia-votacao-da-mp-do-seguro-desemprego\/\",\"url\":\"https:\/\/blogdosrsiape.net\/apos-acordo-senado-adia-votacao-da-mp-do-seguro-desemprego\/\",\"name\":\"Ap\u00f3s acordo, Senado adia vota\u00e7\u00e3o da MP do Seguro-Desemprego - Blog do Sr. SIAPE\",\"isPartOf\":{\"@id\":\"https:\/\/blogdosrsiape.com\/#website\"},\"primaryImageOfPage\":{\"@id\":\"https:\/\/blogdosrsiape.net\/apos-acordo-senado-adia-votacao-da-mp-do-seguro-desemprego\/#primaryimage\"},\"image\":{\"@id\":\"https:\/\/blogdosrsiape.net\/apos-acordo-senado-adia-votacao-da-mp-do-seguro-desemprego\/#primaryimage\"},\"thumbnailUrl\":\"https:\/\/blogdosrsiape.files.wordpress.com\/2015\/03\/rotac3a7c3a3o.png?w=300\",\"datePublished\":\"2015-05-21T12:03:31+00:00\",\"dateModified\":\"2015-05-21T12:03:31+00:00\",\"breadcrumb\":{\"@id\":\"https:\/\/blogdosrsiape.net\/apos-acordo-senado-adia-votacao-da-mp-do-seguro-desemprego\/#breadcrumb\"},\"inLanguage\":\"pt-BR\",\"potentialAction\":[{\"@type\":\"ReadAction\",\"target\":[\"https:\/\/blogdosrsiape.net\/apos-acordo-senado-adia-votacao-da-mp-do-seguro-desemprego\/\"]}]},{\"@type\":\"ImageObject\",\"inLanguage\":\"pt-BR\",\"@id\":\"https:\/\/blogdosrsiape.net\/apos-acordo-senado-adia-votacao-da-mp-do-seguro-desemprego\/#primaryimage\",\"url\":\"https:\/\/blogdosrsiape.files.wordpress.com\/2015\/03\/rotac3a7c3a3o.png?w=300\",\"contentUrl\":\"https:\/\/blogdosrsiape.files.wordpress.com\/2015\/03\/rotac3a7c3a3o.png?w=300\"},{\"@type\":\"BreadcrumbList\",\"@id\":\"https:\/\/blogdosrsiape.net\/apos-acordo-senado-adia-votacao-da-mp-do-seguro-desemprego\/#breadcrumb\",\"itemListElement\":[{\"@type\":\"ListItem\",\"position\":1,\"name\":\"In\u00edcio\",\"item\":\"https:\/\/blogdosrsiape.com\/\"},{\"@type\":\"ListItem\",\"position\":2,\"name\":\"Ap\u00f3s acordo, Senado adia vota\u00e7\u00e3o da MP do Seguro-Desemprego\"}]},{\"@type\":\"WebSite\",\"@id\":\"https:\/\/blogdosrsiape.com\/#website\",\"url\":\"https:\/\/blogdosrsiape.com\/\",\"name\":\"Blog do sr. SIAPE\",\"description\":\"SIAPE Servidor Federal\",\"publisher\":{\"@id\":\"https:\/\/blogdosrsiape.com\/#organization\"},\"potentialAction\":[{\"@type\":\"SearchAction\",\"target\":{\"@type\":\"EntryPoint\",\"urlTemplate\":\"https:\/\/blogdosrsiape.com\/?s={search_term_string}\"},\"query-input\":{\"@type\":\"PropertyValueSpecification\",\"valueRequired\":true,\"valueName\":\"search_term_string\"}}],\"inLanguage\":\"pt-BR\"},{\"@type\":\"Organization\",\"@id\":\"https:\/\/blogdosrsiape.com\/#organization\",\"name\":\"Blog do sr. SIAPE\",\"url\":\"https:\/\/blogdosrsiape.com\/\",\"logo\":{\"@type\":\"ImageObject\",\"inLanguage\":\"pt-BR\",\"@id\":\"https:\/\/blogdosrsiape.com\/#\/schema\/logo\/image\/\",\"url\":\"https:\/\/11ponto11servidor.com.br\/blogsrsiape\/wp-content\/uploads\/sites\/2\/2024\/10\/logo-1.png\",\"contentUrl\":\"https:\/\/11ponto11servidor.com.br\/blogsrsiape\/wp-content\/uploads\/sites\/2\/2024\/10\/logo-1.png\",\"width\":287,\"height\":116,\"caption\":\"Blog do sr. SIAPE\"},\"image\":{\"@id\":\"https:\/\/blogdosrsiape.com\/#\/schema\/logo\/image\/\"},\"sameAs\":[\"https:\/\/www.facebook.com\/blogsrsiape\/?locale=pt_BR\",\"https:\/\/www.instagram.com\/srsiape\/\"]},{\"@type\":\"Person\",\"@id\":\"https:\/\/blogdosrsiape.com\/#\/schema\/person\/641e1af8b22c69725a1d604fb8959bcf\",\"name\":\"websitemix\",\"sameAs\":[\"https:\/\/11ponto11servidor.com.br\"],\"url\":\"https:\/\/11ponto11servidor.com.br\/blogsrsiape\/author\/websitemix\/\"}]}<\/script>\n<!-- \/ Yoast SEO plugin. -->","yoast_head_json":{"title":"Ap\u00f3s acordo, Senado adia vota\u00e7\u00e3o da MP do Seguro-Desemprego - Blog do Sr. SIAPE","robots":{"index":"index","follow":"follow","max-snippet":"max-snippet:-1","max-image-preview":"max-image-preview:large","max-video-preview":"max-video-preview:-1"},"canonical":"https:\/\/blogdosrsiape.net\/apos-acordo-senado-adia-votacao-da-mp-do-seguro-desemprego\/","og_locale":"pt_BR","og_type":"article","og_title":"Ap\u00f3s acordo, Senado adia vota\u00e7\u00e3o da MP do Seguro-Desemprego - Blog do Sr. SIAPE","og_description":"Medida provis\u00f3ria faz parte do esfor\u00e7o do Governo pelo ajuste fiscal. Acordo foi feito ap\u00f3s mais de tr\u00eas horas de discuss\u00e3o do texto. \u00a0Lucas Salom\u00e3o Do G1, em Bras\u00edlia Ap\u00f3s mais de tr\u00eas horas de discuss\u00e3o, os Senadores resolveram nesta quarta-feira (20) adiar a vota\u00e7\u00e3o da Medida Provis\u00f3ria 665, que muda os crit\u00e9rios para o...","og_url":"https:\/\/blogdosrsiape.net\/apos-acordo-senado-adia-votacao-da-mp-do-seguro-desemprego\/","og_site_name":"Blog do Sr. SIAPE","article_publisher":"https:\/\/www.facebook.com\/blogsrsiape\/?locale=pt_BR","article_published_time":"2015-05-21T12:03:31+00:00","og_image":[{"url":"https:\/\/blogdosrsiape.files.wordpress.com\/2015\/03\/rotac3a7c3a3o.png?w=300"}],"author":"websitemix","twitter_card":"summary_large_image","twitter_misc":{"Escrito por":"websitemix","Est. tempo de leitura":"4 minutos"},"schema":{"@context":"https:\/\/schema.org","@graph":[{"@type":"Article","@id":"https:\/\/blogdosrsiape.net\/apos-acordo-senado-adia-votacao-da-mp-do-seguro-desemprego\/#article","isPartOf":{"@id":"https:\/\/blogdosrsiape.net\/apos-acordo-senado-adia-votacao-da-mp-do-seguro-desemprego\/"},"author":{"name":"websitemix","@id":"https:\/\/blogdosrsiape.com\/#\/schema\/person\/641e1af8b22c69725a1d604fb8959bcf"},"headline":"Ap\u00f3s acordo, Senado adia vota\u00e7\u00e3o da MP do Seguro-Desemprego","datePublished":"2015-05-21T12:03:31+00:00","dateModified":"2015-05-21T12:03:31+00:00","mainEntityOfPage":{"@id":"https:\/\/blogdosrsiape.net\/apos-acordo-senado-adia-votacao-da-mp-do-seguro-desemprego\/"},"wordCount":799,"commentCount":0,"publisher":{"@id":"https:\/\/blogdosrsiape.com\/#organization"},"image":{"@id":"https:\/\/blogdosrsiape.net\/apos-acordo-senado-adia-votacao-da-mp-do-seguro-desemprego\/#primaryimage"},"thumbnailUrl":"https:\/\/blogdosrsiape.files.wordpress.com\/2015\/03\/rotac3a7c3a3o.png?w=300","keywords":["Abono Salarial","benef\u00edcios trabalhistas","Medida Provis\u00f3ria","MP","MP 665","MP664","Pens\u00e3o por Morte","Pol\u00edcia Federal","presidente","Seguro Defeso","Seguro Desemprego","Senado"],"articleSection":["Geral"],"inLanguage":"pt-BR","potentialAction":[{"@type":"CommentAction","name":"Comment","target":["https:\/\/blogdosrsiape.net\/apos-acordo-senado-adia-votacao-da-mp-do-seguro-desemprego\/#respond"]}]},{"@type":"WebPage","@id":"https:\/\/blogdosrsiape.net\/apos-acordo-senado-adia-votacao-da-mp-do-seguro-desemprego\/","url":"https:\/\/blogdosrsiape.net\/apos-acordo-senado-adia-votacao-da-mp-do-seguro-desemprego\/","name":"Ap\u00f3s acordo, Senado adia vota\u00e7\u00e3o da MP do Seguro-Desemprego - Blog do Sr. SIAPE","isPartOf":{"@id":"https:\/\/blogdosrsiape.com\/#website"},"primaryImageOfPage":{"@id":"https:\/\/blogdosrsiape.net\/apos-acordo-senado-adia-votacao-da-mp-do-seguro-desemprego\/#primaryimage"},"image":{"@id":"https:\/\/blogdosrsiape.net\/apos-acordo-senado-adia-votacao-da-mp-do-seguro-desemprego\/#primaryimage"},"thumbnailUrl":"https:\/\/blogdosrsiape.files.wordpress.com\/2015\/03\/rotac3a7c3a3o.png?w=300","datePublished":"2015-05-21T12:03:31+00:00","dateModified":"2015-05-21T12:03:31+00:00","breadcrumb":{"@id":"https:\/\/blogdosrsiape.net\/apos-acordo-senado-adia-votacao-da-mp-do-seguro-desemprego\/#breadcrumb"},"inLanguage":"pt-BR","potentialAction":[{"@type":"ReadAction","target":["https:\/\/blogdosrsiape.net\/apos-acordo-senado-adia-votacao-da-mp-do-seguro-desemprego\/"]}]},{"@type":"ImageObject","inLanguage":"pt-BR","@id":"https:\/\/blogdosrsiape.net\/apos-acordo-senado-adia-votacao-da-mp-do-seguro-desemprego\/#primaryimage","url":"https:\/\/blogdosrsiape.files.wordpress.com\/2015\/03\/rotac3a7c3a3o.png?w=300","contentUrl":"https:\/\/blogdosrsiape.files.wordpress.com\/2015\/03\/rotac3a7c3a3o.png?w=300"},{"@type":"BreadcrumbList","@id":"https:\/\/blogdosrsiape.net\/apos-acordo-senado-adia-votacao-da-mp-do-seguro-desemprego\/#breadcrumb","itemListElement":[{"@type":"ListItem","position":1,"name":"In\u00edcio","item":"https:\/\/blogdosrsiape.com\/"},{"@type":"ListItem","position":2,"name":"Ap\u00f3s acordo, Senado adia vota\u00e7\u00e3o da MP do Seguro-Desemprego"}]},{"@type":"WebSite","@id":"https:\/\/blogdosrsiape.com\/#website","url":"https:\/\/blogdosrsiape.com\/","name":"Blog do sr. SIAPE","description":"SIAPE Servidor Federal","publisher":{"@id":"https:\/\/blogdosrsiape.com\/#organization"},"potentialAction":[{"@type":"SearchAction","target":{"@type":"EntryPoint","urlTemplate":"https:\/\/blogdosrsiape.com\/?s={search_term_string}"},"query-input":{"@type":"PropertyValueSpecification","valueRequired":true,"valueName":"search_term_string"}}],"inLanguage":"pt-BR"},{"@type":"Organization","@id":"https:\/\/blogdosrsiape.com\/#organization","name":"Blog do sr. SIAPE","url":"https:\/\/blogdosrsiape.com\/","logo":{"@type":"ImageObject","inLanguage":"pt-BR","@id":"https:\/\/blogdosrsiape.com\/#\/schema\/logo\/image\/","url":"https:\/\/11ponto11servidor.com.br\/blogsrsiape\/wp-content\/uploads\/sites\/2\/2024\/10\/logo-1.png","contentUrl":"https:\/\/11ponto11servidor.com.br\/blogsrsiape\/wp-content\/uploads\/sites\/2\/2024\/10\/logo-1.png","width":287,"height":116,"caption":"Blog do sr. SIAPE"},"image":{"@id":"https:\/\/blogdosrsiape.com\/#\/schema\/logo\/image\/"},"sameAs":["https:\/\/www.facebook.com\/blogsrsiape\/?locale=pt_BR","https:\/\/www.instagram.com\/srsiape\/"]},{"@type":"Person","@id":"https:\/\/blogdosrsiape.com\/#\/schema\/person\/641e1af8b22c69725a1d604fb8959bcf","name":"websitemix","sameAs":["https:\/\/11ponto11servidor.com.br"],"url":"https:\/\/11ponto11servidor.com.br\/blogsrsiape\/author\/websitemix\/"}]}},"_links":{"self":[{"href":"https:\/\/11ponto11servidor.com.br\/blogsrsiape\/wp-json\/wp\/v2\/posts\/494"}],"collection":[{"href":"https:\/\/11ponto11servidor.com.br\/blogsrsiape\/wp-json\/wp\/v2\/posts"}],"about":[{"href":"https:\/\/11ponto11servidor.com.br\/blogsrsiape\/wp-json\/wp\/v2\/types\/post"}],"author":[{"embeddable":true,"href":"https:\/\/11ponto11servidor.com.br\/blogsrsiape\/wp-json\/wp\/v2\/users\/1"}],"replies":[{"embeddable":true,"href":"https:\/\/11ponto11servidor.com.br\/blogsrsiape\/wp-json\/wp\/v2\/comments?post=494"}],"version-history":[{"count":0,"href":"https:\/\/11ponto11servidor.com.br\/blogsrsiape\/wp-json\/wp\/v2\/posts\/494\/revisions"}],"wp:attachment":[{"href":"https:\/\/11ponto11servidor.com.br\/blogsrsiape\/wp-json\/wp\/v2\/media?parent=494"}],"wp:term":[{"taxonomy":"category","embeddable":true,"href":"https:\/\/11ponto11servidor.com.br\/blogsrsiape\/wp-json\/wp\/v2\/categories?post=494"},{"taxonomy":"post_tag","embeddable":true,"href":"https:\/\/11ponto11servidor.com.br\/blogsrsiape\/wp-json\/wp\/v2\/tags?post=494"}],"curies":[{"name":"wp","href":"https:\/\/api.w.org\/{rel}","templated":true}]}}