{"id":5582,"date":"2018-02-22T15:00:57","date_gmt":"2018-02-22T12:00:57","guid":{"rendered":"https:\/\/11ponto11servidor.com.br\/blogsrsiape\/?p=5582"},"modified":"2018-02-22T15:01:49","modified_gmt":"2018-02-22T12:01:49","slug":"planejamento-servidores-previdencia","status":"publish","type":"post","link":"https:\/\/11ponto11servidor.com.br\/blogsrsiape\/planejamento-servidores-previdencia\/","title":{"rendered":"Uni\u00e3o adia eleva\u00e7\u00e3o do desconto dos Servidores \u00e0 Previd\u00eancia"},"content":{"rendered":"<h3>O Minist\u00e9rio do Planejamento confirmou, nesta ter\u00e7a-feira, que n\u00e3o ir\u00e1 elevar, de 11% para 14%, o desconto dos Servidores Federais \u00e0 <a href=\"https:\/\/11ponto11servidor.com.br\/blogsrsiape\/?s=previdencia\" target=\"_blank\" rel=\"noopener\">Previd\u00eancia<\/a> sobre o sal\u00e1rio de fevereiro.<\/h3>\n<p>O aumento foi estabelecido pela Medida Provis\u00f3ria (MP), que tratou, tamb\u00e9m, do adiamento de reajustes da previd\u00eancia previstos a diversas categorias de Servidores Federais a partir de janeiro.<\/p>\n<p>Como a MP foi suspensa pelo Supremo Tribunal Federal (STF), a Uni\u00e3o decidiu n\u00e3o implementar a taxa\u00e7\u00e3o, al\u00e9m de manter os reajustes. Como a MP foi publicada em outubro de 2017, o novo desconto come\u00e7aria a valer sobre a folha de fevereiro.<\/p>\n<p>O tema segue em discuss\u00e3o no STF. No in\u00edcio de fevereiro, o ministro Ricardo Lewandowski pediu que a a\u00e7\u00e3o de inconstitucionalidade fosse inclu\u00edda na pauta de vota\u00e7\u00e3o do plen\u00e1rio. O Tribunal ainda n\u00e3o definiu, por\u00e9m, uma data para a discuss\u00e3o entre os ministros.<\/p>\n<p>A nova taxa\u00e7\u00e3o afetaria todos os servidores que recebem vencimentos superiores ao teto do INSS, de R$ 5.645,80. Neste caso, o percentual de 14% seria retirado sobre a diferen\u00e7a entre o teto do INSS e o sal\u00e1rio bruto do servidor. Pelo c\u00e1lculo do Planejamento, cerca de 1,2 milh\u00e3o de funcion\u00e1rios ativos e inativos seriam afetados pela medida. A receita extra prevista era de R$ 1,9 bilh\u00e3o, ao ano.<\/p>\n<p>Quanto aos reajustes, este ser\u00e1 o segundo m\u00eas em que os aumentos previstos a diversas categorias do funcionalismo federal, cujo o governo pretendia retardar o pagamento, ser\u00e1 pago. O adiamento era previsto pela equipe econ\u00f4mica do governo para 2018, e teria impacto de R$ 5,1 bilh\u00f5es este ano.<\/p>\n<p>&nbsp;<\/p>\n<p><a href=\"https:\/\/extra.globo.com\/emprego\/servidor-publico\/com-mp-suspensa-uniao-adia-elevacao-do-desconto-dos-servidores-previdencia-rv1-1-22416371.html\" target=\"_blank\" rel=\"noopener\"><em>Mat\u00e9ria publicada por Extra.Globo em 21\/08\/2018<\/em><\/a><div id=\"ultib3-242174849269f1637872979\" class=\" ultb3-box ult-adjust-bottom-margin  ultb3-hover-5\" style=\"background-color: #ffffff;\"><img decoding=\"async\" src=\"https:\/\/11ponto11servidor.com.br\/blogsrsiape\/wp-content\/uploads\/sites\/2\/2018\/02\/frame_blog2.png\" style=\"\" class=\"ultb3-img ultb3-img-center\" alt=\"null\"\/><div id=\"Info-banner-wrap4719\" class=\"ultb3-info ib3-info-left\" data-animation=\"fadeInUp\" data-animation-delay=\"03\"><div class=\"ultb3-title ult-responsive\"  data-ultimate-target='#Info-banner-wrap4719 .ultb3-title'  data-responsive-json-new='{\"font-size\":\"\",\"line-height\":\"\"}'  style=\"font-weight:bold;color:#1e73be;\">Calculadora<\/div><div class=\"ultb3-desc ult-responsive\"  data-ultimate-target='#Info-banner-wrap4719 .ultb3-desc'  data-responsive-json-new='{\"font-size\":\"\",\"line-height\":\"\"}'  style=\"font-weight:normal;color:#1e73be;\">Saiba j\u00e1 o valor a pagar<br \/>\nem seu empr\u00e9stimo<\/div><a href=\"https:\/\/11ponto11servidor.com.br\/blogsrsiape\/calculadora\/\" target=\"target=\"_blank\"\"  class=\"ultb3-btn ult-responsive\"  data-ultimate-target='#Info-banner-wrap4719 .ultb3-btn'  data-responsive-json-new='{\"font-size\":\"\",\"line-height\":\"\"}'  style=\"font-weight:normal;\">Simular Gr\u00e1tis<i class=\"Defaults-angle-right\"><\/i><\/a><\/div><\/div><style>\n\t\t\t\t\t#ultib3-242174849269f1637872979 {\n\t\t\t\t\t\tmin-height:50px;\n\t\t\t\t\t}\n\t\t\t\t\t#ultib3-242174849269f1637872979 img.ultb3-img {\n\t\t\t\t\t\theight: 170px;\n\t\t\t\t\t}\n\t\t\t\t\t#ultib3-242174849269f1637872979 .ultb3-btn {\n\t\t\t\t\t\tborder:2px solid #1e73be;border-radius:35px;color:#1e73be;\n\t\t\t\t\t}\n\t\t\t\t\t#ultib3-242174849269f1637872979 .ultb3-btn:hover {\n\t\t\t\t\t\tbackground:#1e73be;color:#ffffff;\n\t\t\t\t\t}\n\t\t\t\t<\/style><style>\n\t\t\t\t\t\t@media (min-width: 1824px) {\n\t\t\t\t\t\t\t #ultib3-242174849269f1637872979 img.ultb3-img {\n\t\t\t\t\t\t\t\theight:170px;\n\t\t\t\t\t\t\t}\n\t\t\t\t\t\t}\n\t\t\t\t\t<\/style>\n","protected":false},"excerpt":{"rendered":"<p>O Minist\u00e9rio do Planejamento confirmou, nesta ter\u00e7a-feira, que n\u00e3o ir\u00e1 elevar, de 11% para 14%, o desconto dos Servidores Federais \u00e0 Previd\u00eancia sobre o sal\u00e1rio de fevereiro. O aumento foi estabelecido pela Medida Provis\u00f3ria (MP), que tratou, tamb\u00e9m, do adiamento de reajustes da previd\u00eancia previstos a diversas categorias de Servidores Federais a partir de janeiro&#8230;.<\/p>\n","protected":false},"author":1,"featured_media":2552,"comment_status":"open","ping_status":"open","sticky":false,"template":"","format":"standard","meta":{"footnotes":""},"categories":[1,63],"tags":[753,964,1501,1514,1862,2665,2128,2131],"class_list":["post-5582","post","type-post","status-publish","format-standard","has-post-thumbnail","hentry","category-geral","category-previdencia-social","tag-desconto","tag-federais","tag-ministerio","tag-ministerio-do-planejamento","tag-previdencia","tag-publico","tag-servidores","tag-servidores-federais"],"yoast_head":"<!-- This site is optimized with the Yoast SEO plugin v23.6 - https:\/\/yoast.com\/wordpress\/plugins\/seo\/ -->\n<title>Uni\u00e3o adia eleva\u00e7\u00e3o do desconto dos Servidores \u00e0 Previd\u00eancia<\/title>\n<meta name=\"description\" content=\"O Minist\u00e9rio do Planejamento confirmou, nesta ter\u00e7a-feira, que n\u00e3o ir\u00e1 elevar, de 11% para 14%, o desconto dos Servidores Federais \u00e0 Previd\u00eancia\" \/>\n<meta name=\"robots\" content=\"index, follow, max-snippet:-1, max-image-preview:large, max-video-preview:-1\" \/>\n<link rel=\"canonical\" href=\"https:\/\/11ponto11servidor.com.br\/blogsrsiape\/planejamento-servidores-previdencia\/\" \/>\n<meta property=\"og:locale\" content=\"pt_BR\" \/>\n<meta property=\"og:type\" content=\"article\" \/>\n<meta property=\"og:title\" content=\"Uni\u00e3o adia eleva\u00e7\u00e3o do desconto dos Servidores \u00e0 Previd\u00eancia\" \/>\n<meta property=\"og:description\" content=\"O Minist\u00e9rio do Planejamento confirmou, nesta ter\u00e7a-feira, que n\u00e3o ir\u00e1 elevar, de 11% para 14%, o desconto dos Servidores Federais \u00e0 Previd\u00eancia\" \/>\n<meta property=\"og:url\" content=\"https:\/\/11ponto11servidor.com.br\/blogsrsiape\/planejamento-servidores-previdencia\/\" \/>\n<meta property=\"og:site_name\" content=\"Blog do Sr. SIAPE\" \/>\n<meta property=\"article:publisher\" content=\"https:\/\/www.facebook.com\/blogsrsiape\/?locale=pt_BR\" \/>\n<meta property=\"article:published_time\" content=\"2018-02-22T12:00:57+00:00\" \/>\n<meta property=\"article:modified_time\" content=\"2018-02-22T12:01:49+00:00\" \/>\n<meta property=\"og:image\" content=\"https:\/\/11ponto11servidor.com.br\/blogsrsiape\/wp-content\/uploads\/sites\/2\/2017\/09\/blog-imagens-36.png\" \/>\n\t<meta property=\"og:image:width\" content=\"848\" \/>\n\t<meta property=\"og:image:height\" content=\"370\" \/>\n\t<meta property=\"og:image:type\" content=\"image\/png\" \/>\n<meta name=\"author\" content=\"websitemix\" \/>\n<meta name=\"twitter:card\" content=\"summary_large_image\" \/>\n<meta name=\"twitter:label1\" content=\"Escrito por\" \/>\n\t<meta name=\"twitter:data1\" content=\"websitemix\" \/>\n\t<meta name=\"twitter:label2\" content=\"Est. tempo de leitura\" \/>\n\t<meta name=\"twitter:data2\" content=\"2 minutos\" \/>\n<script type=\"application\/ld+json\" class=\"yoast-schema-graph\">{\"@context\":\"https:\/\/schema.org\",\"@graph\":[{\"@type\":\"Article\",\"@id\":\"https:\/\/11ponto11servidor.com.br\/blogsrsiape\/planejamento-servidores-previdencia\/#article\",\"isPartOf\":{\"@id\":\"https:\/\/11ponto11servidor.com.br\/blogsrsiape\/planejamento-servidores-previdencia\/\"},\"author\":{\"name\":\"websitemix\",\"@id\":\"https:\/\/blogdosrsiape.com\/#\/schema\/person\/641e1af8b22c69725a1d604fb8959bcf\"},\"headline\":\"Uni\u00e3o adia eleva\u00e7\u00e3o do desconto dos Servidores \u00e0 Previd\u00eancia\",\"datePublished\":\"2018-02-22T12:00:57+00:00\",\"dateModified\":\"2018-02-22T12:01:49+00:00\",\"mainEntityOfPage\":{\"@id\":\"https:\/\/11ponto11servidor.com.br\/blogsrsiape\/planejamento-servidores-previdencia\/\"},\"wordCount\":408,\"commentCount\":0,\"publisher\":{\"@id\":\"https:\/\/blogdosrsiape.com\/#organization\"},\"image\":{\"@id\":\"https:\/\/11ponto11servidor.com.br\/blogsrsiape\/planejamento-servidores-previdencia\/#primaryimage\"},\"thumbnailUrl\":\"https:\/\/11ponto11servidor.com.br\/blogsrsiape\/wp-content\/uploads\/sites\/2\/2017\/09\/blog-imagens-36.png\",\"keywords\":[\"desconto\",\"Federais\",\"Minist\u00e9rio\",\"Minist\u00e9rio do Planejamento\",\"Previd\u00eancia\",\"p\u00fablico\",\"Servidores\",\"Servidores Federais\"],\"articleSection\":[\"Geral\",\"Previd\u00eancia Social\"],\"inLanguage\":\"pt-BR\",\"potentialAction\":[{\"@type\":\"CommentAction\",\"name\":\"Comment\",\"target\":[\"https:\/\/11ponto11servidor.com.br\/blogsrsiape\/planejamento-servidores-previdencia\/#respond\"]}]},{\"@type\":\"WebPage\",\"@id\":\"https:\/\/11ponto11servidor.com.br\/blogsrsiape\/planejamento-servidores-previdencia\/\",\"url\":\"https:\/\/11ponto11servidor.com.br\/blogsrsiape\/planejamento-servidores-previdencia\/\",\"name\":\"Uni\u00e3o adia eleva\u00e7\u00e3o do desconto dos Servidores \u00e0 Previd\u00eancia\",\"isPartOf\":{\"@id\":\"https:\/\/blogdosrsiape.com\/#website\"},\"primaryImageOfPage\":{\"@id\":\"https:\/\/11ponto11servidor.com.br\/blogsrsiape\/planejamento-servidores-previdencia\/#primaryimage\"},\"image\":{\"@id\":\"https:\/\/11ponto11servidor.com.br\/blogsrsiape\/planejamento-servidores-previdencia\/#primaryimage\"},\"thumbnailUrl\":\"https:\/\/11ponto11servidor.com.br\/blogsrsiape\/wp-content\/uploads\/sites\/2\/2017\/09\/blog-imagens-36.png\",\"datePublished\":\"2018-02-22T12:00:57+00:00\",\"dateModified\":\"2018-02-22T12:01:49+00:00\",\"description\":\"O Minist\u00e9rio do Planejamento confirmou, nesta ter\u00e7a-feira, que n\u00e3o ir\u00e1 elevar, de 11% para 14%, o desconto dos Servidores Federais \u00e0 Previd\u00eancia\",\"breadcrumb\":{\"@id\":\"https:\/\/11ponto11servidor.com.br\/blogsrsiape\/planejamento-servidores-previdencia\/#breadcrumb\"},\"inLanguage\":\"pt-BR\",\"potentialAction\":[{\"@type\":\"ReadAction\",\"target\":[\"https:\/\/11ponto11servidor.com.br\/blogsrsiape\/planejamento-servidores-previdencia\/\"]}]},{\"@type\":\"ImageObject\",\"inLanguage\":\"pt-BR\",\"@id\":\"https:\/\/11ponto11servidor.com.br\/blogsrsiape\/planejamento-servidores-previdencia\/#primaryimage\",\"url\":\"https:\/\/11ponto11servidor.com.br\/blogsrsiape\/wp-content\/uploads\/sites\/2\/2017\/09\/blog-imagens-36.png\",\"contentUrl\":\"https:\/\/11ponto11servidor.com.br\/blogsrsiape\/wp-content\/uploads\/sites\/2\/2017\/09\/blog-imagens-36.png\",\"width\":848,\"height\":370,\"caption\":\"previdencia\"},{\"@type\":\"BreadcrumbList\",\"@id\":\"https:\/\/11ponto11servidor.com.br\/blogsrsiape\/planejamento-servidores-previdencia\/#breadcrumb\",\"itemListElement\":[{\"@type\":\"ListItem\",\"position\":1,\"name\":\"In\u00edcio\",\"item\":\"https:\/\/blogdosrsiape.com\/\"},{\"@type\":\"ListItem\",\"position\":2,\"name\":\"Uni\u00e3o adia eleva\u00e7\u00e3o do desconto dos Servidores \u00e0 Previd\u00eancia\"}]},{\"@type\":\"WebSite\",\"@id\":\"https:\/\/blogdosrsiape.com\/#website\",\"url\":\"https:\/\/blogdosrsiape.com\/\",\"name\":\"Blog do sr. SIAPE\",\"description\":\"SIAPE Servidor Federal\",\"publisher\":{\"@id\":\"https:\/\/blogdosrsiape.com\/#organization\"},\"potentialAction\":[{\"@type\":\"SearchAction\",\"target\":{\"@type\":\"EntryPoint\",\"urlTemplate\":\"https:\/\/blogdosrsiape.com\/?s={search_term_string}\"},\"query-input\":{\"@type\":\"PropertyValueSpecification\",\"valueRequired\":true,\"valueName\":\"search_term_string\"}}],\"inLanguage\":\"pt-BR\"},{\"@type\":\"Organization\",\"@id\":\"https:\/\/blogdosrsiape.com\/#organization\",\"name\":\"Blog do sr. SIAPE\",\"url\":\"https:\/\/blogdosrsiape.com\/\",\"logo\":{\"@type\":\"ImageObject\",\"inLanguage\":\"pt-BR\",\"@id\":\"https:\/\/blogdosrsiape.com\/#\/schema\/logo\/image\/\",\"url\":\"https:\/\/11ponto11servidor.com.br\/blogsrsiape\/wp-content\/uploads\/sites\/2\/2024\/10\/logo-1.png\",\"contentUrl\":\"https:\/\/11ponto11servidor.com.br\/blogsrsiape\/wp-content\/uploads\/sites\/2\/2024\/10\/logo-1.png\",\"width\":287,\"height\":116,\"caption\":\"Blog do sr. SIAPE\"},\"image\":{\"@id\":\"https:\/\/blogdosrsiape.com\/#\/schema\/logo\/image\/\"},\"sameAs\":[\"https:\/\/www.facebook.com\/blogsrsiape\/?locale=pt_BR\",\"https:\/\/www.instagram.com\/srsiape\/\"]},{\"@type\":\"Person\",\"@id\":\"https:\/\/blogdosrsiape.com\/#\/schema\/person\/641e1af8b22c69725a1d604fb8959bcf\",\"name\":\"websitemix\",\"sameAs\":[\"https:\/\/11ponto11servidor.com.br\"],\"url\":\"https:\/\/11ponto11servidor.com.br\/blogsrsiape\/author\/websitemix\/\"}]}<\/script>\n<!-- \/ Yoast SEO plugin. -->","yoast_head_json":{"title":"Uni\u00e3o adia eleva\u00e7\u00e3o do desconto dos Servidores \u00e0 Previd\u00eancia","description":"O Minist\u00e9rio do Planejamento confirmou, nesta ter\u00e7a-feira, que n\u00e3o ir\u00e1 elevar, de 11% para 14%, o desconto dos Servidores Federais \u00e0 Previd\u00eancia","robots":{"index":"index","follow":"follow","max-snippet":"max-snippet:-1","max-image-preview":"max-image-preview:large","max-video-preview":"max-video-preview:-1"},"canonical":"https:\/\/11ponto11servidor.com.br\/blogsrsiape\/planejamento-servidores-previdencia\/","og_locale":"pt_BR","og_type":"article","og_title":"Uni\u00e3o adia eleva\u00e7\u00e3o do desconto dos Servidores \u00e0 Previd\u00eancia","og_description":"O Minist\u00e9rio do Planejamento confirmou, nesta ter\u00e7a-feira, que n\u00e3o ir\u00e1 elevar, de 11% para 14%, o desconto dos Servidores Federais \u00e0 Previd\u00eancia","og_url":"https:\/\/11ponto11servidor.com.br\/blogsrsiape\/planejamento-servidores-previdencia\/","og_site_name":"Blog do Sr. SIAPE","article_publisher":"https:\/\/www.facebook.com\/blogsrsiape\/?locale=pt_BR","article_published_time":"2018-02-22T12:00:57+00:00","article_modified_time":"2018-02-22T12:01:49+00:00","og_image":[{"width":848,"height":370,"url":"https:\/\/11ponto11servidor.com.br\/blogsrsiape\/wp-content\/uploads\/sites\/2\/2017\/09\/blog-imagens-36.png","type":"image\/png"}],"author":"websitemix","twitter_card":"summary_large_image","twitter_misc":{"Escrito por":"websitemix","Est. tempo de leitura":"2 minutos"},"schema":{"@context":"https:\/\/schema.org","@graph":[{"@type":"Article","@id":"https:\/\/11ponto11servidor.com.br\/blogsrsiape\/planejamento-servidores-previdencia\/#article","isPartOf":{"@id":"https:\/\/11ponto11servidor.com.br\/blogsrsiape\/planejamento-servidores-previdencia\/"},"author":{"name":"websitemix","@id":"https:\/\/blogdosrsiape.com\/#\/schema\/person\/641e1af8b22c69725a1d604fb8959bcf"},"headline":"Uni\u00e3o adia eleva\u00e7\u00e3o do desconto dos Servidores \u00e0 Previd\u00eancia","datePublished":"2018-02-22T12:00:57+00:00","dateModified":"2018-02-22T12:01:49+00:00","mainEntityOfPage":{"@id":"https:\/\/11ponto11servidor.com.br\/blogsrsiape\/planejamento-servidores-previdencia\/"},"wordCount":408,"commentCount":0,"publisher":{"@id":"https:\/\/blogdosrsiape.com\/#organization"},"image":{"@id":"https:\/\/11ponto11servidor.com.br\/blogsrsiape\/planejamento-servidores-previdencia\/#primaryimage"},"thumbnailUrl":"https:\/\/11ponto11servidor.com.br\/blogsrsiape\/wp-content\/uploads\/sites\/2\/2017\/09\/blog-imagens-36.png","keywords":["desconto","Federais","Minist\u00e9rio","Minist\u00e9rio do Planejamento","Previd\u00eancia","p\u00fablico","Servidores","Servidores Federais"],"articleSection":["Geral","Previd\u00eancia Social"],"inLanguage":"pt-BR","potentialAction":[{"@type":"CommentAction","name":"Comment","target":["https:\/\/11ponto11servidor.com.br\/blogsrsiape\/planejamento-servidores-previdencia\/#respond"]}]},{"@type":"WebPage","@id":"https:\/\/11ponto11servidor.com.br\/blogsrsiape\/planejamento-servidores-previdencia\/","url":"https:\/\/11ponto11servidor.com.br\/blogsrsiape\/planejamento-servidores-previdencia\/","name":"Uni\u00e3o adia eleva\u00e7\u00e3o do desconto dos Servidores \u00e0 Previd\u00eancia","isPartOf":{"@id":"https:\/\/blogdosrsiape.com\/#website"},"primaryImageOfPage":{"@id":"https:\/\/11ponto11servidor.com.br\/blogsrsiape\/planejamento-servidores-previdencia\/#primaryimage"},"image":{"@id":"https:\/\/11ponto11servidor.com.br\/blogsrsiape\/planejamento-servidores-previdencia\/#primaryimage"},"thumbnailUrl":"https:\/\/11ponto11servidor.com.br\/blogsrsiape\/wp-content\/uploads\/sites\/2\/2017\/09\/blog-imagens-36.png","datePublished":"2018-02-22T12:00:57+00:00","dateModified":"2018-02-22T12:01:49+00:00","description":"O Minist\u00e9rio do Planejamento confirmou, nesta ter\u00e7a-feira, que n\u00e3o ir\u00e1 elevar, de 11% para 14%, o desconto dos Servidores Federais \u00e0 Previd\u00eancia","breadcrumb":{"@id":"https:\/\/11ponto11servidor.com.br\/blogsrsiape\/planejamento-servidores-previdencia\/#breadcrumb"},"inLanguage":"pt-BR","potentialAction":[{"@type":"ReadAction","target":["https:\/\/11ponto11servidor.com.br\/blogsrsiape\/planejamento-servidores-previdencia\/"]}]},{"@type":"ImageObject","inLanguage":"pt-BR","@id":"https:\/\/11ponto11servidor.com.br\/blogsrsiape\/planejamento-servidores-previdencia\/#primaryimage","url":"https:\/\/11ponto11servidor.com.br\/blogsrsiape\/wp-content\/uploads\/sites\/2\/2017\/09\/blog-imagens-36.png","contentUrl":"https:\/\/11ponto11servidor.com.br\/blogsrsiape\/wp-content\/uploads\/sites\/2\/2017\/09\/blog-imagens-36.png","width":848,"height":370,"caption":"previdencia"},{"@type":"BreadcrumbList","@id":"https:\/\/11ponto11servidor.com.br\/blogsrsiape\/planejamento-servidores-previdencia\/#breadcrumb","itemListElement":[{"@type":"ListItem","position":1,"name":"In\u00edcio","item":"https:\/\/blogdosrsiape.com\/"},{"@type":"ListItem","position":2,"name":"Uni\u00e3o adia eleva\u00e7\u00e3o do desconto dos Servidores \u00e0 Previd\u00eancia"}]},{"@type":"WebSite","@id":"https:\/\/blogdosrsiape.com\/#website","url":"https:\/\/blogdosrsiape.com\/","name":"Blog do sr. SIAPE","description":"SIAPE Servidor Federal","publisher":{"@id":"https:\/\/blogdosrsiape.com\/#organization"},"potentialAction":[{"@type":"SearchAction","target":{"@type":"EntryPoint","urlTemplate":"https:\/\/blogdosrsiape.com\/?s={search_term_string}"},"query-input":{"@type":"PropertyValueSpecification","valueRequired":true,"valueName":"search_term_string"}}],"inLanguage":"pt-BR"},{"@type":"Organization","@id":"https:\/\/blogdosrsiape.com\/#organization","name":"Blog do sr. SIAPE","url":"https:\/\/blogdosrsiape.com\/","logo":{"@type":"ImageObject","inLanguage":"pt-BR","@id":"https:\/\/blogdosrsiape.com\/#\/schema\/logo\/image\/","url":"https:\/\/11ponto11servidor.com.br\/blogsrsiape\/wp-content\/uploads\/sites\/2\/2024\/10\/logo-1.png","contentUrl":"https:\/\/11ponto11servidor.com.br\/blogsrsiape\/wp-content\/uploads\/sites\/2\/2024\/10\/logo-1.png","width":287,"height":116,"caption":"Blog do sr. SIAPE"},"image":{"@id":"https:\/\/blogdosrsiape.com\/#\/schema\/logo\/image\/"},"sameAs":["https:\/\/www.facebook.com\/blogsrsiape\/?locale=pt_BR","https:\/\/www.instagram.com\/srsiape\/"]},{"@type":"Person","@id":"https:\/\/blogdosrsiape.com\/#\/schema\/person\/641e1af8b22c69725a1d604fb8959bcf","name":"websitemix","sameAs":["https:\/\/11ponto11servidor.com.br"],"url":"https:\/\/11ponto11servidor.com.br\/blogsrsiape\/author\/websitemix\/"}]}},"_links":{"self":[{"href":"https:\/\/11ponto11servidor.com.br\/blogsrsiape\/wp-json\/wp\/v2\/posts\/5582"}],"collection":[{"href":"https:\/\/11ponto11servidor.com.br\/blogsrsiape\/wp-json\/wp\/v2\/posts"}],"about":[{"href":"https:\/\/11ponto11servidor.com.br\/blogsrsiape\/wp-json\/wp\/v2\/types\/post"}],"author":[{"embeddable":true,"href":"https:\/\/11ponto11servidor.com.br\/blogsrsiape\/wp-json\/wp\/v2\/users\/1"}],"replies":[{"embeddable":true,"href":"https:\/\/11ponto11servidor.com.br\/blogsrsiape\/wp-json\/wp\/v2\/comments?post=5582"}],"version-history":[{"count":0,"href":"https:\/\/11ponto11servidor.com.br\/blogsrsiape\/wp-json\/wp\/v2\/posts\/5582\/revisions"}],"wp:featuredmedia":[{"embeddable":true,"href":"https:\/\/11ponto11servidor.com.br\/blogsrsiape\/wp-json\/wp\/v2\/media\/2552"}],"wp:attachment":[{"href":"https:\/\/11ponto11servidor.com.br\/blogsrsiape\/wp-json\/wp\/v2\/media?parent=5582"}],"wp:term":[{"taxonomy":"category","embeddable":true,"href":"https:\/\/11ponto11servidor.com.br\/blogsrsiape\/wp-json\/wp\/v2\/categories?post=5582"},{"taxonomy":"post_tag","embeddable":true,"href":"https:\/\/11ponto11servidor.com.br\/blogsrsiape\/wp-json\/wp\/v2\/tags?post=5582"}],"curies":[{"name":"wp","href":"https:\/\/api.w.org\/{rel}","templated":true}]}}