{"id":586,"date":"2015-06-01T17:04:28","date_gmt":"2015-06-01T20:04:28","guid":{"rendered":"https:\/\/11ponto11servidor.com.br\/blogsrsiape\/?p=586"},"modified":"2015-06-01T17:04:28","modified_gmt":"2015-06-01T20:04:28","slug":"numero-de-fumantes-no-brasil-cai-307-nos-ultimos-nove-anos","status":"publish","type":"post","link":"https:\/\/11ponto11servidor.com.br\/blogsrsiape\/numero-de-fumantes-no-brasil-cai-307-nos-ultimos-nove-anos\/","title":{"rendered":"N\u00famero de fumantes no Brasil cai 30,7% nos \u00faltimos nove anos"},"content":{"rendered":"<p><a ref=\"magnificPopup\" href=\"https:\/\/blogdosrsiape.files.wordpress.com\/2015\/03\/shutterstock_162625547.jpg\"><img loading=\"lazy\" decoding=\"async\" class=\" size-medium wp-image-66 alignleft\" src=\"https:\/\/blogdosrsiape.files.wordpress.com\/2015\/03\/shutterstock_162625547.jpg?w=300\" alt=\"shutterstock_162625547\" width=\"300\" height=\"300\" \/><\/a><\/p>\n<p><em>Queda \u00e9 resultado do conjunto de a\u00e7\u00f5es promovidas pelo <strong>Governo Federal<\/strong>. Apesar a redu\u00e7\u00e3o, a propor\u00e7\u00e3o de fumantes que utilizam cigarros industrializados de origem il\u00edcita passou de 2,4%, em 2008, para 3,7%, em 2013<\/em><\/p>\n<p>O ato de fumar est\u00e1 cada vez menos popular no Brasil. Segundo dados do<strong> Vigitel<\/strong> 2014, atualmente, 10,8% dos brasileiros ainda mant\u00e9m o h\u00e1bito de fumar \u2013 o \u00edndice \u00e9 maior entre os homens (12,8%) do que entre as mulheres (9%). Os n\u00fameros representam uma queda de 30,7% no percentual de fumantes nos \u00faltimos nove anos. Em 2006, 15,6% dos brasileiros declaravam consumir o produto. A redu\u00e7\u00e3o no consumo \u00e9 resultado de uma s\u00e9rie de a\u00e7\u00f5es desenvolvidas pelo <strong>Governo Federal<\/strong> para combater o uso do tabaco.<\/p>\n<p>No entanto, um estudo in\u00e9dito do <span style=\"text-decoration:underline;\">Instituto Nacional do C\u00e2ncer<\/span> (<strong>INCA<\/strong>), demonstra que entre os brasileiros que consomem cigarros industrializados cresceu a propor\u00e7\u00e3o daqueles que fumam cigarros de origem il\u00edcita. Em 2008, 2,4% dos fumantes obtinha cigarro proveniente do mercado ilegal \u2013 em 2013 o percentual passou para 3,7%. Os dados foram divulgados nesta quinta-feira (28\/5) em cerim\u00f4nia comemorativa ao <strong>Dia Mundial sem Tabaco<\/strong>, celebrado em 31 de maio.<\/p>\n<p><a href=\"http:\/\/portalsaude.saude.gov.br\/images\/pdf\/2015\/maio\/28\/apresentacao-tabaco.pdf\" target=\"_blank\"><strong>Confira apresenta\u00e7\u00e3o da coletiva.<\/strong><\/a><\/p>\n<p>\u201cA redu\u00e7\u00e3o do consumo de cigarro deve ser comemorada, mas o crescimento do consumo de cigarros il\u00edcitos merece total aten\u00e7\u00e3o. Sendo legal ou il\u00edcito, o cigarro faz mal \u00e0 sa\u00fade e precisa ser combatido. O di\u00e1logo e a participa\u00e7\u00e3o dos pa\u00edses de fronteira, principalmente do Paraguai, nas a\u00e7\u00f5es de coibi\u00e7\u00e3o do com\u00e9rcio ilegal s\u00e3o fundamentais. Esse ser\u00e1 um tema que levarei para o encontro dos Ministros da Sa\u00fade do Mercosul, no pr\u00f3ximo m\u00eas\u201d, destacou o Ministro da Sa\u00fade, Arthur Chioro.<\/p>\n<p>Entre os principais motivos para a queda do consumo do tabaco no Brasil est\u00e1 o aumento do pre\u00e7o dos cigarros. Segundo a Pesquisa <strong>ICT\/INCA<\/strong> 2013, 62% dos fumantes pensaram em parar de fumar devido ao valor do produto no pa\u00eds. A pol\u00edtica de pre\u00e7os m\u00ednimos tamb\u00e9m est\u00e1 diretamente ligada \u00e0 redu\u00e7\u00e3o da experimenta\u00e7\u00e3o entre os jovens, j\u00e1 que cerca de 80% dos fumantes iniciam o h\u00e1bito antes dos 18 anos.<\/p>\n<p>\u201cA pol\u00edtica de pre\u00e7os \u00e9 determinante para coibir o uso e \u00e0 inicia\u00e7\u00e3o ao tabagismo. Outras a\u00e7\u00f5es importantes s\u00e3o a proibi\u00e7\u00e3o da propaganda do cigarro e ao fumo em ambientes coletivos, al\u00e9m da oferta crescente de tratamento para quem quer deixar de fumar. Em 2013, mais de 70% dos brasileiros que tentaram parar foram atendidos pelo <strong>SUS<\/strong>\u201d, refor\u00e7ou Chioro.<\/p>\n<p>O tabagismo \u00e9 um fator importante para o desenvolvimento das <span style=\"text-decoration:underline;\">Doen\u00e7as Cr\u00f4nicas N\u00e3o Transmiss\u00edveis<\/span> (<strong>DCNT<\/strong>) \u2013 como c<span style=\"text-decoration:underline;\">\u00e2ncer, doen\u00e7as pulmonares e cardiovasculares<\/span> \u2013 e o uso do tabaco continua sendo a principal causa de mortes evit\u00e1veis. Ainda segundo o Vigitel 2014, o uso de cigarros \u00e9 maior na faixa et\u00e1ria de 45 a 54 anos (13,2%) e menor entre os jovens de 18 a 24 anos (7,8%).<\/p>\n<p><span style=\"text-decoration:underline;\">Os homens fumam mais em Porto Alegre (17,9%), Belo Horizonte (16,2%) e Cuiab\u00e1 (15,6%) e as mulheres em Porto Alegre (15,1%), S\u00e3o Paulo (13%) e Curitiba (15,6%)<\/span>. O tabagismo \u00e9 menos frequente em Fortaleza (8,6%), Salvador (9%) e S\u00e3o Lu\u00eds (9,3%) entre os homens, e no p\u00fablico feminino em S\u00e3o Lu\u00eds (2,5%), Palmas (3%) e Teresina (3,1%).<\/p>\n<p>A prioriza\u00e7\u00e3o do atendimento, de quem deseja parar de fumar, nas <span style=\"text-decoration:underline;\">Unidades B\u00e1sicas de Sa\u00fade<\/span> (<strong>UBS<\/strong>) pode ser mensurada pela <span style=\"text-decoration:underline;\">Pesquisa Nacional de Sa\u00fade<\/span> (<strong>PNS<\/strong>), realizada pelo <span style=\"text-decoration:underline;\">Minist\u00e9rio da Sa\u00fade<\/span> em parceria com o <strong>IBGE<\/strong>. A <strong>PNS<\/strong> revela que em 2013, 73,1% das pessoas que tentaram parar de fumar conseguiram tratamento, um aumento importante em rela\u00e7\u00e3o a 2008, quando o \u00edndice era de 58,8%.<\/p>\n<p>Atualmente, das 39.228 equipes de sa\u00fade na fam\u00edlia, mais de 23 mil em todo o pa\u00eds est\u00e3o prontas para oferecer o tratamento ao tabagismo em 5.460 munic\u00edpios. Em 2013 e 2014, o Minist\u00e9rio da Sa\u00fade destinou R$ 41 milh\u00f5es para compra de medicamentos (adesivos, gomas e pastilhas de nicotina e bupropiona) ofertados no tratamento contra o tabagismo.<\/p>\n<p><span style=\"text-decoration:underline;\"><strong>AVAN\u00c7OS<\/strong><\/span><\/p>\n<p>Em 2014, a regulamenta\u00e7\u00e3o da <strong>Lei Antifumo<\/strong> proibiu o consumo de cigarros, cigarrilhas, charutos, cachimbos e outros produtos fum\u00edgenos,\u00a0derivados ou n\u00e3o do tabaco,\u00a0em locais de uso coletivo, p\u00fablicos ou privados, mesmo que o ambiente esteja s\u00f3 parcialmente fechado por uma parede, divis\u00f3ria, teto ou at\u00e9 toldo. Os narguil\u00e9s tamb\u00e9m foram inclu\u00eddos na proibi\u00e7\u00e3o.<\/p>\n<p>Ainda dentro das a\u00e7\u00f5es que vem sendo desenvolvidas pelo Governo Federal desde 2011 est\u00e1 a pol\u00edtica de pre\u00e7o m\u00ednimo para cigarro e a proibi\u00e7\u00e3o da propaganda comercial de cigarros em todo o territ\u00f3rio nacional, sendo permitida apenas a exposi\u00e7\u00e3o dos produtos nos locais de vendas. Esse conjunto de iniciativas permitiu que, at\u00e9 2015, segundo o balan\u00e7o do Plano de <strong>DCNT<\/strong>, a redu\u00e7\u00e3o da preval\u00eancia de tabagismo seja o indicador de fator de risco com maior avan\u00e7o no Brasil.<\/p>\n<p>O Minist\u00e9rio da Sa\u00fade tamb\u00e9m ampliou a\u00e7\u00f5es de preven\u00e7\u00e3o com aten\u00e7\u00e3o especial aos grupos mais vulner\u00e1veis (jovens, mulheres, popula\u00e7\u00e3o de menor renda e escolaridade, ind\u00edgenas, quilombolas), assim como contribuiu para o fortalecimento da implementa\u00e7\u00e3o da pol\u00edtica de pre\u00e7os e de aumento de impostos dos produtos derivados do tabaco e \u00e1lcool. Houve tamb\u00e9m o fortalecimento, no <span style=\"text-decoration:underline;\">Programa Sa\u00fade na Escola<\/span> (<strong>PSE<\/strong>), das a\u00e7\u00f5es educativas voltadas \u00e0 preven\u00e7\u00e3o e \u00e0 redu\u00e7\u00e3o do uso de \u00e1lcool e do tabaco.<\/p>\n<p><span style=\"text-decoration:underline;\"><strong>PROTOCOLO <\/strong><\/span><\/p>\n<p>O Brasil ratificou, em 2005, a <strong>Conven\u00e7\u00e3o-Quadro<\/strong> para o Controle do Tabaco, <span style=\"text-decoration:underline;\">Tratado Internacional de Sa\u00fade P\u00fablica<\/span> da <strong>OMS<\/strong> que tem como objetivo reduzir o consumo de derivados de tabaco. Uma das medidas preconizadas no Tratado \u00e9 o aumento de pre\u00e7os e impostos sobre os produtos de tabaco, associado a medidas para eliminar o mercado ilegal desses produtos.<\/p>\n<p>O Protocolo para eliminar o mercado ilegal de produtos de tabaco est\u00e1 vinculado ao <span style=\"text-decoration:underline;\">Artigo 15 da Conven\u00e7\u00e3o-Quadro<\/span> e foi negociado pelos pa\u00edses-membros durante cinco anos. O objetivo \u00e9 eliminar o mercado ilegal de produtos de tabaco por meio de um pacote de medidas a serem adotadas pelos pa\u00edses em coopera\u00e7\u00e3o. O Protocolo entrar\u00e1 em vigor quando 40 pa\u00edses completarem o processo de ratifica\u00e7\u00e3o. Por enquanto, apenas oito pa\u00edses ratificaram o protocolo. No Brasil, o Protocolo est\u00e1 em tramita\u00e7\u00e3o no Executivo para seguir para a ratifica\u00e7\u00e3o no Congresso.<\/p>\n<p><span style=\"text-decoration:underline;\"><strong>CAMPANHA<\/strong> <\/span><\/p>\n<p>Em 2015, a <span style=\"text-decoration:underline;\"><strong>Campanha do Dia Mundial Sem Tabaco<\/strong><\/span> integra as a\u00e7\u00f5es de Promo\u00e7\u00e3o da Sa\u00fade \u2013 <strong>SUS<\/strong>, Controle do Tabagismo. O conceito \u201cDa sa\u00fade se cuida todos os dias\u201d \u00e9 tema das campanhas de promo\u00e7\u00e3o da sa\u00fade. No eixo controle do tabagismo o slogan usado \u00e9 \u201cDas escolhas certas se cuida todos os dias\u201d.<\/p>\n<p>A Campanha fala do consumo dos produtos derivados do tabaco por jovens, facilitado pelos baixos pre\u00e7os que s\u00e3o oferecidos os cigarros atrav\u00e9s do com\u00e9rcio il\u00edcito. Al\u00e9m de alertar sobre os malef\u00edcios do h\u00e1bito de fumar,\u00a0a campanha entrega a mensagem de que \u00e9 necess\u00e1rio fazer escolhas certas para uma vida mais saud\u00e1vel. A campanha ser\u00e1 veiculada na r\u00e1dio, internet e redes sociais.<\/p>\n<p><span style=\"text-decoration:underline;\"><strong>Fonte:<\/strong><\/span><strong> Minist\u00e9rio da Sa\u00fade \/ Ag\u00eancia Sa\u00fade<\/strong><\/p>\n<p class=\"assinaNoticia\"><strong><em>Por Gabrielle Kopko, da Ag\u00eancia Sa\u00fade<\/em><br \/>\nAtendimento \u00e0 imprensa<\/strong><\/p>\n<p class=\"assinaNoticia\">\n<p class=\"assinaNoticia\"><a ref=\"magnificPopup\" href=\"https:\/\/blogdosrsiape.files.wordpress.com\/2015\/03\/o-sr-siape.png\"><img loading=\"lazy\" decoding=\"async\" class=\"alignnone size-medium wp-image-125\" src=\"https:\/\/blogdosrsiape.files.wordpress.com\/2015\/03\/o-sr-siape.png?w=300\" alt=\"o sr siape\" width=\"300\" height=\"172\" \/><\/a><\/p>\n","protected":false},"excerpt":{"rendered":"<p>Queda \u00e9 resultado do conjunto de a\u00e7\u00f5es promovidas pelo Governo Federal. Apesar a redu\u00e7\u00e3o, a propor\u00e7\u00e3o de fumantes que utilizam cigarros industrializados de origem il\u00edcita passou de 2,4%, em 2008, para 3,7%, em 2013 O ato de fumar est\u00e1 cada vez menos popular no Brasil. Segundo dados do Vigitel 2014, atualmente, 10,8% dos brasileiros ainda&#8230;<\/p>\n","protected":false},"author":1,"featured_media":0,"comment_status":"open","ping_status":"open","sticky":false,"template":"","format":"standard","meta":{"footnotes":""},"categories":[1],"tags":[423,650,732,1111,1165,1168,1255,1349,1470,1630,1785,1902,1905,2269,2275,2351,2380,2478],"class_list":["post-586","post","type-post","status-publish","format-standard","hentry","category-geral","tag-campanha","tag-convencao-quadro","tag-dcnt","tag-governo-federal","tag-ibge","tag-ictinca","tag-instituto-nacional-do-cancer","tag-lei-antifumo","tag-mercosul","tag-oms","tag-pns","tag-protocolo","tag-pse","tag-sus","tag-tabagismo","tag-tratado-internacional-de-saude-publica","tag-ubs","tag-vigitel"],"yoast_head":"<!-- This site is optimized with the Yoast SEO plugin v23.6 - https:\/\/yoast.com\/wordpress\/plugins\/seo\/ -->\n<title>N\u00famero de fumantes no Brasil cai 30,7% nos \u00faltimos nove anos - Blog do Sr. SIAPE<\/title>\n<meta name=\"robots\" content=\"index, follow, max-snippet:-1, max-image-preview:large, max-video-preview:-1\" \/>\n<link rel=\"canonical\" href=\"https:\/\/blogdosrsiape.com\/numero-de-fumantes-no-brasil-cai-307-nos-ultimos-nove-anos\/\" \/>\n<meta property=\"og:locale\" content=\"pt_BR\" \/>\n<meta property=\"og:type\" content=\"article\" \/>\n<meta property=\"og:title\" content=\"N\u00famero de fumantes no Brasil cai 30,7% nos \u00faltimos nove anos - Blog do Sr. SIAPE\" \/>\n<meta property=\"og:description\" content=\"Queda \u00e9 resultado do conjunto de a\u00e7\u00f5es promovidas pelo Governo Federal. Apesar a redu\u00e7\u00e3o, a propor\u00e7\u00e3o de fumantes que utilizam cigarros industrializados de origem il\u00edcita passou de 2,4%, em 2008, para 3,7%, em 2013 O ato de fumar est\u00e1 cada vez menos popular no Brasil. Segundo dados do Vigitel 2014, atualmente, 10,8% dos brasileiros ainda...\" \/>\n<meta property=\"og:url\" content=\"https:\/\/blogdosrsiape.com\/numero-de-fumantes-no-brasil-cai-307-nos-ultimos-nove-anos\/\" \/>\n<meta property=\"og:site_name\" content=\"Blog do Sr. SIAPE\" \/>\n<meta property=\"article:publisher\" content=\"https:\/\/www.facebook.com\/blogsrsiape\/?locale=pt_BR\" \/>\n<meta property=\"article:published_time\" content=\"2015-06-01T20:04:28+00:00\" \/>\n<meta property=\"og:image\" content=\"https:\/\/blogdosrsiape.files.wordpress.com\/2015\/03\/shutterstock_162625547.jpg?w=300\" \/>\n<meta name=\"author\" content=\"websitemix\" \/>\n<meta name=\"twitter:card\" content=\"summary_large_image\" \/>\n<meta name=\"twitter:label1\" content=\"Escrito por\" \/>\n\t<meta name=\"twitter:data1\" content=\"websitemix\" \/>\n\t<meta name=\"twitter:label2\" content=\"Est. tempo de leitura\" \/>\n\t<meta name=\"twitter:data2\" content=\"6 minutos\" \/>\n<script type=\"application\/ld+json\" class=\"yoast-schema-graph\">{\"@context\":\"https:\/\/schema.org\",\"@graph\":[{\"@type\":\"Article\",\"@id\":\"https:\/\/blogdosrsiape.com\/numero-de-fumantes-no-brasil-cai-307-nos-ultimos-nove-anos\/#article\",\"isPartOf\":{\"@id\":\"https:\/\/blogdosrsiape.com\/numero-de-fumantes-no-brasil-cai-307-nos-ultimos-nove-anos\/\"},\"author\":{\"name\":\"websitemix\",\"@id\":\"https:\/\/blogdosrsiape.com\/#\/schema\/person\/641e1af8b22c69725a1d604fb8959bcf\"},\"headline\":\"N\u00famero de fumantes no Brasil cai 30,7% nos \u00faltimos nove anos\",\"datePublished\":\"2015-06-01T20:04:28+00:00\",\"dateModified\":\"2015-06-01T20:04:28+00:00\",\"mainEntityOfPage\":{\"@id\":\"https:\/\/blogdosrsiape.com\/numero-de-fumantes-no-brasil-cai-307-nos-ultimos-nove-anos\/\"},\"wordCount\":1219,\"commentCount\":0,\"publisher\":{\"@id\":\"https:\/\/blogdosrsiape.com\/#organization\"},\"image\":{\"@id\":\"https:\/\/blogdosrsiape.com\/numero-de-fumantes-no-brasil-cai-307-nos-ultimos-nove-anos\/#primaryimage\"},\"thumbnailUrl\":\"https:\/\/blogdosrsiape.files.wordpress.com\/2015\/03\/shutterstock_162625547.jpg?w=300\",\"keywords\":[\"Campanha\",\"Conven\u00e7\u00e3o-Quadro\",\"DCNT\",\"Governo Federal\",\"IBGE\",\"ICT\/INCA\",\"Instituto Nacional do C\u00e2ncer\",\"Lei Antifumo\",\"Mercosul\",\"OMS\",\"PNS\",\"Protocolo\",\"PSE\",\"SUS\",\"tabagismo\",\"Tratado Internacional de Sa\u00fade P\u00fablica\",\"UBS\",\"Vigitel\"],\"articleSection\":[\"Geral\"],\"inLanguage\":\"pt-BR\",\"potentialAction\":[{\"@type\":\"CommentAction\",\"name\":\"Comment\",\"target\":[\"https:\/\/blogdosrsiape.com\/numero-de-fumantes-no-brasil-cai-307-nos-ultimos-nove-anos\/#respond\"]}]},{\"@type\":\"WebPage\",\"@id\":\"https:\/\/blogdosrsiape.com\/numero-de-fumantes-no-brasil-cai-307-nos-ultimos-nove-anos\/\",\"url\":\"https:\/\/blogdosrsiape.com\/numero-de-fumantes-no-brasil-cai-307-nos-ultimos-nove-anos\/\",\"name\":\"N\u00famero de fumantes no Brasil cai 30,7% nos \u00faltimos nove anos - Blog do Sr. SIAPE\",\"isPartOf\":{\"@id\":\"https:\/\/blogdosrsiape.com\/#website\"},\"primaryImageOfPage\":{\"@id\":\"https:\/\/blogdosrsiape.com\/numero-de-fumantes-no-brasil-cai-307-nos-ultimos-nove-anos\/#primaryimage\"},\"image\":{\"@id\":\"https:\/\/blogdosrsiape.com\/numero-de-fumantes-no-brasil-cai-307-nos-ultimos-nove-anos\/#primaryimage\"},\"thumbnailUrl\":\"https:\/\/blogdosrsiape.files.wordpress.com\/2015\/03\/shutterstock_162625547.jpg?w=300\",\"datePublished\":\"2015-06-01T20:04:28+00:00\",\"dateModified\":\"2015-06-01T20:04:28+00:00\",\"breadcrumb\":{\"@id\":\"https:\/\/blogdosrsiape.com\/numero-de-fumantes-no-brasil-cai-307-nos-ultimos-nove-anos\/#breadcrumb\"},\"inLanguage\":\"pt-BR\",\"potentialAction\":[{\"@type\":\"ReadAction\",\"target\":[\"https:\/\/blogdosrsiape.com\/numero-de-fumantes-no-brasil-cai-307-nos-ultimos-nove-anos\/\"]}]},{\"@type\":\"ImageObject\",\"inLanguage\":\"pt-BR\",\"@id\":\"https:\/\/blogdosrsiape.com\/numero-de-fumantes-no-brasil-cai-307-nos-ultimos-nove-anos\/#primaryimage\",\"url\":\"https:\/\/blogdosrsiape.files.wordpress.com\/2015\/03\/shutterstock_162625547.jpg?w=300\",\"contentUrl\":\"https:\/\/blogdosrsiape.files.wordpress.com\/2015\/03\/shutterstock_162625547.jpg?w=300\"},{\"@type\":\"BreadcrumbList\",\"@id\":\"https:\/\/blogdosrsiape.com\/numero-de-fumantes-no-brasil-cai-307-nos-ultimos-nove-anos\/#breadcrumb\",\"itemListElement\":[{\"@type\":\"ListItem\",\"position\":1,\"name\":\"In\u00edcio\",\"item\":\"https:\/\/blogdosrsiape.com\/\"},{\"@type\":\"ListItem\",\"position\":2,\"name\":\"N\u00famero de fumantes no Brasil cai 30,7% nos \u00faltimos nove anos\"}]},{\"@type\":\"WebSite\",\"@id\":\"https:\/\/blogdosrsiape.com\/#website\",\"url\":\"https:\/\/blogdosrsiape.com\/\",\"name\":\"Blog do sr. SIAPE\",\"description\":\"SIAPE Servidor Federal\",\"publisher\":{\"@id\":\"https:\/\/blogdosrsiape.com\/#organization\"},\"potentialAction\":[{\"@type\":\"SearchAction\",\"target\":{\"@type\":\"EntryPoint\",\"urlTemplate\":\"https:\/\/blogdosrsiape.com\/?s={search_term_string}\"},\"query-input\":{\"@type\":\"PropertyValueSpecification\",\"valueRequired\":true,\"valueName\":\"search_term_string\"}}],\"inLanguage\":\"pt-BR\"},{\"@type\":\"Organization\",\"@id\":\"https:\/\/blogdosrsiape.com\/#organization\",\"name\":\"Blog do sr. SIAPE\",\"url\":\"https:\/\/blogdosrsiape.com\/\",\"logo\":{\"@type\":\"ImageObject\",\"inLanguage\":\"pt-BR\",\"@id\":\"https:\/\/blogdosrsiape.com\/#\/schema\/logo\/image\/\",\"url\":\"https:\/\/11ponto11servidor.com.br\/blogsrsiape\/wp-content\/uploads\/sites\/2\/2024\/10\/logo-1.png\",\"contentUrl\":\"https:\/\/11ponto11servidor.com.br\/blogsrsiape\/wp-content\/uploads\/sites\/2\/2024\/10\/logo-1.png\",\"width\":287,\"height\":116,\"caption\":\"Blog do sr. SIAPE\"},\"image\":{\"@id\":\"https:\/\/blogdosrsiape.com\/#\/schema\/logo\/image\/\"},\"sameAs\":[\"https:\/\/www.facebook.com\/blogsrsiape\/?locale=pt_BR\",\"https:\/\/www.instagram.com\/srsiape\/\"]},{\"@type\":\"Person\",\"@id\":\"https:\/\/blogdosrsiape.com\/#\/schema\/person\/641e1af8b22c69725a1d604fb8959bcf\",\"name\":\"websitemix\",\"sameAs\":[\"https:\/\/11ponto11servidor.com.br\"],\"url\":\"https:\/\/11ponto11servidor.com.br\/blogsrsiape\/author\/websitemix\/\"}]}<\/script>\n<!-- \/ Yoast SEO plugin. -->","yoast_head_json":{"title":"N\u00famero de fumantes no Brasil cai 30,7% nos \u00faltimos nove anos - Blog do Sr. SIAPE","robots":{"index":"index","follow":"follow","max-snippet":"max-snippet:-1","max-image-preview":"max-image-preview:large","max-video-preview":"max-video-preview:-1"},"canonical":"https:\/\/blogdosrsiape.com\/numero-de-fumantes-no-brasil-cai-307-nos-ultimos-nove-anos\/","og_locale":"pt_BR","og_type":"article","og_title":"N\u00famero de fumantes no Brasil cai 30,7% nos \u00faltimos nove anos - Blog do Sr. SIAPE","og_description":"Queda \u00e9 resultado do conjunto de a\u00e7\u00f5es promovidas pelo Governo Federal. Apesar a redu\u00e7\u00e3o, a propor\u00e7\u00e3o de fumantes que utilizam cigarros industrializados de origem il\u00edcita passou de 2,4%, em 2008, para 3,7%, em 2013 O ato de fumar est\u00e1 cada vez menos popular no Brasil. Segundo dados do Vigitel 2014, atualmente, 10,8% dos brasileiros ainda...","og_url":"https:\/\/blogdosrsiape.com\/numero-de-fumantes-no-brasil-cai-307-nos-ultimos-nove-anos\/","og_site_name":"Blog do Sr. SIAPE","article_publisher":"https:\/\/www.facebook.com\/blogsrsiape\/?locale=pt_BR","article_published_time":"2015-06-01T20:04:28+00:00","og_image":[{"url":"https:\/\/blogdosrsiape.files.wordpress.com\/2015\/03\/shutterstock_162625547.jpg?w=300"}],"author":"websitemix","twitter_card":"summary_large_image","twitter_misc":{"Escrito por":"websitemix","Est. tempo de leitura":"6 minutos"},"schema":{"@context":"https:\/\/schema.org","@graph":[{"@type":"Article","@id":"https:\/\/blogdosrsiape.com\/numero-de-fumantes-no-brasil-cai-307-nos-ultimos-nove-anos\/#article","isPartOf":{"@id":"https:\/\/blogdosrsiape.com\/numero-de-fumantes-no-brasil-cai-307-nos-ultimos-nove-anos\/"},"author":{"name":"websitemix","@id":"https:\/\/blogdosrsiape.com\/#\/schema\/person\/641e1af8b22c69725a1d604fb8959bcf"},"headline":"N\u00famero de fumantes no Brasil cai 30,7% nos \u00faltimos nove anos","datePublished":"2015-06-01T20:04:28+00:00","dateModified":"2015-06-01T20:04:28+00:00","mainEntityOfPage":{"@id":"https:\/\/blogdosrsiape.com\/numero-de-fumantes-no-brasil-cai-307-nos-ultimos-nove-anos\/"},"wordCount":1219,"commentCount":0,"publisher":{"@id":"https:\/\/blogdosrsiape.com\/#organization"},"image":{"@id":"https:\/\/blogdosrsiape.com\/numero-de-fumantes-no-brasil-cai-307-nos-ultimos-nove-anos\/#primaryimage"},"thumbnailUrl":"https:\/\/blogdosrsiape.files.wordpress.com\/2015\/03\/shutterstock_162625547.jpg?w=300","keywords":["Campanha","Conven\u00e7\u00e3o-Quadro","DCNT","Governo Federal","IBGE","ICT\/INCA","Instituto Nacional do C\u00e2ncer","Lei Antifumo","Mercosul","OMS","PNS","Protocolo","PSE","SUS","tabagismo","Tratado Internacional de Sa\u00fade P\u00fablica","UBS","Vigitel"],"articleSection":["Geral"],"inLanguage":"pt-BR","potentialAction":[{"@type":"CommentAction","name":"Comment","target":["https:\/\/blogdosrsiape.com\/numero-de-fumantes-no-brasil-cai-307-nos-ultimos-nove-anos\/#respond"]}]},{"@type":"WebPage","@id":"https:\/\/blogdosrsiape.com\/numero-de-fumantes-no-brasil-cai-307-nos-ultimos-nove-anos\/","url":"https:\/\/blogdosrsiape.com\/numero-de-fumantes-no-brasil-cai-307-nos-ultimos-nove-anos\/","name":"N\u00famero de fumantes no Brasil cai 30,7% nos \u00faltimos nove anos - Blog do Sr. SIAPE","isPartOf":{"@id":"https:\/\/blogdosrsiape.com\/#website"},"primaryImageOfPage":{"@id":"https:\/\/blogdosrsiape.com\/numero-de-fumantes-no-brasil-cai-307-nos-ultimos-nove-anos\/#primaryimage"},"image":{"@id":"https:\/\/blogdosrsiape.com\/numero-de-fumantes-no-brasil-cai-307-nos-ultimos-nove-anos\/#primaryimage"},"thumbnailUrl":"https:\/\/blogdosrsiape.files.wordpress.com\/2015\/03\/shutterstock_162625547.jpg?w=300","datePublished":"2015-06-01T20:04:28+00:00","dateModified":"2015-06-01T20:04:28+00:00","breadcrumb":{"@id":"https:\/\/blogdosrsiape.com\/numero-de-fumantes-no-brasil-cai-307-nos-ultimos-nove-anos\/#breadcrumb"},"inLanguage":"pt-BR","potentialAction":[{"@type":"ReadAction","target":["https:\/\/blogdosrsiape.com\/numero-de-fumantes-no-brasil-cai-307-nos-ultimos-nove-anos\/"]}]},{"@type":"ImageObject","inLanguage":"pt-BR","@id":"https:\/\/blogdosrsiape.com\/numero-de-fumantes-no-brasil-cai-307-nos-ultimos-nove-anos\/#primaryimage","url":"https:\/\/blogdosrsiape.files.wordpress.com\/2015\/03\/shutterstock_162625547.jpg?w=300","contentUrl":"https:\/\/blogdosrsiape.files.wordpress.com\/2015\/03\/shutterstock_162625547.jpg?w=300"},{"@type":"BreadcrumbList","@id":"https:\/\/blogdosrsiape.com\/numero-de-fumantes-no-brasil-cai-307-nos-ultimos-nove-anos\/#breadcrumb","itemListElement":[{"@type":"ListItem","position":1,"name":"In\u00edcio","item":"https:\/\/blogdosrsiape.com\/"},{"@type":"ListItem","position":2,"name":"N\u00famero de fumantes no Brasil cai 30,7% nos \u00faltimos nove anos"}]},{"@type":"WebSite","@id":"https:\/\/blogdosrsiape.com\/#website","url":"https:\/\/blogdosrsiape.com\/","name":"Blog do sr. SIAPE","description":"SIAPE Servidor Federal","publisher":{"@id":"https:\/\/blogdosrsiape.com\/#organization"},"potentialAction":[{"@type":"SearchAction","target":{"@type":"EntryPoint","urlTemplate":"https:\/\/blogdosrsiape.com\/?s={search_term_string}"},"query-input":{"@type":"PropertyValueSpecification","valueRequired":true,"valueName":"search_term_string"}}],"inLanguage":"pt-BR"},{"@type":"Organization","@id":"https:\/\/blogdosrsiape.com\/#organization","name":"Blog do sr. SIAPE","url":"https:\/\/blogdosrsiape.com\/","logo":{"@type":"ImageObject","inLanguage":"pt-BR","@id":"https:\/\/blogdosrsiape.com\/#\/schema\/logo\/image\/","url":"https:\/\/11ponto11servidor.com.br\/blogsrsiape\/wp-content\/uploads\/sites\/2\/2024\/10\/logo-1.png","contentUrl":"https:\/\/11ponto11servidor.com.br\/blogsrsiape\/wp-content\/uploads\/sites\/2\/2024\/10\/logo-1.png","width":287,"height":116,"caption":"Blog do sr. SIAPE"},"image":{"@id":"https:\/\/blogdosrsiape.com\/#\/schema\/logo\/image\/"},"sameAs":["https:\/\/www.facebook.com\/blogsrsiape\/?locale=pt_BR","https:\/\/www.instagram.com\/srsiape\/"]},{"@type":"Person","@id":"https:\/\/blogdosrsiape.com\/#\/schema\/person\/641e1af8b22c69725a1d604fb8959bcf","name":"websitemix","sameAs":["https:\/\/11ponto11servidor.com.br"],"url":"https:\/\/11ponto11servidor.com.br\/blogsrsiape\/author\/websitemix\/"}]}},"_links":{"self":[{"href":"https:\/\/11ponto11servidor.com.br\/blogsrsiape\/wp-json\/wp\/v2\/posts\/586"}],"collection":[{"href":"https:\/\/11ponto11servidor.com.br\/blogsrsiape\/wp-json\/wp\/v2\/posts"}],"about":[{"href":"https:\/\/11ponto11servidor.com.br\/blogsrsiape\/wp-json\/wp\/v2\/types\/post"}],"author":[{"embeddable":true,"href":"https:\/\/11ponto11servidor.com.br\/blogsrsiape\/wp-json\/wp\/v2\/users\/1"}],"replies":[{"embeddable":true,"href":"https:\/\/11ponto11servidor.com.br\/blogsrsiape\/wp-json\/wp\/v2\/comments?post=586"}],"version-history":[{"count":0,"href":"https:\/\/11ponto11servidor.com.br\/blogsrsiape\/wp-json\/wp\/v2\/posts\/586\/revisions"}],"wp:attachment":[{"href":"https:\/\/11ponto11servidor.com.br\/blogsrsiape\/wp-json\/wp\/v2\/media?parent=586"}],"wp:term":[{"taxonomy":"category","embeddable":true,"href":"https:\/\/11ponto11servidor.com.br\/blogsrsiape\/wp-json\/wp\/v2\/categories?post=586"},{"taxonomy":"post_tag","embeddable":true,"href":"https:\/\/11ponto11servidor.com.br\/blogsrsiape\/wp-json\/wp\/v2\/tags?post=586"}],"curies":[{"name":"wp","href":"https:\/\/api.w.org\/{rel}","templated":true}]}}