{"id":6149,"date":"2018-03-20T15:42:50","date_gmt":"2018-03-20T12:42:50","guid":{"rendered":"https:\/\/11ponto11servidor.com.br\/blogsrsiape\/?p=6149"},"modified":"2018-03-20T15:42:50","modified_gmt":"2018-03-20T12:42:50","slug":"uniao-aval-stf-reajustes","status":"publish","type":"post","link":"https:\/\/11ponto11servidor.com.br\/blogsrsiape\/uniao-aval-stf-reajustes\/","title":{"rendered":"Uni\u00e3o tenta aval do STF para adiar reajustes"},"content":{"rendered":"<h3>Uni\u00e3o tenta aval do Supremo Tribunal Federal para adiar reajustes<\/h3>\n<p>O governo Temer tenta acelerar, no Supremo Tribunal Federal (STF), o julgamento de a\u00e7\u00e3o que trata do adiamento de reajustes do funcionalismo e do aumento da al\u00edquota de contribui\u00e7\u00e3o previdenci\u00e1ria de 11% para 14%. Ainda n\u00e3o h\u00e1 data para o tema ir ao plen\u00e1rio da Corte. A Advocacia-Geral da Uni\u00e3o (AGU) pediu \u00e0 Presid\u00eancia do Supremo prioridade na an\u00e1lise do processo.<\/p>\n<p>A inten\u00e7\u00e3o do governo \u00e9 derrubar liminar concedida em dezembro do ano passado pelo relator, ministro Ricardo Lewandowski, que suspende os efeitos da Medida Provis\u00f3ria (MP) 805\/2017, em A\u00e7\u00e3o Direta de Inconstitucionalidade movida pelo Psol. A MP posterga o pagamento dos reajustes de v\u00e1rias carreiras federais e tamb\u00e9m prev\u00ea a eleva\u00e7\u00e3o da contribui\u00e7\u00e3o previdenci\u00e1ria que valeria a partir de fevereiro para servidores ativos e inativos que ganham acima de R$ 5.645,80. Desde ent\u00e3o, os vencimentos est\u00e3o vindo j\u00e1 com o reajuste.<\/p>\n<p>Com a liminar, o Executivo teve que garantir as corre\u00e7\u00f5es salariais na folha de janeiro, que foi paga em fevereiro. Agora, s\u00f3 o plen\u00e1rio da Corte poder\u00e1 reverter a decis\u00e3o de Lewandowski, por meio do julgamento do m\u00e9rito da a\u00e7\u00e3o.<\/p>\n<p>E engana-se quem pensa que o Executivo &#8216;jogou a toalha&#8217;. As informa\u00e7\u00f5es s\u00e3o de que h\u00e1 possibilidade de a Corte reverter a decis\u00e3o de Lewandowski. Com isso, a Uni\u00e3o j\u00e1 adotaria de imediato a cobran\u00e7a de 14% para a previd\u00eancia. Os aumentos das categorias ficariam para o pr\u00f3ximo ano.<\/p>\n<h3>REDU\u00c7\u00c3O DE SAL\u00c1RIO<\/h3>\n<p>\u00c0 \u00e9poca, o ministro Lewandowski entendeu que, na pr\u00e1tica, a MP da Uni\u00e3o reduzia os sal\u00e1rios do funcionalismo. Em trecho da liminar, o magistrado disse que &#8220;os servidores p\u00fablicos do Poder Executivo Federal ser\u00e3o duplamente afetados pelo mesmo ato. Primeiro, por cercear-se um reajuste salarial j\u00e1 concedido mediante lei; depois por aumentar-se a al\u00edquota da contribui\u00e7\u00e3o previdenci\u00e1ria, que passa a ser arbitrariamente progressiva, sem qualquer considera\u00e7\u00e3o de car\u00e1ter t\u00e9cnico a ampar\u00e1-la&#8221;.<\/p>\n<p>O relator acrescentou ainda que h\u00e1 jurisprud\u00eancia do Supremo garantindo a &#8220;irredutibilidade dos sal\u00e1rios&#8221;, e que se a MP fosse implementada iria prejudicar a vida dos servidores.<\/p>\n<p>O aumento da contribui\u00e7\u00e3o previdenci\u00e1ria de 11% para 14% atingiria 711.446 servidores do Executivo federal, de acordo com dados fornecidos \u00e0 Coluna pelo Minist\u00e9rio do Planejamento. Desse total, 472.597 est\u00e3o em atividade e 238.849 s\u00e3o funcion\u00e1rios aposentados.<\/p>\n<h3>Devolu\u00e7\u00e3o do que j\u00e1 foi pago<\/h3>\n<p>Agora, o governo federal insiste na devolu\u00e7\u00e3o dos reajustes recebidos pelos servidores do Executivo, caso consiga reverter a liminar de Lewandowski. As corre\u00e7\u00f5es est\u00e3o sendo pagas \u00e0s carreiras que j\u00e1 haviam acordado o aumento que, inclusive, foi garantido por lei.<\/p>\n<p>Foram contempladas as categorias de auditores-fiscais do Minist\u00e9rio do Trabalho e do Minist\u00e9rio da Fazenda; m\u00e9dicos-peritos do INSS, policiais federais, policiais rodovi\u00e1rios federais, entre outras.<\/p>\n<p>A ideia de cobrar de volta do funcionalismo o que j\u00e1 foi pago foi defendida pelo ministro do Planejamento, Dyogo Oliveira. Em uma de suas declara\u00e7\u00f5es, ele considerou que o reajuste j\u00e1 concedido no contracheque de janeiro n\u00e3o representa direito adquirido. Pois, \u00e9 baseado em uma liminar, que tem car\u00e1ter provis\u00f3rio.<\/p>\n<p>Se houver a devolu\u00e7\u00e3o, dever\u00e1 ser nos contracheques de forma parcelada.<\/p>\n<p><a href=\"https:\/\/11ponto11servidor.com.br\/blogsrsiape\/\">Tenham<\/a> todos um excelente dia.<\/p>\n<p>Fonte: <em>O DIA<\/em><\/p>\n","protected":false},"excerpt":{"rendered":"<p>Uni\u00e3o tenta aval do Supremo Tribunal Federal para adiar reajustes. Redu\u00e7\u00e3o de sal\u00e1rio, devolu\u00e7\u00e3o do que j\u00e1 foi pago e muito mais&#8230; Confira!<\/p>\n","protected":false},"author":1,"featured_media":6150,"comment_status":"open","ping_status":"open","sticky":false,"template":"","format":"standard","meta":{"footnotes":""},"categories":[1],"tags":[381,383,1111,1481,2517,2560,2125,2126,2128,2131,2245,2428],"class_list":["post-6149","post","type-post","status-publish","format-standard","has-post-thumbnail","hentry","category-geral","tag-brasil","tag-brasileiros","tag-governo-federal","tag-michel-temer","tag-reajustes","tag-reajustes-salariais","tag-servidor-federal","tag-servidor-publico-federal","tag-servidores","tag-servidores-federais","tag-stf","tag-uniao"],"yoast_head":"<!-- This site is optimized with the Yoast SEO plugin v23.6 - https:\/\/yoast.com\/wordpress\/plugins\/seo\/ -->\n<title>Uni\u00e3o tenta aval do STF para adiar reajustes - Blog do sr. SIAPE<\/title>\n<meta name=\"description\" content=\"Uni\u00e3o tenta aval do Supremo Tribunal Federal para adiar reajustes. Redu\u00e7\u00e3o de sal\u00e1rio, devolu\u00e7\u00e3o do que j\u00e1 foi pago e muito mais... Confira!\" \/>\n<meta name=\"robots\" content=\"index, follow, max-snippet:-1, max-image-preview:large, max-video-preview:-1\" \/>\n<link rel=\"canonical\" href=\"https:\/\/blogdosrsiape.com\/uniao-aval-stf-reajustes\/\" \/>\n<meta property=\"og:locale\" content=\"pt_BR\" \/>\n<meta property=\"og:type\" content=\"article\" \/>\n<meta property=\"og:title\" content=\"Uni\u00e3o tenta aval do STF para adiar reajustes - Blog do sr. SIAPE\" \/>\n<meta property=\"og:description\" content=\"Uni\u00e3o tenta aval do Supremo Tribunal Federal para adiar reajustes. Redu\u00e7\u00e3o de sal\u00e1rio, devolu\u00e7\u00e3o do que j\u00e1 foi pago e muito mais... Confira!\" \/>\n<meta property=\"og:url\" content=\"https:\/\/blogdosrsiape.com\/uniao-aval-stf-reajustes\/\" \/>\n<meta property=\"og:site_name\" content=\"Blog do Sr. SIAPE\" \/>\n<meta property=\"article:publisher\" content=\"https:\/\/www.facebook.com\/blogsrsiape\/?locale=pt_BR\" \/>\n<meta property=\"article:published_time\" content=\"2018-03-20T12:42:50+00:00\" \/>\n<meta property=\"og:image\" content=\"https:\/\/11ponto11servidor.com.br\/blogsrsiape\/wp-content\/uploads\/sites\/2\/2018\/03\/capacapa-2.png\" \/>\n\t<meta property=\"og:image:width\" content=\"848\" \/>\n\t<meta property=\"og:image:height\" content=\"370\" \/>\n\t<meta property=\"og:image:type\" content=\"image\/png\" \/>\n<meta name=\"author\" content=\"websitemix\" \/>\n<meta name=\"twitter:card\" content=\"summary_large_image\" \/>\n<meta name=\"twitter:label1\" content=\"Escrito por\" \/>\n\t<meta name=\"twitter:data1\" content=\"websitemix\" \/>\n\t<meta name=\"twitter:label2\" content=\"Est. tempo de leitura\" \/>\n\t<meta name=\"twitter:data2\" content=\"3 minutos\" \/>\n<script type=\"application\/ld+json\" class=\"yoast-schema-graph\">{\"@context\":\"https:\/\/schema.org\",\"@graph\":[{\"@type\":\"Article\",\"@id\":\"https:\/\/blogdosrsiape.com\/uniao-aval-stf-reajustes\/#article\",\"isPartOf\":{\"@id\":\"https:\/\/blogdosrsiape.com\/uniao-aval-stf-reajustes\/\"},\"author\":{\"name\":\"websitemix\",\"@id\":\"https:\/\/blogdosrsiape.com\/#\/schema\/person\/641e1af8b22c69725a1d604fb8959bcf\"},\"headline\":\"Uni\u00e3o tenta aval do STF para adiar reajustes\",\"datePublished\":\"2018-03-20T12:42:50+00:00\",\"dateModified\":\"2018-03-20T12:42:50+00:00\",\"mainEntityOfPage\":{\"@id\":\"https:\/\/blogdosrsiape.com\/uniao-aval-stf-reajustes\/\"},\"wordCount\":581,\"commentCount\":0,\"publisher\":{\"@id\":\"https:\/\/blogdosrsiape.com\/#organization\"},\"image\":{\"@id\":\"https:\/\/blogdosrsiape.com\/uniao-aval-stf-reajustes\/#primaryimage\"},\"thumbnailUrl\":\"https:\/\/11ponto11servidor.com.br\/blogsrsiape\/wp-content\/uploads\/sites\/2\/2018\/03\/capacapa-2.png\",\"keywords\":[\"Brasil\",\"Brasileiros\",\"Governo Federal\",\"Michel Temer\",\"Reajustes\",\"Reajustes Salariais\",\"Servidor Federal\",\"Servidor P\u00fablico Federal\",\"Servidores\",\"Servidores Federais\",\"STF\",\"Uni\u00e3o\"],\"articleSection\":[\"Geral\"],\"inLanguage\":\"pt-BR\",\"potentialAction\":[{\"@type\":\"CommentAction\",\"name\":\"Comment\",\"target\":[\"https:\/\/blogdosrsiape.com\/uniao-aval-stf-reajustes\/#respond\"]}]},{\"@type\":\"WebPage\",\"@id\":\"https:\/\/blogdosrsiape.com\/uniao-aval-stf-reajustes\/\",\"url\":\"https:\/\/blogdosrsiape.com\/uniao-aval-stf-reajustes\/\",\"name\":\"Uni\u00e3o tenta aval do STF para adiar reajustes - Blog do sr. SIAPE\",\"isPartOf\":{\"@id\":\"https:\/\/blogdosrsiape.com\/#website\"},\"primaryImageOfPage\":{\"@id\":\"https:\/\/blogdosrsiape.com\/uniao-aval-stf-reajustes\/#primaryimage\"},\"image\":{\"@id\":\"https:\/\/blogdosrsiape.com\/uniao-aval-stf-reajustes\/#primaryimage\"},\"thumbnailUrl\":\"https:\/\/11ponto11servidor.com.br\/blogsrsiape\/wp-content\/uploads\/sites\/2\/2018\/03\/capacapa-2.png\",\"datePublished\":\"2018-03-20T12:42:50+00:00\",\"dateModified\":\"2018-03-20T12:42:50+00:00\",\"description\":\"Uni\u00e3o tenta aval do Supremo Tribunal Federal para adiar reajustes. Redu\u00e7\u00e3o de sal\u00e1rio, devolu\u00e7\u00e3o do que j\u00e1 foi pago e muito mais... Confira!\",\"breadcrumb\":{\"@id\":\"https:\/\/blogdosrsiape.com\/uniao-aval-stf-reajustes\/#breadcrumb\"},\"inLanguage\":\"pt-BR\",\"potentialAction\":[{\"@type\":\"ReadAction\",\"target\":[\"https:\/\/blogdosrsiape.com\/uniao-aval-stf-reajustes\/\"]}]},{\"@type\":\"ImageObject\",\"inLanguage\":\"pt-BR\",\"@id\":\"https:\/\/blogdosrsiape.com\/uniao-aval-stf-reajustes\/#primaryimage\",\"url\":\"https:\/\/11ponto11servidor.com.br\/blogsrsiape\/wp-content\/uploads\/sites\/2\/2018\/03\/capacapa-2.png\",\"contentUrl\":\"https:\/\/11ponto11servidor.com.br\/blogsrsiape\/wp-content\/uploads\/sites\/2\/2018\/03\/capacapa-2.png\",\"width\":848,\"height\":370,\"caption\":\"Uni\u00e3o\"},{\"@type\":\"BreadcrumbList\",\"@id\":\"https:\/\/blogdosrsiape.com\/uniao-aval-stf-reajustes\/#breadcrumb\",\"itemListElement\":[{\"@type\":\"ListItem\",\"position\":1,\"name\":\"In\u00edcio\",\"item\":\"https:\/\/blogdosrsiape.com\/\"},{\"@type\":\"ListItem\",\"position\":2,\"name\":\"Uni\u00e3o tenta aval do STF para adiar reajustes\"}]},{\"@type\":\"WebSite\",\"@id\":\"https:\/\/blogdosrsiape.com\/#website\",\"url\":\"https:\/\/blogdosrsiape.com\/\",\"name\":\"Blog do sr. SIAPE\",\"description\":\"SIAPE Servidor Federal\",\"publisher\":{\"@id\":\"https:\/\/blogdosrsiape.com\/#organization\"},\"potentialAction\":[{\"@type\":\"SearchAction\",\"target\":{\"@type\":\"EntryPoint\",\"urlTemplate\":\"https:\/\/blogdosrsiape.com\/?s={search_term_string}\"},\"query-input\":{\"@type\":\"PropertyValueSpecification\",\"valueRequired\":true,\"valueName\":\"search_term_string\"}}],\"inLanguage\":\"pt-BR\"},{\"@type\":\"Organization\",\"@id\":\"https:\/\/blogdosrsiape.com\/#organization\",\"name\":\"Blog do sr. SIAPE\",\"url\":\"https:\/\/blogdosrsiape.com\/\",\"logo\":{\"@type\":\"ImageObject\",\"inLanguage\":\"pt-BR\",\"@id\":\"https:\/\/blogdosrsiape.com\/#\/schema\/logo\/image\/\",\"url\":\"https:\/\/11ponto11servidor.com.br\/blogsrsiape\/wp-content\/uploads\/sites\/2\/2024\/10\/logo-1.png\",\"contentUrl\":\"https:\/\/11ponto11servidor.com.br\/blogsrsiape\/wp-content\/uploads\/sites\/2\/2024\/10\/logo-1.png\",\"width\":287,\"height\":116,\"caption\":\"Blog do sr. SIAPE\"},\"image\":{\"@id\":\"https:\/\/blogdosrsiape.com\/#\/schema\/logo\/image\/\"},\"sameAs\":[\"https:\/\/www.facebook.com\/blogsrsiape\/?locale=pt_BR\",\"https:\/\/www.instagram.com\/srsiape\/\"]},{\"@type\":\"Person\",\"@id\":\"https:\/\/blogdosrsiape.com\/#\/schema\/person\/641e1af8b22c69725a1d604fb8959bcf\",\"name\":\"websitemix\",\"sameAs\":[\"https:\/\/11ponto11servidor.com.br\"],\"url\":\"https:\/\/11ponto11servidor.com.br\/blogsrsiape\/author\/websitemix\/\"}]}<\/script>\n<!-- \/ Yoast SEO plugin. -->","yoast_head_json":{"title":"Uni\u00e3o tenta aval do STF para adiar reajustes - Blog do sr. SIAPE","description":"Uni\u00e3o tenta aval do Supremo Tribunal Federal para adiar reajustes. Redu\u00e7\u00e3o de sal\u00e1rio, devolu\u00e7\u00e3o do que j\u00e1 foi pago e muito mais... Confira!","robots":{"index":"index","follow":"follow","max-snippet":"max-snippet:-1","max-image-preview":"max-image-preview:large","max-video-preview":"max-video-preview:-1"},"canonical":"https:\/\/blogdosrsiape.com\/uniao-aval-stf-reajustes\/","og_locale":"pt_BR","og_type":"article","og_title":"Uni\u00e3o tenta aval do STF para adiar reajustes - Blog do sr. SIAPE","og_description":"Uni\u00e3o tenta aval do Supremo Tribunal Federal para adiar reajustes. Redu\u00e7\u00e3o de sal\u00e1rio, devolu\u00e7\u00e3o do que j\u00e1 foi pago e muito mais... Confira!","og_url":"https:\/\/blogdosrsiape.com\/uniao-aval-stf-reajustes\/","og_site_name":"Blog do Sr. SIAPE","article_publisher":"https:\/\/www.facebook.com\/blogsrsiape\/?locale=pt_BR","article_published_time":"2018-03-20T12:42:50+00:00","og_image":[{"width":848,"height":370,"url":"https:\/\/11ponto11servidor.com.br\/blogsrsiape\/wp-content\/uploads\/sites\/2\/2018\/03\/capacapa-2.png","type":"image\/png"}],"author":"websitemix","twitter_card":"summary_large_image","twitter_misc":{"Escrito por":"websitemix","Est. tempo de leitura":"3 minutos"},"schema":{"@context":"https:\/\/schema.org","@graph":[{"@type":"Article","@id":"https:\/\/blogdosrsiape.com\/uniao-aval-stf-reajustes\/#article","isPartOf":{"@id":"https:\/\/blogdosrsiape.com\/uniao-aval-stf-reajustes\/"},"author":{"name":"websitemix","@id":"https:\/\/blogdosrsiape.com\/#\/schema\/person\/641e1af8b22c69725a1d604fb8959bcf"},"headline":"Uni\u00e3o tenta aval do STF para adiar reajustes","datePublished":"2018-03-20T12:42:50+00:00","dateModified":"2018-03-20T12:42:50+00:00","mainEntityOfPage":{"@id":"https:\/\/blogdosrsiape.com\/uniao-aval-stf-reajustes\/"},"wordCount":581,"commentCount":0,"publisher":{"@id":"https:\/\/blogdosrsiape.com\/#organization"},"image":{"@id":"https:\/\/blogdosrsiape.com\/uniao-aval-stf-reajustes\/#primaryimage"},"thumbnailUrl":"https:\/\/11ponto11servidor.com.br\/blogsrsiape\/wp-content\/uploads\/sites\/2\/2018\/03\/capacapa-2.png","keywords":["Brasil","Brasileiros","Governo Federal","Michel Temer","Reajustes","Reajustes Salariais","Servidor Federal","Servidor P\u00fablico Federal","Servidores","Servidores Federais","STF","Uni\u00e3o"],"articleSection":["Geral"],"inLanguage":"pt-BR","potentialAction":[{"@type":"CommentAction","name":"Comment","target":["https:\/\/blogdosrsiape.com\/uniao-aval-stf-reajustes\/#respond"]}]},{"@type":"WebPage","@id":"https:\/\/blogdosrsiape.com\/uniao-aval-stf-reajustes\/","url":"https:\/\/blogdosrsiape.com\/uniao-aval-stf-reajustes\/","name":"Uni\u00e3o tenta aval do STF para adiar reajustes - Blog do sr. SIAPE","isPartOf":{"@id":"https:\/\/blogdosrsiape.com\/#website"},"primaryImageOfPage":{"@id":"https:\/\/blogdosrsiape.com\/uniao-aval-stf-reajustes\/#primaryimage"},"image":{"@id":"https:\/\/blogdosrsiape.com\/uniao-aval-stf-reajustes\/#primaryimage"},"thumbnailUrl":"https:\/\/11ponto11servidor.com.br\/blogsrsiape\/wp-content\/uploads\/sites\/2\/2018\/03\/capacapa-2.png","datePublished":"2018-03-20T12:42:50+00:00","dateModified":"2018-03-20T12:42:50+00:00","description":"Uni\u00e3o tenta aval do Supremo Tribunal Federal para adiar reajustes. Redu\u00e7\u00e3o de sal\u00e1rio, devolu\u00e7\u00e3o do que j\u00e1 foi pago e muito mais... Confira!","breadcrumb":{"@id":"https:\/\/blogdosrsiape.com\/uniao-aval-stf-reajustes\/#breadcrumb"},"inLanguage":"pt-BR","potentialAction":[{"@type":"ReadAction","target":["https:\/\/blogdosrsiape.com\/uniao-aval-stf-reajustes\/"]}]},{"@type":"ImageObject","inLanguage":"pt-BR","@id":"https:\/\/blogdosrsiape.com\/uniao-aval-stf-reajustes\/#primaryimage","url":"https:\/\/11ponto11servidor.com.br\/blogsrsiape\/wp-content\/uploads\/sites\/2\/2018\/03\/capacapa-2.png","contentUrl":"https:\/\/11ponto11servidor.com.br\/blogsrsiape\/wp-content\/uploads\/sites\/2\/2018\/03\/capacapa-2.png","width":848,"height":370,"caption":"Uni\u00e3o"},{"@type":"BreadcrumbList","@id":"https:\/\/blogdosrsiape.com\/uniao-aval-stf-reajustes\/#breadcrumb","itemListElement":[{"@type":"ListItem","position":1,"name":"In\u00edcio","item":"https:\/\/blogdosrsiape.com\/"},{"@type":"ListItem","position":2,"name":"Uni\u00e3o tenta aval do STF para adiar reajustes"}]},{"@type":"WebSite","@id":"https:\/\/blogdosrsiape.com\/#website","url":"https:\/\/blogdosrsiape.com\/","name":"Blog do sr. SIAPE","description":"SIAPE Servidor Federal","publisher":{"@id":"https:\/\/blogdosrsiape.com\/#organization"},"potentialAction":[{"@type":"SearchAction","target":{"@type":"EntryPoint","urlTemplate":"https:\/\/blogdosrsiape.com\/?s={search_term_string}"},"query-input":{"@type":"PropertyValueSpecification","valueRequired":true,"valueName":"search_term_string"}}],"inLanguage":"pt-BR"},{"@type":"Organization","@id":"https:\/\/blogdosrsiape.com\/#organization","name":"Blog do sr. SIAPE","url":"https:\/\/blogdosrsiape.com\/","logo":{"@type":"ImageObject","inLanguage":"pt-BR","@id":"https:\/\/blogdosrsiape.com\/#\/schema\/logo\/image\/","url":"https:\/\/11ponto11servidor.com.br\/blogsrsiape\/wp-content\/uploads\/sites\/2\/2024\/10\/logo-1.png","contentUrl":"https:\/\/11ponto11servidor.com.br\/blogsrsiape\/wp-content\/uploads\/sites\/2\/2024\/10\/logo-1.png","width":287,"height":116,"caption":"Blog do sr. SIAPE"},"image":{"@id":"https:\/\/blogdosrsiape.com\/#\/schema\/logo\/image\/"},"sameAs":["https:\/\/www.facebook.com\/blogsrsiape\/?locale=pt_BR","https:\/\/www.instagram.com\/srsiape\/"]},{"@type":"Person","@id":"https:\/\/blogdosrsiape.com\/#\/schema\/person\/641e1af8b22c69725a1d604fb8959bcf","name":"websitemix","sameAs":["https:\/\/11ponto11servidor.com.br"],"url":"https:\/\/11ponto11servidor.com.br\/blogsrsiape\/author\/websitemix\/"}]}},"_links":{"self":[{"href":"https:\/\/11ponto11servidor.com.br\/blogsrsiape\/wp-json\/wp\/v2\/posts\/6149"}],"collection":[{"href":"https:\/\/11ponto11servidor.com.br\/blogsrsiape\/wp-json\/wp\/v2\/posts"}],"about":[{"href":"https:\/\/11ponto11servidor.com.br\/blogsrsiape\/wp-json\/wp\/v2\/types\/post"}],"author":[{"embeddable":true,"href":"https:\/\/11ponto11servidor.com.br\/blogsrsiape\/wp-json\/wp\/v2\/users\/1"}],"replies":[{"embeddable":true,"href":"https:\/\/11ponto11servidor.com.br\/blogsrsiape\/wp-json\/wp\/v2\/comments?post=6149"}],"version-history":[{"count":0,"href":"https:\/\/11ponto11servidor.com.br\/blogsrsiape\/wp-json\/wp\/v2\/posts\/6149\/revisions"}],"wp:featuredmedia":[{"embeddable":true,"href":"https:\/\/11ponto11servidor.com.br\/blogsrsiape\/wp-json\/wp\/v2\/media\/6150"}],"wp:attachment":[{"href":"https:\/\/11ponto11servidor.com.br\/blogsrsiape\/wp-json\/wp\/v2\/media?parent=6149"}],"wp:term":[{"taxonomy":"category","embeddable":true,"href":"https:\/\/11ponto11servidor.com.br\/blogsrsiape\/wp-json\/wp\/v2\/categories?post=6149"},{"taxonomy":"post_tag","embeddable":true,"href":"https:\/\/11ponto11servidor.com.br\/blogsrsiape\/wp-json\/wp\/v2\/tags?post=6149"}],"curies":[{"name":"wp","href":"https:\/\/api.w.org\/{rel}","templated":true}]}}