{"id":6194,"date":"2018-03-22T19:34:41","date_gmt":"2018-03-22T16:34:41","guid":{"rendered":"https:\/\/11ponto11servidor.com.br\/blogsrsiape\/?p=6194"},"modified":"2018-03-22T19:34:41","modified_gmt":"2018-03-22T16:34:41","slug":"11-destinos-coloridos-ao-redor-do-mundo","status":"publish","type":"post","link":"https:\/\/11ponto11servidor.com.br\/blogsrsiape\/11-destinos-coloridos-ao-redor-do-mundo\/","title":{"rendered":"11 destinos coloridos ao redor do mundo"},"content":{"rendered":"<h3>Mundo colorido<\/h3>\n<p>Desde o lil\u00e1s dos campos de lavanda, ao branco dos banhos turcos, tonalidades espec\u00edficas podem influenciar nossas mem\u00f3rias de um lugar. Conhe\u00e7a mais sobre os 11 destinos mais coloridos do mundo:<\/p>\n<h3>Bu\u00f1ol, Espanha<\/h3>\n<p><img loading=\"lazy\" decoding=\"async\" class=\"alignnone wp-image-6206 size-full\" src=\"https:\/\/11ponto11servidor.com.br\/blogsrsiape\/wp-content\/uploads\/sites\/2\/2018\/03\/tomatina.png\" alt=\"mundo\" width=\"700\" height=\"380\" srcset=\"https:\/\/11ponto11servidor.com.br\/blogsrsiape\/wp-content\/uploads\/sites\/2\/2018\/03\/tomatina.png 700w, https:\/\/11ponto11servidor.com.br\/blogsrsiape\/wp-content\/uploads\/sites\/2\/2018\/03\/tomatina-300x163.png 300w\" sizes=\"(max-width: 700px) 100vw, 700px\" \/><\/p>\n<p>A maior lutinha de comidas do mundo, conhecida como La Tomatina, come\u00e7a as 11 da manh\u00e3 da \u00faltima quarta-feira de agosto em Bu\u00f1ol, na Espanha. Dezenas de milhares de pessoa e 110 toneladas de tomates mais que maduros inundam as ruas em uma hora de luta vermelha. Cada um por si.<div class=\" ubtn-ctn-left \"><a class=\"ubtn-link ult-adjust-bottom-margin ubtn-left ubtn-large \" href=\"https:\/\/www.e-agencias.com.br\/ag68060\/home\/packages\" ><button type=\"button\" id=\"ubtn-4464\"  class=\"ubtn ult-adjust-bottom-margin ult-responsive ubtn-large ubtn-no-hover-bg  ulta-wobble-horizontal  ubtn-sep-icon ubtn-sep-icon-left-push  ubtn-shd  ubtn-left  shd-bottom tooltip-69f290684849e\"  data-hover=\"\" data-border-color=\"\" data-bg=\"#e00000\" data-hover-bg=\"\" data-border-hover=\"\" data-shadow-hover=\"0 3px #ffffff;\" data-shadow-click=\"\" data-shadow=\"0 4px #ffffff;\" data-shd-shadow=\"4\"  data-ultimate-target='#ubtn-4464'  data-responsive-json-new='{\"font-size\":\"\",\"line-height\":\"\"}'  style=\"font-weight:bold;border:none;box-shadow: 0 4px #ffffff;background: #e00000;color: #ffffff;\"><span class=\"ubtn-data ubtn-icon\"><i class=\"Defaults-plane\" style=\"font-size:24px;color:#ffffff;\"><\/i><\/span><span class=\"ubtn-hover\" style=\"background-color:\"><\/span><span class=\"ubtn-data ubtn-text \" >Visite a Espanha<\/span><\/button><\/a><\/div>\n<h3>Muong Khuong, Vietn\u00e3<\/h3>\n<p><img loading=\"lazy\" decoding=\"async\" class=\"alignnone wp-image-6205 size-full\" src=\"https:\/\/11ponto11servidor.com.br\/blogsrsiape\/wp-content\/uploads\/sites\/2\/2018\/03\/vietna.png\" alt=\"Mundo\" width=\"700\" height=\"380\" srcset=\"https:\/\/11ponto11servidor.com.br\/blogsrsiape\/wp-content\/uploads\/sites\/2\/2018\/03\/vietna.png 700w, https:\/\/11ponto11servidor.com.br\/blogsrsiape\/wp-content\/uploads\/sites\/2\/2018\/03\/vietna-300x163.png 300w\" sizes=\"(max-width: 700px) 100vw, 700px\" \/><\/p>\n<p>Terra\u00e7os de arroz constru\u00eddos ao longo de s\u00e9culos criam c\u00edrculos intermin\u00e1veis. Cercam o distrito vietnamita de Muong Khuong em um verde vibrante. O arroz, uma commodity plantada no Vietn\u00e3 h\u00e1 milhares de anos, est\u00e1 mais verde no fim de setembro, logo antes da colheita de outubro.<div class=\" ubtn-ctn-left \"><a class=\"ubtn-link ult-adjust-bottom-margin ubtn-left ubtn-large \" href=\"https:\/\/www.e-agencias.com.br\/ag68060\/home\/packages\" ><button type=\"button\" id=\"ubtn-3777\"  class=\"ubtn ult-adjust-bottom-margin ult-responsive ubtn-large ubtn-no-hover-bg  ulta-wobble-horizontal  ubtn-sep-icon ubtn-sep-icon-left-push  ubtn-shd  ubtn-left  shd-bottom tooltip-69f290684857b\"  data-hover=\"\" data-border-color=\"\" data-bg=\"#e00000\" data-hover-bg=\"\" data-border-hover=\"\" data-shadow-hover=\"0 3px #ffffff;\" data-shadow-click=\"\" data-shadow=\"0 4px #ffffff;\" data-shd-shadow=\"4\"  data-ultimate-target='#ubtn-3777'  data-responsive-json-new='{\"font-size\":\"\",\"line-height\":\"\"}'  style=\"font-weight:bold;border:none;box-shadow: 0 4px #ffffff;background: #e00000;color: #ffffff;\"><span class=\"ubtn-data ubtn-icon\"><i class=\"Defaults-plane\" style=\"font-size:24px;color:#ffffff;\"><\/i><\/span><span class=\"ubtn-hover\" style=\"background-color:\"><\/span><span class=\"ubtn-data ubtn-text \" >Visite o Vietn\u00e3<\/span><\/button><\/a><\/div>\n<h3>Oia, Gr\u00e9cia<\/h3>\n<p><img loading=\"lazy\" decoding=\"async\" class=\"alignnone wp-image-6204 size-full\" src=\"https:\/\/11ponto11servidor.com.br\/blogsrsiape\/wp-content\/uploads\/sites\/2\/2018\/03\/grecia-2.png\" alt=\"Mundo\" width=\"700\" height=\"380\" srcset=\"https:\/\/11ponto11servidor.com.br\/blogsrsiape\/wp-content\/uploads\/sites\/2\/2018\/03\/grecia-2.png 700w, https:\/\/11ponto11servidor.com.br\/blogsrsiape\/wp-content\/uploads\/sites\/2\/2018\/03\/grecia-2-300x163.png 300w\" sizes=\"(max-width: 700px) 100vw, 700px\" \/><\/p>\n<p>O sol se p\u00f5e atr\u00e1s de Oia, na ilha de Santorini, e de um enclave de casas brancas se apertando na face do morro. Originalmente constru\u00eddas para amenizar o calor, as casas brancas se tornaram um s\u00edmbolo refrescante da ilha ilha grega.<div class=\" ubtn-ctn-left \"><a class=\"ubtn-link ult-adjust-bottom-margin ubtn-left ubtn-large \" href=\"https:\/\/www.e-agencias.com.br\/ag68060\/home\/packages\" ><button type=\"button\" id=\"ubtn-8564\"  class=\"ubtn ult-adjust-bottom-margin ult-responsive ubtn-large ubtn-no-hover-bg  ulta-wobble-horizontal  ubtn-sep-icon ubtn-sep-icon-left-push  ubtn-shd  ubtn-left  shd-bottom tooltip-69f29068485fd\"  data-hover=\"\" data-border-color=\"\" data-bg=\"#e00000\" data-hover-bg=\"\" data-border-hover=\"\" data-shadow-hover=\"0 3px #ffffff;\" data-shadow-click=\"\" data-shadow=\"0 4px #ffffff;\" data-shd-shadow=\"4\"  data-ultimate-target='#ubtn-8564'  data-responsive-json-new='{\"font-size\":\"\",\"line-height\":\"\"}'  style=\"font-weight:bold;border:none;box-shadow: 0 4px #ffffff;background: #e00000;color: #ffffff;\"><span class=\"ubtn-data ubtn-icon\"><i class=\"Defaults-plane\" style=\"font-size:24px;color:#ffffff;\"><\/i><\/span><span class=\"ubtn-hover\" style=\"background-color:\"><\/span><span class=\"ubtn-data ubtn-text \" >Visite a Gr\u00e9cia<\/span><\/button><\/a><\/div>\n<h3>Howrah, \u00cdndia<\/h3>\n<p><img loading=\"lazy\" decoding=\"async\" class=\"alignnone wp-image-6208 size-full\" src=\"https:\/\/11ponto11servidor.com.br\/blogsrsiape\/wp-content\/uploads\/sites\/2\/2018\/03\/sdkln.png\" alt=\"\" width=\"700\" height=\"380\" srcset=\"https:\/\/11ponto11servidor.com.br\/blogsrsiape\/wp-content\/uploads\/sites\/2\/2018\/03\/sdkln.png 700w, https:\/\/11ponto11servidor.com.br\/blogsrsiape\/wp-content\/uploads\/sites\/2\/2018\/03\/sdkln-300x163.png 300w\" sizes=\"(max-width: 700px) 100vw, 700px\" \/><\/p>\n<p>Vendedores de colares de flores tagetes exp\u00f5e seus produtos amarelos na sombra da ponte Howrah em Calcut\u00e1, \u00cdndia. Os colares s\u00e3o usados como oferendas para deuses hindus em casamentos. A ponte \u00e9 tomada pela primavera em um desfile colorido que come\u00e7a as 3 da madrugada quando 2 mil vendedores carregam as fitas amarelas-alaranjadas brilhantes pelo mercado.<div class=\" ubtn-ctn-left \"><a class=\"ubtn-link ult-adjust-bottom-margin ubtn-left ubtn-large \" href=\"https:\/\/www.e-agencias.com.br\/ag68060\/home\/packages\" ><button type=\"button\" id=\"ubtn-7975\"  class=\"ubtn ult-adjust-bottom-margin ult-responsive ubtn-large ubtn-no-hover-bg  ulta-wobble-horizontal  ubtn-sep-icon ubtn-sep-icon-left-push  ubtn-shd  ubtn-left  shd-bottom tooltip-69f2906848687\"  data-hover=\"\" data-border-color=\"\" data-bg=\"#e00000\" data-hover-bg=\"\" data-border-hover=\"\" data-shadow-hover=\"0 3px #ffffff;\" data-shadow-click=\"\" data-shadow=\"0 4px #ffffff;\" data-shd-shadow=\"4\"  data-ultimate-target='#ubtn-7975'  data-responsive-json-new='{\"font-size\":\"\",\"line-height\":\"\"}'  style=\"font-weight:bold;border:none;box-shadow: 0 4px #ffffff;background: #e00000;color: #ffffff;\"><span class=\"ubtn-data ubtn-icon\"><i class=\"Defaults-plane\" style=\"font-size:24px;color:#ffffff;\"><\/i><\/span><span class=\"ubtn-hover\" style=\"background-color:\"><\/span><span class=\"ubtn-data ubtn-text \" >Visite a \u00cdndia<\/span><\/button><\/a><\/div>\n<h3>Brei\u00f0amerkurj\u00f6kull, Isl\u00e2ndia<\/h3>\n<p><img loading=\"lazy\" decoding=\"async\" class=\"alignnone wp-image-6202 size-full\" src=\"https:\/\/11ponto11servidor.com.br\/blogsrsiape\/wp-content\/uploads\/sites\/2\/2018\/03\/sjiovkl.png\" alt=\"Mundo\" width=\"700\" height=\"380\" srcset=\"https:\/\/11ponto11servidor.com.br\/blogsrsiape\/wp-content\/uploads\/sites\/2\/2018\/03\/sjiovkl.png 700w, https:\/\/11ponto11servidor.com.br\/blogsrsiape\/wp-content\/uploads\/sites\/2\/2018\/03\/sjiovkl-300x163.png 300w\" sizes=\"(max-width: 700px) 100vw, 700px\" \/><\/p>\n<p>Gelo pressurizado, escondidos dos raios solares, emitem um azul profundo na caverna Brei\u00f0amerkurj\u00f6kull. A caverna \u00e9 parte da geleira Vatnaj\u00f6kull na Isl\u00e2ndia. \u00c9 uma das maiores da Europa e come\u00e7ou a ser formada h\u00e1 2,5 mil anos sobre v\u00e1rios vulc\u00f5es.<div class=\" ubtn-ctn-left \"><a class=\"ubtn-link ult-adjust-bottom-margin ubtn-left ubtn-large \" href=\"https:\/\/www.e-agencias.com.br\/ag68060\/home\/packages\" ><button type=\"button\" id=\"ubtn-9075\"  class=\"ubtn ult-adjust-bottom-margin ult-responsive ubtn-large ubtn-no-hover-bg  ulta-wobble-horizontal  ubtn-sep-icon ubtn-sep-icon-left-push  ubtn-shd  ubtn-left  shd-bottom tooltip-69f29068486ff\"  data-hover=\"\" data-border-color=\"\" data-bg=\"#e00000\" data-hover-bg=\"\" data-border-hover=\"\" data-shadow-hover=\"0 3px #ffffff;\" data-shadow-click=\"\" data-shadow=\"0 4px #ffffff;\" data-shd-shadow=\"4\"  data-ultimate-target='#ubtn-9075'  data-responsive-json-new='{\"font-size\":\"\",\"line-height\":\"\"}'  style=\"font-weight:bold;border:none;box-shadow: 0 4px #ffffff;background: #e00000;color: #ffffff;\"><span class=\"ubtn-data ubtn-icon\"><i class=\"Defaults-plane\" style=\"font-size:24px;color:#ffffff;\"><\/i><\/span><span class=\"ubtn-hover\" style=\"background-color:\"><\/span><span class=\"ubtn-data ubtn-text \" >Visite a Isl\u00e2ndia<\/span><\/button><\/a><\/div>\n<h3>Proven\u00e7a, Fran\u00e7a<\/h3>\n<p><img loading=\"lazy\" decoding=\"async\" class=\"alignnone wp-image-6201 size-full\" src=\"https:\/\/11ponto11servidor.com.br\/blogsrsiape\/wp-content\/uploads\/sites\/2\/2018\/03\/franca.png\" alt=\"Mundo\" width=\"700\" height=\"380\" srcset=\"https:\/\/11ponto11servidor.com.br\/blogsrsiape\/wp-content\/uploads\/sites\/2\/2018\/03\/franca.png 700w, https:\/\/11ponto11servidor.com.br\/blogsrsiape\/wp-content\/uploads\/sites\/2\/2018\/03\/franca-300x163.png 300w\" sizes=\"(max-width: 700px) 100vw, 700px\" \/><\/p>\n<p>Seja de carro, de bicicleta ou a p\u00e9, milhares de pessoas visitam os campos perfumados de lavanda em Proven\u00e7a, na Fran\u00e7a, entre os meses de junho e agosto, todo ano. Aqui, os campos do planalto de Valensole, vestem suas cores roxas da mesma forma como fazem a h\u00e1 s\u00e9culos.<div class=\" ubtn-ctn-left \"><a class=\"ubtn-link ult-adjust-bottom-margin ubtn-left ubtn-large \" href=\"https:\/\/www.e-agencias.com.br\/ag68060\/home\/packages\" ><button type=\"button\" id=\"ubtn-3695\"  class=\"ubtn ult-adjust-bottom-margin ult-responsive ubtn-large ubtn-no-hover-bg  ulta-wobble-horizontal  ubtn-sep-icon ubtn-sep-icon-left-push  ubtn-shd  ubtn-left  shd-bottom tooltip-69f2906848753\"  data-hover=\"\" data-border-color=\"\" data-bg=\"#e00000\" data-hover-bg=\"\" data-border-hover=\"\" data-shadow-hover=\"0 3px #ffffff;\" data-shadow-click=\"\" data-shadow=\"0 4px #ffffff;\" data-shd-shadow=\"4\"  data-ultimate-target='#ubtn-3695'  data-responsive-json-new='{\"font-size\":\"\",\"line-height\":\"\"}'  style=\"font-weight:bold;border:none;box-shadow: 0 4px #ffffff;background: #e00000;color: #ffffff;\"><span class=\"ubtn-data ubtn-icon\"><i class=\"Defaults-plane\" style=\"font-size:24px;color:#ffffff;\"><\/i><\/span><span class=\"ubtn-hover\" style=\"background-color:\"><\/span><span class=\"ubtn-data ubtn-text \" >Visite a Fran\u00e7a<\/span><\/button><\/a><\/div>\n<h3>Parque Nacional Namib-Naukluft, Nam\u00edbia<\/h3>\n<p><img loading=\"lazy\" decoding=\"async\" class=\"alignnone wp-image-6200 size-full\" src=\"https:\/\/11ponto11servidor.com.br\/blogsrsiape\/wp-content\/uploads\/sites\/2\/2018\/03\/namibia.png\" alt=\"Mundo\" width=\"700\" height=\"380\" srcset=\"https:\/\/11ponto11servidor.com.br\/blogsrsiape\/wp-content\/uploads\/sites\/2\/2018\/03\/namibia.png 700w, https:\/\/11ponto11servidor.com.br\/blogsrsiape\/wp-content\/uploads\/sites\/2\/2018\/03\/namibia-300x163.png 300w\" sizes=\"(max-width: 700px) 100vw, 700px\" \/><\/p>\n<p>Troncos de ac\u00e1cias mortas adornam o Dead Vlei, uma lagoa seca coberta de sal que contrasta com as areias alaranjadas da parte de Sossusvlei do Parque Nacional Namib-Naukluft, na Nam\u00edbia. Com mais de 300 metros de altura, essas dunas s\u00e3o as maiores do mundo.<div class=\" ubtn-ctn-left \"><a class=\"ubtn-link ult-adjust-bottom-margin ubtn-left ubtn-large \" href=\"https:\/\/www.e-agencias.com.br\/ag68060\/home\/packages\" ><button type=\"button\" id=\"ubtn-5275\"  class=\"ubtn ult-adjust-bottom-margin ult-responsive ubtn-large ubtn-no-hover-bg  ulta-wobble-horizontal  ubtn-sep-icon ubtn-sep-icon-left-push  ubtn-shd  ubtn-left  shd-bottom tooltip-69f290684879d\"  data-hover=\"\" data-border-color=\"\" data-bg=\"#e00000\" data-hover-bg=\"\" data-border-hover=\"\" data-shadow-hover=\"0 3px #ffffff;\" data-shadow-click=\"\" data-shadow=\"0 4px #ffffff;\" data-shd-shadow=\"4\"  data-ultimate-target='#ubtn-5275'  data-responsive-json-new='{\"font-size\":\"\",\"line-height\":\"\"}'  style=\"font-weight:bold;border:none;box-shadow: 0 4px #ffffff;background: #e00000;color: #ffffff;\"><span class=\"ubtn-data ubtn-icon\"><i class=\"Defaults-plane\" style=\"font-size:24px;color:#ffffff;\"><\/i><\/span><span class=\"ubtn-hover\" style=\"background-color:\"><\/span><span class=\"ubtn-data ubtn-text \" >Visite a Nam\u00edbia<\/span><\/button><\/a><\/div>\n<h3>Monte Otemanu, Polin\u00e9sia Francesa<\/h3>\n<p><img loading=\"lazy\" decoding=\"async\" class=\"alignnone wp-image-6199 size-full\" src=\"https:\/\/11ponto11servidor.com.br\/blogsrsiape\/wp-content\/uploads\/sites\/2\/2018\/03\/taiti-1.png\" alt=\"Mundo\" width=\"700\" height=\"380\" srcset=\"https:\/\/11ponto11servidor.com.br\/blogsrsiape\/wp-content\/uploads\/sites\/2\/2018\/03\/taiti-1.png 700w, https:\/\/11ponto11servidor.com.br\/blogsrsiape\/wp-content\/uploads\/sites\/2\/2018\/03\/taiti-1-300x163.png 300w\" sizes=\"(max-width: 700px) 100vw, 700px\" \/><\/p>\n<p>Dois tons de azul se mesclam na barreira de corais que circunda Bora Bora e a sali\u00eancia verde do Monte Otemanu. O vulc\u00e3o de 730 metros de altitude, mas extinto, oferece trilhas a p\u00e9 e com ve\u00edculos tra\u00e7ados que levam a vistas magn\u00edficas da lagoa e do mar escuro ao redor.<div class=\" ubtn-ctn-left \"><a class=\"ubtn-link ult-adjust-bottom-margin ubtn-left ubtn-large \" href=\"https:\/\/www.e-agencias.com.br\/ag68060\/home\/packages\" ><button type=\"button\" id=\"ubtn-9401\"  class=\"ubtn ult-adjust-bottom-margin ult-responsive ubtn-large ubtn-no-hover-bg  ulta-wobble-horizontal  ubtn-sep-icon ubtn-sep-icon-left-push  ubtn-shd  ubtn-left  shd-bottom tooltip-69f29068487e3\"  data-hover=\"\" data-border-color=\"\" data-bg=\"#e00000\" data-hover-bg=\"\" data-border-hover=\"\" data-shadow-hover=\"0 3px #ffffff;\" data-shadow-click=\"\" data-shadow=\"0 4px #ffffff;\" data-shd-shadow=\"4\"  data-ultimate-target='#ubtn-9401'  data-responsive-json-new='{\"font-size\":\"\",\"line-height\":\"\"}'  style=\"font-weight:bold;border:none;box-shadow: 0 4px #ffffff;background: #e00000;color: #ffffff;\"><span class=\"ubtn-data ubtn-icon\"><i class=\"Defaults-plane\" style=\"font-size:24px;color:#ffffff;\"><\/i><\/span><span class=\"ubtn-hover\" style=\"background-color:\"><\/span><span class=\"ubtn-data ubtn-text \" >Visite o Taiti<\/span><\/button><\/a><\/div>\n<h3>Rota Bollenstreek, Holanda<\/h3>\n<p><img loading=\"lazy\" decoding=\"async\" class=\"alignnone wp-image-6198 size-full\" src=\"https:\/\/11ponto11servidor.com.br\/blogsrsiape\/wp-content\/uploads\/sites\/2\/2018\/03\/flores.png\" alt=\"Mundo\" width=\"700\" height=\"380\" srcset=\"https:\/\/11ponto11servidor.com.br\/blogsrsiape\/wp-content\/uploads\/sites\/2\/2018\/03\/flores.png 700w, https:\/\/11ponto11servidor.com.br\/blogsrsiape\/wp-content\/uploads\/sites\/2\/2018\/03\/flores-300x163.png 300w\" sizes=\"(max-width: 700px) 100vw, 700px\" \/><\/p>\n<p>Em abril e maio, as plan\u00edcies holandesas vestem um cobertor colorido \u2013 neste caso, milh\u00f5es de tulipas desabrochadas. V\u00e1 at\u00e9 a Rota Bollenstreek (tamb\u00e9m conhecida como Bloemen ou Rota das Flores) que come\u00e7a em Haarlem para saborear o colorido arco-\u00edris por 40 km at\u00e9 Leiden.<div class=\" ubtn-ctn-left \"><a class=\"ubtn-link ult-adjust-bottom-margin ubtn-left ubtn-large \" href=\"https:\/\/www.e-agencias.com.br\/ag68060\/home\/packages\" ><button type=\"button\" id=\"ubtn-3790\"  class=\"ubtn ult-adjust-bottom-margin ult-responsive ubtn-large ubtn-no-hover-bg  ulta-wobble-horizontal  ubtn-sep-icon ubtn-sep-icon-left-push  ubtn-shd  ubtn-left  shd-bottom tooltip-69f290684883d\"  data-hover=\"\" data-border-color=\"\" data-bg=\"#e00000\" data-hover-bg=\"\" data-border-hover=\"\" data-shadow-hover=\"0 3px #ffffff;\" data-shadow-click=\"\" data-shadow=\"0 4px #ffffff;\" data-shd-shadow=\"4\"  data-ultimate-target='#ubtn-3790'  data-responsive-json-new='{\"font-size\":\"\",\"line-height\":\"\"}'  style=\"font-weight:bold;border:none;box-shadow: 0 4px #ffffff;background: #e00000;color: #ffffff;\"><span class=\"ubtn-data ubtn-icon\"><i class=\"Defaults-plane\" style=\"font-size:24px;color:#ffffff;\"><\/i><\/span><span class=\"ubtn-hover\" style=\"background-color:\"><\/span><span class=\"ubtn-data ubtn-text \" >Visite a Holanda<\/span><\/button><\/a><\/div>\n<h3>Pamukkale, T\u00farquia<\/h3>\n<p><img loading=\"lazy\" decoding=\"async\" class=\"alignnone wp-image-6197 size-full\" src=\"https:\/\/11ponto11servidor.com.br\/blogsrsiape\/wp-content\/uploads\/sites\/2\/2018\/03\/tur.png\" alt=\"Mundo\" width=\"700\" height=\"380\" srcset=\"https:\/\/11ponto11servidor.com.br\/blogsrsiape\/wp-content\/uploads\/sites\/2\/2018\/03\/tur.png 700w, https:\/\/11ponto11servidor.com.br\/blogsrsiape\/wp-content\/uploads\/sites\/2\/2018\/03\/tur-300x163.png 300w\" sizes=\"(max-width: 700px) 100vw, 700px\" \/><\/p>\n<p>Em turco, Pamukkale significa castelo de algod\u00e3o. O branco reluzente dos terra\u00e7os de pedra de calc\u00e1rio abriga confort\u00e1veis fontes \u00e1guas termais justifica o nome brincalh\u00e3o e elegante. As piscinas, resultado do calc\u00e1rio que tinge as \u00e1guas provenientes das fontes termais, est\u00e3o em funcionamento h\u00e1 milhares de anos.<div class=\" ubtn-ctn-left \"><a class=\"ubtn-link ult-adjust-bottom-margin ubtn-left ubtn-large \" href=\"https:\/\/www.e-agencias.com.br\/ag68060\/home\/packages\" ><button type=\"button\" id=\"ubtn-6862\"  class=\"ubtn ult-adjust-bottom-margin ult-responsive ubtn-large ubtn-no-hover-bg  ulta-wobble-horizontal  ubtn-sep-icon ubtn-sep-icon-left-push  ubtn-shd  ubtn-left  shd-bottom tooltip-69f2906848884\"  data-hover=\"\" data-border-color=\"\" data-bg=\"#e00000\" data-hover-bg=\"\" data-border-hover=\"\" data-shadow-hover=\"0 3px #ffffff;\" data-shadow-click=\"\" data-shadow=\"0 4px #ffffff;\" data-shd-shadow=\"4\"  data-ultimate-target='#ubtn-6862'  data-responsive-json-new='{\"font-size\":\"\",\"line-height\":\"\"}'  style=\"font-weight:bold;border:none;box-shadow: 0 4px #ffffff;background: #e00000;color: #ffffff;\"><span class=\"ubtn-data ubtn-icon\"><i class=\"Defaults-plane\" style=\"font-size:24px;color:#ffffff;\"><\/i><\/span><span class=\"ubtn-hover\" style=\"background-color:\"><\/span><span class=\"ubtn-data ubtn-text \" >Visite a T\u00farquia<\/span><\/button><\/a><\/div>\n<h3>C\u00fapula da Rocha,\u00a0Jerusal\u00e9m<\/h3>\n<p><img loading=\"lazy\" decoding=\"async\" class=\"alignnone wp-image-6196 size-full\" src=\"https:\/\/11ponto11servidor.com.br\/blogsrsiape\/wp-content\/uploads\/sites\/2\/2018\/03\/sdiohjfe.png\" alt=\"Mundo\" width=\"700\" height=\"380\" srcset=\"https:\/\/11ponto11servidor.com.br\/blogsrsiape\/wp-content\/uploads\/sites\/2\/2018\/03\/sdiohjfe.png 700w, https:\/\/11ponto11servidor.com.br\/blogsrsiape\/wp-content\/uploads\/sites\/2\/2018\/03\/sdiohjfe-300x163.png 300w\" sizes=\"(max-width: 700px) 100vw, 700px\" \/><\/p>\n<p>A dourada C\u00fapula da Rocha iniciou sua ascens\u00e3o em Jerusal\u00e9m no s\u00e9culo 7. No mesmo lugar onde, supostamente, Maom\u00e9 subiu aos c\u00e9us e Abra\u00e3o ofereceu como sacrif\u00edcio o filho Isaac. O templo ganhou uma camada de ouro no s\u00e9culo 16 e o domo, com cerca de 20 metros de di\u00e2metro, continua a realizar gra\u00e7as a uma restaura\u00e7\u00e3o no \u00faltimo s\u00e9culo.<div class=\" ubtn-ctn-left \"><a class=\"ubtn-link ult-adjust-bottom-margin ubtn-left ubtn-large \" href=\"https:\/\/www.e-agencias.com.br\/ag68060\/home\/packages\" ><button type=\"button\" id=\"ubtn-6310\"  class=\"ubtn ult-adjust-bottom-margin ult-responsive ubtn-large ubtn-no-hover-bg  ulta-wobble-horizontal  ubtn-sep-icon ubtn-sep-icon-left-push  ubtn-shd  ubtn-left  shd-bottom tooltip-69f29068488c8\"  data-hover=\"\" data-border-color=\"\" data-bg=\"#e00000\" data-hover-bg=\"\" data-border-hover=\"\" data-shadow-hover=\"0 3px #ffffff;\" data-shadow-click=\"\" data-shadow=\"0 4px #ffffff;\" data-shd-shadow=\"4\"  data-ultimate-target='#ubtn-6310'  data-responsive-json-new='{\"font-size\":\"\",\"line-height\":\"\"}'  style=\"font-weight:bold;border:none;box-shadow: 0 4px #ffffff;background: #e00000;color: #ffffff;\"><span class=\"ubtn-data ubtn-icon\"><i class=\"Defaults-plane\" style=\"font-size:24px;color:#ffffff;\"><\/i><\/span><span class=\"ubtn-hover\" style=\"background-color:\"><\/span><span class=\"ubtn-data ubtn-text \" >Visite Jerusal\u00e9m<\/span><\/button><\/a><\/div>\n<p>Formid\u00e1veis, n\u00e3o \u00e9 mesmo? Visite-os! Divirta-se com as cores desses lugares encantadores!<\/p>\n<p>Agradecemos a todos que acessam nosso <a href=\"https:\/\/11ponto11servidor.com.br\/blogsrsiape\/category\/turismo-viagens\/\">Blog<\/a> e desejamos um excelente dia!<\/p>\n<p>&nbsp;<\/p>\n<p><em>Fonte: <strong>National Geographic Brasil<\/strong><\/em><\/p>\n","protected":false},"excerpt":{"rendered":"<p>Conhe\u00e7a os 11 destinos mais coloridos do mundo e viaje por paisagens fabulosas, conhe\u00e7a as curiosidades destes para\u00edsos e muito mais!<\/p>\n","protected":false},"author":1,"featured_media":6207,"comment_status":"open","ping_status":"open","sticky":false,"template":"","format":"standard","meta":{"footnotes":""},"categories":[80],"tags":[2834,2833,2835,2836,1575,2609,2583,2597,2375,2470,2601],"class_list":["post-6194","post","type-post","status-publish","format-standard","has-post-thumbnail","hentry","category-turismo-viagens","tag-colorful","tag-coloridos","tag-colors","tag-cores","tag-mundo","tag-sua-viagem-no-click","tag-travel","tag-traveler","tag-turismo","tag-viagem","tag-world"],"yoast_head":"<!-- This site is optimized with the Yoast SEO plugin v23.6 - https:\/\/yoast.com\/wordpress\/plugins\/seo\/ -->\n<title>11 destinos coloridos ao redor do mundo - Blog do sr. SIAPE<\/title>\n<meta name=\"description\" content=\"Conhe\u00e7a os 11 destinos mais coloridos do mundo e viaje por paisagens fabulosas, conhe\u00e7a as curiosidades destes para\u00edsos e muito mais!\" \/>\n<meta name=\"robots\" content=\"index, follow, max-snippet:-1, max-image-preview:large, max-video-preview:-1\" \/>\n<link rel=\"canonical\" href=\"https:\/\/11ponto11servidor.com.br\/blogsrsiape\/11-destinos-coloridos-ao-redor-do-mundo\/\" \/>\n<meta property=\"og:locale\" content=\"pt_BR\" \/>\n<meta property=\"og:type\" content=\"article\" \/>\n<meta property=\"og:title\" content=\"11 destinos coloridos ao redor do mundo - Blog do sr. SIAPE\" \/>\n<meta property=\"og:description\" content=\"Conhe\u00e7a os 11 destinos mais coloridos do mundo e viaje por paisagens fabulosas, conhe\u00e7a as curiosidades destes para\u00edsos e muito mais!\" \/>\n<meta property=\"og:url\" content=\"https:\/\/11ponto11servidor.com.br\/blogsrsiape\/11-destinos-coloridos-ao-redor-do-mundo\/\" \/>\n<meta property=\"og:site_name\" content=\"Blog do Sr. SIAPE\" \/>\n<meta property=\"article:publisher\" content=\"https:\/\/www.facebook.com\/blogsrsiape\/?locale=pt_BR\" \/>\n<meta property=\"article:published_time\" content=\"2018-03-22T16:34:41+00:00\" \/>\n<meta property=\"og:image\" content=\"https:\/\/11ponto11servidor.com.br\/blogsrsiape\/wp-content\/uploads\/sites\/2\/2018\/03\/colors.png\" \/>\n\t<meta property=\"og:image:width\" content=\"840\" \/>\n\t<meta property=\"og:image:height\" content=\"380\" \/>\n\t<meta property=\"og:image:type\" content=\"image\/png\" \/>\n<meta name=\"author\" content=\"websitemix\" \/>\n<meta name=\"twitter:card\" content=\"summary_large_image\" \/>\n<meta name=\"twitter:label1\" content=\"Escrito por\" \/>\n\t<meta name=\"twitter:data1\" content=\"websitemix\" \/>\n\t<meta name=\"twitter:label2\" content=\"Est. tempo de leitura\" \/>\n\t<meta name=\"twitter:data2\" content=\"7 minutos\" \/>\n<script type=\"application\/ld+json\" class=\"yoast-schema-graph\">{\"@context\":\"https:\/\/schema.org\",\"@graph\":[{\"@type\":\"Article\",\"@id\":\"https:\/\/11ponto11servidor.com.br\/blogsrsiape\/11-destinos-coloridos-ao-redor-do-mundo\/#article\",\"isPartOf\":{\"@id\":\"https:\/\/11ponto11servidor.com.br\/blogsrsiape\/11-destinos-coloridos-ao-redor-do-mundo\/\"},\"author\":{\"name\":\"websitemix\",\"@id\":\"https:\/\/blogdosrsiape.com\/#\/schema\/person\/641e1af8b22c69725a1d604fb8959bcf\"},\"headline\":\"11 destinos coloridos ao redor do mundo\",\"datePublished\":\"2018-03-22T16:34:41+00:00\",\"dateModified\":\"2018-03-22T16:34:41+00:00\",\"mainEntityOfPage\":{\"@id\":\"https:\/\/11ponto11servidor.com.br\/blogsrsiape\/11-destinos-coloridos-ao-redor-do-mundo\/\"},\"wordCount\":1406,\"commentCount\":0,\"publisher\":{\"@id\":\"https:\/\/blogdosrsiape.com\/#organization\"},\"image\":{\"@id\":\"https:\/\/11ponto11servidor.com.br\/blogsrsiape\/11-destinos-coloridos-ao-redor-do-mundo\/#primaryimage\"},\"thumbnailUrl\":\"https:\/\/11ponto11servidor.com.br\/blogsrsiape\/wp-content\/uploads\/sites\/2\/2018\/03\/colors.png\",\"keywords\":[\"Colorful\",\"Coloridos\",\"Colors\",\"Cores\",\"MUNDO\",\"Sua viagem no click\",\"Travel\",\"Traveler\",\"Turismo\",\"Viagem\",\"world\"],\"articleSection\":[\"Turismo \/ Viagens\"],\"inLanguage\":\"pt-BR\",\"potentialAction\":[{\"@type\":\"CommentAction\",\"name\":\"Comment\",\"target\":[\"https:\/\/11ponto11servidor.com.br\/blogsrsiape\/11-destinos-coloridos-ao-redor-do-mundo\/#respond\"]}]},{\"@type\":\"WebPage\",\"@id\":\"https:\/\/11ponto11servidor.com.br\/blogsrsiape\/11-destinos-coloridos-ao-redor-do-mundo\/\",\"url\":\"https:\/\/11ponto11servidor.com.br\/blogsrsiape\/11-destinos-coloridos-ao-redor-do-mundo\/\",\"name\":\"11 destinos coloridos ao redor do mundo - Blog do sr. SIAPE\",\"isPartOf\":{\"@id\":\"https:\/\/blogdosrsiape.com\/#website\"},\"primaryImageOfPage\":{\"@id\":\"https:\/\/11ponto11servidor.com.br\/blogsrsiape\/11-destinos-coloridos-ao-redor-do-mundo\/#primaryimage\"},\"image\":{\"@id\":\"https:\/\/11ponto11servidor.com.br\/blogsrsiape\/11-destinos-coloridos-ao-redor-do-mundo\/#primaryimage\"},\"thumbnailUrl\":\"https:\/\/11ponto11servidor.com.br\/blogsrsiape\/wp-content\/uploads\/sites\/2\/2018\/03\/colors.png\",\"datePublished\":\"2018-03-22T16:34:41+00:00\",\"dateModified\":\"2018-03-22T16:34:41+00:00\",\"description\":\"Conhe\u00e7a os 11 destinos mais coloridos do mundo e viaje por paisagens fabulosas, conhe\u00e7a as curiosidades destes para\u00edsos e muito mais!\",\"breadcrumb\":{\"@id\":\"https:\/\/11ponto11servidor.com.br\/blogsrsiape\/11-destinos-coloridos-ao-redor-do-mundo\/#breadcrumb\"},\"inLanguage\":\"pt-BR\",\"potentialAction\":[{\"@type\":\"ReadAction\",\"target\":[\"https:\/\/11ponto11servidor.com.br\/blogsrsiape\/11-destinos-coloridos-ao-redor-do-mundo\/\"]}]},{\"@type\":\"ImageObject\",\"inLanguage\":\"pt-BR\",\"@id\":\"https:\/\/11ponto11servidor.com.br\/blogsrsiape\/11-destinos-coloridos-ao-redor-do-mundo\/#primaryimage\",\"url\":\"https:\/\/11ponto11servidor.com.br\/blogsrsiape\/wp-content\/uploads\/sites\/2\/2018\/03\/colors.png\",\"contentUrl\":\"https:\/\/11ponto11servidor.com.br\/blogsrsiape\/wp-content\/uploads\/sites\/2\/2018\/03\/colors.png\",\"width\":840,\"height\":380},{\"@type\":\"BreadcrumbList\",\"@id\":\"https:\/\/11ponto11servidor.com.br\/blogsrsiape\/11-destinos-coloridos-ao-redor-do-mundo\/#breadcrumb\",\"itemListElement\":[{\"@type\":\"ListItem\",\"position\":1,\"name\":\"In\u00edcio\",\"item\":\"https:\/\/blogdosrsiape.com\/\"},{\"@type\":\"ListItem\",\"position\":2,\"name\":\"11 destinos coloridos ao redor do mundo\"}]},{\"@type\":\"WebSite\",\"@id\":\"https:\/\/blogdosrsiape.com\/#website\",\"url\":\"https:\/\/blogdosrsiape.com\/\",\"name\":\"Blog do sr. SIAPE\",\"description\":\"SIAPE Servidor Federal\",\"publisher\":{\"@id\":\"https:\/\/blogdosrsiape.com\/#organization\"},\"potentialAction\":[{\"@type\":\"SearchAction\",\"target\":{\"@type\":\"EntryPoint\",\"urlTemplate\":\"https:\/\/blogdosrsiape.com\/?s={search_term_string}\"},\"query-input\":{\"@type\":\"PropertyValueSpecification\",\"valueRequired\":true,\"valueName\":\"search_term_string\"}}],\"inLanguage\":\"pt-BR\"},{\"@type\":\"Organization\",\"@id\":\"https:\/\/blogdosrsiape.com\/#organization\",\"name\":\"Blog do sr. SIAPE\",\"url\":\"https:\/\/blogdosrsiape.com\/\",\"logo\":{\"@type\":\"ImageObject\",\"inLanguage\":\"pt-BR\",\"@id\":\"https:\/\/blogdosrsiape.com\/#\/schema\/logo\/image\/\",\"url\":\"https:\/\/11ponto11servidor.com.br\/blogsrsiape\/wp-content\/uploads\/sites\/2\/2024\/10\/logo-1.png\",\"contentUrl\":\"https:\/\/11ponto11servidor.com.br\/blogsrsiape\/wp-content\/uploads\/sites\/2\/2024\/10\/logo-1.png\",\"width\":287,\"height\":116,\"caption\":\"Blog do sr. SIAPE\"},\"image\":{\"@id\":\"https:\/\/blogdosrsiape.com\/#\/schema\/logo\/image\/\"},\"sameAs\":[\"https:\/\/www.facebook.com\/blogsrsiape\/?locale=pt_BR\",\"https:\/\/www.instagram.com\/srsiape\/\"]},{\"@type\":\"Person\",\"@id\":\"https:\/\/blogdosrsiape.com\/#\/schema\/person\/641e1af8b22c69725a1d604fb8959bcf\",\"name\":\"websitemix\",\"sameAs\":[\"https:\/\/11ponto11servidor.com.br\"],\"url\":\"https:\/\/11ponto11servidor.com.br\/blogsrsiape\/author\/websitemix\/\"}]}<\/script>\n<!-- \/ Yoast SEO plugin. -->","yoast_head_json":{"title":"11 destinos coloridos ao redor do mundo - Blog do sr. SIAPE","description":"Conhe\u00e7a os 11 destinos mais coloridos do mundo e viaje por paisagens fabulosas, conhe\u00e7a as curiosidades destes para\u00edsos e muito mais!","robots":{"index":"index","follow":"follow","max-snippet":"max-snippet:-1","max-image-preview":"max-image-preview:large","max-video-preview":"max-video-preview:-1"},"canonical":"https:\/\/11ponto11servidor.com.br\/blogsrsiape\/11-destinos-coloridos-ao-redor-do-mundo\/","og_locale":"pt_BR","og_type":"article","og_title":"11 destinos coloridos ao redor do mundo - Blog do sr. SIAPE","og_description":"Conhe\u00e7a os 11 destinos mais coloridos do mundo e viaje por paisagens fabulosas, conhe\u00e7a as curiosidades destes para\u00edsos e muito mais!","og_url":"https:\/\/11ponto11servidor.com.br\/blogsrsiape\/11-destinos-coloridos-ao-redor-do-mundo\/","og_site_name":"Blog do Sr. SIAPE","article_publisher":"https:\/\/www.facebook.com\/blogsrsiape\/?locale=pt_BR","article_published_time":"2018-03-22T16:34:41+00:00","og_image":[{"width":840,"height":380,"url":"https:\/\/11ponto11servidor.com.br\/blogsrsiape\/wp-content\/uploads\/sites\/2\/2018\/03\/colors.png","type":"image\/png"}],"author":"websitemix","twitter_card":"summary_large_image","twitter_misc":{"Escrito por":"websitemix","Est. tempo de leitura":"7 minutos"},"schema":{"@context":"https:\/\/schema.org","@graph":[{"@type":"Article","@id":"https:\/\/11ponto11servidor.com.br\/blogsrsiape\/11-destinos-coloridos-ao-redor-do-mundo\/#article","isPartOf":{"@id":"https:\/\/11ponto11servidor.com.br\/blogsrsiape\/11-destinos-coloridos-ao-redor-do-mundo\/"},"author":{"name":"websitemix","@id":"https:\/\/blogdosrsiape.com\/#\/schema\/person\/641e1af8b22c69725a1d604fb8959bcf"},"headline":"11 destinos coloridos ao redor do mundo","datePublished":"2018-03-22T16:34:41+00:00","dateModified":"2018-03-22T16:34:41+00:00","mainEntityOfPage":{"@id":"https:\/\/11ponto11servidor.com.br\/blogsrsiape\/11-destinos-coloridos-ao-redor-do-mundo\/"},"wordCount":1406,"commentCount":0,"publisher":{"@id":"https:\/\/blogdosrsiape.com\/#organization"},"image":{"@id":"https:\/\/11ponto11servidor.com.br\/blogsrsiape\/11-destinos-coloridos-ao-redor-do-mundo\/#primaryimage"},"thumbnailUrl":"https:\/\/11ponto11servidor.com.br\/blogsrsiape\/wp-content\/uploads\/sites\/2\/2018\/03\/colors.png","keywords":["Colorful","Coloridos","Colors","Cores","MUNDO","Sua viagem no click","Travel","Traveler","Turismo","Viagem","world"],"articleSection":["Turismo \/ Viagens"],"inLanguage":"pt-BR","potentialAction":[{"@type":"CommentAction","name":"Comment","target":["https:\/\/11ponto11servidor.com.br\/blogsrsiape\/11-destinos-coloridos-ao-redor-do-mundo\/#respond"]}]},{"@type":"WebPage","@id":"https:\/\/11ponto11servidor.com.br\/blogsrsiape\/11-destinos-coloridos-ao-redor-do-mundo\/","url":"https:\/\/11ponto11servidor.com.br\/blogsrsiape\/11-destinos-coloridos-ao-redor-do-mundo\/","name":"11 destinos coloridos ao redor do mundo - Blog do sr. SIAPE","isPartOf":{"@id":"https:\/\/blogdosrsiape.com\/#website"},"primaryImageOfPage":{"@id":"https:\/\/11ponto11servidor.com.br\/blogsrsiape\/11-destinos-coloridos-ao-redor-do-mundo\/#primaryimage"},"image":{"@id":"https:\/\/11ponto11servidor.com.br\/blogsrsiape\/11-destinos-coloridos-ao-redor-do-mundo\/#primaryimage"},"thumbnailUrl":"https:\/\/11ponto11servidor.com.br\/blogsrsiape\/wp-content\/uploads\/sites\/2\/2018\/03\/colors.png","datePublished":"2018-03-22T16:34:41+00:00","dateModified":"2018-03-22T16:34:41+00:00","description":"Conhe\u00e7a os 11 destinos mais coloridos do mundo e viaje por paisagens fabulosas, conhe\u00e7a as curiosidades destes para\u00edsos e muito mais!","breadcrumb":{"@id":"https:\/\/11ponto11servidor.com.br\/blogsrsiape\/11-destinos-coloridos-ao-redor-do-mundo\/#breadcrumb"},"inLanguage":"pt-BR","potentialAction":[{"@type":"ReadAction","target":["https:\/\/11ponto11servidor.com.br\/blogsrsiape\/11-destinos-coloridos-ao-redor-do-mundo\/"]}]},{"@type":"ImageObject","inLanguage":"pt-BR","@id":"https:\/\/11ponto11servidor.com.br\/blogsrsiape\/11-destinos-coloridos-ao-redor-do-mundo\/#primaryimage","url":"https:\/\/11ponto11servidor.com.br\/blogsrsiape\/wp-content\/uploads\/sites\/2\/2018\/03\/colors.png","contentUrl":"https:\/\/11ponto11servidor.com.br\/blogsrsiape\/wp-content\/uploads\/sites\/2\/2018\/03\/colors.png","width":840,"height":380},{"@type":"BreadcrumbList","@id":"https:\/\/11ponto11servidor.com.br\/blogsrsiape\/11-destinos-coloridos-ao-redor-do-mundo\/#breadcrumb","itemListElement":[{"@type":"ListItem","position":1,"name":"In\u00edcio","item":"https:\/\/blogdosrsiape.com\/"},{"@type":"ListItem","position":2,"name":"11 destinos coloridos ao redor do mundo"}]},{"@type":"WebSite","@id":"https:\/\/blogdosrsiape.com\/#website","url":"https:\/\/blogdosrsiape.com\/","name":"Blog do sr. SIAPE","description":"SIAPE Servidor Federal","publisher":{"@id":"https:\/\/blogdosrsiape.com\/#organization"},"potentialAction":[{"@type":"SearchAction","target":{"@type":"EntryPoint","urlTemplate":"https:\/\/blogdosrsiape.com\/?s={search_term_string}"},"query-input":{"@type":"PropertyValueSpecification","valueRequired":true,"valueName":"search_term_string"}}],"inLanguage":"pt-BR"},{"@type":"Organization","@id":"https:\/\/blogdosrsiape.com\/#organization","name":"Blog do sr. SIAPE","url":"https:\/\/blogdosrsiape.com\/","logo":{"@type":"ImageObject","inLanguage":"pt-BR","@id":"https:\/\/blogdosrsiape.com\/#\/schema\/logo\/image\/","url":"https:\/\/11ponto11servidor.com.br\/blogsrsiape\/wp-content\/uploads\/sites\/2\/2024\/10\/logo-1.png","contentUrl":"https:\/\/11ponto11servidor.com.br\/blogsrsiape\/wp-content\/uploads\/sites\/2\/2024\/10\/logo-1.png","width":287,"height":116,"caption":"Blog do sr. SIAPE"},"image":{"@id":"https:\/\/blogdosrsiape.com\/#\/schema\/logo\/image\/"},"sameAs":["https:\/\/www.facebook.com\/blogsrsiape\/?locale=pt_BR","https:\/\/www.instagram.com\/srsiape\/"]},{"@type":"Person","@id":"https:\/\/blogdosrsiape.com\/#\/schema\/person\/641e1af8b22c69725a1d604fb8959bcf","name":"websitemix","sameAs":["https:\/\/11ponto11servidor.com.br"],"url":"https:\/\/11ponto11servidor.com.br\/blogsrsiape\/author\/websitemix\/"}]}},"_links":{"self":[{"href":"https:\/\/11ponto11servidor.com.br\/blogsrsiape\/wp-json\/wp\/v2\/posts\/6194"}],"collection":[{"href":"https:\/\/11ponto11servidor.com.br\/blogsrsiape\/wp-json\/wp\/v2\/posts"}],"about":[{"href":"https:\/\/11ponto11servidor.com.br\/blogsrsiape\/wp-json\/wp\/v2\/types\/post"}],"author":[{"embeddable":true,"href":"https:\/\/11ponto11servidor.com.br\/blogsrsiape\/wp-json\/wp\/v2\/users\/1"}],"replies":[{"embeddable":true,"href":"https:\/\/11ponto11servidor.com.br\/blogsrsiape\/wp-json\/wp\/v2\/comments?post=6194"}],"version-history":[{"count":0,"href":"https:\/\/11ponto11servidor.com.br\/blogsrsiape\/wp-json\/wp\/v2\/posts\/6194\/revisions"}],"wp:featuredmedia":[{"embeddable":true,"href":"https:\/\/11ponto11servidor.com.br\/blogsrsiape\/wp-json\/wp\/v2\/media\/6207"}],"wp:attachment":[{"href":"https:\/\/11ponto11servidor.com.br\/blogsrsiape\/wp-json\/wp\/v2\/media?parent=6194"}],"wp:term":[{"taxonomy":"category","embeddable":true,"href":"https:\/\/11ponto11servidor.com.br\/blogsrsiape\/wp-json\/wp\/v2\/categories?post=6194"},{"taxonomy":"post_tag","embeddable":true,"href":"https:\/\/11ponto11servidor.com.br\/blogsrsiape\/wp-json\/wp\/v2\/tags?post=6194"}],"curies":[{"name":"wp","href":"https:\/\/api.w.org\/{rel}","templated":true}]}}