{"id":6230,"date":"2018-03-26T19:16:04","date_gmt":"2018-03-26T16:16:04","guid":{"rendered":"https:\/\/11ponto11servidor.com.br\/blogsrsiape\/?p=6230"},"modified":"2018-03-26T19:16:04","modified_gmt":"2018-03-26T16:16:04","slug":"viagem-fenomenos-naturais-mundo","status":"publish","type":"post","link":"https:\/\/11ponto11servidor.com.br\/blogsrsiape\/viagem-fenomenos-naturais-mundo\/","title":{"rendered":"Os fen\u00f4menos naturais mais coloridos do mundo"},"content":{"rendered":"<p>Esses fen\u00f4menos naturais brilhantes e chamativos s\u00e3o impressionantes. Lembre-se apenas de chegar na hora certo. Viagens coloridas podem lev\u00e1-lo a murais de rua ou cidades lindas. Quando se trata de espet\u00e1culos verdadeiramente \u00fanicos e vibrantes, a natureza produz os momentos mais inspiradores do mundo.<\/p>\n<p>Quer seja gra\u00e7as \u00e0 bioluminesc\u00eancia, aos padr\u00f5es de migra\u00e7\u00e3o anuais, ou apenas a fortes chuvas, esses fen\u00f4menos podem ser frequentemente dif\u00edceis de prever. Acertar a data de sua viagem para vislumbr\u00e1-los pode ser dif\u00edcil.<\/p>\n<h3>MIGRA\u00c7\u00c3O DAS BORBOLETAS MONARCAS, M\u00c9XICO<\/h3>\n<p><img loading=\"lazy\" decoding=\"async\" class=\"alignnone wp-image-6231 size-full\" src=\"https:\/\/11ponto11servidor.com.br\/blogsrsiape\/wp-content\/uploads\/sites\/2\/2018\/03\/borboleta.png\" alt=\"Fen\u00f4menos\" width=\"700\" height=\"380\" srcset=\"https:\/\/11ponto11servidor.com.br\/blogsrsiape\/wp-content\/uploads\/sites\/2\/2018\/03\/borboleta.png 700w, https:\/\/11ponto11servidor.com.br\/blogsrsiape\/wp-content\/uploads\/sites\/2\/2018\/03\/borboleta-300x163.png 300w\" sizes=\"(max-width: 700px) 100vw, 700px\" \/><\/p>\n<p>Milh\u00f5es de borboletas monarcas fazem a migra\u00e7\u00e3o anual para o sul de Canadato, no M\u00e9xico, durante o inverno, onde transformam os abetos de Michoac\u00e1n em uma exposi\u00e7\u00e3o de arte natural viva e respir\u00e1vel.<\/p>\n<p>No entanto, a verdadeira explos\u00e3o de cor ocorre quando elas acordam do sono nos pinheiros, voando pelo ar, transformando suas asas laranjas e pretas ricamente pigmentadas em uma pincelada cor de tangerina.<\/p>\n<p><strong>Quando ver as borboletas<\/strong>: entre janeiro e mar\u00e7o, em dias calmos e quentes.<div class=\" ubtn-ctn-left \"><a class=\"ubtn-link ult-adjust-bottom-margin ubtn-left ubtn-large \" href=\"https:\/\/www.e-agencias.com.br\/ag68060\/home\/packages\" target=\"_blank\" rel=\"noopener\" ><button type=\"button\" id=\"ubtn-4980\"  class=\"ubtn ult-adjust-bottom-margin ult-responsive ubtn-large ubtn-no-hover-bg  ulta-wobble-bottom  ubtn-sep-icon ubtn-sep-icon-right-push  ubtn-shd  ubtn-left  shd-bottom tooltip-69f346a29bc53\"  data-hover=\"\" data-border-color=\"\" data-bg=\"#f44618\" data-hover-bg=\"\" data-border-hover=\"\" data-shadow-hover=\"0 5px #ffffff;\" data-shadow-click=\"none\" data-shadow=\"0 5px #ffffff;\" data-shd-shadow=\"5\"  data-ultimate-target='#ubtn-4980'  data-responsive-json-new='{\"font-size\":\"\",\"line-height\":\"\"}'  style=\"font-weight:bold;border:none;box-shadow: 0 5px #ffffff;background: #f44618;color: #ffffff;\"><span class=\"ubtn-data ubtn-icon\"><i class=\"Defaults-suitcase\" style=\"font-size:26px;color:#ffffff;\"><\/i><\/span><span class=\"ubtn-hover\" style=\"background-color:\"><\/span><span class=\"ubtn-data ubtn-text \" >Pacotes, hot\u00e9is e passagens para o M\u00e9xico<\/span><\/button><\/a><\/div>\n<h3>VAGA-LUMES SINCR\u00d4NICOS, EUA<\/h3>\n<p><img loading=\"lazy\" decoding=\"async\" class=\"alignnone wp-image-6232 size-full\" src=\"https:\/\/11ponto11servidor.com.br\/blogsrsiape\/wp-content\/uploads\/sites\/2\/2018\/03\/vagalumes.png\" alt=\"Fen\u00f4menos\" width=\"700\" height=\"380\" srcset=\"https:\/\/11ponto11servidor.com.br\/blogsrsiape\/wp-content\/uploads\/sites\/2\/2018\/03\/vagalumes.png 700w, https:\/\/11ponto11servidor.com.br\/blogsrsiape\/wp-content\/uploads\/sites\/2\/2018\/03\/vagalumes-300x163.png 300w\" sizes=\"(max-width: 700px) 100vw, 700px\" \/><\/p>\n<p>Uma vez por ano, como parte de seus rituais de acasalamento, os vaga-lumes de Smoky Mountains fazem um dos shows de luzes mais deslumbrantes e frustrantemente imposs\u00edveis de prever.<\/p>\n<p>Enquanto a maioria dos vaga-lumes n\u00e3o conseguem sincronizar o brilho de suas barrigas bioluminescentes, essa esp\u00e9cie faz disso uma arte, proporcionando aos visitantes um espet\u00e1culo de brilhos harmoniosos que ondulam pelas montanhas.<\/p>\n<p>Uma vez determinadas, as datas s\u00e3o anunciadas no site oficial.A concorr\u00eancia \u00e9 alta para se candidatar para uma vaga.<\/p>\n<p><strong>Quando ver os vaga-lumes<\/strong>: de final de maio a meados de junho.<div class=\" ubtn-ctn-left \"><a class=\"ubtn-link ult-adjust-bottom-margin ubtn-left ubtn-large \" href=\"https:\/\/www.e-agencias.com.br\/ag68060\/home\/packages\" target=\"_blank\" rel=\"noopener\" ><button type=\"button\" id=\"ubtn-6039\"  class=\"ubtn ult-adjust-bottom-margin ult-responsive ubtn-large ubtn-no-hover-bg  ulta-wobble-bottom  ubtn-sep-icon ubtn-sep-icon-right-push  ubtn-shd  ubtn-left  shd-bottom tooltip-69f346a29bd8f\"  data-hover=\"\" data-border-color=\"\" data-bg=\"#f44618\" data-hover-bg=\"\" data-border-hover=\"\" data-shadow-hover=\"0 5px #ffffff;\" data-shadow-click=\"none\" data-shadow=\"0 5px #ffffff;\" data-shd-shadow=\"5\"  data-ultimate-target='#ubtn-6039'  data-responsive-json-new='{\"font-size\":\"\",\"line-height\":\"\"}'  style=\"font-weight:bold;border:none;box-shadow: 0 5px #ffffff;background: #f44618;color: #ffffff;\"><span class=\"ubtn-data ubtn-icon\"><i class=\"Defaults-suitcase\" style=\"font-size:26px;color:#ffffff;\"><\/i><\/span><span class=\"ubtn-hover\" style=\"background-color:\"><\/span><span class=\"ubtn-data ubtn-text \" >Pacotes, hot\u00e9is e passagens para os Estados Unidos<\/span><\/button><\/a><\/div><div id=\"ultib3-417563646669f346a29c097\" class=\" ultb3-box ult-adjust-bottom-margin  ultb3-hover-5\" style=\"\"><img decoding=\"async\" src=\"https:\/\/11ponto11servidor.com.br\/blogsrsiape\/wp-content\/uploads\/sites\/2\/2018\/02\/banner-2.png\" style=\"\" class=\"ultb3-img ultb3-img-top-left\" alt=\"null\"\/><div id=\"Info-banner-wrap6989\" class=\"ultb3-info ib3-info-right\" data-animation=\"fadeInLeft\" data-animation-delay=\"03\"><div class=\"ultb3-title ult-responsive\"  data-ultimate-target='#Info-banner-wrap6989 .ultb3-title'  data-responsive-json-new='{\"font-size\":\"desktop:30px;\",\"line-height\":\"desktop:28px;\"}'  style=\"font-weight:bold;color:#ffffff;\">Vamos viajar e conhecer o mundo...<\/div><div class=\"ultb3-desc ult-responsive\"  data-ultimate-target='#Info-banner-wrap6989 .ultb3-desc'  data-responsive-json-new='{\"font-size\":\"desktop:26px;\",\"line-height\":\"desktop:24px;\"}'  style=\"font-weight:normal;color:#ffffff;\">Acesse nosso site!<\/div><a href=\"http:\/\/www.suaviagemnoclick.com.br\" target=\"target=\"_blank\"\"  class=\"ultb3-btn ult-responsive\"  data-ultimate-target='#Info-banner-wrap6989 .ultb3-btn'  data-responsive-json-new='{\"font-size\":\"\",\"line-height\":\"\"}'  style=\"font-weight:bold;\">clique aqui<i class=\"Defaults-angle-right\"><\/i><\/a><\/div><\/div><style>\n\t\t\t\t\t#ultib3-417563646669f346a29c097 {\n\t\t\t\t\t\tmin-height:50px;\n\t\t\t\t\t}\n\t\t\t\t\t#ultib3-417563646669f346a29c097 img.ultb3-img {\n\t\t\t\t\t\theight: px;\n\t\t\t\t\t}\n\t\t\t\t\t#ultib3-417563646669f346a29c097 .ultb3-btn {\n\t\t\t\t\t\tborder:1px solid #e7603d;border-radius:44px;color:#ffffff;\n\t\t\t\t\t}\n\t\t\t\t\t#ultib3-417563646669f346a29c097 .ultb3-btn:hover {\n\t\t\t\t\t\tbackground:#e7603d;color:#ffffff;\n\t\t\t\t\t}\n\t\t\t\t<\/style>\n<h3>CA\u00d1O CRISTALES, COL\u00d4MBIA<\/h3>\n<p><img loading=\"lazy\" decoding=\"async\" class=\"alignnone wp-image-6233 size-full\" src=\"https:\/\/11ponto11servidor.com.br\/blogsrsiape\/wp-content\/uploads\/sites\/2\/2018\/03\/colombia.png\" alt=\"Fen\u00f4menos\" width=\"700\" height=\"380\" srcset=\"https:\/\/11ponto11servidor.com.br\/blogsrsiape\/wp-content\/uploads\/sites\/2\/2018\/03\/colombia.png 700w, https:\/\/11ponto11servidor.com.br\/blogsrsiape\/wp-content\/uploads\/sites\/2\/2018\/03\/colombia-300x163.png 300w\" sizes=\"(max-width: 700px) 100vw, 700px\" \/><\/p>\n<p>No norte da Col\u00f4mbia, este rio deslumbrante recebe uma explos\u00e3o de cores produzidas por uma planta aqu\u00e1tica digna de seu nome.<\/p>\n<p>As cores caleidosc\u00f3picas cobrem o leito do rio Ca\u00f1o Cristales, dando a impress\u00e3o de que a \u00e1gua est\u00e1 fluindo sobre a paleta de um artista. Com cores variando de vermelho terra a amarelo mostarda e lil\u00e1s, deve ser visto para se acreditar.<\/p>\n<p><strong>Quando ver o rio<\/strong>: de junho a novembro.<div class=\" ubtn-ctn-left \"><a class=\"ubtn-link ult-adjust-bottom-margin ubtn-left ubtn-large \" href=\"https:\/\/www.e-agencias.com.br\/ag68060\/home\/packages\" target=\"_blank\" rel=\"noopener\" ><button type=\"button\" id=\"ubtn-1207\"  class=\"ubtn ult-adjust-bottom-margin ult-responsive ubtn-large ubtn-no-hover-bg  ulta-wobble-bottom  ubtn-sep-icon ubtn-sep-icon-right-push  ubtn-shd  ubtn-left  shd-bottom tooltip-69f346a29c135\"  data-hover=\"\" data-border-color=\"\" data-bg=\"#f44618\" data-hover-bg=\"\" data-border-hover=\"\" data-shadow-hover=\"0 5px #ffffff;\" data-shadow-click=\"none\" data-shadow=\"0 5px #ffffff;\" data-shd-shadow=\"5\"  data-ultimate-target='#ubtn-1207'  data-responsive-json-new='{\"font-size\":\"\",\"line-height\":\"\"}'  style=\"font-weight:bold;border:none;box-shadow: 0 5px #ffffff;background: #f44618;color: #ffffff;\"><span class=\"ubtn-data ubtn-icon\"><i class=\"Defaults-suitcase\" style=\"font-size:26px;color:#ffffff;\"><\/i><\/span><span class=\"ubtn-hover\" style=\"background-color:\"><\/span><span class=\"ubtn-data ubtn-text \" >Pacotes, hot\u00e9is e passagens para Col\u00f4mbia<\/span><\/button><\/a><\/div>\n<h3>MIGRA\u00c7\u00c3O DO CARANGUEJO VERMELHO, ILHA CHRISTMAS, AUSTR\u00c1LIA<\/h3>\n<p><img loading=\"lazy\" decoding=\"async\" class=\"alignnone wp-image-6234 size-full\" src=\"https:\/\/11ponto11servidor.com.br\/blogsrsiape\/wp-content\/uploads\/sites\/2\/2018\/03\/crab.png\" alt=\"Fen\u00f4menos\" width=\"700\" height=\"380\" srcset=\"https:\/\/11ponto11servidor.com.br\/blogsrsiape\/wp-content\/uploads\/sites\/2\/2018\/03\/crab.png 700w, https:\/\/11ponto11servidor.com.br\/blogsrsiape\/wp-content\/uploads\/sites\/2\/2018\/03\/crab-300x163.png 300w\" sizes=\"(max-width: 700px) 100vw, 700px\" \/><\/p>\n<p>Todos os anos durante a temporada de acasalamento, a popula\u00e7\u00e3o de caranguejos vermelhos da ilha Christmas deixa o ber\u00e7o e dirige-se para a costa, enfrentando estradas na companhia de multid\u00f5es de pessoas que acompanham a caminhada.<\/p>\n<p>Recentemente, pontes e passarelas foram especialmente constru\u00eddas para ajudar os caranguejos a evitar esmagamentos acidentais. Prever as datas em que esses crust\u00e1ceos de casca escarlate iniciar\u00e3o a migra\u00e7\u00e3o \u00e9 complicado, uma vez que seguem n\u00e3o s\u00f3 o calend\u00e1rio lunar, mas tamb\u00e9m a esta\u00e7\u00e3o \u00famida e das chuvas pesadas.<\/p>\n<p><strong>Quando ver os caranguejos<\/strong>: no in\u00edcio da esta\u00e7\u00e3o \u00famida, em outubro ou novembro.<div class=\" ubtn-ctn-left \"><a class=\"ubtn-link ult-adjust-bottom-margin ubtn-left ubtn-large \" href=\"https:\/\/www.e-agencias.com.br\/ag68060\/home\/packages\" target=\"_blank\" rel=\"noopener\" ><button type=\"button\" id=\"ubtn-4042\"  class=\"ubtn ult-adjust-bottom-margin ult-responsive ubtn-large ubtn-no-hover-bg  ulta-wobble-bottom  ubtn-sep-icon ubtn-sep-icon-right-push  ubtn-shd  ubtn-left  shd-bottom tooltip-69f346a29c1b1\"  data-hover=\"\" data-border-color=\"\" data-bg=\"#f44618\" data-hover-bg=\"\" data-border-hover=\"\" data-shadow-hover=\"0 5px #ffffff;\" data-shadow-click=\"none\" data-shadow=\"0 5px #ffffff;\" data-shd-shadow=\"5\"  data-ultimate-target='#ubtn-4042'  data-responsive-json-new='{\"font-size\":\"\",\"line-height\":\"\"}'  style=\"font-weight:bold;border:none;box-shadow: 0 5px #ffffff;background: #f44618;color: #ffffff;\"><span class=\"ubtn-data ubtn-icon\"><i class=\"Defaults-suitcase\" style=\"font-size:26px;color:#ffffff;\"><\/i><\/span><span class=\"ubtn-hover\" style=\"background-color:\"><\/span><span class=\"ubtn-data ubtn-text \" >Pacotes, hot\u00e9is e passagens para Austr\u00e1lia<\/span><\/button><\/a><\/div>\n<h3>O DESERTO FLORIDO, CHILE<\/h3>\n<p><img loading=\"lazy\" decoding=\"async\" class=\"alignnone wp-image-6235 size-full\" src=\"https:\/\/11ponto11servidor.com.br\/blogsrsiape\/wp-content\/uploads\/sites\/2\/2018\/03\/flores-1.png\" alt=\"Fen\u00f4menos\" width=\"700\" height=\"380\" srcset=\"https:\/\/11ponto11servidor.com.br\/blogsrsiape\/wp-content\/uploads\/sites\/2\/2018\/03\/flores-1.png 700w, https:\/\/11ponto11servidor.com.br\/blogsrsiape\/wp-content\/uploads\/sites\/2\/2018\/03\/flores-1-300x163.png 300w\" sizes=\"(max-width: 700px) 100vw, 700px\" \/><\/p>\n<p>As super flora\u00e7\u00f5es fazem apari\u00e7\u00f5es agendadas em todo o mundo, seja nos campos de canola da China ou nos desertos de Namaqualand.<\/p>\n<p>Por outro lado, no Atacama chileno \u2013 o deserto mais seco do mundo \u2013 as superflora\u00e7\u00f5es s\u00e3o menos que previs\u00edveis. Na verdade, somente quando o volume de chuva \u00e9 incomumente alto (geralmente gra\u00e7as ao El Ni\u00f1o), as plan\u00edcies normalmente est\u00e9reis explodem em vida com uma variedade de flores multicoloridas.<\/p>\n<p><strong>Quando ver a superflora\u00e7\u00e3o<\/strong>: De setembro a novembro, mas somente quando os n\u00edveis de chuva s\u00e3o muito altos.<div class=\" ubtn-ctn-left \"><a class=\"ubtn-link ult-adjust-bottom-margin ubtn-left ubtn-large \" href=\"https:\/\/www.e-agencias.com.br\/ag68060\/home\/packages\" target=\"_blank\" rel=\"noopener\" ><button type=\"button\" id=\"ubtn-5462\"  class=\"ubtn ult-adjust-bottom-margin ult-responsive ubtn-large ubtn-no-hover-bg  ulta-wobble-bottom  ubtn-sep-icon ubtn-sep-icon-right-push  ubtn-shd  ubtn-left  shd-bottom tooltip-69f346a29c223\"  data-hover=\"\" data-border-color=\"\" data-bg=\"#f44618\" data-hover-bg=\"\" data-border-hover=\"\" data-shadow-hover=\"0 5px #ffffff;\" data-shadow-click=\"none\" data-shadow=\"0 5px #ffffff;\" data-shd-shadow=\"5\"  data-ultimate-target='#ubtn-5462'  data-responsive-json-new='{\"font-size\":\"\",\"line-height\":\"\"}'  style=\"font-weight:bold;border:none;box-shadow: 0 5px #ffffff;background: #f44618;color: #ffffff;\"><span class=\"ubtn-data ubtn-icon\"><i class=\"Defaults-suitcase\" style=\"font-size:26px;color:#ffffff;\"><\/i><\/span><span class=\"ubtn-hover\" style=\"background-color:\"><\/span><span class=\"ubtn-data ubtn-text \" >Pacotes, hot\u00e9is e passagens para o Chile<\/span><\/button><\/a><\/div>\n<h3>AURORA BOREAL, NORUEGA<\/h3>\n<p><img loading=\"lazy\" decoding=\"async\" class=\"alignnone wp-image-6236 size-full\" src=\"https:\/\/11ponto11servidor.com.br\/blogsrsiape\/wp-content\/uploads\/sites\/2\/2018\/03\/aurora.png\" alt=\"Fen\u00f4menos\" width=\"700\" height=\"380\" srcset=\"https:\/\/11ponto11servidor.com.br\/blogsrsiape\/wp-content\/uploads\/sites\/2\/2018\/03\/aurora.png 700w, https:\/\/11ponto11servidor.com.br\/blogsrsiape\/wp-content\/uploads\/sites\/2\/2018\/03\/aurora-300x163.png 300w\" sizes=\"(max-width: 700px) 100vw, 700px\" \/><\/p>\n<p>As pinturas espaciais que colorem o c\u00e9u da noite de alguns dos destinos mais ao norte do globo n\u00e3o s\u00e3o t\u00e3o raras.<\/p>\n<p>A Noruega \u00e9 um dos melhores pontos para ver as auroras boreais anualmente. Embora as faixas verdes sejam mais f\u00e1ceis de serem vistas, voc\u00ea ter\u00e1 que cruzar os dedos para ver as rar\u00edssimas luzes vermelhas.<\/p>\n<p><strong>Quando ver as auroras boreais<\/strong>: definal de setembro ao final de mar\u00e7o.<div class=\" ubtn-ctn-left \"><a class=\"ubtn-link ult-adjust-bottom-margin ubtn-left ubtn-large \" href=\"https:\/\/www.e-agencias.com.br\/ag68060\/home\/packages\" target=\"_blank\" rel=\"noopener\" ><button type=\"button\" id=\"ubtn-9432\"  class=\"ubtn ult-adjust-bottom-margin ult-responsive ubtn-large ubtn-no-hover-bg  ulta-wobble-bottom  ubtn-sep-icon ubtn-sep-icon-right-push  ubtn-shd  ubtn-left  shd-bottom tooltip-69f346a29c289\"  data-hover=\"\" data-border-color=\"\" data-bg=\"#f44618\" data-hover-bg=\"\" data-border-hover=\"\" data-shadow-hover=\"0 5px #ffffff;\" data-shadow-click=\"none\" data-shadow=\"0 5px #ffffff;\" data-shd-shadow=\"5\"  data-ultimate-target='#ubtn-9432'  data-responsive-json-new='{\"font-size\":\"\",\"line-height\":\"\"}'  style=\"font-weight:bold;border:none;box-shadow: 0 5px #ffffff;background: #f44618;color: #ffffff;\"><span class=\"ubtn-data ubtn-icon\"><i class=\"Defaults-suitcase\" style=\"font-size:26px;color:#ffffff;\"><\/i><\/span><span class=\"ubtn-hover\" style=\"background-color:\"><\/span><span class=\"ubtn-data ubtn-text \" >Pacotes, hot\u00e9is e passagens para Noruega<\/span><\/button><\/a><\/div>\n<h3>A DESOVA DOS CORAIS, AUSTR\u00c1LIA<\/h3>\n<p><img loading=\"lazy\" decoding=\"async\" class=\"alignnone wp-image-6237 size-full\" src=\"https:\/\/11ponto11servidor.com.br\/blogsrsiape\/wp-content\/uploads\/sites\/2\/2018\/03\/australia.png\" alt=\"Fen\u00f4menos\" width=\"700\" height=\"380\" srcset=\"https:\/\/11ponto11servidor.com.br\/blogsrsiape\/wp-content\/uploads\/sites\/2\/2018\/03\/australia.png 700w, https:\/\/11ponto11servidor.com.br\/blogsrsiape\/wp-content\/uploads\/sites\/2\/2018\/03\/australia-300x163.png 300w\" sizes=\"(max-width: 700px) 100vw, 700px\" \/><\/p>\n<p>Os recifes de corais da Austr\u00e1lia s\u00e3o, possivelmente, um dos fen\u00f4menos naturais mais coloridos do mundo por si s\u00f3, mas esses mundos subaqu\u00e1ticos t\u00eam uma carta ainda mais impressionante em sua manga \u2013 a desova dos corais.<\/p>\n<p>Descrita como uma tempestade de neve subaqu\u00e1tica e antigravitacional, cada ano os recifes de coral sob as ondas de Ningaloo, na Austr\u00e1lia Ocidental, desovam em sincronia, liberando min\u00fasculos \u00f3vulos que flutuam at\u00e9 a superf\u00edcie.<\/p>\n<p><strong>Quando ver a desova dos corais<\/strong>: at\u00e9 uma semana ap\u00f3s a lua cheia, normalmente no outono.<div class=\" ubtn-ctn-left \"><a class=\"ubtn-link ult-adjust-bottom-margin ubtn-left ubtn-large \" href=\"https:\/\/www.e-agencias.com.br\/ag68060\/home\/packages\" target=\"_blank\" rel=\"noopener\" ><button type=\"button\" id=\"ubtn-9534\"  class=\"ubtn ult-adjust-bottom-margin ult-responsive ubtn-large ubtn-no-hover-bg  ulta-wobble-bottom  ubtn-sep-icon ubtn-sep-icon-right-push  ubtn-shd  ubtn-left  shd-bottom tooltip-69f346a29c2f8\"  data-hover=\"\" data-border-color=\"\" data-bg=\"#f44618\" data-hover-bg=\"\" data-border-hover=\"\" data-shadow-hover=\"0 5px #ffffff;\" data-shadow-click=\"none\" data-shadow=\"0 5px #ffffff;\" data-shd-shadow=\"5\"  data-ultimate-target='#ubtn-9534'  data-responsive-json-new='{\"font-size\":\"\",\"line-height\":\"\"}'  style=\"font-weight:bold;border:none;box-shadow: 0 5px #ffffff;background: #f44618;color: #ffffff;\"><span class=\"ubtn-data ubtn-icon\"><i class=\"Defaults-suitcase\" style=\"font-size:26px;color:#ffffff;\"><\/i><\/span><span class=\"ubtn-hover\" style=\"background-color:\"><\/span><span class=\"ubtn-data ubtn-text \" >Pacotes, hot\u00e9is e passagens para Austr\u00e1lia<\/span><\/button><\/a><\/div>\n<h3>AS LULAS BRILHANTES DA BA\u00cdA DE TOYAMA, JAP\u00c3O<\/h3>\n<p><img loading=\"lazy\" decoding=\"async\" class=\"alignnone wp-image-6238 size-full\" src=\"https:\/\/11ponto11servidor.com.br\/blogsrsiape\/wp-content\/uploads\/sites\/2\/2018\/03\/japao.png\" alt=\"Fen\u00f4menos\" width=\"700\" height=\"380\" srcset=\"https:\/\/11ponto11servidor.com.br\/blogsrsiape\/wp-content\/uploads\/sites\/2\/2018\/03\/japao.png 700w, https:\/\/11ponto11servidor.com.br\/blogsrsiape\/wp-content\/uploads\/sites\/2\/2018\/03\/japao-300x163.png 300w\" sizes=\"(max-width: 700px) 100vw, 700px\" \/><\/p>\n<p>Se tiv\u00e9ssemos de descrever um fen\u00f4meno natural como azul-el\u00e9trico, certamente seria a impressionante exibi\u00e7\u00e3o bioluminescente das lulas vaga-lume da ba\u00eda de Toyama, no Jap\u00e3o.<\/p>\n<p>Uma massa borbulhante de cores quase incrivelmente neon se forma quando a lula sobe das profundidades sombrias durante a esta\u00e7\u00e3o de acasalamento, e embora de perto, estas pequenas criaturas de tr\u00eas polegadas se pare\u00e7amm com obras-primas pontilistas, juntas elas s\u00e3o capazes de proporcionar um show de luzes subaqu\u00e1ticas.<\/p>\n<p><strong>Quando ver a lula incandescente<\/strong>: De mar\u00e7o a junho, por volta das 3h da manh\u00e3.<div class=\" ubtn-ctn-left \"><a class=\"ubtn-link ult-adjust-bottom-margin ubtn-left ubtn-large \" href=\"https:\/\/www.e-agencias.com.br\/ag68060\/home\/packages\" target=\"_blank\" rel=\"noopener\" ><button type=\"button\" id=\"ubtn-2412\"  class=\"ubtn ult-adjust-bottom-margin ult-responsive ubtn-large ubtn-no-hover-bg  ulta-wobble-bottom  ubtn-sep-icon ubtn-sep-icon-right-push  ubtn-shd  ubtn-left  shd-bottom tooltip-69f346a29c360\"  data-hover=\"\" data-border-color=\"\" data-bg=\"#f44618\" data-hover-bg=\"\" data-border-hover=\"\" data-shadow-hover=\"0 5px #ffffff;\" data-shadow-click=\"none\" data-shadow=\"0 5px #ffffff;\" data-shd-shadow=\"5\"  data-ultimate-target='#ubtn-2412'  data-responsive-json-new='{\"font-size\":\"\",\"line-height\":\"\"}'  style=\"font-weight:bold;border:none;box-shadow: 0 5px #ffffff;background: #f44618;color: #ffffff;\"><span class=\"ubtn-data ubtn-icon\"><i class=\"Defaults-suitcase\" style=\"font-size:26px;color:#ffffff;\"><\/i><\/span><span class=\"ubtn-hover\" style=\"background-color:\"><\/span><span class=\"ubtn-data ubtn-text \" >Pacotes, hot\u00e9is e passagens para Toyama<\/span><\/button><\/a><\/div>\n<p>Esses fen\u00f4menos s\u00e3o fant\u00e1sticos, realmente cores especiais proporcionadas pela natureza!<\/p>\n<p>Agradecemos \u00e0 todos por acessar nosso <a href=\"https:\/\/11ponto11servidor.com.br\/blogsrsiape\/category\/turismo-viagens\/\">blog<\/a> e desejamos um excelente dia e semana!<\/p>\n<p>Boa viagem! \ud83d\ude42<\/p>\n<p>Fonte: National Geographic Brasil<\/p>\n","protected":false},"excerpt":{"rendered":"<p>A natureza proporciona momentos \u00fanicos e espetaculares, confira aqui os fen\u00f4menos naturais mais coloridos do mundo e encante-se! <\/p>\n","protected":false},"author":1,"featured_media":6239,"comment_status":"open","ping_status":"open","sticky":false,"template":"","format":"standard","meta":{"footnotes":""},"categories":[80],"tags":[381,383,2841,2834,2586,2587,2609,2375,2470,2601],"class_list":["post-6230","post","type-post","status-publish","format-standard","has-post-thumbnail","hentry","category-turismo-viagens","tag-brasil","tag-brasileiros","tag-color","tag-colorful","tag-nature","tag-natureza","tag-sua-viagem-no-click","tag-turismo","tag-viagem","tag-world"],"yoast_head":"<!-- This site is optimized with the Yoast SEO plugin v23.6 - https:\/\/yoast.com\/wordpress\/plugins\/seo\/ -->\n<title>Os fen\u00f4menos naturais mais coloridos do mundo - Blog do sr. SIAPE<\/title>\n<meta name=\"description\" content=\"A natureza proporciona momentos \u00fanicos e espetaculares, confira aqui os fen\u00f4menos naturais mais coloridos do mundo e encante-se!\" \/>\n<meta name=\"robots\" content=\"index, follow, max-snippet:-1, max-image-preview:large, max-video-preview:-1\" \/>\n<link rel=\"canonical\" href=\"https:\/\/blogdosrsiape.net\/viagem-fenomenos-naturais-mundo\/\" \/>\n<meta property=\"og:locale\" content=\"pt_BR\" \/>\n<meta property=\"og:type\" content=\"article\" \/>\n<meta property=\"og:title\" content=\"Os fen\u00f4menos naturais mais coloridos do mundo - Blog do sr. SIAPE\" \/>\n<meta property=\"og:description\" content=\"A natureza proporciona momentos \u00fanicos e espetaculares, confira aqui os fen\u00f4menos naturais mais coloridos do mundo e encante-se!\" \/>\n<meta property=\"og:url\" content=\"https:\/\/blogdosrsiape.net\/viagem-fenomenos-naturais-mundo\/\" \/>\n<meta property=\"og:site_name\" content=\"Blog do Sr. SIAPE\" \/>\n<meta property=\"article:publisher\" content=\"https:\/\/www.facebook.com\/blogsrsiape\/?locale=pt_BR\" \/>\n<meta property=\"article:published_time\" content=\"2018-03-26T16:16:04+00:00\" \/>\n<meta property=\"og:image\" content=\"https:\/\/11ponto11servidor.com.br\/blogsrsiape\/wp-content\/uploads\/sites\/2\/2018\/03\/sdf.png\" \/>\n\t<meta property=\"og:image:width\" content=\"840\" \/>\n\t<meta property=\"og:image:height\" content=\"380\" \/>\n\t<meta property=\"og:image:type\" content=\"image\/png\" \/>\n<meta name=\"author\" content=\"websitemix\" \/>\n<meta name=\"twitter:card\" content=\"summary_large_image\" \/>\n<meta name=\"twitter:label1\" content=\"Escrito por\" \/>\n\t<meta name=\"twitter:data1\" content=\"websitemix\" \/>\n\t<meta name=\"twitter:label2\" content=\"Est. tempo de leitura\" \/>\n\t<meta name=\"twitter:data2\" content=\"8 minutos\" \/>\n<script type=\"application\/ld+json\" class=\"yoast-schema-graph\">{\"@context\":\"https:\/\/schema.org\",\"@graph\":[{\"@type\":\"Article\",\"@id\":\"https:\/\/blogdosrsiape.net\/viagem-fenomenos-naturais-mundo\/#article\",\"isPartOf\":{\"@id\":\"https:\/\/blogdosrsiape.net\/viagem-fenomenos-naturais-mundo\/\"},\"author\":{\"name\":\"websitemix\",\"@id\":\"https:\/\/blogdosrsiape.com\/#\/schema\/person\/641e1af8b22c69725a1d604fb8959bcf\"},\"headline\":\"Os fen\u00f4menos naturais mais coloridos do mundo\",\"datePublished\":\"2018-03-26T16:16:04+00:00\",\"dateModified\":\"2018-03-26T16:16:04+00:00\",\"mainEntityOfPage\":{\"@id\":\"https:\/\/blogdosrsiape.net\/viagem-fenomenos-naturais-mundo\/\"},\"wordCount\":1576,\"commentCount\":0,\"publisher\":{\"@id\":\"https:\/\/blogdosrsiape.com\/#organization\"},\"image\":{\"@id\":\"https:\/\/blogdosrsiape.net\/viagem-fenomenos-naturais-mundo\/#primaryimage\"},\"thumbnailUrl\":\"https:\/\/11ponto11servidor.com.br\/blogsrsiape\/wp-content\/uploads\/sites\/2\/2018\/03\/sdf.png\",\"keywords\":[\"Brasil\",\"Brasileiros\",\"Color\",\"Colorful\",\"Nature\",\"Natureza\",\"Sua viagem no click\",\"Turismo\",\"Viagem\",\"world\"],\"articleSection\":[\"Turismo \/ Viagens\"],\"inLanguage\":\"pt-BR\",\"potentialAction\":[{\"@type\":\"CommentAction\",\"name\":\"Comment\",\"target\":[\"https:\/\/blogdosrsiape.net\/viagem-fenomenos-naturais-mundo\/#respond\"]}]},{\"@type\":\"WebPage\",\"@id\":\"https:\/\/blogdosrsiape.net\/viagem-fenomenos-naturais-mundo\/\",\"url\":\"https:\/\/blogdosrsiape.net\/viagem-fenomenos-naturais-mundo\/\",\"name\":\"Os fen\u00f4menos naturais mais coloridos do mundo - Blog do sr. SIAPE\",\"isPartOf\":{\"@id\":\"https:\/\/blogdosrsiape.com\/#website\"},\"primaryImageOfPage\":{\"@id\":\"https:\/\/blogdosrsiape.net\/viagem-fenomenos-naturais-mundo\/#primaryimage\"},\"image\":{\"@id\":\"https:\/\/blogdosrsiape.net\/viagem-fenomenos-naturais-mundo\/#primaryimage\"},\"thumbnailUrl\":\"https:\/\/11ponto11servidor.com.br\/blogsrsiape\/wp-content\/uploads\/sites\/2\/2018\/03\/sdf.png\",\"datePublished\":\"2018-03-26T16:16:04+00:00\",\"dateModified\":\"2018-03-26T16:16:04+00:00\",\"description\":\"A natureza proporciona momentos \u00fanicos e espetaculares, confira aqui os fen\u00f4menos naturais mais coloridos do mundo e encante-se!\",\"breadcrumb\":{\"@id\":\"https:\/\/blogdosrsiape.net\/viagem-fenomenos-naturais-mundo\/#breadcrumb\"},\"inLanguage\":\"pt-BR\",\"potentialAction\":[{\"@type\":\"ReadAction\",\"target\":[\"https:\/\/blogdosrsiape.net\/viagem-fenomenos-naturais-mundo\/\"]}]},{\"@type\":\"ImageObject\",\"inLanguage\":\"pt-BR\",\"@id\":\"https:\/\/blogdosrsiape.net\/viagem-fenomenos-naturais-mundo\/#primaryimage\",\"url\":\"https:\/\/11ponto11servidor.com.br\/blogsrsiape\/wp-content\/uploads\/sites\/2\/2018\/03\/sdf.png\",\"contentUrl\":\"https:\/\/11ponto11servidor.com.br\/blogsrsiape\/wp-content\/uploads\/sites\/2\/2018\/03\/sdf.png\",\"width\":840,\"height\":380,\"caption\":\"Fen\u00f4menos\"},{\"@type\":\"BreadcrumbList\",\"@id\":\"https:\/\/blogdosrsiape.net\/viagem-fenomenos-naturais-mundo\/#breadcrumb\",\"itemListElement\":[{\"@type\":\"ListItem\",\"position\":1,\"name\":\"In\u00edcio\",\"item\":\"https:\/\/blogdosrsiape.com\/\"},{\"@type\":\"ListItem\",\"position\":2,\"name\":\"Os fen\u00f4menos naturais mais coloridos do mundo\"}]},{\"@type\":\"WebSite\",\"@id\":\"https:\/\/blogdosrsiape.com\/#website\",\"url\":\"https:\/\/blogdosrsiape.com\/\",\"name\":\"Blog do sr. SIAPE\",\"description\":\"SIAPE Servidor Federal\",\"publisher\":{\"@id\":\"https:\/\/blogdosrsiape.com\/#organization\"},\"potentialAction\":[{\"@type\":\"SearchAction\",\"target\":{\"@type\":\"EntryPoint\",\"urlTemplate\":\"https:\/\/blogdosrsiape.com\/?s={search_term_string}\"},\"query-input\":{\"@type\":\"PropertyValueSpecification\",\"valueRequired\":true,\"valueName\":\"search_term_string\"}}],\"inLanguage\":\"pt-BR\"},{\"@type\":\"Organization\",\"@id\":\"https:\/\/blogdosrsiape.com\/#organization\",\"name\":\"Blog do sr. SIAPE\",\"url\":\"https:\/\/blogdosrsiape.com\/\",\"logo\":{\"@type\":\"ImageObject\",\"inLanguage\":\"pt-BR\",\"@id\":\"https:\/\/blogdosrsiape.com\/#\/schema\/logo\/image\/\",\"url\":\"https:\/\/11ponto11servidor.com.br\/blogsrsiape\/wp-content\/uploads\/sites\/2\/2024\/10\/logo-1.png\",\"contentUrl\":\"https:\/\/11ponto11servidor.com.br\/blogsrsiape\/wp-content\/uploads\/sites\/2\/2024\/10\/logo-1.png\",\"width\":287,\"height\":116,\"caption\":\"Blog do sr. SIAPE\"},\"image\":{\"@id\":\"https:\/\/blogdosrsiape.com\/#\/schema\/logo\/image\/\"},\"sameAs\":[\"https:\/\/www.facebook.com\/blogsrsiape\/?locale=pt_BR\",\"https:\/\/www.instagram.com\/srsiape\/\"]},{\"@type\":\"Person\",\"@id\":\"https:\/\/blogdosrsiape.com\/#\/schema\/person\/641e1af8b22c69725a1d604fb8959bcf\",\"name\":\"websitemix\",\"sameAs\":[\"https:\/\/11ponto11servidor.com.br\"],\"url\":\"https:\/\/11ponto11servidor.com.br\/blogsrsiape\/author\/websitemix\/\"}]}<\/script>\n<!-- \/ Yoast SEO plugin. -->","yoast_head_json":{"title":"Os fen\u00f4menos naturais mais coloridos do mundo - Blog do sr. SIAPE","description":"A natureza proporciona momentos \u00fanicos e espetaculares, confira aqui os fen\u00f4menos naturais mais coloridos do mundo e encante-se!","robots":{"index":"index","follow":"follow","max-snippet":"max-snippet:-1","max-image-preview":"max-image-preview:large","max-video-preview":"max-video-preview:-1"},"canonical":"https:\/\/blogdosrsiape.net\/viagem-fenomenos-naturais-mundo\/","og_locale":"pt_BR","og_type":"article","og_title":"Os fen\u00f4menos naturais mais coloridos do mundo - Blog do sr. SIAPE","og_description":"A natureza proporciona momentos \u00fanicos e espetaculares, confira aqui os fen\u00f4menos naturais mais coloridos do mundo e encante-se!","og_url":"https:\/\/blogdosrsiape.net\/viagem-fenomenos-naturais-mundo\/","og_site_name":"Blog do Sr. SIAPE","article_publisher":"https:\/\/www.facebook.com\/blogsrsiape\/?locale=pt_BR","article_published_time":"2018-03-26T16:16:04+00:00","og_image":[{"width":840,"height":380,"url":"https:\/\/11ponto11servidor.com.br\/blogsrsiape\/wp-content\/uploads\/sites\/2\/2018\/03\/sdf.png","type":"image\/png"}],"author":"websitemix","twitter_card":"summary_large_image","twitter_misc":{"Escrito por":"websitemix","Est. tempo de leitura":"8 minutos"},"schema":{"@context":"https:\/\/schema.org","@graph":[{"@type":"Article","@id":"https:\/\/blogdosrsiape.net\/viagem-fenomenos-naturais-mundo\/#article","isPartOf":{"@id":"https:\/\/blogdosrsiape.net\/viagem-fenomenos-naturais-mundo\/"},"author":{"name":"websitemix","@id":"https:\/\/blogdosrsiape.com\/#\/schema\/person\/641e1af8b22c69725a1d604fb8959bcf"},"headline":"Os fen\u00f4menos naturais mais coloridos do mundo","datePublished":"2018-03-26T16:16:04+00:00","dateModified":"2018-03-26T16:16:04+00:00","mainEntityOfPage":{"@id":"https:\/\/blogdosrsiape.net\/viagem-fenomenos-naturais-mundo\/"},"wordCount":1576,"commentCount":0,"publisher":{"@id":"https:\/\/blogdosrsiape.com\/#organization"},"image":{"@id":"https:\/\/blogdosrsiape.net\/viagem-fenomenos-naturais-mundo\/#primaryimage"},"thumbnailUrl":"https:\/\/11ponto11servidor.com.br\/blogsrsiape\/wp-content\/uploads\/sites\/2\/2018\/03\/sdf.png","keywords":["Brasil","Brasileiros","Color","Colorful","Nature","Natureza","Sua viagem no click","Turismo","Viagem","world"],"articleSection":["Turismo \/ Viagens"],"inLanguage":"pt-BR","potentialAction":[{"@type":"CommentAction","name":"Comment","target":["https:\/\/blogdosrsiape.net\/viagem-fenomenos-naturais-mundo\/#respond"]}]},{"@type":"WebPage","@id":"https:\/\/blogdosrsiape.net\/viagem-fenomenos-naturais-mundo\/","url":"https:\/\/blogdosrsiape.net\/viagem-fenomenos-naturais-mundo\/","name":"Os fen\u00f4menos naturais mais coloridos do mundo - Blog do sr. SIAPE","isPartOf":{"@id":"https:\/\/blogdosrsiape.com\/#website"},"primaryImageOfPage":{"@id":"https:\/\/blogdosrsiape.net\/viagem-fenomenos-naturais-mundo\/#primaryimage"},"image":{"@id":"https:\/\/blogdosrsiape.net\/viagem-fenomenos-naturais-mundo\/#primaryimage"},"thumbnailUrl":"https:\/\/11ponto11servidor.com.br\/blogsrsiape\/wp-content\/uploads\/sites\/2\/2018\/03\/sdf.png","datePublished":"2018-03-26T16:16:04+00:00","dateModified":"2018-03-26T16:16:04+00:00","description":"A natureza proporciona momentos \u00fanicos e espetaculares, confira aqui os fen\u00f4menos naturais mais coloridos do mundo e encante-se!","breadcrumb":{"@id":"https:\/\/blogdosrsiape.net\/viagem-fenomenos-naturais-mundo\/#breadcrumb"},"inLanguage":"pt-BR","potentialAction":[{"@type":"ReadAction","target":["https:\/\/blogdosrsiape.net\/viagem-fenomenos-naturais-mundo\/"]}]},{"@type":"ImageObject","inLanguage":"pt-BR","@id":"https:\/\/blogdosrsiape.net\/viagem-fenomenos-naturais-mundo\/#primaryimage","url":"https:\/\/11ponto11servidor.com.br\/blogsrsiape\/wp-content\/uploads\/sites\/2\/2018\/03\/sdf.png","contentUrl":"https:\/\/11ponto11servidor.com.br\/blogsrsiape\/wp-content\/uploads\/sites\/2\/2018\/03\/sdf.png","width":840,"height":380,"caption":"Fen\u00f4menos"},{"@type":"BreadcrumbList","@id":"https:\/\/blogdosrsiape.net\/viagem-fenomenos-naturais-mundo\/#breadcrumb","itemListElement":[{"@type":"ListItem","position":1,"name":"In\u00edcio","item":"https:\/\/blogdosrsiape.com\/"},{"@type":"ListItem","position":2,"name":"Os fen\u00f4menos naturais mais coloridos do mundo"}]},{"@type":"WebSite","@id":"https:\/\/blogdosrsiape.com\/#website","url":"https:\/\/blogdosrsiape.com\/","name":"Blog do sr. SIAPE","description":"SIAPE Servidor Federal","publisher":{"@id":"https:\/\/blogdosrsiape.com\/#organization"},"potentialAction":[{"@type":"SearchAction","target":{"@type":"EntryPoint","urlTemplate":"https:\/\/blogdosrsiape.com\/?s={search_term_string}"},"query-input":{"@type":"PropertyValueSpecification","valueRequired":true,"valueName":"search_term_string"}}],"inLanguage":"pt-BR"},{"@type":"Organization","@id":"https:\/\/blogdosrsiape.com\/#organization","name":"Blog do sr. SIAPE","url":"https:\/\/blogdosrsiape.com\/","logo":{"@type":"ImageObject","inLanguage":"pt-BR","@id":"https:\/\/blogdosrsiape.com\/#\/schema\/logo\/image\/","url":"https:\/\/11ponto11servidor.com.br\/blogsrsiape\/wp-content\/uploads\/sites\/2\/2024\/10\/logo-1.png","contentUrl":"https:\/\/11ponto11servidor.com.br\/blogsrsiape\/wp-content\/uploads\/sites\/2\/2024\/10\/logo-1.png","width":287,"height":116,"caption":"Blog do sr. SIAPE"},"image":{"@id":"https:\/\/blogdosrsiape.com\/#\/schema\/logo\/image\/"},"sameAs":["https:\/\/www.facebook.com\/blogsrsiape\/?locale=pt_BR","https:\/\/www.instagram.com\/srsiape\/"]},{"@type":"Person","@id":"https:\/\/blogdosrsiape.com\/#\/schema\/person\/641e1af8b22c69725a1d604fb8959bcf","name":"websitemix","sameAs":["https:\/\/11ponto11servidor.com.br"],"url":"https:\/\/11ponto11servidor.com.br\/blogsrsiape\/author\/websitemix\/"}]}},"_links":{"self":[{"href":"https:\/\/11ponto11servidor.com.br\/blogsrsiape\/wp-json\/wp\/v2\/posts\/6230"}],"collection":[{"href":"https:\/\/11ponto11servidor.com.br\/blogsrsiape\/wp-json\/wp\/v2\/posts"}],"about":[{"href":"https:\/\/11ponto11servidor.com.br\/blogsrsiape\/wp-json\/wp\/v2\/types\/post"}],"author":[{"embeddable":true,"href":"https:\/\/11ponto11servidor.com.br\/blogsrsiape\/wp-json\/wp\/v2\/users\/1"}],"replies":[{"embeddable":true,"href":"https:\/\/11ponto11servidor.com.br\/blogsrsiape\/wp-json\/wp\/v2\/comments?post=6230"}],"version-history":[{"count":0,"href":"https:\/\/11ponto11servidor.com.br\/blogsrsiape\/wp-json\/wp\/v2\/posts\/6230\/revisions"}],"wp:featuredmedia":[{"embeddable":true,"href":"https:\/\/11ponto11servidor.com.br\/blogsrsiape\/wp-json\/wp\/v2\/media\/6239"}],"wp:attachment":[{"href":"https:\/\/11ponto11servidor.com.br\/blogsrsiape\/wp-json\/wp\/v2\/media?parent=6230"}],"wp:term":[{"taxonomy":"category","embeddable":true,"href":"https:\/\/11ponto11servidor.com.br\/blogsrsiape\/wp-json\/wp\/v2\/categories?post=6230"},{"taxonomy":"post_tag","embeddable":true,"href":"https:\/\/11ponto11servidor.com.br\/blogsrsiape\/wp-json\/wp\/v2\/tags?post=6230"}],"curies":[{"name":"wp","href":"https:\/\/api.w.org\/{rel}","templated":true}]}}