{"id":674,"date":"2015-06-17T12:21:30","date_gmt":"2015-06-17T15:21:30","guid":{"rendered":"https:\/\/11ponto11servidor.com.br\/blogsrsiape\/?p=674"},"modified":"2015-06-17T12:21:30","modified_gmt":"2015-06-17T15:21:30","slug":"tcu-adia-analise-de-contas-e-da-30-dias-para-dilma-explicar-pedaladas","status":"publish","type":"post","link":"https:\/\/11ponto11servidor.com.br\/blogsrsiape\/tcu-adia-analise-de-contas-e-da-30-dias-para-dilma-explicar-pedaladas\/","title":{"rendered":"TCU adia an\u00e1lise de contas e da 30 dias para Dilma explicar &#8216;pedaladas&#8217;"},"content":{"rendered":"<h2>Atraso em repasse para bancos p\u00fablicos \u00e9 investigado pelo TCU.<br \/>\nAugusto Nardes apontou que irregularidades impedem vota\u00e7\u00e3o de parecer.<\/h2>\n<p>O Tribunal de Contas da Uni\u00e3o (<strong>TCU<\/strong>) decidiu nesta quarta-feira (17), por unanimidade, adiar a vota\u00e7\u00e3o do relat\u00f3rio pr\u00e9vio que analisa as contas do governo referentes a 2014 e deu prazo de 30 dias para que a Presidente Dilma Rousseff esclare\u00e7a ind\u00edcios de irregularidades encontradas pela fiscaliza\u00e7\u00e3o, entre elas as chamadas \u201c<span style=\"text-decoration:underline;\">pedaladas fiscais<\/span>.\u201d<\/p>\n<div id=\"entenda_o_caso_284\" class=\"entenda-o-caso componente_materia\">\u00a0<a class=\"box-entenda-o-caso\" href=\"http:\/\/g1.globo.com\/economia\/noticia\/2015\/06\/tcu-julga-contas-do-governo-dilma-e-decidira-sobre-pedaladas-fiscais.html\"> <img loading=\"lazy\" decoding=\"async\" class=\"foto-caso alignleft\" src=\"http:\/\/s2.glbimg.com\/TBZPe_GWUPXRgAV-yPqvQB4OEms=\/0x55:2000x955\/300x135\/s.glbimg.com\/jo\/g1\/f\/original\/2015\/05\/20\/rn-dinheiro-20150209-3_1.jpg\" alt=\"\" width=\"300\" height=\"135\" \/><\/a><\/p>\n<div class=\"conteudo\">\n<div class=\"titulo\"><span style=\"text-decoration:underline;\"><strong>PEDALADAS FISCAIS<\/strong><\/span><\/div>\n<div class=\"sub-titulo\">TCU avalia contas e manobras do Governo<\/div>\n<\/div>\n<ul class=\"lista-de-links\">\n<li class=\"link\"><a href=\"http:\/\/g1.globo.com\/economia\/noticia\/2015\/06\/tcu-julga-contas-do-governo-dilma-e-decidira-sobre-pedaladas-fiscais.html\">entenda a pol\u00eamica<\/a><\/li>\n<li class=\"link\"><a href=\"http:\/\/g1.globo.com\/economia\/noticia\/2015\/06\/ministro-vota-por-dar-prazo-de-30-dias-para-dilma-explicar-pedaladas.html\">adiamento da decis\u00e3o<\/a><\/li>\n<li class=\"link\"><a href=\"http:\/\/g1.globo.com\/economia\/noticia\/2015\/06\/mp-sugere-ministros-do-tcu-que-rejeitem-contas-de-dilma-de-2014.html\">mp sugere rejei\u00e7\u00e3o de contas<\/a><\/li>\n<li class=\"link\"><a href=\"http:\/\/g1.globo.com\/economia\/noticia\/2015\/04\/para-agu-nao-houve-irregularidade-em-pedaladas-fiscais.html\">explica\u00e7\u00e3o do governo<\/a><\/li>\n<li class=\"link\"><a href=\"http:\/\/g1.globo.com\/mundo\/blog\/helio-gurovitz\/post\/pedalada-do-tcu-nas-contas-do-governo.html\">an\u00e1lise: helio gurovitz<\/a><\/li>\n<\/ul>\n<\/div>\n<p>O Plen\u00e1rio do Tribunal seguiu voto do relator do processo sobre as contas de 2014, Ministro Augusto Nardes. \u00c9 a primeira vez que o TCU adia vota\u00e7\u00e3o desse tipo de parecer. A corte tamb\u00e9m nunca votou pela rejei\u00e7\u00e3o as contas de um Presidente.<\/p>\n<p>A Constitui\u00e7\u00e3o prev\u00ea que o TCU deve votar o parecer em at\u00e9 60 dias ap\u00f3s receber a documenta\u00e7\u00e3o, vinda do Congresso. Esse prazo vence no dia 22 de junho e deve ser descumprido para que o tribunal receba as informa\u00e7\u00f5es da presidente.<\/p>\n<p>Investigadas pelo pr\u00f3prio TCU, as &#8220;pedaladas&#8221; foram atrasos do Governo no repasse de verbas para <strong>Bancos P\u00fablicos<\/strong>, que ocorreram entre 2013 e 2014. Esse dinheiro seria destinado ao pagamento de programas como o <span style=\"text-decoration:underline;\">Bolsa Fam\u00edlia<\/span> e o <span style=\"text-decoration:underline;\">Seguro-Desemprego<\/span>.<\/p>\n<p>Sem o repasse, os bancos, como a Caixa Econ\u00f4mica Federal e o Banco do Brasil, tiveram que financiar essas a\u00e7\u00f5es com seus pr\u00f3prios recursos. Para o TCU, essa opera\u00e7\u00e3o configura empr\u00e9stimo de bancos p\u00fablicos para o governo, o que \u00e9 proibido pela Lei de Responsabilidade Fiscal (<strong>LRF<\/strong>).<\/p>\n<p><span style=\"text-decoration:underline;\"><strong>Defesa<\/strong><\/span><br \/>\nAo ler seu parecer pr\u00e9vio, Nardes afirmou que as contas prestadas pelo Governo \u201cn\u00e3o est\u00e3o em condi\u00e7\u00f5es de serem apreciadas\u201d devido a \u201cind\u00edcios de irregularidades\u201d nos gastos p\u00fablicos e de desrespeito \u00e0 Lei de Responsabilidade Fiscal (LRF) e \u00e0 Lei de Diretrizes Or\u00e7ament\u00e1rias (LDO).<\/p>\n<p>Alegando \u201crespeito ao <span style=\"text-decoration:underline;\">princ\u00edpio constitucional da ampla defesa<\/span>\u201d, Nardes prop\u00f4s ao plen\u00e1rio do TCU conceder o prazo de 30 dias para que a Presidente envie explica\u00e7\u00f5es adicionais sobre os problemas apontados em seu parecer. Nesse momento, os ministros votam a proposta de Nardes.<\/p>\n<p><span style=\"text-decoration:underline;\"><strong>Fonte:<\/strong><\/span>\u00a0\u00a0<span style=\"color:#0000ff;\"><strong class=\"fn\">F\u00e1bio Amato e D\u00e9bora Cruz<\/strong> <span class=\"adr\"> <span class=\"locality\">Do G1, em Bras\u00edlia<\/span><\/span><\/span><\/p>\n<p><a ref=\"magnificPopup\" href=\"https:\/\/blogdosrsiape.files.wordpress.com\/2015\/05\/shutterstock_1672480311.jpg\"><img loading=\"lazy\" decoding=\"async\" class=\"alignnone size-medium wp-image-546\" src=\"https:\/\/blogdosrsiape.files.wordpress.com\/2015\/05\/shutterstock_1672480311.jpg?w=210\" alt=\"shutterstock_167248031\" width=\"210\" height=\"300\" \/><\/a><\/p>\n","protected":false},"excerpt":{"rendered":"<p>Atraso em repasse para bancos p\u00fablicos \u00e9 investigado pelo TCU. Augusto Nardes apontou que irregularidades impedem vota\u00e7\u00e3o de parecer. O Tribunal de Contas da Uni\u00e3o (TCU) decidiu nesta quarta-feira (17), por unanimidade, adiar a vota\u00e7\u00e3o do relat\u00f3rio pr\u00e9vio que analisa as contas do governo referentes a 2014 e deu prazo de 30 dias para que&#8230;<\/p>\n","protected":false},"author":1,"featured_media":0,"comment_status":"open","ping_status":"open","sticky":false,"template":"","format":"standard","meta":{"footnotes":""},"categories":[1],"tags":[314,364,608,1381,1728,1854,2087,2296],"class_list":["post-674","post","type-post","status-publish","format-standard","hentry","category-geral","tag-bancos-publicos","tag-bolsa-familia","tag-congresso","tag-lrf","tag-pedaladas-fiscais","tag-presidente","tag-seguro-desemprego","tag-tcu"],"yoast_head":"<!-- This site is optimized with the Yoast SEO plugin v23.6 - https:\/\/yoast.com\/wordpress\/plugins\/seo\/ -->\n<title>TCU adia an\u00e1lise de contas e da 30 dias para Dilma explicar &#039;pedaladas&#039; - Blog do Sr. SIAPE<\/title>\n<meta name=\"robots\" content=\"index, follow, max-snippet:-1, max-image-preview:large, max-video-preview:-1\" \/>\n<link rel=\"canonical\" href=\"https:\/\/blogdosrsiape.net\/tcu-adia-analise-de-contas-e-da-30-dias-para-dilma-explicar-pedaladas\/\" \/>\n<meta property=\"og:locale\" content=\"pt_BR\" \/>\n<meta property=\"og:type\" content=\"article\" \/>\n<meta property=\"og:title\" content=\"TCU adia an\u00e1lise de contas e da 30 dias para Dilma explicar &#039;pedaladas&#039; - Blog do Sr. SIAPE\" \/>\n<meta property=\"og:description\" content=\"Atraso em repasse para bancos p\u00fablicos \u00e9 investigado pelo TCU. Augusto Nardes apontou que irregularidades impedem vota\u00e7\u00e3o de parecer. O Tribunal de Contas da Uni\u00e3o (TCU) decidiu nesta quarta-feira (17), por unanimidade, adiar a vota\u00e7\u00e3o do relat\u00f3rio pr\u00e9vio que analisa as contas do governo referentes a 2014 e deu prazo de 30 dias para que...\" \/>\n<meta property=\"og:url\" content=\"https:\/\/blogdosrsiape.net\/tcu-adia-analise-de-contas-e-da-30-dias-para-dilma-explicar-pedaladas\/\" \/>\n<meta property=\"og:site_name\" content=\"Blog do Sr. SIAPE\" \/>\n<meta property=\"article:publisher\" content=\"https:\/\/www.facebook.com\/blogsrsiape\/?locale=pt_BR\" \/>\n<meta property=\"article:published_time\" content=\"2015-06-17T15:21:30+00:00\" \/>\n<meta property=\"og:image\" content=\"http:\/\/s2.glbimg.com\/TBZPe_GWUPXRgAV-yPqvQB4OEms=\/0x55:2000x955\/300x135\/s.glbimg.com\/jo\/g1\/f\/original\/2015\/05\/20\/rn-dinheiro-20150209-3_1.jpg\" \/>\n<meta name=\"author\" content=\"websitemix\" \/>\n<meta name=\"twitter:card\" content=\"summary_large_image\" \/>\n<meta name=\"twitter:label1\" content=\"Escrito por\" \/>\n\t<meta name=\"twitter:data1\" content=\"websitemix\" \/>\n\t<meta name=\"twitter:label2\" content=\"Est. tempo de leitura\" \/>\n\t<meta name=\"twitter:data2\" content=\"2 minutos\" \/>\n<script type=\"application\/ld+json\" class=\"yoast-schema-graph\">{\"@context\":\"https:\/\/schema.org\",\"@graph\":[{\"@type\":\"Article\",\"@id\":\"https:\/\/blogdosrsiape.net\/tcu-adia-analise-de-contas-e-da-30-dias-para-dilma-explicar-pedaladas\/#article\",\"isPartOf\":{\"@id\":\"https:\/\/blogdosrsiape.net\/tcu-adia-analise-de-contas-e-da-30-dias-para-dilma-explicar-pedaladas\/\"},\"author\":{\"name\":\"websitemix\",\"@id\":\"https:\/\/blogdosrsiape.com\/#\/schema\/person\/641e1af8b22c69725a1d604fb8959bcf\"},\"headline\":\"TCU adia an\u00e1lise de contas e da 30 dias para Dilma explicar &#8216;pedaladas&#8217;\",\"datePublished\":\"2015-06-17T15:21:30+00:00\",\"dateModified\":\"2015-06-17T15:21:30+00:00\",\"mainEntityOfPage\":{\"@id\":\"https:\/\/blogdosrsiape.net\/tcu-adia-analise-de-contas-e-da-30-dias-para-dilma-explicar-pedaladas\/\"},\"wordCount\":411,\"commentCount\":0,\"publisher\":{\"@id\":\"https:\/\/blogdosrsiape.com\/#organization\"},\"image\":{\"@id\":\"https:\/\/blogdosrsiape.net\/tcu-adia-analise-de-contas-e-da-30-dias-para-dilma-explicar-pedaladas\/#primaryimage\"},\"thumbnailUrl\":\"http:\/\/s2.glbimg.com\/TBZPe_GWUPXRgAV-yPqvQB4OEms=\/0x55:2000x955\/300x135\/s.glbimg.com\/jo\/g1\/f\/original\/2015\/05\/20\/rn-dinheiro-20150209-3_1.jpg\",\"keywords\":[\"Bancos P\u00fablicos\",\"Bolsa Fam\u00edlia\",\"Congresso\",\"LRF\",\"PEDALADAS FISCAIS\",\"presidente\",\"Seguro Desemprego\",\"TCU\"],\"articleSection\":[\"Geral\"],\"inLanguage\":\"pt-BR\",\"potentialAction\":[{\"@type\":\"CommentAction\",\"name\":\"Comment\",\"target\":[\"https:\/\/blogdosrsiape.net\/tcu-adia-analise-de-contas-e-da-30-dias-para-dilma-explicar-pedaladas\/#respond\"]}]},{\"@type\":\"WebPage\",\"@id\":\"https:\/\/blogdosrsiape.net\/tcu-adia-analise-de-contas-e-da-30-dias-para-dilma-explicar-pedaladas\/\",\"url\":\"https:\/\/blogdosrsiape.net\/tcu-adia-analise-de-contas-e-da-30-dias-para-dilma-explicar-pedaladas\/\",\"name\":\"TCU adia an\u00e1lise de contas e da 30 dias para Dilma explicar 'pedaladas' - Blog do Sr. SIAPE\",\"isPartOf\":{\"@id\":\"https:\/\/blogdosrsiape.com\/#website\"},\"primaryImageOfPage\":{\"@id\":\"https:\/\/blogdosrsiape.net\/tcu-adia-analise-de-contas-e-da-30-dias-para-dilma-explicar-pedaladas\/#primaryimage\"},\"image\":{\"@id\":\"https:\/\/blogdosrsiape.net\/tcu-adia-analise-de-contas-e-da-30-dias-para-dilma-explicar-pedaladas\/#primaryimage\"},\"thumbnailUrl\":\"http:\/\/s2.glbimg.com\/TBZPe_GWUPXRgAV-yPqvQB4OEms=\/0x55:2000x955\/300x135\/s.glbimg.com\/jo\/g1\/f\/original\/2015\/05\/20\/rn-dinheiro-20150209-3_1.jpg\",\"datePublished\":\"2015-06-17T15:21:30+00:00\",\"dateModified\":\"2015-06-17T15:21:30+00:00\",\"breadcrumb\":{\"@id\":\"https:\/\/blogdosrsiape.net\/tcu-adia-analise-de-contas-e-da-30-dias-para-dilma-explicar-pedaladas\/#breadcrumb\"},\"inLanguage\":\"pt-BR\",\"potentialAction\":[{\"@type\":\"ReadAction\",\"target\":[\"https:\/\/blogdosrsiape.net\/tcu-adia-analise-de-contas-e-da-30-dias-para-dilma-explicar-pedaladas\/\"]}]},{\"@type\":\"ImageObject\",\"inLanguage\":\"pt-BR\",\"@id\":\"https:\/\/blogdosrsiape.net\/tcu-adia-analise-de-contas-e-da-30-dias-para-dilma-explicar-pedaladas\/#primaryimage\",\"url\":\"http:\/\/s2.glbimg.com\/TBZPe_GWUPXRgAV-yPqvQB4OEms=\/0x55:2000x955\/300x135\/s.glbimg.com\/jo\/g1\/f\/original\/2015\/05\/20\/rn-dinheiro-20150209-3_1.jpg\",\"contentUrl\":\"http:\/\/s2.glbimg.com\/TBZPe_GWUPXRgAV-yPqvQB4OEms=\/0x55:2000x955\/300x135\/s.glbimg.com\/jo\/g1\/f\/original\/2015\/05\/20\/rn-dinheiro-20150209-3_1.jpg\"},{\"@type\":\"BreadcrumbList\",\"@id\":\"https:\/\/blogdosrsiape.net\/tcu-adia-analise-de-contas-e-da-30-dias-para-dilma-explicar-pedaladas\/#breadcrumb\",\"itemListElement\":[{\"@type\":\"ListItem\",\"position\":1,\"name\":\"In\u00edcio\",\"item\":\"https:\/\/blogdosrsiape.com\/\"},{\"@type\":\"ListItem\",\"position\":2,\"name\":\"TCU adia an\u00e1lise de contas e da 30 dias para Dilma explicar &#8216;pedaladas&#8217;\"}]},{\"@type\":\"WebSite\",\"@id\":\"https:\/\/blogdosrsiape.com\/#website\",\"url\":\"https:\/\/blogdosrsiape.com\/\",\"name\":\"Blog do sr. SIAPE\",\"description\":\"SIAPE Servidor Federal\",\"publisher\":{\"@id\":\"https:\/\/blogdosrsiape.com\/#organization\"},\"potentialAction\":[{\"@type\":\"SearchAction\",\"target\":{\"@type\":\"EntryPoint\",\"urlTemplate\":\"https:\/\/blogdosrsiape.com\/?s={search_term_string}\"},\"query-input\":{\"@type\":\"PropertyValueSpecification\",\"valueRequired\":true,\"valueName\":\"search_term_string\"}}],\"inLanguage\":\"pt-BR\"},{\"@type\":\"Organization\",\"@id\":\"https:\/\/blogdosrsiape.com\/#organization\",\"name\":\"Blog do sr. SIAPE\",\"url\":\"https:\/\/blogdosrsiape.com\/\",\"logo\":{\"@type\":\"ImageObject\",\"inLanguage\":\"pt-BR\",\"@id\":\"https:\/\/blogdosrsiape.com\/#\/schema\/logo\/image\/\",\"url\":\"https:\/\/11ponto11servidor.com.br\/blogsrsiape\/wp-content\/uploads\/sites\/2\/2024\/10\/logo-1.png\",\"contentUrl\":\"https:\/\/11ponto11servidor.com.br\/blogsrsiape\/wp-content\/uploads\/sites\/2\/2024\/10\/logo-1.png\",\"width\":287,\"height\":116,\"caption\":\"Blog do sr. SIAPE\"},\"image\":{\"@id\":\"https:\/\/blogdosrsiape.com\/#\/schema\/logo\/image\/\"},\"sameAs\":[\"https:\/\/www.facebook.com\/blogsrsiape\/?locale=pt_BR\",\"https:\/\/www.instagram.com\/srsiape\/\"]},{\"@type\":\"Person\",\"@id\":\"https:\/\/blogdosrsiape.com\/#\/schema\/person\/641e1af8b22c69725a1d604fb8959bcf\",\"name\":\"websitemix\",\"sameAs\":[\"https:\/\/11ponto11servidor.com.br\"],\"url\":\"https:\/\/11ponto11servidor.com.br\/blogsrsiape\/author\/websitemix\/\"}]}<\/script>\n<!-- \/ Yoast SEO plugin. -->","yoast_head_json":{"title":"TCU adia an\u00e1lise de contas e da 30 dias para Dilma explicar 'pedaladas' - Blog do Sr. SIAPE","robots":{"index":"index","follow":"follow","max-snippet":"max-snippet:-1","max-image-preview":"max-image-preview:large","max-video-preview":"max-video-preview:-1"},"canonical":"https:\/\/blogdosrsiape.net\/tcu-adia-analise-de-contas-e-da-30-dias-para-dilma-explicar-pedaladas\/","og_locale":"pt_BR","og_type":"article","og_title":"TCU adia an\u00e1lise de contas e da 30 dias para Dilma explicar 'pedaladas' - Blog do Sr. SIAPE","og_description":"Atraso em repasse para bancos p\u00fablicos \u00e9 investigado pelo TCU. Augusto Nardes apontou que irregularidades impedem vota\u00e7\u00e3o de parecer. O Tribunal de Contas da Uni\u00e3o (TCU) decidiu nesta quarta-feira (17), por unanimidade, adiar a vota\u00e7\u00e3o do relat\u00f3rio pr\u00e9vio que analisa as contas do governo referentes a 2014 e deu prazo de 30 dias para que...","og_url":"https:\/\/blogdosrsiape.net\/tcu-adia-analise-de-contas-e-da-30-dias-para-dilma-explicar-pedaladas\/","og_site_name":"Blog do Sr. SIAPE","article_publisher":"https:\/\/www.facebook.com\/blogsrsiape\/?locale=pt_BR","article_published_time":"2015-06-17T15:21:30+00:00","og_image":[{"url":"http:\/\/s2.glbimg.com\/TBZPe_GWUPXRgAV-yPqvQB4OEms=\/0x55:2000x955\/300x135\/s.glbimg.com\/jo\/g1\/f\/original\/2015\/05\/20\/rn-dinheiro-20150209-3_1.jpg"}],"author":"websitemix","twitter_card":"summary_large_image","twitter_misc":{"Escrito por":"websitemix","Est. tempo de leitura":"2 minutos"},"schema":{"@context":"https:\/\/schema.org","@graph":[{"@type":"Article","@id":"https:\/\/blogdosrsiape.net\/tcu-adia-analise-de-contas-e-da-30-dias-para-dilma-explicar-pedaladas\/#article","isPartOf":{"@id":"https:\/\/blogdosrsiape.net\/tcu-adia-analise-de-contas-e-da-30-dias-para-dilma-explicar-pedaladas\/"},"author":{"name":"websitemix","@id":"https:\/\/blogdosrsiape.com\/#\/schema\/person\/641e1af8b22c69725a1d604fb8959bcf"},"headline":"TCU adia an\u00e1lise de contas e da 30 dias para Dilma explicar &#8216;pedaladas&#8217;","datePublished":"2015-06-17T15:21:30+00:00","dateModified":"2015-06-17T15:21:30+00:00","mainEntityOfPage":{"@id":"https:\/\/blogdosrsiape.net\/tcu-adia-analise-de-contas-e-da-30-dias-para-dilma-explicar-pedaladas\/"},"wordCount":411,"commentCount":0,"publisher":{"@id":"https:\/\/blogdosrsiape.com\/#organization"},"image":{"@id":"https:\/\/blogdosrsiape.net\/tcu-adia-analise-de-contas-e-da-30-dias-para-dilma-explicar-pedaladas\/#primaryimage"},"thumbnailUrl":"http:\/\/s2.glbimg.com\/TBZPe_GWUPXRgAV-yPqvQB4OEms=\/0x55:2000x955\/300x135\/s.glbimg.com\/jo\/g1\/f\/original\/2015\/05\/20\/rn-dinheiro-20150209-3_1.jpg","keywords":["Bancos P\u00fablicos","Bolsa Fam\u00edlia","Congresso","LRF","PEDALADAS FISCAIS","presidente","Seguro Desemprego","TCU"],"articleSection":["Geral"],"inLanguage":"pt-BR","potentialAction":[{"@type":"CommentAction","name":"Comment","target":["https:\/\/blogdosrsiape.net\/tcu-adia-analise-de-contas-e-da-30-dias-para-dilma-explicar-pedaladas\/#respond"]}]},{"@type":"WebPage","@id":"https:\/\/blogdosrsiape.net\/tcu-adia-analise-de-contas-e-da-30-dias-para-dilma-explicar-pedaladas\/","url":"https:\/\/blogdosrsiape.net\/tcu-adia-analise-de-contas-e-da-30-dias-para-dilma-explicar-pedaladas\/","name":"TCU adia an\u00e1lise de contas e da 30 dias para Dilma explicar 'pedaladas' - Blog do Sr. SIAPE","isPartOf":{"@id":"https:\/\/blogdosrsiape.com\/#website"},"primaryImageOfPage":{"@id":"https:\/\/blogdosrsiape.net\/tcu-adia-analise-de-contas-e-da-30-dias-para-dilma-explicar-pedaladas\/#primaryimage"},"image":{"@id":"https:\/\/blogdosrsiape.net\/tcu-adia-analise-de-contas-e-da-30-dias-para-dilma-explicar-pedaladas\/#primaryimage"},"thumbnailUrl":"http:\/\/s2.glbimg.com\/TBZPe_GWUPXRgAV-yPqvQB4OEms=\/0x55:2000x955\/300x135\/s.glbimg.com\/jo\/g1\/f\/original\/2015\/05\/20\/rn-dinheiro-20150209-3_1.jpg","datePublished":"2015-06-17T15:21:30+00:00","dateModified":"2015-06-17T15:21:30+00:00","breadcrumb":{"@id":"https:\/\/blogdosrsiape.net\/tcu-adia-analise-de-contas-e-da-30-dias-para-dilma-explicar-pedaladas\/#breadcrumb"},"inLanguage":"pt-BR","potentialAction":[{"@type":"ReadAction","target":["https:\/\/blogdosrsiape.net\/tcu-adia-analise-de-contas-e-da-30-dias-para-dilma-explicar-pedaladas\/"]}]},{"@type":"ImageObject","inLanguage":"pt-BR","@id":"https:\/\/blogdosrsiape.net\/tcu-adia-analise-de-contas-e-da-30-dias-para-dilma-explicar-pedaladas\/#primaryimage","url":"http:\/\/s2.glbimg.com\/TBZPe_GWUPXRgAV-yPqvQB4OEms=\/0x55:2000x955\/300x135\/s.glbimg.com\/jo\/g1\/f\/original\/2015\/05\/20\/rn-dinheiro-20150209-3_1.jpg","contentUrl":"http:\/\/s2.glbimg.com\/TBZPe_GWUPXRgAV-yPqvQB4OEms=\/0x55:2000x955\/300x135\/s.glbimg.com\/jo\/g1\/f\/original\/2015\/05\/20\/rn-dinheiro-20150209-3_1.jpg"},{"@type":"BreadcrumbList","@id":"https:\/\/blogdosrsiape.net\/tcu-adia-analise-de-contas-e-da-30-dias-para-dilma-explicar-pedaladas\/#breadcrumb","itemListElement":[{"@type":"ListItem","position":1,"name":"In\u00edcio","item":"https:\/\/blogdosrsiape.com\/"},{"@type":"ListItem","position":2,"name":"TCU adia an\u00e1lise de contas e da 30 dias para Dilma explicar &#8216;pedaladas&#8217;"}]},{"@type":"WebSite","@id":"https:\/\/blogdosrsiape.com\/#website","url":"https:\/\/blogdosrsiape.com\/","name":"Blog do sr. SIAPE","description":"SIAPE Servidor Federal","publisher":{"@id":"https:\/\/blogdosrsiape.com\/#organization"},"potentialAction":[{"@type":"SearchAction","target":{"@type":"EntryPoint","urlTemplate":"https:\/\/blogdosrsiape.com\/?s={search_term_string}"},"query-input":{"@type":"PropertyValueSpecification","valueRequired":true,"valueName":"search_term_string"}}],"inLanguage":"pt-BR"},{"@type":"Organization","@id":"https:\/\/blogdosrsiape.com\/#organization","name":"Blog do sr. SIAPE","url":"https:\/\/blogdosrsiape.com\/","logo":{"@type":"ImageObject","inLanguage":"pt-BR","@id":"https:\/\/blogdosrsiape.com\/#\/schema\/logo\/image\/","url":"https:\/\/11ponto11servidor.com.br\/blogsrsiape\/wp-content\/uploads\/sites\/2\/2024\/10\/logo-1.png","contentUrl":"https:\/\/11ponto11servidor.com.br\/blogsrsiape\/wp-content\/uploads\/sites\/2\/2024\/10\/logo-1.png","width":287,"height":116,"caption":"Blog do sr. SIAPE"},"image":{"@id":"https:\/\/blogdosrsiape.com\/#\/schema\/logo\/image\/"},"sameAs":["https:\/\/www.facebook.com\/blogsrsiape\/?locale=pt_BR","https:\/\/www.instagram.com\/srsiape\/"]},{"@type":"Person","@id":"https:\/\/blogdosrsiape.com\/#\/schema\/person\/641e1af8b22c69725a1d604fb8959bcf","name":"websitemix","sameAs":["https:\/\/11ponto11servidor.com.br"],"url":"https:\/\/11ponto11servidor.com.br\/blogsrsiape\/author\/websitemix\/"}]}},"_links":{"self":[{"href":"https:\/\/11ponto11servidor.com.br\/blogsrsiape\/wp-json\/wp\/v2\/posts\/674"}],"collection":[{"href":"https:\/\/11ponto11servidor.com.br\/blogsrsiape\/wp-json\/wp\/v2\/posts"}],"about":[{"href":"https:\/\/11ponto11servidor.com.br\/blogsrsiape\/wp-json\/wp\/v2\/types\/post"}],"author":[{"embeddable":true,"href":"https:\/\/11ponto11servidor.com.br\/blogsrsiape\/wp-json\/wp\/v2\/users\/1"}],"replies":[{"embeddable":true,"href":"https:\/\/11ponto11servidor.com.br\/blogsrsiape\/wp-json\/wp\/v2\/comments?post=674"}],"version-history":[{"count":0,"href":"https:\/\/11ponto11servidor.com.br\/blogsrsiape\/wp-json\/wp\/v2\/posts\/674\/revisions"}],"wp:attachment":[{"href":"https:\/\/11ponto11servidor.com.br\/blogsrsiape\/wp-json\/wp\/v2\/media?parent=674"}],"wp:term":[{"taxonomy":"category","embeddable":true,"href":"https:\/\/11ponto11servidor.com.br\/blogsrsiape\/wp-json\/wp\/v2\/categories?post=674"},{"taxonomy":"post_tag","embeddable":true,"href":"https:\/\/11ponto11servidor.com.br\/blogsrsiape\/wp-json\/wp\/v2\/tags?post=674"}],"curies":[{"name":"wp","href":"https:\/\/api.w.org\/{rel}","templated":true}]}}