{"id":6867,"date":"2018-04-26T15:07:36","date_gmt":"2018-04-26T12:07:36","guid":{"rendered":"https:\/\/11ponto11servidor.com.br\/blogsrsiape\/?p=6867"},"modified":"2018-11-26T18:20:56","modified_gmt":"2018-11-26T15:20:56","slug":"servidores-se-organizam-contra-ideia-do-governo-de-adiar-reajuste-para-2020","status":"publish","type":"post","link":"https:\/\/11ponto11servidor.com.br\/blogsrsiape\/servidores-se-organizam-contra-ideia-do-governo-de-adiar-reajuste-para-2020\/","title":{"rendered":"Servidores se organizam contra ideia do governo de adiar reajuste para 2020"},"content":{"rendered":"<section class=\"l-section wpb_row height_large\"><div class=\"l-section-h i-cf\"><div class=\"g-cols vc_row type_default valign_top\"><div class=\"vc_col-sm-12 wpb_column vc_column_container\"><div class=\"vc_column-inner\"><div class=\"wpb_wrapper\"><div class=\"wpb_text_column\" ><div class=\"wpb_wrapper\"><h2>Confedera\u00e7\u00e3o dos Trabalhadores no Servi\u00e7o P\u00fablico Federal Siape\/Sigepe promete &#8220;reagir&#8221; caso o governo leve adiante a medida, que, segundo o Planalto, economizaria R$ 5 bilh\u00f5es<\/h2>\n<p>&nbsp;<\/p>\n<p>Representantes dos servidores p\u00fablicos federais dizem que est\u00e3o dispostos a reagir caso o governo adie para 2020 o reajuste salarial da categoria. O aumento est\u00e1 previsto para o ano que vem, mas o governo considera postergar a medida, com o argumento de que ela \u00e9 necess\u00e1ria para evitar a paralisa\u00e7\u00e3o da m\u00e1quina.<\/p>\n<p>&nbsp;<\/p>\n<p>&#8220;Eu acho que est\u00e3o tentando gerar frases de impacto para continuar com a mesma cantilena de que o servidor p\u00fablico siape\/sigepe gera despesas&#8221;, afirma S\u00e9rgio Ronaldo da Silva, diretor da Confedera\u00e7\u00e3o dos Trabalhadores no Servi\u00e7o P\u00fablico Federal (Condsef), que classifica a medida como &#8220;negativa&#8221; e afirma que, se o governo tentar adiar o reajuste novamente, haver\u00e1 rea\u00e7\u00e3o por parte dos representantes do setor.<\/p>\n<p>&nbsp;<\/p>\n<p>Segundo o governo, o deficit previsto para 2019 \u00e9 de R$ 254,3 bilh\u00f5es. No \u00faltimo s\u00e1bado, os ministros da \u00e1rea econ\u00f4mica Esteves Colnago (Planejamento) e Eduardo Guardia (Fazenda) confirmaram que a medida est\u00e1 em estudo e que, com a posterga\u00e7\u00e3o do aumento, a expectativa \u00e9 de economia de cerca de R$ 5 bilh\u00f5es. De acordo com Guardia, a decis\u00e3o ser\u00e1 tomada somente em agosto, quando o governo encaminhar\u00e1 ao Congresso o Or\u00e7amento do pr\u00f3ximo ano.<\/p>\n<p>&nbsp;<\/p>\n<div>\n<p>Para o presidente do Sindireta-DF, Ibrahim Yusef, a medida \u00e9 \u201cprecipitada\u201d, j\u00e1 que haver\u00e1 uma elei\u00e7\u00e3o e um novo governo a partir de janeiro. &#8220;N\u00e3o sabemos como vai ser a pol\u00edtica salarial. Se vai ser de arrocho ou n\u00e3o.&#8221; Ele defende que a categoria mostre aos agentes pol\u00edticos a real necessidade de uma pol\u00edtica de reajuste salarial, &#8220;inclusive para repercutir na economia&#8221;, disse. Na opini\u00e3o de Yusef, os aumentos salarias colocam a economia para girar e ajudam a reaquec\u00ea-la. &#8220;Se est\u00e1 havendo recess\u00e3o, o governo tem que achar uma forma de reaquecer a economia. Eu acredito que eles estejam na contram\u00e3o de tirar o pa\u00eds do atoleiro&#8221;, afirmou.<\/p>\n<p>&nbsp;<\/p>\n<p>A \u00faltima tentativa do governo de adiar o reajuste dos servidores siape\/sigepe esbarrou no Supremo Tribunal Federal (STF). Por meio de uma liminar, concedida pelo ministro Ricardo Lewandowski, a medida provis\u00f3ria (MP), editada no fim do ano passado, que postergava o aumento de 2018 para <a href=\"https:\/\/11ponto11servidor.com.br\/blogsrsiape\/salarios\/governo-diz-que-tera-de-adiar-reajuste-de-servidores-para-fechar-as-contas-em-2019\/\">2019, foi suspensa<\/a>. A MP perdeu a validade no in\u00edcio de abril sem ser votada pelo Congresso ou analisada pelo pleno do STF. O ministro da Fazenda avalia que, mesmo com uma rejei\u00e7\u00e3o da medida pelo Congresso atual, o cen\u00e1rio do pr\u00f3ximo ano deve mudar e existe a possibilidade de que o novo presidente aprove a proposta.<\/p>\n<p>[responsivevoice_button voice=&#8217;Brazilian Portuguese Female&#8217;]<\/p>\n<h2><\/h2>\n<p>Obrigado por acessar nosso Blog!<\/p>\n<p><strong>Fonte:<\/strong> <a href=\"https:\/\/www.correiobraziliense.com.br\/app\/noticia\/economia\/2018\/04\/24\/internas_economia,675807\/servidores-se-organizam-contra-governo-de-adiar-reajuste-para-2020.shtml\">Correio Braziliense<\/a><\/p>\n<\/div>\n<\/div><\/div><\/div><\/div><\/div><\/div><\/div><\/section>\n","protected":false},"excerpt":{"rendered":"Confedera\u00e7\u00e3o dos Trabalhadores no Servi\u00e7o P\u00fablico Federal Siape\/Sigepe promete &#8220;reagir&#8221; caso o governo leve adiante a medida, que, segundo o Planalto, economizaria R$ 5 bilh\u00f5es &nbsp; Representantes dos servidores p\u00fablicos federais dizem que est\u00e3o dispostos a reagir caso o governo adie para 2020 o reajuste salarial da categoria. O aumento est\u00e1 previsto para o ano...","protected":false},"author":1,"featured_media":6875,"comment_status":"open","ping_status":"open","sticky":false,"template":"","format":"standard","meta":{"footnotes":""},"categories":[1,66],"tags":[1111,1927,2125,2128,2135,2152,2519,2158],"class_list":["post-6867","post","type-post","status-publish","format-standard","has-post-thumbnail","hentry","category-geral","category-salarios","tag-governo-federal","tag-reajuste-salarial","tag-servidor-federal","tag-servidores","tag-servidores-publicos-federais","tag-siape","tag-sigac","tag-sigepe"],"yoast_head":"<!-- This site is optimized with the Yoast SEO plugin v23.6 - https:\/\/yoast.com\/wordpress\/plugins\/seo\/ -->\n<title>Servidores se organizam contra ideia do governo... - Blog do Sr Siape<\/title>\n<meta name=\"description\" content=\"Representantes dos servidores p\u00fablicos federais dizem que est\u00e3o dispostos a reagir caso o governo adie para 2020 o reajuste salarial da categoria.\" \/>\n<meta name=\"robots\" content=\"index, follow, max-snippet:-1, max-image-preview:large, max-video-preview:-1\" \/>\n<link rel=\"canonical\" href=\"https:\/\/blogdosrsiape.com\/servidores-se-organizam-contra-ideia-do-governo-de-adiar-reajuste-para-2020\/\" \/>\n<meta property=\"og:locale\" content=\"pt_BR\" \/>\n<meta property=\"og:type\" content=\"article\" \/>\n<meta property=\"og:title\" content=\"Servidores se organizam contra ideia do governo... - Blog do Sr Siape\" \/>\n<meta property=\"og:description\" content=\"Representantes dos servidores p\u00fablicos federais dizem que est\u00e3o dispostos a reagir caso o governo adie para 2020 o reajuste salarial da categoria.\" \/>\n<meta property=\"og:url\" content=\"https:\/\/blogdosrsiape.com\/servidores-se-organizam-contra-ideia-do-governo-de-adiar-reajuste-para-2020\/\" \/>\n<meta property=\"og:site_name\" content=\"Blog do Sr. SIAPE\" \/>\n<meta property=\"article:publisher\" content=\"https:\/\/www.facebook.com\/blogsrsiape\/?locale=pt_BR\" \/>\n<meta property=\"article:published_time\" content=\"2018-04-26T12:07:36+00:00\" \/>\n<meta property=\"article:modified_time\" content=\"2018-11-26T15:20:56+00:00\" \/>\n<meta property=\"og:image\" content=\"https:\/\/11ponto11servidor.com.br\/blogsrsiape\/wp-content\/uploads\/sites\/2\/2018\/04\/2020-1.jpg\" \/>\n\t<meta property=\"og:image:width\" content=\"1280\" \/>\n\t<meta property=\"og:image:height\" content=\"875\" \/>\n\t<meta property=\"og:image:type\" content=\"image\/jpeg\" \/>\n<meta name=\"author\" content=\"websitemix\" \/>\n<meta name=\"twitter:card\" content=\"summary_large_image\" \/>\n<meta name=\"twitter:label1\" content=\"Escrito por\" \/>\n\t<meta name=\"twitter:data1\" content=\"websitemix\" \/>\n\t<meta name=\"twitter:label2\" content=\"Est. tempo de leitura\" \/>\n\t<meta name=\"twitter:data2\" content=\"2 minutos\" \/>\n<script type=\"application\/ld+json\" class=\"yoast-schema-graph\">{\"@context\":\"https:\/\/schema.org\",\"@graph\":[{\"@type\":\"Article\",\"@id\":\"https:\/\/blogdosrsiape.com\/servidores-se-organizam-contra-ideia-do-governo-de-adiar-reajuste-para-2020\/#article\",\"isPartOf\":{\"@id\":\"https:\/\/blogdosrsiape.com\/servidores-se-organizam-contra-ideia-do-governo-de-adiar-reajuste-para-2020\/\"},\"author\":{\"name\":\"websitemix\",\"@id\":\"https:\/\/blogdosrsiape.com\/#\/schema\/person\/641e1af8b22c69725a1d604fb8959bcf\"},\"headline\":\"Servidores se organizam contra ideia do governo de adiar reajuste para 2020\",\"datePublished\":\"2018-04-26T12:07:36+00:00\",\"dateModified\":\"2018-11-26T15:20:56+00:00\",\"mainEntityOfPage\":{\"@id\":\"https:\/\/blogdosrsiape.com\/servidores-se-organizam-contra-ideia-do-governo-de-adiar-reajuste-para-2020\/\"},\"wordCount\":501,\"commentCount\":0,\"publisher\":{\"@id\":\"https:\/\/blogdosrsiape.com\/#organization\"},\"image\":{\"@id\":\"https:\/\/blogdosrsiape.com\/servidores-se-organizam-contra-ideia-do-governo-de-adiar-reajuste-para-2020\/#primaryimage\"},\"thumbnailUrl\":\"https:\/\/11ponto11servidor.com.br\/blogsrsiape\/wp-content\/uploads\/sites\/2\/2018\/04\/2020-1.jpg\",\"keywords\":[\"Governo Federal\",\"Reajuste Salarial\",\"Servidor Federal\",\"Servidores\",\"SERVIDORES P\u00daBLICOS FEDERAIS\",\"Siape\",\"SIGAC\",\"SIGEPE\"],\"articleSection\":[\"Geral\",\"Sal\u00e1rios\"],\"inLanguage\":\"pt-BR\",\"potentialAction\":[{\"@type\":\"CommentAction\",\"name\":\"Comment\",\"target\":[\"https:\/\/blogdosrsiape.com\/servidores-se-organizam-contra-ideia-do-governo-de-adiar-reajuste-para-2020\/#respond\"]}]},{\"@type\":\"WebPage\",\"@id\":\"https:\/\/blogdosrsiape.com\/servidores-se-organizam-contra-ideia-do-governo-de-adiar-reajuste-para-2020\/\",\"url\":\"https:\/\/blogdosrsiape.com\/servidores-se-organizam-contra-ideia-do-governo-de-adiar-reajuste-para-2020\/\",\"name\":\"Servidores se organizam contra ideia do governo... - Blog do Sr Siape\",\"isPartOf\":{\"@id\":\"https:\/\/blogdosrsiape.com\/#website\"},\"primaryImageOfPage\":{\"@id\":\"https:\/\/blogdosrsiape.com\/servidores-se-organizam-contra-ideia-do-governo-de-adiar-reajuste-para-2020\/#primaryimage\"},\"image\":{\"@id\":\"https:\/\/blogdosrsiape.com\/servidores-se-organizam-contra-ideia-do-governo-de-adiar-reajuste-para-2020\/#primaryimage\"},\"thumbnailUrl\":\"https:\/\/11ponto11servidor.com.br\/blogsrsiape\/wp-content\/uploads\/sites\/2\/2018\/04\/2020-1.jpg\",\"datePublished\":\"2018-04-26T12:07:36+00:00\",\"dateModified\":\"2018-11-26T15:20:56+00:00\",\"description\":\"Representantes dos servidores p\u00fablicos federais dizem que est\u00e3o dispostos a reagir caso o governo adie para 2020 o reajuste salarial da categoria.\",\"breadcrumb\":{\"@id\":\"https:\/\/blogdosrsiape.com\/servidores-se-organizam-contra-ideia-do-governo-de-adiar-reajuste-para-2020\/#breadcrumb\"},\"inLanguage\":\"pt-BR\",\"potentialAction\":[{\"@type\":\"ReadAction\",\"target\":[\"https:\/\/blogdosrsiape.com\/servidores-se-organizam-contra-ideia-do-governo-de-adiar-reajuste-para-2020\/\"]}]},{\"@type\":\"ImageObject\",\"inLanguage\":\"pt-BR\",\"@id\":\"https:\/\/blogdosrsiape.com\/servidores-se-organizam-contra-ideia-do-governo-de-adiar-reajuste-para-2020\/#primaryimage\",\"url\":\"https:\/\/11ponto11servidor.com.br\/blogsrsiape\/wp-content\/uploads\/sites\/2\/2018\/04\/2020-1.jpg\",\"contentUrl\":\"https:\/\/11ponto11servidor.com.br\/blogsrsiape\/wp-content\/uploads\/sites\/2\/2018\/04\/2020-1.jpg\",\"width\":1280,\"height\":875,\"caption\":\"reajuste\"},{\"@type\":\"BreadcrumbList\",\"@id\":\"https:\/\/blogdosrsiape.com\/servidores-se-organizam-contra-ideia-do-governo-de-adiar-reajuste-para-2020\/#breadcrumb\",\"itemListElement\":[{\"@type\":\"ListItem\",\"position\":1,\"name\":\"In\u00edcio\",\"item\":\"https:\/\/blogdosrsiape.com\/\"},{\"@type\":\"ListItem\",\"position\":2,\"name\":\"Servidores se organizam contra ideia do governo de adiar reajuste para 2020\"}]},{\"@type\":\"WebSite\",\"@id\":\"https:\/\/blogdosrsiape.com\/#website\",\"url\":\"https:\/\/blogdosrsiape.com\/\",\"name\":\"Blog do sr. SIAPE\",\"description\":\"SIAPE Servidor Federal\",\"publisher\":{\"@id\":\"https:\/\/blogdosrsiape.com\/#organization\"},\"potentialAction\":[{\"@type\":\"SearchAction\",\"target\":{\"@type\":\"EntryPoint\",\"urlTemplate\":\"https:\/\/blogdosrsiape.com\/?s={search_term_string}\"},\"query-input\":{\"@type\":\"PropertyValueSpecification\",\"valueRequired\":true,\"valueName\":\"search_term_string\"}}],\"inLanguage\":\"pt-BR\"},{\"@type\":\"Organization\",\"@id\":\"https:\/\/blogdosrsiape.com\/#organization\",\"name\":\"Blog do sr. SIAPE\",\"url\":\"https:\/\/blogdosrsiape.com\/\",\"logo\":{\"@type\":\"ImageObject\",\"inLanguage\":\"pt-BR\",\"@id\":\"https:\/\/blogdosrsiape.com\/#\/schema\/logo\/image\/\",\"url\":\"https:\/\/11ponto11servidor.com.br\/blogsrsiape\/wp-content\/uploads\/sites\/2\/2024\/10\/logo-1.png\",\"contentUrl\":\"https:\/\/11ponto11servidor.com.br\/blogsrsiape\/wp-content\/uploads\/sites\/2\/2024\/10\/logo-1.png\",\"width\":287,\"height\":116,\"caption\":\"Blog do sr. SIAPE\"},\"image\":{\"@id\":\"https:\/\/blogdosrsiape.com\/#\/schema\/logo\/image\/\"},\"sameAs\":[\"https:\/\/www.facebook.com\/blogsrsiape\/?locale=pt_BR\",\"https:\/\/www.instagram.com\/srsiape\/\"]},{\"@type\":\"Person\",\"@id\":\"https:\/\/blogdosrsiape.com\/#\/schema\/person\/641e1af8b22c69725a1d604fb8959bcf\",\"name\":\"websitemix\",\"sameAs\":[\"https:\/\/11ponto11servidor.com.br\"],\"url\":\"https:\/\/11ponto11servidor.com.br\/blogsrsiape\/author\/websitemix\/\"}]}<\/script>\n<!-- \/ Yoast SEO plugin. -->","yoast_head_json":{"title":"Servidores se organizam contra ideia do governo... - Blog do Sr Siape","description":"Representantes dos servidores p\u00fablicos federais dizem que est\u00e3o dispostos a reagir caso o governo adie para 2020 o reajuste salarial da categoria.","robots":{"index":"index","follow":"follow","max-snippet":"max-snippet:-1","max-image-preview":"max-image-preview:large","max-video-preview":"max-video-preview:-1"},"canonical":"https:\/\/blogdosrsiape.com\/servidores-se-organizam-contra-ideia-do-governo-de-adiar-reajuste-para-2020\/","og_locale":"pt_BR","og_type":"article","og_title":"Servidores se organizam contra ideia do governo... - Blog do Sr Siape","og_description":"Representantes dos servidores p\u00fablicos federais dizem que est\u00e3o dispostos a reagir caso o governo adie para 2020 o reajuste salarial da categoria.","og_url":"https:\/\/blogdosrsiape.com\/servidores-se-organizam-contra-ideia-do-governo-de-adiar-reajuste-para-2020\/","og_site_name":"Blog do Sr. SIAPE","article_publisher":"https:\/\/www.facebook.com\/blogsrsiape\/?locale=pt_BR","article_published_time":"2018-04-26T12:07:36+00:00","article_modified_time":"2018-11-26T15:20:56+00:00","og_image":[{"width":1280,"height":875,"url":"https:\/\/11ponto11servidor.com.br\/blogsrsiape\/wp-content\/uploads\/sites\/2\/2018\/04\/2020-1.jpg","type":"image\/jpeg"}],"author":"websitemix","twitter_card":"summary_large_image","twitter_misc":{"Escrito por":"websitemix","Est. tempo de leitura":"2 minutos"},"schema":{"@context":"https:\/\/schema.org","@graph":[{"@type":"Article","@id":"https:\/\/blogdosrsiape.com\/servidores-se-organizam-contra-ideia-do-governo-de-adiar-reajuste-para-2020\/#article","isPartOf":{"@id":"https:\/\/blogdosrsiape.com\/servidores-se-organizam-contra-ideia-do-governo-de-adiar-reajuste-para-2020\/"},"author":{"name":"websitemix","@id":"https:\/\/blogdosrsiape.com\/#\/schema\/person\/641e1af8b22c69725a1d604fb8959bcf"},"headline":"Servidores se organizam contra ideia do governo de adiar reajuste para 2020","datePublished":"2018-04-26T12:07:36+00:00","dateModified":"2018-11-26T15:20:56+00:00","mainEntityOfPage":{"@id":"https:\/\/blogdosrsiape.com\/servidores-se-organizam-contra-ideia-do-governo-de-adiar-reajuste-para-2020\/"},"wordCount":501,"commentCount":0,"publisher":{"@id":"https:\/\/blogdosrsiape.com\/#organization"},"image":{"@id":"https:\/\/blogdosrsiape.com\/servidores-se-organizam-contra-ideia-do-governo-de-adiar-reajuste-para-2020\/#primaryimage"},"thumbnailUrl":"https:\/\/11ponto11servidor.com.br\/blogsrsiape\/wp-content\/uploads\/sites\/2\/2018\/04\/2020-1.jpg","keywords":["Governo Federal","Reajuste Salarial","Servidor Federal","Servidores","SERVIDORES P\u00daBLICOS FEDERAIS","Siape","SIGAC","SIGEPE"],"articleSection":["Geral","Sal\u00e1rios"],"inLanguage":"pt-BR","potentialAction":[{"@type":"CommentAction","name":"Comment","target":["https:\/\/blogdosrsiape.com\/servidores-se-organizam-contra-ideia-do-governo-de-adiar-reajuste-para-2020\/#respond"]}]},{"@type":"WebPage","@id":"https:\/\/blogdosrsiape.com\/servidores-se-organizam-contra-ideia-do-governo-de-adiar-reajuste-para-2020\/","url":"https:\/\/blogdosrsiape.com\/servidores-se-organizam-contra-ideia-do-governo-de-adiar-reajuste-para-2020\/","name":"Servidores se organizam contra ideia do governo... - Blog do Sr Siape","isPartOf":{"@id":"https:\/\/blogdosrsiape.com\/#website"},"primaryImageOfPage":{"@id":"https:\/\/blogdosrsiape.com\/servidores-se-organizam-contra-ideia-do-governo-de-adiar-reajuste-para-2020\/#primaryimage"},"image":{"@id":"https:\/\/blogdosrsiape.com\/servidores-se-organizam-contra-ideia-do-governo-de-adiar-reajuste-para-2020\/#primaryimage"},"thumbnailUrl":"https:\/\/11ponto11servidor.com.br\/blogsrsiape\/wp-content\/uploads\/sites\/2\/2018\/04\/2020-1.jpg","datePublished":"2018-04-26T12:07:36+00:00","dateModified":"2018-11-26T15:20:56+00:00","description":"Representantes dos servidores p\u00fablicos federais dizem que est\u00e3o dispostos a reagir caso o governo adie para 2020 o reajuste salarial da categoria.","breadcrumb":{"@id":"https:\/\/blogdosrsiape.com\/servidores-se-organizam-contra-ideia-do-governo-de-adiar-reajuste-para-2020\/#breadcrumb"},"inLanguage":"pt-BR","potentialAction":[{"@type":"ReadAction","target":["https:\/\/blogdosrsiape.com\/servidores-se-organizam-contra-ideia-do-governo-de-adiar-reajuste-para-2020\/"]}]},{"@type":"ImageObject","inLanguage":"pt-BR","@id":"https:\/\/blogdosrsiape.com\/servidores-se-organizam-contra-ideia-do-governo-de-adiar-reajuste-para-2020\/#primaryimage","url":"https:\/\/11ponto11servidor.com.br\/blogsrsiape\/wp-content\/uploads\/sites\/2\/2018\/04\/2020-1.jpg","contentUrl":"https:\/\/11ponto11servidor.com.br\/blogsrsiape\/wp-content\/uploads\/sites\/2\/2018\/04\/2020-1.jpg","width":1280,"height":875,"caption":"reajuste"},{"@type":"BreadcrumbList","@id":"https:\/\/blogdosrsiape.com\/servidores-se-organizam-contra-ideia-do-governo-de-adiar-reajuste-para-2020\/#breadcrumb","itemListElement":[{"@type":"ListItem","position":1,"name":"In\u00edcio","item":"https:\/\/blogdosrsiape.com\/"},{"@type":"ListItem","position":2,"name":"Servidores se organizam contra ideia do governo de adiar reajuste para 2020"}]},{"@type":"WebSite","@id":"https:\/\/blogdosrsiape.com\/#website","url":"https:\/\/blogdosrsiape.com\/","name":"Blog do sr. SIAPE","description":"SIAPE Servidor Federal","publisher":{"@id":"https:\/\/blogdosrsiape.com\/#organization"},"potentialAction":[{"@type":"SearchAction","target":{"@type":"EntryPoint","urlTemplate":"https:\/\/blogdosrsiape.com\/?s={search_term_string}"},"query-input":{"@type":"PropertyValueSpecification","valueRequired":true,"valueName":"search_term_string"}}],"inLanguage":"pt-BR"},{"@type":"Organization","@id":"https:\/\/blogdosrsiape.com\/#organization","name":"Blog do sr. SIAPE","url":"https:\/\/blogdosrsiape.com\/","logo":{"@type":"ImageObject","inLanguage":"pt-BR","@id":"https:\/\/blogdosrsiape.com\/#\/schema\/logo\/image\/","url":"https:\/\/11ponto11servidor.com.br\/blogsrsiape\/wp-content\/uploads\/sites\/2\/2024\/10\/logo-1.png","contentUrl":"https:\/\/11ponto11servidor.com.br\/blogsrsiape\/wp-content\/uploads\/sites\/2\/2024\/10\/logo-1.png","width":287,"height":116,"caption":"Blog do sr. SIAPE"},"image":{"@id":"https:\/\/blogdosrsiape.com\/#\/schema\/logo\/image\/"},"sameAs":["https:\/\/www.facebook.com\/blogsrsiape\/?locale=pt_BR","https:\/\/www.instagram.com\/srsiape\/"]},{"@type":"Person","@id":"https:\/\/blogdosrsiape.com\/#\/schema\/person\/641e1af8b22c69725a1d604fb8959bcf","name":"websitemix","sameAs":["https:\/\/11ponto11servidor.com.br"],"url":"https:\/\/11ponto11servidor.com.br\/blogsrsiape\/author\/websitemix\/"}]}},"_links":{"self":[{"href":"https:\/\/11ponto11servidor.com.br\/blogsrsiape\/wp-json\/wp\/v2\/posts\/6867"}],"collection":[{"href":"https:\/\/11ponto11servidor.com.br\/blogsrsiape\/wp-json\/wp\/v2\/posts"}],"about":[{"href":"https:\/\/11ponto11servidor.com.br\/blogsrsiape\/wp-json\/wp\/v2\/types\/post"}],"author":[{"embeddable":true,"href":"https:\/\/11ponto11servidor.com.br\/blogsrsiape\/wp-json\/wp\/v2\/users\/1"}],"replies":[{"embeddable":true,"href":"https:\/\/11ponto11servidor.com.br\/blogsrsiape\/wp-json\/wp\/v2\/comments?post=6867"}],"version-history":[{"count":0,"href":"https:\/\/11ponto11servidor.com.br\/blogsrsiape\/wp-json\/wp\/v2\/posts\/6867\/revisions"}],"wp:featuredmedia":[{"embeddable":true,"href":"https:\/\/11ponto11servidor.com.br\/blogsrsiape\/wp-json\/wp\/v2\/media\/6875"}],"wp:attachment":[{"href":"https:\/\/11ponto11servidor.com.br\/blogsrsiape\/wp-json\/wp\/v2\/media?parent=6867"}],"wp:term":[{"taxonomy":"category","embeddable":true,"href":"https:\/\/11ponto11servidor.com.br\/blogsrsiape\/wp-json\/wp\/v2\/categories?post=6867"},{"taxonomy":"post_tag","embeddable":true,"href":"https:\/\/11ponto11servidor.com.br\/blogsrsiape\/wp-json\/wp\/v2\/tags?post=6867"}],"curies":[{"name":"wp","href":"https:\/\/api.w.org\/{rel}","templated":true}]}}