{"id":741,"date":"2015-06-26T20:30:06","date_gmt":"2015-06-26T20:30:06","guid":{"rendered":"http:\/\/www.blogdosrsiape.net\/?p=741"},"modified":"2015-06-26T20:30:06","modified_gmt":"2015-06-26T20:30:06","slug":"servidores-federais-se-revoltam-com-possibilidade-de-o-governo-do-distrito-federal-demitir-concursados","status":"publish","type":"post","link":"https:\/\/11ponto11servidor.com.br\/blogsrsiape\/servidores-federais-se-revoltam-com-possibilidade-de-o-governo-do-distrito-federal-demitir-concursados\/","title":{"rendered":"Servidores Federais se revoltam com possibilidade de o Governo do Distrito Federal demitir concursados"},"content":{"rendered":"<h3 class=\"news-subtit margin-bottom-20\">A possibilidade de o Governo Federal demitir concursados por arrocho fiscal provocou a rea\u00e7\u00e3o de sindicatos. Chefe da Casa Civil diz que o esfor\u00e7o tem sido grande para evitar situa\u00e7\u00f5es extremas e pede, mais uma vez, a compreens\u00e3o da sociedade.<\/h3>\n<p>Causou revolta em Servidores P\u00fablicos Federais do governo do Distrito Federal (<strong>GDF<\/strong>) a possibilidade de haver demiss\u00f5es de funcion\u00e1rios concursados, caso o Executivo atinja o limite da Lei de Responsabilidade Fiscal (<strong>LRF<\/strong>). Par\u00e2metro para Administra\u00e7\u00e3o P\u00fablica no Brasil, a LRF estabelece que o Executivo pode gastar, no m\u00e1ximo, 49% da Receita Corrente L\u00edquida mensal com folha de pagamentos. Como a atual gest\u00e3o j\u00e1 passou dos 47%, o Governo teme que os reajustes a mais de 30 categorias, a se concretizarem at\u00e9 o fim do ano, representem um acr\u00e9scimo nos gastos com pessoal a ponto de desrespeitar a lei.<\/p>\n<div class=\"news__image center\">\n<figure><a ref=\"magnificPopup\" href=\"http:\/\/www.blogdosrsiape.net\/wp-content\/uploads\/2015\/06\/greve-em-bras\u00edlia.jpg\"><img loading=\"lazy\" decoding=\"async\" class=\"alignnone size-full wp-image-742\" src=\"http:\/\/www.blogdosrsiape.net\/wp-content\/uploads\/2015\/06\/greve-em-bras\u00edlia.jpg\" alt=\"greve em bras\u00edlia\" width=\"750\" height=\"500\" \/><\/a><figcaption class=\"content-desc-gallery\">Manifesta\u00e7\u00e3o de Servidores P\u00fablicos em frente ao Buriti: sindicatos acusam governo de fazer jogo pol\u00edtico<\/figcaption><\/figure>\n<\/div>\n<p>Segundo o chefe da Casa Civil, H\u00e9lio Doyle, caso as medidas para aumento da arrecada\u00e7\u00e3o tribut\u00e1ria a serem enviadas \u00e0 C\u00e2mara Legislativa n\u00e3o sejam aprovadas, a solu\u00e7\u00e3o para reduzir gastos com funcion\u00e1rios e se readequar \u00e0 legisla\u00e7\u00e3o ter\u00e1 de ser demiss\u00e3o de comissionados e, em uma situa\u00e7\u00e3o extrema, exonera\u00e7\u00e3o de servidores n\u00e3o est\u00e1veis \u2014 os que entraram no quadro do Estado por concurso h\u00e1 menos de tr\u00eas anos.<\/p>\n<p>Sindicatos classificam as declara\u00e7\u00f5es como \u201cabsurdas\u201d e ressaltam o clima de terror em reparti\u00e7\u00f5es ap\u00f3s as afirma\u00e7\u00f5es. Segundo Paulo Blair, doutor em direito constitucional pela Universidade de Bras\u00edlia (<strong>UnB<\/strong>), a demiss\u00e3o de funcion\u00e1rios de carreira de fato est\u00e1 prevista no artigo 169 da Constitui\u00e7\u00e3o Federal. A medida pode ocorrer quando o Executivo recebe um alerta por estar no limite prudencial da LRF e n\u00e3o consegue sair da situa\u00e7\u00e3o no prazo estabelecido pelo \u00f3rg\u00e3o de controle. Ap\u00f3s esse per\u00edodo, se o Executivo n\u00e3o tiver reequilibrado as contas, fica obrigado a tomar uma s\u00e9rie de medidas, como a proibi\u00e7\u00e3o de conceder benef\u00edcios e da cria\u00e7\u00e3o de cargos. Tamb\u00e9m tem que cortar gastos com pessoal \u2014 primeiro com fun\u00e7\u00f5es comissionadas, depois servidores n\u00e3o est\u00e1veis e a\u00ed, ent\u00e3o, demitir funcion\u00e1rios est\u00e1veis.<\/p>\n<p>&nbsp;<\/p>\n<p><strong><span style=\"text-decoration: underline;\">Fonte:<\/span> <span style=\"color: #0000ff;\">Correio Braziliense<\/span><\/strong><\/p>\n<p>&nbsp;<\/p>\n<p><a ref=\"magnificPopup\" href=\"http:\/\/www.blogdosrsiape.net\/wp-content\/uploads\/2015\/06\/shutterstock_167248031.jpg\"><img loading=\"lazy\" decoding=\"async\" class=\"alignnone size-medium wp-image-699\" src=\"http:\/\/www.blogdosrsiape.net\/wp-content\/uploads\/2015\/06\/shutterstock_167248031-210x300.jpg\" alt=\"shutterstock_167248031\" width=\"210\" height=\"300\" \/><\/a><\/p>\n","protected":false},"excerpt":{"rendered":"<p>A possibilidade de o Governo Federal demitir concursados por arrocho fiscal provocou a rea\u00e7\u00e3o de sindicatos. Chefe da Casa Civil diz que o esfor\u00e7o tem sido grande para evitar situa\u00e7\u00f5es extremas e pede, mais uma vez, a compreens\u00e3o da sociedade. Causou revolta em Servidores P\u00fablicos Federais do governo do Distrito Federal (GDF) a possibilidade de&#8230;<\/p>\n","protected":false},"author":1,"featured_media":0,"comment_status":"open","ping_status":"open","sticky":false,"template":"","format":"standard","meta":{"footnotes":""},"categories":[31],"tags":[120,414,457,627,931,1088,1110,1381,2135,2425],"class_list":["post-741","post","type-post","status-publish","format-standard","hentry","category-economia","tag-administracao-publica","tag-camara-legislativa","tag-casa-civil","tag-constituicao-federal","tag-executivo","tag-gdf","tag-governo-do-distrito-federal","tag-lrf","tag-servidores-publicos-federais","tag-unb"],"yoast_head":"<!-- This site is optimized with the Yoast SEO plugin v23.6 - https:\/\/yoast.com\/wordpress\/plugins\/seo\/ -->\n<title>Servidores Federais se revoltam com possibilidade de o Governo do Distrito Federal demitir concursados - Blog do Sr. SIAPE<\/title>\n<meta name=\"robots\" content=\"index, follow, max-snippet:-1, max-image-preview:large, max-video-preview:-1\" \/>\n<link rel=\"canonical\" href=\"https:\/\/blogdosrsiape.com\/servidores-federais-se-revoltam-com-possibilidade-de-o-governo-do-distrito-federal-demitir-concursados\/\" \/>\n<meta property=\"og:locale\" content=\"pt_BR\" \/>\n<meta property=\"og:type\" content=\"article\" \/>\n<meta property=\"og:title\" content=\"Servidores Federais se revoltam com possibilidade de o Governo do Distrito Federal demitir concursados - Blog do Sr. SIAPE\" \/>\n<meta property=\"og:description\" content=\"A possibilidade de o Governo Federal demitir concursados por arrocho fiscal provocou a rea\u00e7\u00e3o de sindicatos. Chefe da Casa Civil diz que o esfor\u00e7o tem sido grande para evitar situa\u00e7\u00f5es extremas e pede, mais uma vez, a compreens\u00e3o da sociedade. Causou revolta em Servidores P\u00fablicos Federais do governo do Distrito Federal (GDF) a possibilidade de...\" \/>\n<meta property=\"og:url\" content=\"https:\/\/blogdosrsiape.com\/servidores-federais-se-revoltam-com-possibilidade-de-o-governo-do-distrito-federal-demitir-concursados\/\" \/>\n<meta property=\"og:site_name\" content=\"Blog do Sr. SIAPE\" \/>\n<meta property=\"article:publisher\" content=\"https:\/\/www.facebook.com\/blogsrsiape\/?locale=pt_BR\" \/>\n<meta property=\"article:published_time\" content=\"2015-06-26T20:30:06+00:00\" \/>\n<meta property=\"og:image\" content=\"http:\/\/www.blogdosrsiape.net\/wp-content\/uploads\/2015\/06\/shutterstock_167248031-210x300.jpg\" \/>\n<meta name=\"author\" content=\"websitemix\" \/>\n<meta name=\"twitter:card\" content=\"summary_large_image\" \/>\n<meta name=\"twitter:label1\" content=\"Escrito por\" \/>\n\t<meta name=\"twitter:data1\" content=\"websitemix\" \/>\n\t<meta name=\"twitter:label2\" content=\"Est. tempo de leitura\" \/>\n\t<meta name=\"twitter:data2\" content=\"2 minutos\" \/>\n<script type=\"application\/ld+json\" class=\"yoast-schema-graph\">{\"@context\":\"https:\/\/schema.org\",\"@graph\":[{\"@type\":\"Article\",\"@id\":\"https:\/\/blogdosrsiape.com\/servidores-federais-se-revoltam-com-possibilidade-de-o-governo-do-distrito-federal-demitir-concursados\/#article\",\"isPartOf\":{\"@id\":\"https:\/\/blogdosrsiape.com\/servidores-federais-se-revoltam-com-possibilidade-de-o-governo-do-distrito-federal-demitir-concursados\/\"},\"author\":{\"name\":\"websitemix\",\"@id\":\"https:\/\/blogdosrsiape.com\/#\/schema\/person\/641e1af8b22c69725a1d604fb8959bcf\"},\"headline\":\"Servidores Federais se revoltam com possibilidade de o Governo do Distrito Federal demitir concursados\",\"datePublished\":\"2015-06-26T20:30:06+00:00\",\"dateModified\":\"2015-06-26T20:30:06+00:00\",\"mainEntityOfPage\":{\"@id\":\"https:\/\/blogdosrsiape.com\/servidores-federais-se-revoltam-com-possibilidade-de-o-governo-do-distrito-federal-demitir-concursados\/\"},\"wordCount\":415,\"commentCount\":0,\"publisher\":{\"@id\":\"https:\/\/blogdosrsiape.com\/#organization\"},\"image\":{\"@id\":\"https:\/\/blogdosrsiape.com\/servidores-federais-se-revoltam-com-possibilidade-de-o-governo-do-distrito-federal-demitir-concursados\/#primaryimage\"},\"thumbnailUrl\":\"http:\/\/www.blogdosrsiape.net\/wp-content\/uploads\/2015\/06\/shutterstock_167248031-210x300.jpg\",\"keywords\":[\"Administra\u00e7\u00e3o P\u00fablica\",\"C\u00e2mara Legislativa\",\"Casa Civil\",\"Constitui\u00e7\u00e3o Federal\",\"Executivo\",\"GDF\",\"Governo do Distrito Federal\",\"LRF\",\"SERVIDORES P\u00daBLICOS FEDERAIS\",\"UNB\"],\"articleSection\":[\"Economia\"],\"inLanguage\":\"pt-BR\",\"potentialAction\":[{\"@type\":\"CommentAction\",\"name\":\"Comment\",\"target\":[\"https:\/\/blogdosrsiape.com\/servidores-federais-se-revoltam-com-possibilidade-de-o-governo-do-distrito-federal-demitir-concursados\/#respond\"]}]},{\"@type\":\"WebPage\",\"@id\":\"https:\/\/blogdosrsiape.com\/servidores-federais-se-revoltam-com-possibilidade-de-o-governo-do-distrito-federal-demitir-concursados\/\",\"url\":\"https:\/\/blogdosrsiape.com\/servidores-federais-se-revoltam-com-possibilidade-de-o-governo-do-distrito-federal-demitir-concursados\/\",\"name\":\"Servidores Federais se revoltam com possibilidade de o Governo do Distrito Federal demitir concursados - Blog do Sr. SIAPE\",\"isPartOf\":{\"@id\":\"https:\/\/blogdosrsiape.com\/#website\"},\"primaryImageOfPage\":{\"@id\":\"https:\/\/blogdosrsiape.com\/servidores-federais-se-revoltam-com-possibilidade-de-o-governo-do-distrito-federal-demitir-concursados\/#primaryimage\"},\"image\":{\"@id\":\"https:\/\/blogdosrsiape.com\/servidores-federais-se-revoltam-com-possibilidade-de-o-governo-do-distrito-federal-demitir-concursados\/#primaryimage\"},\"thumbnailUrl\":\"http:\/\/www.blogdosrsiape.net\/wp-content\/uploads\/2015\/06\/shutterstock_167248031-210x300.jpg\",\"datePublished\":\"2015-06-26T20:30:06+00:00\",\"dateModified\":\"2015-06-26T20:30:06+00:00\",\"breadcrumb\":{\"@id\":\"https:\/\/blogdosrsiape.com\/servidores-federais-se-revoltam-com-possibilidade-de-o-governo-do-distrito-federal-demitir-concursados\/#breadcrumb\"},\"inLanguage\":\"pt-BR\",\"potentialAction\":[{\"@type\":\"ReadAction\",\"target\":[\"https:\/\/blogdosrsiape.com\/servidores-federais-se-revoltam-com-possibilidade-de-o-governo-do-distrito-federal-demitir-concursados\/\"]}]},{\"@type\":\"ImageObject\",\"inLanguage\":\"pt-BR\",\"@id\":\"https:\/\/blogdosrsiape.com\/servidores-federais-se-revoltam-com-possibilidade-de-o-governo-do-distrito-federal-demitir-concursados\/#primaryimage\",\"url\":\"http:\/\/www.blogdosrsiape.net\/wp-content\/uploads\/2015\/06\/shutterstock_167248031-210x300.jpg\",\"contentUrl\":\"http:\/\/www.blogdosrsiape.net\/wp-content\/uploads\/2015\/06\/shutterstock_167248031-210x300.jpg\"},{\"@type\":\"BreadcrumbList\",\"@id\":\"https:\/\/blogdosrsiape.com\/servidores-federais-se-revoltam-com-possibilidade-de-o-governo-do-distrito-federal-demitir-concursados\/#breadcrumb\",\"itemListElement\":[{\"@type\":\"ListItem\",\"position\":1,\"name\":\"In\u00edcio\",\"item\":\"https:\/\/blogdosrsiape.com\/\"},{\"@type\":\"ListItem\",\"position\":2,\"name\":\"Servidores Federais se revoltam com possibilidade de o Governo do Distrito Federal demitir concursados\"}]},{\"@type\":\"WebSite\",\"@id\":\"https:\/\/blogdosrsiape.com\/#website\",\"url\":\"https:\/\/blogdosrsiape.com\/\",\"name\":\"Blog do sr. SIAPE\",\"description\":\"SIAPE Servidor Federal\",\"publisher\":{\"@id\":\"https:\/\/blogdosrsiape.com\/#organization\"},\"potentialAction\":[{\"@type\":\"SearchAction\",\"target\":{\"@type\":\"EntryPoint\",\"urlTemplate\":\"https:\/\/blogdosrsiape.com\/?s={search_term_string}\"},\"query-input\":{\"@type\":\"PropertyValueSpecification\",\"valueRequired\":true,\"valueName\":\"search_term_string\"}}],\"inLanguage\":\"pt-BR\"},{\"@type\":\"Organization\",\"@id\":\"https:\/\/blogdosrsiape.com\/#organization\",\"name\":\"Blog do sr. SIAPE\",\"url\":\"https:\/\/blogdosrsiape.com\/\",\"logo\":{\"@type\":\"ImageObject\",\"inLanguage\":\"pt-BR\",\"@id\":\"https:\/\/blogdosrsiape.com\/#\/schema\/logo\/image\/\",\"url\":\"https:\/\/11ponto11servidor.com.br\/blogsrsiape\/wp-content\/uploads\/sites\/2\/2024\/10\/logo-1.png\",\"contentUrl\":\"https:\/\/11ponto11servidor.com.br\/blogsrsiape\/wp-content\/uploads\/sites\/2\/2024\/10\/logo-1.png\",\"width\":287,\"height\":116,\"caption\":\"Blog do sr. SIAPE\"},\"image\":{\"@id\":\"https:\/\/blogdosrsiape.com\/#\/schema\/logo\/image\/\"},\"sameAs\":[\"https:\/\/www.facebook.com\/blogsrsiape\/?locale=pt_BR\",\"https:\/\/www.instagram.com\/srsiape\/\"]},{\"@type\":\"Person\",\"@id\":\"https:\/\/blogdosrsiape.com\/#\/schema\/person\/641e1af8b22c69725a1d604fb8959bcf\",\"name\":\"websitemix\",\"sameAs\":[\"https:\/\/11ponto11servidor.com.br\"],\"url\":\"https:\/\/11ponto11servidor.com.br\/blogsrsiape\/author\/websitemix\/\"}]}<\/script>\n<!-- \/ Yoast SEO plugin. -->","yoast_head_json":{"title":"Servidores Federais se revoltam com possibilidade de o Governo do Distrito Federal demitir concursados - Blog do Sr. SIAPE","robots":{"index":"index","follow":"follow","max-snippet":"max-snippet:-1","max-image-preview":"max-image-preview:large","max-video-preview":"max-video-preview:-1"},"canonical":"https:\/\/blogdosrsiape.com\/servidores-federais-se-revoltam-com-possibilidade-de-o-governo-do-distrito-federal-demitir-concursados\/","og_locale":"pt_BR","og_type":"article","og_title":"Servidores Federais se revoltam com possibilidade de o Governo do Distrito Federal demitir concursados - Blog do Sr. SIAPE","og_description":"A possibilidade de o Governo Federal demitir concursados por arrocho fiscal provocou a rea\u00e7\u00e3o de sindicatos. Chefe da Casa Civil diz que o esfor\u00e7o tem sido grande para evitar situa\u00e7\u00f5es extremas e pede, mais uma vez, a compreens\u00e3o da sociedade. Causou revolta em Servidores P\u00fablicos Federais do governo do Distrito Federal (GDF) a possibilidade de...","og_url":"https:\/\/blogdosrsiape.com\/servidores-federais-se-revoltam-com-possibilidade-de-o-governo-do-distrito-federal-demitir-concursados\/","og_site_name":"Blog do Sr. SIAPE","article_publisher":"https:\/\/www.facebook.com\/blogsrsiape\/?locale=pt_BR","article_published_time":"2015-06-26T20:30:06+00:00","og_image":[{"url":"http:\/\/www.blogdosrsiape.net\/wp-content\/uploads\/2015\/06\/shutterstock_167248031-210x300.jpg"}],"author":"websitemix","twitter_card":"summary_large_image","twitter_misc":{"Escrito por":"websitemix","Est. tempo de leitura":"2 minutos"},"schema":{"@context":"https:\/\/schema.org","@graph":[{"@type":"Article","@id":"https:\/\/blogdosrsiape.com\/servidores-federais-se-revoltam-com-possibilidade-de-o-governo-do-distrito-federal-demitir-concursados\/#article","isPartOf":{"@id":"https:\/\/blogdosrsiape.com\/servidores-federais-se-revoltam-com-possibilidade-de-o-governo-do-distrito-federal-demitir-concursados\/"},"author":{"name":"websitemix","@id":"https:\/\/blogdosrsiape.com\/#\/schema\/person\/641e1af8b22c69725a1d604fb8959bcf"},"headline":"Servidores Federais se revoltam com possibilidade de o Governo do Distrito Federal demitir concursados","datePublished":"2015-06-26T20:30:06+00:00","dateModified":"2015-06-26T20:30:06+00:00","mainEntityOfPage":{"@id":"https:\/\/blogdosrsiape.com\/servidores-federais-se-revoltam-com-possibilidade-de-o-governo-do-distrito-federal-demitir-concursados\/"},"wordCount":415,"commentCount":0,"publisher":{"@id":"https:\/\/blogdosrsiape.com\/#organization"},"image":{"@id":"https:\/\/blogdosrsiape.com\/servidores-federais-se-revoltam-com-possibilidade-de-o-governo-do-distrito-federal-demitir-concursados\/#primaryimage"},"thumbnailUrl":"http:\/\/www.blogdosrsiape.net\/wp-content\/uploads\/2015\/06\/shutterstock_167248031-210x300.jpg","keywords":["Administra\u00e7\u00e3o P\u00fablica","C\u00e2mara Legislativa","Casa Civil","Constitui\u00e7\u00e3o Federal","Executivo","GDF","Governo do Distrito Federal","LRF","SERVIDORES P\u00daBLICOS FEDERAIS","UNB"],"articleSection":["Economia"],"inLanguage":"pt-BR","potentialAction":[{"@type":"CommentAction","name":"Comment","target":["https:\/\/blogdosrsiape.com\/servidores-federais-se-revoltam-com-possibilidade-de-o-governo-do-distrito-federal-demitir-concursados\/#respond"]}]},{"@type":"WebPage","@id":"https:\/\/blogdosrsiape.com\/servidores-federais-se-revoltam-com-possibilidade-de-o-governo-do-distrito-federal-demitir-concursados\/","url":"https:\/\/blogdosrsiape.com\/servidores-federais-se-revoltam-com-possibilidade-de-o-governo-do-distrito-federal-demitir-concursados\/","name":"Servidores Federais se revoltam com possibilidade de o Governo do Distrito Federal demitir concursados - Blog do Sr. SIAPE","isPartOf":{"@id":"https:\/\/blogdosrsiape.com\/#website"},"primaryImageOfPage":{"@id":"https:\/\/blogdosrsiape.com\/servidores-federais-se-revoltam-com-possibilidade-de-o-governo-do-distrito-federal-demitir-concursados\/#primaryimage"},"image":{"@id":"https:\/\/blogdosrsiape.com\/servidores-federais-se-revoltam-com-possibilidade-de-o-governo-do-distrito-federal-demitir-concursados\/#primaryimage"},"thumbnailUrl":"http:\/\/www.blogdosrsiape.net\/wp-content\/uploads\/2015\/06\/shutterstock_167248031-210x300.jpg","datePublished":"2015-06-26T20:30:06+00:00","dateModified":"2015-06-26T20:30:06+00:00","breadcrumb":{"@id":"https:\/\/blogdosrsiape.com\/servidores-federais-se-revoltam-com-possibilidade-de-o-governo-do-distrito-federal-demitir-concursados\/#breadcrumb"},"inLanguage":"pt-BR","potentialAction":[{"@type":"ReadAction","target":["https:\/\/blogdosrsiape.com\/servidores-federais-se-revoltam-com-possibilidade-de-o-governo-do-distrito-federal-demitir-concursados\/"]}]},{"@type":"ImageObject","inLanguage":"pt-BR","@id":"https:\/\/blogdosrsiape.com\/servidores-federais-se-revoltam-com-possibilidade-de-o-governo-do-distrito-federal-demitir-concursados\/#primaryimage","url":"http:\/\/www.blogdosrsiape.net\/wp-content\/uploads\/2015\/06\/shutterstock_167248031-210x300.jpg","contentUrl":"http:\/\/www.blogdosrsiape.net\/wp-content\/uploads\/2015\/06\/shutterstock_167248031-210x300.jpg"},{"@type":"BreadcrumbList","@id":"https:\/\/blogdosrsiape.com\/servidores-federais-se-revoltam-com-possibilidade-de-o-governo-do-distrito-federal-demitir-concursados\/#breadcrumb","itemListElement":[{"@type":"ListItem","position":1,"name":"In\u00edcio","item":"https:\/\/blogdosrsiape.com\/"},{"@type":"ListItem","position":2,"name":"Servidores Federais se revoltam com possibilidade de o Governo do Distrito Federal demitir concursados"}]},{"@type":"WebSite","@id":"https:\/\/blogdosrsiape.com\/#website","url":"https:\/\/blogdosrsiape.com\/","name":"Blog do sr. SIAPE","description":"SIAPE Servidor Federal","publisher":{"@id":"https:\/\/blogdosrsiape.com\/#organization"},"potentialAction":[{"@type":"SearchAction","target":{"@type":"EntryPoint","urlTemplate":"https:\/\/blogdosrsiape.com\/?s={search_term_string}"},"query-input":{"@type":"PropertyValueSpecification","valueRequired":true,"valueName":"search_term_string"}}],"inLanguage":"pt-BR"},{"@type":"Organization","@id":"https:\/\/blogdosrsiape.com\/#organization","name":"Blog do sr. SIAPE","url":"https:\/\/blogdosrsiape.com\/","logo":{"@type":"ImageObject","inLanguage":"pt-BR","@id":"https:\/\/blogdosrsiape.com\/#\/schema\/logo\/image\/","url":"https:\/\/11ponto11servidor.com.br\/blogsrsiape\/wp-content\/uploads\/sites\/2\/2024\/10\/logo-1.png","contentUrl":"https:\/\/11ponto11servidor.com.br\/blogsrsiape\/wp-content\/uploads\/sites\/2\/2024\/10\/logo-1.png","width":287,"height":116,"caption":"Blog do sr. SIAPE"},"image":{"@id":"https:\/\/blogdosrsiape.com\/#\/schema\/logo\/image\/"},"sameAs":["https:\/\/www.facebook.com\/blogsrsiape\/?locale=pt_BR","https:\/\/www.instagram.com\/srsiape\/"]},{"@type":"Person","@id":"https:\/\/blogdosrsiape.com\/#\/schema\/person\/641e1af8b22c69725a1d604fb8959bcf","name":"websitemix","sameAs":["https:\/\/11ponto11servidor.com.br"],"url":"https:\/\/11ponto11servidor.com.br\/blogsrsiape\/author\/websitemix\/"}]}},"_links":{"self":[{"href":"https:\/\/11ponto11servidor.com.br\/blogsrsiape\/wp-json\/wp\/v2\/posts\/741"}],"collection":[{"href":"https:\/\/11ponto11servidor.com.br\/blogsrsiape\/wp-json\/wp\/v2\/posts"}],"about":[{"href":"https:\/\/11ponto11servidor.com.br\/blogsrsiape\/wp-json\/wp\/v2\/types\/post"}],"author":[{"embeddable":true,"href":"https:\/\/11ponto11servidor.com.br\/blogsrsiape\/wp-json\/wp\/v2\/users\/1"}],"replies":[{"embeddable":true,"href":"https:\/\/11ponto11servidor.com.br\/blogsrsiape\/wp-json\/wp\/v2\/comments?post=741"}],"version-history":[{"count":0,"href":"https:\/\/11ponto11servidor.com.br\/blogsrsiape\/wp-json\/wp\/v2\/posts\/741\/revisions"}],"wp:attachment":[{"href":"https:\/\/11ponto11servidor.com.br\/blogsrsiape\/wp-json\/wp\/v2\/media?parent=741"}],"wp:term":[{"taxonomy":"category","embeddable":true,"href":"https:\/\/11ponto11servidor.com.br\/blogsrsiape\/wp-json\/wp\/v2\/categories?post=741"},{"taxonomy":"post_tag","embeddable":true,"href":"https:\/\/11ponto11servidor.com.br\/blogsrsiape\/wp-json\/wp\/v2\/tags?post=741"}],"curies":[{"name":"wp","href":"https:\/\/api.w.org\/{rel}","templated":true}]}}