{"id":745,"date":"2015-06-29T14:54:45","date_gmt":"2015-06-29T14:54:45","guid":{"rendered":"http:\/\/www.blogdosrsiape.net\/?p=745"},"modified":"2015-06-29T14:54:45","modified_gmt":"2015-06-29T14:54:45","slug":"economia-brasileira-esta-em-fase-de-transicao-e-ajuste-diz-barbosa-em-ny","status":"publish","type":"post","link":"https:\/\/11ponto11servidor.com.br\/blogsrsiape\/economia-brasileira-esta-em-fase-de-transicao-e-ajuste-diz-barbosa-em-ny\/","title":{"rendered":"Economia brasileira est\u00e1 em fase de transi\u00e7\u00e3o e ajuste, diz Barbosa em NY"},"content":{"rendered":"<p><a ref=\"magnificPopup\" href=\"http:\/\/www.blogdosrsiape.net\/wp-content\/uploads\/2015\/06\/shutterstock_177304709.jpg\"><img loading=\"lazy\" decoding=\"async\" class=\" size-medium wp-image-746 alignleft\" src=\"http:\/\/www.blogdosrsiape.net\/wp-content\/uploads\/2015\/06\/shutterstock_177304709-300x219.jpg\" alt=\"shutterstock_177304709\" width=\"300\" height=\"219\" srcset=\"https:\/\/11ponto11servidor.com.br\/blogsrsiape\/wp-content\/uploads\/sites\/2\/2015\/06\/shutterstock_177304709-300x219.jpg 300w, https:\/\/11ponto11servidor.com.br\/blogsrsiape\/wp-content\/uploads\/sites\/2\/2015\/06\/shutterstock_177304709-768x561.jpg 768w, https:\/\/11ponto11servidor.com.br\/blogsrsiape\/wp-content\/uploads\/sites\/2\/2015\/06\/shutterstock_177304709.jpg 1000w\" sizes=\"(max-width: 300px) 100vw, 300px\" \/><\/a><\/p>\n<div class=\"article-resume\">\n<p>O Ministro do Planejamento, Nelson Barbosa, voltou a afirmar, nesta segunda-feira, 29, a investidores brasileiros e americanos durante semin\u00e1rio sobre infraestrutura em Nova York, que o Brasil passa por um per\u00edodo de <span style=\"text-decoration: underline;\">&#8220;transi\u00e7\u00e3o e ajuste&#8221;<\/span> em raz\u00e3o de mudan\u00e7as pelas quais as economias mundial e brasileira est\u00e3o passando. Segundo ele, as mudan\u00e7as est\u00e3o criando a base para uma nova fase de crescimento do Pa\u00eds, baseada em mais investimentos e maior produtividade.<\/p>\n<p>Barbosa atribuiu a fase de <span style=\"text-decoration: underline;\">transi\u00e7\u00e3o<\/span> pela qual passa o Brasil a mudan\u00e7as clim\u00e1ticas que fazem press\u00e3o sobre os pre\u00e7os de energia e \u00e0s mudan\u00e7as sociais, com uma classe m\u00e9dia cada vez mais s\u00f3lida, o que aumenta a demanda por qualidade dos<span style=\"text-decoration: underline;\"> servi\u00e7os p\u00fablicos<\/span>. Al\u00e9m disso, acrescentou, mudan\u00e7as no clima econ\u00f4mico mundial t\u00eam afetado o c\u00e2mbio. &#8220;Isso representa certos desafios, mas o Governo est\u00e1 controlando plenamente essa situa\u00e7\u00e3o. Temos espa\u00e7o pol\u00edtico e cambial para lidar com isso&#8221;, disse.<\/p>\n<p>O Ministro ressaltou que, desde o ano passado, o Governo Brasileiro tem tomado uma s\u00e9rie de medidas &#8220;bem sucedidas&#8221; e que est\u00e3o no &#8220;caminho certo&#8221; para ajustar o <span style=\"text-decoration: underline;\">cen\u00e1rio macroecon\u00f4mico<\/span>. Ele citou como exemplo o reajuste dos pre\u00e7os relativos e no c\u00e2mbio. &#8220;Historicamente, s\u00e3o mudan\u00e7as que t\u00eam tido efeito inflacion\u00e1rio em curto prazo, mas que criam oportunidades de investimentos para empreendedores&#8221;, disse, destacando que haver\u00e1 uma recupera\u00e7\u00e3o ap\u00f3s esse per\u00edodo.<\/p>\n<p><span style=\"text-decoration: underline;\"><b>Subs\u00eddios<\/b><\/span><\/p>\n<p>Barbosa citou a revis\u00e3o dos subs\u00eddios agr\u00edcolas e do Banco Nacional de Desenvolvimento Social e Econ\u00f4mico (<strong>BNDES<\/strong>), que, de acordo com ele, &#8220;tira press\u00e3o&#8221; do or\u00e7amento. Ele lembrou ainda as recentes mudan\u00e7as anunciadas pelo Minist\u00e9rio da Educa\u00e7\u00e3o (<strong>MEC<\/strong>) no programa de financiamento estudantil (<strong>Fies<\/strong>). &#8220;Vamos continuar financiando, mas com a estrutura sust\u00e1vel. Vamos procurar atender os que mais precisam&#8221;, disse.<\/p>\n<p>O Ministro ressaltou que o <span style=\"text-decoration: underline;\">Governo Federal<\/span> encaminhou v\u00e1rios projetos ao Congresso que preveem mudan\u00e7as na Pol\u00edtica Fiscal. Barbosa afirmou que os Deputados e Senadores t\u00eam concordado com o Executivo em rela\u00e7\u00e3o ao Ajuste Fiscal na economia brasileira, embora tenha reconhecido que &#8220;n\u00e3o necessariamente na mesma intensidade&#8221;. Ele citou como exemplo o projeto que modificou as regras de aposentadoria.<\/p>\n<p>O Ministro avaliou ainda que a pol\u00edtica monet\u00e1ria tem reagido ao que chama de &#8220;surto tempor\u00e1rio de infla\u00e7\u00e3o&#8221;. &#8220;Temos conseguido controlar as expectativas de infla\u00e7\u00e3o, que t\u00eam baixado para anos vindouros&#8221;, disse. Ele ressaltou que o mercado financeiro j\u00e1 projeta o<strong> IPCA<\/strong> em 4,5% em 2017. &#8220;Essa transi\u00e7\u00e3o macroecon\u00f4mica \u00e9 um primeiro passo para recuperar o crescimento da economia. Ela \u00e9 necess\u00e1ria, apesar dos impactos restritos&#8221;, afirmou.<\/p>\n<\/div>\n<p><strong><span style=\"text-decoration: underline;\">Fonte:<\/span>\u00a0 <span style=\"color: #0000ff;\">Isto \u00c9 Dinheiro<\/span><\/strong><\/p>\n<p>&nbsp;<\/p>\n<p><a ref=\"magnificPopup\" href=\"http:\/\/www.blogdosrsiape.net\/wp-content\/uploads\/2015\/06\/shutterstock_167248031.jpg\"><img loading=\"lazy\" decoding=\"async\" class=\"alignnone size-medium wp-image-699\" src=\"http:\/\/www.blogdosrsiape.net\/wp-content\/uploads\/2015\/06\/shutterstock_167248031-210x300.jpg\" alt=\"shutterstock_167248031\" width=\"210\" height=\"300\" \/><\/a><\/p>\n","protected":false},"excerpt":{"rendered":"<p>O Ministro do Planejamento, Nelson Barbosa, voltou a afirmar, nesta segunda-feira, 29, a investidores brasileiros e americanos durante semin\u00e1rio sobre infraestrutura em Nova York, que o Brasil passa por um per\u00edodo de &#8220;transi\u00e7\u00e3o e ajuste&#8221; em raz\u00e3o de mudan\u00e7as pelas quais as economias mundial e brasileira est\u00e3o passando. Segundo ele, as mudan\u00e7as est\u00e3o criando a&#8230;<\/p>\n","protected":false},"author":1,"featured_media":0,"comment_status":"open","ping_status":"open","sticky":false,"template":"","format":"standard","meta":{"footnotes":""},"categories":[31],"tags":[157,358,608,835,858,992,1111,1229,1271,1446,1538,1616,1808,2123,2248,2341],"class_list":["post-745","post","type-post","status-publish","format-standard","hentry","category-economia","tag-ajuste-fiscal","tag-bndes","tag-congresso","tag-economia","tag-empreendedores","tag-fies","tag-governo-federal","tag-infraestrutura","tag-ipca","tag-mec","tag-ministro-do-planejamento","tag-ny","tag-politica-fiscal","tag-servicos-publicos","tag-subsidios","tag-transicao"],"yoast_head":"<!-- This site is optimized with the Yoast SEO plugin v23.6 - https:\/\/yoast.com\/wordpress\/plugins\/seo\/ -->\n<title>Economia brasileira est\u00e1 em fase de transi\u00e7\u00e3o e ajuste, diz Barbosa em NY - Blog do Sr. SIAPE<\/title>\n<meta name=\"robots\" content=\"index, follow, max-snippet:-1, max-image-preview:large, max-video-preview:-1\" \/>\n<link rel=\"canonical\" href=\"https:\/\/blogdosrsiape.net\/economia-brasileira-esta-em-fase-de-transicao-e-ajuste-diz-barbosa-em-ny\/\" \/>\n<meta property=\"og:locale\" content=\"pt_BR\" \/>\n<meta property=\"og:type\" content=\"article\" \/>\n<meta property=\"og:title\" content=\"Economia brasileira est\u00e1 em fase de transi\u00e7\u00e3o e ajuste, diz Barbosa em NY - Blog do Sr. SIAPE\" \/>\n<meta property=\"og:description\" content=\"O Ministro do Planejamento, Nelson Barbosa, voltou a afirmar, nesta segunda-feira, 29, a investidores brasileiros e americanos durante semin\u00e1rio sobre infraestrutura em Nova York, que o Brasil passa por um per\u00edodo de &#8220;transi\u00e7\u00e3o e ajuste&#8221; em raz\u00e3o de mudan\u00e7as pelas quais as economias mundial e brasileira est\u00e3o passando. Segundo ele, as mudan\u00e7as est\u00e3o criando a...\" \/>\n<meta property=\"og:url\" content=\"https:\/\/blogdosrsiape.net\/economia-brasileira-esta-em-fase-de-transicao-e-ajuste-diz-barbosa-em-ny\/\" \/>\n<meta property=\"og:site_name\" content=\"Blog do Sr. SIAPE\" \/>\n<meta property=\"article:publisher\" content=\"https:\/\/www.facebook.com\/blogsrsiape\/?locale=pt_BR\" \/>\n<meta property=\"article:published_time\" content=\"2015-06-29T14:54:45+00:00\" \/>\n<meta property=\"og:image\" content=\"http:\/\/www.blogdosrsiape.net\/wp-content\/uploads\/2015\/06\/shutterstock_177304709-300x219.jpg\" \/>\n<meta name=\"author\" content=\"websitemix\" \/>\n<meta name=\"twitter:card\" content=\"summary_large_image\" \/>\n<meta name=\"twitter:label1\" content=\"Escrito por\" \/>\n\t<meta name=\"twitter:data1\" content=\"websitemix\" \/>\n\t<meta name=\"twitter:label2\" content=\"Est. tempo de leitura\" \/>\n\t<meta name=\"twitter:data2\" content=\"2 minutos\" \/>\n<script type=\"application\/ld+json\" class=\"yoast-schema-graph\">{\"@context\":\"https:\/\/schema.org\",\"@graph\":[{\"@type\":\"Article\",\"@id\":\"https:\/\/blogdosrsiape.net\/economia-brasileira-esta-em-fase-de-transicao-e-ajuste-diz-barbosa-em-ny\/#article\",\"isPartOf\":{\"@id\":\"https:\/\/blogdosrsiape.net\/economia-brasileira-esta-em-fase-de-transicao-e-ajuste-diz-barbosa-em-ny\/\"},\"author\":{\"name\":\"websitemix\",\"@id\":\"https:\/\/blogdosrsiape.com\/#\/schema\/person\/641e1af8b22c69725a1d604fb8959bcf\"},\"headline\":\"Economia brasileira est\u00e1 em fase de transi\u00e7\u00e3o e ajuste, diz Barbosa em NY\",\"datePublished\":\"2015-06-29T14:54:45+00:00\",\"dateModified\":\"2015-06-29T14:54:45+00:00\",\"mainEntityOfPage\":{\"@id\":\"https:\/\/blogdosrsiape.net\/economia-brasileira-esta-em-fase-de-transicao-e-ajuste-diz-barbosa-em-ny\/\"},\"wordCount\":485,\"commentCount\":0,\"publisher\":{\"@id\":\"https:\/\/blogdosrsiape.com\/#organization\"},\"image\":{\"@id\":\"https:\/\/blogdosrsiape.net\/economia-brasileira-esta-em-fase-de-transicao-e-ajuste-diz-barbosa-em-ny\/#primaryimage\"},\"thumbnailUrl\":\"http:\/\/www.blogdosrsiape.net\/wp-content\/uploads\/2015\/06\/shutterstock_177304709-300x219.jpg\",\"keywords\":[\"Ajuste Fiscal\",\"BNDES\",\"Congresso\",\"economia\",\"empreendedores\",\"Fies\",\"Governo Federal\",\"infraestrutura\",\"IPCA\",\"MEC\",\"Ministro do Planejamento\",\"NY\",\"Pol\u00edtica Fiscal\",\"servi\u00e7os p\u00fablicos\",\"Subs\u00eddios\",\"transi\u00e7\u00e3o\"],\"articleSection\":[\"Economia\"],\"inLanguage\":\"pt-BR\",\"potentialAction\":[{\"@type\":\"CommentAction\",\"name\":\"Comment\",\"target\":[\"https:\/\/blogdosrsiape.net\/economia-brasileira-esta-em-fase-de-transicao-e-ajuste-diz-barbosa-em-ny\/#respond\"]}]},{\"@type\":\"WebPage\",\"@id\":\"https:\/\/blogdosrsiape.net\/economia-brasileira-esta-em-fase-de-transicao-e-ajuste-diz-barbosa-em-ny\/\",\"url\":\"https:\/\/blogdosrsiape.net\/economia-brasileira-esta-em-fase-de-transicao-e-ajuste-diz-barbosa-em-ny\/\",\"name\":\"Economia brasileira est\u00e1 em fase de transi\u00e7\u00e3o e ajuste, diz Barbosa em NY - Blog do Sr. SIAPE\",\"isPartOf\":{\"@id\":\"https:\/\/blogdosrsiape.com\/#website\"},\"primaryImageOfPage\":{\"@id\":\"https:\/\/blogdosrsiape.net\/economia-brasileira-esta-em-fase-de-transicao-e-ajuste-diz-barbosa-em-ny\/#primaryimage\"},\"image\":{\"@id\":\"https:\/\/blogdosrsiape.net\/economia-brasileira-esta-em-fase-de-transicao-e-ajuste-diz-barbosa-em-ny\/#primaryimage\"},\"thumbnailUrl\":\"http:\/\/www.blogdosrsiape.net\/wp-content\/uploads\/2015\/06\/shutterstock_177304709-300x219.jpg\",\"datePublished\":\"2015-06-29T14:54:45+00:00\",\"dateModified\":\"2015-06-29T14:54:45+00:00\",\"breadcrumb\":{\"@id\":\"https:\/\/blogdosrsiape.net\/economia-brasileira-esta-em-fase-de-transicao-e-ajuste-diz-barbosa-em-ny\/#breadcrumb\"},\"inLanguage\":\"pt-BR\",\"potentialAction\":[{\"@type\":\"ReadAction\",\"target\":[\"https:\/\/blogdosrsiape.net\/economia-brasileira-esta-em-fase-de-transicao-e-ajuste-diz-barbosa-em-ny\/\"]}]},{\"@type\":\"ImageObject\",\"inLanguage\":\"pt-BR\",\"@id\":\"https:\/\/blogdosrsiape.net\/economia-brasileira-esta-em-fase-de-transicao-e-ajuste-diz-barbosa-em-ny\/#primaryimage\",\"url\":\"http:\/\/www.blogdosrsiape.net\/wp-content\/uploads\/2015\/06\/shutterstock_177304709-300x219.jpg\",\"contentUrl\":\"http:\/\/www.blogdosrsiape.net\/wp-content\/uploads\/2015\/06\/shutterstock_177304709-300x219.jpg\"},{\"@type\":\"BreadcrumbList\",\"@id\":\"https:\/\/blogdosrsiape.net\/economia-brasileira-esta-em-fase-de-transicao-e-ajuste-diz-barbosa-em-ny\/#breadcrumb\",\"itemListElement\":[{\"@type\":\"ListItem\",\"position\":1,\"name\":\"In\u00edcio\",\"item\":\"https:\/\/blogdosrsiape.com\/\"},{\"@type\":\"ListItem\",\"position\":2,\"name\":\"Economia brasileira est\u00e1 em fase de transi\u00e7\u00e3o e ajuste, diz Barbosa em NY\"}]},{\"@type\":\"WebSite\",\"@id\":\"https:\/\/blogdosrsiape.com\/#website\",\"url\":\"https:\/\/blogdosrsiape.com\/\",\"name\":\"Blog do sr. SIAPE\",\"description\":\"SIAPE Servidor Federal\",\"publisher\":{\"@id\":\"https:\/\/blogdosrsiape.com\/#organization\"},\"potentialAction\":[{\"@type\":\"SearchAction\",\"target\":{\"@type\":\"EntryPoint\",\"urlTemplate\":\"https:\/\/blogdosrsiape.com\/?s={search_term_string}\"},\"query-input\":{\"@type\":\"PropertyValueSpecification\",\"valueRequired\":true,\"valueName\":\"search_term_string\"}}],\"inLanguage\":\"pt-BR\"},{\"@type\":\"Organization\",\"@id\":\"https:\/\/blogdosrsiape.com\/#organization\",\"name\":\"Blog do sr. SIAPE\",\"url\":\"https:\/\/blogdosrsiape.com\/\",\"logo\":{\"@type\":\"ImageObject\",\"inLanguage\":\"pt-BR\",\"@id\":\"https:\/\/blogdosrsiape.com\/#\/schema\/logo\/image\/\",\"url\":\"https:\/\/11ponto11servidor.com.br\/blogsrsiape\/wp-content\/uploads\/sites\/2\/2024\/10\/logo-1.png\",\"contentUrl\":\"https:\/\/11ponto11servidor.com.br\/blogsrsiape\/wp-content\/uploads\/sites\/2\/2024\/10\/logo-1.png\",\"width\":287,\"height\":116,\"caption\":\"Blog do sr. SIAPE\"},\"image\":{\"@id\":\"https:\/\/blogdosrsiape.com\/#\/schema\/logo\/image\/\"},\"sameAs\":[\"https:\/\/www.facebook.com\/blogsrsiape\/?locale=pt_BR\",\"https:\/\/www.instagram.com\/srsiape\/\"]},{\"@type\":\"Person\",\"@id\":\"https:\/\/blogdosrsiape.com\/#\/schema\/person\/641e1af8b22c69725a1d604fb8959bcf\",\"name\":\"websitemix\",\"sameAs\":[\"https:\/\/11ponto11servidor.com.br\"],\"url\":\"https:\/\/11ponto11servidor.com.br\/blogsrsiape\/author\/websitemix\/\"}]}<\/script>\n<!-- \/ Yoast SEO plugin. -->","yoast_head_json":{"title":"Economia brasileira est\u00e1 em fase de transi\u00e7\u00e3o e ajuste, diz Barbosa em NY - Blog do Sr. SIAPE","robots":{"index":"index","follow":"follow","max-snippet":"max-snippet:-1","max-image-preview":"max-image-preview:large","max-video-preview":"max-video-preview:-1"},"canonical":"https:\/\/blogdosrsiape.net\/economia-brasileira-esta-em-fase-de-transicao-e-ajuste-diz-barbosa-em-ny\/","og_locale":"pt_BR","og_type":"article","og_title":"Economia brasileira est\u00e1 em fase de transi\u00e7\u00e3o e ajuste, diz Barbosa em NY - Blog do Sr. SIAPE","og_description":"O Ministro do Planejamento, Nelson Barbosa, voltou a afirmar, nesta segunda-feira, 29, a investidores brasileiros e americanos durante semin\u00e1rio sobre infraestrutura em Nova York, que o Brasil passa por um per\u00edodo de &#8220;transi\u00e7\u00e3o e ajuste&#8221; em raz\u00e3o de mudan\u00e7as pelas quais as economias mundial e brasileira est\u00e3o passando. Segundo ele, as mudan\u00e7as est\u00e3o criando a...","og_url":"https:\/\/blogdosrsiape.net\/economia-brasileira-esta-em-fase-de-transicao-e-ajuste-diz-barbosa-em-ny\/","og_site_name":"Blog do Sr. SIAPE","article_publisher":"https:\/\/www.facebook.com\/blogsrsiape\/?locale=pt_BR","article_published_time":"2015-06-29T14:54:45+00:00","og_image":[{"url":"http:\/\/www.blogdosrsiape.net\/wp-content\/uploads\/2015\/06\/shutterstock_177304709-300x219.jpg"}],"author":"websitemix","twitter_card":"summary_large_image","twitter_misc":{"Escrito por":"websitemix","Est. tempo de leitura":"2 minutos"},"schema":{"@context":"https:\/\/schema.org","@graph":[{"@type":"Article","@id":"https:\/\/blogdosrsiape.net\/economia-brasileira-esta-em-fase-de-transicao-e-ajuste-diz-barbosa-em-ny\/#article","isPartOf":{"@id":"https:\/\/blogdosrsiape.net\/economia-brasileira-esta-em-fase-de-transicao-e-ajuste-diz-barbosa-em-ny\/"},"author":{"name":"websitemix","@id":"https:\/\/blogdosrsiape.com\/#\/schema\/person\/641e1af8b22c69725a1d604fb8959bcf"},"headline":"Economia brasileira est\u00e1 em fase de transi\u00e7\u00e3o e ajuste, diz Barbosa em NY","datePublished":"2015-06-29T14:54:45+00:00","dateModified":"2015-06-29T14:54:45+00:00","mainEntityOfPage":{"@id":"https:\/\/blogdosrsiape.net\/economia-brasileira-esta-em-fase-de-transicao-e-ajuste-diz-barbosa-em-ny\/"},"wordCount":485,"commentCount":0,"publisher":{"@id":"https:\/\/blogdosrsiape.com\/#organization"},"image":{"@id":"https:\/\/blogdosrsiape.net\/economia-brasileira-esta-em-fase-de-transicao-e-ajuste-diz-barbosa-em-ny\/#primaryimage"},"thumbnailUrl":"http:\/\/www.blogdosrsiape.net\/wp-content\/uploads\/2015\/06\/shutterstock_177304709-300x219.jpg","keywords":["Ajuste Fiscal","BNDES","Congresso","economia","empreendedores","Fies","Governo Federal","infraestrutura","IPCA","MEC","Ministro do Planejamento","NY","Pol\u00edtica Fiscal","servi\u00e7os p\u00fablicos","Subs\u00eddios","transi\u00e7\u00e3o"],"articleSection":["Economia"],"inLanguage":"pt-BR","potentialAction":[{"@type":"CommentAction","name":"Comment","target":["https:\/\/blogdosrsiape.net\/economia-brasileira-esta-em-fase-de-transicao-e-ajuste-diz-barbosa-em-ny\/#respond"]}]},{"@type":"WebPage","@id":"https:\/\/blogdosrsiape.net\/economia-brasileira-esta-em-fase-de-transicao-e-ajuste-diz-barbosa-em-ny\/","url":"https:\/\/blogdosrsiape.net\/economia-brasileira-esta-em-fase-de-transicao-e-ajuste-diz-barbosa-em-ny\/","name":"Economia brasileira est\u00e1 em fase de transi\u00e7\u00e3o e ajuste, diz Barbosa em NY - Blog do Sr. SIAPE","isPartOf":{"@id":"https:\/\/blogdosrsiape.com\/#website"},"primaryImageOfPage":{"@id":"https:\/\/blogdosrsiape.net\/economia-brasileira-esta-em-fase-de-transicao-e-ajuste-diz-barbosa-em-ny\/#primaryimage"},"image":{"@id":"https:\/\/blogdosrsiape.net\/economia-brasileira-esta-em-fase-de-transicao-e-ajuste-diz-barbosa-em-ny\/#primaryimage"},"thumbnailUrl":"http:\/\/www.blogdosrsiape.net\/wp-content\/uploads\/2015\/06\/shutterstock_177304709-300x219.jpg","datePublished":"2015-06-29T14:54:45+00:00","dateModified":"2015-06-29T14:54:45+00:00","breadcrumb":{"@id":"https:\/\/blogdosrsiape.net\/economia-brasileira-esta-em-fase-de-transicao-e-ajuste-diz-barbosa-em-ny\/#breadcrumb"},"inLanguage":"pt-BR","potentialAction":[{"@type":"ReadAction","target":["https:\/\/blogdosrsiape.net\/economia-brasileira-esta-em-fase-de-transicao-e-ajuste-diz-barbosa-em-ny\/"]}]},{"@type":"ImageObject","inLanguage":"pt-BR","@id":"https:\/\/blogdosrsiape.net\/economia-brasileira-esta-em-fase-de-transicao-e-ajuste-diz-barbosa-em-ny\/#primaryimage","url":"http:\/\/www.blogdosrsiape.net\/wp-content\/uploads\/2015\/06\/shutterstock_177304709-300x219.jpg","contentUrl":"http:\/\/www.blogdosrsiape.net\/wp-content\/uploads\/2015\/06\/shutterstock_177304709-300x219.jpg"},{"@type":"BreadcrumbList","@id":"https:\/\/blogdosrsiape.net\/economia-brasileira-esta-em-fase-de-transicao-e-ajuste-diz-barbosa-em-ny\/#breadcrumb","itemListElement":[{"@type":"ListItem","position":1,"name":"In\u00edcio","item":"https:\/\/blogdosrsiape.com\/"},{"@type":"ListItem","position":2,"name":"Economia brasileira est\u00e1 em fase de transi\u00e7\u00e3o e ajuste, diz Barbosa em NY"}]},{"@type":"WebSite","@id":"https:\/\/blogdosrsiape.com\/#website","url":"https:\/\/blogdosrsiape.com\/","name":"Blog do sr. SIAPE","description":"SIAPE Servidor Federal","publisher":{"@id":"https:\/\/blogdosrsiape.com\/#organization"},"potentialAction":[{"@type":"SearchAction","target":{"@type":"EntryPoint","urlTemplate":"https:\/\/blogdosrsiape.com\/?s={search_term_string}"},"query-input":{"@type":"PropertyValueSpecification","valueRequired":true,"valueName":"search_term_string"}}],"inLanguage":"pt-BR"},{"@type":"Organization","@id":"https:\/\/blogdosrsiape.com\/#organization","name":"Blog do sr. SIAPE","url":"https:\/\/blogdosrsiape.com\/","logo":{"@type":"ImageObject","inLanguage":"pt-BR","@id":"https:\/\/blogdosrsiape.com\/#\/schema\/logo\/image\/","url":"https:\/\/11ponto11servidor.com.br\/blogsrsiape\/wp-content\/uploads\/sites\/2\/2024\/10\/logo-1.png","contentUrl":"https:\/\/11ponto11servidor.com.br\/blogsrsiape\/wp-content\/uploads\/sites\/2\/2024\/10\/logo-1.png","width":287,"height":116,"caption":"Blog do sr. SIAPE"},"image":{"@id":"https:\/\/blogdosrsiape.com\/#\/schema\/logo\/image\/"},"sameAs":["https:\/\/www.facebook.com\/blogsrsiape\/?locale=pt_BR","https:\/\/www.instagram.com\/srsiape\/"]},{"@type":"Person","@id":"https:\/\/blogdosrsiape.com\/#\/schema\/person\/641e1af8b22c69725a1d604fb8959bcf","name":"websitemix","sameAs":["https:\/\/11ponto11servidor.com.br"],"url":"https:\/\/11ponto11servidor.com.br\/blogsrsiape\/author\/websitemix\/"}]}},"_links":{"self":[{"href":"https:\/\/11ponto11servidor.com.br\/blogsrsiape\/wp-json\/wp\/v2\/posts\/745"}],"collection":[{"href":"https:\/\/11ponto11servidor.com.br\/blogsrsiape\/wp-json\/wp\/v2\/posts"}],"about":[{"href":"https:\/\/11ponto11servidor.com.br\/blogsrsiape\/wp-json\/wp\/v2\/types\/post"}],"author":[{"embeddable":true,"href":"https:\/\/11ponto11servidor.com.br\/blogsrsiape\/wp-json\/wp\/v2\/users\/1"}],"replies":[{"embeddable":true,"href":"https:\/\/11ponto11servidor.com.br\/blogsrsiape\/wp-json\/wp\/v2\/comments?post=745"}],"version-history":[{"count":0,"href":"https:\/\/11ponto11servidor.com.br\/blogsrsiape\/wp-json\/wp\/v2\/posts\/745\/revisions"}],"wp:attachment":[{"href":"https:\/\/11ponto11servidor.com.br\/blogsrsiape\/wp-json\/wp\/v2\/media?parent=745"}],"wp:term":[{"taxonomy":"category","embeddable":true,"href":"https:\/\/11ponto11servidor.com.br\/blogsrsiape\/wp-json\/wp\/v2\/categories?post=745"},{"taxonomy":"post_tag","embeddable":true,"href":"https:\/\/11ponto11servidor.com.br\/blogsrsiape\/wp-json\/wp\/v2\/tags?post=745"}],"curies":[{"name":"wp","href":"https:\/\/api.w.org\/{rel}","templated":true}]}}