{"id":7651,"date":"2018-06-26T15:11:47","date_gmt":"2018-06-26T12:11:47","guid":{"rendered":"https:\/\/11ponto11servidor.com.br\/blogsrsiape\/?p=7651"},"modified":"2018-11-26T16:02:25","modified_gmt":"2018-11-26T13:02:25","slug":"supremo-nao-aprecia-revisao-salarial-do-funcionalismo","status":"publish","type":"post","link":"https:\/\/11ponto11servidor.com.br\/blogsrsiape\/supremo-nao-aprecia-revisao-salarial-do-funcionalismo\/","title":{"rendered":"SUPREMO N\u00c3O APRECIA REVIS\u00c3O SALARIAL DO FUNCIONALISMO"},"content":{"rendered":"<div>Contrariando as expectativas dos servidores que se mobilizaram ao longo de toda a semana, O Supremo Tribunal Federal encerrou a sess\u00e3o desta quinta-feira (21), sem julgar o recurso extraordin\u00e1rio que trata da revis\u00e3o anual de sal\u00e1rios do conjunto do funcionalismo federal, estadual e municipal.<\/div>\n<div><\/div>\n<div>Suspenso desde 2004 por um pedido de vista do ministro Dias Toffoli, o Recurso Extraordin\u00e1rio (RE) 565089 foi ajuizado por servidores p\u00fablicos federais siape do estado de S\u00e3o Paulo, na busca de repara\u00e7\u00e3o a t\u00edtulo de indeniza\u00e7\u00e3o, porque o governo deixou de cumprir o que estabelece o inciso X do art. 37 da Constitui\u00e7\u00e3o. O dispositivo determina que o gestor p\u00fablico chefe de governo &#8211; prefeito, governador ou o Presidente da Rep\u00fablica &#8211; envie projeto de revis\u00e3o geral anual de sal\u00e1rios ao legislativo correspondente. Foi suscitada repercuss\u00e3o geral sobre o tema e outras entidades de servidores est\u00e3o habilitadas como parte no processo.<\/div>\n<div><\/div>\n<div><\/div>\n<div>A sess\u00e3o desta quinta-feira foi suspensa logo ap\u00f3s sustenta\u00e7\u00e3o oral da Anamatra na ADI 4885 &#8211; onde se pleiteia medida cautelar para adiar o prazo de ades\u00e3o dos ju\u00edzes e servidores ao Funpresp, devendo fazer com que a pr\u00f3xima sess\u00e3o seja iniciada com a coleta de votos dos ministros sobre este tema.<\/div>\n<div><\/div>\n<div><\/div>\n<div>Dirigentes cobram inclus\u00e3o do processo da revis\u00e3o salarial na pauta da pr\u00f3xima semana, que dever\u00e1 ser a \u00faltima do STF antes do recesso de julho.<\/div>\n<div><\/div>\n<div><\/div>\n<div>Ainda no plen\u00e1rio, representantes dos servidores p\u00fablicos federais siape conversaram rapidamente com o ministro Toffoli sobre o esfor\u00e7o para pautar o processo. Em conversa que aconteceu no sal\u00e3o branco logo em seguida, o ministro disse que sabe da import\u00e2ncia de uma decis\u00e3o neste processo para o conjunto do funcionalismo federal, estadual e municipal e comprometeu-se em conversar com a ministra C\u00e1rmen L\u00facia para buscar garantir a inclus\u00e3o do processo na pauta da pr\u00f3xima sess\u00e3o.<\/div>\n<div><\/div>\n<div><\/div>\n<div>J\u00e1 na sa\u00edda do sal\u00e3o nobre, representantes da Fenajufe e do Sitraemg conversaram mais uma vez com o ministro Marco Aur\u00e9lio, que \u00e9 o relator do processo, j\u00e1 tendo inclusive dado voto favor\u00e1vel ao reconhecimento do direito pleiteado pelos servidores p\u00fablicos federais siape. O ministro lamentou que n\u00e3o tenha sido poss\u00edvel a retomada do julgamento j\u00e1 na sess\u00e3o desta quinta-feira e afirmou que a articula\u00e7\u00e3o para inclus\u00e3o do processo na pr\u00f3xima semana estaria em boas m\u00e3os com o ministro Toffoli, que al\u00e9m de ser o atual vice-presidente da Corte, assumir\u00e1 a presid\u00eancia a partir de setembro.<\/div>\n<div><\/div>\n<div><\/div>\n<div><em>Da assessoria de imprensa, Caroline P. Colombo com informa\u00e7\u00f5es da Fenajufe<br \/>\n<\/em>Fonte: <a href=\"http:\/\/www.aojus.org.br\/Noticia,Abrir,20139,10562.aspx\">Aojus<\/a><\/div>\n<p>&nbsp;<\/p>\n[responsivevoice_button voice=&#8217;Brazilian Portuguese Female&#8217;]\n","protected":false},"excerpt":{"rendered":"<p>Contrariando as expectativas dos servidores que se mobilizaram ao longo de toda a semana, O Supremo Tribunal Federal encerrou a sess\u00e3o desta quinta-feira&#8230;<\/p>\n","protected":false},"author":1,"featured_media":7653,"comment_status":"open","ping_status":"open","sticky":false,"template":"","format":"standard","meta":{"footnotes":""},"categories":[64,66],"tags":[5110,5096,2031,2152,2519,2158,2266],"class_list":["post-7651","post","type-post","status-publish","format-standard","has-post-thumbnail","hentry","category-reajuste","category-salarios","tag-servidorpublico","tag-servidorpublicofederal","tag-salario","tag-siape","tag-sigac","tag-sigepe","tag-supremo"],"yoast_head":"<!-- This site is optimized with the Yoast SEO plugin v23.6 - https:\/\/yoast.com\/wordpress\/plugins\/seo\/ -->\n<title>Supremo n\u00e3o aprecia revis\u00e3o salarial do funcionalismo<\/title>\n<meta name=\"description\" content=\"Contrariando as expectativas dos servidores que se mobilizaram ao longo de toda a semana, O Supremo Tribunal Federal encerrou a sess\u00e3o desta quinta-feira...\" \/>\n<meta name=\"robots\" content=\"index, follow, max-snippet:-1, max-image-preview:large, max-video-preview:-1\" \/>\n<link rel=\"canonical\" href=\"https:\/\/blogdosrsiape.net\/supremo-nao-aprecia-revisao-salarial-do-funcionalismo\/\" \/>\n<meta property=\"og:locale\" content=\"pt_BR\" \/>\n<meta property=\"og:type\" content=\"article\" \/>\n<meta property=\"og:title\" content=\"Supremo n\u00e3o aprecia revis\u00e3o salarial do funcionalismo\" \/>\n<meta property=\"og:description\" content=\"Contrariando as expectativas dos servidores que se mobilizaram ao longo de toda a semana, O Supremo Tribunal Federal encerrou a sess\u00e3o desta quinta-feira...\" \/>\n<meta property=\"og:url\" content=\"https:\/\/blogdosrsiape.net\/supremo-nao-aprecia-revisao-salarial-do-funcionalismo\/\" \/>\n<meta property=\"og:site_name\" content=\"Blog do Sr. SIAPE\" \/>\n<meta property=\"article:publisher\" content=\"https:\/\/www.facebook.com\/blogsrsiape\/?locale=pt_BR\" \/>\n<meta property=\"article:published_time\" content=\"2018-06-26T12:11:47+00:00\" \/>\n<meta property=\"article:modified_time\" content=\"2018-11-26T13:02:25+00:00\" \/>\n<meta property=\"og:image\" content=\"https:\/\/11ponto11servidor.com.br\/blogsrsiape\/wp-content\/uploads\/sites\/2\/2018\/06\/StockSnap_JBZCLRFT3A.jpg\" \/>\n\t<meta property=\"og:image:width\" content=\"2048\" \/>\n\t<meta property=\"og:image:height\" content=\"1247\" \/>\n\t<meta property=\"og:image:type\" content=\"image\/jpeg\" \/>\n<meta name=\"author\" content=\"websitemix\" \/>\n<meta name=\"twitter:card\" content=\"summary_large_image\" \/>\n<meta name=\"twitter:label1\" content=\"Escrito por\" \/>\n\t<meta name=\"twitter:data1\" content=\"websitemix\" \/>\n\t<meta name=\"twitter:label2\" content=\"Est. tempo de leitura\" \/>\n\t<meta name=\"twitter:data2\" content=\"2 minutos\" \/>\n<script type=\"application\/ld+json\" class=\"yoast-schema-graph\">{\"@context\":\"https:\/\/schema.org\",\"@graph\":[{\"@type\":\"Article\",\"@id\":\"https:\/\/blogdosrsiape.net\/supremo-nao-aprecia-revisao-salarial-do-funcionalismo\/#article\",\"isPartOf\":{\"@id\":\"https:\/\/blogdosrsiape.net\/supremo-nao-aprecia-revisao-salarial-do-funcionalismo\/\"},\"author\":{\"name\":\"websitemix\",\"@id\":\"https:\/\/blogdosrsiape.com\/#\/schema\/person\/641e1af8b22c69725a1d604fb8959bcf\"},\"headline\":\"SUPREMO N\u00c3O APRECIA REVIS\u00c3O SALARIAL DO FUNCIONALISMO\",\"datePublished\":\"2018-06-26T12:11:47+00:00\",\"dateModified\":\"2018-11-26T13:02:25+00:00\",\"mainEntityOfPage\":{\"@id\":\"https:\/\/blogdosrsiape.net\/supremo-nao-aprecia-revisao-salarial-do-funcionalismo\/\"},\"wordCount\":469,\"commentCount\":0,\"publisher\":{\"@id\":\"https:\/\/blogdosrsiape.com\/#organization\"},\"image\":{\"@id\":\"https:\/\/blogdosrsiape.net\/supremo-nao-aprecia-revisao-salarial-do-funcionalismo\/#primaryimage\"},\"thumbnailUrl\":\"https:\/\/11ponto11servidor.com.br\/blogsrsiape\/wp-content\/uploads\/sites\/2\/2018\/06\/StockSnap_JBZCLRFT3A.jpg\",\"keywords\":[\"#servidorpublico\",\"#servidorpublicofederal\",\"Sal\u00e1rio\",\"Siape\",\"SIGAC\",\"SIGEPE\",\"Supremo\"],\"articleSection\":[\"Reajuste\",\"Sal\u00e1rios\"],\"inLanguage\":\"pt-BR\",\"potentialAction\":[{\"@type\":\"CommentAction\",\"name\":\"Comment\",\"target\":[\"https:\/\/blogdosrsiape.net\/supremo-nao-aprecia-revisao-salarial-do-funcionalismo\/#respond\"]}]},{\"@type\":\"WebPage\",\"@id\":\"https:\/\/blogdosrsiape.net\/supremo-nao-aprecia-revisao-salarial-do-funcionalismo\/\",\"url\":\"https:\/\/blogdosrsiape.net\/supremo-nao-aprecia-revisao-salarial-do-funcionalismo\/\",\"name\":\"Supremo n\u00e3o aprecia revis\u00e3o salarial do funcionalismo\",\"isPartOf\":{\"@id\":\"https:\/\/blogdosrsiape.com\/#website\"},\"primaryImageOfPage\":{\"@id\":\"https:\/\/blogdosrsiape.net\/supremo-nao-aprecia-revisao-salarial-do-funcionalismo\/#primaryimage\"},\"image\":{\"@id\":\"https:\/\/blogdosrsiape.net\/supremo-nao-aprecia-revisao-salarial-do-funcionalismo\/#primaryimage\"},\"thumbnailUrl\":\"https:\/\/11ponto11servidor.com.br\/blogsrsiape\/wp-content\/uploads\/sites\/2\/2018\/06\/StockSnap_JBZCLRFT3A.jpg\",\"datePublished\":\"2018-06-26T12:11:47+00:00\",\"dateModified\":\"2018-11-26T13:02:25+00:00\",\"description\":\"Contrariando as expectativas dos servidores que se mobilizaram ao longo de toda a semana, O Supremo Tribunal Federal encerrou a sess\u00e3o desta quinta-feira...\",\"breadcrumb\":{\"@id\":\"https:\/\/blogdosrsiape.net\/supremo-nao-aprecia-revisao-salarial-do-funcionalismo\/#breadcrumb\"},\"inLanguage\":\"pt-BR\",\"potentialAction\":[{\"@type\":\"ReadAction\",\"target\":[\"https:\/\/blogdosrsiape.net\/supremo-nao-aprecia-revisao-salarial-do-funcionalismo\/\"]}]},{\"@type\":\"ImageObject\",\"inLanguage\":\"pt-BR\",\"@id\":\"https:\/\/blogdosrsiape.net\/supremo-nao-aprecia-revisao-salarial-do-funcionalismo\/#primaryimage\",\"url\":\"https:\/\/11ponto11servidor.com.br\/blogsrsiape\/wp-content\/uploads\/sites\/2\/2018\/06\/StockSnap_JBZCLRFT3A.jpg\",\"contentUrl\":\"https:\/\/11ponto11servidor.com.br\/blogsrsiape\/wp-content\/uploads\/sites\/2\/2018\/06\/StockSnap_JBZCLRFT3A.jpg\",\"width\":2048,\"height\":1247,\"caption\":\"Aerial view of business data analysis graph\"},{\"@type\":\"BreadcrumbList\",\"@id\":\"https:\/\/blogdosrsiape.net\/supremo-nao-aprecia-revisao-salarial-do-funcionalismo\/#breadcrumb\",\"itemListElement\":[{\"@type\":\"ListItem\",\"position\":1,\"name\":\"In\u00edcio\",\"item\":\"https:\/\/blogdosrsiape.com\/\"},{\"@type\":\"ListItem\",\"position\":2,\"name\":\"SUPREMO N\u00c3O APRECIA REVIS\u00c3O SALARIAL DO FUNCIONALISMO\"}]},{\"@type\":\"WebSite\",\"@id\":\"https:\/\/blogdosrsiape.com\/#website\",\"url\":\"https:\/\/blogdosrsiape.com\/\",\"name\":\"Blog do sr. SIAPE\",\"description\":\"SIAPE Servidor Federal\",\"publisher\":{\"@id\":\"https:\/\/blogdosrsiape.com\/#organization\"},\"potentialAction\":[{\"@type\":\"SearchAction\",\"target\":{\"@type\":\"EntryPoint\",\"urlTemplate\":\"https:\/\/blogdosrsiape.com\/?s={search_term_string}\"},\"query-input\":{\"@type\":\"PropertyValueSpecification\",\"valueRequired\":true,\"valueName\":\"search_term_string\"}}],\"inLanguage\":\"pt-BR\"},{\"@type\":\"Organization\",\"@id\":\"https:\/\/blogdosrsiape.com\/#organization\",\"name\":\"Blog do sr. SIAPE\",\"url\":\"https:\/\/blogdosrsiape.com\/\",\"logo\":{\"@type\":\"ImageObject\",\"inLanguage\":\"pt-BR\",\"@id\":\"https:\/\/blogdosrsiape.com\/#\/schema\/logo\/image\/\",\"url\":\"https:\/\/11ponto11servidor.com.br\/blogsrsiape\/wp-content\/uploads\/sites\/2\/2024\/10\/logo-1.png\",\"contentUrl\":\"https:\/\/11ponto11servidor.com.br\/blogsrsiape\/wp-content\/uploads\/sites\/2\/2024\/10\/logo-1.png\",\"width\":287,\"height\":116,\"caption\":\"Blog do sr. SIAPE\"},\"image\":{\"@id\":\"https:\/\/blogdosrsiape.com\/#\/schema\/logo\/image\/\"},\"sameAs\":[\"https:\/\/www.facebook.com\/blogsrsiape\/?locale=pt_BR\",\"https:\/\/www.instagram.com\/srsiape\/\"]},{\"@type\":\"Person\",\"@id\":\"https:\/\/blogdosrsiape.com\/#\/schema\/person\/641e1af8b22c69725a1d604fb8959bcf\",\"name\":\"websitemix\",\"sameAs\":[\"https:\/\/11ponto11servidor.com.br\"],\"url\":\"https:\/\/11ponto11servidor.com.br\/blogsrsiape\/author\/websitemix\/\"}]}<\/script>\n<!-- \/ Yoast SEO plugin. -->","yoast_head_json":{"title":"Supremo n\u00e3o aprecia revis\u00e3o salarial do funcionalismo","description":"Contrariando as expectativas dos servidores que se mobilizaram ao longo de toda a semana, O Supremo Tribunal Federal encerrou a sess\u00e3o desta quinta-feira...","robots":{"index":"index","follow":"follow","max-snippet":"max-snippet:-1","max-image-preview":"max-image-preview:large","max-video-preview":"max-video-preview:-1"},"canonical":"https:\/\/blogdosrsiape.net\/supremo-nao-aprecia-revisao-salarial-do-funcionalismo\/","og_locale":"pt_BR","og_type":"article","og_title":"Supremo n\u00e3o aprecia revis\u00e3o salarial do funcionalismo","og_description":"Contrariando as expectativas dos servidores que se mobilizaram ao longo de toda a semana, O Supremo Tribunal Federal encerrou a sess\u00e3o desta quinta-feira...","og_url":"https:\/\/blogdosrsiape.net\/supremo-nao-aprecia-revisao-salarial-do-funcionalismo\/","og_site_name":"Blog do Sr. SIAPE","article_publisher":"https:\/\/www.facebook.com\/blogsrsiape\/?locale=pt_BR","article_published_time":"2018-06-26T12:11:47+00:00","article_modified_time":"2018-11-26T13:02:25+00:00","og_image":[{"width":2048,"height":1247,"url":"https:\/\/11ponto11servidor.com.br\/blogsrsiape\/wp-content\/uploads\/sites\/2\/2018\/06\/StockSnap_JBZCLRFT3A.jpg","type":"image\/jpeg"}],"author":"websitemix","twitter_card":"summary_large_image","twitter_misc":{"Escrito por":"websitemix","Est. tempo de leitura":"2 minutos"},"schema":{"@context":"https:\/\/schema.org","@graph":[{"@type":"Article","@id":"https:\/\/blogdosrsiape.net\/supremo-nao-aprecia-revisao-salarial-do-funcionalismo\/#article","isPartOf":{"@id":"https:\/\/blogdosrsiape.net\/supremo-nao-aprecia-revisao-salarial-do-funcionalismo\/"},"author":{"name":"websitemix","@id":"https:\/\/blogdosrsiape.com\/#\/schema\/person\/641e1af8b22c69725a1d604fb8959bcf"},"headline":"SUPREMO N\u00c3O APRECIA REVIS\u00c3O SALARIAL DO FUNCIONALISMO","datePublished":"2018-06-26T12:11:47+00:00","dateModified":"2018-11-26T13:02:25+00:00","mainEntityOfPage":{"@id":"https:\/\/blogdosrsiape.net\/supremo-nao-aprecia-revisao-salarial-do-funcionalismo\/"},"wordCount":469,"commentCount":0,"publisher":{"@id":"https:\/\/blogdosrsiape.com\/#organization"},"image":{"@id":"https:\/\/blogdosrsiape.net\/supremo-nao-aprecia-revisao-salarial-do-funcionalismo\/#primaryimage"},"thumbnailUrl":"https:\/\/11ponto11servidor.com.br\/blogsrsiape\/wp-content\/uploads\/sites\/2\/2018\/06\/StockSnap_JBZCLRFT3A.jpg","keywords":["#servidorpublico","#servidorpublicofederal","Sal\u00e1rio","Siape","SIGAC","SIGEPE","Supremo"],"articleSection":["Reajuste","Sal\u00e1rios"],"inLanguage":"pt-BR","potentialAction":[{"@type":"CommentAction","name":"Comment","target":["https:\/\/blogdosrsiape.net\/supremo-nao-aprecia-revisao-salarial-do-funcionalismo\/#respond"]}]},{"@type":"WebPage","@id":"https:\/\/blogdosrsiape.net\/supremo-nao-aprecia-revisao-salarial-do-funcionalismo\/","url":"https:\/\/blogdosrsiape.net\/supremo-nao-aprecia-revisao-salarial-do-funcionalismo\/","name":"Supremo n\u00e3o aprecia revis\u00e3o salarial do funcionalismo","isPartOf":{"@id":"https:\/\/blogdosrsiape.com\/#website"},"primaryImageOfPage":{"@id":"https:\/\/blogdosrsiape.net\/supremo-nao-aprecia-revisao-salarial-do-funcionalismo\/#primaryimage"},"image":{"@id":"https:\/\/blogdosrsiape.net\/supremo-nao-aprecia-revisao-salarial-do-funcionalismo\/#primaryimage"},"thumbnailUrl":"https:\/\/11ponto11servidor.com.br\/blogsrsiape\/wp-content\/uploads\/sites\/2\/2018\/06\/StockSnap_JBZCLRFT3A.jpg","datePublished":"2018-06-26T12:11:47+00:00","dateModified":"2018-11-26T13:02:25+00:00","description":"Contrariando as expectativas dos servidores que se mobilizaram ao longo de toda a semana, O Supremo Tribunal Federal encerrou a sess\u00e3o desta quinta-feira...","breadcrumb":{"@id":"https:\/\/blogdosrsiape.net\/supremo-nao-aprecia-revisao-salarial-do-funcionalismo\/#breadcrumb"},"inLanguage":"pt-BR","potentialAction":[{"@type":"ReadAction","target":["https:\/\/blogdosrsiape.net\/supremo-nao-aprecia-revisao-salarial-do-funcionalismo\/"]}]},{"@type":"ImageObject","inLanguage":"pt-BR","@id":"https:\/\/blogdosrsiape.net\/supremo-nao-aprecia-revisao-salarial-do-funcionalismo\/#primaryimage","url":"https:\/\/11ponto11servidor.com.br\/blogsrsiape\/wp-content\/uploads\/sites\/2\/2018\/06\/StockSnap_JBZCLRFT3A.jpg","contentUrl":"https:\/\/11ponto11servidor.com.br\/blogsrsiape\/wp-content\/uploads\/sites\/2\/2018\/06\/StockSnap_JBZCLRFT3A.jpg","width":2048,"height":1247,"caption":"Aerial view of business data analysis graph"},{"@type":"BreadcrumbList","@id":"https:\/\/blogdosrsiape.net\/supremo-nao-aprecia-revisao-salarial-do-funcionalismo\/#breadcrumb","itemListElement":[{"@type":"ListItem","position":1,"name":"In\u00edcio","item":"https:\/\/blogdosrsiape.com\/"},{"@type":"ListItem","position":2,"name":"SUPREMO N\u00c3O APRECIA REVIS\u00c3O SALARIAL DO FUNCIONALISMO"}]},{"@type":"WebSite","@id":"https:\/\/blogdosrsiape.com\/#website","url":"https:\/\/blogdosrsiape.com\/","name":"Blog do sr. SIAPE","description":"SIAPE Servidor Federal","publisher":{"@id":"https:\/\/blogdosrsiape.com\/#organization"},"potentialAction":[{"@type":"SearchAction","target":{"@type":"EntryPoint","urlTemplate":"https:\/\/blogdosrsiape.com\/?s={search_term_string}"},"query-input":{"@type":"PropertyValueSpecification","valueRequired":true,"valueName":"search_term_string"}}],"inLanguage":"pt-BR"},{"@type":"Organization","@id":"https:\/\/blogdosrsiape.com\/#organization","name":"Blog do sr. SIAPE","url":"https:\/\/blogdosrsiape.com\/","logo":{"@type":"ImageObject","inLanguage":"pt-BR","@id":"https:\/\/blogdosrsiape.com\/#\/schema\/logo\/image\/","url":"https:\/\/11ponto11servidor.com.br\/blogsrsiape\/wp-content\/uploads\/sites\/2\/2024\/10\/logo-1.png","contentUrl":"https:\/\/11ponto11servidor.com.br\/blogsrsiape\/wp-content\/uploads\/sites\/2\/2024\/10\/logo-1.png","width":287,"height":116,"caption":"Blog do sr. SIAPE"},"image":{"@id":"https:\/\/blogdosrsiape.com\/#\/schema\/logo\/image\/"},"sameAs":["https:\/\/www.facebook.com\/blogsrsiape\/?locale=pt_BR","https:\/\/www.instagram.com\/srsiape\/"]},{"@type":"Person","@id":"https:\/\/blogdosrsiape.com\/#\/schema\/person\/641e1af8b22c69725a1d604fb8959bcf","name":"websitemix","sameAs":["https:\/\/11ponto11servidor.com.br"],"url":"https:\/\/11ponto11servidor.com.br\/blogsrsiape\/author\/websitemix\/"}]}},"_links":{"self":[{"href":"https:\/\/11ponto11servidor.com.br\/blogsrsiape\/wp-json\/wp\/v2\/posts\/7651"}],"collection":[{"href":"https:\/\/11ponto11servidor.com.br\/blogsrsiape\/wp-json\/wp\/v2\/posts"}],"about":[{"href":"https:\/\/11ponto11servidor.com.br\/blogsrsiape\/wp-json\/wp\/v2\/types\/post"}],"author":[{"embeddable":true,"href":"https:\/\/11ponto11servidor.com.br\/blogsrsiape\/wp-json\/wp\/v2\/users\/1"}],"replies":[{"embeddable":true,"href":"https:\/\/11ponto11servidor.com.br\/blogsrsiape\/wp-json\/wp\/v2\/comments?post=7651"}],"version-history":[{"count":0,"href":"https:\/\/11ponto11servidor.com.br\/blogsrsiape\/wp-json\/wp\/v2\/posts\/7651\/revisions"}],"wp:featuredmedia":[{"embeddable":true,"href":"https:\/\/11ponto11servidor.com.br\/blogsrsiape\/wp-json\/wp\/v2\/media\/7653"}],"wp:attachment":[{"href":"https:\/\/11ponto11servidor.com.br\/blogsrsiape\/wp-json\/wp\/v2\/media?parent=7651"}],"wp:term":[{"taxonomy":"category","embeddable":true,"href":"https:\/\/11ponto11servidor.com.br\/blogsrsiape\/wp-json\/wp\/v2\/categories?post=7651"},{"taxonomy":"post_tag","embeddable":true,"href":"https:\/\/11ponto11servidor.com.br\/blogsrsiape\/wp-json\/wp\/v2\/tags?post=7651"}],"curies":[{"name":"wp","href":"https:\/\/api.w.org\/{rel}","templated":true}]}}