{"id":770,"date":"2015-07-01T12:27:52","date_gmt":"2015-07-01T12:27:52","guid":{"rendered":"http:\/\/www.blogdosrsiape.net\/?p=770"},"modified":"2015-07-01T12:27:52","modified_gmt":"2015-07-01T12:27:52","slug":"camara-rejeita-proposta-para-reduzir-a-maioridade-penal","status":"publish","type":"post","link":"https:\/\/11ponto11servidor.com.br\/blogsrsiape\/camara-rejeita-proposta-para-reduzir-a-maioridade-penal\/","title":{"rendered":"C\u00e2mara rejeita proposta para reduzir a maioridade penal"},"content":{"rendered":"<h3 class=\"news-subtit margin-bottom-20\">Texto teve 303 votos contr\u00e1rios e 184 a favor em vota\u00e7\u00e3o que durou mais de quatro horas. Nova proposta poder\u00e1 ser votada na pr\u00f3xima semana<\/h3>\n<div class=\"details margin-bottom-10\">\n<p class=\"small margin-bottom-0\"><i class=\"spr __iat margin-right-10\"><\/i> <a ref=\"magnificPopup\" href=\"http:\/\/www.blogdosrsiape.net\/wp-content\/uploads\/2015\/07\/maioridade-penal.jpg\"><img loading=\"lazy\" decoding=\"async\" class=\" size-large wp-image-771 alignleft\" src=\"http:\/\/www.blogdosrsiape.net\/wp-content\/uploads\/2015\/07\/maioridade-penal-1024x211.jpg\" alt=\"maioridade penal\" width=\"700\" height=\"144\" srcset=\"https:\/\/11ponto11servidor.com.br\/blogsrsiape\/wp-content\/uploads\/sites\/2\/2015\/07\/maioridade-penal-1024x211.jpg 1024w, https:\/\/11ponto11servidor.com.br\/blogsrsiape\/wp-content\/uploads\/sites\/2\/2015\/07\/maioridade-penal-300x62.jpg 300w, https:\/\/11ponto11servidor.com.br\/blogsrsiape\/wp-content\/uploads\/sites\/2\/2015\/07\/maioridade-penal-768x158.jpg 768w, https:\/\/11ponto11servidor.com.br\/blogsrsiape\/wp-content\/uploads\/sites\/2\/2015\/07\/maioridade-penal.jpg 1197w\" sizes=\"(max-width: 700px) 100vw, 700px\" \/><\/a><\/p>\n<\/div>\n<div id=\"HOTWordsTxt\" class=\"js-body-news body-news clearfix margin-bottom-25\">\n<div class=\"news__image center\"><\/div>\n<p>&nbsp;<\/p>\n<p>A C\u00e2mara dos Deputados rejeitou, na madrugada desta quarta-feira (1\u00ba\/7), votar a Proposta de Emenda \u00e0 Constitui\u00e7\u00e3o (<strong>PEC<\/strong>) que reduz a maioridade penal para 16 anos. O texto teve 303 votos favor\u00e1veis. Para alterar a Constitui\u00e7\u00e3o, seriam necess\u00e1rios 308 deputados. A discuss\u00e3o do tema come\u00e7ou \u00e0s 20h, ap\u00f3s a vota\u00e7\u00e3o de outras duas mat\u00e9rias.<\/p>\n<p>O texto rejeitado pelos Parlamentares foi criado pelo relator da mat\u00e9ria na comiss\u00e3o especial, Deputado Laerte Bessa (PR-DF). Acertado com os l\u00edderes do PSDB e do PMDB, entre outros partidos, o texto de Bessa reduzia a maioridade penal <span style=\"text-decoration: underline;\">apenas para crimes hediondos, crimes dolosos contra a vida (latroc\u00ednios e homic\u00eddios, por exemplo), furto qualificado e outros<\/span>. Cunha pode por em vota\u00e7\u00e3o, nos pr\u00f3ximos dias, o texto original da PEC, apresentado em 1993 por Benedito Domingos (DF), e que reduz a maioridade para todos os crimes.<\/p>\n<p>O Presidente da C\u00e2mara dos Deputados, Eduardo Cunha, afirmou que o texto original de Bessa ou outra alternativa poder\u00e1 ser votada na pr\u00f3xima semana ou ficar para o segundo semestre, dependendo da vota\u00e7\u00e3o em segundo turno da reforma pol\u00edtica, tema que classificou como prioridade. \u201cSe a vota\u00e7\u00e3o do texto original ou de alguma (proposta) aglutinativa atingir (308 votos), \u00f3timo. Se n\u00e3o \u00e9 porque a Casa quer permanecer com a Legisla\u00e7\u00e3o existente\u201d, afirmou.<\/p>\n<p>De acordo com o L\u00edder do governo, Jos\u00e9 Guimar\u00e3es (PT-CE), a prioridade agora \u00e9 votar propostas alternativas, como a que aumenta a puni\u00e7\u00e3o para menores infratores por meio de uma altera\u00e7\u00e3o do <span style=\"text-decoration: underline;\">Estatuto da Crian\u00e7a e do Adolescente<\/span> (<strong>ECA<\/strong>). \u201cAprovar (a redu\u00e7\u00e3o da maioridae penal) do jeito que estava era um retrocesso. E agora n\u00f3s vamos reunir com os l\u00edderes da Casa. N\u00e3o derrotados e nem vencidos (&#8230;) Prevaleceu o bom senso\u201d, afirmou. O Senado pode votar amanh\u00e3 substitutivo de projeto de lei do senador Jos\u00e9 Serra (PSDB-SP) que altera de tr\u00eas para oito anos a puni\u00e7\u00e3o para menores de 18 anos.<\/p>\n<p><span style=\"text-decoration: underline;\"><strong>Protestos<\/strong><\/span><br \/>\nDesde cedo o dia foi de tens\u00e3o no Congresso. O momento mais cr\u00edtico foi por volta das 18h, quando cerca de 200 manifestantes e a Pol\u00edcia Legislativa entraram em confronto na entrada do Anexo II da C\u00e2mara. Estudantes contr\u00e1rios \u00e0 redu\u00e7\u00e3o gritavam palavras de ordem e tentaram entrar no pr\u00e9dio. Em resposta, 50 policiais usaram <span style=\"text-decoration: underline;\">spray de pimenta<\/span> para dispersar o protesto. Em seguida, outros 300 manifestantes que estavam na Esplanada foram para o local. Um trecho da pista S1 foi fechada e cerca de uma hora depois a manifesta\u00e7\u00e3o se dispersou.<\/p>\n<p>Por determina\u00e7\u00e3o da Presid\u00eancia da C\u00e2mara, a entrada no plen\u00e1rio foi limitada a 200 senhas distribu\u00eddas pela manh\u00e3 a lideran\u00e7as partid\u00e1rias de forma proporcional para que repassem ao p\u00fablico. A capacidade da galeria do plen\u00e1rio \u00e9 de 300 pessoas. De acordo com Cunha, a restri\u00e7\u00e3o visava preservar a seguran\u00e7a. \u201c\u00c9 a garantia que \u00e9 colocada pelos bombeiros \u00e0 seguran\u00e7a da Casa. N\u00e3o \u00e9 quest\u00e3o de ter espa\u00e7o. Voc\u00ea tem que ter possibilidade de evacua\u00e7\u00e3o sem risco de vida de ningu\u00e9m\u201d, afirmou o parlamentar.<br \/>\nMesmo com<span style=\"text-decoration: underline;\"><em> habeas corpus<\/em><\/span> concedido pelo Supremo Tribunal Federal (<strong>STF<\/strong>), 60 manifestantes contr\u00e1rios \u00e0 redu\u00e7\u00e3o da maioridade penal tiveram dificuldades de entrar na Casa. Dezenove integrantes da Uni\u00e3o dos Estudantes (<strong>UNE<\/strong>) e da Uni\u00e3o Nacional de Estudantes Secundaristas (<strong>Ubes<\/strong>) e outros 41 integrantes da organiza\u00e7\u00e3o <span style=\"text-decoration: underline;\">Amanhecer Contra a Redu\u00e7\u00e3o<\/span> tiveram o acesso limitado pela Pol\u00edcia Legislativa. \u201cA minha senha \u00e9 o habeas corpus, uma decis\u00e3o do STF\u201d, disse Mateus Weber, diretor de Comunica\u00e7\u00e3o da UNE.<\/p>\n<p>Outros manifestantes foram impedidos de acessar o Sal\u00e3o Verde da C\u00e2mara, que d\u00e1 acesso ao Plen\u00e1rio da Casa. A restri\u00e7\u00e3o motivou uma manifesta\u00e7\u00e3o, com gritos de \u201cCunha, n\u00e3o esquece \u00e9 decis\u00e3o do STF\u201d. Durante outra confus\u00e3o, no anexo II, o deputado Her\u00e1clito Fortes (PSB-PI) caiu no ch\u00e3o. Ele disse que foi empurrado, mas n\u00e3o sabe por quem. &#8220;Os manifestantes estavam dizendo que eu n\u00e3o ia poder entrar e me empurraram. Eu nem sei de que lado eles estavam&#8221;, afirmou. O Parlamentar se posicionou a favor da redu\u00e7\u00e3o em ocasi\u00f5es anteriores e em discurso na tribunal do plen\u00e1rio, disse que iria se abster.<\/p>\n<p>No Departamento de Pol\u00edcia Legislativa, pelo menos duas registraram queixas. A deputada Moema Gramacho (PT-BA) disse ter sido agredida verbalmente por um manifestante favor\u00e1vel \u00e0 redu\u00e7\u00e3o. Um manifestante favor\u00e1vel \u00e0 redu\u00e7\u00e3o disse ter sido alvo de inj\u00faria racial. O homem tamb\u00e9m \u201cgolpeado no rosto por um objeto contundente\u201d, segundo o diretor da Pol\u00edcia Judici\u00e1ria da C\u00e2mara, Roberto Peixoto. Um estrangeiro da Costa do Marfim, supostamente envolvido na confus\u00e3o, foi encaminhado para o Departamento de Pol\u00edcia Civil do DF por estar sem documentos.<\/p>\n<\/div>\n<p><strong><span style=\"text-decoration: underline;\">Fonte:<\/span> <span style=\"color: #0000ff;\">Correio Braziliense<\/span><\/strong><\/p>\n<p>&nbsp;<\/p>\n<p><a ref=\"magnificPopup\" href=\"http:\/\/www.blogdosrsiape.net\/wp-content\/uploads\/2015\/06\/shutterstock_167248031.jpg\"><img loading=\"lazy\" decoding=\"async\" class=\"alignnone size-medium wp-image-699\" src=\"http:\/\/www.blogdosrsiape.net\/wp-content\/uploads\/2015\/06\/shutterstock_167248031-210x300.jpg\" alt=\"shutterstock_167248031\" width=\"210\" height=\"300\" \/><\/a><\/p>\n<p>&nbsp;<\/p>\n","protected":false},"excerpt":{"rendered":"<p>Texto teve 303 votos contr\u00e1rios e 184 a favor em vota\u00e7\u00e3o que durou mais de quatro horas. Nova proposta poder\u00e1 ser votada na pr\u00f3xima semana &nbsp; A C\u00e2mara dos Deputados rejeitou, na madrugada desta quarta-feira (1\u00ba\/7), votar a Proposta de Emenda \u00e0 Constitui\u00e7\u00e3o (PEC) que reduz a maioridade penal para 16 anos. O texto teve&#8230;<\/p>\n","protected":false},"author":1,"featured_media":0,"comment_status":"open","ping_status":"open","sticky":false,"template":"","format":"standard","meta":{"footnotes":""},"categories":[11,45],"tags":[412,608,626,691,773,833,902,1722,1799,1901,1941,2245,2379,2426],"class_list":["post-770","post","type-post","status-publish","format-standard","hentry","category-brasil","category-maioridade-penal","tag-camara-dos-deputados","tag-congresso","tag-constituicao","tag-crimes-hediondos","tag-df","tag-eca","tag-esplanada","tag-pec","tag-policia-legislativa","tag-protestos","tag-reforma-politica","tag-stf","tag-ubes","tag-une"],"yoast_head":"<!-- This site is optimized with the Yoast SEO plugin v23.6 - https:\/\/yoast.com\/wordpress\/plugins\/seo\/ -->\n<title>C\u00e2mara rejeita proposta para reduzir a maioridade penal - Blog do Sr. SIAPE<\/title>\n<meta name=\"robots\" content=\"index, follow, max-snippet:-1, max-image-preview:large, max-video-preview:-1\" \/>\n<link rel=\"canonical\" href=\"https:\/\/blogdosrsiape.com\/camara-rejeita-proposta-para-reduzir-a-maioridade-penal\/\" \/>\n<meta property=\"og:locale\" content=\"pt_BR\" \/>\n<meta property=\"og:type\" content=\"article\" \/>\n<meta property=\"og:title\" content=\"C\u00e2mara rejeita proposta para reduzir a maioridade penal - Blog do Sr. SIAPE\" \/>\n<meta property=\"og:description\" content=\"Texto teve 303 votos contr\u00e1rios e 184 a favor em vota\u00e7\u00e3o que durou mais de quatro horas. Nova proposta poder\u00e1 ser votada na pr\u00f3xima semana &nbsp; A C\u00e2mara dos Deputados rejeitou, na madrugada desta quarta-feira (1\u00ba\/7), votar a Proposta de Emenda \u00e0 Constitui\u00e7\u00e3o (PEC) que reduz a maioridade penal para 16 anos. O texto teve...\" \/>\n<meta property=\"og:url\" content=\"https:\/\/blogdosrsiape.com\/camara-rejeita-proposta-para-reduzir-a-maioridade-penal\/\" \/>\n<meta property=\"og:site_name\" content=\"Blog do Sr. SIAPE\" \/>\n<meta property=\"article:publisher\" content=\"https:\/\/www.facebook.com\/blogsrsiape\/?locale=pt_BR\" \/>\n<meta property=\"article:published_time\" content=\"2015-07-01T12:27:52+00:00\" \/>\n<meta property=\"og:image\" content=\"http:\/\/www.blogdosrsiape.net\/wp-content\/uploads\/2015\/07\/maioridade-penal-1024x211.jpg\" \/>\n<meta name=\"author\" content=\"websitemix\" \/>\n<meta name=\"twitter:card\" content=\"summary_large_image\" \/>\n<meta name=\"twitter:label1\" content=\"Escrito por\" \/>\n\t<meta name=\"twitter:data1\" content=\"websitemix\" \/>\n\t<meta name=\"twitter:label2\" content=\"Est. tempo de leitura\" \/>\n\t<meta name=\"twitter:data2\" content=\"4 minutos\" \/>\n<script type=\"application\/ld+json\" class=\"yoast-schema-graph\">{\"@context\":\"https:\/\/schema.org\",\"@graph\":[{\"@type\":\"Article\",\"@id\":\"https:\/\/blogdosrsiape.com\/camara-rejeita-proposta-para-reduzir-a-maioridade-penal\/#article\",\"isPartOf\":{\"@id\":\"https:\/\/blogdosrsiape.com\/camara-rejeita-proposta-para-reduzir-a-maioridade-penal\/\"},\"author\":{\"name\":\"websitemix\",\"@id\":\"https:\/\/blogdosrsiape.com\/#\/schema\/person\/641e1af8b22c69725a1d604fb8959bcf\"},\"headline\":\"C\u00e2mara rejeita proposta para reduzir a maioridade penal\",\"datePublished\":\"2015-07-01T12:27:52+00:00\",\"dateModified\":\"2015-07-01T12:27:52+00:00\",\"mainEntityOfPage\":{\"@id\":\"https:\/\/blogdosrsiape.com\/camara-rejeita-proposta-para-reduzir-a-maioridade-penal\/\"},\"wordCount\":856,\"commentCount\":0,\"publisher\":{\"@id\":\"https:\/\/blogdosrsiape.com\/#organization\"},\"image\":{\"@id\":\"https:\/\/blogdosrsiape.com\/camara-rejeita-proposta-para-reduzir-a-maioridade-penal\/#primaryimage\"},\"thumbnailUrl\":\"http:\/\/www.blogdosrsiape.net\/wp-content\/uploads\/2015\/07\/maioridade-penal-1024x211.jpg\",\"keywords\":[\"C\u00e2mara dos Deputados\",\"Congresso\",\"Constitui\u00e7\u00e3o\",\"crimes hediondos\",\"DF\",\"ECA\",\"Esplanada\",\"PEC\",\"Pol\u00edcia Legislativa\",\"Protestos\",\"reforma pol\u00edtica\",\"STF\",\"UBES\",\"UNE\"],\"articleSection\":[\"Brasil\",\"Maioridade Penal\"],\"inLanguage\":\"pt-BR\",\"potentialAction\":[{\"@type\":\"CommentAction\",\"name\":\"Comment\",\"target\":[\"https:\/\/blogdosrsiape.com\/camara-rejeita-proposta-para-reduzir-a-maioridade-penal\/#respond\"]}]},{\"@type\":\"WebPage\",\"@id\":\"https:\/\/blogdosrsiape.com\/camara-rejeita-proposta-para-reduzir-a-maioridade-penal\/\",\"url\":\"https:\/\/blogdosrsiape.com\/camara-rejeita-proposta-para-reduzir-a-maioridade-penal\/\",\"name\":\"C\u00e2mara rejeita proposta para reduzir a maioridade penal - Blog do Sr. SIAPE\",\"isPartOf\":{\"@id\":\"https:\/\/blogdosrsiape.com\/#website\"},\"primaryImageOfPage\":{\"@id\":\"https:\/\/blogdosrsiape.com\/camara-rejeita-proposta-para-reduzir-a-maioridade-penal\/#primaryimage\"},\"image\":{\"@id\":\"https:\/\/blogdosrsiape.com\/camara-rejeita-proposta-para-reduzir-a-maioridade-penal\/#primaryimage\"},\"thumbnailUrl\":\"http:\/\/www.blogdosrsiape.net\/wp-content\/uploads\/2015\/07\/maioridade-penal-1024x211.jpg\",\"datePublished\":\"2015-07-01T12:27:52+00:00\",\"dateModified\":\"2015-07-01T12:27:52+00:00\",\"breadcrumb\":{\"@id\":\"https:\/\/blogdosrsiape.com\/camara-rejeita-proposta-para-reduzir-a-maioridade-penal\/#breadcrumb\"},\"inLanguage\":\"pt-BR\",\"potentialAction\":[{\"@type\":\"ReadAction\",\"target\":[\"https:\/\/blogdosrsiape.com\/camara-rejeita-proposta-para-reduzir-a-maioridade-penal\/\"]}]},{\"@type\":\"ImageObject\",\"inLanguage\":\"pt-BR\",\"@id\":\"https:\/\/blogdosrsiape.com\/camara-rejeita-proposta-para-reduzir-a-maioridade-penal\/#primaryimage\",\"url\":\"http:\/\/www.blogdosrsiape.net\/wp-content\/uploads\/2015\/07\/maioridade-penal-1024x211.jpg\",\"contentUrl\":\"http:\/\/www.blogdosrsiape.net\/wp-content\/uploads\/2015\/07\/maioridade-penal-1024x211.jpg\"},{\"@type\":\"BreadcrumbList\",\"@id\":\"https:\/\/blogdosrsiape.com\/camara-rejeita-proposta-para-reduzir-a-maioridade-penal\/#breadcrumb\",\"itemListElement\":[{\"@type\":\"ListItem\",\"position\":1,\"name\":\"In\u00edcio\",\"item\":\"https:\/\/blogdosrsiape.com\/\"},{\"@type\":\"ListItem\",\"position\":2,\"name\":\"C\u00e2mara rejeita proposta para reduzir a maioridade penal\"}]},{\"@type\":\"WebSite\",\"@id\":\"https:\/\/blogdosrsiape.com\/#website\",\"url\":\"https:\/\/blogdosrsiape.com\/\",\"name\":\"Blog do sr. SIAPE\",\"description\":\"SIAPE Servidor Federal\",\"publisher\":{\"@id\":\"https:\/\/blogdosrsiape.com\/#organization\"},\"potentialAction\":[{\"@type\":\"SearchAction\",\"target\":{\"@type\":\"EntryPoint\",\"urlTemplate\":\"https:\/\/blogdosrsiape.com\/?s={search_term_string}\"},\"query-input\":{\"@type\":\"PropertyValueSpecification\",\"valueRequired\":true,\"valueName\":\"search_term_string\"}}],\"inLanguage\":\"pt-BR\"},{\"@type\":\"Organization\",\"@id\":\"https:\/\/blogdosrsiape.com\/#organization\",\"name\":\"Blog do sr. SIAPE\",\"url\":\"https:\/\/blogdosrsiape.com\/\",\"logo\":{\"@type\":\"ImageObject\",\"inLanguage\":\"pt-BR\",\"@id\":\"https:\/\/blogdosrsiape.com\/#\/schema\/logo\/image\/\",\"url\":\"https:\/\/11ponto11servidor.com.br\/blogsrsiape\/wp-content\/uploads\/sites\/2\/2024\/10\/logo-1.png\",\"contentUrl\":\"https:\/\/11ponto11servidor.com.br\/blogsrsiape\/wp-content\/uploads\/sites\/2\/2024\/10\/logo-1.png\",\"width\":287,\"height\":116,\"caption\":\"Blog do sr. SIAPE\"},\"image\":{\"@id\":\"https:\/\/blogdosrsiape.com\/#\/schema\/logo\/image\/\"},\"sameAs\":[\"https:\/\/www.facebook.com\/blogsrsiape\/?locale=pt_BR\",\"https:\/\/www.instagram.com\/srsiape\/\"]},{\"@type\":\"Person\",\"@id\":\"https:\/\/blogdosrsiape.com\/#\/schema\/person\/641e1af8b22c69725a1d604fb8959bcf\",\"name\":\"websitemix\",\"sameAs\":[\"https:\/\/11ponto11servidor.com.br\"],\"url\":\"https:\/\/11ponto11servidor.com.br\/blogsrsiape\/author\/websitemix\/\"}]}<\/script>\n<!-- \/ Yoast SEO plugin. -->","yoast_head_json":{"title":"C\u00e2mara rejeita proposta para reduzir a maioridade penal - Blog do Sr. SIAPE","robots":{"index":"index","follow":"follow","max-snippet":"max-snippet:-1","max-image-preview":"max-image-preview:large","max-video-preview":"max-video-preview:-1"},"canonical":"https:\/\/blogdosrsiape.com\/camara-rejeita-proposta-para-reduzir-a-maioridade-penal\/","og_locale":"pt_BR","og_type":"article","og_title":"C\u00e2mara rejeita proposta para reduzir a maioridade penal - Blog do Sr. SIAPE","og_description":"Texto teve 303 votos contr\u00e1rios e 184 a favor em vota\u00e7\u00e3o que durou mais de quatro horas. Nova proposta poder\u00e1 ser votada na pr\u00f3xima semana &nbsp; A C\u00e2mara dos Deputados rejeitou, na madrugada desta quarta-feira (1\u00ba\/7), votar a Proposta de Emenda \u00e0 Constitui\u00e7\u00e3o (PEC) que reduz a maioridade penal para 16 anos. O texto teve...","og_url":"https:\/\/blogdosrsiape.com\/camara-rejeita-proposta-para-reduzir-a-maioridade-penal\/","og_site_name":"Blog do Sr. SIAPE","article_publisher":"https:\/\/www.facebook.com\/blogsrsiape\/?locale=pt_BR","article_published_time":"2015-07-01T12:27:52+00:00","og_image":[{"url":"http:\/\/www.blogdosrsiape.net\/wp-content\/uploads\/2015\/07\/maioridade-penal-1024x211.jpg"}],"author":"websitemix","twitter_card":"summary_large_image","twitter_misc":{"Escrito por":"websitemix","Est. tempo de leitura":"4 minutos"},"schema":{"@context":"https:\/\/schema.org","@graph":[{"@type":"Article","@id":"https:\/\/blogdosrsiape.com\/camara-rejeita-proposta-para-reduzir-a-maioridade-penal\/#article","isPartOf":{"@id":"https:\/\/blogdosrsiape.com\/camara-rejeita-proposta-para-reduzir-a-maioridade-penal\/"},"author":{"name":"websitemix","@id":"https:\/\/blogdosrsiape.com\/#\/schema\/person\/641e1af8b22c69725a1d604fb8959bcf"},"headline":"C\u00e2mara rejeita proposta para reduzir a maioridade penal","datePublished":"2015-07-01T12:27:52+00:00","dateModified":"2015-07-01T12:27:52+00:00","mainEntityOfPage":{"@id":"https:\/\/blogdosrsiape.com\/camara-rejeita-proposta-para-reduzir-a-maioridade-penal\/"},"wordCount":856,"commentCount":0,"publisher":{"@id":"https:\/\/blogdosrsiape.com\/#organization"},"image":{"@id":"https:\/\/blogdosrsiape.com\/camara-rejeita-proposta-para-reduzir-a-maioridade-penal\/#primaryimage"},"thumbnailUrl":"http:\/\/www.blogdosrsiape.net\/wp-content\/uploads\/2015\/07\/maioridade-penal-1024x211.jpg","keywords":["C\u00e2mara dos Deputados","Congresso","Constitui\u00e7\u00e3o","crimes hediondos","DF","ECA","Esplanada","PEC","Pol\u00edcia Legislativa","Protestos","reforma pol\u00edtica","STF","UBES","UNE"],"articleSection":["Brasil","Maioridade Penal"],"inLanguage":"pt-BR","potentialAction":[{"@type":"CommentAction","name":"Comment","target":["https:\/\/blogdosrsiape.com\/camara-rejeita-proposta-para-reduzir-a-maioridade-penal\/#respond"]}]},{"@type":"WebPage","@id":"https:\/\/blogdosrsiape.com\/camara-rejeita-proposta-para-reduzir-a-maioridade-penal\/","url":"https:\/\/blogdosrsiape.com\/camara-rejeita-proposta-para-reduzir-a-maioridade-penal\/","name":"C\u00e2mara rejeita proposta para reduzir a maioridade penal - Blog do Sr. SIAPE","isPartOf":{"@id":"https:\/\/blogdosrsiape.com\/#website"},"primaryImageOfPage":{"@id":"https:\/\/blogdosrsiape.com\/camara-rejeita-proposta-para-reduzir-a-maioridade-penal\/#primaryimage"},"image":{"@id":"https:\/\/blogdosrsiape.com\/camara-rejeita-proposta-para-reduzir-a-maioridade-penal\/#primaryimage"},"thumbnailUrl":"http:\/\/www.blogdosrsiape.net\/wp-content\/uploads\/2015\/07\/maioridade-penal-1024x211.jpg","datePublished":"2015-07-01T12:27:52+00:00","dateModified":"2015-07-01T12:27:52+00:00","breadcrumb":{"@id":"https:\/\/blogdosrsiape.com\/camara-rejeita-proposta-para-reduzir-a-maioridade-penal\/#breadcrumb"},"inLanguage":"pt-BR","potentialAction":[{"@type":"ReadAction","target":["https:\/\/blogdosrsiape.com\/camara-rejeita-proposta-para-reduzir-a-maioridade-penal\/"]}]},{"@type":"ImageObject","inLanguage":"pt-BR","@id":"https:\/\/blogdosrsiape.com\/camara-rejeita-proposta-para-reduzir-a-maioridade-penal\/#primaryimage","url":"http:\/\/www.blogdosrsiape.net\/wp-content\/uploads\/2015\/07\/maioridade-penal-1024x211.jpg","contentUrl":"http:\/\/www.blogdosrsiape.net\/wp-content\/uploads\/2015\/07\/maioridade-penal-1024x211.jpg"},{"@type":"BreadcrumbList","@id":"https:\/\/blogdosrsiape.com\/camara-rejeita-proposta-para-reduzir-a-maioridade-penal\/#breadcrumb","itemListElement":[{"@type":"ListItem","position":1,"name":"In\u00edcio","item":"https:\/\/blogdosrsiape.com\/"},{"@type":"ListItem","position":2,"name":"C\u00e2mara rejeita proposta para reduzir a maioridade penal"}]},{"@type":"WebSite","@id":"https:\/\/blogdosrsiape.com\/#website","url":"https:\/\/blogdosrsiape.com\/","name":"Blog do sr. SIAPE","description":"SIAPE Servidor Federal","publisher":{"@id":"https:\/\/blogdosrsiape.com\/#organization"},"potentialAction":[{"@type":"SearchAction","target":{"@type":"EntryPoint","urlTemplate":"https:\/\/blogdosrsiape.com\/?s={search_term_string}"},"query-input":{"@type":"PropertyValueSpecification","valueRequired":true,"valueName":"search_term_string"}}],"inLanguage":"pt-BR"},{"@type":"Organization","@id":"https:\/\/blogdosrsiape.com\/#organization","name":"Blog do sr. SIAPE","url":"https:\/\/blogdosrsiape.com\/","logo":{"@type":"ImageObject","inLanguage":"pt-BR","@id":"https:\/\/blogdosrsiape.com\/#\/schema\/logo\/image\/","url":"https:\/\/11ponto11servidor.com.br\/blogsrsiape\/wp-content\/uploads\/sites\/2\/2024\/10\/logo-1.png","contentUrl":"https:\/\/11ponto11servidor.com.br\/blogsrsiape\/wp-content\/uploads\/sites\/2\/2024\/10\/logo-1.png","width":287,"height":116,"caption":"Blog do sr. SIAPE"},"image":{"@id":"https:\/\/blogdosrsiape.com\/#\/schema\/logo\/image\/"},"sameAs":["https:\/\/www.facebook.com\/blogsrsiape\/?locale=pt_BR","https:\/\/www.instagram.com\/srsiape\/"]},{"@type":"Person","@id":"https:\/\/blogdosrsiape.com\/#\/schema\/person\/641e1af8b22c69725a1d604fb8959bcf","name":"websitemix","sameAs":["https:\/\/11ponto11servidor.com.br"],"url":"https:\/\/11ponto11servidor.com.br\/blogsrsiape\/author\/websitemix\/"}]}},"_links":{"self":[{"href":"https:\/\/11ponto11servidor.com.br\/blogsrsiape\/wp-json\/wp\/v2\/posts\/770"}],"collection":[{"href":"https:\/\/11ponto11servidor.com.br\/blogsrsiape\/wp-json\/wp\/v2\/posts"}],"about":[{"href":"https:\/\/11ponto11servidor.com.br\/blogsrsiape\/wp-json\/wp\/v2\/types\/post"}],"author":[{"embeddable":true,"href":"https:\/\/11ponto11servidor.com.br\/blogsrsiape\/wp-json\/wp\/v2\/users\/1"}],"replies":[{"embeddable":true,"href":"https:\/\/11ponto11servidor.com.br\/blogsrsiape\/wp-json\/wp\/v2\/comments?post=770"}],"version-history":[{"count":0,"href":"https:\/\/11ponto11servidor.com.br\/blogsrsiape\/wp-json\/wp\/v2\/posts\/770\/revisions"}],"wp:attachment":[{"href":"https:\/\/11ponto11servidor.com.br\/blogsrsiape\/wp-json\/wp\/v2\/media?parent=770"}],"wp:term":[{"taxonomy":"category","embeddable":true,"href":"https:\/\/11ponto11servidor.com.br\/blogsrsiape\/wp-json\/wp\/v2\/categories?post=770"},{"taxonomy":"post_tag","embeddable":true,"href":"https:\/\/11ponto11servidor.com.br\/blogsrsiape\/wp-json\/wp\/v2\/tags?post=770"}],"curies":[{"name":"wp","href":"https:\/\/api.w.org\/{rel}","templated":true}]}}