{"id":7739,"date":"2018-07-26T15:34:48","date_gmt":"2018-07-26T12:34:48","guid":{"rendered":"https:\/\/11ponto11servidor.com.br\/blogsrsiape\/?p=7739"},"modified":"2018-11-30T21:53:40","modified_gmt":"2018-11-30T18:53:40","slug":"servidor-federal-tem-ate-domingo-para-migrar-de-regime-da-previdencia","status":"publish","type":"post","link":"https:\/\/11ponto11servidor.com.br\/blogsrsiape\/servidor-federal-tem-ate-domingo-para-migrar-de-regime-da-previdencia\/","title":{"rendered":"Servidor federal tem at\u00e9 domingo para migrar de regime da Previd\u00eancia"},"content":{"rendered":"<section class=\"l-section wpb_row height_large\"><div class=\"l-section-h i-cf\"><div class=\"g-cols vc_row type_default valign_top\"><div class=\"vc_col-sm-12 wpb_column vc_column_container\"><div class=\"vc_column-inner\"><div class=\"wpb_wrapper\"><div class=\"wpb_text_column\" ><div class=\"wpb_wrapper\"><p>Servidor federal tem at\u00e9 domingo para migrar de regime da Previd\u00eancia &#8211; Servidores federais que desejam migrar do Regime Pr\u00f3prio de Previd\u00eancia Social (RPPS) para o Regime de Previd\u00eancia Complementar (RPC) t\u00eam at\u00e9 este domingo, dia 29 de julho, para fazer essa op\u00e7\u00e3o. Com isso, ter\u00e3o direito a um <a href=\"https:\/\/11ponto11servidor.com.br\/blogsrsiape\/previdencia-social\/3093\/\" target=\"_blank\" rel=\"noopener\">benef\u00edcio<\/a> especial, quando se aposentarem. A migra\u00e7\u00e3o \u00e9 permitida \u00e0queles que ingressaram no servi\u00e7o p\u00fablico federal at\u00e9 4 de fevereiro de 2013 (no caso de funcion\u00e1rio do Executivo) ou at\u00e9 7 de maio de 2013 (quando for integrante do Legislativo).<\/p>\n<p>Com a migra\u00e7\u00e3o, quem foi empossado no servi\u00e7o p\u00fablico federal antes da institui\u00e7\u00e3o do RPC poder\u00e1 aderir \u00e0 Funpresp (funda\u00e7\u00e3o que administra os planos de benef\u00edcios previdenci\u00e1rios complementares para os servidores da Uni\u00e3o), na modalidade \u201cparticipante ativo normal\u201d, em vez de \u201cparticipante ativo alternativo\u201d. Entre os principais benef\u00edcios oferecidos est\u00e1 a contrapartida da Uni\u00e3o, ou seja, para cada R$ 1 que o servidor p\u00fablico federal siape recolhe, o governo federal contribui com mais R$ 1, dobrando, assim, a contribui\u00e7\u00e3o real.<\/p>\n<p><strong>Como \u00e9 feita a migra\u00e7\u00e3o<\/strong><\/p>\n<p>Antes de fazer a migra\u00e7\u00e3o, \u00e9 poss\u00edvel simular o valor do benef\u00edcio especial e esclarecer d\u00favidas no pr\u00f3prio Sigepe, nas \u00e1reas de Recursos Humanos dos \u00f3rg\u00e3os de origem, ou no site\u00a0<a title=\"\" href=\"https:\/\/www.funpresp.com.br\/\" target=\"_blank\" rel=\"noopener\">www.funpresp.com.br\u200b<\/a>.<\/p>\n<p>A troca de regime pode ser feita pelo Sistema de Gest\u00e3o de Pessoas (Sigepe), at\u00e9 as 23h59 de domingo, dia 29, ou diretamente na \u00e1rea de Recursos Humanos do \u00f3rg\u00e3o de lota\u00e7\u00e3o, neste caso at\u00e9 esta sexta-feira, dia 27, por conta do fim de semana. Segundo o Minist\u00e9rio do Planejamento, o pedido feito pela internet ser\u00e1 homologado na segunda-feira seguinte, dia 30.<\/p>\n<p><strong>Quem pode migrar<\/strong><\/p>\n<p><strong>Quem pode optar:<\/strong>\u00a0O servidor p\u00fablico siape que ingressou no Poder Executivo antes de 4 de fevereiro de 2013 ou no Poder Legislativo antes de 7 de maio de 2013. De acordo com a Lei 13.328\/2016, o prazo de op\u00e7\u00e3o para a migra\u00e7\u00e3o \u00e9 24 meses, a contar da data da san\u00e7\u00e3o da lei, em 29 de julho de 2016.<\/p>\n<p><strong>Benef\u00edcio especial:<\/strong>\u00a0O servidor p\u00fablico federal siape que migrar ter\u00e1 direito a um benef\u00edcio especial pago pela Uni\u00e3o ao se aposentar. O valor \u00e9 calculado pela m\u00e9dia das 80 maiores remunera\u00e7\u00f5es no servi\u00e7o p\u00fablico e o tempo de contribui\u00e7\u00e3o at\u00e9 o momento da migra\u00e7\u00e3o.<\/p>\n<p><strong>Como fazer a troca:<\/strong>\u00a0Pode ser feita pelo Sigepe, no menu \u201cOptar por vincula\u00e7\u00e3o ao RPC\u201d. Depois, o servidor ter\u00e1 que imprimir tr\u00eas vias do formul\u00e1rio e entreg\u00e1-las ao setor de Recursos Humanos do \u00f3rg\u00e3o onde trabalha para homologa\u00e7\u00e3o.<\/p>\n<p><strong>A migra\u00e7\u00e3o implica ades\u00e3o autom\u00e1tica \u00e0 Funpresp?<\/strong>\u00a0N\u00e3o. Ap\u00f3s a migra\u00e7\u00e3o, o servidor pode optar ou n\u00e3o pela ades\u00e3o \u00e0 Funpresp, que pode ser feita a qualquer tempo. O dia 29 de julho \u00e9 o prazo final apenas para a migra\u00e7\u00e3o de regime. A ades\u00e3o ao plano de previd\u00eancia da Funpresp \u00e9 facultativa e independe de o servidor migrar ou n\u00e3o. A migra\u00e7\u00e3o agora \u00e9 para garantir o benef\u00edcio especial.<\/p>\n<p><strong>Como fazer a ades\u00e3o \u00e0 Funpresp:<\/strong>\u00a0assim que o setor de Recursos Humanos processar a migra\u00e7\u00e3o para o Regime de Previd\u00eancia Complementar, o servidor poder\u00e1 aderir \u00e0 Funpresp e escolher um plano de benef\u00edcios. No caso, deve acessar o Sigepe, e escolher no menu a op\u00e7\u00e3o RPC\/Aderir. \u00c9 necess\u00e1rio imprimir tr\u00eas vias do formul\u00e1rio de inscri\u00e7\u00e3o e entregar no setor de Recursos Humanos do \u00f3rg\u00e3o para homologa\u00e7\u00e3o.<\/p>\n<p>A ades\u00e3o tamb\u00e9m pode ser feita com os representantes da Funpresp em 11 estados (listados em\u00a0<a title=\"\" href=\"https:\/\/www.funpresp.com.br\/representantes\" target=\"_blank\" rel=\"noopener\">https:\/\/www.funpresp.com.br\/representantes<\/a>). No Rio, h\u00e1 16 representantes. O interessado tamb\u00e9m pode procurar a sede da entidade em Bras\u00edlia (SCN quadra 02 Bloco A, Ed. Corporate Financial Center, 2\u00ba andar).<\/p>\n<p><strong>D\u00favidas:<\/strong>\u00a0Acesse\u00a0<a title=\"\" href=\"https:\/\/www.funpresp.com.br\/\" target=\"_blank\" rel=\"noopener\">www.funpresp.com.br<\/a>\u00a0ou ligue para 0800-282-6794, de segunda a sexta-feira, das 8h \u00e0s 19h. No s\u00e1bado, dia 28, haver\u00e1 um plant\u00e3o de atendimento telef\u00f4nico (0800-282-6794).<\/p>\n<p>Publicado por <a href=\"https:\/\/extra.globo.com\/emprego\/servidor-publico\/servidor-federal-tem-ate-domingo-para-migrar-de-regime-veja-que-funpresp-oferece-22916867.html\">Extra Globo<\/a> em 25 de Julho de 2018<\/p>\n<\/div><\/div><\/div><\/div><\/div><\/div><\/div><\/section>\n","protected":false},"excerpt":{"rendered":"Servidor federal tem at\u00e9 domingo para migrar de regime da Previd\u00eancia &#8211; Servidores federais que desejam migrar do Regime Pr\u00f3prio de Previd\u00eancia Social (RPPS) para o Regime de Previd\u00eancia Complementar (RPC) t\u00eam at\u00e9 este domingo, dia 29 de julho, para fazer essa op\u00e7\u00e3o. Com isso, ter\u00e3o direito a um benef\u00edcio especial, quando se aposentarem. A...","protected":false},"author":1,"featured_media":5907,"comment_status":"open","ping_status":"open","sticky":false,"template":"","format":"standard","meta":{"footnotes":""},"categories":[5,63],"tags":[1864,2152,2519,2158],"class_list":["post-7739","post","type-post","status-publish","format-standard","has-post-thumbnail","hentry","category-aposentadoria","category-previdencia-social","tag-previdencia-social","tag-siape","tag-sigac","tag-sigepe"],"yoast_head":"<!-- This site is optimized with the Yoast SEO plugin v23.6 - https:\/\/yoast.com\/wordpress\/plugins\/seo\/ -->\n<title>Servidor federal tem at\u00e9 domingo para migrar de regime da Previd\u00eancia<\/title>\n<meta name=\"description\" content=\"Regime da previd\u00eancia para alguns servidores ingressantes no servi\u00e7o p\u00fablico ap\u00f3s 2013 poder\u00e1 ser alterado at\u00e9 domingo, dia 29 de julho de 2018.\" \/>\n<meta name=\"robots\" content=\"index, follow, max-snippet:-1, max-image-preview:large, max-video-preview:-1\" \/>\n<link rel=\"canonical\" href=\"https:\/\/11ponto11servidor.com.br\/blogsrsiape\/servidor-federal-tem-ate-domingo-para-migrar-de-regime-da-previdencia\/\" \/>\n<meta property=\"og:locale\" content=\"pt_BR\" \/>\n<meta property=\"og:type\" content=\"article\" \/>\n<meta property=\"og:title\" content=\"Servidor federal tem at\u00e9 domingo para migrar de regime da Previd\u00eancia\" \/>\n<meta property=\"og:description\" content=\"Regime da previd\u00eancia para alguns servidores ingressantes no servi\u00e7o p\u00fablico ap\u00f3s 2013 poder\u00e1 ser alterado at\u00e9 domingo, dia 29 de julho de 2018.\" \/>\n<meta property=\"og:url\" content=\"https:\/\/11ponto11servidor.com.br\/blogsrsiape\/servidor-federal-tem-ate-domingo-para-migrar-de-regime-da-previdencia\/\" \/>\n<meta property=\"og:site_name\" content=\"Blog do Sr. SIAPE\" \/>\n<meta property=\"article:publisher\" content=\"https:\/\/www.facebook.com\/blogsrsiape\/?locale=pt_BR\" \/>\n<meta property=\"article:published_time\" content=\"2018-07-26T12:34:48+00:00\" \/>\n<meta property=\"article:modified_time\" content=\"2018-11-30T18:53:40+00:00\" \/>\n<meta property=\"og:image\" content=\"https:\/\/11ponto11servidor.com.br\/blogsrsiape\/wp-content\/uploads\/sites\/2\/2018\/03\/capa-3.png\" \/>\n\t<meta property=\"og:image:width\" content=\"848\" \/>\n\t<meta property=\"og:image:height\" content=\"370\" \/>\n\t<meta property=\"og:image:type\" content=\"image\/png\" \/>\n<meta name=\"author\" content=\"websitemix\" \/>\n<meta name=\"twitter:card\" content=\"summary_large_image\" \/>\n<meta name=\"twitter:label1\" content=\"Escrito por\" \/>\n\t<meta name=\"twitter:data1\" content=\"websitemix\" \/>\n\t<meta name=\"twitter:label2\" content=\"Est. tempo de leitura\" \/>\n\t<meta name=\"twitter:data2\" content=\"4 minutos\" \/>\n<script type=\"application\/ld+json\" class=\"yoast-schema-graph\">{\"@context\":\"https:\/\/schema.org\",\"@graph\":[{\"@type\":\"Article\",\"@id\":\"https:\/\/11ponto11servidor.com.br\/blogsrsiape\/servidor-federal-tem-ate-domingo-para-migrar-de-regime-da-previdencia\/#article\",\"isPartOf\":{\"@id\":\"https:\/\/11ponto11servidor.com.br\/blogsrsiape\/servidor-federal-tem-ate-domingo-para-migrar-de-regime-da-previdencia\/\"},\"author\":{\"name\":\"websitemix\",\"@id\":\"https:\/\/blogdosrsiape.com\/#\/schema\/person\/641e1af8b22c69725a1d604fb8959bcf\"},\"headline\":\"Servidor federal tem at\u00e9 domingo para migrar de regime da Previd\u00eancia\",\"datePublished\":\"2018-07-26T12:34:48+00:00\",\"dateModified\":\"2018-11-30T18:53:40+00:00\",\"mainEntityOfPage\":{\"@id\":\"https:\/\/11ponto11servidor.com.br\/blogsrsiape\/servidor-federal-tem-ate-domingo-para-migrar-de-regime-da-previdencia\/\"},\"wordCount\":718,\"commentCount\":1,\"publisher\":{\"@id\":\"https:\/\/blogdosrsiape.com\/#organization\"},\"image\":{\"@id\":\"https:\/\/11ponto11servidor.com.br\/blogsrsiape\/servidor-federal-tem-ate-domingo-para-migrar-de-regime-da-previdencia\/#primaryimage\"},\"thumbnailUrl\":\"https:\/\/11ponto11servidor.com.br\/blogsrsiape\/wp-content\/uploads\/sites\/2\/2018\/03\/capa-3.png\",\"keywords\":[\"Previd\u00eancia Social\",\"Siape\",\"SIGAC\",\"SIGEPE\"],\"articleSection\":[\"Aposentadoria\",\"Previd\u00eancia Social\"],\"inLanguage\":\"pt-BR\",\"potentialAction\":[{\"@type\":\"CommentAction\",\"name\":\"Comment\",\"target\":[\"https:\/\/11ponto11servidor.com.br\/blogsrsiape\/servidor-federal-tem-ate-domingo-para-migrar-de-regime-da-previdencia\/#respond\"]}]},{\"@type\":\"WebPage\",\"@id\":\"https:\/\/11ponto11servidor.com.br\/blogsrsiape\/servidor-federal-tem-ate-domingo-para-migrar-de-regime-da-previdencia\/\",\"url\":\"https:\/\/11ponto11servidor.com.br\/blogsrsiape\/servidor-federal-tem-ate-domingo-para-migrar-de-regime-da-previdencia\/\",\"name\":\"Servidor federal tem at\u00e9 domingo para migrar de regime da Previd\u00eancia\",\"isPartOf\":{\"@id\":\"https:\/\/blogdosrsiape.com\/#website\"},\"primaryImageOfPage\":{\"@id\":\"https:\/\/11ponto11servidor.com.br\/blogsrsiape\/servidor-federal-tem-ate-domingo-para-migrar-de-regime-da-previdencia\/#primaryimage\"},\"image\":{\"@id\":\"https:\/\/11ponto11servidor.com.br\/blogsrsiape\/servidor-federal-tem-ate-domingo-para-migrar-de-regime-da-previdencia\/#primaryimage\"},\"thumbnailUrl\":\"https:\/\/11ponto11servidor.com.br\/blogsrsiape\/wp-content\/uploads\/sites\/2\/2018\/03\/capa-3.png\",\"datePublished\":\"2018-07-26T12:34:48+00:00\",\"dateModified\":\"2018-11-30T18:53:40+00:00\",\"description\":\"Regime da previd\u00eancia para alguns servidores ingressantes no servi\u00e7o p\u00fablico ap\u00f3s 2013 poder\u00e1 ser alterado at\u00e9 domingo, dia 29 de julho de 2018.\",\"breadcrumb\":{\"@id\":\"https:\/\/11ponto11servidor.com.br\/blogsrsiape\/servidor-federal-tem-ate-domingo-para-migrar-de-regime-da-previdencia\/#breadcrumb\"},\"inLanguage\":\"pt-BR\",\"potentialAction\":[{\"@type\":\"ReadAction\",\"target\":[\"https:\/\/11ponto11servidor.com.br\/blogsrsiape\/servidor-federal-tem-ate-domingo-para-migrar-de-regime-da-previdencia\/\"]}]},{\"@type\":\"ImageObject\",\"inLanguage\":\"pt-BR\",\"@id\":\"https:\/\/11ponto11servidor.com.br\/blogsrsiape\/servidor-federal-tem-ate-domingo-para-migrar-de-regime-da-previdencia\/#primaryimage\",\"url\":\"https:\/\/11ponto11servidor.com.br\/blogsrsiape\/wp-content\/uploads\/sites\/2\/2018\/03\/capa-3.png\",\"contentUrl\":\"https:\/\/11ponto11servidor.com.br\/blogsrsiape\/wp-content\/uploads\/sites\/2\/2018\/03\/capa-3.png\",\"width\":848,\"height\":370,\"caption\":\"Regime\"},{\"@type\":\"BreadcrumbList\",\"@id\":\"https:\/\/11ponto11servidor.com.br\/blogsrsiape\/servidor-federal-tem-ate-domingo-para-migrar-de-regime-da-previdencia\/#breadcrumb\",\"itemListElement\":[{\"@type\":\"ListItem\",\"position\":1,\"name\":\"In\u00edcio\",\"item\":\"https:\/\/blogdosrsiape.com\/\"},{\"@type\":\"ListItem\",\"position\":2,\"name\":\"Servidor federal tem at\u00e9 domingo para migrar de regime da Previd\u00eancia\"}]},{\"@type\":\"WebSite\",\"@id\":\"https:\/\/blogdosrsiape.com\/#website\",\"url\":\"https:\/\/blogdosrsiape.com\/\",\"name\":\"Blog do sr. SIAPE\",\"description\":\"SIAPE Servidor Federal\",\"publisher\":{\"@id\":\"https:\/\/blogdosrsiape.com\/#organization\"},\"potentialAction\":[{\"@type\":\"SearchAction\",\"target\":{\"@type\":\"EntryPoint\",\"urlTemplate\":\"https:\/\/blogdosrsiape.com\/?s={search_term_string}\"},\"query-input\":{\"@type\":\"PropertyValueSpecification\",\"valueRequired\":true,\"valueName\":\"search_term_string\"}}],\"inLanguage\":\"pt-BR\"},{\"@type\":\"Organization\",\"@id\":\"https:\/\/blogdosrsiape.com\/#organization\",\"name\":\"Blog do sr. SIAPE\",\"url\":\"https:\/\/blogdosrsiape.com\/\",\"logo\":{\"@type\":\"ImageObject\",\"inLanguage\":\"pt-BR\",\"@id\":\"https:\/\/blogdosrsiape.com\/#\/schema\/logo\/image\/\",\"url\":\"https:\/\/11ponto11servidor.com.br\/blogsrsiape\/wp-content\/uploads\/sites\/2\/2024\/10\/logo-1.png\",\"contentUrl\":\"https:\/\/11ponto11servidor.com.br\/blogsrsiape\/wp-content\/uploads\/sites\/2\/2024\/10\/logo-1.png\",\"width\":287,\"height\":116,\"caption\":\"Blog do sr. SIAPE\"},\"image\":{\"@id\":\"https:\/\/blogdosrsiape.com\/#\/schema\/logo\/image\/\"},\"sameAs\":[\"https:\/\/www.facebook.com\/blogsrsiape\/?locale=pt_BR\",\"https:\/\/www.instagram.com\/srsiape\/\"]},{\"@type\":\"Person\",\"@id\":\"https:\/\/blogdosrsiape.com\/#\/schema\/person\/641e1af8b22c69725a1d604fb8959bcf\",\"name\":\"websitemix\",\"sameAs\":[\"https:\/\/11ponto11servidor.com.br\"],\"url\":\"https:\/\/11ponto11servidor.com.br\/blogsrsiape\/author\/websitemix\/\"}]}<\/script>\n<!-- \/ Yoast SEO plugin. -->","yoast_head_json":{"title":"Servidor federal tem at\u00e9 domingo para migrar de regime da Previd\u00eancia","description":"Regime da previd\u00eancia para alguns servidores ingressantes no servi\u00e7o p\u00fablico ap\u00f3s 2013 poder\u00e1 ser alterado at\u00e9 domingo, dia 29 de julho de 2018.","robots":{"index":"index","follow":"follow","max-snippet":"max-snippet:-1","max-image-preview":"max-image-preview:large","max-video-preview":"max-video-preview:-1"},"canonical":"https:\/\/11ponto11servidor.com.br\/blogsrsiape\/servidor-federal-tem-ate-domingo-para-migrar-de-regime-da-previdencia\/","og_locale":"pt_BR","og_type":"article","og_title":"Servidor federal tem at\u00e9 domingo para migrar de regime da Previd\u00eancia","og_description":"Regime da previd\u00eancia para alguns servidores ingressantes no servi\u00e7o p\u00fablico ap\u00f3s 2013 poder\u00e1 ser alterado at\u00e9 domingo, dia 29 de julho de 2018.","og_url":"https:\/\/11ponto11servidor.com.br\/blogsrsiape\/servidor-federal-tem-ate-domingo-para-migrar-de-regime-da-previdencia\/","og_site_name":"Blog do Sr. SIAPE","article_publisher":"https:\/\/www.facebook.com\/blogsrsiape\/?locale=pt_BR","article_published_time":"2018-07-26T12:34:48+00:00","article_modified_time":"2018-11-30T18:53:40+00:00","og_image":[{"width":848,"height":370,"url":"https:\/\/11ponto11servidor.com.br\/blogsrsiape\/wp-content\/uploads\/sites\/2\/2018\/03\/capa-3.png","type":"image\/png"}],"author":"websitemix","twitter_card":"summary_large_image","twitter_misc":{"Escrito por":"websitemix","Est. tempo de leitura":"4 minutos"},"schema":{"@context":"https:\/\/schema.org","@graph":[{"@type":"Article","@id":"https:\/\/11ponto11servidor.com.br\/blogsrsiape\/servidor-federal-tem-ate-domingo-para-migrar-de-regime-da-previdencia\/#article","isPartOf":{"@id":"https:\/\/11ponto11servidor.com.br\/blogsrsiape\/servidor-federal-tem-ate-domingo-para-migrar-de-regime-da-previdencia\/"},"author":{"name":"websitemix","@id":"https:\/\/blogdosrsiape.com\/#\/schema\/person\/641e1af8b22c69725a1d604fb8959bcf"},"headline":"Servidor federal tem at\u00e9 domingo para migrar de regime da Previd\u00eancia","datePublished":"2018-07-26T12:34:48+00:00","dateModified":"2018-11-30T18:53:40+00:00","mainEntityOfPage":{"@id":"https:\/\/11ponto11servidor.com.br\/blogsrsiape\/servidor-federal-tem-ate-domingo-para-migrar-de-regime-da-previdencia\/"},"wordCount":718,"commentCount":1,"publisher":{"@id":"https:\/\/blogdosrsiape.com\/#organization"},"image":{"@id":"https:\/\/11ponto11servidor.com.br\/blogsrsiape\/servidor-federal-tem-ate-domingo-para-migrar-de-regime-da-previdencia\/#primaryimage"},"thumbnailUrl":"https:\/\/11ponto11servidor.com.br\/blogsrsiape\/wp-content\/uploads\/sites\/2\/2018\/03\/capa-3.png","keywords":["Previd\u00eancia Social","Siape","SIGAC","SIGEPE"],"articleSection":["Aposentadoria","Previd\u00eancia Social"],"inLanguage":"pt-BR","potentialAction":[{"@type":"CommentAction","name":"Comment","target":["https:\/\/11ponto11servidor.com.br\/blogsrsiape\/servidor-federal-tem-ate-domingo-para-migrar-de-regime-da-previdencia\/#respond"]}]},{"@type":"WebPage","@id":"https:\/\/11ponto11servidor.com.br\/blogsrsiape\/servidor-federal-tem-ate-domingo-para-migrar-de-regime-da-previdencia\/","url":"https:\/\/11ponto11servidor.com.br\/blogsrsiape\/servidor-federal-tem-ate-domingo-para-migrar-de-regime-da-previdencia\/","name":"Servidor federal tem at\u00e9 domingo para migrar de regime da Previd\u00eancia","isPartOf":{"@id":"https:\/\/blogdosrsiape.com\/#website"},"primaryImageOfPage":{"@id":"https:\/\/11ponto11servidor.com.br\/blogsrsiape\/servidor-federal-tem-ate-domingo-para-migrar-de-regime-da-previdencia\/#primaryimage"},"image":{"@id":"https:\/\/11ponto11servidor.com.br\/blogsrsiape\/servidor-federal-tem-ate-domingo-para-migrar-de-regime-da-previdencia\/#primaryimage"},"thumbnailUrl":"https:\/\/11ponto11servidor.com.br\/blogsrsiape\/wp-content\/uploads\/sites\/2\/2018\/03\/capa-3.png","datePublished":"2018-07-26T12:34:48+00:00","dateModified":"2018-11-30T18:53:40+00:00","description":"Regime da previd\u00eancia para alguns servidores ingressantes no servi\u00e7o p\u00fablico ap\u00f3s 2013 poder\u00e1 ser alterado at\u00e9 domingo, dia 29 de julho de 2018.","breadcrumb":{"@id":"https:\/\/11ponto11servidor.com.br\/blogsrsiape\/servidor-federal-tem-ate-domingo-para-migrar-de-regime-da-previdencia\/#breadcrumb"},"inLanguage":"pt-BR","potentialAction":[{"@type":"ReadAction","target":["https:\/\/11ponto11servidor.com.br\/blogsrsiape\/servidor-federal-tem-ate-domingo-para-migrar-de-regime-da-previdencia\/"]}]},{"@type":"ImageObject","inLanguage":"pt-BR","@id":"https:\/\/11ponto11servidor.com.br\/blogsrsiape\/servidor-federal-tem-ate-domingo-para-migrar-de-regime-da-previdencia\/#primaryimage","url":"https:\/\/11ponto11servidor.com.br\/blogsrsiape\/wp-content\/uploads\/sites\/2\/2018\/03\/capa-3.png","contentUrl":"https:\/\/11ponto11servidor.com.br\/blogsrsiape\/wp-content\/uploads\/sites\/2\/2018\/03\/capa-3.png","width":848,"height":370,"caption":"Regime"},{"@type":"BreadcrumbList","@id":"https:\/\/11ponto11servidor.com.br\/blogsrsiape\/servidor-federal-tem-ate-domingo-para-migrar-de-regime-da-previdencia\/#breadcrumb","itemListElement":[{"@type":"ListItem","position":1,"name":"In\u00edcio","item":"https:\/\/blogdosrsiape.com\/"},{"@type":"ListItem","position":2,"name":"Servidor federal tem at\u00e9 domingo para migrar de regime da Previd\u00eancia"}]},{"@type":"WebSite","@id":"https:\/\/blogdosrsiape.com\/#website","url":"https:\/\/blogdosrsiape.com\/","name":"Blog do sr. SIAPE","description":"SIAPE Servidor Federal","publisher":{"@id":"https:\/\/blogdosrsiape.com\/#organization"},"potentialAction":[{"@type":"SearchAction","target":{"@type":"EntryPoint","urlTemplate":"https:\/\/blogdosrsiape.com\/?s={search_term_string}"},"query-input":{"@type":"PropertyValueSpecification","valueRequired":true,"valueName":"search_term_string"}}],"inLanguage":"pt-BR"},{"@type":"Organization","@id":"https:\/\/blogdosrsiape.com\/#organization","name":"Blog do sr. SIAPE","url":"https:\/\/blogdosrsiape.com\/","logo":{"@type":"ImageObject","inLanguage":"pt-BR","@id":"https:\/\/blogdosrsiape.com\/#\/schema\/logo\/image\/","url":"https:\/\/11ponto11servidor.com.br\/blogsrsiape\/wp-content\/uploads\/sites\/2\/2024\/10\/logo-1.png","contentUrl":"https:\/\/11ponto11servidor.com.br\/blogsrsiape\/wp-content\/uploads\/sites\/2\/2024\/10\/logo-1.png","width":287,"height":116,"caption":"Blog do sr. SIAPE"},"image":{"@id":"https:\/\/blogdosrsiape.com\/#\/schema\/logo\/image\/"},"sameAs":["https:\/\/www.facebook.com\/blogsrsiape\/?locale=pt_BR","https:\/\/www.instagram.com\/srsiape\/"]},{"@type":"Person","@id":"https:\/\/blogdosrsiape.com\/#\/schema\/person\/641e1af8b22c69725a1d604fb8959bcf","name":"websitemix","sameAs":["https:\/\/11ponto11servidor.com.br"],"url":"https:\/\/11ponto11servidor.com.br\/blogsrsiape\/author\/websitemix\/"}]}},"_links":{"self":[{"href":"https:\/\/11ponto11servidor.com.br\/blogsrsiape\/wp-json\/wp\/v2\/posts\/7739"}],"collection":[{"href":"https:\/\/11ponto11servidor.com.br\/blogsrsiape\/wp-json\/wp\/v2\/posts"}],"about":[{"href":"https:\/\/11ponto11servidor.com.br\/blogsrsiape\/wp-json\/wp\/v2\/types\/post"}],"author":[{"embeddable":true,"href":"https:\/\/11ponto11servidor.com.br\/blogsrsiape\/wp-json\/wp\/v2\/users\/1"}],"replies":[{"embeddable":true,"href":"https:\/\/11ponto11servidor.com.br\/blogsrsiape\/wp-json\/wp\/v2\/comments?post=7739"}],"version-history":[{"count":0,"href":"https:\/\/11ponto11servidor.com.br\/blogsrsiape\/wp-json\/wp\/v2\/posts\/7739\/revisions"}],"wp:featuredmedia":[{"embeddable":true,"href":"https:\/\/11ponto11servidor.com.br\/blogsrsiape\/wp-json\/wp\/v2\/media\/5907"}],"wp:attachment":[{"href":"https:\/\/11ponto11servidor.com.br\/blogsrsiape\/wp-json\/wp\/v2\/media?parent=7739"}],"wp:term":[{"taxonomy":"category","embeddable":true,"href":"https:\/\/11ponto11servidor.com.br\/blogsrsiape\/wp-json\/wp\/v2\/categories?post=7739"},{"taxonomy":"post_tag","embeddable":true,"href":"https:\/\/11ponto11servidor.com.br\/blogsrsiape\/wp-json\/wp\/v2\/tags?post=7739"}],"curies":[{"name":"wp","href":"https:\/\/api.w.org\/{rel}","templated":true}]}}