{"id":7974,"date":"2018-09-04T15:16:12","date_gmt":"2018-09-04T12:16:12","guid":{"rendered":"https:\/\/11ponto11servidor.com.br\/blogsrsiape\/?p=7974"},"modified":"2020-01-29T20:05:38","modified_gmt":"2020-01-29T22:05:38","slug":"sai-mp-que-adia-reajuste","status":"publish","type":"post","link":"https:\/\/11ponto11servidor.com.br\/blogsrsiape\/sai-mp-que-adia-reajuste\/","title":{"rendered":"SAI MP QUE ADIA PARA 2020 REAJUSTE DE SERVIDORES FEDERAIS"},"content":{"rendered":"<section class=\"l-section wpb_row height_large\"><div class=\"l-section-h i-cf\"><div class=\"g-cols vc_row type_default valign_top\"><div class=\"vc_col-sm-12 wpb_column vc_column_container\"><div class=\"vc_column-inner\"><div class=\"wpb_wrapper\"><div class=\"wpb_text_column\" ><div class=\"wpb_wrapper\"><p>[responsivevoice_button voice=&#8217;Brazilian Portuguese Female&#8217;]<br \/>\nO Di\u00e1rio Oficial da Uni\u00e3o publicou neste s\u00e1bado (1\u00ba\/9), em edi\u00e7\u00e3o extra, a <strong><a href=\"http:\/\/pesquisa.in.gov.br\/imprensa\/jsp\/visualiza\/index.jsp?data=01\/09\/2018&amp;jornal=601&amp;pagina=1&amp;totalArquivos=58\">Medida Provis\u00f3ria (MP) n\u00ba 849<\/a><\/strong>, que adia para 2020 o reajuste de servidores p\u00fablicos federais siape, at\u00e9 ent\u00e3o programado para o pr\u00f3ximo ano. A decis\u00e3o foi comunicada nesta sexta (31\/8) pelo ministro da Fazenda, Eduardo Guardia, durante apresenta\u00e7\u00e3o do Projeto de Lei Or\u00e7ament\u00e1ria (Ploa) de 2019.<\/p>\n<p>Entre as categorias afetadas pela decis\u00e3o, est\u00e3o as de diplomata, oficial e assistente de chancelaria, do magist\u00e9rio federal, DNIT, Comiss\u00e3o de Valores Mobili\u00e1rios (CVM), Susep, Suframa, Banco Central, perito-m\u00e9dico previdenci\u00e1rio, auditor-fiscal do trabalho, ju\u00edzes mar\u00edtimos, m\u00e9dicos, analistas de infraestrutura, t\u00e9cnico de planejamento, policiais federais, policiais rodovi\u00e1rios federais, carreiras jur\u00eddicas, perito federal agr\u00e1rio, desenvolvimento de pol\u00edticas sociais, gest\u00e3o governamental, al\u00e9m das carreiras tribut\u00e1rias e aduaneiras da Receita Federal.<\/p>\n<p>Tamb\u00e9m foram adiados os reajustes previstos para os cargos em comiss\u00e3o, fun\u00e7\u00f5es gratificadas e em comiss\u00e3o do Poder Executivo.<br \/>\nAo justificar a prorroga\u00e7\u00e3o, Guardia citou a necessidade de ajuste fiscal e disse que o atual panorama do pa\u00eds n\u00e3o comporta o crescimento de gastos p\u00fablicos obrigat\u00f3rios. O aumento deveria estar em vigor desde o ano passado.<br \/>\nAinda de acordo com o ministro, a <strong>previs\u00e3o do reajuste, entretanto, est\u00e1 mantida no Projeto de Lei Or\u00e7ament\u00e1ria<\/strong>, caso a MP que adia o aumento salarial n\u00e3o seja aprovada no Congresso Nacional.<\/p>\n<p>O adiamento do reajuste a servidores p\u00fablicos federais siape dar\u00e1 flexibilidade de R$ 4,7 bilh\u00f5es para o pr\u00f3ximo governo gastar com outras despesas, como investimentos em obras p\u00fablicas e compra de equipamentos. Originalmente, o impacto seria de R$ 6,9 bilh\u00f5es, mas Guardia explicou que parte desse montante \u2013 um total de R$ 2,2 bilh\u00f5es \u2013 n\u00e3o foi regulamentada e perdeu a validade.<\/p>\n<p><strong>Repercuss\u00e3o<\/strong><br \/>\nA decis\u00e3o de adiar o reajuste do funcionalismo pelo per\u00edodo de 12 meses repercutiu negativamente entre institui\u00e7\u00f5es de representantes do funcionalismo p\u00fablico. Logo ap\u00f3s o an\u00fancio feito pela equipe econ\u00f4mica do governo, o F\u00f3rum Nacional Permanente de Carreiras T\u00edpicas de Estado (Fonacate) publicou, em seu endere\u00e7o eletr\u00f4nico, nota assinada pelo presidente da entidade, Rudinei Marques: \u201cOs servidores p\u00fablicos siape t\u00eam sido surpreendidos por medidas unilaterais da administra\u00e7\u00e3o. Se vierem mais medidas arbitr\u00e1rias, s\u00f3 temos uma resposta, que \u00e9 trabalhar contra\u201d, diz o comunicado.<\/p>\n<p>J\u00e1 a Federa\u00e7\u00e3o Nacional dos Trabalhadores do Judici\u00e1rio Federal e Minist\u00e9rio P\u00fablico da Uni\u00e3o (Fenajufe) ficou de apresentar nota com o posicionamento oficial na pr\u00f3xima segunda-feira (3). A Federa\u00e7\u00e3o realiza, em Bras\u00edlia, o Semin\u00e1rio Nacional em Defesa dos Servi\u00e7os P\u00fablicos e, segundo sua assessoria de imprensa, o clima geral no evento \u201c\u00e9 de rep\u00fadio\u201d e que seus participantes j\u00e1 debatem \u201cposs\u00edveis paralisa\u00e7\u00f5es e atos p\u00fablicos contra o recuo do governo\u201d. (Com informa\u00e7\u00f5es da Ag\u00eancia Brasil)<\/p>\n<p>Fonte: <a href=\"https:\/\/www.metropoles.com\/brasil\/servidor-brasil\/sai-mp-que-adia-para-2020-reajuste-de-servidores-federais-confira\">Metr\u00f3pole<\/a> \u2013 Maria Eug\u00eania<\/p>\n<\/div><\/div><div class=\"g-cols wpb_row  us_custom_da65c38a type_default valign_top vc_inner\"><div class=\"vc_col-sm-2 wpb_column vc_column_container\"><div class=\"vc_column-inner us_custom_da65c38a\"><div class=\"wpb_wrapper\">[vc_single_image source=&#8221;external_link&#8221; alignment=&#8221;center&#8221; css_animation=&#8221;bounceIn&#8221; custom_src=&#8221;\/wp-content\/themes\/blogsiape\/img\/icon_notifications_azul1.jpg&#8221;]<\/div><\/div><\/div><div class=\"vc_col-sm-10 wpb_column vc_column_container\"><div class=\"vc_column-inner us_custom_da65c38a\"><div class=\"wpb_wrapper\"><div class=\"wpb_text_column us_custom_da65c38a cor_branca\" ><div class=\"wpb_wrapper\"><h2 class=\"cor_branca\" align=\"left\">Receba as not\u00edcias antes dos demais Assinantes!<\/h2>\n<p class=\"cor_branca\" align=\"left\">Clique para ativar as notifica\u00e7\u00f5es e receba antes de serem publicadas<\/p>\n<\/div><\/div><\/div><\/div><\/div><\/div><\/div><\/div><\/div><\/div><\/div><\/section>\n","protected":false},"excerpt":{"rendered":"<p>Adiamento do Reajuste dos Servidores \u00e9 oficializada pelo governo <\/p>\n","protected":false},"author":1,"featured_media":7977,"comment_status":"open","ping_status":"open","sticky":false,"template":"","format":"standard","meta":{"footnotes":""},"categories":[66],"tags":[4349,4348,4346,4347,1927,2031,2125,2152,2519,2158],"class_list":["post-7974","post","type-post","status-publish","format-standard","has-post-thumbnail","hentry","category-salarios","tag-adiamentosalarioservidor","tag-medidaprovisoria","tag-reajustesalarioservidor","tag-reajusteservidores","tag-reajuste-salarial","tag-salario","tag-servidor-federal","tag-siape","tag-sigac","tag-sigepe"],"yoast_head":"<!-- This site is optimized with the Yoast SEO plugin v23.6 - https:\/\/yoast.com\/wordpress\/plugins\/seo\/ -->\n<title>SAI MP QUE ADIA PARA 2020 REAJUSTE DE SERVIDORES FEDERAIS - Blog do Sr. SIAPE<\/title>\n<meta name=\"description\" content=\"Medida Provis\u00f3ria (MP) n\u00ba 849, que adia para 2020 o aumento de sal\u00e1rio dos servidores p\u00fablicos federais siape programado para o pr\u00f3ximo ano.\" \/>\n<meta name=\"robots\" content=\"index, follow, max-snippet:-1, max-image-preview:large, max-video-preview:-1\" \/>\n<link rel=\"canonical\" href=\"https:\/\/11ponto11servidor.com.br\/blogsrsiape\/sai-mp-que-adia-reajuste\/\" \/>\n<meta property=\"og:locale\" content=\"pt_BR\" \/>\n<meta property=\"og:type\" content=\"article\" \/>\n<meta property=\"og:title\" content=\"SAI MP QUE ADIA PARA 2020 REAJUSTE DE SERVIDORES FEDERAIS - Blog do Sr. SIAPE\" \/>\n<meta property=\"og:description\" content=\"Medida Provis\u00f3ria (MP) n\u00ba 849, que adia para 2020 o aumento de sal\u00e1rio dos servidores p\u00fablicos federais siape programado para o pr\u00f3ximo ano.\" \/>\n<meta property=\"og:url\" content=\"https:\/\/11ponto11servidor.com.br\/blogsrsiape\/sai-mp-que-adia-reajuste\/\" \/>\n<meta property=\"og:site_name\" content=\"Blog do Sr. SIAPE\" \/>\n<meta property=\"article:publisher\" content=\"https:\/\/www.facebook.com\/blogsrsiape\/?locale=pt_BR\" \/>\n<meta property=\"article:published_time\" content=\"2018-09-04T12:16:12+00:00\" \/>\n<meta property=\"article:modified_time\" content=\"2020-01-29T22:05:38+00:00\" \/>\n<meta property=\"og:image\" content=\"https:\/\/11ponto11servidor.com.br\/blogsrsiape\/wp-content\/uploads\/sites\/2\/2018\/09\/homem-assinatura-documento.jpg\" \/>\n\t<meta property=\"og:image:width\" content=\"840\" \/>\n\t<meta property=\"og:image:height\" content=\"380\" \/>\n\t<meta property=\"og:image:type\" content=\"image\/jpeg\" \/>\n<meta name=\"author\" content=\"websitemix\" \/>\n<meta name=\"twitter:card\" content=\"summary_large_image\" \/>\n<meta name=\"twitter:label1\" content=\"Escrito por\" \/>\n\t<meta name=\"twitter:data1\" content=\"websitemix\" \/>\n\t<meta name=\"twitter:label2\" content=\"Est. tempo de leitura\" \/>\n\t<meta name=\"twitter:data2\" content=\"3 minutos\" \/>\n<script type=\"application\/ld+json\" class=\"yoast-schema-graph\">{\"@context\":\"https:\/\/schema.org\",\"@graph\":[{\"@type\":\"Article\",\"@id\":\"https:\/\/11ponto11servidor.com.br\/blogsrsiape\/sai-mp-que-adia-reajuste\/#article\",\"isPartOf\":{\"@id\":\"https:\/\/11ponto11servidor.com.br\/blogsrsiape\/sai-mp-que-adia-reajuste\/\"},\"author\":{\"name\":\"websitemix\",\"@id\":\"https:\/\/blogdosrsiape.com\/#\/schema\/person\/641e1af8b22c69725a1d604fb8959bcf\"},\"headline\":\"SAI MP QUE ADIA PARA 2020 REAJUSTE DE SERVIDORES FEDERAIS\",\"datePublished\":\"2018-09-04T12:16:12+00:00\",\"dateModified\":\"2020-01-29T22:05:38+00:00\",\"mainEntityOfPage\":{\"@id\":\"https:\/\/11ponto11servidor.com.br\/blogsrsiape\/sai-mp-que-adia-reajuste\/\"},\"wordCount\":641,\"commentCount\":0,\"publisher\":{\"@id\":\"https:\/\/blogdosrsiape.com\/#organization\"},\"image\":{\"@id\":\"https:\/\/11ponto11servidor.com.br\/blogsrsiape\/sai-mp-que-adia-reajuste\/#primaryimage\"},\"thumbnailUrl\":\"https:\/\/11ponto11servidor.com.br\/blogsrsiape\/wp-content\/uploads\/sites\/2\/2018\/09\/homem-assinatura-documento.jpg\",\"keywords\":[\"#adiamentosalarioservidor\",\"#medidaprovisoria\",\"#reajustesalarioservidor\",\"#reajusteservidores\",\"Reajuste Salarial\",\"Sal\u00e1rio\",\"Servidor Federal\",\"Siape\",\"SIGAC\",\"SIGEPE\"],\"articleSection\":[\"Sal\u00e1rios\"],\"inLanguage\":\"pt-BR\",\"potentialAction\":[{\"@type\":\"CommentAction\",\"name\":\"Comment\",\"target\":[\"https:\/\/11ponto11servidor.com.br\/blogsrsiape\/sai-mp-que-adia-reajuste\/#respond\"]}]},{\"@type\":\"WebPage\",\"@id\":\"https:\/\/11ponto11servidor.com.br\/blogsrsiape\/sai-mp-que-adia-reajuste\/\",\"url\":\"https:\/\/11ponto11servidor.com.br\/blogsrsiape\/sai-mp-que-adia-reajuste\/\",\"name\":\"SAI MP QUE ADIA PARA 2020 REAJUSTE DE SERVIDORES FEDERAIS - Blog do Sr. SIAPE\",\"isPartOf\":{\"@id\":\"https:\/\/blogdosrsiape.com\/#website\"},\"primaryImageOfPage\":{\"@id\":\"https:\/\/11ponto11servidor.com.br\/blogsrsiape\/sai-mp-que-adia-reajuste\/#primaryimage\"},\"image\":{\"@id\":\"https:\/\/11ponto11servidor.com.br\/blogsrsiape\/sai-mp-que-adia-reajuste\/#primaryimage\"},\"thumbnailUrl\":\"https:\/\/11ponto11servidor.com.br\/blogsrsiape\/wp-content\/uploads\/sites\/2\/2018\/09\/homem-assinatura-documento.jpg\",\"datePublished\":\"2018-09-04T12:16:12+00:00\",\"dateModified\":\"2020-01-29T22:05:38+00:00\",\"description\":\"Medida Provis\u00f3ria (MP) n\u00ba 849, que adia para 2020 o aumento de sal\u00e1rio dos servidores p\u00fablicos federais siape programado para o pr\u00f3ximo ano.\",\"breadcrumb\":{\"@id\":\"https:\/\/11ponto11servidor.com.br\/blogsrsiape\/sai-mp-que-adia-reajuste\/#breadcrumb\"},\"inLanguage\":\"pt-BR\",\"potentialAction\":[{\"@type\":\"ReadAction\",\"target\":[\"https:\/\/11ponto11servidor.com.br\/blogsrsiape\/sai-mp-que-adia-reajuste\/\"]}]},{\"@type\":\"ImageObject\",\"inLanguage\":\"pt-BR\",\"@id\":\"https:\/\/11ponto11servidor.com.br\/blogsrsiape\/sai-mp-que-adia-reajuste\/#primaryimage\",\"url\":\"https:\/\/11ponto11servidor.com.br\/blogsrsiape\/wp-content\/uploads\/sites\/2\/2018\/09\/homem-assinatura-documento.jpg\",\"contentUrl\":\"https:\/\/11ponto11servidor.com.br\/blogsrsiape\/wp-content\/uploads\/sites\/2\/2018\/09\/homem-assinatura-documento.jpg\",\"width\":840,\"height\":380},{\"@type\":\"BreadcrumbList\",\"@id\":\"https:\/\/11ponto11servidor.com.br\/blogsrsiape\/sai-mp-que-adia-reajuste\/#breadcrumb\",\"itemListElement\":[{\"@type\":\"ListItem\",\"position\":1,\"name\":\"In\u00edcio\",\"item\":\"https:\/\/blogdosrsiape.com\/\"},{\"@type\":\"ListItem\",\"position\":2,\"name\":\"SAI MP QUE ADIA PARA 2020 REAJUSTE DE SERVIDORES FEDERAIS\"}]},{\"@type\":\"WebSite\",\"@id\":\"https:\/\/blogdosrsiape.com\/#website\",\"url\":\"https:\/\/blogdosrsiape.com\/\",\"name\":\"Blog do sr. SIAPE\",\"description\":\"SIAPE Servidor Federal\",\"publisher\":{\"@id\":\"https:\/\/blogdosrsiape.com\/#organization\"},\"potentialAction\":[{\"@type\":\"SearchAction\",\"target\":{\"@type\":\"EntryPoint\",\"urlTemplate\":\"https:\/\/blogdosrsiape.com\/?s={search_term_string}\"},\"query-input\":{\"@type\":\"PropertyValueSpecification\",\"valueRequired\":true,\"valueName\":\"search_term_string\"}}],\"inLanguage\":\"pt-BR\"},{\"@type\":\"Organization\",\"@id\":\"https:\/\/blogdosrsiape.com\/#organization\",\"name\":\"Blog do sr. SIAPE\",\"url\":\"https:\/\/blogdosrsiape.com\/\",\"logo\":{\"@type\":\"ImageObject\",\"inLanguage\":\"pt-BR\",\"@id\":\"https:\/\/blogdosrsiape.com\/#\/schema\/logo\/image\/\",\"url\":\"https:\/\/11ponto11servidor.com.br\/blogsrsiape\/wp-content\/uploads\/sites\/2\/2024\/10\/logo-1.png\",\"contentUrl\":\"https:\/\/11ponto11servidor.com.br\/blogsrsiape\/wp-content\/uploads\/sites\/2\/2024\/10\/logo-1.png\",\"width\":287,\"height\":116,\"caption\":\"Blog do sr. SIAPE\"},\"image\":{\"@id\":\"https:\/\/blogdosrsiape.com\/#\/schema\/logo\/image\/\"},\"sameAs\":[\"https:\/\/www.facebook.com\/blogsrsiape\/?locale=pt_BR\",\"https:\/\/www.instagram.com\/srsiape\/\"]},{\"@type\":\"Person\",\"@id\":\"https:\/\/blogdosrsiape.com\/#\/schema\/person\/641e1af8b22c69725a1d604fb8959bcf\",\"name\":\"websitemix\",\"sameAs\":[\"https:\/\/11ponto11servidor.com.br\"],\"url\":\"https:\/\/11ponto11servidor.com.br\/blogsrsiape\/author\/websitemix\/\"}]}<\/script>\n<!-- \/ Yoast SEO plugin. -->","yoast_head_json":{"title":"SAI MP QUE ADIA PARA 2020 REAJUSTE DE SERVIDORES FEDERAIS - Blog do Sr. SIAPE","description":"Medida Provis\u00f3ria (MP) n\u00ba 849, que adia para 2020 o aumento de sal\u00e1rio dos servidores p\u00fablicos federais siape programado para o pr\u00f3ximo ano.","robots":{"index":"index","follow":"follow","max-snippet":"max-snippet:-1","max-image-preview":"max-image-preview:large","max-video-preview":"max-video-preview:-1"},"canonical":"https:\/\/11ponto11servidor.com.br\/blogsrsiape\/sai-mp-que-adia-reajuste\/","og_locale":"pt_BR","og_type":"article","og_title":"SAI MP QUE ADIA PARA 2020 REAJUSTE DE SERVIDORES FEDERAIS - Blog do Sr. SIAPE","og_description":"Medida Provis\u00f3ria (MP) n\u00ba 849, que adia para 2020 o aumento de sal\u00e1rio dos servidores p\u00fablicos federais siape programado para o pr\u00f3ximo ano.","og_url":"https:\/\/11ponto11servidor.com.br\/blogsrsiape\/sai-mp-que-adia-reajuste\/","og_site_name":"Blog do Sr. SIAPE","article_publisher":"https:\/\/www.facebook.com\/blogsrsiape\/?locale=pt_BR","article_published_time":"2018-09-04T12:16:12+00:00","article_modified_time":"2020-01-29T22:05:38+00:00","og_image":[{"width":840,"height":380,"url":"https:\/\/11ponto11servidor.com.br\/blogsrsiape\/wp-content\/uploads\/sites\/2\/2018\/09\/homem-assinatura-documento.jpg","type":"image\/jpeg"}],"author":"websitemix","twitter_card":"summary_large_image","twitter_misc":{"Escrito por":"websitemix","Est. tempo de leitura":"3 minutos"},"schema":{"@context":"https:\/\/schema.org","@graph":[{"@type":"Article","@id":"https:\/\/11ponto11servidor.com.br\/blogsrsiape\/sai-mp-que-adia-reajuste\/#article","isPartOf":{"@id":"https:\/\/11ponto11servidor.com.br\/blogsrsiape\/sai-mp-que-adia-reajuste\/"},"author":{"name":"websitemix","@id":"https:\/\/blogdosrsiape.com\/#\/schema\/person\/641e1af8b22c69725a1d604fb8959bcf"},"headline":"SAI MP QUE ADIA PARA 2020 REAJUSTE DE SERVIDORES FEDERAIS","datePublished":"2018-09-04T12:16:12+00:00","dateModified":"2020-01-29T22:05:38+00:00","mainEntityOfPage":{"@id":"https:\/\/11ponto11servidor.com.br\/blogsrsiape\/sai-mp-que-adia-reajuste\/"},"wordCount":641,"commentCount":0,"publisher":{"@id":"https:\/\/blogdosrsiape.com\/#organization"},"image":{"@id":"https:\/\/11ponto11servidor.com.br\/blogsrsiape\/sai-mp-que-adia-reajuste\/#primaryimage"},"thumbnailUrl":"https:\/\/11ponto11servidor.com.br\/blogsrsiape\/wp-content\/uploads\/sites\/2\/2018\/09\/homem-assinatura-documento.jpg","keywords":["#adiamentosalarioservidor","#medidaprovisoria","#reajustesalarioservidor","#reajusteservidores","Reajuste Salarial","Sal\u00e1rio","Servidor Federal","Siape","SIGAC","SIGEPE"],"articleSection":["Sal\u00e1rios"],"inLanguage":"pt-BR","potentialAction":[{"@type":"CommentAction","name":"Comment","target":["https:\/\/11ponto11servidor.com.br\/blogsrsiape\/sai-mp-que-adia-reajuste\/#respond"]}]},{"@type":"WebPage","@id":"https:\/\/11ponto11servidor.com.br\/blogsrsiape\/sai-mp-que-adia-reajuste\/","url":"https:\/\/11ponto11servidor.com.br\/blogsrsiape\/sai-mp-que-adia-reajuste\/","name":"SAI MP QUE ADIA PARA 2020 REAJUSTE DE SERVIDORES FEDERAIS - Blog do Sr. SIAPE","isPartOf":{"@id":"https:\/\/blogdosrsiape.com\/#website"},"primaryImageOfPage":{"@id":"https:\/\/11ponto11servidor.com.br\/blogsrsiape\/sai-mp-que-adia-reajuste\/#primaryimage"},"image":{"@id":"https:\/\/11ponto11servidor.com.br\/blogsrsiape\/sai-mp-que-adia-reajuste\/#primaryimage"},"thumbnailUrl":"https:\/\/11ponto11servidor.com.br\/blogsrsiape\/wp-content\/uploads\/sites\/2\/2018\/09\/homem-assinatura-documento.jpg","datePublished":"2018-09-04T12:16:12+00:00","dateModified":"2020-01-29T22:05:38+00:00","description":"Medida Provis\u00f3ria (MP) n\u00ba 849, que adia para 2020 o aumento de sal\u00e1rio dos servidores p\u00fablicos federais siape programado para o pr\u00f3ximo ano.","breadcrumb":{"@id":"https:\/\/11ponto11servidor.com.br\/blogsrsiape\/sai-mp-que-adia-reajuste\/#breadcrumb"},"inLanguage":"pt-BR","potentialAction":[{"@type":"ReadAction","target":["https:\/\/11ponto11servidor.com.br\/blogsrsiape\/sai-mp-que-adia-reajuste\/"]}]},{"@type":"ImageObject","inLanguage":"pt-BR","@id":"https:\/\/11ponto11servidor.com.br\/blogsrsiape\/sai-mp-que-adia-reajuste\/#primaryimage","url":"https:\/\/11ponto11servidor.com.br\/blogsrsiape\/wp-content\/uploads\/sites\/2\/2018\/09\/homem-assinatura-documento.jpg","contentUrl":"https:\/\/11ponto11servidor.com.br\/blogsrsiape\/wp-content\/uploads\/sites\/2\/2018\/09\/homem-assinatura-documento.jpg","width":840,"height":380},{"@type":"BreadcrumbList","@id":"https:\/\/11ponto11servidor.com.br\/blogsrsiape\/sai-mp-que-adia-reajuste\/#breadcrumb","itemListElement":[{"@type":"ListItem","position":1,"name":"In\u00edcio","item":"https:\/\/blogdosrsiape.com\/"},{"@type":"ListItem","position":2,"name":"SAI MP QUE ADIA PARA 2020 REAJUSTE DE SERVIDORES FEDERAIS"}]},{"@type":"WebSite","@id":"https:\/\/blogdosrsiape.com\/#website","url":"https:\/\/blogdosrsiape.com\/","name":"Blog do sr. SIAPE","description":"SIAPE Servidor Federal","publisher":{"@id":"https:\/\/blogdosrsiape.com\/#organization"},"potentialAction":[{"@type":"SearchAction","target":{"@type":"EntryPoint","urlTemplate":"https:\/\/blogdosrsiape.com\/?s={search_term_string}"},"query-input":{"@type":"PropertyValueSpecification","valueRequired":true,"valueName":"search_term_string"}}],"inLanguage":"pt-BR"},{"@type":"Organization","@id":"https:\/\/blogdosrsiape.com\/#organization","name":"Blog do sr. SIAPE","url":"https:\/\/blogdosrsiape.com\/","logo":{"@type":"ImageObject","inLanguage":"pt-BR","@id":"https:\/\/blogdosrsiape.com\/#\/schema\/logo\/image\/","url":"https:\/\/11ponto11servidor.com.br\/blogsrsiape\/wp-content\/uploads\/sites\/2\/2024\/10\/logo-1.png","contentUrl":"https:\/\/11ponto11servidor.com.br\/blogsrsiape\/wp-content\/uploads\/sites\/2\/2024\/10\/logo-1.png","width":287,"height":116,"caption":"Blog do sr. SIAPE"},"image":{"@id":"https:\/\/blogdosrsiape.com\/#\/schema\/logo\/image\/"},"sameAs":["https:\/\/www.facebook.com\/blogsrsiape\/?locale=pt_BR","https:\/\/www.instagram.com\/srsiape\/"]},{"@type":"Person","@id":"https:\/\/blogdosrsiape.com\/#\/schema\/person\/641e1af8b22c69725a1d604fb8959bcf","name":"websitemix","sameAs":["https:\/\/11ponto11servidor.com.br"],"url":"https:\/\/11ponto11servidor.com.br\/blogsrsiape\/author\/websitemix\/"}]}},"_links":{"self":[{"href":"https:\/\/11ponto11servidor.com.br\/blogsrsiape\/wp-json\/wp\/v2\/posts\/7974"}],"collection":[{"href":"https:\/\/11ponto11servidor.com.br\/blogsrsiape\/wp-json\/wp\/v2\/posts"}],"about":[{"href":"https:\/\/11ponto11servidor.com.br\/blogsrsiape\/wp-json\/wp\/v2\/types\/post"}],"author":[{"embeddable":true,"href":"https:\/\/11ponto11servidor.com.br\/blogsrsiape\/wp-json\/wp\/v2\/users\/1"}],"replies":[{"embeddable":true,"href":"https:\/\/11ponto11servidor.com.br\/blogsrsiape\/wp-json\/wp\/v2\/comments?post=7974"}],"version-history":[{"count":0,"href":"https:\/\/11ponto11servidor.com.br\/blogsrsiape\/wp-json\/wp\/v2\/posts\/7974\/revisions"}],"wp:featuredmedia":[{"embeddable":true,"href":"https:\/\/11ponto11servidor.com.br\/blogsrsiape\/wp-json\/wp\/v2\/media\/7977"}],"wp:attachment":[{"href":"https:\/\/11ponto11servidor.com.br\/blogsrsiape\/wp-json\/wp\/v2\/media?parent=7974"}],"wp:term":[{"taxonomy":"category","embeddable":true,"href":"https:\/\/11ponto11servidor.com.br\/blogsrsiape\/wp-json\/wp\/v2\/categories?post=7974"},{"taxonomy":"post_tag","embeddable":true,"href":"https:\/\/11ponto11servidor.com.br\/blogsrsiape\/wp-json\/wp\/v2\/tags?post=7974"}],"curies":[{"name":"wp","href":"https:\/\/api.w.org\/{rel}","templated":true}]}}