{"id":8096,"date":"2018-09-27T15:07:28","date_gmt":"2018-09-27T12:07:28","guid":{"rendered":"https:\/\/11ponto11servidor.com.br\/blogsrsiape\/?p=8096"},"modified":"2020-01-29T20:05:43","modified_gmt":"2020-01-29T22:05:43","slug":"prazo-migracao-previdencia-servidores","status":"publish","type":"post","link":"https:\/\/11ponto11servidor.com.br\/blogsrsiape\/prazo-migracao-previdencia-servidores\/","title":{"rendered":"UNI\u00c3O VAI AMPLIAR O PRAZO DE MIGRA\u00c7\u00c3O PARA A PREVID\u00caNCIA COMPLEMENTAR DOS SERVIDORES SIAPE"},"content":{"rendered":"<section class=\"l-section wpb_row height_large\"><div class=\"l-section-h i-cf\"><div class=\"g-cols vc_row type_default valign_top\"><div class=\"vc_col-sm-12 wpb_column vc_column_container\"><div class=\"vc_column-inner\"><div class=\"wpb_wrapper\"><div class=\"wpb_text_column\" ><div class=\"wpb_wrapper\"><div id=\"destaque\" class=\"img-destaque banner-textos\">Publicidade<a href=\"https:\/\/seuseguronoclick.com.br\/\" target=\"_blank\" rel=\"noopener noreferrer\"><img decoding=\"async\" class=\"size-full wp-image-3433\" style=\"max-width: 900px;\" src=\"\/wp-content\/uploads\/2018\/09\/banner-CARRO.gif\" alt=\"Seguro Auto\" width=\"100%\" \/><\/a><\/div>\n<\/div><\/div><\/div><\/div><\/div><\/div><\/div><\/section><section class=\"l-section wpb_row height_large\"><div class=\"l-section-h i-cf\"><div class=\"g-cols vc_row type_default valign_top\"><div class=\"vc_col-sm-12 wpb_column vc_column_container\"><div class=\"vc_column-inner\"><div class=\"wpb_wrapper\"><div class=\"wpb_text_column\" ><div class=\"wpb_wrapper\"><p> O presidente da Rep\u00fablica em exerc\u00edcio, Dias Toffoli, assinou, nesta ter\u00e7a-feira, medida provis\u00f3ria (MP) reabrindo o prazo para que os funcion\u00e1rios p\u00fablicos federais siape dos tr\u00eas poderes (Executivo, Legislativo e Judici\u00e1rio) possam migrar para o Regime de Previd\u00eancia Complementar (RPC), gerido Funpresp. A partir de agora, os interessados t\u00eam at\u00e9 29 de mar\u00e7o de 2019 para aderir.<\/p>\n<p>A data final para a migra\u00e7\u00e3o era 29 de julho \u00faltimo. Por\u00e9m, o governo decidiu estender o prazo por mais seis meses, devido \u00e0 baixa procura. O valor at\u00e9 agora representa 2% do total esperado. A MP ser\u00e1 publicada no Di\u00e1rio Oficial desta quarta-feira.<\/p>\n<p>Segundo o Minist\u00e9rio do Planejamento, o governo federal espera economizar mais de R$ 60 milh\u00f5es entre 2018 e 2020 com a mudan\u00e7a no regime dos servidores.O governo ficou respons\u00e1vel pelo pagamento dos benef\u00edcios at\u00e9 o teto estabelecido para o Regime Geral de Previd\u00eancia Social (RGPS). Assim, os funcion\u00e1rios p\u00fablicos federais siape passaram a receber como teto de aposentadoria o limite m\u00e1ximo pago pelo INSS, de R$ 5.645,80. Para ganhar mais que isso, \u00e9 preciso pagar um adicional. O complemento vem do fundo de pens\u00e3o: para cada R$ 1 colocado pelo servidor no Funpresp, o governo coloca R$ 1.<\/p>\n<p>Podem optar pela migra\u00e7\u00e3o de regime os servidores que entraram na Administra\u00e7\u00e3o P\u00fablica Federal antes de 04 de fevereiro de 2013 (no caso do Poder Executivo) e antes de 07 de maio de 2013 (Poder Legislativo). \u00c9 poss\u00edvel fazer simula\u00e7\u00f5es quanto ao valor do benef\u00edcio especial e tirar outras d\u00favidas no pr\u00f3prio Sigepe, nas \u00e1reas de recursos humanos dos \u00f3rg\u00e3os, ou no site.<\/p>\n<h3>Entenda como fazer a migra\u00e7\u00e3o:<\/h3>\n<p><a href=\"https:\/\/11ponto11servidor.com.br\/blogsrsiape\/aposentadoria\/servidor-federal-tem-ate-domingo-para-migrar-de-regime-da-previdencia\/\">https:\/\/11ponto11servidor.com.br\/blogsrsiape\/aposentadoria\/servidor-federal-tem-ate-domingo-para-migrar-de-regime-da-previdencia<\/a><\/p>\n<p>A MP foi assinada tr\u00eas meses depois de o Supremo Tribunal Federal (STF) negar pedido de liminar que questionava o prazo final de 29 de julho de 2018. Na \u00e9poca da vota\u00e7\u00e3o do STF, Toffoli foi um dos ministros que votaram contra a solicita\u00e7\u00e3o feita pela Associa\u00e7\u00e3o dos Magistrados Brasileiros (AMB) e pela Associa\u00e7\u00e3o Nacional dos Magistrados da Justi\u00e7a do Trabalho (Anamatra), mas argumentou que a quest\u00e3o extrapolaria o limite do Supremo.<\/p>\n<p>Cerca de 12 mil servidores p\u00fablicos federais siape entraram no novo regime. Cerca de 50% deles fizeram a aes\u00e3o na \u00faltima semana do prazo definido anteriormente. No Poder Legislativo, foram realizadas 1.215 ades\u00f5es. J\u00e1 no Poder Judici\u00e1rio e no Minist\u00e9rio P\u00fablico, 3.000 servidores optaram pelo RPC. Os demais s\u00e3o do poder executivo federal.<\/p>\n<p>Fonte: <a href=\"https:\/\/extra.globo.com\/emprego\/servidor-publico\/uniao-vai-ampliar-prazo-de-migracao-para-previdencia-complementar-dos-servidores-23102119.html\">Extra Globo<\/a><\/p>\n<\/div><\/div><div class=\"g-cols wpb_row  us_custom_da65c38a type_default valign_top vc_inner\"><div class=\"vc_col-sm-2 wpb_column vc_column_container\"><div class=\"vc_column-inner us_custom_da65c38a\"><div class=\"wpb_wrapper\">[vc_single_image source=&#8221;external_link&#8221; alignment=&#8221;center&#8221; css_animation=&#8221;bounceIn&#8221; custom_src=&#8221;\/wp-content\/themes\/blogsiape\/img\/icon_notifications_azul1.jpg&#8221;]<\/div><\/div><\/div><div class=\"vc_col-sm-10 wpb_column vc_column_container\"><div class=\"vc_column-inner us_custom_da65c38a\"><div class=\"wpb_wrapper\"><div class=\"wpb_text_column us_custom_da65c38a cor_branca\" ><div class=\"wpb_wrapper\"><h2 class=\"cor_branca\" align=\"left\">Receba as not\u00edcias antes dos demais Assinantes!<\/h2>\n<p class=\"cor_branca\" align=\"left\">Clique para ativar as notifica\u00e7\u00f5es e receba antes de serem publicadas<\/p>\n<\/div><\/div><\/div><\/div><\/div><\/div><\/div><\/div><\/div><\/div><\/div><\/section>\n","protected":false},"excerpt":{"rendered":"<p>Governo amplia prazo de migra\u00e7\u00e3o da previd\u00eancia de servidores p\u00fablicos siape<\/p>\n","protected":false},"author":1,"featured_media":8100,"comment_status":"open","ping_status":"open","sticky":false,"template":"","format":"standard","meta":{"footnotes":""},"categories":[63,74],"tags":[4657,4656,4658,1514,1862,2135,2152,2519,2158],"class_list":["post-8096","post","type-post","status-publish","format-standard","has-post-thumbnail","hentry","category-previdencia-social","category-servidores-publicos-federais","tag-migracaoprevidencia","tag-previdenciacomplementar","tag-regimeprevidenciacomplementar","tag-ministerio-do-planejamento","tag-previdencia","tag-servidores-publicos-federais","tag-siape","tag-sigac","tag-sigepe"],"yoast_head":"<!-- This site is optimized with the Yoast SEO plugin v23.6 - https:\/\/yoast.com\/wordpress\/plugins\/seo\/ -->\n<title>UNI\u00c3O VAI AMPLIAR O PRAZO DE MIGRA\u00c7\u00c3O ... - Blog do Sr Siape<\/title>\n<meta name=\"description\" content=\"Ampliado o prazo para que os funcion\u00e1rios p\u00fablicos federais dos tr\u00eas poderes possam migrar para o Regime de Previd\u00eancia Complementar.\" \/>\n<meta name=\"robots\" content=\"index, follow, max-snippet:-1, max-image-preview:large, max-video-preview:-1\" \/>\n<link rel=\"canonical\" href=\"https:\/\/blogdosrsiape.net\/prazo-migracao-previdencia-servidores\/\" \/>\n<meta property=\"og:locale\" content=\"pt_BR\" \/>\n<meta property=\"og:type\" content=\"article\" \/>\n<meta property=\"og:title\" content=\"UNI\u00c3O VAI AMPLIAR O PRAZO DE MIGRA\u00c7\u00c3O ... - Blog do Sr Siape\" \/>\n<meta property=\"og:description\" content=\"Ampliado o prazo para que os funcion\u00e1rios p\u00fablicos federais dos tr\u00eas poderes possam migrar para o Regime de Previd\u00eancia Complementar.\" \/>\n<meta property=\"og:url\" content=\"https:\/\/blogdosrsiape.net\/prazo-migracao-previdencia-servidores\/\" \/>\n<meta property=\"og:site_name\" content=\"Blog do Sr. SIAPE\" \/>\n<meta property=\"article:publisher\" content=\"https:\/\/www.facebook.com\/blogsrsiape\/?locale=pt_BR\" \/>\n<meta property=\"article:published_time\" content=\"2018-09-27T12:07:28+00:00\" \/>\n<meta property=\"article:modified_time\" content=\"2020-01-29T22:05:43+00:00\" \/>\n<meta property=\"og:image\" content=\"https:\/\/11ponto11servidor.com.br\/blogsrsiape\/wp-content\/uploads\/sites\/2\/2018\/09\/pessoas-sentadas-sala.jpg\" \/>\n\t<meta property=\"og:image:width\" content=\"840\" \/>\n\t<meta property=\"og:image:height\" content=\"380\" \/>\n\t<meta property=\"og:image:type\" content=\"image\/jpeg\" \/>\n<meta name=\"author\" content=\"websitemix\" \/>\n<meta name=\"twitter:card\" content=\"summary_large_image\" \/>\n<meta name=\"twitter:label1\" content=\"Escrito por\" \/>\n\t<meta name=\"twitter:data1\" content=\"websitemix\" \/>\n\t<meta name=\"twitter:label2\" content=\"Est. tempo de leitura\" \/>\n\t<meta name=\"twitter:data2\" content=\"3 minutos\" \/>\n<script type=\"application\/ld+json\" class=\"yoast-schema-graph\">{\"@context\":\"https:\/\/schema.org\",\"@graph\":[{\"@type\":\"Article\",\"@id\":\"https:\/\/blogdosrsiape.net\/prazo-migracao-previdencia-servidores\/#article\",\"isPartOf\":{\"@id\":\"https:\/\/blogdosrsiape.net\/prazo-migracao-previdencia-servidores\/\"},\"author\":{\"name\":\"websitemix\",\"@id\":\"https:\/\/blogdosrsiape.com\/#\/schema\/person\/641e1af8b22c69725a1d604fb8959bcf\"},\"headline\":\"UNI\u00c3O VAI AMPLIAR O PRAZO DE MIGRA\u00c7\u00c3O PARA A PREVID\u00caNCIA COMPLEMENTAR DOS SERVIDORES SIAPE\",\"datePublished\":\"2018-09-27T12:07:28+00:00\",\"dateModified\":\"2020-01-29T22:05:43+00:00\",\"mainEntityOfPage\":{\"@id\":\"https:\/\/blogdosrsiape.net\/prazo-migracao-previdencia-servidores\/\"},\"wordCount\":582,\"commentCount\":0,\"publisher\":{\"@id\":\"https:\/\/blogdosrsiape.com\/#organization\"},\"image\":{\"@id\":\"https:\/\/blogdosrsiape.net\/prazo-migracao-previdencia-servidores\/#primaryimage\"},\"thumbnailUrl\":\"https:\/\/11ponto11servidor.com.br\/blogsrsiape\/wp-content\/uploads\/sites\/2\/2018\/09\/pessoas-sentadas-sala.jpg\",\"keywords\":[\"#migracaoprevidencia\",\"#previdenciacomplementar\",\"#regimeprevidenciacomplementar\",\"Minist\u00e9rio do Planejamento\",\"Previd\u00eancia\",\"SERVIDORES P\u00daBLICOS FEDERAIS\",\"Siape\",\"SIGAC\",\"SIGEPE\"],\"articleSection\":[\"Previd\u00eancia Social\",\"Servidores P\u00fablicos Federais\"],\"inLanguage\":\"pt-BR\",\"potentialAction\":[{\"@type\":\"CommentAction\",\"name\":\"Comment\",\"target\":[\"https:\/\/blogdosrsiape.net\/prazo-migracao-previdencia-servidores\/#respond\"]}]},{\"@type\":\"WebPage\",\"@id\":\"https:\/\/blogdosrsiape.net\/prazo-migracao-previdencia-servidores\/\",\"url\":\"https:\/\/blogdosrsiape.net\/prazo-migracao-previdencia-servidores\/\",\"name\":\"UNI\u00c3O VAI AMPLIAR O PRAZO DE MIGRA\u00c7\u00c3O ... - Blog do Sr Siape\",\"isPartOf\":{\"@id\":\"https:\/\/blogdosrsiape.com\/#website\"},\"primaryImageOfPage\":{\"@id\":\"https:\/\/blogdosrsiape.net\/prazo-migracao-previdencia-servidores\/#primaryimage\"},\"image\":{\"@id\":\"https:\/\/blogdosrsiape.net\/prazo-migracao-previdencia-servidores\/#primaryimage\"},\"thumbnailUrl\":\"https:\/\/11ponto11servidor.com.br\/blogsrsiape\/wp-content\/uploads\/sites\/2\/2018\/09\/pessoas-sentadas-sala.jpg\",\"datePublished\":\"2018-09-27T12:07:28+00:00\",\"dateModified\":\"2020-01-29T22:05:43+00:00\",\"description\":\"Ampliado o prazo para que os funcion\u00e1rios p\u00fablicos federais dos tr\u00eas poderes possam migrar para o Regime de Previd\u00eancia Complementar.\",\"breadcrumb\":{\"@id\":\"https:\/\/blogdosrsiape.net\/prazo-migracao-previdencia-servidores\/#breadcrumb\"},\"inLanguage\":\"pt-BR\",\"potentialAction\":[{\"@type\":\"ReadAction\",\"target\":[\"https:\/\/blogdosrsiape.net\/prazo-migracao-previdencia-servidores\/\"]}]},{\"@type\":\"ImageObject\",\"inLanguage\":\"pt-BR\",\"@id\":\"https:\/\/blogdosrsiape.net\/prazo-migracao-previdencia-servidores\/#primaryimage\",\"url\":\"https:\/\/11ponto11servidor.com.br\/blogsrsiape\/wp-content\/uploads\/sites\/2\/2018\/09\/pessoas-sentadas-sala.jpg\",\"contentUrl\":\"https:\/\/11ponto11servidor.com.br\/blogsrsiape\/wp-content\/uploads\/sites\/2\/2018\/09\/pessoas-sentadas-sala.jpg\",\"width\":840,\"height\":380},{\"@type\":\"BreadcrumbList\",\"@id\":\"https:\/\/blogdosrsiape.net\/prazo-migracao-previdencia-servidores\/#breadcrumb\",\"itemListElement\":[{\"@type\":\"ListItem\",\"position\":1,\"name\":\"In\u00edcio\",\"item\":\"https:\/\/blogdosrsiape.com\/\"},{\"@type\":\"ListItem\",\"position\":2,\"name\":\"UNI\u00c3O VAI AMPLIAR O PRAZO DE MIGRA\u00c7\u00c3O PARA A PREVID\u00caNCIA COMPLEMENTAR DOS SERVIDORES SIAPE\"}]},{\"@type\":\"WebSite\",\"@id\":\"https:\/\/blogdosrsiape.com\/#website\",\"url\":\"https:\/\/blogdosrsiape.com\/\",\"name\":\"Blog do sr. SIAPE\",\"description\":\"SIAPE Servidor Federal\",\"publisher\":{\"@id\":\"https:\/\/blogdosrsiape.com\/#organization\"},\"potentialAction\":[{\"@type\":\"SearchAction\",\"target\":{\"@type\":\"EntryPoint\",\"urlTemplate\":\"https:\/\/blogdosrsiape.com\/?s={search_term_string}\"},\"query-input\":{\"@type\":\"PropertyValueSpecification\",\"valueRequired\":true,\"valueName\":\"search_term_string\"}}],\"inLanguage\":\"pt-BR\"},{\"@type\":\"Organization\",\"@id\":\"https:\/\/blogdosrsiape.com\/#organization\",\"name\":\"Blog do sr. SIAPE\",\"url\":\"https:\/\/blogdosrsiape.com\/\",\"logo\":{\"@type\":\"ImageObject\",\"inLanguage\":\"pt-BR\",\"@id\":\"https:\/\/blogdosrsiape.com\/#\/schema\/logo\/image\/\",\"url\":\"https:\/\/11ponto11servidor.com.br\/blogsrsiape\/wp-content\/uploads\/sites\/2\/2024\/10\/logo-1.png\",\"contentUrl\":\"https:\/\/11ponto11servidor.com.br\/blogsrsiape\/wp-content\/uploads\/sites\/2\/2024\/10\/logo-1.png\",\"width\":287,\"height\":116,\"caption\":\"Blog do sr. SIAPE\"},\"image\":{\"@id\":\"https:\/\/blogdosrsiape.com\/#\/schema\/logo\/image\/\"},\"sameAs\":[\"https:\/\/www.facebook.com\/blogsrsiape\/?locale=pt_BR\",\"https:\/\/www.instagram.com\/srsiape\/\"]},{\"@type\":\"Person\",\"@id\":\"https:\/\/blogdosrsiape.com\/#\/schema\/person\/641e1af8b22c69725a1d604fb8959bcf\",\"name\":\"websitemix\",\"sameAs\":[\"https:\/\/11ponto11servidor.com.br\"],\"url\":\"https:\/\/11ponto11servidor.com.br\/blogsrsiape\/author\/websitemix\/\"}]}<\/script>\n<!-- \/ Yoast SEO plugin. -->","yoast_head_json":{"title":"UNI\u00c3O VAI AMPLIAR O PRAZO DE MIGRA\u00c7\u00c3O ... - Blog do Sr Siape","description":"Ampliado o prazo para que os funcion\u00e1rios p\u00fablicos federais dos tr\u00eas poderes possam migrar para o Regime de Previd\u00eancia Complementar.","robots":{"index":"index","follow":"follow","max-snippet":"max-snippet:-1","max-image-preview":"max-image-preview:large","max-video-preview":"max-video-preview:-1"},"canonical":"https:\/\/blogdosrsiape.net\/prazo-migracao-previdencia-servidores\/","og_locale":"pt_BR","og_type":"article","og_title":"UNI\u00c3O VAI AMPLIAR O PRAZO DE MIGRA\u00c7\u00c3O ... - Blog do Sr Siape","og_description":"Ampliado o prazo para que os funcion\u00e1rios p\u00fablicos federais dos tr\u00eas poderes possam migrar para o Regime de Previd\u00eancia Complementar.","og_url":"https:\/\/blogdosrsiape.net\/prazo-migracao-previdencia-servidores\/","og_site_name":"Blog do Sr. SIAPE","article_publisher":"https:\/\/www.facebook.com\/blogsrsiape\/?locale=pt_BR","article_published_time":"2018-09-27T12:07:28+00:00","article_modified_time":"2020-01-29T22:05:43+00:00","og_image":[{"width":840,"height":380,"url":"https:\/\/11ponto11servidor.com.br\/blogsrsiape\/wp-content\/uploads\/sites\/2\/2018\/09\/pessoas-sentadas-sala.jpg","type":"image\/jpeg"}],"author":"websitemix","twitter_card":"summary_large_image","twitter_misc":{"Escrito por":"websitemix","Est. tempo de leitura":"3 minutos"},"schema":{"@context":"https:\/\/schema.org","@graph":[{"@type":"Article","@id":"https:\/\/blogdosrsiape.net\/prazo-migracao-previdencia-servidores\/#article","isPartOf":{"@id":"https:\/\/blogdosrsiape.net\/prazo-migracao-previdencia-servidores\/"},"author":{"name":"websitemix","@id":"https:\/\/blogdosrsiape.com\/#\/schema\/person\/641e1af8b22c69725a1d604fb8959bcf"},"headline":"UNI\u00c3O VAI AMPLIAR O PRAZO DE MIGRA\u00c7\u00c3O PARA A PREVID\u00caNCIA COMPLEMENTAR DOS SERVIDORES SIAPE","datePublished":"2018-09-27T12:07:28+00:00","dateModified":"2020-01-29T22:05:43+00:00","mainEntityOfPage":{"@id":"https:\/\/blogdosrsiape.net\/prazo-migracao-previdencia-servidores\/"},"wordCount":582,"commentCount":0,"publisher":{"@id":"https:\/\/blogdosrsiape.com\/#organization"},"image":{"@id":"https:\/\/blogdosrsiape.net\/prazo-migracao-previdencia-servidores\/#primaryimage"},"thumbnailUrl":"https:\/\/11ponto11servidor.com.br\/blogsrsiape\/wp-content\/uploads\/sites\/2\/2018\/09\/pessoas-sentadas-sala.jpg","keywords":["#migracaoprevidencia","#previdenciacomplementar","#regimeprevidenciacomplementar","Minist\u00e9rio do Planejamento","Previd\u00eancia","SERVIDORES P\u00daBLICOS FEDERAIS","Siape","SIGAC","SIGEPE"],"articleSection":["Previd\u00eancia Social","Servidores P\u00fablicos Federais"],"inLanguage":"pt-BR","potentialAction":[{"@type":"CommentAction","name":"Comment","target":["https:\/\/blogdosrsiape.net\/prazo-migracao-previdencia-servidores\/#respond"]}]},{"@type":"WebPage","@id":"https:\/\/blogdosrsiape.net\/prazo-migracao-previdencia-servidores\/","url":"https:\/\/blogdosrsiape.net\/prazo-migracao-previdencia-servidores\/","name":"UNI\u00c3O VAI AMPLIAR O PRAZO DE MIGRA\u00c7\u00c3O ... - Blog do Sr Siape","isPartOf":{"@id":"https:\/\/blogdosrsiape.com\/#website"},"primaryImageOfPage":{"@id":"https:\/\/blogdosrsiape.net\/prazo-migracao-previdencia-servidores\/#primaryimage"},"image":{"@id":"https:\/\/blogdosrsiape.net\/prazo-migracao-previdencia-servidores\/#primaryimage"},"thumbnailUrl":"https:\/\/11ponto11servidor.com.br\/blogsrsiape\/wp-content\/uploads\/sites\/2\/2018\/09\/pessoas-sentadas-sala.jpg","datePublished":"2018-09-27T12:07:28+00:00","dateModified":"2020-01-29T22:05:43+00:00","description":"Ampliado o prazo para que os funcion\u00e1rios p\u00fablicos federais dos tr\u00eas poderes possam migrar para o Regime de Previd\u00eancia Complementar.","breadcrumb":{"@id":"https:\/\/blogdosrsiape.net\/prazo-migracao-previdencia-servidores\/#breadcrumb"},"inLanguage":"pt-BR","potentialAction":[{"@type":"ReadAction","target":["https:\/\/blogdosrsiape.net\/prazo-migracao-previdencia-servidores\/"]}]},{"@type":"ImageObject","inLanguage":"pt-BR","@id":"https:\/\/blogdosrsiape.net\/prazo-migracao-previdencia-servidores\/#primaryimage","url":"https:\/\/11ponto11servidor.com.br\/blogsrsiape\/wp-content\/uploads\/sites\/2\/2018\/09\/pessoas-sentadas-sala.jpg","contentUrl":"https:\/\/11ponto11servidor.com.br\/blogsrsiape\/wp-content\/uploads\/sites\/2\/2018\/09\/pessoas-sentadas-sala.jpg","width":840,"height":380},{"@type":"BreadcrumbList","@id":"https:\/\/blogdosrsiape.net\/prazo-migracao-previdencia-servidores\/#breadcrumb","itemListElement":[{"@type":"ListItem","position":1,"name":"In\u00edcio","item":"https:\/\/blogdosrsiape.com\/"},{"@type":"ListItem","position":2,"name":"UNI\u00c3O VAI AMPLIAR O PRAZO DE MIGRA\u00c7\u00c3O PARA A PREVID\u00caNCIA COMPLEMENTAR DOS SERVIDORES SIAPE"}]},{"@type":"WebSite","@id":"https:\/\/blogdosrsiape.com\/#website","url":"https:\/\/blogdosrsiape.com\/","name":"Blog do sr. SIAPE","description":"SIAPE Servidor Federal","publisher":{"@id":"https:\/\/blogdosrsiape.com\/#organization"},"potentialAction":[{"@type":"SearchAction","target":{"@type":"EntryPoint","urlTemplate":"https:\/\/blogdosrsiape.com\/?s={search_term_string}"},"query-input":{"@type":"PropertyValueSpecification","valueRequired":true,"valueName":"search_term_string"}}],"inLanguage":"pt-BR"},{"@type":"Organization","@id":"https:\/\/blogdosrsiape.com\/#organization","name":"Blog do sr. SIAPE","url":"https:\/\/blogdosrsiape.com\/","logo":{"@type":"ImageObject","inLanguage":"pt-BR","@id":"https:\/\/blogdosrsiape.com\/#\/schema\/logo\/image\/","url":"https:\/\/11ponto11servidor.com.br\/blogsrsiape\/wp-content\/uploads\/sites\/2\/2024\/10\/logo-1.png","contentUrl":"https:\/\/11ponto11servidor.com.br\/blogsrsiape\/wp-content\/uploads\/sites\/2\/2024\/10\/logo-1.png","width":287,"height":116,"caption":"Blog do sr. SIAPE"},"image":{"@id":"https:\/\/blogdosrsiape.com\/#\/schema\/logo\/image\/"},"sameAs":["https:\/\/www.facebook.com\/blogsrsiape\/?locale=pt_BR","https:\/\/www.instagram.com\/srsiape\/"]},{"@type":"Person","@id":"https:\/\/blogdosrsiape.com\/#\/schema\/person\/641e1af8b22c69725a1d604fb8959bcf","name":"websitemix","sameAs":["https:\/\/11ponto11servidor.com.br"],"url":"https:\/\/11ponto11servidor.com.br\/blogsrsiape\/author\/websitemix\/"}]}},"_links":{"self":[{"href":"https:\/\/11ponto11servidor.com.br\/blogsrsiape\/wp-json\/wp\/v2\/posts\/8096"}],"collection":[{"href":"https:\/\/11ponto11servidor.com.br\/blogsrsiape\/wp-json\/wp\/v2\/posts"}],"about":[{"href":"https:\/\/11ponto11servidor.com.br\/blogsrsiape\/wp-json\/wp\/v2\/types\/post"}],"author":[{"embeddable":true,"href":"https:\/\/11ponto11servidor.com.br\/blogsrsiape\/wp-json\/wp\/v2\/users\/1"}],"replies":[{"embeddable":true,"href":"https:\/\/11ponto11servidor.com.br\/blogsrsiape\/wp-json\/wp\/v2\/comments?post=8096"}],"version-history":[{"count":0,"href":"https:\/\/11ponto11servidor.com.br\/blogsrsiape\/wp-json\/wp\/v2\/posts\/8096\/revisions"}],"wp:featuredmedia":[{"embeddable":true,"href":"https:\/\/11ponto11servidor.com.br\/blogsrsiape\/wp-json\/wp\/v2\/media\/8100"}],"wp:attachment":[{"href":"https:\/\/11ponto11servidor.com.br\/blogsrsiape\/wp-json\/wp\/v2\/media?parent=8096"}],"wp:term":[{"taxonomy":"category","embeddable":true,"href":"https:\/\/11ponto11servidor.com.br\/blogsrsiape\/wp-json\/wp\/v2\/categories?post=8096"},{"taxonomy":"post_tag","embeddable":true,"href":"https:\/\/11ponto11servidor.com.br\/blogsrsiape\/wp-json\/wp\/v2\/tags?post=8096"}],"curies":[{"name":"wp","href":"https:\/\/api.w.org\/{rel}","templated":true}]}}