{"id":8554,"date":"2018-12-06T14:05:09","date_gmt":"2018-12-06T11:05:09","guid":{"rendered":"https:\/\/11ponto11servidor.com.br\/blogsrsiape\/?p=8554"},"modified":"2020-01-29T20:06:05","modified_gmt":"2020-01-29T22:06:05","slug":"reforma-da-previdencia-do-servidor-preve-aposentadoria-so-apos-os-65","status":"publish","type":"post","link":"https:\/\/11ponto11servidor.com.br\/blogsrsiape\/reforma-da-previdencia-do-servidor-preve-aposentadoria-so-apos-os-65\/","title":{"rendered":"REFORMA DA PREVID\u00caNCIA DO SERVIDOR PREV\u00ca APOSENTADORIA S\u00d3 AP\u00d3S OS 65"},"content":{"rendered":"<section class=\"l-section wpb_row height_large\"><div class=\"l-section-h i-cf\"><div class=\"g-cols vc_row type_default valign_top\"><div class=\"vc_col-sm-12 wpb_column vc_column_container\"><div class=\"vc_column-inner\"><div class=\"wpb_wrapper\"><div class=\"wpb_text_column\" ><div class=\"wpb_wrapper\"><div id=\"destaque\" class=\"img-destaque banner-textos\">Publicidade<a href=\"https:\/\/seuseguronoclick.com.br\/promocao-cotacao-premiada\/#destaque_materia_blog\" target=\"_blank\" rel=\"noopener noreferrer\"><img decoding=\"async\" class=\"size-full wp-image-3433\" style=\"max-width: 900px;\" src=\"\/wp-content\/uploads\/2018\/10\/banner-promocao-cotacao-premiada.jpg\" alt=\"Promo\u00e7\u00e3o Cota\u00e7\u00e3o Premiada\" width=\"100%\" \/><\/a><\/div>\n<\/div><\/div><\/div><\/div><\/div><\/div><\/div><\/section><section class=\"l-section wpb_row height_large\"><div class=\"l-section-h i-cf\"><div class=\"g-cols vc_row type_default valign_top\"><div class=\"vc_col-sm-12 wpb_column vc_column_container\"><div class=\"vc_column-inner\"><div class=\"wpb_wrapper\"><div class=\"wpb_text_column\" ><div class=\"wpb_wrapper\"><h4>\u00a0 \u00a0Segundo reportagem do jornal O Globo, projeto do presidente eleito mudaria regras de aposentadoria do funcionalismo p\u00fablico<\/h4>\n<p>Uma proposta de reforma da Previd\u00eancia da equipe do presidente eleito Jair Bolsonaro que inclui mudan\u00e7as nas regras de aposentadoria para servidores p\u00fablicos est\u00e1 causando uma rea\u00e7\u00e3o entre o funcionalismo. Segundo o plano, ao qual o jornal O Globo teve acesso, funcion\u00e1rios que <strong>ingressaram no servi\u00e7o p\u00fablico ap\u00f3s 2003<\/strong> s\u00f3 poder\u00e3o se aposentar com integralidade (recebendo o \u00faltimo sal\u00e1rio) e paridade (com reajustes id\u00eanticos aos dos funcion\u00e1rios na ativa) <strong>caso atinjam a idade m\u00ednima de 65 anos.<\/strong><\/p>\n<p>A medida j\u00e1 fazia parte do plano de reforma de Michel Temer e, no Congresso, foi um dos temas que sofreram mais resist\u00eancia. De acordo com o jornal, o presidente eleito usar\u00e1 a bandeira de combate aos privil\u00e9gios para conseguir passar a medida.<\/p>\n<p>O rombo do Regime Pr\u00f3prio de Previd\u00eancia dos Servidores da Uni\u00e3o (RPPS) <strong>foi de 86,34 bilh\u00f5es de reais em 2017<\/strong>, uma <strong>alta de 11,9%<\/strong> em rela\u00e7\u00e3o ao ano anterior. Como compara\u00e7\u00e3o, o d\u00e9ficit do INSS, meio pelo qual os trabalhadores da iniciativa privada se aposentam, foi de<strong> 182,45 bilh\u00f5es<\/strong> de reais no ano passado. Pouco mais do que o dobro do d\u00e9ficit do funcionalismo p\u00fablico. Existem pouco mais de 1 milh\u00e3o de <strong>servidores aposentados para 634.000 funcion\u00e1rios p\u00fablicos<\/strong> na ativa. Conforme os servidores se aposentam e n\u00e3o h\u00e1 reposi\u00e7\u00e3o, o rombo previdenci\u00e1rio aumenta mais rapidamente.<\/p>\n<h4><strong>Direito adquirido<\/strong><\/h4>\n<p>Uma das dificuldades em mudar a aposentadoria dos servidores p\u00fablicos \u00e9 que as medidas t\u00eam efeito pr\u00e1tico de muito longo prazo. A maioria das reformas que afetaram o funcionalismo alterava normas apenas para novos ingressantes. A exig\u00eancia da idade m\u00ednima, por exemplo, n\u00e3o impactaria quem est\u00e1 na ativa e que j\u00e1 atingiu os requisitos m\u00ednimos para aposentadoria.<\/p>\n<p>No entanto, com a press\u00e3o que a reforma da Previd\u00eancia deve exercer sobre o funcionalismo, gestores afirmam que uma corrida rumo \u00e0 aposentadoria j\u00e1 est\u00e1 acontecendo.<\/p>\n<\/div><\/div><\/div><\/div><\/div><\/div><\/div><\/section><section class=\"l-section wpb_row height_large\"><div class=\"l-section-h i-cf\"><div class=\"g-cols vc_row type_default valign_top\"><div class=\"vc_col-sm-12 wpb_column vc_column_container\"><div class=\"vc_column-inner\"><div class=\"wpb_wrapper\"><div class=\"wpb_text_column\" ><div class=\"wpb_wrapper\"><div id=\"destaque\" class=\"img-destaque banner-textos\">Publicidade<a href=\"https:\/\/suaviagemnoclick.com.br\/#destaque_materia_blog\" target=\"_blank\" rel=\"noopener noreferrer\"><img decoding=\"async\" class=\"size-full wp-image-3433\" style=\"max-width: 900px;\" src=\"\/wp-content\/uploads\/2018\/11\/viagem-inst.gif\" alt=\"Pacotes de Viagem para Servidor Federal\" width=\"100%\" \/><\/a><\/div>\n<\/div><\/div><\/div><\/div><\/div><\/div><\/div><\/section><section class=\"l-section wpb_row height_large\"><div class=\"l-section-h i-cf\"><div class=\"g-cols vc_row type_default valign_top\"><div class=\"vc_col-sm-12 wpb_column vc_column_container\"><div class=\"vc_column-inner\"><div class=\"wpb_wrapper\"><div class=\"wpb_text_column\" ><div class=\"wpb_wrapper\"><p>A proposta de Bolsonaro prev\u00ea desatrelar as aposentadorias do sal\u00e1rio m\u00ednimo. As atualiza\u00e7\u00f5es est\u00e3o relacionadas \u00e0s estimativas para o \u00cdndice Nacional de <strong>Pre\u00e7os ao Consumidor (INPC) e para o PIB<\/strong>. A mudan\u00e7a permitiria uma corre\u00e7\u00e3o dos benef\u00edcios em ritmo mais lento do que a do sal\u00e1rio m\u00ednimo. Al\u00e9m disso, a altera\u00e7\u00e3o ajudaria a fortalecer o argumento de que a aposentadoria pode ficar abaixo do sal\u00e1rio m\u00ednimo nacional.<\/p>\n<h4><strong>Afogadilho<\/strong><\/h4>\n<p>O ministro extraordin\u00e1rio da transi\u00e7\u00e3o, Onyx Lorenzoni, indicou que a reforma da Previd\u00eancia pode levar um pouco mais de tempo at\u00e9 ser enviada ao Congresso Nacional. Ele reconheceu que o presidente eleito ainda n\u00e3o definiu quais assuntos priorit\u00e1rios ser\u00e3o endere\u00e7ados primeiro quando o novo Congresso assumir, em 1\u00ba de fevereiro de 2019.<\/p>\n<p>Onyx disse que a reforma da Previd\u00eancia, medida mais aguardada pelos investidores e considerada essencial para garantir a sustentabilidade das contas, n\u00e3o ser\u00e1 feita <strong>\u201cno afogadilho\u201d<\/strong> e que ser\u00e1 preciso ter<strong> \u201cpaci\u00eancia\u201d<\/strong>. \u201cPor isso a gente n\u00e3o fala de modelo espec\u00edfico, n\u00e3o fala de prazo, porque tem que ser uma coisa bem constru\u00edda. Temos quatro anos para garantir o futuro dos nossos filhos e netos\u201d, disse.<\/p>\n<p>\u201cN\u00e3o d\u00e1 para ser no afogadilho. Todos que tentaram goela abaixo e no afogadilho se deram mal. Precisa de paci\u00eancia, di\u00e1logo e humildade. (N\u00e3o d\u00e1 para) Dizer \u2018se n\u00e3o fizer, quebra\u2019. Vamos com vagar, mas mudando para as pr\u00f3ximas gera\u00e7\u00f5es\u201d, disse Onyx.<\/p>\n<p>Leia tamb\u00e9m:\u00a0<a href=\"https:\/\/11ponto11servidor.com.br\/blogsrsiape\/geral\/servidores-recebem-segunda-parcela-do-decimo-terceiro\/\"> SERVIDORES RECEBEM SEGUNDA PARCELA DO 13\u00ba NA FOLHA EM NOVEMBRO<\/a><\/p>\n<p>Fonte: <a href=\"https:\/\/veja.abril.com.br\/economia\/proposta-de-bolsonaro-cria-idade-minima-de-65-para-servidores-publicos\/\">Veja<\/a><\/p>\n<\/div><\/div><div class=\"g-cols wpb_row  us_custom_da65c38a type_default valign_top vc_inner\"><div class=\"vc_col-sm-2 wpb_column vc_column_container\"><div class=\"vc_column-inner us_custom_da65c38a\"><div class=\"wpb_wrapper\">[vc_single_image source=&#8221;external_link&#8221; alignment=&#8221;center&#8221; css_animation=&#8221;bounceIn&#8221; custom_src=&#8221;\/wp-content\/themes\/blogsiape\/img\/icon_notifications.jpg&#8221;]<\/div><\/div><\/div><div class=\"vc_col-sm-10 wpb_column vc_column_container\"><div class=\"vc_column-inner us_custom_da65c38a\"><div class=\"wpb_wrapper\"><div class=\"wpb_text_column us_custom_da65c38a cor_preta\" ><div class=\"wpb_wrapper\"><h2 class=\"cor_preta\" align=\"left\">Receba as not\u00edcias antes dos demais Assinantes!<\/h2>\n<p class=\"cor_preta\" align=\"left\">Clique para ativar as notifica\u00e7\u00f5es e receba antes de serem publicadas<\/p>\n<\/div><\/div><\/div><\/div><\/div><\/div><\/div><\/div><\/div><\/div><\/div><\/section>\n","protected":false},"excerpt":{"rendered":"<p>Governo de Bolsonaro prev\u00ea mudan\u00e7as na aposentadoria do servidor p\u00fablico.<\/p>\n","protected":false},"author":1,"featured_media":8555,"comment_status":"open","ping_status":"open","sticky":false,"template":"","format":"standard","meta":{"footnotes":""},"categories":[63],"tags":[5481,835,1862,2126,2152,2519,2158],"class_list":["post-8554","post","type-post","status-publish","format-standard","has-post-thumbnail","hentry","category-previdencia-social","tag-aposentadoria-servidor","tag-economia","tag-previdencia","tag-servidor-publico-federal","tag-siape","tag-sigac","tag-sigepe"],"yoast_head":"<!-- This site is optimized with the Yoast SEO plugin v23.6 - https:\/\/yoast.com\/wordpress\/plugins\/seo\/ -->\n<title>REFORMA DA PREVID\u00caNCIA DO SERVIDOR - BLOG DO SR SIAPE<\/title>\n<meta name=\"description\" content=\"A reforma da Previd\u00eancia da equipe do presidente eleito Jair Bolsonaro inclui mudan\u00e7as nas regras de aposentadoria para servidores p\u00fablicos.\" \/>\n<meta name=\"robots\" content=\"index, follow, max-snippet:-1, max-image-preview:large, max-video-preview:-1\" \/>\n<link rel=\"canonical\" href=\"https:\/\/blogdosrsiape.net\/reforma-da-previdencia-do-servidor-preve-aposentadoria-so-apos-os-65\/\" \/>\n<meta property=\"og:locale\" content=\"pt_BR\" \/>\n<meta property=\"og:type\" content=\"article\" \/>\n<meta property=\"og:title\" content=\"REFORMA DA PREVID\u00caNCIA DO SERVIDOR - BLOG DO SR SIAPE\" \/>\n<meta property=\"og:description\" content=\"A reforma da Previd\u00eancia da equipe do presidente eleito Jair Bolsonaro inclui mudan\u00e7as nas regras de aposentadoria para servidores p\u00fablicos.\" \/>\n<meta property=\"og:url\" content=\"https:\/\/blogdosrsiape.net\/reforma-da-previdencia-do-servidor-preve-aposentadoria-so-apos-os-65\/\" \/>\n<meta property=\"og:site_name\" content=\"Blog do Sr. SIAPE\" \/>\n<meta property=\"article:publisher\" content=\"https:\/\/www.facebook.com\/blogsrsiape\/?locale=pt_BR\" \/>\n<meta property=\"article:published_time\" content=\"2018-12-06T11:05:09+00:00\" \/>\n<meta property=\"article:modified_time\" content=\"2020-01-29T22:06:05+00:00\" \/>\n<meta property=\"og:image\" content=\"https:\/\/11ponto11servidor.com.br\/blogsrsiape\/wp-content\/uploads\/sites\/2\/2018\/12\/aposentadoria.jpg\" \/>\n\t<meta property=\"og:image:width\" content=\"840\" \/>\n\t<meta property=\"og:image:height\" content=\"380\" \/>\n\t<meta property=\"og:image:type\" content=\"image\/jpeg\" \/>\n<meta name=\"author\" content=\"websitemix\" \/>\n<meta name=\"twitter:card\" content=\"summary_large_image\" \/>\n<meta name=\"twitter:label1\" content=\"Escrito por\" \/>\n\t<meta name=\"twitter:data1\" content=\"websitemix\" \/>\n\t<meta name=\"twitter:label2\" content=\"Est. tempo de leitura\" \/>\n\t<meta name=\"twitter:data2\" content=\"4 minutos\" \/>\n<script type=\"application\/ld+json\" class=\"yoast-schema-graph\">{\"@context\":\"https:\/\/schema.org\",\"@graph\":[{\"@type\":\"Article\",\"@id\":\"https:\/\/blogdosrsiape.net\/reforma-da-previdencia-do-servidor-preve-aposentadoria-so-apos-os-65\/#article\",\"isPartOf\":{\"@id\":\"https:\/\/blogdosrsiape.net\/reforma-da-previdencia-do-servidor-preve-aposentadoria-so-apos-os-65\/\"},\"author\":{\"name\":\"websitemix\",\"@id\":\"https:\/\/blogdosrsiape.com\/#\/schema\/person\/641e1af8b22c69725a1d604fb8959bcf\"},\"headline\":\"REFORMA DA PREVID\u00caNCIA DO SERVIDOR PREV\u00ca APOSENTADORIA S\u00d3 AP\u00d3S OS 65\",\"datePublished\":\"2018-12-06T11:05:09+00:00\",\"dateModified\":\"2020-01-29T22:06:05+00:00\",\"mainEntityOfPage\":{\"@id\":\"https:\/\/blogdosrsiape.net\/reforma-da-previdencia-do-servidor-preve-aposentadoria-so-apos-os-65\/\"},\"wordCount\":799,\"commentCount\":0,\"publisher\":{\"@id\":\"https:\/\/blogdosrsiape.com\/#organization\"},\"image\":{\"@id\":\"https:\/\/blogdosrsiape.net\/reforma-da-previdencia-do-servidor-preve-aposentadoria-so-apos-os-65\/#primaryimage\"},\"thumbnailUrl\":\"https:\/\/11ponto11servidor.com.br\/blogsrsiape\/wp-content\/uploads\/sites\/2\/2018\/12\/aposentadoria.jpg\",\"keywords\":[\"aposentadoria servidor\",\"economia\",\"Previd\u00eancia\",\"Servidor P\u00fablico Federal\",\"Siape\",\"SIGAC\",\"SIGEPE\"],\"articleSection\":[\"Previd\u00eancia Social\"],\"inLanguage\":\"pt-BR\",\"potentialAction\":[{\"@type\":\"CommentAction\",\"name\":\"Comment\",\"target\":[\"https:\/\/blogdosrsiape.net\/reforma-da-previdencia-do-servidor-preve-aposentadoria-so-apos-os-65\/#respond\"]}]},{\"@type\":\"WebPage\",\"@id\":\"https:\/\/blogdosrsiape.net\/reforma-da-previdencia-do-servidor-preve-aposentadoria-so-apos-os-65\/\",\"url\":\"https:\/\/blogdosrsiape.net\/reforma-da-previdencia-do-servidor-preve-aposentadoria-so-apos-os-65\/\",\"name\":\"REFORMA DA PREVID\u00caNCIA DO SERVIDOR - BLOG DO SR SIAPE\",\"isPartOf\":{\"@id\":\"https:\/\/blogdosrsiape.com\/#website\"},\"primaryImageOfPage\":{\"@id\":\"https:\/\/blogdosrsiape.net\/reforma-da-previdencia-do-servidor-preve-aposentadoria-so-apos-os-65\/#primaryimage\"},\"image\":{\"@id\":\"https:\/\/blogdosrsiape.net\/reforma-da-previdencia-do-servidor-preve-aposentadoria-so-apos-os-65\/#primaryimage\"},\"thumbnailUrl\":\"https:\/\/11ponto11servidor.com.br\/blogsrsiape\/wp-content\/uploads\/sites\/2\/2018\/12\/aposentadoria.jpg\",\"datePublished\":\"2018-12-06T11:05:09+00:00\",\"dateModified\":\"2020-01-29T22:06:05+00:00\",\"description\":\"A reforma da Previd\u00eancia da equipe do presidente eleito Jair Bolsonaro inclui mudan\u00e7as nas regras de aposentadoria para servidores p\u00fablicos.\",\"breadcrumb\":{\"@id\":\"https:\/\/blogdosrsiape.net\/reforma-da-previdencia-do-servidor-preve-aposentadoria-so-apos-os-65\/#breadcrumb\"},\"inLanguage\":\"pt-BR\",\"potentialAction\":[{\"@type\":\"ReadAction\",\"target\":[\"https:\/\/blogdosrsiape.net\/reforma-da-previdencia-do-servidor-preve-aposentadoria-so-apos-os-65\/\"]}]},{\"@type\":\"ImageObject\",\"inLanguage\":\"pt-BR\",\"@id\":\"https:\/\/blogdosrsiape.net\/reforma-da-previdencia-do-servidor-preve-aposentadoria-so-apos-os-65\/#primaryimage\",\"url\":\"https:\/\/11ponto11servidor.com.br\/blogsrsiape\/wp-content\/uploads\/sites\/2\/2018\/12\/aposentadoria.jpg\",\"contentUrl\":\"https:\/\/11ponto11servidor.com.br\/blogsrsiape\/wp-content\/uploads\/sites\/2\/2018\/12\/aposentadoria.jpg\",\"width\":840,\"height\":380},{\"@type\":\"BreadcrumbList\",\"@id\":\"https:\/\/blogdosrsiape.net\/reforma-da-previdencia-do-servidor-preve-aposentadoria-so-apos-os-65\/#breadcrumb\",\"itemListElement\":[{\"@type\":\"ListItem\",\"position\":1,\"name\":\"In\u00edcio\",\"item\":\"https:\/\/blogdosrsiape.com\/\"},{\"@type\":\"ListItem\",\"position\":2,\"name\":\"REFORMA DA PREVID\u00caNCIA DO SERVIDOR PREV\u00ca APOSENTADORIA S\u00d3 AP\u00d3S OS 65\"}]},{\"@type\":\"WebSite\",\"@id\":\"https:\/\/blogdosrsiape.com\/#website\",\"url\":\"https:\/\/blogdosrsiape.com\/\",\"name\":\"Blog do sr. SIAPE\",\"description\":\"SIAPE Servidor Federal\",\"publisher\":{\"@id\":\"https:\/\/blogdosrsiape.com\/#organization\"},\"potentialAction\":[{\"@type\":\"SearchAction\",\"target\":{\"@type\":\"EntryPoint\",\"urlTemplate\":\"https:\/\/blogdosrsiape.com\/?s={search_term_string}\"},\"query-input\":{\"@type\":\"PropertyValueSpecification\",\"valueRequired\":true,\"valueName\":\"search_term_string\"}}],\"inLanguage\":\"pt-BR\"},{\"@type\":\"Organization\",\"@id\":\"https:\/\/blogdosrsiape.com\/#organization\",\"name\":\"Blog do sr. SIAPE\",\"url\":\"https:\/\/blogdosrsiape.com\/\",\"logo\":{\"@type\":\"ImageObject\",\"inLanguage\":\"pt-BR\",\"@id\":\"https:\/\/blogdosrsiape.com\/#\/schema\/logo\/image\/\",\"url\":\"https:\/\/11ponto11servidor.com.br\/blogsrsiape\/wp-content\/uploads\/sites\/2\/2024\/10\/logo-1.png\",\"contentUrl\":\"https:\/\/11ponto11servidor.com.br\/blogsrsiape\/wp-content\/uploads\/sites\/2\/2024\/10\/logo-1.png\",\"width\":287,\"height\":116,\"caption\":\"Blog do sr. SIAPE\"},\"image\":{\"@id\":\"https:\/\/blogdosrsiape.com\/#\/schema\/logo\/image\/\"},\"sameAs\":[\"https:\/\/www.facebook.com\/blogsrsiape\/?locale=pt_BR\",\"https:\/\/www.instagram.com\/srsiape\/\"]},{\"@type\":\"Person\",\"@id\":\"https:\/\/blogdosrsiape.com\/#\/schema\/person\/641e1af8b22c69725a1d604fb8959bcf\",\"name\":\"websitemix\",\"sameAs\":[\"https:\/\/11ponto11servidor.com.br\"],\"url\":\"https:\/\/11ponto11servidor.com.br\/blogsrsiape\/author\/websitemix\/\"}]}<\/script>\n<!-- \/ Yoast SEO plugin. -->","yoast_head_json":{"title":"REFORMA DA PREVID\u00caNCIA DO SERVIDOR - BLOG DO SR SIAPE","description":"A reforma da Previd\u00eancia da equipe do presidente eleito Jair Bolsonaro inclui mudan\u00e7as nas regras de aposentadoria para servidores p\u00fablicos.","robots":{"index":"index","follow":"follow","max-snippet":"max-snippet:-1","max-image-preview":"max-image-preview:large","max-video-preview":"max-video-preview:-1"},"canonical":"https:\/\/blogdosrsiape.net\/reforma-da-previdencia-do-servidor-preve-aposentadoria-so-apos-os-65\/","og_locale":"pt_BR","og_type":"article","og_title":"REFORMA DA PREVID\u00caNCIA DO SERVIDOR - BLOG DO SR SIAPE","og_description":"A reforma da Previd\u00eancia da equipe do presidente eleito Jair Bolsonaro inclui mudan\u00e7as nas regras de aposentadoria para servidores p\u00fablicos.","og_url":"https:\/\/blogdosrsiape.net\/reforma-da-previdencia-do-servidor-preve-aposentadoria-so-apos-os-65\/","og_site_name":"Blog do Sr. SIAPE","article_publisher":"https:\/\/www.facebook.com\/blogsrsiape\/?locale=pt_BR","article_published_time":"2018-12-06T11:05:09+00:00","article_modified_time":"2020-01-29T22:06:05+00:00","og_image":[{"width":840,"height":380,"url":"https:\/\/11ponto11servidor.com.br\/blogsrsiape\/wp-content\/uploads\/sites\/2\/2018\/12\/aposentadoria.jpg","type":"image\/jpeg"}],"author":"websitemix","twitter_card":"summary_large_image","twitter_misc":{"Escrito por":"websitemix","Est. tempo de leitura":"4 minutos"},"schema":{"@context":"https:\/\/schema.org","@graph":[{"@type":"Article","@id":"https:\/\/blogdosrsiape.net\/reforma-da-previdencia-do-servidor-preve-aposentadoria-so-apos-os-65\/#article","isPartOf":{"@id":"https:\/\/blogdosrsiape.net\/reforma-da-previdencia-do-servidor-preve-aposentadoria-so-apos-os-65\/"},"author":{"name":"websitemix","@id":"https:\/\/blogdosrsiape.com\/#\/schema\/person\/641e1af8b22c69725a1d604fb8959bcf"},"headline":"REFORMA DA PREVID\u00caNCIA DO SERVIDOR PREV\u00ca APOSENTADORIA S\u00d3 AP\u00d3S OS 65","datePublished":"2018-12-06T11:05:09+00:00","dateModified":"2020-01-29T22:06:05+00:00","mainEntityOfPage":{"@id":"https:\/\/blogdosrsiape.net\/reforma-da-previdencia-do-servidor-preve-aposentadoria-so-apos-os-65\/"},"wordCount":799,"commentCount":0,"publisher":{"@id":"https:\/\/blogdosrsiape.com\/#organization"},"image":{"@id":"https:\/\/blogdosrsiape.net\/reforma-da-previdencia-do-servidor-preve-aposentadoria-so-apos-os-65\/#primaryimage"},"thumbnailUrl":"https:\/\/11ponto11servidor.com.br\/blogsrsiape\/wp-content\/uploads\/sites\/2\/2018\/12\/aposentadoria.jpg","keywords":["aposentadoria servidor","economia","Previd\u00eancia","Servidor P\u00fablico Federal","Siape","SIGAC","SIGEPE"],"articleSection":["Previd\u00eancia Social"],"inLanguage":"pt-BR","potentialAction":[{"@type":"CommentAction","name":"Comment","target":["https:\/\/blogdosrsiape.net\/reforma-da-previdencia-do-servidor-preve-aposentadoria-so-apos-os-65\/#respond"]}]},{"@type":"WebPage","@id":"https:\/\/blogdosrsiape.net\/reforma-da-previdencia-do-servidor-preve-aposentadoria-so-apos-os-65\/","url":"https:\/\/blogdosrsiape.net\/reforma-da-previdencia-do-servidor-preve-aposentadoria-so-apos-os-65\/","name":"REFORMA DA PREVID\u00caNCIA DO SERVIDOR - BLOG DO SR SIAPE","isPartOf":{"@id":"https:\/\/blogdosrsiape.com\/#website"},"primaryImageOfPage":{"@id":"https:\/\/blogdosrsiape.net\/reforma-da-previdencia-do-servidor-preve-aposentadoria-so-apos-os-65\/#primaryimage"},"image":{"@id":"https:\/\/blogdosrsiape.net\/reforma-da-previdencia-do-servidor-preve-aposentadoria-so-apos-os-65\/#primaryimage"},"thumbnailUrl":"https:\/\/11ponto11servidor.com.br\/blogsrsiape\/wp-content\/uploads\/sites\/2\/2018\/12\/aposentadoria.jpg","datePublished":"2018-12-06T11:05:09+00:00","dateModified":"2020-01-29T22:06:05+00:00","description":"A reforma da Previd\u00eancia da equipe do presidente eleito Jair Bolsonaro inclui mudan\u00e7as nas regras de aposentadoria para servidores p\u00fablicos.","breadcrumb":{"@id":"https:\/\/blogdosrsiape.net\/reforma-da-previdencia-do-servidor-preve-aposentadoria-so-apos-os-65\/#breadcrumb"},"inLanguage":"pt-BR","potentialAction":[{"@type":"ReadAction","target":["https:\/\/blogdosrsiape.net\/reforma-da-previdencia-do-servidor-preve-aposentadoria-so-apos-os-65\/"]}]},{"@type":"ImageObject","inLanguage":"pt-BR","@id":"https:\/\/blogdosrsiape.net\/reforma-da-previdencia-do-servidor-preve-aposentadoria-so-apos-os-65\/#primaryimage","url":"https:\/\/11ponto11servidor.com.br\/blogsrsiape\/wp-content\/uploads\/sites\/2\/2018\/12\/aposentadoria.jpg","contentUrl":"https:\/\/11ponto11servidor.com.br\/blogsrsiape\/wp-content\/uploads\/sites\/2\/2018\/12\/aposentadoria.jpg","width":840,"height":380},{"@type":"BreadcrumbList","@id":"https:\/\/blogdosrsiape.net\/reforma-da-previdencia-do-servidor-preve-aposentadoria-so-apos-os-65\/#breadcrumb","itemListElement":[{"@type":"ListItem","position":1,"name":"In\u00edcio","item":"https:\/\/blogdosrsiape.com\/"},{"@type":"ListItem","position":2,"name":"REFORMA DA PREVID\u00caNCIA DO SERVIDOR PREV\u00ca APOSENTADORIA S\u00d3 AP\u00d3S OS 65"}]},{"@type":"WebSite","@id":"https:\/\/blogdosrsiape.com\/#website","url":"https:\/\/blogdosrsiape.com\/","name":"Blog do sr. SIAPE","description":"SIAPE Servidor Federal","publisher":{"@id":"https:\/\/blogdosrsiape.com\/#organization"},"potentialAction":[{"@type":"SearchAction","target":{"@type":"EntryPoint","urlTemplate":"https:\/\/blogdosrsiape.com\/?s={search_term_string}"},"query-input":{"@type":"PropertyValueSpecification","valueRequired":true,"valueName":"search_term_string"}}],"inLanguage":"pt-BR"},{"@type":"Organization","@id":"https:\/\/blogdosrsiape.com\/#organization","name":"Blog do sr. SIAPE","url":"https:\/\/blogdosrsiape.com\/","logo":{"@type":"ImageObject","inLanguage":"pt-BR","@id":"https:\/\/blogdosrsiape.com\/#\/schema\/logo\/image\/","url":"https:\/\/11ponto11servidor.com.br\/blogsrsiape\/wp-content\/uploads\/sites\/2\/2024\/10\/logo-1.png","contentUrl":"https:\/\/11ponto11servidor.com.br\/blogsrsiape\/wp-content\/uploads\/sites\/2\/2024\/10\/logo-1.png","width":287,"height":116,"caption":"Blog do sr. SIAPE"},"image":{"@id":"https:\/\/blogdosrsiape.com\/#\/schema\/logo\/image\/"},"sameAs":["https:\/\/www.facebook.com\/blogsrsiape\/?locale=pt_BR","https:\/\/www.instagram.com\/srsiape\/"]},{"@type":"Person","@id":"https:\/\/blogdosrsiape.com\/#\/schema\/person\/641e1af8b22c69725a1d604fb8959bcf","name":"websitemix","sameAs":["https:\/\/11ponto11servidor.com.br"],"url":"https:\/\/11ponto11servidor.com.br\/blogsrsiape\/author\/websitemix\/"}]}},"_links":{"self":[{"href":"https:\/\/11ponto11servidor.com.br\/blogsrsiape\/wp-json\/wp\/v2\/posts\/8554"}],"collection":[{"href":"https:\/\/11ponto11servidor.com.br\/blogsrsiape\/wp-json\/wp\/v2\/posts"}],"about":[{"href":"https:\/\/11ponto11servidor.com.br\/blogsrsiape\/wp-json\/wp\/v2\/types\/post"}],"author":[{"embeddable":true,"href":"https:\/\/11ponto11servidor.com.br\/blogsrsiape\/wp-json\/wp\/v2\/users\/1"}],"replies":[{"embeddable":true,"href":"https:\/\/11ponto11servidor.com.br\/blogsrsiape\/wp-json\/wp\/v2\/comments?post=8554"}],"version-history":[{"count":0,"href":"https:\/\/11ponto11servidor.com.br\/blogsrsiape\/wp-json\/wp\/v2\/posts\/8554\/revisions"}],"wp:featuredmedia":[{"embeddable":true,"href":"https:\/\/11ponto11servidor.com.br\/blogsrsiape\/wp-json\/wp\/v2\/media\/8555"}],"wp:attachment":[{"href":"https:\/\/11ponto11servidor.com.br\/blogsrsiape\/wp-json\/wp\/v2\/media?parent=8554"}],"wp:term":[{"taxonomy":"category","embeddable":true,"href":"https:\/\/11ponto11servidor.com.br\/blogsrsiape\/wp-json\/wp\/v2\/categories?post=8554"},{"taxonomy":"post_tag","embeddable":true,"href":"https:\/\/11ponto11servidor.com.br\/blogsrsiape\/wp-json\/wp\/v2\/tags?post=8554"}],"curies":[{"name":"wp","href":"https:\/\/api.w.org\/{rel}","templated":true}]}}